{"id":102473,"date":"2024-12-29T03:00:00","date_gmt":"2024-12-29T11:00:00","guid":{"rendered":"https:\/\/orato.world\/?p=102473"},"modified":"2024-12-29T18:22:27","modified_gmt":"2024-12-30T02:22:27","slug":"un-medico-reflexiona-sobre-las-penurias-de-la-residencia-y-se-pronuncia-tras-el-tragico-suicidio-de-un-medico-mas-joven-en-colombia","status":"publish","type":"post","link":"https:\/\/orato.world\/es\/2024\/12\/29\/un-medico-reflexiona-sobre-las-penurias-de-la-residencia-y-se-pronuncia-tras-el-tragico-suicidio-de-un-medico-mas-joven-en-colombia\/","title":{"rendered":"Un m\u00e9dico reflexiona sobre las penurias de la residencia y se pronuncia tras el tr\u00e1gico suicidio de un m\u00e9dico m\u00e1s joven en Colombia"},"content":{"rendered":"<div class=\"lets-info-up-wrap  lets-info-up--right lets-info-up--m-1 lets-info-up-skin-1 lets-info-up--side\">\t\t\t<div class=\"lets-info-up\">\r\n\t\t\t<div class=\"lets-info-up-fi\"><img loading=\"lazy\" decoding=\"async\" width=\"500\" height=\"500\" src=\"https:\/\/orato.world\/wp-content\/uploads\/Carlos-Jaramillo-500x500.png\" class=\"attachment-lets-info-up-d1 size-lets-info-up-d1\" alt=\"Carlos Jaramillo\" srcset=\"https:\/\/orato.world\/wp-content\/uploads\/Carlos-Jaramillo-500x500.png 500w, https:\/\/orato.world\/wp-content\/uploads\/Carlos-Jaramillo-300x300.png 300w, https:\/\/orato.world\/wp-content\/uploads\/Carlos-Jaramillo-1024x1024.png 1024w, https:\/\/orato.world\/wp-content\/uploads\/Carlos-Jaramillo-100x100.png 100w, https:\/\/orato.world\/wp-content\/uploads\/Carlos-Jaramillo-770x770.png 770w, https:\/\/orato.world\/wp-content\/uploads\/Carlos-Jaramillo-400x400.png 400w, https:\/\/orato.world\/wp-content\/uploads\/Carlos-Jaramillo-150x150.png 150w, https:\/\/orato.world\/wp-content\/uploads\/Carlos-Jaramillo-70x70.png 70w, https:\/\/orato.world\/wp-content\/uploads\/Carlos-Jaramillo-293x293.png 293w, https:\/\/orato.world\/wp-content\/uploads\/Carlos-Jaramillo-600x600.png 600w, https:\/\/orato.world\/wp-content\/uploads\/Carlos-Jaramillo.png 1080w\" sizes=\"auto, (max-width: 500px) 100vw, 500px\" \/><\/div>\t\t\t<div class=\"lets-info-up-block-wrap\">\r\n\t\t\t\t<div class=\"lets-info-up-block lets-info-up-meta-block\"><div class=\"lets-info-up-meta-title lets-info-up-pretitle font-h\">Notas del periodista<\/div><\/div><div class=\"lets-info-up-block lets-info-up-meta-block\"><div class=\"lets-info-up-meta-title lets-info-up-pretitle font-h\">Protagonista<\/div><div class=\"lets-info-up-meta-content lets-info-up-title font-b\">Carlos Jaramillo, m\u00e9dico especializado en medicina funcional y nutrici\u00f3n cl\u00ednica, aboga por el cuidado hol\u00edstico de la salud y el bienestar mental en la profesi\u00f3n m\u00e9dica. Su trabajo integra la prevenci\u00f3n, la gesti\u00f3n de enfermedades y la investigaci\u00f3n sobre bioqu\u00edmica nutricional, y comparte sus conocimientos a nivel mundial como conferenciante internacional. <\/div><\/div><div class=\"lets-info-up-block lets-info-up-meta-block\"><div class=\"lets-info-up-meta-title lets-info-up-pretitle font-h\">Contexto<\/div><div class=\"lets-info-up-meta-content lets-info-up-title font-b\">La presi\u00f3n en las carreras universitarias y los puestos de trabajo, sobre todo en el <a href=\"https:\/\/health.clevelandclinic.org\/work-policies-condition-and-mental-health\">campo de la medicina,<\/a> repercute significativamente en la salud mental y la calidad de vida. Las exigencias de un alto rendimiento, las largas jornadas laborales y la competencia constante contribuyen al estr\u00e9s, la ansiedad y el agotamiento, especialmente entre los estudiantes y profesionales de la medicina. Estos retos se ven agravados por la carga emocional que supone enfrentarse al sufrimiento y la muerte de los pacientes, lo que aumenta el riesgo de trastornos mentales como la depresi\u00f3n. Adem\u00e1s, la falta de conciliaci\u00f3n de la vida laboral y familiar, la falta de apoyo institucional y el reconocimiento insuficiente agravan a\u00fan m\u00e1s el problema, lo que lleva a muchos a abandonar la profesi\u00f3n o a enfrentarse a graves problemas de salud mental y f\u00edsica. Las reformas estructurales de la formaci\u00f3n m\u00e9dica y las pol\u00edticas laborales son esenciales para proteger el bienestar de las personas y garantizar una asistencia compasiva y eficaz.    <\/div><\/div>\t\t\t<\/div>\r\n\t\t\t<\/div>\r\n\t\t<\/div>\r\n\t\t\n<p>MEDELL\u00cdN, Colombia &#8211; Empezar la carrera de medicina fue como entrar en una pel\u00edcula de aventuras. Mis compa\u00f1eros y yo pas\u00e1bamos incontables noches en la biblioteca, con su luz amarilla proyectando largas sombras sobre las gastadas hojas de anatom\u00eda. El aire desprend\u00eda el aroma del caf\u00e9 fr\u00edo y el sonido de las p\u00e1ginas al pasar llenaba el silencio mientras desentra\u00f1\u00e1bamos juntos los misterios del cuerpo humano.  <\/p>\n\n<p>A\u00fan recuerdo mi primer encuentro con un paciente real. Me temblaban las manos, pero el momento me pareci\u00f3 euf\u00f3rico: la confirmaci\u00f3n surrealista de haber cumplido un sue\u00f1o. Bajo el hechizo de mi fascinaci\u00f3n por la precisi\u00f3n de la ciencia y el milagro cotidiano de devolver la esperanza a los dem\u00e1s, todo parec\u00eda perfecto. Sin embargo, empec\u00e9 a darme cuenta de que mi deseo de convertirme en m\u00e9dico pod\u00eda haberme cegado, creando una ilusi\u00f3n de perfecci\u00f3n que en realidad no exist\u00eda.   <\/p>\n\n<p><em><strong><a href=\"https:\/\/orato.world\/category\/health\/\">Lea m\u00e1s historias sobre salud en Orato World Media.<\/a><\/strong><\/em><\/p>\n\n<h2 class=\"wp-block-heading\" id=\"h-my-residency-facing-exhaustion-humiliation-and-losing-myself-in-the-process\"><strong>Mi residencia: afrontar el agotamiento, la humillaci\u00f3n y perderme en el proceso<\/strong><\/h2>\n\n<p>El cap\u00edtulo m\u00e1s significativo de mi vida comenz\u00f3 con mi residencia, rebosante de expectativas y con paso decidido. Sin embargo, la realidad se desencaden\u00f3 en una narrativa totalmente diferente. Bajo la pulida fachada del hospital se escond\u00eda un campo de batalla, con sus pasillos sumidos en un silencio sofocante s\u00f3lo roto por los gritos apagados de los pacientes. Fragmentos de nuestra humanidad se erosionaban a diario mientras soport\u00e1bamos noches en vela, falta de alimentaci\u00f3n y humillaciones disfrazadas de ense\u00f1anzas.   <\/p>\n\n<p>El agotamiento nos consum\u00eda, dejando irreconocibles los reflejos en el espejo del ba\u00f1o. El mundo se difuminaba a nuestro alrededor; los pacientes y los colegas se volv\u00edan indistinguibles. Una noche, un colega se desplom\u00f3 en mitad de la operaci\u00f3n, con la cara p\u00e1lida como una s\u00e1bana. Tuvimos que seguir como si nada. El hospital se transform\u00f3 en un campo de concentraci\u00f3n emocional, despoj\u00e1ndonos de nosotros mismos poco a poco.    <\/p>\n\n<p>Los d\u00edas se convert\u00edan en noches bajo las duras luces fluorescentes de los quir\u00f3fanos, y cada operaci\u00f3n era una prueba de resistencia contra el aire opresivo y el miedo omnipresente. Fui testigo de c\u00f3mo mis colegas sufr\u00edan acoso disfrazado de autoridad. \u00ab Venga, deme sus test\u00edculos\u00bb, se re\u00eda un profesor mientras se burlaba de uno de mis amigos, normalizando lo grotesco. Denunciar significaba el exilio profesional. Otros soportaban el peso de turnos nocturnos extra, gritos, insultos e incluso golpes en las manos como castigo.    <\/p>\n\n<p>Se exig\u00eda perfecci\u00f3n -manos firmes, mentes agudas, decisiones r\u00e1pidas- mientras nuestros cuerpos y esp\u00edritus se desmoronaban. Pas\u00e1bamos la rabia y la humillaci\u00f3n con el caf\u00e9 fr\u00edo por las ma\u00f1anas, fingiendo no o\u00edr los gritos e insultos que resonaban por los pasillos. En esos interminables d\u00edas y noches, el hospital se revel\u00f3 como una m\u00e1quina que devoraba la compasi\u00f3n y la resistencia.  <\/p>\n\n<h2 class=\"wp-block-heading\" id=\"h-left-handed-and-lost-exhaustion-and-humiliation-tested-my-will-to-be-a-surgeon\"><strong>Zurdo y perdido: el agotamiento y la humillaci\u00f3n pusieron a prueba mi voluntad de ser cirujano<\/strong><\/h2>\n\n<p>Mi primer rega\u00f1o lleg\u00f3 en medio de una intervenci\u00f3n quir\u00fargica. Mi superior se detuvo, me mir\u00f3 las manos y dijo: \u00abAqu\u00ed no formamos cirujanos zurdos\u00bb. Me dio un fuerte golpe en el dorso de la mano, haciendo temblar el bistur\u00ed entre mis dedos. La verg\u00fcenza me quemaba como un \u00e1cido, mientras me esforzaba por entender por qu\u00e9 el ser zurdo merec\u00eda una humillaci\u00f3n.   <\/p>\n\n<p>Despu\u00e9s de 36 horas sin dormir, un residente superior me cit\u00f3 a las once de la noche para corregir un peque\u00f1o error de archivo. Podr\u00eda haberlo arreglado \u00e9l mismo, pero insisti\u00f3 en que volviera al hospital. Conduciendo de vuelta, la rabia y el vac\u00edo me consum\u00edan mientras el sudor hac\u00eda resbaladizo el volante. Cuando llegu\u00e9, ya hab\u00eda resuelto el problema. \u00abAprenda a no cometer errores\u00bb, me dijo, con un tono m\u00e1s cortante que el cansancio.    <\/p>\n\n<p>Aquella noche, con los ojos h\u00famedos y un nudo en la garganta, sent\u00ed que algo se me escapaba: mi humanidad, mi esencia. Incluso los pacientes fueron testigos de mi humillaci\u00f3n. Un profesor me se\u00f1al\u00f3 los errores, pint\u00e1ndolos como cr\u00edmenes imperdonables. Sonriendo, anunci\u00f3: \u00abVean, este es Jaramillo, el que no sabe nada\u00bb. El sistema, en lugar de priorizar las vidas, se alimentaba de los sacrificios de quienes intentaban salvarlas.    <\/p>\n\n<p>Cada insulto y menosprecio minaba mi esp\u00edritu y me hac\u00eda cuestionarme mi lugar en una profesi\u00f3n decidida a aplastar a sus futuros sanadores en lugar de cultivarlos. Una noche, tras un brutal turno de guardia, me mir\u00e9 las manos maltrechas e irreconocibles. Esas manos, anta\u00f1o firmes y llenas de prop\u00f3sito, reflejaban ahora a alguien sepultado bajo el peso aplastante de la rutina, las \u00f3rdenes sin sentido y el maltrato implacable. La presi\u00f3n me consum\u00eda, filtr\u00e1ndose en cada parte de m\u00ed, como una implacable gota de agua que atraviesa la piedra.   <\/p>\n\n<h2 class=\"wp-block-heading\" id=\"h-they-did-not-seek-skilled-doctors-but-unbreakable-machines\"><strong>No buscaban m\u00e9dicos expertos sino m\u00e1quinas infalibles<\/strong><\/h2>\n\n<p>Mi situaci\u00f3n deriv\u00f3 en una gran depresi\u00f3n. En lugar de convertirse en un momento de curaci\u00f3n, se convirti\u00f3 en una burla p\u00fablica. El director del hospital, que me diagnostic\u00f3, comparti\u00f3 mi estado con mis superiores sin mi consentimiento, convirti\u00e9ndolo en una cruel an\u00e9cdota. \u00ab\u00bfYa te tomaste el antidepresivo, Jaramillo?\u00bb, se burlaban durante las rondas, con sus risas socarronas que cortaban el aire delante de pacientes y colegas. Sus burlas atravesaban mi dignidad como dardos afilados. Agotado e impotente, agachaba la cabeza y cada insulto me recordaba que no era m\u00e1s que un engranaje desechable en su implacable maquinaria.     <\/p>\n\n<p>La presi\u00f3n se hizo insoportable. Me temblaban las manos cada vez que cog\u00eda un instrumento. Decidida a recuperarme, me alej\u00e9 brevemente, pero al volver, el sistema me infligi\u00f3 su castigo por mi vulnerabilidad. Me asignaron juntas m\u00e9dicas todos los martes y viernes, independientemente de haber estado de guardia la noche anterior. Al amanecer operaba, hac\u00eda rondas y, por las noches, pasaba noches en vela preparando diapositivas y dominando teor\u00edas como si fuera cuesti\u00f3n de vida o muerte    <\/p>\n\n<p>Esas reuniones pretend\u00edan humillar. Las preguntas no se planteaban como retos, sino como trampas dise\u00f1adas para desenmascarar y avergonzar. El mensaje parec\u00eda claro: no buscaban m\u00e9dicos cualificados, sino m\u00e1quinas infalibles, perfectas a toda costa.  <\/p>\n\n<p>Una noche, el caos se apoder\u00f3 de la sala de urgencias mientras uno de mis pacientes luchaba por su vida. Necesitaba un cat\u00e9ter central inmediatamente. Desesperado, ped\u00ed ayuda al jefe de cirug\u00eda. Pasaron cuarenta agonizantes minutos y nunca lleg\u00f3. El reloj me oblig\u00f3 a actuar y no me qued\u00f3 m\u00e1s remedio que hacerlo. Introduje el cat\u00e9ter, con las manos firmes pero el coraz\u00f3n acelerado. Una radiograf\u00eda confirm\u00f3 la posici\u00f3n, y el coraz\u00f3n del paciente segu\u00eda latiendo. Por un momento, cre\u00ed que hab\u00eda tomado la decisi\u00f3n correcta. Me llen\u00e9 de alivio, un fr\u00e1gil triunfo en medio de la tormenta. Pero no dur\u00f3 mucho.         <\/p>\n\n<h2 class=\"wp-block-heading\" id=\"h-writing-my-resignation-i-could-no-longer-stay\"><strong>Escribiendo mi dimisi\u00f3n: \u00abNo pod\u00eda quedarme m\u00e1s tiempo\u00bb<\/strong><\/h2>\n\n<p>Cuando lleg\u00f3 el cirujano jefe y se dio cuenta de lo que hab\u00eda hecho, su desaprobaci\u00f3n golpe\u00f3 como una cuchilla. \u00ab\u00bfQui\u00e9n se ha cre\u00eddo que es usted para tomar semejante decisi\u00f3n?\u00bb, exigi\u00f3, sus palabras cortando el aire. Intent\u00e9 explicarle la urgencia, pero su ego pesaba m\u00e1s que la raz\u00f3n. Mis acciones, aunque salvaron una vida, menoscabaron su autoridad. La sentencia no se hizo esperar: \u00abEst\u00e1 castigado\u00bb. Como castigo por actuar para salvar una vida, me asign\u00f3 turnos extra esa misma noche. Me sent\u00ed como un delincuente atrapado in fraganti.      <\/p>\n\n<p>Volv\u00ed a mi peque\u00f1o despacho sin ventanas y me hund\u00ed en la silla. Por primera vez en a\u00f1os, no sent\u00eda miedo, sino una certeza fr\u00eda y absoluta: no pod\u00eda seguir aqu\u00ed. Aquella noche, la presi\u00f3n de mi pecho se convirti\u00f3 en un nudo insoportable que me oblig\u00f3 a escribir mi carta de dimisi\u00f3n.  <\/p>\n\n<p>Los ecos de la sala de operaciones a\u00fan llenaban mi cabeza: sonidos fr\u00edos y met\u00e1licos y el peso de los rostros de mis colegas y superiores que se cern\u00edan como sombras. Mis manos temblorosas se mov\u00edan con una mezcla de rabia y alivio, sabiendo que este acto marcaba el comienzo de mi liberaci\u00f3n. <\/p>\n\n<p>Las palabras fluyeron, alimentadas por a\u00f1os de silencio y opresi\u00f3n. Relat\u00e9 las incesantes presiones, humillaciones p\u00fablicas y explotaci\u00f3n que nos deshumanizaron y quebraron. \u00abHe dedicado mi vida a la medicina, pero ya no puedo sacrificar mi salud mental y mi dignidad\u00bb, escrib\u00ed. Cada frase me devolv\u00eda un fragmento de la humanidad que me hab\u00edan arrebatado. Al terminar, me invadi\u00f3 un profundo cansancio, acompa\u00f1ado de liberaci\u00f3n. Mirando fijamente la carta, la prueba final de mi decisi\u00f3n, la dej\u00e9 sobre el escritorio, me recost\u00e9 en la silla y exhal\u00e9.      <\/p>\n\n<h2 class=\"wp-block-heading\" id=\"h-twelve-years-on-catalina-s-tragic-suicide-inspires-doctor-to-speak-out-again\"><strong>Doce a\u00f1os despu\u00e9s, el tr\u00e1gico suicidio de Catalina inspira a un m\u00e9dico a pronunciarse nuevamente<\/strong><\/h2>\n\n<p>Al d\u00eda siguiente, con una mezcla de miedo y determinaci\u00f3n, entregu\u00e9 mi carta de dimisi\u00f3n a mis superiores. Su reacci\u00f3n, como era de esperar, fue como un pu\u00f1etazo. Pesaba el silencio, roto por murmullos que se convert\u00edan r\u00e1pidamente en cr\u00edticas. Algunos tacharon mi decisi\u00f3n de cobard\u00eda, otros de llamada de atenci\u00f3n. Sin embargo, sent\u00ed un alivio inconfundible. Unos pocos, que compart\u00edan el mismo cansancio t\u00e1cito, me miraban con silenciosa admiraci\u00f3n. Aunque tal vez no lo entendieran del todo, vieron un cambio en m\u00ed.      <\/p>\n\n<p>Empezaron a llegar mensajes de apoyo. M\u00e9dicos y estudiantes me tendieron la mano, viendo resistencia y esperanza en mi decisi\u00f3n. Sin embargo, tambi\u00e9n surgieron amenazas que intentaban acallar mi voz. En el fondo, sab\u00eda que hab\u00eda elegido el camino correcto. Guardar silencio me habr\u00eda convertido en c\u00f3mplice. Han pasado doce a\u00f1os desde entonces y nunca he vuelto. Reconstru\u00ed mi vida y segu\u00ed ejerciendo la medicina con integridad.      <\/p>\n\n<p>Hace poco, sentado en una cafeter\u00eda de Medell\u00edn, un antiguo compa\u00f1ero de residencia se me acerc\u00f3 bruscamente. \u00ab\u00bfHas o\u00eddo hablar de Catalina Guti\u00e9rrez?\u00bb, me pregunt\u00f3. Ya hab\u00eda o\u00eddo hablar de ella, a menudo mencionada en conversaciones sobre nuevos talentos m\u00e9dicos brillantes. Sus siguientes palabras me golpearon como un pu\u00f1etazo: \u00abCatalina se quit\u00f3 la vida\u00bb. Mientras me contaba los detalles, sent\u00ed que se me ca\u00eda el est\u00f3mago. Leer su carta de despedida me hizo recordar la noche en que escrib\u00ed la m\u00eda.     <\/p>\n\n<p>El acto final de Catalina reflej\u00f3 la precisi\u00f3n y la habilidad que exig\u00eda el sistema. Se anestesi\u00f3 a s\u00ed misma, hizo una incisi\u00f3n meticulosa y se seccion\u00f3 la arteria femoral con exactitud quir\u00fargica. Incluso muerta, fue un ejemplo de la maestr\u00eda que se esperaba de ella. Su tr\u00e1gica elecci\u00f3n puso de relieve el peso insoportable que recae sobre los residentes, un peso que a menudo aplasta incluso a los m\u00e1s fuertes de entre nosotros.   <\/p>\n\n<h2 class=\"wp-block-heading\" id=\"h-doctor-exposes-a-systemic-failure-honoring-catalina\"><strong>Honrar a Catalina: un m\u00e9dico pone al descubierto un fallo sist\u00e9mico<\/strong><\/h2>\n\n<p>Catalina, una residente de 26 a\u00f1os de la Universidad Javeriana, brill\u00f3 con promesa, pasi\u00f3n y dedicaci\u00f3n. Su historia me oblig\u00f3 a enfrentarme a la crueldad duradera del sistema, un infierno que se cobra vidas y aplasta el esp\u00edritu de los m\u00e9dicos. Catalina se convirti\u00f3 en un espejo de mis miedos y frustraciones del pasado, un reflejo de todos los m\u00e9dicos que siguen atrapados en este ciclo opresivo. Su p\u00e9rdida dej\u00f3 un vac\u00edo no s\u00f3lo en mi coraz\u00f3n, sino en el alma colectiva de una profesi\u00f3n que anhela un cambio.   <\/p>\n\n<p>Para m\u00ed, su muerte simbolizaba un fallo sist\u00e9mico, una manifestaci\u00f3n del maltrato y la precariedad que sufren los m\u00e9dicos residentes. Me sent\u00ed obligado a alzar mi voz como m\u00e9dico, no s\u00f3lo por Catalina, sino por todos los que sufren en silencio en un sistema que no ofrece escapatoria. Aunque han pasado a\u00f1os desde que dej\u00e9 el programa de residencia, su p\u00e9rdida reabri\u00f3 heridas que cre\u00eda cicatrizadas. En muchos sentidos, a\u00fan sangramos.   <\/p>\n\n<p>A trav\u00e9s de las redes sociales y de entrevistas, romp\u00ed el silencio y saqu\u00e9 a la luz la epidemia invisible que se cierne sobre quienes se dedican a salvar vidas. Hablar sin tapujos me convirti\u00f3 en el blanco de quienes prefer\u00edan mantener la fachada antes que enfrentarse a la verdad. Sin embargo, me negu\u00e9 a echarme atr\u00e1s. Nuestra misi\u00f3n no puede seguir siendo la supervivencia dentro de este sistema roto. Debe ser una misi\u00f3n de transformaci\u00f3n, para honrar a Catalina y garantizar que nadie m\u00e1s sufra lo que ella sufri\u00f3.    <\/p>\n","protected":false},"excerpt":{"rendered":"<p>Mi primer rega\u00f1o lleg\u00f3 en medio de una intervenci\u00f3n quir\u00fargica. Mi superior se detuvo, me mir\u00f3 las manos y dijo: \u00abAqu\u00ed no formamos cirujanos zurdos\u00bb. Me dio un fuerte golpe en el dorso de la mano, haciendo temblar el bistur\u00ed entre mis dedos. La verg\u00fcenza me quemaba como un \u00e1cido, mientras me esforzaba por entender por qu\u00e9 el ser zurdo merec\u00eda una humillaci\u00f3n.   <\/p>\n","protected":false},"author":28,"featured_media":102374,"comment_status":"open","ping_status":"open","sticky":false,"template":"","format":"standard","meta":{"_acf_changed":false,"_uag_custom_page_level_css":"","_lmt_disableupdate":"","_lmt_disable":"","footnotes":""},"categories":[725,188],"tags":[7904,1471,9992,1519,9993,2214,4134,9994,6594,1259],"class_list":["post-102473","post","type-post","status-publish","format-standard","has-post-thumbnail","hentry","category-educacion","category-salud","tag-catalina-es","tag-colombia-es","tag-doctor-es-2","tag-doctor-es","tag-ejercicio-de-la-medicina","tag-latinoamerica","tag-medellin-es","tag-medicos-es","tag-medicos","tag-suicidio"],"acf":[],"yoast_head":"<!-- This site is optimized with the Yoast SEO Premium plugin v27.5 (Yoast SEO v27.5) - https:\/\/yoast.com\/product\/yoast-seo-premium-wordpress\/ -->\n<title>Un m\u00e9dico reflexiona sobre sus luchas durante la residencia<\/title>\n<meta name=\"description\" content=\"Un m\u00e9dico denuncia los abusos sist\u00e9micos en la formaci\u00f3n m\u00e9dica, inspirado por el tr\u00e1gico suicidio de una joven promesa de la medicina en Colombia\" \/>\n<meta name=\"robots\" content=\"index, follow, max-snippet:-1, max-image-preview:large, max-video-preview:-1\" \/>\n<link rel=\"canonical\" href=\"https:\/\/orato.world\/es\/2024\/12\/29\/un-medico-reflexiona-sobre-las-penurias-de-la-residencia-y-se-pronuncia-tras-el-tragico-suicidio-de-un-medico-mas-joven-en-colombia\/\" \/>\n<meta property=\"og:locale\" content=\"es_ES\" \/>\n<meta property=\"og:type\" content=\"article\" \/>\n<meta property=\"og:title\" content=\"Un m\u00e9dico reflexiona sobre las penurias de la residencia y se pronuncia tras el tr\u00e1gico suicidio de un m\u00e9dico m\u00e1s joven en Colombia\" \/>\n<meta property=\"og:description\" content=\"Un m\u00e9dico denuncia los abusos sist\u00e9micos en la formaci\u00f3n m\u00e9dica, inspirado por el tr\u00e1gico suicidio de una joven promesa de la medicina en Colombia\" \/>\n<meta property=\"og:url\" content=\"https:\/\/orato.world\/es\/2024\/12\/29\/un-medico-reflexiona-sobre-las-penurias-de-la-residencia-y-se-pronuncia-tras-el-tragico-suicidio-de-un-medico-mas-joven-en-colombia\/\" \/>\n<meta property=\"og:site_name\" content=\"Orato\" \/>\n<meta property=\"article:publisher\" content=\"https:\/\/www.facebook.com\/OratoWorld\/\" \/>\n<meta property=\"article:published_time\" content=\"2024-12-29T11:00:00+00:00\" \/>\n<meta property=\"article:modified_time\" content=\"2024-12-30T02:22:27+00:00\" \/>\n<meta property=\"og:image\" content=\"https:\/\/orato.world\/wp-content\/uploads\/mourning-Catalina.png\" \/>\n\t<meta property=\"og:image:width\" content=\"1280\" \/>\n\t<meta property=\"og:image:height\" content=\"960\" \/>\n\t<meta property=\"og:image:type\" content=\"image\/png\" \/>\n<meta name=\"author\" content=\"Mariela Laksman\" \/>\n<meta name=\"twitter:card\" content=\"summary_large_image\" \/>\n<meta name=\"twitter:creator\" content=\"@oratoworld\" \/>\n<meta name=\"twitter:site\" content=\"@oratoworld\" \/>\n<meta name=\"twitter:label1\" content=\"Escrito por\" \/>\n\t<meta name=\"twitter:data1\" content=\"Mariela Laksman\" \/>\n\t<meta name=\"twitter:label2\" content=\"Tiempo de lectura\" \/>\n\t<meta name=\"twitter:data2\" content=\"11 minutos\" \/>\n<script type=\"application\/ld+json\" class=\"yoast-schema-graph\">{\"@context\":\"https:\\\/\\\/schema.org\",\"@graph\":[{\"@type\":\"NewsArticle\",\"@id\":\"https:\\\/\\\/orato.world\\\/es\\\/2024\\\/12\\\/29\\\/un-medico-reflexiona-sobre-las-penurias-de-la-residencia-y-se-pronuncia-tras-el-tragico-suicidio-de-un-medico-mas-joven-en-colombia\\\/#article\",\"isPartOf\":{\"@id\":\"https:\\\/\\\/orato.world\\\/es\\\/2024\\\/12\\\/29\\\/un-medico-reflexiona-sobre-las-penurias-de-la-residencia-y-se-pronuncia-tras-el-tragico-suicidio-de-un-medico-mas-joven-en-colombia\\\/\"},\"author\":{\"name\":\"Mariela Laksman\",\"@id\":\"https:\\\/\\\/orato.world\\\/es\\\/#\\\/schema\\\/person\\\/d4a4a9a63551641850068c20e93613a5\"},\"headline\":\"Un m\u00e9dico reflexiona sobre las penurias de la residencia y se pronuncia tras el tr\u00e1gico suicidio de un m\u00e9dico m\u00e1s joven en Colombia\",\"datePublished\":\"2024-12-29T11:00:00+00:00\",\"dateModified\":\"2024-12-30T02:22:27+00:00\",\"mainEntityOfPage\":{\"@id\":\"https:\\\/\\\/orato.world\\\/es\\\/2024\\\/12\\\/29\\\/un-medico-reflexiona-sobre-las-penurias-de-la-residencia-y-se-pronuncia-tras-el-tragico-suicidio-de-un-medico-mas-joven-en-colombia\\\/\"},\"wordCount\":2211,\"commentCount\":0,\"publisher\":{\"@id\":\"https:\\\/\\\/orato.world\\\/es\\\/#organization\"},\"image\":{\"@id\":\"https:\\\/\\\/orato.world\\\/es\\\/2024\\\/12\\\/29\\\/un-medico-reflexiona-sobre-las-penurias-de-la-residencia-y-se-pronuncia-tras-el-tragico-suicidio-de-un-medico-mas-joven-en-colombia\\\/#primaryimage\"},\"thumbnailUrl\":\"https:\\\/\\\/orato.world\\\/wp-content\\\/uploads\\\/mourning-Catalina.png\",\"keywords\":[\"Catalina\",\"Colombia\",\"doctor\",\"Doctor\",\"ejercicio de la medicina\",\"Latinoam\u00e9rica\",\"Medellin\",\"m\u00e9dicos\",\"Medicos\",\"Suicidio\"],\"articleSection\":[\"Educaci\u00f3n\",\"Salud\"],\"inLanguage\":\"es\",\"potentialAction\":[{\"@type\":\"CommentAction\",\"name\":\"Comment\",\"target\":[\"https:\\\/\\\/orato.world\\\/es\\\/2024\\\/12\\\/29\\\/un-medico-reflexiona-sobre-las-penurias-de-la-residencia-y-se-pronuncia-tras-el-tragico-suicidio-de-un-medico-mas-joven-en-colombia\\\/#respond\"]}]},{\"@type\":\"WebPage\",\"@id\":\"https:\\\/\\\/orato.world\\\/es\\\/2024\\\/12\\\/29\\\/un-medico-reflexiona-sobre-las-penurias-de-la-residencia-y-se-pronuncia-tras-el-tragico-suicidio-de-un-medico-mas-joven-en-colombia\\\/\",\"url\":\"https:\\\/\\\/orato.world\\\/es\\\/2024\\\/12\\\/29\\\/un-medico-reflexiona-sobre-las-penurias-de-la-residencia-y-se-pronuncia-tras-el-tragico-suicidio-de-un-medico-mas-joven-en-colombia\\\/\",\"name\":\"Un m\u00e9dico reflexiona sobre sus luchas durante la residencia\",\"isPartOf\":{\"@id\":\"https:\\\/\\\/orato.world\\\/es\\\/#website\"},\"primaryImageOfPage\":{\"@id\":\"https:\\\/\\\/orato.world\\\/es\\\/2024\\\/12\\\/29\\\/un-medico-reflexiona-sobre-las-penurias-de-la-residencia-y-se-pronuncia-tras-el-tragico-suicidio-de-un-medico-mas-joven-en-colombia\\\/#primaryimage\"},\"image\":{\"@id\":\"https:\\\/\\\/orato.world\\\/es\\\/2024\\\/12\\\/29\\\/un-medico-reflexiona-sobre-las-penurias-de-la-residencia-y-se-pronuncia-tras-el-tragico-suicidio-de-un-medico-mas-joven-en-colombia\\\/#primaryimage\"},\"thumbnailUrl\":\"https:\\\/\\\/orato.world\\\/wp-content\\\/uploads\\\/mourning-Catalina.png\",\"datePublished\":\"2024-12-29T11:00:00+00:00\",\"dateModified\":\"2024-12-30T02:22:27+00:00\",\"description\":\"Un m\u00e9dico denuncia los abusos sist\u00e9micos en la formaci\u00f3n m\u00e9dica, inspirado por el tr\u00e1gico suicidio de una joven promesa de la medicina en Colombia\",\"breadcrumb\":{\"@id\":\"https:\\\/\\\/orato.world\\\/es\\\/2024\\\/12\\\/29\\\/un-medico-reflexiona-sobre-las-penurias-de-la-residencia-y-se-pronuncia-tras-el-tragico-suicidio-de-un-medico-mas-joven-en-colombia\\\/#breadcrumb\"},\"inLanguage\":\"es\",\"potentialAction\":[{\"@type\":\"ReadAction\",\"target\":[\"https:\\\/\\\/orato.world\\\/es\\\/2024\\\/12\\\/29\\\/un-medico-reflexiona-sobre-las-penurias-de-la-residencia-y-se-pronuncia-tras-el-tragico-suicidio-de-un-medico-mas-joven-en-colombia\\\/\"]}]},{\"@type\":\"ImageObject\",\"inLanguage\":\"es\",\"@id\":\"https:\\\/\\\/orato.world\\\/es\\\/2024\\\/12\\\/29\\\/un-medico-reflexiona-sobre-las-penurias-de-la-residencia-y-se-pronuncia-tras-el-tragico-suicidio-de-un-medico-mas-joven-en-colombia\\\/#primaryimage\",\"url\":\"https:\\\/\\\/orato.world\\\/wp-content\\\/uploads\\\/mourning-Catalina.png\",\"contentUrl\":\"https:\\\/\\\/orato.world\\\/wp-content\\\/uploads\\\/mourning-Catalina.png\",\"width\":1280,\"height\":960,\"caption\":\"Community gathers to honor Catalina's memory and pay tribute to her life. | Photo courtesy of Carlos Jaramillo.\"},{\"@type\":\"BreadcrumbList\",\"@id\":\"https:\\\/\\\/orato.world\\\/es\\\/2024\\\/12\\\/29\\\/un-medico-reflexiona-sobre-las-penurias-de-la-residencia-y-se-pronuncia-tras-el-tragico-suicidio-de-un-medico-mas-joven-en-colombia\\\/#breadcrumb\",\"itemListElement\":[{\"@type\":\"ListItem\",\"position\":1,\"name\":\"Home\",\"item\":\"https:\\\/\\\/orato.world\\\/es\\\/\"},{\"@type\":\"ListItem\",\"position\":2,\"name\":\"Un m\u00e9dico reflexiona sobre las penurias de la residencia y se pronuncia tras el tr\u00e1gico suicidio de un m\u00e9dico m\u00e1s joven en Colombia\"}]},{\"@type\":\"WebSite\",\"@id\":\"https:\\\/\\\/orato.world\\\/es\\\/#website\",\"url\":\"https:\\\/\\\/orato.world\\\/es\\\/\",\"name\":\"Orato\",\"description\":\"True Stories. Real People\",\"publisher\":{\"@id\":\"https:\\\/\\\/orato.world\\\/es\\\/#organization\"},\"potentialAction\":[{\"@type\":\"SearchAction\",\"target\":{\"@type\":\"EntryPoint\",\"urlTemplate\":\"https:\\\/\\\/orato.world\\\/es\\\/?s={search_term_string}\"},\"query-input\":{\"@type\":\"PropertyValueSpecification\",\"valueRequired\":true,\"valueName\":\"search_term_string\"}}],\"inLanguage\":\"es\"},{\"@type\":\"Organization\",\"@id\":\"https:\\\/\\\/orato.world\\\/es\\\/#organization\",\"name\":\"Orato World Media Inc.\",\"url\":\"https:\\\/\\\/orato.world\\\/es\\\/\",\"logo\":{\"@type\":\"ImageObject\",\"inLanguage\":\"es\",\"@id\":\"https:\\\/\\\/orato.world\\\/es\\\/#\\\/schema\\\/logo\\\/image\\\/\",\"url\":\"https:\\\/\\\/orato.world\\\/wp-content\\\/uploads\\\/2020\\\/07\\\/orato-logo-transparent.png\",\"contentUrl\":\"https:\\\/\\\/orato.world\\\/wp-content\\\/uploads\\\/2020\\\/07\\\/orato-logo-transparent.png\",\"width\":78,\"height\":73,\"caption\":\"Orato World Media Inc.\"},\"image\":{\"@id\":\"https:\\\/\\\/orato.world\\\/es\\\/#\\\/schema\\\/logo\\\/image\\\/\"},\"sameAs\":[\"https:\\\/\\\/www.facebook.com\\\/OratoWorld\\\/\",\"https:\\\/\\\/x.com\\\/oratoworld\",\"https:\\\/\\\/www.instagram.com\\\/oratoworld\",\"https:\\\/\\\/www.linkedin.com\\\/company\\\/42308818\\\/\"]},{\"@type\":\"Person\",\"@id\":\"https:\\\/\\\/orato.world\\\/es\\\/#\\\/schema\\\/person\\\/d4a4a9a63551641850068c20e93613a5\",\"name\":\"Mariela Laksman\",\"image\":{\"@type\":\"ImageObject\",\"inLanguage\":\"es\",\"@id\":\"https:\\\/\\\/secure.gravatar.com\\\/avatar\\\/133ba1b69c2a2b7c782cce9999c26555b6bc9af9e382e5e8f8e3fc285015d1b7?s=96&d=mm&r=g\",\"url\":\"https:\\\/\\\/secure.gravatar.com\\\/avatar\\\/133ba1b69c2a2b7c782cce9999c26555b6bc9af9e382e5e8f8e3fc285015d1b7?s=96&d=mm&r=g\",\"contentUrl\":\"https:\\\/\\\/secure.gravatar.com\\\/avatar\\\/133ba1b69c2a2b7c782cce9999c26555b6bc9af9e382e5e8f8e3fc285015d1b7?s=96&d=mm&r=g\",\"caption\":\"Mariela Laksman\"},\"description\":\"Image and Sound Designer, Integral Audiovisual and Journalistic Producer, writer, and teacher. I started working when I was very young; Since 2001, I was a producer for different television programs, documentary films, radio, and generating creative content for different organizations and companies. I won the award: \\\"Nuevo Sudaca Border\\\" with the microfiction book \\\"Un Tigre con la Boca Abierta\\\", for Eloisa Cartonera Editorial. I am passionate about telling stories and writing.\",\"url\":\"https:\\\/\\\/orato.world\\\/es\\\/author\\\/mariela-laksman\\\/\"}]}<\/script>\n<!-- \/ Yoast SEO Premium plugin. -->","yoast_head_json":{"title":"Un m\u00e9dico reflexiona sobre sus luchas durante la residencia","description":"Un m\u00e9dico denuncia los abusos sist\u00e9micos en la formaci\u00f3n m\u00e9dica, inspirado por el tr\u00e1gico suicidio de una joven promesa de la medicina en Colombia","robots":{"index":"index","follow":"follow","max-snippet":"max-snippet:-1","max-image-preview":"max-image-preview:large","max-video-preview":"max-video-preview:-1"},"canonical":"https:\/\/orato.world\/es\/2024\/12\/29\/un-medico-reflexiona-sobre-las-penurias-de-la-residencia-y-se-pronuncia-tras-el-tragico-suicidio-de-un-medico-mas-joven-en-colombia\/","og_locale":"es_ES","og_type":"article","og_title":"Un m\u00e9dico reflexiona sobre las penurias de la residencia y se pronuncia tras el tr\u00e1gico suicidio de un m\u00e9dico m\u00e1s joven en Colombia","og_description":"Un m\u00e9dico denuncia los abusos sist\u00e9micos en la formaci\u00f3n m\u00e9dica, inspirado por el tr\u00e1gico suicidio de una joven promesa de la medicina en Colombia","og_url":"https:\/\/orato.world\/es\/2024\/12\/29\/un-medico-reflexiona-sobre-las-penurias-de-la-residencia-y-se-pronuncia-tras-el-tragico-suicidio-de-un-medico-mas-joven-en-colombia\/","og_site_name":"Orato","article_publisher":"https:\/\/www.facebook.com\/OratoWorld\/","article_published_time":"2024-12-29T11:00:00+00:00","article_modified_time":"2024-12-30T02:22:27+00:00","og_image":[{"width":1280,"height":960,"url":"https:\/\/orato.world\/wp-content\/uploads\/mourning-Catalina.png","type":"image\/png"}],"author":"Mariela Laksman","twitter_card":"summary_large_image","twitter_creator":"@oratoworld","twitter_site":"@oratoworld","twitter_misc":{"Escrito por":"Mariela Laksman","Tiempo de lectura":"11 minutos"},"schema":{"@context":"https:\/\/schema.org","@graph":[{"@type":"NewsArticle","@id":"https:\/\/orato.world\/es\/2024\/12\/29\/un-medico-reflexiona-sobre-las-penurias-de-la-residencia-y-se-pronuncia-tras-el-tragico-suicidio-de-un-medico-mas-joven-en-colombia\/#article","isPartOf":{"@id":"https:\/\/orato.world\/es\/2024\/12\/29\/un-medico-reflexiona-sobre-las-penurias-de-la-residencia-y-se-pronuncia-tras-el-tragico-suicidio-de-un-medico-mas-joven-en-colombia\/"},"author":{"name":"Mariela Laksman","@id":"https:\/\/orato.world\/es\/#\/schema\/person\/d4a4a9a63551641850068c20e93613a5"},"headline":"Un m\u00e9dico reflexiona sobre las penurias de la residencia y se pronuncia tras el tr\u00e1gico suicidio de un m\u00e9dico m\u00e1s joven en Colombia","datePublished":"2024-12-29T11:00:00+00:00","dateModified":"2024-12-30T02:22:27+00:00","mainEntityOfPage":{"@id":"https:\/\/orato.world\/es\/2024\/12\/29\/un-medico-reflexiona-sobre-las-penurias-de-la-residencia-y-se-pronuncia-tras-el-tragico-suicidio-de-un-medico-mas-joven-en-colombia\/"},"wordCount":2211,"commentCount":0,"publisher":{"@id":"https:\/\/orato.world\/es\/#organization"},"image":{"@id":"https:\/\/orato.world\/es\/2024\/12\/29\/un-medico-reflexiona-sobre-las-penurias-de-la-residencia-y-se-pronuncia-tras-el-tragico-suicidio-de-un-medico-mas-joven-en-colombia\/#primaryimage"},"thumbnailUrl":"https:\/\/orato.world\/wp-content\/uploads\/mourning-Catalina.png","keywords":["Catalina","Colombia","doctor","Doctor","ejercicio de la medicina","Latinoam\u00e9rica","Medellin","m\u00e9dicos","Medicos","Suicidio"],"articleSection":["Educaci\u00f3n","Salud"],"inLanguage":"es","potentialAction":[{"@type":"CommentAction","name":"Comment","target":["https:\/\/orato.world\/es\/2024\/12\/29\/un-medico-reflexiona-sobre-las-penurias-de-la-residencia-y-se-pronuncia-tras-el-tragico-suicidio-de-un-medico-mas-joven-en-colombia\/#respond"]}]},{"@type":"WebPage","@id":"https:\/\/orato.world\/es\/2024\/12\/29\/un-medico-reflexiona-sobre-las-penurias-de-la-residencia-y-se-pronuncia-tras-el-tragico-suicidio-de-un-medico-mas-joven-en-colombia\/","url":"https:\/\/orato.world\/es\/2024\/12\/29\/un-medico-reflexiona-sobre-las-penurias-de-la-residencia-y-se-pronuncia-tras-el-tragico-suicidio-de-un-medico-mas-joven-en-colombia\/","name":"Un m\u00e9dico reflexiona sobre sus luchas durante la residencia","isPartOf":{"@id":"https:\/\/orato.world\/es\/#website"},"primaryImageOfPage":{"@id":"https:\/\/orato.world\/es\/2024\/12\/29\/un-medico-reflexiona-sobre-las-penurias-de-la-residencia-y-se-pronuncia-tras-el-tragico-suicidio-de-un-medico-mas-joven-en-colombia\/#primaryimage"},"image":{"@id":"https:\/\/orato.world\/es\/2024\/12\/29\/un-medico-reflexiona-sobre-las-penurias-de-la-residencia-y-se-pronuncia-tras-el-tragico-suicidio-de-un-medico-mas-joven-en-colombia\/#primaryimage"},"thumbnailUrl":"https:\/\/orato.world\/wp-content\/uploads\/mourning-Catalina.png","datePublished":"2024-12-29T11:00:00+00:00","dateModified":"2024-12-30T02:22:27+00:00","description":"Un m\u00e9dico denuncia los abusos sist\u00e9micos en la formaci\u00f3n m\u00e9dica, inspirado por el tr\u00e1gico suicidio de una joven promesa de la medicina en Colombia","breadcrumb":{"@id":"https:\/\/orato.world\/es\/2024\/12\/29\/un-medico-reflexiona-sobre-las-penurias-de-la-residencia-y-se-pronuncia-tras-el-tragico-suicidio-de-un-medico-mas-joven-en-colombia\/#breadcrumb"},"inLanguage":"es","potentialAction":[{"@type":"ReadAction","target":["https:\/\/orato.world\/es\/2024\/12\/29\/un-medico-reflexiona-sobre-las-penurias-de-la-residencia-y-se-pronuncia-tras-el-tragico-suicidio-de-un-medico-mas-joven-en-colombia\/"]}]},{"@type":"ImageObject","inLanguage":"es","@id":"https:\/\/orato.world\/es\/2024\/12\/29\/un-medico-reflexiona-sobre-las-penurias-de-la-residencia-y-se-pronuncia-tras-el-tragico-suicidio-de-un-medico-mas-joven-en-colombia\/#primaryimage","url":"https:\/\/orato.world\/wp-content\/uploads\/mourning-Catalina.png","contentUrl":"https:\/\/orato.world\/wp-content\/uploads\/mourning-Catalina.png","width":1280,"height":960,"caption":"Community gathers to honor Catalina's memory and pay tribute to her life. | Photo courtesy of Carlos Jaramillo."},{"@type":"BreadcrumbList","@id":"https:\/\/orato.world\/es\/2024\/12\/29\/un-medico-reflexiona-sobre-las-penurias-de-la-residencia-y-se-pronuncia-tras-el-tragico-suicidio-de-un-medico-mas-joven-en-colombia\/#breadcrumb","itemListElement":[{"@type":"ListItem","position":1,"name":"Home","item":"https:\/\/orato.world\/es\/"},{"@type":"ListItem","position":2,"name":"Un m\u00e9dico reflexiona sobre las penurias de la residencia y se pronuncia tras el tr\u00e1gico suicidio de un m\u00e9dico m\u00e1s joven en Colombia"}]},{"@type":"WebSite","@id":"https:\/\/orato.world\/es\/#website","url":"https:\/\/orato.world\/es\/","name":"Orato","description":"True Stories. Real People","publisher":{"@id":"https:\/\/orato.world\/es\/#organization"},"potentialAction":[{"@type":"SearchAction","target":{"@type":"EntryPoint","urlTemplate":"https:\/\/orato.world\/es\/?s={search_term_string}"},"query-input":{"@type":"PropertyValueSpecification","valueRequired":true,"valueName":"search_term_string"}}],"inLanguage":"es"},{"@type":"Organization","@id":"https:\/\/orato.world\/es\/#organization","name":"Orato World Media Inc.","url":"https:\/\/orato.world\/es\/","logo":{"@type":"ImageObject","inLanguage":"es","@id":"https:\/\/orato.world\/es\/#\/schema\/logo\/image\/","url":"https:\/\/orato.world\/wp-content\/uploads\/2020\/07\/orato-logo-transparent.png","contentUrl":"https:\/\/orato.world\/wp-content\/uploads\/2020\/07\/orato-logo-transparent.png","width":78,"height":73,"caption":"Orato World Media Inc."},"image":{"@id":"https:\/\/orato.world\/es\/#\/schema\/logo\/image\/"},"sameAs":["https:\/\/www.facebook.com\/OratoWorld\/","https:\/\/x.com\/oratoworld","https:\/\/www.instagram.com\/oratoworld","https:\/\/www.linkedin.com\/company\/42308818\/"]},{"@type":"Person","@id":"https:\/\/orato.world\/es\/#\/schema\/person\/d4a4a9a63551641850068c20e93613a5","name":"Mariela Laksman","image":{"@type":"ImageObject","inLanguage":"es","@id":"https:\/\/secure.gravatar.com\/avatar\/133ba1b69c2a2b7c782cce9999c26555b6bc9af9e382e5e8f8e3fc285015d1b7?s=96&d=mm&r=g","url":"https:\/\/secure.gravatar.com\/avatar\/133ba1b69c2a2b7c782cce9999c26555b6bc9af9e382e5e8f8e3fc285015d1b7?s=96&d=mm&r=g","contentUrl":"https:\/\/secure.gravatar.com\/avatar\/133ba1b69c2a2b7c782cce9999c26555b6bc9af9e382e5e8f8e3fc285015d1b7?s=96&d=mm&r=g","caption":"Mariela Laksman"},"description":"Image and Sound Designer, Integral Audiovisual and Journalistic Producer, writer, and teacher. I started working when I was very young; Since 2001, I was a producer for different television programs, documentary films, radio, and generating creative content for different organizations and companies. I won the award: \"Nuevo Sudaca Border\" with the microfiction book \"Un Tigre con la Boca Abierta\", for Eloisa Cartonera Editorial. I am passionate about telling stories and writing.","url":"https:\/\/orato.world\/es\/author\/mariela-laksman\/"}]}},"modified_by":null,"uagb_featured_image_src":{"full":["https:\/\/orato.world\/wp-content\/uploads\/mourning-Catalina.png",1280,960,false],"thumbnail":["https:\/\/orato.world\/wp-content\/uploads\/mourning-Catalina-100x100.png",100,100,true],"medium":["https:\/\/orato.world\/wp-content\/uploads\/mourning-Catalina-300x225.png",300,225,true],"medium_large":["https:\/\/orato.world\/wp-content\/uploads\/mourning-Catalina-770x578.png",640,480,true],"large":["https:\/\/orato.world\/wp-content\/uploads\/mourning-Catalina-1024x768.png",640,480,true],"1536x1536":["https:\/\/orato.world\/wp-content\/uploads\/mourning-Catalina.png",1280,960,false],"2048x2048":["https:\/\/orato.world\/wp-content\/uploads\/mourning-Catalina.png",1280,960,false],"gallery-size":["https:\/\/orato.world\/wp-content\/uploads\/mourning-Catalina-533x400.png",533,400,true],"lets-review-360-240":["https:\/\/orato.world\/wp-content\/uploads\/mourning-Catalina-360x240.png",360,240,true],"gform-image-choice-sm":["https:\/\/orato.world\/wp-content\/uploads\/mourning-Catalina-300x300.png",300,300,true],"gform-image-choice-md":["https:\/\/orato.world\/wp-content\/uploads\/mourning-Catalina-400x400.png",400,400,true],"gform-image-choice-lg":["https:\/\/orato.world\/wp-content\/uploads\/mourning-Catalina-600x600.png",600,600,true],"awsm_team":["https:\/\/orato.world\/wp-content\/uploads\/mourning-Catalina-500x500.png",500,500,true]},"uagb_author_info":{"display_name":"Mariela Laksman","author_link":"https:\/\/orato.world\/es\/author\/mariela-laksman\/"},"uagb_comment_info":0,"uagb_excerpt":"Mi primer rega\u00f1o lleg\u00f3 en medio de una intervenci\u00f3n quir\u00fargica. Mi superior se detuvo, me mir\u00f3 las manos y dijo: \u00abAqu\u00ed no formamos cirujanos zurdos\u00bb. Me dio un fuerte golpe en el dorso de la mano, haciendo temblar el bistur\u00ed entre mis dedos. La verg\u00fcenza me quemaba como un \u00e1cido, mientras me esforzaba por entender&hellip;","_links":{"self":[{"href":"https:\/\/orato.world\/es\/wp-json\/wp\/v2\/posts\/102473","targetHints":{"allow":["GET"]}}],"collection":[{"href":"https:\/\/orato.world\/es\/wp-json\/wp\/v2\/posts"}],"about":[{"href":"https:\/\/orato.world\/es\/wp-json\/wp\/v2\/types\/post"}],"author":[{"embeddable":true,"href":"https:\/\/orato.world\/es\/wp-json\/wp\/v2\/users\/28"}],"replies":[{"embeddable":true,"href":"https:\/\/orato.world\/es\/wp-json\/wp\/v2\/comments?post=102473"}],"version-history":[{"count":5,"href":"https:\/\/orato.world\/es\/wp-json\/wp\/v2\/posts\/102473\/revisions"}],"predecessor-version":[{"id":102551,"href":"https:\/\/orato.world\/es\/wp-json\/wp\/v2\/posts\/102473\/revisions\/102551"}],"wp:featuredmedia":[{"embeddable":true,"href":"https:\/\/orato.world\/es\/wp-json\/wp\/v2\/media\/102374"}],"wp:attachment":[{"href":"https:\/\/orato.world\/es\/wp-json\/wp\/v2\/media?parent=102473"}],"wp:term":[{"taxonomy":"category","embeddable":true,"href":"https:\/\/orato.world\/es\/wp-json\/wp\/v2\/categories?post=102473"},{"taxonomy":"post_tag","embeddable":true,"href":"https:\/\/orato.world\/es\/wp-json\/wp\/v2\/tags?post=102473"}],"curies":[{"name":"wp","href":"https:\/\/api.w.org\/{rel}","templated":true}]}}