{"id":102491,"date":"2024-12-12T03:00:00","date_gmt":"2024-12-12T11:00:00","guid":{"rendered":"https:\/\/orato.world\/2024\/12\/12\/escapando-de-venezuela-migrante-gay-construye-una-nueva-vida-en-chile-aboga-por-los-derechos-lgbtq\/"},"modified":"2024-12-26T09:41:36","modified_gmt":"2024-12-26T17:41:36","slug":"escapando-de-venezuela-migrante-gay-construye-una-nueva-vida-en-chile-aboga-por-los-derechos-lgbtq","status":"publish","type":"post","link":"https:\/\/orato.world\/es\/2024\/12\/12\/escapando-de-venezuela-migrante-gay-construye-una-nueva-vida-en-chile-aboga-por-los-derechos-lgbtq\/","title":{"rendered":"Escapando de Venezuela: migrante gay construye una nueva vida en Chile, aboga por los derechos LGBTQ+."},"content":{"rendered":"<div class=\"lets-info-up-wrap  lets-info-up--right lets-info-up--m-1 lets-info-up-skin-1 lets-info-up--side\">\t\t\t<div class=\"lets-info-up\">\r\n\t\t\t<div class=\"lets-info-up-fi\"><img loading=\"lazy\" decoding=\"async\" width=\"500\" height=\"500\" src=\"https:\/\/orato.world\/wp-content\/uploads\/Venezuelan-migrant-1-500x500.jpg\" class=\"attachment-lets-info-up-d1 size-lets-info-up-d1\" alt=\"Edgar Colina Navea, 29, was born and raised in Puerto Cabello, Venezuela. At the age of 22, in 2017, he emigrated to Peru, where he lived for six years.\" srcset=\"https:\/\/orato.world\/wp-content\/uploads\/Venezuelan-migrant-1-500x500.jpg 500w, https:\/\/orato.world\/wp-content\/uploads\/Venezuelan-migrant-1-300x300.jpg 300w, https:\/\/orato.world\/wp-content\/uploads\/Venezuelan-migrant-1-100x100.jpg 100w, https:\/\/orato.world\/wp-content\/uploads\/Venezuelan-migrant-1-400x400.jpg 400w, https:\/\/orato.world\/wp-content\/uploads\/Venezuelan-migrant-1-150x150.jpg 150w, https:\/\/orato.world\/wp-content\/uploads\/Venezuelan-migrant-1-70x70.jpg 70w, https:\/\/orato.world\/wp-content\/uploads\/Venezuelan-migrant-1-293x293.jpg 293w, https:\/\/orato.world\/wp-content\/uploads\/Venezuelan-migrant-1-600x600.jpg 600w, https:\/\/orato.world\/wp-content\/uploads\/Venezuelan-migrant-1.jpg 720w\" sizes=\"auto, (max-width: 500px) 100vw, 500px\" \/><\/div>\t\t\t<div class=\"lets-info-up-block-wrap\">\r\n\t\t\t\t<div class=\"lets-info-up-block lets-info-up-meta-block\"><div class=\"lets-info-up-meta-title lets-info-up-pretitle font-h\">NOTAS DEL PERIODISTA<\/div><\/div><div class=\"lets-info-up-block lets-info-up-meta-block\"><div class=\"lets-info-up-meta-title lets-info-up-pretitle font-h\">PROTAGONISTA<\/div><div class=\"lets-info-up-meta-content lets-info-up-title font-b\">Edgar Colina Navea, de 29 a\u00f1os, nacido en Puerto Cabello, Venezuela, emigr\u00f3 a Per\u00fa en 2017 a los 22 a\u00f1os. Despu\u00e9s de seis a\u00f1os, se traslad\u00f3 a Santiago de Chile en 2023, en busca de nuevas oportunidades. Como parte de la comunidad migrante LGBTQ+, Edgar ha superado los desaf\u00edos de la migraci\u00f3n mientras abraza su identidad. Ahora disfruta de un trabajo estable y sigue construyendo una vida plena en Chile.   <\/div><\/div><div class=\"lets-info-up-block lets-info-up-meta-block\"><div class=\"lets-info-up-meta-title lets-info-up-pretitle font-h\">CONTEXTO<\/div><div class=\"lets-info-up-meta-content lets-info-up-title font-b\">Entre 2016 y 2020, m\u00e1s de 5 millones de venezolanos huyeron del pa\u00eds, incluidos 450.000 que llegaron a Chile, empujados por la<a href=\"https:\/\/www.scielo.cl\/scielo.php?script=sci_arttext&amp;pid=S0719-09482022000200130#:~:text=Seg%C3%BAn%20la%20%C3%BAltima%20estimaci%C3%B3n%2C%20en,Aranda%20y%20Gissi%2C%202021\"> hiperinflaci\u00f3n, la escasez de alimentos y el colapso del sistema sanitario.<\/a> La comunidad LGBTQ+ se enfrent\u00f3 a retos adicionales, como la <a href=\"https:\/\/www.cidob.org\/publicaciones\/trayectorias-de-migrantes-lgtb-hacia-chile-violencias-interseccionales-y-ciudadania\">persecuci\u00f3n social, la discriminaci\u00f3n laboral y la violencia<\/a> basada en la orientaci\u00f3n sexual, agravadas por la ausencia de protecciones legales como el matrimonio igualitario o las leyes contra la discriminaci\u00f3n. Muchos migrantes LGBTQ+, en su mayor\u00eda de entre 18 y 35 a\u00f1os, carec\u00edan de documentaci\u00f3n, trabajaban en empleos informales y se enfrentaban a una gran vulnerabilidad, y algunos recurr\u00edan al trabajo sexual. Entre ellos, el 75% denunci\u00f3 discriminaci\u00f3n, el 40% sufri\u00f3 violencia y s\u00f3lo el 15% consigui\u00f3 un empleo formal.   <\/div><\/div>\t\t\t<\/div>\r\n\t\t\t<\/div>\r\n\t\t<\/div>\r\n\t\t\n<p>SANTIAGO, Chile &#8211; La noche del 30 de agosto de 2017, cruc\u00e9 la frontera de Venezuela a Brasil, escapando solo con lo esencial. Mi mochila conten\u00eda ropa, documentos importantes y dos libros preciados, entre ellos El amor en los tiempos del c\u00f3lera, de Gabriel Garc\u00eda M\u00e1rquez. Tambi\u00e9n llevaba discos de mis \u00eddolos Shakira y Adele. M\u00e1s all\u00e1 de estas posesiones, llevaba una maleta llena de sue\u00f1os.   <\/p>\n\n<p><strong><a href=\"https:\/\/orato.world\/?s=Venezuela\"><em>Ent\u00e9rese m\u00e1s sobre Venezuela en Orato World Media.<\/em><\/a><\/strong><\/p>\n\n<h2 class=\"wp-block-heading\" id=\"h-venezuelans-battle-for-rights-amid-government-violence\"><strong>Los venezolanos luchan por sus derechos en medio de la violencia gubernamental<\/strong><\/h2>\n\n<p>La tensi\u00f3n social empez\u00f3 a hervir a fuego lento hace mucho tiempo, pero de ni\u00f1o s\u00f3lo pude vislumbrarla. Los adultos hablaban de cierres de f\u00e1bricas, de incesantes cortes de electricidad y de c\u00f3mo las vacaciones y las necesidades b\u00e1sicas se convert\u00edan en recuerdos lejanos. En 2017, la crisis invadi\u00f3 por completo nuestras vidas. Los alimentos escaseaban y, cuando aparec\u00edan, soport\u00e1bamos brutales colas de 10 a 12 horas bajo un sol abrasador, a menudo sin agua ni comida. En esas colas, los funcionarios nos marcaban con n\u00fameros, como el 74, deshumaniz\u00e1ndonos como si fu\u00e9ramos prisioneros de un campo dist\u00f3pico.    <\/p>\n\n<p>Las protestas estallaron en todo el pa\u00eds, encendiendo una fr\u00e1gil esperanza de cambio. Durante casi cuatro meses, salimos a la calle para exigir un futuro mejor. Pero junio trajo consigo una represi\u00f3n brutal. La Guardia Nacional mat\u00f3 a unos 47 estudiantes, segando sus vidas en nombre del control del Estado. La muerte de Neomar Lander todav\u00eda me atormenta. A los 17 a\u00f1os era s\u00f3lo un muchacho, pero su asesinato reson\u00f3 profundamente: encarnaba el idealismo juvenil que el r\u00e9gimen pretend\u00eda extinguir. A los 22, me vi reflejado en \u00e9l.      <\/p>\n\n<p>El caos nos dej\u00f3 perdidos, sin saber por qu\u00e9 luchar o qu\u00e9 esperar. El Estado nos despoj\u00f3 de todo: nuestros derechos, nuestra salud y nuestro futuro. Incluso como estudiante de periodismo, me preguntaba si deb\u00eda continuar. La censura y el control de los medios de comunicaci\u00f3n ahogaron nuestras voces, obligando a muchos de nosotros a buscar otro trabajo s\u00f3lo para sobrevivir.   <\/p>\n\n<p>En medio de la represi\u00f3n, el pu\u00f1o de hierro del gobierno de Maduro aplast\u00f3 sue\u00f1os e ideales. Sin embargo, a pesar de la violencia, el miedo y la incertidumbre, protestamos. Para muchos de nosotros, se convirti\u00f3 en la \u00fanica forma de expresar nuestro descontento, un intento desesperado de recordarnos a nosotros mismos y al mundo que a\u00fan exist\u00edamos.  <\/p>\n\n<h2 class=\"wp-block-heading\" id=\"h-the-hardest-decision-of-my-life-leaving-venezuela-behind\"><strong>La decisi\u00f3n m\u00e1s dif\u00edcil de mi vida: dejar atr\u00e1s Venezuela<\/strong><\/h2>\n\n<p>Durante una de las \u00faltimas protestas a las que me un\u00ed, marchamos pac\u00edficamente por la avenida principal de Valencia. Como era de esperar, pronto nos encontramos con un cord\u00f3n de seguridad. Sin previo aviso, los llamados \u00absalvadores de la patria\u00bb dispararon balas de goma y gases lacrim\u00f3genos. Se desat\u00f3 el caos y nos dispersamos en todas direcciones, corriendo por nuestras vidas. Medio ahogado por el gas, me met\u00ed en un complejo residencial, desesperado por eludir la captura. Una angelical desconocida nos abri\u00f3 la puerta y nos ofreci\u00f3 refugio. Nos dio agua, nos ayud\u00f3 a recuperar la compostura y nos permiti\u00f3 permanecer escondidos durante tres tensas horas hasta que pas\u00f3 el peligro.      <\/p>\n\n<p>Mientras recuperaba el aliento en aquel refugio seguro, mi mente se llen\u00f3 de pensamientos sobre mi familia. Mis padres y hermanos viv\u00edan con el temor constante de lo que pod\u00eda ocurrir si me atrapaban. Los horrores de lugares como el Helicoide y otros centros de tortura de Caracas se cern\u00edan sobre nuestra conciencia colectiva. Conociendo el destino que aguardaba a quienes ca\u00edan en manos del Estado, empec\u00e9 a cuestion\u00e1rmelo todo. \u00bfMerec\u00eda la pena el riesgo? \u00bfPodr\u00edamos ganar alguna vez esta lucha por la libertad?     <\/p>\n\n<p>Estas dudas persegu\u00edan a muchos de nosotros. El gobierno se negaba a ceder, y el control de Maduro se endurec\u00eda con cada protesta. A los 22 a\u00f1os, anhelaba la libertad de vivir con autenticidad, de explorar mi identidad y mis sue\u00f1os sin miedo. Imaginaba un futuro en el que podr\u00eda estudiar, casarme y formar una familia a mi manera. Pero Venezuela no ofrec\u00eda ninguna de esas posibilidades.    <\/p>\n\n<p>Enfrentado a una realidad asfixiante y sin un camino viable, tom\u00e9 la decisi\u00f3n m\u00e1s dif\u00edcil de mi vida: dejar atr\u00e1s todo lo que conoc\u00eda y buscar una vida en la que pudieran florecer la libertad y la esperanza.<\/p>\n\n<h2 class=\"wp-block-heading\" id=\"h-facing-a-bittersweet-departure-for-a-better-future\"><strong>Una partida agridulce hacia un futuro mejor<\/strong><\/h2>\n\n<p>Sal\u00ed de mi casa en Maracay, estado de Aragua, viaj\u00e9 r\u00e1pidamente al estado de Bol\u00edvar y luego a Santa Elena de Uair\u00e9n, una ciudad fronteriza. Los funcionarios fronterizos expidieron un permiso de tr\u00e1nsito de 10 d\u00edas para facilitar mi viaje a Argentina, pero la realidad me pareci\u00f3 mucho m\u00e1s pesada. Los venezolanos llaman <em>guayabo<\/em> a esta agridulce partida: el dolor de dejarlo todo atr\u00e1s para empezar de nuevo.  <\/p>\n\n<p>La incertidumbre se cern\u00eda sobre m\u00ed. Las grandes esperanzas eran como saltar a un abismo, sin saber d\u00f3nde aterrizar\u00eda, qui\u00e9n me acoger\u00eda o si encontrar\u00eda trabajo y dignidad. El viaje me provoc\u00f3 rabia y dolor, y el exilio me pareci\u00f3 ineludible.  <\/p>\n\n<p>A medida que el autob\u00fas avanzaba, pasaba por carreteras inundadas y proyectaba sombras de densa vegetaci\u00f3n sobre las ventanas agrietadas. Los recuerdos de nuestras luchas afloraban a cada paso, persigui\u00e9ndome como fantasmas. Desde Santa Elena de Uair\u00e9n, el viaje continu\u00f3 hasta Boa Vista, en Roraima (Brasil), una ciudad vibrante donde el autob\u00fas atravesaba calles y pueblos. Desde all\u00ed, seguimos hasta Manaos, cerca del r\u00edo Amazonas, sin incidentes.   <\/p>\n\n<p>El viaje se desdibuj\u00f3 hasta el agotamiento. En las terminales, nos apoy\u00e1bamos en el equipaje, com\u00edamos bocadillos de at\u00fan y s\u00f3lo nos concentr\u00e1bamos en el pr\u00f3ximo autob\u00fas. Sin dormir de verdad, sin ba\u00f1os ni comidas calientes, el agotamiento pesaba mucho. Con poco dinero, incluso las peque\u00f1as comodidades quedaban fuera de nuestro alcance. El autob\u00fas se adentr\u00f3 en la selva amaz\u00f3nica, un lugar donde los emigrantes suelen desaparecer. La gratitud me mantuvo firme mientras avanz\u00e1bamos a salvo por sus profundidades.     <\/p>\n\n<p>Al cabo de seis o siete d\u00edas, en una ciudad cercana a Bolivia, se me acab\u00f3 el dinero. Decidido a continuar, busqu\u00e9 ayuda en una plaza local. Un amable desconocido de una iglesia cercana me dio 500 reales, unos 250 d\u00f3lares. Otro me ayud\u00f3 a cruzar a Bolivia, asegur\u00e1ndose de que mi viaje no terminara en la desesperaci\u00f3n. Su compasi\u00f3n mantuvo vivas mis esperanzas.    <\/p>\n\n<h2 class=\"wp-block-heading\" id=\"h-stranded-at-customs-receiving-unexpected-help-from-a-friend-in-peru\"><strong>Varado en la aduana, recibe la ayuda inesperada de un amigo en Per\u00fa<\/strong><\/h2>\n\n<p>El paisaje se transform\u00f3 cuando dejamos el verde exuberante de la selva amaz\u00f3nica y entramos en el desierto. El sol implacable, las carreteras polvorientas y las peque\u00f1as casas con paredes de tonos c\u00e1lidos me recordaron a Puerto Cabello, mi ciudad natal. Tras horas de viaje, llegamos a Villaz\u00f3n, la \u00faltima parada antes de cruzar a Argentina, mi destino previsto. Para m\u00ed, sin embargo, el viaje dio un giro inesperado.   <\/p>\n\n<p>En la aduana, las autoridades se negaron a dejarme pasar. A pesar de tener el permiso necesario, me denegaron la entrada. Lo intent\u00e9 en los tres turnos, suplicando a distintos funcionarios, pero ninguno cedi\u00f3. Ver a otros pasar sin problemas me dej\u00f3 confusa y frustrada. Sola y desamparada, no pod\u00eda deshacerme de la sensaci\u00f3n de ser se\u00f1alada y discriminada.    <\/p>\n\n<p>Regresar no era una opci\u00f3n. Los venezolanos en la di\u00e1spora, tachados de \u00abdesertores y enemigos de la patria\u00bb, ya no ten\u00edan un lugar al que volver. Pasaron horas sentada en un banco de la aduana, luchando contra la incertidumbre. Todos los dem\u00e1s avanzaban, dej\u00e1ndome atr\u00e1s para idear un nuevo plan. La desesperaci\u00f3n me empuj\u00f3 a buscar entre mis contactos hasta que record\u00e9 a una amiga en Lima, Per\u00fa. Al amanecer, la llam\u00e9 y su inmediata disposici\u00f3n a ayudar me alivi\u00f3. Sin ella, no s\u00e9 qu\u00e9 habr\u00eda hecho.      <\/p>\n\n<p>Llegu\u00e9 a Lima el 8 de septiembre de 2017, 11 d\u00edas despu\u00e9s de mi partida. En retrospectiva, tuve la sensaci\u00f3n de que el viaje no solo me hab\u00eda quitado tiempo, sino tambi\u00e9n una parte de mi vida. Poco despu\u00e9s de llegar, mi familia me dio una noticia devastadora: mi abuelo, la persona m\u00e1s importante de mi vida, hab\u00eda fallecido. Su p\u00e9rdida me destroz\u00f3, pero sab\u00eda que ten\u00eda que centrarme en construir un futuro para mi familia y honrar su memoria. A pesar del dolor, empec\u00e9 a buscar trabajo.    <\/p>\n\n<h2 class=\"wp-block-heading\" id=\"h-at-a-crossroads-i-realized-i-could-not-stay-in-lima-any-longer\"><strong>En una encrucijada, me di cuenta de que no pod\u00eda quedarme m\u00e1s tiempo en Lima.<\/strong><\/h2>\n\n<p>En Per\u00fa encontr\u00e9 r\u00e1pidamente la estabilidad, ya que el pa\u00eds ampliaba la ayuda humanitaria a los inmigrantes. Trabaj\u00e9 en varios campos, incluido el de camarero en un restaurante de un bullicioso mercado que vend\u00eda platos peruanos. Mi jefa, Ruth Barbosa de la Cruz, se convirti\u00f3 en un \u00e1ngel en mi vida. Me acogi\u00f3 como a un hijo, mostrando una amabilidad y un cari\u00f1o que pocas veces hab\u00eda experimentado. Pocas personas abren sus puertas a extra\u00f1os como ella. Su generosidad me record\u00f3 a la mujer que nos ayud\u00f3 durante las protestas y al amable desconocido de Brasil que me dio 500 reales. Estas raras personas encarnan la esperanza y la humanidad cuando se sienten perdidas.      <\/p>\n\n<p>Durante mi estancia en Per\u00fa, me declar\u00e9 a mi familia. A pesar de sus creencias conservadoras, me aceptaron y apoyaron, ofreci\u00e9ndome una profunda sensaci\u00f3n de libertad. Por primera vez, sent\u00ed que pod\u00eda abrazarme plenamente. Este periodo supuso un importante autodescubrimiento. Experiment\u00e9 mi primer amor, aprend\u00ed a vivir con autenticidad y explor\u00e9 una vida que parec\u00eda imposible en Venezuela. Lo que empez\u00f3 como una estancia temporal se convirti\u00f3 en seis a\u00f1os.     <\/p>\n\n<p>En 2022, cuando a\u00fan estaba en Lima, sufr\u00ed una crisis mental. Busqu\u00e9 ayuda psicol\u00f3gica, luchando con preguntas sobre mi prop\u00f3sito en la sociedad y los retos de la vida como migrante. La discriminaci\u00f3n pesaba mucho sobre m\u00ed. Como migrante venezolana queer, soport\u00e9 duros estigmas y prejuicios, encontrando obst\u00e1culos adicionales. Las luchas acumuladas, las rupturas amorosas, las decepciones y las oportunidades limitadas intensificaron mi sensaci\u00f3n de desplazamiento. La ciudad empez\u00f3 a parecerme demasiado peque\u00f1a para mis ambiciones, incapaz de colmar mis anhelos. En una encrucijada, me di cuenta de que no pod\u00eda quedarme m\u00e1s tiempo en Lima.       <\/p>\n\n<h2 class=\"wp-block-heading\" id=\"h-finding-a-purpose-in-santiago-amplifying-voices-to-support-migrants-and-lgbtq-rights\"><strong><strong>Encontrar un prop\u00f3sito en Santiago: amplificar las voces para apoyar a los migrantes y los derechos LGBTQ+.<\/strong><\/strong><\/h2>\n\n<p>A principios de 2023, me mud\u00e9 a Santiago de Chile para reunirme con mis hermanos despu\u00e9s de a\u00f1os separados. Con maletas un poco m\u00e1s grandes que cuando sal\u00ed de Venezuela, comenc\u00e9 un nuevo cap\u00edtulo. Su apoyo facilit\u00f3 mi transici\u00f3n, y Santiago me ofreci\u00f3 una experiencia completamente diferente. Encontr\u00e9 un trabajo digno, forj\u00e9 amistades significativas y reconoc\u00ed mi crecimiento personal. A pesar de los retos personales, econ\u00f3micos y profesionales, aprend\u00ed a perseverar y me di cuenta de que mi fuerza superaba mis dudas.    <\/p>\n\n<p>En Santiago, clarifiqu\u00e9 mis objetivos y encontr\u00e9 un prop\u00f3sito. Me un\u00ed a una fundaci\u00f3n que ofrece apoyo a los migrantes que viven con el VIH y lanc\u00e9 un podcast, \u00abRuidosas\u00bb, para amplificar las voces LGBTQ+. Para m\u00ed, esta comunidad representa a personas que expresan su amor de forma diferente pero comparten la misma humanidad. Con este proyecto pretendo crear un p\u00fablico fiel, fomentar la solidaridad y difundir el mensaje de que nadie est\u00e1 solo. Si no existen espacios para nosotros, los construiremos. En lugar de muros, crearemos puentes, demostrando que en el mundo cabemos todos.     <\/p>\n\n<p>Mi viaje me ha ense\u00f1ado el valor de la resiliencia y la comunidad. De enfrentarme a la violencia y la represi\u00f3n en Venezuela a empezar de nuevo en Santiago, he llevado conmigo la esperanza de un futuro mejor. Imagino una Venezuela en la que diversas ideolog\u00edas, creencias y orientaciones coexistan pac\u00edficamente en una sociedad basada en la soberan\u00eda y la democracia.  <\/p>\n\n<p>Alg\u00fan d\u00eda volver\u00e9 a Venezuela para contribuir a su reconstrucci\u00f3n. Por ahora, permanezco en Santiago, una ciudad que me acogi\u00f3 y ofrece oportunidades para crecer. Aunque persisten problemas como la discriminaci\u00f3n y la desigualdad, este lugar me ha mostrado el potencial de cambio. Las personas como yo, obligadas a abandonar nuestros hogares, aportamos experiencias y contribuciones valiosas. No somos s\u00f3lo migrantes, somos personas dispuestas a construir, compartir y prosperar en un mundo que acepte nuestra diversidad.    <\/p>\n","protected":false},"excerpt":{"rendered":"<p>Durante mi estancia en Per\u00fa, me declar\u00e9 a mi familia. A pesar de sus creencias conservadoras, me aceptaron y apoyaron, ofreci\u00e9ndome una profunda sensaci\u00f3n de libertad. Por primera vez, sent\u00ed que pod\u00eda abrazarme plenamente. Este periodo supuso un importante autodescubrimiento. Experiment\u00e9 mi primer amor, aprend\u00ed a vivir con autenticidad y explor\u00e9 una vida que parec\u00eda imposible en Venezuela. Lo que empez\u00f3 como una estancia temporal se convirti\u00f3 en seis a\u00f1os.     <\/p>\n","protected":false},"author":228,"featured_media":101482,"comment_status":"open","ping_status":"open","sticky":false,"template":"","format":"standard","meta":{"_acf_changed":false,"_uag_custom_page_level_css":"","_lmt_disableupdate":"","_lmt_disable":"","footnotes":""},"categories":[299,261],"tags":[555,2209,2214,1105,7555,770,197,493],"class_list":["post-102491","post","type-post","status-publish","format-standard","has-post-thumbnail","hentry","category-inmigracion","category-sexo-y-genero","tag-chile-es","tag-inmigracion-ilegal","tag-latinoamerica","tag-lgbtq-es","tag-migrantes-venezolanos","tag-migration-es","tag-venezuela-es","tag-venezuela-migrant-workers-es"],"acf":[],"yoast_head":"<!-- This site is optimized with the Yoast SEO Premium plugin v27.5 (Yoast SEO v27.5) - https:\/\/yoast.com\/product\/yoast-seo-premium-wordpress\/ -->\n<title>Migrante que huye de Venezuela, aboga por los derechos LGBTQ<\/title>\n<meta name=\"description\" content=\"Emigrante gay que huye de Venezuela, defiende los derechos LGBTQ+ y ahora anima a otros a abrazar la diversidad\" \/>\n<meta name=\"robots\" content=\"index, follow, max-snippet:-1, max-image-preview:large, max-video-preview:-1\" \/>\n<link rel=\"canonical\" href=\"https:\/\/orato.world\/es\/2024\/12\/12\/escapando-de-venezuela-migrante-gay-construye-una-nueva-vida-en-chile-aboga-por-los-derechos-lgbtq\/\" \/>\n<meta property=\"og:locale\" content=\"es_ES\" \/>\n<meta property=\"og:type\" content=\"article\" \/>\n<meta property=\"og:title\" content=\"Escapando de Venezuela: migrante gay construye una nueva vida en Chile, aboga por los derechos LGBTQ+.\" \/>\n<meta property=\"og:description\" content=\"Emigrante gay que huye de Venezuela, defiende los derechos LGBTQ+ y ahora anima a otros a abrazar la diversidad\" \/>\n<meta property=\"og:url\" content=\"https:\/\/orato.world\/es\/2024\/12\/12\/escapando-de-venezuela-migrante-gay-construye-una-nueva-vida-en-chile-aboga-por-los-derechos-lgbtq\/\" \/>\n<meta property=\"og:site_name\" content=\"Orato\" \/>\n<meta property=\"article:publisher\" content=\"https:\/\/www.facebook.com\/OratoWorld\/\" \/>\n<meta property=\"article:published_time\" content=\"2024-12-12T11:00:00+00:00\" \/>\n<meta property=\"article:modified_time\" content=\"2024-12-26T17:41:36+00:00\" \/>\n<meta property=\"og:image\" content=\"https:\/\/orato.world\/wp-content\/uploads\/Edgar-Colina-Navea-1-1.jpg\" \/>\n\t<meta property=\"og:image:width\" content=\"1200\" \/>\n\t<meta property=\"og:image:height\" content=\"900\" \/>\n\t<meta property=\"og:image:type\" content=\"image\/jpeg\" \/>\n<meta name=\"author\" content=\"Hans Nourdin\" \/>\n<meta name=\"twitter:card\" content=\"summary_large_image\" \/>\n<meta name=\"twitter:creator\" content=\"@oratoworld\" \/>\n<meta name=\"twitter:site\" content=\"@oratoworld\" \/>\n<meta name=\"twitter:label1\" content=\"Escrito por\" \/>\n\t<meta name=\"twitter:data1\" content=\"Hans Nourdin\" \/>\n\t<meta name=\"twitter:label2\" content=\"Tiempo de lectura\" \/>\n\t<meta name=\"twitter:data2\" content=\"11 minutos\" \/>\n<script type=\"application\/ld+json\" class=\"yoast-schema-graph\">{\"@context\":\"https:\\\/\\\/schema.org\",\"@graph\":[{\"@type\":\"NewsArticle\",\"@id\":\"https:\\\/\\\/orato.world\\\/es\\\/2024\\\/12\\\/12\\\/escapando-de-venezuela-migrante-gay-construye-una-nueva-vida-en-chile-aboga-por-los-derechos-lgbtq\\\/#article\",\"isPartOf\":{\"@id\":\"https:\\\/\\\/orato.world\\\/es\\\/2024\\\/12\\\/12\\\/escapando-de-venezuela-migrante-gay-construye-una-nueva-vida-en-chile-aboga-por-los-derechos-lgbtq\\\/\"},\"author\":{\"name\":\"Hans Nourdin\",\"@id\":\"https:\\\/\\\/orato.world\\\/es\\\/#\\\/schema\\\/person\\\/4e5e264e9906493c8564280dc03dac17\"},\"headline\":\"Escapando de Venezuela: migrante gay construye una nueva vida en Chile, aboga por los derechos LGBTQ+.\",\"datePublished\":\"2024-12-12T11:00:00+00:00\",\"dateModified\":\"2024-12-26T17:41:36+00:00\",\"mainEntityOfPage\":{\"@id\":\"https:\\\/\\\/orato.world\\\/es\\\/2024\\\/12\\\/12\\\/escapando-de-venezuela-migrante-gay-construye-una-nueva-vida-en-chile-aboga-por-los-derechos-lgbtq\\\/\"},\"wordCount\":2134,\"commentCount\":0,\"publisher\":{\"@id\":\"https:\\\/\\\/orato.world\\\/es\\\/#organization\"},\"image\":{\"@id\":\"https:\\\/\\\/orato.world\\\/es\\\/2024\\\/12\\\/12\\\/escapando-de-venezuela-migrante-gay-construye-una-nueva-vida-en-chile-aboga-por-los-derechos-lgbtq\\\/#primaryimage\"},\"thumbnailUrl\":\"https:\\\/\\\/orato.world\\\/wp-content\\\/uploads\\\/Edgar-Colina-Navea-1-1.jpg\",\"keywords\":[\"Chile\",\"inmigraci\u00f3n ilegal\",\"Latinoam\u00e9rica\",\"LGBTQ+\",\"Migrantes venezolanos\",\"Migration\",\"Venezuela\",\"Venezuela Migrant Workers\"],\"articleSection\":[\"Inmigraci\u00f3n\",\"Sexo y g\u00e9nero\"],\"inLanguage\":\"es\",\"potentialAction\":[{\"@type\":\"CommentAction\",\"name\":\"Comment\",\"target\":[\"https:\\\/\\\/orato.world\\\/es\\\/2024\\\/12\\\/12\\\/escapando-de-venezuela-migrante-gay-construye-una-nueva-vida-en-chile-aboga-por-los-derechos-lgbtq\\\/#respond\"]}]},{\"@type\":\"WebPage\",\"@id\":\"https:\\\/\\\/orato.world\\\/es\\\/2024\\\/12\\\/12\\\/escapando-de-venezuela-migrante-gay-construye-una-nueva-vida-en-chile-aboga-por-los-derechos-lgbtq\\\/\",\"url\":\"https:\\\/\\\/orato.world\\\/es\\\/2024\\\/12\\\/12\\\/escapando-de-venezuela-migrante-gay-construye-una-nueva-vida-en-chile-aboga-por-los-derechos-lgbtq\\\/\",\"name\":\"Migrante que huye de Venezuela, aboga por los derechos LGBTQ\",\"isPartOf\":{\"@id\":\"https:\\\/\\\/orato.world\\\/es\\\/#website\"},\"primaryImageOfPage\":{\"@id\":\"https:\\\/\\\/orato.world\\\/es\\\/2024\\\/12\\\/12\\\/escapando-de-venezuela-migrante-gay-construye-una-nueva-vida-en-chile-aboga-por-los-derechos-lgbtq\\\/#primaryimage\"},\"image\":{\"@id\":\"https:\\\/\\\/orato.world\\\/es\\\/2024\\\/12\\\/12\\\/escapando-de-venezuela-migrante-gay-construye-una-nueva-vida-en-chile-aboga-por-los-derechos-lgbtq\\\/#primaryimage\"},\"thumbnailUrl\":\"https:\\\/\\\/orato.world\\\/wp-content\\\/uploads\\\/Edgar-Colina-Navea-1-1.jpg\",\"datePublished\":\"2024-12-12T11:00:00+00:00\",\"dateModified\":\"2024-12-26T17:41:36+00:00\",\"description\":\"Emigrante gay que huye de Venezuela, defiende los derechos LGBTQ+ y ahora anima a otros a abrazar la diversidad\",\"breadcrumb\":{\"@id\":\"https:\\\/\\\/orato.world\\\/es\\\/2024\\\/12\\\/12\\\/escapando-de-venezuela-migrante-gay-construye-una-nueva-vida-en-chile-aboga-por-los-derechos-lgbtq\\\/#breadcrumb\"},\"inLanguage\":\"es\",\"potentialAction\":[{\"@type\":\"ReadAction\",\"target\":[\"https:\\\/\\\/orato.world\\\/es\\\/2024\\\/12\\\/12\\\/escapando-de-venezuela-migrante-gay-construye-una-nueva-vida-en-chile-aboga-por-los-derechos-lgbtq\\\/\"]}]},{\"@type\":\"ImageObject\",\"inLanguage\":\"es\",\"@id\":\"https:\\\/\\\/orato.world\\\/es\\\/2024\\\/12\\\/12\\\/escapando-de-venezuela-migrante-gay-construye-una-nueva-vida-en-chile-aboga-por-los-derechos-lgbtq\\\/#primaryimage\",\"url\":\"https:\\\/\\\/orato.world\\\/wp-content\\\/uploads\\\/Edgar-Colina-Navea-1-1.jpg\",\"contentUrl\":\"https:\\\/\\\/orato.world\\\/wp-content\\\/uploads\\\/Edgar-Colina-Navea-1-1.jpg\",\"width\":1200,\"height\":900,\"caption\":\"Edgar Colina Navea, a 29-year-old Venezuelan LGBTQ+ migrant, is building a stable life in Santiago, Chile. | Photo courtesy of Hans Nourdin\"},{\"@type\":\"BreadcrumbList\",\"@id\":\"https:\\\/\\\/orato.world\\\/es\\\/2024\\\/12\\\/12\\\/escapando-de-venezuela-migrante-gay-construye-una-nueva-vida-en-chile-aboga-por-los-derechos-lgbtq\\\/#breadcrumb\",\"itemListElement\":[{\"@type\":\"ListItem\",\"position\":1,\"name\":\"Home\",\"item\":\"https:\\\/\\\/orato.world\\\/es\\\/\"},{\"@type\":\"ListItem\",\"position\":2,\"name\":\"Escapando de Venezuela: migrante gay construye una nueva vida en Chile, aboga por los derechos LGBTQ+.\"}]},{\"@type\":\"WebSite\",\"@id\":\"https:\\\/\\\/orato.world\\\/es\\\/#website\",\"url\":\"https:\\\/\\\/orato.world\\\/es\\\/\",\"name\":\"Orato\",\"description\":\"True Stories. Real People\",\"publisher\":{\"@id\":\"https:\\\/\\\/orato.world\\\/es\\\/#organization\"},\"potentialAction\":[{\"@type\":\"SearchAction\",\"target\":{\"@type\":\"EntryPoint\",\"urlTemplate\":\"https:\\\/\\\/orato.world\\\/es\\\/?s={search_term_string}\"},\"query-input\":{\"@type\":\"PropertyValueSpecification\",\"valueRequired\":true,\"valueName\":\"search_term_string\"}}],\"inLanguage\":\"es\"},{\"@type\":\"Organization\",\"@id\":\"https:\\\/\\\/orato.world\\\/es\\\/#organization\",\"name\":\"Orato World Media Inc.\",\"url\":\"https:\\\/\\\/orato.world\\\/es\\\/\",\"logo\":{\"@type\":\"ImageObject\",\"inLanguage\":\"es\",\"@id\":\"https:\\\/\\\/orato.world\\\/es\\\/#\\\/schema\\\/logo\\\/image\\\/\",\"url\":\"https:\\\/\\\/orato.world\\\/wp-content\\\/uploads\\\/2020\\\/07\\\/orato-logo-transparent.png\",\"contentUrl\":\"https:\\\/\\\/orato.world\\\/wp-content\\\/uploads\\\/2020\\\/07\\\/orato-logo-transparent.png\",\"width\":78,\"height\":73,\"caption\":\"Orato World Media Inc.\"},\"image\":{\"@id\":\"https:\\\/\\\/orato.world\\\/es\\\/#\\\/schema\\\/logo\\\/image\\\/\"},\"sameAs\":[\"https:\\\/\\\/www.facebook.com\\\/OratoWorld\\\/\",\"https:\\\/\\\/x.com\\\/oratoworld\",\"https:\\\/\\\/www.instagram.com\\\/oratoworld\",\"https:\\\/\\\/www.linkedin.com\\\/company\\\/42308818\\\/\"]},{\"@type\":\"Person\",\"@id\":\"https:\\\/\\\/orato.world\\\/es\\\/#\\\/schema\\\/person\\\/4e5e264e9906493c8564280dc03dac17\",\"name\":\"Hans Nourdin\",\"image\":{\"@type\":\"ImageObject\",\"inLanguage\":\"es\",\"@id\":\"https:\\\/\\\/secure.gravatar.com\\\/avatar\\\/8a77f03e93c57882d2b67bd4f45353bb8371cbd336a81e40c0873d034131b81a?s=96&d=mm&r=g\",\"url\":\"https:\\\/\\\/secure.gravatar.com\\\/avatar\\\/8a77f03e93c57882d2b67bd4f45353bb8371cbd336a81e40c0873d034131b81a?s=96&d=mm&r=g\",\"contentUrl\":\"https:\\\/\\\/secure.gravatar.com\\\/avatar\\\/8a77f03e93c57882d2b67bd4f45353bb8371cbd336a81e40c0873d034131b81a?s=96&d=mm&r=g\",\"caption\":\"Hans Nourdin\"},\"description\":\"Hans Nourdin is a Chilean documentarian, photographer, and writer. He is passionate about storytelling in all its forms. As a freelance writer and photographer, Hans collaborates with various digital media outlets, using his craft to capture compelling narratives and visually striking moments.\",\"url\":\"https:\\\/\\\/orato.world\\\/es\\\/author\\\/hans-nourdin\\\/\"}]}<\/script>\n<!-- \/ Yoast SEO Premium plugin. -->","yoast_head_json":{"title":"Migrante que huye de Venezuela, aboga por los derechos LGBTQ","description":"Emigrante gay que huye de Venezuela, defiende los derechos LGBTQ+ y ahora anima a otros a abrazar la diversidad","robots":{"index":"index","follow":"follow","max-snippet":"max-snippet:-1","max-image-preview":"max-image-preview:large","max-video-preview":"max-video-preview:-1"},"canonical":"https:\/\/orato.world\/es\/2024\/12\/12\/escapando-de-venezuela-migrante-gay-construye-una-nueva-vida-en-chile-aboga-por-los-derechos-lgbtq\/","og_locale":"es_ES","og_type":"article","og_title":"Escapando de Venezuela: migrante gay construye una nueva vida en Chile, aboga por los derechos LGBTQ+.","og_description":"Emigrante gay que huye de Venezuela, defiende los derechos LGBTQ+ y ahora anima a otros a abrazar la diversidad","og_url":"https:\/\/orato.world\/es\/2024\/12\/12\/escapando-de-venezuela-migrante-gay-construye-una-nueva-vida-en-chile-aboga-por-los-derechos-lgbtq\/","og_site_name":"Orato","article_publisher":"https:\/\/www.facebook.com\/OratoWorld\/","article_published_time":"2024-12-12T11:00:00+00:00","article_modified_time":"2024-12-26T17:41:36+00:00","og_image":[{"width":1200,"height":900,"url":"https:\/\/orato.world\/wp-content\/uploads\/Edgar-Colina-Navea-1-1.jpg","type":"image\/jpeg"}],"author":"Hans Nourdin","twitter_card":"summary_large_image","twitter_creator":"@oratoworld","twitter_site":"@oratoworld","twitter_misc":{"Escrito por":"Hans Nourdin","Tiempo de lectura":"11 minutos"},"schema":{"@context":"https:\/\/schema.org","@graph":[{"@type":"NewsArticle","@id":"https:\/\/orato.world\/es\/2024\/12\/12\/escapando-de-venezuela-migrante-gay-construye-una-nueva-vida-en-chile-aboga-por-los-derechos-lgbtq\/#article","isPartOf":{"@id":"https:\/\/orato.world\/es\/2024\/12\/12\/escapando-de-venezuela-migrante-gay-construye-una-nueva-vida-en-chile-aboga-por-los-derechos-lgbtq\/"},"author":{"name":"Hans Nourdin","@id":"https:\/\/orato.world\/es\/#\/schema\/person\/4e5e264e9906493c8564280dc03dac17"},"headline":"Escapando de Venezuela: migrante gay construye una nueva vida en Chile, aboga por los derechos LGBTQ+.","datePublished":"2024-12-12T11:00:00+00:00","dateModified":"2024-12-26T17:41:36+00:00","mainEntityOfPage":{"@id":"https:\/\/orato.world\/es\/2024\/12\/12\/escapando-de-venezuela-migrante-gay-construye-una-nueva-vida-en-chile-aboga-por-los-derechos-lgbtq\/"},"wordCount":2134,"commentCount":0,"publisher":{"@id":"https:\/\/orato.world\/es\/#organization"},"image":{"@id":"https:\/\/orato.world\/es\/2024\/12\/12\/escapando-de-venezuela-migrante-gay-construye-una-nueva-vida-en-chile-aboga-por-los-derechos-lgbtq\/#primaryimage"},"thumbnailUrl":"https:\/\/orato.world\/wp-content\/uploads\/Edgar-Colina-Navea-1-1.jpg","keywords":["Chile","inmigraci\u00f3n ilegal","Latinoam\u00e9rica","LGBTQ+","Migrantes venezolanos","Migration","Venezuela","Venezuela Migrant Workers"],"articleSection":["Inmigraci\u00f3n","Sexo y g\u00e9nero"],"inLanguage":"es","potentialAction":[{"@type":"CommentAction","name":"Comment","target":["https:\/\/orato.world\/es\/2024\/12\/12\/escapando-de-venezuela-migrante-gay-construye-una-nueva-vida-en-chile-aboga-por-los-derechos-lgbtq\/#respond"]}]},{"@type":"WebPage","@id":"https:\/\/orato.world\/es\/2024\/12\/12\/escapando-de-venezuela-migrante-gay-construye-una-nueva-vida-en-chile-aboga-por-los-derechos-lgbtq\/","url":"https:\/\/orato.world\/es\/2024\/12\/12\/escapando-de-venezuela-migrante-gay-construye-una-nueva-vida-en-chile-aboga-por-los-derechos-lgbtq\/","name":"Migrante que huye de Venezuela, aboga por los derechos LGBTQ","isPartOf":{"@id":"https:\/\/orato.world\/es\/#website"},"primaryImageOfPage":{"@id":"https:\/\/orato.world\/es\/2024\/12\/12\/escapando-de-venezuela-migrante-gay-construye-una-nueva-vida-en-chile-aboga-por-los-derechos-lgbtq\/#primaryimage"},"image":{"@id":"https:\/\/orato.world\/es\/2024\/12\/12\/escapando-de-venezuela-migrante-gay-construye-una-nueva-vida-en-chile-aboga-por-los-derechos-lgbtq\/#primaryimage"},"thumbnailUrl":"https:\/\/orato.world\/wp-content\/uploads\/Edgar-Colina-Navea-1-1.jpg","datePublished":"2024-12-12T11:00:00+00:00","dateModified":"2024-12-26T17:41:36+00:00","description":"Emigrante gay que huye de Venezuela, defiende los derechos LGBTQ+ y ahora anima a otros a abrazar la diversidad","breadcrumb":{"@id":"https:\/\/orato.world\/es\/2024\/12\/12\/escapando-de-venezuela-migrante-gay-construye-una-nueva-vida-en-chile-aboga-por-los-derechos-lgbtq\/#breadcrumb"},"inLanguage":"es","potentialAction":[{"@type":"ReadAction","target":["https:\/\/orato.world\/es\/2024\/12\/12\/escapando-de-venezuela-migrante-gay-construye-una-nueva-vida-en-chile-aboga-por-los-derechos-lgbtq\/"]}]},{"@type":"ImageObject","inLanguage":"es","@id":"https:\/\/orato.world\/es\/2024\/12\/12\/escapando-de-venezuela-migrante-gay-construye-una-nueva-vida-en-chile-aboga-por-los-derechos-lgbtq\/#primaryimage","url":"https:\/\/orato.world\/wp-content\/uploads\/Edgar-Colina-Navea-1-1.jpg","contentUrl":"https:\/\/orato.world\/wp-content\/uploads\/Edgar-Colina-Navea-1-1.jpg","width":1200,"height":900,"caption":"Edgar Colina Navea, a 29-year-old Venezuelan LGBTQ+ migrant, is building a stable life in Santiago, Chile. | Photo courtesy of Hans Nourdin"},{"@type":"BreadcrumbList","@id":"https:\/\/orato.world\/es\/2024\/12\/12\/escapando-de-venezuela-migrante-gay-construye-una-nueva-vida-en-chile-aboga-por-los-derechos-lgbtq\/#breadcrumb","itemListElement":[{"@type":"ListItem","position":1,"name":"Home","item":"https:\/\/orato.world\/es\/"},{"@type":"ListItem","position":2,"name":"Escapando de Venezuela: migrante gay construye una nueva vida en Chile, aboga por los derechos LGBTQ+."}]},{"@type":"WebSite","@id":"https:\/\/orato.world\/es\/#website","url":"https:\/\/orato.world\/es\/","name":"Orato","description":"True Stories. Real People","publisher":{"@id":"https:\/\/orato.world\/es\/#organization"},"potentialAction":[{"@type":"SearchAction","target":{"@type":"EntryPoint","urlTemplate":"https:\/\/orato.world\/es\/?s={search_term_string}"},"query-input":{"@type":"PropertyValueSpecification","valueRequired":true,"valueName":"search_term_string"}}],"inLanguage":"es"},{"@type":"Organization","@id":"https:\/\/orato.world\/es\/#organization","name":"Orato World Media Inc.","url":"https:\/\/orato.world\/es\/","logo":{"@type":"ImageObject","inLanguage":"es","@id":"https:\/\/orato.world\/es\/#\/schema\/logo\/image\/","url":"https:\/\/orato.world\/wp-content\/uploads\/2020\/07\/orato-logo-transparent.png","contentUrl":"https:\/\/orato.world\/wp-content\/uploads\/2020\/07\/orato-logo-transparent.png","width":78,"height":73,"caption":"Orato World Media Inc."},"image":{"@id":"https:\/\/orato.world\/es\/#\/schema\/logo\/image\/"},"sameAs":["https:\/\/www.facebook.com\/OratoWorld\/","https:\/\/x.com\/oratoworld","https:\/\/www.instagram.com\/oratoworld","https:\/\/www.linkedin.com\/company\/42308818\/"]},{"@type":"Person","@id":"https:\/\/orato.world\/es\/#\/schema\/person\/4e5e264e9906493c8564280dc03dac17","name":"Hans Nourdin","image":{"@type":"ImageObject","inLanguage":"es","@id":"https:\/\/secure.gravatar.com\/avatar\/8a77f03e93c57882d2b67bd4f45353bb8371cbd336a81e40c0873d034131b81a?s=96&d=mm&r=g","url":"https:\/\/secure.gravatar.com\/avatar\/8a77f03e93c57882d2b67bd4f45353bb8371cbd336a81e40c0873d034131b81a?s=96&d=mm&r=g","contentUrl":"https:\/\/secure.gravatar.com\/avatar\/8a77f03e93c57882d2b67bd4f45353bb8371cbd336a81e40c0873d034131b81a?s=96&d=mm&r=g","caption":"Hans Nourdin"},"description":"Hans Nourdin is a Chilean documentarian, photographer, and writer. He is passionate about storytelling in all its forms. As a freelance writer and photographer, Hans collaborates with various digital media outlets, using his craft to capture compelling narratives and visually striking moments.","url":"https:\/\/orato.world\/es\/author\/hans-nourdin\/"}]}},"modified_by":null,"uagb_featured_image_src":{"full":["https:\/\/orato.world\/wp-content\/uploads\/Edgar-Colina-Navea-1-1.jpg",1200,900,false],"thumbnail":["https:\/\/orato.world\/wp-content\/uploads\/Edgar-Colina-Navea-1-1-100x100.jpg",100,100,true],"medium":["https:\/\/orato.world\/wp-content\/uploads\/Edgar-Colina-Navea-1-1-300x225.jpg",300,225,true],"medium_large":["https:\/\/orato.world\/wp-content\/uploads\/Edgar-Colina-Navea-1-1-770x578.jpg",640,480,true],"large":["https:\/\/orato.world\/wp-content\/uploads\/Edgar-Colina-Navea-1-1-1024x768.jpg",640,480,true],"1536x1536":["https:\/\/orato.world\/wp-content\/uploads\/Edgar-Colina-Navea-1-1.jpg",1200,900,false],"2048x2048":["https:\/\/orato.world\/wp-content\/uploads\/Edgar-Colina-Navea-1-1.jpg",1200,900,false],"gallery-size":["https:\/\/orato.world\/wp-content\/uploads\/Edgar-Colina-Navea-1-1-533x400.jpg",533,400,true],"lets-review-360-240":["https:\/\/orato.world\/wp-content\/uploads\/Edgar-Colina-Navea-1-1-360x240.jpg",360,240,true],"gform-image-choice-sm":["https:\/\/orato.world\/wp-content\/uploads\/Edgar-Colina-Navea-1-1-300x300.jpg",300,300,true],"gform-image-choice-md":["https:\/\/orato.world\/wp-content\/uploads\/Edgar-Colina-Navea-1-1-400x400.jpg",400,400,true],"gform-image-choice-lg":["https:\/\/orato.world\/wp-content\/uploads\/Edgar-Colina-Navea-1-1-600x600.jpg",600,600,true],"awsm_team":["https:\/\/orato.world\/wp-content\/uploads\/Edgar-Colina-Navea-1-1-500x500.jpg",500,500,true]},"uagb_author_info":{"display_name":"Hans Nourdin","author_link":"https:\/\/orato.world\/es\/author\/hans-nourdin\/"},"uagb_comment_info":0,"uagb_excerpt":"Durante mi estancia en Per\u00fa, me declar\u00e9 a mi familia. A pesar de sus creencias conservadoras, me aceptaron y apoyaron, ofreci\u00e9ndome una profunda sensaci\u00f3n de libertad. Por primera vez, sent\u00ed que pod\u00eda abrazarme plenamente. Este periodo supuso un importante autodescubrimiento. Experiment\u00e9 mi primer amor, aprend\u00ed a vivir con autenticidad y explor\u00e9 una vida que parec\u00eda&hellip;","_links":{"self":[{"href":"https:\/\/orato.world\/es\/wp-json\/wp\/v2\/posts\/102491","targetHints":{"allow":["GET"]}}],"collection":[{"href":"https:\/\/orato.world\/es\/wp-json\/wp\/v2\/posts"}],"about":[{"href":"https:\/\/orato.world\/es\/wp-json\/wp\/v2\/types\/post"}],"author":[{"embeddable":true,"href":"https:\/\/orato.world\/es\/wp-json\/wp\/v2\/users\/228"}],"replies":[{"embeddable":true,"href":"https:\/\/orato.world\/es\/wp-json\/wp\/v2\/comments?post=102491"}],"version-history":[{"count":1,"href":"https:\/\/orato.world\/es\/wp-json\/wp\/v2\/posts\/102491\/revisions"}],"predecessor-version":[{"id":102492,"href":"https:\/\/orato.world\/es\/wp-json\/wp\/v2\/posts\/102491\/revisions\/102492"}],"wp:featuredmedia":[{"embeddable":true,"href":"https:\/\/orato.world\/es\/wp-json\/wp\/v2\/media\/101482"}],"wp:attachment":[{"href":"https:\/\/orato.world\/es\/wp-json\/wp\/v2\/media?parent=102491"}],"wp:term":[{"taxonomy":"category","embeddable":true,"href":"https:\/\/orato.world\/es\/wp-json\/wp\/v2\/categories?post=102491"},{"taxonomy":"post_tag","embeddable":true,"href":"https:\/\/orato.world\/es\/wp-json\/wp\/v2\/tags?post=102491"}],"curies":[{"name":"wp","href":"https:\/\/api.w.org\/{rel}","templated":true}]}}