{"id":102505,"date":"2024-12-22T03:00:00","date_gmt":"2024-12-22T11:00:00","guid":{"rendered":"https:\/\/orato.world\/2024\/12\/22\/un-padre-lucha-por-que-se-haga-justicia-tras-la-muerte-de-su-hijo-por-abusos-militares-en-argentina-un-sistema-bajo-la-lupa\/"},"modified":"2024-12-26T10:33:25","modified_gmt":"2024-12-26T18:33:25","slug":"un-padre-lucha-por-que-se-haga-justicia-tras-la-muerte-de-su-hijo-por-abusos-militares-en-argentina-un-sistema-bajo-la-lupa","status":"publish","type":"post","link":"https:\/\/orato.world\/es\/2024\/12\/22\/un-padre-lucha-por-que-se-haga-justicia-tras-la-muerte-de-su-hijo-por-abusos-militares-en-argentina-un-sistema-bajo-la-lupa\/","title":{"rendered":"Un padre lucha por que se haga justicia tras la muerte de su hijo por abusos militares en argentina, un sistema bajo la lupa"},"content":{"rendered":"<div class=\"lets-info-up-wrap  lets-info-up--right lets-info-up--m-1 lets-info-up-skin-1 lets-info-up--side\">\t\t\t<div class=\"lets-info-up\">\r\n\t\t\t<div class=\"lets-info-up-fi\"><img loading=\"lazy\" decoding=\"async\" width=\"500\" height=\"500\" src=\"https:\/\/orato.world\/wp-content\/uploads\/Subject-1-1-2-500x500.jpg\" class=\"attachment-lets-info-up-d1 size-lets-info-up-d1\" alt=\"Ezequiel Chirino is a man marked by unconditional love for his son Mat\u00edas and by a tragedy that transformed his life forever.\" srcset=\"https:\/\/orato.world\/wp-content\/uploads\/Subject-1-1-2-500x500.jpg 500w, https:\/\/orato.world\/wp-content\/uploads\/Subject-1-1-2-300x300.jpg 300w, https:\/\/orato.world\/wp-content\/uploads\/Subject-1-1-2-100x100.jpg 100w, https:\/\/orato.world\/wp-content\/uploads\/Subject-1-1-2-400x400.jpg 400w, https:\/\/orato.world\/wp-content\/uploads\/Subject-1-1-2-150x150.jpg 150w, https:\/\/orato.world\/wp-content\/uploads\/Subject-1-1-2-70x70.jpg 70w, https:\/\/orato.world\/wp-content\/uploads\/Subject-1-1-2-293x293.jpg 293w, https:\/\/orato.world\/wp-content\/uploads\/Subject-1-1-2-600x600.jpg 600w, https:\/\/orato.world\/wp-content\/uploads\/Subject-1-1-2.jpg 694w\" sizes=\"auto, (max-width: 500px) 100vw, 500px\" \/><\/div>\t\t\t<div class=\"lets-info-up-block-wrap\">\r\n\t\t\t\t<div class=\"lets-info-up-block lets-info-up-meta-block\"><div class=\"lets-info-up-meta-title lets-info-up-pretitle font-h\">NOTAS DEL PERIODISTA<\/div><\/div><div class=\"lets-info-up-block lets-info-up-meta-block\"><div class=\"lets-info-up-meta-title lets-info-up-pretitle font-h\">PROTAGONISTA<\/div><div class=\"lets-info-up-meta-content lets-info-up-title font-b\">Ezequiel Chirino, de R\u00edo Cuarto, C\u00f3rdoba, es un hombre definido por su amor inquebrantable a su hijo Mat\u00edas y por una tragedia que cambi\u00f3 su vida para siempre. Padre abnegado, Ezequiel siempre estuvo presente para Mat\u00edas, que hab\u00eda elegido la carrera militar para cumplir sus sue\u00f1os y honrar a su familia. Su v\u00ednculo se basaba en la confianza, la camarader\u00eda y los momentos de orgullo compartidos. La p\u00e9rdida de Mat\u00edas durante un bautismo militar en 2022 destroz\u00f3 el mundo de Ezequiel. Desde entonces, se ha convertido en un incansable defensor de la justicia, enfrent\u00e1ndose a un sistema judicial lento y a una estructura militar que trat\u00f3 de minimizar la tragedia. Canaliza su dolor en una lucha incansable por honrar la memoria de su hijo e impulsar el cambio, decidido a proteger a otros j\u00f3venes de abusos similares.      <\/div><\/div><div class=\"lets-info-up-block lets-info-up-meta-block\"><div class=\"lets-info-up-meta-title lets-info-up-pretitle font-h\">Contexto<\/div><div class=\"lets-info-up-meta-content lets-info-up-title font-b\">Los bautismos militares, concebidos como rituales de iniciaci\u00f3n, han evolucionado hasta convertirse en pr\u00e1cticas abusivas que perjudican a los reclutas, y que implican un exceso de alcohol, desaf\u00edos f\u00edsicos extremos y humillaci\u00f3n p\u00fablica. Estas acciones, enmascaradas como tradici\u00f3n, violan la dignidad y ponen en riesgo la salud f\u00edsica y mental, creando un ambiente t\u00f3xico de abuso de poder. La muerte de <a href=\"https:\/\/eldoce.tv\/actualidad\/2024\/11\/21\/seis-militares-fueron-condenados-por-la-muerte-del-cordobes-matias-chirino-para-los-jueces-no-hubo-homicidio\/\">Mat\u00edas Chirino <\/a>en 2022 puso de manifiesto las tr\u00e1gicas consecuencias de estos rituales, destacando el profundo trauma psicol\u00f3gico que causan. A pesar de que el veredicto del juicio no estuvo a la altura de las expectativas, la familia de Mat\u00edas, con el apoyo de su abogado, el Dr. Oro, decidi\u00f3 apelar, decidida a buscar justicia y garantizar que los responsables rindieran cuentas. Su lucha por la memoria de Mat\u00edas y por un sistema libre de abusos contin\u00faa, pues se niegan a que su muerte caiga en el olvido.    <br><\/div><\/div>\t\t\t<\/div>\r\n\t\t\t<\/div>\r\n\t\t<\/div>\r\n\t\t\n<p>PASO DE LOS LIBRES, Argentina &#8211; Nuestra familia aliment\u00f3 sue\u00f1os y ambiciones compartidos, estrechamente unidos por el amor y la confianza. Desde muy peque\u00f1o, mi hijo Mat\u00edas se preocup\u00f3 por los dem\u00e1s de forma silenciosa pero profunda. Sensible, protector y decidido, hablaba de sus sue\u00f1os con claridad y valent\u00eda. Su noble esp\u00edritu le llev\u00f3 a seguir la carrera militar, no como un trabajo, sino como una misi\u00f3n para servir, proteger y honrar a las personas que amaba.   <\/p>\n\n<p>Una noche, me sent\u00e9 a esperar, ansioso por escuchar su voz y las historias que siempre compart\u00eda tan abiertamente. Son\u00f3 el tel\u00e9fono. Mi coraz\u00f3n dio un salto, esper\u00e1ndole. En su lugar, una voz fr\u00eda y distante cort\u00f3 el aire: \u00abVenga al hospital. Su hijo ha muerto\u00bb. Todo a mi alrededor se desvaneci\u00f3. El ruido se convirti\u00f3 en silencio. Se me oprimi\u00f3 el pecho, se me hel\u00f3 el coraz\u00f3n y la habitaci\u00f3n pareci\u00f3 derrumbarse.      <\/p>\n\n<p><a href=\"https:\/\/orato.world\/?s=Argentina\"><em><strong>Lea m\u00e1s reportajes de Argentina en Orato World Media.<\/strong><\/em><\/a><\/p>\n\n<h2 class=\"wp-block-heading\" id=\"h-man-watches-son-struggle-with-an-unfair-order-at-the-start-of-his-military-journey\"><strong>Un hombre ve a su hijo luchar contra una orden injusta al comienzo de su carrera militar<\/strong><\/h2>\n\n<p>Vi crecer a Mat\u00edas en R\u00edo Cuarto, C\u00f3rdoba, una ciudad donde las calles arboladas se encuentran con la calidez de su gente. Rodeado de monta\u00f1as y campos, pas\u00f3 su infancia jugando al f\u00fatbol y charlando con amigos en la vereda. R\u00edo Cuarto guarda una esencia especial donde las historias personales se entrelazan con la comunidad. Viviendo all\u00ed, Mat\u00edas absorbi\u00f3 el valor de la cercan\u00eda, el respeto por el trabajo duro y una profunda conexi\u00f3n con los sue\u00f1os.   <\/p>\n\n<p>Desde muy joven, Mat\u00edas pens\u00f3 en seguir la carrera militar para marcar la diferencia. Los d\u00edas previos a su alistamiento le llenaron de nervios y emociones. A menudo contaba c\u00f3mo sent\u00eda el peso de la responsabilidad y el impulso de superarse a s\u00ed mismo. Recuerdo nuestras conversaciones sobre lo que significaba llevar un uniforme, los retos que supondr\u00eda y el honor que representaba. Orgulloso, estuve a su lado, vi\u00e9ndole transformarse en el hombre que lleg\u00f3 a ser.    <\/p>\n\n<p>El 18 de junio de 2022, Mat\u00edas recibi\u00f3 un mensaje que lo cambi\u00f3 todo. Mientras est\u00e1bamos juntos, lo ley\u00f3 en voz alta: \u00abSi no vienes, vas a empezar tu carrera con mal pie\u00bb. Sus superiores en el Ej\u00e9rcito le enviaron el mensaje como una orden velada, indic\u00e1ndole que llegara dos d\u00edas antes a la unidad militar de Paso de los Libres, Corrientes, a m\u00e1s de 800 kil\u00f3metros de su casa, para asistir a una supuesta ceremonia de bienvenida. La reuni\u00f3n no era oficial, ni la instituci\u00f3n la hab\u00eda autorizado. En cambio, un grupo de oficiales la impuso como un ritual no escrito para poner a prueba la sumisi\u00f3n.    <\/p>\n\n<p>Mat\u00edas me mir\u00f3, con voz firme, pero clara inquietud. \u00abPap\u00e1, no quiero problemas. Me tengo que ir\u00bb, dijo con resignaci\u00f3n. Su sue\u00f1o de comenzar su carrera en el Ej\u00e9rcito sin contratiempos le empujaba a cumplir una exigencia injusta, aunque en el fondo sab\u00eda que estaba mal.  <\/p>\n\n<h2 class=\"wp-block-heading\" id=\"h-superiors-demand-costly-drinks-from-matias\"><strong>Los superiores exigen bebidas caras a Mat\u00edas<\/strong><\/h2>\n\n<p>Aquella tarde transcurri\u00f3 en silencio mientras nos prepar\u00e1bamos. Impusieron exigencias absurdas, obligando a Mat\u00edas a comprar y llevar bebidas caras -vinos, whiskies, cervezas de marca- y una cantidad desmesurada de comida. Mat\u00edas no se quejaba mientras reun\u00eda dinero de donde pod\u00eda. Vi\u00e9ndole hacer malabarismos con las bolsas, me sent\u00ed impotente, testigo silencioso de una injusticia. Al marcharse, Mat\u00edas dijo: \u00abVoy a estar bien, pap\u00e1\u00bb. Le vi cargar el coche. Cada bolsa parec\u00eda pesarle m\u00e1s en el alma que en los brazos. Al alejarse, su figura se desvaneci\u00f3 r\u00e1pidamente en el horizonte, pero una sombra de angustia permaneci\u00f3 en el aire.       <\/p>\n\n<p>Por la noche, el sue\u00f1o me era esquivo. Las horas se alargaban mientras mi mente repet\u00eda todos los escenarios posibles. Lleg\u00f3 a Paso de los Libres al anochecer y su llamada me apret\u00f3 el coraz\u00f3n. \u00abPap\u00e1, estoy aqu\u00ed\u00bb, dijo, pero su voz no parec\u00eda la suya. Sonaba quebrada. Dijo que hab\u00eda entregado todo, hablando en un tono seco y mec\u00e1nico, como si se convenciera de que era una formalidad m\u00e1s.     <\/p>\n\n<p>Entonces, dijo algo que nunca olvidar\u00e9: \u00abMe dijeron que estuviera preparado, que la noche acaba de empezar\u00bb. Baj\u00f3 la voz, como si temiera que alguien pudiera o\u00edrle. \u00abPap\u00e1, dime que esto es normal\u00bb, me dijo. Quer\u00eda decirle la verdad: nada de lo que le ped\u00edan sus superiores me parec\u00eda normal. Pero no pod\u00eda. No quer\u00eda aumentar su miedo. \u00abMat\u00edas, aguanta, esto pasar\u00e1\u00bb, le respond\u00ed, aunque sab\u00eda que esas palabras ofrec\u00edan poco consuelo.      <\/p>\n\n<p>Terminamos la llamada, prometiendo hablar al d\u00eda siguiente, pero un fuerte malestar se instal\u00f3 en mi pecho. No sab\u00eda que \u00e9sa ser\u00eda la \u00faltima vez que oir\u00eda su voz. Cuando termin\u00f3 la llamada, me qued\u00e9 helada con el tel\u00e9fono en la mano.   <\/p>\n\n<h2 class=\"wp-block-heading\" id=\"h-on-father-s-day-son-s-promise-fades-as-tragedy-strikes\"><strong>En el D\u00eda del Padre, la promesa de un hijo se desvanece con la tragedia<\/strong><\/h2>\n\n<p>Al d\u00eda siguiente era el D\u00eda del Padre, un d\u00eda de abrazos, risas y momentos compartidos que siempre apreciamos. Planeamos cocinar algo especial, hablar de sus sue\u00f1os y saborear nuestro tiempo juntos. Mi flaco prometi\u00f3 llamarme, un peque\u00f1o gesto que demostraba lo mucho que valoraba seguir conectado, incluso a distancia.  <\/p>\n\n<p>Esper\u00e9 ansiosamente o\u00edr su voz, pero la llamada nunca lleg\u00f3. En su lugar, otra llamada destroz\u00f3 mi mundo. Una voz fr\u00eda e indiferente me dijo lo impensable: \u00abVenga al hospital, su hijo ha muerto\u00bb. En ese momento, todo se derrumb\u00f3. Los sonidos a mi alrededor se desvanecieron, mi coraz\u00f3n se congel\u00f3 y la habitaci\u00f3n se convirti\u00f3 en un caos cuando el tel\u00e9fono se me escap\u00f3 de las manos. Las palabras resonaban implacables en mi mente: \u00abTu hijo ha muerto\u00bb.     <\/p>\n\n<p>Mat\u00edas, mi hijo, mi orgullo, me hab\u00eda prometido la noche anterior que todo ir\u00eda bien. Ahora, se hab\u00eda ido. Intent\u00e9 respirar, aferrarme a algo real, pero un abismo se abri\u00f3 bajo mis pies. Quise gritar, pero la pena se hundi\u00f3 demasiado, dej\u00e1ndome sin voz. Un vac\u00edo sin precedentes me consum\u00eda.   <\/p>\n\n<p>Sali\u00f3 de casa apenas dos d\u00edas antes, con sus sue\u00f1os brillando intensamente. Ahora, la oscuridad se lo tragaba todo. Nadie me daba respuestas. Se limitaron a repetirme: \u00abVenga al hospital\u00bb, como si esa palabra pudiera aliviar el tormento que me atenazaba. \u00abSu hijo ha muerto\u00bb.     Nada m\u00e1s. Ninguna explicaci\u00f3n.<\/p>\n\n<p>El peso de su silencio me aplastaba, y cada pregunta sin respuesta agravaba mi angustia. No me dejaron m\u00e1s que un dolor insoportable, mientras la verdad -fuera cual fuese- permanec\u00eda cruelmente fuera de mi alcance. <\/p>\n\n<h2 class=\"wp-block-heading\" id=\"h-father-s-agony-grows-as-authorities-offer-no-answers-about-son-s-death\"><strong>Crece la agon\u00eda de un padre mientras las autoridades no ofrecen respuestas sobre la muerte de su hijo<\/strong><\/h2>\n\n<p>El camino hasta el hospital se hizo interminable, cada segundo era un tormento. Mi mente se agitaba, buscando respuestas desesperadamente. Cuando llegu\u00e9, un agente me esperaba con el rostro inexpresivo y una actitud fr\u00eda. Me invadi\u00f3 una ola de fr\u00edo que me hel\u00f3 el pecho, como si mi cuerpo intentara protegerme de lo que estaba a punto de o\u00edr.   <\/p>\n\n<p>\u00abSu hijo est\u00e1 muerto\u00bb, dijo, con palabras rob\u00f3ticas y huecas. Quise gritar, exigir respuestas, pero me fall\u00f3 la voz. Nadie me escuch\u00f3. Nadie daba explicaciones. Era como si Mat\u00edas, mi hijo, se hubiera convertido en una v\u00edctima m\u00e1s, una estad\u00edstica m\u00e1s de un sistema despiadado.    <\/p>\n\n<p>Me llevaron a la morgue. Me temblaron las rodillas al ver a Mat\u00edas tendido sin vida sobre la fr\u00eda mesa. Su rostro parec\u00eda tranquilo, pero ten\u00eda una marca que nunca pens\u00e9 que ver\u00eda. Los soldados estaban cerca, observ\u00e1ndome con expresi\u00f3n indiferente, con un silencio m\u00e1s pesado que las palabras.   <\/p>\n\n<p><\/p>\n\n<figure class=\"wp-block-gallery aligncenter has-nested-images columns-default is-cropped wp-block-gallery-1 is-layout-flex wp-block-gallery-is-layout-flex\">\n<figure class=\"wp-block-image size-large\"><img loading=\"lazy\" decoding=\"async\" width=\"656\" height=\"1024\" data-id=\"102161\" src=\"https:\/\/orato.world\/wp-content\/uploads\/Argentina-2-656x1024.jpg\" alt=\"\" class=\"wp-image-102161\" srcset=\"https:\/\/orato.world\/wp-content\/uploads\/Argentina-2-656x1024.jpg 656w, https:\/\/orato.world\/wp-content\/uploads\/Argentina-2-192x300.jpg 192w, https:\/\/orato.world\/wp-content\/uploads\/Argentina-2-770x1203.jpg 770w, https:\/\/orato.world\/wp-content\/uploads\/Argentina-2-984x1536.jpg 984w, https:\/\/orato.world\/wp-content\/uploads\/Argentina-2-256x400.jpg 256w, https:\/\/orato.world\/wp-content\/uploads\/Argentina-2.jpg 1280w\" sizes=\"auto, (max-width: 656px) 100vw, 656px\" \/><\/figure>\n\n\n\n<figure class=\"wp-block-image size-large\"><img loading=\"lazy\" decoding=\"async\" width=\"768\" height=\"1024\" data-id=\"102165\" src=\"https:\/\/orato.world\/wp-content\/uploads\/Argentina-3-768x1024.jpg\" alt=\"\" class=\"wp-image-102165\" srcset=\"https:\/\/orato.world\/wp-content\/uploads\/Argentina-3-768x1024.jpg 768w, https:\/\/orato.world\/wp-content\/uploads\/Argentina-3-225x300.jpg 225w, https:\/\/orato.world\/wp-content\/uploads\/Argentina-3-770x1027.jpg 770w, https:\/\/orato.world\/wp-content\/uploads\/Argentina-3-1152x1536.jpg 1152w, https:\/\/orato.world\/wp-content\/uploads\/Argentina-3-300x400.jpg 300w, https:\/\/orato.world\/wp-content\/uploads\/Argentina-3.jpg 1280w\" sizes=\"auto, (max-width: 768px) 100vw, 768px\" \/><\/figure>\n<figcaption class=\"blocks-gallery-caption wp-element-caption\">Mat\u00edas fue sometido a un consumo excesivo de alcohol y a humillaciones por parte de los soldados, lo que provoc\u00f3 su muerte. <strong>| Foto cortes\u00eda de Ezequiel Chirino<\/strong><\/figcaption><\/figure>\n\n<p><\/p>\n\n<p>Un soldado se acerc\u00f3 finalmente, hablando en un tono carente de empat\u00eda: \u00abSu hijo muri\u00f3 de asfixia, broncoaspiraci\u00f3n\u00bb. Las palabras no significaban nada. No ofrec\u00edan ninguna explicaci\u00f3n, ninguna claridad sobre c\u00f3mo hab\u00eda sucedido o por qu\u00e9. S\u00f3lo compart\u00edan lo m\u00ednimo, como si eso por s\u00ed solo pudiera satisfacer el dolor de un padre.   <\/p>\n\n<p>Un vac\u00edo abrumador me consum\u00eda, el peso de su crueldad aplastaba mi esp\u00edritu. \u00bfQu\u00e9 ocurri\u00f3 aquella noche? \u00bfC\u00f3mo acab\u00f3 as\u00ed? \u00bfPor qu\u00e9 nadie se preocup\u00f3 por \u00e9l? No obtuve respuestas. Los militares presentaron su historia como si el asunto estuviera cerrado, pero para m\u00ed nada ten\u00eda sentido.     <\/p>\n\n<h2 class=\"wp-block-heading\" id=\"h-young-man-dies-after-enduring-brutal-treatment-in-military\"><strong>Muere un joven tras sufrir un trato brutal en el ej\u00e9rcito<\/strong><\/h2>\n\n<p>Mat\u00edas no muri\u00f3 sin m\u00e1s: alguien le abandon\u00f3 a un destino imperdonable. La verdad qued\u00f3 enterrada bajo palabras huecas y un silencio evasivo. Mientras estaba all\u00ed, mi coraz\u00f3n se hizo a\u00f1icos, sabiendo que mi hijo merec\u00eda mucho m\u00e1s que el trato fr\u00edo e indiferente que recibi\u00f3.  <\/p>\n\n<p>M\u00e1s tarde, los compa\u00f1eros de Mat\u00edas, que estaban con \u00e9l aquella noche, se acercaron a m\u00ed. Les temblaba la voz y se les llenaban los ojos de l\u00e1grimas al revelarme la verdad de lo sucedido. Nada m\u00e1s llegar, les obligaron a beber cantidades excesivas de alcohol -whisky, vino mezclado con sal y cerveza-, no como rito sino como castigo. Mat\u00edas intent\u00f3 obedecer, pero su cuerpo no tard\u00f3 en rendirse. Vomitaba despu\u00e9s de cada trago, mientras le obligaban a cantar himnos militares. Sus palabras se arrastraban, su voz era d\u00e9bil, pero segu\u00edan d\u00e1ndole \u00f3rdenes.     <\/p>\n\n<p>Nadie mostr\u00f3 compasi\u00f3n, nadie detuvo la escalada de abusos. Los soldados humillaron a Mat\u00edas, trat\u00e1ndolo como si su vida no tuviera valor. Lo arrojaron a una piscina helada y despu\u00e9s a un colch\u00f3n mugriento, dej\u00e1ndolo exhausto. Lo abandonaron, lo dejaron desatendido y nunca comprobaron si respiraba o si su vida corr\u00eda peligro. Ignor\u00e1ndolo por completo, lo trataron como si fuera desechable.    <\/p>\n\n<p>Mientras Mat\u00edas yac\u00eda inconsciente, los dem\u00e1s continuaron su ceremonia. Esa imagen de mi hijo, solo y desprotegido, me persigue cada d\u00eda. Pensar que nadie le ayud\u00f3 en sus \u00faltimos momentos me rompe por dentro. Era el comienzo de su prometedora carrera, pero sus superiores le sometieron a una crueldad inimaginable. Horas despu\u00e9s, lo encontraron sin vida, asfixiado en su v\u00f3mito.    <\/p>\n\n<h2 class=\"wp-block-heading\" id=\"h-a-father-s-battle-against-a-system-that-shields-the-guilty\"><strong>La batalla de un padre contra un sistema que blinda a los culpables<\/strong><\/h2>\n\n<p>Mat\u00edas era mi orgullo, un joven lleno de sue\u00f1os que merec\u00eda mucho m\u00e1s que esto. Cada imagen que reproduzco en mi mente me hunde m\u00e1s en un abismo de dolor y rabia. Vi el terror en los ojos de sus compa\u00f1eros. Por desgracia, Mat\u00edas fue v\u00edctima de una monstruosidad brutal. Una ira feroz me silenci\u00f3 mientras deseaba que todo fuera una pesadilla de la que pudiera despertar, pero no era as\u00ed. Era real: Mat\u00edas hab\u00eda muerto.     <\/p>\n\n<p>Desde que perdimos a Mat\u00edas, me enfrent\u00e9 a amenazas, miradas indiferentes y la fr\u00eda indiferencia de un sistema que se negaba a reconocer el sufrimiento de nuestra familia. Tras la muerte de Mat\u00edas, comenc\u00e9 un interminable proceso judicial. Desde el principio, me enfrent\u00e9 a un aluvi\u00f3n de apat\u00eda, retrasos y obst\u00e1culos, ya que los responsables intentaron retrasar el proceso todo lo posible.  <\/p>\n\n<p>Sin embargo, apareci\u00f3 un rayo de esperanza cuando un coronel, un hombre al que no conoc\u00eda, se acerc\u00f3 a m\u00ed. Tras enterarse de los malos tratos sufridos por Mat\u00edas, prometi\u00f3 hacer todo lo que estuviera en su mano para sacar a la luz la verdad. Este hombre no s\u00f3lo intervino en la investigaci\u00f3n, sino que tambi\u00e9n protegi\u00f3 a los testigos y aisl\u00f3 a los responsables para evitar m\u00e1s presiones.  <\/p>\n\n<p>A medida que pasaba el tiempo, cada paso del juicio revelaba una realidad m\u00e1s dura de lo que imaginaba. El proceso judicial se convirti\u00f3 en una pesadilla, cada d\u00eda m\u00e1s larga. Desde el momento en que supe la verdad, empec\u00e9 a luchar contra los poderosos. El sistema proteg\u00eda a los responsables, en lugar de apoyarnos a nosotros, los que busc\u00e1bamos justicia.    <\/p>\n\n<p>Amenazando a los testigos, los culpables manipulaban los hechos y presionaban a los valientes que se atrev\u00edan a hablar. Los primeros d\u00edas fueron ca\u00f3ticos, llenos de declaraciones y presiones que me asfixiaban. Sin duda, el proceso fue doloroso, no solo por lo que significaba para m\u00ed como padre, sino tambi\u00e9n porque por el camino descubrimos verdades inquietantes.  <\/p>\n\n<h2 class=\"wp-block-heading\" id=\"h-matias-family-fights-on-after-court-s-eight-year-sentence\"><strong>La familia de Mat\u00edas sigue luchando tras la condena de ocho a\u00f1os del tribunal<\/strong><\/h2>\n\n<p>En el juicio, la acusaci\u00f3n present\u00f3 testimonios desgarradores. Cuando los compa\u00f1eros de Mat\u00edas testificaron, algunos hablaron con miedo, otros entre l\u00e1grimas. Sus relatos revelaron el bautismo como una serie de abusos brutales. Obligaban a los j\u00f3venes a beber cantidades excesivas de alcohol, a soportar ejercicios agotadores y a sufrir humillaciones despiadadas. Mat\u00edas tambi\u00e9n lo sufri\u00f3, pero fue el \u00fanico que no sobrevivi\u00f3.    <\/p>\n\n<p>La verdad sobre aquella noche, los abusos y la tortura, salieron a la luz, pero por cada paso hacia la justicia, otro se desvanec\u00eda. La emoci\u00f3n era indescriptible. Al sentirme impotente y frustrada, percib\u00ed que el sistema militar se centraba m\u00e1s en protegerse a s\u00ed mismo que en condenar los verdaderos hechos.  <\/p>\n\n<p>Las palabras de los testigos, las pruebas presentadas y la autopsia que confirm\u00f3 las torturas sufridas por Mat\u00edas me parecieron m\u00e1s tr\u00e1mites que pasos hacia una justicia real. Aun as\u00ed, cada doloroso paso adelante me daba fuerzas para continuar. No s\u00f3lo quer\u00eda que los responsables pagaran, quer\u00eda asegurarme de que ning\u00fan otro joven experimentara lo que le ocurri\u00f3 a Mat\u00edas. Sin embargo, con cada paso, el peso de la p\u00e9rdida de mi hijo persist\u00eda como una sombra ineludible.   <\/p>\n\n<p>El 21 de noviembre de 2024, el juicio por la muerte de Mat\u00edas lleg\u00f3 a su fin, dej\u00e1ndonos un sabor amargo en la boca. Cuando el tribunal dict\u00f3 la sentencia por la muerte de Mat\u00edas, sent\u00ed una desgarradora mezcla de rabia, decepci\u00f3n y vac\u00edo. El tribunal conden\u00f3 a seis de los nueve acusados a ocho a\u00f1os de prisi\u00f3n. El tribunal no les conden\u00f3 por homicidio, como ped\u00edamos, sino por abandono de persona con abuso de autoridad. Escuchar la sentencia me revolvi\u00f3 el alma. \u00bfC\u00f3mo pod\u00edan llamar a esto justicia?     <\/p>\n\n<h2 class=\"wp-block-heading\" id=\"h-fighting-for-justice-to-honor-matias-memory\"><strong>Luchar por la justicia para honrar la memoria de Mat\u00edas<\/strong><\/h2>\n\n<p>Tr\u00e1gicamente, quienes deber\u00edan haber guiado a mi hijo le causaron la muerte. Le sometieron a crueles abusos y le dejaron morir solo. Ocho a\u00f1os no pueden deshacer el da\u00f1o ni llenar el vac\u00edo que dejaron en nuestra familia. Trataron su vida como si no tuviera valor. Aunque pedimos 20 a\u00f1os de c\u00e1rcel, el tribunal no nos los concedi\u00f3. Ahora recurriremos la sentencia.     <\/p>\n\n<p>Este juicio no es s\u00f3lo una batalla legal; es una lucha para preservar la memoria de Mat\u00edas. Luchamos por todos los j\u00f3venes maltratados y traicionados por un sistema destinado a protegerlos. Mientras las autoridades mantienen a los acusados en prisi\u00f3n, algunos siguen negando su responsabilidad a pesar de las abrumadoras pruebas. Yo sigo por Mat\u00edas, asegur\u00e1ndome de que se escuche su historia y de que ning\u00fan otro joven corra la misma suerte.   <\/p>\n\n<p>Siento la ausencia de Mat\u00edas todos los d\u00edas y, sin embargo, cuando cierro los ojos, le veo entrar por nuestra puerta, lleno de sue\u00f1os, con su sonrisa iluminando la habitaci\u00f3n. La justicia no es un acto aislado, sino un largo y arduo camino que nos negamos a abandonar. Cada paso que damos hacia la verdad honra la vida y la dignidad de Mat\u00edas.  <\/p>\n\n<p>Por mucho tiempo que pase o por mucho que intenten silenciarnos, persistiremos. La muerte de Mat\u00edas no puede ser en vano. Si tengo que enfrentarme solo a todo un sistema, lo har\u00e9 con la fuerza que \u00e9l me dio. La verdad debe salir a la luz y la justicia debe prevalecer. Aunque mi hijo ya no est\u00e9, su memoria sigue viva. Esta lucha es por Mat\u00edas y por todos aquellos que sufren en silencio, a quienes se niega la justicia que merecen.     <\/p>\n","protected":false},"excerpt":{"rendered":"<p>Esper\u00e9 ansiosamente o\u00edr su voz, pero la llamada nunca lleg\u00f3. En su lugar, otra llamada destroz\u00f3 mi mundo. Una voz fr\u00eda e indiferente me dijo lo impensable: \u00abVenga al hospital, su hijo ha muerto\u00bb. En ese momento, todo se derrumb\u00f3. Los sonidos a mi alrededor se desvanecieron, mi coraz\u00f3n se congel\u00f3 y la habitaci\u00f3n se convirti\u00f3 en un caos cuando el tel\u00e9fono se me escap\u00f3 de las manos. Las palabras resonaban implacables en mi mente: \u00abTu hijo ha muerto\u00bb.     <\/p>\n","protected":false},"author":28,"featured_media":102157,"comment_status":"open","ping_status":"open","sticky":false,"template":"","format":"standard","meta":{"_acf_changed":false,"_uag_custom_page_level_css":"","_lmt_disableupdate":"","_lmt_disable":"","footnotes":""},"categories":[260,874],"tags":[193,10010,2214,10011,4804,6944],"class_list":["post-102505","post","type-post","status-publish","format-standard","has-post-thumbnail","hentry","category-conflicto","category-crimen-y-corrupcion-es","tag-argentina-es","tag-bautismo","tag-latinoamerica","tag-militares-argentinos","tag-ritual-religioso","tag-veteranos-del-ejercito"],"acf":[],"yoast_head":"<!-- This site is optimized with the Yoast SEO Premium plugin v27.5 (Yoast SEO v27.5) - https:\/\/yoast.com\/product\/yoast-seo-premium-wordpress\/ -->\n<title>Un padre lucha por que se haga justicia tras la muerte de su hijo por abusos militares<\/title>\n<meta name=\"description\" content=\"Un padre argentino lucha por que se haga justicia tras la tr\u00e1gica muerte de su hijo durante un ritual de iniciaci\u00f3n militar, poniendo al descubierto abusos sist\u00e9micos.\" \/>\n<meta name=\"robots\" content=\"index, follow, max-snippet:-1, max-image-preview:large, max-video-preview:-1\" \/>\n<link rel=\"canonical\" href=\"https:\/\/orato.world\/es\/2024\/12\/22\/un-padre-lucha-por-que-se-haga-justicia-tras-la-muerte-de-su-hijo-por-abusos-militares-en-argentina-un-sistema-bajo-la-lupa\/\" \/>\n<meta property=\"og:locale\" content=\"es_ES\" \/>\n<meta property=\"og:type\" content=\"article\" \/>\n<meta property=\"og:title\" content=\"Un padre lucha por que se haga justicia tras la muerte de su hijo por abusos militares en argentina, un sistema bajo la lupa\" \/>\n<meta property=\"og:description\" content=\"Un padre argentino lucha por que se haga justicia tras la tr\u00e1gica muerte de su hijo durante un ritual de iniciaci\u00f3n militar, poniendo al descubierto abusos sist\u00e9micos.\" \/>\n<meta property=\"og:url\" content=\"https:\/\/orato.world\/es\/2024\/12\/22\/un-padre-lucha-por-que-se-haga-justicia-tras-la-muerte-de-su-hijo-por-abusos-militares-en-argentina-un-sistema-bajo-la-lupa\/\" \/>\n<meta property=\"og:site_name\" content=\"Orato\" \/>\n<meta property=\"article:publisher\" content=\"https:\/\/www.facebook.com\/OratoWorld\/\" \/>\n<meta property=\"article:published_time\" content=\"2024-12-22T11:00:00+00:00\" \/>\n<meta property=\"article:modified_time\" content=\"2024-12-26T18:33:25+00:00\" \/>\n<meta property=\"og:image\" content=\"https:\/\/orato.world\/wp-content\/uploads\/Argentina-1-1.jpg\" \/>\n\t<meta property=\"og:image:width\" content=\"1280\" \/>\n\t<meta property=\"og:image:height\" content=\"960\" \/>\n\t<meta property=\"og:image:type\" content=\"image\/jpeg\" \/>\n<meta name=\"author\" content=\"Mariela Laksman\" \/>\n<meta name=\"twitter:card\" content=\"summary_large_image\" \/>\n<meta name=\"twitter:creator\" content=\"@oratoworld\" \/>\n<meta name=\"twitter:site\" content=\"@oratoworld\" \/>\n<meta name=\"twitter:label1\" content=\"Escrito por\" \/>\n\t<meta name=\"twitter:data1\" content=\"Mariela Laksman\" \/>\n\t<meta name=\"twitter:label2\" content=\"Tiempo de lectura\" \/>\n\t<meta name=\"twitter:data2\" content=\"14 minutos\" \/>\n<script type=\"application\/ld+json\" class=\"yoast-schema-graph\">{\"@context\":\"https:\\\/\\\/schema.org\",\"@graph\":[{\"@type\":\"NewsArticle\",\"@id\":\"https:\\\/\\\/orato.world\\\/es\\\/2024\\\/12\\\/22\\\/un-padre-lucha-por-que-se-haga-justicia-tras-la-muerte-de-su-hijo-por-abusos-militares-en-argentina-un-sistema-bajo-la-lupa\\\/#article\",\"isPartOf\":{\"@id\":\"https:\\\/\\\/orato.world\\\/es\\\/2024\\\/12\\\/22\\\/un-padre-lucha-por-que-se-haga-justicia-tras-la-muerte-de-su-hijo-por-abusos-militares-en-argentina-un-sistema-bajo-la-lupa\\\/\"},\"author\":{\"name\":\"Mariela Laksman\",\"@id\":\"https:\\\/\\\/orato.world\\\/es\\\/#\\\/schema\\\/person\\\/d4a4a9a63551641850068c20e93613a5\"},\"headline\":\"Un padre lucha por que se haga justicia tras la muerte de su hijo por abusos militares en argentina, un sistema bajo la lupa\",\"datePublished\":\"2024-12-22T11:00:00+00:00\",\"dateModified\":\"2024-12-26T18:33:25+00:00\",\"mainEntityOfPage\":{\"@id\":\"https:\\\/\\\/orato.world\\\/es\\\/2024\\\/12\\\/22\\\/un-padre-lucha-por-que-se-haga-justicia-tras-la-muerte-de-su-hijo-por-abusos-militares-en-argentina-un-sistema-bajo-la-lupa\\\/\"},\"wordCount\":2817,\"commentCount\":0,\"publisher\":{\"@id\":\"https:\\\/\\\/orato.world\\\/es\\\/#organization\"},\"image\":{\"@id\":\"https:\\\/\\\/orato.world\\\/es\\\/2024\\\/12\\\/22\\\/un-padre-lucha-por-que-se-haga-justicia-tras-la-muerte-de-su-hijo-por-abusos-militares-en-argentina-un-sistema-bajo-la-lupa\\\/#primaryimage\"},\"thumbnailUrl\":\"https:\\\/\\\/orato.world\\\/wp-content\\\/uploads\\\/Argentina-1-1.jpg\",\"keywords\":[\"Argentina\",\"bautismo\",\"Latinoam\u00e9rica\",\"Militares argentinos\",\"Ritual religioso\",\"veteranos del ej\u00e9rcito\"],\"articleSection\":[\"Conflicto\",\"Crimen y corrupci\u00f3n\"],\"inLanguage\":\"es\",\"potentialAction\":[{\"@type\":\"CommentAction\",\"name\":\"Comment\",\"target\":[\"https:\\\/\\\/orato.world\\\/es\\\/2024\\\/12\\\/22\\\/un-padre-lucha-por-que-se-haga-justicia-tras-la-muerte-de-su-hijo-por-abusos-militares-en-argentina-un-sistema-bajo-la-lupa\\\/#respond\"]}]},{\"@type\":\"WebPage\",\"@id\":\"https:\\\/\\\/orato.world\\\/es\\\/2024\\\/12\\\/22\\\/un-padre-lucha-por-que-se-haga-justicia-tras-la-muerte-de-su-hijo-por-abusos-militares-en-argentina-un-sistema-bajo-la-lupa\\\/\",\"url\":\"https:\\\/\\\/orato.world\\\/es\\\/2024\\\/12\\\/22\\\/un-padre-lucha-por-que-se-haga-justicia-tras-la-muerte-de-su-hijo-por-abusos-militares-en-argentina-un-sistema-bajo-la-lupa\\\/\",\"name\":\"Un padre lucha por que se haga justicia tras la muerte de su hijo por abusos militares\",\"isPartOf\":{\"@id\":\"https:\\\/\\\/orato.world\\\/es\\\/#website\"},\"primaryImageOfPage\":{\"@id\":\"https:\\\/\\\/orato.world\\\/es\\\/2024\\\/12\\\/22\\\/un-padre-lucha-por-que-se-haga-justicia-tras-la-muerte-de-su-hijo-por-abusos-militares-en-argentina-un-sistema-bajo-la-lupa\\\/#primaryimage\"},\"image\":{\"@id\":\"https:\\\/\\\/orato.world\\\/es\\\/2024\\\/12\\\/22\\\/un-padre-lucha-por-que-se-haga-justicia-tras-la-muerte-de-su-hijo-por-abusos-militares-en-argentina-un-sistema-bajo-la-lupa\\\/#primaryimage\"},\"thumbnailUrl\":\"https:\\\/\\\/orato.world\\\/wp-content\\\/uploads\\\/Argentina-1-1.jpg\",\"datePublished\":\"2024-12-22T11:00:00+00:00\",\"dateModified\":\"2024-12-26T18:33:25+00:00\",\"description\":\"Un padre argentino lucha por que se haga justicia tras la tr\u00e1gica muerte de su hijo durante un ritual de iniciaci\u00f3n militar, poniendo al descubierto abusos sist\u00e9micos.\",\"breadcrumb\":{\"@id\":\"https:\\\/\\\/orato.world\\\/es\\\/2024\\\/12\\\/22\\\/un-padre-lucha-por-que-se-haga-justicia-tras-la-muerte-de-su-hijo-por-abusos-militares-en-argentina-un-sistema-bajo-la-lupa\\\/#breadcrumb\"},\"inLanguage\":\"es\",\"potentialAction\":[{\"@type\":\"ReadAction\",\"target\":[\"https:\\\/\\\/orato.world\\\/es\\\/2024\\\/12\\\/22\\\/un-padre-lucha-por-que-se-haga-justicia-tras-la-muerte-de-su-hijo-por-abusos-militares-en-argentina-un-sistema-bajo-la-lupa\\\/\"]}]},{\"@type\":\"ImageObject\",\"inLanguage\":\"es\",\"@id\":\"https:\\\/\\\/orato.world\\\/es\\\/2024\\\/12\\\/22\\\/un-padre-lucha-por-que-se-haga-justicia-tras-la-muerte-de-su-hijo-por-abusos-militares-en-argentina-un-sistema-bajo-la-lupa\\\/#primaryimage\",\"url\":\"https:\\\/\\\/orato.world\\\/wp-content\\\/uploads\\\/Argentina-1-1.jpg\",\"contentUrl\":\"https:\\\/\\\/orato.world\\\/wp-content\\\/uploads\\\/Argentina-1-1.jpg\",\"width\":1280,\"height\":960,\"caption\":\"Mat\u00edas Chirino, 22, tragically died following a brutal initiation ritual by the Argentine Army in Corrientes. His family is now seeking justice for his death. | Photo courtesy of Ezequiel Chirino\"},{\"@type\":\"BreadcrumbList\",\"@id\":\"https:\\\/\\\/orato.world\\\/es\\\/2024\\\/12\\\/22\\\/un-padre-lucha-por-que-se-haga-justicia-tras-la-muerte-de-su-hijo-por-abusos-militares-en-argentina-un-sistema-bajo-la-lupa\\\/#breadcrumb\",\"itemListElement\":[{\"@type\":\"ListItem\",\"position\":1,\"name\":\"Home\",\"item\":\"https:\\\/\\\/orato.world\\\/es\\\/\"},{\"@type\":\"ListItem\",\"position\":2,\"name\":\"Un padre lucha por que se haga justicia tras la muerte de su hijo por abusos militares en argentina, un sistema bajo la lupa\"}]},{\"@type\":\"WebSite\",\"@id\":\"https:\\\/\\\/orato.world\\\/es\\\/#website\",\"url\":\"https:\\\/\\\/orato.world\\\/es\\\/\",\"name\":\"Orato\",\"description\":\"True Stories. Real People\",\"publisher\":{\"@id\":\"https:\\\/\\\/orato.world\\\/es\\\/#organization\"},\"potentialAction\":[{\"@type\":\"SearchAction\",\"target\":{\"@type\":\"EntryPoint\",\"urlTemplate\":\"https:\\\/\\\/orato.world\\\/es\\\/?s={search_term_string}\"},\"query-input\":{\"@type\":\"PropertyValueSpecification\",\"valueRequired\":true,\"valueName\":\"search_term_string\"}}],\"inLanguage\":\"es\"},{\"@type\":\"Organization\",\"@id\":\"https:\\\/\\\/orato.world\\\/es\\\/#organization\",\"name\":\"Orato World Media Inc.\",\"url\":\"https:\\\/\\\/orato.world\\\/es\\\/\",\"logo\":{\"@type\":\"ImageObject\",\"inLanguage\":\"es\",\"@id\":\"https:\\\/\\\/orato.world\\\/es\\\/#\\\/schema\\\/logo\\\/image\\\/\",\"url\":\"https:\\\/\\\/orato.world\\\/wp-content\\\/uploads\\\/2020\\\/07\\\/orato-logo-transparent.png\",\"contentUrl\":\"https:\\\/\\\/orato.world\\\/wp-content\\\/uploads\\\/2020\\\/07\\\/orato-logo-transparent.png\",\"width\":78,\"height\":73,\"caption\":\"Orato World Media Inc.\"},\"image\":{\"@id\":\"https:\\\/\\\/orato.world\\\/es\\\/#\\\/schema\\\/logo\\\/image\\\/\"},\"sameAs\":[\"https:\\\/\\\/www.facebook.com\\\/OratoWorld\\\/\",\"https:\\\/\\\/x.com\\\/oratoworld\",\"https:\\\/\\\/www.instagram.com\\\/oratoworld\",\"https:\\\/\\\/www.linkedin.com\\\/company\\\/42308818\\\/\"]},{\"@type\":\"Person\",\"@id\":\"https:\\\/\\\/orato.world\\\/es\\\/#\\\/schema\\\/person\\\/d4a4a9a63551641850068c20e93613a5\",\"name\":\"Mariela Laksman\",\"image\":{\"@type\":\"ImageObject\",\"inLanguage\":\"es\",\"@id\":\"https:\\\/\\\/secure.gravatar.com\\\/avatar\\\/133ba1b69c2a2b7c782cce9999c26555b6bc9af9e382e5e8f8e3fc285015d1b7?s=96&d=mm&r=g\",\"url\":\"https:\\\/\\\/secure.gravatar.com\\\/avatar\\\/133ba1b69c2a2b7c782cce9999c26555b6bc9af9e382e5e8f8e3fc285015d1b7?s=96&d=mm&r=g\",\"contentUrl\":\"https:\\\/\\\/secure.gravatar.com\\\/avatar\\\/133ba1b69c2a2b7c782cce9999c26555b6bc9af9e382e5e8f8e3fc285015d1b7?s=96&d=mm&r=g\",\"caption\":\"Mariela Laksman\"},\"description\":\"Image and Sound Designer, Integral Audiovisual and Journalistic Producer, writer, and teacher. I started working when I was very young; Since 2001, I was a producer for different television programs, documentary films, radio, and generating creative content for different organizations and companies. I won the award: \\\"Nuevo Sudaca Border\\\" with the microfiction book \\\"Un Tigre con la Boca Abierta\\\", for Eloisa Cartonera Editorial. I am passionate about telling stories and writing.\",\"url\":\"https:\\\/\\\/orato.world\\\/es\\\/author\\\/mariela-laksman\\\/\"}]}<\/script>\n<!-- \/ Yoast SEO Premium plugin. -->","yoast_head_json":{"title":"Un padre lucha por que se haga justicia tras la muerte de su hijo por abusos militares","description":"Un padre argentino lucha por que se haga justicia tras la tr\u00e1gica muerte de su hijo durante un ritual de iniciaci\u00f3n militar, poniendo al descubierto abusos sist\u00e9micos.","robots":{"index":"index","follow":"follow","max-snippet":"max-snippet:-1","max-image-preview":"max-image-preview:large","max-video-preview":"max-video-preview:-1"},"canonical":"https:\/\/orato.world\/es\/2024\/12\/22\/un-padre-lucha-por-que-se-haga-justicia-tras-la-muerte-de-su-hijo-por-abusos-militares-en-argentina-un-sistema-bajo-la-lupa\/","og_locale":"es_ES","og_type":"article","og_title":"Un padre lucha por que se haga justicia tras la muerte de su hijo por abusos militares en argentina, un sistema bajo la lupa","og_description":"Un padre argentino lucha por que se haga justicia tras la tr\u00e1gica muerte de su hijo durante un ritual de iniciaci\u00f3n militar, poniendo al descubierto abusos sist\u00e9micos.","og_url":"https:\/\/orato.world\/es\/2024\/12\/22\/un-padre-lucha-por-que-se-haga-justicia-tras-la-muerte-de-su-hijo-por-abusos-militares-en-argentina-un-sistema-bajo-la-lupa\/","og_site_name":"Orato","article_publisher":"https:\/\/www.facebook.com\/OratoWorld\/","article_published_time":"2024-12-22T11:00:00+00:00","article_modified_time":"2024-12-26T18:33:25+00:00","og_image":[{"width":1280,"height":960,"url":"https:\/\/orato.world\/wp-content\/uploads\/Argentina-1-1.jpg","type":"image\/jpeg"}],"author":"Mariela Laksman","twitter_card":"summary_large_image","twitter_creator":"@oratoworld","twitter_site":"@oratoworld","twitter_misc":{"Escrito por":"Mariela Laksman","Tiempo de lectura":"14 minutos"},"schema":{"@context":"https:\/\/schema.org","@graph":[{"@type":"NewsArticle","@id":"https:\/\/orato.world\/es\/2024\/12\/22\/un-padre-lucha-por-que-se-haga-justicia-tras-la-muerte-de-su-hijo-por-abusos-militares-en-argentina-un-sistema-bajo-la-lupa\/#article","isPartOf":{"@id":"https:\/\/orato.world\/es\/2024\/12\/22\/un-padre-lucha-por-que-se-haga-justicia-tras-la-muerte-de-su-hijo-por-abusos-militares-en-argentina-un-sistema-bajo-la-lupa\/"},"author":{"name":"Mariela Laksman","@id":"https:\/\/orato.world\/es\/#\/schema\/person\/d4a4a9a63551641850068c20e93613a5"},"headline":"Un padre lucha por que se haga justicia tras la muerte de su hijo por abusos militares en argentina, un sistema bajo la lupa","datePublished":"2024-12-22T11:00:00+00:00","dateModified":"2024-12-26T18:33:25+00:00","mainEntityOfPage":{"@id":"https:\/\/orato.world\/es\/2024\/12\/22\/un-padre-lucha-por-que-se-haga-justicia-tras-la-muerte-de-su-hijo-por-abusos-militares-en-argentina-un-sistema-bajo-la-lupa\/"},"wordCount":2817,"commentCount":0,"publisher":{"@id":"https:\/\/orato.world\/es\/#organization"},"image":{"@id":"https:\/\/orato.world\/es\/2024\/12\/22\/un-padre-lucha-por-que-se-haga-justicia-tras-la-muerte-de-su-hijo-por-abusos-militares-en-argentina-un-sistema-bajo-la-lupa\/#primaryimage"},"thumbnailUrl":"https:\/\/orato.world\/wp-content\/uploads\/Argentina-1-1.jpg","keywords":["Argentina","bautismo","Latinoam\u00e9rica","Militares argentinos","Ritual religioso","veteranos del ej\u00e9rcito"],"articleSection":["Conflicto","Crimen y corrupci\u00f3n"],"inLanguage":"es","potentialAction":[{"@type":"CommentAction","name":"Comment","target":["https:\/\/orato.world\/es\/2024\/12\/22\/un-padre-lucha-por-que-se-haga-justicia-tras-la-muerte-de-su-hijo-por-abusos-militares-en-argentina-un-sistema-bajo-la-lupa\/#respond"]}]},{"@type":"WebPage","@id":"https:\/\/orato.world\/es\/2024\/12\/22\/un-padre-lucha-por-que-se-haga-justicia-tras-la-muerte-de-su-hijo-por-abusos-militares-en-argentina-un-sistema-bajo-la-lupa\/","url":"https:\/\/orato.world\/es\/2024\/12\/22\/un-padre-lucha-por-que-se-haga-justicia-tras-la-muerte-de-su-hijo-por-abusos-militares-en-argentina-un-sistema-bajo-la-lupa\/","name":"Un padre lucha por que se haga justicia tras la muerte de su hijo por abusos militares","isPartOf":{"@id":"https:\/\/orato.world\/es\/#website"},"primaryImageOfPage":{"@id":"https:\/\/orato.world\/es\/2024\/12\/22\/un-padre-lucha-por-que-se-haga-justicia-tras-la-muerte-de-su-hijo-por-abusos-militares-en-argentina-un-sistema-bajo-la-lupa\/#primaryimage"},"image":{"@id":"https:\/\/orato.world\/es\/2024\/12\/22\/un-padre-lucha-por-que-se-haga-justicia-tras-la-muerte-de-su-hijo-por-abusos-militares-en-argentina-un-sistema-bajo-la-lupa\/#primaryimage"},"thumbnailUrl":"https:\/\/orato.world\/wp-content\/uploads\/Argentina-1-1.jpg","datePublished":"2024-12-22T11:00:00+00:00","dateModified":"2024-12-26T18:33:25+00:00","description":"Un padre argentino lucha por que se haga justicia tras la tr\u00e1gica muerte de su hijo durante un ritual de iniciaci\u00f3n militar, poniendo al descubierto abusos sist\u00e9micos.","breadcrumb":{"@id":"https:\/\/orato.world\/es\/2024\/12\/22\/un-padre-lucha-por-que-se-haga-justicia-tras-la-muerte-de-su-hijo-por-abusos-militares-en-argentina-un-sistema-bajo-la-lupa\/#breadcrumb"},"inLanguage":"es","potentialAction":[{"@type":"ReadAction","target":["https:\/\/orato.world\/es\/2024\/12\/22\/un-padre-lucha-por-que-se-haga-justicia-tras-la-muerte-de-su-hijo-por-abusos-militares-en-argentina-un-sistema-bajo-la-lupa\/"]}]},{"@type":"ImageObject","inLanguage":"es","@id":"https:\/\/orato.world\/es\/2024\/12\/22\/un-padre-lucha-por-que-se-haga-justicia-tras-la-muerte-de-su-hijo-por-abusos-militares-en-argentina-un-sistema-bajo-la-lupa\/#primaryimage","url":"https:\/\/orato.world\/wp-content\/uploads\/Argentina-1-1.jpg","contentUrl":"https:\/\/orato.world\/wp-content\/uploads\/Argentina-1-1.jpg","width":1280,"height":960,"caption":"Mat\u00edas Chirino, 22, tragically died following a brutal initiation ritual by the Argentine Army in Corrientes. His family is now seeking justice for his death. | Photo courtesy of Ezequiel Chirino"},{"@type":"BreadcrumbList","@id":"https:\/\/orato.world\/es\/2024\/12\/22\/un-padre-lucha-por-que-se-haga-justicia-tras-la-muerte-de-su-hijo-por-abusos-militares-en-argentina-un-sistema-bajo-la-lupa\/#breadcrumb","itemListElement":[{"@type":"ListItem","position":1,"name":"Home","item":"https:\/\/orato.world\/es\/"},{"@type":"ListItem","position":2,"name":"Un padre lucha por que se haga justicia tras la muerte de su hijo por abusos militares en argentina, un sistema bajo la lupa"}]},{"@type":"WebSite","@id":"https:\/\/orato.world\/es\/#website","url":"https:\/\/orato.world\/es\/","name":"Orato","description":"True Stories. Real People","publisher":{"@id":"https:\/\/orato.world\/es\/#organization"},"potentialAction":[{"@type":"SearchAction","target":{"@type":"EntryPoint","urlTemplate":"https:\/\/orato.world\/es\/?s={search_term_string}"},"query-input":{"@type":"PropertyValueSpecification","valueRequired":true,"valueName":"search_term_string"}}],"inLanguage":"es"},{"@type":"Organization","@id":"https:\/\/orato.world\/es\/#organization","name":"Orato World Media Inc.","url":"https:\/\/orato.world\/es\/","logo":{"@type":"ImageObject","inLanguage":"es","@id":"https:\/\/orato.world\/es\/#\/schema\/logo\/image\/","url":"https:\/\/orato.world\/wp-content\/uploads\/2020\/07\/orato-logo-transparent.png","contentUrl":"https:\/\/orato.world\/wp-content\/uploads\/2020\/07\/orato-logo-transparent.png","width":78,"height":73,"caption":"Orato World Media Inc."},"image":{"@id":"https:\/\/orato.world\/es\/#\/schema\/logo\/image\/"},"sameAs":["https:\/\/www.facebook.com\/OratoWorld\/","https:\/\/x.com\/oratoworld","https:\/\/www.instagram.com\/oratoworld","https:\/\/www.linkedin.com\/company\/42308818\/"]},{"@type":"Person","@id":"https:\/\/orato.world\/es\/#\/schema\/person\/d4a4a9a63551641850068c20e93613a5","name":"Mariela Laksman","image":{"@type":"ImageObject","inLanguage":"es","@id":"https:\/\/secure.gravatar.com\/avatar\/133ba1b69c2a2b7c782cce9999c26555b6bc9af9e382e5e8f8e3fc285015d1b7?s=96&d=mm&r=g","url":"https:\/\/secure.gravatar.com\/avatar\/133ba1b69c2a2b7c782cce9999c26555b6bc9af9e382e5e8f8e3fc285015d1b7?s=96&d=mm&r=g","contentUrl":"https:\/\/secure.gravatar.com\/avatar\/133ba1b69c2a2b7c782cce9999c26555b6bc9af9e382e5e8f8e3fc285015d1b7?s=96&d=mm&r=g","caption":"Mariela Laksman"},"description":"Image and Sound Designer, Integral Audiovisual and Journalistic Producer, writer, and teacher. I started working when I was very young; Since 2001, I was a producer for different television programs, documentary films, radio, and generating creative content for different organizations and companies. I won the award: \"Nuevo Sudaca Border\" with the microfiction book \"Un Tigre con la Boca Abierta\", for Eloisa Cartonera Editorial. I am passionate about telling stories and writing.","url":"https:\/\/orato.world\/es\/author\/mariela-laksman\/"}]}},"modified_by":null,"uagb_featured_image_src":{"full":["https:\/\/orato.world\/wp-content\/uploads\/Argentina-1-1.jpg",1280,960,false],"thumbnail":["https:\/\/orato.world\/wp-content\/uploads\/Argentina-1-1-100x100.jpg",100,100,true],"medium":["https:\/\/orato.world\/wp-content\/uploads\/Argentina-1-1-300x225.jpg",300,225,true],"medium_large":["https:\/\/orato.world\/wp-content\/uploads\/Argentina-1-1-770x578.jpg",640,480,true],"large":["https:\/\/orato.world\/wp-content\/uploads\/Argentina-1-1-1024x768.jpg",640,480,true],"1536x1536":["https:\/\/orato.world\/wp-content\/uploads\/Argentina-1-1.jpg",1280,960,false],"2048x2048":["https:\/\/orato.world\/wp-content\/uploads\/Argentina-1-1.jpg",1280,960,false],"gallery-size":["https:\/\/orato.world\/wp-content\/uploads\/Argentina-1-1-533x400.jpg",533,400,true],"lets-review-360-240":["https:\/\/orato.world\/wp-content\/uploads\/Argentina-1-1-360x240.jpg",360,240,true],"gform-image-choice-sm":["https:\/\/orato.world\/wp-content\/uploads\/Argentina-1-1-300x300.jpg",300,300,true],"gform-image-choice-md":["https:\/\/orato.world\/wp-content\/uploads\/Argentina-1-1-400x400.jpg",400,400,true],"gform-image-choice-lg":["https:\/\/orato.world\/wp-content\/uploads\/Argentina-1-1-600x600.jpg",600,600,true],"awsm_team":["https:\/\/orato.world\/wp-content\/uploads\/Argentina-1-1-500x500.jpg",500,500,true]},"uagb_author_info":{"display_name":"Mariela Laksman","author_link":"https:\/\/orato.world\/es\/author\/mariela-laksman\/"},"uagb_comment_info":0,"uagb_excerpt":"Esper\u00e9 ansiosamente o\u00edr su voz, pero la llamada nunca lleg\u00f3. En su lugar, otra llamada destroz\u00f3 mi mundo. Una voz fr\u00eda e indiferente me dijo lo impensable: \u00abVenga al hospital, su hijo ha muerto\u00bb. En ese momento, todo se derrumb\u00f3. Los sonidos a mi alrededor se desvanecieron, mi coraz\u00f3n se congel\u00f3 y la habitaci\u00f3n se&hellip;","_links":{"self":[{"href":"https:\/\/orato.world\/es\/wp-json\/wp\/v2\/posts\/102505","targetHints":{"allow":["GET"]}}],"collection":[{"href":"https:\/\/orato.world\/es\/wp-json\/wp\/v2\/posts"}],"about":[{"href":"https:\/\/orato.world\/es\/wp-json\/wp\/v2\/types\/post"}],"author":[{"embeddable":true,"href":"https:\/\/orato.world\/es\/wp-json\/wp\/v2\/users\/28"}],"replies":[{"embeddable":true,"href":"https:\/\/orato.world\/es\/wp-json\/wp\/v2\/comments?post=102505"}],"version-history":[{"count":1,"href":"https:\/\/orato.world\/es\/wp-json\/wp\/v2\/posts\/102505\/revisions"}],"predecessor-version":[{"id":102506,"href":"https:\/\/orato.world\/es\/wp-json\/wp\/v2\/posts\/102505\/revisions\/102506"}],"wp:featuredmedia":[{"embeddable":true,"href":"https:\/\/orato.world\/es\/wp-json\/wp\/v2\/media\/102157"}],"wp:attachment":[{"href":"https:\/\/orato.world\/es\/wp-json\/wp\/v2\/media?parent=102505"}],"wp:term":[{"taxonomy":"category","embeddable":true,"href":"https:\/\/orato.world\/es\/wp-json\/wp\/v2\/categories?post=102505"},{"taxonomy":"post_tag","embeddable":true,"href":"https:\/\/orato.world\/es\/wp-json\/wp\/v2\/tags?post=102505"}],"curies":[{"name":"wp","href":"https:\/\/api.w.org\/{rel}","templated":true}]}}