{"id":104754,"date":"2026-07-27T01:30:18","date_gmt":"2026-07-27T08:30:18","guid":{"rendered":"https:\/\/orato.world\/2026\/07\/27\/el-cambio-climatico-no-paraba-de-destruir-mi-casa-asi-que-me-compre-una-que-puedo-mover-de-lugar\/"},"modified":"2026-08-28T07:49:22","modified_gmt":"2026-08-28T14:49:22","slug":"el-cambio-climatico-no-paraba-de-destruir-mi-casa-asi-que-me-compre-una-que-puedo-mover-de-lugar","status":"publish","type":"post","link":"https:\/\/orato.world\/es\/2026\/07\/27\/el-cambio-climatico-no-paraba-de-destruir-mi-casa-asi-que-me-compre-una-que-puedo-mover-de-lugar\/","title":{"rendered":"Me qued\u00e9 sin hogar dos veces a causa del cambio clim\u00e1tico: ahora, vivo en una casa que puedo mover de lugar"},"content":{"rendered":"<div class=\"lets-info-up-wrap  lets-info-up--right lets-info-up--m-1 lets-info-up-skin-2 lets-info-up--side\">\t\t\t<div class=\"lets-info-up\">\r\n\t\t\t\t\t\t<div class=\"lets-info-up-block-wrap\">\r\n\t\t\t\t<div class=\"lets-info-up-block lets-info-up-meta-block\"><div class=\"lets-info-up-meta-title lets-info-up-pretitle font-h\"><strong>Notas del periodista<\/strong><\/div><div class=\"lets-info-up-meta-content lets-info-up-title font-b\">Piyas Biswas, julio de 2026<\/div><\/div><div class=\"lets-info-up-block lets-info-up-meta-block\"><div class=\"lets-info-up-meta-title lets-info-up-pretitle font-h\"><strong>Protagonista:<\/strong><\/div><div class=\"lets-info-up-meta-content lets-info-up-title font-b\">Mohammad Sumon Mridha (30), vive a orillas del r\u00edo Padma, en Banglad\u00e9s, a unos 50 kil\u00f3metros al sur de la capital, Daca. All\u00ed alquila un peque\u00f1o terreno junto a su esposa, Hena Begum (22), y su hijo de 3 a\u00f1os, Rabbi.<br>Hoy se gana la vida como pescador, pero sus d\u00edas sol\u00edan ser muy distintos. Nacido y criado en Jhautya Char, una isla fluvial del Padma, Sumon ten\u00eda un terreno en el que se dedicaba a la ganader\u00eda y al cultivo de arroz y verduras para mantener a su familia.  <br><br>La crisis clim\u00e1tica lo oblig\u00f3 a abandonar una isla fluvial tras otra: en una ocasi\u00f3n, tuvo que desarmar su casa de madera y chapa y trasladarla en bote antes de que el r\u00edo se la tragara. <br><br>Hoy vive en una casa tradicional que puede desarmarse y trasladarse en cuesti\u00f3n de horas cada vez que el r\u00edo vuelve a amenazar con llev\u00e1rselo todo. Si bien tiene que alquilar el terreno en el que vive, la casa le brinda a su familia una sensaci\u00f3n de seguridad poco habitual en un entorno tan incierto. Si el Padma vuelve a erosionar la isla, puede que tengan que volver a trasladarse, pero al menos podr\u00e1n llevarse su casa a cuestas.  <br><\/div><\/div><div class=\"lets-info-up-block lets-info-up-meta-block\"><div class=\"lets-info-up-meta-title lets-info-up-pretitle font-h\"><strong>Informaci\u00f3n general:<\/strong><\/div><div class=\"lets-info-up-meta-content lets-info-up-title font-b\">Bangladesh es uno de los pa\u00edses m\u00e1s afectados por la crisis clim\u00e1tica. Cada a\u00f1o, las inundaciones, los ciclones y la erosi\u00f3n causada por la crecida de los r\u00edos afectan el territorio y obligan a cientos de miles de familias a abandonar su hogar. Seg\u00fan la Organizaci\u00f3n Internacional para las Migraciones, cerca de <a href=\"https:\/\/www.thedailystar.net\/environment\/climate-crisis\/natural-disaster\/news\/nearly-496-million-people-displaced-natural\">4,96 millones<\/a> de banglades\u00edes han tenido que trasladarse a otra regi\u00f3n del pa\u00eds debido a fen\u00f3menos naturales.   <br><br>El Centro de Monitoreo del Desplazamiento Interno estima que los desastres naturales obligan a unas <a href=\"https:\/\/www.dhakatribune.com\/bangladesh\/bangladesh-environment\/347134\/rootless-and-forgotten-the-human-cost-of-river\">700 000 personas<\/a> a desplazarse cada a\u00f1o: Banglad\u00e9s <a href=\"https:\/\/www.dhakatribune.com\/bangladesh\/bangladesh-environment\/347134\/rootless-and-forgotten-the-human-cost-of-river\">figura desde hace rato entre los cinco pa\u00edses con mayor cantidad de desplazamientos provocados por desastres naturales en el mundo<\/a>. El <a href=\"https:\/\/www.reuters.com\/sustainability\/cop\/when-rivers-swallow-land-bangladeshs-endless-battle-with-erosion-2025-11-10\/\">Banco Mundial<\/a> prev\u00e9 que, para 2050, uno de cada siete banglades\u00edes podr\u00eda verse obligado a abandonar su lugar de residencia debido a los efectos del cambio clim\u00e1tico.  <br><br>Para las millones de personas que viven a orillas de los r\u00edos del pa\u00eds, la palabra \u00abhogar\u00bb ya no remite a un lugar fijo, sino algo que debe poder trasladarse con la misma facilidad que ellas para adaptarse a los cambios de los cursos fluviales.<br><br>En este contexto, en el distrito de Munshiganj, al sur de Daca, fue populariz\u00e1ndose una soluci\u00f3n un tanto inusual. Desde hace casi cincuenta a\u00f1os, artesanos y carpinteros construyen casas prefabricadas de madera y chapa dise\u00f1adas para ser desmontadas, trasladadas y reconstruidas en otro sitio. <br><br>Pensadas para las familias que viven en zonas expuestas a la erosi\u00f3n a orillas del r\u00edo Padma, estas casas desmontables permiten mudarse sin perder toda la inversi\u00f3n cada vez que el r\u00edo se traga la tierra. Hoy, estas casas pasaron a ser un sello distintivo de Banglad\u00e9s, donde hay m\u00e1s de 150 talleres y mercados especializados que fabrican y venden estas viviendas en todo el pa\u00eds. <br><br>A diferencia de las t\u00edpicas construcciones de hormig\u00f3n, cada componente de estas casas se fabrica por separado. Las paredes, los techos, las puertas, las ventanas, los pisos, las escaleras y la estructura se elaboran de manera artesanal en distintos talleres y luego se ensamblan en el lugar. Si hace falta, es posible desmontar cada pieza, trasladar todo a otro sitio en camiones o botes y volver a ensamblar la vivienda en un plazo de entre dos y cuatro d\u00edas.   <br><br>Gracias a este dise\u00f1o modular, estas casas resultan especialmente atractivas no solo para las comunidades afectadas por la erosi\u00f3n, sino tambi\u00e9n para quienes buscan una vivienda econ\u00f3mica o un lugar temporal para vivir, as\u00ed como para quienes desean invertir en caba\u00f1as tur\u00edsticas o alojamientos ecol\u00f3gicos.<br><br>Los principales materiales empleados en la construcci\u00f3n son madera de iroko proveniente de Nigeria, teca, caoba y otras especies de origen local, combinadas con chapas de acero corrugado para los techos y las paredes. Las estructuras est\u00e1n dise\u00f1adas para soportar el clima h\u00famedo de Banglad\u00e9s y, al mismo tiempo, favorecer la ventilaci\u00f3n natural, por lo que, durante la temporada de calor, el interior suele ser mucho m\u00e1s fresco que en las construcciones de hormig\u00f3n.  <br><br>Por lo general, para construir una vivienda se necesitan entre cinco y siete carpinteros especializados: una casa est\u00e1ndar de una sola planta puede estar lista en apenas ocho a diez d\u00edas. Las construcciones m\u00e1s grandes, de dos o tres plantas, llevan alrededor de tres semanas. Los precios suelen oscilar entre los 1000 y los 10 000 d\u00f3lares para las viviendas est\u00e1ndar, mientras que las casas de varios pisos dise\u00f1adas a medida y las caba\u00f1as de complejos tur\u00edsticos cuestan bastante m\u00e1s. <br><br>Adem\u00e1s de ofrecer un techo, estas viviendas representan el sustento de miles de personas. Existen comunidades enteras cuya econom\u00eda  gira en torno a la construcci\u00f3n de estas viviendas, en la que intervienen carpinteros, comerciantes de madera, aserraderos, proveedores de chapa, transportistas y dise\u00f1adores. Adem\u00e1s,Munshiganj recibe a artesanos de distintos puntos de Bangladesh que llegan para aprender estas t\u00e9cnicas especializadas, transmitidas de generaci\u00f3n en generaci\u00f3n.  <br><br>La demanda no deja de crecer: en distritos especialmente vulnerables al cambio clim\u00e1tico, ciudades en plena expansi\u00f3n y destinos tur\u00edsticos, estas casas se compran tanto por su practicidad como por su potencial comercial.<br><\/div><\/div>\t\t\t<\/div>\r\n\t\t\t<\/div>\r\n\t\t<\/div>\r\n\t\t\n\n\n<p class=\"wp-block-paragraph\">Nac\u00ed y crec\u00ed en Jhautya, una isla de arena en medio del r\u00edo Padma, en Banglad\u00e9s. Cuando era chico, cruzar el r\u00edo en bote costaba apenas cinco takas, unos cuatro centavos de d\u00f3lar. Mi padre era agricultor; de grande, yo tambi\u00e9n comenc\u00e9 a dedicarme a las tareas rurales. Ten\u00edamos dos casas: una m\u00e1s tradicional y otra que compramos en 2016, dise\u00f1ada para poder desmontarse y trasladarse. Alrededor crec\u00edan todo tipo de \u00e1rboles, entre ellos mangos, azufaifos y yacas.<\/p>\n\n\n\n<p class=\"wp-block-paragraph\">Durante la <a href=\"https:\/\/www.thedailystar.net\/news\/environment\/weather\/news\/how-bangladeshs-familiar-monsoon-pattern-shifting-over-decades-4226826\" data-type=\"link\" data-id=\"https:\/\/www.thedailystar.net\/news\/environment\/weather\/news\/how-bangladeshs-familiar-monsoon-pattern-shifting-over-decades-4226826\">temporada del monz\u00f3n<\/a>, era com\u00fan que la isla se inundara y que la ribera se fuera erosionando. Un a\u00f1o \u2014creo que fue <a href=\"https:\/\/reliefweb.int\/disaster\/fl-2018-000105-bgd\" data-type=\"link\" data-id=\"https:\/\/reliefweb.int\/disaster\/fl-2018-000105-bgd\">2018 o 2019<\/a>; todav\u00eda era adolescente y ahora los recuerdos se me mezclan\u2014, el r\u00edo creci\u00f3 tan r\u00e1pido que hasta el \u00e1rbol de yaca que estaba junto a nuestras casas termin\u00f3 cayendo.<\/p>\n\n\n\n<p class=\"wp-block-paragraph\"><a href=\"https:\/\/asia.fes.de\/news\/bangladesh-changing-climate.html\" data-type=\"link\" data-id=\"https:\/\/asia.fes.de\/news\/bangladesh-changing-climate.html\">El r\u00edo se llev\u00f3 grandes extensiones de tierra<\/a>. Pensamos que nuestra casa tradicional iba a aguantar, pero el r\u00edo ten\u00eda otros planes. La orilla se desmoron\u00f3 y la casa se fue, arrastrada por la corriente. Aunque ese d\u00eda no hab\u00eda parado de llover, ni mi padre ni yo est\u00e1bamos nos imaginamos ese desenlace.<\/p>\n\n\n\n<p class=\"wp-block-paragraph\">En esa isla viv\u00edan unas 2000 familias.<\/p>\n\n\n\n<p class=\"wp-block-paragraph\">Es desgarrador ver que el r\u00edo se lleva todo. Solo alguien que ha pasado por una experiencia as\u00ed, que ha visto al r\u00edo tragarse una isla, puede imaginarse el dolor que sentimos.<\/p>\n\n\n\n<h2 id=\"h-isla-nueva-misma-batalla-contra-la-crisis-climatica\" class=\"wp-block-heading\"><strong>Isla nueva, misma batalla contra la crisis clim\u00e1tica<\/strong><\/h2>\n\n\n\n<p class=\"wp-block-paragraph\">Despu\u00e9s de que la primera isla desapareciera bajo el agua, mis padres y yo desmontamos nuestra casa y nos mudamos a Majhikandi, una isla flotante cercana, donde vivimos durante unos seis o siete a\u00f1os. All\u00ed me cas\u00e9 con mi esposa. <\/p>\n\n\n\n<figure class=\"wp-block-image size-large is-resized\"><img loading=\"lazy\" decoding=\"async\" width=\"1024\" height=\"683\" src=\"https:\/\/orato.world\/wp-content\/uploads\/04-4-1024x683.jpg\" alt=\"\" class=\"wp-image-104388\" style=\"aspect-ratio:1.499379395945387;width:541px;height:auto\" srcset=\"https:\/\/orato.world\/wp-content\/uploads\/04-4-1024x683.jpg 1024w, https:\/\/orato.world\/wp-content\/uploads\/04-4-300x200.jpg 300w, https:\/\/orato.world\/wp-content\/uploads\/04-4-770x513.jpg 770w, https:\/\/orato.world\/wp-content\/uploads\/04-4-1536x1024.jpg 1536w, https:\/\/orato.world\/wp-content\/uploads\/04-4-2048x1365.jpg 2048w, https:\/\/orato.world\/wp-content\/uploads\/04-4-600x400.jpg 600w, https:\/\/orato.world\/wp-content\/uploads\/04-4-360x240.jpg 360w\" sizes=\"auto, (max-width: 1024px) 100vw, 1024px\" \/><\/figure>\n\n\n\n<p class=\"wp-block-paragraph\">Sin embargo, all\u00ed tampoco est\u00e1bamos exentos de inundaciones y erosi\u00f3n: el a\u00f1o pasado, tuvimos que volver a dejar nuestro hogar atr\u00e1s.<\/p>\n\n\n\n<p class=\"wp-block-paragraph\">Cuando comenzaron las lluvias y nos dimos cuenta de que se ven\u00eda una <a href=\"https:\/\/orato.world\/es\/2020\/11\/23\/hay-agua-nos-estamos-inundando\/\" data-type=\"link\" data-id=\"https:\/\/orato.world\/2020\/11\/23\/there-is-water-we-are-being-flooded\/\">inundaci\u00f3n<\/a>, montamos una plataforma al lado del techo y nos instalamos all\u00ed, incluso para cocinar. No nos quedaba alternativa: el r\u00edo se hab\u00eda tragado la cocina. Pens\u00e1bamos que pod\u00edamos resisitir hasta que pasaran las lluvias.<\/p>\n\n\n\n<p class=\"wp-block-paragraph\">Pero lleg\u00f3 un punto en el que el agua que hab\u00eda entrado a la casa me llegaba hasta el cuello. No tuvimos m\u00e1s remedio: hab\u00eda que desmontarla.<\/p>\n\n\n\n<p class=\"wp-block-paragraph\">Una vez m\u00e1s, hab\u00eda hecho todo lo posible para quedarme, pero la batalla estaba perdida. No pude contener las l\u00e1grimas.<\/p>\n\n\n\n<figure class=\"wp-block-image size-large is-resized\"><img loading=\"lazy\" decoding=\"async\" width=\"1024\" height=\"683\" src=\"https:\/\/orato.world\/wp-content\/uploads\/05-5-1024x683.jpg\" alt=\"\" class=\"wp-image-104387\" style=\"aspect-ratio:1.499379395945387;width:567px;height:auto\" srcset=\"https:\/\/orato.world\/wp-content\/uploads\/05-5-1024x683.jpg 1024w, https:\/\/orato.world\/wp-content\/uploads\/05-5-300x200.jpg 300w, https:\/\/orato.world\/wp-content\/uploads\/05-5-770x513.jpg 770w, https:\/\/orato.world\/wp-content\/uploads\/05-5-1536x1024.jpg 1536w, https:\/\/orato.world\/wp-content\/uploads\/05-5-600x400.jpg 600w, https:\/\/orato.world\/wp-content\/uploads\/05-5-360x240.jpg 360w\" sizes=\"auto, (max-width: 1024px) 100vw, 1024px\" \/><\/figure>\n\n\n\n<p class=\"wp-block-paragraph\"><\/p>\n\n\n\n<p class=\"wp-block-paragraph\">Bajo la lluvia y con el agua hasta el cuello, mi esposa, mis padres y yo desmontamos la casa y cargamos las piezas en un bote. Estuvimos todo el d\u00eda empapados. Tembl\u00e1bamos de fr\u00edo. Algunas partes de la casa, como las paredes laterales, se hab\u00edan da\u00f1ado, pero despu\u00e9s pudimos arreglarlas.<\/p>\n\n\n\n<p class=\"wp-block-paragraph\">Despu\u00e9s de llevar la casa al otro lado del r\u00edo, esa noche casi no pudimos dormir: parad\u00f3jicamente, est\u00e1bamos demasiado agotados.<\/p>\n\n\n\n<p class=\"wp-block-paragraph\">Recuerdo que, mientras <a href=\"https:\/\/www.reutersconnect.com\/item\/local-residents-carry-parts-of-their-dismantled-house-as-they-move-their-home-to-drier-grounds-in-the-flooded-village-of-godadhar-in-faridpur\/dGFnOnJldXRlcnMuY29tLDIwMDg6bmV3c21sX0dNMUU0N1MwMzhJMDE?lastViewed=dGFnOnJldXRlcnMuY29tLDIwMDg6bmV3c21sX0dNMUU0N1MwM0k4MDE&amp;position=2\" data-type=\"link\" data-id=\"https:\/\/www.reutersconnect.com\/item\/local-residents-carry-parts-of-their-dismantled-house-as-they-move-their-home-to-drier-grounds-in-the-flooded-village-of-godadhar-in-faridpur\/dGFnOnJldXRlcnMuY29tLDIwMDg6bmV3c21sX0dNMUU0N1MwMzhJMDE?lastViewed=dGFnOnJldXRlcnMuY29tLDIwMDg6bmV3c21sX0dNMUU0N1MwM0k4MDE&amp;position=2\">desarm\u00e1bamos la casa<\/a>, el r\u00edo se llev\u00f3 una casa vecina. Sent\u00ed mucha pena por esa familia. Cuando el r\u00edo avanza, no hay tiempo de ayudar a los dem\u00e1s. En ese momento, tuve que elegir entre salvar mi propia casa y mis pertenencias o ayudar a otros.<\/p>\n\n\n\n<p class=\"wp-block-paragraph\">Ese d\u00eda, <a href=\"https:\/\/orato.world\/es\/2023\/09\/10\/la-tierra-se-disolvio-bajo-las-casas-un-periodista-relata-las-devastadoras-inundaciones-en-chile\/\" data-type=\"link\" data-id=\"https:\/\/orato.world\/2023\/09\/10\/the-earth-dissolved-from-beneath-the-houses-journalist-recounts-devastating-floods-in-chile\/\">el r\u00edo se trag\u00f3 muchas casas<\/a>. Nosotros ten\u00edamos un ca\u00f1o de metal clavado en el suelo con una canilla para sacar agua, que se fue con la corriente.<\/p>\n\n\n\n<p class=\"wp-block-paragraph\">Perd\u00ed mis tierras. Ahora vivo en suelo ajeno. No es f\u00e1cil acostumbrarse: somos tres familias en un terreno muy peque\u00f1o, cuando antes, en la isla, cada familia ten\u00eda espacio de sobra.<\/p>\n\n\n\n<p class=\"wp-block-paragraph\">Aun as\u00ed, nuestra casa es la misma. Pudimos volver a armar la cocina. Estas viviendas desmontables son muy \u00fatiles, ya que son chicas y se desarman r\u00e1pido. Con cinco o siete personas trabajando juntas, en dos o tres horas ya se puede desmontar la casa, y despu\u00e9s la arman en otro lado.<\/p>\n\n\n\n<p class=\"wp-block-paragraph\">Con mis padres compramos esta casa hace unos diez a\u00f1os. Nos cost\u00f3 50 000 takas (406 d\u00f3lares). Vimos que muchos de nuestros vecinos estaban comprando una, as\u00ed que decidimos hacer lo mismo. Estamos agradecidos de haber hecho esa inversi\u00f3n.<\/p>\n\n\n\n<h2 id=\"h-la-vida-hoy\" class=\"wp-block-heading\"><strong>La vida hoy<\/strong><\/h2>\n\n\n\n<p class=\"wp-block-paragraph\">Despu\u00e9s de las <a href=\"https:\/\/orato.world\/es\/2024\/12\/17\/dana-provoca-una-devastadora-inundacion-en-paiporta-una-comunidad-se-reconstruye-entre-barro-y-perdidas\/\" data-type=\"link\" data-id=\"https:\/\/orato.world\/2024\/12\/17\/dana-causes-devastating-flood-in-paiporta-a-community-rebuilds-amid-mud-and-loss\/\">inundaciones <\/a>del a\u00f1o pasado, alquilamos un peque\u00f1o terreno y nos instalamos aqu\u00ed durante el mes de <em>boishakh<\/em> (abril-mayo).<\/p>\n\n\n\n<p class=\"wp-block-paragraph\">La primera noche fue muy dif\u00edcil. Nos las ingeniamos para colocar el techo y dormimos sobre el suelo desnudo. Llovi\u00f3 durante toda la noche y terminamos empapados.  <\/p>\n\n\n\n<p class=\"wp-block-paragraph\">Cuando era chico, sab\u00eda que durante <em>boishakh<\/em> \u2014cuyo primer d\u00eda coincide con el <a href=\"https:\/\/www.london.ac.uk\/news-events\/student-blog\/new-year-bangladesh\" data-type=\"link\" data-id=\"https:\/\/www.london.ac.uk\/news-events\/student-blog\/new-year-bangladesh\">A\u00f1o Nuevo occidental<\/a>\u2014 siempre llov\u00eda fuerte y hab\u00eda tormentas e inundaciones. Era algo con lo que conviv\u00edamos, pero ahora me da la sensaci\u00f3n de que son m\u00e1s fuertes y m\u00e1s frecuentes.<\/p>\n\n\n\n<p class=\"wp-block-paragraph\">Las inundaciones no solo modifican el curso de los r\u00edos: tambi\u00e9n cambian nuestra vida. Antes viv\u00eda de la tierra; ahora, trabajo en el r\u00edo. Empec\u00e9 a <a href=\"https:\/\/www.youtube.com\/watch?v=WwXex9VdtiE&amp;t=34\" data-type=\"link\" data-id=\"https:\/\/www.youtube.com\/watch?v=WwXex9VdtiE&amp;t=34\">pescar<\/a> para mantener a mi familia.<\/p>\n\n\n\n<p class=\"wp-block-paragraph\">Aunque esta tierra no sea nuestra, tambi\u00e9n nos doler\u00eda si el r\u00edo se la llevara y tuvi\u00e9ramos que volver a empezar de cero en otro lado. De todos modos, pienso que perder nuestro hogar anterior fue mucho peor, porque esa tierra era nuestra. All\u00ed <a href=\"https:\/\/orato.world\/es\/2024\/06\/15\/la-grave-sequia-en-argentina-hace-estragos-en-los-agricultores-y-la-economia-y-amenaza-los-medios-de-subsistencia\/\" data-type=\"link\" data-id=\"https:\/\/orato.world\/2024\/06\/15\/severe-drought-in-argentina-ravages-farmers-and-economy-threatens-livelihoods\/\">cultiv\u00e1bamos verduras<\/a> y cri\u00e1bamos ganado.<\/p>\n\n\n\n<p class=\"wp-block-paragraph\">Donde estamos ahora hay muy poco trabajo. Nos cuesta salir adelante. Me preocupa no saber qu\u00e9 hacer para que mi hijo pueda estudiar.<\/p>\n\n\n\n<p class=\"wp-block-paragraph\">Dec\u00eda que me dedico a la pesca, pero la realidad es que no hay mucho que sacar del r\u00edo. En un buen d\u00eda, vendo pescado por unas 500 takas (poco m\u00e1s de 4 d\u00f3lares), pero hay d\u00edas en que no pesco nada. Gano apenas entre 10 000 y 12 000 takas (entre 81 y 97 d\u00f3lares) al mes.<\/p>\n\n\n\n<figure class=\"wp-block-image size-large is-resized\"><img loading=\"lazy\" decoding=\"async\" width=\"1024\" height=\"683\" src=\"https:\/\/orato.world\/wp-content\/uploads\/02-6-1024x683.jpg\" alt=\"Mohammad Sumon Mridha junto a su esposa, Hena Begum, y su hijo de 3 a\u00f1os frente en su casa de madera y chapa, dise\u00f1ada para ser desmontada y trasladada, en Louhajang Upazila, Munshiganj, Bangladesh. \" class=\"wp-image-104393\" style=\"aspect-ratio:1.499330655957162;width:553px;height:auto\" srcset=\"https:\/\/orato.world\/wp-content\/uploads\/02-6-1024x683.jpg 1024w, https:\/\/orato.world\/wp-content\/uploads\/02-6-300x200.jpg 300w, https:\/\/orato.world\/wp-content\/uploads\/02-6-770x513.jpg 770w, https:\/\/orato.world\/wp-content\/uploads\/02-6-1536x1024.jpg 1536w, https:\/\/orato.world\/wp-content\/uploads\/02-6-600x400.jpg 600w, https:\/\/orato.world\/wp-content\/uploads\/02-6-360x240.jpg 360w\" sizes=\"auto, (max-width: 1024px) 100vw, 1024px\" \/><\/figure>\n\n\n\n<p class=\"wp-block-paragraph\">Para familias como la nuestra, que no tienen un terreno propio, las casas desmontables son una buena opci\u00f3n. Nosotros alquilamos este terreno por tres a\u00f1os. Si, cumplido ese plazo, el due\u00f1o nos pide que nos vayamos, podemos desarmar la casa e instalarnos en otro lado.<\/p>\n\n\n\n<p class=\"wp-block-paragraph\">Si tuvi\u00e9ramos que volver a mudarnos, prefiero que sea por eso y no por el <a href=\"https:\/\/www.climaterealityproject.org\/blog\/how-climate-crisis-impacting-bangladesh\" data-type=\"link\" data-id=\"https:\/\/www.climaterealityproject.org\/blog\/how-climate-crisis-impacting-bangladesh\">cambio clim\u00e1tico<\/a>: eso s\u00ed que es dif\u00edcil de entender.<\/p>\n\n\n\n<div class=\"wp-block-getwid-images-slider has-arrows-inside has-dots-inside has-captions captions-style-light captions-bottom-center has-images-center has-cropped-images aligncenter\"><div class=\"wp-block-getwid-images-slider__wrapper\" data-effect=\"slide\" data-slides-show=\"1\" data-slides-show-laptop=\"1\" data-slides-show-tablet=\"1\" data-slides-show-mobile=\"1\" data-slides-scroll=\"1\" data-autoplay=\"false\" data-pause-hover=\"false\" data-autoplay-speed=\"6000\" data-infinite=\"true\" data-animation-speed=\"800\" data-center-mode=\"false\" data-variable-width=\"false\" data-arrows=\"inside\" data-dots=\"inside\" data-spacing=\"none\"><div class=\"wp-block-getwid-images-slider__item\"><figure><img loading=\"lazy\" decoding=\"async\" width=\"1024\" height=\"768\" src=\"https:\/\/orato.world\/wp-content\/uploads\/06-5-1024x768.jpg\" alt=\"\" data-id=\"104391\" data-link=\"https:\/\/orato.world\/?attachment_id=104391\" data-original-link=\"https:\/\/orato.world\/wp-content\/uploads\/06-5.jpg\" class=\"wp-block-getwid-images-slider__image wp-image-104391\" srcset=\"https:\/\/orato.world\/wp-content\/uploads\/06-5-1024x768.jpg 1024w, https:\/\/orato.world\/wp-content\/uploads\/06-5-300x225.jpg 300w, https:\/\/orato.world\/wp-content\/uploads\/06-5-770x577.jpg 770w, https:\/\/orato.world\/wp-content\/uploads\/06-5-1536x1152.jpg 1536w, https:\/\/orato.world\/wp-content\/uploads\/06-5-533x400.jpg 533w\" sizes=\"auto, (max-width: 1024px) 100vw, 1024px\" \/><figcaption class=\"wp-block-getwid-images-slider__caption\">Una vista a\u00e9rea captada con un dron muestra un mercado de casas desmontables de madera y chapa en Louhajang Upazila, Munshiganj, Bangladesh.<\/figcaption><\/figure><\/div><div class=\"wp-block-getwid-images-slider__item\"><figure><img loading=\"lazy\" decoding=\"async\" width=\"1024\" height=\"683\" src=\"https:\/\/orato.world\/wp-content\/uploads\/08-5-1024x683.jpg\" alt=\"\" data-id=\"104386\" data-link=\"https:\/\/orato.world\/?attachment_id=104386\" data-original-link=\"https:\/\/orato.world\/wp-content\/uploads\/08-5.jpg\" class=\"wp-block-getwid-images-slider__image wp-image-104386\" srcset=\"https:\/\/orato.world\/wp-content\/uploads\/08-5-1024x683.jpg 1024w, https:\/\/orato.world\/wp-content\/uploads\/08-5-300x200.jpg 300w, https:\/\/orato.world\/wp-content\/uploads\/08-5-770x513.jpg 770w, https:\/\/orato.world\/wp-content\/uploads\/08-5-1536x1024.jpg 1536w, https:\/\/orato.world\/wp-content\/uploads\/08-5-600x400.jpg 600w, https:\/\/orato.world\/wp-content\/uploads\/08-5-360x240.jpg 360w\" sizes=\"auto, (max-width: 1024px) 100vw, 1024px\" \/><figcaption class=\"wp-block-getwid-images-slider__caption\">Casas desmontables prefabricadas de madera y chapa a la venta en un mercado de Louhajang Upazila, Munshiganj, Bangladesh.<\/figcaption><\/figure><\/div><div class=\"wp-block-getwid-images-slider__item\"><figure><img loading=\"lazy\" decoding=\"async\" width=\"1024\" height=\"683\" src=\"https:\/\/orato.world\/wp-content\/uploads\/09-3-1024x683.jpg\" alt=\"\" data-id=\"104385\" data-link=\"https:\/\/orato.world\/?attachment_id=104385\" data-original-link=\"https:\/\/orato.world\/wp-content\/uploads\/09-3.jpg\" class=\"wp-block-getwid-images-slider__image wp-image-104385\" srcset=\"https:\/\/orato.world\/wp-content\/uploads\/09-3-1024x683.jpg 1024w, https:\/\/orato.world\/wp-content\/uploads\/09-3-300x200.jpg 300w, https:\/\/orato.world\/wp-content\/uploads\/09-3-770x513.jpg 770w, https:\/\/orato.world\/wp-content\/uploads\/09-3-1536x1024.jpg 1536w, https:\/\/orato.world\/wp-content\/uploads\/09-3-600x400.jpg 600w, https:\/\/orato.world\/wp-content\/uploads\/09-3-360x240.jpg 360w\" sizes=\"auto, (max-width: 1024px) 100vw, 1024px\" \/><figcaption class=\"wp-block-getwid-images-slider__caption\">Un grupo de artesanos construye una casa desmontable prefabricada de madera y chapa en un mercado de Louhajang Upazila, Munshiganj, Bangladesh.<\/figcaption><\/figure><\/div><\/div><\/div>\n\n\n\n<p class=\"wp-block-paragraph\"><\/p>\n","protected":false},"excerpt":{"rendered":"<p>El cambio clim\u00e1tico ya arras\u00f3 dos veces con la casa de mi familia. La \u00fanica raz\u00f3n por la que todav\u00eda tenemos un hogar es que podemos desarmarlo y llevarlo con nosotros. <\/p>\n","protected":false},"author":235,"featured_media":104755,"comment_status":"open","ping_status":"open","sticky":false,"template":"","format":"standard","meta":{"_acf_changed":false,"_uag_custom_page_level_css":"","_lmt_disableupdate":"","_lmt_disable":"","footnotes":"","_members_access_role":[],"_members_access_error":""},"categories":[10161,10120,319],"tags":[6335,1693,882,10249,325,10250],"class_list":["post-104754","post","type-post","status-publish","format-standard","has-post-thumbnail","hentry","category-clima","category-desastre","category-medio-ambiente","tag-alojamiento","tag-bangladesh-es","tag-cambio-climatico","tag-casas-desmontables","tag-flood-es","tag-islas-flotantes"],"acf":[],"yoast_head":"<!-- This site is optimized with the Yoast SEO Premium plugin v28.3 (Yoast SEO v28.3) - https:\/\/yoast.com\/product\/yoast-seo-premium-wordpress\/ -->\n<title>Cambio clim\u00e1tico en Bangladesh | Una familia que vive en una casa desmontable<\/title>\n<meta name=\"description\" content=\"El cambio clim\u00e1tico nos oblig\u00f3 a dejar nuestras tierras dos veces, ya que el r\u00edo erosion\u00f3 la isla flotante en la que viv\u00edamos, en Banglad\u00e9s. Nuestra casa desmontable es la \u00fanica raz\u00f3n por la que tenemos algo a lo que llamar hogar.\" \/>\n<meta name=\"robots\" content=\"index, follow, max-snippet:-1, max-image-preview:large, max-video-preview:-1\" \/>\n<link rel=\"canonical\" href=\"https:\/\/orato.world\/es\/2026\/07\/27\/el-cambio-climatico-no-paraba-de-destruir-mi-casa-asi-que-me-compre-una-que-puedo-mover-de-lugar\/\" \/>\n<meta property=\"og:locale\" content=\"es_ES\" \/>\n<meta property=\"og:type\" content=\"article\" \/>\n<meta property=\"og:title\" content=\"Me qued\u00e9 sin hogar dos veces a causa del cambio clim\u00e1tico: ahora, vivo en una casa que puedo mover de lugar\" \/>\n<meta property=\"og:description\" content=\"El cambio clim\u00e1tico ya arras\u00f3 dos veces con la casa de mi familia. La \u00fanica raz\u00f3n por la que todav\u00eda tenemos un hogar es que podemos desarmarlo y llevarlo con nosotros.\" \/>\n<meta property=\"og:url\" content=\"https:\/\/orato.world\/es\/2026\/07\/27\/el-cambio-climatico-no-paraba-de-destruir-mi-casa-asi-que-me-compre-una-que-puedo-mover-de-lugar\/\" \/>\n<meta property=\"og:site_name\" content=\"Orato\" \/>\n<meta property=\"article:publisher\" content=\"https:\/\/www.facebook.com\/OratoWorld\/\" \/>\n<meta property=\"article:published_time\" content=\"2026-07-27T08:30:18+00:00\" \/>\n<meta property=\"article:modified_time\" content=\"2026-08-28T14:49:22+00:00\" \/>\n<meta property=\"og:image\" content=\"https:\/\/orato.world\/wp-content\/uploads\/01-5-scaled.jpg\" \/>\n\t<meta property=\"og:image:width\" content=\"2560\" \/>\n\t<meta property=\"og:image:height\" content=\"1707\" \/>\n\t<meta property=\"og:image:type\" content=\"image\/jpeg\" \/>\n<meta name=\"author\" content=\"Piyas Biswas\" \/>\n<meta name=\"twitter:card\" content=\"summary_large_image\" \/>\n<meta name=\"twitter:creator\" content=\"@oratoworld\" \/>\n<meta name=\"twitter:site\" content=\"@oratoworld\" \/>\n<meta name=\"twitter:label1\" content=\"Escrito por\" \/>\n\t<meta name=\"twitter:data1\" content=\"Piyas Biswas\" \/>\n\t<meta name=\"twitter:label2\" content=\"Tiempo de lectura\" \/>\n\t<meta name=\"twitter:data2\" content=\"6 minutos\" \/>\n<script type=\"application\/ld+json\" class=\"yoast-schema-graph\">{\"@context\":\"https:\\\/\\\/schema.org\",\"@graph\":[{\"@type\":\"NewsArticle\",\"@id\":\"https:\\\/\\\/orato.world\\\/es\\\/2026\\\/07\\\/27\\\/el-cambio-climatico-no-paraba-de-destruir-mi-casa-asi-que-me-compre-una-que-puedo-mover-de-lugar\\\/#article\",\"isPartOf\":{\"@id\":\"https:\\\/\\\/orato.world\\\/es\\\/2026\\\/07\\\/27\\\/el-cambio-climatico-no-paraba-de-destruir-mi-casa-asi-que-me-compre-una-que-puedo-mover-de-lugar\\\/\"},\"author\":{\"name\":\"Piyas Biswas\",\"@id\":\"https:\\\/\\\/orato.world\\\/es\\\/#\\\/schema\\\/person\\\/a477ae646ef97094a917a279ba38728e\"},\"headline\":\"Me qued\u00e9 sin hogar dos veces a causa del cambio clim\u00e1tico: ahora, vivo en una casa que puedo mover de lugar\",\"datePublished\":\"2026-07-27T08:30:18+00:00\",\"dateModified\":\"2026-08-28T14:49:22+00:00\",\"mainEntityOfPage\":{\"@id\":\"https:\\\/\\\/orato.world\\\/es\\\/2026\\\/07\\\/27\\\/el-cambio-climatico-no-paraba-de-destruir-mi-casa-asi-que-me-compre-una-que-puedo-mover-de-lugar\\\/\"},\"wordCount\":1161,\"commentCount\":0,\"publisher\":{\"@id\":\"https:\\\/\\\/orato.world\\\/es\\\/#organization\"},\"image\":{\"@id\":\"https:\\\/\\\/orato.world\\\/es\\\/2026\\\/07\\\/27\\\/el-cambio-climatico-no-paraba-de-destruir-mi-casa-asi-que-me-compre-una-que-puedo-mover-de-lugar\\\/#primaryimage\"},\"thumbnailUrl\":\"https:\\\/\\\/orato.world\\\/wp-content\\\/uploads\\\/01-5-scaled.jpg\",\"keywords\":[\"alojamiento\",\"Bangladesh\",\"cambio clim\u00e1tico\",\"casas desmontables\",\"Flood\",\"islas flotantes\"],\"articleSection\":[\"Clima\",\"Desastre\",\"Medio ambiente\"],\"inLanguage\":\"es\",\"potentialAction\":[{\"@type\":\"CommentAction\",\"name\":\"Comment\",\"target\":[\"https:\\\/\\\/orato.world\\\/es\\\/2026\\\/07\\\/27\\\/el-cambio-climatico-no-paraba-de-destruir-mi-casa-asi-que-me-compre-una-que-puedo-mover-de-lugar\\\/#respond\"]}]},{\"@type\":\"WebPage\",\"@id\":\"https:\\\/\\\/orato.world\\\/es\\\/2026\\\/07\\\/27\\\/el-cambio-climatico-no-paraba-de-destruir-mi-casa-asi-que-me-compre-una-que-puedo-mover-de-lugar\\\/\",\"url\":\"https:\\\/\\\/orato.world\\\/es\\\/2026\\\/07\\\/27\\\/el-cambio-climatico-no-paraba-de-destruir-mi-casa-asi-que-me-compre-una-que-puedo-mover-de-lugar\\\/\",\"name\":\"Cambio clim\u00e1tico en Bangladesh | Una familia que vive en una casa desmontable\",\"isPartOf\":{\"@id\":\"https:\\\/\\\/orato.world\\\/es\\\/#website\"},\"primaryImageOfPage\":{\"@id\":\"https:\\\/\\\/orato.world\\\/es\\\/2026\\\/07\\\/27\\\/el-cambio-climatico-no-paraba-de-destruir-mi-casa-asi-que-me-compre-una-que-puedo-mover-de-lugar\\\/#primaryimage\"},\"image\":{\"@id\":\"https:\\\/\\\/orato.world\\\/es\\\/2026\\\/07\\\/27\\\/el-cambio-climatico-no-paraba-de-destruir-mi-casa-asi-que-me-compre-una-que-puedo-mover-de-lugar\\\/#primaryimage\"},\"thumbnailUrl\":\"https:\\\/\\\/orato.world\\\/wp-content\\\/uploads\\\/01-5-scaled.jpg\",\"datePublished\":\"2026-07-27T08:30:18+00:00\",\"dateModified\":\"2026-08-28T14:49:22+00:00\",\"description\":\"El cambio clim\u00e1tico nos oblig\u00f3 a dejar nuestras tierras dos veces, ya que el r\u00edo erosion\u00f3 la isla flotante en la que viv\u00edamos, en Banglad\u00e9s. Nuestra casa desmontable es la \u00fanica raz\u00f3n por la que tenemos algo a lo que llamar hogar.\",\"breadcrumb\":{\"@id\":\"https:\\\/\\\/orato.world\\\/es\\\/2026\\\/07\\\/27\\\/el-cambio-climatico-no-paraba-de-destruir-mi-casa-asi-que-me-compre-una-que-puedo-mover-de-lugar\\\/#breadcrumb\"},\"inLanguage\":\"es\",\"potentialAction\":[{\"@type\":\"ReadAction\",\"target\":[\"https:\\\/\\\/orato.world\\\/es\\\/2026\\\/07\\\/27\\\/el-cambio-climatico-no-paraba-de-destruir-mi-casa-asi-que-me-compre-una-que-puedo-mover-de-lugar\\\/\"]}]},{\"@type\":\"ImageObject\",\"inLanguage\":\"es\",\"@id\":\"https:\\\/\\\/orato.world\\\/es\\\/2026\\\/07\\\/27\\\/el-cambio-climatico-no-paraba-de-destruir-mi-casa-asi-que-me-compre-una-que-puedo-mover-de-lugar\\\/#primaryimage\",\"url\":\"https:\\\/\\\/orato.world\\\/wp-content\\\/uploads\\\/01-5-scaled.jpg\",\"contentUrl\":\"https:\\\/\\\/orato.world\\\/wp-content\\\/uploads\\\/01-5-scaled.jpg\",\"width\":2560,\"height\":1707,\"caption\":\"Mohammad Sumon Mridha posa junto a su esposa, Hena Begum, y su hijo de 3 a\u00f1os, Rabbi, frente a su casa desmontable de madera y chapa en Louhajang Upazila, Munshiganj, Bangladesh. Despu\u00e9s de que el r\u00edo arrasara con la isla en la que viv\u00edan, la familia ahora alquila un terreno a orillas del r\u00edo Padma.\"},{\"@type\":\"BreadcrumbList\",\"@id\":\"https:\\\/\\\/orato.world\\\/es\\\/2026\\\/07\\\/27\\\/el-cambio-climatico-no-paraba-de-destruir-mi-casa-asi-que-me-compre-una-que-puedo-mover-de-lugar\\\/#breadcrumb\",\"itemListElement\":[{\"@type\":\"ListItem\",\"position\":1,\"name\":\"Home\",\"item\":\"https:\\\/\\\/orato.world\\\/es\\\/\"},{\"@type\":\"ListItem\",\"position\":2,\"name\":\"Me qued\u00e9 sin hogar dos veces a causa del cambio clim\u00e1tico: ahora, vivo en una casa que puedo mover de lugar\"}]},{\"@type\":\"WebSite\",\"@id\":\"https:\\\/\\\/orato.world\\\/es\\\/#website\",\"url\":\"https:\\\/\\\/orato.world\\\/es\\\/\",\"name\":\"Orato\",\"description\":\"True Stories. Real People\",\"publisher\":{\"@id\":\"https:\\\/\\\/orato.world\\\/es\\\/#organization\"},\"potentialAction\":[{\"@type\":\"SearchAction\",\"target\":{\"@type\":\"EntryPoint\",\"urlTemplate\":\"https:\\\/\\\/orato.world\\\/es\\\/?s={search_term_string}\"},\"query-input\":{\"@type\":\"PropertyValueSpecification\",\"valueRequired\":true,\"valueName\":\"search_term_string\"}}],\"inLanguage\":\"es\"},{\"@type\":\"Organization\",\"@id\":\"https:\\\/\\\/orato.world\\\/es\\\/#organization\",\"name\":\"Orato World Media Inc.\",\"url\":\"https:\\\/\\\/orato.world\\\/es\\\/\",\"logo\":{\"@type\":\"ImageObject\",\"inLanguage\":\"es\",\"@id\":\"https:\\\/\\\/orato.world\\\/es\\\/#\\\/schema\\\/logo\\\/image\\\/\",\"url\":\"https:\\\/\\\/orato.world\\\/wp-content\\\/uploads\\\/2020\\\/07\\\/orato-logo-transparent.png\",\"contentUrl\":\"https:\\\/\\\/orato.world\\\/wp-content\\\/uploads\\\/2020\\\/07\\\/orato-logo-transparent.png\",\"width\":78,\"height\":73,\"caption\":\"Orato World Media Inc.\"},\"image\":{\"@id\":\"https:\\\/\\\/orato.world\\\/es\\\/#\\\/schema\\\/logo\\\/image\\\/\"},\"sameAs\":[\"https:\\\/\\\/www.facebook.com\\\/OratoWorld\\\/\",\"https:\\\/\\\/x.com\\\/oratoworld\",\"https:\\\/\\\/www.instagram.com\\\/oratoworld\",\"https:\\\/\\\/www.linkedin.com\\\/company\\\/42308818\\\/\"],\"publishingPrinciples\":\"https:\\\/\\\/orato.world\\\/a-note-from-our-publisher-sam-yehia\\\/\",\"ownershipFundingInfo\":\"https:\\\/\\\/orato.world\\\/a-note-from-our-publisher-sam-yehia\\\/\"},{\"@type\":\"Person\",\"@id\":\"https:\\\/\\\/orato.world\\\/es\\\/#\\\/schema\\\/person\\\/a477ae646ef97094a917a279ba38728e\",\"name\":\"Piyas Biswas\",\"image\":{\"@type\":\"ImageObject\",\"inLanguage\":\"es\",\"@id\":\"https:\\\/\\\/orato.world\\\/wp-content\\\/uploads\\\/1679851749995-96x96.jpeg\",\"url\":\"https:\\\/\\\/orato.world\\\/wp-content\\\/uploads\\\/1679851749995-96x96.jpeg\",\"contentUrl\":\"https:\\\/\\\/orato.world\\\/wp-content\\\/uploads\\\/1679851749995-96x96.jpeg\",\"caption\":\"Piyas Biswas\"},\"description\":\"Piyas Biswas is a Visual Storyteller and Filmmaker with a special interest in Documentary Photography. He uses his vision to document humanity and bring awareness to issues throughout the world focusing on many conflict regions. He completed his photography graduation from Counter Foto (A Center for Visual Arts) in 2018 along with his academic graduation. Piyas is a recipient of The Konrad-Adenauer-Stiftung scholarship and completed his Diploma in Visual Journalism from Ateneo de Manila University (Philippines) in 2020. His works have been published in many national and international newspapers and magazines such as The Guardian, The Sun, The Wall Street Journal, CNN International, BBC Bangla, Deutsche Welle, Yahoo News, MSN, Forbes, UCANews, and The Daily Star etc.\",\"sameAs\":[\"https:\\\/\\\/www.linkedin.com\\\/in\\\/piyasbiswas\\\/\"],\"url\":\"https:\\\/\\\/orato.world\\\/es\\\/author\\\/piyas-biswas\\\/\"}]}<\/script>\n<!-- \/ Yoast SEO Premium plugin. -->","yoast_head_json":{"title":"Cambio clim\u00e1tico en Bangladesh | Una familia que vive en una casa desmontable","description":"El cambio clim\u00e1tico nos oblig\u00f3 a dejar nuestras tierras dos veces, ya que el r\u00edo erosion\u00f3 la isla flotante en la que viv\u00edamos, en Banglad\u00e9s. Nuestra casa desmontable es la \u00fanica raz\u00f3n por la que tenemos algo a lo que llamar hogar.","robots":{"index":"index","follow":"follow","max-snippet":"max-snippet:-1","max-image-preview":"max-image-preview:large","max-video-preview":"max-video-preview:-1"},"canonical":"https:\/\/orato.world\/es\/2026\/07\/27\/el-cambio-climatico-no-paraba-de-destruir-mi-casa-asi-que-me-compre-una-que-puedo-mover-de-lugar\/","og_locale":"es_ES","og_type":"article","og_title":"Me qued\u00e9 sin hogar dos veces a causa del cambio clim\u00e1tico: ahora, vivo en una casa que puedo mover de lugar","og_description":"El cambio clim\u00e1tico ya arras\u00f3 dos veces con la casa de mi familia. La \u00fanica raz\u00f3n por la que todav\u00eda tenemos un hogar es que podemos desarmarlo y llevarlo con nosotros.","og_url":"https:\/\/orato.world\/es\/2026\/07\/27\/el-cambio-climatico-no-paraba-de-destruir-mi-casa-asi-que-me-compre-una-que-puedo-mover-de-lugar\/","og_site_name":"Orato","article_publisher":"https:\/\/www.facebook.com\/OratoWorld\/","article_published_time":"2026-07-27T08:30:18+00:00","article_modified_time":"2026-08-28T14:49:22+00:00","og_image":[{"width":2560,"height":1707,"url":"https:\/\/orato.world\/wp-content\/uploads\/01-5-scaled.jpg","type":"image\/jpeg"}],"author":"Piyas Biswas","twitter_card":"summary_large_image","twitter_creator":"@oratoworld","twitter_site":"@oratoworld","twitter_misc":{"Escrito por":"Piyas Biswas","Tiempo de lectura":"6 minutos"},"schema":{"@context":"https:\/\/schema.org","@graph":[{"@type":"NewsArticle","@id":"https:\/\/orato.world\/es\/2026\/07\/27\/el-cambio-climatico-no-paraba-de-destruir-mi-casa-asi-que-me-compre-una-que-puedo-mover-de-lugar\/#article","isPartOf":{"@id":"https:\/\/orato.world\/es\/2026\/07\/27\/el-cambio-climatico-no-paraba-de-destruir-mi-casa-asi-que-me-compre-una-que-puedo-mover-de-lugar\/"},"author":{"name":"Piyas Biswas","@id":"https:\/\/orato.world\/es\/#\/schema\/person\/a477ae646ef97094a917a279ba38728e"},"headline":"Me qued\u00e9 sin hogar dos veces a causa del cambio clim\u00e1tico: ahora, vivo en una casa que puedo mover de lugar","datePublished":"2026-07-27T08:30:18+00:00","dateModified":"2026-08-28T14:49:22+00:00","mainEntityOfPage":{"@id":"https:\/\/orato.world\/es\/2026\/07\/27\/el-cambio-climatico-no-paraba-de-destruir-mi-casa-asi-que-me-compre-una-que-puedo-mover-de-lugar\/"},"wordCount":1161,"commentCount":0,"publisher":{"@id":"https:\/\/orato.world\/es\/#organization"},"image":{"@id":"https:\/\/orato.world\/es\/2026\/07\/27\/el-cambio-climatico-no-paraba-de-destruir-mi-casa-asi-que-me-compre-una-que-puedo-mover-de-lugar\/#primaryimage"},"thumbnailUrl":"https:\/\/orato.world\/wp-content\/uploads\/01-5-scaled.jpg","keywords":["alojamiento","Bangladesh","cambio clim\u00e1tico","casas desmontables","Flood","islas flotantes"],"articleSection":["Clima","Desastre","Medio ambiente"],"inLanguage":"es","potentialAction":[{"@type":"CommentAction","name":"Comment","target":["https:\/\/orato.world\/es\/2026\/07\/27\/el-cambio-climatico-no-paraba-de-destruir-mi-casa-asi-que-me-compre-una-que-puedo-mover-de-lugar\/#respond"]}]},{"@type":"WebPage","@id":"https:\/\/orato.world\/es\/2026\/07\/27\/el-cambio-climatico-no-paraba-de-destruir-mi-casa-asi-que-me-compre-una-que-puedo-mover-de-lugar\/","url":"https:\/\/orato.world\/es\/2026\/07\/27\/el-cambio-climatico-no-paraba-de-destruir-mi-casa-asi-que-me-compre-una-que-puedo-mover-de-lugar\/","name":"Cambio clim\u00e1tico en Bangladesh | Una familia que vive en una casa desmontable","isPartOf":{"@id":"https:\/\/orato.world\/es\/#website"},"primaryImageOfPage":{"@id":"https:\/\/orato.world\/es\/2026\/07\/27\/el-cambio-climatico-no-paraba-de-destruir-mi-casa-asi-que-me-compre-una-que-puedo-mover-de-lugar\/#primaryimage"},"image":{"@id":"https:\/\/orato.world\/es\/2026\/07\/27\/el-cambio-climatico-no-paraba-de-destruir-mi-casa-asi-que-me-compre-una-que-puedo-mover-de-lugar\/#primaryimage"},"thumbnailUrl":"https:\/\/orato.world\/wp-content\/uploads\/01-5-scaled.jpg","datePublished":"2026-07-27T08:30:18+00:00","dateModified":"2026-08-28T14:49:22+00:00","description":"El cambio clim\u00e1tico nos oblig\u00f3 a dejar nuestras tierras dos veces, ya que el r\u00edo erosion\u00f3 la isla flotante en la que viv\u00edamos, en Banglad\u00e9s. Nuestra casa desmontable es la \u00fanica raz\u00f3n por la que tenemos algo a lo que llamar hogar.","breadcrumb":{"@id":"https:\/\/orato.world\/es\/2026\/07\/27\/el-cambio-climatico-no-paraba-de-destruir-mi-casa-asi-que-me-compre-una-que-puedo-mover-de-lugar\/#breadcrumb"},"inLanguage":"es","potentialAction":[{"@type":"ReadAction","target":["https:\/\/orato.world\/es\/2026\/07\/27\/el-cambio-climatico-no-paraba-de-destruir-mi-casa-asi-que-me-compre-una-que-puedo-mover-de-lugar\/"]}]},{"@type":"ImageObject","inLanguage":"es","@id":"https:\/\/orato.world\/es\/2026\/07\/27\/el-cambio-climatico-no-paraba-de-destruir-mi-casa-asi-que-me-compre-una-que-puedo-mover-de-lugar\/#primaryimage","url":"https:\/\/orato.world\/wp-content\/uploads\/01-5-scaled.jpg","contentUrl":"https:\/\/orato.world\/wp-content\/uploads\/01-5-scaled.jpg","width":2560,"height":1707,"caption":"Mohammad Sumon Mridha posa junto a su esposa, Hena Begum, y su hijo de 3 a\u00f1os, Rabbi, frente a su casa desmontable de madera y chapa en Louhajang Upazila, Munshiganj, Bangladesh. Despu\u00e9s de que el r\u00edo arrasara con la isla en la que viv\u00edan, la familia ahora alquila un terreno a orillas del r\u00edo Padma."},{"@type":"BreadcrumbList","@id":"https:\/\/orato.world\/es\/2026\/07\/27\/el-cambio-climatico-no-paraba-de-destruir-mi-casa-asi-que-me-compre-una-que-puedo-mover-de-lugar\/#breadcrumb","itemListElement":[{"@type":"ListItem","position":1,"name":"Home","item":"https:\/\/orato.world\/es\/"},{"@type":"ListItem","position":2,"name":"Me qued\u00e9 sin hogar dos veces a causa del cambio clim\u00e1tico: ahora, vivo en una casa que puedo mover de lugar"}]},{"@type":"WebSite","@id":"https:\/\/orato.world\/es\/#website","url":"https:\/\/orato.world\/es\/","name":"Orato","description":"True Stories. Real People","publisher":{"@id":"https:\/\/orato.world\/es\/#organization"},"potentialAction":[{"@type":"SearchAction","target":{"@type":"EntryPoint","urlTemplate":"https:\/\/orato.world\/es\/?s={search_term_string}"},"query-input":{"@type":"PropertyValueSpecification","valueRequired":true,"valueName":"search_term_string"}}],"inLanguage":"es"},{"@type":"Organization","@id":"https:\/\/orato.world\/es\/#organization","name":"Orato World Media Inc.","url":"https:\/\/orato.world\/es\/","logo":{"@type":"ImageObject","inLanguage":"es","@id":"https:\/\/orato.world\/es\/#\/schema\/logo\/image\/","url":"https:\/\/orato.world\/wp-content\/uploads\/2020\/07\/orato-logo-transparent.png","contentUrl":"https:\/\/orato.world\/wp-content\/uploads\/2020\/07\/orato-logo-transparent.png","width":78,"height":73,"caption":"Orato World Media Inc."},"image":{"@id":"https:\/\/orato.world\/es\/#\/schema\/logo\/image\/"},"sameAs":["https:\/\/www.facebook.com\/OratoWorld\/","https:\/\/x.com\/oratoworld","https:\/\/www.instagram.com\/oratoworld","https:\/\/www.linkedin.com\/company\/42308818\/"],"publishingPrinciples":"https:\/\/orato.world\/a-note-from-our-publisher-sam-yehia\/","ownershipFundingInfo":"https:\/\/orato.world\/a-note-from-our-publisher-sam-yehia\/"},{"@type":"Person","@id":"https:\/\/orato.world\/es\/#\/schema\/person\/a477ae646ef97094a917a279ba38728e","name":"Piyas Biswas","image":{"@type":"ImageObject","inLanguage":"es","@id":"https:\/\/orato.world\/wp-content\/uploads\/1679851749995-96x96.jpeg","url":"https:\/\/orato.world\/wp-content\/uploads\/1679851749995-96x96.jpeg","contentUrl":"https:\/\/orato.world\/wp-content\/uploads\/1679851749995-96x96.jpeg","caption":"Piyas Biswas"},"description":"Piyas Biswas is a Visual Storyteller and Filmmaker with a special interest in Documentary Photography. He uses his vision to document humanity and bring awareness to issues throughout the world focusing on many conflict regions. He completed his photography graduation from Counter Foto (A Center for Visual Arts) in 2018 along with his academic graduation. Piyas is a recipient of The Konrad-Adenauer-Stiftung scholarship and completed his Diploma in Visual Journalism from Ateneo de Manila University (Philippines) in 2020. His works have been published in many national and international newspapers and magazines such as The Guardian, The Sun, The Wall Street Journal, CNN International, BBC Bangla, Deutsche Welle, Yahoo News, MSN, Forbes, UCANews, and The Daily Star etc.","sameAs":["https:\/\/www.linkedin.com\/in\/piyasbiswas\/"],"url":"https:\/\/orato.world\/es\/author\/piyas-biswas\/"}]}},"modified_by":"Mariela Iniguez","uagb_featured_image_src":{"full":["https:\/\/orato.world\/wp-content\/uploads\/01-5-scaled.jpg",2560,1707,false],"thumbnail":["https:\/\/orato.world\/wp-content\/uploads\/01-5-100x100.jpg",100,100,true],"medium":["https:\/\/orato.world\/wp-content\/uploads\/01-5-300x200.jpg",300,200,true],"medium_large":["https:\/\/orato.world\/wp-content\/uploads\/01-5-770x513.jpg",640,426,true],"large":["https:\/\/orato.world\/wp-content\/uploads\/01-5-1024x683.jpg",640,427,true],"1536x1536":["https:\/\/orato.world\/wp-content\/uploads\/01-5-1536x1024.jpg",1536,1024,true],"2048x2048":["https:\/\/orato.world\/wp-content\/uploads\/01-5-2048x1365.jpg",2048,1365,true],"gallery-size":["https:\/\/orato.world\/wp-content\/uploads\/01-5-600x400.jpg",600,400,true],"lets-review-360-240":["https:\/\/orato.world\/wp-content\/uploads\/01-5-360x240.jpg",360,240,true],"gform-image-choice-sm":["https:\/\/orato.world\/wp-content\/uploads\/01-5-scaled.jpg",300,200,false],"gform-image-choice-md":["https:\/\/orato.world\/wp-content\/uploads\/01-5-scaled.jpg",400,267,false],"gform-image-choice-lg":["https:\/\/orato.world\/wp-content\/uploads\/01-5-scaled.jpg",600,400,false],"awsm_team":["https:\/\/orato.world\/wp-content\/uploads\/01-5-500x500.jpg",500,500,true]},"uagb_author_info":{"display_name":"Piyas Biswas","author_link":"https:\/\/orato.world\/es\/author\/piyas-biswas\/"},"uagb_comment_info":0,"uagb_excerpt":"El cambio clim\u00e1tico ya arras\u00f3 dos veces con la casa de mi familia. La \u00fanica raz\u00f3n por la que todav\u00eda tenemos un hogar es que podemos desarmarlo y llevarlo con nosotros.","_links":{"self":[{"href":"https:\/\/orato.world\/es\/wp-json\/wp\/v2\/posts\/104754","targetHints":{"allow":["GET"]}}],"collection":[{"href":"https:\/\/orato.world\/es\/wp-json\/wp\/v2\/posts"}],"about":[{"href":"https:\/\/orato.world\/es\/wp-json\/wp\/v2\/types\/post"}],"author":[{"embeddable":true,"href":"https:\/\/orato.world\/es\/wp-json\/wp\/v2\/users\/235"}],"replies":[{"embeddable":true,"href":"https:\/\/orato.world\/es\/wp-json\/wp\/v2\/comments?post=104754"}],"version-history":[{"count":4,"href":"https:\/\/orato.world\/es\/wp-json\/wp\/v2\/posts\/104754\/revisions"}],"predecessor-version":[{"id":104772,"href":"https:\/\/orato.world\/es\/wp-json\/wp\/v2\/posts\/104754\/revisions\/104772"}],"wp:featuredmedia":[{"embeddable":true,"href":"https:\/\/orato.world\/es\/wp-json\/wp\/v2\/media\/104755"}],"wp:attachment":[{"href":"https:\/\/orato.world\/es\/wp-json\/wp\/v2\/media?parent=104754"}],"wp:term":[{"taxonomy":"category","embeddable":true,"href":"https:\/\/orato.world\/es\/wp-json\/wp\/v2\/categories?post=104754"},{"taxonomy":"post_tag","embeddable":true,"href":"https:\/\/orato.world\/es\/wp-json\/wp\/v2\/tags?post=104754"}],"curies":[{"name":"wp","href":"https:\/\/api.w.org\/{rel}","templated":true}]}}