{"id":105594,"date":"2026-07-29T03:10:15","date_gmt":"2026-07-29T10:10:15","guid":{"rendered":"https:\/\/orato.world\/2026\/07\/29\/violencia-de-genero-lo-que-la-situacion-de-las-mujeres-dice-de-una-nacion\/"},"modified":"2026-09-01T07:06:59","modified_gmt":"2026-09-01T14:06:59","slug":"violencia-de-genero-lo-que-la-situacion-de-las-mujeres-dice-de-una-nacion","status":"publish","type":"post","link":"https:\/\/orato.world\/es\/2026\/07\/29\/violencia-de-genero-lo-que-la-situacion-de-las-mujeres-dice-de-una-nacion\/","title":{"rendered":"Violencia de g\u00e9nero: lo que la situaci\u00f3n de las mujeres dice de una naci\u00f3n"},"content":{"rendered":"\n<p class=\"wp-block-paragraph\">As\u00ed lo hab\u00eda expresado en su momento el entonces <a href=\"https:\/\/www.pmindia.gov.in\/en\/former_pm\/shri-jawaharlal-nehru\/\">primer ministro Jawaharlal Nehru<\/a>: m\u00e1s de setenta a\u00f1os despu\u00e9s de la independencia, aquellas palabras ya no suenan tanto a una reivindicaci\u00f3n del progreso de la India como a un reflejo inc\u00f3modo de sus fracasos.<\/p>\n\n<p class=\"wp-block-paragraph\">En un pa\u00eds que aspira a convertirse en una potencia mundial y se enorgullece de su crecimiento econ\u00f3mico y sus avances tecnol\u00f3gicos, hay una pregunta dom\u00e9stica, urgente, que todav\u00eda espera respuesta: \u00bfpor qu\u00e9 las mujeres no pueden vivir con dignidad, en igualdad y sin miedo?<\/p>\n\n<p class=\"wp-block-paragraph\">En diciembre de 2012, la India entera se uni\u00f3 en el dolor y la indignaci\u00f3n tras <a href=\"https:\/\/www.bbc.com\/news\/world-asia-35115974\">la brutal violaci\u00f3n grupal<\/a> y el asesinato de una estudiante de fisioterapia de 23 a\u00f1os. La joven fue apodada Nirbhaya \u2014\u00absin miedo\u00bb\u2014 despu\u00e9s de morir a causa de las heridas. Millones de personas salieron a las calles a exigir justicia, no solo por ella, sino por todas las mujeres cuyos cuerpos eran escenario de una <a href=\"https:\/\/orato.world\/es\/2026\/07\/28\/justicia-poder-y-violacion-lo-que-aprendi-despues-de-cuarenta-anos-acompanando-a-sobrevivientes\/\">violencia<\/a> que la sociedad hab\u00eda aprendido a normalizar.<br\/><\/p>\n\n<p class=\"wp-block-paragraph\">El Gobierno prometi\u00f3 reformas, pol\u00edticas de protecci\u00f3n, leyes m\u00e1s estrictas y tribunales especiales para garantizar un r\u00e1pido acceso a la justicia. Tal vez con demasiada ingenuidad, cre\u00edmos que Nirbhaya ser\u00eda el punto de inflexi\u00f3n, que hab\u00eda esperanza despu\u00e9s de todo.<\/p>\n\n<figure class=\"wp-block-embed aligncenter is-type-video is-provider-youtube wp-block-embed-youtube wp-embed-aspect-4-3 wp-has-aspect-ratio\"><div class=\"wp-block-embed__wrapper\">\n<iframe loading=\"lazy\" title=\"&amp;apos;How many Nirbhayas?&amp;apos; 14-year-old raped, forced to drink acid dies\" width=\"640\" height=\"480\" src=\"https:\/\/www.youtube.com\/embed\/HHILMYPqOcc?feature=oembed\" frameborder=\"0\" allow=\"accelerometer; autoplay; clipboard-write; encrypted-media; gyroscope; picture-in-picture; web-share\" referrerpolicy=\"strict-origin-when-cross-origin\" allowfullscreen><\/iframe>\n<\/div><\/figure>\n\n<div style=\"height:20px\" aria-hidden=\"true\" class=\"wp-block-spacer\"><\/div>\n\n<p class=\"wp-block-paragraph\">M\u00e1s de una d\u00e9cada despu\u00e9s, la pregunta sigue en pie: \u00bfcambi\u00f3 algo? A todas luces, pareciera que la sociedad india se ha vuelto peligrosamente insensible frente a la violencia sexual. Todos los d\u00edas hay otra violaci\u00f3n. Otra menor abusada. Otra mujer asesinada. Otro titular. Otro debate en redes sociales, otra marcha a la luz de las velas. <\/p>\n\n<p class=\"wp-block-paragraph\">Hace poco, <a href=\"https:\/\/www.bbc.com\/news\/articles\/cze9zd8drzro\">una ni\u00f1a de 11 a\u00f1os fue violada<\/a> y asesinada en el estado indio de Bengala Occidental. La encontraron en un estanque un d\u00eda despu\u00e9s de que su familia denunciara su desaparici\u00f3n. Aunque este caso desat\u00f3 varios d\u00edas de protestas violentas y, finalmente, los sospechosos fueron detenidos sin embargo, vemos que, en general, la indignaci\u00f3n p\u00fablica se va apagando hasta convertirse en apat\u00eda. Somos un pa\u00eds donde una violaci\u00f3n ya no causa conmoci\u00f3n: forma parte de la rutina. Y esa normalizaci\u00f3n es la mayor tragedia de todas. Cuando la sociedad empieza a aceptar la violencia como algo habitual, las instituciones terminan haciendo lo mismo.<\/p>\n\n<figure class=\"wp-block-embed aligncenter is-type-video is-provider-youtube wp-block-embed-youtube wp-embed-aspect-16-9 wp-has-aspect-ratio\"><div class=\"wp-block-embed__wrapper\">\n<iframe loading=\"lazy\" title=\"West Bengal Rape | Key Accused In Rape-Murder Of 11-Year-Old In Bengal Killed In Encounter\" width=\"640\" height=\"360\" src=\"https:\/\/www.youtube.com\/embed\/dUW2_LKmNOA?feature=oembed\" frameborder=\"0\" allow=\"accelerometer; autoplay; clipboard-write; encrypted-media; gyroscope; picture-in-picture; web-share\" referrerpolicy=\"strict-origin-when-cross-origin\" allowfullscreen><\/iframe>\n<\/div><\/figure>\n\n<div style=\"height:20px\" aria-hidden=\"true\" class=\"wp-block-spacer\"><\/div>\n\n<p class=\"wp-block-paragraph\">Violador no se nace: se hace. Aunque no todos los varones violan, todos los violadores se cr\u00edan en una sociedad que le ense\u00f1a, de manera expl\u00edcita o sutil, que las mujeres ocupan un lugar inferior. El patriarcado est\u00e1 presente en el d\u00eda a d\u00eda de las familias. Est\u00e1 presente cuando a las hijas se les dice que vuelvan a casa antes de que oscurezca, pero a los hijos se los alienta a salir y divertirse. Cuando se les ense\u00f1a a las ni\u00f1as a no re\u00edr fuerte. Cuando se le sirve la comida primero al hermano var\u00f3n. Cuando a las madres se les exige sacrificar su carrera. Cuando los padres que interrogan a sus hijas para saber d\u00f3nde estuvieron, pero jam\u00e1s se preocupan por preguntarles a sus hijos si est\u00e1n acosando o molestando a alguien. A un var\u00f3n se le celebra la ira como una muestra de masculinidad. Una mujer que se comporta de la misma manera es tachada de dif\u00edcil o irrespetuosa. Nadie habla de consentimiento. La <a href=\"https:\/\/orato.world\/es\/2022\/10\/06\/una-doctora-filipina-aboga-por-la-positividad-sexual-entre-las-mujeres-con-su-propio-sex-shop\/\">educaci\u00f3n sexual<\/a> pasa principalmente por la pornograf\u00eda. Los varones aprenden sobre el cuerpo de las mujeres mucho antes de aprender a verlas como personas. No son costumbres aisladas. Son los cimientos de una sociedad sobre los que, poco a poco, se asienta la violencia. <\/p>\n\n<p class=\"wp-block-paragraph\">Nos hemos acostumbrado a que las ni\u00f1as crezcan viendo situaciones de violencia en su casa y aprendan a normalizar el <a href=\"https:\/\/orato.world\/es\/2024\/11\/07\/una-mujer-relata-abusos-sexuales-en-el-juicio-contra-el-famoso-musico-miguel-del-popolo\/\">maltrato<\/a>. A decirle a las j\u00f3venes que sufren acoso todos los d\u00edas en el transporte p\u00fablico que tienen que aprender a lidiar con eso. A recomendarle a las profesionales que son blanco de ataques en internet que se vayan de las redes sociales. A preguntarle a las sobrevivientes que acuden a la justicia penal m\u00e1s por su comportamiento que por el de los abusadores.<\/p>\n\n<p class=\"wp-block-paragraph\">Las sobrevivientes se agotan. Los procesos judiciales se prolongan durante a\u00f1os. Los casos son eternos. Los dirigentes pol\u00edticos hablan de la seguridad de las mujeres durante el per\u00edodo electoral, pero desaparecen cuando llega el momento de actuar. O peor: creen que con una publicaci\u00f3n en redes sociales alcanza.<\/p>\n\n<p class=\"wp-block-paragraph\">A los hombres que siguen tratando a las mujeres como objetos que pueden poseer, controlar, castigar o consumir, hay que decirles la verdad sin eufemismos: la <a href=\"https:\/\/orato.world\/es\/2024\/05\/30\/una-joven-concebida-por-violacion-incestuosa-y-luego-abusada-por-sus-tios-lucha-por-romper-el-ciclo\/\">violaci\u00f3n<\/a>no tiene que ver con un deseo sexual incontrolable. Tiene que ver con poder y con la sensaci\u00f3n de tener derecho sobre el cuerpo de otra persona.<\/p>\n\n<p class=\"wp-block-paragraph\">Tiene que ver con creerse superiores, con pensar que el cuerpo de las mujeres existe para satisfacer el deseo masculino y de que violar su dignidad no tendr\u00e1 consecuencias.<\/p>\n\n<p class=\"wp-block-paragraph\">Aunque algunos casos trascienden, much\u00edsimos otros son invisibilizados. La sociedad parece haberse vuelto insensible ante el dolor de estas mujeres.<\/p>\n\n<p class=\"wp-block-paragraph\">Casi todas las semanas una nueva y espantosa violaci\u00f3n domina el debate televisivo y las publicaciones en las <a href=\"https:\/\/orato.world\/es\/2024\/06\/30\/explotacion-de-los-vulnerables-incluso-en-la-muerte-las-fotos-de-om-fahd-desnuda-sientan-un-peligroso-precedente\/\">redes sociales<\/a>. La indignaci\u00f3n estalla durante un rato y despu\u00e9s se desvanece en una especie de amnesia colectiva. El espanto se vuelve c\u00edclico, pero las consecuencias para los violadores tardan en llegar.<\/p>\n\n<p class=\"wp-block-paragraph\">Al mismo tiempo, una vez al a\u00f1o el mundo celebra a las mujeres durante su d\u00eda: cada 8 de marzo, llueven los mensajitos con frases cursis, los descuentos en maquillaje, las conmemoraciones trilladas en las empresas y las publicaciones de famosos en redes sociales sobre la importancia de mimarse. <\/p>\n\n<figure class=\"wp-block-embed aligncenter is-type-video is-provider-youtube wp-block-embed-youtube wp-embed-aspect-16-9 wp-has-aspect-ratio\"><div class=\"wp-block-embed__wrapper\">\n<iframe loading=\"lazy\" title=\"Justice for All Women and Girls - UN Women Press Conference | United Nations\" width=\"640\" height=\"360\" src=\"https:\/\/www.youtube.com\/embed\/ltgGhDMKa_Q?feature=oembed\" frameborder=\"0\" allow=\"accelerometer; autoplay; clipboard-write; encrypted-media; gyroscope; picture-in-picture; web-share\" referrerpolicy=\"strict-origin-when-cross-origin\" allowfullscreen><\/iframe>\n<\/div><\/figure>\n\n<div style=\"height:20px\" aria-hidden=\"true\" class=\"wp-block-spacer\"><\/div>\n\n<p class=\"wp-block-paragraph\">Es innegable que ha habido avances. Las mujeres tienen m\u00e1s acceso a la educaci\u00f3n, cada vez est\u00e1n m\u00e1s representadas en el mundo laboral, ocupan bancas en parlamentos de todo el mundo y protagonizan <a href=\"https:\/\/www.volunteerworld.com\/en\/volunteer-abroad\/women-empowerment\">hitos hist\u00f3ricos tanto en la Tierra<\/a> como en el espacio. Las celebramos con programas repletos de esl\u00f3ganes y paneles donde se sientan mujeres destacadas a hablar de sus logros: sin embargo, todo queda ah\u00ed: dentro de las paredes elegantes de una sala de <a href=\"https:\/\/www.srcmeetings.com\/upcoming-conferences\/world-conference-on-women-s-empowerment-gender-equity-and-social-impact\">conferencias<\/a>. <\/p>\n\n<p class=\"wp-block-paragraph\">Si el mundo se tomara en serio el D\u00eda de la Mujer, y si los gobiernos de verdad quisieran cambiar las cosas, tendr\u00edan que mirar de frente lo que ocurre en el mundo real. Porque ese no es solo un d\u00eda de celebraci\u00f3n: es un d\u00eda para sentir verg\u00fcenza y culpa.<br\/>Cada 8 de marzo deber\u00edamos recordar el estado de vulneraci\u00f3n de los derechos de las mujeres, deber\u00edamos hacer un mea culpa por todas las promesas han quedado en el camino. Pr\u00e1cticamente todos los pa\u00edses han prometido alcanzar la igualdad de g\u00e9nero, pero de momento, ninguno ha cumplido con su palabra.<\/p>\n\n<p class=\"wp-block-paragraph\">Ese d\u00eda tambi\u00e9n deber\u00eda hacernos pensar en el fracaso de los sistemas educativos que no ense\u00f1an a los varones sobre igualdad y consentimiento. Del fracaso de las fuerzas de seguridad que recomiendan no denunciar. Del fracaso de la justicia que reducen experiencias traum\u00e1ticas a tecnicismos legales. Del fracaso de una pol\u00edtica que pone el poder por encima de los principios. Y del fracaso de la <a href=\"https:\/\/www.oecd.org\/en\/topics\/sub-issues\/technology-governance.html\">regulaci\u00f3n tecnol\u00f3gica<\/a>, que permite que la misoginia se multiplique a escala global.<\/p>\n\n<p class=\"wp-block-paragraph\">Por encima de todo, el 8 de marzo es un d\u00eda para mirar a los ojos a una sociedad que todav\u00eda no termina de reconocer a las mujeres como ciudadanas plenas, y que sigue vi\u00e9ndolas como meras guardianas del honor familiar o como objetos que deben ser controlados.<\/p>\n\n<div class=\"wp-block-uagb-info-box uagb-block-f56d8de5 uagb-infobox__content-wrap  uagb-infobox-icon-above-title uagb-infobox-image-valign-top\"><div class=\"uagb-ifb-content\"><div class=\"uagb-ifb-icon-wrap\"><svg xmlns=\"https:\/\/www.w3.org\/2000\/svg\" viewbox=\"0 0 448 512\"><path d=\"M400 32h-352C21.49 32 0 53.49 0 80v352C0 458.5 21.49 480 48 480h245.5c16.97 0 33.25-6.744 45.26-18.75l90.51-90.51C441.3 358.7 448 342.5 448 325.5V80C448 53.49 426.5 32 400 32zM64 96h320l-.001 224H320c-17.67 0-32 14.33-32 32v64H64V96z\"><\/path><\/svg><\/div><div class=\"uagb-ifb-title-wrap\"><h3 class=\"uagb-ifb-title\">Nota del editor<\/h3><\/div><p class=\"uagb-ifb-desc\">En much\u00edsimos pa\u00edses, las mujeres siguen sin poder vivir con dignidad y contin\u00faan sufriendo las injusticias de la desigualdad. Todo esto es consecuencia directa de que los varones no han cumplido con su deber de protegerlas, como nos ense\u00f1an nuestra propia naturaleza gen\u00e9tica y la educaci\u00f3n que recibimos. <\/p><\/div><\/div>\n\n<p class=\"wp-block-paragraph\"><\/p>\n","protected":false},"excerpt":{"rendered":"<p>M\u00e1s de una d\u00e9cada despu\u00e9s de que el caso Nirbhaya conmocionara a la India, la violencia contra las mujeres sigue siendo una realidad cotidiana. En esta columna de opini\u00f3n de Orato, la autora analiza c\u00f3mo el patriarcado, el d\u00e9ficit institucional y las actitudes de la sociedad siguen neg\u00e1ndoles a las mujeres la seguridad, la dignidad y la igualdad que merecen, y por qu\u00e9 el verdadero rostro de una naci\u00f3n se revela en la forma en la que trata a sus mujeres.<\/p>\n","protected":false},"author":109,"featured_media":105595,"comment_status":"open","ping_status":"open","sticky":false,"template":"","format":"standard","meta":{"_acf_changed":false,"_uag_custom_page_level_css":"","_lmt_disableupdate":"","_lmt_disable":"","footnotes":"","_members_access_role":[],"_members_access_error":""},"categories":[10181,874,10092,6175,10257,261],"tags":[10260,866,2146,2765,1587,10258,10259,1859,4204],"class_list":["post-105594","post","type-post","status-publish","format-standard","has-post-thumbnail","hentry","category-activismo","category-crimen-y-corrupcion-es","category-derechos-humanos","category-op-ed-guest-posts-es","category-opinion","category-sexo-y-genero","tag-articulo-de-opinion","tag-derechos-de-la-mujer","tag-derechos-humanos","tag-igualdad-de-genero","tag-india-es","tag-justicia-de-genero","tag-sociedad","tag-violencia-contra-la-mujer","tag-violencia-sexual"],"acf":[],"yoast_head":"<!-- This site is optimized with the Yoast SEO Premium plugin v28.3 (Yoast SEO v28.3) - https:\/\/yoast.com\/product\/yoast-seo-premium-wordpress\/ -->\n<title>Violencia de g\u00e9nero: lo que la situaci\u00f3n de las mujeres dice de una naci\u00f3n | Orato<\/title>\n<meta name=\"description\" content=\"M\u00e1s de una d\u00e9cada despu\u00e9s del caso Nirbhaya, la violencia contra las mujeres en la India sigue dejando al descubierto profundas fallas en materia de justicia, igualdad de g\u00e9nero y rendici\u00f3n de cuentas. En esta columna de opini\u00f3n de Orato, exploramos por qu\u00e9 el verdadero rostro de una naci\u00f3n se revela en la forma en la que trata a sus mujeres.\" \/>\n<meta name=\"robots\" content=\"index, follow, max-snippet:-1, max-image-preview:large, max-video-preview:-1\" \/>\n<link rel=\"canonical\" href=\"https:\/\/orato.world\/es\/2026\/07\/29\/violencia-de-genero-lo-que-la-situacion-de-las-mujeres-dice-de-una-nacion\/\" \/>\n<meta property=\"og:locale\" content=\"es_ES\" \/>\n<meta property=\"og:type\" content=\"article\" \/>\n<meta property=\"og:title\" content=\"Violencia de g\u00e9nero: lo que la situaci\u00f3n de las mujeres dice de una naci\u00f3n\" \/>\n<meta property=\"og:description\" content=\"M\u00e1s de una d\u00e9cada despu\u00e9s de que el caso Nirbhaya conmocionara a la India, la violencia contra las mujeres sigue siendo una realidad cotidiana. En esta columna de opini\u00f3n de Orato, la autora analiza c\u00f3mo el patriarcado, el d\u00e9ficit institucional y las actitudes de la sociedad siguen neg\u00e1ndoles a las mujeres la seguridad, la dignidad y la igualdad que merecen, y por qu\u00e9 el verdadero rostro de una naci\u00f3n se revela en la forma en la que trata a sus mujeres.\" \/>\n<meta property=\"og:url\" content=\"https:\/\/orato.world\/es\/2026\/07\/29\/violencia-de-genero-lo-que-la-situacion-de-las-mujeres-dice-de-una-nacion\/\" \/>\n<meta property=\"og:site_name\" content=\"Orato\" \/>\n<meta property=\"article:publisher\" content=\"https:\/\/www.facebook.com\/OratoWorld\/\" \/>\n<meta property=\"article:published_time\" content=\"2026-07-29T10:10:15+00:00\" \/>\n<meta property=\"article:modified_time\" content=\"2026-09-01T14:06:59+00:00\" \/>\n<meta property=\"og:image\" content=\"https:\/\/orato.world\/wp-content\/uploads\/Untitled-design-14-1-1024x576.png\" \/>\n\t<meta property=\"og:image:width\" content=\"1024\" \/>\n\t<meta property=\"og:image:height\" content=\"576\" \/>\n\t<meta property=\"og:image:type\" content=\"image\/png\" \/>\n<meta name=\"author\" content=\"Orato\" \/>\n<meta name=\"twitter:card\" content=\"summary_large_image\" \/>\n<meta name=\"twitter:creator\" content=\"@oratoworld\" \/>\n<meta name=\"twitter:site\" content=\"@oratoworld\" \/>\n<meta name=\"twitter:label1\" content=\"Escrito por\" \/>\n\t<meta name=\"twitter:data1\" content=\"Orato\" \/>\n\t<meta name=\"twitter:label2\" content=\"Tiempo de lectura\" \/>\n\t<meta name=\"twitter:data2\" content=\"7 minutos\" \/>\n<script type=\"application\/ld+json\" class=\"yoast-schema-graph\">{\"@context\":\"https:\\\/\\\/schema.org\",\"@graph\":[{\"@type\":\"NewsArticle\",\"@id\":\"https:\\\/\\\/orato.world\\\/es\\\/2026\\\/07\\\/29\\\/violencia-de-genero-lo-que-la-situacion-de-las-mujeres-dice-de-una-nacion\\\/#article\",\"isPartOf\":{\"@id\":\"https:\\\/\\\/orato.world\\\/es\\\/2026\\\/07\\\/29\\\/violencia-de-genero-lo-que-la-situacion-de-las-mujeres-dice-de-una-nacion\\\/\"},\"author\":{\"name\":\"Orato\",\"@id\":\"https:\\\/\\\/orato.world\\\/es\\\/#\\\/schema\\\/person\\\/f315b70270ef7e39d462efcbee404ccf\"},\"headline\":\"Violencia de g\u00e9nero: lo que la situaci\u00f3n de las mujeres dice de una naci\u00f3n\",\"datePublished\":\"2026-07-29T10:10:15+00:00\",\"dateModified\":\"2026-09-01T14:06:59+00:00\",\"mainEntityOfPage\":{\"@id\":\"https:\\\/\\\/orato.world\\\/es\\\/2026\\\/07\\\/29\\\/violencia-de-genero-lo-que-la-situacion-de-las-mujeres-dice-de-una-nacion\\\/\"},\"wordCount\":1413,\"commentCount\":0,\"publisher\":{\"@id\":\"https:\\\/\\\/orato.world\\\/es\\\/#organization\"},\"image\":{\"@id\":\"https:\\\/\\\/orato.world\\\/es\\\/2026\\\/07\\\/29\\\/violencia-de-genero-lo-que-la-situacion-de-las-mujeres-dice-de-una-nacion\\\/#primaryimage\"},\"thumbnailUrl\":\"https:\\\/\\\/orato.world\\\/wp-content\\\/uploads\\\/Untitled-design-14-1.png\",\"keywords\":[\"Art\u00edculo de opini\u00f3n\",\"Derechos de la mujer\",\"Derechos humanos\",\"Igualdad de g\u00e9nero\",\"India\",\"Justicia de g\u00e9nero\",\"Sociedad\",\"violencia contra la mujer\",\"Violencia sexual\"],\"articleSection\":[\"Activismo\",\"Crimen y corrupci\u00f3n\",\"Derechos humanos\",\"Op-Ed &amp; Guest Posts\",\"Opini\u00f3n\",\"Sexo y g\u00e9nero\"],\"inLanguage\":\"es\",\"potentialAction\":[{\"@type\":\"CommentAction\",\"name\":\"Comment\",\"target\":[\"https:\\\/\\\/orato.world\\\/es\\\/2026\\\/07\\\/29\\\/violencia-de-genero-lo-que-la-situacion-de-las-mujeres-dice-de-una-nacion\\\/#respond\"]}]},{\"@type\":\"WebPage\",\"@id\":\"https:\\\/\\\/orato.world\\\/es\\\/2026\\\/07\\\/29\\\/violencia-de-genero-lo-que-la-situacion-de-las-mujeres-dice-de-una-nacion\\\/\",\"url\":\"https:\\\/\\\/orato.world\\\/es\\\/2026\\\/07\\\/29\\\/violencia-de-genero-lo-que-la-situacion-de-las-mujeres-dice-de-una-nacion\\\/\",\"name\":\"Violencia de g\u00e9nero: lo que la situaci\u00f3n de las mujeres dice de una naci\u00f3n | Orato\",\"isPartOf\":{\"@id\":\"https:\\\/\\\/orato.world\\\/es\\\/#website\"},\"primaryImageOfPage\":{\"@id\":\"https:\\\/\\\/orato.world\\\/es\\\/2026\\\/07\\\/29\\\/violencia-de-genero-lo-que-la-situacion-de-las-mujeres-dice-de-una-nacion\\\/#primaryimage\"},\"image\":{\"@id\":\"https:\\\/\\\/orato.world\\\/es\\\/2026\\\/07\\\/29\\\/violencia-de-genero-lo-que-la-situacion-de-las-mujeres-dice-de-una-nacion\\\/#primaryimage\"},\"thumbnailUrl\":\"https:\\\/\\\/orato.world\\\/wp-content\\\/uploads\\\/Untitled-design-14-1.png\",\"datePublished\":\"2026-07-29T10:10:15+00:00\",\"dateModified\":\"2026-09-01T14:06:59+00:00\",\"description\":\"M\u00e1s de una d\u00e9cada despu\u00e9s del caso Nirbhaya, la violencia contra las mujeres en la India sigue dejando al descubierto profundas fallas en materia de justicia, igualdad de g\u00e9nero y rendici\u00f3n de cuentas. En esta columna de opini\u00f3n de Orato, exploramos por qu\u00e9 el verdadero rostro de una naci\u00f3n se revela en la forma en la que trata a sus mujeres.\",\"breadcrumb\":{\"@id\":\"https:\\\/\\\/orato.world\\\/es\\\/2026\\\/07\\\/29\\\/violencia-de-genero-lo-que-la-situacion-de-las-mujeres-dice-de-una-nacion\\\/#breadcrumb\"},\"inLanguage\":\"es\",\"potentialAction\":[{\"@type\":\"ReadAction\",\"target\":[\"https:\\\/\\\/orato.world\\\/es\\\/2026\\\/07\\\/29\\\/violencia-de-genero-lo-que-la-situacion-de-las-mujeres-dice-de-una-nacion\\\/\"]}]},{\"@type\":\"ImageObject\",\"inLanguage\":\"es\",\"@id\":\"https:\\\/\\\/orato.world\\\/es\\\/2026\\\/07\\\/29\\\/violencia-de-genero-lo-que-la-situacion-de-las-mujeres-dice-de-una-nacion\\\/#primaryimage\",\"url\":\"https:\\\/\\\/orato.world\\\/wp-content\\\/uploads\\\/Untitled-design-14-1.png\",\"contentUrl\":\"https:\\\/\\\/orato.world\\\/wp-content\\\/uploads\\\/Untitled-design-14-1.png\",\"width\":1920,\"height\":1080,\"caption\":\"Silueta de una mujer de pie frente a banderas de distintos pa\u00edses, s\u00edmbolo de la lucha mundial contra la violencia hacia las mujeres y por la igualdad de g\u00e9nero y los derechos de las mujeres.\"},{\"@type\":\"BreadcrumbList\",\"@id\":\"https:\\\/\\\/orato.world\\\/es\\\/2026\\\/07\\\/29\\\/violencia-de-genero-lo-que-la-situacion-de-las-mujeres-dice-de-una-nacion\\\/#breadcrumb\",\"itemListElement\":[{\"@type\":\"ListItem\",\"position\":1,\"name\":\"Home\",\"item\":\"https:\\\/\\\/orato.world\\\/es\\\/\"},{\"@type\":\"ListItem\",\"position\":2,\"name\":\"Violencia de g\u00e9nero: lo que la situaci\u00f3n de las mujeres dice de una naci\u00f3n\"}]},{\"@type\":\"WebSite\",\"@id\":\"https:\\\/\\\/orato.world\\\/es\\\/#website\",\"url\":\"https:\\\/\\\/orato.world\\\/es\\\/\",\"name\":\"Orato\",\"description\":\"True Stories. Real People\",\"publisher\":{\"@id\":\"https:\\\/\\\/orato.world\\\/es\\\/#organization\"},\"potentialAction\":[{\"@type\":\"SearchAction\",\"target\":{\"@type\":\"EntryPoint\",\"urlTemplate\":\"https:\\\/\\\/orato.world\\\/es\\\/?s={search_term_string}\"},\"query-input\":{\"@type\":\"PropertyValueSpecification\",\"valueRequired\":true,\"valueName\":\"search_term_string\"}}],\"inLanguage\":\"es\"},{\"@type\":\"Organization\",\"@id\":\"https:\\\/\\\/orato.world\\\/es\\\/#organization\",\"name\":\"Orato World Media Inc.\",\"url\":\"https:\\\/\\\/orato.world\\\/es\\\/\",\"logo\":{\"@type\":\"ImageObject\",\"inLanguage\":\"es\",\"@id\":\"https:\\\/\\\/orato.world\\\/es\\\/#\\\/schema\\\/logo\\\/image\\\/\",\"url\":\"https:\\\/\\\/orato.world\\\/wp-content\\\/uploads\\\/2020\\\/07\\\/orato-logo-transparent.png\",\"contentUrl\":\"https:\\\/\\\/orato.world\\\/wp-content\\\/uploads\\\/2020\\\/07\\\/orato-logo-transparent.png\",\"width\":78,\"height\":73,\"caption\":\"Orato World Media Inc.\"},\"image\":{\"@id\":\"https:\\\/\\\/orato.world\\\/es\\\/#\\\/schema\\\/logo\\\/image\\\/\"},\"sameAs\":[\"https:\\\/\\\/www.facebook.com\\\/OratoWorld\\\/\",\"https:\\\/\\\/x.com\\\/oratoworld\",\"https:\\\/\\\/www.instagram.com\\\/oratoworld\",\"https:\\\/\\\/www.linkedin.com\\\/company\\\/42308818\\\/\"],\"publishingPrinciples\":\"https:\\\/\\\/orato.world\\\/a-note-from-our-publisher-sam-yehia\\\/\",\"ownershipFundingInfo\":\"https:\\\/\\\/orato.world\\\/a-note-from-our-publisher-sam-yehia\\\/\"},{\"@type\":\"Person\",\"@id\":\"https:\\\/\\\/orato.world\\\/es\\\/#\\\/schema\\\/person\\\/f315b70270ef7e39d462efcbee404ccf\",\"name\":\"Orato\",\"image\":{\"@type\":\"ImageObject\",\"inLanguage\":\"es\",\"@id\":\"https:\\\/\\\/secure.gravatar.com\\\/avatar\\\/ad516503a11cd5ca435acc9bb6523536?s=96\",\"url\":\"https:\\\/\\\/secure.gravatar.com\\\/avatar\\\/ad516503a11cd5ca435acc9bb6523536?s=96\",\"contentUrl\":\"https:\\\/\\\/secure.gravatar.com\\\/avatar\\\/ad516503a11cd5ca435acc9bb6523536?s=96\",\"caption\":\"Orato\"},\"url\":\"https:\\\/\\\/orato.world\\\/es\\\/author\\\/orato\\\/\"}]}<\/script>\n<!-- \/ Yoast SEO Premium plugin. -->","yoast_head_json":{"title":"Violencia de g\u00e9nero: lo que la situaci\u00f3n de las mujeres dice de una naci\u00f3n | Orato","description":"M\u00e1s de una d\u00e9cada despu\u00e9s del caso Nirbhaya, la violencia contra las mujeres en la India sigue dejando al descubierto profundas fallas en materia de justicia, igualdad de g\u00e9nero y rendici\u00f3n de cuentas. En esta columna de opini\u00f3n de Orato, exploramos por qu\u00e9 el verdadero rostro de una naci\u00f3n se revela en la forma en la que trata a sus mujeres.","robots":{"index":"index","follow":"follow","max-snippet":"max-snippet:-1","max-image-preview":"max-image-preview:large","max-video-preview":"max-video-preview:-1"},"canonical":"https:\/\/orato.world\/es\/2026\/07\/29\/violencia-de-genero-lo-que-la-situacion-de-las-mujeres-dice-de-una-nacion\/","og_locale":"es_ES","og_type":"article","og_title":"Violencia de g\u00e9nero: lo que la situaci\u00f3n de las mujeres dice de una naci\u00f3n","og_description":"M\u00e1s de una d\u00e9cada despu\u00e9s de que el caso Nirbhaya conmocionara a la India, la violencia contra las mujeres sigue siendo una realidad cotidiana. En esta columna de opini\u00f3n de Orato, la autora analiza c\u00f3mo el patriarcado, el d\u00e9ficit institucional y las actitudes de la sociedad siguen neg\u00e1ndoles a las mujeres la seguridad, la dignidad y la igualdad que merecen, y por qu\u00e9 el verdadero rostro de una naci\u00f3n se revela en la forma en la que trata a sus mujeres.","og_url":"https:\/\/orato.world\/es\/2026\/07\/29\/violencia-de-genero-lo-que-la-situacion-de-las-mujeres-dice-de-una-nacion\/","og_site_name":"Orato","article_publisher":"https:\/\/www.facebook.com\/OratoWorld\/","article_published_time":"2026-07-29T10:10:15+00:00","article_modified_time":"2026-09-01T14:06:59+00:00","og_image":[{"width":1024,"height":576,"url":"https:\/\/orato.world\/wp-content\/uploads\/Untitled-design-14-1-1024x576.png","type":"image\/png"}],"author":"Orato","twitter_card":"summary_large_image","twitter_creator":"@oratoworld","twitter_site":"@oratoworld","twitter_misc":{"Escrito por":"Orato","Tiempo de lectura":"7 minutos"},"schema":{"@context":"https:\/\/schema.org","@graph":[{"@type":"NewsArticle","@id":"https:\/\/orato.world\/es\/2026\/07\/29\/violencia-de-genero-lo-que-la-situacion-de-las-mujeres-dice-de-una-nacion\/#article","isPartOf":{"@id":"https:\/\/orato.world\/es\/2026\/07\/29\/violencia-de-genero-lo-que-la-situacion-de-las-mujeres-dice-de-una-nacion\/"},"author":{"name":"Orato","@id":"https:\/\/orato.world\/es\/#\/schema\/person\/f315b70270ef7e39d462efcbee404ccf"},"headline":"Violencia de g\u00e9nero: lo que la situaci\u00f3n de las mujeres dice de una naci\u00f3n","datePublished":"2026-07-29T10:10:15+00:00","dateModified":"2026-09-01T14:06:59+00:00","mainEntityOfPage":{"@id":"https:\/\/orato.world\/es\/2026\/07\/29\/violencia-de-genero-lo-que-la-situacion-de-las-mujeres-dice-de-una-nacion\/"},"wordCount":1413,"commentCount":0,"publisher":{"@id":"https:\/\/orato.world\/es\/#organization"},"image":{"@id":"https:\/\/orato.world\/es\/2026\/07\/29\/violencia-de-genero-lo-que-la-situacion-de-las-mujeres-dice-de-una-nacion\/#primaryimage"},"thumbnailUrl":"https:\/\/orato.world\/wp-content\/uploads\/Untitled-design-14-1.png","keywords":["Art\u00edculo de opini\u00f3n","Derechos de la mujer","Derechos humanos","Igualdad de g\u00e9nero","India","Justicia de g\u00e9nero","Sociedad","violencia contra la mujer","Violencia sexual"],"articleSection":["Activismo","Crimen y corrupci\u00f3n","Derechos humanos","Op-Ed &amp; Guest Posts","Opini\u00f3n","Sexo y g\u00e9nero"],"inLanguage":"es","potentialAction":[{"@type":"CommentAction","name":"Comment","target":["https:\/\/orato.world\/es\/2026\/07\/29\/violencia-de-genero-lo-que-la-situacion-de-las-mujeres-dice-de-una-nacion\/#respond"]}]},{"@type":"WebPage","@id":"https:\/\/orato.world\/es\/2026\/07\/29\/violencia-de-genero-lo-que-la-situacion-de-las-mujeres-dice-de-una-nacion\/","url":"https:\/\/orato.world\/es\/2026\/07\/29\/violencia-de-genero-lo-que-la-situacion-de-las-mujeres-dice-de-una-nacion\/","name":"Violencia de g\u00e9nero: lo que la situaci\u00f3n de las mujeres dice de una naci\u00f3n | Orato","isPartOf":{"@id":"https:\/\/orato.world\/es\/#website"},"primaryImageOfPage":{"@id":"https:\/\/orato.world\/es\/2026\/07\/29\/violencia-de-genero-lo-que-la-situacion-de-las-mujeres-dice-de-una-nacion\/#primaryimage"},"image":{"@id":"https:\/\/orato.world\/es\/2026\/07\/29\/violencia-de-genero-lo-que-la-situacion-de-las-mujeres-dice-de-una-nacion\/#primaryimage"},"thumbnailUrl":"https:\/\/orato.world\/wp-content\/uploads\/Untitled-design-14-1.png","datePublished":"2026-07-29T10:10:15+00:00","dateModified":"2026-09-01T14:06:59+00:00","description":"M\u00e1s de una d\u00e9cada despu\u00e9s del caso Nirbhaya, la violencia contra las mujeres en la India sigue dejando al descubierto profundas fallas en materia de justicia, igualdad de g\u00e9nero y rendici\u00f3n de cuentas. En esta columna de opini\u00f3n de Orato, exploramos por qu\u00e9 el verdadero rostro de una naci\u00f3n se revela en la forma en la que trata a sus mujeres.","breadcrumb":{"@id":"https:\/\/orato.world\/es\/2026\/07\/29\/violencia-de-genero-lo-que-la-situacion-de-las-mujeres-dice-de-una-nacion\/#breadcrumb"},"inLanguage":"es","potentialAction":[{"@type":"ReadAction","target":["https:\/\/orato.world\/es\/2026\/07\/29\/violencia-de-genero-lo-que-la-situacion-de-las-mujeres-dice-de-una-nacion\/"]}]},{"@type":"ImageObject","inLanguage":"es","@id":"https:\/\/orato.world\/es\/2026\/07\/29\/violencia-de-genero-lo-que-la-situacion-de-las-mujeres-dice-de-una-nacion\/#primaryimage","url":"https:\/\/orato.world\/wp-content\/uploads\/Untitled-design-14-1.png","contentUrl":"https:\/\/orato.world\/wp-content\/uploads\/Untitled-design-14-1.png","width":1920,"height":1080,"caption":"Silueta de una mujer de pie frente a banderas de distintos pa\u00edses, s\u00edmbolo de la lucha mundial contra la violencia hacia las mujeres y por la igualdad de g\u00e9nero y los derechos de las mujeres."},{"@type":"BreadcrumbList","@id":"https:\/\/orato.world\/es\/2026\/07\/29\/violencia-de-genero-lo-que-la-situacion-de-las-mujeres-dice-de-una-nacion\/#breadcrumb","itemListElement":[{"@type":"ListItem","position":1,"name":"Home","item":"https:\/\/orato.world\/es\/"},{"@type":"ListItem","position":2,"name":"Violencia de g\u00e9nero: lo que la situaci\u00f3n de las mujeres dice de una naci\u00f3n"}]},{"@type":"WebSite","@id":"https:\/\/orato.world\/es\/#website","url":"https:\/\/orato.world\/es\/","name":"Orato","description":"True Stories. Real People","publisher":{"@id":"https:\/\/orato.world\/es\/#organization"},"potentialAction":[{"@type":"SearchAction","target":{"@type":"EntryPoint","urlTemplate":"https:\/\/orato.world\/es\/?s={search_term_string}"},"query-input":{"@type":"PropertyValueSpecification","valueRequired":true,"valueName":"search_term_string"}}],"inLanguage":"es"},{"@type":"Organization","@id":"https:\/\/orato.world\/es\/#organization","name":"Orato World Media Inc.","url":"https:\/\/orato.world\/es\/","logo":{"@type":"ImageObject","inLanguage":"es","@id":"https:\/\/orato.world\/es\/#\/schema\/logo\/image\/","url":"https:\/\/orato.world\/wp-content\/uploads\/2020\/07\/orato-logo-transparent.png","contentUrl":"https:\/\/orato.world\/wp-content\/uploads\/2020\/07\/orato-logo-transparent.png","width":78,"height":73,"caption":"Orato World Media Inc."},"image":{"@id":"https:\/\/orato.world\/es\/#\/schema\/logo\/image\/"},"sameAs":["https:\/\/www.facebook.com\/OratoWorld\/","https:\/\/x.com\/oratoworld","https:\/\/www.instagram.com\/oratoworld","https:\/\/www.linkedin.com\/company\/42308818\/"],"publishingPrinciples":"https:\/\/orato.world\/a-note-from-our-publisher-sam-yehia\/","ownershipFundingInfo":"https:\/\/orato.world\/a-note-from-our-publisher-sam-yehia\/"},{"@type":"Person","@id":"https:\/\/orato.world\/es\/#\/schema\/person\/f315b70270ef7e39d462efcbee404ccf","name":"Orato","image":{"@type":"ImageObject","inLanguage":"es","@id":"https:\/\/secure.gravatar.com\/avatar\/ad516503a11cd5ca435acc9bb6523536?s=96","url":"https:\/\/secure.gravatar.com\/avatar\/ad516503a11cd5ca435acc9bb6523536?s=96","contentUrl":"https:\/\/secure.gravatar.com\/avatar\/ad516503a11cd5ca435acc9bb6523536?s=96","caption":"Orato"},"url":"https:\/\/orato.world\/es\/author\/orato\/"}]}},"modified_by":null,"uagb_featured_image_src":{"full":["https:\/\/orato.world\/wp-content\/uploads\/Untitled-design-14-1.png",1920,1080,false],"thumbnail":["https:\/\/orato.world\/wp-content\/uploads\/Untitled-design-14-1-100x100.png",100,100,true],"medium":["https:\/\/orato.world\/wp-content\/uploads\/Untitled-design-14-1-300x169.png",300,169,true],"medium_large":["https:\/\/orato.world\/wp-content\/uploads\/Untitled-design-14-1-770x433.png",640,360,true],"large":["https:\/\/orato.world\/wp-content\/uploads\/Untitled-design-14-1-1024x576.png",640,360,true],"1536x1536":["https:\/\/orato.world\/wp-content\/uploads\/Untitled-design-14-1-1536x864.png",1536,864,true],"2048x2048":["https:\/\/orato.world\/wp-content\/uploads\/Untitled-design-14-1.png",1920,1080,false],"gallery-size":["https:\/\/orato.world\/wp-content\/uploads\/Untitled-design-14-1-711x400.png",711,400,true],"lets-review-360-240":["https:\/\/orato.world\/wp-content\/uploads\/Untitled-design-14-1-360x240.png",360,240,true],"gform-image-choice-sm":["https:\/\/orato.world\/wp-content\/uploads\/Untitled-design-14-1.png",300,169,false],"gform-image-choice-md":["https:\/\/orato.world\/wp-content\/uploads\/Untitled-design-14-1.png",400,225,false],"gform-image-choice-lg":["https:\/\/orato.world\/wp-content\/uploads\/Untitled-design-14-1.png",600,338,false],"awsm_team":["https:\/\/orato.world\/wp-content\/uploads\/Untitled-design-14-1-500x500.png",500,500,true]},"uagb_author_info":{"display_name":"Orato","author_link":"https:\/\/orato.world\/es\/author\/orato\/"},"uagb_comment_info":0,"uagb_excerpt":"M\u00e1s de una d\u00e9cada despu\u00e9s de que el caso Nirbhaya conmocionara a la India, la violencia contra las mujeres sigue siendo una realidad cotidiana. En esta columna de opini\u00f3n de Orato, la autora analiza c\u00f3mo el patriarcado, el d\u00e9ficit institucional y las actitudes de la sociedad siguen neg\u00e1ndoles a las mujeres la seguridad, la dignidad&hellip;","_links":{"self":[{"href":"https:\/\/orato.world\/es\/wp-json\/wp\/v2\/posts\/105594","targetHints":{"allow":["GET"]}}],"collection":[{"href":"https:\/\/orato.world\/es\/wp-json\/wp\/v2\/posts"}],"about":[{"href":"https:\/\/orato.world\/es\/wp-json\/wp\/v2\/types\/post"}],"author":[{"embeddable":true,"href":"https:\/\/orato.world\/es\/wp-json\/wp\/v2\/users\/109"}],"replies":[{"embeddable":true,"href":"https:\/\/orato.world\/es\/wp-json\/wp\/v2\/comments?post=105594"}],"version-history":[{"count":2,"href":"https:\/\/orato.world\/es\/wp-json\/wp\/v2\/posts\/105594\/revisions"}],"predecessor-version":[{"id":105597,"href":"https:\/\/orato.world\/es\/wp-json\/wp\/v2\/posts\/105594\/revisions\/105597"}],"wp:featuredmedia":[{"embeddable":true,"href":"https:\/\/orato.world\/es\/wp-json\/wp\/v2\/media\/105595"}],"wp:attachment":[{"href":"https:\/\/orato.world\/es\/wp-json\/wp\/v2\/media?parent=105594"}],"wp:term":[{"taxonomy":"category","embeddable":true,"href":"https:\/\/orato.world\/es\/wp-json\/wp\/v2\/categories?post=105594"},{"taxonomy":"post_tag","embeddable":true,"href":"https:\/\/orato.world\/es\/wp-json\/wp\/v2\/tags?post=105594"}],"curies":[{"name":"wp","href":"https:\/\/api.w.org\/{rel}","templated":true}]}}