{"id":105601,"date":"2026-08-10T02:00:00","date_gmt":"2026-08-10T09:00:00","guid":{"rendered":"https:\/\/orato.world\/2026\/08\/10\/como-fue-estar-a-bordo-de-la-flotilla-interceptada-por-israel\/"},"modified":"2026-09-02T05:41:05","modified_gmt":"2026-09-02T12:41:05","slug":"como-fue-estar-a-bordo-de-la-flotilla-interceptada-por-israel","status":"publish","type":"post","link":"https:\/\/orato.world\/es\/2026\/08\/10\/como-fue-estar-a-bordo-de-la-flotilla-interceptada-por-israel\/","title":{"rendered":"C\u00f3mo fue estar a bordo de la flotilla interceptada por Israel"},"content":{"rendered":"<div class=\"lets-info-up-wrap  lets-info-up--left lets-info-up--m-1 lets-info-up-skin-2 lets-info-up--side\">\t\t\t<div class=\"lets-info-up\">\r\n\t\t\t\t\t\t<div class=\"lets-info-up-block-wrap\">\r\n\t\t\t\t<div class=\"lets-info-up-block lets-info-up-meta-block\"><div class=\"lets-info-up-meta-title lets-info-up-pretitle font-h\">NOTAS DEL PERIODISTA<\/div><div class=\"lets-info-up-meta-content lets-info-up-title font-b\">AGOSTO DE 2026<\/div><\/div><div class=\"lets-info-up-block lets-info-up-meta-block\"><div class=\"lets-info-up-meta-title lets-info-up-pretitle font-h\">PROTAGONISTA:<\/div><div class=\"lets-info-up-meta-content lets-info-up-title font-b\"><em><a href=\"https:\/\/albaniandailynews.com\/news\/israeli-forces-detain-albanian-activist-aboard-gaza-bound-humanitarian-flotilla\">Baki Goxhaj<\/a> es un activista alban\u00e9s y profesional del \u00e1rea de sistemas. Desde hace a\u00f1os milita por la causa palestina en Albania y participa en acciones de difusi\u00f3n, organizaci\u00f3n y trabajo comunitario para visibilizar los derechos del pueblo palestino y la situaci\u00f3n humanitaria en Gaza. En 2026, decidi\u00f3 dar un paso m\u00e1s y embarcarse en la Flotilla por la Libertad rumbo a Gaza. La iniciativa, de alcance internacional, buscaba desafiar el bloqueo y llamar la atenci\u00f3n sobre la crisis humanitaria que atraviesa la poblaci\u00f3n palestina.<\/em><\/div><\/div><div class=\"lets-info-up-block lets-info-up-meta-block\"><div class=\"lets-info-up-meta-title lets-info-up-pretitle font-h\">CONTEXTO:<\/div><div class=\"lets-info-up-meta-content lets-info-up-title font-b\">En abril de 2026, la <a href=\"https:\/\/www.globalsumudflotilla.org\/2026-mission-timeline\/\">flotilla Global Sumud<\/a> zarp\u00f3 en la que fue descripta como la mayor movilizaci\u00f3n civil por mar de la historia, en apoyo a Palestina. Desde Barcelona, Sicilia y distintos puertos del Mediterr\u00e1neo, varios grupos de voluntarios se embarcaron en veleros peque\u00f1os, barcos de madera y modestas embarcaciones a motor con el objetivo de romper el cerco israel\u00ed sobre Gaza. <br>  <br><a href=\"https:\/\/worldbeyondwar.org\/2026-gaza-flotilla-intercepted-by-israeli-military\/\">M\u00e1s de 54 embarcaciones<\/a> partieron el 14 de mayo del puerto turco de Marmaris para la \u00faltima etapa del viaje, que pretend\u00eda romper el bloqueo naval israel\u00ed sobre Gaza. Cuatro d\u00edas despu\u00e9s, las fuerzas navales israel\u00edes interceptaron la flotilla a unos 250 millas n\u00e1uticas de la costa de Gaza, en aguas internacionales. Esta vez, abordaron las embarcaciones a plena luz del d\u00eda: en la mayor\u00eda de las ocasiones anteriores, hab\u00edan actuado de noche. <br><br>Para la noche del 19 de mayo, las 54 embarcaciones hab\u00edan sido tomadas por las fuerzas israel\u00edes y unos 470 civiles desarmados, provenientes de 45 pa\u00edses, hab\u00edan sido detenidos. Los trasladaron a la fuerza a un buque de carga reconvertido en prisi\u00f3n y los llevaron hasta el puerto israel\u00ed de Ashdod. Los activistas denunciaron que, durante la intercepci\u00f3n, las fuerzas navales israel\u00edes los hab\u00edan reprimido con balas de goma. En los d\u00edas siguientes, comenzaron a multiplicarse las denuncias de abusos f\u00edsicos y agresiones sexuales. <br><br>Tras pasar varios d\u00edas detenidos en la prisi\u00f3n de Ktziot, los activistas fueron deportados. Los ministerios de Relaciones Exteriores de m\u00e1s de 20 pa\u00edses, entre ellos Francia, Reino Unido, Turqu\u00eda, Canad\u00e1, Alemania y Corea del Sur, condenaron el trato que recibieron durante la detenci\u00f3n.<br><br><\/div><\/div>\t\t\t<\/div>\r\n\t\t\t<\/div>\r\n\t\t<\/div>\r\n\t\t\n\n\n<h2 id=\"h-por-que-decidi-sumarme-a-la-flotilla-global-sumud-rumbo-a-gaza\" class=\"wp-block-heading\"><strong>Por qu\u00e9 decid\u00ed sumarme a la flotilla Global Sumud rumbo a Gaza<\/strong><\/h2>\n\n\n\n<p class=\"wp-block-paragraph\">Sigo la causa palestina desde hace casi veinte a\u00f1os. <a href=\"https:\/\/orato.world\/es\/2024\/10\/17\/un-cirujano-presta-servicio-en-gaza-en-medio-de-los-ataques-aereos-israelies-los-padres-traian-cuerpos-sin-vida-rogandonos-que-los-reanimaramos\/\">Cuando empez\u00f3 el genocidio<\/a>, hace tres a\u00f1os, las im\u00e1genes y los videos que llegaban desde Gaza me atravesaron: personas despedazadas, barrios enteros convertidos en escombros, hambre, sangre, un sufrimiento inmenso. Todo eso me afect\u00f3 mucho tanto en lo emocional como en lo psicol\u00f3gico. Pero tambi\u00e9n me oblig\u00f3 a hacer algo.<\/p>\n\n\n\n<p class=\"wp-block-paragraph\">Empec\u00e9 a hablar m\u00e1s fuerte, a organizar protestas en distintos lugares de Albania para intentar combatir la indiferencia y obligar a la gente a ver lo que estaba pasando en Gaza.<\/p>\n\n\n\n<p class=\"wp-block-paragraph\">Pero no me alcanzaba. Volv\u00eda una y otra vez a la misma pregunta: si las personas que considero mis hermanos y hermanas est\u00e1n sufriendo tanto, \u00bfqu\u00e9 es lo m\u00ednimo que puedo hacer? Acompa\u00f1arlos. Ver con mis propios ojos lo que est\u00e1n viviendo. Compartir aunque sea una parte \u00ednfima de ese dolor.<\/p>\n\n\n\n<p class=\"wp-block-paragraph\">Quer\u00eda entender su dolor de cerca. Hacer algo, lo que fuera, para ayudar ponerle fin. Por eso, cuando apareci\u00f3 la oportunidad, no lo dud\u00e9. Me sum\u00e9 a la Flotilla por la Libertad rumbo a Gaza. El plan era ir a Gaza para llevar ayuda humanitaria y mostrar nuestra solidaridad con el pueblo palestino.<\/p>\n\n\n\n<figure class=\"wp-block-embed is-type-video is-provider-youtube wp-block-embed-youtube wp-embed-aspect-16-9 wp-has-aspect-ratio\"><div class=\"wp-block-embed__wrapper\">\n<iframe loading=\"lazy\" title=\"\u2018World Silent on Genocide\u2019 - Global Sumud Flotilla Sets Sail for Gaza with Thunberg, GoT Star | APT\" width=\"640\" height=\"360\" src=\"https:\/\/www.youtube.com\/embed\/mhCzebRw06w?feature=oembed\" frameborder=\"0\" allow=\"accelerometer; autoplay; clipboard-write; encrypted-media; gyroscope; picture-in-picture; web-share\" referrerpolicy=\"strict-origin-when-cross-origin\" allowfullscreen><\/iframe>\n<\/div><\/figure>\n\n\n\n<h2 id=\"h-la-unica-persona-a-la-que-se-lo-conte-fue-mi-esposa\" class=\"wp-block-heading\">La \u00fanica persona a la que se lo cont\u00e9 fue mi esposa<\/h2>\n\n\n\n<p class=\"wp-block-paragraph\">La primera \u2014y \u00fanica\u2014 persona que supo que iba a ir fue mi esposa. Se lo cont\u00e9 cuando me invitaron a participar de la capacitaci\u00f3n para la misi\u00f3n.<\/p>\n\n\n\n<p class=\"wp-block-paragraph\">Ella tambi\u00e9n milita desde hace a\u00f1os por la causa palestina. Sab\u00eda del estr\u00e9s, la incertidumbre y el miedo que pod\u00eda traer una misi\u00f3n as\u00ed, pero me apoy\u00f3 de todo coraz\u00f3n. Entendi\u00f3 por qu\u00e9 sent\u00eda que ten\u00eda que ir y en ning\u00fan momento intent\u00f3 disuadirme.<\/p>\n\n\n\n<p class=\"wp-block-paragraph\">Su apoyo, comprensi\u00f3n y fortaleza me alentaron a seguir adelante. Sin ella, habr\u00eda sido muy dif\u00edcil, si no imposible, soportar todo lo que viv\u00ed.<\/p>\n\n\n\n<p class=\"wp-block-paragraph\">No le cont\u00e9 a nadie m\u00e1s. No quer\u00eda que el gobierno ni la polic\u00eda de Albania se enteraran de lo que iba a hacer. Como est\u00e1n muy influenciados por Israel (o, al menos, as\u00ed lo veo yo), me daba miedo que intentaran detenerme antes de que pudiera siquiera embarcarme.<br><br><\/p>\n\n\n\n<figure class=\"wp-block-embed is-type-video is-provider-youtube wp-block-embed-youtube wp-embed-aspect-16-9 wp-has-aspect-ratio\"><div class=\"wp-block-embed__wrapper\">\n<iframe loading=\"lazy\" title=\"What Happened When 500 Activists Sailed Toward Gaza\" width=\"640\" height=\"360\" src=\"https:\/\/www.youtube.com\/embed\/WAa0VYZeWtQ?feature=oembed\" frameborder=\"0\" allow=\"accelerometer; autoplay; clipboard-write; encrypted-media; gyroscope; picture-in-picture; web-share\" referrerpolicy=\"strict-origin-when-cross-origin\" allowfullscreen><\/iframe>\n<\/div><\/figure>\n\n\n\n<h2 id=\"h-de-albania-a-un-barco-griego\" class=\"wp-block-heading\"><strong>De Albania a un barco griego<\/strong><\/h2>\n\n\n\n<p class=\"wp-block-paragraph\">El a\u00f1o anterior ya hab\u00eda intentado sumarme a la misi\u00f3n, pero llegu\u00e9 tarde y no pudo ser. Esta vez, gracias a los v\u00ednculos que hab\u00eda tejido en el Colectivo Palestina Libre de Albania, pude sumarme a la flotilla. <\/p>\n\n\n\n<p class=\"wp-block-paragraph\">Despu\u00e9s de incorporarme al movimiento <a href=\"https:\/\/thousandmadleens.org\/\">Thousand Madleens to Gaza (TMTG)<\/a>, una organizaci\u00f3n de solidaridad que trabaja junto con la Coalici\u00f3n de Flotillas por la Libertad (FFC), viaj\u00e9 a Italia en marzo de 2026. All\u00ed particip\u00e9 de una capacitaci\u00f3n de cinco d\u00edas, junto con otras personas de distintos pa\u00edses, donde nos prepararon para todo: nos hablaron desde los aspectos pr\u00e1cticos y jur\u00eddicos de la misi\u00f3n, y tambi\u00e9n de su car\u00e1cter no violento.<\/p>\n\n\n\n<p class=\"wp-block-paragraph\">A comienzos de mayo, me confirmaron que hab\u00eda sido seleccionado para formar parte de la tripulaci\u00f3n. Despu\u00e9s de completar la capacitaci\u00f3n, vol\u00e9 a Grecia y sub\u00ed al Kyriakos X. \u00c9ramos ocho tripulantes: tres de Grecia, dos de Francia, uno del Reino Unido, uno de Corea del Sur y yo, de Albania.<\/p>\n\n\n\n<p class=\"wp-block-paragraph\">El 8 de mayo <a href=\"https:\/\/www.globalsumudflotilla.org\/press\/the-global-sumud-flotilla-remains-undeterred-as-over-30-boats-depart-for-turkiye\/\">salimos de Creta<\/a> rumbo a Marmaris, en Turqu\u00eda, donde nos reunir\u00edamos con las dem\u00e1s embarcaciones antes de emprender la traves\u00eda. Pese a ser de pa\u00edses distintos, hablar diferentes lenguas y tener culturas y vidas muy diversas, enseguida nos convertimos en un grupo unido. Com\u00edamos juntos, nos repart\u00edamos las tareas y pas\u00e1bamos horas charlando y contando historias mientras naveg\u00e1bamos.<\/p>\n\n\n\n<p class=\"wp-block-paragraph\">Lo que nos un\u00eda pod\u00eda mucho m\u00e1s que las diferencias: una voluntad com\u00fan de acompa\u00f1ar al <a href=\"https:\/\/orato.world\/2024\/12\/06\/surviving-my-nightmare-in-gaza-captured-tortured-and-rebuilding-amid-war\/\">pueblo de Gaza<\/a> y hacer nuestra parte para llevarle ayuda humanitaria.<\/p>\n\n\n\n<div class=\"wp-block-getwid-images-slider has-arrows-inside has-dots-inside has-images-center has-cropped-images\"><div class=\"wp-block-getwid-images-slider__wrapper\" data-effect=\"slide\" data-slides-show=\"1\" data-slides-show-laptop=\"1\" data-slides-show-tablet=\"1\" data-slides-show-mobile=\"1\" data-slides-scroll=\"1\" data-autoplay=\"false\" data-pause-hover=\"false\" data-autoplay-speed=\"6000\" data-infinite=\"true\" data-animation-speed=\"800\" data-center-mode=\"false\" data-variable-width=\"false\" data-arrows=\"inside\" data-dots=\"inside\" data-spacing=\"none\"><div class=\"wp-block-getwid-images-slider__item\"><figure><img loading=\"lazy\" decoding=\"async\" width=\"2560\" height=\"1920\" src=\"https:\/\/orato.world\/wp-content\/uploads\/Copy-of-IMG_0761-1-scaled.jpeg\" alt=\"Algunos integrantes de la flotilla rumbo a Gaza sostienen una bandera palestina en una marina italiana.\" data-id=\"104583\" data-link=\"https:\/\/orato.world\/?attachment_id=104583\" data-original-link=\"https:\/\/orato.world\/wp-content\/uploads\/Copy-of-IMG_0761-1-scaled.jpeg\" class=\"wp-block-getwid-images-slider__image wp-image-104583\" srcset=\"https:\/\/orato.world\/wp-content\/uploads\/Copy-of-IMG_0761-1-scaled.jpeg 2560w, https:\/\/orato.world\/wp-content\/uploads\/Copy-of-IMG_0761-1-300x225.jpeg 300w, https:\/\/orato.world\/wp-content\/uploads\/Copy-of-IMG_0761-1-1024x768.jpeg 1024w, https:\/\/orato.world\/wp-content\/uploads\/Copy-of-IMG_0761-1-770x578.jpeg 770w, https:\/\/orato.world\/wp-content\/uploads\/Copy-of-IMG_0761-1-1536x1152.jpeg 1536w, https:\/\/orato.world\/wp-content\/uploads\/Copy-of-IMG_0761-1-2048x1536.jpeg 2048w, https:\/\/orato.world\/wp-content\/uploads\/Copy-of-IMG_0761-1-533x400.jpeg 533w\" sizes=\"auto, (max-width: 2560px) 100vw, 2560px\" \/><figcaption class=\"wp-block-getwid-images-slider__caption\">Algunos integrantes de la flotilla, con banderas palestinas, durante los preparativos para zarpar rumbo a Gaza.<\/figcaption><\/figure><\/div><div class=\"wp-block-getwid-images-slider__item\"><figure><img loading=\"lazy\" decoding=\"async\" width=\"2560\" height=\"1920\" src=\"https:\/\/orato.world\/wp-content\/uploads\/Copy-of-IMG_0765-1-scaled.jpeg\" alt=\"Algunos integrantes de la flotilla rumbo a Gaza sostienen una bandera palestina en una marina.\" data-id=\"104584\" data-link=\"https:\/\/orato.world\/?attachment_id=104584\" data-original-link=\"https:\/\/orato.world\/wp-content\/uploads\/Copy-of-IMG_0765-1-scaled.jpeg\" class=\"wp-block-getwid-images-slider__image wp-image-104584\" srcset=\"https:\/\/orato.world\/wp-content\/uploads\/Copy-of-IMG_0765-1-scaled.jpeg 2560w, https:\/\/orato.world\/wp-content\/uploads\/Copy-of-IMG_0765-1-300x225.jpeg 300w, https:\/\/orato.world\/wp-content\/uploads\/Copy-of-IMG_0765-1-1024x768.jpeg 1024w, https:\/\/orato.world\/wp-content\/uploads\/Copy-of-IMG_0765-1-770x578.jpeg 770w, https:\/\/orato.world\/wp-content\/uploads\/Copy-of-IMG_0765-1-1536x1152.jpeg 1536w, https:\/\/orato.world\/wp-content\/uploads\/Copy-of-IMG_0765-1-2048x1536.jpeg 2048w, https:\/\/orato.world\/wp-content\/uploads\/Copy-of-IMG_0765-1-533x400.jpeg 533w\" sizes=\"auto, (max-width: 2560px) 100vw, 2560px\" \/><figcaption class=\"wp-block-getwid-images-slider__caption\">Algunos integrantes de la flotilla posan con una bandera palestina mientras se preparan para la misi\u00f3n.<\/figcaption><\/figure><\/div><div class=\"wp-block-getwid-images-slider__item\"><figure><img loading=\"lazy\" decoding=\"async\" width=\"2560\" height=\"1920\" src=\"https:\/\/orato.world\/wp-content\/uploads\/Copy-of-IMG_1675-scaled.jpeg\" alt=\"Un velero de la flotilla rumbo a Gaza, cubierto de banderas palestinas.\" data-id=\"104578\" data-link=\"https:\/\/orato.world\/?attachment_id=104578\" data-original-link=\"https:\/\/orato.world\/wp-content\/uploads\/Copy-of-IMG_1675-scaled.jpeg\" class=\"wp-block-getwid-images-slider__image wp-image-104578\" srcset=\"https:\/\/orato.world\/wp-content\/uploads\/Copy-of-IMG_1675-scaled.jpeg 2560w, https:\/\/orato.world\/wp-content\/uploads\/Copy-of-IMG_1675-300x225.jpeg 300w, https:\/\/orato.world\/wp-content\/uploads\/Copy-of-IMG_1675-1024x768.jpeg 1024w, https:\/\/orato.world\/wp-content\/uploads\/Copy-of-IMG_1675-770x578.jpeg 770w, https:\/\/orato.world\/wp-content\/uploads\/Copy-of-IMG_1675-1536x1152.jpeg 1536w, https:\/\/orato.world\/wp-content\/uploads\/Copy-of-IMG_1675-2048x1536.jpeg 2048w, https:\/\/orato.world\/wp-content\/uploads\/Copy-of-IMG_1675-533x400.jpeg 533w, https:\/\/orato.world\/wp-content\/uploads\/Copy-of-IMG_1675-500x375.jpeg 500w\" sizes=\"auto, (max-width: 2560px) 100vw, 2560px\" \/><figcaption class=\"wp-block-getwid-images-slider__caption\">Una embarcaci\u00f3n de la flotilla, decorada con banderas palestinas, se prepara para zarpar rumbo a Gaza.<\/figcaption><\/figure><\/div><div class=\"wp-block-getwid-images-slider__item\"><figure><img loading=\"lazy\" decoding=\"async\" width=\"2560\" height=\"1440\" src=\"https:\/\/orato.world\/wp-content\/uploads\/Copy-of-IMG_0955-scaled.jpeg\" alt=\"Una embarcaci\u00f3n de la flotilla navega rumbo a Gaza con banderas palestinas desplegadas.\" data-id=\"104586\" data-link=\"https:\/\/orato.world\/?attachment_id=104586\" data-original-link=\"https:\/\/orato.world\/wp-content\/uploads\/Copy-of-IMG_0955-scaled.jpeg\" class=\"wp-block-getwid-images-slider__image wp-image-104586\" srcset=\"https:\/\/orato.world\/wp-content\/uploads\/Copy-of-IMG_0955-scaled.jpeg 2560w, https:\/\/orato.world\/wp-content\/uploads\/Copy-of-IMG_0955-300x169.jpeg 300w, https:\/\/orato.world\/wp-content\/uploads\/Copy-of-IMG_0955-1024x576.jpeg 1024w, https:\/\/orato.world\/wp-content\/uploads\/Copy-of-IMG_0955-770x433.jpeg 770w, https:\/\/orato.world\/wp-content\/uploads\/Copy-of-IMG_0955-1536x864.jpeg 1536w, https:\/\/orato.world\/wp-content\/uploads\/Copy-of-IMG_0955-2048x1152.jpeg 2048w, https:\/\/orato.world\/wp-content\/uploads\/Copy-of-IMG_0955-711x400.jpeg 711w, https:\/\/orato.world\/wp-content\/uploads\/Copy-of-IMG_0955-500x281.jpeg 500w\" sizes=\"auto, (max-width: 2560px) 100vw, 2560px\" \/><figcaption class=\"wp-block-getwid-images-slider__caption\">Una embarcaci\u00f3n de la flotilla navega rumbo a Gaza con banderas palestinas desplegadas.<\/figcaption><\/figure><\/div><\/div><\/div>\n\n\n\n<div style=\"height:20px\" aria-hidden=\"true\" class=\"wp-block-spacer\"><\/div>\n\n\n\n<h2 id=\"h-llevabamos-ayuda-humanitaria-para-gaza\" class=\"wp-block-heading\"><strong>Llev\u00e1bamos ayuda humanitaria para Gaza <\/strong><\/h2>\n\n\n\n<p class=\"wp-block-paragraph\">A bordo nos mov\u00eda una misma convicci\u00f3n. Sab\u00edamos que el arroz, la pasta, los alimentos enlatados, los pa\u00f1ales y los art\u00edculos de higiene que transport\u00e1bamos no iban a terminar, por s\u00ed solos, con la <a href=\"https:\/\/orato.world\/es\/2026\/07\/20\/dos-anos-despues-de-ser-detenido-por-hablar-de-gaza-en-facebook-un-profesor-israeli-cuenta-su-historia\/\" data-type=\"link\" data-id=\"https:\/\/orato.world\/2026\/07\/20\/israeli-teacher-after-facebook-posts-gaza-copy\/\">cat\u00e1strofe humanitaria<\/a> que hay en Gaza. Pero la carga era apenas una parte de la misi\u00f3n. Tambi\u00e9n quer\u00edamos decir algo: que hab\u00eda personas comunes y corrientes de pa\u00edses lejanos que no estaban dispuestas a hacer la vista gorda ante el enorme sufrimiento del pueblo palestino.<\/p>\n\n\n\n<h2 id=\"h-camino-a-gaza-entramos-en-aguas-internacionales\" class=\"wp-block-heading\"><strong>Camino a Gaza, entramos en aguas internacionales<\/strong><\/h2>\n\n\n\n<p class=\"wp-block-paragraph\">En un momento, la mayor parte de la flotilla ancl\u00f3 en Marmaris, Turqu\u00eda, mientras cinco embarcaciones de la Coalici\u00f3n de Flotillas por la Libertad iban una isla griega cercana. Pasamos all\u00ed varios d\u00edas. Mientras los organizadores ultimaban los detalles de la misi\u00f3n, terminamos de acomodar todo en los barcos turcos, reparamos algunas embarcaciones, cargamos los suministros que \u00edbamos a llevar y coordinamos la log\u00edstica para la siguiente etapa.<\/p>\n\n\n\n<p class=\"wp-block-paragraph\">Todav\u00eda est\u00e1bamos lejos de Gaza, pero empez\u00e1bamos a sentir que aquello iba en serio. Los d\u00edas pasaban entre preparativos e incertidumbre. Cuando por fin estuvo todo listo, volvimos a zarpar.<\/p>\n\n\n\n<p class=\"wp-block-paragraph\">Despu\u00e9s de un d\u00eda de viaje, tuvimos que detenernos en otro puerto turco, m\u00e1s al sur. El mar estaba bravo y hab\u00eda da\u00f1ado varias embarcaciones. Las reparaciones llevaron unos d\u00edas. Hab\u00eda que volver a poner los barcos en condiciones antes de continuar.<\/p>\n\n\n\n<p class=\"wp-block-paragraph\">El 16 de mayo, toda la flotilla volvi\u00f3 a salir rumbo a Gaza. Desde aquel \u00faltimo puerto navegamos durante 24 horas sin problemas. Cuando entramos en aguas internacionales, ya de noche, empez\u00f3 a crecer la ansiedad. Sab\u00edamos que pod\u00edan interceptarnos en plena oscuridad.<\/p>\n\n\n\n<p class=\"wp-block-paragraph\">Sin embargo, tuvimos una noche tranquila.<\/p>\n\n\n<div class=\"wp-block-image\">\n<figure class=\"aligncenter size-large is-resized\"><img loading=\"lazy\" decoding=\"async\" width=\"768\" height=\"1024\" src=\"https:\/\/orato.world\/wp-content\/uploads\/Copy-of-IMG_1681-768x1024.jpeg\" alt=\"En el Adalah, uno de los veleros de la flotilla que zarp\u00f3 rumbo a Gaza, flamean varias banderas palestinas.\" class=\"wp-image-104577\" style=\"aspect-ratio:0.750009056330375;width:363px;height:auto\" srcset=\"https:\/\/orato.world\/wp-content\/uploads\/Copy-of-IMG_1681-768x1024.jpeg 768w, https:\/\/orato.world\/wp-content\/uploads\/Copy-of-IMG_1681-225x300.jpeg 225w, https:\/\/orato.world\/wp-content\/uploads\/Copy-of-IMG_1681-770x1027.jpeg 770w, https:\/\/orato.world\/wp-content\/uploads\/Copy-of-IMG_1681-1152x1536.jpeg 1152w, https:\/\/orato.world\/wp-content\/uploads\/Copy-of-IMG_1681-1536x2048.jpeg 1536w, https:\/\/orato.world\/wp-content\/uploads\/Copy-of-IMG_1681-300x400.jpeg 300w, https:\/\/orato.world\/wp-content\/uploads\/Copy-of-IMG_1681-500x667.jpeg 500w, https:\/\/orato.world\/wp-content\/uploads\/Copy-of-IMG_1681-scaled.jpeg 1920w\" sizes=\"auto, (max-width: 768px) 100vw, 768px\" \/><\/figure>\n<\/div>\n\n\n<div style=\"height:20px\" aria-hidden=\"true\" class=\"wp-block-spacer\"><\/div>\n\n\n\n<h2 id=\"h-vi-aparecer-a-la-marina-israeli\" class=\"wp-block-heading\"><strong>Vi aparecer a la marina israel\u00ed<\/strong><\/h2>\n\n\n\n<p class=\"wp-block-paragraph\">\u00c9ramos muy conscientes de lo que probablemente fuera a pasar. Israel iba a intentar interceptarnos. Aun as\u00ed, todos conserv\u00e1bamos la esperanza de que al menos algunas embarcaciones pudieran llegar a Gaza. Esper\u00e1bamos instrucciones del equipo organizador y confi\u00e1bamos en su estrategia para que al ej\u00e9rcito no le fuera tan f\u00e1cil interceptarnos a todos. Esa \u00faltima noche, pusimos el plan en pr\u00e1ctica.<\/p>\n\n\n\n<p class=\"wp-block-paragraph\">Pasamos la primera noche navegando agotados y en alerta permanente: vigil\u00e1bamos, esper\u00e1bamos y nos prepar\u00e1bamos para que las fuerzas israel\u00edes tomaran el control de la embarcaci\u00f3n. A la ma\u00f1ana siguiente, la tensi\u00f3n cedi\u00f3. La gente se relaj\u00f3 y volvi\u00f3 la alegr\u00eda. <\/p>\n\n\n\n<p class=\"wp-block-paragraph\">Mientras preparaba el desayuno, nuestro capit\u00e1n, un franc\u00e9s, me dijo que tal vez estuvieran por interceptarnos. Al principio no le cre\u00ed: apenas unos minutos antes est\u00e1bamos celebrando que la noche hubiera pasado sin incidentes.<\/p>\n\n\n\n<p class=\"wp-block-paragraph\">Pero en ese momento, uno de los capitanes nos orden\u00f3 ponernos los chalecos salvavidas y subir a cubierta.<\/p>\n\n\n\n<p class=\"wp-block-paragraph\">Agarr\u00e9 mi chaleco de mala gana y corr\u00ed hacia cubierta. Ni siquiera llegu\u00e9 a repasar la lista mental que hab\u00eda preparado para ese momento: la ropa que quer\u00eda ponerme, los pocos art\u00edculos personales que quer\u00eda llevar conmigo. Hasta me convenc\u00ed de que probablemente se trataba de un simulacro.<\/p>\n\n\n\n<p class=\"wp-block-paragraph\">Cuando llegu\u00e9 a cubierta, vi un enorme barco israel\u00ed en el horizonte y dos lanchas que se dirig\u00edan a toda velocidad hacia otras embarcaciones de la flotilla, que estaban m\u00e1s adelante. Reci\u00e9n ah\u00ed dimension\u00e9 lo que estaba pasando.<\/p>\n\n\n\n<h2 id=\"h-las-fuerzas-israelies-interceptaron-nuestra-embarcacion\" class=\"wp-block-heading\"><strong>Las fuerzas israel\u00edes interceptaron nuestra embarcaci\u00f3n<\/strong><\/h2>\n\n\n\n<p class=\"wp-block-paragraph\">Uno de los capitanes encendi\u00f3 el motor y aceler\u00f3 al m\u00e1ximo para intentar dejarlos atr\u00e1s, pero, tras interceptar las otras embarcaciones, las lanchas israel\u00edes se dirigieron hacia la nuestra. Por meg\u00e1fono, nos ordenaron apagar el motor.<\/p>\n\n\n\n<p class=\"wp-block-paragraph\">No obedecimos. Seguimos avanzando hasta que abrieron fuego. Una bala peg\u00f3 en una estructura que estaba justo encima nuestro. Uno de los capitanes dio orden de detenernos: ya situaci\u00f3n ya era demasiado peligrosa.<\/p>\n\n\n\n<h2 id=\"h-los-soldados-israelies-subieron-a-bordo\" class=\"wp-block-heading\"><strong>Los soldados israel\u00edes subieron a bordo<\/strong><\/h2>\n\n\n\n<p class=\"wp-block-paragraph\">Cuando el velero aminor\u00f3 la marcha, los soldados israel\u00edes se subieron a los gritos. Nos ataron las manos con precintos y preguntaron qui\u00e9n sab\u00eda navegar la embarcaci\u00f3n. Como al principio no respondimos, empezaron a golpearnos.<\/p>\n\n\n\n<p class=\"wp-block-paragraph\">Me hab\u00edan atado las manos muy fuerte. Cuando protest\u00e9, me arrastraron y me tiraron de cara contra la cubierta. Me lastim\u00e9 la rodilla. Despu\u00e9s me vendaron los ojos con un trozo de tela y me dieron un par de patadas en las costillas. Me dijeron que dejara de quejarme. Que me soltar\u00edan cuando procesaran al resto. <\/p>\n\n\n\n<p class=\"wp-block-paragraph\">Despu\u00e9s agarraron a uno de nuestros compa\u00f1eros: los tomaron de reh\u00e9n, lo golpearon y le dispararon con una pistola t\u00e1ser en el cuello. Ah\u00ed una de nuestras capitanas ya no pudo aguantar m\u00e1s: se adelant\u00f3 y puso el barco en el rumbo que le indicaban.<\/p>\n\n\n\n<p class=\"wp-block-paragraph\">Cuando nos trasladaron a su lancha r\u00e1pida, me desataron las manos y me quitaron la venda. Volv\u00ed a ver. A partir de entonces me ataron y me desataron varias las manos veces. Tambi\u00e9n se llevaron nuestras mudas de ropa y nos quitaron los cordones de los zapatos. <\/p>\n\n\n\n<h2 id=\"h-a-merced-del-ejercito-israeli-las-dos-peores-noches-de-mi-vida\" class=\"wp-block-heading\"><strong>A merced del ej\u00e9rcito israel\u00ed: las dos peores noches de mi vida<\/strong><\/h2>\n\n\n\n<p class=\"wp-block-paragraph\">Los soldados israel\u00edes <a href=\"https:\/\/www.politico.com\/news\/2026\/05\/22\/flotilla-activists-describe-beatings-tasers-and-mistreatment-by-israeli-forces-00934638\">nos golpearon sin piedad<\/a>. Nos agarraban del cuello y nos arrastraban de un lado a otro. Nos obligaban a mantener la cabeza gacha. No nos dejaban mirar hacia arriba. Tampoco ponernos de pie.<\/p>\n\n\n\n<p class=\"wp-block-paragraph\">Tambi\u00e9n nos dispararon con balas de goma. Una alcanz\u00f3 a nuestra capitana en el muslo. La herida era tan grande que ten\u00eda miedo de haberse cortado una vena y estar a punto de desangrarse: tuvieron que llevarla a la enfermer\u00eda del barco. La bala era de goma, pero la lesi\u00f3n fue grave.<\/p>\n\n\n\n<h2 id=\"h-el-barco-prision\" class=\"wp-block-heading\"><strong>El barco prisi\u00f3n<\/strong><\/h2>\n\n\n\n<p class=\"wp-block-paragraph\">Nos llevaron en lancha a un barco prisi\u00f3n enorme, rodeado de contenedores. Una vez dentro de la zona de contenedores nos soltaron las manos, pero segu\u00edamos encerrados. Ni siquiera hab\u00eda espacio para que todos se recostaran, as\u00ed que algunos tuvieron que turnarse para dormir.<\/p>\n\n\n\n<p class=\"wp-block-paragraph\">Yo crec\u00ed en una aldea de monta\u00f1a en Albania, as\u00ed que s\u00e9 lo que es pasarla mal, pero puedo afirmar, sin ninguna duda, que esas dos noches fueron las peores de mi vida.<\/p>\n\n\n\n<p class=\"wp-block-paragraph\">Mientras tanto, segu\u00edan interceptando otros barcos de la flotilla y llevando gente a bordo. Pasamos fr\u00edo. No ten\u00edamos ropa adecuada ni un lugar digno donde descansar. Nos daban apenas un poco de pan y agua. Lo justo para mantenernos con vida.<\/p>\n\n\n\n<p class=\"wp-block-paragraph\">Muchos empezaron a hacer huelga de hambre. Algunos dejaron incluso de tomar agua.<\/p>\n\n\n\n<p class=\"wp-block-paragraph\">En la parte del barco prisi\u00f3n donde estaba yo no vi ning\u00fan caso de abuso sexual, pero m\u00e1s tarde nos encontramos con quienes hab\u00edan estado en el segundo barco y nos contaron que ah\u00ed s\u00ed <a href=\"https:\/\/www.aljazeera.com\/news\/2026\/5\/22\/gaza-flotilla-activists-allege-abuse-sexual-assault-in-israeli-detention\">hab\u00eda habido muchos casos de abuso<\/a>.<\/p>\n\n\n<div class=\"wp-block-image\">\n<figure class=\"aligncenter size-full is-resized\"><img loading=\"lazy\" decoding=\"async\" width=\"1024\" height=\"768\" src=\"https:\/\/orato.world\/wp-content\/uploads\/image-26.png\" alt=\"Un grupo de activistas sostienen una pancarta en protesta por la detenci\u00f3n de migrantes en Albania. | Foto: Armand Mero \/ ANSA\" class=\"wp-image-104587\" style=\"width:696px;height:auto\" srcset=\"https:\/\/orato.world\/wp-content\/uploads\/image-26.png 1024w, https:\/\/orato.world\/wp-content\/uploads\/image-26-300x225.png 300w, https:\/\/orato.world\/wp-content\/uploads\/image-26-770x578.png 770w, https:\/\/orato.world\/wp-content\/uploads\/image-26-533x400.png 533w\" sizes=\"auto, (max-width: 1024px) 100vw, 1024px\" \/><figcaption class=\"wp-element-caption\"><em>En Albania, un grupo de activistas sostienen una pancarta en protesta por la detenci\u00f3n de un grupo de migrantes. | Foto: Armand Mero \/ ANSA<\/em><\/figcaption><\/figure>\n<\/div>\n\n\n<div style=\"height:20px\" aria-hidden=\"true\" class=\"wp-block-spacer\"><\/div>\n\n\n\n<h2 id=\"h-un-soldado-israeli-me-pregunto-te-acordas-de-mis-ojos\" class=\"wp-block-heading\"><strong>Un soldado israel\u00ed me pregunt\u00f3: \u00ab\u00bfTe acord\u00e1s de mis ojos?\u00bb<\/strong><\/h2>\n\n\n\n<p class=\"wp-block-paragraph\">El barco prisi\u00f3n cambiaba de rumbo una y otra vez. Iba detr\u00e1s de otras embarcaciones de la flotilla que tambi\u00e9n hab\u00edan sido interceptadas. Finalmente puso rumbo al sur, hacia Israel. Hacia el puerto de Ashdod.<\/p>\n\n\n\n<p class=\"wp-block-paragraph\">Cuando desembarcamos, los soldados apartaron a un compa\u00f1ero turco que hab\u00eda estado gritando \u00ab\u00a1Palestina libre!\u00bb. Avanzamos por un pasillo entre los contenedores. De un lado estaba la salida. Del otro, un espacio abierto. Lo apartaron y comenzaron a golpearlo de a muchos. Los gritos se escuchaban desde el patio.<\/p>\n\n\n\n<p class=\"wp-block-paragraph\">Entonces nos plantamos. Nadie quiso seguir avanzando hasta que lo devolvieran.<\/p>\n\n\n\n<p class=\"wp-block-paragraph\">No lo hicieron: los militares identificaron al l\u00edder de esa resistencia, se acercaron, le dispararon balas de goma a corta distancia y se lo llevaron a rastras. El miedo se extendi\u00f3 r\u00e1pidamente: retrocedimos y volvimos a obedecer, y ellos nos siguieron procesando uno por uno.<\/p>\n\n\n<div class=\"wp-block-image\">\n<figure class=\"alignleft size-large is-resized\"><img loading=\"lazy\" decoding=\"async\" width=\"1024\" height=\"1024\" src=\"https:\/\/orato.world\/wp-content\/uploads\/Copy-of-IMG_6806-1024x1024.jpg\" alt=\"Baki Goxhaj, el activista alban\u00e9s que se sum\u00f3 a la flotilla Global Sumud rumbo a Gaza.\" class=\"wp-image-104576\" style=\"width:406px;height:auto\" srcset=\"https:\/\/orato.world\/wp-content\/uploads\/Copy-of-IMG_6806-1024x1024.jpg 1024w, https:\/\/orato.world\/wp-content\/uploads\/Copy-of-IMG_6806-300x300.jpg 300w, https:\/\/orato.world\/wp-content\/uploads\/Copy-of-IMG_6806-100x100.jpg 100w, https:\/\/orato.world\/wp-content\/uploads\/Copy-of-IMG_6806-770x770.jpg 770w, https:\/\/orato.world\/wp-content\/uploads\/Copy-of-IMG_6806-1536x1536.jpg 1536w, https:\/\/orato.world\/wp-content\/uploads\/Copy-of-IMG_6806-400x400.jpg 400w, https:\/\/orato.world\/wp-content\/uploads\/Copy-of-IMG_6806-500x500.jpg 500w, https:\/\/orato.world\/wp-content\/uploads\/Copy-of-IMG_6806-293x293.jpg 293w, https:\/\/orato.world\/wp-content\/uploads\/Copy-of-IMG_6806.jpg 1684w\" sizes=\"auto, (max-width: 1024px) 100vw, 1024px\" \/><\/figure>\n<\/div>\n\n\n<p class=\"wp-block-paragraph\">Yo fui el \u00faltimo. Me dejaron a prop\u00f3sito para el final. Vi c\u00f3mo pon\u00edan mi pasaporte abajo de todos y enseguida entend\u00ed por qu\u00e9.<\/p>\n\n\n\n<p class=\"wp-block-paragraph\">Mientras me llevaban hacia la salida, un soldado se me acerc\u00f3 y me pregunt\u00f3: \u00ab\u00bfTe acord\u00e1s de mis ojos?\u00bb S\u00ed. Me acordaba. El d\u00eda anterior, cuando nos hab\u00edan disparado despu\u00e9s de que algunos grit\u00e1ramos desde dentro de los contenedores, yo les hab\u00eda respondido: \u00ab\u00a1Palestina libre!\u00bb. Hab\u00eda cruzado la mirada con uno de los soldados que apuntaba hacia nosotros.<\/p>\n\n\n\n<p class=\"wp-block-paragraph\">Ahora estaba delante m\u00edo. Sab\u00eda lo que ven\u00eda. Pero no corr\u00ed. No me resist\u00ed. No grit\u00e9.<\/p>\n\n\n\n<p class=\"wp-block-paragraph\">Apenas sal\u00ed, un grupo de soldados empez\u00f3 a atacarme. Me abofetearon. Me clavaron una rodilla en el muslo. Me pegaron un pu\u00f1etazo en el est\u00f3mago. Despu\u00e9s me golpearon las costillas con un objeto que todav\u00eda no s\u00e9 identificar. Y me arrastraron.<\/p>\n\n\n\n<p class=\"wp-block-paragraph\">Dos semanas despu\u00e9s, las costillas todav\u00eda me dol\u00edan. El dolor iba aflojando, pero segu\u00eda ah\u00ed.<\/p>\n\n\n\n<div style=\"height:20px\" aria-hidden=\"true\" class=\"wp-block-spacer\"><\/div>\n\n\n\n<h2 id=\"h-ben-gvir-entro-para-humillarnos\" class=\"wp-block-heading\"><strong><strong>Ben Gvir entr\u00f3 para humillarnos<\/strong><\/strong><\/h2>\n\n\n\n<p class=\"wp-block-paragraph\">Estaba all\u00ed cuando <a href=\"https:\/\/www.theguardian.com\/world\/2026\/may\/22\/flotilla-video-ben-gvir-template-televised-abuse-honed-palestinians\">Ben Gvir<\/a>, el ministro de Seguridad Nacional de Israel, entr\u00f3 en la carpa enorme donde nos ten\u00edan retenidos despu\u00e9s de sacarnos del barco prisi\u00f3n. Los soldados nos hab\u00edan atado. Nos obligaban a mantener la cabeza contra el suelo. Nos pon\u00edan en posiciones inc\u00f3modas despu\u00e9s de habernos golpeado durante horas.<\/p>\n\n\n\n<p class=\"wp-block-paragraph\">Yo estaba en un rinc\u00f3n. Lo vi entrar con su comitiva. Habl\u00f3 en hebreo. Parec\u00eda burlarse de nosotros. Se jactaba delante de los que lo acompa\u00f1aban. Despu\u00e9s se fue.<\/p>\n\n\n\n<p class=\"wp-block-paragraph\">Nos quedamos en aquella carpa durante cuatro o cinco horas. Algunos ped\u00edan una y otra vez que necesitaban ver a un m\u00e9dico. Otros se iban desmayando. Otros permanec\u00edan tirados en el suelo, con las costillas rotas y el cuerpo tomado por el dolor.<\/p>\n\n\n\n<p class=\"wp-block-paragraph\">En un momento, el hombre que estaba justo delante de m\u00ed perdi\u00f3 el conocimiento. Ven\u00eda escuchando su respiraci\u00f3n, y de repente, nada. Le toqu\u00e9 la mano. No respondi\u00f3. Ped\u00ed un m\u00e9dico y despu\u00e9s de un rato se lo llevaron.<\/p>\n\n\n\n<p class=\"wp-block-paragraph\">A su lado hab\u00eda un hombre turco con varias costillas rotas. Le dol\u00eda tanto que no pod\u00eda moverse. Ped\u00ed ayuda tres veces. Las dos primeras, los soldados se acercaron, lo miraron y se fueron. Reci\u00e9n a la tercera lo trasladaron.<\/p>\n\n\n\n<h2 id=\"h-de-la-carpa-a-la-prision\" class=\"wp-block-heading\"><strong>De la carpa a la prisi\u00f3n<\/strong><\/h2>\n\n\n\n<p class=\"wp-block-paragraph\">Desde la carpa nos llevaron a un centro de procesamiento improvisado, atendido por funcionarios civiles. Nos preguntaron por qu\u00e9 est\u00e1bamos en Israel. Adalah, una organizaci\u00f3n que trabaja por los <a href=\"https:\/\/orato.world\/es\/2024\/07\/22\/empoderamiento-de-los-nubios-una-mujer-lucha-por-el-reconocimiento-de-su-comunidad-y-la-proteccion-del-medio-ambiente-en-kenia\/\" data-type=\"link\" data-id=\"https:\/\/orato.world\/2024\/07\/22\/empowering-the-nubians-woman-fights-for-community-recognition-and-environmental-protection-in-kenya\/\">derechos de la minor\u00eda<\/a> \u00e1rabe en Israel, nos brind\u00f3 servicios de interpretaci\u00f3n jur\u00eddica. Despu\u00e9s de todo lo anterior, esa parte result\u00f3 mucho m\u00e1s llevadera. <\/p>\n\n\n\n<p class=\"wp-block-paragraph\">Despu\u00e9s del interrogatorio, vino el registro corporal. Tuvimos que quitarnos toda la ropa y volver a vestirnos detr\u00e1s de unas cortinas, en habitaciones peque\u00f1as, mientras dos soldados permanec\u00edan all\u00ed.<br><br>Despu\u00e9s nos subieron a un autob\u00fas penitenciario. Esperamos durante horas. Primero, a que se llenara. Despu\u00e9s, durante el largo viaje hasta la prisi\u00f3n.<\/p>\n\n\n\n<p class=\"wp-block-paragraph\">Nos llevaron de una habitaci\u00f3n a otra, de un lugar a otro, hasta que terminamos dentro de una jaula enorme. Una jaula de verdad, dise\u00f1ada para humillarnos. Nos ordenaron que nos sent\u00e1ramos, aunque no hab\u00eda d\u00f3nde. Tuvimos que obedecer, por m\u00e1s que fuera incomodo, insoportable.<br><\/p>\n\n\n\n<p class=\"wp-block-paragraph\">Finalmente, nos llevaron a las celdas para pasar la noche. La mayor\u00eda recibi\u00f3 una manta y un lugar donde dormir. Yo no tuve cama ni colch\u00f3n, solo una manta. Me acost\u00e9 directamente sobre el piso y trat\u00e9 de pasar la noche. El fr\u00edo me calaba hondo en el cuerpo.<br><\/p>\n\n\n\n<h2 id=\"h-nos-deportaron-de-israel-sin-ningun-tipo-de-explicacion\" class=\"wp-block-heading\"><strong>Nos deportaron de Israel sin ning\u00fan tipo de explicaci\u00f3n<\/strong><\/h2>\n\n\n\n<p class=\"wp-block-paragraph\">Al cuarto d\u00eda dentro de aquella jaula de hierro, nos preguntaron si quer\u00edamos volver a casa. Quienes quer\u00edan irse cuanto antes ten\u00edan que firmar un papel y poner su nombre. Muchos accedieron. Estaban agotados; ya no aguantaban m\u00e1s.<\/p>\n\n\n\n<p class=\"wp-block-paragraph\">Otros nos negamos, siguiendo el consejo de los abogados de Adalah que nos representaban.<\/p>\n\n\n\n<p class=\"wp-block-paragraph\">Despu\u00e9s nos llevaron, uno por uno, frente a un juez. Las preguntas eran simples: c\u00f3mo nos llam\u00e1bamos, de d\u00f3nde \u00e9ramos, si ten\u00edamos pasaporte v\u00e1lido y si quer\u00edamos volver a casa. La mayor\u00eda dijo que s\u00ed. Algunos cuestionaron el procedimiento. \u00bfPor qu\u00e9 estaban detenidos? \u00bfPor qu\u00e9 no pod\u00edan volver a su velero?<\/p>\n\n\n\n<p class=\"wp-block-paragraph\">Nadie nos dijo formalmente que \u00edbamos a ser deportados. Solo nos preguntaron si quer\u00edamos irnos.<br><\/p>\n\n\n\n<h2 id=\"h-nos-dimos-cuenta-de-que-nos-llevaban-al-aeropuerto-de-eilat\" class=\"wp-block-heading\"><strong>Nos dimos cuenta de que nos llevaban al aeropuerto de Eilat<\/strong><\/h2>\n\n\n\n<p class=\"wp-block-paragraph\">Una ma\u00f1ana, sin explicaci\u00f3n, nos subieron a un autob\u00fas penitenciario y arrancaron. No nos dijeron ad\u00f3nde \u00edbamos. No nos explic\u00f3 qu\u00e9 iba a pasar. Supon\u00edamos que nos estaban por deportar, pero reci\u00e9n confirmamos que est\u00e1bamos de camino al aeropuerto cuando alguien alcanz\u00f3 a ver un cartel a trav\u00e9s de las peque\u00f1as aberturas de las ventanas del autob\u00fas.<\/p>\n\n\n\n<p class=\"wp-block-paragraph\">Entonces qued\u00f3 claro. Nos estaban <a href=\"https:\/\/www.bbc.com\/news\/articles\/c9d3v2d6p1eo\">deportando<\/a>. Incluso a quienes nos hab\u00edamos negado a firmar el papel. Alrededor del mediod\u00eda subimos a un avi\u00f3n. Primero volamos a Turqu\u00eda. Desde all\u00ed, cada uno sigui\u00f3 viaje hacia su pa\u00eds. <\/p>\n\n\n\n<h2 id=\"h-despues-de-la-detencion-en-albania-empezaron-a-hablar-del-tema\" class=\"wp-block-heading\"><strong>Despu\u00e9s de la detenci\u00f3n, en Albania empezaron a hablar del tema<\/strong><\/h2>\n\n\n\n<p class=\"wp-block-paragraph\">Aterric\u00e9 en Albania el 22 de mayo. Apenas llegu\u00e9, se me acerc\u00f3 un grupo de polic\u00edas que me llev\u00f3 directamente a una salita, donde estuvieron dos horas pregunt\u00e1ndome por el viaje a Gaza y la misi\u00f3n.<\/p>\n\n\n\n<p class=\"wp-block-paragraph\">Soy musulm\u00e1n practicante y se nota. La sensaci\u00f3n que tuve al llegar a Albania no fue de bienvenida: tuve que atravesar un interrogatorio en el que sent\u00ed juzgado por mi religi\u00f3n, algo que los musulmanes de Albania conocemos muy bien.<\/p>\n\n\n\n<p class=\"wp-block-paragraph\">Cuando por fin me dejaron salir, me esperaban mi esposa y mis dos hijos. Con ellos hab\u00eda varias personas del Colectivo Palestina Libre: amigos, <a href=\"https:\/\/orato.world\/es\/2024\/09\/07\/atrapado-en-el-conflicto-un-activista-de-derechos-humanos-presencia-un-ataque-de-colonos-israelies-a-palestinos-en-cisjordania\/\" data-type=\"link\" data-id=\"https:\/\/orato.world\/2024\/09\/07\/caught-in-conflict-human-rights-activist-witnesses-israeli-settler-attack-on-palestinians-in-the-west-bank\/\">compa\u00f1eros de militancia<\/a> y personas que hab\u00edan estado esperando mi regreso. Fue un momento muy fuerte. Me recibieron entre gritos y abrazos, con una calidez enorme.<\/p>\n\n\n\n<h2 id=\"h-todo-el-pais-se-entero-de-que-me-habian-detenido\" class=\"wp-block-heading\"><strong>Todo el pa\u00eds se enter\u00f3 de que me hab\u00edan detenido<\/strong><\/h2>\n\n\n\n<p class=\"wp-block-paragraph\">Apenas llegu\u00e9, me di cuenta de que<a href=\"https:\/\/albaniandailynews.com\/news\/israeli-forces-detain-albanian-activist-aboard-gaza-bound-humanitarian-flotilla\" data-type=\"link\" data-id=\"https:\/\/albaniandailynews.com\/news\/israeli-forces-detain-albanian-activist-aboard-gaza-bound-humanitarian-flotilla\"> me hab\u00eda convertido en figura p\u00fablica<\/a>. Cuando estaba detenido en Israel, los medios hab\u00edan difundido un video m\u00edo a bordo de la embarcaci\u00f3n. Hasta un parlamentario hab\u00eda hablado del caso.<\/p>\n\n\n\n<p class=\"wp-block-paragraph\">Durante esos d\u00edas, mi esposa carg\u00f3 con buena parte del peso emocional de todo lo que estaba pasando. Dio entrevistas. Se ocup\u00f3 de que se hablara del tema. Evit\u00f3 que la atenci\u00f3n p\u00fablica se apagara. En todos lados me preguntaban lo mismo: \u00bfqui\u00e9n era? \u00bfPor qu\u00e9 me hab\u00eda sumado a la misi\u00f3n? \u00bfQu\u00e9 pod\u00eda llevar a alguien a arriesgar la vida de esa manera?<\/p>\n\n\n\n<p class=\"wp-block-paragraph\">Gracias a eso, mucha m\u00e1s gente comenz\u00f3 a tomar conciencia de la situaci\u00f3n. Ayer mismo, una vecina me cont\u00f3 que no sab\u00eda nada de la causa palestina hasta que se enter\u00f3 de que me hab\u00edan detenido, y que a partir de ah\u00ed hab\u00eda comenzado a informarse. Ese es parte del sentido de la misi\u00f3n: cada vez se habla m\u00e1s sobre el genocidio y la postura del gobierno alban\u00e9s. Para m\u00ed, el hecho de que cuente a un r\u00e9gimen genocida entre sus aliados da cuenta de un rechazo de la \u00e9tica y el derecho internacional, lo que resulta preocupante.<\/p>\n\n\n\n<figure class=\"wp-block-embed aligncenter is-type-video is-provider-youtube wp-block-embed-youtube wp-embed-aspect-16-9 wp-has-aspect-ratio\"><div class=\"wp-block-embed__wrapper\">\n<iframe loading=\"lazy\" title=\"Israeli court extends detention of two activists captured on a Gaza-bound flotilla\" width=\"640\" height=\"360\" src=\"https:\/\/www.youtube.com\/embed\/rB_DYmkRT1o?feature=oembed\" frameborder=\"0\" allow=\"accelerometer; autoplay; clipboard-write; encrypted-media; gyroscope; picture-in-picture; web-share\" referrerpolicy=\"strict-origin-when-cross-origin\" allowfullscreen><\/iframe>\n<\/div><\/figure>\n\n\n\n<h2 id=\"h-volveria-a-navegar-rumbo-a-gaza\" class=\"wp-block-heading\"><strong>Volver\u00eda a navegar rumbo a Gaza<\/strong><\/h2>\n\n\n\n<p class=\"wp-block-paragraph\">No guardo rencor por lo que viv\u00ed. En todo caso, siento una profunda gratitud por haber podido conocer aunque sea apenas una peque\u00f1a parte de lo que mis hermanos y hermanas palestinos han sufrido durante d\u00e9cadas y, en especial, durante estos \u00faltimos tres a\u00f1os. <\/p>\n\n\n\n<p class=\"wp-block-paragraph\">Desde que regres\u00e9, me preguntaron muchas veces si volver\u00eda a embarcarme en una misi\u00f3n as\u00ed. Mi respuesta es s\u00ed.<\/p>\n\n\n\n<p class=\"wp-block-paragraph\">S\u00e9 lo que eso significa para mis seres queridos. Estar detenido en Israel implica un riesgo real de que las cosas salgan muy mal, incluso de no volver. No quisiera hacer pasar a mi familia y a mis amigos por ese miedo una vez m\u00e1s, pero sigo dispuesto a ir de nuevo.<\/p>\n\n\n\n<p class=\"wp-block-paragraph\">De todos modos, en el fondo deseo que no sea necesario organizar otra flotilla. Espero que la comunidad internacional resuelva de una vez por todas la cuesti\u00f3n palestina por la v\u00eda pol\u00edtica y garantice al pueblo palestino su derecho a la autodeterminaci\u00f3n, a vivir en paz y con dignidad.<\/p>\n\n\n\n<p class=\"wp-block-paragraph\">Mi mensaje para el mundo es simple: dejemos de separar todo en izquierda y derecha. Empecemos a juzgar a los dirigentes pol\u00edticos con una vara m\u00e1s sencilla y honesta: \u00bfest\u00e1n a favor o en contra del genocidio? Votemos en consecuencia. Apoyemos a quienes defienden la libertad y la dignidad humanas. Rechacemos a quienes permiten o justifican el sufrimiento masivo. Quienes apoyan el genocidio no deber\u00edan tener en sus manos la conducci\u00f3n de un pa\u00eds ni el poder de decidir sobre la vida de los dem\u00e1s.<\/p>\n\n\n<div class=\"wp-block-uagb-faq uagb-faq__outer-wrap uagb-block-06409150 uagb-faq-icon-row uagb-faq-layout-accordion uagb-faq-expand-first-true uagb-faq-inactive-other-true uagb-faq__wrap uagb-buttons-layout-wrap uagb-faq-equal-height     \" data-faqtoggle=\"true\" role=\"tablist\"><div class=\"wp-block-uagb-faq-child uagb-faq-child__outer-wrap uagb-faq-item uagb-block-481c7784 \" role=\"tab\" tabindex=\"0\"><div class=\"uagb-faq-questions-button uagb-faq-questions\">\t\t\t<span class=\"uagb-icon uagb-faq-icon-wrap\">\n\t\t\t\t\t\t\t\t<svg xmlns=\"https:\/\/www.w3.org\/2000\/svg\" viewBox= \"0 0 448 512\"><path d=\"M432 256c0 17.69-14.33 32.01-32 32.01H256v144c0 17.69-14.33 31.99-32 31.99s-32-14.3-32-31.99v-144H48c-17.67 0-32-14.32-32-32.01s14.33-31.99 32-31.99H192v-144c0-17.69 14.33-32.01 32-32.01s32 14.32 32 32.01v144h144C417.7 224 432 238.3 432 256z\"><\/path><\/svg>\n\t\t\t\t\t\t\t<\/span>\n\t\t\t\t\t\t<span class=\"uagb-icon-active uagb-faq-icon-wrap\">\n\t\t\t\t\t\t\t\t<svg xmlns=\"https:\/\/www.w3.org\/2000\/svg\" viewBox= \"0 0 448 512\"><path d=\"M400 288h-352c-17.69 0-32-14.32-32-32.01s14.31-31.99 32-31.99h352c17.69 0 32 14.3 32 31.99S417.7 288 400 288z\"><\/path><\/svg>\n\t\t\t\t\t\t\t<\/span>\n\t\t\t<span class=\"uagb-question\">\u00a0<strong>\u00bfQui\u00e9n es Baki Goxhaj?<\/strong><\/span><\/div><div class=\"uagb-faq-content\"><p>Baki Goxhaj es un activista alban\u00e9s, profesional del \u00e1rea de sistemas, que participa en el movimiento de solidaridad con Palestina en Albania. En 2026, se sum\u00f3 a una flotilla humanitaria que navegaba rumbo a Gaza.<\/p><\/div><\/div><div class=\"wp-block-uagb-faq-child uagb-faq-child__outer-wrap uagb-faq-item uagb-block-80d94bd8 \" role=\"tab\" tabindex=\"0\"><div class=\"uagb-faq-questions-button uagb-faq-questions\">\t\t\t<span class=\"uagb-icon uagb-faq-icon-wrap\">\n\t\t\t\t\t\t\t\t<svg xmlns=\"https:\/\/www.w3.org\/2000\/svg\" viewBox= \"0 0 448 512\"><path d=\"M432 256c0 17.69-14.33 32.01-32 32.01H256v144c0 17.69-14.33 31.99-32 31.99s-32-14.3-32-31.99v-144H48c-17.67 0-32-14.32-32-32.01s14.33-31.99 32-31.99H192v-144c0-17.69 14.33-32.01 32-32.01s32 14.32 32 32.01v144h144C417.7 224 432 238.3 432 256z\"><\/path><\/svg>\n\t\t\t\t\t\t\t<\/span>\n\t\t\t\t\t\t<span class=\"uagb-icon-active uagb-faq-icon-wrap\">\n\t\t\t\t\t\t\t\t<svg xmlns=\"https:\/\/www.w3.org\/2000\/svg\" viewBox= \"0 0 448 512\"><path d=\"M400 288h-352c-17.69 0-32-14.32-32-32.01s14.31-31.99 32-31.99h352c17.69 0 32 14.3 32 31.99S417.7 288 400 288z\"><\/path><\/svg>\n\t\t\t\t\t\t\t<\/span>\n\t\t\t<span class=\"uagb-question\"><strong><strong>\u00bfPor qu\u00e9 Baki Goxhaj se sum\u00f3 a la flotilla rumbo a Gaza?<\/strong><\/strong><\/span><\/div><div class=\"uagb-faq-content\"><p>Goxhaj cuenta que llevaba a\u00f1os siguiendo la causa palestina y que, ante sus ojos, la crisis humanitaria en Gaza se volv\u00eda cada vez m\u00e1s dif\u00edcil de ignorar. Decidi\u00f3 entonces pasar a la acci\u00f3n: sumarse a la misi\u00f3n para expresar su solidaridad con el pueblo palestino y hacer su parte para llevar ayuda humanitaria hacia Gaza.<br><br><\/p><\/div><\/div><div class=\"wp-block-uagb-faq-child uagb-faq-child__outer-wrap uagb-faq-item uagb-block-b4d867a4 \" role=\"tab\" tabindex=\"0\"><div class=\"uagb-faq-questions-button uagb-faq-questions\">\t\t\t<span class=\"uagb-icon uagb-faq-icon-wrap\">\n\t\t\t\t\t\t\t\t<svg xmlns=\"https:\/\/www.w3.org\/2000\/svg\" viewBox= \"0 0 448 512\"><path d=\"M432 256c0 17.69-14.33 32.01-32 32.01H256v144c0 17.69-14.33 31.99-32 31.99s-32-14.3-32-31.99v-144H48c-17.67 0-32-14.32-32-32.01s14.33-31.99 32-31.99H192v-144c0-17.69 14.33-32.01 32-32.01s32 14.32 32 32.01v144h144C417.7 224 432 238.3 432 256z\"><\/path><\/svg>\n\t\t\t\t\t\t\t<\/span>\n\t\t\t\t\t\t<span class=\"uagb-icon-active uagb-faq-icon-wrap\">\n\t\t\t\t\t\t\t\t<svg xmlns=\"https:\/\/www.w3.org\/2000\/svg\" viewBox= \"0 0 448 512\"><path d=\"M400 288h-352c-17.69 0-32-14.32-32-32.01s14.31-31.99 32-31.99h352c17.69 0 32 14.3 32 31.99S417.7 288 400 288z\"><\/path><\/svg>\n\t\t\t\t\t\t\t<\/span>\n\t\t\t<span class=\"uagb-question\"><strong>\u00bfQu\u00e9 le pas\u00f3 a la flotilla Global Sumud?<\/strong><\/span><\/div><div class=\"uagb-faq-content\"><p>Seg\u00fan el relato de Goxhaj, las fuerzas navales israel\u00edes interceptaron la flotilla mientras navegaba rumbo a Gaza en mayo de 2026. Un grupo de militares israel\u00edes abordaron su embarcaci\u00f3n y detuvieron a los pasajeros, que luego fueron trasladados a Israel.<\/p><\/div><\/div><div class=\"wp-block-uagb-faq-child uagb-faq-child__outer-wrap uagb-faq-item uagb-block-11d59571 \" role=\"tab\" tabindex=\"0\"><div class=\"uagb-faq-questions-button uagb-faq-questions\">\t\t\t<span class=\"uagb-icon uagb-faq-icon-wrap\">\n\t\t\t\t\t\t\t\t<svg xmlns=\"https:\/\/www.w3.org\/2000\/svg\" viewBox= \"0 0 448 512\"><path d=\"M432 256c0 17.69-14.33 32.01-32 32.01H256v144c0 17.69-14.33 31.99-32 31.99s-32-14.3-32-31.99v-144H48c-17.67 0-32-14.32-32-32.01s14.33-31.99 32-31.99H192v-144c0-17.69 14.33-32.01 32-32.01s32 14.32 32 32.01v144h144C417.7 224 432 238.3 432 256z\"><\/path><\/svg>\n\t\t\t\t\t\t\t<\/span>\n\t\t\t\t\t\t<span class=\"uagb-icon-active uagb-faq-icon-wrap\">\n\t\t\t\t\t\t\t\t<svg xmlns=\"https:\/\/www.w3.org\/2000\/svg\" viewBox= \"0 0 448 512\"><path d=\"M400 288h-352c-17.69 0-32-14.32-32-32.01s14.31-31.99 32-31.99h352c17.69 0 32 14.3 32 31.99S417.7 288 400 288z\"><\/path><\/svg>\n\t\t\t\t\t\t\t<\/span>\n\t\t\t<span class=\"uagb-question\"><strong>\u00bfQu\u00e9 cuenta Baki Goxhaj sobre la detenci\u00f3n en Israel?<\/strong><\/span><\/div><div class=\"uagb-faq-content\"><p>Goxhaj cuenta que las fuerzas israel\u00edes lo inmovilizaron, lo vendaron, lo golpearon y lo detuvieron despu\u00e9s de interceptar su embarcaci\u00f3n. Relata que permaneci\u00f3 detenido a bordo de un barco prisi\u00f3n y que luego fue trasladado a una prisi\u00f3n, antes de ser deportado.<\/p><\/div><\/div><div class=\"wp-block-uagb-faq-child uagb-faq-child__outer-wrap uagb-faq-item uagb-block-68949e76 \" role=\"tab\" tabindex=\"0\"><div class=\"uagb-faq-questions-button uagb-faq-questions\">\t\t\t<span class=\"uagb-icon uagb-faq-icon-wrap\">\n\t\t\t\t\t\t\t\t<svg xmlns=\"https:\/\/www.w3.org\/2000\/svg\" viewBox= \"0 0 448 512\"><path d=\"M432 256c0 17.69-14.33 32.01-32 32.01H256v144c0 17.69-14.33 31.99-32 31.99s-32-14.3-32-31.99v-144H48c-17.67 0-32-14.32-32-32.01s14.33-31.99 32-31.99H192v-144c0-17.69 14.33-32.01 32-32.01s32 14.32 32 32.01v144h144C417.7 224 432 238.3 432 256z\"><\/path><\/svg>\n\t\t\t\t\t\t\t<\/span>\n\t\t\t\t\t\t<span class=\"uagb-icon-active uagb-faq-icon-wrap\">\n\t\t\t\t\t\t\t\t<svg xmlns=\"https:\/\/www.w3.org\/2000\/svg\" viewBox= \"0 0 448 512\"><path d=\"M400 288h-352c-17.69 0-32-14.32-32-32.01s14.31-31.99 32-31.99h352c17.69 0 32 14.3 32 31.99S417.7 288 400 288z\"><\/path><\/svg>\n\t\t\t\t\t\t\t<\/span>\n\t\t\t<span class=\"uagb-question\"><strong>\u00bfCu\u00e1nto tiempo estuvo detenido Baki Goxhaj?<\/strong><\/span><\/div><div class=\"uagb-faq-content\"><p>Goxhaj cuenta que permaneci\u00f3 aproximadamente cuatro d\u00edas bajo custodia israel\u00ed antes de ser trasladado a un aeropuerto y deportado. Pas\u00f3 por Turqu\u00eda antes de regresar a Albania.<\/p><\/div><\/div><\/div>\n\n\n<p class=\"wp-block-paragraph\"><\/p>\n","protected":false},"excerpt":{"rendered":"<p>El activista alban\u00e9s Baki Goxhaj se embarc\u00f3 en la flotilla Global Sumud rumbo a Gaza. En este relato cuenta c\u00f3mo las fuerzas israel\u00edes interceptaron su barco y reconstruye los cuatro d\u00edas de encierro y maltrato que siguieron.<\/p>\n","protected":false},"author":212,"featured_media":105608,"comment_status":"open","ping_status":"open","sticky":false,"template":"","format":"standard","meta":{"_acf_changed":false,"_uag_custom_page_level_css":"","_lmt_disableupdate":"","_lmt_disable":"","footnotes":"","_members_access_role":[],"_members_access_error":""},"categories":[10181,260,10092],"tags":[3061,8187,10261,10267,10264,10263,10262,10265,1321,1263,1261,10266],"class_list":["post-105601","post","type-post","status-publish","format-standard","has-post-thumbnail","hentry","category-activismo","category-conflicto","category-derechos-humanos","tag-albania-es","tag-ayuda-humanitaria","tag-baki-goxhaj","tag-bloqueo-a-gaza","tag-detencion-en-israel","tag-flotilla-de-gaza","tag-flotilla-global-sumud","tag-flotilla-por-la-libertad","tag-gaza-es","tag-israel-es","tag-palestina","tag-solidaridad-con-palestina"],"acf":[],"yoast_head":"<!-- This site is optimized with the Yoast SEO Premium plugin v28.3 (Yoast SEO v28.3) - https:\/\/yoast.com\/product\/yoast-seo-premium-wordpress\/ -->\n<title>Un activista alban\u00e9s cuenta c\u00f3mo fue estar detenido en Israel tras la intercepci\u00f3n de la flotilla que viajaba rumbo a Gaza<\/title>\n<meta name=\"description\" content=\"El activista alban\u00e9s Baki Goxhaj se embarc\u00f3 en la flotilla Global Sumud rumbo a Gaza. En este relato cuenta c\u00f3mo las fuerzas israel\u00edes interceptaron su barco y reconstruye los cuatro d\u00edas de encierro y maltrato que siguieron.\" \/>\n<meta name=\"robots\" content=\"index, follow, max-snippet:-1, max-image-preview:large, max-video-preview:-1\" \/>\n<link rel=\"canonical\" href=\"https:\/\/orato.world\/es\/2026\/08\/10\/como-fue-estar-a-bordo-de-la-flotilla-interceptada-por-israel\/\" \/>\n<meta property=\"og:locale\" content=\"es_ES\" \/>\n<meta property=\"og:type\" content=\"article\" \/>\n<meta property=\"og:title\" content=\"C\u00f3mo fue estar a bordo de la flotilla interceptada por Israel\" \/>\n<meta property=\"og:description\" content=\"El activista alban\u00e9s Baki Goxhaj se embarc\u00f3 en la flotilla Global Sumud rumbo a Gaza. En este relato cuenta c\u00f3mo las fuerzas israel\u00edes interceptaron su barco y reconstruye los cuatro d\u00edas de encierro y maltrato que siguieron.\" \/>\n<meta property=\"og:url\" content=\"https:\/\/orato.world\/es\/2026\/08\/10\/como-fue-estar-a-bordo-de-la-flotilla-interceptada-por-israel\/\" \/>\n<meta property=\"og:site_name\" content=\"Orato\" \/>\n<meta property=\"article:publisher\" content=\"https:\/\/www.facebook.com\/OratoWorld\/\" \/>\n<meta property=\"article:published_time\" content=\"2026-08-10T09:00:00+00:00\" \/>\n<meta property=\"article:modified_time\" content=\"2026-09-02T12:41:05+00:00\" \/>\n<meta property=\"og:image\" content=\"https:\/\/orato.world\/wp-content\/uploads\/Noor-Gaza-Refugee-Camp-2-1024x576.png\" \/>\n\t<meta property=\"og:image:width\" content=\"1024\" \/>\n\t<meta property=\"og:image:height\" content=\"576\" \/>\n\t<meta property=\"og:image:type\" content=\"image\/png\" \/>\n<meta name=\"author\" content=\"Mudassir Haider\" \/>\n<meta name=\"twitter:card\" content=\"summary_large_image\" \/>\n<meta name=\"twitter:creator\" content=\"@MudassirHaider_\" \/>\n<meta name=\"twitter:site\" content=\"@oratoworld\" \/>\n<meta name=\"twitter:label1\" content=\"Escrito por\" \/>\n\t<meta name=\"twitter:data1\" content=\"Mudassir Haider\" \/>\n\t<meta name=\"twitter:label2\" content=\"Tiempo de lectura\" \/>\n\t<meta name=\"twitter:data2\" content=\"17 minutos\" \/>\n<script type=\"application\/ld+json\" class=\"yoast-schema-graph\">{\"@context\":\"https:\\\/\\\/schema.org\",\"@graph\":[{\"@type\":\"NewsArticle\",\"@id\":\"https:\\\/\\\/orato.world\\\/es\\\/2026\\\/08\\\/10\\\/como-fue-estar-a-bordo-de-la-flotilla-interceptada-por-israel\\\/#article\",\"isPartOf\":{\"@id\":\"https:\\\/\\\/orato.world\\\/es\\\/2026\\\/08\\\/10\\\/como-fue-estar-a-bordo-de-la-flotilla-interceptada-por-israel\\\/\"},\"author\":{\"name\":\"Mudassir Haider\",\"@id\":\"https:\\\/\\\/orato.world\\\/es\\\/#\\\/schema\\\/person\\\/49db4005f73e19d4544e208f0b5a7c53\"},\"headline\":\"C\u00f3mo fue estar a bordo de la flotilla interceptada por Israel\",\"datePublished\":\"2026-08-10T09:00:00+00:00\",\"dateModified\":\"2026-09-02T12:41:05+00:00\",\"mainEntityOfPage\":{\"@id\":\"https:\\\/\\\/orato.world\\\/es\\\/2026\\\/08\\\/10\\\/como-fue-estar-a-bordo-de-la-flotilla-interceptada-por-israel\\\/\"},\"wordCount\":3675,\"commentCount\":0,\"publisher\":{\"@id\":\"https:\\\/\\\/orato.world\\\/es\\\/#organization\"},\"image\":{\"@id\":\"https:\\\/\\\/orato.world\\\/es\\\/2026\\\/08\\\/10\\\/como-fue-estar-a-bordo-de-la-flotilla-interceptada-por-israel\\\/#primaryimage\"},\"thumbnailUrl\":\"https:\\\/\\\/orato.world\\\/wp-content\\\/uploads\\\/Noor-Gaza-Refugee-Camp-2.png\",\"keywords\":[\"Albania\",\"ayuda humanitaria\",\"Baki Goxhaj\",\"bloqueo a Gaza\",\"detenci\u00f3n en Israel\",\"Flotilla de Gaza\",\"flotilla Global Sumud\",\"Flotilla por la libertad\",\"Gaza\",\"Israel\",\"Palestina\",\"Solidaridad con Palestina\"],\"articleSection\":[\"Activismo\",\"Conflicto\",\"Derechos humanos\"],\"inLanguage\":\"es\",\"potentialAction\":[{\"@type\":\"CommentAction\",\"name\":\"Comment\",\"target\":[\"https:\\\/\\\/orato.world\\\/es\\\/2026\\\/08\\\/10\\\/como-fue-estar-a-bordo-de-la-flotilla-interceptada-por-israel\\\/#respond\"]}]},{\"@type\":\"WebPage\",\"@id\":\"https:\\\/\\\/orato.world\\\/es\\\/2026\\\/08\\\/10\\\/como-fue-estar-a-bordo-de-la-flotilla-interceptada-por-israel\\\/\",\"url\":\"https:\\\/\\\/orato.world\\\/es\\\/2026\\\/08\\\/10\\\/como-fue-estar-a-bordo-de-la-flotilla-interceptada-por-israel\\\/\",\"name\":\"Un activista alban\u00e9s cuenta c\u00f3mo fue estar detenido en Israel tras la intercepci\u00f3n de la flotilla que viajaba rumbo a Gaza\",\"isPartOf\":{\"@id\":\"https:\\\/\\\/orato.world\\\/es\\\/#website\"},\"primaryImageOfPage\":{\"@id\":\"https:\\\/\\\/orato.world\\\/es\\\/2026\\\/08\\\/10\\\/como-fue-estar-a-bordo-de-la-flotilla-interceptada-por-israel\\\/#primaryimage\"},\"image\":{\"@id\":\"https:\\\/\\\/orato.world\\\/es\\\/2026\\\/08\\\/10\\\/como-fue-estar-a-bordo-de-la-flotilla-interceptada-por-israel\\\/#primaryimage\"},\"thumbnailUrl\":\"https:\\\/\\\/orato.world\\\/wp-content\\\/uploads\\\/Noor-Gaza-Refugee-Camp-2.png\",\"datePublished\":\"2026-08-10T09:00:00+00:00\",\"dateModified\":\"2026-09-02T12:41:05+00:00\",\"description\":\"El activista alban\u00e9s Baki Goxhaj se embarc\u00f3 en la flotilla Global Sumud rumbo a Gaza. En este relato cuenta c\u00f3mo las fuerzas israel\u00edes interceptaron su barco y reconstruye los cuatro d\u00edas de encierro y maltrato que siguieron.\",\"breadcrumb\":{\"@id\":\"https:\\\/\\\/orato.world\\\/es\\\/2026\\\/08\\\/10\\\/como-fue-estar-a-bordo-de-la-flotilla-interceptada-por-israel\\\/#breadcrumb\"},\"inLanguage\":\"es\",\"potentialAction\":[{\"@type\":\"ReadAction\",\"target\":[\"https:\\\/\\\/orato.world\\\/es\\\/2026\\\/08\\\/10\\\/como-fue-estar-a-bordo-de-la-flotilla-interceptada-por-israel\\\/\"]}]},{\"@type\":\"ImageObject\",\"inLanguage\":\"es\",\"@id\":\"https:\\\/\\\/orato.world\\\/es\\\/2026\\\/08\\\/10\\\/como-fue-estar-a-bordo-de-la-flotilla-interceptada-por-israel\\\/#primaryimage\",\"url\":\"https:\\\/\\\/orato.world\\\/wp-content\\\/uploads\\\/Noor-Gaza-Refugee-Camp-2.png\",\"contentUrl\":\"https:\\\/\\\/orato.world\\\/wp-content\\\/uploads\\\/Noor-Gaza-Refugee-Camp-2.png\",\"width\":1366,\"height\":768,\"caption\":\"El activista alban\u00e9s Baki Goxhaj se sum\u00f3 en mayo de 2026 a la flotilla Global Sumud para llevar ayuda humanitaria a Gaza.\"},{\"@type\":\"BreadcrumbList\",\"@id\":\"https:\\\/\\\/orato.world\\\/es\\\/2026\\\/08\\\/10\\\/como-fue-estar-a-bordo-de-la-flotilla-interceptada-por-israel\\\/#breadcrumb\",\"itemListElement\":[{\"@type\":\"ListItem\",\"position\":1,\"name\":\"Home\",\"item\":\"https:\\\/\\\/orato.world\\\/es\\\/\"},{\"@type\":\"ListItem\",\"position\":2,\"name\":\"C\u00f3mo fue estar a bordo de la flotilla interceptada por Israel\"}]},{\"@type\":\"WebSite\",\"@id\":\"https:\\\/\\\/orato.world\\\/es\\\/#website\",\"url\":\"https:\\\/\\\/orato.world\\\/es\\\/\",\"name\":\"Orato\",\"description\":\"True Stories. Real People\",\"publisher\":{\"@id\":\"https:\\\/\\\/orato.world\\\/es\\\/#organization\"},\"potentialAction\":[{\"@type\":\"SearchAction\",\"target\":{\"@type\":\"EntryPoint\",\"urlTemplate\":\"https:\\\/\\\/orato.world\\\/es\\\/?s={search_term_string}\"},\"query-input\":{\"@type\":\"PropertyValueSpecification\",\"valueRequired\":true,\"valueName\":\"search_term_string\"}}],\"inLanguage\":\"es\"},{\"@type\":\"Organization\",\"@id\":\"https:\\\/\\\/orato.world\\\/es\\\/#organization\",\"name\":\"Orato World Media Inc.\",\"url\":\"https:\\\/\\\/orato.world\\\/es\\\/\",\"logo\":{\"@type\":\"ImageObject\",\"inLanguage\":\"es\",\"@id\":\"https:\\\/\\\/orato.world\\\/es\\\/#\\\/schema\\\/logo\\\/image\\\/\",\"url\":\"https:\\\/\\\/orato.world\\\/wp-content\\\/uploads\\\/2020\\\/07\\\/orato-logo-transparent.png\",\"contentUrl\":\"https:\\\/\\\/orato.world\\\/wp-content\\\/uploads\\\/2020\\\/07\\\/orato-logo-transparent.png\",\"width\":78,\"height\":73,\"caption\":\"Orato World Media Inc.\"},\"image\":{\"@id\":\"https:\\\/\\\/orato.world\\\/es\\\/#\\\/schema\\\/logo\\\/image\\\/\"},\"sameAs\":[\"https:\\\/\\\/www.facebook.com\\\/OratoWorld\\\/\",\"https:\\\/\\\/x.com\\\/oratoworld\",\"https:\\\/\\\/www.instagram.com\\\/oratoworld\",\"https:\\\/\\\/www.linkedin.com\\\/company\\\/42308818\\\/\"],\"publishingPrinciples\":\"https:\\\/\\\/orato.world\\\/a-note-from-our-publisher-sam-yehia\\\/\",\"ownershipFundingInfo\":\"https:\\\/\\\/orato.world\\\/a-note-from-our-publisher-sam-yehia\\\/\"},{\"@type\":\"Person\",\"@id\":\"https:\\\/\\\/orato.world\\\/es\\\/#\\\/schema\\\/person\\\/49db4005f73e19d4544e208f0b5a7c53\",\"name\":\"Mudassir Haider\",\"image\":{\"@type\":\"ImageObject\",\"inLanguage\":\"es\",\"@id\":\"https:\\\/\\\/orato.world\\\/wp-content\\\/uploads\\\/Mudassir-Haider-Headshot-1-e1779608446875-96x96.png\",\"url\":\"https:\\\/\\\/orato.world\\\/wp-content\\\/uploads\\\/Mudassir-Haider-Headshot-1-e1779608446875-96x96.png\",\"contentUrl\":\"https:\\\/\\\/orato.world\\\/wp-content\\\/uploads\\\/Mudassir-Haider-Headshot-1-e1779608446875-96x96.png\",\"caption\":\"Mudassir Haider\"},\"description\":\"Mudassir Haider is a prominent political analyst and journalist holding double majors in Political Science and International Relations from renowned institutions. His expertise lies in Turkish and European politics, with a keen focus on EU-Turkey, Turkey-US relations, and the complex Cyprus Issue. Through his impactful contributions, Haider has published thought-provoking analyses on various issues and conflicts. He actively engages with world leaders, demonstrating a commitment to addressing pressing international matters, particularly those related to refugee crises and the effective functioning of international institutions. Haider\u2019s dedication to fostering a deeper understanding of critical subjects makes him a valuable and informed voice in the realm of global affairs.\",\"sameAs\":[\"https:\\\/\\\/www.linkedin.com\\\/in\\\/mudassir-haider-a54464235\\\/\",\"https:\\\/\\\/x.com\\\/MudassirHaider_\"],\"url\":\"https:\\\/\\\/orato.world\\\/es\\\/author\\\/mudassir-haider\\\/\"}]}<\/script>\n<!-- \/ Yoast SEO Premium plugin. -->","yoast_head_json":{"title":"Un activista alban\u00e9s cuenta c\u00f3mo fue estar detenido en Israel tras la intercepci\u00f3n de la flotilla que viajaba rumbo a Gaza","description":"El activista alban\u00e9s Baki Goxhaj se embarc\u00f3 en la flotilla Global Sumud rumbo a Gaza. En este relato cuenta c\u00f3mo las fuerzas israel\u00edes interceptaron su barco y reconstruye los cuatro d\u00edas de encierro y maltrato que siguieron.","robots":{"index":"index","follow":"follow","max-snippet":"max-snippet:-1","max-image-preview":"max-image-preview:large","max-video-preview":"max-video-preview:-1"},"canonical":"https:\/\/orato.world\/es\/2026\/08\/10\/como-fue-estar-a-bordo-de-la-flotilla-interceptada-por-israel\/","og_locale":"es_ES","og_type":"article","og_title":"C\u00f3mo fue estar a bordo de la flotilla interceptada por Israel","og_description":"El activista alban\u00e9s Baki Goxhaj se embarc\u00f3 en la flotilla Global Sumud rumbo a Gaza. En este relato cuenta c\u00f3mo las fuerzas israel\u00edes interceptaron su barco y reconstruye los cuatro d\u00edas de encierro y maltrato que siguieron.","og_url":"https:\/\/orato.world\/es\/2026\/08\/10\/como-fue-estar-a-bordo-de-la-flotilla-interceptada-por-israel\/","og_site_name":"Orato","article_publisher":"https:\/\/www.facebook.com\/OratoWorld\/","article_published_time":"2026-08-10T09:00:00+00:00","article_modified_time":"2026-09-02T12:41:05+00:00","og_image":[{"width":1024,"height":576,"url":"https:\/\/orato.world\/wp-content\/uploads\/Noor-Gaza-Refugee-Camp-2-1024x576.png","type":"image\/png"}],"author":"Mudassir Haider","twitter_card":"summary_large_image","twitter_creator":"@MudassirHaider_","twitter_site":"@oratoworld","twitter_misc":{"Escrito por":"Mudassir Haider","Tiempo de lectura":"17 minutos"},"schema":{"@context":"https:\/\/schema.org","@graph":[{"@type":"NewsArticle","@id":"https:\/\/orato.world\/es\/2026\/08\/10\/como-fue-estar-a-bordo-de-la-flotilla-interceptada-por-israel\/#article","isPartOf":{"@id":"https:\/\/orato.world\/es\/2026\/08\/10\/como-fue-estar-a-bordo-de-la-flotilla-interceptada-por-israel\/"},"author":{"name":"Mudassir Haider","@id":"https:\/\/orato.world\/es\/#\/schema\/person\/49db4005f73e19d4544e208f0b5a7c53"},"headline":"C\u00f3mo fue estar a bordo de la flotilla interceptada por Israel","datePublished":"2026-08-10T09:00:00+00:00","dateModified":"2026-09-02T12:41:05+00:00","mainEntityOfPage":{"@id":"https:\/\/orato.world\/es\/2026\/08\/10\/como-fue-estar-a-bordo-de-la-flotilla-interceptada-por-israel\/"},"wordCount":3675,"commentCount":0,"publisher":{"@id":"https:\/\/orato.world\/es\/#organization"},"image":{"@id":"https:\/\/orato.world\/es\/2026\/08\/10\/como-fue-estar-a-bordo-de-la-flotilla-interceptada-por-israel\/#primaryimage"},"thumbnailUrl":"https:\/\/orato.world\/wp-content\/uploads\/Noor-Gaza-Refugee-Camp-2.png","keywords":["Albania","ayuda humanitaria","Baki Goxhaj","bloqueo a Gaza","detenci\u00f3n en Israel","Flotilla de Gaza","flotilla Global Sumud","Flotilla por la libertad","Gaza","Israel","Palestina","Solidaridad con Palestina"],"articleSection":["Activismo","Conflicto","Derechos humanos"],"inLanguage":"es","potentialAction":[{"@type":"CommentAction","name":"Comment","target":["https:\/\/orato.world\/es\/2026\/08\/10\/como-fue-estar-a-bordo-de-la-flotilla-interceptada-por-israel\/#respond"]}]},{"@type":"WebPage","@id":"https:\/\/orato.world\/es\/2026\/08\/10\/como-fue-estar-a-bordo-de-la-flotilla-interceptada-por-israel\/","url":"https:\/\/orato.world\/es\/2026\/08\/10\/como-fue-estar-a-bordo-de-la-flotilla-interceptada-por-israel\/","name":"Un activista alban\u00e9s cuenta c\u00f3mo fue estar detenido en Israel tras la intercepci\u00f3n de la flotilla que viajaba rumbo a Gaza","isPartOf":{"@id":"https:\/\/orato.world\/es\/#website"},"primaryImageOfPage":{"@id":"https:\/\/orato.world\/es\/2026\/08\/10\/como-fue-estar-a-bordo-de-la-flotilla-interceptada-por-israel\/#primaryimage"},"image":{"@id":"https:\/\/orato.world\/es\/2026\/08\/10\/como-fue-estar-a-bordo-de-la-flotilla-interceptada-por-israel\/#primaryimage"},"thumbnailUrl":"https:\/\/orato.world\/wp-content\/uploads\/Noor-Gaza-Refugee-Camp-2.png","datePublished":"2026-08-10T09:00:00+00:00","dateModified":"2026-09-02T12:41:05+00:00","description":"El activista alban\u00e9s Baki Goxhaj se embarc\u00f3 en la flotilla Global Sumud rumbo a Gaza. En este relato cuenta c\u00f3mo las fuerzas israel\u00edes interceptaron su barco y reconstruye los cuatro d\u00edas de encierro y maltrato que siguieron.","breadcrumb":{"@id":"https:\/\/orato.world\/es\/2026\/08\/10\/como-fue-estar-a-bordo-de-la-flotilla-interceptada-por-israel\/#breadcrumb"},"inLanguage":"es","potentialAction":[{"@type":"ReadAction","target":["https:\/\/orato.world\/es\/2026\/08\/10\/como-fue-estar-a-bordo-de-la-flotilla-interceptada-por-israel\/"]}]},{"@type":"ImageObject","inLanguage":"es","@id":"https:\/\/orato.world\/es\/2026\/08\/10\/como-fue-estar-a-bordo-de-la-flotilla-interceptada-por-israel\/#primaryimage","url":"https:\/\/orato.world\/wp-content\/uploads\/Noor-Gaza-Refugee-Camp-2.png","contentUrl":"https:\/\/orato.world\/wp-content\/uploads\/Noor-Gaza-Refugee-Camp-2.png","width":1366,"height":768,"caption":"El activista alban\u00e9s Baki Goxhaj se sum\u00f3 en mayo de 2026 a la flotilla Global Sumud para llevar ayuda humanitaria a Gaza."},{"@type":"BreadcrumbList","@id":"https:\/\/orato.world\/es\/2026\/08\/10\/como-fue-estar-a-bordo-de-la-flotilla-interceptada-por-israel\/#breadcrumb","itemListElement":[{"@type":"ListItem","position":1,"name":"Home","item":"https:\/\/orato.world\/es\/"},{"@type":"ListItem","position":2,"name":"C\u00f3mo fue estar a bordo de la flotilla interceptada por Israel"}]},{"@type":"WebSite","@id":"https:\/\/orato.world\/es\/#website","url":"https:\/\/orato.world\/es\/","name":"Orato","description":"True Stories. Real People","publisher":{"@id":"https:\/\/orato.world\/es\/#organization"},"potentialAction":[{"@type":"SearchAction","target":{"@type":"EntryPoint","urlTemplate":"https:\/\/orato.world\/es\/?s={search_term_string}"},"query-input":{"@type":"PropertyValueSpecification","valueRequired":true,"valueName":"search_term_string"}}],"inLanguage":"es"},{"@type":"Organization","@id":"https:\/\/orato.world\/es\/#organization","name":"Orato World Media Inc.","url":"https:\/\/orato.world\/es\/","logo":{"@type":"ImageObject","inLanguage":"es","@id":"https:\/\/orato.world\/es\/#\/schema\/logo\/image\/","url":"https:\/\/orato.world\/wp-content\/uploads\/2020\/07\/orato-logo-transparent.png","contentUrl":"https:\/\/orato.world\/wp-content\/uploads\/2020\/07\/orato-logo-transparent.png","width":78,"height":73,"caption":"Orato World Media Inc."},"image":{"@id":"https:\/\/orato.world\/es\/#\/schema\/logo\/image\/"},"sameAs":["https:\/\/www.facebook.com\/OratoWorld\/","https:\/\/x.com\/oratoworld","https:\/\/www.instagram.com\/oratoworld","https:\/\/www.linkedin.com\/company\/42308818\/"],"publishingPrinciples":"https:\/\/orato.world\/a-note-from-our-publisher-sam-yehia\/","ownershipFundingInfo":"https:\/\/orato.world\/a-note-from-our-publisher-sam-yehia\/"},{"@type":"Person","@id":"https:\/\/orato.world\/es\/#\/schema\/person\/49db4005f73e19d4544e208f0b5a7c53","name":"Mudassir Haider","image":{"@type":"ImageObject","inLanguage":"es","@id":"https:\/\/orato.world\/wp-content\/uploads\/Mudassir-Haider-Headshot-1-e1779608446875-96x96.png","url":"https:\/\/orato.world\/wp-content\/uploads\/Mudassir-Haider-Headshot-1-e1779608446875-96x96.png","contentUrl":"https:\/\/orato.world\/wp-content\/uploads\/Mudassir-Haider-Headshot-1-e1779608446875-96x96.png","caption":"Mudassir Haider"},"description":"Mudassir Haider is a prominent political analyst and journalist holding double majors in Political Science and International Relations from renowned institutions. His expertise lies in Turkish and European politics, with a keen focus on EU-Turkey, Turkey-US relations, and the complex Cyprus Issue. Through his impactful contributions, Haider has published thought-provoking analyses on various issues and conflicts. He actively engages with world leaders, demonstrating a commitment to addressing pressing international matters, particularly those related to refugee crises and the effective functioning of international institutions. Haider\u2019s dedication to fostering a deeper understanding of critical subjects makes him a valuable and informed voice in the realm of global affairs.","sameAs":["https:\/\/www.linkedin.com\/in\/mudassir-haider-a54464235\/","https:\/\/x.com\/MudassirHaider_"],"url":"https:\/\/orato.world\/es\/author\/mudassir-haider\/"}]}},"modified_by":"Mariela Iniguez","uagb_featured_image_src":{"full":["https:\/\/orato.world\/wp-content\/uploads\/Noor-Gaza-Refugee-Camp-2.png",1366,768,false],"thumbnail":["https:\/\/orato.world\/wp-content\/uploads\/Noor-Gaza-Refugee-Camp-2-100x100.png",100,100,true],"medium":["https:\/\/orato.world\/wp-content\/uploads\/Noor-Gaza-Refugee-Camp-2-300x169.png",300,169,true],"medium_large":["https:\/\/orato.world\/wp-content\/uploads\/Noor-Gaza-Refugee-Camp-2-770x433.png",640,360,true],"large":["https:\/\/orato.world\/wp-content\/uploads\/Noor-Gaza-Refugee-Camp-2-1024x576.png",640,360,true],"1536x1536":["https:\/\/orato.world\/wp-content\/uploads\/Noor-Gaza-Refugee-Camp-2.png",1366,768,false],"2048x2048":["https:\/\/orato.world\/wp-content\/uploads\/Noor-Gaza-Refugee-Camp-2.png",1366,768,false],"gallery-size":["https:\/\/orato.world\/wp-content\/uploads\/Noor-Gaza-Refugee-Camp-2-711x400.png",711,400,true],"lets-review-360-240":["https:\/\/orato.world\/wp-content\/uploads\/Noor-Gaza-Refugee-Camp-2-360x240.png",360,240,true],"gform-image-choice-sm":["https:\/\/orato.world\/wp-content\/uploads\/Noor-Gaza-Refugee-Camp-2.png",300,169,false],"gform-image-choice-md":["https:\/\/orato.world\/wp-content\/uploads\/Noor-Gaza-Refugee-Camp-2.png",400,225,false],"gform-image-choice-lg":["https:\/\/orato.world\/wp-content\/uploads\/Noor-Gaza-Refugee-Camp-2.png",600,337,false],"awsm_team":["https:\/\/orato.world\/wp-content\/uploads\/Noor-Gaza-Refugee-Camp-2-500x500.png",500,500,true]},"uagb_author_info":{"display_name":"Mudassir Haider","author_link":"https:\/\/orato.world\/es\/author\/mudassir-haider\/"},"uagb_comment_info":0,"uagb_excerpt":"El activista alban\u00e9s Baki Goxhaj se embarc\u00f3 en la flotilla Global Sumud rumbo a Gaza. En este relato cuenta c\u00f3mo las fuerzas israel\u00edes interceptaron su barco y reconstruye los cuatro d\u00edas de encierro y maltrato que siguieron.","_links":{"self":[{"href":"https:\/\/orato.world\/es\/wp-json\/wp\/v2\/posts\/105601","targetHints":{"allow":["GET"]}}],"collection":[{"href":"https:\/\/orato.world\/es\/wp-json\/wp\/v2\/posts"}],"about":[{"href":"https:\/\/orato.world\/es\/wp-json\/wp\/v2\/types\/post"}],"author":[{"embeddable":true,"href":"https:\/\/orato.world\/es\/wp-json\/wp\/v2\/users\/212"}],"replies":[{"embeddable":true,"href":"https:\/\/orato.world\/es\/wp-json\/wp\/v2\/comments?post=105601"}],"version-history":[{"count":4,"href":"https:\/\/orato.world\/es\/wp-json\/wp\/v2\/posts\/105601\/revisions"}],"predecessor-version":[{"id":105622,"href":"https:\/\/orato.world\/es\/wp-json\/wp\/v2\/posts\/105601\/revisions\/105622"}],"wp:featuredmedia":[{"embeddable":true,"href":"https:\/\/orato.world\/es\/wp-json\/wp\/v2\/media\/105608"}],"wp:attachment":[{"href":"https:\/\/orato.world\/es\/wp-json\/wp\/v2\/media?parent=105601"}],"wp:term":[{"taxonomy":"category","embeddable":true,"href":"https:\/\/orato.world\/es\/wp-json\/wp\/v2\/categories?post=105601"},{"taxonomy":"post_tag","embeddable":true,"href":"https:\/\/orato.world\/es\/wp-json\/wp\/v2\/tags?post=105601"}],"curies":[{"name":"wp","href":"https:\/\/api.w.org\/{rel}","templated":true}]}}