{"id":105623,"date":"2026-08-17T02:00:00","date_gmt":"2026-08-17T09:00:00","guid":{"rendered":"https:\/\/orato.world\/2026\/08\/17\/me-detuvieron-en-una-protesta-contra-el-ice-me-absolvieron-y-sigo-dando-pelea\/"},"modified":"2026-09-02T05:44:03","modified_gmt":"2026-09-02T12:44:03","slug":"me-detuvieron-en-una-protesta-contra-el-ice-me-absolvieron-y-sigo-dando-pelea","status":"publish","type":"post","link":"https:\/\/orato.world\/es\/2026\/08\/17\/me-detuvieron-en-una-protesta-contra-el-ice-me-absolvieron-y-sigo-dando-pelea\/","title":{"rendered":"Me detuvieron en una protesta contra el ICE: me absolvieron y sigo dando pelea"},"content":{"rendered":"<div class=\"lets-info-up-wrap  lets-info-up--right lets-info-up--m-1 lets-info-up-skin-2 lets-info-up--side\">\t\t\t<div class=\"lets-info-up\">\r\n\t\t\t\t\t\t<div class=\"lets-info-up-block-wrap\">\r\n\t\t\t\t<div class=\"lets-info-up-block lets-info-up-meta-block\"><div class=\"lets-info-up-meta-title lets-info-up-pretitle font-h\">Notas del periodista<\/div><div class=\"lets-info-up-meta-content lets-info-up-title font-b\">AGOSTO DE 2026<\/div><\/div><div class=\"lets-info-up-block lets-info-up-meta-block\"><div class=\"lets-info-up-meta-title lets-info-up-pretitle font-h\"><strong>Protagonista<\/strong><\/div><div class=\"lets-info-up-meta-content lets-info-up-title font-b\">John Caravello es profesor de Filosof\u00eda en la Universidad Estatal de California Channel Islands. Fue detenido mientras se manifestaba contra un operativo del ICE y otras agencias federales estadounidenses en una plantaci\u00f3n de cannabis en California, poco despu\u00e9s de que Donald Trump asumiera la presidencia.<br><br>Caravello termin\u00f3 enfrentando una acusaci\u00f3n federal por un delito grave: la fiscal\u00eda sosten\u00eda que hab\u00eda recogido y lanzado hacia los agentes un cartucho de gas lacrim\u00f3geno durante el operativo de julio de 2025 en Camarillo, California. Casi nueve meses despu\u00e9s, en abril de 2026, un jurado federal lo declar\u00f3 inocente.<br><br>Sus colegas de la universidad destacan que Caravello <a href=\"https:\/\/www.calfac.org\/why-cfa-member-john-caravellos-story-matters-to-us\/\">logra que todos sus estudiantes se sientan bienvenidos en sus clases<\/a>. Fue parte de movimientos por un educaci\u00f3n antirracista y por la reforma financiamiento policial en Santa B\u00e1rbara y tuvo una participaci\u00f3n activa en el movimiento Black Lives Matter. Adem\u00e1s, se pronunci\u00f3 a favor de la remoci\u00f3n de estatuas que glorifican el colonialismo del espacio p\u00fablico y particip\u00f3 de un campamento de solidaridad con Palestina. <br><br>Despu\u00e9s de que la Oficina de Aduanas y Protecci\u00f3n Fronteriza (CBP) y el Servicio de Inmigraci\u00f3n y Control de Aduanas (ICE) intensificaran sus operativos contra la inmigraci\u00f3n durante el gobierno de Trump, Caravello empez\u00f3 a participar activamente de una \u201cred de respuesta r\u00e1pida\u201d creada para protestar contra esas acciones, cada vez m\u00e1s pol\u00e9micas y violentas. Decidido a proteger a sus vecinos, comenz\u00f3 a asistir a reuniones de voluntarios, a participar de patrullajes locales y a sumarse a grupos de mensajes que alertaban a los vecinos cuando ve\u00edan agentes del ICE en la zona.<br><\/div><\/div><div class=\"lets-info-up-block lets-info-up-meta-block\"><div class=\"lets-info-up-meta-title lets-info-up-pretitle font-h\"><strong>Contexto<\/strong><\/div><div class=\"lets-info-up-meta-content lets-info-up-title font-b\">El 10 de julio de 2025, el ICE allan\u00f3 dos plantaciones de cannabis operadas en California por la empresa Glass House Brands: una en Santa B\u00e1rbara y otra en Camarillo.<br><br>El operativo de madrugada en Camarillo llam\u00f3 r\u00e1pidamente la atenci\u00f3n de vecinos y manifestantes. Los videos registrados durante el d\u00eda y las llamadas al 911 que se difundieron despu\u00e9s mostraron una escena ca\u00f3tica y violenta. Los agentes federales reprimieron a los manifestantes con gases lacrim\u00f3genos y balas de goma, y se inform\u00f3 que hubo un gran n\u00famero de heridos. <a href=\"https:\/\/apnews.com\/article\/jaime-alanis-immigrant-farmworker-death-raid-c3c6f60a087f5f9f1d2b053fcef35b57\">Uno de los trabajadores de la plantaci\u00f3n muri\u00f3 despu\u00e9s de caer del techo de un edificio<\/a>. <br><br>Varios manifestantes, entre ellos Caravello, fueron detenidos y acusados penalmente por su participaci\u00f3n en las movilizaciones. Pero, como ocurri\u00f3 con muchas de las acusaciones presentadas a ra\u00edz de las protestas contra las pol\u00edticas migratorias, los cargos contra Caravello no prosperaron.<br><\/div><\/div>\t\t\t<\/div>\r\n\t\t\t<\/div>\r\n\t\t<\/div>\r\n\t\t\n<p class=\"wp-block-paragraph\">Cuando por fin logr\u00e9 sacar el cartucho de gas lacrim\u00f3geno, el aire estaba cargado de humo t\u00f3xico.<\/p>\n\n<p class=\"wp-block-paragraph\">El artefacto qu\u00edmico, que los agentes federales hab\u00edan arrojado todav\u00eda humeante. Hab\u00eda quedado atrapado debajo de la silla de ruedas de un hombre que estaba frente a una l\u00ednea de agentes armados. Me hice a un lado y alej\u00e9 el cartucho de donde estaba la gente para que nadie resultara herido.<\/p>\n\n<p class=\"wp-block-paragraph\">Mientras retroced\u00eda lentamente con las manos en alto, un agente me agarr\u00f3 por detr\u00e1s y otro me tir\u00f3 al piso. Me pusieron el brazo detr\u00e1s de la espalda: pens\u00e9 que me iba a fracturar.<\/p>\n\n<p class=\"wp-block-paragraph\">Me esposaron, me subieron a un auto y se fueron rumbo al enorme invernadero de Glass House, el<a href=\"https:\/\/www.theguardian.com\/us-news\/2026\/aug\/03\/california-ice-immigration-raid\"> s\u00edmbolo inesperado de la violencia<\/a> que pas\u00f3 a caracterizar la pol\u00edtica antimigratoria deTrump.<\/p>\n\n<p class=\"wp-block-paragraph\">Me palpitaba todo un costado del cuerpo. Estaba lleno de cortes y moretones. Ten\u00eda las mu\u00f1ecas y los tobillos hinchados. Afuera del invernadero, un param\u00e9dico me pregunt\u00f3 si quer\u00eda ir al hospital. Le dije que s\u00ed, pero un agente federal se neg\u00f3 a autorizar el traslado. <\/p>\n\n<p class=\"wp-block-paragraph\">M\u00e1s tarde ese mismo d\u00eda, me metieron en la parte trasera de un veh\u00edculo y seguimos a un convoy de autos. Los manifestantes empezaron a tirar piedras contra el veh\u00edculo y una rompi\u00f3 la ventanilla del lado del acompa\u00f1ante. Mientras ve\u00eda levantarse una nube de polvo detr\u00e1s de los autos, empec\u00e9 a disociarme. <\/p>\n\n<figure class=\"wp-block-embed aligncenter is-type-video is-provider-youtube wp-block-embed-youtube wp-embed-aspect-16-9 wp-has-aspect-ratio\"><div class=\"wp-block-embed__wrapper\">\n<iframe loading=\"lazy\" title=\"Supporters rally after CSU Channel Islands professor is acquitted in ICE assault case\" width=\"640\" height=\"360\" src=\"https:\/\/www.youtube.com\/embed\/xl3Wb1t1lf4?feature=oembed\" frameborder=\"0\" allow=\"accelerometer; autoplay; clipboard-write; encrypted-media; gyroscope; picture-in-picture; web-share\" referrerpolicy=\"strict-origin-when-cross-origin\" allowfullscreen><\/iframe>\n<\/div><\/figure>\n\n<h2 id=\"h-it-was-just-a-normal-day-until-i-went-into-rapid-response\" class=\"wp-block-heading\"><strong>Era un d\u00eda cualquiera, hasta que entr\u00e9 en el grupo de \u201crespuesta r\u00e1pida\u201d<\/strong><\/h2>\n\n<p class=\"wp-block-paragraph\">Era un jueves soleado. A la ma\u00f1ana ten\u00eda turno con el m\u00e9dico y a la tarde hab\u00eda quedado en cenar con algunos colegas. Al siguiente, ten\u00eda un vuelo para ir a Arizona a visitar a mi familia.<\/p>\n\n<p class=\"wp-block-paragraph\">Cuando sal\u00ed del consultorio del dermat\u00f3logo, mir\u00e9 el celular. Ten\u00eda una catarata de mensajes que alertaban a la comunidad sobre un operativo migratorio en el centro de cultivo de Glass House en Camarillo, a pocos minutos de la Universidad Estatal de California Channel Islands.<\/p>\n\n<p class=\"wp-block-paragraph\">Me sub\u00ed a mi sed\u00e1n gris y pas\u00e9 a buscar a un estudiante con quien ya hab\u00eda colaborado en otras iniciativas de organizaci\u00f3n comunitaria. Dimos unas vueltas por los alrededores de la universidad y despu\u00e9s encaramos hacia Glass House.<\/p>\n\n<p class=\"wp-block-paragraph\">Cuando llegamos a la plantaci\u00f3n de 160 acres, hab\u00eda apenas un pu\u00f1ado de vecinos y manifestantes reunidos en aquel camino rodeado de campos. Pero pronto empez\u00f3 a llegar m\u00e1s gente y algunos agentes comenzaron a lanzar gases lacrim\u00f3genos contra la multitud.<\/p>\n\n<p class=\"wp-block-paragraph\">Nunca antes hab\u00eda estado expuesto al gas lacrim\u00f3geno. Lo que m\u00e1s recuerdo es no poder respirar.<\/p>\n<div class=\"wp-block-image\">\n<figure class=\"alignleft size-full is-resized\"><img loading=\"lazy\" decoding=\"async\" width=\"588\" height=\"460\" src=\"https:\/\/orato.world\/wp-content\/uploads\/riot-professor-tear-gas1-e1786886572522.png\" alt=\"Una nube de lacrim&#xF3;geno durante el operativo del ICE en Glass House Farms, en Camarillo, en 2025.\" class=\"wp-image-104699\" style=\"width:501px;height:auto\" srcset=\"https:\/\/orato.world\/wp-content\/uploads\/riot-professor-tear-gas1-e1786886572522.png 588w, https:\/\/orato.world\/wp-content\/uploads\/riot-professor-tear-gas1-e1786886572522-300x235.png 300w, https:\/\/orato.world\/wp-content\/uploads\/riot-professor-tear-gas1-e1786886572522-511x400.png 511w, https:\/\/orato.world\/wp-content\/uploads\/riot-professor-tear-gas1-e1786886572522-500x391.png 500w\" sizes=\"auto, (max-width: 588px) 100vw, 588px\" \/><\/figure>\n<\/div>\n<div style=\"height:20px\" aria-hidden=\"true\" class=\"wp-block-spacer\"><\/div>\n\n<p class=\"wp-block-paragraph\">No pod\u00eda creer la forma indiscriminada con la que le tiraban gas a la gente. Empec\u00e9 a patear algunos cartuchos hacia los campos o a arrojarlos lejos. <\/p>\n\n<p class=\"wp-block-paragraph\">En un momento lanc\u00e9 un cartucho por encima de un grupo de agentes federales \u2014como demostrar\u00edan despu\u00e9s las c\u00e1maras corporales\u2014 y uno de ellos me tir\u00f3 al piso de un golpe. Retroced\u00ed mientras otros tres agentes <a href=\"https:\/\/orato.world\/es\/2023\/08\/23\/un-periodista-denuncia-el-uso-excesivo-de-la-fuerza-por-parte-de-la-policia-durante-una-protesta\/\" data-type=\"link\" data-id=\"https:\/\/orato.world\/2023\/08\/23\/purmamarcas-streets-resound-with-protest-journalist-recounts-frightening-experienc\/\">lanzaban m\u00e1s cartuchos de gas lacrim\u00f3geno hacia la gente<\/a>. Otro me se\u00f1al\u00f3 y grit\u00f3: \u00abCuando ese vuelva, se jode. Nos lo llevamos\u00bb.<\/p>\n\n<p class=\"wp-block-paragraph\">Ten\u00eda el tobillo lastimado y me palpitaba de dolor. Todo un costado del cuerpo me dol\u00eda. Pero me qued\u00e9 en el lugar, repartiendo barbijos y atendiendo a las personas heridas. Cuando ayudaba a sacar un cami\u00f3n del camino cuando vi a la fila de agentes, con las porras de madera en alto, frente a un hombre en silla de ruedas.<\/p>\n\n<p class=\"wp-block-paragraph\">Los agentes ignoraron mis pedidos de ayuda para sacar el cartucho que perd\u00eda gas de debajo de la silla. Entonces salt\u00e9 del cami\u00f3n, me acerqu\u00e9 y lo saqu\u00e9.<\/p>\n\n<h2 id=\"h-they-said-w-e-re-taking-him-and-they-did-nbsp\" class=\"wp-block-heading\">\u00abNos lo llevamos\u00bb: dicho y hecho<\/h2>\n\n<p class=\"wp-block-paragraph\">Despu\u00e9s de detenerme, me llevaron a Point Mugu, una base naval del condado de Ventura. All\u00ed me tomaron las huellas dactilares, me sacaron fotos y me interrogaron.<\/p>\n\n<p class=\"wp-block-paragraph\">Los agentes de Seguridad Nacional me dijeron que estaba detenido, pero no ten\u00edan claro de qu\u00e9 me acusaban exactamente. Me hicieron algunas preguntas y despu\u00e9s otro agente me llev\u00f3 al Centro de Detenci\u00f3n Metropolitano, en el centro de Los \u00c1ngeles.<\/p>\n\n<p class=\"wp-block-paragraph\">All\u00ed metieron mis pertenencias en bolsas de pl\u00e1stico y me hicieron cambiarme y ponerme un mameluco.<\/p>\n\n<p class=\"wp-block-paragraph\">Uno de los agentes me clav\u00f3 los dedos en el hombro y me pregunt\u00f3: \u00ab\u00bfSabes que te est\u00e1n usando, no? \u00bfCu\u00e1nto te pagaron?\u00bb. Ellos piensan que nos pagan por manifestamos contra <a href=\"https:\/\/orato.world\/es\/2024\/08\/26\/comparacion-de-plataformas-los-candidatos-harris-y-trump-hablan-de-inmigracion-pero-ofrecen-soluciones-viables\/\" data-type=\"link\" data-id=\"https:\/\/orato.world\/2024\/08\/26\/comparing-the-platforms-candidates-harris-trump-talk-immigration-but-do-they-offer-viable-solutions\/\">la ofensiva antimigratoria de Trump<\/a>. <\/p>\n\n<p class=\"wp-block-paragraph\">Me metieron en una celda con George Retes, un ciudadano estadounidense de 25 a\u00f1os, veterano de guerra y con una discapacidad, que trabajaba como guardia de seguridad en Glass House. <a href=\"https:\/\/www.sfchronicle.com\/opinion\/openforum\/article\/ice-racial-profiling-21045429.php\">Lo hab\u00edan detenido despu\u00e9s de que agentes del ICE rompieran la ventanilla de su auto <\/a>y lo rociaran con gas pimienta. Su caso fue uno de los tantos que se viralizaron despu\u00e9s del operativo.<\/p>\n\n<p class=\"wp-block-paragraph\">A George le ard\u00eda la piel por el gas lacrim\u00f3geno y el gas pimienta, as\u00ed que pas\u00f3 la noche metiendo las manos en una bolsa llena de agua.<\/p>\n\n<p class=\"wp-block-paragraph\">Despu\u00e9s de que me liberaron, <a href=\"https:\/\/johncaravello.substack.com\/p\/spirit-of-the-people?r=8a0swz&amp;utm_medium=ios&amp;utm_source=notes-share-action\">escrib\u00ed un art\u00edculo de Substack<\/a> contando lo que hab\u00eda vivido en el Centro de Detenci\u00f3n Metropolitano. Cont\u00e9 los d\u00edas que pas\u00e9 sin poder hacer una llamada telef\u00f3nica, sin acceso a un abogado y sin siquiera saber bien de qu\u00e9 me acusaban. Tambi\u00e9n cont\u00e9 la humanidad de otros detenidos, que me dieron ropa limpia y art\u00edculos de higiene despu\u00e9s de que los guardias se negaran a proporcion\u00e1rmelos. <\/p>\n\n<p class=\"wp-block-paragraph\">Cuatro d\u00edas despu\u00e9s de que me <a href=\"https:\/\/orato.world\/es\/2026\/07\/20\/dos-anos-despues-de-ser-detenido-por-hablar-de-gaza-en-facebook-un-profesor-israeli-cuenta-su-historia\/\" data-type=\"link\" data-id=\"https:\/\/orato.world\/2026\/07\/20\/israeli-teacher-after-facebook-posts-gaza-copy\/\">detuvieran<\/a>, sal\u00ed del centro con una tobillera electr\u00f3nica y un largo listado de restricciones para viajar. Afuera me esperaba una multitud que me recibi\u00f3 entre aplausos.<\/p>\n<div class=\"wp-block-image\">\n<figure class=\"aligncenter size-large is-resized\"><img loading=\"lazy\" decoding=\"async\" width=\"768\" height=\"1024\" src=\"https:\/\/orato.world\/wp-content\/uploads\/37383FC7-0381-41DA-809B-0A615E863687-768x1024.jpeg\" alt=\"John Caravello, con una remera roja del Sindicato de Profesores de California, en una manifestaci&#xF3;n.\" class=\"wp-image-104701\" style=\"aspect-ratio:0.750009056330375;width:398px;height:auto\" srcset=\"https:\/\/orato.world\/wp-content\/uploads\/37383FC7-0381-41DA-809B-0A615E863687-768x1024.jpeg 768w, https:\/\/orato.world\/wp-content\/uploads\/37383FC7-0381-41DA-809B-0A615E863687-225x300.jpeg 225w, https:\/\/orato.world\/wp-content\/uploads\/37383FC7-0381-41DA-809B-0A615E863687-770x1027.jpeg 770w, https:\/\/orato.world\/wp-content\/uploads\/37383FC7-0381-41DA-809B-0A615E863687-1152x1536.jpeg 1152w, https:\/\/orato.world\/wp-content\/uploads\/37383FC7-0381-41DA-809B-0A615E863687-300x400.jpeg 300w, https:\/\/orato.world\/wp-content\/uploads\/37383FC7-0381-41DA-809B-0A615E863687.jpeg 1536w\" sizes=\"auto, (max-width: 768px) 100vw, 768px\" \/><\/figure>\n<\/div>\n<div style=\"height:20px\" aria-hidden=\"true\" class=\"wp-block-spacer\"><\/div>\n\n<h2 id=\"h-i-rejected-their-attempts-to-get-me-to-plead-guilty\" class=\"wp-block-heading\"><strong>Rechac\u00e9 el trato que me ofrec\u00edan para declararme culpable<\/strong><\/h2>\n\n<p class=\"wp-block-paragraph\">En ese momento yo no lo sab\u00eda, pero mis amigos y mi familia no hab\u00edan podido encontrarme hasta la ma\u00f1ana del s\u00e1bado porque el Centro de Detenci\u00f3n Metropolitano no hab\u00eda actualizado el sistema. No ten\u00edan idea de d\u00f3nde estaba.<\/p>\n\n<p class=\"wp-block-paragraph\">El Grupo de Inquilinos del Condado de Ventura, del que participo, se organiz\u00f3 para encontrarme y ayud\u00f3 a difundir que no sab\u00edan d\u00f3nde estaba. Gracias a eso, algunos legisladores estatales y locales firmaron una carta para exigir mi liberaci\u00f3n. Cuando por fin dieron con mi paraderos, algunos de mis amigos y personas que se solidarizaron conmigo se reunieron frente al centro de detenci\u00f3n con carteles y consignas. <\/p>\n\n<p class=\"wp-block-paragraph\">El Grupo de Inquilinos tambi\u00e9n ayud\u00f3 a mi hermano a encontrar un abogado de confianza y arm\u00f3 una red de contenci\u00f3n que fue fundamental durante todo el juicio. El Sindicato de Profesores de California, que representa a miles de trabajadores universitarios de todo el estado, tambi\u00e9n me brind\u00f3 una ayuda enorme. <\/p>\n\n<p class=\"wp-block-paragraph\">Al principio me acusaron de un delito menor por agredir a un agente federal, supuestamente por haberle arrojado un cartucho de gas lacrim\u00f3geno, por m\u00e1s que hab\u00eda un video que demostraba que eso no hab\u00eda ocurrido. La fiscal\u00eda me ofreci\u00f3 un trato: declararme culpable del delito menor y cerrar el caso. Pero advirtieron que, si rechazaba la oferta, avanzar\u00edan con una acusaci\u00f3n por un delito grave que pod\u00eda terminar en una condena de hasta 20 a\u00f1os de prisi\u00f3n.<\/p>\n\n<p class=\"wp-block-paragraph\">No acept\u00e9.<\/p>\n\n<p class=\"wp-block-paragraph\">Un d\u00eda, despu\u00e9s de salir bajo fianza, estaba fumando un cigarrillo en el patio de mi casa cuando recib\u00ed dos mensajes de conocidos pregunt\u00e1ndome si estaba bien. No entend\u00eda nada. Entonces me enter\u00e9 de que hab\u00edan presentado una acusaci\u00f3n formal contra m\u00ed por agredir a un agente federal con un arma mortal o peligrosa, un delito grave.<\/p>\n\n<p class=\"wp-block-paragraph\">Me sent\u00ed como si estuviera bajo el agua. Me sent\u00eda lejos, dando vueltas. Sab\u00eda que era posible que me acusaran por un delito grave, pero al encontrarme ante el peor escenario posible sent\u00ed que se me terminaba el mundo.<\/p>\n\n<p class=\"wp-block-paragraph\">Segu\u00ed dando clases a tiempo completo. Mis clases y mis estudiantes fueron un refugio bienvenido mientras esperaba el juicio, que estaba previsto para abril de 2026.<\/p>\n\n<p class=\"wp-block-paragraph\">Mientras tanto, me aseguraba de que la tobillera electr\u00f3nica quedara bien visible cada vez que entraba a un aula o caminaba por el campus. Quer\u00eda que la gente viera la brutalidad de lo que estaba pasando.<\/p>\n\n<h2 id=\"h-it-didn-t-take-long-for-the-jury-to-see-the-truth\" class=\"wp-block-heading\"><strong>Al jurado no le llev\u00f3 mucho tiempo ver la verdad<\/strong><\/h2>\n\n<p class=\"wp-block-paragraph\">El juicio dur\u00f3 apenas tres d\u00edas: uno para seleccionar al jurado y dos para presentar declaraciones, pruebas y testigos y para que el jurado deliberase.<\/p>\n\n<p class=\"wp-block-paragraph\">Me sorprendi\u00f3 lo mal armados que estaban los argumentos de la fiscal\u00eda. Hice mi tesis doctoral sobre argumentaci\u00f3n: era evidente que sus argumentos ten\u00edan fallas y no resultaban convincentes. Ni siquiera pod\u00edan identificar a una v\u00edctima: hablaban, en cambio, de unos \u201cagentes federales\u201d an\u00f3nimos.<\/p>\n\n<p class=\"wp-block-paragraph\">El jurado me declar\u00f3 inocente despu\u00e9s de menos de dos horas de deliberaci\u00f3n.<\/p>\n\n<p class=\"wp-block-paragraph\">Sent\u00ed una catarata de emociones, mezclada con una profunda indignaci\u00f3n, mientras el juez confirmaba el voto del jurado uno por uno y todos respond\u00edan: \u00abinocente\u00bb.<\/p>\n<div class=\"wp-block-image\">\n<figure class=\"aligncenter size-full is-resized\"><img loading=\"lazy\" decoding=\"async\" width=\"444\" height=\"296\" src=\"https:\/\/orato.world\/wp-content\/uploads\/9D46BB24-5D35-4B0A-81AB-57D570C91667_4_5005_c.jpeg\" alt=\"\" class=\"wp-image-104702\" style=\"width:483px;height:auto\" srcset=\"https:\/\/orato.world\/wp-content\/uploads\/9D46BB24-5D35-4B0A-81AB-57D570C91667_4_5005_c.jpeg 444w, https:\/\/orato.world\/wp-content\/uploads\/9D46BB24-5D35-4B0A-81AB-57D570C91667_4_5005_c-300x200.jpeg 300w, https:\/\/orato.world\/wp-content\/uploads\/9D46BB24-5D35-4B0A-81AB-57D570C91667_4_5005_c-360x240.jpeg 360w\" sizes=\"auto, (max-width: 444px) 100vw, 444px\" \/><\/figure>\n<\/div>\n<div style=\"height:20px\" aria-hidden=\"true\" class=\"wp-block-spacer\"><\/div>\n\n<h2 id=\"h-i-felt-a-wave-of-relief-but-the-trauma-remains\" class=\"wp-block-heading\"><strong>Sent\u00ed un alivio enorme, pero el trauma sigue ah\u00ed<\/strong><\/h2>\n\n<p class=\"wp-block-paragraph\">Cuando me absolvieron, sent\u00ed que hab\u00eda ganado. Una ola enorme de alivio me pas\u00f3 por encima.<\/p>\n\n<p class=\"wp-block-paragraph\">Pero ese alivio ya no est\u00e1. No me siento libre. El trauma de todo lo que viv\u00ed, de un proceso largo y agotador en lo emocional y psicol\u00f3gico, sigue conmigo.<\/p>\n\n<p class=\"wp-block-paragraph\">Durante todo el proceso, mucha gente me dec\u00eda que bajara la cabeza y no llamara la atenci\u00f3n. Mi abogado hab\u00eda sido muy claro: cualquier cosa que dijera o hiciera antes del juicio pod\u00eda perjudicarme. As\u00ed que dej\u00e9 de participar de los patrullajes, rechac\u00e9 entrevistas y eventos p\u00fablicos y hasta me autocensur\u00e9 al contar parte de mi experiencia en mi art\u00edculo de Substack.<\/p>\n\n<p class=\"wp-block-paragraph\">Mis compa\u00f1eros y quienes me apoyaban, sin embargo, sab\u00edan cu\u00e1nto me importaba seguir militando. Me ayudaron a organizar entrevistas, discursos y manifestaciones en los meses previos al juicio. Encontramos la manera de que pudiera expresar mis convicciones sin exponerme innecesariamente ante la justicia. <\/p>\n<div class=\"wp-block-image\">\n<figure class=\"aligncenter size-full is-resized\"><img loading=\"lazy\" decoding=\"async\" width=\"444\" height=\"296\" src=\"https:\/\/orato.world\/wp-content\/uploads\/7588882F-67FD-4403-BC8D-17BFE0FF52CC_4_5005_c-1.jpeg\" alt=\"John Caravello, junto a algunas de las personas que lo acompa&#xF1;aron durante el juicio, afuera de un juzgado federal de Estados Unidos.\" class=\"wp-image-104703\" style=\"width:471px;height:auto\" srcset=\"https:\/\/orato.world\/wp-content\/uploads\/7588882F-67FD-4403-BC8D-17BFE0FF52CC_4_5005_c-1.jpeg 444w, https:\/\/orato.world\/wp-content\/uploads\/7588882F-67FD-4403-BC8D-17BFE0FF52CC_4_5005_c-1-300x200.jpeg 300w, https:\/\/orato.world\/wp-content\/uploads\/7588882F-67FD-4403-BC8D-17BFE0FF52CC_4_5005_c-1-360x240.jpeg 360w\" sizes=\"auto, (max-width: 444px) 100vw, 444px\" \/><\/figure>\n<\/div>\n<div style=\"height:20px\" aria-hidden=\"true\" class=\"wp-block-spacer\"><\/div>\n\n<p class=\"wp-block-paragraph\">Esta experiencia reforz\u00f3 mis convicciones y me mostr\u00f3 que es posible construir desde lo colectivo sin quedar expuesto a una persecuci\u00f3n judicial. Pero mentir\u00eda si dijera que lo que viv\u00ed no me sigue afectando. Desde que me detuvieron, no volv\u00ed a participar de los operativos de respuesta r\u00e1pida. <\/p>\n\n<p class=\"wp-block-paragraph\">Sigo, eso s\u00ed, yendo a las movilizaciones. Hace poco particip\u00e9 de una capacitaci\u00f3n para voluntarios de <a href=\"https:\/\/www.805undocufund.org\/\">805Undocufund<\/a>, una organizaci\u00f3n sin fines de lucro que acompa\u00f1a a comunidades migrantes. Sigo activo en el grupo de inquilinos y el sindicato de profesores.<\/p>\n\n<p class=\"wp-block-paragraph\">Queda much\u00edsimo por hacer. Y no pienso parar.<\/p>\n\n<h2 id=\"h-faqs\" class=\"wp-block-heading\">Preguntas frecuentes<\/h2>\n\n<div class=\"schema-faq wp-block-yoast-faq-block\"><div class=\"schema-faq-section\" id=\"faq-question-1786887605008\"><strong class=\"schema-faq-question\">\u00bfPor qu\u00e9 detuvieron a John Caravello durante una protesta contra el ICE?<\/strong> <p class=\"schema-faq-answer\">John Caravello fue detenido mientras se manifestaba en contra de un operativo del ICE realizado en julio de 2025 en las Glass House Farms, en Camarillo, California. Seg\u00fan su relato, los agentes lo detuvieron despu\u00e9s de que sacara un cartucho de gas lacrim\u00f3geno que hab\u00eda quedado debajo de la silla de ruedas de un hombre.<\/p> <\/div> <div class=\"schema-faq-section\" id=\"faq-question-1786887713848\"><strong class=\"schema-faq-question\">\u00bfDe qu\u00e9 acusaron a John Caravello?<\/strong> <p class=\"schema-faq-answer\">Al principio, Caravello fue acusado de un delito menos por agredir a un agente federal. Despu\u00e9s de rechazar un trato para que se declarara culpable, lo acusaron formalmente de un delito grave: agredir a un agente federal con un arma mortal o peligrosa.<\/p> <\/div> <div class=\"schema-faq-section\" id=\"faq-question-1786887725152\"><strong class=\"schema-faq-question\">\u00bfA John Caravello lo acusaron por agredir a un agente federal?<\/strong> <p class=\"schema-faq-answer\">No. En abril de 2026, el jurado lo declar\u00f3 inocente despu\u00e9s de menos de dos horas de deliberaci\u00f3n.<\/p> <\/div> <div class=\"schema-faq-section\" id=\"faq-question-1786887738188\"><strong class=\"schema-faq-question\">\u00bfQu\u00e9 ocurri\u00f3 durante el operativo de ICE en las Glass House Farms?<\/strong> <p class=\"schema-faq-answer\">El 10 de julio de 2025, el ICE realiz\u00f3 un operativo en las Glass House Farms, en Camarillo, California. Varios manifestantes y vecinos se congregaron en el lugar. durante los enfrentamientos, los agentes federales los reprimieron con gases lacrim\u00f3genos.<\/p> <\/div> <div class=\"schema-faq-section\" id=\"faq-question-1786887748332\"><strong class=\"schema-faq-question\">\u00bfQu\u00e9 hace John Caravello desde su absoluci\u00f3n?<\/strong> <p class=\"schema-faq-answer\">Caravello sigue participando de movilizaciones y participa de organizaciones de inquilinos, asociaciones docentes y espacios de apoyo a migrantes. Dice que la experiencia todav\u00eda lo afecta y que no volvi\u00f3 a participar de las redes de respuesta r\u00e1pida contra los operativos antimigratorios.<\/p> <\/div> <\/div>\n\n<p class=\"wp-block-paragraph\"><\/p>\n","protected":false},"excerpt":{"rendered":"<p>Cuando ICE fue por mis vecinos, no dud\u00e9 en sumarme a las protestas. Termin\u00e9 detenido y acusado de agredir a un agente federal, un delito grave. Logr\u00e9 demostrar que las acusaciones no ten\u00edan sustento, pero m\u00e1s de un a\u00f1o despu\u00e9s sigo cargando con el trauma de lo que pas\u00f3. <\/p>\n","protected":false},"author":239,"featured_media":104715,"comment_status":"open","ping_status":"open","sticky":false,"template":"","format":"standard","meta":{"_acf_changed":false,"_uag_custom_page_level_css":"","_lmt_disableupdate":"","_lmt_disable":"","footnotes":"","_members_access_role":[],"_members_access_error":""},"categories":[10181,10092,299],"tags":[8519,10273,10274,10277,10276,10278,10275,9229,10272,10268,10271,10270,10269],"class_list":["post-105623","post","type-post","status-publish","format-standard","has-post-thumbnail","hentry","category-activismo","category-derechos-humanos","category-inmigracion","tag-california-es","tag-camarillo","tag-cargos-a-nivel-federal","tag-centro-de-detencion-metropolitano","tag-condado-de-ventura","tag-derechos-civiles-2","tag-detencion-de-manifestantes","tag-donald-trump-es","tag-glass-house-farms","tag-ice","tag-john-caravello","tag-manifestacion-a-favor-de-los-migrantes","tag-redadas-contra-los-migrantes"],"acf":[],"yoast_head":"<!-- This site is optimized with the Yoast SEO Premium plugin v28.3 (Yoast SEO v28.3) - https:\/\/yoast.com\/product\/yoast-seo-premium-wordpress\/ -->\n<title>Lo detuvieron durante una protesta contra ICE en California, pero logr\u00f3 demostrar su inocencia<\/title>\n<meta name=\"description\" content=\"Este a\u00f1o, John Caravello fue absuelto por la justicia penal estadounidense tras haber sido acusado de agredir a un agente federal durante una protesta contra un operativo del ICE en una plantaci\u00f3n de cannabis de California en julio de 2025.\" \/>\n<meta name=\"robots\" content=\"index, follow, max-snippet:-1, max-image-preview:large, max-video-preview:-1\" \/>\n<link rel=\"canonical\" href=\"https:\/\/orato.world\/es\/2026\/08\/17\/me-detuvieron-en-una-protesta-contra-el-ice-me-absolvieron-y-sigo-dando-pelea\/\" \/>\n<meta property=\"og:locale\" content=\"es_ES\" \/>\n<meta property=\"og:type\" content=\"article\" \/>\n<meta property=\"og:title\" content=\"Me detuvieron en una protesta contra el ICE: me absolvieron y sigo dando pelea\" \/>\n<meta property=\"og:description\" content=\"Cuando ICE fue por mis vecinos, no dud\u00e9 en sumarme a las protestas. Termin\u00e9 detenido y acusado de agredir a un agente federal, un delito grave. Logr\u00e9 demostrar que las acusaciones no ten\u00edan sustento, pero m\u00e1s de un a\u00f1o despu\u00e9s sigo cargando con el trauma de lo que pas\u00f3.\" \/>\n<meta property=\"og:url\" content=\"https:\/\/orato.world\/es\/2026\/08\/17\/me-detuvieron-en-una-protesta-contra-el-ice-me-absolvieron-y-sigo-dando-pelea\/\" \/>\n<meta property=\"og:site_name\" content=\"Orato\" \/>\n<meta property=\"article:publisher\" content=\"https:\/\/www.facebook.com\/OratoWorld\/\" \/>\n<meta property=\"article:published_time\" content=\"2026-08-17T09:00:00+00:00\" \/>\n<meta property=\"article:modified_time\" content=\"2026-09-02T12:44:03+00:00\" \/>\n<meta property=\"og:image\" content=\"https:\/\/orato.world\/wp-content\/uploads\/Noor-Gaza-Refugee-Camp-3.png\" \/>\n\t<meta property=\"og:image:width\" content=\"1366\" \/>\n\t<meta property=\"og:image:height\" content=\"768\" \/>\n\t<meta property=\"og:image:type\" content=\"image\/png\" \/>\n<meta name=\"author\" content=\"Zimo Li\" \/>\n<meta name=\"twitter:card\" content=\"summary_large_image\" \/>\n<meta name=\"twitter:creator\" content=\"@oratoworld\" \/>\n<meta name=\"twitter:site\" content=\"@oratoworld\" \/>\n<meta name=\"twitter:label1\" content=\"Escrito por\" \/>\n\t<meta name=\"twitter:data1\" content=\"Zimo Li\" \/>\n\t<meta name=\"twitter:label2\" content=\"Tiempo de lectura\" \/>\n\t<meta name=\"twitter:data2\" content=\"10 minutos\" \/>\n<script type=\"application\/ld+json\" class=\"yoast-schema-graph\">{\"@context\":\"https:\\\/\\\/schema.org\",\"@graph\":[{\"@type\":\"NewsArticle\",\"@id\":\"https:\\\/\\\/orato.world\\\/es\\\/2026\\\/08\\\/17\\\/me-detuvieron-en-una-protesta-contra-el-ice-me-absolvieron-y-sigo-dando-pelea\\\/#article\",\"isPartOf\":{\"@id\":\"https:\\\/\\\/orato.world\\\/es\\\/2026\\\/08\\\/17\\\/me-detuvieron-en-una-protesta-contra-el-ice-me-absolvieron-y-sigo-dando-pelea\\\/\"},\"author\":{\"name\":\"Zimo Li\",\"@id\":\"https:\\\/\\\/orato.world\\\/es\\\/#\\\/schema\\\/person\\\/1876502632f726a92d4d13b4ad10bc1e\"},\"headline\":\"Me detuvieron en una protesta contra el ICE: me absolvieron y sigo dando pelea\",\"datePublished\":\"2026-08-17T09:00:00+00:00\",\"dateModified\":\"2026-09-02T12:44:03+00:00\",\"mainEntityOfPage\":{\"@id\":\"https:\\\/\\\/orato.world\\\/es\\\/2026\\\/08\\\/17\\\/me-detuvieron-en-una-protesta-contra-el-ice-me-absolvieron-y-sigo-dando-pelea\\\/\"},\"wordCount\":2113,\"commentCount\":0,\"publisher\":{\"@id\":\"https:\\\/\\\/orato.world\\\/es\\\/#organization\"},\"image\":{\"@id\":\"https:\\\/\\\/orato.world\\\/es\\\/2026\\\/08\\\/17\\\/me-detuvieron-en-una-protesta-contra-el-ice-me-absolvieron-y-sigo-dando-pelea\\\/#primaryimage\"},\"thumbnailUrl\":\"https:\\\/\\\/orato.world\\\/wp-content\\\/uploads\\\/Noor-Gaza-Refugee-Camp-3.png\",\"keywords\":[\"California\",\"Camarillo\",\"cargos a nivel federal\",\"Centro de Detenci\u00f3n Metropolitano\",\"Condado de Ventura\",\"Derechos civiles\",\"Detenci\u00f3n de manifestantes\",\"Donald Trump\",\"Glass House Farms\",\"ICE\",\"John Caravello\",\"manifestaci\u00f3n a favor de los migrantes\",\"redadas contra los migrantes\"],\"articleSection\":[\"Activismo\",\"Derechos humanos\",\"Inmigraci\u00f3n\"],\"inLanguage\":\"es\",\"potentialAction\":[{\"@type\":\"CommentAction\",\"name\":\"Comment\",\"target\":[\"https:\\\/\\\/orato.world\\\/es\\\/2026\\\/08\\\/17\\\/me-detuvieron-en-una-protesta-contra-el-ice-me-absolvieron-y-sigo-dando-pelea\\\/#respond\"]}]},{\"@type\":[\"WebPage\",\"FAQPage\"],\"@id\":\"https:\\\/\\\/orato.world\\\/es\\\/2026\\\/08\\\/17\\\/me-detuvieron-en-una-protesta-contra-el-ice-me-absolvieron-y-sigo-dando-pelea\\\/\",\"url\":\"https:\\\/\\\/orato.world\\\/es\\\/2026\\\/08\\\/17\\\/me-detuvieron-en-una-protesta-contra-el-ice-me-absolvieron-y-sigo-dando-pelea\\\/\",\"name\":\"Lo detuvieron durante una protesta contra ICE en California, pero logr\u00f3 demostrar su inocencia\",\"isPartOf\":{\"@id\":\"https:\\\/\\\/orato.world\\\/es\\\/#website\"},\"primaryImageOfPage\":{\"@id\":\"https:\\\/\\\/orato.world\\\/es\\\/2026\\\/08\\\/17\\\/me-detuvieron-en-una-protesta-contra-el-ice-me-absolvieron-y-sigo-dando-pelea\\\/#primaryimage\"},\"image\":{\"@id\":\"https:\\\/\\\/orato.world\\\/es\\\/2026\\\/08\\\/17\\\/me-detuvieron-en-una-protesta-contra-el-ice-me-absolvieron-y-sigo-dando-pelea\\\/#primaryimage\"},\"thumbnailUrl\":\"https:\\\/\\\/orato.world\\\/wp-content\\\/uploads\\\/Noor-Gaza-Refugee-Camp-3.png\",\"datePublished\":\"2026-08-17T09:00:00+00:00\",\"dateModified\":\"2026-09-02T12:44:03+00:00\",\"description\":\"Este a\u00f1o, John Caravello fue absuelto por la justicia penal estadounidense tras haber sido acusado de agredir a un agente federal durante una protesta contra un operativo del ICE en una plantaci\u00f3n de cannabis de California en julio de 2025.\",\"breadcrumb\":{\"@id\":\"https:\\\/\\\/orato.world\\\/es\\\/2026\\\/08\\\/17\\\/me-detuvieron-en-una-protesta-contra-el-ice-me-absolvieron-y-sigo-dando-pelea\\\/#breadcrumb\"},\"mainEntity\":[{\"@id\":\"https:\\\/\\\/orato.world\\\/es\\\/2026\\\/08\\\/17\\\/me-detuvieron-en-una-protesta-contra-el-ice-me-absolvieron-y-sigo-dando-pelea\\\/#faq-question-1786887605008\"},{\"@id\":\"https:\\\/\\\/orato.world\\\/es\\\/2026\\\/08\\\/17\\\/me-detuvieron-en-una-protesta-contra-el-ice-me-absolvieron-y-sigo-dando-pelea\\\/#faq-question-1786887713848\"},{\"@id\":\"https:\\\/\\\/orato.world\\\/es\\\/2026\\\/08\\\/17\\\/me-detuvieron-en-una-protesta-contra-el-ice-me-absolvieron-y-sigo-dando-pelea\\\/#faq-question-1786887725152\"},{\"@id\":\"https:\\\/\\\/orato.world\\\/es\\\/2026\\\/08\\\/17\\\/me-detuvieron-en-una-protesta-contra-el-ice-me-absolvieron-y-sigo-dando-pelea\\\/#faq-question-1786887738188\"},{\"@id\":\"https:\\\/\\\/orato.world\\\/es\\\/2026\\\/08\\\/17\\\/me-detuvieron-en-una-protesta-contra-el-ice-me-absolvieron-y-sigo-dando-pelea\\\/#faq-question-1786887748332\"}],\"inLanguage\":\"es\",\"potentialAction\":[{\"@type\":\"ReadAction\",\"target\":[\"https:\\\/\\\/orato.world\\\/es\\\/2026\\\/08\\\/17\\\/me-detuvieron-en-una-protesta-contra-el-ice-me-absolvieron-y-sigo-dando-pelea\\\/\"]}]},{\"@type\":\"ImageObject\",\"inLanguage\":\"es\",\"@id\":\"https:\\\/\\\/orato.world\\\/es\\\/2026\\\/08\\\/17\\\/me-detuvieron-en-una-protesta-contra-el-ice-me-absolvieron-y-sigo-dando-pelea\\\/#primaryimage\",\"url\":\"https:\\\/\\\/orato.world\\\/wp-content\\\/uploads\\\/Noor-Gaza-Refugee-Camp-3.png\",\"contentUrl\":\"https:\\\/\\\/orato.world\\\/wp-content\\\/uploads\\\/Noor-Gaza-Refugee-Camp-3.png\",\"width\":1366,\"height\":768,\"caption\":\"John Caravello, afuera de un juzgado federal de Estados Unidos, tras el juicio.\"},{\"@type\":\"BreadcrumbList\",\"@id\":\"https:\\\/\\\/orato.world\\\/es\\\/2026\\\/08\\\/17\\\/me-detuvieron-en-una-protesta-contra-el-ice-me-absolvieron-y-sigo-dando-pelea\\\/#breadcrumb\",\"itemListElement\":[{\"@type\":\"ListItem\",\"position\":1,\"name\":\"Home\",\"item\":\"https:\\\/\\\/orato.world\\\/es\\\/\"},{\"@type\":\"ListItem\",\"position\":2,\"name\":\"Me detuvieron en una protesta contra el ICE: me absolvieron y sigo dando pelea\"}]},{\"@type\":\"WebSite\",\"@id\":\"https:\\\/\\\/orato.world\\\/es\\\/#website\",\"url\":\"https:\\\/\\\/orato.world\\\/es\\\/\",\"name\":\"Orato\",\"description\":\"True Stories. Real People\",\"publisher\":{\"@id\":\"https:\\\/\\\/orato.world\\\/es\\\/#organization\"},\"potentialAction\":[{\"@type\":\"SearchAction\",\"target\":{\"@type\":\"EntryPoint\",\"urlTemplate\":\"https:\\\/\\\/orato.world\\\/es\\\/?s={search_term_string}\"},\"query-input\":{\"@type\":\"PropertyValueSpecification\",\"valueRequired\":true,\"valueName\":\"search_term_string\"}}],\"inLanguage\":\"es\"},{\"@type\":\"Organization\",\"@id\":\"https:\\\/\\\/orato.world\\\/es\\\/#organization\",\"name\":\"Orato World Media Inc.\",\"url\":\"https:\\\/\\\/orato.world\\\/es\\\/\",\"logo\":{\"@type\":\"ImageObject\",\"inLanguage\":\"es\",\"@id\":\"https:\\\/\\\/orato.world\\\/es\\\/#\\\/schema\\\/logo\\\/image\\\/\",\"url\":\"https:\\\/\\\/orato.world\\\/wp-content\\\/uploads\\\/2020\\\/07\\\/orato-logo-transparent.png\",\"contentUrl\":\"https:\\\/\\\/orato.world\\\/wp-content\\\/uploads\\\/2020\\\/07\\\/orato-logo-transparent.png\",\"width\":78,\"height\":73,\"caption\":\"Orato World Media Inc.\"},\"image\":{\"@id\":\"https:\\\/\\\/orato.world\\\/es\\\/#\\\/schema\\\/logo\\\/image\\\/\"},\"sameAs\":[\"https:\\\/\\\/www.facebook.com\\\/OratoWorld\\\/\",\"https:\\\/\\\/x.com\\\/oratoworld\",\"https:\\\/\\\/www.instagram.com\\\/oratoworld\",\"https:\\\/\\\/www.linkedin.com\\\/company\\\/42308818\\\/\"],\"publishingPrinciples\":\"https:\\\/\\\/orato.world\\\/a-note-from-our-publisher-sam-yehia\\\/\",\"ownershipFundingInfo\":\"https:\\\/\\\/orato.world\\\/a-note-from-our-publisher-sam-yehia\\\/\"},{\"@type\":\"Person\",\"@id\":\"https:\\\/\\\/orato.world\\\/es\\\/#\\\/schema\\\/person\\\/1876502632f726a92d4d13b4ad10bc1e\",\"name\":\"Zimo Li\",\"image\":{\"@type\":\"ImageObject\",\"inLanguage\":\"es\",\"@id\":\"https:\\\/\\\/orato.world\\\/wp-content\\\/uploads\\\/IMG_8507_Original-scaled-e1786880944662-96x96.jpg\",\"url\":\"https:\\\/\\\/orato.world\\\/wp-content\\\/uploads\\\/IMG_8507_Original-scaled-e1786880944662-96x96.jpg\",\"contentUrl\":\"https:\\\/\\\/orato.world\\\/wp-content\\\/uploads\\\/IMG_8507_Original-scaled-e1786880944662-96x96.jpg\",\"caption\":\"Zimo Li\"},\"description\":\"Zimo Li is a reporter and photographer passionate about telling human-centered stories. She graduated with a degree in history from the University of California, Los Angeles (UCLA), and is interested in the impact of law and policy on communities. Zimo received an Associated Collegiate Press first place award in the category Photo Slideshow of the Year for her work documenting the Palestine Solidarity Encampment at UCLA.\",\"url\":\"https:\\\/\\\/orato.world\\\/es\\\/author\\\/zimo-li\\\/\"},{\"@type\":\"Question\",\"@id\":\"https:\\\/\\\/orato.world\\\/es\\\/2026\\\/08\\\/17\\\/me-detuvieron-en-una-protesta-contra-el-ice-me-absolvieron-y-sigo-dando-pelea\\\/#faq-question-1786887605008\",\"position\":1,\"url\":\"https:\\\/\\\/orato.world\\\/es\\\/2026\\\/08\\\/17\\\/me-detuvieron-en-una-protesta-contra-el-ice-me-absolvieron-y-sigo-dando-pelea\\\/#faq-question-1786887605008\",\"name\":\"\u00bfPor qu\u00e9 detuvieron a John Caravello durante una protesta contra el ICE?\",\"answerCount\":1,\"acceptedAnswer\":{\"@type\":\"Answer\",\"text\":\"John Caravello fue detenido mientras se manifestaba en contra de un operativo del ICE realizado en julio de 2025 en las Glass House Farms, en Camarillo, California. Seg\u00fan su relato, los agentes lo detuvieron despu\u00e9s de que sacara un cartucho de gas lacrim\u00f3geno que hab\u00eda quedado debajo de la silla de ruedas de un hombre.\",\"inLanguage\":\"es\"},\"inLanguage\":\"es\"},{\"@type\":\"Question\",\"@id\":\"https:\\\/\\\/orato.world\\\/es\\\/2026\\\/08\\\/17\\\/me-detuvieron-en-una-protesta-contra-el-ice-me-absolvieron-y-sigo-dando-pelea\\\/#faq-question-1786887713848\",\"position\":2,\"url\":\"https:\\\/\\\/orato.world\\\/es\\\/2026\\\/08\\\/17\\\/me-detuvieron-en-una-protesta-contra-el-ice-me-absolvieron-y-sigo-dando-pelea\\\/#faq-question-1786887713848\",\"name\":\"\u00bfDe qu\u00e9 acusaron a John Caravello?\",\"answerCount\":1,\"acceptedAnswer\":{\"@type\":\"Answer\",\"text\":\"Al principio, Caravello fue acusado de un delito menos por agredir a un agente federal. Despu\u00e9s de rechazar un trato para que se declarara culpable, lo acusaron formalmente de un delito grave: agredir a un agente federal con un arma mortal o peligrosa.\",\"inLanguage\":\"es\"},\"inLanguage\":\"es\"},{\"@type\":\"Question\",\"@id\":\"https:\\\/\\\/orato.world\\\/es\\\/2026\\\/08\\\/17\\\/me-detuvieron-en-una-protesta-contra-el-ice-me-absolvieron-y-sigo-dando-pelea\\\/#faq-question-1786887725152\",\"position\":3,\"url\":\"https:\\\/\\\/orato.world\\\/es\\\/2026\\\/08\\\/17\\\/me-detuvieron-en-una-protesta-contra-el-ice-me-absolvieron-y-sigo-dando-pelea\\\/#faq-question-1786887725152\",\"name\":\"\u00bfA John Caravello lo acusaron por agredir a un agente federal?\",\"answerCount\":1,\"acceptedAnswer\":{\"@type\":\"Answer\",\"text\":\"No. En abril de 2026, el jurado lo declar\u00f3 inocente despu\u00e9s de menos de dos horas de deliberaci\u00f3n.\",\"inLanguage\":\"es\"},\"inLanguage\":\"es\"},{\"@type\":\"Question\",\"@id\":\"https:\\\/\\\/orato.world\\\/es\\\/2026\\\/08\\\/17\\\/me-detuvieron-en-una-protesta-contra-el-ice-me-absolvieron-y-sigo-dando-pelea\\\/#faq-question-1786887738188\",\"position\":4,\"url\":\"https:\\\/\\\/orato.world\\\/es\\\/2026\\\/08\\\/17\\\/me-detuvieron-en-una-protesta-contra-el-ice-me-absolvieron-y-sigo-dando-pelea\\\/#faq-question-1786887738188\",\"name\":\"\u00bfQu\u00e9 ocurri\u00f3 durante el operativo de ICE en las Glass House Farms?\",\"answerCount\":1,\"acceptedAnswer\":{\"@type\":\"Answer\",\"text\":\"El 10 de julio de 2025, el ICE realiz\u00f3 un operativo en las Glass House Farms, en Camarillo, California. Varios manifestantes y vecinos se congregaron en el lugar. durante los enfrentamientos, los agentes federales los reprimieron con gases lacrim\u00f3genos.\",\"inLanguage\":\"es\"},\"inLanguage\":\"es\"},{\"@type\":\"Question\",\"@id\":\"https:\\\/\\\/orato.world\\\/es\\\/2026\\\/08\\\/17\\\/me-detuvieron-en-una-protesta-contra-el-ice-me-absolvieron-y-sigo-dando-pelea\\\/#faq-question-1786887748332\",\"position\":5,\"url\":\"https:\\\/\\\/orato.world\\\/es\\\/2026\\\/08\\\/17\\\/me-detuvieron-en-una-protesta-contra-el-ice-me-absolvieron-y-sigo-dando-pelea\\\/#faq-question-1786887748332\",\"name\":\"\u00bfQu\u00e9 hace John Caravello desde su absoluci\u00f3n?\",\"answerCount\":1,\"acceptedAnswer\":{\"@type\":\"Answer\",\"text\":\"Caravello sigue participando de movilizaciones y participa de organizaciones de inquilinos, asociaciones docentes y espacios de apoyo a migrantes. Dice que la experiencia todav\u00eda lo afecta y que no volvi\u00f3 a participar de las redes de respuesta r\u00e1pida contra los operativos antimigratorios.\",\"inLanguage\":\"es\"},\"inLanguage\":\"es\"}]}<\/script>\n<!-- \/ Yoast SEO Premium plugin. -->","yoast_head_json":{"title":"Lo detuvieron durante una protesta contra ICE en California, pero logr\u00f3 demostrar su inocencia","description":"Este a\u00f1o, John Caravello fue absuelto por la justicia penal estadounidense tras haber sido acusado de agredir a un agente federal durante una protesta contra un operativo del ICE en una plantaci\u00f3n de cannabis de California en julio de 2025.","robots":{"index":"index","follow":"follow","max-snippet":"max-snippet:-1","max-image-preview":"max-image-preview:large","max-video-preview":"max-video-preview:-1"},"canonical":"https:\/\/orato.world\/es\/2026\/08\/17\/me-detuvieron-en-una-protesta-contra-el-ice-me-absolvieron-y-sigo-dando-pelea\/","og_locale":"es_ES","og_type":"article","og_title":"Me detuvieron en una protesta contra el ICE: me absolvieron y sigo dando pelea","og_description":"Cuando ICE fue por mis vecinos, no dud\u00e9 en sumarme a las protestas. Termin\u00e9 detenido y acusado de agredir a un agente federal, un delito grave. Logr\u00e9 demostrar que las acusaciones no ten\u00edan sustento, pero m\u00e1s de un a\u00f1o despu\u00e9s sigo cargando con el trauma de lo que pas\u00f3.","og_url":"https:\/\/orato.world\/es\/2026\/08\/17\/me-detuvieron-en-una-protesta-contra-el-ice-me-absolvieron-y-sigo-dando-pelea\/","og_site_name":"Orato","article_publisher":"https:\/\/www.facebook.com\/OratoWorld\/","article_published_time":"2026-08-17T09:00:00+00:00","article_modified_time":"2026-09-02T12:44:03+00:00","og_image":[{"width":1366,"height":768,"url":"https:\/\/orato.world\/wp-content\/uploads\/Noor-Gaza-Refugee-Camp-3.png","type":"image\/png"}],"author":"Zimo Li","twitter_card":"summary_large_image","twitter_creator":"@oratoworld","twitter_site":"@oratoworld","twitter_misc":{"Escrito por":"Zimo Li","Tiempo de lectura":"10 minutos"},"schema":{"@context":"https:\/\/schema.org","@graph":[{"@type":"NewsArticle","@id":"https:\/\/orato.world\/es\/2026\/08\/17\/me-detuvieron-en-una-protesta-contra-el-ice-me-absolvieron-y-sigo-dando-pelea\/#article","isPartOf":{"@id":"https:\/\/orato.world\/es\/2026\/08\/17\/me-detuvieron-en-una-protesta-contra-el-ice-me-absolvieron-y-sigo-dando-pelea\/"},"author":{"name":"Zimo Li","@id":"https:\/\/orato.world\/es\/#\/schema\/person\/1876502632f726a92d4d13b4ad10bc1e"},"headline":"Me detuvieron en una protesta contra el ICE: me absolvieron y sigo dando pelea","datePublished":"2026-08-17T09:00:00+00:00","dateModified":"2026-09-02T12:44:03+00:00","mainEntityOfPage":{"@id":"https:\/\/orato.world\/es\/2026\/08\/17\/me-detuvieron-en-una-protesta-contra-el-ice-me-absolvieron-y-sigo-dando-pelea\/"},"wordCount":2113,"commentCount":0,"publisher":{"@id":"https:\/\/orato.world\/es\/#organization"},"image":{"@id":"https:\/\/orato.world\/es\/2026\/08\/17\/me-detuvieron-en-una-protesta-contra-el-ice-me-absolvieron-y-sigo-dando-pelea\/#primaryimage"},"thumbnailUrl":"https:\/\/orato.world\/wp-content\/uploads\/Noor-Gaza-Refugee-Camp-3.png","keywords":["California","Camarillo","cargos a nivel federal","Centro de Detenci\u00f3n Metropolitano","Condado de Ventura","Derechos civiles","Detenci\u00f3n de manifestantes","Donald Trump","Glass House Farms","ICE","John Caravello","manifestaci\u00f3n a favor de los migrantes","redadas contra los migrantes"],"articleSection":["Activismo","Derechos humanos","Inmigraci\u00f3n"],"inLanguage":"es","potentialAction":[{"@type":"CommentAction","name":"Comment","target":["https:\/\/orato.world\/es\/2026\/08\/17\/me-detuvieron-en-una-protesta-contra-el-ice-me-absolvieron-y-sigo-dando-pelea\/#respond"]}]},{"@type":["WebPage","FAQPage"],"@id":"https:\/\/orato.world\/es\/2026\/08\/17\/me-detuvieron-en-una-protesta-contra-el-ice-me-absolvieron-y-sigo-dando-pelea\/","url":"https:\/\/orato.world\/es\/2026\/08\/17\/me-detuvieron-en-una-protesta-contra-el-ice-me-absolvieron-y-sigo-dando-pelea\/","name":"Lo detuvieron durante una protesta contra ICE en California, pero logr\u00f3 demostrar su inocencia","isPartOf":{"@id":"https:\/\/orato.world\/es\/#website"},"primaryImageOfPage":{"@id":"https:\/\/orato.world\/es\/2026\/08\/17\/me-detuvieron-en-una-protesta-contra-el-ice-me-absolvieron-y-sigo-dando-pelea\/#primaryimage"},"image":{"@id":"https:\/\/orato.world\/es\/2026\/08\/17\/me-detuvieron-en-una-protesta-contra-el-ice-me-absolvieron-y-sigo-dando-pelea\/#primaryimage"},"thumbnailUrl":"https:\/\/orato.world\/wp-content\/uploads\/Noor-Gaza-Refugee-Camp-3.png","datePublished":"2026-08-17T09:00:00+00:00","dateModified":"2026-09-02T12:44:03+00:00","description":"Este a\u00f1o, John Caravello fue absuelto por la justicia penal estadounidense tras haber sido acusado de agredir a un agente federal durante una protesta contra un operativo del ICE en una plantaci\u00f3n de cannabis de California en julio de 2025.","breadcrumb":{"@id":"https:\/\/orato.world\/es\/2026\/08\/17\/me-detuvieron-en-una-protesta-contra-el-ice-me-absolvieron-y-sigo-dando-pelea\/#breadcrumb"},"mainEntity":[{"@id":"https:\/\/orato.world\/es\/2026\/08\/17\/me-detuvieron-en-una-protesta-contra-el-ice-me-absolvieron-y-sigo-dando-pelea\/#faq-question-1786887605008"},{"@id":"https:\/\/orato.world\/es\/2026\/08\/17\/me-detuvieron-en-una-protesta-contra-el-ice-me-absolvieron-y-sigo-dando-pelea\/#faq-question-1786887713848"},{"@id":"https:\/\/orato.world\/es\/2026\/08\/17\/me-detuvieron-en-una-protesta-contra-el-ice-me-absolvieron-y-sigo-dando-pelea\/#faq-question-1786887725152"},{"@id":"https:\/\/orato.world\/es\/2026\/08\/17\/me-detuvieron-en-una-protesta-contra-el-ice-me-absolvieron-y-sigo-dando-pelea\/#faq-question-1786887738188"},{"@id":"https:\/\/orato.world\/es\/2026\/08\/17\/me-detuvieron-en-una-protesta-contra-el-ice-me-absolvieron-y-sigo-dando-pelea\/#faq-question-1786887748332"}],"inLanguage":"es","potentialAction":[{"@type":"ReadAction","target":["https:\/\/orato.world\/es\/2026\/08\/17\/me-detuvieron-en-una-protesta-contra-el-ice-me-absolvieron-y-sigo-dando-pelea\/"]}]},{"@type":"ImageObject","inLanguage":"es","@id":"https:\/\/orato.world\/es\/2026\/08\/17\/me-detuvieron-en-una-protesta-contra-el-ice-me-absolvieron-y-sigo-dando-pelea\/#primaryimage","url":"https:\/\/orato.world\/wp-content\/uploads\/Noor-Gaza-Refugee-Camp-3.png","contentUrl":"https:\/\/orato.world\/wp-content\/uploads\/Noor-Gaza-Refugee-Camp-3.png","width":1366,"height":768,"caption":"John Caravello, afuera de un juzgado federal de Estados Unidos, tras el juicio."},{"@type":"BreadcrumbList","@id":"https:\/\/orato.world\/es\/2026\/08\/17\/me-detuvieron-en-una-protesta-contra-el-ice-me-absolvieron-y-sigo-dando-pelea\/#breadcrumb","itemListElement":[{"@type":"ListItem","position":1,"name":"Home","item":"https:\/\/orato.world\/es\/"},{"@type":"ListItem","position":2,"name":"Me detuvieron en una protesta contra el ICE: me absolvieron y sigo dando pelea"}]},{"@type":"WebSite","@id":"https:\/\/orato.world\/es\/#website","url":"https:\/\/orato.world\/es\/","name":"Orato","description":"True Stories. Real People","publisher":{"@id":"https:\/\/orato.world\/es\/#organization"},"potentialAction":[{"@type":"SearchAction","target":{"@type":"EntryPoint","urlTemplate":"https:\/\/orato.world\/es\/?s={search_term_string}"},"query-input":{"@type":"PropertyValueSpecification","valueRequired":true,"valueName":"search_term_string"}}],"inLanguage":"es"},{"@type":"Organization","@id":"https:\/\/orato.world\/es\/#organization","name":"Orato World Media Inc.","url":"https:\/\/orato.world\/es\/","logo":{"@type":"ImageObject","inLanguage":"es","@id":"https:\/\/orato.world\/es\/#\/schema\/logo\/image\/","url":"https:\/\/orato.world\/wp-content\/uploads\/2020\/07\/orato-logo-transparent.png","contentUrl":"https:\/\/orato.world\/wp-content\/uploads\/2020\/07\/orato-logo-transparent.png","width":78,"height":73,"caption":"Orato World Media Inc."},"image":{"@id":"https:\/\/orato.world\/es\/#\/schema\/logo\/image\/"},"sameAs":["https:\/\/www.facebook.com\/OratoWorld\/","https:\/\/x.com\/oratoworld","https:\/\/www.instagram.com\/oratoworld","https:\/\/www.linkedin.com\/company\/42308818\/"],"publishingPrinciples":"https:\/\/orato.world\/a-note-from-our-publisher-sam-yehia\/","ownershipFundingInfo":"https:\/\/orato.world\/a-note-from-our-publisher-sam-yehia\/"},{"@type":"Person","@id":"https:\/\/orato.world\/es\/#\/schema\/person\/1876502632f726a92d4d13b4ad10bc1e","name":"Zimo Li","image":{"@type":"ImageObject","inLanguage":"es","@id":"https:\/\/orato.world\/wp-content\/uploads\/IMG_8507_Original-scaled-e1786880944662-96x96.jpg","url":"https:\/\/orato.world\/wp-content\/uploads\/IMG_8507_Original-scaled-e1786880944662-96x96.jpg","contentUrl":"https:\/\/orato.world\/wp-content\/uploads\/IMG_8507_Original-scaled-e1786880944662-96x96.jpg","caption":"Zimo Li"},"description":"Zimo Li is a reporter and photographer passionate about telling human-centered stories. She graduated with a degree in history from the University of California, Los Angeles (UCLA), and is interested in the impact of law and policy on communities. Zimo received an Associated Collegiate Press first place award in the category Photo Slideshow of the Year for her work documenting the Palestine Solidarity Encampment at UCLA.","url":"https:\/\/orato.world\/es\/author\/zimo-li\/"},{"@type":"Question","@id":"https:\/\/orato.world\/es\/2026\/08\/17\/me-detuvieron-en-una-protesta-contra-el-ice-me-absolvieron-y-sigo-dando-pelea\/#faq-question-1786887605008","position":1,"url":"https:\/\/orato.world\/es\/2026\/08\/17\/me-detuvieron-en-una-protesta-contra-el-ice-me-absolvieron-y-sigo-dando-pelea\/#faq-question-1786887605008","name":"\u00bfPor qu\u00e9 detuvieron a John Caravello durante una protesta contra el ICE?","answerCount":1,"acceptedAnswer":{"@type":"Answer","text":"John Caravello fue detenido mientras se manifestaba en contra de un operativo del ICE realizado en julio de 2025 en las Glass House Farms, en Camarillo, California. Seg\u00fan su relato, los agentes lo detuvieron despu\u00e9s de que sacara un cartucho de gas lacrim\u00f3geno que hab\u00eda quedado debajo de la silla de ruedas de un hombre.","inLanguage":"es"},"inLanguage":"es"},{"@type":"Question","@id":"https:\/\/orato.world\/es\/2026\/08\/17\/me-detuvieron-en-una-protesta-contra-el-ice-me-absolvieron-y-sigo-dando-pelea\/#faq-question-1786887713848","position":2,"url":"https:\/\/orato.world\/es\/2026\/08\/17\/me-detuvieron-en-una-protesta-contra-el-ice-me-absolvieron-y-sigo-dando-pelea\/#faq-question-1786887713848","name":"\u00bfDe qu\u00e9 acusaron a John Caravello?","answerCount":1,"acceptedAnswer":{"@type":"Answer","text":"Al principio, Caravello fue acusado de un delito menos por agredir a un agente federal. Despu\u00e9s de rechazar un trato para que se declarara culpable, lo acusaron formalmente de un delito grave: agredir a un agente federal con un arma mortal o peligrosa.","inLanguage":"es"},"inLanguage":"es"},{"@type":"Question","@id":"https:\/\/orato.world\/es\/2026\/08\/17\/me-detuvieron-en-una-protesta-contra-el-ice-me-absolvieron-y-sigo-dando-pelea\/#faq-question-1786887725152","position":3,"url":"https:\/\/orato.world\/es\/2026\/08\/17\/me-detuvieron-en-una-protesta-contra-el-ice-me-absolvieron-y-sigo-dando-pelea\/#faq-question-1786887725152","name":"\u00bfA John Caravello lo acusaron por agredir a un agente federal?","answerCount":1,"acceptedAnswer":{"@type":"Answer","text":"No. En abril de 2026, el jurado lo declar\u00f3 inocente despu\u00e9s de menos de dos horas de deliberaci\u00f3n.","inLanguage":"es"},"inLanguage":"es"},{"@type":"Question","@id":"https:\/\/orato.world\/es\/2026\/08\/17\/me-detuvieron-en-una-protesta-contra-el-ice-me-absolvieron-y-sigo-dando-pelea\/#faq-question-1786887738188","position":4,"url":"https:\/\/orato.world\/es\/2026\/08\/17\/me-detuvieron-en-una-protesta-contra-el-ice-me-absolvieron-y-sigo-dando-pelea\/#faq-question-1786887738188","name":"\u00bfQu\u00e9 ocurri\u00f3 durante el operativo de ICE en las Glass House Farms?","answerCount":1,"acceptedAnswer":{"@type":"Answer","text":"El 10 de julio de 2025, el ICE realiz\u00f3 un operativo en las Glass House Farms, en Camarillo, California. Varios manifestantes y vecinos se congregaron en el lugar. durante los enfrentamientos, los agentes federales los reprimieron con gases lacrim\u00f3genos.","inLanguage":"es"},"inLanguage":"es"},{"@type":"Question","@id":"https:\/\/orato.world\/es\/2026\/08\/17\/me-detuvieron-en-una-protesta-contra-el-ice-me-absolvieron-y-sigo-dando-pelea\/#faq-question-1786887748332","position":5,"url":"https:\/\/orato.world\/es\/2026\/08\/17\/me-detuvieron-en-una-protesta-contra-el-ice-me-absolvieron-y-sigo-dando-pelea\/#faq-question-1786887748332","name":"\u00bfQu\u00e9 hace John Caravello desde su absoluci\u00f3n?","answerCount":1,"acceptedAnswer":{"@type":"Answer","text":"Caravello sigue participando de movilizaciones y participa de organizaciones de inquilinos, asociaciones docentes y espacios de apoyo a migrantes. Dice que la experiencia todav\u00eda lo afecta y que no volvi\u00f3 a participar de las redes de respuesta r\u00e1pida contra los operativos antimigratorios.","inLanguage":"es"},"inLanguage":"es"}]}},"modified_by":null,"uagb_featured_image_src":{"full":["https:\/\/orato.world\/wp-content\/uploads\/Noor-Gaza-Refugee-Camp-3.png",1366,768,false],"thumbnail":["https:\/\/orato.world\/wp-content\/uploads\/Noor-Gaza-Refugee-Camp-3-100x100.png",100,100,true],"medium":["https:\/\/orato.world\/wp-content\/uploads\/Noor-Gaza-Refugee-Camp-3-300x169.png",300,169,true],"medium_large":["https:\/\/orato.world\/wp-content\/uploads\/Noor-Gaza-Refugee-Camp-3-770x433.png",640,360,true],"large":["https:\/\/orato.world\/wp-content\/uploads\/Noor-Gaza-Refugee-Camp-3-1024x576.png",640,360,true],"1536x1536":["https:\/\/orato.world\/wp-content\/uploads\/Noor-Gaza-Refugee-Camp-3.png",1366,768,false],"2048x2048":["https:\/\/orato.world\/wp-content\/uploads\/Noor-Gaza-Refugee-Camp-3.png",1366,768,false],"gallery-size":["https:\/\/orato.world\/wp-content\/uploads\/Noor-Gaza-Refugee-Camp-3-711x400.png",711,400,true],"lets-review-360-240":["https:\/\/orato.world\/wp-content\/uploads\/Noor-Gaza-Refugee-Camp-3-360x240.png",360,240,true],"gform-image-choice-sm":["https:\/\/orato.world\/wp-content\/uploads\/Noor-Gaza-Refugee-Camp-3.png",300,169,false],"gform-image-choice-md":["https:\/\/orato.world\/wp-content\/uploads\/Noor-Gaza-Refugee-Camp-3.png",400,225,false],"gform-image-choice-lg":["https:\/\/orato.world\/wp-content\/uploads\/Noor-Gaza-Refugee-Camp-3.png",600,337,false],"awsm_team":["https:\/\/orato.world\/wp-content\/uploads\/Noor-Gaza-Refugee-Camp-3-500x500.png",500,500,true]},"uagb_author_info":{"display_name":"Zimo Li","author_link":"https:\/\/orato.world\/es\/author\/zimo-li\/"},"uagb_comment_info":0,"uagb_excerpt":"Cuando ICE fue por mis vecinos, no dud\u00e9 en sumarme a las protestas. Termin\u00e9 detenido y acusado de agredir a un agente federal, un delito grave. Logr\u00e9 demostrar que las acusaciones no ten\u00edan sustento, pero m\u00e1s de un a\u00f1o despu\u00e9s sigo cargando con el trauma de lo que pas\u00f3.","_links":{"self":[{"href":"https:\/\/orato.world\/es\/wp-json\/wp\/v2\/posts\/105623","targetHints":{"allow":["GET"]}}],"collection":[{"href":"https:\/\/orato.world\/es\/wp-json\/wp\/v2\/posts"}],"about":[{"href":"https:\/\/orato.world\/es\/wp-json\/wp\/v2\/types\/post"}],"author":[{"embeddable":true,"href":"https:\/\/orato.world\/es\/wp-json\/wp\/v2\/users\/239"}],"replies":[{"embeddable":true,"href":"https:\/\/orato.world\/es\/wp-json\/wp\/v2\/comments?post=105623"}],"version-history":[{"count":2,"href":"https:\/\/orato.world\/es\/wp-json\/wp\/v2\/posts\/105623\/revisions"}],"predecessor-version":[{"id":105626,"href":"https:\/\/orato.world\/es\/wp-json\/wp\/v2\/posts\/105623\/revisions\/105626"}],"wp:featuredmedia":[{"embeddable":true,"href":"https:\/\/orato.world\/es\/wp-json\/wp\/v2\/media\/104715"}],"wp:attachment":[{"href":"https:\/\/orato.world\/es\/wp-json\/wp\/v2\/media?parent=105623"}],"wp:term":[{"taxonomy":"category","embeddable":true,"href":"https:\/\/orato.world\/es\/wp-json\/wp\/v2\/categories?post=105623"},{"taxonomy":"post_tag","embeddable":true,"href":"https:\/\/orato.world\/es\/wp-json\/wp\/v2\/tags?post=105623"}],"curies":[{"name":"wp","href":"https:\/\/api.w.org\/{rel}","templated":true}]}}