{"id":16657,"date":"2021-08-08T08:00:00","date_gmt":"2021-08-08T15:00:00","guid":{"rendered":"https:\/\/orato.world\/2021\/08\/08\/iman-gay-de-sudafrica-felizmente-casado\/"},"modified":"2022-04-20T09:32:58","modified_gmt":"2022-04-20T16:32:58","slug":"iman-gay-de-sudafrica-felizmente-casado","status":"publish","type":"post","link":"https:\/\/orato.world\/es\/2021\/08\/08\/iman-gay-de-sudafrica-felizmente-casado\/","title":{"rendered":"Im\u00e1n gay de Sud\u00e1frica, felizmente casado"},"content":{"rendered":"<div class=\"lets-info-up-wrap  lets-info-up--right lets-info-up--m-1 lets-info-up-skin-1 lets-info-up--side\">\t\t\t<div class=\"lets-info-up\">\r\n\t\t\t<div class=\"lets-info-up-fi\"><img loading=\"lazy\" decoding=\"async\" width=\"275\" height=\"183\" src=\"https:\/\/orato.world\/wp-content\/uploads\/muhsin-copy.jpg\" class=\"attachment-lets-info-up-d1 size-lets-info-up-d1\" alt=\"Gay Imam and facilitator Muhsin Hendricks.\" \/><\/div>\t\t\t<div class=\"lets-info-up-block-wrap\">\r\n\t\t\t\t<div class=\"lets-info-up-block lets-info-up-meta-block\"><div class=\"lets-info-up-meta-title lets-info-up-pretitle font-h\">Protagonista<\/div><div class=\"lets-info-up-meta-content lets-info-up-title font-b\">Muhsin Hendricks es un erudito isl\u00e1mico con experiencia en \u00e1rabe cl\u00e1sico y ciencias isl\u00e1micas graduado en la Universidad de Estudios Isl\u00e1micos (Jamia-Dirasat Al-Islamiyyah), Karachi Pakist\u00e1n (1990-1994).<br><br>Muhsin se desempe\u00f1a como im\u00e1n (l\u00edder religioso) de profesi\u00f3n y tambi\u00e9n como activista de derechos humanos que se centra en la orientaci\u00f3n sexual y la identidad de g\u00e9nero en el Islam. Ha realizado una investigaci\u00f3n independiente sobre el Islam y la diversidad sexual, que no se explora a menudo en el mundo musulm\u00e1n. Ha impartido muchos m\u00f3dulos de formaci\u00f3n sobre el tema a diversas organizaciones a nivel internacional.<br><br>Muhsin tambi\u00e9n tiene un diploma en Consejer\u00eda y Comunicaci\u00f3n obtenido a trav\u00e9s del Colegio Sudafricano de Psicolog\u00eda Aplicada y, a menudo, utiliza su formaci\u00f3n isl\u00e1mica junto con sus habilidades de consejer\u00eda y entrenamiento para acompa\u00f1ar a los musulmanes queer.<br><br>Es el fundador de la <a href=\"https:\/\/www.al-ghurbaah.org.za\/\">Fundaci\u00f3n Al-Ghurbaah<\/a> en Ciudad del Cabo y el administrador del <a href=\"https:\/\/www.facebook.com\/Compassion-centred-Islam-446900425837366\/\">Islam centrado en la compasi\u00f3n<\/a> (Red CCI).<\/div><\/div><div class=\"lets-info-up-block lets-info-up-meta-block\"><div class=\"lets-info-up-meta-title lets-info-up-pretitle font-h\">Contexto<\/div><div class=\"lets-info-up-meta-content lets-info-up-title font-b\">Sud\u00e1frica fue el quinto pa\u00eds del mundo en legalizar el <a href=\"https:\/\/es.wikipedia.org\/wiki\/Matrimonio_entre_personas_del_mismo_sexo\">matrimonio entre personas del mismo sexo<\/a>. En 1996, la constituci\u00f3n de Sud\u00e1frica estableci\u00f3 la igualdad nominal para todos sus ciudadanos, incluidas las entonces revolucionarias protecciones para los homosexuales; hasta el d\u00eda de hoy, sigue siendo el \u00fanico pa\u00eds de \u00c1frica que permite los matrimonios entre personas del mismo sexo.<br><br>Sin embargo, la comunidad LGBTQ + ha sido objeto de discursos de odio, discriminaci\u00f3n y violencia en el pa\u00eds durante mucho tiempo. No hay estad\u00edsticas claras sobre el n\u00famero de musulmanes homosexuales debido al temor a las repercusiones, pero las que existen muestran que hay m\u00e1s de 2 millones de personas en Sud\u00e1frica que se identifican con la comunidad LGBTQ +.<br><\/div><\/div>\t\t\t<\/div>\r\n\t\t\t<\/div>\r\n\t\t<\/div>\r\n\t\t\n\n\n<p>Mi fe en Dios siempre ha sido firme, aunque no entend\u00eda por qu\u00e9 un Dios compasivo me llevar\u00eda al infierno por ser gay.\n<\/p>\n\n\n\n<p>Vengo de una comunidad musulmana ortodoxa muy unida. Mi abuelo sirvi\u00f3 como im\u00e1n en nuestra mezquita, fue un cl\u00e9rigo que a menudo dirig\u00eda la oraci\u00f3n, daba sermones y brindaba educaci\u00f3n y consejer\u00eda religiosa.\n<\/p>\n\n\n\n<p>En ese tipo de ambiente religioso, no era f\u00e1cil sacar a relucir la sexualidad, y mucho menos la homosexualidad.\n<\/p>\n\n\n\n<p>Naturalmente, viv\u00ed como un chico recto y piadoso durante mi adolescencia. Con el tiempo, me convert\u00ed en im\u00e1n e incluso me cas\u00e9 con una mujer, pero todo eso cambiar\u00eda.\n<\/p>\n\n\n\n<p>Hoy soy abiertamente gay. Lanc\u00e9 la <a href=\"https:\/\/www.al-ghurbaah.org.za\/\">Fundaci\u00f3n Al-Ghurbaah<\/a> para brindar apoyo a los musulmanes marginados por su orientaci\u00f3n sexual, su identidad de g\u00e9nero y sus creencias.<\/p>\n\n\n\n<h2 class=\"wp-block-heading\" id=\"h-estudiar-teolog-a-me-dio-paz\"><strong>Estudiar teolog\u00eda me dio paz&nbsp;<\/strong><\/h2>\n\n\n\n<p>Desde que tengo memoria, he sido diferente a otros chicos. Ten\u00eda car\u00e1cter y gestos femeninos. Una vez que llegu\u00e9 a la pubertad, sent\u00ed una creciente atracci\u00f3n hacia los chicos, pero luch\u00e9 contra esos sentimientos.\n<\/p>\n\n\n\n<p>Siempre me presionaron para que siguiera los pasos de mi abuelo. Nunca me propuse convertirme en im\u00e1n, pero ten\u00eda inter\u00e9s en estudiar teolog\u00eda. Quer\u00eda sumergirme en el Cor\u00e1n para entender lo que dec\u00eda sobre la homosexualidad.\n<\/p>\n\n\n\n<p>A los 21 a\u00f1os, dej\u00e9 Sud\u00e1frica y me fui a Pakist\u00e1n para sumergirme en los estudios teol\u00f3gicos. Esto me abrir\u00eda el camino a convertirme en un l\u00edder religioso.\n<\/p>\n\n\n\n<p>Inmediatamente, observ\u00e9 c\u00f3mo los hombres homosexuales socializaban de manera diferente en Pakist\u00e1n. Aunque la homosexualidad no estaba permitida en el pa\u00eds, los hombres caminaban abiertamente de la mano por las calles.\n<\/p>\n\n\n\n<p>Esto me dio la posibilidad de vivir libremente por un tiempo. Caminar de la mano de mi novio en p\u00fablico fue un contraste interesante con la vida que llevaba en mi pa\u00eds de origen.\n<\/p>\n\n\n\n<p>A lo largo de mis estudios, obtuve una idea de c\u00f3mo el Islam como religi\u00f3n estableci\u00f3 sus leyes con respecto a la homosexualidad. As\u00ed pude resolver la confusi\u00f3n dentro de m\u00ed y hacer las paces con mi homosexualidad.\n<\/p>\n\n\n\n<h2 class=\"wp-block-heading\"><strong>Matrimonio, divorcio y salida del armario<\/strong><\/h2>\n\n\n\n<p>Ser im\u00e1n significaba que ten\u00eda que casarme. Naturalmente, surgi\u00f3 la necesidad de casarme con una mujer. Entonces, me cas\u00e9 y dese\u00e9 alejarme de mis deseos.\n<\/p>\n\n\n\n<p>Seis a\u00f1os despu\u00e9s, nos separamos. La uni\u00f3n no nos sirvi\u00f3 a ninguno de los dos. Finalmente, me sent\u00ed lo suficientemente seguro como para hablar con mi familia. Ten\u00eda 29 a\u00f1os.\n<\/p>\n\n\n\n<p>Despu\u00e9s de salir del armario, me di cuenta de lo dif\u00edcil que era para la mayor\u00eda de los musulmanes homosexuales negociar el espacio entre la religi\u00f3n y la sexualidad.\n<\/p>\n\n\n\n<p>Intent\u00e9 averiguar si otros musulmanes queer estaban experimentando lo mismo que yo. Me propuse hacer una lista de personas queer en mi comunidad y contactarlos. Comenzamos a reunirnos todos los jueves, la noche santa musulmana, para compartir nuestros intereses.\n<\/p>\n\n\n\n<p>El grupo ahora ha crecido a alrededor de 20 personas y all\u00ed me presento como im\u00e1n gay.\n<\/p>\n\n\n\n<p>Respaldado por mi profundo conocimiento y comprensi\u00f3n de la teolog\u00eda sobre el Islam, puedo hablar con autoridad con otros imanes sobre la importancia de la diversidad y la inclusi\u00f3n. Mi organizaci\u00f3n Al-Ghurbaah naci\u00f3 de estos esfuerzos.\n<\/p>\n\n\n\n<h2 class=\"wp-block-heading\"><strong>Viviendo como un aut\u00e9ntico hombre gay sin miedo<\/strong><\/h2>\n\n\n\n<p>Soy activista desde hace 24 a\u00f1os. Un documental producido en 2007 destac\u00f3 mi misi\u00f3n y me catapult\u00f3 a la escena internacional. Aunque esto me ha brindado oportunidades para viajar por el mundo, mi seguridad debe ser lo primero.\n<\/p>\n\n\n\n<p>S\u00f3lo voy a donde se reciba mi mensaje con tolerancia y comprensi\u00f3n.<\/p>\n\n\n\n<p>Han habido duras voces de disensi\u00f3n de varios grupos, dirigidas hacia m\u00ed y mi trabajo. Afortunadamente, no he experimentado una amenaza directa a mi vida en mis a\u00f1os como Im\u00e1n. Me aseguro de que mi enfoque para compartir conocimientos nunca sea conflictivo ni subjetivo.\n<\/p>\n\n\n\n<p>Espero que en el futuro m\u00e1s imanes de la comunidad queer puedan practicar libre y abiertamente su fe en mezquitas p\u00fablicas y ser acogidos sin juicio ni amenazas.\n<\/p>\n\n\n\n<p>Hoy, estoy tranquilo y c\u00f3modo con mi sexualidad. Esto me ha permitido relacionarme mejor con mis hijos que ahora son adultos. Entienden mejor mi camino.\n<\/p>\n\n\n\n<p>Mi esposo, con quien he estado casado por m\u00e1s de 15 a\u00f1os, ha apoyado completamente mi trabajo.\n<\/p>\n\n\n\n<p>A los 54 a\u00f1os, la necesidad de ser aut\u00e9ntico sobre qui\u00e9n soy es mayor que mi miedo a las repercusiones de vivir como un im\u00e1n abiertamente homosexual.\n<\/p>\n\n\n\n<p>Mi viaje me ha permitido hablar en escenarios internacionales y he conocido y sigo conociendo a gente incre\u00edble.\n<\/p>\n","protected":false},"excerpt":{"rendered":"<p>Mi fe en Dios siempre ha sido firme, aunque no entend\u00eda por qu\u00e9 un Dios compasivo me llevar\u00eda al infierno por ser gay.<\/p>\n","protected":false},"author":50,"featured_media":66495,"comment_status":"open","ping_status":"open","sticky":false,"template":"","format":"standard","meta":{"_acf_changed":false,"_uag_custom_page_level_css":"","_lmt_disableupdate":"no","_lmt_disable":"","footnotes":""},"categories":[2770,261],"tags":[613,1714,1713,1716,1717,1369,1105,1715,715,767],"class_list":["post-16657","post","type-post","status-publish","format-standard","has-post-thumbnail","hentry","category-africa","category-sexo-y-genero","tag-africa-es","tag-divorcio","tag-gay-es","tag-imam-es","tag-islam-es","tag-lgbtq-es-2","tag-lgbtq-es","tag-matrimonio","tag-pakistan-es","tag-south-africa-es"],"acf":[],"yoast_head":"<!-- This site is optimized with the Yoast SEO Premium plugin v27.4 (Yoast SEO v27.4) - https:\/\/yoast.com\/product\/yoast-seo-premium-wordpress\/ -->\n<title>Im\u00e1n gay de Sud\u00e1frica, felizmente casado - Orato<\/title>\n<meta name=\"description\" content=\"Mi fe en Dios siempre ha sido firme, aunque no entend\u00eda por qu\u00e9 un Dios compasivo me llevar\u00eda al infierno por ser gay.\" \/>\n<meta name=\"robots\" content=\"index, follow, max-snippet:-1, max-image-preview:large, max-video-preview:-1\" \/>\n<link rel=\"canonical\" href=\"https:\/\/orato.world\/es\/2021\/08\/08\/iman-gay-de-sudafrica-felizmente-casado\/\" \/>\n<meta property=\"og:locale\" content=\"es_ES\" \/>\n<meta property=\"og:type\" content=\"article\" \/>\n<meta property=\"og:title\" content=\"Im\u00e1n gay de Sud\u00e1frica, felizmente casado\" \/>\n<meta property=\"og:description\" content=\"Mi fe en Dios siempre ha sido firme, aunque no entend\u00eda por qu\u00e9 un Dios compasivo me llevar\u00eda al infierno por ser gay.\" \/>\n<meta property=\"og:url\" content=\"https:\/\/orato.world\/es\/2021\/08\/08\/iman-gay-de-sudafrica-felizmente-casado\/\" \/>\n<meta property=\"og:site_name\" content=\"Orato\" \/>\n<meta property=\"article:publisher\" content=\"https:\/\/www.facebook.com\/OratoWorld\/\" \/>\n<meta property=\"article:published_time\" content=\"2021-08-08T15:00:00+00:00\" \/>\n<meta property=\"article:modified_time\" content=\"2022-04-20T16:32:58+00:00\" \/>\n<meta property=\"og:image\" content=\"https:\/\/orato.world\/wp-content\/uploads\/muhsin1-2-1-1400x2100-1.webp\" \/>\n\t<meta property=\"og:image:width\" content=\"1400\" \/>\n\t<meta property=\"og:image:height\" content=\"2100\" \/>\n\t<meta property=\"og:image:type\" content=\"image\/webp\" \/>\n<meta name=\"author\" content=\"Lola Wanyonyi\" \/>\n<meta name=\"twitter:card\" content=\"summary_large_image\" \/>\n<meta name=\"twitter:creator\" content=\"@oratoworld\" \/>\n<meta name=\"twitter:site\" content=\"@oratoworld\" \/>\n<meta name=\"twitter:label1\" content=\"Escrito por\" \/>\n\t<meta name=\"twitter:data1\" content=\"Lola Wanyonyi\" \/>\n\t<meta name=\"twitter:label2\" content=\"Tiempo de lectura\" \/>\n\t<meta name=\"twitter:data2\" content=\"4 minutos\" \/>\n<script type=\"application\/ld+json\" class=\"yoast-schema-graph\">{\"@context\":\"https:\\\/\\\/schema.org\",\"@graph\":[{\"@type\":\"NewsArticle\",\"@id\":\"https:\\\/\\\/orato.world\\\/es\\\/2021\\\/08\\\/08\\\/iman-gay-de-sudafrica-felizmente-casado\\\/#article\",\"isPartOf\":{\"@id\":\"https:\\\/\\\/orato.world\\\/es\\\/2021\\\/08\\\/08\\\/iman-gay-de-sudafrica-felizmente-casado\\\/\"},\"author\":{\"name\":\"Lola Wanyonyi\",\"@id\":\"https:\\\/\\\/orato.world\\\/es\\\/#\\\/schema\\\/person\\\/7a49e01351967f8c287ed6d2c3e1854d\"},\"headline\":\"Im\u00e1n gay de Sud\u00e1frica, felizmente casado\",\"datePublished\":\"2021-08-08T15:00:00+00:00\",\"dateModified\":\"2022-04-20T16:32:58+00:00\",\"mainEntityOfPage\":{\"@id\":\"https:\\\/\\\/orato.world\\\/es\\\/2021\\\/08\\\/08\\\/iman-gay-de-sudafrica-felizmente-casado\\\/\"},\"wordCount\":810,\"commentCount\":0,\"publisher\":{\"@id\":\"https:\\\/\\\/orato.world\\\/es\\\/#organization\"},\"image\":{\"@id\":\"https:\\\/\\\/orato.world\\\/es\\\/2021\\\/08\\\/08\\\/iman-gay-de-sudafrica-felizmente-casado\\\/#primaryimage\"},\"thumbnailUrl\":\"https:\\\/\\\/orato.world\\\/wp-content\\\/uploads\\\/muhsin1-2-1-1400x2100-1.webp\",\"keywords\":[\"Africa\",\"Divorcio\",\"Gay\",\"Imam\",\"Islam\",\"LGBTQ\",\"LGBTQ+\",\"Matrimonio\",\"Pakistan\",\"South Africa\"],\"articleSection\":[\"Africa\",\"Sexo y g\u00e9nero\"],\"inLanguage\":\"es\",\"potentialAction\":[{\"@type\":\"CommentAction\",\"name\":\"Comment\",\"target\":[\"https:\\\/\\\/orato.world\\\/es\\\/2021\\\/08\\\/08\\\/iman-gay-de-sudafrica-felizmente-casado\\\/#respond\"]}]},{\"@type\":\"WebPage\",\"@id\":\"https:\\\/\\\/orato.world\\\/es\\\/2021\\\/08\\\/08\\\/iman-gay-de-sudafrica-felizmente-casado\\\/\",\"url\":\"https:\\\/\\\/orato.world\\\/es\\\/2021\\\/08\\\/08\\\/iman-gay-de-sudafrica-felizmente-casado\\\/\",\"name\":\"Im\u00e1n gay de Sud\u00e1frica, felizmente casado - Orato\",\"isPartOf\":{\"@id\":\"https:\\\/\\\/orato.world\\\/es\\\/#website\"},\"primaryImageOfPage\":{\"@id\":\"https:\\\/\\\/orato.world\\\/es\\\/2021\\\/08\\\/08\\\/iman-gay-de-sudafrica-felizmente-casado\\\/#primaryimage\"},\"image\":{\"@id\":\"https:\\\/\\\/orato.world\\\/es\\\/2021\\\/08\\\/08\\\/iman-gay-de-sudafrica-felizmente-casado\\\/#primaryimage\"},\"thumbnailUrl\":\"https:\\\/\\\/orato.world\\\/wp-content\\\/uploads\\\/muhsin1-2-1-1400x2100-1.webp\",\"datePublished\":\"2021-08-08T15:00:00+00:00\",\"dateModified\":\"2022-04-20T16:32:58+00:00\",\"description\":\"Mi fe en Dios siempre ha sido firme, aunque no entend\u00eda por qu\u00e9 un Dios compasivo me llevar\u00eda al infierno por ser gay.\",\"breadcrumb\":{\"@id\":\"https:\\\/\\\/orato.world\\\/es\\\/2021\\\/08\\\/08\\\/iman-gay-de-sudafrica-felizmente-casado\\\/#breadcrumb\"},\"inLanguage\":\"es\",\"potentialAction\":[{\"@type\":\"ReadAction\",\"target\":[\"https:\\\/\\\/orato.world\\\/es\\\/2021\\\/08\\\/08\\\/iman-gay-de-sudafrica-felizmente-casado\\\/\"]}]},{\"@type\":\"ImageObject\",\"inLanguage\":\"es\",\"@id\":\"https:\\\/\\\/orato.world\\\/es\\\/2021\\\/08\\\/08\\\/iman-gay-de-sudafrica-felizmente-casado\\\/#primaryimage\",\"url\":\"https:\\\/\\\/orato.world\\\/wp-content\\\/uploads\\\/muhsin1-2-1-1400x2100-1.webp\",\"contentUrl\":\"https:\\\/\\\/orato.world\\\/wp-content\\\/uploads\\\/muhsin1-2-1-1400x2100-1.webp\",\"width\":1400,\"height\":2100},{\"@type\":\"BreadcrumbList\",\"@id\":\"https:\\\/\\\/orato.world\\\/es\\\/2021\\\/08\\\/08\\\/iman-gay-de-sudafrica-felizmente-casado\\\/#breadcrumb\",\"itemListElement\":[{\"@type\":\"ListItem\",\"position\":1,\"name\":\"Home\",\"item\":\"https:\\\/\\\/orato.world\\\/es\\\/\"},{\"@type\":\"ListItem\",\"position\":2,\"name\":\"Im\u00e1n gay de Sud\u00e1frica, felizmente casado\"}]},{\"@type\":\"WebSite\",\"@id\":\"https:\\\/\\\/orato.world\\\/es\\\/#website\",\"url\":\"https:\\\/\\\/orato.world\\\/es\\\/\",\"name\":\"Orato\",\"description\":\"True Stories. Real People\",\"publisher\":{\"@id\":\"https:\\\/\\\/orato.world\\\/es\\\/#organization\"},\"potentialAction\":[{\"@type\":\"SearchAction\",\"target\":{\"@type\":\"EntryPoint\",\"urlTemplate\":\"https:\\\/\\\/orato.world\\\/es\\\/?s={search_term_string}\"},\"query-input\":{\"@type\":\"PropertyValueSpecification\",\"valueRequired\":true,\"valueName\":\"search_term_string\"}}],\"inLanguage\":\"es\"},{\"@type\":\"Organization\",\"@id\":\"https:\\\/\\\/orato.world\\\/es\\\/#organization\",\"name\":\"Orato World Media Inc.\",\"url\":\"https:\\\/\\\/orato.world\\\/es\\\/\",\"logo\":{\"@type\":\"ImageObject\",\"inLanguage\":\"es\",\"@id\":\"https:\\\/\\\/orato.world\\\/es\\\/#\\\/schema\\\/logo\\\/image\\\/\",\"url\":\"https:\\\/\\\/orato.world\\\/wp-content\\\/uploads\\\/2020\\\/07\\\/orato-logo-transparent.png\",\"contentUrl\":\"https:\\\/\\\/orato.world\\\/wp-content\\\/uploads\\\/2020\\\/07\\\/orato-logo-transparent.png\",\"width\":78,\"height\":73,\"caption\":\"Orato World Media Inc.\"},\"image\":{\"@id\":\"https:\\\/\\\/orato.world\\\/es\\\/#\\\/schema\\\/logo\\\/image\\\/\"},\"sameAs\":[\"https:\\\/\\\/www.facebook.com\\\/OratoWorld\\\/\",\"https:\\\/\\\/x.com\\\/oratoworld\",\"https:\\\/\\\/www.instagram.com\\\/oratoworld\",\"https:\\\/\\\/www.linkedin.com\\\/company\\\/42308818\\\/\"]},{\"@type\":\"Person\",\"@id\":\"https:\\\/\\\/orato.world\\\/es\\\/#\\\/schema\\\/person\\\/7a49e01351967f8c287ed6d2c3e1854d\",\"name\":\"Lola Wanyonyi\",\"image\":{\"@type\":\"ImageObject\",\"inLanguage\":\"es\",\"@id\":\"https:\\\/\\\/secure.gravatar.com\\\/avatar\\\/94ddf47ab26effc2b02eb8524af4a95bbddc3852450efa06c859dbe0d91f8730?s=96&d=mm&r=g\",\"url\":\"https:\\\/\\\/secure.gravatar.com\\\/avatar\\\/94ddf47ab26effc2b02eb8524af4a95bbddc3852450efa06c859dbe0d91f8730?s=96&d=mm&r=g\",\"contentUrl\":\"https:\\\/\\\/secure.gravatar.com\\\/avatar\\\/94ddf47ab26effc2b02eb8524af4a95bbddc3852450efa06c859dbe0d91f8730?s=96&d=mm&r=g\",\"caption\":\"Lola Wanyonyi\"},\"description\":\"Lola Wanyonyi is an experienced Multi-media Journalist based in Nairobi, Kenya, and holds a Bachelors of Science degree in Communication and Journalism from Moi University. She is Skilled in headline writing, breaking news, media relations, Online News, and News Writing. She is a contributing editor to various international media news outlets.\",\"url\":\"https:\\\/\\\/orato.world\\\/es\\\/author\\\/lola-wanyonyi\\\/\"}]}<\/script>\n<!-- \/ Yoast SEO Premium plugin. -->","yoast_head_json":{"title":"Im\u00e1n gay de Sud\u00e1frica, felizmente casado - Orato","description":"Mi fe en Dios siempre ha sido firme, aunque no entend\u00eda por qu\u00e9 un Dios compasivo me llevar\u00eda al infierno por ser gay.","robots":{"index":"index","follow":"follow","max-snippet":"max-snippet:-1","max-image-preview":"max-image-preview:large","max-video-preview":"max-video-preview:-1"},"canonical":"https:\/\/orato.world\/es\/2021\/08\/08\/iman-gay-de-sudafrica-felizmente-casado\/","og_locale":"es_ES","og_type":"article","og_title":"Im\u00e1n gay de Sud\u00e1frica, felizmente casado","og_description":"Mi fe en Dios siempre ha sido firme, aunque no entend\u00eda por qu\u00e9 un Dios compasivo me llevar\u00eda al infierno por ser gay.","og_url":"https:\/\/orato.world\/es\/2021\/08\/08\/iman-gay-de-sudafrica-felizmente-casado\/","og_site_name":"Orato","article_publisher":"https:\/\/www.facebook.com\/OratoWorld\/","article_published_time":"2021-08-08T15:00:00+00:00","article_modified_time":"2022-04-20T16:32:58+00:00","og_image":[{"width":1400,"height":2100,"url":"https:\/\/orato.world\/wp-content\/uploads\/muhsin1-2-1-1400x2100-1.webp","type":"image\/webp"}],"author":"Lola Wanyonyi","twitter_card":"summary_large_image","twitter_creator":"@oratoworld","twitter_site":"@oratoworld","twitter_misc":{"Escrito por":"Lola Wanyonyi","Tiempo de lectura":"4 minutos"},"schema":{"@context":"https:\/\/schema.org","@graph":[{"@type":"NewsArticle","@id":"https:\/\/orato.world\/es\/2021\/08\/08\/iman-gay-de-sudafrica-felizmente-casado\/#article","isPartOf":{"@id":"https:\/\/orato.world\/es\/2021\/08\/08\/iman-gay-de-sudafrica-felizmente-casado\/"},"author":{"name":"Lola Wanyonyi","@id":"https:\/\/orato.world\/es\/#\/schema\/person\/7a49e01351967f8c287ed6d2c3e1854d"},"headline":"Im\u00e1n gay de Sud\u00e1frica, felizmente casado","datePublished":"2021-08-08T15:00:00+00:00","dateModified":"2022-04-20T16:32:58+00:00","mainEntityOfPage":{"@id":"https:\/\/orato.world\/es\/2021\/08\/08\/iman-gay-de-sudafrica-felizmente-casado\/"},"wordCount":810,"commentCount":0,"publisher":{"@id":"https:\/\/orato.world\/es\/#organization"},"image":{"@id":"https:\/\/orato.world\/es\/2021\/08\/08\/iman-gay-de-sudafrica-felizmente-casado\/#primaryimage"},"thumbnailUrl":"https:\/\/orato.world\/wp-content\/uploads\/muhsin1-2-1-1400x2100-1.webp","keywords":["Africa","Divorcio","Gay","Imam","Islam","LGBTQ","LGBTQ+","Matrimonio","Pakistan","South Africa"],"articleSection":["Africa","Sexo y g\u00e9nero"],"inLanguage":"es","potentialAction":[{"@type":"CommentAction","name":"Comment","target":["https:\/\/orato.world\/es\/2021\/08\/08\/iman-gay-de-sudafrica-felizmente-casado\/#respond"]}]},{"@type":"WebPage","@id":"https:\/\/orato.world\/es\/2021\/08\/08\/iman-gay-de-sudafrica-felizmente-casado\/","url":"https:\/\/orato.world\/es\/2021\/08\/08\/iman-gay-de-sudafrica-felizmente-casado\/","name":"Im\u00e1n gay de Sud\u00e1frica, felizmente casado - Orato","isPartOf":{"@id":"https:\/\/orato.world\/es\/#website"},"primaryImageOfPage":{"@id":"https:\/\/orato.world\/es\/2021\/08\/08\/iman-gay-de-sudafrica-felizmente-casado\/#primaryimage"},"image":{"@id":"https:\/\/orato.world\/es\/2021\/08\/08\/iman-gay-de-sudafrica-felizmente-casado\/#primaryimage"},"thumbnailUrl":"https:\/\/orato.world\/wp-content\/uploads\/muhsin1-2-1-1400x2100-1.webp","datePublished":"2021-08-08T15:00:00+00:00","dateModified":"2022-04-20T16:32:58+00:00","description":"Mi fe en Dios siempre ha sido firme, aunque no entend\u00eda por qu\u00e9 un Dios compasivo me llevar\u00eda al infierno por ser gay.","breadcrumb":{"@id":"https:\/\/orato.world\/es\/2021\/08\/08\/iman-gay-de-sudafrica-felizmente-casado\/#breadcrumb"},"inLanguage":"es","potentialAction":[{"@type":"ReadAction","target":["https:\/\/orato.world\/es\/2021\/08\/08\/iman-gay-de-sudafrica-felizmente-casado\/"]}]},{"@type":"ImageObject","inLanguage":"es","@id":"https:\/\/orato.world\/es\/2021\/08\/08\/iman-gay-de-sudafrica-felizmente-casado\/#primaryimage","url":"https:\/\/orato.world\/wp-content\/uploads\/muhsin1-2-1-1400x2100-1.webp","contentUrl":"https:\/\/orato.world\/wp-content\/uploads\/muhsin1-2-1-1400x2100-1.webp","width":1400,"height":2100},{"@type":"BreadcrumbList","@id":"https:\/\/orato.world\/es\/2021\/08\/08\/iman-gay-de-sudafrica-felizmente-casado\/#breadcrumb","itemListElement":[{"@type":"ListItem","position":1,"name":"Home","item":"https:\/\/orato.world\/es\/"},{"@type":"ListItem","position":2,"name":"Im\u00e1n gay de Sud\u00e1frica, felizmente casado"}]},{"@type":"WebSite","@id":"https:\/\/orato.world\/es\/#website","url":"https:\/\/orato.world\/es\/","name":"Orato","description":"True Stories. Real People","publisher":{"@id":"https:\/\/orato.world\/es\/#organization"},"potentialAction":[{"@type":"SearchAction","target":{"@type":"EntryPoint","urlTemplate":"https:\/\/orato.world\/es\/?s={search_term_string}"},"query-input":{"@type":"PropertyValueSpecification","valueRequired":true,"valueName":"search_term_string"}}],"inLanguage":"es"},{"@type":"Organization","@id":"https:\/\/orato.world\/es\/#organization","name":"Orato World Media Inc.","url":"https:\/\/orato.world\/es\/","logo":{"@type":"ImageObject","inLanguage":"es","@id":"https:\/\/orato.world\/es\/#\/schema\/logo\/image\/","url":"https:\/\/orato.world\/wp-content\/uploads\/2020\/07\/orato-logo-transparent.png","contentUrl":"https:\/\/orato.world\/wp-content\/uploads\/2020\/07\/orato-logo-transparent.png","width":78,"height":73,"caption":"Orato World Media Inc."},"image":{"@id":"https:\/\/orato.world\/es\/#\/schema\/logo\/image\/"},"sameAs":["https:\/\/www.facebook.com\/OratoWorld\/","https:\/\/x.com\/oratoworld","https:\/\/www.instagram.com\/oratoworld","https:\/\/www.linkedin.com\/company\/42308818\/"]},{"@type":"Person","@id":"https:\/\/orato.world\/es\/#\/schema\/person\/7a49e01351967f8c287ed6d2c3e1854d","name":"Lola Wanyonyi","image":{"@type":"ImageObject","inLanguage":"es","@id":"https:\/\/secure.gravatar.com\/avatar\/94ddf47ab26effc2b02eb8524af4a95bbddc3852450efa06c859dbe0d91f8730?s=96&d=mm&r=g","url":"https:\/\/secure.gravatar.com\/avatar\/94ddf47ab26effc2b02eb8524af4a95bbddc3852450efa06c859dbe0d91f8730?s=96&d=mm&r=g","contentUrl":"https:\/\/secure.gravatar.com\/avatar\/94ddf47ab26effc2b02eb8524af4a95bbddc3852450efa06c859dbe0d91f8730?s=96&d=mm&r=g","caption":"Lola Wanyonyi"},"description":"Lola Wanyonyi is an experienced Multi-media Journalist based in Nairobi, Kenya, and holds a Bachelors of Science degree in Communication and Journalism from Moi University. She is Skilled in headline writing, breaking news, media relations, Online News, and News Writing. She is a contributing editor to various international media news outlets.","url":"https:\/\/orato.world\/es\/author\/lola-wanyonyi\/"}]}},"modified_by":"Stephen","uagb_featured_image_src":{"full":["https:\/\/orato.world\/wp-content\/uploads\/muhsin1-2-1-1400x2100-1.webp",1400,2100,false],"thumbnail":["https:\/\/orato.world\/wp-content\/uploads\/muhsin1-2-1-1400x2100-1-100x100.webp",100,100,true],"medium":["https:\/\/orato.world\/wp-content\/uploads\/muhsin1-2-1-1400x2100-1-200x300.webp",200,300,true],"medium_large":["https:\/\/orato.world\/wp-content\/uploads\/muhsin1-2-1-1400x2100-1-770x1155.webp",640,960,true],"large":["https:\/\/orato.world\/wp-content\/uploads\/muhsin1-2-1-1400x2100-1-683x1024.webp",640,960,true],"1536x1536":["https:\/\/orato.world\/wp-content\/uploads\/muhsin1-2-1-1400x2100-1-1024x1536.webp",1024,1536,true],"2048x2048":["https:\/\/orato.world\/wp-content\/uploads\/muhsin1-2-1-1400x2100-1-1365x2048.webp",1365,2048,true],"gallery-size":["https:\/\/orato.world\/wp-content\/uploads\/muhsin1-2-1-1400x2100-1-267x400.webp",267,400,true],"lets-review-360-240":["https:\/\/orato.world\/wp-content\/uploads\/muhsin1-2-1-1400x2100-1-360x240.webp",360,240,true],"gform-image-choice-sm":["https:\/\/orato.world\/wp-content\/uploads\/muhsin1-2-1-1400x2100-1.webp",200,300,false],"gform-image-choice-md":["https:\/\/orato.world\/wp-content\/uploads\/muhsin1-2-1-1400x2100-1.webp",267,400,false],"gform-image-choice-lg":["https:\/\/orato.world\/wp-content\/uploads\/muhsin1-2-1-1400x2100-1.webp",400,600,false],"awsm_team":["https:\/\/orato.world\/wp-content\/uploads\/muhsin1-2-1-1400x2100-1-500x500.webp",500,500,true]},"uagb_author_info":{"display_name":"Lola Wanyonyi","author_link":"https:\/\/orato.world\/es\/author\/lola-wanyonyi\/"},"uagb_comment_info":0,"uagb_excerpt":"Mi fe en Dios siempre ha sido firme, aunque no entend\u00eda por qu\u00e9 un Dios compasivo me llevar\u00eda al infierno por ser gay.","_links":{"self":[{"href":"https:\/\/orato.world\/es\/wp-json\/wp\/v2\/posts\/16657","targetHints":{"allow":["GET"]}}],"collection":[{"href":"https:\/\/orato.world\/es\/wp-json\/wp\/v2\/posts"}],"about":[{"href":"https:\/\/orato.world\/es\/wp-json\/wp\/v2\/types\/post"}],"author":[{"embeddable":true,"href":"https:\/\/orato.world\/es\/wp-json\/wp\/v2\/users\/50"}],"replies":[{"embeddable":true,"href":"https:\/\/orato.world\/es\/wp-json\/wp\/v2\/comments?post=16657"}],"version-history":[{"count":0,"href":"https:\/\/orato.world\/es\/wp-json\/wp\/v2\/posts\/16657\/revisions"}],"wp:featuredmedia":[{"embeddable":true,"href":"https:\/\/orato.world\/es\/wp-json\/wp\/v2\/media\/66495"}],"wp:attachment":[{"href":"https:\/\/orato.world\/es\/wp-json\/wp\/v2\/media?parent=16657"}],"wp:term":[{"taxonomy":"category","embeddable":true,"href":"https:\/\/orato.world\/es\/wp-json\/wp\/v2\/categories?post=16657"},{"taxonomy":"post_tag","embeddable":true,"href":"https:\/\/orato.world\/es\/wp-json\/wp\/v2\/tags?post=16657"}],"curies":[{"name":"wp","href":"https:\/\/api.w.org\/{rel}","templated":true}]}}