{"id":35706,"date":"2022-05-02T13:04:25","date_gmt":"2022-05-02T20:04:25","guid":{"rendered":"https:\/\/orato.world\/2022\/05\/02\/cosechas-abundantes-en-el-salvador-mientras-el-pais-celebra-el-dia-internacional-del-trabajo\/"},"modified":"2022-05-04T12:41:26","modified_gmt":"2022-05-04T19:41:26","slug":"cosechas-abundantes-en-el-salvador-mientras-el-pais-celebra-el-dia-internacional-del-trabajo","status":"publish","type":"post","link":"https:\/\/orato.world\/es\/2022\/05\/02\/cosechas-abundantes-en-el-salvador-mientras-el-pais-celebra-el-dia-internacional-del-trabajo\/","title":{"rendered":"Cosechas abundantes en El Salvador mientras el pa\u00eds celebra el D\u00eda Internacional del Trabajo"},"content":{"rendered":"\n<p>SONSONATE, El Salvador\u2014Cada 1 de mayo, El Salvador celebra el <a href=\"https:\/\/www.laprensagrafica.com\/elsalvador\/Cual-es-la-importancia-del-Dia-del-Trabajo-el-1-de-mayo-en-El-Salvador-20220429-0047.html\">D\u00eda Internacional del Trabajo<\/a>. Esta fiesta nacional reconoce el trabajo realizado por los trabajadores en todo el pa\u00eds, as\u00ed como las malas condiciones, las violaciones de los derechos humanos, los bajos salarios y otras injusticias que a\u00fan enfrentan muchos trabajadores.<\/p>\n\n<p>En El Salvador, la agricultura representa una funci\u00f3n cr\u00edtica en la producci\u00f3n de alimentos b\u00e1sicos, el bienestar de las zonas rurales y la generaci\u00f3n de ingresos y empleos. <a href=\"https:\/\/publications.iadb.org\/publications\/english\/document\/Agricultural-Productivity-in-El-Salvador-A-Preliminary-Analysis-.pdf\">Da empleo al 18,6% de la poblaci\u00f3n econ\u00f3micamente activa.<\/a> Sin embargo, existe la preocupaci\u00f3n de que <a href=\"https:\/\/www.aljazeera.com\/features\/2018\/9\/12\/el-salvadors-disappearing-farmers\">la poblaci\u00f3n agr\u00edcola envejezca cada vez m\u00e1s<\/a> a medida que los j\u00f3venes acuden en masa a las zonas urbanas en busca de m\u00e1s oportunidades.<\/p>\n\n<p>Las colinas f\u00e9rtiles del norte y oeste de El Salvador producen la mayor\u00eda de los cultivos. En departamentos como Chalatenango, Sonsonate y Santa Ana, las carreteras atraviesan kil\u00f3metros de campos de ma\u00edz, caf\u00e9, arroz, ca\u00f1a de az\u00facar y hortalizas. El caf\u00e9, \u00aboro rojo\u00bb, es el cultivo comercial m\u00e1s grande del pa\u00eds.<\/p>\n\n<p><em><strong>Todas las fotos por Beatriz Rivas<\/strong><\/em><\/p>\n","protected":false},"excerpt":{"rendered":"<p>Las colinas f\u00e9rtiles del norte y oeste de El Salvador producen la mayor\u00eda de los cultivos. En departamentos como Chalatenango, Sonsonate y Santa Ana, las carreteras atraviesan kil\u00f3metros de campos de ma\u00edz, caf\u00e9, arroz, ca\u00f1a de az\u00facar y hortalizas. El caf\u00e9, \u00aboro rojo\u00bb, es el cultivo comercial m\u00e1s grande del pa\u00eds.<\/p>\n","protected":false},"author":127,"featured_media":64746,"comment_status":"open","ping_status":"open","sticky":false,"template":"","format":"gallery","meta":{"_acf_changed":false,"_uag_custom_page_level_css":"","_lmt_disableupdate":"","_lmt_disable":"","footnotes":""},"categories":[534],"tags":[2810,2867,2866,2428,2214,2868],"class_list":["post-35706","post","type-post","status-publish","format-gallery","has-post-thumbnail","hentry","category-galeria-de-fotos","tag-agricultura","tag-chalatenango-es","tag-dia-internacional-del-trabajo","tag-el-salvador-es","tag-latinoamerica","tag-sonsonate-es","post_format-post-format-gallery"],"acf":[],"yoast_head":"<!-- This site is optimized with the Yoast SEO Premium plugin v27.5 (Yoast SEO v27.5) - https:\/\/yoast.com\/product\/yoast-seo-premium-wordpress\/ -->\n<title>Cosechas abundantes en El Salvador mientras el pa\u00eds celebra el D\u00eda Internacional del Trabajo - Orato<\/title>\n<meta name=\"description\" content=\"Las colinas f\u00e9rtiles del norte y oeste de El Salvador producen la mayor\u00eda de los cultivos. Las carreteras atraviesan kil\u00f3metros de campos de caf\u00e9, ma\u00edz y hortalizas.\" \/>\n<meta name=\"robots\" content=\"index, follow, max-snippet:-1, max-image-preview:large, max-video-preview:-1\" \/>\n<link rel=\"canonical\" href=\"https:\/\/orato.world\/es\/2022\/05\/02\/cosechas-abundantes-en-el-salvador-mientras-el-pais-celebra-el-dia-internacional-del-trabajo\/\" \/>\n<meta property=\"og:locale\" content=\"es_ES\" \/>\n<meta property=\"og:type\" content=\"article\" \/>\n<meta property=\"og:title\" content=\"Cosechas abundantes en El Salvador mientras el pa\u00eds celebra el D\u00eda Internacional del Trabajo\" \/>\n<meta property=\"og:description\" content=\"Las colinas f\u00e9rtiles del norte y oeste de El Salvador producen la mayor\u00eda de los cultivos. Las carreteras atraviesan kil\u00f3metros de campos de caf\u00e9, ma\u00edz y hortalizas.\" \/>\n<meta property=\"og:url\" content=\"https:\/\/orato.world\/es\/2022\/05\/02\/cosechas-abundantes-en-el-salvador-mientras-el-pais-celebra-el-dia-internacional-del-trabajo\/\" \/>\n<meta property=\"og:site_name\" content=\"Orato\" \/>\n<meta property=\"article:publisher\" content=\"https:\/\/www.facebook.com\/OratoWorld\/\" \/>\n<meta property=\"article:published_time\" content=\"2022-05-02T20:04:25+00:00\" \/>\n<meta property=\"article:modified_time\" content=\"2022-05-04T19:41:26+00:00\" \/>\n<meta property=\"og:image\" content=\"https:\/\/orato.world\/wp-content\/uploads\/Labor-Day-7-1400x1050-1.jpg\" \/>\n\t<meta property=\"og:image:width\" content=\"1400\" \/>\n\t<meta property=\"og:image:height\" content=\"1050\" \/>\n\t<meta property=\"og:image:type\" content=\"image\/jpeg\" \/>\n<meta name=\"author\" content=\"Beatriz Rivas\" \/>\n<meta name=\"twitter:card\" content=\"summary_large_image\" \/>\n<meta name=\"twitter:creator\" content=\"@oratoworld\" \/>\n<meta name=\"twitter:site\" content=\"@oratoworld\" \/>\n<meta name=\"twitter:label1\" content=\"Escrito por\" \/>\n\t<meta name=\"twitter:data1\" content=\"Beatriz Rivas\" \/>\n\t<meta name=\"twitter:label2\" content=\"Tiempo de lectura\" \/>\n\t<meta name=\"twitter:data2\" content=\"1 minuto\" \/>\n<script type=\"application\/ld+json\" class=\"yoast-schema-graph\">{\"@context\":\"https:\\\/\\\/schema.org\",\"@graph\":[{\"@type\":\"NewsArticle\",\"@id\":\"https:\\\/\\\/orato.world\\\/es\\\/2022\\\/05\\\/02\\\/cosechas-abundantes-en-el-salvador-mientras-el-pais-celebra-el-dia-internacional-del-trabajo\\\/#article\",\"isPartOf\":{\"@id\":\"https:\\\/\\\/orato.world\\\/es\\\/2022\\\/05\\\/02\\\/cosechas-abundantes-en-el-salvador-mientras-el-pais-celebra-el-dia-internacional-del-trabajo\\\/\"},\"author\":{\"name\":\"Beatriz Rivas\",\"@id\":\"https:\\\/\\\/orato.world\\\/es\\\/#\\\/schema\\\/person\\\/2839e807236c34518822eb2c01006b14\"},\"headline\":\"Cosechas abundantes en El Salvador mientras el pa\u00eds celebra el D\u00eda Internacional del Trabajo\",\"datePublished\":\"2022-05-02T20:04:25+00:00\",\"dateModified\":\"2022-05-04T19:41:26+00:00\",\"mainEntityOfPage\":{\"@id\":\"https:\\\/\\\/orato.world\\\/es\\\/2022\\\/05\\\/02\\\/cosechas-abundantes-en-el-salvador-mientras-el-pais-celebra-el-dia-internacional-del-trabajo\\\/\"},\"wordCount\":214,\"commentCount\":0,\"publisher\":{\"@id\":\"https:\\\/\\\/orato.world\\\/es\\\/#organization\"},\"image\":{\"@id\":\"https:\\\/\\\/orato.world\\\/es\\\/2022\\\/05\\\/02\\\/cosechas-abundantes-en-el-salvador-mientras-el-pais-celebra-el-dia-internacional-del-trabajo\\\/#primaryimage\"},\"thumbnailUrl\":\"https:\\\/\\\/orato.world\\\/wp-content\\\/uploads\\\/Labor-Day-7-1400x1050-1.jpg\",\"keywords\":[\"Agricultura\",\"Chalatenango\",\"D\u00eda Internacional del Trabajo\",\"El Salvador\",\"Latinoam\u00e9rica\",\"Sonsonate\"],\"articleSection\":[\"Galer\u00eda de fotos\"],\"inLanguage\":\"es\",\"potentialAction\":[{\"@type\":\"CommentAction\",\"name\":\"Comment\",\"target\":[\"https:\\\/\\\/orato.world\\\/es\\\/2022\\\/05\\\/02\\\/cosechas-abundantes-en-el-salvador-mientras-el-pais-celebra-el-dia-internacional-del-trabajo\\\/#respond\"]}]},{\"@type\":\"WebPage\",\"@id\":\"https:\\\/\\\/orato.world\\\/es\\\/2022\\\/05\\\/02\\\/cosechas-abundantes-en-el-salvador-mientras-el-pais-celebra-el-dia-internacional-del-trabajo\\\/\",\"url\":\"https:\\\/\\\/orato.world\\\/es\\\/2022\\\/05\\\/02\\\/cosechas-abundantes-en-el-salvador-mientras-el-pais-celebra-el-dia-internacional-del-trabajo\\\/\",\"name\":\"Cosechas abundantes en El Salvador mientras el pa\u00eds celebra el D\u00eda Internacional del Trabajo - Orato\",\"isPartOf\":{\"@id\":\"https:\\\/\\\/orato.world\\\/es\\\/#website\"},\"primaryImageOfPage\":{\"@id\":\"https:\\\/\\\/orato.world\\\/es\\\/2022\\\/05\\\/02\\\/cosechas-abundantes-en-el-salvador-mientras-el-pais-celebra-el-dia-internacional-del-trabajo\\\/#primaryimage\"},\"image\":{\"@id\":\"https:\\\/\\\/orato.world\\\/es\\\/2022\\\/05\\\/02\\\/cosechas-abundantes-en-el-salvador-mientras-el-pais-celebra-el-dia-internacional-del-trabajo\\\/#primaryimage\"},\"thumbnailUrl\":\"https:\\\/\\\/orato.world\\\/wp-content\\\/uploads\\\/Labor-Day-7-1400x1050-1.jpg\",\"datePublished\":\"2022-05-02T20:04:25+00:00\",\"dateModified\":\"2022-05-04T19:41:26+00:00\",\"description\":\"Las colinas f\u00e9rtiles del norte y oeste de El Salvador producen la mayor\u00eda de los cultivos. Las carreteras atraviesan kil\u00f3metros de campos de caf\u00e9, ma\u00edz y hortalizas.\",\"breadcrumb\":{\"@id\":\"https:\\\/\\\/orato.world\\\/es\\\/2022\\\/05\\\/02\\\/cosechas-abundantes-en-el-salvador-mientras-el-pais-celebra-el-dia-internacional-del-trabajo\\\/#breadcrumb\"},\"inLanguage\":\"es\",\"potentialAction\":[{\"@type\":\"ReadAction\",\"target\":[\"https:\\\/\\\/orato.world\\\/es\\\/2022\\\/05\\\/02\\\/cosechas-abundantes-en-el-salvador-mientras-el-pais-celebra-el-dia-internacional-del-trabajo\\\/\"]}]},{\"@type\":\"ImageObject\",\"inLanguage\":\"es\",\"@id\":\"https:\\\/\\\/orato.world\\\/es\\\/2022\\\/05\\\/02\\\/cosechas-abundantes-en-el-salvador-mientras-el-pais-celebra-el-dia-internacional-del-trabajo\\\/#primaryimage\",\"url\":\"https:\\\/\\\/orato.world\\\/wp-content\\\/uploads\\\/Labor-Day-7-1400x1050-1.jpg\",\"contentUrl\":\"https:\\\/\\\/orato.world\\\/wp-content\\\/uploads\\\/Labor-Day-7-1400x1050-1.jpg\",\"width\":1400,\"height\":1050},{\"@type\":\"BreadcrumbList\",\"@id\":\"https:\\\/\\\/orato.world\\\/es\\\/2022\\\/05\\\/02\\\/cosechas-abundantes-en-el-salvador-mientras-el-pais-celebra-el-dia-internacional-del-trabajo\\\/#breadcrumb\",\"itemListElement\":[{\"@type\":\"ListItem\",\"position\":1,\"name\":\"Home\",\"item\":\"https:\\\/\\\/orato.world\\\/es\\\/\"},{\"@type\":\"ListItem\",\"position\":2,\"name\":\"Cosechas abundantes en El Salvador mientras el pa\u00eds celebra el D\u00eda Internacional del Trabajo\"}]},{\"@type\":\"WebSite\",\"@id\":\"https:\\\/\\\/orato.world\\\/es\\\/#website\",\"url\":\"https:\\\/\\\/orato.world\\\/es\\\/\",\"name\":\"Orato\",\"description\":\"True Stories. Real People\",\"publisher\":{\"@id\":\"https:\\\/\\\/orato.world\\\/es\\\/#organization\"},\"potentialAction\":[{\"@type\":\"SearchAction\",\"target\":{\"@type\":\"EntryPoint\",\"urlTemplate\":\"https:\\\/\\\/orato.world\\\/es\\\/?s={search_term_string}\"},\"query-input\":{\"@type\":\"PropertyValueSpecification\",\"valueRequired\":true,\"valueName\":\"search_term_string\"}}],\"inLanguage\":\"es\"},{\"@type\":\"Organization\",\"@id\":\"https:\\\/\\\/orato.world\\\/es\\\/#organization\",\"name\":\"Orato World Media Inc.\",\"url\":\"https:\\\/\\\/orato.world\\\/es\\\/\",\"logo\":{\"@type\":\"ImageObject\",\"inLanguage\":\"es\",\"@id\":\"https:\\\/\\\/orato.world\\\/es\\\/#\\\/schema\\\/logo\\\/image\\\/\",\"url\":\"https:\\\/\\\/orato.world\\\/wp-content\\\/uploads\\\/2020\\\/07\\\/orato-logo-transparent.png\",\"contentUrl\":\"https:\\\/\\\/orato.world\\\/wp-content\\\/uploads\\\/2020\\\/07\\\/orato-logo-transparent.png\",\"width\":78,\"height\":73,\"caption\":\"Orato World Media Inc.\"},\"image\":{\"@id\":\"https:\\\/\\\/orato.world\\\/es\\\/#\\\/schema\\\/logo\\\/image\\\/\"},\"sameAs\":[\"https:\\\/\\\/www.facebook.com\\\/OratoWorld\\\/\",\"https:\\\/\\\/x.com\\\/oratoworld\",\"https:\\\/\\\/www.instagram.com\\\/oratoworld\",\"https:\\\/\\\/www.linkedin.com\\\/company\\\/42308818\\\/\"]},{\"@type\":\"Person\",\"@id\":\"https:\\\/\\\/orato.world\\\/es\\\/#\\\/schema\\\/person\\\/2839e807236c34518822eb2c01006b14\",\"name\":\"Beatriz Rivas\",\"image\":{\"@type\":\"ImageObject\",\"inLanguage\":\"es\",\"@id\":\"https:\\\/\\\/secure.gravatar.com\\\/avatar\\\/df954897b71331734ebd52c0b189279e6827ff247864c9409bae06ea1bb6282b?s=96&d=mm&r=g\",\"url\":\"https:\\\/\\\/secure.gravatar.com\\\/avatar\\\/df954897b71331734ebd52c0b189279e6827ff247864c9409bae06ea1bb6282b?s=96&d=mm&r=g\",\"contentUrl\":\"https:\\\/\\\/secure.gravatar.com\\\/avatar\\\/df954897b71331734ebd52c0b189279e6827ff247864c9409bae06ea1bb6282b?s=96&d=mm&r=g\",\"caption\":\"Beatriz Rivas\"},\"description\":\"Beatriz Rivas studied photography at the Technological University of El Salvador and completed her studies in Marketing. She lives in El Salvador, where she develops her work as a photojournalist and videographer. Her work currently focuses on the world of communication and the creation of multimedia content, where she mainly offers her photography and video services to prestigious companies in El Salvador.\",\"url\":\"https:\\\/\\\/orato.world\\\/es\\\/author\\\/beatriz\\\/\"}]}<\/script>\n<!-- \/ Yoast SEO Premium plugin. -->","yoast_head_json":{"title":"Cosechas abundantes en El Salvador mientras el pa\u00eds celebra el D\u00eda Internacional del Trabajo - Orato","description":"Las colinas f\u00e9rtiles del norte y oeste de El Salvador producen la mayor\u00eda de los cultivos. Las carreteras atraviesan kil\u00f3metros de campos de caf\u00e9, ma\u00edz y hortalizas.","robots":{"index":"index","follow":"follow","max-snippet":"max-snippet:-1","max-image-preview":"max-image-preview:large","max-video-preview":"max-video-preview:-1"},"canonical":"https:\/\/orato.world\/es\/2022\/05\/02\/cosechas-abundantes-en-el-salvador-mientras-el-pais-celebra-el-dia-internacional-del-trabajo\/","og_locale":"es_ES","og_type":"article","og_title":"Cosechas abundantes en El Salvador mientras el pa\u00eds celebra el D\u00eda Internacional del Trabajo","og_description":"Las colinas f\u00e9rtiles del norte y oeste de El Salvador producen la mayor\u00eda de los cultivos. Las carreteras atraviesan kil\u00f3metros de campos de caf\u00e9, ma\u00edz y hortalizas.","og_url":"https:\/\/orato.world\/es\/2022\/05\/02\/cosechas-abundantes-en-el-salvador-mientras-el-pais-celebra-el-dia-internacional-del-trabajo\/","og_site_name":"Orato","article_publisher":"https:\/\/www.facebook.com\/OratoWorld\/","article_published_time":"2022-05-02T20:04:25+00:00","article_modified_time":"2022-05-04T19:41:26+00:00","og_image":[{"width":1400,"height":1050,"url":"https:\/\/orato.world\/wp-content\/uploads\/Labor-Day-7-1400x1050-1.jpg","type":"image\/jpeg"}],"author":"Beatriz Rivas","twitter_card":"summary_large_image","twitter_creator":"@oratoworld","twitter_site":"@oratoworld","twitter_misc":{"Escrito por":"Beatriz Rivas","Tiempo de lectura":"1 minuto"},"schema":{"@context":"https:\/\/schema.org","@graph":[{"@type":"NewsArticle","@id":"https:\/\/orato.world\/es\/2022\/05\/02\/cosechas-abundantes-en-el-salvador-mientras-el-pais-celebra-el-dia-internacional-del-trabajo\/#article","isPartOf":{"@id":"https:\/\/orato.world\/es\/2022\/05\/02\/cosechas-abundantes-en-el-salvador-mientras-el-pais-celebra-el-dia-internacional-del-trabajo\/"},"author":{"name":"Beatriz Rivas","@id":"https:\/\/orato.world\/es\/#\/schema\/person\/2839e807236c34518822eb2c01006b14"},"headline":"Cosechas abundantes en El Salvador mientras el pa\u00eds celebra el D\u00eda Internacional del Trabajo","datePublished":"2022-05-02T20:04:25+00:00","dateModified":"2022-05-04T19:41:26+00:00","mainEntityOfPage":{"@id":"https:\/\/orato.world\/es\/2022\/05\/02\/cosechas-abundantes-en-el-salvador-mientras-el-pais-celebra-el-dia-internacional-del-trabajo\/"},"wordCount":214,"commentCount":0,"publisher":{"@id":"https:\/\/orato.world\/es\/#organization"},"image":{"@id":"https:\/\/orato.world\/es\/2022\/05\/02\/cosechas-abundantes-en-el-salvador-mientras-el-pais-celebra-el-dia-internacional-del-trabajo\/#primaryimage"},"thumbnailUrl":"https:\/\/orato.world\/wp-content\/uploads\/Labor-Day-7-1400x1050-1.jpg","keywords":["Agricultura","Chalatenango","D\u00eda Internacional del Trabajo","El Salvador","Latinoam\u00e9rica","Sonsonate"],"articleSection":["Galer\u00eda de fotos"],"inLanguage":"es","potentialAction":[{"@type":"CommentAction","name":"Comment","target":["https:\/\/orato.world\/es\/2022\/05\/02\/cosechas-abundantes-en-el-salvador-mientras-el-pais-celebra-el-dia-internacional-del-trabajo\/#respond"]}]},{"@type":"WebPage","@id":"https:\/\/orato.world\/es\/2022\/05\/02\/cosechas-abundantes-en-el-salvador-mientras-el-pais-celebra-el-dia-internacional-del-trabajo\/","url":"https:\/\/orato.world\/es\/2022\/05\/02\/cosechas-abundantes-en-el-salvador-mientras-el-pais-celebra-el-dia-internacional-del-trabajo\/","name":"Cosechas abundantes en El Salvador mientras el pa\u00eds celebra el D\u00eda Internacional del Trabajo - Orato","isPartOf":{"@id":"https:\/\/orato.world\/es\/#website"},"primaryImageOfPage":{"@id":"https:\/\/orato.world\/es\/2022\/05\/02\/cosechas-abundantes-en-el-salvador-mientras-el-pais-celebra-el-dia-internacional-del-trabajo\/#primaryimage"},"image":{"@id":"https:\/\/orato.world\/es\/2022\/05\/02\/cosechas-abundantes-en-el-salvador-mientras-el-pais-celebra-el-dia-internacional-del-trabajo\/#primaryimage"},"thumbnailUrl":"https:\/\/orato.world\/wp-content\/uploads\/Labor-Day-7-1400x1050-1.jpg","datePublished":"2022-05-02T20:04:25+00:00","dateModified":"2022-05-04T19:41:26+00:00","description":"Las colinas f\u00e9rtiles del norte y oeste de El Salvador producen la mayor\u00eda de los cultivos. Las carreteras atraviesan kil\u00f3metros de campos de caf\u00e9, ma\u00edz y hortalizas.","breadcrumb":{"@id":"https:\/\/orato.world\/es\/2022\/05\/02\/cosechas-abundantes-en-el-salvador-mientras-el-pais-celebra-el-dia-internacional-del-trabajo\/#breadcrumb"},"inLanguage":"es","potentialAction":[{"@type":"ReadAction","target":["https:\/\/orato.world\/es\/2022\/05\/02\/cosechas-abundantes-en-el-salvador-mientras-el-pais-celebra-el-dia-internacional-del-trabajo\/"]}]},{"@type":"ImageObject","inLanguage":"es","@id":"https:\/\/orato.world\/es\/2022\/05\/02\/cosechas-abundantes-en-el-salvador-mientras-el-pais-celebra-el-dia-internacional-del-trabajo\/#primaryimage","url":"https:\/\/orato.world\/wp-content\/uploads\/Labor-Day-7-1400x1050-1.jpg","contentUrl":"https:\/\/orato.world\/wp-content\/uploads\/Labor-Day-7-1400x1050-1.jpg","width":1400,"height":1050},{"@type":"BreadcrumbList","@id":"https:\/\/orato.world\/es\/2022\/05\/02\/cosechas-abundantes-en-el-salvador-mientras-el-pais-celebra-el-dia-internacional-del-trabajo\/#breadcrumb","itemListElement":[{"@type":"ListItem","position":1,"name":"Home","item":"https:\/\/orato.world\/es\/"},{"@type":"ListItem","position":2,"name":"Cosechas abundantes en El Salvador mientras el pa\u00eds celebra el D\u00eda Internacional del Trabajo"}]},{"@type":"WebSite","@id":"https:\/\/orato.world\/es\/#website","url":"https:\/\/orato.world\/es\/","name":"Orato","description":"True Stories. Real People","publisher":{"@id":"https:\/\/orato.world\/es\/#organization"},"potentialAction":[{"@type":"SearchAction","target":{"@type":"EntryPoint","urlTemplate":"https:\/\/orato.world\/es\/?s={search_term_string}"},"query-input":{"@type":"PropertyValueSpecification","valueRequired":true,"valueName":"search_term_string"}}],"inLanguage":"es"},{"@type":"Organization","@id":"https:\/\/orato.world\/es\/#organization","name":"Orato World Media Inc.","url":"https:\/\/orato.world\/es\/","logo":{"@type":"ImageObject","inLanguage":"es","@id":"https:\/\/orato.world\/es\/#\/schema\/logo\/image\/","url":"https:\/\/orato.world\/wp-content\/uploads\/2020\/07\/orato-logo-transparent.png","contentUrl":"https:\/\/orato.world\/wp-content\/uploads\/2020\/07\/orato-logo-transparent.png","width":78,"height":73,"caption":"Orato World Media Inc."},"image":{"@id":"https:\/\/orato.world\/es\/#\/schema\/logo\/image\/"},"sameAs":["https:\/\/www.facebook.com\/OratoWorld\/","https:\/\/x.com\/oratoworld","https:\/\/www.instagram.com\/oratoworld","https:\/\/www.linkedin.com\/company\/42308818\/"]},{"@type":"Person","@id":"https:\/\/orato.world\/es\/#\/schema\/person\/2839e807236c34518822eb2c01006b14","name":"Beatriz Rivas","image":{"@type":"ImageObject","inLanguage":"es","@id":"https:\/\/secure.gravatar.com\/avatar\/df954897b71331734ebd52c0b189279e6827ff247864c9409bae06ea1bb6282b?s=96&d=mm&r=g","url":"https:\/\/secure.gravatar.com\/avatar\/df954897b71331734ebd52c0b189279e6827ff247864c9409bae06ea1bb6282b?s=96&d=mm&r=g","contentUrl":"https:\/\/secure.gravatar.com\/avatar\/df954897b71331734ebd52c0b189279e6827ff247864c9409bae06ea1bb6282b?s=96&d=mm&r=g","caption":"Beatriz Rivas"},"description":"Beatriz Rivas studied photography at the Technological University of El Salvador and completed her studies in Marketing. She lives in El Salvador, where she develops her work as a photojournalist and videographer. Her work currently focuses on the world of communication and the creation of multimedia content, where she mainly offers her photography and video services to prestigious companies in El Salvador.","url":"https:\/\/orato.world\/es\/author\/beatriz\/"}]}},"modified_by":null,"uagb_featured_image_src":{"full":["https:\/\/orato.world\/wp-content\/uploads\/Labor-Day-7-1400x1050-1.jpg",1400,1050,false],"thumbnail":["https:\/\/orato.world\/wp-content\/uploads\/Labor-Day-7-1400x1050-1-100x100.jpg",100,100,true],"medium":["https:\/\/orato.world\/wp-content\/uploads\/Labor-Day-7-1400x1050-1-300x225.jpg",300,225,true],"medium_large":["https:\/\/orato.world\/wp-content\/uploads\/Labor-Day-7-1400x1050-1-770x578.jpg",640,480,true],"large":["https:\/\/orato.world\/wp-content\/uploads\/Labor-Day-7-1400x1050-1-1024x768.jpg",640,480,true],"1536x1536":["https:\/\/orato.world\/wp-content\/uploads\/Labor-Day-7-1400x1050-1.jpg",1400,1050,false],"2048x2048":["https:\/\/orato.world\/wp-content\/uploads\/Labor-Day-7-1400x1050-1.jpg",1400,1050,false],"gallery-size":["https:\/\/orato.world\/wp-content\/uploads\/Labor-Day-7-1400x1050-1-533x400.jpg",533,400,true],"lets-review-360-240":["https:\/\/orato.world\/wp-content\/uploads\/Labor-Day-7-1400x1050-1-360x240.jpg",360,240,true],"gform-image-choice-sm":["https:\/\/orato.world\/wp-content\/uploads\/Labor-Day-7-1400x1050-1.jpg",300,225,false],"gform-image-choice-md":["https:\/\/orato.world\/wp-content\/uploads\/Labor-Day-7-1400x1050-1.jpg",400,300,false],"gform-image-choice-lg":["https:\/\/orato.world\/wp-content\/uploads\/Labor-Day-7-1400x1050-1.jpg",600,450,false],"awsm_team":["https:\/\/orato.world\/wp-content\/uploads\/Labor-Day-7-1400x1050-1-500x500.jpg",500,500,true]},"uagb_author_info":{"display_name":"Beatriz Rivas","author_link":"https:\/\/orato.world\/es\/author\/beatriz\/"},"uagb_comment_info":0,"uagb_excerpt":"Las colinas f\u00e9rtiles del norte y oeste de El Salvador producen la mayor\u00eda de los cultivos. En departamentos como Chalatenango, Sonsonate y Santa Ana, las carreteras atraviesan kil\u00f3metros de campos de ma\u00edz, caf\u00e9, arroz, ca\u00f1a de az\u00facar y hortalizas. El caf\u00e9, \"oro rojo\", es el cultivo comercial m\u00e1s grande del pa\u00eds.","_links":{"self":[{"href":"https:\/\/orato.world\/es\/wp-json\/wp\/v2\/posts\/35706","targetHints":{"allow":["GET"]}}],"collection":[{"href":"https:\/\/orato.world\/es\/wp-json\/wp\/v2\/posts"}],"about":[{"href":"https:\/\/orato.world\/es\/wp-json\/wp\/v2\/types\/post"}],"author":[{"embeddable":true,"href":"https:\/\/orato.world\/es\/wp-json\/wp\/v2\/users\/127"}],"replies":[{"embeddable":true,"href":"https:\/\/orato.world\/es\/wp-json\/wp\/v2\/comments?post=35706"}],"version-history":[{"count":0,"href":"https:\/\/orato.world\/es\/wp-json\/wp\/v2\/posts\/35706\/revisions"}],"wp:featuredmedia":[{"embeddable":true,"href":"https:\/\/orato.world\/es\/wp-json\/wp\/v2\/media\/64746"}],"wp:attachment":[{"href":"https:\/\/orato.world\/es\/wp-json\/wp\/v2\/media?parent=35706"}],"wp:term":[{"taxonomy":"category","embeddable":true,"href":"https:\/\/orato.world\/es\/wp-json\/wp\/v2\/categories?post=35706"},{"taxonomy":"post_tag","embeddable":true,"href":"https:\/\/orato.world\/es\/wp-json\/wp\/v2\/tags?post=35706"}],"curies":[{"name":"wp","href":"https:\/\/api.w.org\/{rel}","templated":true}]}}