{"id":42988,"date":"2022-07-07T05:00:00","date_gmt":"2022-07-07T12:00:00","guid":{"rendered":"https:\/\/orato.world\/2022\/07\/07\/hombre-en-silla-de-ruedas-en-argentina-se-convierte-en-bailarin-profesional\/"},"modified":"2022-07-13T07:41:26","modified_gmt":"2022-07-13T14:41:26","slug":"hombre-en-silla-de-ruedas-en-argentina-se-convierte-en-bailarin-profesional","status":"publish","type":"post","link":"https:\/\/orato.world\/es\/2022\/07\/07\/hombre-en-silla-de-ruedas-en-argentina-se-convierte-en-bailarin-profesional\/","title":{"rendered":"Hombre en silla de ruedas en Argentina se convierte en bailar\u00edn profesional"},"content":{"rendered":"<div class=\"lets-info-up-wrap  lets-info-up--right lets-info-up--m-1 lets-info-up-skin-1 lets-info-up--side\">\t\t\t<div class=\"lets-info-up\">\r\n\t\t\t<div class=\"lets-info-up-fi\"><img loading=\"lazy\" decoding=\"async\" width=\"500\" height=\"510\" src=\"https:\/\/orato.world\/wp-content\/uploads\/Screenshot_2022-07-04-12-02-42-012-500x510.jpg\" class=\"attachment-lets-info-up-d1 size-lets-info-up-d1\" alt=\"Mariano Landa\" srcset=\"https:\/\/orato.world\/wp-content\/uploads\/\/Screenshot_2022-07-04-12-02-42-012-500x510.jpg 500w, https:\/\/orato.world\/wp-content\/uploads\/\/Screenshot_2022-07-04-12-02-42-012-294x300.jpg 294w, https:\/\/orato.world\/wp-content\/uploads\/\/Screenshot_2022-07-04-12-02-42-012-70x70.jpg 70w, https:\/\/orato.world\/wp-content\/uploads\/\/Screenshot_2022-07-04-12-02-42-012-293x299.jpg 293w, https:\/\/orato.world\/wp-content\/uploads\/\/Screenshot_2022-07-04-12-02-42-012.jpg 719w\" sizes=\"auto, (max-width: 500px) 100vw, 500px\" \/><\/div>\t\t\t<div class=\"lets-info-up-block-wrap\">\r\n\t\t\t\t<div class=\"lets-info-up-block lets-info-up-meta-block\"><div class=\"lets-info-up-meta-title lets-info-up-pretitle font-h\">PROTAGONISTA<\/div><div class=\"lets-info-up-meta-content lets-info-up-title font-b\">Mariano Landa, de 40 a\u00f1os, ense\u00f1a danza y espect\u00e1culos circenses a discapacitados y pertenece a la compa\u00f1\u00eda <a href=\"https:\/\/companiadedanzasinfronteras.com\/\">Danza Sin Fronteras.<\/a> Diagnosticado con <a href=\"https:\/\/www.mda.org\/disease\/friedreichs-ataxia?gclid=Cj0KCQjwn4qWBhCvARIsAFNAMiiVpxksbZtHGBzSpzV8Xy3HMHS184vGSkGdZb3NutYg9MaQ4YF48yQaAqpkEALw_wcB&amp;gclsrc=aw.ds\">ataxia de Friederich<\/a> a los 19 a\u00f1os, ahora depende de una silla de ruedas y un scooter para moverse. Trabaja como t\u00e9cnico inform\u00e1tico durante el d\u00eda y ensaya por la noche.<br><br>Danza Sin Fronteras incluye int\u00e9rpretes confinados en sillas de ruedas y propone desarrollar un lenguaje art\u00edstico basado en el movimiento que revaloriza la identidad y personalidad cultural de Argentina y Am\u00e9rica Latina. El grupo comparte y transmite mensajes y experiencias en el tema de la danza junto a los derechos humanos.<\/div><\/div><div class=\"lets-info-up-block lets-info-up-meta-block\"><div class=\"lets-info-up-meta-title lets-info-up-pretitle font-h\">CONTEXTO<\/div><div class=\"lets-info-up-meta-content lets-info-up-title font-b\">Una de las actuaciones favoritas de Mariano fue en el Olympus Garage. El \u00abOlimpo\u00bb se denomina Centro Clandestino de Detenci\u00f3n, Tortura y Exterminio instalado en la Ciudad de Buenos Aires durante la \u00faltima dictadura c\u00edvico-militar (1976-1983). Estuvo operativo entre el 16 de agosto de 1978 y finales de enero de 1979, ubicado dentro de un garaje en el barrio Floresta. Se convirti\u00f3 en terminal de tranv\u00edas y estaci\u00f3n de autobuses. <a href=\"https:\/\/www.exccdolimpo.org.ar\/\">La actuaci\u00f3n es muy conmovedora.<\/a><br><br>Danza Sin Fronteras realiza muchos viajes y ha ido a Bah\u00eda Blanca, Bariloche y Mosc\u00fa, y actualmente est\u00e1n en conversaciones con Colombia. Los comentarios de la gente han sido tremendos y el grupo est\u00e1 creciendo.<\/div><\/div>\t\t\t<\/div>\r\n\t\t\t<\/div>\r\n\t\t<\/div>\r\n\t\t\n\n\n<p>BUENOS AIRES, Argentina\u2014Soy bailarin a\u00e9reo y miembro de un grupo de danza, pero mi arte existe en un mundo que se mantiene casi oculto al resto de la sociedad. Soy una de cada 50.000 personas que nacen con una rara enfermedad gen\u00e9tica llamada ataxia de Friederich.<\/p>\n\n\n\n<p>Diagnosticado con Ataxia a los 19 a\u00f1os, perd\u00ed la capacidad de caminar sin que alguien me sostuviera cada uno de los brazos. Eventualmente, comenc\u00e9 a usar una silla de ruedas.<\/p>\n\n\n\n<p>Las personas como yo experimentamos problemas ignorados por la mayor\u00eda de la sociedad, pero juntos, a trav\u00e9s de las artes, podemos lograr el cambio. Como instructor, ayudo a ni\u00f1os y compa\u00f1eros con <a href=\"https:\/\/orato.world\/es\/tag\/discapacidad-es-2\/\">discapacidades<\/a> a verse a s\u00ed mismos de manera diferente.<\/p>\n\n\n\n<p>Asumimos proyectos y nos asociamos con otros grupos en una b\u00fasqueda constante por ampliar los horizontes culturales, art\u00edsticos y simb\u00f3licos de la sociedad hacia la inclusi\u00f3n y la integraci\u00f3n. Buscamos la igualdad de derechos humanos y la convivencia respetuosa.<\/p>\n\n\n\n<p><strong>Joven pierde lentamente su capacidad para caminar, confin\u00e1ndolo a una silla de ruedas<\/strong><\/p>\n\n\n\n<p>A los 13 a\u00f1os, mostr\u00e9 los primeros signos de escoliosis. Seis a\u00f1os despu\u00e9s, comenc\u00e9 a sentir molestias en mi cuerpo. Los m\u00e9dicos realizaron pruebas y finalmente me enviaron a un neur\u00f3logo. Despu\u00e9s de mi diagn\u00f3stico supe que la Ataxia da\u00f1a el sistema nervioso, afectando la m\u00e9dula espinal y los nervios que controlan el movimiento de mis brazos y piernas.<\/p>\n\n\n\n<p>Mi madre descubri\u00f3 que en Espa\u00f1a viv\u00eda una poblaci\u00f3n m\u00e1s grande de hispanohablantes con ataxia. Viajamos con mi hermano, que es portador de la enfermedad, de Argentina a Espa\u00f1a. Ir a Espa\u00f1a me abri\u00f3 la mente a nuevas posibilidades porque conoc\u00ed gente como yo. Quer\u00eda intentar vivir mi vida lo m\u00e1s normal posible.<\/p>\n\n\n\n<p>De regreso a casa, segu\u00ed saliendo y asistiendo a recitales, pero pronto necesit\u00e9 a alguien que me sostuviera del brazo para caminar. Entonces, necesitaba gente a cada lado. En poco tiempo, necesitaba la ayuda de otras personas todo el tiempo.<\/p>\n\n\n\n<p>Cuando me fui de viaje a Londres para visitar a mi primo, le ped\u00ed que me alquilara una silla de ruedas. Al sentarme en ella por primera vez, sent\u00ed que finalmente pod\u00eda relajarme. Perder mi capacidad para caminar me impidi\u00f3 ser m\u00f3vil. La silla de ruedas me hizo sentir c\u00f3moda. Adem\u00e1s de mi silla de ruedas, compr\u00e9 un scooter en Londres y comenc\u00e9 a ir a lugares cercanos a mi casa. Gan\u00e9 mucha independencia.<\/p>\n\n\n\n<p><strong>La danza lo libera<\/strong><\/p>\n\n\n\n<p>Mientras mi madre estaba ocupada creando la <a href=\"https:\/\/www.atar.org.ar\/\">Asociaci\u00f3n Civil de Ataxia de Argentina (ATAR)<\/a>, fui tomando conciencia de mi enfermedad y sus limitaciones. Me preguntaba qu\u00e9 pod\u00eda hacer para mejorar mi vida. Entonces, un profesor que conoc\u00edamos me propuso tomar clases de danza a\u00e9rea en un espacio circense cercano.<\/p>\n\n\n\n<p>Nunca hab\u00eda hecho nada parecido a bailar en el aire con un arn\u00e9s. Lo prob\u00e9 y mi entusiasmo creci\u00f3 r\u00e1pidamente. Al principio, alguien ten\u00eda que ayudarme, pero pronto pude hacer toda la clase solo. Me encant\u00f3 y comenc\u00e9 a probar otras t\u00e9cnicas usando tela, trapecio y cuerda. Los movimientos eran mucho m\u00e1s dif\u00edciles sin el uso de las piernas, pero persever\u00e9.<\/p>\n\n\n<div class=\"wp-block-image\">\n<figure class=\"aligncenter size-full\"><img loading=\"lazy\" decoding=\"async\" width=\"960\" height=\"960\" src=\"https:\/\/orato.world\/wp-content\/uploads\/dwb-is1.jpeg\" alt=\"Sesi\u00f3n de ensayo con el grupo.\" class=\"wp-image-42256\" srcset=\"https:\/\/orato.world\/wp-content\/uploads\/\/dwb-is1.jpeg 960w, https:\/\/orato.world\/wp-content\/uploads\/\/dwb-is1-300x300.jpeg 300w, https:\/\/orato.world\/wp-content\/uploads\/\/dwb-is1-100x100.jpeg 100w, https:\/\/orato.world\/wp-content\/uploads\/\/dwb-is1-770x770.jpeg 770w, https:\/\/orato.world\/wp-content\/uploads\/\/dwb-is1-150x150.jpeg 150w, https:\/\/orato.world\/wp-content\/uploads\/\/dwb-is1-70x70.jpeg 70w, https:\/\/orato.world\/wp-content\/uploads\/\/dwb-is1-293x293.jpeg 293w, https:\/\/orato.world\/wp-content\/uploads\/\/dwb-is1-390x390.jpeg 390w, https:\/\/orato.world\/wp-content\/uploads\/\/dwb-is1-585x585.jpeg 585w, https:\/\/orato.world\/wp-content\/uploads\/\/dwb-is1-900x900.jpeg 900w, https:\/\/orato.world\/wp-content\/uploads\/\/dwb-is1-500x500.jpeg 500w\" sizes=\"auto, (max-width: 960px) 100vw, 960px\" \/><figcaption>Sesi\u00f3n de ensayo con el grupo | <strong>Foto cortes\u00eda: Danzas sin Fronteras<\/strong><\/figcaption><\/figure>\n<\/div>\n\n\n<p>Al ver mi motivaci\u00f3n, el personal me sugiri\u00f3 que me convirtiera en profesor de ni\u00f1os con discapacidades. Creci\u00f3 la conciencia de mi capacidad de hacer m\u00e1s y comenc\u00e9 a pensar en todas las cosas que pod\u00eda lograr. Esto marc\u00f3 el comienzo de la expresi\u00f3n art\u00edstica en mi vida.<\/p>\n\n\n\n<p>Mi arte comenz\u00f3 a contar otra historia, desde la inexplicable dificultad de estar confinado a una silla, hasta la libertad de movimiento que experiment\u00e9 en la danza.<\/p>\n\n\n\n<p><strong>Danza Sin Fronteras ofrece nuevas oportunidades<\/strong><\/p>\n\n\n\n<p>Empec\u00e9 a preguntarme si el flujo que experimentaba en la danza a\u00e9rea se pod\u00eda hacer desde mi silla de ruedas. Mientras estudiaba el tema, recib\u00ed una llamada de Mariana Chilliutti de Dance Without Borders, un grupo de danza que incluye bailarines sin discapacidad junto con personas en sillas de ruedas.<\/p>\n\n\n\n<p>Asist\u00ed a sus ensayos y en poco tiempo me un\u00ed oficialmente. Convertirse en miembro de Dance Without Borders hace seis a\u00f1os fue como abordar un tren que nunca se detiene. Ese tren contin\u00faa avanzando todos los d\u00edas.<\/p>\n\n\n\n<p>Nos reunimos para ensayar en una sala con piso de madera. Dos de nosotros bailamos desde nuestras sillas de ruedas con otros cinco bailarines. Tres personas m\u00e1s trabajan con nosotros en producci\u00f3n y direcci\u00f3n mientras exploramos el tango, el folklore y la danza contempor\u00e1nea.<\/p>\n\n\n\n<p>La actividad en el ensayo est\u00e1 guiada por lo que llamamos propuestas de presentaci\u00f3n. Probamos e improvisamos en funci\u00f3n de las necesidades y deseos del grupo. Aunque recibimos direcci\u00f3n, nunca se siente r\u00edgido. Aceptamos el aporte de cada persona. Movi\u00e9ndonos en sincron\u00eda con el amor, encajamos juntos en el escenario mientras llevamos a cabo nuestros planes.<\/p>\n\n\n\n<p>As\u00ed es como se desarrollan mis d\u00edas. Trabajo desde la ma\u00f1ana hasta la tarde como reparador de computadoras. Llevo mi scooter al ensayo y llevo todo lo que necesito a mi silla de ruedas. Calentamos y empezamos, y bailamos toda la noche.<\/p>\n\n\n\n<p><strong>El mundo para las personas en silla de ruedas<\/strong><\/p>\n\n\n\n<p>Siendo una persona en silla de ruedas interactuando con el mundo, encuentro un ambiente entre dif\u00edcil y hostil. Muy a menudo, los ba\u00f1os p\u00fablicos no est\u00e1n adaptados para la accesibilidad de sillas de ruedas.<\/p>\n\n\n\n<p>Las personas carecen de educaci\u00f3n y experimentan desinformaci\u00f3n, creando una predisposici\u00f3n a la ignorancia. Las leyes en Buenos Aires indican que los espacios p\u00fablicos, sean nuevos o viejos, deben tener un ba\u00f1o adaptado, pero la accesibilidad sigue siendo una idea de \u00faltimo momento.<\/p>\n\n\n\n<p>Me hace imposible moverme. Si bien hay excepciones, parece que la mayor\u00eda de los arquitectos hacen las cosas sin tener en cuenta la accesibilidad. Muy a menudo, nos invitan a actuar en alg\u00fan lugar, pero cuando llegamos, encontramos pasos detr\u00e1s del escenario. Por lo general, no hay rampas y, si las hay, tienen escalones entre ellas. No tiene sentido.<\/p>\n\n\n\n<p>Esto ocurre incluso en hospitales p\u00fablicos y privados. La ciudad tiene muchas rampas pero necesita m\u00e1s. A la gente como yo le cuesta llegar al metro y viajar en autob\u00fas. A pesar de todo esto, trato de no estar re\u00f1ido con el contexto que me rodea ni de proyectar esa hostilidad hacia mi entorno.<\/p>\n\n\n\n<p><strong>Cambiando la sociedad una persona a la vez<\/strong><\/p>\n\n\n\n<p>Como miembro de Dance Without Borders, quiero transformar la mente de las personas, para que ya no nos vean como extra\u00f1os. Seguimos buscando maneras de hacer lo que mejor sabemos hacer, que es bailar, pero tengo proyectos futuros en mente.<\/p>\n\n\n<div class=\"wp-block-image\">\n<figure class=\"aligncenter size-full\"><img loading=\"lazy\" decoding=\"async\" width=\"853\" height=\"853\" src=\"https:\/\/orato.world\/wp-content\/uploads\/dwb-is2.jpeg\" alt=\"Una presentaci\u00f3n de baile del grupo\" class=\"wp-image-42258\" srcset=\"https:\/\/orato.world\/wp-content\/uploads\/\/dwb-is2.jpeg 853w, https:\/\/orato.world\/wp-content\/uploads\/\/dwb-is2-300x300.jpeg 300w, https:\/\/orato.world\/wp-content\/uploads\/\/dwb-is2-100x100.jpeg 100w, https:\/\/orato.world\/wp-content\/uploads\/\/dwb-is2-770x770.jpeg 770w, https:\/\/orato.world\/wp-content\/uploads\/\/dwb-is2-150x150.jpeg 150w, https:\/\/orato.world\/wp-content\/uploads\/\/dwb-is2-70x70.jpeg 70w, https:\/\/orato.world\/wp-content\/uploads\/\/dwb-is2-293x293.jpeg 293w, https:\/\/orato.world\/wp-content\/uploads\/\/dwb-is2-390x390.jpeg 390w, https:\/\/orato.world\/wp-content\/uploads\/\/dwb-is2-585x585.jpeg 585w, https:\/\/orato.world\/wp-content\/uploads\/\/dwb-is2-500x500.jpeg 500w\" sizes=\"auto, (max-width: 853px) 100vw, 853px\" \/><figcaption>Una presentaci\u00f3n de danza del grupo | <strong>Foto cortes\u00eda: Danzas sin Fronteras<\/strong><\/figcaption><\/figure>\n<\/div>\n\n\n<p>Seguir ense\u00f1ando es fundamental. El arte resulta transformador para mis alumnos. Se convierten en alguien nuevo y ganan una mayor presencia en la sociedad. La danza los despierta, mejora su conexi\u00f3n y les permite tener nuevas reacciones a la vida. Ganan fuerza y seguridad.<\/p>\n\n\n\n<p>Continuar\u00e9 bailando y me asegurar\u00e9 de permanecer conectados con la visi\u00f3n m\u00e1s amplia de nuestra comunidad. Durante la pandemia, nos unimos a un grupo llamado <a href=\"https:\/\/www.instagram.com\/frente_emergencia_danza\/?hl=e\">Frente de Emergencia de la Danza<\/a> o Emergency Dance Front, un colectivo estrat\u00e9gico de grupos y organizaciones que trabajan juntos para obtener recursos. Juntos generamos proyectos, recaudamos apoyos, abogamos y financiamos la danza para todos.<\/p>\n\n\n\n<p>El colectivo conecta pa\u00edses de todo el mundo y permiti\u00f3 que muchos pa\u00edses latinoamericanos con recursos econ\u00f3micos m\u00ednimos asistieran a la tercera conferencia anual de danza latinoamericana.<\/p>\n\n\n\n<p>Tanto a nivel local como colectivo, planeo trabajar con personas discapacitadas en las artes, la danza y el circo porque <a href=\"https:\/\/www.instagram.com\/redes.asociacion\">creemos que todas las personas tienen derecho a disfrutar de estos espacios<\/a>. Como la visi\u00f3n art\u00edstica nos llama, vemos que nuestros sue\u00f1os pueden materializarse.<\/p>\n","protected":false},"excerpt":{"rendered":"<p>Justo cuando comenc\u00e9 a comprender mi enfermedad y sus limitaciones, creci\u00f3 la conciencia de mi capacidad para hacer m\u00e1s. Empec\u00e9 a pensar en todas las cosas que podr\u00eda lograr. Esto marc\u00f3 el comienzo de la expresi\u00f3n art\u00edstica en mi vida.<\/p>\n","protected":false},"author":28,"featured_media":42248,"comment_status":"open","ping_status":"open","sticky":false,"template":"","format":"standard","meta":{"_acf_changed":false,"_uag_custom_page_level_css":"","_lmt_disableupdate":"","_lmt_disable":"","footnotes":""},"categories":[1617],"tags":[193,2316,1976,557,3404,3406,1469,3405],"class_list":["post-42988","post","type-post","status-publish","format-standard","has-post-thumbnail","hentry","category-arte-y-cultura-es","tag-argentina-es","tag-baile-en-silla-de-ruedas","tag-buenos-aires-es","tag-dance-es","tag-danza-sin-fronteras","tag-danzas-sin-fronteras-es","tag-discapacidad-es-2","tag-friedreich-ataxia-es"],"acf":[],"yoast_head":"<!-- This site is optimized with the Yoast SEO Premium plugin v27.4 (Yoast SEO v27.4) - https:\/\/yoast.com\/product\/yoast-seo-premium-wordpress\/ -->\n<title>Bonaerense en silla de ruedas se une a Danza sin Fronteras<\/title>\n<meta name=\"description\" content=\"Parte de la compa\u00f1\u00eda Danza Sin Fronteras, Mariano Landa ense\u00f1a danza y espect\u00e1culos circenses a personas con discapacidad.\" \/>\n<meta name=\"robots\" content=\"index, follow, max-snippet:-1, max-image-preview:large, max-video-preview:-1\" \/>\n<link rel=\"canonical\" href=\"https:\/\/orato.world\/es\/2022\/07\/07\/hombre-en-silla-de-ruedas-en-argentina-se-convierte-en-bailarin-profesional\/\" \/>\n<meta property=\"og:locale\" content=\"es_ES\" \/>\n<meta property=\"og:type\" content=\"article\" \/>\n<meta property=\"og:title\" content=\"Hombre en silla de ruedas en Argentina se convierte en bailar\u00edn profesional\" \/>\n<meta property=\"og:description\" content=\"Parte de la compa\u00f1\u00eda Danza Sin Fronteras, Mariano Landa ense\u00f1a danza y espect\u00e1culos circenses a personas con discapacidad.\" \/>\n<meta property=\"og:url\" content=\"https:\/\/orato.world\/es\/2022\/07\/07\/hombre-en-silla-de-ruedas-en-argentina-se-convierte-en-bailarin-profesional\/\" \/>\n<meta property=\"og:site_name\" content=\"Orato\" \/>\n<meta property=\"article:publisher\" content=\"https:\/\/www.facebook.com\/OratoWorld\/\" \/>\n<meta property=\"article:published_time\" content=\"2022-07-07T12:00:00+00:00\" \/>\n<meta property=\"article:modified_time\" content=\"2022-07-13T14:41:26+00:00\" \/>\n<meta property=\"og:image\" content=\"https:\/\/orato.world\/wp-content\/uploads\/dwb-f.jpeg\" \/>\n\t<meta property=\"og:image:width\" content=\"1137\" \/>\n\t<meta property=\"og:image:height\" content=\"853\" \/>\n\t<meta property=\"og:image:type\" content=\"image\/jpeg\" \/>\n<meta name=\"author\" content=\"Mariela Laksman\" \/>\n<meta name=\"twitter:card\" content=\"summary_large_image\" \/>\n<meta name=\"twitter:creator\" content=\"@oratoworld\" \/>\n<meta name=\"twitter:site\" content=\"@oratoworld\" \/>\n<meta name=\"twitter:label1\" content=\"Escrito por\" \/>\n\t<meta name=\"twitter:data1\" content=\"Mariela Laksman\" \/>\n\t<meta name=\"twitter:label2\" content=\"Tiempo de lectura\" \/>\n\t<meta name=\"twitter:data2\" content=\"6 minutos\" \/>\n<script type=\"application\/ld+json\" class=\"yoast-schema-graph\">{\"@context\":\"https:\\\/\\\/schema.org\",\"@graph\":[{\"@type\":\"NewsArticle\",\"@id\":\"https:\\\/\\\/orato.world\\\/es\\\/2022\\\/07\\\/07\\\/hombre-en-silla-de-ruedas-en-argentina-se-convierte-en-bailarin-profesional\\\/#article\",\"isPartOf\":{\"@id\":\"https:\\\/\\\/orato.world\\\/es\\\/2022\\\/07\\\/07\\\/hombre-en-silla-de-ruedas-en-argentina-se-convierte-en-bailarin-profesional\\\/\"},\"author\":{\"name\":\"Mariela Laksman\",\"@id\":\"https:\\\/\\\/orato.world\\\/es\\\/#\\\/schema\\\/person\\\/d4a4a9a63551641850068c20e93613a5\"},\"headline\":\"Hombre en silla de ruedas en Argentina se convierte en bailar\u00edn profesional\",\"datePublished\":\"2022-07-07T12:00:00+00:00\",\"dateModified\":\"2022-07-13T14:41:26+00:00\",\"mainEntityOfPage\":{\"@id\":\"https:\\\/\\\/orato.world\\\/es\\\/2022\\\/07\\\/07\\\/hombre-en-silla-de-ruedas-en-argentina-se-convierte-en-bailarin-profesional\\\/\"},\"wordCount\":1375,\"commentCount\":0,\"publisher\":{\"@id\":\"https:\\\/\\\/orato.world\\\/es\\\/#organization\"},\"image\":{\"@id\":\"https:\\\/\\\/orato.world\\\/es\\\/2022\\\/07\\\/07\\\/hombre-en-silla-de-ruedas-en-argentina-se-convierte-en-bailarin-profesional\\\/#primaryimage\"},\"thumbnailUrl\":\"https:\\\/\\\/orato.world\\\/wp-content\\\/uploads\\\/dwb-f.jpeg\",\"keywords\":[\"Argentina\",\"Baile en silla de ruedas\",\"Buenos Aires\",\"Dance\",\"Danza Sin Fronteras\",\"danzas sin fronteras\",\"Discapacidad\",\"Friedreich ataxia\"],\"articleSection\":[\"Arte y Cultura\"],\"inLanguage\":\"es\",\"potentialAction\":[{\"@type\":\"CommentAction\",\"name\":\"Comment\",\"target\":[\"https:\\\/\\\/orato.world\\\/es\\\/2022\\\/07\\\/07\\\/hombre-en-silla-de-ruedas-en-argentina-se-convierte-en-bailarin-profesional\\\/#respond\"]}]},{\"@type\":\"WebPage\",\"@id\":\"https:\\\/\\\/orato.world\\\/es\\\/2022\\\/07\\\/07\\\/hombre-en-silla-de-ruedas-en-argentina-se-convierte-en-bailarin-profesional\\\/\",\"url\":\"https:\\\/\\\/orato.world\\\/es\\\/2022\\\/07\\\/07\\\/hombre-en-silla-de-ruedas-en-argentina-se-convierte-en-bailarin-profesional\\\/\",\"name\":\"Bonaerense en silla de ruedas se une a Danza sin Fronteras\",\"isPartOf\":{\"@id\":\"https:\\\/\\\/orato.world\\\/es\\\/#website\"},\"primaryImageOfPage\":{\"@id\":\"https:\\\/\\\/orato.world\\\/es\\\/2022\\\/07\\\/07\\\/hombre-en-silla-de-ruedas-en-argentina-se-convierte-en-bailarin-profesional\\\/#primaryimage\"},\"image\":{\"@id\":\"https:\\\/\\\/orato.world\\\/es\\\/2022\\\/07\\\/07\\\/hombre-en-silla-de-ruedas-en-argentina-se-convierte-en-bailarin-profesional\\\/#primaryimage\"},\"thumbnailUrl\":\"https:\\\/\\\/orato.world\\\/wp-content\\\/uploads\\\/dwb-f.jpeg\",\"datePublished\":\"2022-07-07T12:00:00+00:00\",\"dateModified\":\"2022-07-13T14:41:26+00:00\",\"description\":\"Parte de la compa\u00f1\u00eda Danza Sin Fronteras, Mariano Landa ense\u00f1a danza y espect\u00e1culos circenses a personas con discapacidad.\",\"breadcrumb\":{\"@id\":\"https:\\\/\\\/orato.world\\\/es\\\/2022\\\/07\\\/07\\\/hombre-en-silla-de-ruedas-en-argentina-se-convierte-en-bailarin-profesional\\\/#breadcrumb\"},\"inLanguage\":\"es\",\"potentialAction\":[{\"@type\":\"ReadAction\",\"target\":[\"https:\\\/\\\/orato.world\\\/es\\\/2022\\\/07\\\/07\\\/hombre-en-silla-de-ruedas-en-argentina-se-convierte-en-bailarin-profesional\\\/\"]}]},{\"@type\":\"ImageObject\",\"inLanguage\":\"es\",\"@id\":\"https:\\\/\\\/orato.world\\\/es\\\/2022\\\/07\\\/07\\\/hombre-en-silla-de-ruedas-en-argentina-se-convierte-en-bailarin-profesional\\\/#primaryimage\",\"url\":\"https:\\\/\\\/orato.world\\\/wp-content\\\/uploads\\\/dwb-f.jpeg\",\"contentUrl\":\"https:\\\/\\\/orato.world\\\/wp-content\\\/uploads\\\/dwb-f.jpeg\",\"width\":1137,\"height\":853,\"caption\":\"Mariano Landa in a dance presentation with the group, dances without borders\"},{\"@type\":\"BreadcrumbList\",\"@id\":\"https:\\\/\\\/orato.world\\\/es\\\/2022\\\/07\\\/07\\\/hombre-en-silla-de-ruedas-en-argentina-se-convierte-en-bailarin-profesional\\\/#breadcrumb\",\"itemListElement\":[{\"@type\":\"ListItem\",\"position\":1,\"name\":\"Home\",\"item\":\"https:\\\/\\\/orato.world\\\/es\\\/\"},{\"@type\":\"ListItem\",\"position\":2,\"name\":\"Hombre en silla de ruedas en Argentina se convierte en bailar\u00edn profesional\"}]},{\"@type\":\"WebSite\",\"@id\":\"https:\\\/\\\/orato.world\\\/es\\\/#website\",\"url\":\"https:\\\/\\\/orato.world\\\/es\\\/\",\"name\":\"Orato\",\"description\":\"True Stories. Real People\",\"publisher\":{\"@id\":\"https:\\\/\\\/orato.world\\\/es\\\/#organization\"},\"potentialAction\":[{\"@type\":\"SearchAction\",\"target\":{\"@type\":\"EntryPoint\",\"urlTemplate\":\"https:\\\/\\\/orato.world\\\/es\\\/?s={search_term_string}\"},\"query-input\":{\"@type\":\"PropertyValueSpecification\",\"valueRequired\":true,\"valueName\":\"search_term_string\"}}],\"inLanguage\":\"es\"},{\"@type\":\"Organization\",\"@id\":\"https:\\\/\\\/orato.world\\\/es\\\/#organization\",\"name\":\"Orato World Media Inc.\",\"url\":\"https:\\\/\\\/orato.world\\\/es\\\/\",\"logo\":{\"@type\":\"ImageObject\",\"inLanguage\":\"es\",\"@id\":\"https:\\\/\\\/orato.world\\\/es\\\/#\\\/schema\\\/logo\\\/image\\\/\",\"url\":\"https:\\\/\\\/orato.world\\\/wp-content\\\/uploads\\\/2020\\\/07\\\/orato-logo-transparent.png\",\"contentUrl\":\"https:\\\/\\\/orato.world\\\/wp-content\\\/uploads\\\/2020\\\/07\\\/orato-logo-transparent.png\",\"width\":78,\"height\":73,\"caption\":\"Orato World Media Inc.\"},\"image\":{\"@id\":\"https:\\\/\\\/orato.world\\\/es\\\/#\\\/schema\\\/logo\\\/image\\\/\"},\"sameAs\":[\"https:\\\/\\\/www.facebook.com\\\/OratoWorld\\\/\",\"https:\\\/\\\/x.com\\\/oratoworld\",\"https:\\\/\\\/www.instagram.com\\\/oratoworld\",\"https:\\\/\\\/www.linkedin.com\\\/company\\\/42308818\\\/\"]},{\"@type\":\"Person\",\"@id\":\"https:\\\/\\\/orato.world\\\/es\\\/#\\\/schema\\\/person\\\/d4a4a9a63551641850068c20e93613a5\",\"name\":\"Mariela Laksman\",\"image\":{\"@type\":\"ImageObject\",\"inLanguage\":\"es\",\"@id\":\"https:\\\/\\\/secure.gravatar.com\\\/avatar\\\/133ba1b69c2a2b7c782cce9999c26555b6bc9af9e382e5e8f8e3fc285015d1b7?s=96&d=mm&r=g\",\"url\":\"https:\\\/\\\/secure.gravatar.com\\\/avatar\\\/133ba1b69c2a2b7c782cce9999c26555b6bc9af9e382e5e8f8e3fc285015d1b7?s=96&d=mm&r=g\",\"contentUrl\":\"https:\\\/\\\/secure.gravatar.com\\\/avatar\\\/133ba1b69c2a2b7c782cce9999c26555b6bc9af9e382e5e8f8e3fc285015d1b7?s=96&d=mm&r=g\",\"caption\":\"Mariela Laksman\"},\"description\":\"Image and Sound Designer, Integral Audiovisual and Journalistic Producer, writer, and teacher. I started working when I was very young; Since 2001, I was a producer for different television programs, documentary films, radio, and generating creative content for different organizations and companies. I won the award: \\\"Nuevo Sudaca Border\\\" with the microfiction book \\\"Un Tigre con la Boca Abierta\\\", for Eloisa Cartonera Editorial. I am passionate about telling stories and writing.\",\"url\":\"https:\\\/\\\/orato.world\\\/es\\\/author\\\/mariela-laksman\\\/\"}]}<\/script>\n<!-- \/ Yoast SEO Premium plugin. -->","yoast_head_json":{"title":"Bonaerense en silla de ruedas se une a Danza sin Fronteras","description":"Parte de la compa\u00f1\u00eda Danza Sin Fronteras, Mariano Landa ense\u00f1a danza y espect\u00e1culos circenses a personas con discapacidad.","robots":{"index":"index","follow":"follow","max-snippet":"max-snippet:-1","max-image-preview":"max-image-preview:large","max-video-preview":"max-video-preview:-1"},"canonical":"https:\/\/orato.world\/es\/2022\/07\/07\/hombre-en-silla-de-ruedas-en-argentina-se-convierte-en-bailarin-profesional\/","og_locale":"es_ES","og_type":"article","og_title":"Hombre en silla de ruedas en Argentina se convierte en bailar\u00edn profesional","og_description":"Parte de la compa\u00f1\u00eda Danza Sin Fronteras, Mariano Landa ense\u00f1a danza y espect\u00e1culos circenses a personas con discapacidad.","og_url":"https:\/\/orato.world\/es\/2022\/07\/07\/hombre-en-silla-de-ruedas-en-argentina-se-convierte-en-bailarin-profesional\/","og_site_name":"Orato","article_publisher":"https:\/\/www.facebook.com\/OratoWorld\/","article_published_time":"2022-07-07T12:00:00+00:00","article_modified_time":"2022-07-13T14:41:26+00:00","og_image":[{"width":1137,"height":853,"url":"https:\/\/orato.world\/wp-content\/uploads\/dwb-f.jpeg","type":"image\/jpeg"}],"author":"Mariela Laksman","twitter_card":"summary_large_image","twitter_creator":"@oratoworld","twitter_site":"@oratoworld","twitter_misc":{"Escrito por":"Mariela Laksman","Tiempo de lectura":"6 minutos"},"schema":{"@context":"https:\/\/schema.org","@graph":[{"@type":"NewsArticle","@id":"https:\/\/orato.world\/es\/2022\/07\/07\/hombre-en-silla-de-ruedas-en-argentina-se-convierte-en-bailarin-profesional\/#article","isPartOf":{"@id":"https:\/\/orato.world\/es\/2022\/07\/07\/hombre-en-silla-de-ruedas-en-argentina-se-convierte-en-bailarin-profesional\/"},"author":{"name":"Mariela Laksman","@id":"https:\/\/orato.world\/es\/#\/schema\/person\/d4a4a9a63551641850068c20e93613a5"},"headline":"Hombre en silla de ruedas en Argentina se convierte en bailar\u00edn profesional","datePublished":"2022-07-07T12:00:00+00:00","dateModified":"2022-07-13T14:41:26+00:00","mainEntityOfPage":{"@id":"https:\/\/orato.world\/es\/2022\/07\/07\/hombre-en-silla-de-ruedas-en-argentina-se-convierte-en-bailarin-profesional\/"},"wordCount":1375,"commentCount":0,"publisher":{"@id":"https:\/\/orato.world\/es\/#organization"},"image":{"@id":"https:\/\/orato.world\/es\/2022\/07\/07\/hombre-en-silla-de-ruedas-en-argentina-se-convierte-en-bailarin-profesional\/#primaryimage"},"thumbnailUrl":"https:\/\/orato.world\/wp-content\/uploads\/dwb-f.jpeg","keywords":["Argentina","Baile en silla de ruedas","Buenos Aires","Dance","Danza Sin Fronteras","danzas sin fronteras","Discapacidad","Friedreich ataxia"],"articleSection":["Arte y Cultura"],"inLanguage":"es","potentialAction":[{"@type":"CommentAction","name":"Comment","target":["https:\/\/orato.world\/es\/2022\/07\/07\/hombre-en-silla-de-ruedas-en-argentina-se-convierte-en-bailarin-profesional\/#respond"]}]},{"@type":"WebPage","@id":"https:\/\/orato.world\/es\/2022\/07\/07\/hombre-en-silla-de-ruedas-en-argentina-se-convierte-en-bailarin-profesional\/","url":"https:\/\/orato.world\/es\/2022\/07\/07\/hombre-en-silla-de-ruedas-en-argentina-se-convierte-en-bailarin-profesional\/","name":"Bonaerense en silla de ruedas se une a Danza sin Fronteras","isPartOf":{"@id":"https:\/\/orato.world\/es\/#website"},"primaryImageOfPage":{"@id":"https:\/\/orato.world\/es\/2022\/07\/07\/hombre-en-silla-de-ruedas-en-argentina-se-convierte-en-bailarin-profesional\/#primaryimage"},"image":{"@id":"https:\/\/orato.world\/es\/2022\/07\/07\/hombre-en-silla-de-ruedas-en-argentina-se-convierte-en-bailarin-profesional\/#primaryimage"},"thumbnailUrl":"https:\/\/orato.world\/wp-content\/uploads\/dwb-f.jpeg","datePublished":"2022-07-07T12:00:00+00:00","dateModified":"2022-07-13T14:41:26+00:00","description":"Parte de la compa\u00f1\u00eda Danza Sin Fronteras, Mariano Landa ense\u00f1a danza y espect\u00e1culos circenses a personas con discapacidad.","breadcrumb":{"@id":"https:\/\/orato.world\/es\/2022\/07\/07\/hombre-en-silla-de-ruedas-en-argentina-se-convierte-en-bailarin-profesional\/#breadcrumb"},"inLanguage":"es","potentialAction":[{"@type":"ReadAction","target":["https:\/\/orato.world\/es\/2022\/07\/07\/hombre-en-silla-de-ruedas-en-argentina-se-convierte-en-bailarin-profesional\/"]}]},{"@type":"ImageObject","inLanguage":"es","@id":"https:\/\/orato.world\/es\/2022\/07\/07\/hombre-en-silla-de-ruedas-en-argentina-se-convierte-en-bailarin-profesional\/#primaryimage","url":"https:\/\/orato.world\/wp-content\/uploads\/dwb-f.jpeg","contentUrl":"https:\/\/orato.world\/wp-content\/uploads\/dwb-f.jpeg","width":1137,"height":853,"caption":"Mariano Landa in a dance presentation with the group, dances without borders"},{"@type":"BreadcrumbList","@id":"https:\/\/orato.world\/es\/2022\/07\/07\/hombre-en-silla-de-ruedas-en-argentina-se-convierte-en-bailarin-profesional\/#breadcrumb","itemListElement":[{"@type":"ListItem","position":1,"name":"Home","item":"https:\/\/orato.world\/es\/"},{"@type":"ListItem","position":2,"name":"Hombre en silla de ruedas en Argentina se convierte en bailar\u00edn profesional"}]},{"@type":"WebSite","@id":"https:\/\/orato.world\/es\/#website","url":"https:\/\/orato.world\/es\/","name":"Orato","description":"True Stories. Real People","publisher":{"@id":"https:\/\/orato.world\/es\/#organization"},"potentialAction":[{"@type":"SearchAction","target":{"@type":"EntryPoint","urlTemplate":"https:\/\/orato.world\/es\/?s={search_term_string}"},"query-input":{"@type":"PropertyValueSpecification","valueRequired":true,"valueName":"search_term_string"}}],"inLanguage":"es"},{"@type":"Organization","@id":"https:\/\/orato.world\/es\/#organization","name":"Orato World Media Inc.","url":"https:\/\/orato.world\/es\/","logo":{"@type":"ImageObject","inLanguage":"es","@id":"https:\/\/orato.world\/es\/#\/schema\/logo\/image\/","url":"https:\/\/orato.world\/wp-content\/uploads\/2020\/07\/orato-logo-transparent.png","contentUrl":"https:\/\/orato.world\/wp-content\/uploads\/2020\/07\/orato-logo-transparent.png","width":78,"height":73,"caption":"Orato World Media Inc."},"image":{"@id":"https:\/\/orato.world\/es\/#\/schema\/logo\/image\/"},"sameAs":["https:\/\/www.facebook.com\/OratoWorld\/","https:\/\/x.com\/oratoworld","https:\/\/www.instagram.com\/oratoworld","https:\/\/www.linkedin.com\/company\/42308818\/"]},{"@type":"Person","@id":"https:\/\/orato.world\/es\/#\/schema\/person\/d4a4a9a63551641850068c20e93613a5","name":"Mariela Laksman","image":{"@type":"ImageObject","inLanguage":"es","@id":"https:\/\/secure.gravatar.com\/avatar\/133ba1b69c2a2b7c782cce9999c26555b6bc9af9e382e5e8f8e3fc285015d1b7?s=96&d=mm&r=g","url":"https:\/\/secure.gravatar.com\/avatar\/133ba1b69c2a2b7c782cce9999c26555b6bc9af9e382e5e8f8e3fc285015d1b7?s=96&d=mm&r=g","contentUrl":"https:\/\/secure.gravatar.com\/avatar\/133ba1b69c2a2b7c782cce9999c26555b6bc9af9e382e5e8f8e3fc285015d1b7?s=96&d=mm&r=g","caption":"Mariela Laksman"},"description":"Image and Sound Designer, Integral Audiovisual and Journalistic Producer, writer, and teacher. I started working when I was very young; Since 2001, I was a producer for different television programs, documentary films, radio, and generating creative content for different organizations and companies. I won the award: \"Nuevo Sudaca Border\" with the microfiction book \"Un Tigre con la Boca Abierta\", for Eloisa Cartonera Editorial. I am passionate about telling stories and writing.","url":"https:\/\/orato.world\/es\/author\/mariela-laksman\/"}]}},"modified_by":"Stephen","uagb_featured_image_src":{"full":["https:\/\/orato.world\/wp-content\/uploads\/dwb-f.jpeg",1137,853,false],"thumbnail":["https:\/\/orato.world\/wp-content\/uploads\/dwb-f-100x100.jpeg",100,100,true],"medium":["https:\/\/orato.world\/wp-content\/uploads\/dwb-f-300x225.jpeg",300,225,true],"medium_large":["https:\/\/orato.world\/wp-content\/uploads\/dwb-f-770x578.jpeg",640,480,true],"large":["https:\/\/orato.world\/wp-content\/uploads\/dwb-f-1024x768.jpeg",640,480,true],"1536x1536":["https:\/\/orato.world\/wp-content\/uploads\/dwb-f.jpeg",1137,853,false],"2048x2048":["https:\/\/orato.world\/wp-content\/uploads\/dwb-f.jpeg",1137,853,false],"gallery-size":["https:\/\/orato.world\/wp-content\/uploads\/dwb-f.jpeg",533,400,false],"lets-review-360-240":["https:\/\/orato.world\/wp-content\/uploads\/dwb-f-360x240.jpeg",360,240,true],"gform-image-choice-sm":["https:\/\/orato.world\/wp-content\/uploads\/dwb-f.jpeg",300,225,false],"gform-image-choice-md":["https:\/\/orato.world\/wp-content\/uploads\/dwb-f.jpeg",400,300,false],"gform-image-choice-lg":["https:\/\/orato.world\/wp-content\/uploads\/dwb-f.jpeg",600,450,false],"awsm_team":["https:\/\/orato.world\/wp-content\/uploads\/dwb-f-500x500.jpeg",500,500,true]},"uagb_author_info":{"display_name":"Mariela Laksman","author_link":"https:\/\/orato.world\/es\/author\/mariela-laksman\/"},"uagb_comment_info":0,"uagb_excerpt":"Justo cuando comenc\u00e9 a comprender mi enfermedad y sus limitaciones, creci\u00f3 la conciencia de mi capacidad para hacer m\u00e1s. Empec\u00e9 a pensar en todas las cosas que podr\u00eda lograr. Esto marc\u00f3 el comienzo de la expresi\u00f3n art\u00edstica en mi vida.","_links":{"self":[{"href":"https:\/\/orato.world\/es\/wp-json\/wp\/v2\/posts\/42988","targetHints":{"allow":["GET"]}}],"collection":[{"href":"https:\/\/orato.world\/es\/wp-json\/wp\/v2\/posts"}],"about":[{"href":"https:\/\/orato.world\/es\/wp-json\/wp\/v2\/types\/post"}],"author":[{"embeddable":true,"href":"https:\/\/orato.world\/es\/wp-json\/wp\/v2\/users\/28"}],"replies":[{"embeddable":true,"href":"https:\/\/orato.world\/es\/wp-json\/wp\/v2\/comments?post=42988"}],"version-history":[{"count":0,"href":"https:\/\/orato.world\/es\/wp-json\/wp\/v2\/posts\/42988\/revisions"}],"wp:featuredmedia":[{"embeddable":true,"href":"https:\/\/orato.world\/es\/wp-json\/wp\/v2\/media\/42248"}],"wp:attachment":[{"href":"https:\/\/orato.world\/es\/wp-json\/wp\/v2\/media?parent=42988"}],"wp:term":[{"taxonomy":"category","embeddable":true,"href":"https:\/\/orato.world\/es\/wp-json\/wp\/v2\/categories?post=42988"},{"taxonomy":"post_tag","embeddable":true,"href":"https:\/\/orato.world\/es\/wp-json\/wp\/v2\/tags?post=42988"}],"curies":[{"name":"wp","href":"https:\/\/api.w.org\/{rel}","templated":true}]}}