{"id":54768,"date":"2022-10-10T05:00:00","date_gmt":"2022-10-10T12:00:00","guid":{"rendered":"https:\/\/orato.world\/2022\/10\/10\/un-hombre-en-colombia-crea-un-refugio-para-animales-estigmatizados\/"},"modified":"2023-01-24T03:42:11","modified_gmt":"2023-01-24T11:42:11","slug":"un-hombre-en-colombia-crea-un-refugio-para-animales-estigmatizados","status":"publish","type":"post","link":"https:\/\/orato.world\/es\/2022\/10\/10\/un-hombre-en-colombia-crea-un-refugio-para-animales-estigmatizados\/","title":{"rendered":"Un hombre en Colombia crea un refugio para animales estigmatizados"},"content":{"rendered":"<div class=\"lets-info-up-wrap  lets-info-up--right lets-info-up--m-1 lets-info-up-skin-1 lets-info-up--side\">\t\t\t<div class=\"lets-info-up\">\r\n\t\t\t<div class=\"lets-info-up-fi\"><img loading=\"lazy\" decoding=\"async\" width=\"500\" height=\"498\" src=\"https:\/\/orato.world\/wp-content\/uploads\/WhatsApp-Image-2022-09-21-at-10.04.12-PM-500x498.jpeg\" class=\"attachment-lets-info-up-d1 size-lets-info-up-d1\" alt=\"Davis Beltr\u00e1n\" srcset=\"https:\/\/orato.world\/wp-content\/uploads\/WhatsApp-Image-2022-09-21-at-10.04.12-PM-500x498.jpeg 500w, https:\/\/orato.world\/wp-content\/uploads\/WhatsApp-Image-2022-09-21-at-10.04.12-PM-300x300.jpeg 300w, https:\/\/orato.world\/wp-content\/uploads\/WhatsApp-Image-2022-09-21-at-10.04.12-PM-1024x1020.jpeg 1024w, https:\/\/orato.world\/wp-content\/uploads\/WhatsApp-Image-2022-09-21-at-10.04.12-PM-100x100.jpeg 100w, https:\/\/orato.world\/wp-content\/uploads\/WhatsApp-Image-2022-09-21-at-10.04.12-PM-770x767.jpeg 770w, https:\/\/orato.world\/wp-content\/uploads\/WhatsApp-Image-2022-09-21-at-10.04.12-PM-1536x1530.jpeg 1536w, https:\/\/orato.world\/wp-content\/uploads\/WhatsApp-Image-2022-09-21-at-10.04.12-PM-150x150.jpeg 150w, https:\/\/orato.world\/wp-content\/uploads\/WhatsApp-Image-2022-09-21-at-10.04.12-PM-70x70.jpeg 70w, https:\/\/orato.world\/wp-content\/uploads\/WhatsApp-Image-2022-09-21-at-10.04.12-PM-293x292.jpeg 293w, https:\/\/orato.world\/wp-content\/uploads\/WhatsApp-Image-2022-09-21-at-10.04.12-PM-1400x1395.jpeg 1400w, https:\/\/orato.world\/wp-content\/uploads\/WhatsApp-Image-2022-09-21-at-10.04.12-PM.jpeg 1600w\" sizes=\"auto, (max-width: 500px) 100vw, 500px\" \/><\/div>\t\t\t<div class=\"lets-info-up-block-wrap\">\r\n\t\t\t\t<div class=\"lets-info-up-block lets-info-up-meta-block\"><div class=\"lets-info-up-meta-title lets-info-up-pretitle font-h\">PROTAGONISTA<\/div><div class=\"lets-info-up-meta-content lets-info-up-title font-b\">Davis Beltr\u00e1n puso en marcha el proyecto <a href=\"https:\/\/www.facebook.com\/La-Casita-del-Bosque-747840095314331\/\">Casita del Bosque<\/a> para proteger la fauna y la flora de Colombia, especialmente los animales estigmatizados. Le apasiona el medio ambiente y educar a la sociedad sobre el bienestar y el cuidado de la fauna. En la foto de arriba aparece con Elvis, el p\u00e1jaro que inspir\u00f3 su trabajo.<\/div><\/div><div class=\"lets-info-up-block lets-info-up-meta-block\"><div class=\"lets-info-up-meta-title lets-info-up-pretitle font-h\">CONTEXTO<\/div><div class=\"lets-info-up-meta-content lets-info-up-title font-b\">El <a href=\"https:\/\/www.radionacional.co\/actualidad\/medio-ambiente\/trafico-de-fauna-silvestre-asi-esta-el-problema-en-colombia\">tr\u00e1fico de especies silvestres<\/a> es un<a href=\"https:\/\/www.minambiente.gov.co\/bosques-biodiversidad-y-servicios-ecosistemicos\/colombia-el-segundo-pais-mas-biodiverso-del-mundo-celebra-el-dia-mundial-de-la-biodiversidad\/#:~:text=mayo%2021%2C%202019-,Colombia%2C%20el%20segundo%20pa%C3%ADs%20m%C3%A1s%20biodiverso%20del%20mundo%2C%20celebra%20el,D%C3%ADa%20Mundial%20de%20la%20Biodiversidad&amp;text=Con%20m%C3%A1s%20de%2050.000%20especies,a%20nivel%20mundial%20en%20biodiversidad.\"> mercado<\/a> delictivo destacado en Colombia, uno de los pa\u00edses con mayor biodiversidad del mundo. Este negocio il\u00edcito destruye los ecosistemas y pone en riesgo directo a las especies. La falta de estrategias sociales para afrontar este problema dificulta el reconocimiento de este fen\u00f3meno y limita la lucha contra \u00e9l. Adem\u00e1s, la estigmatizaci\u00f3n de ciertas especies impide y afecta a la supervivencia de especies locales que desempe\u00f1an papeles fundamentales en su entorno.<\/div><\/div>\t\t\t<\/div>\r\n\t\t\t<\/div>\r\n\t\t<\/div>\r\n\t\t\n\n\n<p>DAGUA, Colombia \ua7f7 Comenc\u00e9 un proyecto de rehabilitaci\u00f3n de fauna silvestre en Colombia para centrarme en la protecci\u00f3n de los animales y ofrecer educaci\u00f3n promoviendo el respeto de nuestras especies hermanas. A los cinco a\u00f1os, vi c\u00f3mo mi madre tomaba un polluelo en sus manos y aseguraba su supervivencia. Sent\u00ed que era testigo de un milagro. Pronto empec\u00e9 a llevarle todos los polluelos que encontraba en mi barrio rural de Terron, Colorado.<\/p>\n\n\n\n<p>Cada vez que llov\u00eda o ca\u00eda una tormenta, los polluelos se her\u00edan. Junto con mi madre, les ayud\u00e1bamos a sobrevivir. En ese momento, descubr\u00ed mi pasi\u00f3n.<\/p>\n\n\n\n<p>En Colombia existen pocos proyectos para proteger el bienestar de la fauna salvaje. La mayor\u00eda de los programas se centran en el rescate de perros y gatos. Yo puse en marcha <a href=\"https:\/\/www.facebook.com\/La-Casita-del-Bosque-747840095314331\/\">La Casita del Bosque<\/a> para denunciar la pr\u00e1ctica de comprar animales silvestres como loros para tenerlos como mascotas, y para educar a la comunidad. Por cada loro que llega a un hogar, cientos mueren en los camiones que los trafican. Esto pone en peligro la supervivencia de la especie.<\/p>\n\n\n\n<p>Nos centramos en evitar que los animales salvajes acaben en manos de los ni\u00f1os y como mascotas de la familia, para que puedan vivir libremente y evitar la dependencia humana.<\/p>\n\n\n\n<h2 class=\"wp-block-heading\" id=\"h-un-experto-en-fauna-salvaje-ayuda-a-desestigmatizar-a-las-zarigueyas-en-colombia\">Un experto en fauna salvaje ayuda a desestigmatizar a las zarig\u00fceyas en Colombia<\/h2>\n\n\n\n<p>Como agricultores, mis padres me ense\u00f1aron a rescatar los p\u00e1jaros hu\u00e9rfanos que aparec\u00edan en la carretera. Desde muy joven surgi\u00f3 en m\u00ed un af\u00e1n por proteger la fauna y la flora. A los 19 a\u00f1os, trabaj\u00e9 en un zool\u00f3gico y en un programa gubernamental. Poco a poco empec\u00e9 a darme cuenta de las irregularidades y malas pr\u00e1cticas que llevaban a cabo los funcionarios en el rescate de animales. Graves errores interrump\u00edan los planes de cuidado de estos animales.<\/p>\n\n\n\n<p>Con demasiada frecuencia, los funcionarios se centraron en salvar a los animales hermosos y coloridos, aquellos que maravillaban a la sociedad. Mientras tanto, las zarig\u00fceyas, las ranas, los buitres y los ratones eran descartados. Empec\u00e9 mi trabajo rescatando animales estigmatizados: los que se consideraban feos, temibles, sucios o algo peor. Algunos animales estigmatizados llevan la carga de ser vistos como demonios en Colombia.<\/p>\n\n\n<div class=\"wp-block-image\">\n<figure class=\"aligncenter size-full\"><img loading=\"lazy\" decoding=\"async\" width=\"960\" height=\"640\" src=\"https:\/\/orato.world\/wp-content\/uploads\/WhatsApp-Image-2022-09-21-at-10.04.11-PM.jpeg\" alt=\"\" class=\"wp-image-53698\" srcset=\"https:\/\/orato.world\/wp-content\/uploads\/WhatsApp-Image-2022-09-21-at-10.04.11-PM.jpeg 960w, https:\/\/orato.world\/wp-content\/uploads\/WhatsApp-Image-2022-09-21-at-10.04.11-PM-300x200.jpeg 300w, https:\/\/orato.world\/wp-content\/uploads\/WhatsApp-Image-2022-09-21-at-10.04.11-PM-770x513.jpeg 770w, https:\/\/orato.world\/wp-content\/uploads\/WhatsApp-Image-2022-09-21-at-10.04.11-PM-360x240.jpeg 360w, https:\/\/orato.world\/wp-content\/uploads\/WhatsApp-Image-2022-09-21-at-10.04.11-PM-370x247.jpeg 370w, https:\/\/orato.world\/wp-content\/uploads\/WhatsApp-Image-2022-09-21-at-10.04.11-PM-293x195.jpeg 293w\" sizes=\"auto, (max-width: 960px) 100vw, 960px\" \/><figcaption class=\"wp-element-caption\">Davis Beltr\u00e1n trabaja duro para desestigmatizar a las zarig\u00fceyas en Colombia |<strong> Foto cortes\u00eda de Davis Beltr\u00e1n<\/strong><\/figcaption><\/figure>\n<\/div>\n\n\n<p>Cuando empec\u00e9 a trabajar, no encontr\u00e9 ninguna organizaci\u00f3n dedicada a ayudar a las zarig\u00fceyas. Ning\u00fan veterinario, rescatador, bi\u00f3logo o entidad sin \u00e1nimo de lucro ayudaba a estas criaturas. Fueron sistem\u00e1ticamente violadas, sin nadie a quien acudir. Finalmente me puse en contacto con una fundaci\u00f3n de Estados Unidos dedicada a la protecci\u00f3n de la especie. Me enviaron una gran cantidad de informaci\u00f3n sobre c\u00f3mo rehabilitar a las zarig\u00fceyas y qu\u00e9 procedimientos seguir.<\/p>\n\n\n\n<p>Cuando empec\u00e9 a rehabilitar a los animales, difund\u00ed un mensaje de amor y respeto hacia ellos. Cuando paseaba por mi barrio con una zarig\u00fceya al hombro, la gente se escandalizaba. Supon\u00edan que hab\u00eda que matar a las zarig\u00fceyas y las comparaban con ratas gigantes. Aprovech\u00e9 la oportunidad para educar, explicando el papel de las zarig\u00fceyas en el equilibrio de nuestro ecosistema. Las zarig\u00fceyas, por ejemplo, ayudan a controlar la poblaci\u00f3n de caracoles negros africanos. Sin control, el caracol podr\u00eda causar estragos en nuestro ecosistema.<\/p>\n\n\n\n<h2 class=\"wp-block-heading\">Un p\u00e1jaro llamado Elvis inspira al pueblo, pero es v\u00edctima del estigma<\/h2>\n\n\n\n<p>En mi zona, el azote de la delincuencia y la drogadicci\u00f3n recorre nuestras calles. Mientras caminaba por el barrio con una zarig\u00fceya que rescat\u00e9, la gente se apartaba consumiendo sus drogas. Mientras habl\u00e1bamos, prometieron no volver a matar al animal. Pronto, empezaron a observar la fauna y flora e incluso a dejar frutas cerca.<\/p>\n\n\n\n<p>Un cambio local se afianz\u00f3 y hoy tenemos programas nacionales para la conservaci\u00f3n de las zarig\u00fceyas. Reconocen nuestro programa como el primero de su clase, que desempe\u00f1\u00f3 un papel clave en la eliminaci\u00f3n del desprecio que la gente ten\u00eda por estas maravillas de la naturaleza.<\/p>\n\n\n\n<p>Asimismo, empezamos a trabajar en la educaci\u00f3n en torno a otros animales. Por ejemplo, muchos en nuestro pa\u00eds asociaban la brujer\u00eda y las maldiciones con el buitre de pavo. [<a href=\"https:\/\/www.news-leader.com\/story\/life\/2017\/02\/22\/vultures-great-benefit-people-and-environment\/98155888\/\">Al limpiar los animales muertos, los buitres pavos eliminan los cad\u00e1veres que se deterioran lentamente creando olores m\u00e1s prolongados y peores en el ambiente<\/a>].<\/p>\n\n\n<div class=\"wp-block-image\">\n<figure class=\"aligncenter size-large\"><img loading=\"lazy\" decoding=\"async\" width=\"1024\" height=\"1024\" src=\"https:\/\/orato.world\/wp-content\/uploads\/WhatsApp-Image-2022-09-21-at-10.04.11-PM-1-1024x1024.jpeg\" alt=\"\" class=\"wp-image-53696\" srcset=\"https:\/\/orato.world\/wp-content\/uploads\/WhatsApp-Image-2022-09-21-at-10.04.11-PM-1-1024x1024.jpeg 1024w, https:\/\/orato.world\/wp-content\/uploads\/WhatsApp-Image-2022-09-21-at-10.04.11-PM-1-300x300.jpeg 300w, https:\/\/orato.world\/wp-content\/uploads\/WhatsApp-Image-2022-09-21-at-10.04.11-PM-1-100x100.jpeg 100w, https:\/\/orato.world\/wp-content\/uploads\/WhatsApp-Image-2022-09-21-at-10.04.11-PM-1-770x770.jpeg 770w, https:\/\/orato.world\/wp-content\/uploads\/WhatsApp-Image-2022-09-21-at-10.04.11-PM-1-150x150.jpeg 150w, https:\/\/orato.world\/wp-content\/uploads\/WhatsApp-Image-2022-09-21-at-10.04.11-PM-1-70x70.jpeg 70w, https:\/\/orato.world\/wp-content\/uploads\/WhatsApp-Image-2022-09-21-at-10.04.11-PM-1-293x293.jpeg 293w, https:\/\/orato.world\/wp-content\/uploads\/WhatsApp-Image-2022-09-21-at-10.04.11-PM-1-390x390.jpeg 390w, https:\/\/orato.world\/wp-content\/uploads\/WhatsApp-Image-2022-09-21-at-10.04.11-PM-1-585x585.jpeg 585w, https:\/\/orato.world\/wp-content\/uploads\/WhatsApp-Image-2022-09-21-at-10.04.11-PM-1-900x900.jpeg 900w, https:\/\/orato.world\/wp-content\/uploads\/WhatsApp-Image-2022-09-21-at-10.04.11-PM-1-500x500.jpeg 500w, https:\/\/orato.world\/wp-content\/uploads\/WhatsApp-Image-2022-09-21-at-10.04.11-PM-1.jpeg 1361w\" sizes=\"auto, (max-width: 1024px) 100vw, 1024px\" \/><figcaption class=\"wp-element-caption\">Davis Beltr\u00e1n con uno de sus animales rescatados | <strong>Foto cortes\u00eda de Davis Beltr\u00e1n<\/strong><\/figcaption><\/figure>\n<\/div>\n\n\n<p>Del mismo modo, nunca podr\u00e9 olvidar a un p\u00e1jaro inspirador llamado Elvis. Elvis cambi\u00f3 mi vida y la trayectoria de La Casita del Bosque. Muchos lugare\u00f1os consideran a este p\u00e1jaro negro un mal presagio. Los cuervos no existen en Colombia. Elvis era un Crotophaga [un g\u00e9nero de la familia de los cucos]. Las aves como Elvis se mueven en bandadas por el bosque y suelen controlar a otras especies de aves. Cazan lagartos e insectos.<\/p>\n\n\n\n<p>Elvis viv\u00eda en nuestra comunidad y se hizo amigo de la gente que lo apreciaba mucho. Los vecinos disfrutaban tanto con \u00e9l que crearon un grupo y compart\u00edan momentos cuando se encontraban con \u00e9l. A menudo, cuando se encontraba en situaciones de peligro, corr\u00eda en su ayuda y lo liberaba.<\/p>\n\n\n\n<p>Lamentablemente, Elvis no sobrevivi\u00f3. Fue v\u00edctima del estigma y perdi\u00f3 la vida, pero sigue inspirando nuestro trabajo cada d\u00eda. Por Elvis, sigo llevando mi mensaje para ense\u00f1ar al mayor n\u00famero posible de personas a prevenir la violencia contra la vida silvestre.<\/p>\n\n\n\n<h2 class=\"wp-block-heading\">Construir un santuario de animales en la ladera de una monta\u00f1a en Colombia<\/h2>\n\n\n\n<p>Quiero borrar el legado -que a menudo proviene de las ense\u00f1anzas de la iglesia- de creer que los humanos somos seres superiores. Lamentablemente, muchos humanos dedican su vida a cazar, maltratar y explotar la naturaleza. Creo que debemos respetar a las dem\u00e1s especies; que todos tenemos los mismos derechos y somos iguales en la naturaleza. Sin la vida silvestre, no podr\u00edamos vivir. Los animales merecen respeto, independientemente de su aspecto.<\/p>\n\n\n\n<p>Desde un punto de vista sist\u00e9mico, las pol\u00edticas y las estructuras deben cambiar. En nuestro pa\u00eds, los resortes pol\u00edticos conducen a menudo a la designaci\u00f3n de personas crueles sobre las entidades vitales para la protecci\u00f3n de los animales. Aunque algunos funcionarios p\u00fablicos y elegidos se preocupan, los mediocres suelen acabar teniendo el control. Eligen mecanismos como la eutanasia y las liberaciones irresponsables porque es m\u00e1s f\u00e1cil.<\/p>\n\n\n\n<p>El personal debe ser responsable de algo m\u00e1s que de los resultados finales; debe garantizar el bienestar de la fauna y una rehabilitaci\u00f3n \u00e9tica y responsable. Los veterinarios y t\u00e9cnicos de las entidades e instituciones p\u00fablicas y estatales no utilizan estrategias de cuidado buenas y eficaces. Someten a los animales a un estr\u00e9s innecesario y manipulan las cajas de forma irresponsable, como si fueran paquetes enviados por correo.<\/p>\n\n\n<div class=\"wp-block-image\">\n<figure class=\"aligncenter size-full\"><img loading=\"lazy\" decoding=\"async\" width=\"596\" height=\"596\" src=\"https:\/\/orato.world\/wp-content\/uploads\/WhatsApp-Image-2022-09-21-at-10.04.11-PM-2.jpeg\" alt=\"\" class=\"wp-image-53700\" srcset=\"https:\/\/orato.world\/wp-content\/uploads\/WhatsApp-Image-2022-09-21-at-10.04.11-PM-2.jpeg 596w, https:\/\/orato.world\/wp-content\/uploads\/WhatsApp-Image-2022-09-21-at-10.04.11-PM-2-300x300.jpeg 300w, https:\/\/orato.world\/wp-content\/uploads\/WhatsApp-Image-2022-09-21-at-10.04.11-PM-2-100x100.jpeg 100w, https:\/\/orato.world\/wp-content\/uploads\/WhatsApp-Image-2022-09-21-at-10.04.11-PM-2-150x150.jpeg 150w, https:\/\/orato.world\/wp-content\/uploads\/WhatsApp-Image-2022-09-21-at-10.04.11-PM-2-70x70.jpeg 70w, https:\/\/orato.world\/wp-content\/uploads\/WhatsApp-Image-2022-09-21-at-10.04.11-PM-2-293x293.jpeg 293w, https:\/\/orato.world\/wp-content\/uploads\/WhatsApp-Image-2022-09-21-at-10.04.11-PM-2-390x390.jpeg 390w, https:\/\/orato.world\/wp-content\/uploads\/WhatsApp-Image-2022-09-21-at-10.04.11-PM-2-585x585.jpeg 585w, https:\/\/orato.world\/wp-content\/uploads\/WhatsApp-Image-2022-09-21-at-10.04.11-PM-2-500x500.jpeg 500w\" sizes=\"auto, (max-width: 596px) 100vw, 596px\" \/><figcaption class=\"wp-element-caption\">Davis Beltr\u00e1n con un animal que rescat\u00f3 |<strong> Foto cortes\u00eda de Davis Beltr\u00e1n con Elvis<\/strong><\/figcaption><\/figure>\n<\/div>\n\n\n<p>El mero hecho de que un animal salvaje se encuentre en manos del hombre lo somete a un estr\u00e9s inmediato. Les debemos un trato justo y no una mayor traumatizaci\u00f3n.<\/p>\n\n\n\n<p>Cuando miro a mi alrededor y veo a los animales que me acompa\u00f1an en esta monta\u00f1a que llamo hogar, me llenan de satisfacci\u00f3n. Veo a animales ciegos, discapacitados y ancianos que disfrutan de una segunda oportunidad; que disfrutan de su libertad. Junto a ellos, vivimos rodeados de verde, de \u00e1rboles frutales, de vegetaci\u00f3n y de compa\u00f1eros de viaje.<\/p>\n\n\n\n<p>Tenemos nuestra monta\u00f1a y seguimos trabajando. Este lugar se ha convertido en nuestro hogar y los 100 animales que hay aqu\u00ed son mi familia. Esperamos que llegue el d\u00eda en que esta monta\u00f1a florezca con ni\u00f1os y familias \u00e1vidas de educaci\u00f3n. Este es un pedazo de tierra en el que vale la pena vivir.<\/p>\n","protected":false},"excerpt":{"rendered":"<p>Cuando miro a mi alrededor y veo a los animales que me acompa\u00f1an en esta monta\u00f1a que llamo hogar, me llenan de satisfacci\u00f3n. Veo animales ciegos, discapacitados y ancianos que disfrutan de una segunda oportunidad; que disfrutan de su libertad. Vivimos rodeados de verde, de \u00e1rboles frutales, de vegetaci\u00f3n y de compa\u00f1eros de viaje.<\/p>\n","protected":false},"author":161,"featured_media":66397,"comment_status":"open","ping_status":"open","sticky":false,"template":"","format":"standard","meta":{"_acf_changed":false,"_uag_custom_page_level_css":"","_lmt_disableupdate":"","_lmt_disable":"","footnotes":""},"categories":[725,319],"tags":[1471,2971,4235,4238,2214,4237,4236,2968],"class_list":["post-54768","post","type-post","status-publish","format-standard","has-post-thumbnail","hentry","category-educacion","category-medio-ambiente","tag-colombia-es","tag-conservacion-de-vida-silvestre","tag-derechos-de-los-animales","tag-la-casita-del-bosque-es","tag-latinoamerica","tag-rescate-de-animales","tag-rescate-de-fauna-silvestre","tag-trafico-de-vida-silvestre"],"acf":[],"yoast_head":"<!-- This site is optimized with the Yoast SEO Premium plugin v27.4 (Yoast SEO v27.5) - https:\/\/yoast.com\/product\/yoast-seo-premium-wordpress\/ -->\n<title>Un hombre en Colombia crea un refugio para animales estigmatizados<\/title>\n<meta name=\"description\" content=\"Davis Beltr\u00e1n puso en marcha la Casita del Bosque como santuario de fauna y programa educativo de apoyo a los animales estigmatizados\" \/>\n<meta name=\"robots\" content=\"index, follow, max-snippet:-1, max-image-preview:large, max-video-preview:-1\" \/>\n<link rel=\"canonical\" href=\"https:\/\/orato.world\/es\/2022\/10\/10\/un-hombre-en-colombia-crea-un-refugio-para-animales-estigmatizados\/\" \/>\n<meta property=\"og:locale\" content=\"es_ES\" \/>\n<meta property=\"og:type\" content=\"article\" \/>\n<meta property=\"og:title\" content=\"Un hombre en Colombia crea un refugio para animales estigmatizados\" \/>\n<meta property=\"og:description\" content=\"Davis Beltr\u00e1n puso en marcha la Casita del Bosque como santuario de fauna y programa educativo de apoyo a los animales estigmatizados\" \/>\n<meta property=\"og:url\" content=\"https:\/\/orato.world\/es\/2022\/10\/10\/un-hombre-en-colombia-crea-un-refugio-para-animales-estigmatizados\/\" \/>\n<meta property=\"og:site_name\" content=\"Orato\" \/>\n<meta property=\"article:publisher\" content=\"https:\/\/www.facebook.com\/OratoWorld\/\" \/>\n<meta property=\"article:published_time\" content=\"2022-10-10T12:00:00+00:00\" \/>\n<meta property=\"article:modified_time\" content=\"2023-01-24T11:42:11+00:00\" \/>\n<meta property=\"og:image\" content=\"https:\/\/orato.world\/wp-content\/uploads\/Perfil-fixed.webp\" \/>\n\t<meta property=\"og:image:width\" content=\"1280\" \/>\n\t<meta property=\"og:image:height\" content=\"960\" \/>\n\t<meta property=\"og:image:type\" content=\"image\/webp\" \/>\n<meta name=\"author\" content=\"Lieth Daelyn Carrillo Sanchez\" \/>\n<meta name=\"twitter:card\" content=\"summary_large_image\" \/>\n<meta name=\"twitter:creator\" content=\"@oratoworld\" \/>\n<meta name=\"twitter:site\" content=\"@oratoworld\" \/>\n<meta name=\"twitter:label1\" content=\"Escrito por\" \/>\n\t<meta name=\"twitter:data1\" content=\"Lieth Daelyn Carrillo Sanchez\" \/>\n\t<meta name=\"twitter:label2\" content=\"Tiempo de lectura\" \/>\n\t<meta name=\"twitter:data2\" content=\"7 minutos\" \/>\n<script type=\"application\/ld+json\" class=\"yoast-schema-graph\">{\"@context\":\"https:\\\/\\\/schema.org\",\"@graph\":[{\"@type\":\"NewsArticle\",\"@id\":\"https:\\\/\\\/orato.world\\\/es\\\/2022\\\/10\\\/10\\\/un-hombre-en-colombia-crea-un-refugio-para-animales-estigmatizados\\\/#article\",\"isPartOf\":{\"@id\":\"https:\\\/\\\/orato.world\\\/es\\\/2022\\\/10\\\/10\\\/un-hombre-en-colombia-crea-un-refugio-para-animales-estigmatizados\\\/\"},\"author\":{\"name\":\"Lieth Daelyn Carrillo Sanchez\",\"@id\":\"https:\\\/\\\/orato.world\\\/es\\\/#\\\/schema\\\/person\\\/bfbcc6cfc5e8a6d15f4b79b2bc156172\"},\"headline\":\"Un hombre en Colombia crea un refugio para animales estigmatizados\",\"datePublished\":\"2022-10-10T12:00:00+00:00\",\"dateModified\":\"2023-01-24T11:42:11+00:00\",\"mainEntityOfPage\":{\"@id\":\"https:\\\/\\\/orato.world\\\/es\\\/2022\\\/10\\\/10\\\/un-hombre-en-colombia-crea-un-refugio-para-animales-estigmatizados\\\/\"},\"wordCount\":1363,\"commentCount\":0,\"publisher\":{\"@id\":\"https:\\\/\\\/orato.world\\\/es\\\/#organization\"},\"image\":{\"@id\":\"https:\\\/\\\/orato.world\\\/es\\\/2022\\\/10\\\/10\\\/un-hombre-en-colombia-crea-un-refugio-para-animales-estigmatizados\\\/#primaryimage\"},\"thumbnailUrl\":\"https:\\\/\\\/orato.world\\\/wp-content\\\/uploads\\\/Perfil-fixed.webp\",\"keywords\":[\"Colombia\",\"Conservacion de vida silvestre\",\"Derechos de los animales\",\"La Casita del Bosque\",\"Latinoam\u00e9rica\",\"rescate de animales\",\"rescate de fauna silvestre\",\"Tr\u00e1fico de vida silvestre\"],\"articleSection\":[\"Educaci\u00f3n\",\"Medio ambiente\"],\"inLanguage\":\"es\",\"potentialAction\":[{\"@type\":\"CommentAction\",\"name\":\"Comment\",\"target\":[\"https:\\\/\\\/orato.world\\\/es\\\/2022\\\/10\\\/10\\\/un-hombre-en-colombia-crea-un-refugio-para-animales-estigmatizados\\\/#respond\"]}]},{\"@type\":\"WebPage\",\"@id\":\"https:\\\/\\\/orato.world\\\/es\\\/2022\\\/10\\\/10\\\/un-hombre-en-colombia-crea-un-refugio-para-animales-estigmatizados\\\/\",\"url\":\"https:\\\/\\\/orato.world\\\/es\\\/2022\\\/10\\\/10\\\/un-hombre-en-colombia-crea-un-refugio-para-animales-estigmatizados\\\/\",\"name\":\"Un hombre en Colombia crea un refugio para animales estigmatizados\",\"isPartOf\":{\"@id\":\"https:\\\/\\\/orato.world\\\/es\\\/#website\"},\"primaryImageOfPage\":{\"@id\":\"https:\\\/\\\/orato.world\\\/es\\\/2022\\\/10\\\/10\\\/un-hombre-en-colombia-crea-un-refugio-para-animales-estigmatizados\\\/#primaryimage\"},\"image\":{\"@id\":\"https:\\\/\\\/orato.world\\\/es\\\/2022\\\/10\\\/10\\\/un-hombre-en-colombia-crea-un-refugio-para-animales-estigmatizados\\\/#primaryimage\"},\"thumbnailUrl\":\"https:\\\/\\\/orato.world\\\/wp-content\\\/uploads\\\/Perfil-fixed.webp\",\"datePublished\":\"2022-10-10T12:00:00+00:00\",\"dateModified\":\"2023-01-24T11:42:11+00:00\",\"description\":\"Davis Beltr\u00e1n puso en marcha la Casita del Bosque como santuario de fauna y programa educativo de apoyo a los animales estigmatizados\",\"breadcrumb\":{\"@id\":\"https:\\\/\\\/orato.world\\\/es\\\/2022\\\/10\\\/10\\\/un-hombre-en-colombia-crea-un-refugio-para-animales-estigmatizados\\\/#breadcrumb\"},\"inLanguage\":\"es\",\"potentialAction\":[{\"@type\":\"ReadAction\",\"target\":[\"https:\\\/\\\/orato.world\\\/es\\\/2022\\\/10\\\/10\\\/un-hombre-en-colombia-crea-un-refugio-para-animales-estigmatizados\\\/\"]}]},{\"@type\":\"ImageObject\",\"inLanguage\":\"es\",\"@id\":\"https:\\\/\\\/orato.world\\\/es\\\/2022\\\/10\\\/10\\\/un-hombre-en-colombia-crea-un-refugio-para-animales-estigmatizados\\\/#primaryimage\",\"url\":\"https:\\\/\\\/orato.world\\\/wp-content\\\/uploads\\\/Perfil-fixed.webp\",\"contentUrl\":\"https:\\\/\\\/orato.world\\\/wp-content\\\/uploads\\\/Perfil-fixed.webp\",\"width\":1280,\"height\":960,\"caption\":\"Davis Beltr\u00e1n, founder of the wildlife refuge Casita del Bosque, with a black vulture | Photo courtesy of\"},{\"@type\":\"BreadcrumbList\",\"@id\":\"https:\\\/\\\/orato.world\\\/es\\\/2022\\\/10\\\/10\\\/un-hombre-en-colombia-crea-un-refugio-para-animales-estigmatizados\\\/#breadcrumb\",\"itemListElement\":[{\"@type\":\"ListItem\",\"position\":1,\"name\":\"Home\",\"item\":\"https:\\\/\\\/orato.world\\\/es\\\/\"},{\"@type\":\"ListItem\",\"position\":2,\"name\":\"Un hombre en Colombia crea un refugio para animales estigmatizados\"}]},{\"@type\":\"WebSite\",\"@id\":\"https:\\\/\\\/orato.world\\\/es\\\/#website\",\"url\":\"https:\\\/\\\/orato.world\\\/es\\\/\",\"name\":\"Orato\",\"description\":\"True Stories. Real People\",\"publisher\":{\"@id\":\"https:\\\/\\\/orato.world\\\/es\\\/#organization\"},\"potentialAction\":[{\"@type\":\"SearchAction\",\"target\":{\"@type\":\"EntryPoint\",\"urlTemplate\":\"https:\\\/\\\/orato.world\\\/es\\\/?s={search_term_string}\"},\"query-input\":{\"@type\":\"PropertyValueSpecification\",\"valueRequired\":true,\"valueName\":\"search_term_string\"}}],\"inLanguage\":\"es\"},{\"@type\":\"Organization\",\"@id\":\"https:\\\/\\\/orato.world\\\/es\\\/#organization\",\"name\":\"Orato World Media Inc.\",\"url\":\"https:\\\/\\\/orato.world\\\/es\\\/\",\"logo\":{\"@type\":\"ImageObject\",\"inLanguage\":\"es\",\"@id\":\"https:\\\/\\\/orato.world\\\/es\\\/#\\\/schema\\\/logo\\\/image\\\/\",\"url\":\"https:\\\/\\\/orato.world\\\/wp-content\\\/uploads\\\/2020\\\/07\\\/orato-logo-transparent.png\",\"contentUrl\":\"https:\\\/\\\/orato.world\\\/wp-content\\\/uploads\\\/2020\\\/07\\\/orato-logo-transparent.png\",\"width\":78,\"height\":73,\"caption\":\"Orato World Media Inc.\"},\"image\":{\"@id\":\"https:\\\/\\\/orato.world\\\/es\\\/#\\\/schema\\\/logo\\\/image\\\/\"},\"sameAs\":[\"https:\\\/\\\/www.facebook.com\\\/OratoWorld\\\/\",\"https:\\\/\\\/x.com\\\/oratoworld\",\"https:\\\/\\\/www.instagram.com\\\/oratoworld\",\"https:\\\/\\\/www.linkedin.com\\\/company\\\/42308818\\\/\"]},{\"@type\":\"Person\",\"@id\":\"https:\\\/\\\/orato.world\\\/es\\\/#\\\/schema\\\/person\\\/bfbcc6cfc5e8a6d15f4b79b2bc156172\",\"name\":\"Lieth Daelyn Carrillo Sanchez\",\"image\":{\"@type\":\"ImageObject\",\"inLanguage\":\"es\",\"@id\":\"https:\\\/\\\/secure.gravatar.com\\\/avatar\\\/6005a35525abb71a59a6a7158f06672939bc4125f4e7eb3baa07768d50dd5857?s=96&d=mm&r=g\",\"url\":\"https:\\\/\\\/secure.gravatar.com\\\/avatar\\\/6005a35525abb71a59a6a7158f06672939bc4125f4e7eb3baa07768d50dd5857?s=96&d=mm&r=g\",\"contentUrl\":\"https:\\\/\\\/secure.gravatar.com\\\/avatar\\\/6005a35525abb71a59a6a7158f06672939bc4125f4e7eb3baa07768d50dd5857?s=96&d=mm&r=g\",\"caption\":\"Lieth Daelyn Carrillo Sanchez\"},\"description\":\"Lieth Daelyn Carrillo S\u00e1nchez is a Colombian anthropologist and researcher who studies the dynamics of violence, conflict, and criminology in Latin American countries. She writes because she believes that words allow us to build and rebuild the world.\",\"url\":\"https:\\\/\\\/orato.world\\\/es\\\/author\\\/lieth-daelyn-carrillo-sanchez\\\/\"}]}<\/script>\n<!-- \/ Yoast SEO Premium plugin. -->","yoast_head_json":{"title":"Un hombre en Colombia crea un refugio para animales estigmatizados","description":"Davis Beltr\u00e1n puso en marcha la Casita del Bosque como santuario de fauna y programa educativo de apoyo a los animales estigmatizados","robots":{"index":"index","follow":"follow","max-snippet":"max-snippet:-1","max-image-preview":"max-image-preview:large","max-video-preview":"max-video-preview:-1"},"canonical":"https:\/\/orato.world\/es\/2022\/10\/10\/un-hombre-en-colombia-crea-un-refugio-para-animales-estigmatizados\/","og_locale":"es_ES","og_type":"article","og_title":"Un hombre en Colombia crea un refugio para animales estigmatizados","og_description":"Davis Beltr\u00e1n puso en marcha la Casita del Bosque como santuario de fauna y programa educativo de apoyo a los animales estigmatizados","og_url":"https:\/\/orato.world\/es\/2022\/10\/10\/un-hombre-en-colombia-crea-un-refugio-para-animales-estigmatizados\/","og_site_name":"Orato","article_publisher":"https:\/\/www.facebook.com\/OratoWorld\/","article_published_time":"2022-10-10T12:00:00+00:00","article_modified_time":"2023-01-24T11:42:11+00:00","og_image":[{"width":1280,"height":960,"url":"https:\/\/orato.world\/wp-content\/uploads\/Perfil-fixed.webp","type":"image\/webp"}],"author":"Lieth Daelyn Carrillo Sanchez","twitter_card":"summary_large_image","twitter_creator":"@oratoworld","twitter_site":"@oratoworld","twitter_misc":{"Escrito por":"Lieth Daelyn Carrillo Sanchez","Tiempo de lectura":"7 minutos"},"schema":{"@context":"https:\/\/schema.org","@graph":[{"@type":"NewsArticle","@id":"https:\/\/orato.world\/es\/2022\/10\/10\/un-hombre-en-colombia-crea-un-refugio-para-animales-estigmatizados\/#article","isPartOf":{"@id":"https:\/\/orato.world\/es\/2022\/10\/10\/un-hombre-en-colombia-crea-un-refugio-para-animales-estigmatizados\/"},"author":{"name":"Lieth Daelyn Carrillo Sanchez","@id":"https:\/\/orato.world\/es\/#\/schema\/person\/bfbcc6cfc5e8a6d15f4b79b2bc156172"},"headline":"Un hombre en Colombia crea un refugio para animales estigmatizados","datePublished":"2022-10-10T12:00:00+00:00","dateModified":"2023-01-24T11:42:11+00:00","mainEntityOfPage":{"@id":"https:\/\/orato.world\/es\/2022\/10\/10\/un-hombre-en-colombia-crea-un-refugio-para-animales-estigmatizados\/"},"wordCount":1363,"commentCount":0,"publisher":{"@id":"https:\/\/orato.world\/es\/#organization"},"image":{"@id":"https:\/\/orato.world\/es\/2022\/10\/10\/un-hombre-en-colombia-crea-un-refugio-para-animales-estigmatizados\/#primaryimage"},"thumbnailUrl":"https:\/\/orato.world\/wp-content\/uploads\/Perfil-fixed.webp","keywords":["Colombia","Conservacion de vida silvestre","Derechos de los animales","La Casita del Bosque","Latinoam\u00e9rica","rescate de animales","rescate de fauna silvestre","Tr\u00e1fico de vida silvestre"],"articleSection":["Educaci\u00f3n","Medio ambiente"],"inLanguage":"es","potentialAction":[{"@type":"CommentAction","name":"Comment","target":["https:\/\/orato.world\/es\/2022\/10\/10\/un-hombre-en-colombia-crea-un-refugio-para-animales-estigmatizados\/#respond"]}]},{"@type":"WebPage","@id":"https:\/\/orato.world\/es\/2022\/10\/10\/un-hombre-en-colombia-crea-un-refugio-para-animales-estigmatizados\/","url":"https:\/\/orato.world\/es\/2022\/10\/10\/un-hombre-en-colombia-crea-un-refugio-para-animales-estigmatizados\/","name":"Un hombre en Colombia crea un refugio para animales estigmatizados","isPartOf":{"@id":"https:\/\/orato.world\/es\/#website"},"primaryImageOfPage":{"@id":"https:\/\/orato.world\/es\/2022\/10\/10\/un-hombre-en-colombia-crea-un-refugio-para-animales-estigmatizados\/#primaryimage"},"image":{"@id":"https:\/\/orato.world\/es\/2022\/10\/10\/un-hombre-en-colombia-crea-un-refugio-para-animales-estigmatizados\/#primaryimage"},"thumbnailUrl":"https:\/\/orato.world\/wp-content\/uploads\/Perfil-fixed.webp","datePublished":"2022-10-10T12:00:00+00:00","dateModified":"2023-01-24T11:42:11+00:00","description":"Davis Beltr\u00e1n puso en marcha la Casita del Bosque como santuario de fauna y programa educativo de apoyo a los animales estigmatizados","breadcrumb":{"@id":"https:\/\/orato.world\/es\/2022\/10\/10\/un-hombre-en-colombia-crea-un-refugio-para-animales-estigmatizados\/#breadcrumb"},"inLanguage":"es","potentialAction":[{"@type":"ReadAction","target":["https:\/\/orato.world\/es\/2022\/10\/10\/un-hombre-en-colombia-crea-un-refugio-para-animales-estigmatizados\/"]}]},{"@type":"ImageObject","inLanguage":"es","@id":"https:\/\/orato.world\/es\/2022\/10\/10\/un-hombre-en-colombia-crea-un-refugio-para-animales-estigmatizados\/#primaryimage","url":"https:\/\/orato.world\/wp-content\/uploads\/Perfil-fixed.webp","contentUrl":"https:\/\/orato.world\/wp-content\/uploads\/Perfil-fixed.webp","width":1280,"height":960,"caption":"Davis Beltr\u00e1n, founder of the wildlife refuge Casita del Bosque, with a black vulture | Photo courtesy of"},{"@type":"BreadcrumbList","@id":"https:\/\/orato.world\/es\/2022\/10\/10\/un-hombre-en-colombia-crea-un-refugio-para-animales-estigmatizados\/#breadcrumb","itemListElement":[{"@type":"ListItem","position":1,"name":"Home","item":"https:\/\/orato.world\/es\/"},{"@type":"ListItem","position":2,"name":"Un hombre en Colombia crea un refugio para animales estigmatizados"}]},{"@type":"WebSite","@id":"https:\/\/orato.world\/es\/#website","url":"https:\/\/orato.world\/es\/","name":"Orato","description":"True Stories. Real People","publisher":{"@id":"https:\/\/orato.world\/es\/#organization"},"potentialAction":[{"@type":"SearchAction","target":{"@type":"EntryPoint","urlTemplate":"https:\/\/orato.world\/es\/?s={search_term_string}"},"query-input":{"@type":"PropertyValueSpecification","valueRequired":true,"valueName":"search_term_string"}}],"inLanguage":"es"},{"@type":"Organization","@id":"https:\/\/orato.world\/es\/#organization","name":"Orato World Media Inc.","url":"https:\/\/orato.world\/es\/","logo":{"@type":"ImageObject","inLanguage":"es","@id":"https:\/\/orato.world\/es\/#\/schema\/logo\/image\/","url":"https:\/\/orato.world\/wp-content\/uploads\/2020\/07\/orato-logo-transparent.png","contentUrl":"https:\/\/orato.world\/wp-content\/uploads\/2020\/07\/orato-logo-transparent.png","width":78,"height":73,"caption":"Orato World Media Inc."},"image":{"@id":"https:\/\/orato.world\/es\/#\/schema\/logo\/image\/"},"sameAs":["https:\/\/www.facebook.com\/OratoWorld\/","https:\/\/x.com\/oratoworld","https:\/\/www.instagram.com\/oratoworld","https:\/\/www.linkedin.com\/company\/42308818\/"]},{"@type":"Person","@id":"https:\/\/orato.world\/es\/#\/schema\/person\/bfbcc6cfc5e8a6d15f4b79b2bc156172","name":"Lieth Daelyn Carrillo Sanchez","image":{"@type":"ImageObject","inLanguage":"es","@id":"https:\/\/secure.gravatar.com\/avatar\/6005a35525abb71a59a6a7158f06672939bc4125f4e7eb3baa07768d50dd5857?s=96&d=mm&r=g","url":"https:\/\/secure.gravatar.com\/avatar\/6005a35525abb71a59a6a7158f06672939bc4125f4e7eb3baa07768d50dd5857?s=96&d=mm&r=g","contentUrl":"https:\/\/secure.gravatar.com\/avatar\/6005a35525abb71a59a6a7158f06672939bc4125f4e7eb3baa07768d50dd5857?s=96&d=mm&r=g","caption":"Lieth Daelyn Carrillo Sanchez"},"description":"Lieth Daelyn Carrillo S\u00e1nchez is a Colombian anthropologist and researcher who studies the dynamics of violence, conflict, and criminology in Latin American countries. She writes because she believes that words allow us to build and rebuild the world.","url":"https:\/\/orato.world\/es\/author\/lieth-daelyn-carrillo-sanchez\/"}]}},"modified_by":"Aurelie Msiza","uagb_featured_image_src":{"full":["https:\/\/orato.world\/wp-content\/uploads\/Perfil-fixed.webp",1280,960,false],"thumbnail":["https:\/\/orato.world\/wp-content\/uploads\/Perfil-fixed-100x100.webp",100,100,true],"medium":["https:\/\/orato.world\/wp-content\/uploads\/Perfil-fixed-300x225.webp",300,225,true],"medium_large":["https:\/\/orato.world\/wp-content\/uploads\/Perfil-fixed-770x578.webp",640,480,true],"large":["https:\/\/orato.world\/wp-content\/uploads\/Perfil-fixed-1024x768.webp",640,480,true],"1536x1536":["https:\/\/orato.world\/wp-content\/uploads\/Perfil-fixed.webp",1280,960,false],"2048x2048":["https:\/\/orato.world\/wp-content\/uploads\/Perfil-fixed.webp",1280,960,false],"gallery-size":["https:\/\/orato.world\/wp-content\/uploads\/Perfil-fixed-533x400.webp",533,400,true],"lets-review-360-240":["https:\/\/orato.world\/wp-content\/uploads\/Perfil-fixed-360x240.webp",360,240,true],"gform-image-choice-sm":["https:\/\/orato.world\/wp-content\/uploads\/Perfil-fixed.webp",300,225,false],"gform-image-choice-md":["https:\/\/orato.world\/wp-content\/uploads\/Perfil-fixed.webp",400,300,false],"gform-image-choice-lg":["https:\/\/orato.world\/wp-content\/uploads\/Perfil-fixed.webp",600,450,false],"awsm_team":["https:\/\/orato.world\/wp-content\/uploads\/Perfil-fixed-500x500.webp",500,500,true]},"uagb_author_info":{"display_name":"Lieth Daelyn Carrillo Sanchez","author_link":"https:\/\/orato.world\/es\/author\/lieth-daelyn-carrillo-sanchez\/"},"uagb_comment_info":0,"uagb_excerpt":"Cuando miro a mi alrededor y veo a los animales que me acompa\u00f1an en esta monta\u00f1a que llamo hogar, me llenan de satisfacci\u00f3n. Veo animales ciegos, discapacitados y ancianos que disfrutan de una segunda oportunidad; que disfrutan de su libertad. Vivimos rodeados de verde, de \u00e1rboles frutales, de vegetaci\u00f3n y de compa\u00f1eros de viaje.","_links":{"self":[{"href":"https:\/\/orato.world\/es\/wp-json\/wp\/v2\/posts\/54768","targetHints":{"allow":["GET"]}}],"collection":[{"href":"https:\/\/orato.world\/es\/wp-json\/wp\/v2\/posts"}],"about":[{"href":"https:\/\/orato.world\/es\/wp-json\/wp\/v2\/types\/post"}],"author":[{"embeddable":true,"href":"https:\/\/orato.world\/es\/wp-json\/wp\/v2\/users\/161"}],"replies":[{"embeddable":true,"href":"https:\/\/orato.world\/es\/wp-json\/wp\/v2\/comments?post=54768"}],"version-history":[{"count":0,"href":"https:\/\/orato.world\/es\/wp-json\/wp\/v2\/posts\/54768\/revisions"}],"wp:featuredmedia":[{"embeddable":true,"href":"https:\/\/orato.world\/es\/wp-json\/wp\/v2\/media\/66397"}],"wp:attachment":[{"href":"https:\/\/orato.world\/es\/wp-json\/wp\/v2\/media?parent=54768"}],"wp:term":[{"taxonomy":"category","embeddable":true,"href":"https:\/\/orato.world\/es\/wp-json\/wp\/v2\/categories?post=54768"},{"taxonomy":"post_tag","embeddable":true,"href":"https:\/\/orato.world\/es\/wp-json\/wp\/v2\/tags?post=54768"}],"curies":[{"name":"wp","href":"https:\/\/api.w.org\/{rel}","templated":true}]}}