{"id":59687,"date":"2022-11-11T05:00:00","date_gmt":"2022-11-11T13:00:00","guid":{"rendered":"https:\/\/orato.world\/2022\/11\/11\/una-joven-bailarina-ucraniana-teme-lo-peor-tras-la-desaparicion-de-su-novio-militar-en-mariupol\/"},"modified":"2022-11-26T09:01:26","modified_gmt":"2022-11-26T17:01:26","slug":"una-joven-bailarina-ucraniana-teme-lo-peor-tras-la-desaparicion-de-su-novio-militar-en-mariupol","status":"publish","type":"post","link":"https:\/\/orato.world\/es\/2022\/11\/11\/una-joven-bailarina-ucraniana-teme-lo-peor-tras-la-desaparicion-de-su-novio-militar-en-mariupol\/","title":{"rendered":"Una joven bailarina ucraniana teme lo peor tras la desaparici\u00f3n de su novio militar en Mariupol"},"content":{"rendered":"<div class=\"lets-info-up-wrap  lets-info-up--right lets-info-up--m-1 lets-info-up-skin-1 lets-info-up--side\">\t\t\t<div class=\"lets-info-up\">\r\n\t\t\t<div class=\"lets-info-up-fi\"><img loading=\"lazy\" decoding=\"async\" width=\"500\" height=\"500\" src=\"https:\/\/orato.world\/wp-content\/uploads\/dizain-bez-nazvi-1_Yrl8Kq4L-500x500.png\" class=\"attachment-lets-info-up-d1 size-lets-info-up-d1\" alt=\"\" srcset=\"https:\/\/orato.world\/wp-content\/uploads\/\/dizain-bez-nazvi-1_Yrl8Kq4L-500x500.png 500w, https:\/\/orato.world\/wp-content\/uploads\/\/dizain-bez-nazvi-1_Yrl8Kq4L-300x300.png 300w, https:\/\/orato.world\/wp-content\/uploads\/\/dizain-bez-nazvi-1_Yrl8Kq4L-100x100.png 100w, https:\/\/orato.world\/wp-content\/uploads\/\/dizain-bez-nazvi-1_Yrl8Kq4L-770x770.png 770w, https:\/\/orato.world\/wp-content\/uploads\/\/dizain-bez-nazvi-1_Yrl8Kq4L-150x150.png 150w, https:\/\/orato.world\/wp-content\/uploads\/\/dizain-bez-nazvi-1_Yrl8Kq4L-70x70.png 70w, https:\/\/orato.world\/wp-content\/uploads\/\/dizain-bez-nazvi-1_Yrl8Kq4L-293x293.png 293w, https:\/\/orato.world\/wp-content\/uploads\/\/dizain-bez-nazvi-1_Yrl8Kq4L-390x390.png 390w, https:\/\/orato.world\/wp-content\/uploads\/\/dizain-bez-nazvi-1_Yrl8Kq4L-585x585.png 585w, https:\/\/orato.world\/wp-content\/uploads\/\/dizain-bez-nazvi-1_Yrl8Kq4L-900x900.png 900w, https:\/\/orato.world\/wp-content\/uploads\/\/dizain-bez-nazvi-1_Yrl8Kq4L.png 960w\" sizes=\"auto, (max-width: 500px) 100vw, 500px\" \/><\/div>\t\t\t<div class=\"lets-info-up-block-wrap\">\r\n\t\t\t\t<div class=\"lets-info-up-block lets-info-up-meta-block\"><div class=\"lets-info-up-meta-title lets-info-up-pretitle font-h\">Interview Subject<\/div><div class=\"lets-info-up-meta-content lets-info-up-title font-b\">Liliia Ivashchyk is a young ballet dancer from Kyiv, Ukraine. Her boyfriend serves as a military soldier in the Azov Regiment. She heard from him for the last time in May when the soldiers in the Azovstal steelwork facility in Mariupol came under heavy Russian fire and were eventually taken prisoner by Russia. Since then, he has been out of contact. Liliia hopes for his return and lives her days waiting for news.<\/div><\/div><div class=\"lets-info-up-block lets-info-up-meta-block\"><div class=\"lets-info-up-meta-title lets-info-up-pretitle font-h\">Background Information<\/div><div class=\"lets-info-up-meta-content lets-info-up-title font-b\">Ukraine\u2019s\u00a0<a href=\"https:\/\/www.opensocietyfoundations.org\/explainers\/understanding-ukraines-euromaidan-protests\" target=\"_blank\" rel=\"noreferrer noopener\">Euromaidan demonstrations<\/a>\u00a0began in Kyiv in November 2013 after then-President Viktor Yanukovych refused to sign an agreement bringing Ukraine more closely into the European Union. Citizens also protested widespread corruption, seeing all these actions as signaling Yanukovych&#8217;s desire for a closer relationship with Russia.<br>While the protests began peacefully, they devolved into violence in early 2014, with security and police forces killing more than 100 mostly civilian protesters over several days in February of that year. In the immediate aftermath,\u00a0<a href=\"https:\/\/www.britannica.com\/place\/Ukraine\/The-crisis-in-Crimea-and-eastern-Ukraine\" target=\"_blank\" rel=\"noreferrer noopener\">Russia occupied Crimea<\/a>, which was part of Ukrainian territory. A few months later, in April, they seized the eastern part of the country.<br>Then, on February 24, 2022, Russia launched a <a href=\"https:\/\/www.bbc.co.uk\/news\/world-europe-56720589\" target=\"_blank\" rel=\"noreferrer noopener\">full-scale invasion of Ukraine<\/a> to \u00abdemilitarize and de-Nazify\u00bb the country but in fact, most people understand Russia&#8217;s main goal was to maintain its regional power at the expense of post-Soviet states that aligned with Western allies. Aggression continues today, taking the lives of Ukrainian patriots and innocent civilians and further destabilizing global politics and economy.<\/div><\/div>\t\t\t<\/div>\r\n\t\t\t<\/div>\r\n\t\t<\/div>\r\n\t\t\n<p>KYIV, Ucrania \ua7f7 Vi a mi amor por \u00faltima vez el 16 de febrero de 2022, en Kyiv. En Ucrania ya se hablaba de una invasi\u00f3n rusa a gran escala. Antes de despedirnos, le pregunt\u00e9 si todo estar\u00eda bien. Me asegur\u00f3 que Ucrania estar\u00eda bien y se fue.<\/p>\n\n<p>Cuando Rusia invadi\u00f3 nuestro pa\u00eds el 24 de febrero de 2022, le envi\u00e9 inmediatamente un mensaje de texto. Me dijo que \u00e9l y el ej\u00e9rcito estaban preparados para defender nuestro pa\u00eds; que Ucrania resistir\u00eda el asalto. Con defensores como mi novio, no ten\u00eda dudas.<\/p>\n\n<h2 class=\"wp-block-heading\" id=\"h-ballet-dancer-meets-soldier-in-ukraine-love-follows-the-tremors-of-war\">Bailarina de ballet conoce a un soldado en Ucrania, el amor sigue los temblores de la guerra<\/h2>\n\n<p>Mi amado se uni\u00f3 al<a href=\"https:\/\/azov.org.ua\/\"> Regimiento Azov<\/a> de la Guardia Nacional de Ucrania en 2015. Asumi\u00f3 la defensa de nuestro pa\u00eds en el este.<\/p>\n\n<p>[El Regimiento Azov se form\u00f3 en mayo de 2014 en el seno de la Polic\u00eda de Patrulla de Tareas Especiales, pero pas\u00f3 a formar parte de la Guardia seis meses despu\u00e9s. Desde entonces, sus miembros defienden activamente la soberan\u00eda y la integridad territorial de Ucrania frente a la agresi\u00f3n rusa. Los medios de comunicaci\u00f3n rusos y extranjeros utilizan la propaganda para afirmar que el regimiento se adhiere a la ideolog\u00eda nazi, pone en peligro a los grupos minoritarios y comete cr\u00edmenes de guerra para justificar los ataques preventivos rusos].<\/p>\n\n<p>Mi compa\u00f1ero y los dem\u00e1s miembros del regimiento son un ejemplo de garra, car\u00e1cter y profesionalidad. Nos conocimos en 2019. Por aquel entonces, estaba segura de que no podr\u00edamos encontrar un terreno com\u00fan porque ven\u00edamos de mundos muy diferentes. \u00c9l sirve en el ej\u00e9rcito; yo bailo en el ballet.<\/p>\n\n<p><em><strong><a href=\"https:\/\/orato.world\/es\/tag\/ucrania-rusia\/\">Lee m\u00e1s relatos en primera persona de la guerra entre Rusia y Ucrania en Orato World Media.<\/a><\/strong><\/em><\/p>\n\n<p>Sin embargo, me enamor\u00e9 de su fuerza interior y de su afecto por Ucrania. Con el tiempo, descubr\u00ed a un hombre cari\u00f1oso, amable y responsable, que incluso expresaba un amor ilimitado por los gatos. Por supuesto, las constantes separaciones y sus largos viajes de trabajo me frustraron. Mientras yo permanec\u00eda en Kiev, \u00e9l trabajaba en Mariupol, y viv\u00edamos pendientes de la promesa de un futuro y de su regreso.<\/p>\n\n<p>Aunque mantuvimos un contacto constante, siempre me sent\u00ed sola, deseando una vida en com\u00fan. Antes de la guerra nos reun\u00edamos para hacer breves visitas hasta que, una vez m\u00e1s, \u00e9l se despleg\u00f3 y nos enfrentamos a meses de separaci\u00f3n. Si no hubiera estallado la guerra, habr\u00eda recibido el rango de oficial y se habr\u00eda venido a vivir a Kiev. En cambio, hace once meses que no lo veo. Aunque est\u00e1bamos lejos, siempre me hizo sentir segura.<\/p>\n\n<h2 class=\"wp-block-heading\">Mujer se preocupa cuando las tropas rusas se acercan a la posici\u00f3n de su novio en Azovstal<\/h2>\n\n<p>El 24 de febrero de 2022, a primera hora de la ma\u00f1ana, Rusia lanz\u00f3 una <a href=\"https:\/\/news.un.org\/en\/story\/2022\/03\/1113152\">invasi\u00f3n a gran escala de Ucrania.<\/a> [Rusia ha atacado a la poblaci\u00f3n civil ucraniana, los hospitales, las maternidades, las infraestructuras cr\u00edticas, las escuelas, los jardines de infancia y la administraci\u00f3n local. Hasta el 30 de septiembre, Mosc\u00fa mat\u00f3 a 397 ni\u00f1os en Ucrania].<\/p>\n\n<p>Cuando nos dimos cuenta de que las fuerzas rusas cercaban Mariupol a principios de marzo, comenzaron mis d\u00edas de fe y miedo. Vivo en un infierno que contin\u00faa hoy. Mi novio me llamaba de vez en cuando. Cre\u00edamos que \u00e9l y sus colegas podr\u00edan escapar del cerco, pero a medida que \u00e9ste se estrechaba, mi miedo no hac\u00eda m\u00e1s que aumentar. O\u00edmos historias de constantes p\u00e9rdidas y lesiones. Entonces, ocurri\u00f3 lo de <a href=\"https:\/\/www.theguardian.com\/world\/2022\/may\/20\/russian-army-takes-control-of-mariupols-azovstal-steel-plant\">Azovsta<\/a>l.<\/p>\n<div class=\"wp-block-image\">\n<figure class=\"aligncenter size-full\"><img loading=\"lazy\" decoding=\"async\" width=\"455\" height=\"640\" src=\"https:\/\/orato.world\/wp-content\/uploads\/307847290_1037452386951203_1827544563805484461_n.jpg\" alt=\"\" class=\"wp-image-57324\" srcset=\"https:\/\/orato.world\/wp-content\/uploads\/307847290_1037452386951203_1827544563805484461_n.jpg 455w, https:\/\/orato.world\/wp-content\/uploads\/307847290_1037452386951203_1827544563805484461_n-213x300.jpg 213w, https:\/\/orato.world\/wp-content\/uploads\/307847290_1037452386951203_1827544563805484461_n-293x412.jpg 293w\" sizes=\"auto, (max-width: 455px) 100vw, 455px\" \/><figcaption>Liliia con su novio durante uno de sus viajes a casa | <strong>Foto cortes\u00eda de Liliia Ivashchyk<\/strong><\/figcaption><\/figure>\n<\/div>\n<p>[Las fuerzas ucranianas se retiraron a una instalaci\u00f3n sider\u00fargica en Mariupol porque segu\u00eda siendo una posici\u00f3n defendible]. Los soldados ucranianos que se encontraban all\u00ed carec\u00edan de alimentos y medicinas. Apenas se pod\u00eda establecer contacto. Yo me pon\u00eda en contacto con sus hermanos de armas para intentar obtener informaci\u00f3n. \u00ab\u00bfLo hab\u00e9is visto?\u00bb, preguntaba cuando alguien respond\u00eda. Su respuesta me proporcionaba minutos de pura felicidad, luego la espera comenzaba de nuevo.<\/p>\n\n<p>Por momentos sent\u00ed una desesperaci\u00f3n total, pensando que esto ser\u00eda el fin. Pronto, las fuerzas rusas rodearon por completo Azovstal, golpeando las instalaciones con fuertes y continuos ataques. Rara vez ten\u00eda noticias suyas. De vez en cuando, enviaba unas palabras en un texto y mi esperanza volv\u00eda, sabiendo que viv\u00eda otro d\u00eda. Intent\u00e9 apoyarle, pero rara vez sab\u00eda qu\u00e9 decir. Cada d\u00eda se sent\u00eda como el \u00faltimo. No ten\u00eda forma de ayudar realmente.<\/p>\n\n<h2 class=\"wp-block-heading\">Desaparece un soldado y se presume que est\u00e1 retenido en un campo de prisioneros ruso<\/h2>\n\n<p>En mayo lleg\u00f3 la noticia de que el asedio a Azovstal termin\u00f3 con el control ruso de las instalaciones. Durante un par de horas, esper\u00e9. Fueron unas de las peores horas de mi vida desde que estall\u00f3 la guerra en febrero. Mi mundo se derrumb\u00f3. Toda esperanza de salvaci\u00f3n desapareci\u00f3 y me sent\u00ed mareado.<\/p>\n\n<p>Entonces, me llam\u00f3. Aunque sufr\u00eda un agotamiento y un hambre incre\u00edbles, me lo cont\u00f3 todo. Dijo que so\u00f1aba con tumbarse en la hierba verde y le promet\u00ed que lo har\u00edamos. Ambos dijimos: \u00abHasta pronto\u00bb, y colgamos el tel\u00e9fono.<\/p>\n\n<p>Las tropas rusas comenzaron a evacuar a los defensores ucranianos de la f\u00e1brica y recib\u00ed un par de mensajes que dec\u00edan: \u00abEstamos bien. Estamos aguantando\u00bb. Desde entonces, no he sabido nada. Estos momentos me resultan imposibles de describir.<\/p>\n\n<p>Con el tiempo, me enter\u00e9 de la existencia de Olenivka, un campo de prisioneros ruso donde lo retuvieron. El miedo me paraliz\u00f3, pero \u00e9l nunca apareci\u00f3 en la lista de bajas. Tengo comida y duermo en una cama, pero me siento impotente. Parece que no hay nada que pueda hacer por \u00e9l. Me resulta dif\u00edcil no imaginar lo peor y luchar por encontrar fuerzas para el futuro. Cuando pienso en la inutilidad de tantas organizaciones -de los garantes de la seguridad en todo el mundo que prometieron defender nuestra seguridad- me enfurezco.<\/p>\n\n<p>La \u00fanica tranquilidad que encuentro es en la iglesia. La oraci\u00f3n calma mis nervios y modera mis pensamientos. Con toda mi alma, sigo creyendo que volver\u00e1 a m\u00ed.<\/p>\n\n<h2 class=\"wp-block-heading\">Los seres queridos de los familiares ucranianos desaparecidos siguen luchando y piden apoyo internacional<\/h2>\n\n<p>Vemos a nuestros seres queridos m\u00e1s cercanos que se convirtieron en prisioneros de guerra como un conjunto solitario. En Ucrania, los que quedamos luchamos por los rehenes de la \u00fanica manera que podemos. Cada manifestaci\u00f3n y proyecto que perseguimos sigue marcado por el dolor y la ansiedad, pero nos aferramos a la esperanza de ser escuchados.<\/p>\n<div class=\"wp-block-image\">\n<figure class=\"aligncenter size-full\"><img loading=\"lazy\" decoding=\"async\" width=\"640\" height=\"750\" src=\"https:\/\/orato.world\/wp-content\/uploads\/306713388_454688906631007_187018046792684946_n.jpg\" alt=\"\" class=\"wp-image-57326\" srcset=\"https:\/\/orato.world\/wp-content\/uploads\/306713388_454688906631007_187018046792684946_n.jpg 640w, https:\/\/orato.world\/wp-content\/uploads\/306713388_454688906631007_187018046792684946_n-256x300.jpg 256w, https:\/\/orato.world\/wp-content\/uploads\/306713388_454688906631007_187018046792684946_n-293x343.jpg 293w\" sizes=\"auto, (max-width: 640px) 100vw, 640px\" \/><figcaption>El novio de Liliia en servicio como miembro del ej\u00e9rcito ucraniano | <strong>Foto cortes\u00eda de Liliia Ivashchyk<\/strong><\/figcaption><\/figure>\n<\/div>\n<p>Nuestros defensores hicieron lo imposible y debemos hacer todo lo posible para no olvidarlos nunca; para movilizar a aquellos que podr\u00edan fomentar su liberaci\u00f3n. Sigue siendo fundamental que actuemos con la esperanza de salvar una sola vida. Moralmente, nos sentimos comprometidos a aprovechar cualquier oportunidad para recordar al mundo que estos prisioneros de guerra existen. Luchar por ellos sigue siendo nuestro deber.<\/p>\n\n<p>Los extranjeros ayudan a Ucrania todos los d\u00edas y llega mucha ayuda de todos los rincones del mundo. Creo que al contar mi historia, la gente sentir\u00e1 mi dolor y seguir\u00e1 apoyando a Ucrania. Si el mundo sigue conociendo a nuestros prisioneros de guerra, mayor ser\u00e1 la probabilidad de que vuelvan alg\u00fan d\u00eda, vivos. En Ucrania, resistimos a un terrible mal llamado Rusia. Debemos seguir luchando, pero no podemos hacerlo solos. La unidad mundial nos da fuerza.<\/p>\n\n<h2 class=\"wp-block-heading\"><em><strong>Notas de la periodista:<\/strong><\/em><\/h2>\n\n<p><a href=\"https:\/\/texty.org.ua\/articles\/106643\/vohon-i-stal-hronolohiya-vijny-u-mariupoli\/\">Mariupol<\/a>, en la regi\u00f3n de Donetsk Oblast, es una ciudad ucraniana situada en la costa norte del mar de Azov. En los primeros meses de la agresi\u00f3n rusa contra Ucrania (abril-mayo de 2014), la marioneta separatista \u00abRep\u00fablica Popular de Donetsk\u00bb controlaba Mariupol, pero pronto, el ej\u00e9rcito ucraniano liber\u00f3 la ciudad. Durante estos a\u00f1os, Mariupol se convirti\u00f3 en un centro cultural y econ\u00f3mico de la regi\u00f3n, ya que los donantes internacionales apoyaron generosamente su desarrollo. Pero tambi\u00e9n result\u00f3 ser una ciudad estrat\u00e9gicamente importante para los invasores rusos. Situada a solo 10-15 kil\u00f3metros de la l\u00ednea del frente (frontera con los territorios ocupados por Rusia en el este de Ucrania), y justo entre las zonas orientales ucranianas ocupadas por Mosc\u00fa y Crimea, Mariupol es un puesto de avanzada ruso que constituye un corredor terrestre desde el Donb\u00e1s ocupado hasta la Crimea ocupada.<\/p>\n\n<p>Esto explica por qu\u00e9 Rusia atac\u00f3 activamente Mariupol a partir del 24 de febrero de 2022. El 2 de marzo, Mariupol fue rodeada. <a href=\"https:\/\/web.archive.org\/web\/20220516123641\/https:\/www.scmp.com\/news\/world\/europe\/article\/3175148\/ukraine-war-why-battle-mariupols-azovstal-steel-plant-matters\">Azovstal<\/a> es un enorme complejo metal\u00fargico con un amplio sistema de comunicaciones y refugios subterr\u00e1neos. Eso es lo que lo convirti\u00f3 en una fortaleza de \u00ab<a href=\"https:\/\/web.archive.org\/web\/20220516123633\/https:\/www.rferl.org\/a\/war-mariupol-azovstal-last-stand-ukraine-azov\/31811117.html\">\u00faltima resistencia<\/a>\u00bb de los defensores de Mariupol. Muchos residentes civiles de Mariupol y soldados ucranianos heridos encontraron refugio en Azovstal, escondi\u00e9ndose de los bombardeos rusos. El 16 de mayo, hasta 600 defensores ucranianos heridos se encontraban en las obras de Azovstal, 40 de ellos en estado grave. Los d\u00edas 16 y 17 de mayo, los invasores rusos \u00ab<a href=\"https:\/\/euromaidanpress.com\/2022\/05\/17\/evacuation-of-ukrainian-soldiers-is-underway-from-azovstal-in-occupied-mariupol\/\">evacuaron<\/a> a los soldados ucranianos de Azovstal, llev\u00e1ndolos a <a href=\"https:\/\/euromaidanpress.com\/2022\/09\/23\/photos-show-condition-of-azovstal-defender-after-russian-prison\/\">horribles condiciones<\/a> en las prisiones de los territorios ocupados de Novoazovsk y Olenivka. Luego, el 28 de julio, Mosc\u00fa cometi\u00f3 el <a href=\"https:\/\/www.kyivpost.com\/russias-war\/olenivka-prison-camp-massacre-new-details-emerging.html\">asesinato en masa deliberado de 53 prisioneros de guerra<\/a> ucranianos en el campo de prisioneros de Olenivka. El 21 de septiembre, Ucrania logr\u00f3 <a href=\"https:\/\/euromaidanpress.com\/2022\/09\/22\/more-azovstal-defenders-return-home-from-russian-captivity-after-pow-exchange\/\">intercambiar 215 prisioneros de guerra del cautiverio<\/a> de Putin, 108 de los cuales serv\u00edan en el regimiento Azov, pero el novio de Liliia no estaba entre ellos.<\/p>\n","protected":false},"excerpt":{"rendered":"<p>En mayo lleg\u00f3 la noticia de que el asedio a Azovstal termin\u00f3 con el control ruso de las instalaciones. Durante un par de horas, esper\u00e9. Fueron unas de las peores horas de mi vida desde que estall\u00f3 la guerra en febrero. Mi mundo se derrumb\u00f3. Toda esperanza de salvaci\u00f3n desapareci\u00f3 y me sent\u00ed mareado.<\/p>\n","protected":false},"author":114,"featured_media":57321,"comment_status":"open","ping_status":"open","sticky":false,"template":"","format":"standard","meta":{"_acf_changed":false,"_uag_custom_page_level_css":"","_lmt_disableupdate":"","_lmt_disable":"","footnotes":""},"categories":[260],"tags":[4550,4551,4552,2479,3060,4548,4549,4553,2457,2458,2477],"class_list":["post-59687","post","type-post","status-publish","format-standard","has-post-thumbnail","hentry","category-conflicto","tag-azov-regiment-es","tag-azovstal-es","tag-campo-de-prisioneros-en-rusia","tag-conflicto-rusia-ucrania","tag-europa","tag-kyiv-es","tag-mariupol-es","tag-olenivka-es","tag-rusia","tag-ucrania","tag-ucrania-rusia"],"acf":[],"yoast_head":"<!-- This site is optimized with the Yoast SEO Premium plugin v27.4 (Yoast SEO v27.4) - https:\/\/yoast.com\/product\/yoast-seo-premium-wordpress\/ -->\n<title>Soldado ucraniano desaparecido, su novia teme lo peor<\/title>\n<meta name=\"description\" content=\"La novia de un soldado ucraniano relata su comunicaci\u00f3n durante su misi\u00f3n en Mariupol y el asedio ruso a Azovstal\" \/>\n<meta name=\"robots\" content=\"index, follow, max-snippet:-1, max-image-preview:large, max-video-preview:-1\" \/>\n<link rel=\"canonical\" href=\"https:\/\/orato.world\/es\/2022\/11\/11\/una-joven-bailarina-ucraniana-teme-lo-peor-tras-la-desaparicion-de-su-novio-militar-en-mariupol\/\" \/>\n<meta property=\"og:locale\" content=\"es_ES\" \/>\n<meta property=\"og:type\" content=\"article\" \/>\n<meta property=\"og:title\" content=\"Una joven bailarina ucraniana teme lo peor tras la desaparici\u00f3n de su novio militar en Mariupol\" \/>\n<meta property=\"og:description\" content=\"La novia de un soldado ucraniano relata su comunicaci\u00f3n durante su misi\u00f3n en Mariupol y el asedio ruso a Azovstal\" \/>\n<meta property=\"og:url\" content=\"https:\/\/orato.world\/es\/2022\/11\/11\/una-joven-bailarina-ucraniana-teme-lo-peor-tras-la-desaparicion-de-su-novio-militar-en-mariupol\/\" \/>\n<meta property=\"og:site_name\" content=\"Orato\" \/>\n<meta property=\"article:publisher\" content=\"https:\/\/www.facebook.com\/OratoWorld\/\" \/>\n<meta property=\"article:published_time\" content=\"2022-11-11T13:00:00+00:00\" \/>\n<meta property=\"article:modified_time\" content=\"2022-11-26T17:01:26+00:00\" \/>\n<meta property=\"og:image\" content=\"https:\/\/orato.world\/wp-content\/uploads\/ukrainian-soldier-goes-missing-from-Mariupol.jpeg\" \/>\n\t<meta property=\"og:image:width\" content=\"843\" \/>\n\t<meta property=\"og:image:height\" content=\"632\" \/>\n\t<meta property=\"og:image:type\" content=\"image\/jpeg\" \/>\n<meta name=\"author\" content=\"Yuliia Rudenko\" \/>\n<meta name=\"twitter:card\" content=\"summary_large_image\" \/>\n<meta name=\"twitter:creator\" content=\"@oratoworld\" \/>\n<meta name=\"twitter:site\" content=\"@oratoworld\" \/>\n<meta name=\"twitter:label1\" content=\"Escrito por\" \/>\n\t<meta name=\"twitter:data1\" content=\"Yuliia Rudenko\" \/>\n\t<meta name=\"twitter:label2\" content=\"Tiempo de lectura\" \/>\n\t<meta name=\"twitter:data2\" content=\"8 minutos\" \/>\n<script type=\"application\/ld+json\" class=\"yoast-schema-graph\">{\"@context\":\"https:\\\/\\\/schema.org\",\"@graph\":[{\"@type\":\"NewsArticle\",\"@id\":\"https:\\\/\\\/orato.world\\\/es\\\/2022\\\/11\\\/11\\\/una-joven-bailarina-ucraniana-teme-lo-peor-tras-la-desaparicion-de-su-novio-militar-en-mariupol\\\/#article\",\"isPartOf\":{\"@id\":\"https:\\\/\\\/orato.world\\\/es\\\/2022\\\/11\\\/11\\\/una-joven-bailarina-ucraniana-teme-lo-peor-tras-la-desaparicion-de-su-novio-militar-en-mariupol\\\/\"},\"author\":{\"name\":\"Yuliia Rudenko\",\"@id\":\"https:\\\/\\\/orato.world\\\/es\\\/#\\\/schema\\\/person\\\/941839659a3586b6ebfede5abdacaa2a\"},\"headline\":\"Una joven bailarina ucraniana teme lo peor tras la desaparici\u00f3n de su novio militar en Mariupol\",\"datePublished\":\"2022-11-11T13:00:00+00:00\",\"dateModified\":\"2022-11-26T17:01:26+00:00\",\"mainEntityOfPage\":{\"@id\":\"https:\\\/\\\/orato.world\\\/es\\\/2022\\\/11\\\/11\\\/una-joven-bailarina-ucraniana-teme-lo-peor-tras-la-desaparicion-de-su-novio-militar-en-mariupol\\\/\"},\"wordCount\":1656,\"commentCount\":0,\"publisher\":{\"@id\":\"https:\\\/\\\/orato.world\\\/es\\\/#organization\"},\"image\":{\"@id\":\"https:\\\/\\\/orato.world\\\/es\\\/2022\\\/11\\\/11\\\/una-joven-bailarina-ucraniana-teme-lo-peor-tras-la-desaparicion-de-su-novio-militar-en-mariupol\\\/#primaryimage\"},\"thumbnailUrl\":\"https:\\\/\\\/orato.world\\\/wp-content\\\/uploads\\\/ukrainian-soldier-goes-missing-from-Mariupol.jpeg\",\"keywords\":[\"Azov Regiment\",\"Azovstal\",\"Campo de prisioneros en Rusia\",\"Conflicto Rusia-Ucrania\",\"Europa\",\"Kyiv\",\"Mariupol\",\"Olenivka\",\"Rusia\",\"Ucrania\",\"Ucrania-Rusia\"],\"articleSection\":[\"Conflicto\"],\"inLanguage\":\"es\",\"potentialAction\":[{\"@type\":\"CommentAction\",\"name\":\"Comment\",\"target\":[\"https:\\\/\\\/orato.world\\\/es\\\/2022\\\/11\\\/11\\\/una-joven-bailarina-ucraniana-teme-lo-peor-tras-la-desaparicion-de-su-novio-militar-en-mariupol\\\/#respond\"]}]},{\"@type\":\"WebPage\",\"@id\":\"https:\\\/\\\/orato.world\\\/es\\\/2022\\\/11\\\/11\\\/una-joven-bailarina-ucraniana-teme-lo-peor-tras-la-desaparicion-de-su-novio-militar-en-mariupol\\\/\",\"url\":\"https:\\\/\\\/orato.world\\\/es\\\/2022\\\/11\\\/11\\\/una-joven-bailarina-ucraniana-teme-lo-peor-tras-la-desaparicion-de-su-novio-militar-en-mariupol\\\/\",\"name\":\"Soldado ucraniano desaparecido, su novia teme lo peor\",\"isPartOf\":{\"@id\":\"https:\\\/\\\/orato.world\\\/es\\\/#website\"},\"primaryImageOfPage\":{\"@id\":\"https:\\\/\\\/orato.world\\\/es\\\/2022\\\/11\\\/11\\\/una-joven-bailarina-ucraniana-teme-lo-peor-tras-la-desaparicion-de-su-novio-militar-en-mariupol\\\/#primaryimage\"},\"image\":{\"@id\":\"https:\\\/\\\/orato.world\\\/es\\\/2022\\\/11\\\/11\\\/una-joven-bailarina-ucraniana-teme-lo-peor-tras-la-desaparicion-de-su-novio-militar-en-mariupol\\\/#primaryimage\"},\"thumbnailUrl\":\"https:\\\/\\\/orato.world\\\/wp-content\\\/uploads\\\/ukrainian-soldier-goes-missing-from-Mariupol.jpeg\",\"datePublished\":\"2022-11-11T13:00:00+00:00\",\"dateModified\":\"2022-11-26T17:01:26+00:00\",\"description\":\"La novia de un soldado ucraniano relata su comunicaci\u00f3n durante su misi\u00f3n en Mariupol y el asedio ruso a Azovstal\",\"breadcrumb\":{\"@id\":\"https:\\\/\\\/orato.world\\\/es\\\/2022\\\/11\\\/11\\\/una-joven-bailarina-ucraniana-teme-lo-peor-tras-la-desaparicion-de-su-novio-militar-en-mariupol\\\/#breadcrumb\"},\"inLanguage\":\"es\",\"potentialAction\":[{\"@type\":\"ReadAction\",\"target\":[\"https:\\\/\\\/orato.world\\\/es\\\/2022\\\/11\\\/11\\\/una-joven-bailarina-ucraniana-teme-lo-peor-tras-la-desaparicion-de-su-novio-militar-en-mariupol\\\/\"]}]},{\"@type\":\"ImageObject\",\"inLanguage\":\"es\",\"@id\":\"https:\\\/\\\/orato.world\\\/es\\\/2022\\\/11\\\/11\\\/una-joven-bailarina-ucraniana-teme-lo-peor-tras-la-desaparicion-de-su-novio-militar-en-mariupol\\\/#primaryimage\",\"url\":\"https:\\\/\\\/orato.world\\\/wp-content\\\/uploads\\\/ukrainian-soldier-goes-missing-from-Mariupol.jpeg\",\"contentUrl\":\"https:\\\/\\\/orato.world\\\/wp-content\\\/uploads\\\/ukrainian-soldier-goes-missing-from-Mariupol.jpeg\",\"width\":843,\"height\":632,\"caption\":\"Liliia Ivashchyk last heard from her boyfriend, a Ukrainian soldier, after the Russian siege of the Azovstal facility in Mariupol | Photo courtesy of Liliia Ivashchyk\"},{\"@type\":\"BreadcrumbList\",\"@id\":\"https:\\\/\\\/orato.world\\\/es\\\/2022\\\/11\\\/11\\\/una-joven-bailarina-ucraniana-teme-lo-peor-tras-la-desaparicion-de-su-novio-militar-en-mariupol\\\/#breadcrumb\",\"itemListElement\":[{\"@type\":\"ListItem\",\"position\":1,\"name\":\"Home\",\"item\":\"https:\\\/\\\/orato.world\\\/es\\\/\"},{\"@type\":\"ListItem\",\"position\":2,\"name\":\"Una joven bailarina ucraniana teme lo peor tras la desaparici\u00f3n de su novio militar en Mariupol\"}]},{\"@type\":\"WebSite\",\"@id\":\"https:\\\/\\\/orato.world\\\/es\\\/#website\",\"url\":\"https:\\\/\\\/orato.world\\\/es\\\/\",\"name\":\"Orato\",\"description\":\"True Stories. Real People\",\"publisher\":{\"@id\":\"https:\\\/\\\/orato.world\\\/es\\\/#organization\"},\"potentialAction\":[{\"@type\":\"SearchAction\",\"target\":{\"@type\":\"EntryPoint\",\"urlTemplate\":\"https:\\\/\\\/orato.world\\\/es\\\/?s={search_term_string}\"},\"query-input\":{\"@type\":\"PropertyValueSpecification\",\"valueRequired\":true,\"valueName\":\"search_term_string\"}}],\"inLanguage\":\"es\"},{\"@type\":\"Organization\",\"@id\":\"https:\\\/\\\/orato.world\\\/es\\\/#organization\",\"name\":\"Orato World Media Inc.\",\"url\":\"https:\\\/\\\/orato.world\\\/es\\\/\",\"logo\":{\"@type\":\"ImageObject\",\"inLanguage\":\"es\",\"@id\":\"https:\\\/\\\/orato.world\\\/es\\\/#\\\/schema\\\/logo\\\/image\\\/\",\"url\":\"https:\\\/\\\/orato.world\\\/wp-content\\\/uploads\\\/2020\\\/07\\\/orato-logo-transparent.png\",\"contentUrl\":\"https:\\\/\\\/orato.world\\\/wp-content\\\/uploads\\\/2020\\\/07\\\/orato-logo-transparent.png\",\"width\":78,\"height\":73,\"caption\":\"Orato World Media Inc.\"},\"image\":{\"@id\":\"https:\\\/\\\/orato.world\\\/es\\\/#\\\/schema\\\/logo\\\/image\\\/\"},\"sameAs\":[\"https:\\\/\\\/www.facebook.com\\\/OratoWorld\\\/\",\"https:\\\/\\\/x.com\\\/oratoworld\",\"https:\\\/\\\/www.instagram.com\\\/oratoworld\",\"https:\\\/\\\/www.linkedin.com\\\/company\\\/42308818\\\/\"]},{\"@type\":\"Person\",\"@id\":\"https:\\\/\\\/orato.world\\\/es\\\/#\\\/schema\\\/person\\\/941839659a3586b6ebfede5abdacaa2a\",\"name\":\"Yuliia Rudenko\",\"image\":{\"@type\":\"ImageObject\",\"inLanguage\":\"es\",\"@id\":\"https:\\\/\\\/secure.gravatar.com\\\/avatar\\\/bc998eeff24dd658d5a7785ec3159c9f8114b2d49e0d45b70269d3f4ac1d0dba?s=96&d=mm&r=g\",\"url\":\"https:\\\/\\\/secure.gravatar.com\\\/avatar\\\/bc998eeff24dd658d5a7785ec3159c9f8114b2d49e0d45b70269d3f4ac1d0dba?s=96&d=mm&r=g\",\"contentUrl\":\"https:\\\/\\\/secure.gravatar.com\\\/avatar\\\/bc998eeff24dd658d5a7785ec3159c9f8114b2d49e0d45b70269d3f4ac1d0dba?s=96&d=mm&r=g\",\"caption\":\"Yuliia Rudenko\"},\"description\":\"Yuliia Rudenko is a journalist and social media manager at Euromaidan Press, a Ukrainian English-language journal. She covers human rights developments in Russia-occupied territories of Ukraine. Yuliia is an international law student in Kyiv. She dedicated her research to human rights, international humanitarian and criminal law.\",\"sameAs\":[\"https:\\\/\\\/www.linkedin.com\\\/in\\\/yuliia-rudenko-09025216b\\\/\"],\"url\":\"https:\\\/\\\/orato.world\\\/es\\\/author\\\/yuliia-rudenko\\\/\"}]}<\/script>\n<!-- \/ Yoast SEO Premium plugin. -->","yoast_head_json":{"title":"Soldado ucraniano desaparecido, su novia teme lo peor","description":"La novia de un soldado ucraniano relata su comunicaci\u00f3n durante su misi\u00f3n en Mariupol y el asedio ruso a Azovstal","robots":{"index":"index","follow":"follow","max-snippet":"max-snippet:-1","max-image-preview":"max-image-preview:large","max-video-preview":"max-video-preview:-1"},"canonical":"https:\/\/orato.world\/es\/2022\/11\/11\/una-joven-bailarina-ucraniana-teme-lo-peor-tras-la-desaparicion-de-su-novio-militar-en-mariupol\/","og_locale":"es_ES","og_type":"article","og_title":"Una joven bailarina ucraniana teme lo peor tras la desaparici\u00f3n de su novio militar en Mariupol","og_description":"La novia de un soldado ucraniano relata su comunicaci\u00f3n durante su misi\u00f3n en Mariupol y el asedio ruso a Azovstal","og_url":"https:\/\/orato.world\/es\/2022\/11\/11\/una-joven-bailarina-ucraniana-teme-lo-peor-tras-la-desaparicion-de-su-novio-militar-en-mariupol\/","og_site_name":"Orato","article_publisher":"https:\/\/www.facebook.com\/OratoWorld\/","article_published_time":"2022-11-11T13:00:00+00:00","article_modified_time":"2022-11-26T17:01:26+00:00","og_image":[{"width":843,"height":632,"url":"https:\/\/orato.world\/wp-content\/uploads\/ukrainian-soldier-goes-missing-from-Mariupol.jpeg","type":"image\/jpeg"}],"author":"Yuliia Rudenko","twitter_card":"summary_large_image","twitter_creator":"@oratoworld","twitter_site":"@oratoworld","twitter_misc":{"Escrito por":"Yuliia Rudenko","Tiempo de lectura":"8 minutos"},"schema":{"@context":"https:\/\/schema.org","@graph":[{"@type":"NewsArticle","@id":"https:\/\/orato.world\/es\/2022\/11\/11\/una-joven-bailarina-ucraniana-teme-lo-peor-tras-la-desaparicion-de-su-novio-militar-en-mariupol\/#article","isPartOf":{"@id":"https:\/\/orato.world\/es\/2022\/11\/11\/una-joven-bailarina-ucraniana-teme-lo-peor-tras-la-desaparicion-de-su-novio-militar-en-mariupol\/"},"author":{"name":"Yuliia Rudenko","@id":"https:\/\/orato.world\/es\/#\/schema\/person\/941839659a3586b6ebfede5abdacaa2a"},"headline":"Una joven bailarina ucraniana teme lo peor tras la desaparici\u00f3n de su novio militar en Mariupol","datePublished":"2022-11-11T13:00:00+00:00","dateModified":"2022-11-26T17:01:26+00:00","mainEntityOfPage":{"@id":"https:\/\/orato.world\/es\/2022\/11\/11\/una-joven-bailarina-ucraniana-teme-lo-peor-tras-la-desaparicion-de-su-novio-militar-en-mariupol\/"},"wordCount":1656,"commentCount":0,"publisher":{"@id":"https:\/\/orato.world\/es\/#organization"},"image":{"@id":"https:\/\/orato.world\/es\/2022\/11\/11\/una-joven-bailarina-ucraniana-teme-lo-peor-tras-la-desaparicion-de-su-novio-militar-en-mariupol\/#primaryimage"},"thumbnailUrl":"https:\/\/orato.world\/wp-content\/uploads\/ukrainian-soldier-goes-missing-from-Mariupol.jpeg","keywords":["Azov Regiment","Azovstal","Campo de prisioneros en Rusia","Conflicto Rusia-Ucrania","Europa","Kyiv","Mariupol","Olenivka","Rusia","Ucrania","Ucrania-Rusia"],"articleSection":["Conflicto"],"inLanguage":"es","potentialAction":[{"@type":"CommentAction","name":"Comment","target":["https:\/\/orato.world\/es\/2022\/11\/11\/una-joven-bailarina-ucraniana-teme-lo-peor-tras-la-desaparicion-de-su-novio-militar-en-mariupol\/#respond"]}]},{"@type":"WebPage","@id":"https:\/\/orato.world\/es\/2022\/11\/11\/una-joven-bailarina-ucraniana-teme-lo-peor-tras-la-desaparicion-de-su-novio-militar-en-mariupol\/","url":"https:\/\/orato.world\/es\/2022\/11\/11\/una-joven-bailarina-ucraniana-teme-lo-peor-tras-la-desaparicion-de-su-novio-militar-en-mariupol\/","name":"Soldado ucraniano desaparecido, su novia teme lo peor","isPartOf":{"@id":"https:\/\/orato.world\/es\/#website"},"primaryImageOfPage":{"@id":"https:\/\/orato.world\/es\/2022\/11\/11\/una-joven-bailarina-ucraniana-teme-lo-peor-tras-la-desaparicion-de-su-novio-militar-en-mariupol\/#primaryimage"},"image":{"@id":"https:\/\/orato.world\/es\/2022\/11\/11\/una-joven-bailarina-ucraniana-teme-lo-peor-tras-la-desaparicion-de-su-novio-militar-en-mariupol\/#primaryimage"},"thumbnailUrl":"https:\/\/orato.world\/wp-content\/uploads\/ukrainian-soldier-goes-missing-from-Mariupol.jpeg","datePublished":"2022-11-11T13:00:00+00:00","dateModified":"2022-11-26T17:01:26+00:00","description":"La novia de un soldado ucraniano relata su comunicaci\u00f3n durante su misi\u00f3n en Mariupol y el asedio ruso a Azovstal","breadcrumb":{"@id":"https:\/\/orato.world\/es\/2022\/11\/11\/una-joven-bailarina-ucraniana-teme-lo-peor-tras-la-desaparicion-de-su-novio-militar-en-mariupol\/#breadcrumb"},"inLanguage":"es","potentialAction":[{"@type":"ReadAction","target":["https:\/\/orato.world\/es\/2022\/11\/11\/una-joven-bailarina-ucraniana-teme-lo-peor-tras-la-desaparicion-de-su-novio-militar-en-mariupol\/"]}]},{"@type":"ImageObject","inLanguage":"es","@id":"https:\/\/orato.world\/es\/2022\/11\/11\/una-joven-bailarina-ucraniana-teme-lo-peor-tras-la-desaparicion-de-su-novio-militar-en-mariupol\/#primaryimage","url":"https:\/\/orato.world\/wp-content\/uploads\/ukrainian-soldier-goes-missing-from-Mariupol.jpeg","contentUrl":"https:\/\/orato.world\/wp-content\/uploads\/ukrainian-soldier-goes-missing-from-Mariupol.jpeg","width":843,"height":632,"caption":"Liliia Ivashchyk last heard from her boyfriend, a Ukrainian soldier, after the Russian siege of the Azovstal facility in Mariupol | Photo courtesy of Liliia Ivashchyk"},{"@type":"BreadcrumbList","@id":"https:\/\/orato.world\/es\/2022\/11\/11\/una-joven-bailarina-ucraniana-teme-lo-peor-tras-la-desaparicion-de-su-novio-militar-en-mariupol\/#breadcrumb","itemListElement":[{"@type":"ListItem","position":1,"name":"Home","item":"https:\/\/orato.world\/es\/"},{"@type":"ListItem","position":2,"name":"Una joven bailarina ucraniana teme lo peor tras la desaparici\u00f3n de su novio militar en Mariupol"}]},{"@type":"WebSite","@id":"https:\/\/orato.world\/es\/#website","url":"https:\/\/orato.world\/es\/","name":"Orato","description":"True Stories. Real People","publisher":{"@id":"https:\/\/orato.world\/es\/#organization"},"potentialAction":[{"@type":"SearchAction","target":{"@type":"EntryPoint","urlTemplate":"https:\/\/orato.world\/es\/?s={search_term_string}"},"query-input":{"@type":"PropertyValueSpecification","valueRequired":true,"valueName":"search_term_string"}}],"inLanguage":"es"},{"@type":"Organization","@id":"https:\/\/orato.world\/es\/#organization","name":"Orato World Media Inc.","url":"https:\/\/orato.world\/es\/","logo":{"@type":"ImageObject","inLanguage":"es","@id":"https:\/\/orato.world\/es\/#\/schema\/logo\/image\/","url":"https:\/\/orato.world\/wp-content\/uploads\/2020\/07\/orato-logo-transparent.png","contentUrl":"https:\/\/orato.world\/wp-content\/uploads\/2020\/07\/orato-logo-transparent.png","width":78,"height":73,"caption":"Orato World Media Inc."},"image":{"@id":"https:\/\/orato.world\/es\/#\/schema\/logo\/image\/"},"sameAs":["https:\/\/www.facebook.com\/OratoWorld\/","https:\/\/x.com\/oratoworld","https:\/\/www.instagram.com\/oratoworld","https:\/\/www.linkedin.com\/company\/42308818\/"]},{"@type":"Person","@id":"https:\/\/orato.world\/es\/#\/schema\/person\/941839659a3586b6ebfede5abdacaa2a","name":"Yuliia Rudenko","image":{"@type":"ImageObject","inLanguage":"es","@id":"https:\/\/secure.gravatar.com\/avatar\/bc998eeff24dd658d5a7785ec3159c9f8114b2d49e0d45b70269d3f4ac1d0dba?s=96&d=mm&r=g","url":"https:\/\/secure.gravatar.com\/avatar\/bc998eeff24dd658d5a7785ec3159c9f8114b2d49e0d45b70269d3f4ac1d0dba?s=96&d=mm&r=g","contentUrl":"https:\/\/secure.gravatar.com\/avatar\/bc998eeff24dd658d5a7785ec3159c9f8114b2d49e0d45b70269d3f4ac1d0dba?s=96&d=mm&r=g","caption":"Yuliia Rudenko"},"description":"Yuliia Rudenko is a journalist and social media manager at Euromaidan Press, a Ukrainian English-language journal. She covers human rights developments in Russia-occupied territories of Ukraine. Yuliia is an international law student in Kyiv. She dedicated her research to human rights, international humanitarian and criminal law.","sameAs":["https:\/\/www.linkedin.com\/in\/yuliia-rudenko-09025216b\/"],"url":"https:\/\/orato.world\/es\/author\/yuliia-rudenko\/"}]}},"modified_by":null,"uagb_featured_image_src":{"full":["https:\/\/orato.world\/wp-content\/uploads\/ukrainian-soldier-goes-missing-from-Mariupol.jpeg",843,632,false],"thumbnail":["https:\/\/orato.world\/wp-content\/uploads\/ukrainian-soldier-goes-missing-from-Mariupol-100x100.jpeg",100,100,true],"medium":["https:\/\/orato.world\/wp-content\/uploads\/ukrainian-soldier-goes-missing-from-Mariupol-300x225.jpeg",300,225,true],"medium_large":["https:\/\/orato.world\/wp-content\/uploads\/ukrainian-soldier-goes-missing-from-Mariupol-770x577.jpeg",640,480,true],"large":["https:\/\/orato.world\/wp-content\/uploads\/ukrainian-soldier-goes-missing-from-Mariupol.jpeg",640,480,false],"1536x1536":["https:\/\/orato.world\/wp-content\/uploads\/ukrainian-soldier-goes-missing-from-Mariupol.jpeg",843,632,false],"2048x2048":["https:\/\/orato.world\/wp-content\/uploads\/ukrainian-soldier-goes-missing-from-Mariupol.jpeg",843,632,false],"gallery-size":["https:\/\/orato.world\/wp-content\/uploads\/ukrainian-soldier-goes-missing-from-Mariupol.jpeg",534,400,false],"lets-review-360-240":["https:\/\/orato.world\/wp-content\/uploads\/ukrainian-soldier-goes-missing-from-Mariupol-360x240.jpeg",360,240,true],"gform-image-choice-sm":["https:\/\/orato.world\/wp-content\/uploads\/ukrainian-soldier-goes-missing-from-Mariupol.jpeg",300,225,false],"gform-image-choice-md":["https:\/\/orato.world\/wp-content\/uploads\/ukrainian-soldier-goes-missing-from-Mariupol.jpeg",400,300,false],"gform-image-choice-lg":["https:\/\/orato.world\/wp-content\/uploads\/ukrainian-soldier-goes-missing-from-Mariupol.jpeg",600,450,false],"awsm_team":["https:\/\/orato.world\/wp-content\/uploads\/ukrainian-soldier-goes-missing-from-Mariupol-500x500.jpeg",500,500,true]},"uagb_author_info":{"display_name":"Yuliia Rudenko","author_link":"https:\/\/orato.world\/es\/author\/yuliia-rudenko\/"},"uagb_comment_info":0,"uagb_excerpt":"En mayo lleg\u00f3 la noticia de que el asedio a Azovstal termin\u00f3 con el control ruso de las instalaciones. Durante un par de horas, esper\u00e9. Fueron unas de las peores horas de mi vida desde que estall\u00f3 la guerra en febrero. Mi mundo se derrumb\u00f3. Toda esperanza de salvaci\u00f3n desapareci\u00f3 y me sent\u00ed mareado.","_links":{"self":[{"href":"https:\/\/orato.world\/es\/wp-json\/wp\/v2\/posts\/59687","targetHints":{"allow":["GET"]}}],"collection":[{"href":"https:\/\/orato.world\/es\/wp-json\/wp\/v2\/posts"}],"about":[{"href":"https:\/\/orato.world\/es\/wp-json\/wp\/v2\/types\/post"}],"author":[{"embeddable":true,"href":"https:\/\/orato.world\/es\/wp-json\/wp\/v2\/users\/114"}],"replies":[{"embeddable":true,"href":"https:\/\/orato.world\/es\/wp-json\/wp\/v2\/comments?post=59687"}],"version-history":[{"count":0,"href":"https:\/\/orato.world\/es\/wp-json\/wp\/v2\/posts\/59687\/revisions"}],"wp:featuredmedia":[{"embeddable":true,"href":"https:\/\/orato.world\/es\/wp-json\/wp\/v2\/media\/57321"}],"wp:attachment":[{"href":"https:\/\/orato.world\/es\/wp-json\/wp\/v2\/media?parent=59687"}],"wp:term":[{"taxonomy":"category","embeddable":true,"href":"https:\/\/orato.world\/es\/wp-json\/wp\/v2\/categories?post=59687"},{"taxonomy":"post_tag","embeddable":true,"href":"https:\/\/orato.world\/es\/wp-json\/wp\/v2\/tags?post=59687"}],"curies":[{"name":"wp","href":"https:\/\/api.w.org\/{rel}","templated":true}]}}