{"id":6199,"date":"2020-12-03T09:34:22","date_gmt":"2020-12-03T17:34:22","guid":{"rendered":"https:\/\/orato.world\/2020\/12\/03\/himalaya-conquistada-por-el-escalador-con-polio\/"},"modified":"2022-04-19T10:56:10","modified_gmt":"2022-04-19T17:56:10","slug":"himalaya-conquistada-por-el-escalador-con-polio","status":"publish","type":"post","link":"https:\/\/orato.world\/es\/2020\/12\/03\/himalaya-conquistada-por-el-escalador-con-polio\/","title":{"rendered":"Himalaya conquistada por el escalador con polio"},"content":{"rendered":"<div class=\"lets-info-up-wrap  lets-info-up--right lets-info-up--m-1 lets-info-up-skin-1 lets-info-up--side\">\t\t\t<div class=\"lets-info-up\">\r\n\t\t\t<div class=\"lets-info-up-fi\"><img loading=\"lazy\" decoding=\"async\" width=\"313\" height=\"324\" src=\"https:\/\/orato.world\/wp-content\/uploads\/juan-maggi.jpg\" class=\"attachment-lets-info-up-d1 size-lets-info-up-d1\" alt=\"Juan Maggi\" srcset=\"https:\/\/orato.world\/wp-content\/uploads\/\/juan-maggi.jpg 313w, https:\/\/orato.world\/wp-content\/uploads\/\/juan-maggi-290x300.jpg 290w, https:\/\/orato.world\/wp-content\/uploads\/\/juan-maggi-293x303.jpg 293w\" sizes=\"auto, (max-width: 313px) 100vw, 313px\" \/><\/div>\t\t\t<div class=\"lets-info-up-block-wrap\">\r\n\t\t\t\t<div class=\"lets-info-up-block lets-info-up-meta-block\"><div class=\"lets-info-up-meta-title lets-info-up-pretitle font-h\">protagonista<\/div><div class=\"lets-info-up-meta-content lets-info-up-title font-b\">Juan Maggi tiene 57 a\u00f1os y es de la provincia de C\u00f3rdoba, Argentina. A pesar de tener poliomielitis, escal\u00f3 el Himalaya.<\/div><\/div><div class=\"lets-info-up-block lets-info-up-meta-block\"><div class=\"lets-info-up-meta-title lets-info-up-pretitle font-h\">contexto<\/div><div class=\"lets-info-up-meta-content lets-info-up-title font-b\">Seg\u00fan la Organizaci\u00f3n Mundial de la Salud, la poliomielitis afecta principalmente a personas menores de cinco a\u00f1os.<br>Una de cada 200 infecciones produce una par\u00e1lisis irreversible (generalmente de las piernas), y del 5 al 10 por ciento de estos casos muere por par\u00e1lisis de los m\u00fasculos respiratorios.<br>Se han evitado m\u00e1s de 16 millones de casos de par\u00e1lisis como resultado de los esfuerzos mundiales para erradicar la enfermedad.<br>Si la poliomielitis no se erradica en estos \u00faltimos baluartes que quedan, podr\u00eda haber hasta 200.000 nuevos casos por a\u00f1o en diez a\u00f1os en todo el mundo.<br>En la mayor\u00eda de los pa\u00edses, los esfuerzos mundiales han ampliado la capacidad para hacer frente a otras enfermedades infecciosas mediante la creaci\u00f3n de sistemas eficaces de vigilancia e inmunizaci\u00f3n.<\/div><\/div>\t\t\t<\/div>\r\n\t\t\t<\/div>\r\n\t\t<\/div>\r\n\t\t\n\n\n<p>KHARDUNG LA, Ladakh &#8211; La poliomielitis me quit\u00f3 la capacidad para caminar sin muletas cuando ten\u00eda solo un a\u00f1o. Pero eso no me impidi\u00f3 hacer algo que me hubiera parecido imposible hace d\u00e9cadas: escalar el Himalaya.<\/p>\n\n\n\n<p>Eso es exactamente lo que hice en 2015, con la ayuda de mi handbike. Soy Juan Maggi, de la Provincia de C\u00f3rdoba, Argentina. Mis amigos me llaman Jean y me considero un so\u00f1ador.<\/p>\n\n\n\n<p>Y ahora tengo planes a\u00fan m\u00e1s grandes: ir mucho m\u00e1s alto que el pico de la monta\u00f1a m\u00e1s alta.<\/p>\n\n\n\n<p>Mi vida se divide en dos partes: la primera la clasifico como \u00abno aceptaci\u00f3n\u00bb y la segunda comenz\u00f3 despu\u00e9s de un evento m\u00e9dico aterrador en mis treinta y tantos a\u00f1os que me cambi\u00f3 para siempre y me llev\u00f3 a romper cualquier l\u00edmite autoimpuesto.<\/p>\n\n\n\n<p>Contraje polio a la edad de un a\u00f1o cuando los m\u00e9dicos me dieron mi primera vacuna. Aproximadamente una de cada 2 millones de dosis falla, y obtuve esa.<\/p>\n\n\n\n<p>Cuando era ni\u00f1o, vi que la sociedad no estaba preparada para contemplar las necesidades de las personas con discapacidad. Era como si los discapacitados tuvieran que vivir en un c\u00edrculo peque\u00f1o, con solo su entorno inmediato, su familia y muy pocos amigos.<\/p>\n\n\n\n<p>La gente pasaba y me acariciaba la cabeza. Me dec\u00edan \u00abpobrecito\u00bb. Escuchar tantas veces sobre mis limitaciones me hizo creer en ellas.<\/p>\n\n\n\n<p>Viv\u00ed una adolescencia feroz, donde prefer\u00ed llevarme el mundo por delante. Cuando tuve autonom\u00eda y me fui de casa, comenc\u00e9 a autodestruirme, asumiendo que mi discapacidad era una enfermedad. Decid\u00ed no cuidarme. Esto me provoc\u00f3 un infarto a los 37 a\u00f1os.<\/p>\n\n\n\n<p>Me encontr\u00e9 en una ambulancia, luchando por mi vida. Fue entonces cuando me di cuenta de que realmente lo ten\u00eda todo: mis hijos, mi esposa, mi familia, mis amigos, mi trabajo, y estaba a punto de perderlo eso.<\/p>\n\n\n\n<p>Despu\u00e9s de ese trauma, decid\u00ed hacer algunos cambios en mi vida. Los m\u00e9dicos me recomendaron participar en deportes como parte de mi rehabilitaci\u00f3n. Me encontr\u00e9 con un amigo que hab\u00eda visto bicicletas de mano en un marat\u00f3n en Nueva York y me sugiri\u00f3 que compre una. En ese entonces, no ten\u00eda idea de que un a\u00f1o despu\u00e9s de comprar mi bicicleta, la usar\u00eda para correr la misma carrera.<\/p>\n\n\n\n<figure class=\"wp-block-image alignwide size-large\"><img loading=\"lazy\" decoding=\"async\" width=\"1024\" height=\"768\" src=\"https:\/\/orato.world\/wp-content\/uploads\/\/mountain-4-1024x768.jpeg\" alt=\"\" class=\"wp-image-5717\" srcset=\"https:\/\/orato.world\/wp-content\/uploads\/\/mountain-4-1024x768.jpeg 1024w, https:\/\/orato.world\/wp-content\/uploads\/\/mountain-4-300x225.jpeg 300w, https:\/\/orato.world\/wp-content\/uploads\/\/mountain-4-770x578.jpeg 770w, https:\/\/orato.world\/wp-content\/uploads\/\/mountain-4-293x220.jpeg 293w, https:\/\/orato.world\/wp-content\/uploads\/\/mountain-4-500x375.jpeg 500w, https:\/\/orato.world\/wp-content\/uploads\/\/mountain-4.jpeg 1280w\" sizes=\"auto, (max-width: 1024px) 100vw, 1024px\" \/><\/figure>\n\n\n\n<h2 class=\"wp-block-heading\" id=\"h-mi-bici-es-mi-capa-de-superh-roe\">Mi bici es mi capa de superh\u00e9roe<\/h2>\n\n\n\n<p>La primera vez que me sub\u00ed a la bicicleta, sent\u00ed una libertad, una autonom\u00eda y una felicidad indescriptibles que no hab\u00eda experimentado hasta ese momento en mi vida. Era un hombre feliz, inconsciente de todo lo que suceder\u00eda a continuaci\u00f3n.<\/p>\n\n\n\n<p>As\u00ed es como empec\u00e9 a entrenar. Estaba muy asustado al principio. Necesit\u00e9 de mucha pasi\u00f3n, mucha paciencia. De a poco dej\u00e9 atr\u00e1s el cuerpo que me hab\u00eda aprisionado durante tantos a\u00f1os.<\/p>\n\n\n\n<p>Comenc\u00e9 a desafiarme a m\u00ed mismo: cruc\u00e9 la l\u00ednea de meta del Marat\u00f3n de Central Park, complet\u00e9 el Iron Man en Miami y esqui\u00e9 en Canad\u00e1 en los Juegos Paral\u00edmpicos. Carrera a carrera, estaba superando mis l\u00edmites. Me sent\u00ed m\u00e1s fuerte que nunca. <\/p>\n\n\n\n<p>Cuando pedaleo, me siento como un superh\u00e9roe y la bici es mi capa.<\/p>\n\n\n\n<p>Empec\u00e9 a so\u00f1ar con ir al techo del mundo.<\/p>\n\n\n\n<figure class=\"wp-block-image alignwide size-large\"><img loading=\"lazy\" decoding=\"async\" width=\"1024\" height=\"768\" src=\"https:\/\/orato.world\/wp-content\/uploads\/\/mountain-3-1024x768.jpeg\" alt=\"\" class=\"wp-image-5702\" srcset=\"https:\/\/orato.world\/wp-content\/uploads\/\/mountain-3-1024x768.jpeg 1024w, https:\/\/orato.world\/wp-content\/uploads\/\/mountain-3-300x225.jpeg 300w, https:\/\/orato.world\/wp-content\/uploads\/\/mountain-3-770x578.jpeg 770w, https:\/\/orato.world\/wp-content\/uploads\/\/mountain-3-293x220.jpeg 293w, https:\/\/orato.world\/wp-content\/uploads\/\/mountain-3-500x375.jpeg 500w, https:\/\/orato.world\/wp-content\/uploads\/\/mountain-3.jpeg 1280w\" sizes=\"auto, (max-width: 1024px) 100vw, 1024px\" \/><\/figure>\n\n\n\n<h2 class=\"wp-block-heading\" id=\"h-el-techo-del-mundo\">El techo del mundo<\/h2>\n\n\n\n<p>La fuerza de voluntad y la superaci\u00f3n personal son mis mayores incentivos. La discapacidad se siente como una circunstancia que se puede superar. Mi vida es prueba viviente de ello. Escalar el Himalaya fue m\u00e1s que un desaf\u00edo, fue un sue\u00f1o.<\/p>\n\n\n\n<p>Mi preparaci\u00f3n incluy\u00f3 muchos meses de entrenamiento, acompa\u00f1ado de una dieta saludable y mucho compromiso, no solo f\u00edsico sino mental. Despu\u00e9s de tanto sacrificio, lleg\u00f3 el momento: en el verano de 2015 empaqu\u00e9 mis cosas y me dirig\u00ed al techo del mundo. Empec\u00e9 el 16 de julio y llegu\u00e9 el 3 de agosto.<\/p>\n\n\n\n<p>Fue un esfuerzo incre\u00edble. La monta\u00f1a me dobl\u00f3 varias veces porque era sumamente desafiante e intensa. Lo tuve dif\u00edcil f\u00edsica y mentalmente. Estaba entrenado, me hab\u00eda preparado, pero la monta\u00f1a impuso su inmensidad y me puso en mi lugar.<\/p>\n\n\n\n<p>A veces, no quer\u00eda continuar. Quer\u00eda bajarme e irme a casa. El viento, el fr\u00edo, la falta de ox\u00edgeno y la soledad golpean con fuerza. Pero cuando pens\u00e9 en todo lo que me ha pasado y en c\u00f3mo super\u00e9 cada obst\u00e1culo, se me despej\u00f3 la cabeza y segu\u00ed pedaleando. Nunca podr\u00eda rendirme. Todo en mi vida indicaba que no iba a ser deportista. Pero ah\u00ed estaba alcanzando el paso m\u00e1s alto del mundo con una bicicleta de mano.<\/p>\n\n\n\n<p>Cuando vi la \u00faltima curva, supe que estaba a punto de alcanzar mi meta. Empec\u00e9 a imaginar lo que iba a hacer cuando llegara. Quer\u00eda llevar la bandera argentina, bajarme de la bicicleta e intentar estar de pie con los postes en alto. Dobl\u00e9 la \u00faltima curva y llegu\u00e9 al techo del mundo. Sent\u00ed que la bicicleta me transform\u00f3 en un cazador de sue\u00f1os.<\/p>\n\n\n\n<p>Mis ojos se nublaron con la inmensidad de la fr\u00eda soledad en el techo del mundo. La paz y el amor propio calentaron mi cuerpo. El mundo estaba debajo de m\u00ed; arriba no hab\u00eda nada m\u00e1s.<\/p>\n\n\n\n<figure class=\"wp-block-image alignwide size-large\"><img loading=\"lazy\" decoding=\"async\" width=\"1024\" height=\"768\" src=\"https:\/\/orato.world\/wp-content\/uploads\/\/mountain-1-1024x768.jpeg\" alt=\"\" class=\"wp-image-5707\" srcset=\"https:\/\/orato.world\/wp-content\/uploads\/\/mountain-1-1024x768.jpeg 1024w, https:\/\/orato.world\/wp-content\/uploads\/\/mountain-1-300x225.jpeg 300w, https:\/\/orato.world\/wp-content\/uploads\/\/mountain-1-770x578.jpeg 770w, https:\/\/orato.world\/wp-content\/uploads\/\/mountain-1-293x220.jpeg 293w, https:\/\/orato.world\/wp-content\/uploads\/\/mountain-1-500x375.jpeg 500w, https:\/\/orato.world\/wp-content\/uploads\/\/mountain-1.jpeg 1280w\" sizes=\"auto, (max-width: 1024px) 100vw, 1024px\" \/><\/figure>\n\n\n\n<h2 class=\"wp-block-heading\" id=\"h-intercambiar-inclusi-n-por-convivencia\">Intercambiar inclusi\u00f3n por convivencia<\/h2>\n\n\n\n<p>Para m\u00ed, empujar mis l\u00edmites se trata de superaci\u00f3n personal. Es ver la discapacidad desde otro lado. Es fuerza de voluntad, pasi\u00f3n, libertad. Es la lucha contra la discriminaci\u00f3n ajena y m\u00eda.<\/p>\n\n\n\n<p>Comenc\u00e9 la <a href=\"https:\/\/www.fundacionjeanmaggi.org\/\"><em>Fundaci\u00f3n Jean Maggi<\/em><\/a>con mi esposa e hijos despu\u00e9s de la escalada. Se nos ocurri\u00f3 aprovechar el minuto de fama que me hab\u00eda dado el Himalaya.<\/p>\n\n\n\n<p>Las empresas me llamaron para pedirme que compartiera mi historia y se me ocurri\u00f3 la idea de cambiar mis charlas por bicicletas adaptadas y luego donarlas.<\/p>\n\n\n\n<p>Pas\u00f3 un tiempo y las bicicletas donadas de los compromisos de conferencias no fueron suficientes, as\u00ed que pens\u00e9 en fabricar m\u00e1s para llegar a quienes las necesitaban. Fue entonces cuando creamos<a href=\"https:\/\/www.instagram.com\/salafabrica\/\"><em>Superadaptados<\/em><\/a>, donde fabricamos y montamos bicicletas y empleamos a personas con discapacidad.<\/p>\n\n\n\n<p>Hemos entregado m\u00e1s de 450 bicicletas. Cada vez que entrego una de estas bicicletas, me siento feliz. En cada usuario, visualizo mi propio viaje. Me da una gran satisfacci\u00f3n saber de aquellos que han tenido que cambiar su bicicleta por una m\u00e1s grande.<\/p>\n\n\n\n<p>Mi cruzada es poner la discapacidad en otro nivel. Mi \u00faltimo sue\u00f1o es borrar los v\u00ednculos entre la inclusi\u00f3n y la discapacidad. Me gustar\u00eda reemplazar el t\u00e9rmino por <em>convivencia.<\/em> Si hablamos de inclusi\u00f3n es porque algo est\u00e1 excluido. Creo que lo realmente necesario es cambiar nuestro concepto y vivir juntos, convivir.<\/p>\n\n\n\n<p>Creo que la donaci\u00f3n de bicicletas construye convivencia. Todos tenemos habilidades, sue\u00f1os y vidas \u00fanicas diferentes y extraordinarias.<\/p>\n\n\n\n<figure class=\"wp-block-image alignwide size-large\"><img loading=\"lazy\" decoding=\"async\" width=\"1024\" height=\"768\" src=\"https:\/\/orato.world\/wp-content\/uploads\/\/mountain-6-1024x768.jpeg\" alt=\"\" class=\"wp-image-5712\" srcset=\"https:\/\/orato.world\/wp-content\/uploads\/\/mountain-6-1024x768.jpeg 1024w, https:\/\/orato.world\/wp-content\/uploads\/\/mountain-6-300x225.jpeg 300w, https:\/\/orato.world\/wp-content\/uploads\/\/mountain-6-770x578.jpeg 770w, https:\/\/orato.world\/wp-content\/uploads\/\/mountain-6-293x220.jpeg 293w, https:\/\/orato.world\/wp-content\/uploads\/\/mountain-6-500x375.jpeg 500w, https:\/\/orato.world\/wp-content\/uploads\/\/mountain-6.jpeg 1280w\" sizes=\"auto, (max-width: 1024px) 100vw, 1024px\" \/><\/figure>\n\n\n\n<h2 class=\"wp-block-heading\" id=\"h-mirando-al-futuro\">Mirando al futuro<\/h2>\n\n\n\n<p>Ahora estoy trabajando en un nuevo proyecto incre\u00edble que a\u00fan no puedo divulgar, pero es otro gran sue\u00f1o, una hermosa aventura de otro mundo, que me hace explotar de felicidad. Estoy entrenando mucho, llevando mi cuerpo al l\u00edmite. Esta aventura ser\u00e1 como \u00abtocar el cielo\u00bb con mis manos. Voy a subir mucho m\u00e1s alto que el pico de la monta\u00f1a m\u00e1s alta.<\/p>\n\n\n\n<p>Siempre usando los sue\u00f1os como destino, s\u00e9 lo que soy: un so\u00f1ador en serie.<\/p>\n","protected":false},"excerpt":{"rendered":"<p>Empec\u00e9 a imaginar lo que iba a hacer cuando llegara. Quer\u00eda llevar la bandera argentina, bajarme de la bicicleta e intentar estar de pie con los postes en alto.<\/p>\n","protected":false},"author":28,"featured_media":5699,"comment_status":"open","ping_status":"open","sticky":false,"template":"","format":"standard","meta":{"_acf_changed":false,"_uag_custom_page_level_css":"","_lmt_disableupdate":"no","_lmt_disable":"","footnotes":""},"categories":[334,416,417],"tags":[613,449,455,454,1469,452,1266,451,453,450],"class_list":["post-6199","post","type-post","status-publish","format-standard","has-post-thumbnail","hentry","category-deportes","category-viajes-y-aventuras","category-visionarios","tag-africa-es","tag-cordoba-es","tag-deportes-es","tag-discapacidad-es","tag-discapacidad-es-2","tag-elimine-infinito-es","tag-escalar","tag-fundacion-juan-maggi-es","tag-himalaya-es","tag-salafabrica-es"],"acf":[],"yoast_head":"<!-- This site is optimized with the Yoast SEO Premium plugin v27.5 (Yoast SEO v27.5) - https:\/\/yoast.com\/product\/yoast-seo-premium-wordpress\/ -->\n<title>Himalaya conquistada por el escalador con polio - Orato<\/title>\n<meta name=\"description\" content=\"La poliomielitis me quit\u00f3 la capacidad de caminar sin muletas desde que era joven, pero no me impidi\u00f3 escalar el Himalaya.\" \/>\n<meta name=\"robots\" content=\"index, follow, max-snippet:-1, max-image-preview:large, max-video-preview:-1\" \/>\n<link rel=\"canonical\" href=\"https:\/\/orato.world\/es\/2020\/12\/03\/himalaya-conquistada-por-el-escalador-con-polio\/\" \/>\n<meta property=\"og:locale\" content=\"es_ES\" \/>\n<meta property=\"og:type\" content=\"article\" \/>\n<meta property=\"og:title\" content=\"Himalaya conquistada por el escalador con polio\" \/>\n<meta property=\"og:description\" content=\"La poliomielitis me quit\u00f3 la capacidad de caminar sin muletas desde que era joven, pero no me impidi\u00f3 escalar el Himalaya.\" \/>\n<meta property=\"og:url\" content=\"https:\/\/orato.world\/es\/2020\/12\/03\/himalaya-conquistada-por-el-escalador-con-polio\/\" \/>\n<meta property=\"og:site_name\" content=\"Orato\" \/>\n<meta property=\"article:publisher\" content=\"https:\/\/www.facebook.com\/OratoWorld\/\" \/>\n<meta property=\"article:published_time\" content=\"2020-12-03T17:34:22+00:00\" \/>\n<meta property=\"article:modified_time\" content=\"2022-04-19T17:56:10+00:00\" \/>\n<meta property=\"og:image\" content=\"https:\/\/orato.world\/wp-content\/uploads\/mountain-2.jpeg\" \/>\n\t<meta property=\"og:image:width\" content=\"1280\" \/>\n\t<meta property=\"og:image:height\" content=\"960\" \/>\n\t<meta property=\"og:image:type\" content=\"image\/jpeg\" \/>\n<meta name=\"author\" content=\"Mariela Laksman\" \/>\n<meta name=\"twitter:card\" content=\"summary_large_image\" \/>\n<meta name=\"twitter:creator\" content=\"@oratoworld\" \/>\n<meta name=\"twitter:site\" content=\"@oratoworld\" \/>\n<meta name=\"twitter:label1\" content=\"Escrito por\" \/>\n\t<meta name=\"twitter:data1\" content=\"Mariela Laksman\" \/>\n\t<meta name=\"twitter:label2\" content=\"Tiempo de lectura\" \/>\n\t<meta name=\"twitter:data2\" content=\"6 minutos\" \/>\n<script type=\"application\/ld+json\" class=\"yoast-schema-graph\">{\"@context\":\"https:\\\/\\\/schema.org\",\"@graph\":[{\"@type\":\"NewsArticle\",\"@id\":\"https:\\\/\\\/orato.world\\\/es\\\/2020\\\/12\\\/03\\\/himalaya-conquistada-por-el-escalador-con-polio\\\/#article\",\"isPartOf\":{\"@id\":\"https:\\\/\\\/orato.world\\\/es\\\/2020\\\/12\\\/03\\\/himalaya-conquistada-por-el-escalador-con-polio\\\/\"},\"author\":{\"name\":\"Mariela Laksman\",\"@id\":\"https:\\\/\\\/orato.world\\\/es\\\/#\\\/schema\\\/person\\\/d4a4a9a63551641850068c20e93613a5\"},\"headline\":\"Himalaya conquistada por el escalador con polio\",\"datePublished\":\"2020-12-03T17:34:22+00:00\",\"dateModified\":\"2022-04-19T17:56:10+00:00\",\"mainEntityOfPage\":{\"@id\":\"https:\\\/\\\/orato.world\\\/es\\\/2020\\\/12\\\/03\\\/himalaya-conquistada-por-el-escalador-con-polio\\\/\"},\"wordCount\":1258,\"commentCount\":0,\"publisher\":{\"@id\":\"https:\\\/\\\/orato.world\\\/es\\\/#organization\"},\"image\":{\"@id\":\"https:\\\/\\\/orato.world\\\/es\\\/2020\\\/12\\\/03\\\/himalaya-conquistada-por-el-escalador-con-polio\\\/#primaryimage\"},\"thumbnailUrl\":\"https:\\\/\\\/orato.world\\\/wp-content\\\/uploads\\\/mountain-2.jpeg\",\"keywords\":[\"Africa\",\"Cordoba\",\"Deportes\",\"Discapacidad\",\"Discapacidad\",\"Elimine infinito\",\"Escalar\",\"Fundaci\u00f3n Juan Maggi\",\"Himalaya\",\"Salafabrica\"],\"articleSection\":[\"Deportes\",\"Viajes y aventuras\",\"Visionarios\"],\"inLanguage\":\"es\",\"potentialAction\":[{\"@type\":\"CommentAction\",\"name\":\"Comment\",\"target\":[\"https:\\\/\\\/orato.world\\\/es\\\/2020\\\/12\\\/03\\\/himalaya-conquistada-por-el-escalador-con-polio\\\/#respond\"]}]},{\"@type\":\"WebPage\",\"@id\":\"https:\\\/\\\/orato.world\\\/es\\\/2020\\\/12\\\/03\\\/himalaya-conquistada-por-el-escalador-con-polio\\\/\",\"url\":\"https:\\\/\\\/orato.world\\\/es\\\/2020\\\/12\\\/03\\\/himalaya-conquistada-por-el-escalador-con-polio\\\/\",\"name\":\"Himalaya conquistada por el escalador con polio - Orato\",\"isPartOf\":{\"@id\":\"https:\\\/\\\/orato.world\\\/es\\\/#website\"},\"primaryImageOfPage\":{\"@id\":\"https:\\\/\\\/orato.world\\\/es\\\/2020\\\/12\\\/03\\\/himalaya-conquistada-por-el-escalador-con-polio\\\/#primaryimage\"},\"image\":{\"@id\":\"https:\\\/\\\/orato.world\\\/es\\\/2020\\\/12\\\/03\\\/himalaya-conquistada-por-el-escalador-con-polio\\\/#primaryimage\"},\"thumbnailUrl\":\"https:\\\/\\\/orato.world\\\/wp-content\\\/uploads\\\/mountain-2.jpeg\",\"datePublished\":\"2020-12-03T17:34:22+00:00\",\"dateModified\":\"2022-04-19T17:56:10+00:00\",\"description\":\"La poliomielitis me quit\u00f3 la capacidad de caminar sin muletas desde que era joven, pero no me impidi\u00f3 escalar el Himalaya.\",\"breadcrumb\":{\"@id\":\"https:\\\/\\\/orato.world\\\/es\\\/2020\\\/12\\\/03\\\/himalaya-conquistada-por-el-escalador-con-polio\\\/#breadcrumb\"},\"inLanguage\":\"es\",\"potentialAction\":[{\"@type\":\"ReadAction\",\"target\":[\"https:\\\/\\\/orato.world\\\/es\\\/2020\\\/12\\\/03\\\/himalaya-conquistada-por-el-escalador-con-polio\\\/\"]}]},{\"@type\":\"ImageObject\",\"inLanguage\":\"es\",\"@id\":\"https:\\\/\\\/orato.world\\\/es\\\/2020\\\/12\\\/03\\\/himalaya-conquistada-por-el-escalador-con-polio\\\/#primaryimage\",\"url\":\"https:\\\/\\\/orato.world\\\/wp-content\\\/uploads\\\/mountain-2.jpeg\",\"contentUrl\":\"https:\\\/\\\/orato.world\\\/wp-content\\\/uploads\\\/mountain-2.jpeg\",\"width\":1280,\"height\":960,\"caption\":\"La discapacidad es un gran l\u00edmite, pero lo que a veces parece un sue\u00f1o o una locura, son palabras simples: lo dif\u00edcil se hace, lo imposible se intenta.\"},{\"@type\":\"BreadcrumbList\",\"@id\":\"https:\\\/\\\/orato.world\\\/es\\\/2020\\\/12\\\/03\\\/himalaya-conquistada-por-el-escalador-con-polio\\\/#breadcrumb\",\"itemListElement\":[{\"@type\":\"ListItem\",\"position\":1,\"name\":\"Home\",\"item\":\"https:\\\/\\\/orato.world\\\/es\\\/\"},{\"@type\":\"ListItem\",\"position\":2,\"name\":\"Himalaya conquistada por el escalador con polio\"}]},{\"@type\":\"WebSite\",\"@id\":\"https:\\\/\\\/orato.world\\\/es\\\/#website\",\"url\":\"https:\\\/\\\/orato.world\\\/es\\\/\",\"name\":\"Orato\",\"description\":\"True Stories. Real People\",\"publisher\":{\"@id\":\"https:\\\/\\\/orato.world\\\/es\\\/#organization\"},\"potentialAction\":[{\"@type\":\"SearchAction\",\"target\":{\"@type\":\"EntryPoint\",\"urlTemplate\":\"https:\\\/\\\/orato.world\\\/es\\\/?s={search_term_string}\"},\"query-input\":{\"@type\":\"PropertyValueSpecification\",\"valueRequired\":true,\"valueName\":\"search_term_string\"}}],\"inLanguage\":\"es\"},{\"@type\":\"Organization\",\"@id\":\"https:\\\/\\\/orato.world\\\/es\\\/#organization\",\"name\":\"Orato World Media Inc.\",\"url\":\"https:\\\/\\\/orato.world\\\/es\\\/\",\"logo\":{\"@type\":\"ImageObject\",\"inLanguage\":\"es\",\"@id\":\"https:\\\/\\\/orato.world\\\/es\\\/#\\\/schema\\\/logo\\\/image\\\/\",\"url\":\"https:\\\/\\\/orato.world\\\/wp-content\\\/uploads\\\/2020\\\/07\\\/orato-logo-transparent.png\",\"contentUrl\":\"https:\\\/\\\/orato.world\\\/wp-content\\\/uploads\\\/2020\\\/07\\\/orato-logo-transparent.png\",\"width\":78,\"height\":73,\"caption\":\"Orato World Media Inc.\"},\"image\":{\"@id\":\"https:\\\/\\\/orato.world\\\/es\\\/#\\\/schema\\\/logo\\\/image\\\/\"},\"sameAs\":[\"https:\\\/\\\/www.facebook.com\\\/OratoWorld\\\/\",\"https:\\\/\\\/x.com\\\/oratoworld\",\"https:\\\/\\\/www.instagram.com\\\/oratoworld\",\"https:\\\/\\\/www.linkedin.com\\\/company\\\/42308818\\\/\"]},{\"@type\":\"Person\",\"@id\":\"https:\\\/\\\/orato.world\\\/es\\\/#\\\/schema\\\/person\\\/d4a4a9a63551641850068c20e93613a5\",\"name\":\"Mariela Laksman\",\"image\":{\"@type\":\"ImageObject\",\"inLanguage\":\"es\",\"@id\":\"https:\\\/\\\/secure.gravatar.com\\\/avatar\\\/133ba1b69c2a2b7c782cce9999c26555b6bc9af9e382e5e8f8e3fc285015d1b7?s=96&d=mm&r=g\",\"url\":\"https:\\\/\\\/secure.gravatar.com\\\/avatar\\\/133ba1b69c2a2b7c782cce9999c26555b6bc9af9e382e5e8f8e3fc285015d1b7?s=96&d=mm&r=g\",\"contentUrl\":\"https:\\\/\\\/secure.gravatar.com\\\/avatar\\\/133ba1b69c2a2b7c782cce9999c26555b6bc9af9e382e5e8f8e3fc285015d1b7?s=96&d=mm&r=g\",\"caption\":\"Mariela Laksman\"},\"description\":\"Image and Sound Designer, Integral Audiovisual and Journalistic Producer, writer, and teacher. I started working when I was very young; Since 2001, I was a producer for different television programs, documentary films, radio, and generating creative content for different organizations and companies. I won the award: \\\"Nuevo Sudaca Border\\\" with the microfiction book \\\"Un Tigre con la Boca Abierta\\\", for Eloisa Cartonera Editorial. I am passionate about telling stories and writing.\",\"url\":\"https:\\\/\\\/orato.world\\\/es\\\/author\\\/mariela-laksman\\\/\"}]}<\/script>\n<!-- \/ Yoast SEO Premium plugin. -->","yoast_head_json":{"title":"Himalaya conquistada por el escalador con polio - Orato","description":"La poliomielitis me quit\u00f3 la capacidad de caminar sin muletas desde que era joven, pero no me impidi\u00f3 escalar el Himalaya.","robots":{"index":"index","follow":"follow","max-snippet":"max-snippet:-1","max-image-preview":"max-image-preview:large","max-video-preview":"max-video-preview:-1"},"canonical":"https:\/\/orato.world\/es\/2020\/12\/03\/himalaya-conquistada-por-el-escalador-con-polio\/","og_locale":"es_ES","og_type":"article","og_title":"Himalaya conquistada por el escalador con polio","og_description":"La poliomielitis me quit\u00f3 la capacidad de caminar sin muletas desde que era joven, pero no me impidi\u00f3 escalar el Himalaya.","og_url":"https:\/\/orato.world\/es\/2020\/12\/03\/himalaya-conquistada-por-el-escalador-con-polio\/","og_site_name":"Orato","article_publisher":"https:\/\/www.facebook.com\/OratoWorld\/","article_published_time":"2020-12-03T17:34:22+00:00","article_modified_time":"2022-04-19T17:56:10+00:00","og_image":[{"width":1280,"height":960,"url":"https:\/\/orato.world\/wp-content\/uploads\/mountain-2.jpeg","type":"image\/jpeg"}],"author":"Mariela Laksman","twitter_card":"summary_large_image","twitter_creator":"@oratoworld","twitter_site":"@oratoworld","twitter_misc":{"Escrito por":"Mariela Laksman","Tiempo de lectura":"6 minutos"},"schema":{"@context":"https:\/\/schema.org","@graph":[{"@type":"NewsArticle","@id":"https:\/\/orato.world\/es\/2020\/12\/03\/himalaya-conquistada-por-el-escalador-con-polio\/#article","isPartOf":{"@id":"https:\/\/orato.world\/es\/2020\/12\/03\/himalaya-conquistada-por-el-escalador-con-polio\/"},"author":{"name":"Mariela Laksman","@id":"https:\/\/orato.world\/es\/#\/schema\/person\/d4a4a9a63551641850068c20e93613a5"},"headline":"Himalaya conquistada por el escalador con polio","datePublished":"2020-12-03T17:34:22+00:00","dateModified":"2022-04-19T17:56:10+00:00","mainEntityOfPage":{"@id":"https:\/\/orato.world\/es\/2020\/12\/03\/himalaya-conquistada-por-el-escalador-con-polio\/"},"wordCount":1258,"commentCount":0,"publisher":{"@id":"https:\/\/orato.world\/es\/#organization"},"image":{"@id":"https:\/\/orato.world\/es\/2020\/12\/03\/himalaya-conquistada-por-el-escalador-con-polio\/#primaryimage"},"thumbnailUrl":"https:\/\/orato.world\/wp-content\/uploads\/mountain-2.jpeg","keywords":["Africa","Cordoba","Deportes","Discapacidad","Discapacidad","Elimine infinito","Escalar","Fundaci\u00f3n Juan Maggi","Himalaya","Salafabrica"],"articleSection":["Deportes","Viajes y aventuras","Visionarios"],"inLanguage":"es","potentialAction":[{"@type":"CommentAction","name":"Comment","target":["https:\/\/orato.world\/es\/2020\/12\/03\/himalaya-conquistada-por-el-escalador-con-polio\/#respond"]}]},{"@type":"WebPage","@id":"https:\/\/orato.world\/es\/2020\/12\/03\/himalaya-conquistada-por-el-escalador-con-polio\/","url":"https:\/\/orato.world\/es\/2020\/12\/03\/himalaya-conquistada-por-el-escalador-con-polio\/","name":"Himalaya conquistada por el escalador con polio - Orato","isPartOf":{"@id":"https:\/\/orato.world\/es\/#website"},"primaryImageOfPage":{"@id":"https:\/\/orato.world\/es\/2020\/12\/03\/himalaya-conquistada-por-el-escalador-con-polio\/#primaryimage"},"image":{"@id":"https:\/\/orato.world\/es\/2020\/12\/03\/himalaya-conquistada-por-el-escalador-con-polio\/#primaryimage"},"thumbnailUrl":"https:\/\/orato.world\/wp-content\/uploads\/mountain-2.jpeg","datePublished":"2020-12-03T17:34:22+00:00","dateModified":"2022-04-19T17:56:10+00:00","description":"La poliomielitis me quit\u00f3 la capacidad de caminar sin muletas desde que era joven, pero no me impidi\u00f3 escalar el Himalaya.","breadcrumb":{"@id":"https:\/\/orato.world\/es\/2020\/12\/03\/himalaya-conquistada-por-el-escalador-con-polio\/#breadcrumb"},"inLanguage":"es","potentialAction":[{"@type":"ReadAction","target":["https:\/\/orato.world\/es\/2020\/12\/03\/himalaya-conquistada-por-el-escalador-con-polio\/"]}]},{"@type":"ImageObject","inLanguage":"es","@id":"https:\/\/orato.world\/es\/2020\/12\/03\/himalaya-conquistada-por-el-escalador-con-polio\/#primaryimage","url":"https:\/\/orato.world\/wp-content\/uploads\/mountain-2.jpeg","contentUrl":"https:\/\/orato.world\/wp-content\/uploads\/mountain-2.jpeg","width":1280,"height":960,"caption":"La discapacidad es un gran l\u00edmite, pero lo que a veces parece un sue\u00f1o o una locura, son palabras simples: lo dif\u00edcil se hace, lo imposible se intenta."},{"@type":"BreadcrumbList","@id":"https:\/\/orato.world\/es\/2020\/12\/03\/himalaya-conquistada-por-el-escalador-con-polio\/#breadcrumb","itemListElement":[{"@type":"ListItem","position":1,"name":"Home","item":"https:\/\/orato.world\/es\/"},{"@type":"ListItem","position":2,"name":"Himalaya conquistada por el escalador con polio"}]},{"@type":"WebSite","@id":"https:\/\/orato.world\/es\/#website","url":"https:\/\/orato.world\/es\/","name":"Orato","description":"True Stories. Real People","publisher":{"@id":"https:\/\/orato.world\/es\/#organization"},"potentialAction":[{"@type":"SearchAction","target":{"@type":"EntryPoint","urlTemplate":"https:\/\/orato.world\/es\/?s={search_term_string}"},"query-input":{"@type":"PropertyValueSpecification","valueRequired":true,"valueName":"search_term_string"}}],"inLanguage":"es"},{"@type":"Organization","@id":"https:\/\/orato.world\/es\/#organization","name":"Orato World Media Inc.","url":"https:\/\/orato.world\/es\/","logo":{"@type":"ImageObject","inLanguage":"es","@id":"https:\/\/orato.world\/es\/#\/schema\/logo\/image\/","url":"https:\/\/orato.world\/wp-content\/uploads\/2020\/07\/orato-logo-transparent.png","contentUrl":"https:\/\/orato.world\/wp-content\/uploads\/2020\/07\/orato-logo-transparent.png","width":78,"height":73,"caption":"Orato World Media Inc."},"image":{"@id":"https:\/\/orato.world\/es\/#\/schema\/logo\/image\/"},"sameAs":["https:\/\/www.facebook.com\/OratoWorld\/","https:\/\/x.com\/oratoworld","https:\/\/www.instagram.com\/oratoworld","https:\/\/www.linkedin.com\/company\/42308818\/"]},{"@type":"Person","@id":"https:\/\/orato.world\/es\/#\/schema\/person\/d4a4a9a63551641850068c20e93613a5","name":"Mariela Laksman","image":{"@type":"ImageObject","inLanguage":"es","@id":"https:\/\/secure.gravatar.com\/avatar\/133ba1b69c2a2b7c782cce9999c26555b6bc9af9e382e5e8f8e3fc285015d1b7?s=96&d=mm&r=g","url":"https:\/\/secure.gravatar.com\/avatar\/133ba1b69c2a2b7c782cce9999c26555b6bc9af9e382e5e8f8e3fc285015d1b7?s=96&d=mm&r=g","contentUrl":"https:\/\/secure.gravatar.com\/avatar\/133ba1b69c2a2b7c782cce9999c26555b6bc9af9e382e5e8f8e3fc285015d1b7?s=96&d=mm&r=g","caption":"Mariela Laksman"},"description":"Image and Sound Designer, Integral Audiovisual and Journalistic Producer, writer, and teacher. I started working when I was very young; Since 2001, I was a producer for different television programs, documentary films, radio, and generating creative content for different organizations and companies. I won the award: \"Nuevo Sudaca Border\" with the microfiction book \"Un Tigre con la Boca Abierta\", for Eloisa Cartonera Editorial. I am passionate about telling stories and writing.","url":"https:\/\/orato.world\/es\/author\/mariela-laksman\/"}]}},"modified_by":"Stephen","uagb_featured_image_src":{"full":["https:\/\/orato.world\/wp-content\/uploads\/mountain-2.jpeg",1280,960,false],"thumbnail":["https:\/\/orato.world\/wp-content\/uploads\/mountain-2-100x100.jpeg",100,100,true],"medium":["https:\/\/orato.world\/wp-content\/uploads\/mountain-2-300x225.jpeg",300,225,true],"medium_large":["https:\/\/orato.world\/wp-content\/uploads\/mountain-2-770x578.jpeg",640,480,true],"large":["https:\/\/orato.world\/wp-content\/uploads\/mountain-2-1024x768.jpeg",640,480,true],"1536x1536":["https:\/\/orato.world\/wp-content\/uploads\/mountain-2.jpeg",1280,960,false],"2048x2048":["https:\/\/orato.world\/wp-content\/uploads\/mountain-2.jpeg",1280,960,false],"gallery-size":["https:\/\/orato.world\/wp-content\/uploads\/mountain-2.jpeg",533,400,false],"lets-review-360-240":["https:\/\/orato.world\/wp-content\/uploads\/mountain-2.jpeg",320,240,false],"gform-image-choice-sm":["https:\/\/orato.world\/wp-content\/uploads\/mountain-2.jpeg",300,225,false],"gform-image-choice-md":["https:\/\/orato.world\/wp-content\/uploads\/mountain-2.jpeg",400,300,false],"gform-image-choice-lg":["https:\/\/orato.world\/wp-content\/uploads\/mountain-2.jpeg",600,450,false],"awsm_team":["https:\/\/orato.world\/wp-content\/uploads\/mountain-2-500x500.jpeg",500,500,true]},"uagb_author_info":{"display_name":"Mariela Laksman","author_link":"https:\/\/orato.world\/es\/author\/mariela-laksman\/"},"uagb_comment_info":0,"uagb_excerpt":"Empec\u00e9 a imaginar lo que iba a hacer cuando llegara. Quer\u00eda llevar la bandera argentina, bajarme de la bicicleta e intentar estar de pie con los postes en alto.","_links":{"self":[{"href":"https:\/\/orato.world\/es\/wp-json\/wp\/v2\/posts\/6199","targetHints":{"allow":["GET"]}}],"collection":[{"href":"https:\/\/orato.world\/es\/wp-json\/wp\/v2\/posts"}],"about":[{"href":"https:\/\/orato.world\/es\/wp-json\/wp\/v2\/types\/post"}],"author":[{"embeddable":true,"href":"https:\/\/orato.world\/es\/wp-json\/wp\/v2\/users\/28"}],"replies":[{"embeddable":true,"href":"https:\/\/orato.world\/es\/wp-json\/wp\/v2\/comments?post=6199"}],"version-history":[{"count":0,"href":"https:\/\/orato.world\/es\/wp-json\/wp\/v2\/posts\/6199\/revisions"}],"wp:featuredmedia":[{"embeddable":true,"href":"https:\/\/orato.world\/es\/wp-json\/wp\/v2\/media\/5699"}],"wp:attachment":[{"href":"https:\/\/orato.world\/es\/wp-json\/wp\/v2\/media?parent=6199"}],"wp:term":[{"taxonomy":"category","embeddable":true,"href":"https:\/\/orato.world\/es\/wp-json\/wp\/v2\/categories?post=6199"},{"taxonomy":"post_tag","embeddable":true,"href":"https:\/\/orato.world\/es\/wp-json\/wp\/v2\/tags?post=6199"}],"curies":[{"name":"wp","href":"https:\/\/api.w.org\/{rel}","templated":true}]}}