{"id":63027,"date":"2022-12-12T12:55:43","date_gmt":"2022-12-12T20:55:43","guid":{"rendered":"https:\/\/orato.world\/2022\/12\/12\/multitudinaria-asistencia-al-mundial-de-qatar-2022-para-cantar-con-mati-teclas-y-argentina\/"},"modified":"2022-12-19T13:19:22","modified_gmt":"2022-12-19T21:19:22","slug":"multitudinaria-asistencia-al-mundial-de-qatar-2022-para-cantar-con-mati-teclas-y-argentina","status":"publish","type":"post","link":"https:\/\/orato.world\/es\/2022\/12\/12\/multitudinaria-asistencia-al-mundial-de-qatar-2022-para-cantar-con-mati-teclas-y-argentina\/","title":{"rendered":"Multitudinaria asistencia al Mundial de Qatar 2022 para cantar con Mati Teclas y Argentina"},"content":{"rendered":"<div class=\"lets-info-up-wrap  lets-info-up--right lets-info-up--m-1 lets-info-up-skin-1 lets-info-up--side\">\t\t\t<div class=\"lets-info-up\">\r\n\t\t\t<div class=\"lets-info-up-fi\"><img loading=\"lazy\" decoding=\"async\" width=\"500\" height=\"500\" src=\"https:\/\/orato.world\/wp-content\/uploads\/1-2-500x500.png\" class=\"attachment-lets-info-up-d1 size-lets-info-up-d1\" alt=\"\" srcset=\"https:\/\/orato.world\/wp-content\/uploads\/\/1-2-500x500.png 500w, https:\/\/orato.world\/wp-content\/uploads\/\/1-2-300x300.png 300w, https:\/\/orato.world\/wp-content\/uploads\/\/1-2-100x100.png 100w, https:\/\/orato.world\/wp-content\/uploads\/\/1-2-770x770.png 770w, https:\/\/orato.world\/wp-content\/uploads\/\/1-2-150x150.png 150w, https:\/\/orato.world\/wp-content\/uploads\/\/1-2-70x70.png 70w, https:\/\/orato.world\/wp-content\/uploads\/\/1-2-293x293.png 293w, https:\/\/orato.world\/wp-content\/uploads\/\/1-2-390x390.png 390w, https:\/\/orato.world\/wp-content\/uploads\/\/1-2-585x585.png 585w, https:\/\/orato.world\/wp-content\/uploads\/\/1-2-900x900.png 900w, https:\/\/orato.world\/wp-content\/uploads\/\/1-2.png 960w\" sizes=\"auto, (max-width: 500px) 100vw, 500px\" \/><\/div>\t\t\t<div class=\"lets-info-up-block-wrap\">\r\n\t\t\t\t<div class=\"lets-info-up-block lets-info-up-meta-block\"><div class=\"lets-info-up-meta-title lets-info-up-pretitle font-h\">Interview Subject<\/div><div class=\"lets-info-up-meta-content lets-info-up-title font-b\">Mat\u00edas Cesanelli is known in Argentina as \u00abMati Teclas.\u00bb A friend of two players on the Argentina soccer team competing at the 2022 World Cup in Qatar, he is an independent musician who recreates popular songs from the \u00abcumbia\u00bb rhythm and choruses linked to sport and the fan base. He has become a popular musician among the fans and attracted massive crowds playing daily at the World Cup in 2022.<\/div><\/div><div class=\"lets-info-up-block lets-info-up-meta-block\"><div class=\"lets-info-up-meta-title lets-info-up-pretitle font-h\">Background Information<\/div><div class=\"lets-info-up-meta-content lets-info-up-title font-b\">The Argentine soccer team is one of the best in the world, counting among its ranks Lionel Messi, the best player in the world and holder of 7 \u00abGolden Ball\u00bb awards since 2009. <a href=\"https:\/\/www.fifa.com\/fifaplus\/en\/tournaments\/mens\/worldcup\/qatar2022\" target=\"_blank\" rel=\"noreferrer noopener\">The Soccer World Cup<\/a> is played every 4 years, organized by FIFA (International Federation of Associated Soccer). For the 2022 edition in Qatar, FIFA wanted to avoid the high temperatures that are reached in the summer in the Asian country. The tournament began on November 20.<br><br>Fans from all over the world meet every four years at each World Cup. In each tournament, in addition to the sports, there is a cultural and social phenomenon, with the coexistence of hundreds of nations represented through the people who attend to witness the competition.<br><br>Usually, there are sectors known as <a href=\"https:\/\/www.qatar2022.qa\/en\/fifa-fan-festival\" target=\"_blank\" rel=\"noreferrer noopener\">\u00abFan Fest\u00bb <\/a>in which the organization provides facilities for fan interaction. In the case of the fans of Argentina, in the current edition they began a ritual every night, in which the keys of Mat\u00edas Cesanelli put rhythm and South American sounds to the massive meeting of fans of the Argentine team. Every day, \u00abMati Teclas\u00bb plays for fans of his country in the streets of Doha.<\/div><\/div>\t\t\t<\/div>\r\n\t\t\t<\/div>\r\n\t\t<\/div>\r\n\t\t\n<p>DOHA, Qatar \ua7f7 Cuando llegamos a Doha lo hicimos como hinchas comunes, no pensamos que pod\u00eda ocurrir esta revoluci\u00f3n junto a los fans. Retir\u00e9 mis pertenencias de la cinta transportadora y camin\u00e9 junto a mis compa\u00f1eros hacia la puerta de salida. All\u00ed me di cuenta que hab\u00eda olvidado un soporte de mi instrumento, el teclado. <\/p>\n\n<p>La conexi\u00f3n de mi grupo con la selecci\u00f3n nacional de f\u00fatbol de Argentina se produjo a trav\u00e9s de mi amistad con el jugador Ezequiel Palacios. Antes de la Copa, tambi\u00e9n conoc\u00ed y me hice amigo de Tiago Almada. Gracias a mi relaci\u00f3n con ellos, ya toqu\u00e9 una vez para la selecci\u00f3n. Sin embargo, la multitud que atrajo nuestra m\u00fasica en Qatar me sorprendi\u00f3 incluso a m\u00ed.<\/p>\n\n<h2 class=\"wp-block-heading\" id=\"h-argentinian-musicians-immediately-draw-a-crowd-at-the-2022-world-cup\"><strong>Los m\u00fasicos argentinos arrasan en el Mundial 2022<\/strong><\/h2>\n\n<p>Antes de salir de Argentina viv\u00ed horas de incertidumbre. Tuve graves problemas personales y no iba a venir, no pod\u00eda recuperarme, estaba pasando un mal momento emocional pero las ganas y la oportunidad me alentaron a subir a ese avi\u00f3n, que al despegar me volvi\u00f3 a dar la emoci\u00f3n que sent\u00eda al comenzar a programar esta aventura. &#13;\n<\/p>\n\n<p> Cuando llegamos a Doha lo hicimos como hinchas comunes, no pensamos que pod\u00eda ocurrir esta revoluci\u00f3n junto a los fans. Retir\u00e9 mis pertenencias de la cinta transportadora y camin\u00e9 junto a mis compa\u00f1eros hacia la puerta de salida. All\u00ed me di cuenta que hab\u00eda olvidado un soporte de mi instrumento, el teclado.   Cuando llegamos a nuestro alojamiento, descubrimos que nos alojar\u00edamos juntos en una habitaci\u00f3n muy peque\u00f1a en Doha. Cada uno tom\u00f3 su peque\u00f1o espacio y lo convirti\u00f3 en su hogar durante un mes.&#13;\n<\/p>\n\n<p><a href=\"https:\/\/orato.world\/?s=World+Cup\">Lee m\u00e1s art\u00edculos sobre el Mundial y los deportes en Orato World Media.<\/a><\/p>\n\n<p>Una vez alojados en nuestra casa temporaria en Doha, intent\u00e9 improvisar alg\u00fan elemento que sirviera de soporte para poder tocar. Encontr\u00e9 una tabla de planchar y sobre ella coloqu\u00e9 mi instrumento y con ello, empezamos a tocar.  Era una noche calurosa y silenciosa, hab\u00eda una leve brisa que progresivamente nos recordaba con su tenue viento que est\u00e1bamos lejos de casa. &#13;\n<\/p>\n\n<p>Sorprendentemente, los primeros sonidos alertaron a las personas que estaban en el mismo complejo, donde hab\u00eda muchos argentinos y personas de otros pa\u00edses. Era casi medianoche y empez\u00f3 a llegar gente a la habitaci\u00f3n, que ten\u00eda sus puertas abiertas. Llegaron uno tras otros los argentinos y m\u00e1s gente se acerc\u00f3 a acompa\u00f1ar el ritmo de las teclas con palmas, con sus colores celestes y blancos y con sus voces entonando las canciones. <\/p>\n\n<h2 class=\"wp-block-heading\"><strong>Los m\u00fasicos folcl\u00f3ricos argentinos atraen a cientos de fans de todo el mundo<\/strong><\/h2>\n\n<p> En pocos minutos, la habitaci\u00f3n estaba llena, hab\u00eda gente en la puerta y decidimos salir. Sacamos el teclado y empez\u00f3 este ritual que hoy es una locura, es indescriptible lo que estoy viviendo a nivel personal y a nivel emocional. <\/p>\n\n<p>Esa peque\u00f1a idea de tocar las teclas se transform\u00f3 en cita diaria de cada noche y una multitud nos acompa\u00f1a con los colores de cada una de sus naciones, viendo el folklore de la hinchada argentina.  <\/p>\n\n<figure class=\"wp-block-embed aligncenter is-type-video is-provider-youtube wp-block-embed-youtube wp-embed-aspect-16-9 wp-has-aspect-ratio\"><div class=\"wp-block-embed__wrapper\">\r\n<iframe loading=\"lazy\" title=\"ARGENTINO VIAJ\u00d3 al MUNDIAL con su TECLADO y MUSICALIZA las NOCHES en los DPTOS mas BARATOS de QATAR\" width=\"640\" height=\"360\" src=\"https:\/\/www.youtube.com\/embed\/aJHE_s_vsps?feature=oembed\" frameborder=\"0\" allow=\"accelerometer; autoplay; clipboard-write; encrypted-media; gyroscope; picture-in-picture; web-share\" referrerpolicy=\"strict-origin-when-cross-origin\" allowfullscreen><\/iframe>\r\n<\/div><figcaption class=\"wp-element-caption\">The Argentinian music scene at the 2022 World Cup<\/figcaption><\/figure>\r\n\n<p> Siento que venir ac\u00e1 cambio mi vida, m\u00e1s all\u00e1 de los problemas que tuve antes de viajar y casi me dejan afuera. Venir a un mundial para m\u00ed fue m\u00e1s all\u00e1 de lo futbol\u00edstico del mundial, de lo lindo estar ac\u00e1 con la gente, con la prensa y con los jugadores que me abrieron las puertas de la concentraci\u00f3n. Lo que estoy viviendo es \u00fanico estoy muy agradecido con todos.&#13;\n<\/p>\n\n<p>De tocar una vez para la selecci\u00f3n nacional a hacerlo para cientos de aficionados de todo el mundo, las sensaciones se vuelven inexplicables. Mientras estoy frente a mi teclado con total admiraci\u00f3n por la selecci\u00f3n argentina de f\u00fatbol -haciendo lo que me gusta y divirti\u00e9ndome-, entretengo a la gente. Ahora, mis \u00eddolos me miran y los hinchas aplauden en\u00e9rgicamente.<\/p>\n\n<p>Este v\u00ednculo con la selecci\u00f3n y la afici\u00f3n es una aut\u00e9ntica locura.<\/p>\n","protected":false},"excerpt":{"rendered":"<p> En pocos minutos, la habitaci\u00f3n estaba llena, hab\u00eda gente en la puerta y decidimos salir. Sacamos el teclado y empez\u00f3 este ritual que hoy es una locura, es indescriptible lo que estoy viviendo a nivel personal y a nivel emocional. Esa peque\u00f1a idea de tocar las teclas se transform\u00f3 en cita diaria de cada noche y una multitud nos acompa\u00f1a con los colores de cada una de sus naciones, viendo el folklore de la hinchada argentina.  <\/p>\n","protected":false},"author":171,"featured_media":61715,"comment_status":"open","ping_status":"open","sticky":false,"template":"","format":"standard","meta":{"_acf_changed":false,"_uag_custom_page_level_css":"","_lmt_disableupdate":"","_lmt_disable":"","footnotes":""},"categories":[1617,334],"tags":[193,3498,3637,4809,1910,2173,714,4064,369],"class_list":["post-63027","post","type-post","status-publish","format-standard","has-post-thumbnail","hentry","category-arte-y-cultura-es","category-deportes","tag-argentina-es","tag-asia-es","tag-asia-russia-es","tag-copa-mundial-2022","tag-mundial","tag-mundial-de-futbol-fifa","tag-music-es","tag-qatar-es","tag-soccer-es"],"acf":[],"yoast_head":"<!-- This site is optimized with the Yoast SEO Premium plugin v27.5 (Yoast SEO v27.5) - https:\/\/yoast.com\/product\/yoast-seo-premium-wordpress\/ -->\n<title>Mati Teclas lleva a Argentina al Mundial de Qatar 2022<\/title>\n<meta name=\"description\" content=\"Cada noche en Qatar, multitudes se re\u00fanen para cantar con Mati Teclas y celebrar la selecci\u00f3n argentina de f\u00fatbol.\" \/>\n<meta name=\"robots\" content=\"index, follow, max-snippet:-1, max-image-preview:large, max-video-preview:-1\" \/>\n<link rel=\"canonical\" href=\"https:\/\/orato.world\/es\/2022\/12\/12\/multitudinaria-asistencia-al-mundial-de-qatar-2022-para-cantar-con-mati-teclas-y-argentina\/\" \/>\n<meta property=\"og:locale\" content=\"es_ES\" \/>\n<meta property=\"og:type\" content=\"article\" \/>\n<meta property=\"og:title\" content=\"Multitudinaria asistencia al Mundial de Qatar 2022 para cantar con Mati Teclas y Argentina\" \/>\n<meta property=\"og:description\" content=\"Cada noche en Qatar, multitudes se re\u00fanen para cantar con Mati Teclas y celebrar la selecci\u00f3n argentina de f\u00fatbol.\" \/>\n<meta property=\"og:url\" content=\"https:\/\/orato.world\/es\/2022\/12\/12\/multitudinaria-asistencia-al-mundial-de-qatar-2022-para-cantar-con-mati-teclas-y-argentina\/\" \/>\n<meta property=\"og:site_name\" content=\"Orato\" \/>\n<meta property=\"article:publisher\" content=\"https:\/\/www.facebook.com\/OratoWorld\/\" \/>\n<meta property=\"article:published_time\" content=\"2022-12-12T20:55:43+00:00\" \/>\n<meta property=\"article:modified_time\" content=\"2022-12-19T21:19:22+00:00\" \/>\n<meta property=\"og:image\" content=\"https:\/\/orato.world\/wp-content\/uploads\/Mati-teclas.png\" \/>\n\t<meta property=\"og:image:width\" content=\"1280\" \/>\n\t<meta property=\"og:image:height\" content=\"960\" \/>\n\t<meta property=\"og:image:type\" content=\"image\/png\" \/>\n<meta name=\"author\" content=\"Mariano Junco\" \/>\n<meta name=\"twitter:card\" content=\"summary_large_image\" \/>\n<meta name=\"twitter:creator\" content=\"@oratoworld\" \/>\n<meta name=\"twitter:site\" content=\"@oratoworld\" \/>\n<meta name=\"twitter:label1\" content=\"Escrito por\" \/>\n\t<meta name=\"twitter:data1\" content=\"Mariano Junco\" \/>\n\t<meta name=\"twitter:label2\" content=\"Tiempo de lectura\" \/>\n\t<meta name=\"twitter:data2\" content=\"4 minutos\" \/>\n<script type=\"application\/ld+json\" class=\"yoast-schema-graph\">{\"@context\":\"https:\\\/\\\/schema.org\",\"@graph\":[{\"@type\":\"NewsArticle\",\"@id\":\"https:\\\/\\\/orato.world\\\/es\\\/2022\\\/12\\\/12\\\/multitudinaria-asistencia-al-mundial-de-qatar-2022-para-cantar-con-mati-teclas-y-argentina\\\/#article\",\"isPartOf\":{\"@id\":\"https:\\\/\\\/orato.world\\\/es\\\/2022\\\/12\\\/12\\\/multitudinaria-asistencia-al-mundial-de-qatar-2022-para-cantar-con-mati-teclas-y-argentina\\\/\"},\"author\":{\"name\":\"Mariano Junco\",\"@id\":\"https:\\\/\\\/orato.world\\\/es\\\/#\\\/schema\\\/person\\\/50df8a7f1cc716d0501562a43fb6e3a0\"},\"headline\":\"Multitudinaria asistencia al Mundial de Qatar 2022 para cantar con Mati Teclas y Argentina\",\"datePublished\":\"2022-12-12T20:55:43+00:00\",\"dateModified\":\"2022-12-19T21:19:22+00:00\",\"mainEntityOfPage\":{\"@id\":\"https:\\\/\\\/orato.world\\\/es\\\/2022\\\/12\\\/12\\\/multitudinaria-asistencia-al-mundial-de-qatar-2022-para-cantar-con-mati-teclas-y-argentina\\\/\"},\"wordCount\":729,\"commentCount\":0,\"publisher\":{\"@id\":\"https:\\\/\\\/orato.world\\\/es\\\/#organization\"},\"image\":{\"@id\":\"https:\\\/\\\/orato.world\\\/es\\\/2022\\\/12\\\/12\\\/multitudinaria-asistencia-al-mundial-de-qatar-2022-para-cantar-con-mati-teclas-y-argentina\\\/#primaryimage\"},\"thumbnailUrl\":\"https:\\\/\\\/orato.world\\\/wp-content\\\/uploads\\\/Mati-teclas.png\",\"keywords\":[\"Argentina\",\"Asia\",\"Asia &amp; Russia\",\"Copa Mundial 2022\",\"Mundial\",\"Mundial de f\u00fatbol FIFA\",\"music\",\"Qatar\",\"Soccer\"],\"articleSection\":[\"Arte y Cultura\",\"Deportes\"],\"inLanguage\":\"es\",\"potentialAction\":[{\"@type\":\"CommentAction\",\"name\":\"Comment\",\"target\":[\"https:\\\/\\\/orato.world\\\/es\\\/2022\\\/12\\\/12\\\/multitudinaria-asistencia-al-mundial-de-qatar-2022-para-cantar-con-mati-teclas-y-argentina\\\/#respond\"]}]},{\"@type\":\"WebPage\",\"@id\":\"https:\\\/\\\/orato.world\\\/es\\\/2022\\\/12\\\/12\\\/multitudinaria-asistencia-al-mundial-de-qatar-2022-para-cantar-con-mati-teclas-y-argentina\\\/\",\"url\":\"https:\\\/\\\/orato.world\\\/es\\\/2022\\\/12\\\/12\\\/multitudinaria-asistencia-al-mundial-de-qatar-2022-para-cantar-con-mati-teclas-y-argentina\\\/\",\"name\":\"Mati Teclas lleva a Argentina al Mundial de Qatar 2022\",\"isPartOf\":{\"@id\":\"https:\\\/\\\/orato.world\\\/es\\\/#website\"},\"primaryImageOfPage\":{\"@id\":\"https:\\\/\\\/orato.world\\\/es\\\/2022\\\/12\\\/12\\\/multitudinaria-asistencia-al-mundial-de-qatar-2022-para-cantar-con-mati-teclas-y-argentina\\\/#primaryimage\"},\"image\":{\"@id\":\"https:\\\/\\\/orato.world\\\/es\\\/2022\\\/12\\\/12\\\/multitudinaria-asistencia-al-mundial-de-qatar-2022-para-cantar-con-mati-teclas-y-argentina\\\/#primaryimage\"},\"thumbnailUrl\":\"https:\\\/\\\/orato.world\\\/wp-content\\\/uploads\\\/Mati-teclas.png\",\"datePublished\":\"2022-12-12T20:55:43+00:00\",\"dateModified\":\"2022-12-19T21:19:22+00:00\",\"description\":\"Cada noche en Qatar, multitudes se re\u00fanen para cantar con Mati Teclas y celebrar la selecci\u00f3n argentina de f\u00fatbol.\",\"breadcrumb\":{\"@id\":\"https:\\\/\\\/orato.world\\\/es\\\/2022\\\/12\\\/12\\\/multitudinaria-asistencia-al-mundial-de-qatar-2022-para-cantar-con-mati-teclas-y-argentina\\\/#breadcrumb\"},\"inLanguage\":\"es\",\"potentialAction\":[{\"@type\":\"ReadAction\",\"target\":[\"https:\\\/\\\/orato.world\\\/es\\\/2022\\\/12\\\/12\\\/multitudinaria-asistencia-al-mundial-de-qatar-2022-para-cantar-con-mati-teclas-y-argentina\\\/\"]}]},{\"@type\":\"ImageObject\",\"inLanguage\":\"es\",\"@id\":\"https:\\\/\\\/orato.world\\\/es\\\/2022\\\/12\\\/12\\\/multitudinaria-asistencia-al-mundial-de-qatar-2022-para-cantar-con-mati-teclas-y-argentina\\\/#primaryimage\",\"url\":\"https:\\\/\\\/orato.world\\\/wp-content\\\/uploads\\\/Mati-teclas.png\",\"contentUrl\":\"https:\\\/\\\/orato.world\\\/wp-content\\\/uploads\\\/Mati-teclas.png\",\"width\":1280,\"height\":960,\"caption\":\"Mat\u00edas Cesanelli, known more popularly as Mati Teclas, played for massive crowds at the 2022 World Cup in Qatar | Photo courtesy of Mati Teclas\"},{\"@type\":\"BreadcrumbList\",\"@id\":\"https:\\\/\\\/orato.world\\\/es\\\/2022\\\/12\\\/12\\\/multitudinaria-asistencia-al-mundial-de-qatar-2022-para-cantar-con-mati-teclas-y-argentina\\\/#breadcrumb\",\"itemListElement\":[{\"@type\":\"ListItem\",\"position\":1,\"name\":\"Home\",\"item\":\"https:\\\/\\\/orato.world\\\/es\\\/\"},{\"@type\":\"ListItem\",\"position\":2,\"name\":\"Multitudinaria asistencia al Mundial de Qatar 2022 para cantar con Mati Teclas y Argentina\"}]},{\"@type\":\"WebSite\",\"@id\":\"https:\\\/\\\/orato.world\\\/es\\\/#website\",\"url\":\"https:\\\/\\\/orato.world\\\/es\\\/\",\"name\":\"Orato\",\"description\":\"True Stories. Real People\",\"publisher\":{\"@id\":\"https:\\\/\\\/orato.world\\\/es\\\/#organization\"},\"potentialAction\":[{\"@type\":\"SearchAction\",\"target\":{\"@type\":\"EntryPoint\",\"urlTemplate\":\"https:\\\/\\\/orato.world\\\/es\\\/?s={search_term_string}\"},\"query-input\":{\"@type\":\"PropertyValueSpecification\",\"valueRequired\":true,\"valueName\":\"search_term_string\"}}],\"inLanguage\":\"es\"},{\"@type\":\"Organization\",\"@id\":\"https:\\\/\\\/orato.world\\\/es\\\/#organization\",\"name\":\"Orato World Media Inc.\",\"url\":\"https:\\\/\\\/orato.world\\\/es\\\/\",\"logo\":{\"@type\":\"ImageObject\",\"inLanguage\":\"es\",\"@id\":\"https:\\\/\\\/orato.world\\\/es\\\/#\\\/schema\\\/logo\\\/image\\\/\",\"url\":\"https:\\\/\\\/orato.world\\\/wp-content\\\/uploads\\\/2020\\\/07\\\/orato-logo-transparent.png\",\"contentUrl\":\"https:\\\/\\\/orato.world\\\/wp-content\\\/uploads\\\/2020\\\/07\\\/orato-logo-transparent.png\",\"width\":78,\"height\":73,\"caption\":\"Orato World Media Inc.\"},\"image\":{\"@id\":\"https:\\\/\\\/orato.world\\\/es\\\/#\\\/schema\\\/logo\\\/image\\\/\"},\"sameAs\":[\"https:\\\/\\\/www.facebook.com\\\/OratoWorld\\\/\",\"https:\\\/\\\/x.com\\\/oratoworld\",\"https:\\\/\\\/www.instagram.com\\\/oratoworld\",\"https:\\\/\\\/www.linkedin.com\\\/company\\\/42308818\\\/\"]},{\"@type\":\"Person\",\"@id\":\"https:\\\/\\\/orato.world\\\/es\\\/#\\\/schema\\\/person\\\/50df8a7f1cc716d0501562a43fb6e3a0\",\"name\":\"Mariano Junco\",\"image\":{\"@type\":\"ImageObject\",\"inLanguage\":\"es\",\"@id\":\"https:\\\/\\\/secure.gravatar.com\\\/avatar\\\/d66e8ad976c1c9b974309eae10c2e6b26bd2aaf3fcb29c6d65b829caf82ba190?s=96&d=mm&r=g\",\"url\":\"https:\\\/\\\/secure.gravatar.com\\\/avatar\\\/d66e8ad976c1c9b974309eae10c2e6b26bd2aaf3fcb29c6d65b829caf82ba190?s=96&d=mm&r=g\",\"contentUrl\":\"https:\\\/\\\/secure.gravatar.com\\\/avatar\\\/d66e8ad976c1c9b974309eae10c2e6b26bd2aaf3fcb29c6d65b829caf82ba190?s=96&d=mm&r=g\",\"caption\":\"Mariano Junco\"},\"description\":\"Mariano Junco serves as a communicator and content manager. he began experimenting in 2004 at the age of 17. Between 2007 and today, he developed a national and international career in sports while training in journalism, communications, and politics. He currently works in digital, audiovisual, and graphic media. He is passionate about the world of amateur sports and the institutions that comprise it.\",\"url\":\"https:\\\/\\\/orato.world\\\/es\\\/author\\\/mariano-junco\\\/\"}]}<\/script>\n<!-- \/ Yoast SEO Premium plugin. -->","yoast_head_json":{"title":"Mati Teclas lleva a Argentina al Mundial de Qatar 2022","description":"Cada noche en Qatar, multitudes se re\u00fanen para cantar con Mati Teclas y celebrar la selecci\u00f3n argentina de f\u00fatbol.","robots":{"index":"index","follow":"follow","max-snippet":"max-snippet:-1","max-image-preview":"max-image-preview:large","max-video-preview":"max-video-preview:-1"},"canonical":"https:\/\/orato.world\/es\/2022\/12\/12\/multitudinaria-asistencia-al-mundial-de-qatar-2022-para-cantar-con-mati-teclas-y-argentina\/","og_locale":"es_ES","og_type":"article","og_title":"Multitudinaria asistencia al Mundial de Qatar 2022 para cantar con Mati Teclas y Argentina","og_description":"Cada noche en Qatar, multitudes se re\u00fanen para cantar con Mati Teclas y celebrar la selecci\u00f3n argentina de f\u00fatbol.","og_url":"https:\/\/orato.world\/es\/2022\/12\/12\/multitudinaria-asistencia-al-mundial-de-qatar-2022-para-cantar-con-mati-teclas-y-argentina\/","og_site_name":"Orato","article_publisher":"https:\/\/www.facebook.com\/OratoWorld\/","article_published_time":"2022-12-12T20:55:43+00:00","article_modified_time":"2022-12-19T21:19:22+00:00","og_image":[{"width":1280,"height":960,"url":"https:\/\/orato.world\/wp-content\/uploads\/Mati-teclas.png","type":"image\/png"}],"author":"Mariano Junco","twitter_card":"summary_large_image","twitter_creator":"@oratoworld","twitter_site":"@oratoworld","twitter_misc":{"Escrito por":"Mariano Junco","Tiempo de lectura":"4 minutos"},"schema":{"@context":"https:\/\/schema.org","@graph":[{"@type":"NewsArticle","@id":"https:\/\/orato.world\/es\/2022\/12\/12\/multitudinaria-asistencia-al-mundial-de-qatar-2022-para-cantar-con-mati-teclas-y-argentina\/#article","isPartOf":{"@id":"https:\/\/orato.world\/es\/2022\/12\/12\/multitudinaria-asistencia-al-mundial-de-qatar-2022-para-cantar-con-mati-teclas-y-argentina\/"},"author":{"name":"Mariano Junco","@id":"https:\/\/orato.world\/es\/#\/schema\/person\/50df8a7f1cc716d0501562a43fb6e3a0"},"headline":"Multitudinaria asistencia al Mundial de Qatar 2022 para cantar con Mati Teclas y Argentina","datePublished":"2022-12-12T20:55:43+00:00","dateModified":"2022-12-19T21:19:22+00:00","mainEntityOfPage":{"@id":"https:\/\/orato.world\/es\/2022\/12\/12\/multitudinaria-asistencia-al-mundial-de-qatar-2022-para-cantar-con-mati-teclas-y-argentina\/"},"wordCount":729,"commentCount":0,"publisher":{"@id":"https:\/\/orato.world\/es\/#organization"},"image":{"@id":"https:\/\/orato.world\/es\/2022\/12\/12\/multitudinaria-asistencia-al-mundial-de-qatar-2022-para-cantar-con-mati-teclas-y-argentina\/#primaryimage"},"thumbnailUrl":"https:\/\/orato.world\/wp-content\/uploads\/Mati-teclas.png","keywords":["Argentina","Asia","Asia &amp; Russia","Copa Mundial 2022","Mundial","Mundial de f\u00fatbol FIFA","music","Qatar","Soccer"],"articleSection":["Arte y Cultura","Deportes"],"inLanguage":"es","potentialAction":[{"@type":"CommentAction","name":"Comment","target":["https:\/\/orato.world\/es\/2022\/12\/12\/multitudinaria-asistencia-al-mundial-de-qatar-2022-para-cantar-con-mati-teclas-y-argentina\/#respond"]}]},{"@type":"WebPage","@id":"https:\/\/orato.world\/es\/2022\/12\/12\/multitudinaria-asistencia-al-mundial-de-qatar-2022-para-cantar-con-mati-teclas-y-argentina\/","url":"https:\/\/orato.world\/es\/2022\/12\/12\/multitudinaria-asistencia-al-mundial-de-qatar-2022-para-cantar-con-mati-teclas-y-argentina\/","name":"Mati Teclas lleva a Argentina al Mundial de Qatar 2022","isPartOf":{"@id":"https:\/\/orato.world\/es\/#website"},"primaryImageOfPage":{"@id":"https:\/\/orato.world\/es\/2022\/12\/12\/multitudinaria-asistencia-al-mundial-de-qatar-2022-para-cantar-con-mati-teclas-y-argentina\/#primaryimage"},"image":{"@id":"https:\/\/orato.world\/es\/2022\/12\/12\/multitudinaria-asistencia-al-mundial-de-qatar-2022-para-cantar-con-mati-teclas-y-argentina\/#primaryimage"},"thumbnailUrl":"https:\/\/orato.world\/wp-content\/uploads\/Mati-teclas.png","datePublished":"2022-12-12T20:55:43+00:00","dateModified":"2022-12-19T21:19:22+00:00","description":"Cada noche en Qatar, multitudes se re\u00fanen para cantar con Mati Teclas y celebrar la selecci\u00f3n argentina de f\u00fatbol.","breadcrumb":{"@id":"https:\/\/orato.world\/es\/2022\/12\/12\/multitudinaria-asistencia-al-mundial-de-qatar-2022-para-cantar-con-mati-teclas-y-argentina\/#breadcrumb"},"inLanguage":"es","potentialAction":[{"@type":"ReadAction","target":["https:\/\/orato.world\/es\/2022\/12\/12\/multitudinaria-asistencia-al-mundial-de-qatar-2022-para-cantar-con-mati-teclas-y-argentina\/"]}]},{"@type":"ImageObject","inLanguage":"es","@id":"https:\/\/orato.world\/es\/2022\/12\/12\/multitudinaria-asistencia-al-mundial-de-qatar-2022-para-cantar-con-mati-teclas-y-argentina\/#primaryimage","url":"https:\/\/orato.world\/wp-content\/uploads\/Mati-teclas.png","contentUrl":"https:\/\/orato.world\/wp-content\/uploads\/Mati-teclas.png","width":1280,"height":960,"caption":"Mat\u00edas Cesanelli, known more popularly as Mati Teclas, played for massive crowds at the 2022 World Cup in Qatar | Photo courtesy of Mati Teclas"},{"@type":"BreadcrumbList","@id":"https:\/\/orato.world\/es\/2022\/12\/12\/multitudinaria-asistencia-al-mundial-de-qatar-2022-para-cantar-con-mati-teclas-y-argentina\/#breadcrumb","itemListElement":[{"@type":"ListItem","position":1,"name":"Home","item":"https:\/\/orato.world\/es\/"},{"@type":"ListItem","position":2,"name":"Multitudinaria asistencia al Mundial de Qatar 2022 para cantar con Mati Teclas y Argentina"}]},{"@type":"WebSite","@id":"https:\/\/orato.world\/es\/#website","url":"https:\/\/orato.world\/es\/","name":"Orato","description":"True Stories. Real People","publisher":{"@id":"https:\/\/orato.world\/es\/#organization"},"potentialAction":[{"@type":"SearchAction","target":{"@type":"EntryPoint","urlTemplate":"https:\/\/orato.world\/es\/?s={search_term_string}"},"query-input":{"@type":"PropertyValueSpecification","valueRequired":true,"valueName":"search_term_string"}}],"inLanguage":"es"},{"@type":"Organization","@id":"https:\/\/orato.world\/es\/#organization","name":"Orato World Media Inc.","url":"https:\/\/orato.world\/es\/","logo":{"@type":"ImageObject","inLanguage":"es","@id":"https:\/\/orato.world\/es\/#\/schema\/logo\/image\/","url":"https:\/\/orato.world\/wp-content\/uploads\/2020\/07\/orato-logo-transparent.png","contentUrl":"https:\/\/orato.world\/wp-content\/uploads\/2020\/07\/orato-logo-transparent.png","width":78,"height":73,"caption":"Orato World Media Inc."},"image":{"@id":"https:\/\/orato.world\/es\/#\/schema\/logo\/image\/"},"sameAs":["https:\/\/www.facebook.com\/OratoWorld\/","https:\/\/x.com\/oratoworld","https:\/\/www.instagram.com\/oratoworld","https:\/\/www.linkedin.com\/company\/42308818\/"]},{"@type":"Person","@id":"https:\/\/orato.world\/es\/#\/schema\/person\/50df8a7f1cc716d0501562a43fb6e3a0","name":"Mariano Junco","image":{"@type":"ImageObject","inLanguage":"es","@id":"https:\/\/secure.gravatar.com\/avatar\/d66e8ad976c1c9b974309eae10c2e6b26bd2aaf3fcb29c6d65b829caf82ba190?s=96&d=mm&r=g","url":"https:\/\/secure.gravatar.com\/avatar\/d66e8ad976c1c9b974309eae10c2e6b26bd2aaf3fcb29c6d65b829caf82ba190?s=96&d=mm&r=g","contentUrl":"https:\/\/secure.gravatar.com\/avatar\/d66e8ad976c1c9b974309eae10c2e6b26bd2aaf3fcb29c6d65b829caf82ba190?s=96&d=mm&r=g","caption":"Mariano Junco"},"description":"Mariano Junco serves as a communicator and content manager. he began experimenting in 2004 at the age of 17. Between 2007 and today, he developed a national and international career in sports while training in journalism, communications, and politics. He currently works in digital, audiovisual, and graphic media. He is passionate about the world of amateur sports and the institutions that comprise it.","url":"https:\/\/orato.world\/es\/author\/mariano-junco\/"}]}},"modified_by":null,"uagb_featured_image_src":{"full":["https:\/\/orato.world\/wp-content\/uploads\/Mati-teclas.png",1280,960,false],"thumbnail":["https:\/\/orato.world\/wp-content\/uploads\/Mati-teclas-100x100.png",100,100,true],"medium":["https:\/\/orato.world\/wp-content\/uploads\/Mati-teclas-300x225.png",300,225,true],"medium_large":["https:\/\/orato.world\/wp-content\/uploads\/Mati-teclas-770x578.png",640,480,true],"large":["https:\/\/orato.world\/wp-content\/uploads\/Mati-teclas-1024x768.png",640,480,true],"1536x1536":["https:\/\/orato.world\/wp-content\/uploads\/Mati-teclas.png",1280,960,false],"2048x2048":["https:\/\/orato.world\/wp-content\/uploads\/Mati-teclas.png",1280,960,false],"gallery-size":["https:\/\/orato.world\/wp-content\/uploads\/Mati-teclas.png",533,400,false],"lets-review-360-240":["https:\/\/orato.world\/wp-content\/uploads\/Mati-teclas-360x240.png",360,240,true],"gform-image-choice-sm":["https:\/\/orato.world\/wp-content\/uploads\/Mati-teclas.png",300,225,false],"gform-image-choice-md":["https:\/\/orato.world\/wp-content\/uploads\/Mati-teclas.png",400,300,false],"gform-image-choice-lg":["https:\/\/orato.world\/wp-content\/uploads\/Mati-teclas.png",600,450,false],"awsm_team":["https:\/\/orato.world\/wp-content\/uploads\/Mati-teclas-500x500.png",500,500,true]},"uagb_author_info":{"display_name":"Mariano Junco","author_link":"https:\/\/orato.world\/es\/author\/mariano-junco\/"},"uagb_comment_info":0,"uagb_excerpt":"En pocos minutos, la habitaci\u00f3n estaba llena, hab\u00eda gente en la puerta y decidimos salir. Sacamos el teclado y empez\u00f3 este ritual que hoy es una locura, es indescriptible lo que estoy viviendo a nivel personal y a nivel emocional. Esa peque\u00f1a idea de tocar las teclas se transform\u00f3 en cita diaria de cada noche&hellip;","_links":{"self":[{"href":"https:\/\/orato.world\/es\/wp-json\/wp\/v2\/posts\/63027","targetHints":{"allow":["GET"]}}],"collection":[{"href":"https:\/\/orato.world\/es\/wp-json\/wp\/v2\/posts"}],"about":[{"href":"https:\/\/orato.world\/es\/wp-json\/wp\/v2\/types\/post"}],"author":[{"embeddable":true,"href":"https:\/\/orato.world\/es\/wp-json\/wp\/v2\/users\/171"}],"replies":[{"embeddable":true,"href":"https:\/\/orato.world\/es\/wp-json\/wp\/v2\/comments?post=63027"}],"version-history":[{"count":0,"href":"https:\/\/orato.world\/es\/wp-json\/wp\/v2\/posts\/63027\/revisions"}],"wp:featuredmedia":[{"embeddable":true,"href":"https:\/\/orato.world\/es\/wp-json\/wp\/v2\/media\/61715"}],"wp:attachment":[{"href":"https:\/\/orato.world\/es\/wp-json\/wp\/v2\/media?parent=63027"}],"wp:term":[{"taxonomy":"category","embeddable":true,"href":"https:\/\/orato.world\/es\/wp-json\/wp\/v2\/categories?post=63027"},{"taxonomy":"post_tag","embeddable":true,"href":"https:\/\/orato.world\/es\/wp-json\/wp\/v2\/tags?post=63027"}],"curies":[{"name":"wp","href":"https:\/\/api.w.org\/{rel}","templated":true}]}}