{"id":63035,"date":"2022-12-14T05:00:00","date_gmt":"2022-12-14T13:00:00","guid":{"rendered":"https:\/\/orato.world\/2022\/12\/14\/activistas-marchan-en-el-dia-internacional-de-la-eliminacion-de-la-violencia-contra-la-mujer-y-honran-a-las-mujeres-de-iran\/"},"modified":"2022-12-19T16:39:05","modified_gmt":"2022-12-20T00:39:05","slug":"activistas-marchan-en-el-dia-internacional-de-la-eliminacion-de-la-violencia-contra-la-mujer-y-honran-a-las-mujeres-de-iran","status":"publish","type":"post","link":"https:\/\/orato.world\/es\/2022\/12\/14\/activistas-marchan-en-el-dia-internacional-de-la-eliminacion-de-la-violencia-contra-la-mujer-y-honran-a-las-mujeres-de-iran\/","title":{"rendered":"Activistas marchan en el D\u00eda Internacional de la Eliminaci\u00f3n de la Violencia contra la Mujer y honran a las mujeres de Ir\u00e1n"},"content":{"rendered":"\n<p>BOGOT\u00c1, Colombia \ua7f7 El 25 de noviembre de 2022 se conmemor\u00f3 el d\u00eda internacional para eliminar la violencia contra las mujeres. Seg\u00fan datos de <a href=\"https:\/\/www.unwomen.org\/en\">ONU MUJERES<\/a>, una de cada tres mujeres en el mundo ha sufrido violencia f\u00edsica o sexual.<\/p>\n\n<p>En un reciente informe publicado por ONU MUJERES y la <a href=\"https:\/\/www.unodc.org\/\">Oficina de las Naciones Unidas contra la Droga y el Delito<\/a> dec\u00edan lo siguiente. \u00abEn 2021, una media de m\u00e1s de cinco mujeres o ni\u00f1as fueron asesinadas cada hora por alguien de su propia familia. De las 81.000 mujeres y ni\u00f1as asesinadas intencionadamente el a\u00f1o pasado, 45.000 -alrededor del 56 por ciento- murieron a manos de sus parejas u otros familiares.\u00bb<\/p>\n\n<p><a href=\"https:\/\/orato.world\/?s=activists\">Lee m\u00e1s historias sobre activismo en todo el mundo en Orato World Media.<\/a><\/p>\n\n<p>La violencia contra las mujeres y las ni\u00f1as tambi\u00e9n va m\u00e1s all\u00e1 de la familia. Masha Amini volvi\u00f3 a llamar la atenci\u00f3n sobre este asunto en 2022. La polic\u00eda de moralidad de Ir\u00e1n detuvo a esta mujer iran\u00ed de 22 a\u00f1os. Alegaron violaciones del c\u00f3digo de vestimenta por llevar mal su velo o hajib. Masha Amini muri\u00f3 tres d\u00edas despu\u00e9s de su detenci\u00f3n, tras recibir golpes por todo el cuerpo y la cabeza. Su muerte desencaden\u00f3 protestas masivas en Ir\u00e1n de mujeres que desafiaban al r\u00e9gimen y exig\u00edan libertad. Estas mujeres iran\u00edes salieron a la calle a protestar y la revista Time las nombr\u00f3 <a href=\"https:\/\/time.com\/heroes-of-the-year-2022-women-of-iran\/\">\u00abH\u00e9roes del A\u00f1o\u00bb.<\/a><\/p>\n\n<p>La violencia contra mujeres y ni\u00f1as es una de las violaciones de derechos humanos m\u00e1s extendidas en el mundo. En capitales y ciudades de todo el mundo, miles de mujeres salieron a la calle en noviembre. Protestaron colectivamente contra la violencia de g\u00e9nero y sus diferentes manifestaciones. Bogot\u00e1 no fue una excepci\u00f3n.<\/p>\n\n<p><em><strong>Todas las fotos son cortes\u00eda de Mariana Delgado Bar\u00f3n<\/strong><\/em><\/p>\n","protected":false},"excerpt":{"rendered":"<p>La violencia contra mujeres y ni\u00f1as es una de las violaciones de derechos humanos m\u00e1s extendidas del mundo. Activistas de Colombia salieron a la calle en solidaridad con las mujeres de Ir\u00e1n y de todo el mundo.<\/p>\n","protected":false},"author":106,"featured_media":61708,"comment_status":"open","ping_status":"open","sticky":false,"template":"","format":"gallery","meta":{"_acf_changed":false,"_uag_custom_page_level_css":"","_lmt_disableupdate":"","_lmt_disable":"","footnotes":""},"categories":[260,261],"tags":[302,1471,4819,943,2214,2672,1859,4204],"class_list":["post-63035","post","type-post","status-publish","format-gallery","has-post-thumbnail","hentry","category-conflicto","category-sexo-y-genero","tag-bogota-es","tag-colombia-es","tag-dia-internacional-de-la-eliminacion-de-la-violencia-contra-la-mujer","tag-iran-es","tag-latinoamerica","tag-protesta-es-2","tag-violencia-contra-la-mujer","tag-violencia-sexual","post_format-post-format-gallery"],"acf":[],"yoast_head":"<!-- This site is optimized with the Yoast SEO Premium plugin v27.5 (Yoast SEO v27.5) - https:\/\/yoast.com\/product\/yoast-seo-premium-wordpress\/ -->\n<title>D\u00eda Internacional de la Eliminaci\u00f3n de la Violencia contra la Mujer<\/title>\n<meta name=\"description\" content=\"Activistas de Bogot\u00e1 (Colombia) marcharon en el D\u00eda Internacional de la Eliminaci\u00f3n de la Violencia contra la Mujer y rindieron homenaje a las mujeres de Ir\u00e1n.\" \/>\n<meta name=\"robots\" content=\"index, follow, max-snippet:-1, max-image-preview:large, max-video-preview:-1\" \/>\n<link rel=\"canonical\" href=\"https:\/\/orato.world\/es\/2022\/12\/14\/activistas-marchan-en-el-dia-internacional-de-la-eliminacion-de-la-violencia-contra-la-mujer-y-honran-a-las-mujeres-de-iran\/\" \/>\n<meta property=\"og:locale\" content=\"es_ES\" \/>\n<meta property=\"og:type\" content=\"article\" \/>\n<meta property=\"og:title\" content=\"Activistas marchan en el D\u00eda Internacional de la Eliminaci\u00f3n de la Violencia contra la Mujer y honran a las mujeres de Ir\u00e1n\" \/>\n<meta property=\"og:description\" content=\"Activistas de Bogot\u00e1 (Colombia) marcharon en el D\u00eda Internacional de la Eliminaci\u00f3n de la Violencia contra la Mujer y rindieron homenaje a las mujeres de Ir\u00e1n.\" \/>\n<meta property=\"og:url\" content=\"https:\/\/orato.world\/es\/2022\/12\/14\/activistas-marchan-en-el-dia-internacional-de-la-eliminacion-de-la-violencia-contra-la-mujer-y-honran-a-las-mujeres-de-iran\/\" \/>\n<meta property=\"og:site_name\" content=\"Orato\" \/>\n<meta property=\"article:publisher\" content=\"https:\/\/www.facebook.com\/OratoWorld\/\" \/>\n<meta property=\"article:published_time\" content=\"2022-12-14T13:00:00+00:00\" \/>\n<meta property=\"article:modified_time\" content=\"2022-12-20T00:39:05+00:00\" \/>\n<meta property=\"og:image\" content=\"https:\/\/orato.world\/wp-content\/uploads\/protests-in-bogota-scaled.jpeg\" \/>\n\t<meta property=\"og:image:width\" content=\"2560\" \/>\n\t<meta property=\"og:image:height\" content=\"1920\" \/>\n\t<meta property=\"og:image:type\" content=\"image\/jpeg\" \/>\n<meta name=\"author\" content=\"Mariana Delgado Baron\" \/>\n<meta name=\"twitter:card\" content=\"summary_large_image\" \/>\n<meta name=\"twitter:creator\" content=\"@oratoworld\" \/>\n<meta name=\"twitter:site\" content=\"@oratoworld\" \/>\n<meta name=\"twitter:label1\" content=\"Escrito por\" \/>\n\t<meta name=\"twitter:data1\" content=\"Mariana Delgado Baron\" \/>\n\t<meta name=\"twitter:label2\" content=\"Tiempo de lectura\" \/>\n\t<meta name=\"twitter:data2\" content=\"2 minutos\" \/>\n<script type=\"application\/ld+json\" class=\"yoast-schema-graph\">{\"@context\":\"https:\\\/\\\/schema.org\",\"@graph\":[{\"@type\":\"NewsArticle\",\"@id\":\"https:\\\/\\\/orato.world\\\/es\\\/2022\\\/12\\\/14\\\/activistas-marchan-en-el-dia-internacional-de-la-eliminacion-de-la-violencia-contra-la-mujer-y-honran-a-las-mujeres-de-iran\\\/#article\",\"isPartOf\":{\"@id\":\"https:\\\/\\\/orato.world\\\/es\\\/2022\\\/12\\\/14\\\/activistas-marchan-en-el-dia-internacional-de-la-eliminacion-de-la-violencia-contra-la-mujer-y-honran-a-las-mujeres-de-iran\\\/\"},\"author\":{\"name\":\"Mariana Delgado Baron\",\"@id\":\"https:\\\/\\\/orato.world\\\/es\\\/#\\\/schema\\\/person\\\/3836cf204527fbe1ae27e3de2a3c8bdc\"},\"headline\":\"Activistas marchan en el D\u00eda Internacional de la Eliminaci\u00f3n de la Violencia contra la Mujer y honran a las mujeres de Ir\u00e1n\",\"datePublished\":\"2022-12-14T13:00:00+00:00\",\"dateModified\":\"2022-12-20T00:39:05+00:00\",\"mainEntityOfPage\":{\"@id\":\"https:\\\/\\\/orato.world\\\/es\\\/2022\\\/12\\\/14\\\/activistas-marchan-en-el-dia-internacional-de-la-eliminacion-de-la-violencia-contra-la-mujer-y-honran-a-las-mujeres-de-iran\\\/\"},\"wordCount\":340,\"commentCount\":0,\"publisher\":{\"@id\":\"https:\\\/\\\/orato.world\\\/es\\\/#organization\"},\"image\":{\"@id\":\"https:\\\/\\\/orato.world\\\/es\\\/2022\\\/12\\\/14\\\/activistas-marchan-en-el-dia-internacional-de-la-eliminacion-de-la-violencia-contra-la-mujer-y-honran-a-las-mujeres-de-iran\\\/#primaryimage\"},\"thumbnailUrl\":\"https:\\\/\\\/orato.world\\\/wp-content\\\/uploads\\\/protests-in-bogota-scaled.jpeg\",\"keywords\":[\"Bogot\u00e1\",\"Colombia\",\"D\u00eda Internacional de la Eliminaci\u00f3n de la Violencia contra la Mujer\",\"Ir\u00e1n\",\"Latinoam\u00e9rica\",\"Protesta\",\"violencia contra la mujer\",\"Violencia sexual\"],\"articleSection\":[\"Conflicto\",\"Sexo y g\u00e9nero\"],\"inLanguage\":\"es\",\"potentialAction\":[{\"@type\":\"CommentAction\",\"name\":\"Comment\",\"target\":[\"https:\\\/\\\/orato.world\\\/es\\\/2022\\\/12\\\/14\\\/activistas-marchan-en-el-dia-internacional-de-la-eliminacion-de-la-violencia-contra-la-mujer-y-honran-a-las-mujeres-de-iran\\\/#respond\"]}]},{\"@type\":\"WebPage\",\"@id\":\"https:\\\/\\\/orato.world\\\/es\\\/2022\\\/12\\\/14\\\/activistas-marchan-en-el-dia-internacional-de-la-eliminacion-de-la-violencia-contra-la-mujer-y-honran-a-las-mujeres-de-iran\\\/\",\"url\":\"https:\\\/\\\/orato.world\\\/es\\\/2022\\\/12\\\/14\\\/activistas-marchan-en-el-dia-internacional-de-la-eliminacion-de-la-violencia-contra-la-mujer-y-honran-a-las-mujeres-de-iran\\\/\",\"name\":\"D\u00eda Internacional de la Eliminaci\u00f3n de la Violencia contra la Mujer\",\"isPartOf\":{\"@id\":\"https:\\\/\\\/orato.world\\\/es\\\/#website\"},\"primaryImageOfPage\":{\"@id\":\"https:\\\/\\\/orato.world\\\/es\\\/2022\\\/12\\\/14\\\/activistas-marchan-en-el-dia-internacional-de-la-eliminacion-de-la-violencia-contra-la-mujer-y-honran-a-las-mujeres-de-iran\\\/#primaryimage\"},\"image\":{\"@id\":\"https:\\\/\\\/orato.world\\\/es\\\/2022\\\/12\\\/14\\\/activistas-marchan-en-el-dia-internacional-de-la-eliminacion-de-la-violencia-contra-la-mujer-y-honran-a-las-mujeres-de-iran\\\/#primaryimage\"},\"thumbnailUrl\":\"https:\\\/\\\/orato.world\\\/wp-content\\\/uploads\\\/protests-in-bogota-scaled.jpeg\",\"datePublished\":\"2022-12-14T13:00:00+00:00\",\"dateModified\":\"2022-12-20T00:39:05+00:00\",\"description\":\"Activistas de Bogot\u00e1 (Colombia) marcharon en el D\u00eda Internacional de la Eliminaci\u00f3n de la Violencia contra la Mujer y rindieron homenaje a las mujeres de Ir\u00e1n.\",\"breadcrumb\":{\"@id\":\"https:\\\/\\\/orato.world\\\/es\\\/2022\\\/12\\\/14\\\/activistas-marchan-en-el-dia-internacional-de-la-eliminacion-de-la-violencia-contra-la-mujer-y-honran-a-las-mujeres-de-iran\\\/#breadcrumb\"},\"inLanguage\":\"es\",\"potentialAction\":[{\"@type\":\"ReadAction\",\"target\":[\"https:\\\/\\\/orato.world\\\/es\\\/2022\\\/12\\\/14\\\/activistas-marchan-en-el-dia-internacional-de-la-eliminacion-de-la-violencia-contra-la-mujer-y-honran-a-las-mujeres-de-iran\\\/\"]}]},{\"@type\":\"ImageObject\",\"inLanguage\":\"es\",\"@id\":\"https:\\\/\\\/orato.world\\\/es\\\/2022\\\/12\\\/14\\\/activistas-marchan-en-el-dia-internacional-de-la-eliminacion-de-la-violencia-contra-la-mujer-y-honran-a-las-mujeres-de-iran\\\/#primaryimage\",\"url\":\"https:\\\/\\\/orato.world\\\/wp-content\\\/uploads\\\/protests-in-bogota-scaled.jpeg\",\"contentUrl\":\"https:\\\/\\\/orato.world\\\/wp-content\\\/uploads\\\/protests-in-bogota-scaled.jpeg\",\"width\":2560,\"height\":1920,\"caption\":\"On November 25, 2022 activists marched in the city of Bogot\u00e1, Colombia in solidarity with women in Iran and around the world | Photo courtesy of Mariana Delgado Baron\"},{\"@type\":\"BreadcrumbList\",\"@id\":\"https:\\\/\\\/orato.world\\\/es\\\/2022\\\/12\\\/14\\\/activistas-marchan-en-el-dia-internacional-de-la-eliminacion-de-la-violencia-contra-la-mujer-y-honran-a-las-mujeres-de-iran\\\/#breadcrumb\",\"itemListElement\":[{\"@type\":\"ListItem\",\"position\":1,\"name\":\"Home\",\"item\":\"https:\\\/\\\/orato.world\\\/es\\\/\"},{\"@type\":\"ListItem\",\"position\":2,\"name\":\"Activistas marchan en el D\u00eda Internacional de la Eliminaci\u00f3n de la Violencia contra la Mujer y honran a las mujeres de Ir\u00e1n\"}]},{\"@type\":\"WebSite\",\"@id\":\"https:\\\/\\\/orato.world\\\/es\\\/#website\",\"url\":\"https:\\\/\\\/orato.world\\\/es\\\/\",\"name\":\"Orato\",\"description\":\"True Stories. Real People\",\"publisher\":{\"@id\":\"https:\\\/\\\/orato.world\\\/es\\\/#organization\"},\"potentialAction\":[{\"@type\":\"SearchAction\",\"target\":{\"@type\":\"EntryPoint\",\"urlTemplate\":\"https:\\\/\\\/orato.world\\\/es\\\/?s={search_term_string}\"},\"query-input\":{\"@type\":\"PropertyValueSpecification\",\"valueRequired\":true,\"valueName\":\"search_term_string\"}}],\"inLanguage\":\"es\"},{\"@type\":\"Organization\",\"@id\":\"https:\\\/\\\/orato.world\\\/es\\\/#organization\",\"name\":\"Orato World Media Inc.\",\"url\":\"https:\\\/\\\/orato.world\\\/es\\\/\",\"logo\":{\"@type\":\"ImageObject\",\"inLanguage\":\"es\",\"@id\":\"https:\\\/\\\/orato.world\\\/es\\\/#\\\/schema\\\/logo\\\/image\\\/\",\"url\":\"https:\\\/\\\/orato.world\\\/wp-content\\\/uploads\\\/2020\\\/07\\\/orato-logo-transparent.png\",\"contentUrl\":\"https:\\\/\\\/orato.world\\\/wp-content\\\/uploads\\\/2020\\\/07\\\/orato-logo-transparent.png\",\"width\":78,\"height\":73,\"caption\":\"Orato World Media Inc.\"},\"image\":{\"@id\":\"https:\\\/\\\/orato.world\\\/es\\\/#\\\/schema\\\/logo\\\/image\\\/\"},\"sameAs\":[\"https:\\\/\\\/www.facebook.com\\\/OratoWorld\\\/\",\"https:\\\/\\\/x.com\\\/oratoworld\",\"https:\\\/\\\/www.instagram.com\\\/oratoworld\",\"https:\\\/\\\/www.linkedin.com\\\/company\\\/42308818\\\/\"]},{\"@type\":\"Person\",\"@id\":\"https:\\\/\\\/orato.world\\\/es\\\/#\\\/schema\\\/person\\\/3836cf204527fbe1ae27e3de2a3c8bdc\",\"name\":\"Mariana Delgado Baron\",\"image\":{\"@type\":\"ImageObject\",\"inLanguage\":\"es\",\"@id\":\"https:\\\/\\\/secure.gravatar.com\\\/avatar\\\/b193ab990f77478460f1e66cb3495da66ea5c1b8460f8a39db46d23d342683a9?s=96&d=mm&r=g\",\"url\":\"https:\\\/\\\/secure.gravatar.com\\\/avatar\\\/b193ab990f77478460f1e66cb3495da66ea5c1b8460f8a39db46d23d342683a9?s=96&d=mm&r=g\",\"contentUrl\":\"https:\\\/\\\/secure.gravatar.com\\\/avatar\\\/b193ab990f77478460f1e66cb3495da66ea5c1b8460f8a39db46d23d342683a9?s=96&d=mm&r=g\",\"caption\":\"Mariana Delgado Baron\"},\"description\":\"Freelance journalist interested in investigative journalism, migration, armed conflict, political violence, peacebuilding, transitional justice, human rights and development. I have experience working in the field with communities affected by the armed conflict in Colombia, in the reconstruction of the memories of victims and survivors. Political scientist and doctor in Social Sciences. I live in Bogota. marianadelgadobaron.com\",\"url\":\"https:\\\/\\\/orato.world\\\/es\\\/author\\\/mariana-delgado-baron\\\/\"}]}<\/script>\n<!-- \/ Yoast SEO Premium plugin. -->","yoast_head_json":{"title":"D\u00eda Internacional de la Eliminaci\u00f3n de la Violencia contra la Mujer","description":"Activistas de Bogot\u00e1 (Colombia) marcharon en el D\u00eda Internacional de la Eliminaci\u00f3n de la Violencia contra la Mujer y rindieron homenaje a las mujeres de Ir\u00e1n.","robots":{"index":"index","follow":"follow","max-snippet":"max-snippet:-1","max-image-preview":"max-image-preview:large","max-video-preview":"max-video-preview:-1"},"canonical":"https:\/\/orato.world\/es\/2022\/12\/14\/activistas-marchan-en-el-dia-internacional-de-la-eliminacion-de-la-violencia-contra-la-mujer-y-honran-a-las-mujeres-de-iran\/","og_locale":"es_ES","og_type":"article","og_title":"Activistas marchan en el D\u00eda Internacional de la Eliminaci\u00f3n de la Violencia contra la Mujer y honran a las mujeres de Ir\u00e1n","og_description":"Activistas de Bogot\u00e1 (Colombia) marcharon en el D\u00eda Internacional de la Eliminaci\u00f3n de la Violencia contra la Mujer y rindieron homenaje a las mujeres de Ir\u00e1n.","og_url":"https:\/\/orato.world\/es\/2022\/12\/14\/activistas-marchan-en-el-dia-internacional-de-la-eliminacion-de-la-violencia-contra-la-mujer-y-honran-a-las-mujeres-de-iran\/","og_site_name":"Orato","article_publisher":"https:\/\/www.facebook.com\/OratoWorld\/","article_published_time":"2022-12-14T13:00:00+00:00","article_modified_time":"2022-12-20T00:39:05+00:00","og_image":[{"width":2560,"height":1920,"url":"https:\/\/orato.world\/wp-content\/uploads\/protests-in-bogota-scaled.jpeg","type":"image\/jpeg"}],"author":"Mariana Delgado Baron","twitter_card":"summary_large_image","twitter_creator":"@oratoworld","twitter_site":"@oratoworld","twitter_misc":{"Escrito por":"Mariana Delgado Baron","Tiempo de lectura":"2 minutos"},"schema":{"@context":"https:\/\/schema.org","@graph":[{"@type":"NewsArticle","@id":"https:\/\/orato.world\/es\/2022\/12\/14\/activistas-marchan-en-el-dia-internacional-de-la-eliminacion-de-la-violencia-contra-la-mujer-y-honran-a-las-mujeres-de-iran\/#article","isPartOf":{"@id":"https:\/\/orato.world\/es\/2022\/12\/14\/activistas-marchan-en-el-dia-internacional-de-la-eliminacion-de-la-violencia-contra-la-mujer-y-honran-a-las-mujeres-de-iran\/"},"author":{"name":"Mariana Delgado Baron","@id":"https:\/\/orato.world\/es\/#\/schema\/person\/3836cf204527fbe1ae27e3de2a3c8bdc"},"headline":"Activistas marchan en el D\u00eda Internacional de la Eliminaci\u00f3n de la Violencia contra la Mujer y honran a las mujeres de Ir\u00e1n","datePublished":"2022-12-14T13:00:00+00:00","dateModified":"2022-12-20T00:39:05+00:00","mainEntityOfPage":{"@id":"https:\/\/orato.world\/es\/2022\/12\/14\/activistas-marchan-en-el-dia-internacional-de-la-eliminacion-de-la-violencia-contra-la-mujer-y-honran-a-las-mujeres-de-iran\/"},"wordCount":340,"commentCount":0,"publisher":{"@id":"https:\/\/orato.world\/es\/#organization"},"image":{"@id":"https:\/\/orato.world\/es\/2022\/12\/14\/activistas-marchan-en-el-dia-internacional-de-la-eliminacion-de-la-violencia-contra-la-mujer-y-honran-a-las-mujeres-de-iran\/#primaryimage"},"thumbnailUrl":"https:\/\/orato.world\/wp-content\/uploads\/protests-in-bogota-scaled.jpeg","keywords":["Bogot\u00e1","Colombia","D\u00eda Internacional de la Eliminaci\u00f3n de la Violencia contra la Mujer","Ir\u00e1n","Latinoam\u00e9rica","Protesta","violencia contra la mujer","Violencia sexual"],"articleSection":["Conflicto","Sexo y g\u00e9nero"],"inLanguage":"es","potentialAction":[{"@type":"CommentAction","name":"Comment","target":["https:\/\/orato.world\/es\/2022\/12\/14\/activistas-marchan-en-el-dia-internacional-de-la-eliminacion-de-la-violencia-contra-la-mujer-y-honran-a-las-mujeres-de-iran\/#respond"]}]},{"@type":"WebPage","@id":"https:\/\/orato.world\/es\/2022\/12\/14\/activistas-marchan-en-el-dia-internacional-de-la-eliminacion-de-la-violencia-contra-la-mujer-y-honran-a-las-mujeres-de-iran\/","url":"https:\/\/orato.world\/es\/2022\/12\/14\/activistas-marchan-en-el-dia-internacional-de-la-eliminacion-de-la-violencia-contra-la-mujer-y-honran-a-las-mujeres-de-iran\/","name":"D\u00eda Internacional de la Eliminaci\u00f3n de la Violencia contra la Mujer","isPartOf":{"@id":"https:\/\/orato.world\/es\/#website"},"primaryImageOfPage":{"@id":"https:\/\/orato.world\/es\/2022\/12\/14\/activistas-marchan-en-el-dia-internacional-de-la-eliminacion-de-la-violencia-contra-la-mujer-y-honran-a-las-mujeres-de-iran\/#primaryimage"},"image":{"@id":"https:\/\/orato.world\/es\/2022\/12\/14\/activistas-marchan-en-el-dia-internacional-de-la-eliminacion-de-la-violencia-contra-la-mujer-y-honran-a-las-mujeres-de-iran\/#primaryimage"},"thumbnailUrl":"https:\/\/orato.world\/wp-content\/uploads\/protests-in-bogota-scaled.jpeg","datePublished":"2022-12-14T13:00:00+00:00","dateModified":"2022-12-20T00:39:05+00:00","description":"Activistas de Bogot\u00e1 (Colombia) marcharon en el D\u00eda Internacional de la Eliminaci\u00f3n de la Violencia contra la Mujer y rindieron homenaje a las mujeres de Ir\u00e1n.","breadcrumb":{"@id":"https:\/\/orato.world\/es\/2022\/12\/14\/activistas-marchan-en-el-dia-internacional-de-la-eliminacion-de-la-violencia-contra-la-mujer-y-honran-a-las-mujeres-de-iran\/#breadcrumb"},"inLanguage":"es","potentialAction":[{"@type":"ReadAction","target":["https:\/\/orato.world\/es\/2022\/12\/14\/activistas-marchan-en-el-dia-internacional-de-la-eliminacion-de-la-violencia-contra-la-mujer-y-honran-a-las-mujeres-de-iran\/"]}]},{"@type":"ImageObject","inLanguage":"es","@id":"https:\/\/orato.world\/es\/2022\/12\/14\/activistas-marchan-en-el-dia-internacional-de-la-eliminacion-de-la-violencia-contra-la-mujer-y-honran-a-las-mujeres-de-iran\/#primaryimage","url":"https:\/\/orato.world\/wp-content\/uploads\/protests-in-bogota-scaled.jpeg","contentUrl":"https:\/\/orato.world\/wp-content\/uploads\/protests-in-bogota-scaled.jpeg","width":2560,"height":1920,"caption":"On November 25, 2022 activists marched in the city of Bogot\u00e1, Colombia in solidarity with women in Iran and around the world | Photo courtesy of Mariana Delgado Baron"},{"@type":"BreadcrumbList","@id":"https:\/\/orato.world\/es\/2022\/12\/14\/activistas-marchan-en-el-dia-internacional-de-la-eliminacion-de-la-violencia-contra-la-mujer-y-honran-a-las-mujeres-de-iran\/#breadcrumb","itemListElement":[{"@type":"ListItem","position":1,"name":"Home","item":"https:\/\/orato.world\/es\/"},{"@type":"ListItem","position":2,"name":"Activistas marchan en el D\u00eda Internacional de la Eliminaci\u00f3n de la Violencia contra la Mujer y honran a las mujeres de Ir\u00e1n"}]},{"@type":"WebSite","@id":"https:\/\/orato.world\/es\/#website","url":"https:\/\/orato.world\/es\/","name":"Orato","description":"True Stories. Real People","publisher":{"@id":"https:\/\/orato.world\/es\/#organization"},"potentialAction":[{"@type":"SearchAction","target":{"@type":"EntryPoint","urlTemplate":"https:\/\/orato.world\/es\/?s={search_term_string}"},"query-input":{"@type":"PropertyValueSpecification","valueRequired":true,"valueName":"search_term_string"}}],"inLanguage":"es"},{"@type":"Organization","@id":"https:\/\/orato.world\/es\/#organization","name":"Orato World Media Inc.","url":"https:\/\/orato.world\/es\/","logo":{"@type":"ImageObject","inLanguage":"es","@id":"https:\/\/orato.world\/es\/#\/schema\/logo\/image\/","url":"https:\/\/orato.world\/wp-content\/uploads\/2020\/07\/orato-logo-transparent.png","contentUrl":"https:\/\/orato.world\/wp-content\/uploads\/2020\/07\/orato-logo-transparent.png","width":78,"height":73,"caption":"Orato World Media Inc."},"image":{"@id":"https:\/\/orato.world\/es\/#\/schema\/logo\/image\/"},"sameAs":["https:\/\/www.facebook.com\/OratoWorld\/","https:\/\/x.com\/oratoworld","https:\/\/www.instagram.com\/oratoworld","https:\/\/www.linkedin.com\/company\/42308818\/"]},{"@type":"Person","@id":"https:\/\/orato.world\/es\/#\/schema\/person\/3836cf204527fbe1ae27e3de2a3c8bdc","name":"Mariana Delgado Baron","image":{"@type":"ImageObject","inLanguage":"es","@id":"https:\/\/secure.gravatar.com\/avatar\/b193ab990f77478460f1e66cb3495da66ea5c1b8460f8a39db46d23d342683a9?s=96&d=mm&r=g","url":"https:\/\/secure.gravatar.com\/avatar\/b193ab990f77478460f1e66cb3495da66ea5c1b8460f8a39db46d23d342683a9?s=96&d=mm&r=g","contentUrl":"https:\/\/secure.gravatar.com\/avatar\/b193ab990f77478460f1e66cb3495da66ea5c1b8460f8a39db46d23d342683a9?s=96&d=mm&r=g","caption":"Mariana Delgado Baron"},"description":"Freelance journalist interested in investigative journalism, migration, armed conflict, political violence, peacebuilding, transitional justice, human rights and development. I have experience working in the field with communities affected by the armed conflict in Colombia, in the reconstruction of the memories of victims and survivors. Political scientist and doctor in Social Sciences. I live in Bogota. marianadelgadobaron.com","url":"https:\/\/orato.world\/es\/author\/mariana-delgado-baron\/"}]}},"modified_by":null,"uagb_featured_image_src":{"full":["https:\/\/orato.world\/wp-content\/uploads\/protests-in-bogota-scaled.jpeg",2560,1920,false],"thumbnail":["https:\/\/orato.world\/wp-content\/uploads\/protests-in-bogota-100x100.jpeg",100,100,true],"medium":["https:\/\/orato.world\/wp-content\/uploads\/protests-in-bogota-300x225.jpeg",300,225,true],"medium_large":["https:\/\/orato.world\/wp-content\/uploads\/protests-in-bogota-770x578.jpeg",640,480,true],"large":["https:\/\/orato.world\/wp-content\/uploads\/protests-in-bogota-1024x768.jpeg",640,480,true],"1536x1536":["https:\/\/orato.world\/wp-content\/uploads\/protests-in-bogota-1536x1152.jpeg",1536,1152,true],"2048x2048":["https:\/\/orato.world\/wp-content\/uploads\/protests-in-bogota-2048x1536.jpeg",2048,1536,true],"gallery-size":["https:\/\/orato.world\/wp-content\/uploads\/protests-in-bogota-scaled.jpeg",533,400,false],"lets-review-360-240":["https:\/\/orato.world\/wp-content\/uploads\/protests-in-bogota-360x240.jpeg",360,240,true],"gform-image-choice-sm":["https:\/\/orato.world\/wp-content\/uploads\/protests-in-bogota-scaled.jpeg",300,225,false],"gform-image-choice-md":["https:\/\/orato.world\/wp-content\/uploads\/protests-in-bogota-scaled.jpeg",400,300,false],"gform-image-choice-lg":["https:\/\/orato.world\/wp-content\/uploads\/protests-in-bogota-scaled.jpeg",600,450,false],"awsm_team":["https:\/\/orato.world\/wp-content\/uploads\/protests-in-bogota-500x500.jpeg",500,500,true]},"uagb_author_info":{"display_name":"Mariana Delgado Baron","author_link":"https:\/\/orato.world\/es\/author\/mariana-delgado-baron\/"},"uagb_comment_info":0,"uagb_excerpt":"La violencia contra mujeres y ni\u00f1as es una de las violaciones de derechos humanos m\u00e1s extendidas del mundo. Activistas de Colombia salieron a la calle en solidaridad con las mujeres de Ir\u00e1n y de todo el mundo.","_links":{"self":[{"href":"https:\/\/orato.world\/es\/wp-json\/wp\/v2\/posts\/63035","targetHints":{"allow":["GET"]}}],"collection":[{"href":"https:\/\/orato.world\/es\/wp-json\/wp\/v2\/posts"}],"about":[{"href":"https:\/\/orato.world\/es\/wp-json\/wp\/v2\/types\/post"}],"author":[{"embeddable":true,"href":"https:\/\/orato.world\/es\/wp-json\/wp\/v2\/users\/106"}],"replies":[{"embeddable":true,"href":"https:\/\/orato.world\/es\/wp-json\/wp\/v2\/comments?post=63035"}],"version-history":[{"count":0,"href":"https:\/\/orato.world\/es\/wp-json\/wp\/v2\/posts\/63035\/revisions"}],"wp:featuredmedia":[{"embeddable":true,"href":"https:\/\/orato.world\/es\/wp-json\/wp\/v2\/media\/61708"}],"wp:attachment":[{"href":"https:\/\/orato.world\/es\/wp-json\/wp\/v2\/media?parent=63035"}],"wp:term":[{"taxonomy":"category","embeddable":true,"href":"https:\/\/orato.world\/es\/wp-json\/wp\/v2\/categories?post=63035"},{"taxonomy":"post_tag","embeddable":true,"href":"https:\/\/orato.world\/es\/wp-json\/wp\/v2\/tags?post=63035"}],"curies":[{"name":"wp","href":"https:\/\/api.w.org\/{rel}","templated":true}]}}