{"id":71235,"date":"2023-03-24T05:00:00","date_gmt":"2023-03-24T12:00:00","guid":{"rendered":"https:\/\/orato.world\/2023\/03\/24\/comunidad-indigena-acampa-cerca-de-la-oficina-presidencial-durante-dos-anos-seguidos-quien-nos-ayudara\/"},"modified":"2023-03-27T05:00:40","modified_gmt":"2023-03-27T12:00:40","slug":"comunidad-indigena-acampa-cerca-de-la-oficina-presidencial-durante-dos-anos-seguidos-quien-nos-ayudara","status":"publish","type":"post","link":"https:\/\/orato.world\/es\/2023\/03\/24\/comunidad-indigena-acampa-cerca-de-la-oficina-presidencial-durante-dos-anos-seguidos-quien-nos-ayudara\/","title":{"rendered":"Comunidad ind\u00edgena acampa cerca de la oficina presidencial durante dos a\u00f1os seguidos: \u00bfQui\u00e9n nos ayudar\u00e1?"},"content":{"rendered":"<div class=\"lets-info-up-wrap  lets-info-up--right lets-info-up--m-1 lets-info-up-skin-1 lets-info-up--side\">\t\t\t<div class=\"lets-info-up\">\r\n\t\t\t<div class=\"lets-info-up-fi\"><img loading=\"lazy\" decoding=\"async\" width=\"500\" height=\"500\" src=\"https:\/\/orato.world\/wp-content\/uploads\/DSCN0912-500x500.jpg\" class=\"attachment-lets-info-up-d1 size-lets-info-up-d1\" alt=\"\" srcset=\"https:\/\/orato.world\/wp-content\/uploads\/\/DSCN0912-500x500.jpg 500w, https:\/\/orato.world\/wp-content\/uploads\/\/DSCN0912-300x300.jpg 300w, https:\/\/orato.world\/wp-content\/uploads\/\/DSCN0912-100x100.jpg 100w, https:\/\/orato.world\/wp-content\/uploads\/\/DSCN0912-770x770.jpg 770w, https:\/\/orato.world\/wp-content\/uploads\/\/DSCN0912-400x400.jpg 400w, https:\/\/orato.world\/wp-content\/uploads\/\/DSCN0912-150x150.jpg 150w, https:\/\/orato.world\/wp-content\/uploads\/\/DSCN0912-70x70.jpg 70w, https:\/\/orato.world\/wp-content\/uploads\/\/DSCN0912-293x293.jpg 293w, https:\/\/orato.world\/wp-content\/uploads\/\/DSCN0912.jpg 960w\" sizes=\"auto, (max-width: 500px) 100vw, 500px\" \/><\/div>\t\t\t<div class=\"lets-info-up-block-wrap\">\r\n\t\t\t\t<div class=\"lets-info-up-block lets-info-up-meta-block\"><div class=\"lets-info-up-meta-title lets-info-up-pretitle font-h\">PROTAGONISTA<\/div><div class=\"lets-info-up-meta-content lets-info-up-title font-b\">F\u00e9lix D\u00edaz es el Qarashe o l\u00edder de la comunidad Qom Potae Napocna Navogoh, conocida como LA Primavera. Lleva d\u00e9cadas luchando por los derechos ind\u00edgenas en Argentina y ha sido reconocido por su activismo por numerosas agencias y medios de comunicaci\u00f3n internacionales. Durante los dos \u00faltimos a\u00f1os, ha llevado a su gente a acampar y vender artesan\u00edas en la Plaza de Mayo, junto a las oficinas presidenciales, en Buenos Aires. Los miembros del campamento venden las artesan\u00edas que fabrican para obtener recursos con los que vivir y mantener su lucha por conseguir una audiencia con el gobierno argentino.<\/div><\/div><div class=\"lets-info-up-block lets-info-up-meta-block\"><div class=\"lets-info-up-meta-title lets-info-up-pretitle font-h\">CONTEXTO<\/div><div class=\"lets-info-up-meta-content lets-info-up-title font-b\">El objetivo del Consejo Consultivo de Pueblos Ind\u00edgenas en Argentina es proponer al Estado un protocolo de consulta previa, libre e informada y tambi\u00e9n reformar la Ley 23.302, que en ese momento depend\u00eda del convenio 107. Hoy rige el Convenio 169 de la OIT y est\u00e1 vinculado a la Ley 24.071. Argentina tiene respaldo legal para los pueblos ind\u00edgenas, pero el problema es que las leyes no se cumplen. La funci\u00f3n del Consejo es acompa\u00f1ar a los ind\u00edgenas en temas de asistencia social y la relaci\u00f3n con el Ministerio de Desarrollo Social. Adem\u00e1s, el Ministerio de Justicia cre\u00f3 la figura del CAJ (Centro de Acceso a la Justicia) para que los pueblos ind\u00edgenas tengan la posibilidad de recibir asesoramiento t\u00e9cnico-jur\u00eddico por parte de funcionarios nacionales y tambi\u00e9n la participaci\u00f3n ind\u00edgena dentro de los organismos asistenciales. Sin embargo, l\u00edderes como F\u00e9lix revelan un esquema de no recibir audiencia con el gobierno cuando hay que tratar temas serios.<\/div><\/div>\t\t\t<\/div>\r\n\t\t\t<\/div>\r\n\t\t<\/div>\r\n\t\t\n\n\n<p>BUENOS AIRES, Argentina \ua7f7 El 8 de febrero de 2023, los ind\u00edgenas de Argentina conmemoraron dos a\u00f1os de acampada frente a la Plaza de Mayo. [La Plaza de Mayo es la plaza p\u00fablica m\u00e1s antigua de Buenos Aires, adyacente a la Casa Rosada, sede de la presidencia argentina].<\/p>\n\n\n\n<p>Para muchos de nosotros, esta experiencia cotidiana es como una tortura. No tenemos nada en nuestro campamento y sufrimos un calor extremo. Los vientos que soplan crean una situaci\u00f3n precaria para nuestras tiendas. No tenemos ba\u00f1os ni electricidad y debemos ir a otro lugar para usar un ba\u00f1o; sin embargo, lo hacemos para exigir al Estado que establezca las leyes necesarias.<\/p>\n\n\n\n<p><strong><em><a href=\"https:\/\/orato.world\/?s=indigenous\">Lee m\u00e1s noticias en primera persona de comunidades ind\u00edgenas de todo el mundo.<\/a><\/em><\/strong><\/p>\n\n\n\n<p>Mi pueblo necesita un di\u00e1logo intercultural entre el gobierno argentino y los ind\u00edgenas para resolver graves problemas. Nuestras comunidades se enfrentan a la falta de agua, atenci\u00f3n sanitaria, oportunidades educativas y acceso a nuestras propias casas y territorios.<\/p>\n\n\n\n<p>Conocemos esta lucha. Enfrentarse al abuso, la discriminaci\u00f3n y el aislamiento sigue siendo una constante para las comunidades ind\u00edgenas de Argentina, pero no queremos que se normalice. Por eso, exigimos que el Estado nos escuche. Nos pronunciamos para terminar con estos problemas de una vez por todas.<\/p>\n\n\n\n<h2 class=\"wp-block-heading\" id=\"h-a-plight-for-resources-and-humane-treatment-our-women-are-dying\"><h2>Una lucha por recursos y un trato humano: nuestras mujeres est\u00e1n muriendo<\/h2><\/h2>\n\n\n\n<p>En las comunidades ind\u00edgenas de Argentina, los problemas se agravan cada a\u00f1o. En muchas comunidades, la gente no tiene agua ni acceso a la salud. La droga inunda nuestras tierras y los j\u00f3venes se asesinan entre s\u00ed o se suicidan. Carecemos de sistemas de justicia adecuados y de acceso a una polic\u00eda eficaz, y no tenemos d\u00f3nde canalizar estos problemas; nadie a quien acudir.<\/p>\n\n\n\n<p>Por m\u00e1s de 724 d\u00edas, nos hemos plantado frente a la plaza y la casa de gobierno porque necesitamos ayuda y respuestas del gobierno nacional para resolver los problemas injustos que enfrentan nuestras comunidades. Cada d\u00eda, esperamos, anhelando un di\u00e1logo con el poder ejecutivo; anhelando ser escucha<\/p>\n\n\n\n<p>En nuestro pa\u00eds, un m\u00e9dico viene a ver a nuestra gente cada 20 d\u00edas o una vez al mes. El m\u00e9dico examina a la gente, pero no a fondo ni adecuadamente. Cuando el m\u00e9dico se va, la gente muere. Las enfermedades a las que sucumben, como la tuberculosis, la neumon\u00eda y algunas formas de c\u00e1ncer, podr\u00edan tratarse f\u00e1cilmente. Este azote de la enfermedad marcha por nuestras comunidades, a menudo entre las mujeres, porque carecen de conocimientos sobre prevenci\u00f3n sencilla. Estamos aqu\u00ed en la plaza porque nuestra gente muere in\u00fatilmente; necesitamos un centro de salud equipado con m\u00e9dicos permanentes.<\/p>\n\n\n\n<p>Otra cuesti\u00f3n aterradora se plantea con la salud reproductiva de nuestras mujeres. Si se enfrenta a una ces\u00e1rea, vemos casos en los que, tras el parto, sin consulta previa, los m\u00e9dicos implantan un m\u00e9todo anticonceptivo para evitar tener m\u00e1s hijos. Las mujeres temen incluso ir al m\u00e9dico por este motivo. En otros casos denunciados, los m\u00e9dicos reparten preservativos, p\u00edldoras anticonceptivas u ofrecen inyectables, pero no ofrecen educaci\u00f3n sobre su impacto o uso. Las mujeres mueren y no sabemos por qu\u00e9. Registran las muertes como naturales y cualquier investigaci\u00f3n posterior termina ah\u00ed mismo.<\/p>\n\n\n\n<h2 class=\"wp-block-heading\"><h2>Una historia de lucha por hacerse o\u00edr: un l\u00edder ind\u00edgena viaja hasta Roma<\/h2><\/h2>\n\n\n\n<p>En 2007, el gobierno de Formosa, a trav\u00e9s del gobernador Gildo Insfr\u00e1n, nos <a href=\"https:\/\/www.theguardian.com\/world\/2015\/jul\/05\/argentina-fight-reclaim-ancestral-land-indigenous-leader\">quit\u00f3 2.042 hect\u00e1reas de nuestra tierra ancestral.<\/a> Durante 16 a\u00f1os exigimos un relevamiento territorial, pero nunca se realiz\u00f3. De nuevo, en julio de 2010 sal\u00ed a la ruta con mi comunidad. En noviembre, nos enfrentamos a una dura represi\u00f3n. [Durante cuatro meses, el pueblo de La Primavera, o Qom Potae Napocna Navogoh, bloque\u00f3 la Ruta Nacional 86. La protesta contra la construcci\u00f3n de una Universidad Nacional en tierras ind\u00edgenas desemboc\u00f3 en violencia policial y disparos. Murieron un manifestante y un polic\u00eda, varios resultaron heridos y se quemaron casas. La Comisi\u00f3n Interamericana de Derechos Humanos intervino exigiendo al gobierno que pusiera fin a la violencia].<\/p>\n\n\n\n<p>Los l\u00edderes espirituales y religiosos me recomendaron que viajara a Buenos Aires para hablar con la presidenta Cristina Fern\u00e1ndez de Kirchner. Ella no nos recibi\u00f3. Pasaron tres a\u00f1os y nos dirigimos a la Iglesia Cat\u00f3lica. Establecieron distintas misiones en la provincia de Formosa. Quer\u00edamos que la Iglesia entendiera la problem\u00e1tica territorial de nuestro pueblo. Viaj\u00e9 al Vaticano para hablar con el Papa Francisco. Ese d\u00eda, el Pont\u00edfice dijo que la Iglesia s\u00f3lo gestiona asuntos espirituales; los gobiernos siguen siendo aut\u00f3nomos. No pod\u00eda intervenir ni comunicar nuestras preocupaciones.<\/p>\n\n\n\n<figure class=\"wp-block-image size-large\"><img loading=\"lazy\" decoding=\"async\" width=\"1024\" height=\"768\" src=\"https:\/\/orato.world\/wp-content\/uploads\/DSCN0925-1024x768.jpg\" alt=\"\" class=\"wp-image-71126\" srcset=\"https:\/\/orato.world\/wp-content\/uploads\/\/DSCN0925-1024x768.jpg 1024w, https:\/\/orato.world\/wp-content\/uploads\/\/DSCN0925-300x225.jpg 300w, https:\/\/orato.world\/wp-content\/uploads\/\/DSCN0925-770x578.jpg 770w, https:\/\/orato.world\/wp-content\/uploads\/\/DSCN0925-533x400.jpg 533w, https:\/\/orato.world\/wp-content\/uploads\/\/DSCN0925.jpg 1280w\" sizes=\"auto, (max-width: 1024px) 100vw, 1024px\" \/><figcaption class=\"wp-element-caption\">La zona donde los que acamparon en la Plaza de Mayo venden productos ind\u00edgenas y difunden su causa | <strong>Foto cortes\u00eda de Grisel Gonz\u00e1lez<\/strong><\/figcaption><\/figure>\n\n\n\n<p>Finalmente, en 2016, el gobierno argentino estableci\u00f3 lo que se conoce como<a href=\"https:\/\/www.argentina.gob.ar\/normativa\/nacional\/decreto-672-2016-261285\/texto\"> Consejo Consultivo y Participativo de los Pueblos Ind\u00edgenas de la Rep\u00fablica Argentina.<\/a> [El documento reconoce la declaraci\u00f3n de las Naciones Unidas sobre los derechos de los pueblos ind\u00edgenas. Tambi\u00e9n se\u00f1ala la propia constituci\u00f3n argentina que reconoce legalmente a los pueblos ind\u00edgenas y sus necesidades en el territorio. El nuevo consejo adquiere capacidad de consulta sobre legislaci\u00f3n, planes de desarrollo, programas y proyectos que afecten directamente a los derechos ind\u00edgenas].<\/p>\n\n\n\n<p>Esta larga batalla contin\u00faa, seis a\u00f1os despu\u00e9s de la formaci\u00f3n del consejo. Sentados en la plaza d\u00eda tras d\u00eda, exigimos la restauraci\u00f3n del consejo. Debemos ser escuchados. Los pueblos ind\u00edgenas de Argentina merecen dialogar con el gobierno.<\/p>\n\n\n\n<h2 class=\"wp-block-heading\"><h2>El d\u00eda a d\u00eda durante dos a\u00f1os de protestas<\/h2><\/h2>\n\n\n\n<p>Acampados frente a la Plaza de Mayo de Buenos Aires, mis compa\u00f1eros se limitan a sobrevivir. Es como estar en el desierto. Vendemos artesan\u00edas para vivir, pero la comida sigue escaseando. El dolor me invade al saber que tantos sectores que nos podr\u00edan ayudar nos ignoran. No recibimos apoyo de organizaciones de derechos humanos, movimientos sociales o iglesias. Aun as\u00ed, persistimos.<\/p>\n\n\n\n<p>Durante estos dos a\u00f1os, enferm\u00e9 de Covid-19 mientras estaba acampando, y pas\u00e9 18 d\u00edas en el hospital. Mareos y calambres me afectaban constantemente. Temblores recorr\u00edan mi cuerpo y un terrible dolor me golpeaba el pecho. Sobreviv\u00ed y volv\u00ed a la plaza, pero durante un a\u00f1o persistieron mis problemas de salud. Tuve suerte. Durante la pandemia, muchos l\u00edderes ind\u00edgenas murieron por falta de acceso a la atenci\u00f3n sanitaria.<\/p>\n\n\n\n<figure class=\"wp-block-image size-large\"><img loading=\"lazy\" decoding=\"async\" width=\"1024\" height=\"768\" src=\"https:\/\/orato.world\/wp-content\/uploads\/DSCN0923-1024x768.jpg\" alt=\"\" class=\"wp-image-71128\" srcset=\"https:\/\/orato.world\/wp-content\/uploads\/\/DSCN0923-1024x768.jpg 1024w, https:\/\/orato.world\/wp-content\/uploads\/\/DSCN0923-300x225.jpg 300w, https:\/\/orato.world\/wp-content\/uploads\/\/DSCN0923-770x578.jpg 770w, https:\/\/orato.world\/wp-content\/uploads\/\/DSCN0923-533x400.jpg 533w, https:\/\/orato.world\/wp-content\/uploads\/\/DSCN0923.jpg 1280w\" sizes=\"auto, (max-width: 1024px) 100vw, 1024px\" \/><figcaption class=\"wp-element-caption\">La comunidad exige una audiencia con el gobierno para abordar temas cr\u00edticos como la salud de las mujeres en los territorios ind\u00edgenas | <strong>Foto cortes\u00eda de Grisel Gonz\u00e1lez<\/strong><\/figcaption><\/figure>\n\n\n\n<p>Hoy seguimos adelante, incluso en medio de la precaria situaci\u00f3n econ\u00f3mica a la que se enfrentan los ciudadanos de Argentina. Luchamos por vender nuestras artesan\u00edas y comprar los alimentos y el agua que necesitamos, pero mantenemos la calma. Al principio, la polic\u00eda de la ciudad nos amenaz\u00f3 con desalojarnos, pero nos mantuvimos firmes. Nos negamos a seguir siendo espectadores de nuestra propia lucha. Hoy, nos esforzamos por ser protagonistas. Exigimos cambios.<\/p>\n","protected":false},"excerpt":{"rendered":"<p>Acampados frente a la Plaza de Mayo de Buenos Aires, mi gente se limita a sobrevivir. Es como estar en el desierto. Vendemos artesan\u00edas para vivir, pero la comida sigue escaseando. El dolor me invade, sabiendo que tantos sectores que podr\u00edan ayudar nos ignoran. <\/p>\n","protected":false},"author":181,"featured_media":71122,"comment_status":"open","ping_status":"open","sticky":false,"template":"","format":"standard","meta":{"_acf_changed":false,"_uag_custom_page_level_css":"","_lmt_disableupdate":"","_lmt_disable":"","footnotes":""},"categories":[260,523],"tags":[193,1353,741,3574,723,2214,5806],"class_list":["post-71235","post","type-post","status-publish","format-standard","has-post-thumbnail","hentry","category-conflicto","category-racismo","tag-argentina-es","tag-corte-interamericana-de-derechos-humanos","tag-discrimination-es","tag-indigenas","tag-indigenous-rights-es","tag-latinoamerica","tag-plaza-de-mayo-es"],"acf":[],"yoast_head":"<!-- This site is optimized with the Yoast SEO Premium plugin v27.5 (Yoast SEO v27.5) - https:\/\/yoast.com\/product\/yoast-seo-premium-wordpress\/ -->\n<title>Una comunidad ind\u00edgena acampa cerca de la oficina presidencial durante dos a\u00f1os<\/title>\n<meta name=\"description\" content=\"Una comunidad ind\u00edgena acampa cerca de la oficina presidencial durante dos a\u00f1os seguidos, pero sigue sin recibir audiencia para tratar cuestiones cr\u00edticas\" \/>\n<meta name=\"robots\" content=\"index, follow, max-snippet:-1, max-image-preview:large, max-video-preview:-1\" \/>\n<link rel=\"canonical\" href=\"https:\/\/orato.world\/es\/2023\/03\/24\/comunidad-indigena-acampa-cerca-de-la-oficina-presidencial-durante-dos-anos-seguidos-quien-nos-ayudara\/\" \/>\n<meta property=\"og:locale\" content=\"es_ES\" \/>\n<meta property=\"og:type\" content=\"article\" \/>\n<meta property=\"og:title\" content=\"Comunidad ind\u00edgena acampa cerca de la oficina presidencial durante dos a\u00f1os seguidos: \u00bfQui\u00e9n nos ayudar\u00e1?\" \/>\n<meta property=\"og:description\" content=\"Una comunidad ind\u00edgena acampa cerca de la oficina presidencial durante dos a\u00f1os seguidos, pero sigue sin recibir audiencia para tratar cuestiones cr\u00edticas\" \/>\n<meta property=\"og:url\" content=\"https:\/\/orato.world\/es\/2023\/03\/24\/comunidad-indigena-acampa-cerca-de-la-oficina-presidencial-durante-dos-anos-seguidos-quien-nos-ayudara\/\" \/>\n<meta property=\"og:site_name\" content=\"Orato\" \/>\n<meta property=\"article:publisher\" content=\"https:\/\/www.facebook.com\/OratoWorld\/\" \/>\n<meta property=\"article:published_time\" content=\"2023-03-24T12:00:00+00:00\" \/>\n<meta property=\"article:modified_time\" content=\"2023-03-27T12:00:40+00:00\" \/>\n<meta property=\"og:image\" content=\"https:\/\/orato.world\/wp-content\/uploads\/DSCN0914.jpg\" \/>\n\t<meta property=\"og:image:width\" content=\"1280\" \/>\n\t<meta property=\"og:image:height\" content=\"960\" \/>\n\t<meta property=\"og:image:type\" content=\"image\/jpeg\" \/>\n<meta name=\"author\" content=\"Grisel Gonz\u00e1lez\" \/>\n<meta name=\"twitter:card\" content=\"summary_large_image\" \/>\n<meta name=\"twitter:creator\" content=\"@grisel_mar1\" \/>\n<meta name=\"twitter:site\" content=\"@oratoworld\" \/>\n<meta name=\"twitter:label1\" content=\"Escrito por\" \/>\n\t<meta name=\"twitter:data1\" content=\"Grisel Gonz\u00e1lez\" \/>\n\t<meta name=\"twitter:label2\" content=\"Tiempo de lectura\" \/>\n\t<meta name=\"twitter:data2\" content=\"6 minutos\" \/>\n<script type=\"application\/ld+json\" class=\"yoast-schema-graph\">{\"@context\":\"https:\\\/\\\/schema.org\",\"@graph\":[{\"@type\":\"NewsArticle\",\"@id\":\"https:\\\/\\\/orato.world\\\/es\\\/2023\\\/03\\\/24\\\/comunidad-indigena-acampa-cerca-de-la-oficina-presidencial-durante-dos-anos-seguidos-quien-nos-ayudara\\\/#article\",\"isPartOf\":{\"@id\":\"https:\\\/\\\/orato.world\\\/es\\\/2023\\\/03\\\/24\\\/comunidad-indigena-acampa-cerca-de-la-oficina-presidencial-durante-dos-anos-seguidos-quien-nos-ayudara\\\/\"},\"author\":{\"name\":\"Grisel Gonz\u00e1lez\",\"@id\":\"https:\\\/\\\/orato.world\\\/es\\\/#\\\/schema\\\/person\\\/0b5c33ecb83996ff7cecd8f6efcd765d\"},\"headline\":\"Comunidad ind\u00edgena acampa cerca de la oficina presidencial durante dos a\u00f1os seguidos: \u00bfQui\u00e9n nos ayudar\u00e1?\",\"datePublished\":\"2023-03-24T12:00:00+00:00\",\"dateModified\":\"2023-03-27T12:00:40+00:00\",\"mainEntityOfPage\":{\"@id\":\"https:\\\/\\\/orato.world\\\/es\\\/2023\\\/03\\\/24\\\/comunidad-indigena-acampa-cerca-de-la-oficina-presidencial-durante-dos-anos-seguidos-quien-nos-ayudara\\\/\"},\"wordCount\":1230,\"commentCount\":0,\"publisher\":{\"@id\":\"https:\\\/\\\/orato.world\\\/es\\\/#organization\"},\"image\":{\"@id\":\"https:\\\/\\\/orato.world\\\/es\\\/2023\\\/03\\\/24\\\/comunidad-indigena-acampa-cerca-de-la-oficina-presidencial-durante-dos-anos-seguidos-quien-nos-ayudara\\\/#primaryimage\"},\"thumbnailUrl\":\"https:\\\/\\\/orato.world\\\/wp-content\\\/uploads\\\/DSCN0914.jpg\",\"keywords\":[\"Argentina\",\"Corte Interamericana de Derechos Humanos\",\"discrimination\",\"Ind\u00edgenas\",\"Indigenous Rights\",\"Latinoam\u00e9rica\",\"plaza de mayo\"],\"articleSection\":[\"Conflicto\",\"Racismo\"],\"inLanguage\":\"es\",\"potentialAction\":[{\"@type\":\"CommentAction\",\"name\":\"Comment\",\"target\":[\"https:\\\/\\\/orato.world\\\/es\\\/2023\\\/03\\\/24\\\/comunidad-indigena-acampa-cerca-de-la-oficina-presidencial-durante-dos-anos-seguidos-quien-nos-ayudara\\\/#respond\"]}]},{\"@type\":\"WebPage\",\"@id\":\"https:\\\/\\\/orato.world\\\/es\\\/2023\\\/03\\\/24\\\/comunidad-indigena-acampa-cerca-de-la-oficina-presidencial-durante-dos-anos-seguidos-quien-nos-ayudara\\\/\",\"url\":\"https:\\\/\\\/orato.world\\\/es\\\/2023\\\/03\\\/24\\\/comunidad-indigena-acampa-cerca-de-la-oficina-presidencial-durante-dos-anos-seguidos-quien-nos-ayudara\\\/\",\"name\":\"Una comunidad ind\u00edgena acampa cerca de la oficina presidencial durante dos a\u00f1os\",\"isPartOf\":{\"@id\":\"https:\\\/\\\/orato.world\\\/es\\\/#website\"},\"primaryImageOfPage\":{\"@id\":\"https:\\\/\\\/orato.world\\\/es\\\/2023\\\/03\\\/24\\\/comunidad-indigena-acampa-cerca-de-la-oficina-presidencial-durante-dos-anos-seguidos-quien-nos-ayudara\\\/#primaryimage\"},\"image\":{\"@id\":\"https:\\\/\\\/orato.world\\\/es\\\/2023\\\/03\\\/24\\\/comunidad-indigena-acampa-cerca-de-la-oficina-presidencial-durante-dos-anos-seguidos-quien-nos-ayudara\\\/#primaryimage\"},\"thumbnailUrl\":\"https:\\\/\\\/orato.world\\\/wp-content\\\/uploads\\\/DSCN0914.jpg\",\"datePublished\":\"2023-03-24T12:00:00+00:00\",\"dateModified\":\"2023-03-27T12:00:40+00:00\",\"description\":\"Una comunidad ind\u00edgena acampa cerca de la oficina presidencial durante dos a\u00f1os seguidos, pero sigue sin recibir audiencia para tratar cuestiones cr\u00edticas\",\"breadcrumb\":{\"@id\":\"https:\\\/\\\/orato.world\\\/es\\\/2023\\\/03\\\/24\\\/comunidad-indigena-acampa-cerca-de-la-oficina-presidencial-durante-dos-anos-seguidos-quien-nos-ayudara\\\/#breadcrumb\"},\"inLanguage\":\"es\",\"potentialAction\":[{\"@type\":\"ReadAction\",\"target\":[\"https:\\\/\\\/orato.world\\\/es\\\/2023\\\/03\\\/24\\\/comunidad-indigena-acampa-cerca-de-la-oficina-presidencial-durante-dos-anos-seguidos-quien-nos-ayudara\\\/\"]}]},{\"@type\":\"ImageObject\",\"inLanguage\":\"es\",\"@id\":\"https:\\\/\\\/orato.world\\\/es\\\/2023\\\/03\\\/24\\\/comunidad-indigena-acampa-cerca-de-la-oficina-presidencial-durante-dos-anos-seguidos-quien-nos-ayudara\\\/#primaryimage\",\"url\":\"https:\\\/\\\/orato.world\\\/wp-content\\\/uploads\\\/DSCN0914.jpg\",\"contentUrl\":\"https:\\\/\\\/orato.world\\\/wp-content\\\/uploads\\\/DSCN0914.jpg\",\"width\":1280,\"height\":960,\"caption\":\"The indigenous people of La Primavera have camped in front of the Presidential office in Buenos Aires for two years straight | Photo courtesy of\"},{\"@type\":\"BreadcrumbList\",\"@id\":\"https:\\\/\\\/orato.world\\\/es\\\/2023\\\/03\\\/24\\\/comunidad-indigena-acampa-cerca-de-la-oficina-presidencial-durante-dos-anos-seguidos-quien-nos-ayudara\\\/#breadcrumb\",\"itemListElement\":[{\"@type\":\"ListItem\",\"position\":1,\"name\":\"Home\",\"item\":\"https:\\\/\\\/orato.world\\\/es\\\/\"},{\"@type\":\"ListItem\",\"position\":2,\"name\":\"Comunidad ind\u00edgena acampa cerca de la oficina presidencial durante dos a\u00f1os seguidos: \u00bfQui\u00e9n nos ayudar\u00e1?\"}]},{\"@type\":\"WebSite\",\"@id\":\"https:\\\/\\\/orato.world\\\/es\\\/#website\",\"url\":\"https:\\\/\\\/orato.world\\\/es\\\/\",\"name\":\"Orato\",\"description\":\"True Stories. Real People\",\"publisher\":{\"@id\":\"https:\\\/\\\/orato.world\\\/es\\\/#organization\"},\"potentialAction\":[{\"@type\":\"SearchAction\",\"target\":{\"@type\":\"EntryPoint\",\"urlTemplate\":\"https:\\\/\\\/orato.world\\\/es\\\/?s={search_term_string}\"},\"query-input\":{\"@type\":\"PropertyValueSpecification\",\"valueRequired\":true,\"valueName\":\"search_term_string\"}}],\"inLanguage\":\"es\"},{\"@type\":\"Organization\",\"@id\":\"https:\\\/\\\/orato.world\\\/es\\\/#organization\",\"name\":\"Orato World Media Inc.\",\"url\":\"https:\\\/\\\/orato.world\\\/es\\\/\",\"logo\":{\"@type\":\"ImageObject\",\"inLanguage\":\"es\",\"@id\":\"https:\\\/\\\/orato.world\\\/es\\\/#\\\/schema\\\/logo\\\/image\\\/\",\"url\":\"https:\\\/\\\/orato.world\\\/wp-content\\\/uploads\\\/2020\\\/07\\\/orato-logo-transparent.png\",\"contentUrl\":\"https:\\\/\\\/orato.world\\\/wp-content\\\/uploads\\\/2020\\\/07\\\/orato-logo-transparent.png\",\"width\":78,\"height\":73,\"caption\":\"Orato World Media Inc.\"},\"image\":{\"@id\":\"https:\\\/\\\/orato.world\\\/es\\\/#\\\/schema\\\/logo\\\/image\\\/\"},\"sameAs\":[\"https:\\\/\\\/www.facebook.com\\\/OratoWorld\\\/\",\"https:\\\/\\\/x.com\\\/oratoworld\",\"https:\\\/\\\/www.instagram.com\\\/oratoworld\",\"https:\\\/\\\/www.linkedin.com\\\/company\\\/42308818\\\/\"]},{\"@type\":\"Person\",\"@id\":\"https:\\\/\\\/orato.world\\\/es\\\/#\\\/schema\\\/person\\\/0b5c33ecb83996ff7cecd8f6efcd765d\",\"name\":\"Grisel Gonz\u00e1lez\",\"image\":{\"@type\":\"ImageObject\",\"inLanguage\":\"es\",\"@id\":\"https:\\\/\\\/secure.gravatar.com\\\/avatar\\\/f3a120be0d754c835113f4f6782513b2b414630485b229c5f119ff6e13a5ccc5?s=96&d=mm&r=g\",\"url\":\"https:\\\/\\\/secure.gravatar.com\\\/avatar\\\/f3a120be0d754c835113f4f6782513b2b414630485b229c5f119ff6e13a5ccc5?s=96&d=mm&r=g\",\"contentUrl\":\"https:\\\/\\\/secure.gravatar.com\\\/avatar\\\/f3a120be0d754c835113f4f6782513b2b414630485b229c5f119ff6e13a5ccc5?s=96&d=mm&r=g\",\"caption\":\"Grisel Gonz\u00e1lez\"},\"sameAs\":[\"https:\\\/\\\/www.instagram.com\\\/griselmar1\\\/\",\"https:\\\/\\\/www.linkedin.com\\\/in\\\/grisel-gonzlez-638233236\\\/\",\"https:\\\/\\\/x.com\\\/grisel_mar1\"],\"url\":\"https:\\\/\\\/orato.world\\\/es\\\/author\\\/grisel-gonzalez\\\/\"}]}<\/script>\n<!-- \/ Yoast SEO Premium plugin. -->","yoast_head_json":{"title":"Una comunidad ind\u00edgena acampa cerca de la oficina presidencial durante dos a\u00f1os","description":"Una comunidad ind\u00edgena acampa cerca de la oficina presidencial durante dos a\u00f1os seguidos, pero sigue sin recibir audiencia para tratar cuestiones cr\u00edticas","robots":{"index":"index","follow":"follow","max-snippet":"max-snippet:-1","max-image-preview":"max-image-preview:large","max-video-preview":"max-video-preview:-1"},"canonical":"https:\/\/orato.world\/es\/2023\/03\/24\/comunidad-indigena-acampa-cerca-de-la-oficina-presidencial-durante-dos-anos-seguidos-quien-nos-ayudara\/","og_locale":"es_ES","og_type":"article","og_title":"Comunidad ind\u00edgena acampa cerca de la oficina presidencial durante dos a\u00f1os seguidos: \u00bfQui\u00e9n nos ayudar\u00e1?","og_description":"Una comunidad ind\u00edgena acampa cerca de la oficina presidencial durante dos a\u00f1os seguidos, pero sigue sin recibir audiencia para tratar cuestiones cr\u00edticas","og_url":"https:\/\/orato.world\/es\/2023\/03\/24\/comunidad-indigena-acampa-cerca-de-la-oficina-presidencial-durante-dos-anos-seguidos-quien-nos-ayudara\/","og_site_name":"Orato","article_publisher":"https:\/\/www.facebook.com\/OratoWorld\/","article_published_time":"2023-03-24T12:00:00+00:00","article_modified_time":"2023-03-27T12:00:40+00:00","og_image":[{"width":1280,"height":960,"url":"https:\/\/orato.world\/wp-content\/uploads\/DSCN0914.jpg","type":"image\/jpeg"}],"author":"Grisel Gonz\u00e1lez","twitter_card":"summary_large_image","twitter_creator":"@grisel_mar1","twitter_site":"@oratoworld","twitter_misc":{"Escrito por":"Grisel Gonz\u00e1lez","Tiempo de lectura":"6 minutos"},"schema":{"@context":"https:\/\/schema.org","@graph":[{"@type":"NewsArticle","@id":"https:\/\/orato.world\/es\/2023\/03\/24\/comunidad-indigena-acampa-cerca-de-la-oficina-presidencial-durante-dos-anos-seguidos-quien-nos-ayudara\/#article","isPartOf":{"@id":"https:\/\/orato.world\/es\/2023\/03\/24\/comunidad-indigena-acampa-cerca-de-la-oficina-presidencial-durante-dos-anos-seguidos-quien-nos-ayudara\/"},"author":{"name":"Grisel Gonz\u00e1lez","@id":"https:\/\/orato.world\/es\/#\/schema\/person\/0b5c33ecb83996ff7cecd8f6efcd765d"},"headline":"Comunidad ind\u00edgena acampa cerca de la oficina presidencial durante dos a\u00f1os seguidos: \u00bfQui\u00e9n nos ayudar\u00e1?","datePublished":"2023-03-24T12:00:00+00:00","dateModified":"2023-03-27T12:00:40+00:00","mainEntityOfPage":{"@id":"https:\/\/orato.world\/es\/2023\/03\/24\/comunidad-indigena-acampa-cerca-de-la-oficina-presidencial-durante-dos-anos-seguidos-quien-nos-ayudara\/"},"wordCount":1230,"commentCount":0,"publisher":{"@id":"https:\/\/orato.world\/es\/#organization"},"image":{"@id":"https:\/\/orato.world\/es\/2023\/03\/24\/comunidad-indigena-acampa-cerca-de-la-oficina-presidencial-durante-dos-anos-seguidos-quien-nos-ayudara\/#primaryimage"},"thumbnailUrl":"https:\/\/orato.world\/wp-content\/uploads\/DSCN0914.jpg","keywords":["Argentina","Corte Interamericana de Derechos Humanos","discrimination","Ind\u00edgenas","Indigenous Rights","Latinoam\u00e9rica","plaza de mayo"],"articleSection":["Conflicto","Racismo"],"inLanguage":"es","potentialAction":[{"@type":"CommentAction","name":"Comment","target":["https:\/\/orato.world\/es\/2023\/03\/24\/comunidad-indigena-acampa-cerca-de-la-oficina-presidencial-durante-dos-anos-seguidos-quien-nos-ayudara\/#respond"]}]},{"@type":"WebPage","@id":"https:\/\/orato.world\/es\/2023\/03\/24\/comunidad-indigena-acampa-cerca-de-la-oficina-presidencial-durante-dos-anos-seguidos-quien-nos-ayudara\/","url":"https:\/\/orato.world\/es\/2023\/03\/24\/comunidad-indigena-acampa-cerca-de-la-oficina-presidencial-durante-dos-anos-seguidos-quien-nos-ayudara\/","name":"Una comunidad ind\u00edgena acampa cerca de la oficina presidencial durante dos a\u00f1os","isPartOf":{"@id":"https:\/\/orato.world\/es\/#website"},"primaryImageOfPage":{"@id":"https:\/\/orato.world\/es\/2023\/03\/24\/comunidad-indigena-acampa-cerca-de-la-oficina-presidencial-durante-dos-anos-seguidos-quien-nos-ayudara\/#primaryimage"},"image":{"@id":"https:\/\/orato.world\/es\/2023\/03\/24\/comunidad-indigena-acampa-cerca-de-la-oficina-presidencial-durante-dos-anos-seguidos-quien-nos-ayudara\/#primaryimage"},"thumbnailUrl":"https:\/\/orato.world\/wp-content\/uploads\/DSCN0914.jpg","datePublished":"2023-03-24T12:00:00+00:00","dateModified":"2023-03-27T12:00:40+00:00","description":"Una comunidad ind\u00edgena acampa cerca de la oficina presidencial durante dos a\u00f1os seguidos, pero sigue sin recibir audiencia para tratar cuestiones cr\u00edticas","breadcrumb":{"@id":"https:\/\/orato.world\/es\/2023\/03\/24\/comunidad-indigena-acampa-cerca-de-la-oficina-presidencial-durante-dos-anos-seguidos-quien-nos-ayudara\/#breadcrumb"},"inLanguage":"es","potentialAction":[{"@type":"ReadAction","target":["https:\/\/orato.world\/es\/2023\/03\/24\/comunidad-indigena-acampa-cerca-de-la-oficina-presidencial-durante-dos-anos-seguidos-quien-nos-ayudara\/"]}]},{"@type":"ImageObject","inLanguage":"es","@id":"https:\/\/orato.world\/es\/2023\/03\/24\/comunidad-indigena-acampa-cerca-de-la-oficina-presidencial-durante-dos-anos-seguidos-quien-nos-ayudara\/#primaryimage","url":"https:\/\/orato.world\/wp-content\/uploads\/DSCN0914.jpg","contentUrl":"https:\/\/orato.world\/wp-content\/uploads\/DSCN0914.jpg","width":1280,"height":960,"caption":"The indigenous people of La Primavera have camped in front of the Presidential office in Buenos Aires for two years straight | Photo courtesy of"},{"@type":"BreadcrumbList","@id":"https:\/\/orato.world\/es\/2023\/03\/24\/comunidad-indigena-acampa-cerca-de-la-oficina-presidencial-durante-dos-anos-seguidos-quien-nos-ayudara\/#breadcrumb","itemListElement":[{"@type":"ListItem","position":1,"name":"Home","item":"https:\/\/orato.world\/es\/"},{"@type":"ListItem","position":2,"name":"Comunidad ind\u00edgena acampa cerca de la oficina presidencial durante dos a\u00f1os seguidos: \u00bfQui\u00e9n nos ayudar\u00e1?"}]},{"@type":"WebSite","@id":"https:\/\/orato.world\/es\/#website","url":"https:\/\/orato.world\/es\/","name":"Orato","description":"True Stories. Real People","publisher":{"@id":"https:\/\/orato.world\/es\/#organization"},"potentialAction":[{"@type":"SearchAction","target":{"@type":"EntryPoint","urlTemplate":"https:\/\/orato.world\/es\/?s={search_term_string}"},"query-input":{"@type":"PropertyValueSpecification","valueRequired":true,"valueName":"search_term_string"}}],"inLanguage":"es"},{"@type":"Organization","@id":"https:\/\/orato.world\/es\/#organization","name":"Orato World Media Inc.","url":"https:\/\/orato.world\/es\/","logo":{"@type":"ImageObject","inLanguage":"es","@id":"https:\/\/orato.world\/es\/#\/schema\/logo\/image\/","url":"https:\/\/orato.world\/wp-content\/uploads\/2020\/07\/orato-logo-transparent.png","contentUrl":"https:\/\/orato.world\/wp-content\/uploads\/2020\/07\/orato-logo-transparent.png","width":78,"height":73,"caption":"Orato World Media Inc."},"image":{"@id":"https:\/\/orato.world\/es\/#\/schema\/logo\/image\/"},"sameAs":["https:\/\/www.facebook.com\/OratoWorld\/","https:\/\/x.com\/oratoworld","https:\/\/www.instagram.com\/oratoworld","https:\/\/www.linkedin.com\/company\/42308818\/"]},{"@type":"Person","@id":"https:\/\/orato.world\/es\/#\/schema\/person\/0b5c33ecb83996ff7cecd8f6efcd765d","name":"Grisel Gonz\u00e1lez","image":{"@type":"ImageObject","inLanguage":"es","@id":"https:\/\/secure.gravatar.com\/avatar\/f3a120be0d754c835113f4f6782513b2b414630485b229c5f119ff6e13a5ccc5?s=96&d=mm&r=g","url":"https:\/\/secure.gravatar.com\/avatar\/f3a120be0d754c835113f4f6782513b2b414630485b229c5f119ff6e13a5ccc5?s=96&d=mm&r=g","contentUrl":"https:\/\/secure.gravatar.com\/avatar\/f3a120be0d754c835113f4f6782513b2b414630485b229c5f119ff6e13a5ccc5?s=96&d=mm&r=g","caption":"Grisel Gonz\u00e1lez"},"sameAs":["https:\/\/www.instagram.com\/griselmar1\/","https:\/\/www.linkedin.com\/in\/grisel-gonzlez-638233236\/","https:\/\/x.com\/grisel_mar1"],"url":"https:\/\/orato.world\/es\/author\/grisel-gonzalez\/"}]}},"modified_by":"Stephen","uagb_featured_image_src":{"full":["https:\/\/orato.world\/wp-content\/uploads\/DSCN0914.jpg",1280,960,false],"thumbnail":["https:\/\/orato.world\/wp-content\/uploads\/DSCN0914-100x100.jpg",100,100,true],"medium":["https:\/\/orato.world\/wp-content\/uploads\/DSCN0914-300x225.jpg",300,225,true],"medium_large":["https:\/\/orato.world\/wp-content\/uploads\/DSCN0914-770x578.jpg",640,480,true],"large":["https:\/\/orato.world\/wp-content\/uploads\/DSCN0914-1024x768.jpg",640,480,true],"1536x1536":["https:\/\/orato.world\/wp-content\/uploads\/DSCN0914.jpg",1280,960,false],"2048x2048":["https:\/\/orato.world\/wp-content\/uploads\/DSCN0914.jpg",1280,960,false],"gallery-size":["https:\/\/orato.world\/wp-content\/uploads\/DSCN0914-533x400.jpg",533,400,true],"lets-review-360-240":["https:\/\/orato.world\/wp-content\/uploads\/DSCN0914-360x240.jpg",360,240,true],"gform-image-choice-sm":["https:\/\/orato.world\/wp-content\/uploads\/DSCN0914.jpg",300,225,false],"gform-image-choice-md":["https:\/\/orato.world\/wp-content\/uploads\/DSCN0914.jpg",400,300,false],"gform-image-choice-lg":["https:\/\/orato.world\/wp-content\/uploads\/DSCN0914.jpg",600,450,false],"awsm_team":["https:\/\/orato.world\/wp-content\/uploads\/DSCN0914-500x500.jpg",500,500,true]},"uagb_author_info":{"display_name":"Grisel Gonz\u00e1lez","author_link":"https:\/\/orato.world\/es\/author\/grisel-gonzalez\/"},"uagb_comment_info":0,"uagb_excerpt":"Acampados frente a la Plaza de Mayo de Buenos Aires, mi gente se limita a sobrevivir. Es como estar en el desierto. Vendemos artesan\u00edas para vivir, pero la comida sigue escaseando. El dolor me invade, sabiendo que tantos sectores que podr\u00edan ayudar nos ignoran.","_links":{"self":[{"href":"https:\/\/orato.world\/es\/wp-json\/wp\/v2\/posts\/71235","targetHints":{"allow":["GET"]}}],"collection":[{"href":"https:\/\/orato.world\/es\/wp-json\/wp\/v2\/posts"}],"about":[{"href":"https:\/\/orato.world\/es\/wp-json\/wp\/v2\/types\/post"}],"author":[{"embeddable":true,"href":"https:\/\/orato.world\/es\/wp-json\/wp\/v2\/users\/181"}],"replies":[{"embeddable":true,"href":"https:\/\/orato.world\/es\/wp-json\/wp\/v2\/comments?post=71235"}],"version-history":[{"count":0,"href":"https:\/\/orato.world\/es\/wp-json\/wp\/v2\/posts\/71235\/revisions"}],"wp:featuredmedia":[{"embeddable":true,"href":"https:\/\/orato.world\/es\/wp-json\/wp\/v2\/media\/71122"}],"wp:attachment":[{"href":"https:\/\/orato.world\/es\/wp-json\/wp\/v2\/media?parent=71235"}],"wp:term":[{"taxonomy":"category","embeddable":true,"href":"https:\/\/orato.world\/es\/wp-json\/wp\/v2\/categories?post=71235"},{"taxonomy":"post_tag","embeddable":true,"href":"https:\/\/orato.world\/es\/wp-json\/wp\/v2\/tags?post=71235"}],"curies":[{"name":"wp","href":"https:\/\/api.w.org\/{rel}","templated":true}]}}