{"id":71257,"date":"2023-03-24T07:06:11","date_gmt":"2023-03-24T14:06:11","guid":{"rendered":"https:\/\/orato.world\/2023\/03\/24\/miles-de-ciclistas-hacen-campana-para-salvar-el-medio-ambiente-con-motivo-del-mes-de-la-mujer\/"},"modified":"2023-03-27T04:30:41","modified_gmt":"2023-03-27T11:30:41","slug":"miles-de-ciclistas-hacen-campana-para-salvar-el-medio-ambiente-con-motivo-del-mes-de-la-mujer","status":"publish","type":"post","link":"https:\/\/orato.world\/es\/2023\/03\/24\/miles-de-ciclistas-hacen-campana-para-salvar-el-medio-ambiente-con-motivo-del-mes-de-la-mujer\/","title":{"rendered":"Miles de ciclistas hacen campa\u00f1a para salvar el medio ambiente con motivo del Mes de la Mujer"},"content":{"rendered":"\n<p>CIUDAD DE QUEZON, Filipinas &#8211; En honor al Mes de la Mujer, un grupo de mil ciclistas femeninas se unieron a un marat\u00f3n ciclista el 12 de marzo de 2023 para concienciar sobre el cambio clim\u00e1tico y ayudar a salvar el medio ambiente de los combustibles f\u00f3siles. <\/p>\n\n<p>Miles de personas participan en la campa\u00f1a anual <a href=\"https:\/\/world.350.org\/philippines\/pedal-for-people-planet\/\">Pedalea por la Gente y el Planeta,<\/a> celebrada en seis pa\u00edses diferentes de Asia. Los ciclistas salieron a la calle en India, Indonesia, Pakist\u00e1n, Nepal, Vietnam y Filipinas. Adem\u00e1s de abordar cuestiones relacionadas con el clima, el evento pone de relieve la importancia de las mujeres en la lucha por el medio ambiente.<\/p>\n\n<h2 class=\"wp-block-heading\" id=\"h-cycling-for-the-future\"><h2>Ciclismo para el futuro<\/h2><\/h2>\n\n<p>Este es el sexto evento que se celebra desde 2021. El m\u00e1s reciente tuvo lugar en noviembre de 2022, con motivo de la inauguraci\u00f3n de la cumbre sobre el clima <a href=\"https:\/\/www.unep.org\/events\/conference\/un-climate-change-conference-unfccc-cop-27#:~:text=In%20November%202022%2C%20Egypt%20will,the%20way%20for%20future%20ambition.\">COP27 en Egipto<\/a>. Los entusiastas del ciclismo y muchas otras personas se unieron a los defensores del clima en 49 eventos ciclistas coordinados en estos nueve pa\u00edses.<\/p>\n\n<p><strong><em><a href=\"https:\/\/orato.world\/?s=women\">Lee m\u00e1s historias sobre mujeres inspiradoras en Orato World Media<\/a><\/em><\/strong><\/p>\n\n<p>Durante d\u00e9cadas, el cambio clim\u00e1tico supuso una amenaza directa para los sistemas alimentarios de muchas partes del mundo. Problemas como la sequ\u00eda, las olas de calor o las inundaciones que destruyen cultivos y medios de vida son consecuencias directas del calentamiento global. En estos pa\u00edses en concreto, las mujeres son las que m\u00e1s sufren estos efectos porque proporcionan alimentos a su familia y dependen de los recursos naturales para vivir. Los participantes instan a las autoridades a actuar ya para lograr un cambio duradero. <a href=\"https:\/\/www.unwomen.org\/en\/news\/in-focus\/commission-on-the-status-of-women-2012\/facts-and-figures#:~:text=Gender%20inequality%20is%20a%20major,people%20are%20women%20and%20girls.\">Estimamos que el 60% de las personas que padecen hambre cr\u00f3nica son mujeres y ni\u00f1as.<\/a> En las comunidades m\u00e1s pobres del mundo, millones de personas sufren la contaminaci\u00f3n del aire en sus hogares debido a la falta de acceso a energ\u00eda limpia para cocinar. Esto provoca muertes prematuras de las que la gran mayor\u00eda son mujeres<\/p>\n","protected":false},"excerpt":{"rendered":"<p>Durante d\u00e9cadas, el cambio clim\u00e1tico supuso una amenaza directa para los sistemas alimentarios de muchas partes del mundo. Problemas como la sequ\u00eda, las olas de calor o las inundaciones que destruyen cultivos y medios de vida son consecuencias directas del calentamiento global. <\/p>\n","protected":false},"author":160,"featured_media":71173,"comment_status":"open","ping_status":"open","sticky":false,"template":"","format":"standard","meta":{"_acf_changed":false,"_uag_custom_page_level_css":"","_lmt_disableupdate":"","_lmt_disable":"","footnotes":""},"categories":[334,319,188,261],"tags":[3498,3637,4575,882,1295,866,2586,3849,1830],"class_list":["post-71257","post","type-post","status-publish","format-standard","has-post-thumbnail","hentry","category-deportes","category-medio-ambiente","category-salud","category-sexo-y-genero","tag-asia-es","tag-asia-russia-es","tag-calentamiento-global","tag-cambio-climatico","tag-ciclismo","tag-derechos-de-la-mujer","tag-dia-internacional-de-la-mujer","tag-mujeres-en-el-deporte","tag-womens-health-es"],"acf":[],"yoast_head":"<!-- This site is optimized with the Yoast SEO Premium plugin v27.5 (Yoast SEO v27.5) - https:\/\/yoast.com\/product\/yoast-seo-premium-wordpress\/ -->\n<title>Miles de ciclistas hacen campa\u00f1a para salvar el medio ambiente<\/title>\n<meta name=\"description\" content=\"En honor al Mes de la Mujer, un grupo de mil ciclistas femeninas se unen al marat\u00f3n ciclista por el cambio clim\u00e1tico el 12 de marzo de 2023.\" \/>\n<meta name=\"robots\" content=\"index, follow, max-snippet:-1, max-image-preview:large, max-video-preview:-1\" \/>\n<link rel=\"canonical\" href=\"https:\/\/orato.world\/es\/2023\/03\/24\/miles-de-ciclistas-hacen-campana-para-salvar-el-medio-ambiente-con-motivo-del-mes-de-la-mujer\/\" \/>\n<meta property=\"og:locale\" content=\"es_ES\" \/>\n<meta property=\"og:type\" content=\"article\" \/>\n<meta property=\"og:title\" content=\"Miles de ciclistas hacen campa\u00f1a para salvar el medio ambiente con motivo del Mes de la Mujer\" \/>\n<meta property=\"og:description\" content=\"En honor al Mes de la Mujer, un grupo de mil ciclistas femeninas se unen al marat\u00f3n ciclista por el cambio clim\u00e1tico el 12 de marzo de 2023.\" \/>\n<meta property=\"og:url\" content=\"https:\/\/orato.world\/es\/2023\/03\/24\/miles-de-ciclistas-hacen-campana-para-salvar-el-medio-ambiente-con-motivo-del-mes-de-la-mujer\/\" \/>\n<meta property=\"og:site_name\" content=\"Orato\" \/>\n<meta property=\"article:publisher\" content=\"https:\/\/www.facebook.com\/OratoWorld\/\" \/>\n<meta property=\"article:published_time\" content=\"2023-03-24T14:06:11+00:00\" \/>\n<meta property=\"article:modified_time\" content=\"2023-03-27T11:30:41+00:00\" \/>\n<meta property=\"og:image\" content=\"https:\/\/orato.world\/wp-content\/uploads\/feature-6.jpg\" \/>\n\t<meta property=\"og:image:width\" content=\"1280\" \/>\n\t<meta property=\"og:image:height\" content=\"960\" \/>\n\t<meta property=\"og:image:type\" content=\"image\/jpeg\" \/>\n<meta name=\"author\" content=\"George Buid\" \/>\n<meta name=\"twitter:card\" content=\"summary_large_image\" \/>\n<meta name=\"twitter:creator\" content=\"@oratoworld\" \/>\n<meta name=\"twitter:site\" content=\"@oratoworld\" \/>\n<meta name=\"twitter:label1\" content=\"Escrito por\" \/>\n\t<meta name=\"twitter:data1\" content=\"George Buid\" \/>\n\t<meta name=\"twitter:label2\" content=\"Tiempo de lectura\" \/>\n\t<meta name=\"twitter:data2\" content=\"2 minutos\" \/>\n<script type=\"application\/ld+json\" class=\"yoast-schema-graph\">{\"@context\":\"https:\\\/\\\/schema.org\",\"@graph\":[{\"@type\":\"NewsArticle\",\"@id\":\"https:\\\/\\\/orato.world\\\/es\\\/2023\\\/03\\\/24\\\/miles-de-ciclistas-hacen-campana-para-salvar-el-medio-ambiente-con-motivo-del-mes-de-la-mujer\\\/#article\",\"isPartOf\":{\"@id\":\"https:\\\/\\\/orato.world\\\/es\\\/2023\\\/03\\\/24\\\/miles-de-ciclistas-hacen-campana-para-salvar-el-medio-ambiente-con-motivo-del-mes-de-la-mujer\\\/\"},\"author\":{\"name\":\"George Buid\",\"@id\":\"https:\\\/\\\/orato.world\\\/es\\\/#\\\/schema\\\/person\\\/40b07d5df5b02c724e4aada4945fdc1f\"},\"headline\":\"Miles de ciclistas hacen campa\u00f1a para salvar el medio ambiente con motivo del Mes de la Mujer\",\"datePublished\":\"2023-03-24T14:06:11+00:00\",\"dateModified\":\"2023-03-27T11:30:41+00:00\",\"mainEntityOfPage\":{\"@id\":\"https:\\\/\\\/orato.world\\\/es\\\/2023\\\/03\\\/24\\\/miles-de-ciclistas-hacen-campana-para-salvar-el-medio-ambiente-con-motivo-del-mes-de-la-mujer\\\/\"},\"wordCount\":353,\"commentCount\":0,\"publisher\":{\"@id\":\"https:\\\/\\\/orato.world\\\/es\\\/#organization\"},\"image\":{\"@id\":\"https:\\\/\\\/orato.world\\\/es\\\/2023\\\/03\\\/24\\\/miles-de-ciclistas-hacen-campana-para-salvar-el-medio-ambiente-con-motivo-del-mes-de-la-mujer\\\/#primaryimage\"},\"thumbnailUrl\":\"https:\\\/\\\/orato.world\\\/wp-content\\\/uploads\\\/feature-6.jpg\",\"keywords\":[\"Asia\",\"Asia &amp; Russia\",\"calentamiento global\",\"cambio clim\u00e1tico\",\"Ciclismo\",\"Derechos de la mujer\",\"D\u00eda Internacional de la Mujer\",\"Mujeres en el deporte\",\"women&#039;s health\"],\"articleSection\":[\"Deportes\",\"Medio ambiente\",\"Salud\",\"Sexo y g\u00e9nero\"],\"inLanguage\":\"es\",\"potentialAction\":[{\"@type\":\"CommentAction\",\"name\":\"Comment\",\"target\":[\"https:\\\/\\\/orato.world\\\/es\\\/2023\\\/03\\\/24\\\/miles-de-ciclistas-hacen-campana-para-salvar-el-medio-ambiente-con-motivo-del-mes-de-la-mujer\\\/#respond\"]}]},{\"@type\":\"WebPage\",\"@id\":\"https:\\\/\\\/orato.world\\\/es\\\/2023\\\/03\\\/24\\\/miles-de-ciclistas-hacen-campana-para-salvar-el-medio-ambiente-con-motivo-del-mes-de-la-mujer\\\/\",\"url\":\"https:\\\/\\\/orato.world\\\/es\\\/2023\\\/03\\\/24\\\/miles-de-ciclistas-hacen-campana-para-salvar-el-medio-ambiente-con-motivo-del-mes-de-la-mujer\\\/\",\"name\":\"Miles de ciclistas hacen campa\u00f1a para salvar el medio ambiente\",\"isPartOf\":{\"@id\":\"https:\\\/\\\/orato.world\\\/es\\\/#website\"},\"primaryImageOfPage\":{\"@id\":\"https:\\\/\\\/orato.world\\\/es\\\/2023\\\/03\\\/24\\\/miles-de-ciclistas-hacen-campana-para-salvar-el-medio-ambiente-con-motivo-del-mes-de-la-mujer\\\/#primaryimage\"},\"image\":{\"@id\":\"https:\\\/\\\/orato.world\\\/es\\\/2023\\\/03\\\/24\\\/miles-de-ciclistas-hacen-campana-para-salvar-el-medio-ambiente-con-motivo-del-mes-de-la-mujer\\\/#primaryimage\"},\"thumbnailUrl\":\"https:\\\/\\\/orato.world\\\/wp-content\\\/uploads\\\/feature-6.jpg\",\"datePublished\":\"2023-03-24T14:06:11+00:00\",\"dateModified\":\"2023-03-27T11:30:41+00:00\",\"description\":\"En honor al Mes de la Mujer, un grupo de mil ciclistas femeninas se unen al marat\u00f3n ciclista por el cambio clim\u00e1tico el 12 de marzo de 2023.\",\"breadcrumb\":{\"@id\":\"https:\\\/\\\/orato.world\\\/es\\\/2023\\\/03\\\/24\\\/miles-de-ciclistas-hacen-campana-para-salvar-el-medio-ambiente-con-motivo-del-mes-de-la-mujer\\\/#breadcrumb\"},\"inLanguage\":\"es\",\"potentialAction\":[{\"@type\":\"ReadAction\",\"target\":[\"https:\\\/\\\/orato.world\\\/es\\\/2023\\\/03\\\/24\\\/miles-de-ciclistas-hacen-campana-para-salvar-el-medio-ambiente-con-motivo-del-mes-de-la-mujer\\\/\"]}]},{\"@type\":\"ImageObject\",\"inLanguage\":\"es\",\"@id\":\"https:\\\/\\\/orato.world\\\/es\\\/2023\\\/03\\\/24\\\/miles-de-ciclistas-hacen-campana-para-salvar-el-medio-ambiente-con-motivo-del-mes-de-la-mujer\\\/#primaryimage\",\"url\":\"https:\\\/\\\/orato.world\\\/wp-content\\\/uploads\\\/feature-6.jpg\",\"contentUrl\":\"https:\\\/\\\/orato.world\\\/wp-content\\\/uploads\\\/feature-6.jpg\",\"width\":1280,\"height\":960,\"caption\":\"Women raise their fist after completing the 16km route of bicycle action for climate justice. Female cyclists took the roads of Quezon City to campaign for the planet and save the environment against use of fossil fuel in the annual marathon event. | Photo courtesy of George Buid\"},{\"@type\":\"BreadcrumbList\",\"@id\":\"https:\\\/\\\/orato.world\\\/es\\\/2023\\\/03\\\/24\\\/miles-de-ciclistas-hacen-campana-para-salvar-el-medio-ambiente-con-motivo-del-mes-de-la-mujer\\\/#breadcrumb\",\"itemListElement\":[{\"@type\":\"ListItem\",\"position\":1,\"name\":\"Home\",\"item\":\"https:\\\/\\\/orato.world\\\/es\\\/\"},{\"@type\":\"ListItem\",\"position\":2,\"name\":\"Miles de ciclistas hacen campa\u00f1a para salvar el medio ambiente con motivo del Mes de la Mujer\"}]},{\"@type\":\"WebSite\",\"@id\":\"https:\\\/\\\/orato.world\\\/es\\\/#website\",\"url\":\"https:\\\/\\\/orato.world\\\/es\\\/\",\"name\":\"Orato\",\"description\":\"True Stories. Real People\",\"publisher\":{\"@id\":\"https:\\\/\\\/orato.world\\\/es\\\/#organization\"},\"potentialAction\":[{\"@type\":\"SearchAction\",\"target\":{\"@type\":\"EntryPoint\",\"urlTemplate\":\"https:\\\/\\\/orato.world\\\/es\\\/?s={search_term_string}\"},\"query-input\":{\"@type\":\"PropertyValueSpecification\",\"valueRequired\":true,\"valueName\":\"search_term_string\"}}],\"inLanguage\":\"es\"},{\"@type\":\"Organization\",\"@id\":\"https:\\\/\\\/orato.world\\\/es\\\/#organization\",\"name\":\"Orato World Media Inc.\",\"url\":\"https:\\\/\\\/orato.world\\\/es\\\/\",\"logo\":{\"@type\":\"ImageObject\",\"inLanguage\":\"es\",\"@id\":\"https:\\\/\\\/orato.world\\\/es\\\/#\\\/schema\\\/logo\\\/image\\\/\",\"url\":\"https:\\\/\\\/orato.world\\\/wp-content\\\/uploads\\\/2020\\\/07\\\/orato-logo-transparent.png\",\"contentUrl\":\"https:\\\/\\\/orato.world\\\/wp-content\\\/uploads\\\/2020\\\/07\\\/orato-logo-transparent.png\",\"width\":78,\"height\":73,\"caption\":\"Orato World Media Inc.\"},\"image\":{\"@id\":\"https:\\\/\\\/orato.world\\\/es\\\/#\\\/schema\\\/logo\\\/image\\\/\"},\"sameAs\":[\"https:\\\/\\\/www.facebook.com\\\/OratoWorld\\\/\",\"https:\\\/\\\/x.com\\\/oratoworld\",\"https:\\\/\\\/www.instagram.com\\\/oratoworld\",\"https:\\\/\\\/www.linkedin.com\\\/company\\\/42308818\\\/\"]},{\"@type\":\"Person\",\"@id\":\"https:\\\/\\\/orato.world\\\/es\\\/#\\\/schema\\\/person\\\/40b07d5df5b02c724e4aada4945fdc1f\",\"name\":\"George Buid\",\"image\":{\"@type\":\"ImageObject\",\"inLanguage\":\"es\",\"@id\":\"https:\\\/\\\/secure.gravatar.com\\\/avatar\\\/fb1c85cf02ba3e4ff371505a43c7dfe6020f4644068d9978975746c391484d06?s=96&d=mm&r=g\",\"url\":\"https:\\\/\\\/secure.gravatar.com\\\/avatar\\\/fb1c85cf02ba3e4ff371505a43c7dfe6020f4644068d9978975746c391484d06?s=96&d=mm&r=g\",\"contentUrl\":\"https:\\\/\\\/secure.gravatar.com\\\/avatar\\\/fb1c85cf02ba3e4ff371505a43c7dfe6020f4644068d9978975746c391484d06?s=96&d=mm&r=g\",\"caption\":\"George Buid\"},\"description\":\"George Buid is an independent photographer and journalist based in Metro Manila, Philippines. His work has been published in Stern Crime, Transcontinental Times, InterAksyon, and Deutsche Welle news. He also contributes to the news wire Zuma Press. In addition to writing journalism, George is a self-taught photographer who started his photojournalism career and visual documentary storytelling in 2014. He focuses on capturing stories of everyday individuals, communities, and culture. Occassionally, he also covers science, history, sports, politics, art, and human interest.\",\"url\":\"https:\\\/\\\/orato.world\\\/es\\\/author\\\/george-buid\\\/\"}]}<\/script>\n<!-- \/ Yoast SEO Premium plugin. -->","yoast_head_json":{"title":"Miles de ciclistas hacen campa\u00f1a para salvar el medio ambiente","description":"En honor al Mes de la Mujer, un grupo de mil ciclistas femeninas se unen al marat\u00f3n ciclista por el cambio clim\u00e1tico el 12 de marzo de 2023.","robots":{"index":"index","follow":"follow","max-snippet":"max-snippet:-1","max-image-preview":"max-image-preview:large","max-video-preview":"max-video-preview:-1"},"canonical":"https:\/\/orato.world\/es\/2023\/03\/24\/miles-de-ciclistas-hacen-campana-para-salvar-el-medio-ambiente-con-motivo-del-mes-de-la-mujer\/","og_locale":"es_ES","og_type":"article","og_title":"Miles de ciclistas hacen campa\u00f1a para salvar el medio ambiente con motivo del Mes de la Mujer","og_description":"En honor al Mes de la Mujer, un grupo de mil ciclistas femeninas se unen al marat\u00f3n ciclista por el cambio clim\u00e1tico el 12 de marzo de 2023.","og_url":"https:\/\/orato.world\/es\/2023\/03\/24\/miles-de-ciclistas-hacen-campana-para-salvar-el-medio-ambiente-con-motivo-del-mes-de-la-mujer\/","og_site_name":"Orato","article_publisher":"https:\/\/www.facebook.com\/OratoWorld\/","article_published_time":"2023-03-24T14:06:11+00:00","article_modified_time":"2023-03-27T11:30:41+00:00","og_image":[{"width":1280,"height":960,"url":"https:\/\/orato.world\/wp-content\/uploads\/feature-6.jpg","type":"image\/jpeg"}],"author":"George Buid","twitter_card":"summary_large_image","twitter_creator":"@oratoworld","twitter_site":"@oratoworld","twitter_misc":{"Escrito por":"George Buid","Tiempo de lectura":"2 minutos"},"schema":{"@context":"https:\/\/schema.org","@graph":[{"@type":"NewsArticle","@id":"https:\/\/orato.world\/es\/2023\/03\/24\/miles-de-ciclistas-hacen-campana-para-salvar-el-medio-ambiente-con-motivo-del-mes-de-la-mujer\/#article","isPartOf":{"@id":"https:\/\/orato.world\/es\/2023\/03\/24\/miles-de-ciclistas-hacen-campana-para-salvar-el-medio-ambiente-con-motivo-del-mes-de-la-mujer\/"},"author":{"name":"George Buid","@id":"https:\/\/orato.world\/es\/#\/schema\/person\/40b07d5df5b02c724e4aada4945fdc1f"},"headline":"Miles de ciclistas hacen campa\u00f1a para salvar el medio ambiente con motivo del Mes de la Mujer","datePublished":"2023-03-24T14:06:11+00:00","dateModified":"2023-03-27T11:30:41+00:00","mainEntityOfPage":{"@id":"https:\/\/orato.world\/es\/2023\/03\/24\/miles-de-ciclistas-hacen-campana-para-salvar-el-medio-ambiente-con-motivo-del-mes-de-la-mujer\/"},"wordCount":353,"commentCount":0,"publisher":{"@id":"https:\/\/orato.world\/es\/#organization"},"image":{"@id":"https:\/\/orato.world\/es\/2023\/03\/24\/miles-de-ciclistas-hacen-campana-para-salvar-el-medio-ambiente-con-motivo-del-mes-de-la-mujer\/#primaryimage"},"thumbnailUrl":"https:\/\/orato.world\/wp-content\/uploads\/feature-6.jpg","keywords":["Asia","Asia &amp; Russia","calentamiento global","cambio clim\u00e1tico","Ciclismo","Derechos de la mujer","D\u00eda Internacional de la Mujer","Mujeres en el deporte","women&#039;s health"],"articleSection":["Deportes","Medio ambiente","Salud","Sexo y g\u00e9nero"],"inLanguage":"es","potentialAction":[{"@type":"CommentAction","name":"Comment","target":["https:\/\/orato.world\/es\/2023\/03\/24\/miles-de-ciclistas-hacen-campana-para-salvar-el-medio-ambiente-con-motivo-del-mes-de-la-mujer\/#respond"]}]},{"@type":"WebPage","@id":"https:\/\/orato.world\/es\/2023\/03\/24\/miles-de-ciclistas-hacen-campana-para-salvar-el-medio-ambiente-con-motivo-del-mes-de-la-mujer\/","url":"https:\/\/orato.world\/es\/2023\/03\/24\/miles-de-ciclistas-hacen-campana-para-salvar-el-medio-ambiente-con-motivo-del-mes-de-la-mujer\/","name":"Miles de ciclistas hacen campa\u00f1a para salvar el medio ambiente","isPartOf":{"@id":"https:\/\/orato.world\/es\/#website"},"primaryImageOfPage":{"@id":"https:\/\/orato.world\/es\/2023\/03\/24\/miles-de-ciclistas-hacen-campana-para-salvar-el-medio-ambiente-con-motivo-del-mes-de-la-mujer\/#primaryimage"},"image":{"@id":"https:\/\/orato.world\/es\/2023\/03\/24\/miles-de-ciclistas-hacen-campana-para-salvar-el-medio-ambiente-con-motivo-del-mes-de-la-mujer\/#primaryimage"},"thumbnailUrl":"https:\/\/orato.world\/wp-content\/uploads\/feature-6.jpg","datePublished":"2023-03-24T14:06:11+00:00","dateModified":"2023-03-27T11:30:41+00:00","description":"En honor al Mes de la Mujer, un grupo de mil ciclistas femeninas se unen al marat\u00f3n ciclista por el cambio clim\u00e1tico el 12 de marzo de 2023.","breadcrumb":{"@id":"https:\/\/orato.world\/es\/2023\/03\/24\/miles-de-ciclistas-hacen-campana-para-salvar-el-medio-ambiente-con-motivo-del-mes-de-la-mujer\/#breadcrumb"},"inLanguage":"es","potentialAction":[{"@type":"ReadAction","target":["https:\/\/orato.world\/es\/2023\/03\/24\/miles-de-ciclistas-hacen-campana-para-salvar-el-medio-ambiente-con-motivo-del-mes-de-la-mujer\/"]}]},{"@type":"ImageObject","inLanguage":"es","@id":"https:\/\/orato.world\/es\/2023\/03\/24\/miles-de-ciclistas-hacen-campana-para-salvar-el-medio-ambiente-con-motivo-del-mes-de-la-mujer\/#primaryimage","url":"https:\/\/orato.world\/wp-content\/uploads\/feature-6.jpg","contentUrl":"https:\/\/orato.world\/wp-content\/uploads\/feature-6.jpg","width":1280,"height":960,"caption":"Women raise their fist after completing the 16km route of bicycle action for climate justice. Female cyclists took the roads of Quezon City to campaign for the planet and save the environment against use of fossil fuel in the annual marathon event. | Photo courtesy of George Buid"},{"@type":"BreadcrumbList","@id":"https:\/\/orato.world\/es\/2023\/03\/24\/miles-de-ciclistas-hacen-campana-para-salvar-el-medio-ambiente-con-motivo-del-mes-de-la-mujer\/#breadcrumb","itemListElement":[{"@type":"ListItem","position":1,"name":"Home","item":"https:\/\/orato.world\/es\/"},{"@type":"ListItem","position":2,"name":"Miles de ciclistas hacen campa\u00f1a para salvar el medio ambiente con motivo del Mes de la Mujer"}]},{"@type":"WebSite","@id":"https:\/\/orato.world\/es\/#website","url":"https:\/\/orato.world\/es\/","name":"Orato","description":"True Stories. Real People","publisher":{"@id":"https:\/\/orato.world\/es\/#organization"},"potentialAction":[{"@type":"SearchAction","target":{"@type":"EntryPoint","urlTemplate":"https:\/\/orato.world\/es\/?s={search_term_string}"},"query-input":{"@type":"PropertyValueSpecification","valueRequired":true,"valueName":"search_term_string"}}],"inLanguage":"es"},{"@type":"Organization","@id":"https:\/\/orato.world\/es\/#organization","name":"Orato World Media Inc.","url":"https:\/\/orato.world\/es\/","logo":{"@type":"ImageObject","inLanguage":"es","@id":"https:\/\/orato.world\/es\/#\/schema\/logo\/image\/","url":"https:\/\/orato.world\/wp-content\/uploads\/2020\/07\/orato-logo-transparent.png","contentUrl":"https:\/\/orato.world\/wp-content\/uploads\/2020\/07\/orato-logo-transparent.png","width":78,"height":73,"caption":"Orato World Media Inc."},"image":{"@id":"https:\/\/orato.world\/es\/#\/schema\/logo\/image\/"},"sameAs":["https:\/\/www.facebook.com\/OratoWorld\/","https:\/\/x.com\/oratoworld","https:\/\/www.instagram.com\/oratoworld","https:\/\/www.linkedin.com\/company\/42308818\/"]},{"@type":"Person","@id":"https:\/\/orato.world\/es\/#\/schema\/person\/40b07d5df5b02c724e4aada4945fdc1f","name":"George Buid","image":{"@type":"ImageObject","inLanguage":"es","@id":"https:\/\/secure.gravatar.com\/avatar\/fb1c85cf02ba3e4ff371505a43c7dfe6020f4644068d9978975746c391484d06?s=96&d=mm&r=g","url":"https:\/\/secure.gravatar.com\/avatar\/fb1c85cf02ba3e4ff371505a43c7dfe6020f4644068d9978975746c391484d06?s=96&d=mm&r=g","contentUrl":"https:\/\/secure.gravatar.com\/avatar\/fb1c85cf02ba3e4ff371505a43c7dfe6020f4644068d9978975746c391484d06?s=96&d=mm&r=g","caption":"George Buid"},"description":"George Buid is an independent photographer and journalist based in Metro Manila, Philippines. His work has been published in Stern Crime, Transcontinental Times, InterAksyon, and Deutsche Welle news. He also contributes to the news wire Zuma Press. In addition to writing journalism, George is a self-taught photographer who started his photojournalism career and visual documentary storytelling in 2014. He focuses on capturing stories of everyday individuals, communities, and culture. Occassionally, he also covers science, history, sports, politics, art, and human interest.","url":"https:\/\/orato.world\/es\/author\/george-buid\/"}]}},"modified_by":null,"uagb_featured_image_src":{"full":["https:\/\/orato.world\/wp-content\/uploads\/feature-6.jpg",1280,960,false],"thumbnail":["https:\/\/orato.world\/wp-content\/uploads\/feature-6-100x100.jpg",100,100,true],"medium":["https:\/\/orato.world\/wp-content\/uploads\/feature-6-300x225.jpg",300,225,true],"medium_large":["https:\/\/orato.world\/wp-content\/uploads\/feature-6-770x578.jpg",640,480,true],"large":["https:\/\/orato.world\/wp-content\/uploads\/feature-6-1024x768.jpg",640,480,true],"1536x1536":["https:\/\/orato.world\/wp-content\/uploads\/feature-6.jpg",1280,960,false],"2048x2048":["https:\/\/orato.world\/wp-content\/uploads\/feature-6.jpg",1280,960,false],"gallery-size":["https:\/\/orato.world\/wp-content\/uploads\/feature-6-533x400.jpg",533,400,true],"lets-review-360-240":["https:\/\/orato.world\/wp-content\/uploads\/feature-6-360x240.jpg",360,240,true],"gform-image-choice-sm":["https:\/\/orato.world\/wp-content\/uploads\/feature-6.jpg",300,225,false],"gform-image-choice-md":["https:\/\/orato.world\/wp-content\/uploads\/feature-6.jpg",400,300,false],"gform-image-choice-lg":["https:\/\/orato.world\/wp-content\/uploads\/feature-6.jpg",600,450,false],"awsm_team":["https:\/\/orato.world\/wp-content\/uploads\/feature-6-500x500.jpg",500,500,true]},"uagb_author_info":{"display_name":"George Buid","author_link":"https:\/\/orato.world\/es\/author\/george-buid\/"},"uagb_comment_info":0,"uagb_excerpt":"Durante d\u00e9cadas, el cambio clim\u00e1tico supuso una amenaza directa para los sistemas alimentarios de muchas partes del mundo. Problemas como la sequ\u00eda, las olas de calor o las inundaciones que destruyen cultivos y medios de vida son consecuencias directas del calentamiento global.","_links":{"self":[{"href":"https:\/\/orato.world\/es\/wp-json\/wp\/v2\/posts\/71257","targetHints":{"allow":["GET"]}}],"collection":[{"href":"https:\/\/orato.world\/es\/wp-json\/wp\/v2\/posts"}],"about":[{"href":"https:\/\/orato.world\/es\/wp-json\/wp\/v2\/types\/post"}],"author":[{"embeddable":true,"href":"https:\/\/orato.world\/es\/wp-json\/wp\/v2\/users\/160"}],"replies":[{"embeddable":true,"href":"https:\/\/orato.world\/es\/wp-json\/wp\/v2\/comments?post=71257"}],"version-history":[{"count":0,"href":"https:\/\/orato.world\/es\/wp-json\/wp\/v2\/posts\/71257\/revisions"}],"wp:featuredmedia":[{"embeddable":true,"href":"https:\/\/orato.world\/es\/wp-json\/wp\/v2\/media\/71173"}],"wp:attachment":[{"href":"https:\/\/orato.world\/es\/wp-json\/wp\/v2\/media?parent=71257"}],"wp:term":[{"taxonomy":"category","embeddable":true,"href":"https:\/\/orato.world\/es\/wp-json\/wp\/v2\/categories?post=71257"},{"taxonomy":"post_tag","embeddable":true,"href":"https:\/\/orato.world\/es\/wp-json\/wp\/v2\/tags?post=71257"}],"curies":[{"name":"wp","href":"https:\/\/api.w.org\/{rel}","templated":true}]}}