{"id":71420,"date":"2023-03-27T08:35:36","date_gmt":"2023-03-27T15:35:36","guid":{"rendered":"https:\/\/orato.world\/2023\/03\/27\/la-carta-de-un-hombre-escrita-durante-la-guerra-con-dos-decadas-de-antiguedad-descubierta-en-una-subasta-de-ebay\/"},"modified":"2023-03-29T12:51:46","modified_gmt":"2023-03-29T19:51:46","slug":"la-carta-de-un-hombre-escrita-durante-la-guerra-con-dos-decadas-de-antiguedad-descubierta-en-una-subasta-de-ebay","status":"publish","type":"post","link":"https:\/\/orato.world\/es\/2023\/03\/27\/la-carta-de-un-hombre-escrita-durante-la-guerra-con-dos-decadas-de-antiguedad-descubierta-en-una-subasta-de-ebay\/","title":{"rendered":"La carta de un hombre escrita durante la guerra, con dos d\u00e9cadas de antig\u00fcedad, descubierta en una subasta de eBay"},"content":{"rendered":"<div class=\"lets-info-up-wrap  lets-info-up--right lets-info-up--m-1 lets-info-up-skin-1 lets-info-up--side\">\t\t\t<div class=\"lets-info-up\">\r\n\t\t\t<div class=\"lets-info-up-fi\"><img loading=\"lazy\" decoding=\"async\" width=\"500\" height=\"500\" src=\"https:\/\/orato.world\/wp-content\/uploads\/subject-3-500x500.jpg\" class=\"attachment-lets-info-up-d1 size-lets-info-up-d1\" alt=\"\" srcset=\"https:\/\/orato.world\/wp-content\/uploads\/\/subject-3-500x500.jpg 500w, https:\/\/orato.world\/wp-content\/uploads\/\/subject-3-300x300.jpg 300w, https:\/\/orato.world\/wp-content\/uploads\/\/subject-3-100x100.jpg 100w, https:\/\/orato.world\/wp-content\/uploads\/\/subject-3-400x400.jpg 400w, https:\/\/orato.world\/wp-content\/uploads\/\/subject-3-150x150.jpg 150w, https:\/\/orato.world\/wp-content\/uploads\/\/subject-3-70x70.jpg 70w, https:\/\/orato.world\/wp-content\/uploads\/\/subject-3-293x293.jpg 293w, https:\/\/orato.world\/wp-content\/uploads\/\/subject-3.jpg 600w\" sizes=\"auto, (max-width: 500px) 100vw, 500px\" \/><\/div>\t\t\t<div class=\"lets-info-up-block-wrap\">\r\n\t\t\t\t<div class=\"lets-info-up-block lets-info-up-meta-block\"><div class=\"lets-info-up-meta-title lets-info-up-pretitle font-h\">PROTAGONISTA<\/div><div class=\"lets-info-up-meta-content lets-info-up-title font-b\"><a href=\"https:\/\/www.facebook.com\/oscar.bauchi\/\">Oscar \u00abPist\u00f3n\u00bb Bauchi <\/a>es un ex combatiente de la Guerra de las Malvinas. Fue soldado conscripto de la 63\u00aa promoci\u00f3n del 181\u00ba Batall\u00f3n de Comunicaciones del Ej\u00e9rcito, destinado a las Islas Malvinas durante el conflicto de 1982 con Gran Breta\u00f1a. Escribi\u00f3 cartas de extensi\u00f3n a su familia y amigos a lo largo de la guerra, pero no llegaron a su destino. Una de esas cartas fue descubierta recientemente en una subasta de eBay.<\/div><\/div><div class=\"lets-info-up-block lets-info-up-meta-block\"><div class=\"lets-info-up-meta-title lets-info-up-pretitle font-h\">CONTEXTO<\/div><div class=\"lets-info-up-meta-content lets-info-up-title font-b\">El 3 de enero de 1833, las Islas Malvinas fueron usurpadas por los brit\u00e1nicos, que expulsaron a las autoridades argentinas. Esta situaci\u00f3n dur\u00f3 hasta el 2 de abril de 1982, a\u00f1o en que comenz\u00f3 la Operaci\u00f3n Rosario, es decir, la recuperaci\u00f3n de las islas por fuerzas militares argentinas, dando lugar <a href=\"https:\/\/www.argentina.gob.ar\/ejercito\/malvinas\">al Conflicto de las Malvinas de 1982.<\/a> La bandera nacional onde\u00f3 hasta el 14 de junio de 1982 en las islas, momento en que volvieron a ser usurpadas por el Imperio Brit\u00e1nico.<\/div><\/div>\t\t\t<\/div>\r\n\t\t\t<\/div>\r\n\t\t<\/div>\r\n\t\t\n\n\n<p>BUENOS AIRES, Argentina &#8211; <a href=\"https:\/\/www.iwm.org.uk\/history\/a-short-history-of-the-falklands-conflict\">Combati en la Guerra de Malvinas de 1982<\/a> como soldado conscripto de la 63\u00aa promoci\u00f3n del Batallon 181 del Ejercito de Comunicaciones. En aquellos tiempos, lo \u00fanico que deseaba era volver con mis seres queridos. Escribirles cartas se convirti\u00f3 en la segunda mejor opci\u00f3n. Despu\u00e9s de la guerra, descubr\u00ed que muchas de mis cartas nunca llegaron a su destino. Estaba ansioso por conocer su paradero.<\/p>\n\n\n\n<p>Este a\u00f1o, recib\u00ed un mensaje muy particular en las redes sociales. Un hombre llamado Agust\u00edn V\u00e1zquez me preguntaba si hab\u00eda estado en la guerra e inclu\u00eda una foto. La reconoc\u00ed enseguida de una de mis cartas. <\/p>\n\n\n\n<p><em><strong><a href=\"https:\/\/orato.world\/?s=argentina\">Ver m\u00e1s historias de Argentina en Orato World Media<\/a><\/strong><\/em><\/p>\n\n\n\n<h2 class=\"wp-block-heading\" id=\"h-finding-a-lost-letter-from-the-war-41-years-later\"><h2>Hallazgo de una carta perdida de la guerra 41 a\u00f1os despu\u00e9s<\/h2><\/h2>\n\n\n\n<p>Por las ma\u00f1anas trabajo como auxiliar de educaci\u00f3n en un colegio de secundaria, y por las tardes en el negocio familiar con mi hijo. Mis d\u00edas son agotadores, pero me distraen de pensar en mi \u00e9poca de soldado. Intento no recordar demasiado. La guerra sigue siendo algo en lo que rara vez se quiere pensar. Sin embargo, a menudo pienso en las cartas que escrib\u00ed a familiares y amigos. Escribirlas me parec\u00eda la \u00fanica sensaci\u00f3n de normalidad en medio del caos. Nunca supe d\u00f3nde acabaron mis cartas y supuse que se hab\u00edan perdido para siempre.<\/p>\n\n\n\n<p>Un d\u00eda, me despert\u00e9 para desayunar y recib\u00ed un mensaje de un hombre que dec\u00eda tener una de mis cartas. Tras leer su mensaje, record\u00e9 el 19 de abril de 1982. Envi\u00e9 un aerograma a mi padre Ceferino. Le asegur\u00e9 que estaba bien a pesar de la guerra y le describ\u00ed algunos momentos.<\/p>\n\n\n\n<p>Al ver este mensaje, mi coraz\u00f3n empez\u00f3 a latir r\u00e1pidamente, como si hubiera visto un fantasma. Llam\u00e9 inmediatamente a mi familia para cont\u00e1rselo. La emoci\u00f3n me recorr\u00eda el cuerpo. Llegu\u00e9 al final del mensaje y dec\u00eda: \u00abTu carta ha sido subastada en eBay\u00bb. Se me encogi\u00f3 el coraz\u00f3n y se me llenaron los ojos de l\u00e1grimas. No pod\u00eda creer que una carta que envi\u00e9 hace casi 41 a\u00f1os nunca llegara a mis padres. M\u00e1s bien, un desconocido la compr\u00f3 en Internet. Me pareci\u00f3 una violaci\u00f3n de mi intimidad. Intentamos ponernos en contacto con el vendedor, pero s\u00f3lo conseguimos una foto de la carta. <\/p>\n\n\n\n<h2 class=\"wp-block-heading\"><h2>Buscando desesperadamente al extra\u00f1o que ahora la posee<\/h2><\/h2>\n\n\n\n<p>Mis padres leyeron por fin mis palabras despu\u00e9s de dos d\u00e9cadas. No pudieron contener la emoci\u00f3n. Les tra\u00eda tantos recuerdos, preocupaciones y gratitud. Nos sentamos en silencio, incapaces de pronunciar palabra. Cuando lo le\u00ed yo mismo, me di cuenta de algunos detalles. Lo escrib\u00ed apurado, sin puntuaci\u00f3n, en la trinchera. En ese momento, me invadieron sentimientos de entonces. Cuando escrib\u00ed esta carta, recuerdo que deseaba tan desesperadamente o\u00edr sus voces que ped\u00ed el n\u00famero de tel\u00e9fono de su vecino, porque entonces no ten\u00edamos tel\u00e9fono. La carta era corta, y mi urgencia parec\u00eda notable. <\/p>\n\n\n\n<div class=\"wp-block-uagb-image aligncenter uagb-block-dc4d6408 wp-block-uagb-image--layout-default wp-block-uagb-image--effect-static wp-block-uagb-image--align-center\"><figure class=\"wp-block-uagb-image__figure\"><img decoding=\"async\" srcset=\"https:\/\/orato.world\/wp-content\/uploads\/SSMWR7W6ZZAJLEIMR7RTKRMVQM-1024x576.jpg \" src=\"https:\/\/orato.world\/wp-content\/uploads\/SSMWR7W6ZZAJLEIMR7RTKRMVQM-1024x576.jpg\" alt=\"\" class=\"uag-image-71242\" width=\"\" height=\"\" title=\"\" loading=\"lazy\"\/><figcaption class=\"uagb-image-caption\">A picture of the letter Oscar wrote to his parents back in 1982, being auctioned on eBay. | <strong>Photo courtesy of Oscar Bauchi&#8217;s family<\/strong><\/figcaption><\/figure><\/div>\n\n\n\n<blockquote class=\"wp-block-quote is-layout-flow wp-block-quote-is-layout-flow\">\n<p><em>\u00abPap\u00e1, estoy bien. Esta es la tercera carta que te escribo. No necesito nada. No me env\u00edes ning\u00fan paquete porque no s\u00e9 si me llegar\u00e1. He recibido todas tus cartas, y como te escrib\u00ed antes en otras cartas, como bien, engord\u00e9 mucho, ac\u00e1 no pasa nada. Adem\u00e1s, no tenemos que estar aqu\u00ed porque somos clase 63, y est\u00e1 lleno de reincorporados clase 62. As\u00ed que no s\u00e9 cu\u00e1nto tiempo voy a estar ac\u00e1. Espero que est\u00e9n todos bien. No tengo m\u00e1s palabras. Manden saludos y agradecimientos al t\u00edo Gordo, a la t\u00eda Chiche y a los primos. Y a nuestra familia, especialmente a la abuela, y a Pirucha. A todos los del barrio, chau&#8230;\u00bb<\/em><\/p>\n<\/blockquote>\n\n\n\n<p>Lo firm\u00e9 Oscar Pist\u00f3n o &#8216;Pato&#8217;, mi apodo de chico. <\/p>\n\n\n\n<p>V\u00e1zquez, el hombre que me encontr\u00f3, se encontr\u00f3 con mi carta al azar mientras buscaba recuerdos de la guerra. Intentamos hacer una oferta, pero alguien ya la hab\u00eda comprado por 50 euros en Internet. Intentamos ponernos en contacto con la persona que la compr\u00f3, un coleccionista, pero fue en vano. Nadie nos respondi\u00f3. Me rompe el coraz\u00f3n saber que lo tiene otra persona. A\u00fan mantengo la esperanza de que alg\u00fan d\u00eda vuelva a m\u00ed.<\/p>\n","protected":false},"excerpt":{"rendered":"<p>Se me encogi\u00f3 el coraz\u00f3n y se me llenaron los ojos de l\u00e1grimas. No pod\u00eda creer que una carta que envi\u00e9 hace casi 41 a\u00f1os no s\u00f3lo no llegara a mis padres, sino que se vendiera a un desconocido por Internet. Me pareci\u00f3 una violaci\u00f3n de mi intimidad. <\/p>\n","protected":false},"author":28,"featured_media":71246,"comment_status":"open","ping_status":"open","sticky":false,"template":"","format":"standard","meta":{"_acf_changed":false,"_uag_custom_page_level_css":"","_lmt_disableupdate":"","_lmt_disable":"","footnotes":""},"categories":[260],"tags":[5834,193,5835,5833,5832,2893,2214],"class_list":["post-71420","post","type-post","status-publish","format-standard","has-post-thumbnail","hentry","category-conflicto","tag-1982-es","tag-argentina-es","tag-cartas-de-guerra","tag-ebay-es","tag-guerra-de-malvinas-es","tag-guerra-de-malvinas","tag-latinoamerica"],"acf":[],"yoast_head":"<!-- This site is optimized with the Yoast SEO Premium plugin v27.5 (Yoast SEO v27.5) - https:\/\/yoast.com\/product\/yoast-seo-premium-wordpress\/ -->\n<title>Un ex combatiente descubre en eBay una carta perdida de 1982<\/title>\n<meta name=\"description\" content=\"Un ex combatiente de la Guerra de las Malvinas de 1982 descubre que una carta que envi\u00f3 hace 41 a\u00f1os y que nunca lleg\u00f3 a su familia se subasta en eBay\" \/>\n<meta name=\"robots\" content=\"index, follow, max-snippet:-1, max-image-preview:large, max-video-preview:-1\" \/>\n<link rel=\"canonical\" href=\"https:\/\/orato.world\/es\/2023\/03\/27\/la-carta-de-un-hombre-escrita-durante-la-guerra-con-dos-decadas-de-antiguedad-descubierta-en-una-subasta-de-ebay\/\" \/>\n<meta property=\"og:locale\" content=\"es_ES\" \/>\n<meta property=\"og:type\" content=\"article\" \/>\n<meta property=\"og:title\" content=\"La carta de un hombre escrita durante la guerra, con dos d\u00e9cadas de antig\u00fcedad, descubierta en una subasta de eBay\" \/>\n<meta property=\"og:description\" content=\"Un ex combatiente de la Guerra de las Malvinas de 1982 descubre que una carta que envi\u00f3 hace 41 a\u00f1os y que nunca lleg\u00f3 a su familia se subasta en eBay\" \/>\n<meta property=\"og:url\" content=\"https:\/\/orato.world\/es\/2023\/03\/27\/la-carta-de-un-hombre-escrita-durante-la-guerra-con-dos-decadas-de-antiguedad-descubierta-en-una-subasta-de-ebay\/\" \/>\n<meta property=\"og:site_name\" content=\"Orato\" \/>\n<meta property=\"article:publisher\" content=\"https:\/\/www.facebook.com\/OratoWorld\/\" \/>\n<meta property=\"article:published_time\" content=\"2023-03-27T15:35:36+00:00\" \/>\n<meta property=\"article:modified_time\" content=\"2023-03-29T19:51:46+00:00\" \/>\n<meta property=\"og:image\" content=\"https:\/\/orato.world\/wp-content\/uploads\/feature-9.jpg\" \/>\n\t<meta property=\"og:image:width\" content=\"1280\" \/>\n\t<meta property=\"og:image:height\" content=\"960\" \/>\n\t<meta property=\"og:image:type\" content=\"image\/jpeg\" \/>\n<meta name=\"author\" content=\"Mariela Laksman\" \/>\n<meta name=\"twitter:card\" content=\"summary_large_image\" \/>\n<meta name=\"twitter:creator\" content=\"@oratoworld\" \/>\n<meta name=\"twitter:site\" content=\"@oratoworld\" \/>\n<meta name=\"twitter:label1\" content=\"Escrito por\" \/>\n\t<meta name=\"twitter:data1\" content=\"Mariela Laksman\" \/>\n\t<meta name=\"twitter:label2\" content=\"Tiempo de lectura\" \/>\n\t<meta name=\"twitter:data2\" content=\"4 minutos\" \/>\n<script type=\"application\/ld+json\" class=\"yoast-schema-graph\">{\"@context\":\"https:\\\/\\\/schema.org\",\"@graph\":[{\"@type\":\"NewsArticle\",\"@id\":\"https:\\\/\\\/orato.world\\\/es\\\/2023\\\/03\\\/27\\\/la-carta-de-un-hombre-escrita-durante-la-guerra-con-dos-decadas-de-antiguedad-descubierta-en-una-subasta-de-ebay\\\/#article\",\"isPartOf\":{\"@id\":\"https:\\\/\\\/orato.world\\\/es\\\/2023\\\/03\\\/27\\\/la-carta-de-un-hombre-escrita-durante-la-guerra-con-dos-decadas-de-antiguedad-descubierta-en-una-subasta-de-ebay\\\/\"},\"author\":{\"name\":\"Mariela Laksman\",\"@id\":\"https:\\\/\\\/orato.world\\\/es\\\/#\\\/schema\\\/person\\\/d4a4a9a63551641850068c20e93613a5\"},\"headline\":\"La carta de un hombre escrita durante la guerra, con dos d\u00e9cadas de antig\u00fcedad, descubierta en una subasta de eBay\",\"datePublished\":\"2023-03-27T15:35:36+00:00\",\"dateModified\":\"2023-03-29T19:51:46+00:00\",\"mainEntityOfPage\":{\"@id\":\"https:\\\/\\\/orato.world\\\/es\\\/2023\\\/03\\\/27\\\/la-carta-de-un-hombre-escrita-durante-la-guerra-con-dos-decadas-de-antiguedad-descubierta-en-una-subasta-de-ebay\\\/\"},\"wordCount\":770,\"commentCount\":0,\"publisher\":{\"@id\":\"https:\\\/\\\/orato.world\\\/es\\\/#organization\"},\"image\":{\"@id\":\"https:\\\/\\\/orato.world\\\/es\\\/2023\\\/03\\\/27\\\/la-carta-de-un-hombre-escrita-durante-la-guerra-con-dos-decadas-de-antiguedad-descubierta-en-una-subasta-de-ebay\\\/#primaryimage\"},\"thumbnailUrl\":\"https:\\\/\\\/orato.world\\\/wp-content\\\/uploads\\\/feature-9.jpg\",\"keywords\":[\"1982\",\"Argentina\",\"cartas de guerra\",\"ebay\",\"guerra de Malvinas\",\"Guerra de Malvinas\",\"Latinoam\u00e9rica\"],\"articleSection\":[\"Conflicto\"],\"inLanguage\":\"es\",\"potentialAction\":[{\"@type\":\"CommentAction\",\"name\":\"Comment\",\"target\":[\"https:\\\/\\\/orato.world\\\/es\\\/2023\\\/03\\\/27\\\/la-carta-de-un-hombre-escrita-durante-la-guerra-con-dos-decadas-de-antiguedad-descubierta-en-una-subasta-de-ebay\\\/#respond\"]}]},{\"@type\":\"WebPage\",\"@id\":\"https:\\\/\\\/orato.world\\\/es\\\/2023\\\/03\\\/27\\\/la-carta-de-un-hombre-escrita-durante-la-guerra-con-dos-decadas-de-antiguedad-descubierta-en-una-subasta-de-ebay\\\/\",\"url\":\"https:\\\/\\\/orato.world\\\/es\\\/2023\\\/03\\\/27\\\/la-carta-de-un-hombre-escrita-durante-la-guerra-con-dos-decadas-de-antiguedad-descubierta-en-una-subasta-de-ebay\\\/\",\"name\":\"Un ex combatiente descubre en eBay una carta perdida de 1982\",\"isPartOf\":{\"@id\":\"https:\\\/\\\/orato.world\\\/es\\\/#website\"},\"primaryImageOfPage\":{\"@id\":\"https:\\\/\\\/orato.world\\\/es\\\/2023\\\/03\\\/27\\\/la-carta-de-un-hombre-escrita-durante-la-guerra-con-dos-decadas-de-antiguedad-descubierta-en-una-subasta-de-ebay\\\/#primaryimage\"},\"image\":{\"@id\":\"https:\\\/\\\/orato.world\\\/es\\\/2023\\\/03\\\/27\\\/la-carta-de-un-hombre-escrita-durante-la-guerra-con-dos-decadas-de-antiguedad-descubierta-en-una-subasta-de-ebay\\\/#primaryimage\"},\"thumbnailUrl\":\"https:\\\/\\\/orato.world\\\/wp-content\\\/uploads\\\/feature-9.jpg\",\"datePublished\":\"2023-03-27T15:35:36+00:00\",\"dateModified\":\"2023-03-29T19:51:46+00:00\",\"description\":\"Un ex combatiente de la Guerra de las Malvinas de 1982 descubre que una carta que envi\u00f3 hace 41 a\u00f1os y que nunca lleg\u00f3 a su familia se subasta en eBay\",\"breadcrumb\":{\"@id\":\"https:\\\/\\\/orato.world\\\/es\\\/2023\\\/03\\\/27\\\/la-carta-de-un-hombre-escrita-durante-la-guerra-con-dos-decadas-de-antiguedad-descubierta-en-una-subasta-de-ebay\\\/#breadcrumb\"},\"inLanguage\":\"es\",\"potentialAction\":[{\"@type\":\"ReadAction\",\"target\":[\"https:\\\/\\\/orato.world\\\/es\\\/2023\\\/03\\\/27\\\/la-carta-de-un-hombre-escrita-durante-la-guerra-con-dos-decadas-de-antiguedad-descubierta-en-una-subasta-de-ebay\\\/\"]}]},{\"@type\":\"ImageObject\",\"inLanguage\":\"es\",\"@id\":\"https:\\\/\\\/orato.world\\\/es\\\/2023\\\/03\\\/27\\\/la-carta-de-un-hombre-escrita-durante-la-guerra-con-dos-decadas-de-antiguedad-descubierta-en-una-subasta-de-ebay\\\/#primaryimage\",\"url\":\"https:\\\/\\\/orato.world\\\/wp-content\\\/uploads\\\/feature-9.jpg\",\"contentUrl\":\"https:\\\/\\\/orato.world\\\/wp-content\\\/uploads\\\/feature-9.jpg\",\"width\":1280,\"height\":960,\"caption\":\"War veteran Oscar Bauchi, in his uniform, photographed with his children Bernardo and Juana, and his parents Ceferino and Marta. | Photo courtesy of Oscar's family\"},{\"@type\":\"BreadcrumbList\",\"@id\":\"https:\\\/\\\/orato.world\\\/es\\\/2023\\\/03\\\/27\\\/la-carta-de-un-hombre-escrita-durante-la-guerra-con-dos-decadas-de-antiguedad-descubierta-en-una-subasta-de-ebay\\\/#breadcrumb\",\"itemListElement\":[{\"@type\":\"ListItem\",\"position\":1,\"name\":\"Home\",\"item\":\"https:\\\/\\\/orato.world\\\/es\\\/\"},{\"@type\":\"ListItem\",\"position\":2,\"name\":\"La carta de un hombre escrita durante la guerra, con dos d\u00e9cadas de antig\u00fcedad, descubierta en una subasta de eBay\"}]},{\"@type\":\"WebSite\",\"@id\":\"https:\\\/\\\/orato.world\\\/es\\\/#website\",\"url\":\"https:\\\/\\\/orato.world\\\/es\\\/\",\"name\":\"Orato\",\"description\":\"True Stories. Real People\",\"publisher\":{\"@id\":\"https:\\\/\\\/orato.world\\\/es\\\/#organization\"},\"potentialAction\":[{\"@type\":\"SearchAction\",\"target\":{\"@type\":\"EntryPoint\",\"urlTemplate\":\"https:\\\/\\\/orato.world\\\/es\\\/?s={search_term_string}\"},\"query-input\":{\"@type\":\"PropertyValueSpecification\",\"valueRequired\":true,\"valueName\":\"search_term_string\"}}],\"inLanguage\":\"es\"},{\"@type\":\"Organization\",\"@id\":\"https:\\\/\\\/orato.world\\\/es\\\/#organization\",\"name\":\"Orato World Media Inc.\",\"url\":\"https:\\\/\\\/orato.world\\\/es\\\/\",\"logo\":{\"@type\":\"ImageObject\",\"inLanguage\":\"es\",\"@id\":\"https:\\\/\\\/orato.world\\\/es\\\/#\\\/schema\\\/logo\\\/image\\\/\",\"url\":\"https:\\\/\\\/orato.world\\\/wp-content\\\/uploads\\\/2020\\\/07\\\/orato-logo-transparent.png\",\"contentUrl\":\"https:\\\/\\\/orato.world\\\/wp-content\\\/uploads\\\/2020\\\/07\\\/orato-logo-transparent.png\",\"width\":78,\"height\":73,\"caption\":\"Orato World Media Inc.\"},\"image\":{\"@id\":\"https:\\\/\\\/orato.world\\\/es\\\/#\\\/schema\\\/logo\\\/image\\\/\"},\"sameAs\":[\"https:\\\/\\\/www.facebook.com\\\/OratoWorld\\\/\",\"https:\\\/\\\/x.com\\\/oratoworld\",\"https:\\\/\\\/www.instagram.com\\\/oratoworld\",\"https:\\\/\\\/www.linkedin.com\\\/company\\\/42308818\\\/\"]},{\"@type\":\"Person\",\"@id\":\"https:\\\/\\\/orato.world\\\/es\\\/#\\\/schema\\\/person\\\/d4a4a9a63551641850068c20e93613a5\",\"name\":\"Mariela Laksman\",\"image\":{\"@type\":\"ImageObject\",\"inLanguage\":\"es\",\"@id\":\"https:\\\/\\\/secure.gravatar.com\\\/avatar\\\/133ba1b69c2a2b7c782cce9999c26555b6bc9af9e382e5e8f8e3fc285015d1b7?s=96&d=mm&r=g\",\"url\":\"https:\\\/\\\/secure.gravatar.com\\\/avatar\\\/133ba1b69c2a2b7c782cce9999c26555b6bc9af9e382e5e8f8e3fc285015d1b7?s=96&d=mm&r=g\",\"contentUrl\":\"https:\\\/\\\/secure.gravatar.com\\\/avatar\\\/133ba1b69c2a2b7c782cce9999c26555b6bc9af9e382e5e8f8e3fc285015d1b7?s=96&d=mm&r=g\",\"caption\":\"Mariela Laksman\"},\"description\":\"Image and Sound Designer, Integral Audiovisual and Journalistic Producer, writer, and teacher. I started working when I was very young; Since 2001, I was a producer for different television programs, documentary films, radio, and generating creative content for different organizations and companies. I won the award: \\\"Nuevo Sudaca Border\\\" with the microfiction book \\\"Un Tigre con la Boca Abierta\\\", for Eloisa Cartonera Editorial. I am passionate about telling stories and writing.\",\"url\":\"https:\\\/\\\/orato.world\\\/es\\\/author\\\/mariela-laksman\\\/\"}]}<\/script>\n<!-- \/ Yoast SEO Premium plugin. -->","yoast_head_json":{"title":"Un ex combatiente descubre en eBay una carta perdida de 1982","description":"Un ex combatiente de la Guerra de las Malvinas de 1982 descubre que una carta que envi\u00f3 hace 41 a\u00f1os y que nunca lleg\u00f3 a su familia se subasta en eBay","robots":{"index":"index","follow":"follow","max-snippet":"max-snippet:-1","max-image-preview":"max-image-preview:large","max-video-preview":"max-video-preview:-1"},"canonical":"https:\/\/orato.world\/es\/2023\/03\/27\/la-carta-de-un-hombre-escrita-durante-la-guerra-con-dos-decadas-de-antiguedad-descubierta-en-una-subasta-de-ebay\/","og_locale":"es_ES","og_type":"article","og_title":"La carta de un hombre escrita durante la guerra, con dos d\u00e9cadas de antig\u00fcedad, descubierta en una subasta de eBay","og_description":"Un ex combatiente de la Guerra de las Malvinas de 1982 descubre que una carta que envi\u00f3 hace 41 a\u00f1os y que nunca lleg\u00f3 a su familia se subasta en eBay","og_url":"https:\/\/orato.world\/es\/2023\/03\/27\/la-carta-de-un-hombre-escrita-durante-la-guerra-con-dos-decadas-de-antiguedad-descubierta-en-una-subasta-de-ebay\/","og_site_name":"Orato","article_publisher":"https:\/\/www.facebook.com\/OratoWorld\/","article_published_time":"2023-03-27T15:35:36+00:00","article_modified_time":"2023-03-29T19:51:46+00:00","og_image":[{"width":1280,"height":960,"url":"https:\/\/orato.world\/wp-content\/uploads\/feature-9.jpg","type":"image\/jpeg"}],"author":"Mariela Laksman","twitter_card":"summary_large_image","twitter_creator":"@oratoworld","twitter_site":"@oratoworld","twitter_misc":{"Escrito por":"Mariela Laksman","Tiempo de lectura":"4 minutos"},"schema":{"@context":"https:\/\/schema.org","@graph":[{"@type":"NewsArticle","@id":"https:\/\/orato.world\/es\/2023\/03\/27\/la-carta-de-un-hombre-escrita-durante-la-guerra-con-dos-decadas-de-antiguedad-descubierta-en-una-subasta-de-ebay\/#article","isPartOf":{"@id":"https:\/\/orato.world\/es\/2023\/03\/27\/la-carta-de-un-hombre-escrita-durante-la-guerra-con-dos-decadas-de-antiguedad-descubierta-en-una-subasta-de-ebay\/"},"author":{"name":"Mariela Laksman","@id":"https:\/\/orato.world\/es\/#\/schema\/person\/d4a4a9a63551641850068c20e93613a5"},"headline":"La carta de un hombre escrita durante la guerra, con dos d\u00e9cadas de antig\u00fcedad, descubierta en una subasta de eBay","datePublished":"2023-03-27T15:35:36+00:00","dateModified":"2023-03-29T19:51:46+00:00","mainEntityOfPage":{"@id":"https:\/\/orato.world\/es\/2023\/03\/27\/la-carta-de-un-hombre-escrita-durante-la-guerra-con-dos-decadas-de-antiguedad-descubierta-en-una-subasta-de-ebay\/"},"wordCount":770,"commentCount":0,"publisher":{"@id":"https:\/\/orato.world\/es\/#organization"},"image":{"@id":"https:\/\/orato.world\/es\/2023\/03\/27\/la-carta-de-un-hombre-escrita-durante-la-guerra-con-dos-decadas-de-antiguedad-descubierta-en-una-subasta-de-ebay\/#primaryimage"},"thumbnailUrl":"https:\/\/orato.world\/wp-content\/uploads\/feature-9.jpg","keywords":["1982","Argentina","cartas de guerra","ebay","guerra de Malvinas","Guerra de Malvinas","Latinoam\u00e9rica"],"articleSection":["Conflicto"],"inLanguage":"es","potentialAction":[{"@type":"CommentAction","name":"Comment","target":["https:\/\/orato.world\/es\/2023\/03\/27\/la-carta-de-un-hombre-escrita-durante-la-guerra-con-dos-decadas-de-antiguedad-descubierta-en-una-subasta-de-ebay\/#respond"]}]},{"@type":"WebPage","@id":"https:\/\/orato.world\/es\/2023\/03\/27\/la-carta-de-un-hombre-escrita-durante-la-guerra-con-dos-decadas-de-antiguedad-descubierta-en-una-subasta-de-ebay\/","url":"https:\/\/orato.world\/es\/2023\/03\/27\/la-carta-de-un-hombre-escrita-durante-la-guerra-con-dos-decadas-de-antiguedad-descubierta-en-una-subasta-de-ebay\/","name":"Un ex combatiente descubre en eBay una carta perdida de 1982","isPartOf":{"@id":"https:\/\/orato.world\/es\/#website"},"primaryImageOfPage":{"@id":"https:\/\/orato.world\/es\/2023\/03\/27\/la-carta-de-un-hombre-escrita-durante-la-guerra-con-dos-decadas-de-antiguedad-descubierta-en-una-subasta-de-ebay\/#primaryimage"},"image":{"@id":"https:\/\/orato.world\/es\/2023\/03\/27\/la-carta-de-un-hombre-escrita-durante-la-guerra-con-dos-decadas-de-antiguedad-descubierta-en-una-subasta-de-ebay\/#primaryimage"},"thumbnailUrl":"https:\/\/orato.world\/wp-content\/uploads\/feature-9.jpg","datePublished":"2023-03-27T15:35:36+00:00","dateModified":"2023-03-29T19:51:46+00:00","description":"Un ex combatiente de la Guerra de las Malvinas de 1982 descubre que una carta que envi\u00f3 hace 41 a\u00f1os y que nunca lleg\u00f3 a su familia se subasta en eBay","breadcrumb":{"@id":"https:\/\/orato.world\/es\/2023\/03\/27\/la-carta-de-un-hombre-escrita-durante-la-guerra-con-dos-decadas-de-antiguedad-descubierta-en-una-subasta-de-ebay\/#breadcrumb"},"inLanguage":"es","potentialAction":[{"@type":"ReadAction","target":["https:\/\/orato.world\/es\/2023\/03\/27\/la-carta-de-un-hombre-escrita-durante-la-guerra-con-dos-decadas-de-antiguedad-descubierta-en-una-subasta-de-ebay\/"]}]},{"@type":"ImageObject","inLanguage":"es","@id":"https:\/\/orato.world\/es\/2023\/03\/27\/la-carta-de-un-hombre-escrita-durante-la-guerra-con-dos-decadas-de-antiguedad-descubierta-en-una-subasta-de-ebay\/#primaryimage","url":"https:\/\/orato.world\/wp-content\/uploads\/feature-9.jpg","contentUrl":"https:\/\/orato.world\/wp-content\/uploads\/feature-9.jpg","width":1280,"height":960,"caption":"War veteran Oscar Bauchi, in his uniform, photographed with his children Bernardo and Juana, and his parents Ceferino and Marta. | Photo courtesy of Oscar's family"},{"@type":"BreadcrumbList","@id":"https:\/\/orato.world\/es\/2023\/03\/27\/la-carta-de-un-hombre-escrita-durante-la-guerra-con-dos-decadas-de-antiguedad-descubierta-en-una-subasta-de-ebay\/#breadcrumb","itemListElement":[{"@type":"ListItem","position":1,"name":"Home","item":"https:\/\/orato.world\/es\/"},{"@type":"ListItem","position":2,"name":"La carta de un hombre escrita durante la guerra, con dos d\u00e9cadas de antig\u00fcedad, descubierta en una subasta de eBay"}]},{"@type":"WebSite","@id":"https:\/\/orato.world\/es\/#website","url":"https:\/\/orato.world\/es\/","name":"Orato","description":"True Stories. Real People","publisher":{"@id":"https:\/\/orato.world\/es\/#organization"},"potentialAction":[{"@type":"SearchAction","target":{"@type":"EntryPoint","urlTemplate":"https:\/\/orato.world\/es\/?s={search_term_string}"},"query-input":{"@type":"PropertyValueSpecification","valueRequired":true,"valueName":"search_term_string"}}],"inLanguage":"es"},{"@type":"Organization","@id":"https:\/\/orato.world\/es\/#organization","name":"Orato World Media Inc.","url":"https:\/\/orato.world\/es\/","logo":{"@type":"ImageObject","inLanguage":"es","@id":"https:\/\/orato.world\/es\/#\/schema\/logo\/image\/","url":"https:\/\/orato.world\/wp-content\/uploads\/2020\/07\/orato-logo-transparent.png","contentUrl":"https:\/\/orato.world\/wp-content\/uploads\/2020\/07\/orato-logo-transparent.png","width":78,"height":73,"caption":"Orato World Media Inc."},"image":{"@id":"https:\/\/orato.world\/es\/#\/schema\/logo\/image\/"},"sameAs":["https:\/\/www.facebook.com\/OratoWorld\/","https:\/\/x.com\/oratoworld","https:\/\/www.instagram.com\/oratoworld","https:\/\/www.linkedin.com\/company\/42308818\/"]},{"@type":"Person","@id":"https:\/\/orato.world\/es\/#\/schema\/person\/d4a4a9a63551641850068c20e93613a5","name":"Mariela Laksman","image":{"@type":"ImageObject","inLanguage":"es","@id":"https:\/\/secure.gravatar.com\/avatar\/133ba1b69c2a2b7c782cce9999c26555b6bc9af9e382e5e8f8e3fc285015d1b7?s=96&d=mm&r=g","url":"https:\/\/secure.gravatar.com\/avatar\/133ba1b69c2a2b7c782cce9999c26555b6bc9af9e382e5e8f8e3fc285015d1b7?s=96&d=mm&r=g","contentUrl":"https:\/\/secure.gravatar.com\/avatar\/133ba1b69c2a2b7c782cce9999c26555b6bc9af9e382e5e8f8e3fc285015d1b7?s=96&d=mm&r=g","caption":"Mariela Laksman"},"description":"Image and Sound Designer, Integral Audiovisual and Journalistic Producer, writer, and teacher. I started working when I was very young; Since 2001, I was a producer for different television programs, documentary films, radio, and generating creative content for different organizations and companies. I won the award: \"Nuevo Sudaca Border\" with the microfiction book \"Un Tigre con la Boca Abierta\", for Eloisa Cartonera Editorial. I am passionate about telling stories and writing.","url":"https:\/\/orato.world\/es\/author\/mariela-laksman\/"}]}},"modified_by":"Stephen","uagb_featured_image_src":{"full":["https:\/\/orato.world\/wp-content\/uploads\/feature-9.jpg",1280,960,false],"thumbnail":["https:\/\/orato.world\/wp-content\/uploads\/feature-9-100x100.jpg",100,100,true],"medium":["https:\/\/orato.world\/wp-content\/uploads\/feature-9-300x225.jpg",300,225,true],"medium_large":["https:\/\/orato.world\/wp-content\/uploads\/feature-9-770x578.jpg",640,480,true],"large":["https:\/\/orato.world\/wp-content\/uploads\/feature-9-1024x768.jpg",640,480,true],"1536x1536":["https:\/\/orato.world\/wp-content\/uploads\/feature-9.jpg",1280,960,false],"2048x2048":["https:\/\/orato.world\/wp-content\/uploads\/feature-9.jpg",1280,960,false],"gallery-size":["https:\/\/orato.world\/wp-content\/uploads\/feature-9-533x400.jpg",533,400,true],"lets-review-360-240":["https:\/\/orato.world\/wp-content\/uploads\/feature-9-360x240.jpg",360,240,true],"gform-image-choice-sm":["https:\/\/orato.world\/wp-content\/uploads\/feature-9.jpg",300,225,false],"gform-image-choice-md":["https:\/\/orato.world\/wp-content\/uploads\/feature-9.jpg",400,300,false],"gform-image-choice-lg":["https:\/\/orato.world\/wp-content\/uploads\/feature-9.jpg",600,450,false],"awsm_team":["https:\/\/orato.world\/wp-content\/uploads\/feature-9-500x500.jpg",500,500,true]},"uagb_author_info":{"display_name":"Mariela Laksman","author_link":"https:\/\/orato.world\/es\/author\/mariela-laksman\/"},"uagb_comment_info":0,"uagb_excerpt":"Se me encogi\u00f3 el coraz\u00f3n y se me llenaron los ojos de l\u00e1grimas. No pod\u00eda creer que una carta que envi\u00e9 hace casi 41 a\u00f1os no s\u00f3lo no llegara a mis padres, sino que se vendiera a un desconocido por Internet. Me pareci\u00f3 una violaci\u00f3n de mi intimidad.","_links":{"self":[{"href":"https:\/\/orato.world\/es\/wp-json\/wp\/v2\/posts\/71420","targetHints":{"allow":["GET"]}}],"collection":[{"href":"https:\/\/orato.world\/es\/wp-json\/wp\/v2\/posts"}],"about":[{"href":"https:\/\/orato.world\/es\/wp-json\/wp\/v2\/types\/post"}],"author":[{"embeddable":true,"href":"https:\/\/orato.world\/es\/wp-json\/wp\/v2\/users\/28"}],"replies":[{"embeddable":true,"href":"https:\/\/orato.world\/es\/wp-json\/wp\/v2\/comments?post=71420"}],"version-history":[{"count":0,"href":"https:\/\/orato.world\/es\/wp-json\/wp\/v2\/posts\/71420\/revisions"}],"wp:featuredmedia":[{"embeddable":true,"href":"https:\/\/orato.world\/es\/wp-json\/wp\/v2\/media\/71246"}],"wp:attachment":[{"href":"https:\/\/orato.world\/es\/wp-json\/wp\/v2\/media?parent=71420"}],"wp:term":[{"taxonomy":"category","embeddable":true,"href":"https:\/\/orato.world\/es\/wp-json\/wp\/v2\/categories?post=71420"},{"taxonomy":"post_tag","embeddable":true,"href":"https:\/\/orato.world\/es\/wp-json\/wp\/v2\/tags?post=71420"}],"curies":[{"name":"wp","href":"https:\/\/api.w.org\/{rel}","templated":true}]}}