{"id":71987,"date":"2023-04-11T05:00:00","date_gmt":"2023-04-11T12:00:00","guid":{"rendered":"https:\/\/orato.world\/2023\/04\/11\/una-superviviente-de-cancer-de-mama-encarga-una-estatua-para-honrar-a-otras-sobrevivientes\/"},"modified":"2023-04-17T06:18:39","modified_gmt":"2023-04-17T13:18:39","slug":"una-superviviente-de-cancer-de-mama-encarga-una-estatua-para-honrar-a-otras-sobrevivientes","status":"publish","type":"post","link":"https:\/\/orato.world\/es\/2023\/04\/11\/una-superviviente-de-cancer-de-mama-encarga-una-estatua-para-honrar-a-otras-sobrevivientes\/","title":{"rendered":"Una superviviente de c\u00e1ncer de mama encarga una estatua para honrar a otras sobrevivientes"},"content":{"rendered":"<div class=\"lets-info-up-wrap  lets-info-up--right lets-info-up--m-1 lets-info-up-skin-1 lets-info-up--side\">\t\t\t<div class=\"lets-info-up\">\r\n\t\t\t<div class=\"lets-info-up-fi\"><img loading=\"lazy\" decoding=\"async\" width=\"500\" height=\"500\" src=\"https:\/\/orato.world\/wp-content\/uploads\/cristinagomezdefinitiva1-500x500.png\" class=\"attachment-lets-info-up-d1 size-lets-info-up-d1\" alt=\"\" srcset=\"https:\/\/orato.world\/wp-content\/uploads\/\/cristinagomezdefinitiva1-500x500.png 500w, https:\/\/orato.world\/wp-content\/uploads\/\/cristinagomezdefinitiva1-300x300.png 300w, https:\/\/orato.world\/wp-content\/uploads\/\/cristinagomezdefinitiva1-1024x1024.png 1024w, https:\/\/orato.world\/wp-content\/uploads\/\/cristinagomezdefinitiva1-100x100.png 100w, https:\/\/orato.world\/wp-content\/uploads\/\/cristinagomezdefinitiva1-770x770.png 770w, https:\/\/orato.world\/wp-content\/uploads\/\/cristinagomezdefinitiva1-400x400.png 400w, https:\/\/orato.world\/wp-content\/uploads\/\/cristinagomezdefinitiva1-150x150.png 150w, https:\/\/orato.world\/wp-content\/uploads\/\/cristinagomezdefinitiva1-70x70.png 70w, https:\/\/orato.world\/wp-content\/uploads\/\/cristinagomezdefinitiva1-293x293.png 293w, https:\/\/orato.world\/wp-content\/uploads\/\/cristinagomezdefinitiva1.png 1080w\" sizes=\"auto, (max-width: 500px) 100vw, 500px\" \/><\/div>\t\t\t<div class=\"lets-info-up-block-wrap\">\r\n\t\t\t\t<div class=\"lets-info-up-block lets-info-up-meta-block\"><div class=\"lets-info-up-meta-title lets-info-up-pretitle font-h\">PROTAGONISTA<\/div><div class=\"lets-info-up-meta-content lets-info-up-title font-b\">Cristina G\u00f3mez sufre de una enfermedad rara que causa que su cuerpo genere tumores. A los 30 a\u00f1os, fue diagnosticada con c\u00e1ncer de mama y se someti\u00f3 a una cirug\u00eda.<\/div><\/div><div class=\"lets-info-up-block lets-info-up-meta-block\"><div class=\"lets-info-up-meta-title lets-info-up-pretitle font-h\">CONTEXTO<\/div><div class=\"lets-info-up-meta-content lets-info-up-title font-b\"><a href=\"https:\/\/www.instagram.com\/estudio_chuky\/?hl=en\" target=\"_blank\" rel=\"noreferrer noopener\">Studio Chuky<\/a> es un estudio de arte multidisciplinario que abarca una variedad de temas. El estudio fue formado por Rafael Mart\u00ednez, un artista fallero profesional valenciano con m\u00e1s de treinta a\u00f1os de experiencia, y Ra\u00fal \u00abChuky\u00bb Mart\u00ednez, un escultor, pintor e ilustrador que ha colaborado con algunos de los mejores especialistas en el campo.<\/div><\/div>\t\t\t<\/div>\r\n\t\t\t<\/div>\r\n\t\t<\/div>\r\n\t\t\n\n\n<p>VALENCIA, Espa\u00f1a &#8211; El 15 de marzo encargu\u00e9 una escultura muy personal. La obra de ocho metros es una reproducci\u00f3n de mi propio cuerpo: el cuerpo de una mujer que se someti\u00f3 a una mastectom\u00eda tras padecer c\u00e1ncer de mama. <\/p>\n\n\n\n<p>Puse mi cara, mi cuerpo y mi alma en la obra para cumplir un objetivo fundamental: representar a las supervivientes que decidieron no someterse a cirug\u00eda reconstructiva. <\/p>\n\n\n\n<p><em><strong><a href=\"https:\/\/orato.world\/?s=spain\">Ver m\u00e1s art\u00edculos de Espa\u00f1a en Orato World Media<\/a><\/strong><\/em><\/p>\n\n\n\n<h2 class=\"wp-block-heading\" id=\"h-saying-goodbye-to-my-old-self\"><h2>Despidi\u00e9ndome de mi antiguo yo<\/h2><\/h2>\n\n\n\n<p>Despu\u00e9s de mi primera operaci\u00f3n, no quise volver a someterme a un procedimiento as\u00ed. Padezco una enfermedad rara. En mi cuerpo crecen tumores, tanto malignos como benignos. Hacer cualquier cosa que pusiera en riesgo mi salud, como ponerme un implante o arreglarme las cicatrices, me aterrorizaba. <\/p>\n\n\n\n<p>Mi pesadilla empez\u00f3 en 2019, cuando me diagnosticaron c\u00e1ncer de mama. El m\u00e9dico me inform\u00f3 de los siguientes pasos, y me qued\u00e9 un rato en la habitaci\u00f3n, incapaz de procesar sus palabras. Me qued\u00e9 mirando las luces, deseando desaparecer. El terror me invad\u00eda y me sent\u00eda indefensa ante mi propio destino. <\/p>\n\n\n\n<p>Antes de someterme a la mastectom\u00eda, habl\u00e9 con <a href=\"https:\/\/www.linkedin.com\/in\/ra%C3%BAl-mart%C3%ADnez-ru%C3%ADz-381262199\/?originalSubdomain=es\">Ra\u00fal Mart\u00ednez<\/a>, amigo y escultor principal de un taller que me encantaba. Le ped\u00ed que creara un molde de mi pecho como recuerdo de lo que sol\u00eda ser. Le pareci\u00f3 un gesto muy bonito y lo dejamos as\u00ed.<\/p>\n\n\n\n<p>Sin embargo, despu\u00e9s de pensarlo un poco, me di cuenta de que quer\u00eda que me esculpiera sin el pecho. Acept\u00f3 las condiciones y me pregunt\u00f3 si quer\u00eda que mi cara apareciera en la escultura. Pens\u00e9 en el poderoso mensaje que quer\u00eda enviar y acept\u00e9. La experiencia de dar visibilidad a este tipo de cuerpos y normalizarlos me pareci\u00f3 incre\u00edble. Me lanc\u00e9 de cabeza al proyecto. Me sent\u00ed como si dijera adi\u00f3s a la antigua Cristina y diera la bienvenida a la nueva, y a lo que viniera con ella. <\/p>\n\n\n\n<h2 class=\"wp-block-heading\"><h2>Conectar con el sufrimiento de la gente a un nivel \u00edntimo<\/h2><\/h2>\n\n\n\n<p>Parte de mi proceso inclu\u00eda aceptarme adapt\u00e1ndome a mi nuevo cuerpo. A veces, todav\u00eda hoy, me miro al espejo y no me reconozco. Estos tres \u00faltimos a\u00f1os han sido muy duros y no me he tratado bien. Durante la primera operaci\u00f3n, estuve a punto de morir. Sufr\u00ed complicaciones y cre\u00ed de verdad que no saldr\u00eda adelante. Enfrentarme a un susto as\u00ed me hizo renacer. De camino a casa, me dije: tengo que empezar a vivir de nuevo. Este no es mi \u00faltimo cap\u00edtulo. <\/p>\n\n\n\n<p>Esta escultura me oblig\u00f3 a mirarme a m\u00ed misma bajo una nueva luz, a sentirme orgullosa y a representar a otras personas en situaciones similares. Cuando pens\u00e9 en la estatua, me surgi\u00f3 una pregunta. \u00bfMe har\u00eda sentir inc\u00f3moda? Desnuda, expondr\u00eda mi cuerpo y mis cicatrices. Mi rostro reflejar\u00eda el dolor y la tristeza que hab\u00eda sentido. Esta escultura mostrar\u00eda al mundo mi yo m\u00e1s vulnerable. A pesar de mis dudas, segu\u00ed adelante con el proyecto.<\/p>\n\n\n<div class=\"wp-block-image\">\n<figure class=\"aligncenter size-large\"><img loading=\"lazy\" decoding=\"async\" width=\"1024\" height=\"768\" src=\"https:\/\/orato.world\/wp-content\/uploads\/CRIS-6-1-1024x768.jpg\" alt=\"\" class=\"wp-image-71749\" srcset=\"https:\/\/orato.world\/wp-content\/uploads\/\/CRIS-6-1-1024x768.jpg 1024w, https:\/\/orato.world\/wp-content\/uploads\/\/CRIS-6-1-300x225.jpg 300w, https:\/\/orato.world\/wp-content\/uploads\/\/CRIS-6-1-770x578.jpg 770w, https:\/\/orato.world\/wp-content\/uploads\/\/CRIS-6-1-533x400.jpg 533w, https:\/\/orato.world\/wp-content\/uploads\/\/CRIS-6-1.jpg 1280w\" sizes=\"auto, (max-width: 1024px) 100vw, 1024px\" \/><figcaption class=\"wp-element-caption\">La estatua de Cristina es una de las ocho estatuas en las que trabajaron los artistas para exponerlas en la calle. |<strong> Foto cortes\u00eda del equipo de Cristina G\u00f3mez<\/strong><\/figcaption><\/figure>\n<\/div>\n\n\n<p>Hoy, la escultura forma parte de una colecci\u00f3n de ocho piezas expuestas en la calle. Cuando terminaron las piezas y las colocaron, vino mucha gente a verlas. Sus reacciones fueron incre\u00edbles. Cada vez que alguien ven\u00eda a abrazarme, yo lloraba. La gente compart\u00eda sus dif\u00edciles historias y me contaba lo mucho que esta estatua significaba para ellos. Lo recordar\u00e9 toda mi vida. Es uno de los momentos m\u00e1s hermosos que he vivido. He llorado mucho durante este proceso, pero son l\u00e1grimas de felicidad, y no me arrepiento de mi decisi\u00f3n.<\/p>\n","protected":false},"excerpt":{"rendered":"<p>Mi pesadilla empez\u00f3 en 2019, cuando me diagnosticaron c\u00e1ncer de mama. El m\u00e9dico me inform\u00f3 de los siguientes pasos, y me qued\u00e9 un rato en la habitaci\u00f3n, incapaz de procesar sus palabras. Me qued\u00e9 mirando las luces, deseando desaparecer. El terror me invad\u00eda y me sent\u00eda indefensa ante mi propio destino. <\/p>\n","protected":false},"author":28,"featured_media":71746,"comment_status":"open","ping_status":"open","sticky":false,"template":"","format":"standard","meta":{"_acf_changed":false,"_uag_custom_page_level_css":"","_lmt_disableupdate":"","_lmt_disable":"","footnotes":""},"categories":[1617,188,261],"tags":[3764,349,2399,2861,5948,3060,5949,1689,498,5736,1830],"class_list":["post-71987","post","type-post","status-publish","format-standard","has-post-thumbnail","hentry","category-arte-y-cultura-es","category-salud","category-sexo-y-genero","tag-artista","tag-cancer-es","tag-cancer-de-mama","tag-escultura","tag-estatua","tag-europa","tag-mastectomia","tag-mujeres","tag-spain-es","tag-valencia-es","tag-womens-health-es"],"acf":[],"yoast_head":"<!-- This site is optimized with the Yoast SEO Premium plugin v27.5 (Yoast SEO v27.5) - https:\/\/yoast.com\/product\/yoast-seo-premium-wordpress\/ -->\n<title>Una sobreviviente del c\u00e1ncer de mama posa para una estatua en honor a otras supervivientes<\/title>\n<meta name=\"description\" content=\"Puse mi cuerpo y mi alma al servicio de la obra para representar a los hombres y mujeres que decidieron no someterse a cirug\u00eda reconstructiva.\" \/>\n<meta name=\"robots\" content=\"index, follow, max-snippet:-1, max-image-preview:large, max-video-preview:-1\" \/>\n<link rel=\"canonical\" href=\"https:\/\/orato.world\/es\/2023\/04\/11\/una-superviviente-de-cancer-de-mama-encarga-una-estatua-para-honrar-a-otras-sobrevivientes\/\" \/>\n<meta property=\"og:locale\" content=\"es_ES\" \/>\n<meta property=\"og:type\" content=\"article\" \/>\n<meta property=\"og:title\" content=\"Una superviviente de c\u00e1ncer de mama encarga una estatua para honrar a otras sobrevivientes\" \/>\n<meta property=\"og:description\" content=\"Puse mi cuerpo y mi alma al servicio de la obra para representar a los hombres y mujeres que decidieron no someterse a cirug\u00eda reconstructiva.\" \/>\n<meta property=\"og:url\" content=\"https:\/\/orato.world\/es\/2023\/04\/11\/una-superviviente-de-cancer-de-mama-encarga-una-estatua-para-honrar-a-otras-sobrevivientes\/\" \/>\n<meta property=\"og:site_name\" content=\"Orato\" \/>\n<meta property=\"article:publisher\" content=\"https:\/\/www.facebook.com\/OratoWorld\/\" \/>\n<meta property=\"article:published_time\" content=\"2023-04-11T12:00:00+00:00\" \/>\n<meta property=\"article:modified_time\" content=\"2023-04-17T13:18:39+00:00\" \/>\n<meta property=\"og:image\" content=\"https:\/\/orato.world\/wp-content\/uploads\/cristina2-1.jpg\" \/>\n\t<meta property=\"og:image:width\" content=\"1280\" \/>\n\t<meta property=\"og:image:height\" content=\"960\" \/>\n\t<meta property=\"og:image:type\" content=\"image\/jpeg\" \/>\n<meta name=\"author\" content=\"Mariela Laksman\" \/>\n<meta name=\"twitter:card\" content=\"summary_large_image\" \/>\n<meta name=\"twitter:creator\" content=\"@oratoworld\" \/>\n<meta name=\"twitter:site\" content=\"@oratoworld\" \/>\n<meta name=\"twitter:label1\" content=\"Escrito por\" \/>\n\t<meta name=\"twitter:data1\" content=\"Mariela Laksman\" \/>\n\t<meta name=\"twitter:label2\" content=\"Tiempo de lectura\" \/>\n\t<meta name=\"twitter:data2\" content=\"3 minutos\" \/>\n<script type=\"application\/ld+json\" class=\"yoast-schema-graph\">{\"@context\":\"https:\\\/\\\/schema.org\",\"@graph\":[{\"@type\":\"NewsArticle\",\"@id\":\"https:\\\/\\\/orato.world\\\/es\\\/2023\\\/04\\\/11\\\/una-superviviente-de-cancer-de-mama-encarga-una-estatua-para-honrar-a-otras-sobrevivientes\\\/#article\",\"isPartOf\":{\"@id\":\"https:\\\/\\\/orato.world\\\/es\\\/2023\\\/04\\\/11\\\/una-superviviente-de-cancer-de-mama-encarga-una-estatua-para-honrar-a-otras-sobrevivientes\\\/\"},\"author\":{\"name\":\"Mariela Laksman\",\"@id\":\"https:\\\/\\\/orato.world\\\/es\\\/#\\\/schema\\\/person\\\/d4a4a9a63551641850068c20e93613a5\"},\"headline\":\"Una superviviente de c\u00e1ncer de mama encarga una estatua para honrar a otras sobrevivientes\",\"datePublished\":\"2023-04-11T12:00:00+00:00\",\"dateModified\":\"2023-04-17T13:18:39+00:00\",\"mainEntityOfPage\":{\"@id\":\"https:\\\/\\\/orato.world\\\/es\\\/2023\\\/04\\\/11\\\/una-superviviente-de-cancer-de-mama-encarga-una-estatua-para-honrar-a-otras-sobrevivientes\\\/\"},\"wordCount\":663,\"commentCount\":0,\"publisher\":{\"@id\":\"https:\\\/\\\/orato.world\\\/es\\\/#organization\"},\"image\":{\"@id\":\"https:\\\/\\\/orato.world\\\/es\\\/2023\\\/04\\\/11\\\/una-superviviente-de-cancer-de-mama-encarga-una-estatua-para-honrar-a-otras-sobrevivientes\\\/#primaryimage\"},\"thumbnailUrl\":\"https:\\\/\\\/orato.world\\\/wp-content\\\/uploads\\\/cristina2-1.jpg\",\"keywords\":[\"artista\",\"Cancer\",\"C\u00e1ncer de mama\",\"Escultura\",\"estatua\",\"Europa\",\"mastectom\u00eda\",\"Mujeres\",\"Spain\",\"valencia\",\"women&#039;s health\"],\"articleSection\":[\"Arte y Cultura\",\"Salud\",\"Sexo y g\u00e9nero\"],\"inLanguage\":\"es\",\"potentialAction\":[{\"@type\":\"CommentAction\",\"name\":\"Comment\",\"target\":[\"https:\\\/\\\/orato.world\\\/es\\\/2023\\\/04\\\/11\\\/una-superviviente-de-cancer-de-mama-encarga-una-estatua-para-honrar-a-otras-sobrevivientes\\\/#respond\"]}]},{\"@type\":\"WebPage\",\"@id\":\"https:\\\/\\\/orato.world\\\/es\\\/2023\\\/04\\\/11\\\/una-superviviente-de-cancer-de-mama-encarga-una-estatua-para-honrar-a-otras-sobrevivientes\\\/\",\"url\":\"https:\\\/\\\/orato.world\\\/es\\\/2023\\\/04\\\/11\\\/una-superviviente-de-cancer-de-mama-encarga-una-estatua-para-honrar-a-otras-sobrevivientes\\\/\",\"name\":\"Una sobreviviente del c\u00e1ncer de mama posa para una estatua en honor a otras supervivientes\",\"isPartOf\":{\"@id\":\"https:\\\/\\\/orato.world\\\/es\\\/#website\"},\"primaryImageOfPage\":{\"@id\":\"https:\\\/\\\/orato.world\\\/es\\\/2023\\\/04\\\/11\\\/una-superviviente-de-cancer-de-mama-encarga-una-estatua-para-honrar-a-otras-sobrevivientes\\\/#primaryimage\"},\"image\":{\"@id\":\"https:\\\/\\\/orato.world\\\/es\\\/2023\\\/04\\\/11\\\/una-superviviente-de-cancer-de-mama-encarga-una-estatua-para-honrar-a-otras-sobrevivientes\\\/#primaryimage\"},\"thumbnailUrl\":\"https:\\\/\\\/orato.world\\\/wp-content\\\/uploads\\\/cristina2-1.jpg\",\"datePublished\":\"2023-04-11T12:00:00+00:00\",\"dateModified\":\"2023-04-17T13:18:39+00:00\",\"description\":\"Puse mi cuerpo y mi alma al servicio de la obra para representar a los hombres y mujeres que decidieron no someterse a cirug\u00eda reconstructiva.\",\"breadcrumb\":{\"@id\":\"https:\\\/\\\/orato.world\\\/es\\\/2023\\\/04\\\/11\\\/una-superviviente-de-cancer-de-mama-encarga-una-estatua-para-honrar-a-otras-sobrevivientes\\\/#breadcrumb\"},\"inLanguage\":\"es\",\"potentialAction\":[{\"@type\":\"ReadAction\",\"target\":[\"https:\\\/\\\/orato.world\\\/es\\\/2023\\\/04\\\/11\\\/una-superviviente-de-cancer-de-mama-encarga-una-estatua-para-honrar-a-otras-sobrevivientes\\\/\"]}]},{\"@type\":\"ImageObject\",\"inLanguage\":\"es\",\"@id\":\"https:\\\/\\\/orato.world\\\/es\\\/2023\\\/04\\\/11\\\/una-superviviente-de-cancer-de-mama-encarga-una-estatua-para-honrar-a-otras-sobrevivientes\\\/#primaryimage\",\"url\":\"https:\\\/\\\/orato.world\\\/wp-content\\\/uploads\\\/cristina2-1.jpg\",\"contentUrl\":\"https:\\\/\\\/orato.world\\\/wp-content\\\/uploads\\\/cristina2-1.jpg\",\"width\":1280,\"height\":960,\"caption\":\"Cristina Gomez underwent breast cancer surgery at the age of 30, and decided against a reconstructive procedure. As an homage to all breast cancer survivors, she commissioned Ra\u00fal \\\"Chuky\\\" Martinez to work on this statue of her. | Photo courtesy of Cristina's team\"},{\"@type\":\"BreadcrumbList\",\"@id\":\"https:\\\/\\\/orato.world\\\/es\\\/2023\\\/04\\\/11\\\/una-superviviente-de-cancer-de-mama-encarga-una-estatua-para-honrar-a-otras-sobrevivientes\\\/#breadcrumb\",\"itemListElement\":[{\"@type\":\"ListItem\",\"position\":1,\"name\":\"Home\",\"item\":\"https:\\\/\\\/orato.world\\\/es\\\/\"},{\"@type\":\"ListItem\",\"position\":2,\"name\":\"Una superviviente de c\u00e1ncer de mama encarga una estatua para honrar a otras sobrevivientes\"}]},{\"@type\":\"WebSite\",\"@id\":\"https:\\\/\\\/orato.world\\\/es\\\/#website\",\"url\":\"https:\\\/\\\/orato.world\\\/es\\\/\",\"name\":\"Orato\",\"description\":\"True Stories. Real People\",\"publisher\":{\"@id\":\"https:\\\/\\\/orato.world\\\/es\\\/#organization\"},\"potentialAction\":[{\"@type\":\"SearchAction\",\"target\":{\"@type\":\"EntryPoint\",\"urlTemplate\":\"https:\\\/\\\/orato.world\\\/es\\\/?s={search_term_string}\"},\"query-input\":{\"@type\":\"PropertyValueSpecification\",\"valueRequired\":true,\"valueName\":\"search_term_string\"}}],\"inLanguage\":\"es\"},{\"@type\":\"Organization\",\"@id\":\"https:\\\/\\\/orato.world\\\/es\\\/#organization\",\"name\":\"Orato World Media Inc.\",\"url\":\"https:\\\/\\\/orato.world\\\/es\\\/\",\"logo\":{\"@type\":\"ImageObject\",\"inLanguage\":\"es\",\"@id\":\"https:\\\/\\\/orato.world\\\/es\\\/#\\\/schema\\\/logo\\\/image\\\/\",\"url\":\"https:\\\/\\\/orato.world\\\/wp-content\\\/uploads\\\/2020\\\/07\\\/orato-logo-transparent.png\",\"contentUrl\":\"https:\\\/\\\/orato.world\\\/wp-content\\\/uploads\\\/2020\\\/07\\\/orato-logo-transparent.png\",\"width\":78,\"height\":73,\"caption\":\"Orato World Media Inc.\"},\"image\":{\"@id\":\"https:\\\/\\\/orato.world\\\/es\\\/#\\\/schema\\\/logo\\\/image\\\/\"},\"sameAs\":[\"https:\\\/\\\/www.facebook.com\\\/OratoWorld\\\/\",\"https:\\\/\\\/x.com\\\/oratoworld\",\"https:\\\/\\\/www.instagram.com\\\/oratoworld\",\"https:\\\/\\\/www.linkedin.com\\\/company\\\/42308818\\\/\"]},{\"@type\":\"Person\",\"@id\":\"https:\\\/\\\/orato.world\\\/es\\\/#\\\/schema\\\/person\\\/d4a4a9a63551641850068c20e93613a5\",\"name\":\"Mariela Laksman\",\"image\":{\"@type\":\"ImageObject\",\"inLanguage\":\"es\",\"@id\":\"https:\\\/\\\/secure.gravatar.com\\\/avatar\\\/133ba1b69c2a2b7c782cce9999c26555b6bc9af9e382e5e8f8e3fc285015d1b7?s=96&d=mm&r=g\",\"url\":\"https:\\\/\\\/secure.gravatar.com\\\/avatar\\\/133ba1b69c2a2b7c782cce9999c26555b6bc9af9e382e5e8f8e3fc285015d1b7?s=96&d=mm&r=g\",\"contentUrl\":\"https:\\\/\\\/secure.gravatar.com\\\/avatar\\\/133ba1b69c2a2b7c782cce9999c26555b6bc9af9e382e5e8f8e3fc285015d1b7?s=96&d=mm&r=g\",\"caption\":\"Mariela Laksman\"},\"description\":\"Image and Sound Designer, Integral Audiovisual and Journalistic Producer, writer, and teacher. I started working when I was very young; Since 2001, I was a producer for different television programs, documentary films, radio, and generating creative content for different organizations and companies. I won the award: \\\"Nuevo Sudaca Border\\\" with the microfiction book \\\"Un Tigre con la Boca Abierta\\\", for Eloisa Cartonera Editorial. I am passionate about telling stories and writing.\",\"url\":\"https:\\\/\\\/orato.world\\\/es\\\/author\\\/mariela-laksman\\\/\"}]}<\/script>\n<!-- \/ Yoast SEO Premium plugin. -->","yoast_head_json":{"title":"Una sobreviviente del c\u00e1ncer de mama posa para una estatua en honor a otras supervivientes","description":"Puse mi cuerpo y mi alma al servicio de la obra para representar a los hombres y mujeres que decidieron no someterse a cirug\u00eda reconstructiva.","robots":{"index":"index","follow":"follow","max-snippet":"max-snippet:-1","max-image-preview":"max-image-preview:large","max-video-preview":"max-video-preview:-1"},"canonical":"https:\/\/orato.world\/es\/2023\/04\/11\/una-superviviente-de-cancer-de-mama-encarga-una-estatua-para-honrar-a-otras-sobrevivientes\/","og_locale":"es_ES","og_type":"article","og_title":"Una superviviente de c\u00e1ncer de mama encarga una estatua para honrar a otras sobrevivientes","og_description":"Puse mi cuerpo y mi alma al servicio de la obra para representar a los hombres y mujeres que decidieron no someterse a cirug\u00eda reconstructiva.","og_url":"https:\/\/orato.world\/es\/2023\/04\/11\/una-superviviente-de-cancer-de-mama-encarga-una-estatua-para-honrar-a-otras-sobrevivientes\/","og_site_name":"Orato","article_publisher":"https:\/\/www.facebook.com\/OratoWorld\/","article_published_time":"2023-04-11T12:00:00+00:00","article_modified_time":"2023-04-17T13:18:39+00:00","og_image":[{"width":1280,"height":960,"url":"https:\/\/orato.world\/wp-content\/uploads\/cristina2-1.jpg","type":"image\/jpeg"}],"author":"Mariela Laksman","twitter_card":"summary_large_image","twitter_creator":"@oratoworld","twitter_site":"@oratoworld","twitter_misc":{"Escrito por":"Mariela Laksman","Tiempo de lectura":"3 minutos"},"schema":{"@context":"https:\/\/schema.org","@graph":[{"@type":"NewsArticle","@id":"https:\/\/orato.world\/es\/2023\/04\/11\/una-superviviente-de-cancer-de-mama-encarga-una-estatua-para-honrar-a-otras-sobrevivientes\/#article","isPartOf":{"@id":"https:\/\/orato.world\/es\/2023\/04\/11\/una-superviviente-de-cancer-de-mama-encarga-una-estatua-para-honrar-a-otras-sobrevivientes\/"},"author":{"name":"Mariela Laksman","@id":"https:\/\/orato.world\/es\/#\/schema\/person\/d4a4a9a63551641850068c20e93613a5"},"headline":"Una superviviente de c\u00e1ncer de mama encarga una estatua para honrar a otras sobrevivientes","datePublished":"2023-04-11T12:00:00+00:00","dateModified":"2023-04-17T13:18:39+00:00","mainEntityOfPage":{"@id":"https:\/\/orato.world\/es\/2023\/04\/11\/una-superviviente-de-cancer-de-mama-encarga-una-estatua-para-honrar-a-otras-sobrevivientes\/"},"wordCount":663,"commentCount":0,"publisher":{"@id":"https:\/\/orato.world\/es\/#organization"},"image":{"@id":"https:\/\/orato.world\/es\/2023\/04\/11\/una-superviviente-de-cancer-de-mama-encarga-una-estatua-para-honrar-a-otras-sobrevivientes\/#primaryimage"},"thumbnailUrl":"https:\/\/orato.world\/wp-content\/uploads\/cristina2-1.jpg","keywords":["artista","Cancer","C\u00e1ncer de mama","Escultura","estatua","Europa","mastectom\u00eda","Mujeres","Spain","valencia","women&#039;s health"],"articleSection":["Arte y Cultura","Salud","Sexo y g\u00e9nero"],"inLanguage":"es","potentialAction":[{"@type":"CommentAction","name":"Comment","target":["https:\/\/orato.world\/es\/2023\/04\/11\/una-superviviente-de-cancer-de-mama-encarga-una-estatua-para-honrar-a-otras-sobrevivientes\/#respond"]}]},{"@type":"WebPage","@id":"https:\/\/orato.world\/es\/2023\/04\/11\/una-superviviente-de-cancer-de-mama-encarga-una-estatua-para-honrar-a-otras-sobrevivientes\/","url":"https:\/\/orato.world\/es\/2023\/04\/11\/una-superviviente-de-cancer-de-mama-encarga-una-estatua-para-honrar-a-otras-sobrevivientes\/","name":"Una sobreviviente del c\u00e1ncer de mama posa para una estatua en honor a otras supervivientes","isPartOf":{"@id":"https:\/\/orato.world\/es\/#website"},"primaryImageOfPage":{"@id":"https:\/\/orato.world\/es\/2023\/04\/11\/una-superviviente-de-cancer-de-mama-encarga-una-estatua-para-honrar-a-otras-sobrevivientes\/#primaryimage"},"image":{"@id":"https:\/\/orato.world\/es\/2023\/04\/11\/una-superviviente-de-cancer-de-mama-encarga-una-estatua-para-honrar-a-otras-sobrevivientes\/#primaryimage"},"thumbnailUrl":"https:\/\/orato.world\/wp-content\/uploads\/cristina2-1.jpg","datePublished":"2023-04-11T12:00:00+00:00","dateModified":"2023-04-17T13:18:39+00:00","description":"Puse mi cuerpo y mi alma al servicio de la obra para representar a los hombres y mujeres que decidieron no someterse a cirug\u00eda reconstructiva.","breadcrumb":{"@id":"https:\/\/orato.world\/es\/2023\/04\/11\/una-superviviente-de-cancer-de-mama-encarga-una-estatua-para-honrar-a-otras-sobrevivientes\/#breadcrumb"},"inLanguage":"es","potentialAction":[{"@type":"ReadAction","target":["https:\/\/orato.world\/es\/2023\/04\/11\/una-superviviente-de-cancer-de-mama-encarga-una-estatua-para-honrar-a-otras-sobrevivientes\/"]}]},{"@type":"ImageObject","inLanguage":"es","@id":"https:\/\/orato.world\/es\/2023\/04\/11\/una-superviviente-de-cancer-de-mama-encarga-una-estatua-para-honrar-a-otras-sobrevivientes\/#primaryimage","url":"https:\/\/orato.world\/wp-content\/uploads\/cristina2-1.jpg","contentUrl":"https:\/\/orato.world\/wp-content\/uploads\/cristina2-1.jpg","width":1280,"height":960,"caption":"Cristina Gomez underwent breast cancer surgery at the age of 30, and decided against a reconstructive procedure. As an homage to all breast cancer survivors, she commissioned Ra\u00fal \"Chuky\" Martinez to work on this statue of her. | Photo courtesy of Cristina's team"},{"@type":"BreadcrumbList","@id":"https:\/\/orato.world\/es\/2023\/04\/11\/una-superviviente-de-cancer-de-mama-encarga-una-estatua-para-honrar-a-otras-sobrevivientes\/#breadcrumb","itemListElement":[{"@type":"ListItem","position":1,"name":"Home","item":"https:\/\/orato.world\/es\/"},{"@type":"ListItem","position":2,"name":"Una superviviente de c\u00e1ncer de mama encarga una estatua para honrar a otras sobrevivientes"}]},{"@type":"WebSite","@id":"https:\/\/orato.world\/es\/#website","url":"https:\/\/orato.world\/es\/","name":"Orato","description":"True Stories. Real People","publisher":{"@id":"https:\/\/orato.world\/es\/#organization"},"potentialAction":[{"@type":"SearchAction","target":{"@type":"EntryPoint","urlTemplate":"https:\/\/orato.world\/es\/?s={search_term_string}"},"query-input":{"@type":"PropertyValueSpecification","valueRequired":true,"valueName":"search_term_string"}}],"inLanguage":"es"},{"@type":"Organization","@id":"https:\/\/orato.world\/es\/#organization","name":"Orato World Media Inc.","url":"https:\/\/orato.world\/es\/","logo":{"@type":"ImageObject","inLanguage":"es","@id":"https:\/\/orato.world\/es\/#\/schema\/logo\/image\/","url":"https:\/\/orato.world\/wp-content\/uploads\/2020\/07\/orato-logo-transparent.png","contentUrl":"https:\/\/orato.world\/wp-content\/uploads\/2020\/07\/orato-logo-transparent.png","width":78,"height":73,"caption":"Orato World Media Inc."},"image":{"@id":"https:\/\/orato.world\/es\/#\/schema\/logo\/image\/"},"sameAs":["https:\/\/www.facebook.com\/OratoWorld\/","https:\/\/x.com\/oratoworld","https:\/\/www.instagram.com\/oratoworld","https:\/\/www.linkedin.com\/company\/42308818\/"]},{"@type":"Person","@id":"https:\/\/orato.world\/es\/#\/schema\/person\/d4a4a9a63551641850068c20e93613a5","name":"Mariela Laksman","image":{"@type":"ImageObject","inLanguage":"es","@id":"https:\/\/secure.gravatar.com\/avatar\/133ba1b69c2a2b7c782cce9999c26555b6bc9af9e382e5e8f8e3fc285015d1b7?s=96&d=mm&r=g","url":"https:\/\/secure.gravatar.com\/avatar\/133ba1b69c2a2b7c782cce9999c26555b6bc9af9e382e5e8f8e3fc285015d1b7?s=96&d=mm&r=g","contentUrl":"https:\/\/secure.gravatar.com\/avatar\/133ba1b69c2a2b7c782cce9999c26555b6bc9af9e382e5e8f8e3fc285015d1b7?s=96&d=mm&r=g","caption":"Mariela Laksman"},"description":"Image and Sound Designer, Integral Audiovisual and Journalistic Producer, writer, and teacher. I started working when I was very young; Since 2001, I was a producer for different television programs, documentary films, radio, and generating creative content for different organizations and companies. I won the award: \"Nuevo Sudaca Border\" with the microfiction book \"Un Tigre con la Boca Abierta\", for Eloisa Cartonera Editorial. I am passionate about telling stories and writing.","url":"https:\/\/orato.world\/es\/author\/mariela-laksman\/"}]}},"modified_by":"Stephen","uagb_featured_image_src":{"full":["https:\/\/orato.world\/wp-content\/uploads\/cristina2-1.jpg",1280,960,false],"thumbnail":["https:\/\/orato.world\/wp-content\/uploads\/cristina2-1-100x100.jpg",100,100,true],"medium":["https:\/\/orato.world\/wp-content\/uploads\/cristina2-1-300x225.jpg",300,225,true],"medium_large":["https:\/\/orato.world\/wp-content\/uploads\/cristina2-1-770x578.jpg",640,480,true],"large":["https:\/\/orato.world\/wp-content\/uploads\/cristina2-1-1024x768.jpg",640,480,true],"1536x1536":["https:\/\/orato.world\/wp-content\/uploads\/cristina2-1.jpg",1280,960,false],"2048x2048":["https:\/\/orato.world\/wp-content\/uploads\/cristina2-1.jpg",1280,960,false],"gallery-size":["https:\/\/orato.world\/wp-content\/uploads\/cristina2-1-533x400.jpg",533,400,true],"lets-review-360-240":["https:\/\/orato.world\/wp-content\/uploads\/cristina2-1-360x240.jpg",360,240,true],"gform-image-choice-sm":["https:\/\/orato.world\/wp-content\/uploads\/cristina2-1.jpg",300,225,false],"gform-image-choice-md":["https:\/\/orato.world\/wp-content\/uploads\/cristina2-1.jpg",400,300,false],"gform-image-choice-lg":["https:\/\/orato.world\/wp-content\/uploads\/cristina2-1.jpg",600,450,false],"awsm_team":["https:\/\/orato.world\/wp-content\/uploads\/cristina2-1-500x500.jpg",500,500,true]},"uagb_author_info":{"display_name":"Mariela Laksman","author_link":"https:\/\/orato.world\/es\/author\/mariela-laksman\/"},"uagb_comment_info":0,"uagb_excerpt":"Mi pesadilla empez\u00f3 en 2019, cuando me diagnosticaron c\u00e1ncer de mama. El m\u00e9dico me inform\u00f3 de los siguientes pasos, y me qued\u00e9 un rato en la habitaci\u00f3n, incapaz de procesar sus palabras. Me qued\u00e9 mirando las luces, deseando desaparecer. El terror me invad\u00eda y me sent\u00eda indefensa ante mi propio destino.","_links":{"self":[{"href":"https:\/\/orato.world\/es\/wp-json\/wp\/v2\/posts\/71987","targetHints":{"allow":["GET"]}}],"collection":[{"href":"https:\/\/orato.world\/es\/wp-json\/wp\/v2\/posts"}],"about":[{"href":"https:\/\/orato.world\/es\/wp-json\/wp\/v2\/types\/post"}],"author":[{"embeddable":true,"href":"https:\/\/orato.world\/es\/wp-json\/wp\/v2\/users\/28"}],"replies":[{"embeddable":true,"href":"https:\/\/orato.world\/es\/wp-json\/wp\/v2\/comments?post=71987"}],"version-history":[{"count":0,"href":"https:\/\/orato.world\/es\/wp-json\/wp\/v2\/posts\/71987\/revisions"}],"wp:featuredmedia":[{"embeddable":true,"href":"https:\/\/orato.world\/es\/wp-json\/wp\/v2\/media\/71746"}],"wp:attachment":[{"href":"https:\/\/orato.world\/es\/wp-json\/wp\/v2\/media?parent=71987"}],"wp:term":[{"taxonomy":"category","embeddable":true,"href":"https:\/\/orato.world\/es\/wp-json\/wp\/v2\/categories?post=71987"},{"taxonomy":"post_tag","embeddable":true,"href":"https:\/\/orato.world\/es\/wp-json\/wp\/v2\/tags?post=71987"}],"curies":[{"name":"wp","href":"https:\/\/api.w.org\/{rel}","templated":true}]}}