{"id":7247,"date":"2020-12-22T11:13:05","date_gmt":"2020-12-22T19:13:05","guid":{"rendered":"https:\/\/orato.world\/2020\/12\/22\/con-el-corazon-roto-y-destrozado-personas-con-albinismo-a-las-que-se-les-niega-atencion-medica\/"},"modified":"2022-04-19T09:24:03","modified_gmt":"2022-04-19T16:24:03","slug":"con-el-corazon-roto-y-destrozado-personas-con-albinismo-a-las-que-se-les-niega-atencion-medica","status":"publish","type":"post","link":"https:\/\/orato.world\/es\/2020\/12\/22\/con-el-corazon-roto-y-destrozado-personas-con-albinismo-a-las-que-se-les-niega-atencion-medica\/","title":{"rendered":"&#8216;Con el coraz\u00f3n roto y destrozado&#8217;: personas con albinismo a las que se les niega atenci\u00f3n m\u00e9dica"},"content":{"rendered":"<div class=\"lets-info-up-wrap  lets-info-up--right lets-info-up--m-1 lets-info-up-skin-1 lets-info-up--side\">\t\t\t<div class=\"lets-info-up\">\r\n\t\t\t<div class=\"lets-info-up-fi\"><img loading=\"lazy\" decoding=\"async\" width=\"500\" height=\"375\" src=\"https:\/\/orato.world\/wp-content\/uploads\/albinism1-1-500x375.jpg\" class=\"attachment-lets-info-up-d1 size-lets-info-up-d1\" alt=\"A cropped photo showing members of the albino community in military gear.\" srcset=\"https:\/\/orato.world\/wp-content\/uploads\/\/albinism1-1-500x375.jpg 500w, https:\/\/orato.world\/wp-content\/uploads\/\/albinism1-1-300x225.jpg 300w, https:\/\/orato.world\/wp-content\/uploads\/\/albinism1-1-293x220.jpg 293w, https:\/\/orato.world\/wp-content\/uploads\/\/albinism1-1.jpg 599w\" sizes=\"auto, (max-width: 500px) 100vw, 500px\" \/><\/div>\t\t\t<div class=\"lets-info-up-block-wrap\">\r\n\t\t\t\t<div class=\"lets-info-up-block lets-info-up-meta-block\"><div class=\"lets-info-up-meta-title lets-info-up-pretitle font-h\">Protagonista<\/div><div class=\"lets-info-up-meta-content lets-info-up-title font-b\">La identificaci\u00f3n del sujeto de la historia se retiene para proteger su privacidad.<\/div><\/div><div class=\"lets-info-up-block lets-info-up-meta-block\"><div class=\"lets-info-up-meta-title lets-info-up-pretitle font-h\">Contexto<\/div><div class=\"lets-info-up-meta-content lets-info-up-title font-b\">Seg\u00fan un informe de 2009 de la Federaci\u00f3n Internacional de Sociedades de la Cruz Roja y de la Media Luna Roja, se estima que 10.000 personas que viven con albinismo en \u00c1frica Oriental fueron desplazadas y escondidas por temor a ser asesinadas.<br>\u201cEntre 2007 y 2009, al menos 70 albinos africanos fueron asesinados en Burundi, Kenia y Tanzania; seg\u00fan informes recientes, un oficial de polic\u00eda de Tanzania calcul\u00f3 que un \u2018conjunto completo de partes del cuerpo albino\u2019, incluidos los cuatro miembros, genitales, orejas, nariz y lengua, se pueden vender por alrededor de $ 75,000 \u201d, dice un informe de The New Humanitarian.<br>La Sociedad de Albinismo de Kenia reprendi\u00f3 c\u00f3mo la pandemia ha empeorado la situaci\u00f3n de las personas con albinismo que acceden a atenci\u00f3n m\u00e9dica. Esto vio una reducci\u00f3n de tales casos, aunque se cree que muchos a\u00fan no se denuncian.<br>Esto vio una reducci\u00f3n de tales casos, aunque se cree que muchos a\u00fan no se denuncian. \u201cLa discriminaci\u00f3n y la estigmatizaci\u00f3n se encuentran entre los principales desaf\u00edos en estos \u00e1mbitos. Los alumnos con albinismo, en sus primeras etapas de educaci\u00f3n, siempre han narrado instancias de burla, por parte de sus compa\u00f1eros de escuela que no tienen discapacidad. Para agravar la situaci\u00f3n, algunos docentes y otros servicios los proveedores de las instituciones educativas desconocen por completo c\u00f3mo tratar o interactuar con los alumnos que tienen albinismo. Las condiciones imperantes dificultan el aprendizaje de los alumnos con albinismo \u201c.<br>Los \u00e9xitos de Kenia en el apoyo a las personas con albinismo incluyen un presupuesto anual orientado a medidas espec\u00edficas para las personas con albinismo.<br>\u201cEn los \u00faltimos a\u00f1os, Kenia ha sido considerada un pa\u00eds relativamente seguro para las personas con albinismo dentro de la Comunidad de \u00c1frica Oriental, y uno donde el gobierno ha hecho esfuerzos para facilitar mejores est\u00e1ndares de salud para las personas con albinismo\u201d, informa Action on Albinism.<br>\u201cSin embargo, una investigaci\u00f3n m\u00e9dica realizada en 2017 concluy\u00f3 que algunos tipos de neoplasias malignas cut\u00e1neas son comunes entre las personas con albinismo en el pa\u00eds, lo que sugiere una falta moderada de acceso a la atenci\u00f3n m\u00e9dica, protector solar particularmente apropiado y controles m\u00e9dicos.<br>Actualmente, el n\u00famero de personas con albinismo publicado con m\u00e1s frecuencia en Kenia es de 3.000. Esta es probablemente una estimaci\u00f3n poco confiable dado que las personas contadas son solo las registradas para recibir protector solar del gobierno o del Consejo Nacional de Discapacidades. Se han realizado pocas investigaciones sistem\u00e1ticas para identificar la gama completa de obst\u00e1culos que enfrentan las personas con albinismo en el pa\u00eds\u201d.<\/div><\/div>\t\t\t<\/div>\r\n\t\t\t<\/div>\r\n\t\t<\/div>\r\n\t\t\n\n\n<div class=\"wp-block-getwid-toggle has-icon-left\"><\/div>\n\n\n\n<p><\/p>\n\n\n\n<p>NAIROBI, Kenia &#8211; Mientras disfruto de la vista de la puesta de sol desde mi peque\u00f1o balc\u00f3n, los recuerdos de marzo me golpean nuevamente.<\/p>\n\n\n\n<p>El shock y la sorpresa se apoderaron de m\u00ed.<\/p>\n\n\n\n<p>\u00ab\u00bfPor qu\u00e9?\u00bb Pregunt\u00e9.<\/p>\n\n\n\n<p>Su respuesta fue simple: cre\u00edan que era portadora de COVID-19 debido a la pigmentaci\u00f3n de mi piel. Trat\u00e9 de explicar la condici\u00f3n de mi piel, pero todo fue en vano. Ya hab\u00edan tomado la decisi\u00f3n de no atender a alguien con albinismo.<\/p>\n\n\n\n<p><strong><a href=\"https:\/\/orato.world\/es\/2020\/12\/11\/la-comunidad-albina-de-zimbabue-se-enfrenta-a-rituales-y-opresion\/\">RELACIONADO: La comunidad albina de Zimbabwe se enfrenta a rituales y opresi\u00f3n<\/a><\/strong><\/p>\n\n\n\n<p><a href=\"https:\/\/orato.world\/2020\/12\/14\/maasai-women-break-tradition-to-flatten-covid-curve\/\"><strong>RELACIONADO: Las mujeres masai &#8216;rompen la tradici\u00f3n&#8217; para aplanar la curva COVID<\/strong><\/a><\/p>\n\n\n\n<p>Estaba tan desconsolado y destrozado cuando sal\u00ed del hospital. En mi mente, me cuestion\u00e9 muchas veces por qu\u00e9 ten\u00eda que nacer con esta condici\u00f3n. En un pa\u00eds donde la atenci\u00f3n m\u00e9dica universal es una de las cuatro agendas principales, no puedo imaginar por qu\u00e9 la pigmentaci\u00f3n de la piel de alguien es una barrera para acceder a la atenci\u00f3n m\u00e9dica.<\/p>\n\n\n\n<p>Mi experiencia reabri\u00f3 las cicatrices de mi coraz\u00f3n, cicatrices nacidas de una vida de miedo y prejuicio.<\/p>\n\n\n\n<p>Han pasado m\u00e1s de nueve meses desde que se me neg\u00f3 el acceso m\u00e9dico. Desde entonces, han surgido informes que destacan la negligencia m\u00e9dica de las personas con albinismo.<\/p>\n\n\n\n<h2 class=\"wp-block-heading\" id=\"h-una-vida-con-albinismo\">Una vida con albinismo<\/h2>\n\n\n\n<p>Mi historia es una de agon\u00eda que pocos entender\u00e1n.<\/p>\n\n\n\n<p>He sufrido a manos de aquellos que intentaron matarme y usar mi cuerpo para rituales. He escapado de m\u00faltiples situaciones potencialmente mortales destinadas a acabar con mi vida. Estas terribles peleas narran mi impulso por ser quien soy hoy.<\/p>\n\n\n\n<p>Cuando era ni\u00f1o en la frontera de Tanzania y Kenia, una regi\u00f3n donde las personas que viven con albinismo a menudo mueren, aprend\u00ed a sobrevivir.<\/p>\n\n\n\n<p>Fui criado por una madre soltera que recientemente me dijo que mi padre nos abandon\u00f3 debido a mi condici\u00f3n. \u00c9l la culp\u00f3 por dar a luz a un ni\u00f1o con albinismo. He visto a mi madre hacer cosas inimaginables solo para protegerme.<\/p>\n\n\n\n<p>Despu\u00e9s de escapar de varios intentos de secuestro, mi madre decidi\u00f3 que deber\u00edamos dejar la zona y empezar una nueva vida en Nairobi. La vida era totalmente diferente en la ciudad. Incluso comenc\u00e9 la escuela a pesar de mi avanzada edad. Aunque todav\u00eda me enfrentaba a la discriminaci\u00f3n, no era lo mismo que experiment\u00e9 en mi pueblo.<\/p>\n\n\n\n<p>Pero la discriminaci\u00f3n continu\u00f3, as\u00ed que tom\u00e9 las cosas en mis propias manos.<\/p>\n\n\n\n<p>Reclut\u00e9 brujos para proteger mi vida. Mi madre, creyendo que la brujer\u00eda est\u00e1 mal, no se dio cuenta de estos esfuerzos. Ella nunca aprobar\u00eda mis planes. Aunque me di cuenta de que lo que hice estuvo mal, me ayud\u00f3 a proteger mi vida y la de mi madre. Muchos de los que me oprimieron sus vidas luego se pusieron boca abajo.<\/p>\n\n\n\n<p>En el fondo, sab\u00eda que no pod\u00eda continuar. Arruinar la vida de otros no me hizo mejor que los que me oprim\u00edan. Decid\u00ed detenerme y concentrarme en lo positivo de mi vida. Nunca quise lastimar a otras personas inocentes.<\/p>\n\n\n\n<h2 class=\"wp-block-heading\" id=\"h-dura-realidad-en-frica\">Dura realidad en \u00c1frica<\/h2>\n\n\n\n<p>Ser blanco en una poblaci\u00f3n negra se considera una maldici\u00f3n con elementos de miedo, burla, negatividad y exclusi\u00f3n social.<\/p>\n\n\n\n<p>Aunque hemos dado pasos positivos para defender nuestros derechos, la pandemia de COVID-19 est\u00e1 revirtiendo lentamente nuestro progreso a los d\u00edas en que viv\u00edamos con miedo.<\/p>\n\n\n\n<p>Las personas con albinismo enfrentan acoso escolar y manifestaciones m\u00e1s extremas como secuestros, profanaciones graves y ataques f\u00edsicos que a menudo son fatales y conducen a cuerpos desmembrados. Estos actos han sido promulgados por mitos y supersticiones que pretenden que las partes de nuestro cuerpo tienen poderes m\u00e1gicos.<\/p>\n\n\n\n<p>Las mujeres y los ni\u00f1os son particularmente vulnerables ya que los mitos afirman que las relaciones sexuales con una mujer con albinismo pueden curar el VIH \/ SIDA. Estas afirmaciones nos convierten en blanco de agresiones sexuales. Otros afirman que las partes del cuerpo de los ni\u00f1os producen pociones m\u00e1s potentes.<\/p>\n\n\n\n<p>Las madres son condenadas al ostracismo si su hijo es albinista. Se ve como el resultado de una maldici\u00f3n, un mal presagio o una infidelidad. El albinismo no es m\u00e1s una elecci\u00f3n que el resultado de una maldici\u00f3n. Todo lo que podemos hacer es solicitar la aceptaci\u00f3n de la sociedad.<\/p>\n\n\n\n<p>Kenia est\u00e1 avanzando para proteger y apoyar a las personas con albinismo. Pero no es suficiente. Necesitamos justicia para las v\u00edctimas de ataques y apoyo socioecon\u00f3mico para las v\u00edctimas y sus familias.<\/p>\n","protected":false},"excerpt":{"rendered":"<p>COVID-19 obstaculiza el acceso a la atenci\u00f3n m\u00e9dica para personas con albinismo en \u00c1frica Oriental<\/p>\n","protected":false},"author":40,"featured_media":7085,"comment_status":"open","ping_status":"open","sticky":false,"template":"","format":"standard","meta":{"_acf_changed":false,"_uag_custom_page_level_css":"","_lmt_disableupdate":"no","_lmt_disable":"","footnotes":""},"categories":[260,188,190],"tags":[613,526,609,612,611,512,610],"class_list":["post-7247","post","type-post","status-publish","format-standard","has-post-thumbnail","hentry","category-conflicto","category-salud","category-virus","tag-africa-es","tag-albinism-es","tag-albino-es","tag-east-africa-es","tag-health-care-es","tag-kenya-es","tag-viruses-es"],"acf":[],"yoast_head":"<!-- This site is optimized with the Yoast SEO Premium plugin v27.5 (Yoast SEO v27.5) - https:\/\/yoast.com\/product\/yoast-seo-premium-wordpress\/ -->\n<title>&#039;Con el coraz\u00f3n roto y destrozado&#039;: personas con albinismo a las que se les niega atenci\u00f3n m\u00e9dica - Orato<\/title>\n<meta name=\"description\" content=\"Se estima que 10.000 personas que viven con albinismo en \u00c1frica Oriental fueron desplazadas y escondidas por temor a ser asesinadas.\" \/>\n<meta name=\"robots\" content=\"index, follow, max-snippet:-1, max-image-preview:large, max-video-preview:-1\" \/>\n<link rel=\"canonical\" href=\"https:\/\/orato.world\/es\/2020\/12\/22\/con-el-corazon-roto-y-destrozado-personas-con-albinismo-a-las-que-se-les-niega-atencion-medica\/\" \/>\n<meta property=\"og:locale\" content=\"es_ES\" \/>\n<meta property=\"og:type\" content=\"article\" \/>\n<meta property=\"og:title\" content=\"&#039;Con el coraz\u00f3n roto y destrozado&#039;: personas con albinismo a las que se les niega atenci\u00f3n m\u00e9dica\" \/>\n<meta property=\"og:description\" content=\"Se estima que 10.000 personas que viven con albinismo en \u00c1frica Oriental fueron desplazadas y escondidas por temor a ser asesinadas.\" \/>\n<meta property=\"og:url\" content=\"https:\/\/orato.world\/es\/2020\/12\/22\/con-el-corazon-roto-y-destrozado-personas-con-albinismo-a-las-que-se-les-niega-atencion-medica\/\" \/>\n<meta property=\"og:site_name\" content=\"Orato\" \/>\n<meta property=\"article:publisher\" content=\"https:\/\/www.facebook.com\/OratoWorld\/\" \/>\n<meta property=\"article:published_time\" content=\"2020-12-22T19:13:05+00:00\" \/>\n<meta property=\"article:modified_time\" content=\"2022-04-19T16:24:03+00:00\" \/>\n<meta property=\"og:image\" content=\"https:\/\/orato.world\/wp-content\/uploads\/albinism1-1.jpg\" \/>\n\t<meta property=\"og:image:width\" content=\"599\" \/>\n\t<meta property=\"og:image:height\" content=\"449\" \/>\n\t<meta property=\"og:image:type\" content=\"image\/jpeg\" \/>\n<meta name=\"author\" content=\"Keit Silale\" \/>\n<meta name=\"twitter:card\" content=\"summary_large_image\" \/>\n<meta name=\"twitter:creator\" content=\"@oratoworld\" \/>\n<meta name=\"twitter:site\" content=\"@oratoworld\" \/>\n<meta name=\"twitter:label1\" content=\"Escrito por\" \/>\n\t<meta name=\"twitter:data1\" content=\"Keit Silale\" \/>\n\t<meta name=\"twitter:label2\" content=\"Tiempo de lectura\" \/>\n\t<meta name=\"twitter:data2\" content=\"4 minutos\" \/>\n<script type=\"application\/ld+json\" class=\"yoast-schema-graph\">{\"@context\":\"https:\\\/\\\/schema.org\",\"@graph\":[{\"@type\":\"NewsArticle\",\"@id\":\"https:\\\/\\\/orato.world\\\/es\\\/2020\\\/12\\\/22\\\/con-el-corazon-roto-y-destrozado-personas-con-albinismo-a-las-que-se-les-niega-atencion-medica\\\/#article\",\"isPartOf\":{\"@id\":\"https:\\\/\\\/orato.world\\\/es\\\/2020\\\/12\\\/22\\\/con-el-corazon-roto-y-destrozado-personas-con-albinismo-a-las-que-se-les-niega-atencion-medica\\\/\"},\"author\":{\"name\":\"Keit Silale\",\"@id\":\"https:\\\/\\\/orato.world\\\/es\\\/#\\\/schema\\\/person\\\/0c984c0176da49e0fae82d499f0b5fbd\"},\"headline\":\"&#8216;Con el coraz\u00f3n roto y destrozado&#8217;: personas con albinismo a las que se les niega atenci\u00f3n m\u00e9dica\",\"datePublished\":\"2020-12-22T19:13:05+00:00\",\"dateModified\":\"2022-04-19T16:24:03+00:00\",\"mainEntityOfPage\":{\"@id\":\"https:\\\/\\\/orato.world\\\/es\\\/2020\\\/12\\\/22\\\/con-el-corazon-roto-y-destrozado-personas-con-albinismo-a-las-que-se-les-niega-atencion-medica\\\/\"},\"wordCount\":803,\"commentCount\":0,\"publisher\":{\"@id\":\"https:\\\/\\\/orato.world\\\/es\\\/#organization\"},\"image\":{\"@id\":\"https:\\\/\\\/orato.world\\\/es\\\/2020\\\/12\\\/22\\\/con-el-corazon-roto-y-destrozado-personas-con-albinismo-a-las-que-se-les-niega-atencion-medica\\\/#primaryimage\"},\"thumbnailUrl\":\"https:\\\/\\\/orato.world\\\/wp-content\\\/uploads\\\/albinism1-1.jpg\",\"keywords\":[\"Africa\",\"Albinism\",\"albino\",\"East Africa\",\"health care\",\"Kenya\",\"viruses\"],\"articleSection\":[\"Conflicto\",\"Salud\",\"Virus\"],\"inLanguage\":\"es\",\"potentialAction\":[{\"@type\":\"CommentAction\",\"name\":\"Comment\",\"target\":[\"https:\\\/\\\/orato.world\\\/es\\\/2020\\\/12\\\/22\\\/con-el-corazon-roto-y-destrozado-personas-con-albinismo-a-las-que-se-les-niega-atencion-medica\\\/#respond\"]}]},{\"@type\":\"WebPage\",\"@id\":\"https:\\\/\\\/orato.world\\\/es\\\/2020\\\/12\\\/22\\\/con-el-corazon-roto-y-destrozado-personas-con-albinismo-a-las-que-se-les-niega-atencion-medica\\\/\",\"url\":\"https:\\\/\\\/orato.world\\\/es\\\/2020\\\/12\\\/22\\\/con-el-corazon-roto-y-destrozado-personas-con-albinismo-a-las-que-se-les-niega-atencion-medica\\\/\",\"name\":\"'Con el coraz\u00f3n roto y destrozado': personas con albinismo a las que se les niega atenci\u00f3n m\u00e9dica - Orato\",\"isPartOf\":{\"@id\":\"https:\\\/\\\/orato.world\\\/es\\\/#website\"},\"primaryImageOfPage\":{\"@id\":\"https:\\\/\\\/orato.world\\\/es\\\/2020\\\/12\\\/22\\\/con-el-corazon-roto-y-destrozado-personas-con-albinismo-a-las-que-se-les-niega-atencion-medica\\\/#primaryimage\"},\"image\":{\"@id\":\"https:\\\/\\\/orato.world\\\/es\\\/2020\\\/12\\\/22\\\/con-el-corazon-roto-y-destrozado-personas-con-albinismo-a-las-que-se-les-niega-atencion-medica\\\/#primaryimage\"},\"thumbnailUrl\":\"https:\\\/\\\/orato.world\\\/wp-content\\\/uploads\\\/albinism1-1.jpg\",\"datePublished\":\"2020-12-22T19:13:05+00:00\",\"dateModified\":\"2022-04-19T16:24:03+00:00\",\"description\":\"Se estima que 10.000 personas que viven con albinismo en \u00c1frica Oriental fueron desplazadas y escondidas por temor a ser asesinadas.\",\"breadcrumb\":{\"@id\":\"https:\\\/\\\/orato.world\\\/es\\\/2020\\\/12\\\/22\\\/con-el-corazon-roto-y-destrozado-personas-con-albinismo-a-las-que-se-les-niega-atencion-medica\\\/#breadcrumb\"},\"inLanguage\":\"es\",\"potentialAction\":[{\"@type\":\"ReadAction\",\"target\":[\"https:\\\/\\\/orato.world\\\/es\\\/2020\\\/12\\\/22\\\/con-el-corazon-roto-y-destrozado-personas-con-albinismo-a-las-que-se-les-niega-atencion-medica\\\/\"]}]},{\"@type\":\"ImageObject\",\"inLanguage\":\"es\",\"@id\":\"https:\\\/\\\/orato.world\\\/es\\\/2020\\\/12\\\/22\\\/con-el-corazon-roto-y-destrozado-personas-con-albinismo-a-las-que-se-les-niega-atencion-medica\\\/#primaryimage\",\"url\":\"https:\\\/\\\/orato.world\\\/wp-content\\\/uploads\\\/albinism1-1.jpg\",\"contentUrl\":\"https:\\\/\\\/orato.world\\\/wp-content\\\/uploads\\\/albinism1-1.jpg\",\"width\":599,\"height\":449,\"caption\":\"Vivimos con miedo, sin saber lo que nos depara el ma\u00f1ana. El rostro del sujeto de la historia se ha recortado para proteger su identidad.\"},{\"@type\":\"BreadcrumbList\",\"@id\":\"https:\\\/\\\/orato.world\\\/es\\\/2020\\\/12\\\/22\\\/con-el-corazon-roto-y-destrozado-personas-con-albinismo-a-las-que-se-les-niega-atencion-medica\\\/#breadcrumb\",\"itemListElement\":[{\"@type\":\"ListItem\",\"position\":1,\"name\":\"Home\",\"item\":\"https:\\\/\\\/orato.world\\\/es\\\/\"},{\"@type\":\"ListItem\",\"position\":2,\"name\":\"&#8216;Con el coraz\u00f3n roto y destrozado&#8217;: personas con albinismo a las que se les niega atenci\u00f3n m\u00e9dica\"}]},{\"@type\":\"WebSite\",\"@id\":\"https:\\\/\\\/orato.world\\\/es\\\/#website\",\"url\":\"https:\\\/\\\/orato.world\\\/es\\\/\",\"name\":\"Orato\",\"description\":\"True Stories. Real People\",\"publisher\":{\"@id\":\"https:\\\/\\\/orato.world\\\/es\\\/#organization\"},\"potentialAction\":[{\"@type\":\"SearchAction\",\"target\":{\"@type\":\"EntryPoint\",\"urlTemplate\":\"https:\\\/\\\/orato.world\\\/es\\\/?s={search_term_string}\"},\"query-input\":{\"@type\":\"PropertyValueSpecification\",\"valueRequired\":true,\"valueName\":\"search_term_string\"}}],\"inLanguage\":\"es\"},{\"@type\":\"Organization\",\"@id\":\"https:\\\/\\\/orato.world\\\/es\\\/#organization\",\"name\":\"Orato World Media Inc.\",\"url\":\"https:\\\/\\\/orato.world\\\/es\\\/\",\"logo\":{\"@type\":\"ImageObject\",\"inLanguage\":\"es\",\"@id\":\"https:\\\/\\\/orato.world\\\/es\\\/#\\\/schema\\\/logo\\\/image\\\/\",\"url\":\"https:\\\/\\\/orato.world\\\/wp-content\\\/uploads\\\/2020\\\/07\\\/orato-logo-transparent.png\",\"contentUrl\":\"https:\\\/\\\/orato.world\\\/wp-content\\\/uploads\\\/2020\\\/07\\\/orato-logo-transparent.png\",\"width\":78,\"height\":73,\"caption\":\"Orato World Media Inc.\"},\"image\":{\"@id\":\"https:\\\/\\\/orato.world\\\/es\\\/#\\\/schema\\\/logo\\\/image\\\/\"},\"sameAs\":[\"https:\\\/\\\/www.facebook.com\\\/OratoWorld\\\/\",\"https:\\\/\\\/x.com\\\/oratoworld\",\"https:\\\/\\\/www.instagram.com\\\/oratoworld\",\"https:\\\/\\\/www.linkedin.com\\\/company\\\/42308818\\\/\"]},{\"@type\":\"Person\",\"@id\":\"https:\\\/\\\/orato.world\\\/es\\\/#\\\/schema\\\/person\\\/0c984c0176da49e0fae82d499f0b5fbd\",\"name\":\"Keit Silale\",\"image\":{\"@type\":\"ImageObject\",\"inLanguage\":\"es\",\"@id\":\"https:\\\/\\\/secure.gravatar.com\\\/avatar\\\/1cb7772d06a915c7111240d795ea4229068abbee3d8e947247b190a7e9e23a86?s=96&d=mm&r=g\",\"url\":\"https:\\\/\\\/secure.gravatar.com\\\/avatar\\\/1cb7772d06a915c7111240d795ea4229068abbee3d8e947247b190a7e9e23a86?s=96&d=mm&r=g\",\"contentUrl\":\"https:\\\/\\\/secure.gravatar.com\\\/avatar\\\/1cb7772d06a915c7111240d795ea4229068abbee3d8e947247b190a7e9e23a86?s=96&d=mm&r=g\",\"caption\":\"Keit Silale\"},\"description\":\"Experienced Journalist with a demonstrated history of working in the media production industry. Skilled in telling the untold Africa human interest stories, investigative and crime, current affairs as well as foreign affairs stories.\",\"url\":\"https:\\\/\\\/orato.world\\\/es\\\/author\\\/keit-silale\\\/\"}]}<\/script>\n<!-- \/ Yoast SEO Premium plugin. -->","yoast_head_json":{"title":"'Con el coraz\u00f3n roto y destrozado': personas con albinismo a las que se les niega atenci\u00f3n m\u00e9dica - Orato","description":"Se estima que 10.000 personas que viven con albinismo en \u00c1frica Oriental fueron desplazadas y escondidas por temor a ser asesinadas.","robots":{"index":"index","follow":"follow","max-snippet":"max-snippet:-1","max-image-preview":"max-image-preview:large","max-video-preview":"max-video-preview:-1"},"canonical":"https:\/\/orato.world\/es\/2020\/12\/22\/con-el-corazon-roto-y-destrozado-personas-con-albinismo-a-las-que-se-les-niega-atencion-medica\/","og_locale":"es_ES","og_type":"article","og_title":"'Con el coraz\u00f3n roto y destrozado': personas con albinismo a las que se les niega atenci\u00f3n m\u00e9dica","og_description":"Se estima que 10.000 personas que viven con albinismo en \u00c1frica Oriental fueron desplazadas y escondidas por temor a ser asesinadas.","og_url":"https:\/\/orato.world\/es\/2020\/12\/22\/con-el-corazon-roto-y-destrozado-personas-con-albinismo-a-las-que-se-les-niega-atencion-medica\/","og_site_name":"Orato","article_publisher":"https:\/\/www.facebook.com\/OratoWorld\/","article_published_time":"2020-12-22T19:13:05+00:00","article_modified_time":"2022-04-19T16:24:03+00:00","og_image":[{"width":599,"height":449,"url":"https:\/\/orato.world\/wp-content\/uploads\/albinism1-1.jpg","type":"image\/jpeg"}],"author":"Keit Silale","twitter_card":"summary_large_image","twitter_creator":"@oratoworld","twitter_site":"@oratoworld","twitter_misc":{"Escrito por":"Keit Silale","Tiempo de lectura":"4 minutos"},"schema":{"@context":"https:\/\/schema.org","@graph":[{"@type":"NewsArticle","@id":"https:\/\/orato.world\/es\/2020\/12\/22\/con-el-corazon-roto-y-destrozado-personas-con-albinismo-a-las-que-se-les-niega-atencion-medica\/#article","isPartOf":{"@id":"https:\/\/orato.world\/es\/2020\/12\/22\/con-el-corazon-roto-y-destrozado-personas-con-albinismo-a-las-que-se-les-niega-atencion-medica\/"},"author":{"name":"Keit Silale","@id":"https:\/\/orato.world\/es\/#\/schema\/person\/0c984c0176da49e0fae82d499f0b5fbd"},"headline":"&#8216;Con el coraz\u00f3n roto y destrozado&#8217;: personas con albinismo a las que se les niega atenci\u00f3n m\u00e9dica","datePublished":"2020-12-22T19:13:05+00:00","dateModified":"2022-04-19T16:24:03+00:00","mainEntityOfPage":{"@id":"https:\/\/orato.world\/es\/2020\/12\/22\/con-el-corazon-roto-y-destrozado-personas-con-albinismo-a-las-que-se-les-niega-atencion-medica\/"},"wordCount":803,"commentCount":0,"publisher":{"@id":"https:\/\/orato.world\/es\/#organization"},"image":{"@id":"https:\/\/orato.world\/es\/2020\/12\/22\/con-el-corazon-roto-y-destrozado-personas-con-albinismo-a-las-que-se-les-niega-atencion-medica\/#primaryimage"},"thumbnailUrl":"https:\/\/orato.world\/wp-content\/uploads\/albinism1-1.jpg","keywords":["Africa","Albinism","albino","East Africa","health care","Kenya","viruses"],"articleSection":["Conflicto","Salud","Virus"],"inLanguage":"es","potentialAction":[{"@type":"CommentAction","name":"Comment","target":["https:\/\/orato.world\/es\/2020\/12\/22\/con-el-corazon-roto-y-destrozado-personas-con-albinismo-a-las-que-se-les-niega-atencion-medica\/#respond"]}]},{"@type":"WebPage","@id":"https:\/\/orato.world\/es\/2020\/12\/22\/con-el-corazon-roto-y-destrozado-personas-con-albinismo-a-las-que-se-les-niega-atencion-medica\/","url":"https:\/\/orato.world\/es\/2020\/12\/22\/con-el-corazon-roto-y-destrozado-personas-con-albinismo-a-las-que-se-les-niega-atencion-medica\/","name":"'Con el coraz\u00f3n roto y destrozado': personas con albinismo a las que se les niega atenci\u00f3n m\u00e9dica - Orato","isPartOf":{"@id":"https:\/\/orato.world\/es\/#website"},"primaryImageOfPage":{"@id":"https:\/\/orato.world\/es\/2020\/12\/22\/con-el-corazon-roto-y-destrozado-personas-con-albinismo-a-las-que-se-les-niega-atencion-medica\/#primaryimage"},"image":{"@id":"https:\/\/orato.world\/es\/2020\/12\/22\/con-el-corazon-roto-y-destrozado-personas-con-albinismo-a-las-que-se-les-niega-atencion-medica\/#primaryimage"},"thumbnailUrl":"https:\/\/orato.world\/wp-content\/uploads\/albinism1-1.jpg","datePublished":"2020-12-22T19:13:05+00:00","dateModified":"2022-04-19T16:24:03+00:00","description":"Se estima que 10.000 personas que viven con albinismo en \u00c1frica Oriental fueron desplazadas y escondidas por temor a ser asesinadas.","breadcrumb":{"@id":"https:\/\/orato.world\/es\/2020\/12\/22\/con-el-corazon-roto-y-destrozado-personas-con-albinismo-a-las-que-se-les-niega-atencion-medica\/#breadcrumb"},"inLanguage":"es","potentialAction":[{"@type":"ReadAction","target":["https:\/\/orato.world\/es\/2020\/12\/22\/con-el-corazon-roto-y-destrozado-personas-con-albinismo-a-las-que-se-les-niega-atencion-medica\/"]}]},{"@type":"ImageObject","inLanguage":"es","@id":"https:\/\/orato.world\/es\/2020\/12\/22\/con-el-corazon-roto-y-destrozado-personas-con-albinismo-a-las-que-se-les-niega-atencion-medica\/#primaryimage","url":"https:\/\/orato.world\/wp-content\/uploads\/albinism1-1.jpg","contentUrl":"https:\/\/orato.world\/wp-content\/uploads\/albinism1-1.jpg","width":599,"height":449,"caption":"Vivimos con miedo, sin saber lo que nos depara el ma\u00f1ana. El rostro del sujeto de la historia se ha recortado para proteger su identidad."},{"@type":"BreadcrumbList","@id":"https:\/\/orato.world\/es\/2020\/12\/22\/con-el-corazon-roto-y-destrozado-personas-con-albinismo-a-las-que-se-les-niega-atencion-medica\/#breadcrumb","itemListElement":[{"@type":"ListItem","position":1,"name":"Home","item":"https:\/\/orato.world\/es\/"},{"@type":"ListItem","position":2,"name":"&#8216;Con el coraz\u00f3n roto y destrozado&#8217;: personas con albinismo a las que se les niega atenci\u00f3n m\u00e9dica"}]},{"@type":"WebSite","@id":"https:\/\/orato.world\/es\/#website","url":"https:\/\/orato.world\/es\/","name":"Orato","description":"True Stories. Real People","publisher":{"@id":"https:\/\/orato.world\/es\/#organization"},"potentialAction":[{"@type":"SearchAction","target":{"@type":"EntryPoint","urlTemplate":"https:\/\/orato.world\/es\/?s={search_term_string}"},"query-input":{"@type":"PropertyValueSpecification","valueRequired":true,"valueName":"search_term_string"}}],"inLanguage":"es"},{"@type":"Organization","@id":"https:\/\/orato.world\/es\/#organization","name":"Orato World Media Inc.","url":"https:\/\/orato.world\/es\/","logo":{"@type":"ImageObject","inLanguage":"es","@id":"https:\/\/orato.world\/es\/#\/schema\/logo\/image\/","url":"https:\/\/orato.world\/wp-content\/uploads\/2020\/07\/orato-logo-transparent.png","contentUrl":"https:\/\/orato.world\/wp-content\/uploads\/2020\/07\/orato-logo-transparent.png","width":78,"height":73,"caption":"Orato World Media Inc."},"image":{"@id":"https:\/\/orato.world\/es\/#\/schema\/logo\/image\/"},"sameAs":["https:\/\/www.facebook.com\/OratoWorld\/","https:\/\/x.com\/oratoworld","https:\/\/www.instagram.com\/oratoworld","https:\/\/www.linkedin.com\/company\/42308818\/"]},{"@type":"Person","@id":"https:\/\/orato.world\/es\/#\/schema\/person\/0c984c0176da49e0fae82d499f0b5fbd","name":"Keit Silale","image":{"@type":"ImageObject","inLanguage":"es","@id":"https:\/\/secure.gravatar.com\/avatar\/1cb7772d06a915c7111240d795ea4229068abbee3d8e947247b190a7e9e23a86?s=96&d=mm&r=g","url":"https:\/\/secure.gravatar.com\/avatar\/1cb7772d06a915c7111240d795ea4229068abbee3d8e947247b190a7e9e23a86?s=96&d=mm&r=g","contentUrl":"https:\/\/secure.gravatar.com\/avatar\/1cb7772d06a915c7111240d795ea4229068abbee3d8e947247b190a7e9e23a86?s=96&d=mm&r=g","caption":"Keit Silale"},"description":"Experienced Journalist with a demonstrated history of working in the media production industry. Skilled in telling the untold Africa human interest stories, investigative and crime, current affairs as well as foreign affairs stories.","url":"https:\/\/orato.world\/es\/author\/keit-silale\/"}]}},"modified_by":"Stephen","uagb_featured_image_src":{"full":["https:\/\/orato.world\/wp-content\/uploads\/albinism1-1.jpg",599,449,false],"thumbnail":["https:\/\/orato.world\/wp-content\/uploads\/albinism1-1-100x100.jpg",100,100,true],"medium":["https:\/\/orato.world\/wp-content\/uploads\/albinism1-1-300x225.jpg",300,225,true],"medium_large":["https:\/\/orato.world\/wp-content\/uploads\/albinism1-1.jpg",599,449,false],"large":["https:\/\/orato.world\/wp-content\/uploads\/albinism1-1.jpg",599,449,false],"1536x1536":["https:\/\/orato.world\/wp-content\/uploads\/albinism1-1.jpg",599,449,false],"2048x2048":["https:\/\/orato.world\/wp-content\/uploads\/albinism1-1.jpg",599,449,false],"gallery-size":["https:\/\/orato.world\/wp-content\/uploads\/albinism1-1.jpg",534,400,false],"lets-review-360-240":["https:\/\/orato.world\/wp-content\/uploads\/albinism1-1.jpg",320,240,false],"gform-image-choice-sm":["https:\/\/orato.world\/wp-content\/uploads\/albinism1-1.jpg",300,225,false],"gform-image-choice-md":["https:\/\/orato.world\/wp-content\/uploads\/albinism1-1.jpg",400,300,false],"gform-image-choice-lg":["https:\/\/orato.world\/wp-content\/uploads\/albinism1-1.jpg",599,449,false],"awsm_team":["https:\/\/orato.world\/wp-content\/uploads\/albinism1-1-500x449.jpg",500,449,true]},"uagb_author_info":{"display_name":"Keit Silale","author_link":"https:\/\/orato.world\/es\/author\/keit-silale\/"},"uagb_comment_info":0,"uagb_excerpt":"COVID-19 obstaculiza el acceso a la atenci\u00f3n m\u00e9dica para personas con albinismo en \u00c1frica Oriental","_links":{"self":[{"href":"https:\/\/orato.world\/es\/wp-json\/wp\/v2\/posts\/7247","targetHints":{"allow":["GET"]}}],"collection":[{"href":"https:\/\/orato.world\/es\/wp-json\/wp\/v2\/posts"}],"about":[{"href":"https:\/\/orato.world\/es\/wp-json\/wp\/v2\/types\/post"}],"author":[{"embeddable":true,"href":"https:\/\/orato.world\/es\/wp-json\/wp\/v2\/users\/40"}],"replies":[{"embeddable":true,"href":"https:\/\/orato.world\/es\/wp-json\/wp\/v2\/comments?post=7247"}],"version-history":[{"count":0,"href":"https:\/\/orato.world\/es\/wp-json\/wp\/v2\/posts\/7247\/revisions"}],"wp:featuredmedia":[{"embeddable":true,"href":"https:\/\/orato.world\/es\/wp-json\/wp\/v2\/media\/7085"}],"wp:attachment":[{"href":"https:\/\/orato.world\/es\/wp-json\/wp\/v2\/media?parent=7247"}],"wp:term":[{"taxonomy":"category","embeddable":true,"href":"https:\/\/orato.world\/es\/wp-json\/wp\/v2\/categories?post=7247"},{"taxonomy":"post_tag","embeddable":true,"href":"https:\/\/orato.world\/es\/wp-json\/wp\/v2\/tags?post=7247"}],"curies":[{"name":"wp","href":"https:\/\/api.w.org\/{rel}","templated":true}]}}