{"id":72799,"date":"2023-05-05T05:58:22","date_gmt":"2023-05-05T12:58:22","guid":{"rendered":"https:\/\/orato.world\/2023\/05\/05\/hibriduz-jazz-trae-los-ritmos-hondurenos-al-museo-de-jazz-en-nueva-orleans\/"},"modified":"2023-05-09T17:19:28","modified_gmt":"2023-05-10T00:19:28","slug":"hibriduz-jazz-trae-los-ritmos-hondurenos-al-museo-de-jazz-en-nueva-orleans","status":"publish","type":"post","link":"https:\/\/orato.world\/es\/2023\/05\/05\/hibriduz-jazz-trae-los-ritmos-hondurenos-al-museo-de-jazz-en-nueva-orleans\/","title":{"rendered":"Hibriduz Jazz trae los ritmos hondure\u00f1os al Museo de Jazz en Nueva Orleans."},"content":{"rendered":"<div class=\"lets-info-up-wrap  lets-info-up--right lets-info-up--m-1 lets-info-up-skin-1 lets-info-up--side\">\t\t\t<div class=\"lets-info-up\">\r\n\t\t\t<div class=\"lets-info-up-fi\"><img loading=\"lazy\" decoding=\"async\" width=\"500\" height=\"500\" src=\"https:\/\/orato.world\/wp-content\/uploads\/subject1-500x500.jpg\" class=\"attachment-lets-info-up-d1 size-lets-info-up-d1\" alt=\"\" srcset=\"https:\/\/orato.world\/wp-content\/uploads\/\/subject1-500x500.jpg 500w, https:\/\/orato.world\/wp-content\/uploads\/\/subject1-300x300.jpg 300w, https:\/\/orato.world\/wp-content\/uploads\/\/subject1-100x100.jpg 100w, https:\/\/orato.world\/wp-content\/uploads\/\/subject1-400x400.jpg 400w, https:\/\/orato.world\/wp-content\/uploads\/\/subject1-150x150.jpg 150w, https:\/\/orato.world\/wp-content\/uploads\/\/subject1-70x70.jpg 70w, https:\/\/orato.world\/wp-content\/uploads\/\/subject1.jpg 600w\" sizes=\"auto, (max-width: 500px) 100vw, 500px\" \/><\/div>\t\t\t<div class=\"lets-info-up-block-wrap\">\r\n\t\t\t\t<div class=\"lets-info-up-block lets-info-up-meta-block\"><div class=\"lets-info-up-meta-title lets-info-up-pretitle font-h\">INTERVIEW SUBJECT<\/div><div class=\"lets-info-up-meta-content lets-info-up-title font-b\"><a href=\"https:\/\/www.youtube.com\/watch?v=bdDOO13CgNs&amp;ab_channel=HibriduzJazz\">Brian Pagoaga Argueta<\/a> is a musician from Honduras who directs the <a href=\"https:\/\/hibriduzjazz.com\/\">Hibriduz Jazz<\/a> band, a musical group which integrates Honduran culture and instrumentation, and recently performed in New Orleans for the iconic Jazz Museum gala. The group has performed in Europe, including cities like Brussels, Ghent, and Antwerp. They&#8217;ve also played shows in Asia, in locations such as Taiper, Taichung, Tainan, and Kaohsiung. Along the way, they released two albums, <a href=\"https:\/\/soundcloud.com\/marito-je\/sets\/session-jazz-2015\">Jazz Session (2015)<\/a> and <a href=\"https:\/\/music.apple.com\/us\/album\/laremu-namule\/1438791313\">Laremu Namule (2018)<\/a>. <\/div><\/div><div class=\"lets-info-up-block lets-info-up-meta-block\"><div class=\"lets-info-up-meta-title lets-info-up-pretitle font-h\">BACKGROUND INFORMATION<\/div><div class=\"lets-info-up-meta-content lets-info-up-title font-b\"><a href=\"https:\/\/nolajazzmuseum.org\/about\" target=\"_blank\" rel=\"noreferrer noopener\">The Jazz Museum<\/a> is located in the heart of New Orleans and its main purpose is to celebrate the history of jazz. In this place, exhibitions, concerts, and research media mingle. It also serves as a means to provide resources to musicians from all nationalities.<\/div><\/div>\t\t\t<\/div>\r\n\t\t\t<\/div>\r\n\t\t<\/div>\r\n\t\t\n<p><div class=\"group w-full text-gray-800 dark:text-gray-100 border-b border-black\/10 dark:border-gray-900\/50 bg-gray-50 dark:bg-[#444654]\">&#13;\n<div class=\"flex p-4 gap-4 text-base md:gap-6 md:max-w-2xl lg:max-w-xl xl:max-w-3xl md:py-6 lg:px-0 m-auto\">&#13;\n<div class=\"relative flex flex-col w-[calc(100%-50px)] gap-1 md:gap-3 lg:w-[calc(100%-115px)]\">&#13;\n<div class=\"flex flex-grow flex-col gap-3\">&#13;\n<div class=\"min-h-[20px] flex flex-col items-start gap-4 whitespace-pre-wrap break-words\">&#13;\n<div class=\"markdown prose w-full break-words dark:prose-invert light\">&#13;\n&#13;\nNUEVA ORLEANS, Estados Unidos &#8211; <a href=\"https:\/\/nolajazzmuseum.org\/gala\">En la gran noche del ic\u00f3nico Gala del Museo de Jazz de Nueva Orleans<\/a>, la adrenalina recorr\u00eda todo mi cuerpo mientras nos prepar\u00e1bamos para actuar. Nunca en mis sue\u00f1os m\u00e1s locos habr\u00eda imaginado este momento.&#13;\n&#13;\n<\/div>&#13;\n<\/div>&#13;\n<\/div>&#13;\n<div class=\"flex justify-between lg:block\">&#13;\n<div class=\"text-xs flex items-center justify-center gap-1 self-center pt-2 !invisible\"><\/div>&#13;\n<div class=\"text-gray-400 flex self-end lg:self-center justify-center mt-2 gap-2 md:gap-3 lg:gap-1 lg:absolute lg:top-0 lg:translate-x-full lg:right-0 lg:mt-0 lg:pl-2 visible\"><button class=\"flex ml-auto gap-2 rounded-md p-1 hover:bg-gray-100 hover:text-gray-700 dark:text-gray-400 dark:hover:bg-gray-700 dark:hover:text-gray-200 disabled:dark:hover:text-gray-400\"><\/button>&#13;\n<div class=\"flex gap-1\"><\/div>&#13;\n<\/div>&#13;\n<\/div>&#13;\n<\/div>&#13;\n<\/div>&#13;\n<\/div><\/p>\n\n<p>Se sent\u00eda surrealista que tuvi\u00e9ramos un escenario preparado para nosotros en la ciudad del jazz, bajo el cielo estrellado de una ciudad llena de color y riqueza. El maravilloso aroma de la comida caj\u00fan reci\u00e9n cocida llenaba el aire y las multitudes se reun\u00edan a nuestro alrededor. Se pod\u00eda escuchar el sonido de los saxofones resonando por las calles. En ese momento, me di cuenta de cu\u00e1nto significaba la m\u00fasica para m\u00ed. En un lugar tan lejano de mis ra\u00edces en Honduras, la m\u00fasica instant\u00e1neamente me hizo sentir en casa.<\/p>\n\n<h2 class=\"wp-block-heading\" id=\"h-an-unforgettable-night-in-new-orleans\">Una noche inolvidable en Nueva Orleans<\/h2>\n\n<p><div class=\"group w-full text-gray-800 dark:text-gray-100 border-b border-black\/10 dark:border-gray-900\/50 bg-gray-50 dark:bg-[#444654]\">&#13;\n<div class=\"flex p-4 gap-4 text-base md:gap-6 md:max-w-2xl lg:max-w-xl xl:max-w-3xl md:py-6 lg:px-0 m-auto\">&#13;\n<div class=\"relative flex flex-col w-[calc(100%-50px)] gap-1 md:gap-3 lg:w-[calc(100%-115px)]\">&#13;\n<div class=\"flex flex-grow flex-col gap-3\">&#13;\n<div class=\"min-h-[20px] flex flex-col items-start gap-4 whitespace-pre-wrap break-words\">&#13;\n<div class=\"markdown prose w-full break-words dark:prose-invert light\">&#13;\n&#13;\nEn cuesti\u00f3n de segundos de llegar al escenario, tocamos nuestra canci\u00f3n \u00abParranda de Amor\u00bb mientras sent\u00eda las vibraciones de cada nota. Los ricos y terrosos tonos de los tambores Gar\u00edfuna combinados con la dulce melod\u00eda de la guitarra llenaron la noche de una energ\u00eda vibrante y electrizante. Nos sentimos orgullosos de ser la primera banda en el mundo en llevar<a href=\"https:\/\/belize.com\/music-drums\/\"> tambores Gar\u00edfuna<\/a> al Jazz Museum, haciendo historia.&#13;\n&#13;\n<\/div>&#13;\n<\/div>&#13;\n<\/div>&#13;\n<div class=\"flex justify-between lg:block\">&#13;\n<div class=\"text-xs flex items-center justify-center gap-1 self-center pt-2 !invisible\"><\/div>&#13;\n<div class=\"text-gray-400 flex self-end lg:self-center justify-center mt-2 gap-2 md:gap-3 lg:gap-1 lg:absolute lg:top-0 lg:translate-x-full lg:right-0 lg:mt-0 lg:pl-2 visible\"><button class=\"flex ml-auto gap-2 rounded-md p-1 hover:bg-gray-100 hover:text-gray-700 dark:text-gray-400 dark:hover:bg-gray-700 dark:hover:text-gray-200 disabled:dark:hover:text-gray-400\"><\/button>&#13;\n<div class=\"flex gap-1\"><\/div>&#13;\n<\/div>&#13;\n<\/div>&#13;\n<\/div>&#13;\n<\/div>&#13;\n<\/div><\/p>\n\n<p>Todo lo que sucedi\u00f3 esa noche parec\u00eda un completo sue\u00f1o. Mientras toc\u00e1bamos, completamente inmersos en el momento, el tiempo se detuvo. Cuando terminamos la canci\u00f3n, hubo un momento de silencio mientras los \u00faltimos acordes quedaban flotando en el aire. Todos sentimos la energ\u00eda del momento, sabiendo que acab\u00e1bamos de crear algo especial que ser\u00eda compartido con el mundo.&#13;\n&#13;\n&#13;\n&#13;\n&#13;\n<\/p>\n\n<p>Recibimos la noticia de nuestra invitaci\u00f3n a la Casa del Jazz durante un momento muy dif\u00edcil en nuestras vidas. Recientemente hab\u00eda perdido a mi padre a causa del c\u00e1ncer. Lo \u00faltimo que me insisti\u00f3 fue que nunca dejara de perseguir mis sue\u00f1os. Tambi\u00e9n tuve que despedirme de mi maestro de jazz, Julio Zelaya, quien tuvo un papel cr\u00edtico en mi camino musical. Estas dos personas, ahora ausentes, fueron pilares en mi vida. Me sent\u00eda completamente perdido y desconsolado. Al escuchar la noticia del festival de jazz, lo vi como una se\u00f1al de mis \u00e1ngeles guardianes.&#13;\n&#13;\n&#13;\n&#13;\n&#13;\n<\/p>\n\n<h2 class=\"wp-block-heading\"><h2>Nuestra m\u00fasica se mezcl\u00f3 con la rica historia del Museo de Jazz.<\/h2>&#13;\n<h2><\/h2><\/h2>\n\n<p>La oportunidad de presentarnos lleg\u00f3 a trav\u00e9s de nuestro pianista, Oscar Josu\u00e9 Rossignoli, uno de los mejores m\u00fasicos del mundo. \u00c9l se conect\u00f3 con Taslya Mej\u00eda, una hondure\u00f1a encargada de relaciones p\u00fablicas en el Museo de Jazz. Luego se comunic\u00f3 conmigo y nos ofreci\u00f3 la oportunidad de tocar. Reconoci\u00f3 el impacto que hab\u00edamos tenido en otros escenarios internacionales y nos quer\u00eda en Nueva Orleans. Parec\u00eda demasiado bueno para ser verdad. La puerta al mundo del jazz se abri\u00f3 de repente para nosotros. Aprovechamos la oportunidad con todo nuestro coraz\u00f3n y el momento permanece grabado en mi mente para siempre.&#13;\n&#13;\n&#13;\n&#13;\n&#13;\n<\/p>\n\n<p>Filmar nuestro video en el Museo de Jazz de Nueva Orleans se sinti\u00f3 como una oportunidad \u00fanica en la vida, que atesoraremos durante a\u00f1os. El momento nos uni\u00f3 m\u00e1s como banda. El museo se present\u00f3 como un impresionante tel\u00f3n de fondo para nuestro video, con su grandiosa arquitectura y rica historia. Al empezar a tocar nuestra canci\u00f3n, \u00abParranda de amor\u00bb, nuestra m\u00fasica se fusion\u00f3 con la atm\u00f3sfera que nos rodeaba. Las notas suaves del jazz se mezclaron sin esfuerzo con los ritmos Gar\u00edfunas, creando una vibrante tela de sonido \u00fanica para nosotros.<\/p>\n\n<h2 class=\"wp-block-heading\"><h2>La m\u00fasica nos da el poder para superar la adversidad.<\/h2>&#13;\n\u00a0<\/h2>\n\n<p>Desde 2004, nuestra banda de jazz busca abrazar nuestras ra\u00edces hondure\u00f1as y aprovechar esa energ\u00eda cultural a trav\u00e9s de nuestro ritmo y letras. Seguimos la l\u00ednea Gar\u00edfuna transmitida por nuestros maestros, Julio Zelaya y Camilo Corea. Ellos inspiraron nuestro sonido desde el primer momento en que tomamos instrumentos en nuestras manos. Como banda que lleva m\u00e1s de 20 a\u00f1os en la escena musical, compartimos nuestra m\u00fasica alrededor del pa\u00eds y el mundo, abriendo nuestro propio camino y difundiendo la cultura hondure\u00f1a a nivel global.&#13;\n&#13;\n&#13;\n&#13;\n&#13;\n<\/p>\n\n<p><a href=\"https:\/\/www.instagram.com\/hibriduzjazz\/?hl=en\">Hibriduz Jazz<\/a> representa m\u00e1s que una banda para nosotros; es todo. Trabajamos arduamente para cultivar a j\u00f3venes m\u00fasicos y fomentar su potencial creativo. Durante la pandemia de COVID-19, a pesar de los inmensos desaf\u00edos que todos enfrentamos, la vida me otorg\u00f3 una oportunidad \u00fanica. Me conect\u00e9 con m\u00e1s de 75 j\u00f3venes de \u00e1reas vulnerables en Tegucigalpa, Honduras. Mientras lidiaban con la abrumadora presi\u00f3n y ansiedad del encierro, a trav\u00e9s del poder del jazz h\u00edbrido, la m\u00fasica les brind\u00f3 una escapatoria muy necesaria de la realidad.&#13;\n&#13;\n\u00a0<\/p>\n\n<p><div class=\"group w-full text-gray-800 dark:text-gray-100 border-b border-black\/10 dark:border-gray-900\/50 bg-gray-50 dark:bg-[#444654]\">&#13;\n<div class=\"flex p-4 gap-4 text-base md:gap-6 md:max-w-2xl lg:max-w-xl xl:max-w-3xl md:py-6 lg:px-0 m-auto\">&#13;\n<div class=\"relative flex flex-col w-[calc(100%-50px)] gap-1 md:gap-3 lg:w-[calc(100%-115px)]\">&#13;\n<div class=\"flex flex-grow flex-col gap-3\">&#13;\n<div class=\"min-h-[20px] flex flex-col items-start gap-4 whitespace-pre-wrap break-words\">&#13;\n<div class=\"markdown prose w-full break-words dark:prose-invert light\"><\/div>&#13;\n<\/div>&#13;\n<\/div>&#13;\n<div class=\"flex justify-between lg:block\">&#13;\n<div class=\"text-gray-400 flex self-end lg:self-center justify-center mt-2 gap-2 md:gap-3 lg:gap-1 lg:absolute lg:top-0 lg:translate-x-full lg:right-0 lg:mt-0 lg:pl-2 visible\">&#13;\n&#13;\nFormamos el <a href=\"https:\/\/www.facebook.com\/ColectivoJuvenilJazz\/\">Colectivo Juvenil de Tegucigalpa,<\/a> una ambiciosa agrupaci\u00f3n de j\u00f3venes m\u00fasicos apasionados por el jazz. A trav\u00e9s de nuestros esfuerzos colaborativos, grabamos un \u00e1lbum en homenaje al legado del fallecido maestro Julio Zelaya y mostramos nuestro talento a audiencias en todo el pa\u00eds.&#13;\n&#13;\n\u00a0&#13;\n&#13;\n<\/div>&#13;\n<\/div>&#13;\n<\/div>&#13;\n<\/div>&#13;\n<\/div><\/p>\n\n<p>En tiempos inciertos, logramos utilizar la m\u00fasica para perseverar; para convertir la adversidad en una oportunidad de crecimiento y autodescubrimiento. Por eso, estoy eternamente agradecido.<\/p>\n","protected":false},"excerpt":{"rendered":"<p>En cuesti\u00f3n de segundos al llegar al escenario, tocamos nuestra canci\u00f3n \u00abParranda de Amor\u00bb y sent\u00ed las vibraciones de cada nota. Los ricos y terrosos tonos de los tambores Gar\u00edfuna combinados con la dulce melod\u00eda de la guitarra llenaron la noche con una energ\u00eda vibrante y electrizante.<\/p>\n","protected":false},"author":199,"featured_media":72509,"comment_status":"open","ping_status":"open","sticky":false,"template":"","format":"standard","meta":{"_acf_changed":false,"_uag_custom_page_level_css":"","_lmt_disableupdate":"","_lmt_disable":"","footnotes":""},"categories":[1617],"tags":[3058,6109,6113,6108,6112,6110,6107,6111,6114],"class_list":["post-72799","post","type-post","status-publish","format-standard","has-post-thumbnail","hentry","category-arte-y-cultura-es","tag-estados-unidos","tag-festival-de-jazz","tag-hibriduz-jazz-es","tag-jazz-es","tag-museo-de-jazz","tag-musicos","tag-nueva-orleans","tag-show-es","tag-trayectorias"],"acf":[],"yoast_head":"<!-- This site is optimized with the Yoast SEO Premium plugin v27.5 (Yoast SEO v27.5) - https:\/\/yoast.com\/product\/yoast-seo-premium-wordpress\/ -->\n<title>Hibriduz Jazz se presenta en el Museo del Jazz de Nueva Orleans.<\/title>\n<meta name=\"description\" content=\"En la gran noche de la Gala del Iconic Jazz Museum, la adrenalina recorr\u00eda todo mi cuerpo mientras nos prepar\u00e1bamos para actuar. Todo se sent\u00eda surrealista.\" \/>\n<meta name=\"robots\" content=\"index, follow, max-snippet:-1, max-image-preview:large, max-video-preview:-1\" \/>\n<link rel=\"canonical\" href=\"https:\/\/orato.world\/es\/2023\/05\/05\/hibriduz-jazz-trae-los-ritmos-hondurenos-al-museo-de-jazz-en-nueva-orleans\/\" \/>\n<meta property=\"og:locale\" content=\"es_ES\" \/>\n<meta property=\"og:type\" content=\"article\" \/>\n<meta property=\"og:title\" content=\"Hibriduz Jazz trae los ritmos hondure\u00f1os al Museo de Jazz en Nueva Orleans.\" \/>\n<meta property=\"og:description\" content=\"En la gran noche de la Gala del Iconic Jazz Museum, la adrenalina recorr\u00eda todo mi cuerpo mientras nos prepar\u00e1bamos para actuar. Todo se sent\u00eda surrealista.\" \/>\n<meta property=\"og:url\" content=\"https:\/\/orato.world\/es\/2023\/05\/05\/hibriduz-jazz-trae-los-ritmos-hondurenos-al-museo-de-jazz-en-nueva-orleans\/\" \/>\n<meta property=\"og:site_name\" content=\"Orato\" \/>\n<meta property=\"article:publisher\" content=\"https:\/\/www.facebook.com\/OratoWorld\/\" \/>\n<meta property=\"article:published_time\" content=\"2023-05-05T12:58:22+00:00\" \/>\n<meta property=\"article:modified_time\" content=\"2023-05-10T00:19:28+00:00\" \/>\n<meta property=\"og:image\" content=\"https:\/\/orato.world\/wp-content\/uploads\/feature-32.jpg\" \/>\n\t<meta property=\"og:image:width\" content=\"1280\" \/>\n\t<meta property=\"og:image:height\" content=\"960\" \/>\n\t<meta property=\"og:image:type\" content=\"image\/jpeg\" \/>\n<meta name=\"author\" content=\"Sandy Diaz Gallardo\" \/>\n<meta name=\"twitter:card\" content=\"summary_large_image\" \/>\n<meta name=\"twitter:creator\" content=\"@oratoworld\" \/>\n<meta name=\"twitter:site\" content=\"@oratoworld\" \/>\n<meta name=\"twitter:label1\" content=\"Escrito por\" \/>\n\t<meta name=\"twitter:data1\" content=\"Sandy Diaz Gallardo\" \/>\n\t<meta name=\"twitter:label2\" content=\"Tiempo de lectura\" \/>\n\t<meta name=\"twitter:data2\" content=\"4 minutos\" \/>\n<script type=\"application\/ld+json\" class=\"yoast-schema-graph\">{\"@context\":\"https:\\\/\\\/schema.org\",\"@graph\":[{\"@type\":\"NewsArticle\",\"@id\":\"https:\\\/\\\/orato.world\\\/es\\\/2023\\\/05\\\/05\\\/hibriduz-jazz-trae-los-ritmos-hondurenos-al-museo-de-jazz-en-nueva-orleans\\\/#article\",\"isPartOf\":{\"@id\":\"https:\\\/\\\/orato.world\\\/es\\\/2023\\\/05\\\/05\\\/hibriduz-jazz-trae-los-ritmos-hondurenos-al-museo-de-jazz-en-nueva-orleans\\\/\"},\"author\":{\"name\":\"Sandy Diaz Gallardo\",\"@id\":\"https:\\\/\\\/orato.world\\\/es\\\/#\\\/schema\\\/person\\\/d22a1e0e3f5f9439c1a1f5675a06f688\"},\"headline\":\"Hibriduz Jazz trae los ritmos hondure\u00f1os al Museo de Jazz en Nueva Orleans.\",\"datePublished\":\"2023-05-05T12:58:22+00:00\",\"dateModified\":\"2023-05-10T00:19:28+00:00\",\"mainEntityOfPage\":{\"@id\":\"https:\\\/\\\/orato.world\\\/es\\\/2023\\\/05\\\/05\\\/hibriduz-jazz-trae-los-ritmos-hondurenos-al-museo-de-jazz-en-nueva-orleans\\\/\"},\"wordCount\":903,\"commentCount\":0,\"publisher\":{\"@id\":\"https:\\\/\\\/orato.world\\\/es\\\/#organization\"},\"image\":{\"@id\":\"https:\\\/\\\/orato.world\\\/es\\\/2023\\\/05\\\/05\\\/hibriduz-jazz-trae-los-ritmos-hondurenos-al-museo-de-jazz-en-nueva-orleans\\\/#primaryimage\"},\"thumbnailUrl\":\"https:\\\/\\\/orato.world\\\/wp-content\\\/uploads\\\/feature-32.jpg\",\"keywords\":[\"Estados Unidos\",\"festival de jazz\",\"hibriduz jazz\",\"jazz\",\"museo de jazz\",\"m\u00fasicos\",\"nueva orleans\",\"show\",\"trayectorias\"],\"articleSection\":[\"Arte y Cultura\"],\"inLanguage\":\"es\",\"potentialAction\":[{\"@type\":\"CommentAction\",\"name\":\"Comment\",\"target\":[\"https:\\\/\\\/orato.world\\\/es\\\/2023\\\/05\\\/05\\\/hibriduz-jazz-trae-los-ritmos-hondurenos-al-museo-de-jazz-en-nueva-orleans\\\/#respond\"]}]},{\"@type\":\"WebPage\",\"@id\":\"https:\\\/\\\/orato.world\\\/es\\\/2023\\\/05\\\/05\\\/hibriduz-jazz-trae-los-ritmos-hondurenos-al-museo-de-jazz-en-nueva-orleans\\\/\",\"url\":\"https:\\\/\\\/orato.world\\\/es\\\/2023\\\/05\\\/05\\\/hibriduz-jazz-trae-los-ritmos-hondurenos-al-museo-de-jazz-en-nueva-orleans\\\/\",\"name\":\"Hibriduz Jazz se presenta en el Museo del Jazz de Nueva Orleans.\",\"isPartOf\":{\"@id\":\"https:\\\/\\\/orato.world\\\/es\\\/#website\"},\"primaryImageOfPage\":{\"@id\":\"https:\\\/\\\/orato.world\\\/es\\\/2023\\\/05\\\/05\\\/hibriduz-jazz-trae-los-ritmos-hondurenos-al-museo-de-jazz-en-nueva-orleans\\\/#primaryimage\"},\"image\":{\"@id\":\"https:\\\/\\\/orato.world\\\/es\\\/2023\\\/05\\\/05\\\/hibriduz-jazz-trae-los-ritmos-hondurenos-al-museo-de-jazz-en-nueva-orleans\\\/#primaryimage\"},\"thumbnailUrl\":\"https:\\\/\\\/orato.world\\\/wp-content\\\/uploads\\\/feature-32.jpg\",\"datePublished\":\"2023-05-05T12:58:22+00:00\",\"dateModified\":\"2023-05-10T00:19:28+00:00\",\"description\":\"En la gran noche de la Gala del Iconic Jazz Museum, la adrenalina recorr\u00eda todo mi cuerpo mientras nos prepar\u00e1bamos para actuar. Todo se sent\u00eda surrealista.\",\"breadcrumb\":{\"@id\":\"https:\\\/\\\/orato.world\\\/es\\\/2023\\\/05\\\/05\\\/hibriduz-jazz-trae-los-ritmos-hondurenos-al-museo-de-jazz-en-nueva-orleans\\\/#breadcrumb\"},\"inLanguage\":\"es\",\"potentialAction\":[{\"@type\":\"ReadAction\",\"target\":[\"https:\\\/\\\/orato.world\\\/es\\\/2023\\\/05\\\/05\\\/hibriduz-jazz-trae-los-ritmos-hondurenos-al-museo-de-jazz-en-nueva-orleans\\\/\"]}]},{\"@type\":\"ImageObject\",\"inLanguage\":\"es\",\"@id\":\"https:\\\/\\\/orato.world\\\/es\\\/2023\\\/05\\\/05\\\/hibriduz-jazz-trae-los-ritmos-hondurenos-al-museo-de-jazz-en-nueva-orleans\\\/#primaryimage\",\"url\":\"https:\\\/\\\/orato.world\\\/wp-content\\\/uploads\\\/feature-32.jpg\",\"contentUrl\":\"https:\\\/\\\/orato.world\\\/wp-content\\\/uploads\\\/feature-32.jpg\",\"width\":1280,\"height\":960,\"caption\":\"The band stands on the stage of the Jazz Museum event in New Orleans, where they got to perform and record a video. The band is known for bringing Honduran culture and traditions to the world of jazz all around the world. | Photo courtesy of band manager Mario Guevara\"},{\"@type\":\"BreadcrumbList\",\"@id\":\"https:\\\/\\\/orato.world\\\/es\\\/2023\\\/05\\\/05\\\/hibriduz-jazz-trae-los-ritmos-hondurenos-al-museo-de-jazz-en-nueva-orleans\\\/#breadcrumb\",\"itemListElement\":[{\"@type\":\"ListItem\",\"position\":1,\"name\":\"Home\",\"item\":\"https:\\\/\\\/orato.world\\\/es\\\/\"},{\"@type\":\"ListItem\",\"position\":2,\"name\":\"Hibriduz Jazz trae los ritmos hondure\u00f1os al Museo de Jazz en Nueva Orleans.\"}]},{\"@type\":\"WebSite\",\"@id\":\"https:\\\/\\\/orato.world\\\/es\\\/#website\",\"url\":\"https:\\\/\\\/orato.world\\\/es\\\/\",\"name\":\"Orato\",\"description\":\"True Stories. Real People\",\"publisher\":{\"@id\":\"https:\\\/\\\/orato.world\\\/es\\\/#organization\"},\"potentialAction\":[{\"@type\":\"SearchAction\",\"target\":{\"@type\":\"EntryPoint\",\"urlTemplate\":\"https:\\\/\\\/orato.world\\\/es\\\/?s={search_term_string}\"},\"query-input\":{\"@type\":\"PropertyValueSpecification\",\"valueRequired\":true,\"valueName\":\"search_term_string\"}}],\"inLanguage\":\"es\"},{\"@type\":\"Organization\",\"@id\":\"https:\\\/\\\/orato.world\\\/es\\\/#organization\",\"name\":\"Orato World Media Inc.\",\"url\":\"https:\\\/\\\/orato.world\\\/es\\\/\",\"logo\":{\"@type\":\"ImageObject\",\"inLanguage\":\"es\",\"@id\":\"https:\\\/\\\/orato.world\\\/es\\\/#\\\/schema\\\/logo\\\/image\\\/\",\"url\":\"https:\\\/\\\/orato.world\\\/wp-content\\\/uploads\\\/2020\\\/07\\\/orato-logo-transparent.png\",\"contentUrl\":\"https:\\\/\\\/orato.world\\\/wp-content\\\/uploads\\\/2020\\\/07\\\/orato-logo-transparent.png\",\"width\":78,\"height\":73,\"caption\":\"Orato World Media Inc.\"},\"image\":{\"@id\":\"https:\\\/\\\/orato.world\\\/es\\\/#\\\/schema\\\/logo\\\/image\\\/\"},\"sameAs\":[\"https:\\\/\\\/www.facebook.com\\\/OratoWorld\\\/\",\"https:\\\/\\\/x.com\\\/oratoworld\",\"https:\\\/\\\/www.instagram.com\\\/oratoworld\",\"https:\\\/\\\/www.linkedin.com\\\/company\\\/42308818\\\/\"]},{\"@type\":\"Person\",\"@id\":\"https:\\\/\\\/orato.world\\\/es\\\/#\\\/schema\\\/person\\\/d22a1e0e3f5f9439c1a1f5675a06f688\",\"name\":\"Sandy Diaz Gallardo\",\"image\":{\"@type\":\"ImageObject\",\"inLanguage\":\"es\",\"@id\":\"https:\\\/\\\/secure.gravatar.com\\\/avatar\\\/fc9937b4596546367adc61dd1febe1d52e87d9d4289ec8378528f7149336095c?s=96&d=mm&r=g\",\"url\":\"https:\\\/\\\/secure.gravatar.com\\\/avatar\\\/fc9937b4596546367adc61dd1febe1d52e87d9d4289ec8378528f7149336095c?s=96&d=mm&r=g\",\"contentUrl\":\"https:\\\/\\\/secure.gravatar.com\\\/avatar\\\/fc9937b4596546367adc61dd1febe1d52e87d9d4289ec8378528f7149336095c?s=96&d=mm&r=g\",\"caption\":\"Sandy Diaz Gallardo\"},\"description\":\"Sandy is a Honduran journalist with experience in television, media, and covering political and economic issues in the country. She has also worked in radio, public relations, and advertising. She graduated from the National Autonomous University of Honduras.\",\"url\":\"https:\\\/\\\/orato.world\\\/es\\\/author\\\/sandy-diaz-gallardo\\\/\"}]}<\/script>\n<!-- \/ Yoast SEO Premium plugin. -->","yoast_head_json":{"title":"Hibriduz Jazz se presenta en el Museo del Jazz de Nueva Orleans.","description":"En la gran noche de la Gala del Iconic Jazz Museum, la adrenalina recorr\u00eda todo mi cuerpo mientras nos prepar\u00e1bamos para actuar. Todo se sent\u00eda surrealista.","robots":{"index":"index","follow":"follow","max-snippet":"max-snippet:-1","max-image-preview":"max-image-preview:large","max-video-preview":"max-video-preview:-1"},"canonical":"https:\/\/orato.world\/es\/2023\/05\/05\/hibriduz-jazz-trae-los-ritmos-hondurenos-al-museo-de-jazz-en-nueva-orleans\/","og_locale":"es_ES","og_type":"article","og_title":"Hibriduz Jazz trae los ritmos hondure\u00f1os al Museo de Jazz en Nueva Orleans.","og_description":"En la gran noche de la Gala del Iconic Jazz Museum, la adrenalina recorr\u00eda todo mi cuerpo mientras nos prepar\u00e1bamos para actuar. Todo se sent\u00eda surrealista.","og_url":"https:\/\/orato.world\/es\/2023\/05\/05\/hibriduz-jazz-trae-los-ritmos-hondurenos-al-museo-de-jazz-en-nueva-orleans\/","og_site_name":"Orato","article_publisher":"https:\/\/www.facebook.com\/OratoWorld\/","article_published_time":"2023-05-05T12:58:22+00:00","article_modified_time":"2023-05-10T00:19:28+00:00","og_image":[{"width":1280,"height":960,"url":"https:\/\/orato.world\/wp-content\/uploads\/feature-32.jpg","type":"image\/jpeg"}],"author":"Sandy Diaz Gallardo","twitter_card":"summary_large_image","twitter_creator":"@oratoworld","twitter_site":"@oratoworld","twitter_misc":{"Escrito por":"Sandy Diaz Gallardo","Tiempo de lectura":"4 minutos"},"schema":{"@context":"https:\/\/schema.org","@graph":[{"@type":"NewsArticle","@id":"https:\/\/orato.world\/es\/2023\/05\/05\/hibriduz-jazz-trae-los-ritmos-hondurenos-al-museo-de-jazz-en-nueva-orleans\/#article","isPartOf":{"@id":"https:\/\/orato.world\/es\/2023\/05\/05\/hibriduz-jazz-trae-los-ritmos-hondurenos-al-museo-de-jazz-en-nueva-orleans\/"},"author":{"name":"Sandy Diaz Gallardo","@id":"https:\/\/orato.world\/es\/#\/schema\/person\/d22a1e0e3f5f9439c1a1f5675a06f688"},"headline":"Hibriduz Jazz trae los ritmos hondure\u00f1os al Museo de Jazz en Nueva Orleans.","datePublished":"2023-05-05T12:58:22+00:00","dateModified":"2023-05-10T00:19:28+00:00","mainEntityOfPage":{"@id":"https:\/\/orato.world\/es\/2023\/05\/05\/hibriduz-jazz-trae-los-ritmos-hondurenos-al-museo-de-jazz-en-nueva-orleans\/"},"wordCount":903,"commentCount":0,"publisher":{"@id":"https:\/\/orato.world\/es\/#organization"},"image":{"@id":"https:\/\/orato.world\/es\/2023\/05\/05\/hibriduz-jazz-trae-los-ritmos-hondurenos-al-museo-de-jazz-en-nueva-orleans\/#primaryimage"},"thumbnailUrl":"https:\/\/orato.world\/wp-content\/uploads\/feature-32.jpg","keywords":["Estados Unidos","festival de jazz","hibriduz jazz","jazz","museo de jazz","m\u00fasicos","nueva orleans","show","trayectorias"],"articleSection":["Arte y Cultura"],"inLanguage":"es","potentialAction":[{"@type":"CommentAction","name":"Comment","target":["https:\/\/orato.world\/es\/2023\/05\/05\/hibriduz-jazz-trae-los-ritmos-hondurenos-al-museo-de-jazz-en-nueva-orleans\/#respond"]}]},{"@type":"WebPage","@id":"https:\/\/orato.world\/es\/2023\/05\/05\/hibriduz-jazz-trae-los-ritmos-hondurenos-al-museo-de-jazz-en-nueva-orleans\/","url":"https:\/\/orato.world\/es\/2023\/05\/05\/hibriduz-jazz-trae-los-ritmos-hondurenos-al-museo-de-jazz-en-nueva-orleans\/","name":"Hibriduz Jazz se presenta en el Museo del Jazz de Nueva Orleans.","isPartOf":{"@id":"https:\/\/orato.world\/es\/#website"},"primaryImageOfPage":{"@id":"https:\/\/orato.world\/es\/2023\/05\/05\/hibriduz-jazz-trae-los-ritmos-hondurenos-al-museo-de-jazz-en-nueva-orleans\/#primaryimage"},"image":{"@id":"https:\/\/orato.world\/es\/2023\/05\/05\/hibriduz-jazz-trae-los-ritmos-hondurenos-al-museo-de-jazz-en-nueva-orleans\/#primaryimage"},"thumbnailUrl":"https:\/\/orato.world\/wp-content\/uploads\/feature-32.jpg","datePublished":"2023-05-05T12:58:22+00:00","dateModified":"2023-05-10T00:19:28+00:00","description":"En la gran noche de la Gala del Iconic Jazz Museum, la adrenalina recorr\u00eda todo mi cuerpo mientras nos prepar\u00e1bamos para actuar. Todo se sent\u00eda surrealista.","breadcrumb":{"@id":"https:\/\/orato.world\/es\/2023\/05\/05\/hibriduz-jazz-trae-los-ritmos-hondurenos-al-museo-de-jazz-en-nueva-orleans\/#breadcrumb"},"inLanguage":"es","potentialAction":[{"@type":"ReadAction","target":["https:\/\/orato.world\/es\/2023\/05\/05\/hibriduz-jazz-trae-los-ritmos-hondurenos-al-museo-de-jazz-en-nueva-orleans\/"]}]},{"@type":"ImageObject","inLanguage":"es","@id":"https:\/\/orato.world\/es\/2023\/05\/05\/hibriduz-jazz-trae-los-ritmos-hondurenos-al-museo-de-jazz-en-nueva-orleans\/#primaryimage","url":"https:\/\/orato.world\/wp-content\/uploads\/feature-32.jpg","contentUrl":"https:\/\/orato.world\/wp-content\/uploads\/feature-32.jpg","width":1280,"height":960,"caption":"The band stands on the stage of the Jazz Museum event in New Orleans, where they got to perform and record a video. The band is known for bringing Honduran culture and traditions to the world of jazz all around the world. | Photo courtesy of band manager Mario Guevara"},{"@type":"BreadcrumbList","@id":"https:\/\/orato.world\/es\/2023\/05\/05\/hibriduz-jazz-trae-los-ritmos-hondurenos-al-museo-de-jazz-en-nueva-orleans\/#breadcrumb","itemListElement":[{"@type":"ListItem","position":1,"name":"Home","item":"https:\/\/orato.world\/es\/"},{"@type":"ListItem","position":2,"name":"Hibriduz Jazz trae los ritmos hondure\u00f1os al Museo de Jazz en Nueva Orleans."}]},{"@type":"WebSite","@id":"https:\/\/orato.world\/es\/#website","url":"https:\/\/orato.world\/es\/","name":"Orato","description":"True Stories. Real People","publisher":{"@id":"https:\/\/orato.world\/es\/#organization"},"potentialAction":[{"@type":"SearchAction","target":{"@type":"EntryPoint","urlTemplate":"https:\/\/orato.world\/es\/?s={search_term_string}"},"query-input":{"@type":"PropertyValueSpecification","valueRequired":true,"valueName":"search_term_string"}}],"inLanguage":"es"},{"@type":"Organization","@id":"https:\/\/orato.world\/es\/#organization","name":"Orato World Media Inc.","url":"https:\/\/orato.world\/es\/","logo":{"@type":"ImageObject","inLanguage":"es","@id":"https:\/\/orato.world\/es\/#\/schema\/logo\/image\/","url":"https:\/\/orato.world\/wp-content\/uploads\/2020\/07\/orato-logo-transparent.png","contentUrl":"https:\/\/orato.world\/wp-content\/uploads\/2020\/07\/orato-logo-transparent.png","width":78,"height":73,"caption":"Orato World Media Inc."},"image":{"@id":"https:\/\/orato.world\/es\/#\/schema\/logo\/image\/"},"sameAs":["https:\/\/www.facebook.com\/OratoWorld\/","https:\/\/x.com\/oratoworld","https:\/\/www.instagram.com\/oratoworld","https:\/\/www.linkedin.com\/company\/42308818\/"]},{"@type":"Person","@id":"https:\/\/orato.world\/es\/#\/schema\/person\/d22a1e0e3f5f9439c1a1f5675a06f688","name":"Sandy Diaz Gallardo","image":{"@type":"ImageObject","inLanguage":"es","@id":"https:\/\/secure.gravatar.com\/avatar\/fc9937b4596546367adc61dd1febe1d52e87d9d4289ec8378528f7149336095c?s=96&d=mm&r=g","url":"https:\/\/secure.gravatar.com\/avatar\/fc9937b4596546367adc61dd1febe1d52e87d9d4289ec8378528f7149336095c?s=96&d=mm&r=g","contentUrl":"https:\/\/secure.gravatar.com\/avatar\/fc9937b4596546367adc61dd1febe1d52e87d9d4289ec8378528f7149336095c?s=96&d=mm&r=g","caption":"Sandy Diaz Gallardo"},"description":"Sandy is a Honduran journalist with experience in television, media, and covering political and economic issues in the country. She has also worked in radio, public relations, and advertising. She graduated from the National Autonomous University of Honduras.","url":"https:\/\/orato.world\/es\/author\/sandy-diaz-gallardo\/"}]}},"modified_by":null,"uagb_featured_image_src":{"full":["https:\/\/orato.world\/wp-content\/uploads\/feature-32.jpg",1280,960,false],"thumbnail":["https:\/\/orato.world\/wp-content\/uploads\/feature-32-100x100.jpg",100,100,true],"medium":["https:\/\/orato.world\/wp-content\/uploads\/feature-32-300x225.jpg",300,225,true],"medium_large":["https:\/\/orato.world\/wp-content\/uploads\/feature-32-770x578.jpg",640,480,true],"large":["https:\/\/orato.world\/wp-content\/uploads\/feature-32-1024x768.jpg",640,480,true],"1536x1536":["https:\/\/orato.world\/wp-content\/uploads\/feature-32.jpg",1280,960,false],"2048x2048":["https:\/\/orato.world\/wp-content\/uploads\/feature-32.jpg",1280,960,false],"gallery-size":["https:\/\/orato.world\/wp-content\/uploads\/feature-32-533x400.jpg",533,400,true],"lets-review-360-240":["https:\/\/orato.world\/wp-content\/uploads\/feature-32-360x240.jpg",360,240,true],"gform-image-choice-sm":["https:\/\/orato.world\/wp-content\/uploads\/feature-32.jpg",300,225,false],"gform-image-choice-md":["https:\/\/orato.world\/wp-content\/uploads\/feature-32.jpg",400,300,false],"gform-image-choice-lg":["https:\/\/orato.world\/wp-content\/uploads\/feature-32.jpg",600,450,false],"awsm_team":["https:\/\/orato.world\/wp-content\/uploads\/feature-32-500x500.jpg",500,500,true]},"uagb_author_info":{"display_name":"Sandy Diaz Gallardo","author_link":"https:\/\/orato.world\/es\/author\/sandy-diaz-gallardo\/"},"uagb_comment_info":0,"uagb_excerpt":"En cuesti\u00f3n de segundos al llegar al escenario, tocamos nuestra canci\u00f3n \"Parranda de Amor\" y sent\u00ed las vibraciones de cada nota. Los ricos y terrosos tonos de los tambores Gar\u00edfuna combinados con la dulce melod\u00eda de la guitarra llenaron la noche con una energ\u00eda vibrante y electrizante.","_links":{"self":[{"href":"https:\/\/orato.world\/es\/wp-json\/wp\/v2\/posts\/72799","targetHints":{"allow":["GET"]}}],"collection":[{"href":"https:\/\/orato.world\/es\/wp-json\/wp\/v2\/posts"}],"about":[{"href":"https:\/\/orato.world\/es\/wp-json\/wp\/v2\/types\/post"}],"author":[{"embeddable":true,"href":"https:\/\/orato.world\/es\/wp-json\/wp\/v2\/users\/199"}],"replies":[{"embeddable":true,"href":"https:\/\/orato.world\/es\/wp-json\/wp\/v2\/comments?post=72799"}],"version-history":[{"count":0,"href":"https:\/\/orato.world\/es\/wp-json\/wp\/v2\/posts\/72799\/revisions"}],"wp:featuredmedia":[{"embeddable":true,"href":"https:\/\/orato.world\/es\/wp-json\/wp\/v2\/media\/72509"}],"wp:attachment":[{"href":"https:\/\/orato.world\/es\/wp-json\/wp\/v2\/media?parent=72799"}],"wp:term":[{"taxonomy":"category","embeddable":true,"href":"https:\/\/orato.world\/es\/wp-json\/wp\/v2\/categories?post=72799"},{"taxonomy":"post_tag","embeddable":true,"href":"https:\/\/orato.world\/es\/wp-json\/wp\/v2\/tags?post=72799"}],"curies":[{"name":"wp","href":"https:\/\/api.w.org\/{rel}","templated":true}]}}