{"id":73042,"date":"2023-05-16T05:41:02","date_gmt":"2023-05-16T12:41:02","guid":{"rendered":"https:\/\/orato.world\/2023\/05\/16\/bla-bla-bla-continua-la-inaccion-ante-el-cambio-climatico\/"},"modified":"2023-05-16T15:43:16","modified_gmt":"2023-05-16T22:43:16","slug":"bla-bla-bla-continua-la-inaccion-ante-el-cambio-climatico","status":"publish","type":"post","link":"https:\/\/orato.world\/es\/2023\/05\/16\/bla-bla-bla-continua-la-inaccion-ante-el-cambio-climatico\/","title":{"rendered":"Bla, bla, bla: Contin\u00faa la inacci\u00f3n ante el cambio clim\u00e1tico"},"content":{"rendered":"\n<div class=\"wp-block-uagb-blockquote uagb-block-4f715943 uagb-blockquote__skin-border uagb-blockquote__with-tweet uagb-blockquote__tweet-style-classic uagb-blockquote__tweet-icon_text uagb-blockquote__stack-img-none\"><blockquote class=\"uagb-blockquote\"><div class=\"uagb-blockquote__content\">Bienvenido a la secci\u00f3n de opini\u00f3n de <strong>Orato World Media<\/strong>, donde publicamos art\u00edculos de personas influyentes y de todo el mundo sobre temas de actualidad y de inter\u00e9s para nuestros lectores. El art\u00edculo invitado de hoy es de Sam Yehia. <em>Sam Yehia es fundador y editor de Orato World Media, un medio de comunicaci\u00f3n digital que produce exclusivamente noticias en primera persona. L\u00edder empresarial con m\u00e1s de 40 a\u00f1os de experiencia en hosteler\u00eda y promoci\u00f3n inmobiliaria, fund\u00f3 el grupo de empresas Cambie Malone&#8217;s Group en 1990, estableciendo una serie de marcas de gran \u00e9xito. Las empresas de Sam empleaban a unos 250 trabajadores, generando $ 25M en ventas anuales en una cartera de activos inmobiliarios de alto valor, todos los cuales se retir\u00f3 a principios de 2019.<\/em> Poco despu\u00e9s, Sam puso en marcha este proyecto de pasi\u00f3n, que desde entonces ha sido reconocido como empresa medi\u00e1tica sin fines de lucro 501(c)(3) en Estados Unidos.<\/div><footer><div class=\"uagb-blockquote__author-wrap uagb-blockquote__author-at-left\"><cite class=\"uagb-blockquote__author\">Si desea m\u00e1s informaci\u00f3n sobre la Secci\u00f3n de Opini\u00f3n de Orato World Media o contribuir con un art\u00edculo invitado, p\u00f3ngase en contacto con editor@orato.world.<\/cite><\/div><a href=\"\/\" class=\"uagb-blockquote__tweet-button\" target=\"_blank\" rel=\"noopener noreferrer\"><svg width=\"20\" height=\"20\" viewbox=\"0 0 512 512\"><path d=\"M459.37 151.716c.325 4.548.325 9.097.325 13.645 0 138.72-105.583 298.558-298.558 298.558-59.452 0-114.68-17.219-161.137-47.106 8.447.974 16.568 1.299 25.34 1.299 49.055 0 94.213-16.568 130.274-44.832-46.132-.975-84.792-31.188-98.112-72.772 6.498.974 12.995 1.624 19.818 1.624 9.421 0 18.843-1.3 27.614-3.573-48.081-9.747-84.143-51.98-84.143-102.985v-1.299c13.969 7.797 30.214 12.67 47.431 13.319-28.264-18.843-46.781-51.005-46.781-87.391 0-19.492 5.197-37.36 14.294-52.954 51.655 63.675 129.3 105.258 216.365 109.807-1.624-7.797-2.599-15.918-2.599-24.04 0-57.828 46.782-104.934 104.934-104.934 30.213 0 57.502 12.67 76.67 33.137 23.715-4.548 46.456-13.32 66.599-25.34-7.798 24.366-24.366 44.833-46.132 57.827 21.117-2.273 41.584-8.122 60.426-16.243-14.292 20.791-32.161 39.308-52.628 54.253z\"><\/path><\/svg>Tweet<\/a><\/footer><\/blockquote><\/div>\n\n<p><\/p>\n\n<p>WASHINGTON, D.C. \ua7f7 En octubre de 2020, el Presidente Joe Biden afirm\u00f3 que \u00abel cambio clim\u00e1tico es la amenaza existencial para la humanidad. Si no se controla, va a cocer este planeta\u00bb. Esto no es una hip\u00e9rbole. Es real. Y tenemos una obligaci\u00f3n moral\u00bb.<\/p>\n\n<p>En septiembre de 2021, la inimitable Greta Thunberg respondi\u00f3: \u00abReconstruir mejor. Bla, bla, bla. Econom\u00eda verde. Bla, bla, bla. Cero emisiones netas en 2050. Bla, bla, bla. Esto es todo lo que escuchamos de nuestros supuestos l\u00edderes. Palabras que suenan muy bien pero que hasta ahora no han llevado a la acci\u00f3n. Nuestras esperanzas y ambiciones se ahogan en sus promesas vac\u00edas\u00bb. <\/p>\n\n<p>Cuando el Congreso redacta las leyes medioambientales, se supone que la Agencia de Protecci\u00f3n del Medio Ambiente establece las normas nacionales y define los reglamentos para garantizar que se cumpla, administre y haga cumplir su misi\u00f3n de proteger la salud humana y el medio ambiente. <\/p>\n\n<h2 class=\"wp-block-heading\" id=\"h-bitcoin-mining-the-u-s-an-industry-leader\"><strong>Miner\u00eda de bitcoins: EE.UU., l\u00edder del sector<\/strong><\/h2>\n\n<p>Las criptomonedas ganaron popularidad en la \u00faltima d\u00e9cada, siendo Bitcoin la m\u00e1s popular. Sin embargo, la miner\u00eda de Bitcoin plante\u00f3 problemas medioambientales debido a la energ\u00eda necesaria para su extracci\u00f3n. El proceso de miner\u00eda de Bitcoin es intensivo en energ\u00eda y consume grandes cantidades de electricidad, lo que provoca emisiones de carbono. Hasta junio de 2021, la mayor parte de la miner\u00eda de Bitcoin estaba en China. Entonces, el gobierno chino expuls\u00f3 las operaciones de Bitcoin, al menos durante un tiempo, alegando su uso energ\u00e9tico entre otras razones.<\/p>\n\n<p>Estados Unidos, que no desaprovecha ninguna oportunidad, se convirti\u00f3 r\u00e1pidamente en el l\u00edder mundial del sector. Por desgracia, nunca presentaron una legislaci\u00f3n que permitiera \u00fanicamente las operaciones de miner\u00eda de bitcoins que utilizaran alternativas ecol\u00f3gicas probadas, como la energ\u00eda solar, la miner\u00eda hidr\u00e1ulica o las normas de prueba de estado. Estos m\u00e9todos consumen mucha menos energ\u00eda. En su lugar, se mantienen pr\u00e1cticas que consumen grandes cantidades de electricidad. <\/p>\n\n<p>El Congreso podr\u00eda haber incentivado con la misma facilidad comportamientos ecol\u00f3gicos como el reciclaje y el uso de fuentes de energ\u00eda renovables, pero opt\u00f3 por mirar hacia otro lado, como si la amenaza existencial del cambio clim\u00e1tico ni siquiera existiera.<\/p>\n\n<h2 class=\"wp-block-heading\"><strong>Estados Unidos representa el 1,5% de las emisiones mundiales de di\u00f3xido de carbono<\/strong><\/h2>\n\n<p>Como resultado, <a href=\"https:\/\/www.nytimes.com\/2023\/04\/09\/business\/bitcoin-mining-electricity-pollution.html\" target=\"_blank\" rel=\"noreferrer noopener\">seg\u00fan el New York Times<\/a>, cada una de las 34 operaciones identificadas por The Times consume al menos 30.000 veces m\u00e1s energ\u00eda que el hogar medio estadounidense. En total, consumen m\u00e1s de 3.900 megavatios de electricidad, casi la misma cantidad que los tres millones de hogares que las rodean.<\/p>\n\n<p>En un reciente <a href=\"https:\/\/www.usatoday.com\/story\/graphics\/2023\/04\/14\/countires-emit-most-carbon-dioxide-emissions\/11643011002\/\" target=\"_blank\" rel=\"noreferrer noopener\">art\u00edculo de USA Today,<\/a> \u00abTres pa\u00edses son responsables de la mayor parte de las emisiones mundiales de di\u00f3xido de carbono. En 2022, China se situaba en cabeza, con un 32%, aunque ha empezado a descender ligeramente. Le sigue Estados Unidos, con un 14%, lo que supone un aumento del 1,5% con respecto a 2021.<\/p>\n\n<p>Las emisiones de India siguen aumentando y ya representan el 8% del total mundial. Juntas, las 27 naciones de la Uni\u00f3n Europea representan el 8%\u00bb.<\/p>\n\n<p>Como resultado, el reciente dominio de Estados Unidos en la miner\u00eda de Bitcoin s\u00f3lo ha provocado m\u00e1s preocupaciones sobre su impacto medioambiental, por no mencionar, su compromiso con la acci\u00f3n contra el cambio clim\u00e1tico para asegurar que el impacto medioambiental de la miner\u00eda de Bitcoin NO se siente en todo el mundo. <\/p>\n","protected":false},"excerpt":{"rendered":"<p>En octubre de 2020, el Presidente Biden calific\u00f3 el cambio clim\u00e1tico de amenaza existencial para la humanidad, y Greta Thunberg critic\u00f3 la falta de acci\u00f3n de los l\u00edderes en cuestiones medioambientales en septiembre de 2021. A pesar de la preocupaci\u00f3n por el consumo energ\u00e9tico y las emisiones de carbono de la miner\u00eda de Bitcoin, Estados Unidos se ha convertido en el l\u00edder mundial de esta industria sin aplicar alternativas ecol\u00f3gicas.<\/p>\n","protected":false},"author":12,"featured_media":72989,"comment_status":"open","ping_status":"open","sticky":false,"template":"","format":"standard","meta":{"_acf_changed":false,"_uag_custom_page_level_css":"","_lmt_disableupdate":"","_lmt_disable":"","footnotes":""},"categories":[319,6175],"tags":[6192,6190,6191,882,6189,3058,6194,6193],"class_list":["post-73042","post","type-post","status-publish","format-standard","has-post-thumbnail","hentry","category-medio-ambiente","category-op-ed-guest-posts-es","tag-biden-es","tag-bitcoin-es","tag-bitcoin-mining-es","tag-cambio-climatico","tag-emisiones-de-carbono","tag-estados-unidos","tag-greta-thunberg-es","tag-presidente-joe-biden"],"acf":[],"yoast_head":"<!-- This site is optimized with the Yoast SEO Premium plugin v27.5 (Yoast SEO v27.5) - https:\/\/yoast.com\/product\/yoast-seo-premium-wordpress\/ -->\n<title>Bla, bla, bla: Contin\u00faa la inacci\u00f3n ante el cambio clim\u00e1tico<\/title>\n<meta name=\"description\" content=\"A pesar de la preocupaci\u00f3n por el consumo energ\u00e9tico y las emisiones de carbono de la miner\u00eda de Bitcoin, Estados Unidos se ha convertido en l\u00edder mundial.\" \/>\n<meta name=\"robots\" content=\"index, follow, max-snippet:-1, max-image-preview:large, max-video-preview:-1\" \/>\n<link rel=\"canonical\" href=\"https:\/\/orato.world\/es\/2023\/05\/16\/bla-bla-bla-continua-la-inaccion-ante-el-cambio-climatico\/\" \/>\n<meta property=\"og:locale\" content=\"es_ES\" \/>\n<meta property=\"og:type\" content=\"article\" \/>\n<meta property=\"og:title\" content=\"Bla, bla, bla: Contin\u00faa la inacci\u00f3n ante el cambio clim\u00e1tico\" \/>\n<meta property=\"og:description\" content=\"A pesar de la preocupaci\u00f3n por el consumo energ\u00e9tico y las emisiones de carbono de la miner\u00eda de Bitcoin, Estados Unidos se ha convertido en l\u00edder mundial.\" \/>\n<meta property=\"og:url\" content=\"https:\/\/orato.world\/es\/2023\/05\/16\/bla-bla-bla-continua-la-inaccion-ante-el-cambio-climatico\/\" \/>\n<meta property=\"og:site_name\" content=\"Orato\" \/>\n<meta property=\"article:publisher\" content=\"https:\/\/www.facebook.com\/OratoWorld\/\" \/>\n<meta property=\"article:published_time\" content=\"2023-05-16T12:41:02+00:00\" \/>\n<meta property=\"article:modified_time\" content=\"2023-05-16T22:43:16+00:00\" \/>\n<meta property=\"og:image\" content=\"https:\/\/orato.world\/wp-content\/uploads\/op-ed-guest-1-1.png\" \/>\n\t<meta property=\"og:image:width\" content=\"2618\" \/>\n\t<meta property=\"og:image:height\" content=\"1524\" \/>\n\t<meta property=\"og:image:type\" content=\"image\/png\" \/>\n<meta name=\"author\" content=\"Sam Yehia\" \/>\n<meta name=\"twitter:card\" content=\"summary_large_image\" \/>\n<meta name=\"twitter:creator\" content=\"@oratoworld\" \/>\n<meta name=\"twitter:site\" content=\"@oratoworld\" \/>\n<meta name=\"twitter:label1\" content=\"Escrito por\" \/>\n\t<meta name=\"twitter:data1\" content=\"Sam Yehia\" \/>\n\t<meta name=\"twitter:label2\" content=\"Tiempo de lectura\" \/>\n\t<meta name=\"twitter:data2\" content=\"4 minutos\" \/>\n<script type=\"application\/ld+json\" class=\"yoast-schema-graph\">{\"@context\":\"https:\\\/\\\/schema.org\",\"@graph\":[{\"@type\":\"NewsArticle\",\"@id\":\"https:\\\/\\\/orato.world\\\/es\\\/2023\\\/05\\\/16\\\/bla-bla-bla-continua-la-inaccion-ante-el-cambio-climatico\\\/#article\",\"isPartOf\":{\"@id\":\"https:\\\/\\\/orato.world\\\/es\\\/2023\\\/05\\\/16\\\/bla-bla-bla-continua-la-inaccion-ante-el-cambio-climatico\\\/\"},\"author\":{\"name\":\"Sam Yehia\",\"@id\":\"https:\\\/\\\/orato.world\\\/es\\\/#\\\/schema\\\/person\\\/3528557a59eec76fc5e62069b143e6d4\"},\"headline\":\"Bla, bla, bla: Contin\u00faa la inacci\u00f3n ante el cambio clim\u00e1tico\",\"datePublished\":\"2023-05-16T12:41:02+00:00\",\"dateModified\":\"2023-05-16T22:43:16+00:00\",\"mainEntityOfPage\":{\"@id\":\"https:\\\/\\\/orato.world\\\/es\\\/2023\\\/05\\\/16\\\/bla-bla-bla-continua-la-inaccion-ante-el-cambio-climatico\\\/\"},\"wordCount\":797,\"commentCount\":0,\"publisher\":{\"@id\":\"https:\\\/\\\/orato.world\\\/es\\\/#organization\"},\"image\":{\"@id\":\"https:\\\/\\\/orato.world\\\/es\\\/2023\\\/05\\\/16\\\/bla-bla-bla-continua-la-inaccion-ante-el-cambio-climatico\\\/#primaryimage\"},\"thumbnailUrl\":\"https:\\\/\\\/orato.world\\\/wp-content\\\/uploads\\\/op-ed-guest-1-1.png\",\"keywords\":[\"Biden\",\"bitcoin\",\"bitcoin mining\",\"cambio clim\u00e1tico\",\"emisiones de carbono\",\"Estados Unidos\",\"Greta Thunberg\",\"Presidente Joe Biden\"],\"articleSection\":[\"Medio ambiente\",\"Op-Ed &amp; Guest Posts\"],\"inLanguage\":\"es\",\"potentialAction\":[{\"@type\":\"CommentAction\",\"name\":\"Comment\",\"target\":[\"https:\\\/\\\/orato.world\\\/es\\\/2023\\\/05\\\/16\\\/bla-bla-bla-continua-la-inaccion-ante-el-cambio-climatico\\\/#respond\"]}]},{\"@type\":\"WebPage\",\"@id\":\"https:\\\/\\\/orato.world\\\/es\\\/2023\\\/05\\\/16\\\/bla-bla-bla-continua-la-inaccion-ante-el-cambio-climatico\\\/\",\"url\":\"https:\\\/\\\/orato.world\\\/es\\\/2023\\\/05\\\/16\\\/bla-bla-bla-continua-la-inaccion-ante-el-cambio-climatico\\\/\",\"name\":\"Bla, bla, bla: Contin\u00faa la inacci\u00f3n ante el cambio clim\u00e1tico\",\"isPartOf\":{\"@id\":\"https:\\\/\\\/orato.world\\\/es\\\/#website\"},\"primaryImageOfPage\":{\"@id\":\"https:\\\/\\\/orato.world\\\/es\\\/2023\\\/05\\\/16\\\/bla-bla-bla-continua-la-inaccion-ante-el-cambio-climatico\\\/#primaryimage\"},\"image\":{\"@id\":\"https:\\\/\\\/orato.world\\\/es\\\/2023\\\/05\\\/16\\\/bla-bla-bla-continua-la-inaccion-ante-el-cambio-climatico\\\/#primaryimage\"},\"thumbnailUrl\":\"https:\\\/\\\/orato.world\\\/wp-content\\\/uploads\\\/op-ed-guest-1-1.png\",\"datePublished\":\"2023-05-16T12:41:02+00:00\",\"dateModified\":\"2023-05-16T22:43:16+00:00\",\"description\":\"A pesar de la preocupaci\u00f3n por el consumo energ\u00e9tico y las emisiones de carbono de la miner\u00eda de Bitcoin, Estados Unidos se ha convertido en l\u00edder mundial.\",\"breadcrumb\":{\"@id\":\"https:\\\/\\\/orato.world\\\/es\\\/2023\\\/05\\\/16\\\/bla-bla-bla-continua-la-inaccion-ante-el-cambio-climatico\\\/#breadcrumb\"},\"inLanguage\":\"es\",\"potentialAction\":[{\"@type\":\"ReadAction\",\"target\":[\"https:\\\/\\\/orato.world\\\/es\\\/2023\\\/05\\\/16\\\/bla-bla-bla-continua-la-inaccion-ante-el-cambio-climatico\\\/\"]}]},{\"@type\":\"ImageObject\",\"inLanguage\":\"es\",\"@id\":\"https:\\\/\\\/orato.world\\\/es\\\/2023\\\/05\\\/16\\\/bla-bla-bla-continua-la-inaccion-ante-el-cambio-climatico\\\/#primaryimage\",\"url\":\"https:\\\/\\\/orato.world\\\/wp-content\\\/uploads\\\/op-ed-guest-1-1.png\",\"contentUrl\":\"https:\\\/\\\/orato.world\\\/wp-content\\\/uploads\\\/op-ed-guest-1-1.png\",\"width\":2618,\"height\":1524},{\"@type\":\"BreadcrumbList\",\"@id\":\"https:\\\/\\\/orato.world\\\/es\\\/2023\\\/05\\\/16\\\/bla-bla-bla-continua-la-inaccion-ante-el-cambio-climatico\\\/#breadcrumb\",\"itemListElement\":[{\"@type\":\"ListItem\",\"position\":1,\"name\":\"Home\",\"item\":\"https:\\\/\\\/orato.world\\\/es\\\/\"},{\"@type\":\"ListItem\",\"position\":2,\"name\":\"Bla, bla, bla: Contin\u00faa la inacci\u00f3n ante el cambio clim\u00e1tico\"}]},{\"@type\":\"WebSite\",\"@id\":\"https:\\\/\\\/orato.world\\\/es\\\/#website\",\"url\":\"https:\\\/\\\/orato.world\\\/es\\\/\",\"name\":\"Orato\",\"description\":\"True Stories. Real People\",\"publisher\":{\"@id\":\"https:\\\/\\\/orato.world\\\/es\\\/#organization\"},\"potentialAction\":[{\"@type\":\"SearchAction\",\"target\":{\"@type\":\"EntryPoint\",\"urlTemplate\":\"https:\\\/\\\/orato.world\\\/es\\\/?s={search_term_string}\"},\"query-input\":{\"@type\":\"PropertyValueSpecification\",\"valueRequired\":true,\"valueName\":\"search_term_string\"}}],\"inLanguage\":\"es\"},{\"@type\":\"Organization\",\"@id\":\"https:\\\/\\\/orato.world\\\/es\\\/#organization\",\"name\":\"Orato World Media Inc.\",\"url\":\"https:\\\/\\\/orato.world\\\/es\\\/\",\"logo\":{\"@type\":\"ImageObject\",\"inLanguage\":\"es\",\"@id\":\"https:\\\/\\\/orato.world\\\/es\\\/#\\\/schema\\\/logo\\\/image\\\/\",\"url\":\"https:\\\/\\\/orato.world\\\/wp-content\\\/uploads\\\/2020\\\/07\\\/orato-logo-transparent.png\",\"contentUrl\":\"https:\\\/\\\/orato.world\\\/wp-content\\\/uploads\\\/2020\\\/07\\\/orato-logo-transparent.png\",\"width\":78,\"height\":73,\"caption\":\"Orato World Media Inc.\"},\"image\":{\"@id\":\"https:\\\/\\\/orato.world\\\/es\\\/#\\\/schema\\\/logo\\\/image\\\/\"},\"sameAs\":[\"https:\\\/\\\/www.facebook.com\\\/OratoWorld\\\/\",\"https:\\\/\\\/x.com\\\/oratoworld\",\"https:\\\/\\\/www.instagram.com\\\/oratoworld\",\"https:\\\/\\\/www.linkedin.com\\\/company\\\/42308818\\\/\"]},{\"@type\":\"Person\",\"@id\":\"https:\\\/\\\/orato.world\\\/es\\\/#\\\/schema\\\/person\\\/3528557a59eec76fc5e62069b143e6d4\",\"name\":\"Sam Yehia\",\"image\":{\"@type\":\"ImageObject\",\"inLanguage\":\"es\",\"@id\":\"https:\\\/\\\/secure.gravatar.com\\\/avatar\\\/2bafba8c4cdb803308ad64ef99f43fc49f936fb04596eb10b7b21e1cda6cebe8?s=96&d=mm&r=g\",\"url\":\"https:\\\/\\\/secure.gravatar.com\\\/avatar\\\/2bafba8c4cdb803308ad64ef99f43fc49f936fb04596eb10b7b21e1cda6cebe8?s=96&d=mm&r=g\",\"contentUrl\":\"https:\\\/\\\/secure.gravatar.com\\\/avatar\\\/2bafba8c4cdb803308ad64ef99f43fc49f936fb04596eb10b7b21e1cda6cebe8?s=96&d=mm&r=g\",\"caption\":\"Sam Yehia\"},\"url\":\"https:\\\/\\\/orato.world\\\/es\\\/author\\\/sam-yehia\\\/\"}]}<\/script>\n<!-- \/ Yoast SEO Premium plugin. -->","yoast_head_json":{"title":"Bla, bla, bla: Contin\u00faa la inacci\u00f3n ante el cambio clim\u00e1tico","description":"A pesar de la preocupaci\u00f3n por el consumo energ\u00e9tico y las emisiones de carbono de la miner\u00eda de Bitcoin, Estados Unidos se ha convertido en l\u00edder mundial.","robots":{"index":"index","follow":"follow","max-snippet":"max-snippet:-1","max-image-preview":"max-image-preview:large","max-video-preview":"max-video-preview:-1"},"canonical":"https:\/\/orato.world\/es\/2023\/05\/16\/bla-bla-bla-continua-la-inaccion-ante-el-cambio-climatico\/","og_locale":"es_ES","og_type":"article","og_title":"Bla, bla, bla: Contin\u00faa la inacci\u00f3n ante el cambio clim\u00e1tico","og_description":"A pesar de la preocupaci\u00f3n por el consumo energ\u00e9tico y las emisiones de carbono de la miner\u00eda de Bitcoin, Estados Unidos se ha convertido en l\u00edder mundial.","og_url":"https:\/\/orato.world\/es\/2023\/05\/16\/bla-bla-bla-continua-la-inaccion-ante-el-cambio-climatico\/","og_site_name":"Orato","article_publisher":"https:\/\/www.facebook.com\/OratoWorld\/","article_published_time":"2023-05-16T12:41:02+00:00","article_modified_time":"2023-05-16T22:43:16+00:00","og_image":[{"width":2618,"height":1524,"url":"https:\/\/orato.world\/wp-content\/uploads\/op-ed-guest-1-1.png","type":"image\/png"}],"author":"Sam Yehia","twitter_card":"summary_large_image","twitter_creator":"@oratoworld","twitter_site":"@oratoworld","twitter_misc":{"Escrito por":"Sam Yehia","Tiempo de lectura":"4 minutos"},"schema":{"@context":"https:\/\/schema.org","@graph":[{"@type":"NewsArticle","@id":"https:\/\/orato.world\/es\/2023\/05\/16\/bla-bla-bla-continua-la-inaccion-ante-el-cambio-climatico\/#article","isPartOf":{"@id":"https:\/\/orato.world\/es\/2023\/05\/16\/bla-bla-bla-continua-la-inaccion-ante-el-cambio-climatico\/"},"author":{"name":"Sam Yehia","@id":"https:\/\/orato.world\/es\/#\/schema\/person\/3528557a59eec76fc5e62069b143e6d4"},"headline":"Bla, bla, bla: Contin\u00faa la inacci\u00f3n ante el cambio clim\u00e1tico","datePublished":"2023-05-16T12:41:02+00:00","dateModified":"2023-05-16T22:43:16+00:00","mainEntityOfPage":{"@id":"https:\/\/orato.world\/es\/2023\/05\/16\/bla-bla-bla-continua-la-inaccion-ante-el-cambio-climatico\/"},"wordCount":797,"commentCount":0,"publisher":{"@id":"https:\/\/orato.world\/es\/#organization"},"image":{"@id":"https:\/\/orato.world\/es\/2023\/05\/16\/bla-bla-bla-continua-la-inaccion-ante-el-cambio-climatico\/#primaryimage"},"thumbnailUrl":"https:\/\/orato.world\/wp-content\/uploads\/op-ed-guest-1-1.png","keywords":["Biden","bitcoin","bitcoin mining","cambio clim\u00e1tico","emisiones de carbono","Estados Unidos","Greta Thunberg","Presidente Joe Biden"],"articleSection":["Medio ambiente","Op-Ed &amp; Guest Posts"],"inLanguage":"es","potentialAction":[{"@type":"CommentAction","name":"Comment","target":["https:\/\/orato.world\/es\/2023\/05\/16\/bla-bla-bla-continua-la-inaccion-ante-el-cambio-climatico\/#respond"]}]},{"@type":"WebPage","@id":"https:\/\/orato.world\/es\/2023\/05\/16\/bla-bla-bla-continua-la-inaccion-ante-el-cambio-climatico\/","url":"https:\/\/orato.world\/es\/2023\/05\/16\/bla-bla-bla-continua-la-inaccion-ante-el-cambio-climatico\/","name":"Bla, bla, bla: Contin\u00faa la inacci\u00f3n ante el cambio clim\u00e1tico","isPartOf":{"@id":"https:\/\/orato.world\/es\/#website"},"primaryImageOfPage":{"@id":"https:\/\/orato.world\/es\/2023\/05\/16\/bla-bla-bla-continua-la-inaccion-ante-el-cambio-climatico\/#primaryimage"},"image":{"@id":"https:\/\/orato.world\/es\/2023\/05\/16\/bla-bla-bla-continua-la-inaccion-ante-el-cambio-climatico\/#primaryimage"},"thumbnailUrl":"https:\/\/orato.world\/wp-content\/uploads\/op-ed-guest-1-1.png","datePublished":"2023-05-16T12:41:02+00:00","dateModified":"2023-05-16T22:43:16+00:00","description":"A pesar de la preocupaci\u00f3n por el consumo energ\u00e9tico y las emisiones de carbono de la miner\u00eda de Bitcoin, Estados Unidos se ha convertido en l\u00edder mundial.","breadcrumb":{"@id":"https:\/\/orato.world\/es\/2023\/05\/16\/bla-bla-bla-continua-la-inaccion-ante-el-cambio-climatico\/#breadcrumb"},"inLanguage":"es","potentialAction":[{"@type":"ReadAction","target":["https:\/\/orato.world\/es\/2023\/05\/16\/bla-bla-bla-continua-la-inaccion-ante-el-cambio-climatico\/"]}]},{"@type":"ImageObject","inLanguage":"es","@id":"https:\/\/orato.world\/es\/2023\/05\/16\/bla-bla-bla-continua-la-inaccion-ante-el-cambio-climatico\/#primaryimage","url":"https:\/\/orato.world\/wp-content\/uploads\/op-ed-guest-1-1.png","contentUrl":"https:\/\/orato.world\/wp-content\/uploads\/op-ed-guest-1-1.png","width":2618,"height":1524},{"@type":"BreadcrumbList","@id":"https:\/\/orato.world\/es\/2023\/05\/16\/bla-bla-bla-continua-la-inaccion-ante-el-cambio-climatico\/#breadcrumb","itemListElement":[{"@type":"ListItem","position":1,"name":"Home","item":"https:\/\/orato.world\/es\/"},{"@type":"ListItem","position":2,"name":"Bla, bla, bla: Contin\u00faa la inacci\u00f3n ante el cambio clim\u00e1tico"}]},{"@type":"WebSite","@id":"https:\/\/orato.world\/es\/#website","url":"https:\/\/orato.world\/es\/","name":"Orato","description":"True Stories. Real People","publisher":{"@id":"https:\/\/orato.world\/es\/#organization"},"potentialAction":[{"@type":"SearchAction","target":{"@type":"EntryPoint","urlTemplate":"https:\/\/orato.world\/es\/?s={search_term_string}"},"query-input":{"@type":"PropertyValueSpecification","valueRequired":true,"valueName":"search_term_string"}}],"inLanguage":"es"},{"@type":"Organization","@id":"https:\/\/orato.world\/es\/#organization","name":"Orato World Media Inc.","url":"https:\/\/orato.world\/es\/","logo":{"@type":"ImageObject","inLanguage":"es","@id":"https:\/\/orato.world\/es\/#\/schema\/logo\/image\/","url":"https:\/\/orato.world\/wp-content\/uploads\/2020\/07\/orato-logo-transparent.png","contentUrl":"https:\/\/orato.world\/wp-content\/uploads\/2020\/07\/orato-logo-transparent.png","width":78,"height":73,"caption":"Orato World Media Inc."},"image":{"@id":"https:\/\/orato.world\/es\/#\/schema\/logo\/image\/"},"sameAs":["https:\/\/www.facebook.com\/OratoWorld\/","https:\/\/x.com\/oratoworld","https:\/\/www.instagram.com\/oratoworld","https:\/\/www.linkedin.com\/company\/42308818\/"]},{"@type":"Person","@id":"https:\/\/orato.world\/es\/#\/schema\/person\/3528557a59eec76fc5e62069b143e6d4","name":"Sam Yehia","image":{"@type":"ImageObject","inLanguage":"es","@id":"https:\/\/secure.gravatar.com\/avatar\/2bafba8c4cdb803308ad64ef99f43fc49f936fb04596eb10b7b21e1cda6cebe8?s=96&d=mm&r=g","url":"https:\/\/secure.gravatar.com\/avatar\/2bafba8c4cdb803308ad64ef99f43fc49f936fb04596eb10b7b21e1cda6cebe8?s=96&d=mm&r=g","contentUrl":"https:\/\/secure.gravatar.com\/avatar\/2bafba8c4cdb803308ad64ef99f43fc49f936fb04596eb10b7b21e1cda6cebe8?s=96&d=mm&r=g","caption":"Sam Yehia"},"url":"https:\/\/orato.world\/es\/author\/sam-yehia\/"}]}},"modified_by":null,"uagb_featured_image_src":{"full":["https:\/\/orato.world\/wp-content\/uploads\/op-ed-guest-1-1.png",2618,1524,false],"thumbnail":["https:\/\/orato.world\/wp-content\/uploads\/op-ed-guest-1-1-100x100.png",100,100,true],"medium":["https:\/\/orato.world\/wp-content\/uploads\/op-ed-guest-1-1-300x175.png",300,175,true],"medium_large":["https:\/\/orato.world\/wp-content\/uploads\/op-ed-guest-1-1-770x448.png",640,372,true],"large":["https:\/\/orato.world\/wp-content\/uploads\/op-ed-guest-1-1-1024x596.png",640,373,true],"1536x1536":["https:\/\/orato.world\/wp-content\/uploads\/op-ed-guest-1-1-1536x894.png",1536,894,true],"2048x2048":["https:\/\/orato.world\/wp-content\/uploads\/op-ed-guest-1-1-2048x1192.png",2048,1192,true],"gallery-size":["https:\/\/orato.world\/wp-content\/uploads\/op-ed-guest-1-1-687x400.png",687,400,true],"lets-review-360-240":["https:\/\/orato.world\/wp-content\/uploads\/op-ed-guest-1-1-360x240.png",360,240,true],"gform-image-choice-sm":["https:\/\/orato.world\/wp-content\/uploads\/op-ed-guest-1-1.png",300,175,false],"gform-image-choice-md":["https:\/\/orato.world\/wp-content\/uploads\/op-ed-guest-1-1.png",400,233,false],"gform-image-choice-lg":["https:\/\/orato.world\/wp-content\/uploads\/op-ed-guest-1-1.png",600,349,false],"awsm_team":["https:\/\/orato.world\/wp-content\/uploads\/op-ed-guest-1-1-500x500.png",500,500,true]},"uagb_author_info":{"display_name":"Sam Yehia","author_link":"https:\/\/orato.world\/es\/author\/sam-yehia\/"},"uagb_comment_info":0,"uagb_excerpt":"En octubre de 2020, el Presidente Biden calific\u00f3 el cambio clim\u00e1tico de amenaza existencial para la humanidad, y Greta Thunberg critic\u00f3 la falta de acci\u00f3n de los l\u00edderes en cuestiones medioambientales en septiembre de 2021. A pesar de la preocupaci\u00f3n por el consumo energ\u00e9tico y las emisiones de carbono de la miner\u00eda de Bitcoin, Estados&hellip;","_links":{"self":[{"href":"https:\/\/orato.world\/es\/wp-json\/wp\/v2\/posts\/73042","targetHints":{"allow":["GET"]}}],"collection":[{"href":"https:\/\/orato.world\/es\/wp-json\/wp\/v2\/posts"}],"about":[{"href":"https:\/\/orato.world\/es\/wp-json\/wp\/v2\/types\/post"}],"author":[{"embeddable":true,"href":"https:\/\/orato.world\/es\/wp-json\/wp\/v2\/users\/12"}],"replies":[{"embeddable":true,"href":"https:\/\/orato.world\/es\/wp-json\/wp\/v2\/comments?post=73042"}],"version-history":[{"count":1,"href":"https:\/\/orato.world\/es\/wp-json\/wp\/v2\/posts\/73042\/revisions"}],"predecessor-version":[{"id":73043,"href":"https:\/\/orato.world\/es\/wp-json\/wp\/v2\/posts\/73042\/revisions\/73043"}],"wp:featuredmedia":[{"embeddable":true,"href":"https:\/\/orato.world\/es\/wp-json\/wp\/v2\/media\/72989"}],"wp:attachment":[{"href":"https:\/\/orato.world\/es\/wp-json\/wp\/v2\/media?parent=73042"}],"wp:term":[{"taxonomy":"category","embeddable":true,"href":"https:\/\/orato.world\/es\/wp-json\/wp\/v2\/categories?post=73042"},{"taxonomy":"post_tag","embeddable":true,"href":"https:\/\/orato.world\/es\/wp-json\/wp\/v2\/tags?post=73042"}],"curies":[{"name":"wp","href":"https:\/\/api.w.org\/{rel}","templated":true}]}}