{"id":74213,"date":"2023-06-15T07:56:13","date_gmt":"2023-06-15T14:56:13","guid":{"rendered":"https:\/\/orato.world\/2023\/06\/15\/conoce-a-los-creadores-de-free-form-style-la-marca-inclusiva-que-rompio-barreras-durante-la-semana-de-la-moda\/"},"modified":"2023-06-20T11:45:40","modified_gmt":"2023-06-20T18:45:40","slug":"conoce-a-los-creadores-de-free-form-style-la-marca-inclusiva-que-rompio-barreras-durante-la-semana-de-la-moda","status":"publish","type":"post","link":"https:\/\/orato.world\/es\/2023\/06\/15\/conoce-a-los-creadores-de-free-form-style-la-marca-inclusiva-que-rompio-barreras-durante-la-semana-de-la-moda\/","title":{"rendered":"Conoce a los creadores de Free Form Style: la marca inclusiva que rompi\u00f3 barreras durante la Semana de la Moda"},"content":{"rendered":"<div class=\"lets-info-up-wrap  lets-info-up--right lets-info-up--m-1 lets-info-up-skin-1 lets-info-up--side\">\t\t\t<div class=\"lets-info-up\">\r\n\t\t\t<div class=\"lets-info-up-fi\"><img loading=\"lazy\" decoding=\"async\" width=\"500\" height=\"500\" src=\"https:\/\/orato.world\/wp-content\/uploads\/subject-31-500x500.jpg\" class=\"attachment-lets-info-up-d1 size-lets-info-up-d1\" alt=\"\" srcset=\"https:\/\/orato.world\/wp-content\/uploads\/\/subject-31-500x500.jpg 500w, https:\/\/orato.world\/wp-content\/uploads\/\/subject-31-300x300.jpg 300w, https:\/\/orato.world\/wp-content\/uploads\/\/subject-31-100x100.jpg 100w, https:\/\/orato.world\/wp-content\/uploads\/\/subject-31-400x400.jpg 400w, https:\/\/orato.world\/wp-content\/uploads\/\/subject-31-150x150.jpg 150w, https:\/\/orato.world\/wp-content\/uploads\/\/subject-31-70x70.jpg 70w, https:\/\/orato.world\/wp-content\/uploads\/\/subject-31-293x293.jpg 293w, https:\/\/orato.world\/wp-content\/uploads\/\/subject-31.jpg 700w\" sizes=\"auto, (max-width: 500px) 100vw, 500px\" \/><\/div>\t\t\t<div class=\"lets-info-up-block-wrap\">\r\n\t\t\t\t<div class=\"lets-info-up-block lets-info-up-meta-block\"><div class=\"lets-info-up-meta-title lets-info-up-pretitle font-h\">INTERVIEW SUBJECT<\/div><div class=\"lets-info-up-meta-content lets-info-up-title font-b\"><a href=\"https:\/\/www.instagram.com\/marina_verges\/?hl=en\" target=\"_blank\" rel=\"noreferrer noopener\">Marina Verges<\/a> is a fashion journalist, designer, and co-founder of <a href=\"https:\/\/www.youtube.com\/watch?v=Z-9G2msklRs\" target=\"_blank\" rel=\"noreferrer noopener\">Free Form Style<\/a>, started in 2018 and launched in 2019 by both Marina and her cousin <a href=\"https:\/\/es.linkedin.com\/in\/carolina-asensio-guill%C3%A9n-235b65115\">Carolina Asensio<\/a> as an inclusive fashion brand. They were the first to showcase an inclusive fashion line during fashion week in Spain. Marina specialized in men&#8217;s fashion since 2001, in magazines such as Men&#8217;s Health, C\u00f3digo \u00danico, Hombre de La Vanguardia.<\/div><\/div><div class=\"lets-info-up-block lets-info-up-meta-block\"><div class=\"lets-info-up-meta-title lets-info-up-pretitle font-h\">BACKGROUND INFORMATION<\/div><div class=\"lets-info-up-meta-content lets-info-up-title font-b\">Often, fashion is <a href=\"https:\/\/theobjective.com\/lifestyle\/2022-06-23\/moda-inclusiva-marcas\/\" target=\"_blank\" rel=\"noreferrer noopener\">criticized<\/a> for imposing nearly impossible beauty standards. Those who don&#8217;t fit into these archetypes or wish to dress differently from the masses know the struggle of finding clothing outside of the mainstream. This need has given rise to a series of brands that operate beyond the usual margins, known as inclusive fashion, and they fight each day to provide everyone with the opportunity to dress and live as they wish. These brands make no distinctions based on size, age, or sexual identity. However, inclusion goes beyond the customers themselves. These companies also offer employment opportunities to individuals facing difficulties in finding work.<\/div><\/div>\t\t\t<\/div>\r\n\t\t\t<\/div>\r\n\t\t<\/div>\r\n\t\t\n<p>BARCELONA, Espa\u00f1a &#8211; Enclavado en la vibrante ciudad de Matar\u00f3, Espa\u00f1a, nuestro taller bulle de creatividad y prop\u00f3sito en <a href=\"https:\/\/www.instagram.com\/free_form_style\/?hl=en\">Free Form Style.<\/a> Mi prima Carolina Asensio y yo fundamos la marca despu\u00e9s de que su hermano sufriera un derrame cerebral que le dej\u00f3 paral\u00edtico. We tended to his every need. Mientras que su funci\u00f3n cognitiva permanec\u00eda intacta, el resto de su cuerpo se vio comprometido. La ansiedad y las peleas con m\u00e9dicos y terapeutas consum\u00edan nuestras vidas. Un d\u00eda nos dimos cuenta de que su vestuario consist\u00eda exclusivamente en ropa de ch\u00e1ndal. En su cumplea\u00f1os, decidimos encontrar algo m\u00e1s apropiado. Lo que empez\u00f3 como una decisi\u00f3n sincera puso en marcha nuestro viaje.<\/p>\n\n<p>El Free Form Style permanece entretejido en el tejido de nuestra historia personal y familiar. Como fundadoras y primas, Carolina y yo compartimos un v\u00ednculo que va m\u00e1s all\u00e1 de los negocios. Todo empez\u00f3 con un acontecimiento devastador que sacudi\u00f3 nuestro mundo. Hoy nos especializamos en ropa adaptada, sostenible y de alta calidad para innumerables personas que afrontan circunstancias como la del hermano de Carolina.<\/p>\n\n<p><a href=\"https:\/\/orato.world\/?s=spain\"><strong><em>Ver m\u00e1s reportajes de Espa\u00f1a en Orato World Media<\/em><\/strong><\/a><\/p>\n\n<h2 class=\"wp-block-heading\" id=\"h-a-gesture-of-love-gave-birth-to-a-business-venture\"><strong>Un gesto de amor dio origen a una aventura empresarial <\/strong><\/h2>\n\n<p>El d\u00eda que fuimos de compras de cumplea\u00f1os, Carolina y yo nos embarcamos en una odisea. Nos aventuramos en todas las tiendas que encontramos y buscamos en las profundidades de Internet. Quer\u00edamos encontrar algo que reflejara el mundo interior de su hermano, algo que le encantara. Mir\u00e1ramos donde mir\u00e1ramos, las opciones nos decepcionaban. Los tejidos y estampados no se ajustaban a sus necesidades espec\u00edficas, y los pantalones simplemente no se adaptaban a una persona confinada en una silla de ruedas. Sin inmutarnos, compramos un par de pantalones y nos dispusimos a transformarlos por completo.<\/p>\n\n<p>Con un cuidado meticuloso, hemos eliminado todos los bolsillos y sustituido la cremallera tradicional por un cierre de velcro. A\u00f1adimos goma en la parte trasera de los pantalones para evitar que resbalaran cuando se mov\u00eda en su silla de ruedas. Estos detalles aparentemente peque\u00f1os resultaron fundamentales y le ofrecieron un consuelo incre\u00edble. Mientras trabaj\u00e1bamos, con el sudor en la frente, sentimos una sacudida de electricidad en el aire. Nos embarg\u00f3 la emoci\u00f3n ante la idea de hacer algo que \u00e9l necesitara y que le encantara.<\/p>\n\n<p>Una vez terminamos, con las tiras de tela cubriendo el suelo, corrimos a su lado. Como por arte de magia, su rostro se ilumin\u00f3 con una sonrisa. Ver su felicidad nos conmovi\u00f3 profundamente. Estaba guap\u00edsimo con sus nuevos pantalones, rebosante de confianza y satisfacci\u00f3n. En medio de tanta lucha, nos dio esperanza. Durante ese momento de transformaci\u00f3n, la semilla de una idea arraig\u00f3 en nosotros.<\/p>\n\n<h2 class=\"wp-block-heading\"><strong>Quer\u00edamos que el mundo reconociera nuestros esfuerzos para que nuestro trabajo pudiera llegar a los necesitados <\/strong><\/h2>\n\n<p>Carolina y yo lanzamos Free Form Style y la exposici\u00f3n televisiva nos impuls\u00f3 r\u00e1pidamente. Los primeros pedidos empezaron a llegar. Un d\u00eda, un cliente pidi\u00f3 unos pantalones adaptados para una persona que ten\u00eda piezas met\u00e1licas que le atravesaban los huesos. La urgencia de su situaci\u00f3n nos permiti\u00f3 mostrar nuestro oficio. Entregamos una prenda realmente especial, adaptada a sus necesidades \u00fanicas. La estrella brillante de<a href=\"https:\/\/www.instagram.com\/free_form_style\/?hl=en\">Free Form Style<\/a>, nuestra colecci\u00f3n, gira en torno a los pantalones sastre multifuncionales, de apertura total y cremallera completa. Entendemos que no hay dos personas que se enfrenten a los mismos retos. Tanto si una persona est\u00e1 en silla de ruedas, utiliza una pr\u00f3tesis, necesita una sonda de alimentaci\u00f3n o depende de muletas, merece ropa que se adapte a sus circunstancias particulares.<\/p>\n\n<p>Aunque nuestra prenda principal -el pantal\u00f3n a medida- representa el ep\u00edtome de nuestra visi\u00f3n y nuestro prop\u00f3sito, todas las prendas de nuestro cat\u00e1logo siguen siendo accesibles. Los clientes pueden entrar en Internet y elegir libremente entre pantalones, faldas, camisetas o capas, todo ello meticulosamente personalizado seg\u00fan sus necesidades espec\u00edficas. En busca de legitimidad y reconocimiento, y para impulsar nuestra misi\u00f3n, dimos un paso audaz. Decidimos participar en la Semana de la Moda, un hecho sin precedentes en Espa\u00f1a.<\/p>\n\n<p>Prendas con un prop\u00f3sito tan rompedor nunca hab\u00edan adornado una pasarela a ese nivel. Para asegurarnos de causar impacto, nos pusimos en contacto con <a href=\"http:\/\/www.manuelbolano.com\/\">Manuel Bola\u00f1o,<\/a> un dise\u00f1ador de Barcelona excepcionalmente vers\u00e1til. Mientras compart\u00edamos nuestra visi\u00f3n, se sumergi\u00f3 en nuestro mundo, cautivado por nuestras ideas, y acept\u00f3 amablemente nuestra invitaci\u00f3n a colaborar. Durante nuestro empe\u00f1o, tambi\u00e9n buscamos la ayuda de <a href=\"https:\/\/www.gratacos.com\/en\/\">Gratacos<\/a>, una conocida marca de tejidos de Barcelona. Su contribuci\u00f3n consolid\u00f3 a\u00fan m\u00e1s nuestra presencia y nuestro peque\u00f1o taller floreci\u00f3 hasta convertirse en un nombre sin\u00f3nimo de artesan\u00eda implacable.<\/p>\n\n<h2 class=\"wp-block-heading\"><strong>La tensi\u00f3n era m\u00e1xima mientras nos prepar\u00e1bamos para nuestro mayor espect\u00e1culo hasta la fecha. <\/strong><\/h2>\n\n<p>Con una dedicaci\u00f3n inquebrantable, cosimos y cosimos incansablemente, sin parar ni un solo momento hasta que nuestra colecci\u00f3n vio la luz. Cuando lleg\u00f3 el momento de presentar nuestras piezas en la pasarela, sentimos un inmenso orgullo y alegr\u00eda por lo que hab\u00edamos hecho. Nuestro objetivo era dejar huella en el mundo de la moda para siempre. Al embarcarnos en este viaje, la respuesta de las modelos reson\u00f3 profundamente en nuestro interior. Abrazaron nuestra causa de todo coraz\u00f3n, reconociendo la importancia de estar codo con codo con nosotros para hacer historia. Su compromiso inquebrantable de hacer ruido y crear moda para todos reson\u00f3 con pasi\u00f3n.<\/p>\n\n<p>D\u00edas antes del desfile, un ensayo reuni\u00f3 en un ambiente \u00edntimo a dise\u00f1adores, modistas y modelos. Los \u00e1nimos se caldearon y las dudas se apoderaron de algunas modelos. Ten\u00edan miedo de meter la pata de alguna manera. La pasarela en s\u00ed era un triple espect\u00e1culo, con un recorrido sinuoso que llevaba a la derecha, luego de vuelta otra vez, s\u00f3lo para girar y repetir el proceso una vez m\u00e1s. Fue durante esas rutas cuando camin\u00e9 junto a ellos, mir\u00e1ndoles a los ojos, sosteniendo un fragmento de su historia personal marcada por el rechazo y el acoso. En sus zancadas, sus movimientos y las expresiones grabadas en sus rostros, fui testigo de una transformaci\u00f3n en personas empoderadas. Era la sensaci\u00f3n pura de libertad.<\/p>\n\n<p>Cuando lleg\u00f3 el momento del gran desfile, una explosi\u00f3n de sensaciones envolvi\u00f3 el ambiente. Fue como si brillos, transparencias, luces, amor, destellos, l\u00e1grimas de alegr\u00eda y colores se fundieran en un magn\u00edfico tapiz. Los latidos de mi coraz\u00f3n eran incontrolables y amenazaban con salirse de mi pecho. En esos momentos finales, mientras cos\u00eda botones, velcro e imanes, todo se aline\u00f3 a la perfecci\u00f3n. Est\u00e1bamos codo con codo -Carolina, Manuel y yo- mientras nos desped\u00edamos de las modelos. Their well-being and success were the only thing that mattered. <\/p>\n","protected":false},"excerpt":{"rendered":"<p>Con una dedicaci\u00f3n inquebrantable, cosimos y cosimos incansablemente, sin parar ni un solo momento hasta que nuestra colecci\u00f3n vio la luz. Cuando lleg\u00f3 el momento de presentar nuestras piezas en la pasarela, sentimos un inmenso orgullo y alegr\u00eda por lo que hab\u00edamos hecho. <\/p>\n","protected":false},"author":28,"featured_media":73936,"comment_status":"open","ping_status":"open","sticky":false,"template":"","format":"standard","meta":{"_acf_changed":false,"_uag_custom_page_level_css":"","_lmt_disableupdate":"","_lmt_disable":"","footnotes":""},"categories":[1617,772],"tags":[5663,1469,3688,3060,6117,6412,2214,963,964,498],"class_list":["post-74213","post","type-post","status-publish","format-standard","has-post-thumbnail","hentry","category-arte-y-cultura-es","category-carreras","tag-barcelona-es","tag-discapacidad-es-2","tag-disenador","tag-europa","tag-fashion-week-es","tag-inclusion-es","tag-latinoamerica","tag-moda","tag-ropa","tag-spain-es"],"acf":[],"yoast_head":"<!-- This site is optimized with the Yoast SEO Premium plugin v27.5 (Yoast SEO v27.5) - https:\/\/yoast.com\/product\/yoast-seo-premium-wordpress\/ -->\n<title>Una marca inclusiva de Barcelona rompe barreras en la Semana de la Moda<\/title>\n<meta name=\"description\" content=\"Marina Verg\u00e9s y Carolina Asensio fundaron en Barcelona Free Form Style, una marca incusiva destinada a ofrecer moda a todos los\" \/>\n<meta name=\"robots\" content=\"index, follow, max-snippet:-1, max-image-preview:large, max-video-preview:-1\" \/>\n<link rel=\"canonical\" href=\"https:\/\/orato.world\/es\/2023\/06\/15\/conoce-a-los-creadores-de-free-form-style-la-marca-inclusiva-que-rompio-barreras-durante-la-semana-de-la-moda\/\" \/>\n<meta property=\"og:locale\" content=\"es_ES\" \/>\n<meta property=\"og:type\" content=\"article\" \/>\n<meta property=\"og:title\" content=\"Conoce a los creadores de Free Form Style: la marca inclusiva que rompi\u00f3 barreras durante la Semana de la Moda\" \/>\n<meta property=\"og:description\" content=\"Marina Verg\u00e9s y Carolina Asensio fundaron en Barcelona Free Form Style, una marca incusiva destinada a ofrecer moda a todos los\" \/>\n<meta property=\"og:url\" content=\"https:\/\/orato.world\/es\/2023\/06\/15\/conoce-a-los-creadores-de-free-form-style-la-marca-inclusiva-que-rompio-barreras-durante-la-semana-de-la-moda\/\" \/>\n<meta property=\"og:site_name\" content=\"Orato\" \/>\n<meta property=\"article:publisher\" content=\"https:\/\/www.facebook.com\/OratoWorld\/\" \/>\n<meta property=\"article:published_time\" content=\"2023-06-15T14:56:13+00:00\" \/>\n<meta property=\"article:modified_time\" content=\"2023-06-20T18:45:40+00:00\" \/>\n<meta property=\"og:image\" content=\"https:\/\/orato.world\/wp-content\/uploads\/feature-58.jpg\" \/>\n\t<meta property=\"og:image:width\" content=\"1280\" \/>\n\t<meta property=\"og:image:height\" content=\"960\" \/>\n\t<meta property=\"og:image:type\" content=\"image\/jpeg\" \/>\n<meta name=\"author\" content=\"Mariela Laksman\" \/>\n<meta name=\"twitter:card\" content=\"summary_large_image\" \/>\n<meta name=\"twitter:creator\" content=\"@oratoworld\" \/>\n<meta name=\"twitter:site\" content=\"@oratoworld\" \/>\n<meta name=\"twitter:label1\" content=\"Escrito por\" \/>\n\t<meta name=\"twitter:data1\" content=\"Mariela Laksman\" \/>\n\t<meta name=\"twitter:label2\" content=\"Tiempo de lectura\" \/>\n\t<meta name=\"twitter:data2\" content=\"6 minutos\" \/>\n<script type=\"application\/ld+json\" class=\"yoast-schema-graph\">{\"@context\":\"https:\\\/\\\/schema.org\",\"@graph\":[{\"@type\":\"NewsArticle\",\"@id\":\"https:\\\/\\\/orato.world\\\/es\\\/2023\\\/06\\\/15\\\/conoce-a-los-creadores-de-free-form-style-la-marca-inclusiva-que-rompio-barreras-durante-la-semana-de-la-moda\\\/#article\",\"isPartOf\":{\"@id\":\"https:\\\/\\\/orato.world\\\/es\\\/2023\\\/06\\\/15\\\/conoce-a-los-creadores-de-free-form-style-la-marca-inclusiva-que-rompio-barreras-durante-la-semana-de-la-moda\\\/\"},\"author\":{\"name\":\"Mariela Laksman\",\"@id\":\"https:\\\/\\\/orato.world\\\/es\\\/#\\\/schema\\\/person\\\/d4a4a9a63551641850068c20e93613a5\"},\"headline\":\"Conoce a los creadores de Free Form Style: la marca inclusiva que rompi\u00f3 barreras durante la Semana de la Moda\",\"datePublished\":\"2023-06-15T14:56:13+00:00\",\"dateModified\":\"2023-06-20T18:45:40+00:00\",\"mainEntityOfPage\":{\"@id\":\"https:\\\/\\\/orato.world\\\/es\\\/2023\\\/06\\\/15\\\/conoce-a-los-creadores-de-free-form-style-la-marca-inclusiva-que-rompio-barreras-durante-la-semana-de-la-moda\\\/\"},\"wordCount\":1192,\"commentCount\":0,\"publisher\":{\"@id\":\"https:\\\/\\\/orato.world\\\/es\\\/#organization\"},\"image\":{\"@id\":\"https:\\\/\\\/orato.world\\\/es\\\/2023\\\/06\\\/15\\\/conoce-a-los-creadores-de-free-form-style-la-marca-inclusiva-que-rompio-barreras-durante-la-semana-de-la-moda\\\/#primaryimage\"},\"thumbnailUrl\":\"https:\\\/\\\/orato.world\\\/wp-content\\\/uploads\\\/feature-58.jpg\",\"keywords\":[\"barcelona\",\"Discapacidad\",\"Dise\u00f1ador\",\"Europa\",\"fashion week\",\"inclusion\",\"Latinoam\u00e9rica\",\"Moda\",\"Ropa\",\"Spain\"],\"articleSection\":[\"Arte y Cultura\",\"Carreras\"],\"inLanguage\":\"es\",\"potentialAction\":[{\"@type\":\"CommentAction\",\"name\":\"Comment\",\"target\":[\"https:\\\/\\\/orato.world\\\/es\\\/2023\\\/06\\\/15\\\/conoce-a-los-creadores-de-free-form-style-la-marca-inclusiva-que-rompio-barreras-durante-la-semana-de-la-moda\\\/#respond\"]}]},{\"@type\":\"WebPage\",\"@id\":\"https:\\\/\\\/orato.world\\\/es\\\/2023\\\/06\\\/15\\\/conoce-a-los-creadores-de-free-form-style-la-marca-inclusiva-que-rompio-barreras-durante-la-semana-de-la-moda\\\/\",\"url\":\"https:\\\/\\\/orato.world\\\/es\\\/2023\\\/06\\\/15\\\/conoce-a-los-creadores-de-free-form-style-la-marca-inclusiva-que-rompio-barreras-durante-la-semana-de-la-moda\\\/\",\"name\":\"Una marca inclusiva de Barcelona rompe barreras en la Semana de la Moda\",\"isPartOf\":{\"@id\":\"https:\\\/\\\/orato.world\\\/es\\\/#website\"},\"primaryImageOfPage\":{\"@id\":\"https:\\\/\\\/orato.world\\\/es\\\/2023\\\/06\\\/15\\\/conoce-a-los-creadores-de-free-form-style-la-marca-inclusiva-que-rompio-barreras-durante-la-semana-de-la-moda\\\/#primaryimage\"},\"image\":{\"@id\":\"https:\\\/\\\/orato.world\\\/es\\\/2023\\\/06\\\/15\\\/conoce-a-los-creadores-de-free-form-style-la-marca-inclusiva-que-rompio-barreras-durante-la-semana-de-la-moda\\\/#primaryimage\"},\"thumbnailUrl\":\"https:\\\/\\\/orato.world\\\/wp-content\\\/uploads\\\/feature-58.jpg\",\"datePublished\":\"2023-06-15T14:56:13+00:00\",\"dateModified\":\"2023-06-20T18:45:40+00:00\",\"description\":\"Marina Verg\u00e9s y Carolina Asensio fundaron en Barcelona Free Form Style, una marca incusiva destinada a ofrecer moda a todos los\",\"breadcrumb\":{\"@id\":\"https:\\\/\\\/orato.world\\\/es\\\/2023\\\/06\\\/15\\\/conoce-a-los-creadores-de-free-form-style-la-marca-inclusiva-que-rompio-barreras-durante-la-semana-de-la-moda\\\/#breadcrumb\"},\"inLanguage\":\"es\",\"potentialAction\":[{\"@type\":\"ReadAction\",\"target\":[\"https:\\\/\\\/orato.world\\\/es\\\/2023\\\/06\\\/15\\\/conoce-a-los-creadores-de-free-form-style-la-marca-inclusiva-que-rompio-barreras-durante-la-semana-de-la-moda\\\/\"]}]},{\"@type\":\"ImageObject\",\"inLanguage\":\"es\",\"@id\":\"https:\\\/\\\/orato.world\\\/es\\\/2023\\\/06\\\/15\\\/conoce-a-los-creadores-de-free-form-style-la-marca-inclusiva-que-rompio-barreras-durante-la-semana-de-la-moda\\\/#primaryimage\",\"url\":\"https:\\\/\\\/orato.world\\\/wp-content\\\/uploads\\\/feature-58.jpg\",\"contentUrl\":\"https:\\\/\\\/orato.world\\\/wp-content\\\/uploads\\\/feature-58.jpg\",\"width\":1280,\"height\":960,\"caption\":\"Marina Verg\u00e9s, along with her cousin and close friend Carolina Asensio, founded Free Form Style after Carolina's brother suffered from a stroke and the two went on a mission to provide him with clothing that would suit his new condition. What started as a heartfelt gestured birthed a business ventured they never would have predicted. | Photo courtesy of Free Form Style\"},{\"@type\":\"BreadcrumbList\",\"@id\":\"https:\\\/\\\/orato.world\\\/es\\\/2023\\\/06\\\/15\\\/conoce-a-los-creadores-de-free-form-style-la-marca-inclusiva-que-rompio-barreras-durante-la-semana-de-la-moda\\\/#breadcrumb\",\"itemListElement\":[{\"@type\":\"ListItem\",\"position\":1,\"name\":\"Home\",\"item\":\"https:\\\/\\\/orato.world\\\/es\\\/\"},{\"@type\":\"ListItem\",\"position\":2,\"name\":\"Conoce a los creadores de Free Form Style: la marca inclusiva que rompi\u00f3 barreras durante la Semana de la Moda\"}]},{\"@type\":\"WebSite\",\"@id\":\"https:\\\/\\\/orato.world\\\/es\\\/#website\",\"url\":\"https:\\\/\\\/orato.world\\\/es\\\/\",\"name\":\"Orato\",\"description\":\"True Stories. Real People\",\"publisher\":{\"@id\":\"https:\\\/\\\/orato.world\\\/es\\\/#organization\"},\"potentialAction\":[{\"@type\":\"SearchAction\",\"target\":{\"@type\":\"EntryPoint\",\"urlTemplate\":\"https:\\\/\\\/orato.world\\\/es\\\/?s={search_term_string}\"},\"query-input\":{\"@type\":\"PropertyValueSpecification\",\"valueRequired\":true,\"valueName\":\"search_term_string\"}}],\"inLanguage\":\"es\"},{\"@type\":\"Organization\",\"@id\":\"https:\\\/\\\/orato.world\\\/es\\\/#organization\",\"name\":\"Orato World Media Inc.\",\"url\":\"https:\\\/\\\/orato.world\\\/es\\\/\",\"logo\":{\"@type\":\"ImageObject\",\"inLanguage\":\"es\",\"@id\":\"https:\\\/\\\/orato.world\\\/es\\\/#\\\/schema\\\/logo\\\/image\\\/\",\"url\":\"https:\\\/\\\/orato.world\\\/wp-content\\\/uploads\\\/2020\\\/07\\\/orato-logo-transparent.png\",\"contentUrl\":\"https:\\\/\\\/orato.world\\\/wp-content\\\/uploads\\\/2020\\\/07\\\/orato-logo-transparent.png\",\"width\":78,\"height\":73,\"caption\":\"Orato World Media Inc.\"},\"image\":{\"@id\":\"https:\\\/\\\/orato.world\\\/es\\\/#\\\/schema\\\/logo\\\/image\\\/\"},\"sameAs\":[\"https:\\\/\\\/www.facebook.com\\\/OratoWorld\\\/\",\"https:\\\/\\\/x.com\\\/oratoworld\",\"https:\\\/\\\/www.instagram.com\\\/oratoworld\",\"https:\\\/\\\/www.linkedin.com\\\/company\\\/42308818\\\/\"]},{\"@type\":\"Person\",\"@id\":\"https:\\\/\\\/orato.world\\\/es\\\/#\\\/schema\\\/person\\\/d4a4a9a63551641850068c20e93613a5\",\"name\":\"Mariela Laksman\",\"image\":{\"@type\":\"ImageObject\",\"inLanguage\":\"es\",\"@id\":\"https:\\\/\\\/secure.gravatar.com\\\/avatar\\\/133ba1b69c2a2b7c782cce9999c26555b6bc9af9e382e5e8f8e3fc285015d1b7?s=96&d=mm&r=g\",\"url\":\"https:\\\/\\\/secure.gravatar.com\\\/avatar\\\/133ba1b69c2a2b7c782cce9999c26555b6bc9af9e382e5e8f8e3fc285015d1b7?s=96&d=mm&r=g\",\"contentUrl\":\"https:\\\/\\\/secure.gravatar.com\\\/avatar\\\/133ba1b69c2a2b7c782cce9999c26555b6bc9af9e382e5e8f8e3fc285015d1b7?s=96&d=mm&r=g\",\"caption\":\"Mariela Laksman\"},\"description\":\"Image and Sound Designer, Integral Audiovisual and Journalistic Producer, writer, and teacher. I started working when I was very young; Since 2001, I was a producer for different television programs, documentary films, radio, and generating creative content for different organizations and companies. I won the award: \\\"Nuevo Sudaca Border\\\" with the microfiction book \\\"Un Tigre con la Boca Abierta\\\", for Eloisa Cartonera Editorial. I am passionate about telling stories and writing.\",\"url\":\"https:\\\/\\\/orato.world\\\/es\\\/author\\\/mariela-laksman\\\/\"}]}<\/script>\n<!-- \/ Yoast SEO Premium plugin. -->","yoast_head_json":{"title":"Una marca inclusiva de Barcelona rompe barreras en la Semana de la Moda","description":"Marina Verg\u00e9s y Carolina Asensio fundaron en Barcelona Free Form Style, una marca incusiva destinada a ofrecer moda a todos los","robots":{"index":"index","follow":"follow","max-snippet":"max-snippet:-1","max-image-preview":"max-image-preview:large","max-video-preview":"max-video-preview:-1"},"canonical":"https:\/\/orato.world\/es\/2023\/06\/15\/conoce-a-los-creadores-de-free-form-style-la-marca-inclusiva-que-rompio-barreras-durante-la-semana-de-la-moda\/","og_locale":"es_ES","og_type":"article","og_title":"Conoce a los creadores de Free Form Style: la marca inclusiva que rompi\u00f3 barreras durante la Semana de la Moda","og_description":"Marina Verg\u00e9s y Carolina Asensio fundaron en Barcelona Free Form Style, una marca incusiva destinada a ofrecer moda a todos los","og_url":"https:\/\/orato.world\/es\/2023\/06\/15\/conoce-a-los-creadores-de-free-form-style-la-marca-inclusiva-que-rompio-barreras-durante-la-semana-de-la-moda\/","og_site_name":"Orato","article_publisher":"https:\/\/www.facebook.com\/OratoWorld\/","article_published_time":"2023-06-15T14:56:13+00:00","article_modified_time":"2023-06-20T18:45:40+00:00","og_image":[{"width":1280,"height":960,"url":"https:\/\/orato.world\/wp-content\/uploads\/feature-58.jpg","type":"image\/jpeg"}],"author":"Mariela Laksman","twitter_card":"summary_large_image","twitter_creator":"@oratoworld","twitter_site":"@oratoworld","twitter_misc":{"Escrito por":"Mariela Laksman","Tiempo de lectura":"6 minutos"},"schema":{"@context":"https:\/\/schema.org","@graph":[{"@type":"NewsArticle","@id":"https:\/\/orato.world\/es\/2023\/06\/15\/conoce-a-los-creadores-de-free-form-style-la-marca-inclusiva-que-rompio-barreras-durante-la-semana-de-la-moda\/#article","isPartOf":{"@id":"https:\/\/orato.world\/es\/2023\/06\/15\/conoce-a-los-creadores-de-free-form-style-la-marca-inclusiva-que-rompio-barreras-durante-la-semana-de-la-moda\/"},"author":{"name":"Mariela Laksman","@id":"https:\/\/orato.world\/es\/#\/schema\/person\/d4a4a9a63551641850068c20e93613a5"},"headline":"Conoce a los creadores de Free Form Style: la marca inclusiva que rompi\u00f3 barreras durante la Semana de la Moda","datePublished":"2023-06-15T14:56:13+00:00","dateModified":"2023-06-20T18:45:40+00:00","mainEntityOfPage":{"@id":"https:\/\/orato.world\/es\/2023\/06\/15\/conoce-a-los-creadores-de-free-form-style-la-marca-inclusiva-que-rompio-barreras-durante-la-semana-de-la-moda\/"},"wordCount":1192,"commentCount":0,"publisher":{"@id":"https:\/\/orato.world\/es\/#organization"},"image":{"@id":"https:\/\/orato.world\/es\/2023\/06\/15\/conoce-a-los-creadores-de-free-form-style-la-marca-inclusiva-que-rompio-barreras-durante-la-semana-de-la-moda\/#primaryimage"},"thumbnailUrl":"https:\/\/orato.world\/wp-content\/uploads\/feature-58.jpg","keywords":["barcelona","Discapacidad","Dise\u00f1ador","Europa","fashion week","inclusion","Latinoam\u00e9rica","Moda","Ropa","Spain"],"articleSection":["Arte y Cultura","Carreras"],"inLanguage":"es","potentialAction":[{"@type":"CommentAction","name":"Comment","target":["https:\/\/orato.world\/es\/2023\/06\/15\/conoce-a-los-creadores-de-free-form-style-la-marca-inclusiva-que-rompio-barreras-durante-la-semana-de-la-moda\/#respond"]}]},{"@type":"WebPage","@id":"https:\/\/orato.world\/es\/2023\/06\/15\/conoce-a-los-creadores-de-free-form-style-la-marca-inclusiva-que-rompio-barreras-durante-la-semana-de-la-moda\/","url":"https:\/\/orato.world\/es\/2023\/06\/15\/conoce-a-los-creadores-de-free-form-style-la-marca-inclusiva-que-rompio-barreras-durante-la-semana-de-la-moda\/","name":"Una marca inclusiva de Barcelona rompe barreras en la Semana de la Moda","isPartOf":{"@id":"https:\/\/orato.world\/es\/#website"},"primaryImageOfPage":{"@id":"https:\/\/orato.world\/es\/2023\/06\/15\/conoce-a-los-creadores-de-free-form-style-la-marca-inclusiva-que-rompio-barreras-durante-la-semana-de-la-moda\/#primaryimage"},"image":{"@id":"https:\/\/orato.world\/es\/2023\/06\/15\/conoce-a-los-creadores-de-free-form-style-la-marca-inclusiva-que-rompio-barreras-durante-la-semana-de-la-moda\/#primaryimage"},"thumbnailUrl":"https:\/\/orato.world\/wp-content\/uploads\/feature-58.jpg","datePublished":"2023-06-15T14:56:13+00:00","dateModified":"2023-06-20T18:45:40+00:00","description":"Marina Verg\u00e9s y Carolina Asensio fundaron en Barcelona Free Form Style, una marca incusiva destinada a ofrecer moda a todos los","breadcrumb":{"@id":"https:\/\/orato.world\/es\/2023\/06\/15\/conoce-a-los-creadores-de-free-form-style-la-marca-inclusiva-que-rompio-barreras-durante-la-semana-de-la-moda\/#breadcrumb"},"inLanguage":"es","potentialAction":[{"@type":"ReadAction","target":["https:\/\/orato.world\/es\/2023\/06\/15\/conoce-a-los-creadores-de-free-form-style-la-marca-inclusiva-que-rompio-barreras-durante-la-semana-de-la-moda\/"]}]},{"@type":"ImageObject","inLanguage":"es","@id":"https:\/\/orato.world\/es\/2023\/06\/15\/conoce-a-los-creadores-de-free-form-style-la-marca-inclusiva-que-rompio-barreras-durante-la-semana-de-la-moda\/#primaryimage","url":"https:\/\/orato.world\/wp-content\/uploads\/feature-58.jpg","contentUrl":"https:\/\/orato.world\/wp-content\/uploads\/feature-58.jpg","width":1280,"height":960,"caption":"Marina Verg\u00e9s, along with her cousin and close friend Carolina Asensio, founded Free Form Style after Carolina's brother suffered from a stroke and the two went on a mission to provide him with clothing that would suit his new condition. What started as a heartfelt gestured birthed a business ventured they never would have predicted. | Photo courtesy of Free Form Style"},{"@type":"BreadcrumbList","@id":"https:\/\/orato.world\/es\/2023\/06\/15\/conoce-a-los-creadores-de-free-form-style-la-marca-inclusiva-que-rompio-barreras-durante-la-semana-de-la-moda\/#breadcrumb","itemListElement":[{"@type":"ListItem","position":1,"name":"Home","item":"https:\/\/orato.world\/es\/"},{"@type":"ListItem","position":2,"name":"Conoce a los creadores de Free Form Style: la marca inclusiva que rompi\u00f3 barreras durante la Semana de la Moda"}]},{"@type":"WebSite","@id":"https:\/\/orato.world\/es\/#website","url":"https:\/\/orato.world\/es\/","name":"Orato","description":"True Stories. Real People","publisher":{"@id":"https:\/\/orato.world\/es\/#organization"},"potentialAction":[{"@type":"SearchAction","target":{"@type":"EntryPoint","urlTemplate":"https:\/\/orato.world\/es\/?s={search_term_string}"},"query-input":{"@type":"PropertyValueSpecification","valueRequired":true,"valueName":"search_term_string"}}],"inLanguage":"es"},{"@type":"Organization","@id":"https:\/\/orato.world\/es\/#organization","name":"Orato World Media Inc.","url":"https:\/\/orato.world\/es\/","logo":{"@type":"ImageObject","inLanguage":"es","@id":"https:\/\/orato.world\/es\/#\/schema\/logo\/image\/","url":"https:\/\/orato.world\/wp-content\/uploads\/2020\/07\/orato-logo-transparent.png","contentUrl":"https:\/\/orato.world\/wp-content\/uploads\/2020\/07\/orato-logo-transparent.png","width":78,"height":73,"caption":"Orato World Media Inc."},"image":{"@id":"https:\/\/orato.world\/es\/#\/schema\/logo\/image\/"},"sameAs":["https:\/\/www.facebook.com\/OratoWorld\/","https:\/\/x.com\/oratoworld","https:\/\/www.instagram.com\/oratoworld","https:\/\/www.linkedin.com\/company\/42308818\/"]},{"@type":"Person","@id":"https:\/\/orato.world\/es\/#\/schema\/person\/d4a4a9a63551641850068c20e93613a5","name":"Mariela Laksman","image":{"@type":"ImageObject","inLanguage":"es","@id":"https:\/\/secure.gravatar.com\/avatar\/133ba1b69c2a2b7c782cce9999c26555b6bc9af9e382e5e8f8e3fc285015d1b7?s=96&d=mm&r=g","url":"https:\/\/secure.gravatar.com\/avatar\/133ba1b69c2a2b7c782cce9999c26555b6bc9af9e382e5e8f8e3fc285015d1b7?s=96&d=mm&r=g","contentUrl":"https:\/\/secure.gravatar.com\/avatar\/133ba1b69c2a2b7c782cce9999c26555b6bc9af9e382e5e8f8e3fc285015d1b7?s=96&d=mm&r=g","caption":"Mariela Laksman"},"description":"Image and Sound Designer, Integral Audiovisual and Journalistic Producer, writer, and teacher. I started working when I was very young; Since 2001, I was a producer for different television programs, documentary films, radio, and generating creative content for different organizations and companies. I won the award: \"Nuevo Sudaca Border\" with the microfiction book \"Un Tigre con la Boca Abierta\", for Eloisa Cartonera Editorial. I am passionate about telling stories and writing.","url":"https:\/\/orato.world\/es\/author\/mariela-laksman\/"}]}},"modified_by":null,"uagb_featured_image_src":{"full":["https:\/\/orato.world\/wp-content\/uploads\/feature-58.jpg",1280,960,false],"thumbnail":["https:\/\/orato.world\/wp-content\/uploads\/feature-58-100x100.jpg",100,100,true],"medium":["https:\/\/orato.world\/wp-content\/uploads\/feature-58-300x225.jpg",300,225,true],"medium_large":["https:\/\/orato.world\/wp-content\/uploads\/feature-58-770x578.jpg",640,480,true],"large":["https:\/\/orato.world\/wp-content\/uploads\/feature-58-1024x768.jpg",640,480,true],"1536x1536":["https:\/\/orato.world\/wp-content\/uploads\/feature-58.jpg",1280,960,false],"2048x2048":["https:\/\/orato.world\/wp-content\/uploads\/feature-58.jpg",1280,960,false],"gallery-size":["https:\/\/orato.world\/wp-content\/uploads\/feature-58-533x400.jpg",533,400,true],"lets-review-360-240":["https:\/\/orato.world\/wp-content\/uploads\/feature-58-360x240.jpg",360,240,true],"gform-image-choice-sm":["https:\/\/orato.world\/wp-content\/uploads\/feature-58.jpg",300,225,false],"gform-image-choice-md":["https:\/\/orato.world\/wp-content\/uploads\/feature-58.jpg",400,300,false],"gform-image-choice-lg":["https:\/\/orato.world\/wp-content\/uploads\/feature-58.jpg",600,450,false],"awsm_team":["https:\/\/orato.world\/wp-content\/uploads\/feature-58-500x500.jpg",500,500,true]},"uagb_author_info":{"display_name":"Mariela Laksman","author_link":"https:\/\/orato.world\/es\/author\/mariela-laksman\/"},"uagb_comment_info":0,"uagb_excerpt":"Con una dedicaci\u00f3n inquebrantable, cosimos y cosimos incansablemente, sin parar ni un solo momento hasta que nuestra colecci\u00f3n vio la luz. Cuando lleg\u00f3 el momento de presentar nuestras piezas en la pasarela, sentimos un inmenso orgullo y alegr\u00eda por lo que hab\u00edamos hecho.","_links":{"self":[{"href":"https:\/\/orato.world\/es\/wp-json\/wp\/v2\/posts\/74213","targetHints":{"allow":["GET"]}}],"collection":[{"href":"https:\/\/orato.world\/es\/wp-json\/wp\/v2\/posts"}],"about":[{"href":"https:\/\/orato.world\/es\/wp-json\/wp\/v2\/types\/post"}],"author":[{"embeddable":true,"href":"https:\/\/orato.world\/es\/wp-json\/wp\/v2\/users\/28"}],"replies":[{"embeddable":true,"href":"https:\/\/orato.world\/es\/wp-json\/wp\/v2\/comments?post=74213"}],"version-history":[{"count":2,"href":"https:\/\/orato.world\/es\/wp-json\/wp\/v2\/posts\/74213\/revisions"}],"predecessor-version":[{"id":74215,"href":"https:\/\/orato.world\/es\/wp-json\/wp\/v2\/posts\/74213\/revisions\/74215"}],"wp:featuredmedia":[{"embeddable":true,"href":"https:\/\/orato.world\/es\/wp-json\/wp\/v2\/media\/73936"}],"wp:attachment":[{"href":"https:\/\/orato.world\/es\/wp-json\/wp\/v2\/media?parent=74213"}],"wp:term":[{"taxonomy":"category","embeddable":true,"href":"https:\/\/orato.world\/es\/wp-json\/wp\/v2\/categories?post=74213"},{"taxonomy":"post_tag","embeddable":true,"href":"https:\/\/orato.world\/es\/wp-json\/wp\/v2\/tags?post=74213"}],"curies":[{"name":"wp","href":"https:\/\/api.w.org\/{rel}","templated":true}]}}