{"id":74737,"date":"2023-07-07T05:34:57","date_gmt":"2023-07-07T12:34:57","guid":{"rendered":"https:\/\/orato.world\/2023\/07\/07\/en-argentina-un-fotografo-devuelve-a-la-selva-una-tierra-desolada-y-urbanizada\/"},"modified":"2023-07-09T16:20:07","modified_gmt":"2023-07-09T23:20:07","slug":"en-argentina-un-fotografo-devuelve-a-la-selva-una-tierra-desolada-y-urbanizada","status":"publish","type":"post","link":"https:\/\/orato.world\/es\/2023\/07\/07\/en-argentina-un-fotografo-devuelve-a-la-selva-una-tierra-desolada-y-urbanizada\/","title":{"rendered":"En Argentina, un fot\u00f3grafo devuelve a la selva una tierra desolada y urbanizada"},"content":{"rendered":"<div class=\"lets-info-up-wrap  lets-info-up--right lets-info-up--m-1 lets-info-up-skin-1 lets-info-up--side\">\t\t\t<div class=\"lets-info-up\">\r\n\t\t\t<div class=\"lets-info-up-fi\"><img loading=\"lazy\" decoding=\"async\" width=\"500\" height=\"500\" src=\"https:\/\/orato.world\/wp-content\/uploads\/subject-41-500x500.jpg\" class=\"attachment-lets-info-up-d1 size-lets-info-up-d1\" alt=\"\" srcset=\"https:\/\/orato.world\/wp-content\/uploads\/\/subject-41-500x500.jpg 500w, https:\/\/orato.world\/wp-content\/uploads\/\/subject-41-300x300.jpg 300w, https:\/\/orato.world\/wp-content\/uploads\/\/subject-41-1024x1024.jpg 1024w, https:\/\/orato.world\/wp-content\/uploads\/\/subject-41-100x100.jpg 100w, https:\/\/orato.world\/wp-content\/uploads\/\/subject-41-770x770.jpg 770w, https:\/\/orato.world\/wp-content\/uploads\/\/subject-41-400x400.jpg 400w, https:\/\/orato.world\/wp-content\/uploads\/\/subject-41-150x150.jpg 150w, https:\/\/orato.world\/wp-content\/uploads\/\/subject-41-70x70.jpg 70w, https:\/\/orato.world\/wp-content\/uploads\/\/subject-41-293x293.jpg 293w, https:\/\/orato.world\/wp-content\/uploads\/\/subject-41.jpg 1481w\" sizes=\"auto, (max-width: 500px) 100vw, 500px\" \/><\/div>\t\t\t<div class=\"lets-info-up-block-wrap\">\r\n\t\t\t\t<div class=\"lets-info-up-block lets-info-up-meta-block\"><div class=\"lets-info-up-meta-title lets-info-up-pretitle font-h\">INTERVIEW SUBJECT<\/div><div class=\"lets-info-up-meta-content lets-info-up-title font-b\"><a href=\"https:\/\/www.instagram.com\/matiasromanophotos\/?hl=en\" target=\"_blank\" rel=\"noreferrer noopener\">Mat\u00edas Romano<\/a> is a nature photographer and conservationist. He embarked on a journey to regenerate the jungle in Argentina 10 years ago, working tirelessly to plant trees and protect the wildlife. He founded the Bayka organization, which currently runs two reserves, hoping to expand in the future.<\/div><\/div><div class=\"lets-info-up-block lets-info-up-meta-block\"><div class=\"lets-info-up-meta-title lets-info-up-pretitle font-h\">BACKGROUND INFORMATION<\/div><div class=\"lets-info-up-meta-content lets-info-up-title font-b\"><a href=\"https:\/\/encolombia.com\/medio-ambiente\/interes-a\/que-son-las-reservas-naturales\/\" target=\"_blank\" rel=\"noreferrer noopener\">Nature reserves<\/a> are semi-protected areas managed by human beings. They are also designated by and\/or run by government institutions and non-profit organizations. They are often based upon and source of scientific research. In Argentina, there are <a href=\"https:\/\/www.buenosairesfreewalks.com\/what-to-do\/parks-and-nature-reserves\/#:~:text=Parks%20and%20Nature%20Reserves%2C%20all,Areas%20and%202%20Natural%20Monuments.\" target=\"_blank\" rel=\"noreferrer noopener\">currently<\/a> 39 National Parks, six nature reserves, three marine parks, two marine protected areas and two natural monuments.\u00a0<br><\/div><\/div>\t\t\t<\/div>\r\n\t\t\t<\/div>\r\n\t\t<\/div>\r\n\t\t\n<p>MISIONES, Argentina &#8211; Hace diez a\u00f1os, me embarqu\u00e9 en un proyecto para restaurar una peque\u00f1a parte del planeta. Cre\u00e9 la organizaci\u00f3n medioambiental <a href=\"https:\/\/www.bayka.com.ar\/?lang=en\">Bayka.<\/a> Nuestro objetivo: desarrollar activamente proyectos de regeneraci\u00f3n en la <a href=\"https:\/\/rove.me\/to\/argentina\/misiones-jungle\">Selva Misionera<\/a> y preservar su rica biodiversidad. Creamos dos reservas naturales maravillosas.<\/p>\n\n<p>Como fot\u00f3grafo, me sent\u00eda profundamente vinculado a la naturaleza. A trav\u00e9s de mis fotograf\u00edas, inmortalic\u00e9 la belleza de la que fui testigo, pero mis viajes me revelaron algo m\u00e1s. Vi el impacto del calentamiento global. Los animales en peligro, la escasez de agua, el aire contaminado y la p\u00e9rdida de vegetaci\u00f3n no dejaban de inquietarme. Necesitaba enfocarme. Con mucho trabajo y mucho tiempo, nos pusimos en marcha.<\/p>\n\n<p>En la actualidad, Bayka gestiona reservas naturales en San Sebasti\u00e1n de la Selva y La Morita. D\u00eda tras d\u00eda, somos testigos de la creaci\u00f3n de una nueva vida ante nuestros ojos.<\/p>\n\n<p><a href=\"https:\/\/orato.world\/?s=nature+preservation\">Lee m\u00e1s historias relacionadas con la conservaci\u00f3n de la naturaleza en Orato World Media <\/a><\/p>\n\n<h2 class=\"wp-block-heading\"><strong>La reserva de San Sebasti\u00e1n de la Selva pasa de pradera a ecosistema floreciente<\/strong><\/h2>\n\n<p>Cuando adquirimos las tierras de cultivo de la selva misionera para crear la primera reserva natural, vimos una vasta extensi\u00f3n cubierta de hierba y poblada de ganado, pero faltaba una cosa. No hab\u00eda \u00e1rboles. Lenta y cuidadosamente, empezamos a retirar los alambrados que separaban el ganado. Cavamos en la tierra, plantando \u00e1rboles aut\u00f3ctonos para repoblar el bosque. Como por arte de magia, empezaron a aparecer mariposas, llenando el paisaje con su presencia vibrante. Siguieron los insectos y los p\u00e1jaros, y todo el ecosistema empez\u00f3 a florecer.<\/p>\n\n<p>La belleza que ten\u00edamos ante nosotros ten\u00eda un impacto emocional tangible. Lo que vimos nos conmovi\u00f3. Una zona antes cubierta de hierba corta y vacas pastando ahora incluye jabal\u00edes, ciervos y una gran variedad de aves. La poblaci\u00f3n de insectos empez\u00f3 a proliferar y la flora regres\u00f3. Ahora vemos todo un reino de hongos. A trav\u00e9s de la restauraci\u00f3n ecol\u00f3gica, fuimos testigos directos de la incre\u00edble capacidad de recuperaci\u00f3n de la naturaleza. Ahora, me levanto cada ma\u00f1ana con ganas de empezar el d\u00eda.<\/p>\n\n<p>Es posible que en toda mi vida no llegue a presenciar el pleno crecimiento de los \u00e1rboles que plantamos. Eso no me desanima. Mi prop\u00f3sito crece a trav\u00e9s de un sentido de la responsabilidad: restaurar la naturaleza y tener un impacto positivo en el planeta. Yendo y viniendo entre Buenos Aires y la selva, veo c\u00f3mo nuestras acciones conducen a un cambio vital y duradero.<\/p>\n\n<h2 class=\"wp-block-heading\"><strong>Repleta de vida, la naturaleza est\u00e1 en constante movimiento<\/strong><\/h2>\n\n<p>Serpenteando por San Sebasti\u00e1n de la Selva, no s\u00f3lo se encuentra una revitalizaci\u00f3n de la naturaleza, sino tambi\u00e9n caba\u00f1as y zonas de barbacoa. Secciones de la naturaleza, una vez deforestadas, revelan un crecimiento asombroso. Altos \u00e1rboles adornan la tierra donde cada d\u00eda surge nueva vida. En un claro, se vislumbra una colina cubierta de vegetaci\u00f3n. Es como si te transportaras a otro mundo.<\/p>\n\n<p>Un coro constante de cantos de p\u00e1jaros resuena en el bosque. A lo lejos, se oye el suave fluir de una cascada. Cuando llueve, la cascada se hace cada vez m\u00e1s ruidosa. Cada paso trae nuevas sorpresas. Una mariposa se camufla contra el tronco de un \u00e1rbol mientras un p\u00e1jaro de colores se da un atrac\u00f3n de frutas. La reserva est\u00e1 llena de vida.<\/p>\n\n<figure class=\"wp-block-gallery has-nested-images columns-default is-cropped wp-block-gallery-1 is-layout-flex wp-block-gallery-is-layout-flex\">\n<figure class=\"wp-block-image size-large\"><img loading=\"lazy\" decoding=\"async\" width=\"784\" height=\"1024\" data-id=\"74704\" src=\"https:\/\/orato.world\/wp-content\/uploads\/Antes-y-Despues-1-3-784x1024.png\" alt=\"\" class=\"wp-image-74704\" srcset=\"https:\/\/orato.world\/wp-content\/uploads\/\/Antes-y-Despues-1-3-784x1024.png 784w, https:\/\/orato.world\/wp-content\/uploads\/\/Antes-y-Despues-1-3-230x300.png 230w, https:\/\/orato.world\/wp-content\/uploads\/\/Antes-y-Despues-1-3-770x1006.png 770w, https:\/\/orato.world\/wp-content\/uploads\/\/Antes-y-Despues-1-3-306x400.png 306w, https:\/\/orato.world\/wp-content\/uploads\/\/Antes-y-Despues-1-3.png 1128w\" sizes=\"auto, (max-width: 784px) 100vw, 784px\" \/><\/figure>\n\n\n\n<figure class=\"wp-block-image size-large\"><img loading=\"lazy\" decoding=\"async\" width=\"881\" height=\"1024\" data-id=\"74706\" src=\"https:\/\/orato.world\/wp-content\/uploads\/Antes-y-Despues-1-4-881x1024.png\" alt=\"\" class=\"wp-image-74706\" srcset=\"https:\/\/orato.world\/wp-content\/uploads\/\/Antes-y-Despues-1-4-881x1024.png 881w, https:\/\/orato.world\/wp-content\/uploads\/\/Antes-y-Despues-1-4-258x300.png 258w, https:\/\/orato.world\/wp-content\/uploads\/\/Antes-y-Despues-1-4-770x895.png 770w, https:\/\/orato.world\/wp-content\/uploads\/\/Antes-y-Despues-1-4-344x400.png 344w, https:\/\/orato.world\/wp-content\/uploads\/\/Antes-y-Despues-1-4.png 1206w\" sizes=\"auto, (max-width: 881px) 100vw, 881px\" \/><\/figure>\n<figcaption class=\"blocks-gallery-caption wp-element-caption\">Estas fotos del antes (arriba) y el despu\u00e9s (abajo) revelan la incre\u00edble restauraci\u00f3n que se est\u00e1 llevando a cabo gracias al trabajo de Bakya en la selva argentina. <strong>| Fotos cortes\u00eda de Team Bayka<\/strong><\/figcaption><\/figure>\n\n<p><\/p>\n\n<p>Sobre todo, se ha convertido en un lugar donde la naturaleza est\u00e1 en constante movimiento. En el vivero cultivamos plantas y el r\u00edo cobra protagonismo. Sus colores vibrantes y su potencia asombran a todo el mundo. Imagino a los ind\u00edgenas guaran\u00edes de Sudam\u00e9rica navegando en canoa hace 500 a\u00f1os, y siento que veo el paisaje a trav\u00e9s de sus ojos. Se produce una profunda conexi\u00f3n con el mundo natural, que evoca una sensaci\u00f3n de asombro y aprecio por la belleza y la complejidad de la vida en todas sus formas.<\/p>\n\n<h2 class=\"wp-block-heading\"><strong>La paciencia y la colaboraci\u00f3n siguen siendo claves para honrar y preservar la naturaleza<\/strong><\/h2>\n\n<p>A trav\u00e9s de todas estas experiencias, he aprendido el valor de la paciencia. En este lugar sagrado, los animales permanecen muy en sinton\u00eda con nuestra energ\u00eda. Influye en su reacci\u00f3n a nuestra presencia. Mientras trabajo para capturar el retrato perfecto de un animal, debo mantener la calma y no tener miedo para experimentar una conexi\u00f3n m\u00e1s profunda con ellos.<\/p>\n\n<p>Estas dos reservas desempe\u00f1an un papel vital en la conservaci\u00f3n de las aves en Argentina. En conjunto, albergamos el 37% de las especies de aves del pa\u00eds. <a href=\"https:\/\/www.sansebastiandelaselva.com\/https:\/www.sansebastiandelaselva.com\/\">San Sebasti\u00e1n de la Selva<\/a> abarca 100 hect\u00e1reas de terreno, estrat\u00e9gicamente situadas en el coraz\u00f3n del ECU-F, o Corredor Ecol\u00f3gico Urugua-\u00ed &#8211; Foerster. <a href=\"https:\/\/www.bing.com\/ck\/a?!&amp;&amp;p=46b13c9ba5abeb5fJmltdHM9MTY4ODY4ODAwMCZpZ3VpZD0yNDdjNTY4MS0wMDBhLTZkOWItMzA4Zi00NDkzMDE3NDZjYWYmaW5zaWQ9NTAwNw&amp;ptn=3&amp;hsh=3&amp;fclid=247c5681-000a-6d9b-308f-449301746caf&amp;u=a1aHR0cHM6Ly9qb3VybmFscy5zYWdlcHViLmNvbS9kb2kvZnVsbC8xMC4xMTc3LzE5NDAwODI5MTUwMDgwMDQwNiM6fjp0ZXh0PVRoZSUyMEVjb2xvZ2ljYWwlMjBDb3JyaWRvciUyMFVydWd1YS0lQzMlQUQlMjAlRTIlODAlOTMlMjBGb2Vyc3Rlcix0eXBlcyUyMGluJTIwZGlmZmVyZW50JTIwc3RhZ2VzJTIwb2YlMjByZXN0b3JhdGlvbi4mdGV4dD1UaGUlMjBFY29sb2dpY2FsJTIwQ29ycmlkb3IlMjBVcnVndWEtJUMzJUFELGRpZmZlcmVudCUyMHN0YWdlcyUyMG9mJTIwcmVzdG9yYXRpb24uJnRleHQ9Q29ycmlkb3IlMjBVcnVndWEtJUMzJUFEJTIwJUUyJTgwJTkzJTIwRm9lcnN0ZXIsdHlwZXMlMjBpbiUyMGRpZmZlcmVudCUyMHN0YWdlcw&amp;ntb=1\" target=\"_blank\" rel=\"noreferrer noopener\"><\/a>La segunda reserva, <a href=\"https:\/\/www.argentinaforestal.com\/tag\/reserva-natural-privada-la-morita\/\">La Morita<\/a>, ocupa 37 hect\u00e1reas a orillas del r\u00edo Iguaz\u00fa. Conecta los Parques Nacionales de Iguaz\u00fa de Argentina y Brasil. <\/p>\n\n<p>Hoy seguimos aumentando nuestras aspiraciones. Las reservas naturales siguen siendo extraordinariamente importantes para conservar las poblaciones animales y sus h\u00e1bitats. Nuestro principal reto consiste en atraer a m\u00e1s personas con la pasi\u00f3n de influir positivamente en el medio ambiente. Involucrando a empresas y personas con ideas afines, podemos colaborar para restaurar otras zonas.<\/p>\n\n<p>Nuestro objetivo es avanzar a\u00fan m\u00e1s en el proceso de restauraci\u00f3n. Este es nuestro principio rector. Mientras tratamos de crecer, seguimos recabando informaci\u00f3n, controlando nuestras reservas y ampliando nuestra comprensi\u00f3n de lo que conservamos.<\/p>\n\n<p><strong><em>Todas las fotos son cortes\u00eda del equipo Bayka.<\/em><\/strong><\/p>\n","protected":false},"excerpt":{"rendered":"<p>Lenta y cuidadosamente, empezamos a retirar los alambrados que separaban el ganado. Cavamos en la tierra, plantando \u00e1rboles aut\u00f3ctonos para repoblar el bosque. Como por arte de magia, empezaron a aparecer mariposas, llenando el paisaje con su presencia vibrante. Siguieron los insectos y los p\u00e1jaros, y todo el ecosistema empez\u00f3 a florecer.<\/p>\n","protected":false},"author":28,"featured_media":74686,"comment_status":"open","ping_status":"open","sticky":false,"template":"","format":"standard","meta":{"_acf_changed":false,"_uag_custom_page_level_css":"","_lmt_disableupdate":"","_lmt_disable":"","footnotes":""},"categories":[319,416],"tags":[193,2970,5583,6144,2214,5454,5580,5895,6524,6523,6522],"class_list":["post-74737","post","type-post","status-publish","format-standard","has-post-thumbnail","hentry","category-medio-ambiente","category-viajes-y-aventuras","tag-argentina-es","tag-conservacion","tag-conservacion-de-la-naturaleza","tag-junga","tag-latinoamerica","tag-naturaleza","tag-plantar-arboles","tag-preservacion-animal","tag-reservas-naturales","tag-restauracion","tag-vegetacion"],"acf":[],"yoast_head":"<!-- This site is optimized with the Yoast SEO Premium plugin v27.4 (Yoast SEO v27.4) - https:\/\/yoast.com\/product\/yoast-seo-premium-wordpress\/ -->\n<title>El fot\u00f3grafo Mat\u00edas Romano restaur\u00f3 una selva en Argentina<\/title>\n<meta name=\"description\" content=\"Una mirada al interior de la hermosa y rica selva restaurada por Mat\u00edas Romano hace 10 a\u00f1os, cuando se embarc\u00f3 en un viaje de preservaci\u00f3n de la naturaleza.\" \/>\n<meta name=\"robots\" content=\"index, follow, max-snippet:-1, max-image-preview:large, max-video-preview:-1\" \/>\n<link rel=\"canonical\" href=\"https:\/\/orato.world\/es\/2023\/07\/07\/en-argentina-un-fotografo-devuelve-a-la-selva-una-tierra-desolada-y-urbanizada\/\" \/>\n<meta property=\"og:locale\" content=\"es_ES\" \/>\n<meta property=\"og:type\" content=\"article\" \/>\n<meta property=\"og:title\" content=\"En Argentina, un fot\u00f3grafo devuelve a la selva una tierra desolada y urbanizada\" \/>\n<meta property=\"og:description\" content=\"Una mirada al interior de la hermosa y rica selva restaurada por Mat\u00edas Romano hace 10 a\u00f1os, cuando se embarc\u00f3 en un viaje de preservaci\u00f3n de la naturaleza.\" \/>\n<meta property=\"og:url\" content=\"https:\/\/orato.world\/es\/2023\/07\/07\/en-argentina-un-fotografo-devuelve-a-la-selva-una-tierra-desolada-y-urbanizada\/\" \/>\n<meta property=\"og:site_name\" content=\"Orato\" \/>\n<meta property=\"article:publisher\" content=\"https:\/\/www.facebook.com\/OratoWorld\/\" \/>\n<meta property=\"article:published_time\" content=\"2023-07-07T12:34:57+00:00\" \/>\n<meta property=\"article:modified_time\" content=\"2023-07-09T23:20:07+00:00\" \/>\n<meta property=\"og:image\" content=\"https:\/\/orato.world\/wp-content\/uploads\/feature-76.jpg\" \/>\n\t<meta property=\"og:image:width\" content=\"1280\" \/>\n\t<meta property=\"og:image:height\" content=\"960\" \/>\n\t<meta property=\"og:image:type\" content=\"image\/jpeg\" \/>\n<meta name=\"author\" content=\"Mariela Laksman\" \/>\n<meta name=\"twitter:card\" content=\"summary_large_image\" \/>\n<meta name=\"twitter:creator\" content=\"@oratoworld\" \/>\n<meta name=\"twitter:site\" content=\"@oratoworld\" \/>\n<meta name=\"twitter:label1\" content=\"Escrito por\" \/>\n\t<meta name=\"twitter:data1\" content=\"Mariela Laksman\" \/>\n\t<meta name=\"twitter:label2\" content=\"Tiempo de lectura\" \/>\n\t<meta name=\"twitter:data2\" content=\"5 minutos\" \/>\n<script type=\"application\/ld+json\" class=\"yoast-schema-graph\">{\"@context\":\"https:\\\/\\\/schema.org\",\"@graph\":[{\"@type\":\"NewsArticle\",\"@id\":\"https:\\\/\\\/orato.world\\\/es\\\/2023\\\/07\\\/07\\\/en-argentina-un-fotografo-devuelve-a-la-selva-una-tierra-desolada-y-urbanizada\\\/#article\",\"isPartOf\":{\"@id\":\"https:\\\/\\\/orato.world\\\/es\\\/2023\\\/07\\\/07\\\/en-argentina-un-fotografo-devuelve-a-la-selva-una-tierra-desolada-y-urbanizada\\\/\"},\"author\":{\"name\":\"Mariela Laksman\",\"@id\":\"https:\\\/\\\/orato.world\\\/es\\\/#\\\/schema\\\/person\\\/d4a4a9a63551641850068c20e93613a5\"},\"headline\":\"En Argentina, un fot\u00f3grafo devuelve a la selva una tierra desolada y urbanizada\",\"datePublished\":\"2023-07-07T12:34:57+00:00\",\"dateModified\":\"2023-07-09T23:20:07+00:00\",\"mainEntityOfPage\":{\"@id\":\"https:\\\/\\\/orato.world\\\/es\\\/2023\\\/07\\\/07\\\/en-argentina-un-fotografo-devuelve-a-la-selva-una-tierra-desolada-y-urbanizada\\\/\"},\"wordCount\":999,\"commentCount\":0,\"publisher\":{\"@id\":\"https:\\\/\\\/orato.world\\\/es\\\/#organization\"},\"image\":{\"@id\":\"https:\\\/\\\/orato.world\\\/es\\\/2023\\\/07\\\/07\\\/en-argentina-un-fotografo-devuelve-a-la-selva-una-tierra-desolada-y-urbanizada\\\/#primaryimage\"},\"thumbnailUrl\":\"https:\\\/\\\/orato.world\\\/wp-content\\\/uploads\\\/feature-76.jpg\",\"keywords\":[\"Argentina\",\"Conservaci\u00f3n\",\"conservaci\u00f3n de la naturaleza\",\"junga\",\"Latinoam\u00e9rica\",\"Naturaleza\",\"plantar \u00e1rboles\",\"preservaci\u00f3n animal\",\"reservas naturales\",\"restauraci\u00f3n\",\"vegetaci\u00f3n\"],\"articleSection\":[\"Medio ambiente\",\"Viajes y aventuras\"],\"inLanguage\":\"es\",\"potentialAction\":[{\"@type\":\"CommentAction\",\"name\":\"Comment\",\"target\":[\"https:\\\/\\\/orato.world\\\/es\\\/2023\\\/07\\\/07\\\/en-argentina-un-fotografo-devuelve-a-la-selva-una-tierra-desolada-y-urbanizada\\\/#respond\"]}]},{\"@type\":\"WebPage\",\"@id\":\"https:\\\/\\\/orato.world\\\/es\\\/2023\\\/07\\\/07\\\/en-argentina-un-fotografo-devuelve-a-la-selva-una-tierra-desolada-y-urbanizada\\\/\",\"url\":\"https:\\\/\\\/orato.world\\\/es\\\/2023\\\/07\\\/07\\\/en-argentina-un-fotografo-devuelve-a-la-selva-una-tierra-desolada-y-urbanizada\\\/\",\"name\":\"El fot\u00f3grafo Mat\u00edas Romano restaur\u00f3 una selva en Argentina\",\"isPartOf\":{\"@id\":\"https:\\\/\\\/orato.world\\\/es\\\/#website\"},\"primaryImageOfPage\":{\"@id\":\"https:\\\/\\\/orato.world\\\/es\\\/2023\\\/07\\\/07\\\/en-argentina-un-fotografo-devuelve-a-la-selva-una-tierra-desolada-y-urbanizada\\\/#primaryimage\"},\"image\":{\"@id\":\"https:\\\/\\\/orato.world\\\/es\\\/2023\\\/07\\\/07\\\/en-argentina-un-fotografo-devuelve-a-la-selva-una-tierra-desolada-y-urbanizada\\\/#primaryimage\"},\"thumbnailUrl\":\"https:\\\/\\\/orato.world\\\/wp-content\\\/uploads\\\/feature-76.jpg\",\"datePublished\":\"2023-07-07T12:34:57+00:00\",\"dateModified\":\"2023-07-09T23:20:07+00:00\",\"description\":\"Una mirada al interior de la hermosa y rica selva restaurada por Mat\u00edas Romano hace 10 a\u00f1os, cuando se embarc\u00f3 en un viaje de preservaci\u00f3n de la naturaleza.\",\"breadcrumb\":{\"@id\":\"https:\\\/\\\/orato.world\\\/es\\\/2023\\\/07\\\/07\\\/en-argentina-un-fotografo-devuelve-a-la-selva-una-tierra-desolada-y-urbanizada\\\/#breadcrumb\"},\"inLanguage\":\"es\",\"potentialAction\":[{\"@type\":\"ReadAction\",\"target\":[\"https:\\\/\\\/orato.world\\\/es\\\/2023\\\/07\\\/07\\\/en-argentina-un-fotografo-devuelve-a-la-selva-una-tierra-desolada-y-urbanizada\\\/\"]}]},{\"@type\":\"ImageObject\",\"inLanguage\":\"es\",\"@id\":\"https:\\\/\\\/orato.world\\\/es\\\/2023\\\/07\\\/07\\\/en-argentina-un-fotografo-devuelve-a-la-selva-una-tierra-desolada-y-urbanizada\\\/#primaryimage\",\"url\":\"https:\\\/\\\/orato.world\\\/wp-content\\\/uploads\\\/feature-76.jpg\",\"contentUrl\":\"https:\\\/\\\/orato.world\\\/wp-content\\\/uploads\\\/feature-76.jpg\",\"width\":1280,\"height\":960,\"caption\":\"Mat\u00edas Romano, founder of Bayka, believes that the regeneration and conservation of ecosystems must be carried out with a broad perspective that not only includes environmental issues but also education and work with the community. Restoring the ecosystem is also restoring the relationship between man and nature. | Photo courtesy of Bayka\"},{\"@type\":\"BreadcrumbList\",\"@id\":\"https:\\\/\\\/orato.world\\\/es\\\/2023\\\/07\\\/07\\\/en-argentina-un-fotografo-devuelve-a-la-selva-una-tierra-desolada-y-urbanizada\\\/#breadcrumb\",\"itemListElement\":[{\"@type\":\"ListItem\",\"position\":1,\"name\":\"Home\",\"item\":\"https:\\\/\\\/orato.world\\\/es\\\/\"},{\"@type\":\"ListItem\",\"position\":2,\"name\":\"En Argentina, un fot\u00f3grafo devuelve a la selva una tierra desolada y urbanizada\"}]},{\"@type\":\"WebSite\",\"@id\":\"https:\\\/\\\/orato.world\\\/es\\\/#website\",\"url\":\"https:\\\/\\\/orato.world\\\/es\\\/\",\"name\":\"Orato\",\"description\":\"True Stories. Real People\",\"publisher\":{\"@id\":\"https:\\\/\\\/orato.world\\\/es\\\/#organization\"},\"potentialAction\":[{\"@type\":\"SearchAction\",\"target\":{\"@type\":\"EntryPoint\",\"urlTemplate\":\"https:\\\/\\\/orato.world\\\/es\\\/?s={search_term_string}\"},\"query-input\":{\"@type\":\"PropertyValueSpecification\",\"valueRequired\":true,\"valueName\":\"search_term_string\"}}],\"inLanguage\":\"es\"},{\"@type\":\"Organization\",\"@id\":\"https:\\\/\\\/orato.world\\\/es\\\/#organization\",\"name\":\"Orato World Media Inc.\",\"url\":\"https:\\\/\\\/orato.world\\\/es\\\/\",\"logo\":{\"@type\":\"ImageObject\",\"inLanguage\":\"es\",\"@id\":\"https:\\\/\\\/orato.world\\\/es\\\/#\\\/schema\\\/logo\\\/image\\\/\",\"url\":\"https:\\\/\\\/orato.world\\\/wp-content\\\/uploads\\\/2020\\\/07\\\/orato-logo-transparent.png\",\"contentUrl\":\"https:\\\/\\\/orato.world\\\/wp-content\\\/uploads\\\/2020\\\/07\\\/orato-logo-transparent.png\",\"width\":78,\"height\":73,\"caption\":\"Orato World Media Inc.\"},\"image\":{\"@id\":\"https:\\\/\\\/orato.world\\\/es\\\/#\\\/schema\\\/logo\\\/image\\\/\"},\"sameAs\":[\"https:\\\/\\\/www.facebook.com\\\/OratoWorld\\\/\",\"https:\\\/\\\/x.com\\\/oratoworld\",\"https:\\\/\\\/www.instagram.com\\\/oratoworld\",\"https:\\\/\\\/www.linkedin.com\\\/company\\\/42308818\\\/\"]},{\"@type\":\"Person\",\"@id\":\"https:\\\/\\\/orato.world\\\/es\\\/#\\\/schema\\\/person\\\/d4a4a9a63551641850068c20e93613a5\",\"name\":\"Mariela Laksman\",\"image\":{\"@type\":\"ImageObject\",\"inLanguage\":\"es\",\"@id\":\"https:\\\/\\\/secure.gravatar.com\\\/avatar\\\/133ba1b69c2a2b7c782cce9999c26555b6bc9af9e382e5e8f8e3fc285015d1b7?s=96&d=mm&r=g\",\"url\":\"https:\\\/\\\/secure.gravatar.com\\\/avatar\\\/133ba1b69c2a2b7c782cce9999c26555b6bc9af9e382e5e8f8e3fc285015d1b7?s=96&d=mm&r=g\",\"contentUrl\":\"https:\\\/\\\/secure.gravatar.com\\\/avatar\\\/133ba1b69c2a2b7c782cce9999c26555b6bc9af9e382e5e8f8e3fc285015d1b7?s=96&d=mm&r=g\",\"caption\":\"Mariela Laksman\"},\"description\":\"Image and Sound Designer, Integral Audiovisual and Journalistic Producer, writer, and teacher. I started working when I was very young; Since 2001, I was a producer for different television programs, documentary films, radio, and generating creative content for different organizations and companies. I won the award: \\\"Nuevo Sudaca Border\\\" with the microfiction book \\\"Un Tigre con la Boca Abierta\\\", for Eloisa Cartonera Editorial. I am passionate about telling stories and writing.\",\"url\":\"https:\\\/\\\/orato.world\\\/es\\\/author\\\/mariela-laksman\\\/\"}]}<\/script>\n<!-- \/ Yoast SEO Premium plugin. -->","yoast_head_json":{"title":"El fot\u00f3grafo Mat\u00edas Romano restaur\u00f3 una selva en Argentina","description":"Una mirada al interior de la hermosa y rica selva restaurada por Mat\u00edas Romano hace 10 a\u00f1os, cuando se embarc\u00f3 en un viaje de preservaci\u00f3n de la naturaleza.","robots":{"index":"index","follow":"follow","max-snippet":"max-snippet:-1","max-image-preview":"max-image-preview:large","max-video-preview":"max-video-preview:-1"},"canonical":"https:\/\/orato.world\/es\/2023\/07\/07\/en-argentina-un-fotografo-devuelve-a-la-selva-una-tierra-desolada-y-urbanizada\/","og_locale":"es_ES","og_type":"article","og_title":"En Argentina, un fot\u00f3grafo devuelve a la selva una tierra desolada y urbanizada","og_description":"Una mirada al interior de la hermosa y rica selva restaurada por Mat\u00edas Romano hace 10 a\u00f1os, cuando se embarc\u00f3 en un viaje de preservaci\u00f3n de la naturaleza.","og_url":"https:\/\/orato.world\/es\/2023\/07\/07\/en-argentina-un-fotografo-devuelve-a-la-selva-una-tierra-desolada-y-urbanizada\/","og_site_name":"Orato","article_publisher":"https:\/\/www.facebook.com\/OratoWorld\/","article_published_time":"2023-07-07T12:34:57+00:00","article_modified_time":"2023-07-09T23:20:07+00:00","og_image":[{"width":1280,"height":960,"url":"https:\/\/orato.world\/wp-content\/uploads\/feature-76.jpg","type":"image\/jpeg"}],"author":"Mariela Laksman","twitter_card":"summary_large_image","twitter_creator":"@oratoworld","twitter_site":"@oratoworld","twitter_misc":{"Escrito por":"Mariela Laksman","Tiempo de lectura":"5 minutos"},"schema":{"@context":"https:\/\/schema.org","@graph":[{"@type":"NewsArticle","@id":"https:\/\/orato.world\/es\/2023\/07\/07\/en-argentina-un-fotografo-devuelve-a-la-selva-una-tierra-desolada-y-urbanizada\/#article","isPartOf":{"@id":"https:\/\/orato.world\/es\/2023\/07\/07\/en-argentina-un-fotografo-devuelve-a-la-selva-una-tierra-desolada-y-urbanizada\/"},"author":{"name":"Mariela Laksman","@id":"https:\/\/orato.world\/es\/#\/schema\/person\/d4a4a9a63551641850068c20e93613a5"},"headline":"En Argentina, un fot\u00f3grafo devuelve a la selva una tierra desolada y urbanizada","datePublished":"2023-07-07T12:34:57+00:00","dateModified":"2023-07-09T23:20:07+00:00","mainEntityOfPage":{"@id":"https:\/\/orato.world\/es\/2023\/07\/07\/en-argentina-un-fotografo-devuelve-a-la-selva-una-tierra-desolada-y-urbanizada\/"},"wordCount":999,"commentCount":0,"publisher":{"@id":"https:\/\/orato.world\/es\/#organization"},"image":{"@id":"https:\/\/orato.world\/es\/2023\/07\/07\/en-argentina-un-fotografo-devuelve-a-la-selva-una-tierra-desolada-y-urbanizada\/#primaryimage"},"thumbnailUrl":"https:\/\/orato.world\/wp-content\/uploads\/feature-76.jpg","keywords":["Argentina","Conservaci\u00f3n","conservaci\u00f3n de la naturaleza","junga","Latinoam\u00e9rica","Naturaleza","plantar \u00e1rboles","preservaci\u00f3n animal","reservas naturales","restauraci\u00f3n","vegetaci\u00f3n"],"articleSection":["Medio ambiente","Viajes y aventuras"],"inLanguage":"es","potentialAction":[{"@type":"CommentAction","name":"Comment","target":["https:\/\/orato.world\/es\/2023\/07\/07\/en-argentina-un-fotografo-devuelve-a-la-selva-una-tierra-desolada-y-urbanizada\/#respond"]}]},{"@type":"WebPage","@id":"https:\/\/orato.world\/es\/2023\/07\/07\/en-argentina-un-fotografo-devuelve-a-la-selva-una-tierra-desolada-y-urbanizada\/","url":"https:\/\/orato.world\/es\/2023\/07\/07\/en-argentina-un-fotografo-devuelve-a-la-selva-una-tierra-desolada-y-urbanizada\/","name":"El fot\u00f3grafo Mat\u00edas Romano restaur\u00f3 una selva en Argentina","isPartOf":{"@id":"https:\/\/orato.world\/es\/#website"},"primaryImageOfPage":{"@id":"https:\/\/orato.world\/es\/2023\/07\/07\/en-argentina-un-fotografo-devuelve-a-la-selva-una-tierra-desolada-y-urbanizada\/#primaryimage"},"image":{"@id":"https:\/\/orato.world\/es\/2023\/07\/07\/en-argentina-un-fotografo-devuelve-a-la-selva-una-tierra-desolada-y-urbanizada\/#primaryimage"},"thumbnailUrl":"https:\/\/orato.world\/wp-content\/uploads\/feature-76.jpg","datePublished":"2023-07-07T12:34:57+00:00","dateModified":"2023-07-09T23:20:07+00:00","description":"Una mirada al interior de la hermosa y rica selva restaurada por Mat\u00edas Romano hace 10 a\u00f1os, cuando se embarc\u00f3 en un viaje de preservaci\u00f3n de la naturaleza.","breadcrumb":{"@id":"https:\/\/orato.world\/es\/2023\/07\/07\/en-argentina-un-fotografo-devuelve-a-la-selva-una-tierra-desolada-y-urbanizada\/#breadcrumb"},"inLanguage":"es","potentialAction":[{"@type":"ReadAction","target":["https:\/\/orato.world\/es\/2023\/07\/07\/en-argentina-un-fotografo-devuelve-a-la-selva-una-tierra-desolada-y-urbanizada\/"]}]},{"@type":"ImageObject","inLanguage":"es","@id":"https:\/\/orato.world\/es\/2023\/07\/07\/en-argentina-un-fotografo-devuelve-a-la-selva-una-tierra-desolada-y-urbanizada\/#primaryimage","url":"https:\/\/orato.world\/wp-content\/uploads\/feature-76.jpg","contentUrl":"https:\/\/orato.world\/wp-content\/uploads\/feature-76.jpg","width":1280,"height":960,"caption":"Mat\u00edas Romano, founder of Bayka, believes that the regeneration and conservation of ecosystems must be carried out with a broad perspective that not only includes environmental issues but also education and work with the community. Restoring the ecosystem is also restoring the relationship between man and nature. | Photo courtesy of Bayka"},{"@type":"BreadcrumbList","@id":"https:\/\/orato.world\/es\/2023\/07\/07\/en-argentina-un-fotografo-devuelve-a-la-selva-una-tierra-desolada-y-urbanizada\/#breadcrumb","itemListElement":[{"@type":"ListItem","position":1,"name":"Home","item":"https:\/\/orato.world\/es\/"},{"@type":"ListItem","position":2,"name":"En Argentina, un fot\u00f3grafo devuelve a la selva una tierra desolada y urbanizada"}]},{"@type":"WebSite","@id":"https:\/\/orato.world\/es\/#website","url":"https:\/\/orato.world\/es\/","name":"Orato","description":"True Stories. Real People","publisher":{"@id":"https:\/\/orato.world\/es\/#organization"},"potentialAction":[{"@type":"SearchAction","target":{"@type":"EntryPoint","urlTemplate":"https:\/\/orato.world\/es\/?s={search_term_string}"},"query-input":{"@type":"PropertyValueSpecification","valueRequired":true,"valueName":"search_term_string"}}],"inLanguage":"es"},{"@type":"Organization","@id":"https:\/\/orato.world\/es\/#organization","name":"Orato World Media Inc.","url":"https:\/\/orato.world\/es\/","logo":{"@type":"ImageObject","inLanguage":"es","@id":"https:\/\/orato.world\/es\/#\/schema\/logo\/image\/","url":"https:\/\/orato.world\/wp-content\/uploads\/2020\/07\/orato-logo-transparent.png","contentUrl":"https:\/\/orato.world\/wp-content\/uploads\/2020\/07\/orato-logo-transparent.png","width":78,"height":73,"caption":"Orato World Media Inc."},"image":{"@id":"https:\/\/orato.world\/es\/#\/schema\/logo\/image\/"},"sameAs":["https:\/\/www.facebook.com\/OratoWorld\/","https:\/\/x.com\/oratoworld","https:\/\/www.instagram.com\/oratoworld","https:\/\/www.linkedin.com\/company\/42308818\/"]},{"@type":"Person","@id":"https:\/\/orato.world\/es\/#\/schema\/person\/d4a4a9a63551641850068c20e93613a5","name":"Mariela Laksman","image":{"@type":"ImageObject","inLanguage":"es","@id":"https:\/\/secure.gravatar.com\/avatar\/133ba1b69c2a2b7c782cce9999c26555b6bc9af9e382e5e8f8e3fc285015d1b7?s=96&d=mm&r=g","url":"https:\/\/secure.gravatar.com\/avatar\/133ba1b69c2a2b7c782cce9999c26555b6bc9af9e382e5e8f8e3fc285015d1b7?s=96&d=mm&r=g","contentUrl":"https:\/\/secure.gravatar.com\/avatar\/133ba1b69c2a2b7c782cce9999c26555b6bc9af9e382e5e8f8e3fc285015d1b7?s=96&d=mm&r=g","caption":"Mariela Laksman"},"description":"Image and Sound Designer, Integral Audiovisual and Journalistic Producer, writer, and teacher. I started working when I was very young; Since 2001, I was a producer for different television programs, documentary films, radio, and generating creative content for different organizations and companies. I won the award: \"Nuevo Sudaca Border\" with the microfiction book \"Un Tigre con la Boca Abierta\", for Eloisa Cartonera Editorial. I am passionate about telling stories and writing.","url":"https:\/\/orato.world\/es\/author\/mariela-laksman\/"}]}},"modified_by":null,"uagb_featured_image_src":{"full":["https:\/\/orato.world\/wp-content\/uploads\/feature-76.jpg",1280,960,false],"thumbnail":["https:\/\/orato.world\/wp-content\/uploads\/feature-76-100x100.jpg",100,100,true],"medium":["https:\/\/orato.world\/wp-content\/uploads\/feature-76-300x225.jpg",300,225,true],"medium_large":["https:\/\/orato.world\/wp-content\/uploads\/feature-76-770x578.jpg",640,480,true],"large":["https:\/\/orato.world\/wp-content\/uploads\/feature-76-1024x768.jpg",640,480,true],"1536x1536":["https:\/\/orato.world\/wp-content\/uploads\/feature-76.jpg",1280,960,false],"2048x2048":["https:\/\/orato.world\/wp-content\/uploads\/feature-76.jpg",1280,960,false],"gallery-size":["https:\/\/orato.world\/wp-content\/uploads\/feature-76-533x400.jpg",533,400,true],"lets-review-360-240":["https:\/\/orato.world\/wp-content\/uploads\/feature-76-360x240.jpg",360,240,true],"gform-image-choice-sm":["https:\/\/orato.world\/wp-content\/uploads\/feature-76.jpg",300,225,false],"gform-image-choice-md":["https:\/\/orato.world\/wp-content\/uploads\/feature-76.jpg",400,300,false],"gform-image-choice-lg":["https:\/\/orato.world\/wp-content\/uploads\/feature-76.jpg",600,450,false],"awsm_team":["https:\/\/orato.world\/wp-content\/uploads\/feature-76-500x500.jpg",500,500,true]},"uagb_author_info":{"display_name":"Mariela Laksman","author_link":"https:\/\/orato.world\/es\/author\/mariela-laksman\/"},"uagb_comment_info":0,"uagb_excerpt":"Lenta y cuidadosamente, empezamos a retirar los alambrados que separaban el ganado. Cavamos en la tierra, plantando \u00e1rboles aut\u00f3ctonos para repoblar el bosque. Como por arte de magia, empezaron a aparecer mariposas, llenando el paisaje con su presencia vibrante. Siguieron los insectos y los p\u00e1jaros, y todo el ecosistema empez\u00f3 a florecer.","_links":{"self":[{"href":"https:\/\/orato.world\/es\/wp-json\/wp\/v2\/posts\/74737","targetHints":{"allow":["GET"]}}],"collection":[{"href":"https:\/\/orato.world\/es\/wp-json\/wp\/v2\/posts"}],"about":[{"href":"https:\/\/orato.world\/es\/wp-json\/wp\/v2\/types\/post"}],"author":[{"embeddable":true,"href":"https:\/\/orato.world\/es\/wp-json\/wp\/v2\/users\/28"}],"replies":[{"embeddable":true,"href":"https:\/\/orato.world\/es\/wp-json\/wp\/v2\/comments?post=74737"}],"version-history":[{"count":1,"href":"https:\/\/orato.world\/es\/wp-json\/wp\/v2\/posts\/74737\/revisions"}],"predecessor-version":[{"id":74738,"href":"https:\/\/orato.world\/es\/wp-json\/wp\/v2\/posts\/74737\/revisions\/74738"}],"wp:featuredmedia":[{"embeddable":true,"href":"https:\/\/orato.world\/es\/wp-json\/wp\/v2\/media\/74686"}],"wp:attachment":[{"href":"https:\/\/orato.world\/es\/wp-json\/wp\/v2\/media?parent=74737"}],"wp:term":[{"taxonomy":"category","embeddable":true,"href":"https:\/\/orato.world\/es\/wp-json\/wp\/v2\/categories?post=74737"},{"taxonomy":"post_tag","embeddable":true,"href":"https:\/\/orato.world\/es\/wp-json\/wp\/v2\/tags?post=74737"}],"curies":[{"name":"wp","href":"https:\/\/api.w.org\/{rel}","templated":true}]}}