{"id":76167,"date":"2023-08-14T05:00:00","date_gmt":"2023-08-14T12:00:00","guid":{"rendered":"https:\/\/orato.world\/2023\/08\/14\/un-activista-afirma-que-un-basurero-a-cielo-abierto-en-expansion-esta-matando-gente-y-poniendo-en-peligro-a-los-ninos\/"},"modified":"2023-08-23T06:41:40","modified_gmt":"2023-08-23T13:41:40","slug":"un-activista-afirma-que-un-basurero-a-cielo-abierto-en-expansion-esta-matando-gente-y-poniendo-en-peligro-a-los-ninos","status":"publish","type":"post","link":"https:\/\/orato.world\/es\/2023\/08\/14\/un-activista-afirma-que-un-basurero-a-cielo-abierto-en-expansion-esta-matando-gente-y-poniendo-en-peligro-a-los-ninos\/","title":{"rendered":"Un activista afirma que un basurero a cielo abierto en expansi\u00f3n est\u00e1 matando gente y poniendo en peligro a los ni\u00f1os"},"content":{"rendered":"<div class=\"lets-info-up-wrap  lets-info-up--right lets-info-up--m-1 lets-info-up-skin-1 lets-info-up--side\">\t\t\t<div class=\"lets-info-up\">\r\n\t\t\t<div class=\"lets-info-up-fi\"><img loading=\"lazy\" decoding=\"async\" width=\"500\" height=\"500\" src=\"https:\/\/orato.world\/wp-content\/uploads\/subject-53-500x500.jpg\" class=\"attachment-lets-info-up-d1 size-lets-info-up-d1\" alt=\"\" srcset=\"https:\/\/orato.world\/wp-content\/uploads\/\/subject-53-500x500.jpg 500w, https:\/\/orato.world\/wp-content\/uploads\/\/subject-53-300x300.jpg 300w, https:\/\/orato.world\/wp-content\/uploads\/\/subject-53-100x100.jpg 100w, https:\/\/orato.world\/wp-content\/uploads\/\/subject-53-770x770.jpg 770w, https:\/\/orato.world\/wp-content\/uploads\/\/subject-53-400x400.jpg 400w, https:\/\/orato.world\/wp-content\/uploads\/\/subject-53-150x150.jpg 150w, https:\/\/orato.world\/wp-content\/uploads\/\/subject-53-70x70.jpg 70w, https:\/\/orato.world\/wp-content\/uploads\/\/subject-53-293x293.jpg 293w, https:\/\/orato.world\/wp-content\/uploads\/\/subject-53.jpg 800w\" sizes=\"auto, (max-width: 500px) 100vw, 500px\" \/><\/div>\t\t\t<div class=\"lets-info-up-block-wrap\">\r\n\t\t\t\t<div class=\"lets-info-up-block lets-info-up-meta-block\"><div class=\"lets-info-up-meta-title lets-info-up-pretitle font-h\">PROTAGONISTA<\/div><div class=\"lets-info-up-meta-content lets-info-up-title font-b\">Sergio Almada creci\u00f3 en Buenos Aires, Argentina. Trabaj\u00f3 como basurero en el vertedero conocido como La Quema. Tambi\u00e9n es activista y uno de los muchos vecinos afectados por la quema de basura en el barrio. Habla abiertamente de las pr\u00e1cticas empleadas y de sus efectos en los ni\u00f1os del barrio.<\/div><\/div><div class=\"lets-info-up-block lets-info-up-meta-block\"><div class=\"lets-info-up-meta-title lets-info-up-pretitle font-h\">CONTEXTO<\/div><div class=\"lets-info-up-meta-content lets-info-up-title font-b\">Los basurales a cielo abierto son sitios donde se disponen residuos s\u00f3lidos en forma indiscriminada, sin control operativo y con escasas medidas de protecci\u00f3n ambiental. En <a href=\"https:\/\/www.argentina.gob.ar\/ambiente\/accion\/basurales\">Argentina <\/a>existen m\u00e1s de 5.000 basurales a cielo abierto, lo que significa, en promedio, m\u00e1s de dos basurales por municipio.<\/div><\/div>\t\t\t<\/div>\r\n\t\t\t<\/div>\r\n\t\t<\/div>\r\n\t\t\n\n\n<p>BUENOS AIRES, Argentina &#8211; Cuando mi pap\u00e1 lleg\u00f3 por primera vez a Entre R\u00edos, trabajaba como recolector de basura. De chico, vi crecer monta\u00f1as de residuos en lo que se conoci\u00f3 como el basurero de La Quema. Durante 50 a\u00f1os, las autoridades han depositado 120 toneladas de basura en el basurero. Muchas familias trabajan all\u00ed para ganarse la vida.<\/p>\n\n\n\n<p>Veo la consecuencia de las pr\u00e1cticas empleadas en La Quema. La quema sistem\u00e1tica de basura ha afectado a la vida y la salud de generaciones. Adem\u00e1s de problemas respiratorios, la gente sufre dolencias gastrointestinales, problemas reum\u00e1ticos y zoonosis [diseases passed from animals to humans caused by harmful germs]<\/p>\n\n\n\n<p><strong><em><a href=\"https:\/\/orato.world\/es\/category\/medio-ambiente\/\">Lee m\u00e1s art\u00edculos de la categor\u00eda Medio ambiente de Orato World Media. <\/a><\/em><\/strong><\/p>\n\n\n\n<p>Cuando la basura arde en verano, el calor del sol extiende el fuego, poniendo en peligro las casas y la escuela primaria, situada a s\u00f3lo 200 metros. Cuando comienza el incendio, los profesores evacuan desesperadamente a los alumnos. En el exterior, se encuentran con un espeso humo que envuelve la tierra. Los ni\u00f1os se asfixian al intentar huir. Sus fr\u00e1giles cuerpos luchan por recuperar el aliento mientras el cielo se perfila gris y aterrador. Cada vez que esta escena se desarrolla ante m\u00ed, me rompe el coraz\u00f3n.<\/p>\n\n\n\n<h2 class=\"wp-block-heading\" id=\"h-las-practicas-en-el-basurero-se-vuelven-mas-peligrosas-para-los-residentes-cercanos\"><strong>Las pr\u00e1cticas en el basurero se vuelven m\u00e1s peligrosas para los residentes cercanos<\/strong><\/h2>\n\n\n\n<p>Ante la crisis econ\u00f3mica, empec\u00e9 a trabajar en La Quema, como hab\u00eda hecho mi padre dos d\u00e9cadas antes. Me pagaban mal, as\u00ed que acept\u00e9 un segundo trabajo como barrendero para ganar dinero extra. Trabaj\u00e9 en el basurero unos tres a\u00f1os. Mientras clasificaba los residuos, a veces encontraba gusanos en mis calcetines y las moscas se me ca\u00edan por toda la cara.<\/p>\n\n\n\n<p>Con apenas suficiente dinero para llegar a fin de mes, a veces mi familia y yo recurr\u00edamos a comer las sobras que encontr\u00e1bamos en el basurero. En aquellos tiempos, los tanques atmosf\u00e9ricos derramaban con frecuencia litros y litros de aguas residuales l\u00edquidas en un sector de la propiedad. Un d\u00eda, not\u00e9 un enorme for\u00fanculo en la rodilla de mi sobrino. M\u00e1s tarde me enter\u00e9 de que muchos de los ni\u00f1os del barrio sufr\u00edan eccemas graves. Con el tiempo, a una de mis nietas le diagnosticaron graves problemas respiratorios cr\u00f3nicos. <\/p>\n\n\n\n<p>La llevamos a un m\u00e9dico que nos aconsej\u00f3 abandonar el barrio lo antes posible, pero no pod\u00edamos permitirnos ir. Desesperados por hacer algo, negociamos con los responsables, hablando del da\u00f1o que se estaba haciendo a los residentes. Creamos una petici\u00f3n y todo el vecindario la firm\u00f3, pero nada cambi\u00f3. Sin inmutarnos, empezamos a celebrar asambleas para presionarles a que dejaran de arrojar residuos en las inmediaciones. Esper\u00e1bamos que nuestros esfuerzos marcaran la diferencia.<\/p>\n\n\n\n<h2 class=\"wp-block-heading\" id=\"h-el-futuro-sigue-siendo-incierto-y-tememos-por-las-generaciones-venideras\"><strong>El futuro sigue siendo incierto y tememos por las generaciones venideras<\/strong><\/h2>\n\n\n\n<p>Pasaron los a\u00f1os, hasta que por fin escucharon nuestras s\u00faplicas. En octubre de 2022, decidieron cerrar el basurero y construir un centro medioambiental. Los planes inclu\u00edan la instalaci\u00f3n de una planta integral de tratamiento de residuos. Tambi\u00e9n significaba que mejorar\u00edan las condiciones de trabajo de los recicladores, con fondos del Banco Interamericano de Desarrollo. <\/p>\n\n\n\n<p>El Centro Medioambiental tambi\u00e9n inclu\u00eda una guarder\u00eda para los hijos de los trabajadores. Hasta la fecha, el 70% del basurero est\u00e1 cerrado y el nuevo centro est\u00e1 a medio construir. Justo cuando nuestras esperanzas se acrecentaban, un juez federal paraliz\u00f3 sin motivo el proyecto de reconversi\u00f3n del basurero. En enero de 2023, tras una presentaci\u00f3n en el Ministerio de Medio Ambiente de la Naci\u00f3n, los funcionarios revocaron la medida cautelar y el basural volvi\u00f3 a funcionar. Una sensaci\u00f3n de angustia invadi\u00f3 todo mi ser.<\/p>\n\n\n<div class=\"wp-block-image\">\n<figure class=\"aligncenter size-large\"><img loading=\"lazy\" decoding=\"async\" width=\"1024\" height=\"682\" src=\"https:\/\/orato.world\/wp-content\/uploads\/sergio-3-1024x682.jpg\" alt=\"\" class=\"wp-image-75763\" srcset=\"https:\/\/orato.world\/wp-content\/uploads\/\/sergio-3-1024x682.jpg 1024w, https:\/\/orato.world\/wp-content\/uploads\/\/sergio-3-300x200.jpg 300w, https:\/\/orato.world\/wp-content\/uploads\/\/sergio-3-770x513.jpg 770w, https:\/\/orato.world\/wp-content\/uploads\/\/sergio-3-1536x1024.jpg 1536w, https:\/\/orato.world\/wp-content\/uploads\/\/sergio-3-600x400.jpg 600w, https:\/\/orato.world\/wp-content\/uploads\/\/sergio-3-360x240.jpg 360w, https:\/\/orato.world\/wp-content\/uploads\/\/sergio-3.jpg 2000w\" sizes=\"auto, (max-width: 1024px) 100vw, 1024px\" \/><figcaption class=\"wp-element-caption\">Todos los d\u00edas queman la basura en el basurero, lo que provoca una intensa humareda t\u00f3xica que rodea las zonas residenciales de los alrededores. <strong>| Foto cortes\u00eda de Sergio Almada<\/strong><\/figcaption><\/figure>\n<\/div>\n\n\n<p><\/p>\n\n\n\n<p>Los vecinos y nuestros simpatizantes nos aferramos a nuestro sue\u00f1o de convertir el basurero de La Quema en una planta de reciclaje y un centro ambiental donde los recicladores urbanos puedan trabajar en condiciones dignas, pero los intereses empresariales siguen obstaculizando nuestro progreso.<\/p>\n\n\n\n<p>Hoy siento mucha desesperaci\u00f3n. Persiste una enorme tristeza y temo que el proyecto se abandone por completo. Muchas personas sufrir\u00e1n si toman esa decisi\u00f3n. Se dejar\u00e1 morir a las familias enfermas y hambrientas. Hemos visto morir a vecinos en incendios y ahogados por el humo, aquejados de las muchas enfermedades que acarrea este vertedero. Hay que hacer algo, o de lo contrario su sangre estar\u00e1 en las manos de nuestros funcionarios.<\/p>\n\n\n\n<p><\/p>\n","protected":false},"excerpt":{"rendered":"<p>Cuando comienza el incendio, los profesores evacuan desesperadamente a los alumnos. En el exterior, se encuentran con un espeso humo que envuelve la tierra. Los ni\u00f1os se asfixian al intentar huir. Sus fr\u00e1giles cuerpos luchan por recuperar el aliento mientras el cielo se cierne gris y aterrador. <\/p>\n","protected":false},"author":28,"featured_media":75759,"comment_status":"open","ping_status":"open","sticky":false,"template":"","format":"standard","meta":{"_acf_changed":false,"_uag_custom_page_level_css":"","_lmt_disableupdate":"","_lmt_disable":"","footnotes":""},"categories":[319,188],"tags":[193,3556,1976,1044,515,2214,3761,6738,6739],"class_list":["post-76167","post","type-post","status-publish","format-standard","has-post-thumbnail","hentry","category-medio-ambiente","category-salud","tag-argentina-es","tag-basura","tag-buenos-aires-es","tag-desperdicios","tag-health-es","tag-latinoamerica","tag-ninos","tag-quema","tag-vertedero"],"acf":[],"yoast_head":"<!-- This site is optimized with the Yoast SEO Premium plugin v27.5 (Yoast SEO v27.5) - https:\/\/yoast.com\/product\/yoast-seo-premium-wordpress\/ -->\n<title>Un activista afirma que un basurero al aire libre amenaza a los ni\u00f1os<\/title>\n<meta name=\"description\" content=\"Un activista afirma que este basurero a cielo abierto llamado La Quema est\u00e1 matando a personas y amenazando a ni\u00f1os. Las empresas rechazan los planes de cambio\" \/>\n<meta name=\"robots\" content=\"index, follow, max-snippet:-1, max-image-preview:large, max-video-preview:-1\" \/>\n<link rel=\"canonical\" href=\"https:\/\/orato.world\/es\/2023\/08\/14\/un-activista-afirma-que-un-basurero-a-cielo-abierto-en-expansion-esta-matando-gente-y-poniendo-en-peligro-a-los-ninos\/\" \/>\n<meta property=\"og:locale\" content=\"es_ES\" \/>\n<meta property=\"og:type\" content=\"article\" \/>\n<meta property=\"og:title\" content=\"Un activista afirma que un basurero a cielo abierto en expansi\u00f3n est\u00e1 matando gente y poniendo en peligro a los ni\u00f1os\" \/>\n<meta property=\"og:description\" content=\"Un activista afirma que este basurero a cielo abierto llamado La Quema est\u00e1 matando a personas y amenazando a ni\u00f1os. Las empresas rechazan los planes de cambio\" \/>\n<meta property=\"og:url\" content=\"https:\/\/orato.world\/es\/2023\/08\/14\/un-activista-afirma-que-un-basurero-a-cielo-abierto-en-expansion-esta-matando-gente-y-poniendo-en-peligro-a-los-ninos\/\" \/>\n<meta property=\"og:site_name\" content=\"Orato\" \/>\n<meta property=\"article:publisher\" content=\"https:\/\/www.facebook.com\/OratoWorld\/\" \/>\n<meta property=\"article:published_time\" content=\"2023-08-14T12:00:00+00:00\" \/>\n<meta property=\"article:modified_time\" content=\"2023-08-23T13:41:40+00:00\" \/>\n<meta property=\"og:image\" content=\"https:\/\/orato.world\/wp-content\/uploads\/feature-103.jpg\" \/>\n\t<meta property=\"og:image:width\" content=\"1280\" \/>\n\t<meta property=\"og:image:height\" content=\"960\" \/>\n\t<meta property=\"og:image:type\" content=\"image\/jpeg\" \/>\n<meta name=\"author\" content=\"Mariela Laksman\" \/>\n<meta name=\"twitter:card\" content=\"summary_large_image\" \/>\n<meta name=\"twitter:creator\" content=\"@oratoworld\" \/>\n<meta name=\"twitter:site\" content=\"@oratoworld\" \/>\n<meta name=\"twitter:label1\" content=\"Escrito por\" \/>\n\t<meta name=\"twitter:data1\" content=\"Mariela Laksman\" \/>\n\t<meta name=\"twitter:label2\" content=\"Tiempo de lectura\" \/>\n\t<meta name=\"twitter:data2\" content=\"4 minutos\" \/>\n<script type=\"application\/ld+json\" class=\"yoast-schema-graph\">{\"@context\":\"https:\\\/\\\/schema.org\",\"@graph\":[{\"@type\":\"NewsArticle\",\"@id\":\"https:\\\/\\\/orato.world\\\/es\\\/2023\\\/08\\\/14\\\/un-activista-afirma-que-un-basurero-a-cielo-abierto-en-expansion-esta-matando-gente-y-poniendo-en-peligro-a-los-ninos\\\/#article\",\"isPartOf\":{\"@id\":\"https:\\\/\\\/orato.world\\\/es\\\/2023\\\/08\\\/14\\\/un-activista-afirma-que-un-basurero-a-cielo-abierto-en-expansion-esta-matando-gente-y-poniendo-en-peligro-a-los-ninos\\\/\"},\"author\":{\"name\":\"Mariela Laksman\",\"@id\":\"https:\\\/\\\/orato.world\\\/es\\\/#\\\/schema\\\/person\\\/d4a4a9a63551641850068c20e93613a5\"},\"headline\":\"Un activista afirma que un basurero a cielo abierto en expansi\u00f3n est\u00e1 matando gente y poniendo en peligro a los ni\u00f1os\",\"datePublished\":\"2023-08-14T12:00:00+00:00\",\"dateModified\":\"2023-08-23T13:41:40+00:00\",\"mainEntityOfPage\":{\"@id\":\"https:\\\/\\\/orato.world\\\/es\\\/2023\\\/08\\\/14\\\/un-activista-afirma-que-un-basurero-a-cielo-abierto-en-expansion-esta-matando-gente-y-poniendo-en-peligro-a-los-ninos\\\/\"},\"wordCount\":807,\"commentCount\":0,\"publisher\":{\"@id\":\"https:\\\/\\\/orato.world\\\/es\\\/#organization\"},\"image\":{\"@id\":\"https:\\\/\\\/orato.world\\\/es\\\/2023\\\/08\\\/14\\\/un-activista-afirma-que-un-basurero-a-cielo-abierto-en-expansion-esta-matando-gente-y-poniendo-en-peligro-a-los-ninos\\\/#primaryimage\"},\"thumbnailUrl\":\"https:\\\/\\\/orato.world\\\/wp-content\\\/uploads\\\/feature-103.jpg\",\"keywords\":[\"Argentina\",\"basura\",\"Buenos Aires\",\"Desperdicios\",\"Health\",\"Latinoam\u00e9rica\",\"ni\u00f1os\",\"quema\",\"vertedero\"],\"articleSection\":[\"Medio ambiente\",\"Salud\"],\"inLanguage\":\"es\",\"potentialAction\":[{\"@type\":\"CommentAction\",\"name\":\"Comment\",\"target\":[\"https:\\\/\\\/orato.world\\\/es\\\/2023\\\/08\\\/14\\\/un-activista-afirma-que-un-basurero-a-cielo-abierto-en-expansion-esta-matando-gente-y-poniendo-en-peligro-a-los-ninos\\\/#respond\"]}]},{\"@type\":\"WebPage\",\"@id\":\"https:\\\/\\\/orato.world\\\/es\\\/2023\\\/08\\\/14\\\/un-activista-afirma-que-un-basurero-a-cielo-abierto-en-expansion-esta-matando-gente-y-poniendo-en-peligro-a-los-ninos\\\/\",\"url\":\"https:\\\/\\\/orato.world\\\/es\\\/2023\\\/08\\\/14\\\/un-activista-afirma-que-un-basurero-a-cielo-abierto-en-expansion-esta-matando-gente-y-poniendo-en-peligro-a-los-ninos\\\/\",\"name\":\"Un activista afirma que un basurero al aire libre amenaza a los ni\u00f1os\",\"isPartOf\":{\"@id\":\"https:\\\/\\\/orato.world\\\/es\\\/#website\"},\"primaryImageOfPage\":{\"@id\":\"https:\\\/\\\/orato.world\\\/es\\\/2023\\\/08\\\/14\\\/un-activista-afirma-que-un-basurero-a-cielo-abierto-en-expansion-esta-matando-gente-y-poniendo-en-peligro-a-los-ninos\\\/#primaryimage\"},\"image\":{\"@id\":\"https:\\\/\\\/orato.world\\\/es\\\/2023\\\/08\\\/14\\\/un-activista-afirma-que-un-basurero-a-cielo-abierto-en-expansion-esta-matando-gente-y-poniendo-en-peligro-a-los-ninos\\\/#primaryimage\"},\"thumbnailUrl\":\"https:\\\/\\\/orato.world\\\/wp-content\\\/uploads\\\/feature-103.jpg\",\"datePublished\":\"2023-08-14T12:00:00+00:00\",\"dateModified\":\"2023-08-23T13:41:40+00:00\",\"description\":\"Un activista afirma que este basurero a cielo abierto llamado La Quema est\u00e1 matando a personas y amenazando a ni\u00f1os. Las empresas rechazan los planes de cambio\",\"breadcrumb\":{\"@id\":\"https:\\\/\\\/orato.world\\\/es\\\/2023\\\/08\\\/14\\\/un-activista-afirma-que-un-basurero-a-cielo-abierto-en-expansion-esta-matando-gente-y-poniendo-en-peligro-a-los-ninos\\\/#breadcrumb\"},\"inLanguage\":\"es\",\"potentialAction\":[{\"@type\":\"ReadAction\",\"target\":[\"https:\\\/\\\/orato.world\\\/es\\\/2023\\\/08\\\/14\\\/un-activista-afirma-que-un-basurero-a-cielo-abierto-en-expansion-esta-matando-gente-y-poniendo-en-peligro-a-los-ninos\\\/\"]}]},{\"@type\":\"ImageObject\",\"inLanguage\":\"es\",\"@id\":\"https:\\\/\\\/orato.world\\\/es\\\/2023\\\/08\\\/14\\\/un-activista-afirma-que-un-basurero-a-cielo-abierto-en-expansion-esta-matando-gente-y-poniendo-en-peligro-a-los-ninos\\\/#primaryimage\",\"url\":\"https:\\\/\\\/orato.world\\\/wp-content\\\/uploads\\\/feature-103.jpg\",\"contentUrl\":\"https:\\\/\\\/orato.world\\\/wp-content\\\/uploads\\\/feature-103.jpg\",\"width\":1280,\"height\":960,\"caption\":\"Faced with an economic crisis and a lack of ressources, Sergio Almada turned to garbage collecting in the region of La Quema. He quickly realised the negative effects the landfill had on the residents of the neighborhood, and decided to raise awareness in an attempt to get better working conditions. | Photo courtesy of Sergio Almada\"},{\"@type\":\"BreadcrumbList\",\"@id\":\"https:\\\/\\\/orato.world\\\/es\\\/2023\\\/08\\\/14\\\/un-activista-afirma-que-un-basurero-a-cielo-abierto-en-expansion-esta-matando-gente-y-poniendo-en-peligro-a-los-ninos\\\/#breadcrumb\",\"itemListElement\":[{\"@type\":\"ListItem\",\"position\":1,\"name\":\"Home\",\"item\":\"https:\\\/\\\/orato.world\\\/es\\\/\"},{\"@type\":\"ListItem\",\"position\":2,\"name\":\"Un activista afirma que un basurero a cielo abierto en expansi\u00f3n est\u00e1 matando gente y poniendo en peligro a los ni\u00f1os\"}]},{\"@type\":\"WebSite\",\"@id\":\"https:\\\/\\\/orato.world\\\/es\\\/#website\",\"url\":\"https:\\\/\\\/orato.world\\\/es\\\/\",\"name\":\"Orato\",\"description\":\"True Stories. Real People\",\"publisher\":{\"@id\":\"https:\\\/\\\/orato.world\\\/es\\\/#organization\"},\"potentialAction\":[{\"@type\":\"SearchAction\",\"target\":{\"@type\":\"EntryPoint\",\"urlTemplate\":\"https:\\\/\\\/orato.world\\\/es\\\/?s={search_term_string}\"},\"query-input\":{\"@type\":\"PropertyValueSpecification\",\"valueRequired\":true,\"valueName\":\"search_term_string\"}}],\"inLanguage\":\"es\"},{\"@type\":\"Organization\",\"@id\":\"https:\\\/\\\/orato.world\\\/es\\\/#organization\",\"name\":\"Orato World Media Inc.\",\"url\":\"https:\\\/\\\/orato.world\\\/es\\\/\",\"logo\":{\"@type\":\"ImageObject\",\"inLanguage\":\"es\",\"@id\":\"https:\\\/\\\/orato.world\\\/es\\\/#\\\/schema\\\/logo\\\/image\\\/\",\"url\":\"https:\\\/\\\/orato.world\\\/wp-content\\\/uploads\\\/2020\\\/07\\\/orato-logo-transparent.png\",\"contentUrl\":\"https:\\\/\\\/orato.world\\\/wp-content\\\/uploads\\\/2020\\\/07\\\/orato-logo-transparent.png\",\"width\":78,\"height\":73,\"caption\":\"Orato World Media Inc.\"},\"image\":{\"@id\":\"https:\\\/\\\/orato.world\\\/es\\\/#\\\/schema\\\/logo\\\/image\\\/\"},\"sameAs\":[\"https:\\\/\\\/www.facebook.com\\\/OratoWorld\\\/\",\"https:\\\/\\\/x.com\\\/oratoworld\",\"https:\\\/\\\/www.instagram.com\\\/oratoworld\",\"https:\\\/\\\/www.linkedin.com\\\/company\\\/42308818\\\/\"]},{\"@type\":\"Person\",\"@id\":\"https:\\\/\\\/orato.world\\\/es\\\/#\\\/schema\\\/person\\\/d4a4a9a63551641850068c20e93613a5\",\"name\":\"Mariela Laksman\",\"image\":{\"@type\":\"ImageObject\",\"inLanguage\":\"es\",\"@id\":\"https:\\\/\\\/secure.gravatar.com\\\/avatar\\\/133ba1b69c2a2b7c782cce9999c26555b6bc9af9e382e5e8f8e3fc285015d1b7?s=96&d=mm&r=g\",\"url\":\"https:\\\/\\\/secure.gravatar.com\\\/avatar\\\/133ba1b69c2a2b7c782cce9999c26555b6bc9af9e382e5e8f8e3fc285015d1b7?s=96&d=mm&r=g\",\"contentUrl\":\"https:\\\/\\\/secure.gravatar.com\\\/avatar\\\/133ba1b69c2a2b7c782cce9999c26555b6bc9af9e382e5e8f8e3fc285015d1b7?s=96&d=mm&r=g\",\"caption\":\"Mariela Laksman\"},\"description\":\"Image and Sound Designer, Integral Audiovisual and Journalistic Producer, writer, and teacher. I started working when I was very young; Since 2001, I was a producer for different television programs, documentary films, radio, and generating creative content for different organizations and companies. I won the award: \\\"Nuevo Sudaca Border\\\" with the microfiction book \\\"Un Tigre con la Boca Abierta\\\", for Eloisa Cartonera Editorial. I am passionate about telling stories and writing.\",\"url\":\"https:\\\/\\\/orato.world\\\/es\\\/author\\\/mariela-laksman\\\/\"}]}<\/script>\n<!-- \/ Yoast SEO Premium plugin. -->","yoast_head_json":{"title":"Un activista afirma que un basurero al aire libre amenaza a los ni\u00f1os","description":"Un activista afirma que este basurero a cielo abierto llamado La Quema est\u00e1 matando a personas y amenazando a ni\u00f1os. Las empresas rechazan los planes de cambio","robots":{"index":"index","follow":"follow","max-snippet":"max-snippet:-1","max-image-preview":"max-image-preview:large","max-video-preview":"max-video-preview:-1"},"canonical":"https:\/\/orato.world\/es\/2023\/08\/14\/un-activista-afirma-que-un-basurero-a-cielo-abierto-en-expansion-esta-matando-gente-y-poniendo-en-peligro-a-los-ninos\/","og_locale":"es_ES","og_type":"article","og_title":"Un activista afirma que un basurero a cielo abierto en expansi\u00f3n est\u00e1 matando gente y poniendo en peligro a los ni\u00f1os","og_description":"Un activista afirma que este basurero a cielo abierto llamado La Quema est\u00e1 matando a personas y amenazando a ni\u00f1os. Las empresas rechazan los planes de cambio","og_url":"https:\/\/orato.world\/es\/2023\/08\/14\/un-activista-afirma-que-un-basurero-a-cielo-abierto-en-expansion-esta-matando-gente-y-poniendo-en-peligro-a-los-ninos\/","og_site_name":"Orato","article_publisher":"https:\/\/www.facebook.com\/OratoWorld\/","article_published_time":"2023-08-14T12:00:00+00:00","article_modified_time":"2023-08-23T13:41:40+00:00","og_image":[{"width":1280,"height":960,"url":"https:\/\/orato.world\/wp-content\/uploads\/feature-103.jpg","type":"image\/jpeg"}],"author":"Mariela Laksman","twitter_card":"summary_large_image","twitter_creator":"@oratoworld","twitter_site":"@oratoworld","twitter_misc":{"Escrito por":"Mariela Laksman","Tiempo de lectura":"4 minutos"},"schema":{"@context":"https:\/\/schema.org","@graph":[{"@type":"NewsArticle","@id":"https:\/\/orato.world\/es\/2023\/08\/14\/un-activista-afirma-que-un-basurero-a-cielo-abierto-en-expansion-esta-matando-gente-y-poniendo-en-peligro-a-los-ninos\/#article","isPartOf":{"@id":"https:\/\/orato.world\/es\/2023\/08\/14\/un-activista-afirma-que-un-basurero-a-cielo-abierto-en-expansion-esta-matando-gente-y-poniendo-en-peligro-a-los-ninos\/"},"author":{"name":"Mariela Laksman","@id":"https:\/\/orato.world\/es\/#\/schema\/person\/d4a4a9a63551641850068c20e93613a5"},"headline":"Un activista afirma que un basurero a cielo abierto en expansi\u00f3n est\u00e1 matando gente y poniendo en peligro a los ni\u00f1os","datePublished":"2023-08-14T12:00:00+00:00","dateModified":"2023-08-23T13:41:40+00:00","mainEntityOfPage":{"@id":"https:\/\/orato.world\/es\/2023\/08\/14\/un-activista-afirma-que-un-basurero-a-cielo-abierto-en-expansion-esta-matando-gente-y-poniendo-en-peligro-a-los-ninos\/"},"wordCount":807,"commentCount":0,"publisher":{"@id":"https:\/\/orato.world\/es\/#organization"},"image":{"@id":"https:\/\/orato.world\/es\/2023\/08\/14\/un-activista-afirma-que-un-basurero-a-cielo-abierto-en-expansion-esta-matando-gente-y-poniendo-en-peligro-a-los-ninos\/#primaryimage"},"thumbnailUrl":"https:\/\/orato.world\/wp-content\/uploads\/feature-103.jpg","keywords":["Argentina","basura","Buenos Aires","Desperdicios","Health","Latinoam\u00e9rica","ni\u00f1os","quema","vertedero"],"articleSection":["Medio ambiente","Salud"],"inLanguage":"es","potentialAction":[{"@type":"CommentAction","name":"Comment","target":["https:\/\/orato.world\/es\/2023\/08\/14\/un-activista-afirma-que-un-basurero-a-cielo-abierto-en-expansion-esta-matando-gente-y-poniendo-en-peligro-a-los-ninos\/#respond"]}]},{"@type":"WebPage","@id":"https:\/\/orato.world\/es\/2023\/08\/14\/un-activista-afirma-que-un-basurero-a-cielo-abierto-en-expansion-esta-matando-gente-y-poniendo-en-peligro-a-los-ninos\/","url":"https:\/\/orato.world\/es\/2023\/08\/14\/un-activista-afirma-que-un-basurero-a-cielo-abierto-en-expansion-esta-matando-gente-y-poniendo-en-peligro-a-los-ninos\/","name":"Un activista afirma que un basurero al aire libre amenaza a los ni\u00f1os","isPartOf":{"@id":"https:\/\/orato.world\/es\/#website"},"primaryImageOfPage":{"@id":"https:\/\/orato.world\/es\/2023\/08\/14\/un-activista-afirma-que-un-basurero-a-cielo-abierto-en-expansion-esta-matando-gente-y-poniendo-en-peligro-a-los-ninos\/#primaryimage"},"image":{"@id":"https:\/\/orato.world\/es\/2023\/08\/14\/un-activista-afirma-que-un-basurero-a-cielo-abierto-en-expansion-esta-matando-gente-y-poniendo-en-peligro-a-los-ninos\/#primaryimage"},"thumbnailUrl":"https:\/\/orato.world\/wp-content\/uploads\/feature-103.jpg","datePublished":"2023-08-14T12:00:00+00:00","dateModified":"2023-08-23T13:41:40+00:00","description":"Un activista afirma que este basurero a cielo abierto llamado La Quema est\u00e1 matando a personas y amenazando a ni\u00f1os. Las empresas rechazan los planes de cambio","breadcrumb":{"@id":"https:\/\/orato.world\/es\/2023\/08\/14\/un-activista-afirma-que-un-basurero-a-cielo-abierto-en-expansion-esta-matando-gente-y-poniendo-en-peligro-a-los-ninos\/#breadcrumb"},"inLanguage":"es","potentialAction":[{"@type":"ReadAction","target":["https:\/\/orato.world\/es\/2023\/08\/14\/un-activista-afirma-que-un-basurero-a-cielo-abierto-en-expansion-esta-matando-gente-y-poniendo-en-peligro-a-los-ninos\/"]}]},{"@type":"ImageObject","inLanguage":"es","@id":"https:\/\/orato.world\/es\/2023\/08\/14\/un-activista-afirma-que-un-basurero-a-cielo-abierto-en-expansion-esta-matando-gente-y-poniendo-en-peligro-a-los-ninos\/#primaryimage","url":"https:\/\/orato.world\/wp-content\/uploads\/feature-103.jpg","contentUrl":"https:\/\/orato.world\/wp-content\/uploads\/feature-103.jpg","width":1280,"height":960,"caption":"Faced with an economic crisis and a lack of ressources, Sergio Almada turned to garbage collecting in the region of La Quema. He quickly realised the negative effects the landfill had on the residents of the neighborhood, and decided to raise awareness in an attempt to get better working conditions. | Photo courtesy of Sergio Almada"},{"@type":"BreadcrumbList","@id":"https:\/\/orato.world\/es\/2023\/08\/14\/un-activista-afirma-que-un-basurero-a-cielo-abierto-en-expansion-esta-matando-gente-y-poniendo-en-peligro-a-los-ninos\/#breadcrumb","itemListElement":[{"@type":"ListItem","position":1,"name":"Home","item":"https:\/\/orato.world\/es\/"},{"@type":"ListItem","position":2,"name":"Un activista afirma que un basurero a cielo abierto en expansi\u00f3n est\u00e1 matando gente y poniendo en peligro a los ni\u00f1os"}]},{"@type":"WebSite","@id":"https:\/\/orato.world\/es\/#website","url":"https:\/\/orato.world\/es\/","name":"Orato","description":"True Stories. Real People","publisher":{"@id":"https:\/\/orato.world\/es\/#organization"},"potentialAction":[{"@type":"SearchAction","target":{"@type":"EntryPoint","urlTemplate":"https:\/\/orato.world\/es\/?s={search_term_string}"},"query-input":{"@type":"PropertyValueSpecification","valueRequired":true,"valueName":"search_term_string"}}],"inLanguage":"es"},{"@type":"Organization","@id":"https:\/\/orato.world\/es\/#organization","name":"Orato World Media Inc.","url":"https:\/\/orato.world\/es\/","logo":{"@type":"ImageObject","inLanguage":"es","@id":"https:\/\/orato.world\/es\/#\/schema\/logo\/image\/","url":"https:\/\/orato.world\/wp-content\/uploads\/2020\/07\/orato-logo-transparent.png","contentUrl":"https:\/\/orato.world\/wp-content\/uploads\/2020\/07\/orato-logo-transparent.png","width":78,"height":73,"caption":"Orato World Media Inc."},"image":{"@id":"https:\/\/orato.world\/es\/#\/schema\/logo\/image\/"},"sameAs":["https:\/\/www.facebook.com\/OratoWorld\/","https:\/\/x.com\/oratoworld","https:\/\/www.instagram.com\/oratoworld","https:\/\/www.linkedin.com\/company\/42308818\/"]},{"@type":"Person","@id":"https:\/\/orato.world\/es\/#\/schema\/person\/d4a4a9a63551641850068c20e93613a5","name":"Mariela Laksman","image":{"@type":"ImageObject","inLanguage":"es","@id":"https:\/\/secure.gravatar.com\/avatar\/133ba1b69c2a2b7c782cce9999c26555b6bc9af9e382e5e8f8e3fc285015d1b7?s=96&d=mm&r=g","url":"https:\/\/secure.gravatar.com\/avatar\/133ba1b69c2a2b7c782cce9999c26555b6bc9af9e382e5e8f8e3fc285015d1b7?s=96&d=mm&r=g","contentUrl":"https:\/\/secure.gravatar.com\/avatar\/133ba1b69c2a2b7c782cce9999c26555b6bc9af9e382e5e8f8e3fc285015d1b7?s=96&d=mm&r=g","caption":"Mariela Laksman"},"description":"Image and Sound Designer, Integral Audiovisual and Journalistic Producer, writer, and teacher. I started working when I was very young; Since 2001, I was a producer for different television programs, documentary films, radio, and generating creative content for different organizations and companies. I won the award: \"Nuevo Sudaca Border\" with the microfiction book \"Un Tigre con la Boca Abierta\", for Eloisa Cartonera Editorial. I am passionate about telling stories and writing.","url":"https:\/\/orato.world\/es\/author\/mariela-laksman\/"}]}},"modified_by":"Stephen","uagb_featured_image_src":{"full":["https:\/\/orato.world\/wp-content\/uploads\/feature-103.jpg",1280,960,false],"thumbnail":["https:\/\/orato.world\/wp-content\/uploads\/feature-103-100x100.jpg",100,100,true],"medium":["https:\/\/orato.world\/wp-content\/uploads\/feature-103-300x225.jpg",300,225,true],"medium_large":["https:\/\/orato.world\/wp-content\/uploads\/feature-103-770x578.jpg",640,480,true],"large":["https:\/\/orato.world\/wp-content\/uploads\/feature-103-1024x768.jpg",640,480,true],"1536x1536":["https:\/\/orato.world\/wp-content\/uploads\/feature-103.jpg",1280,960,false],"2048x2048":["https:\/\/orato.world\/wp-content\/uploads\/feature-103.jpg",1280,960,false],"gallery-size":["https:\/\/orato.world\/wp-content\/uploads\/feature-103-533x400.jpg",533,400,true],"lets-review-360-240":["https:\/\/orato.world\/wp-content\/uploads\/feature-103-360x240.jpg",360,240,true],"gform-image-choice-sm":["https:\/\/orato.world\/wp-content\/uploads\/feature-103.jpg",300,225,false],"gform-image-choice-md":["https:\/\/orato.world\/wp-content\/uploads\/feature-103.jpg",400,300,false],"gform-image-choice-lg":["https:\/\/orato.world\/wp-content\/uploads\/feature-103.jpg",600,450,false],"awsm_team":["https:\/\/orato.world\/wp-content\/uploads\/feature-103-500x500.jpg",500,500,true]},"uagb_author_info":{"display_name":"Mariela Laksman","author_link":"https:\/\/orato.world\/es\/author\/mariela-laksman\/"},"uagb_comment_info":0,"uagb_excerpt":"Cuando comienza el incendio, los profesores evacuan desesperadamente a los alumnos. En el exterior, se encuentran con un espeso humo que envuelve la tierra. Los ni\u00f1os se asfixian al intentar huir. Sus fr\u00e1giles cuerpos luchan por recuperar el aliento mientras el cielo se cierne gris y aterrador.","_links":{"self":[{"href":"https:\/\/orato.world\/es\/wp-json\/wp\/v2\/posts\/76167","targetHints":{"allow":["GET"]}}],"collection":[{"href":"https:\/\/orato.world\/es\/wp-json\/wp\/v2\/posts"}],"about":[{"href":"https:\/\/orato.world\/es\/wp-json\/wp\/v2\/types\/post"}],"author":[{"embeddable":true,"href":"https:\/\/orato.world\/es\/wp-json\/wp\/v2\/users\/28"}],"replies":[{"embeddable":true,"href":"https:\/\/orato.world\/es\/wp-json\/wp\/v2\/comments?post=76167"}],"version-history":[{"count":2,"href":"https:\/\/orato.world\/es\/wp-json\/wp\/v2\/posts\/76167\/revisions"}],"predecessor-version":[{"id":77163,"href":"https:\/\/orato.world\/es\/wp-json\/wp\/v2\/posts\/76167\/revisions\/77163"}],"wp:featuredmedia":[{"embeddable":true,"href":"https:\/\/orato.world\/es\/wp-json\/wp\/v2\/media\/75759"}],"wp:attachment":[{"href":"https:\/\/orato.world\/es\/wp-json\/wp\/v2\/media?parent=76167"}],"wp:term":[{"taxonomy":"category","embeddable":true,"href":"https:\/\/orato.world\/es\/wp-json\/wp\/v2\/categories?post=76167"},{"taxonomy":"post_tag","embeddable":true,"href":"https:\/\/orato.world\/es\/wp-json\/wp\/v2\/tags?post=76167"}],"curies":[{"name":"wp","href":"https:\/\/api.w.org\/{rel}","templated":true}]}}