{"id":7845,"date":"2021-01-22T11:08:31","date_gmt":"2021-01-22T19:08:31","guid":{"rendered":"https:\/\/orato.world\/2021\/01\/22\/luchando-por-la-tierra-vida-de-una-activista-mapuche\/"},"modified":"2022-04-19T09:24:20","modified_gmt":"2022-04-19T16:24:20","slug":"luchando-por-la-tierra-vida-de-una-activista-mapuche","status":"publish","type":"post","link":"https:\/\/orato.world\/es\/2021\/01\/22\/luchando-por-la-tierra-vida-de-una-activista-mapuche\/","title":{"rendered":"Luchando por la tierra: vida de una activista mapuche"},"content":{"rendered":"<div class=\"lets-info-up-wrap  lets-info-up--right lets-info-up--m-1 lets-info-up-skin-1 lets-info-up--side\">\t\t\t<div class=\"lets-info-up\">\r\n\t\t\t<div class=\"lets-info-up-fi\"><img loading=\"lazy\" decoding=\"async\" width=\"1280\" height=\"959\" src=\"https:\/\/orato.world\/wp-content\/uploads\/mapuche2.jpg\" class=\"attachment-lets-info-up-d1 size-lets-info-up-d1\" alt=\"mapuche lucha por su tierra\" srcset=\"https:\/\/orato.world\/wp-content\/uploads\/\/mapuche2.jpg 1280w, https:\/\/orato.world\/wp-content\/uploads\/\/mapuche2-300x225.jpg 300w, https:\/\/orato.world\/wp-content\/uploads\/\/mapuche2-1024x767.jpg 1024w, https:\/\/orato.world\/wp-content\/uploads\/\/mapuche2-770x577.jpg 770w, https:\/\/orato.world\/wp-content\/uploads\/\/mapuche2-293x220.jpg 293w, https:\/\/orato.world\/wp-content\/uploads\/\/mapuche2-500x375.jpg 500w\" sizes=\"auto, (max-width: 1280px) 100vw, 1280px\" \/><\/div>\t\t\t<div class=\"lets-info-up-block-wrap\">\r\n\t\t\t\t<div class=\"lets-info-up-block lets-info-up-meta-block\"><div class=\"lets-info-up-meta-title lets-info-up-pretitle font-h\">protagonista<\/div><div class=\"lets-info-up-meta-content lets-info-up-title font-b\">Mar\u00eda Isabel Huala es la madre del l\u00edder de su comunidad mapuche encarcelado Facundo Jones Huala.<\/div><\/div><div class=\"lets-info-up-block lets-info-up-meta-block\"><div class=\"lets-info-up-meta-title lets-info-up-pretitle font-h\">Contexto<\/div><div class=\"lets-info-up-meta-content lets-info-up-title font-b\">Los mapuches, pueblo de la tierra como se les llama en mapudungun, viven en la Patagonia Argentina y Chilena.<br>Son los llamados araucanos, un pueblo originario del territorio chileno, con una difusi\u00f3n muy amplia en Argentina, donde ocuparon todo el territorio pampeano y norte de la Patagonia y parte de la provincia de Santa Cruz hace aproximadamente 250 a\u00f1os.<br>Seg\u00fan el \u00faltimo censo realizado en Argentina, m\u00e1s de 1,7 millones de personas pertenecen a la tribu.<br>Su organizaci\u00f3n y estructuras sociales se basan principalmente en el n\u00facleo familiar y sus relaciones establecidas con otras familias.<br>La familia tradicional mapuche estaba formada por el padre, sus esposas y sus hijos.<br>Hoy, la poligamia tradicional ya no existe entre los mapuches.<br>La pandemia mundial ha obligado a muchos mapuches a producir sus propios alimentos mientras se enfrentan a la falta de acceso a la medicina convencional.<br>Durante el verano, enfrentan d\u00edas calurosos pero permanecen dedicados a su trabajo en la Lof (comunidad) para sobrevivir.<br>Cada Lof es \u00fanico, y los l\u00edderes mapuche hacen lo que pueden para administrar la comunidad sin ayuda financiera.<\/div><\/div>\t\t\t<\/div>\r\n\t\t\t<\/div>\r\n\t\t<\/div>\r\n\t\t\n\n\n<p>Con un intenso operativo de seguridad, del que participaron m\u00e1s de 300 efectivos, se cerc\u00f3 y restringi\u00f3 el acceso al predio municipal donde se hizo el juicio a mi hijo, alejado unos 4 kil\u00f3metros del centro de Bariloche.<\/p>\n\n\n\n<p>Como se esperaba, el Estado argentino acept\u00f3 el pedido de extradici\u00f3n a Chile de Facundo Jones Huala. <\/p>\n\n\n\n<p>Efectivos de Gendarmer\u00eda y PSA avanzaron para desalojarnos, reprimirnos y tambi\u00e9n perseguirnos por las calles de Bariloche.<\/p>\n\n\n\n<p>Dispararon balas de goma y hubieron 15 detenidos. <\/p>\n\n\n\n<p>La persecuci\u00f3n sucedi\u00f3 luego de que Facundo haga un pedido de resistencia a nuestra comunidad.<\/p>\n\n\n\n<p>Soy Mar\u00eda Isabel Huala. Mi hijo, Facundo Jones Huala, es <em>lonko<\/em> (jefe) de la comunidad mapuche de Cushamen.<\/p>\n\n\n\n<p>Hace mucho tiempo, hab\u00eda muchas comunidades mapuche. El grupo m\u00e1s grande, llamado Furilofche, habitaba las \u00e1reas del sur de Am\u00e9rica Latina. Pero, con el tiempo, casi hemos desaparecido de la historia.<\/p>\n\n\n\n<p>Mi padre me ense\u00f1\u00f3 a escuchar el viento y a reconocer plantas medicinales. Con \u00e9l aprend\u00ed que tenemos m\u00e1s sentidos de los que creemos.<\/p>\n\n\n\n<p>Pero mi identidad mapuche est\u00e1 en mi hijo Facundo. \u00c9l ten\u00eda 11 a\u00f1os cuando comenzamos a transitar juntos por este camino.<\/p>\n\n\n\n<p>Ahora, protesto por recuperar las tierras patag\u00f3nicas que nos pertenecen. Protesto por la liberaci\u00f3n de mi hijo.<\/p>\n\n\n\n<h2 class=\"wp-block-heading\" id=\"h-el-juicio-y-sus-secuelas\">El juicio y sus secuelas<\/h2>\n\n\n\n<p>En diciembre de 2018, la Corte de Valdivia conden\u00f3 a mi hijo a nueve a\u00f1os de prisi\u00f3n. Sus presuntos delitos fueron el incendio premeditado de la hacienda Pisu Pisu\u00e9 y la posesi\u00f3n ilegal de armas caseras.<\/p>\n\n\n\n<p>La \u00fanica evidencia que lo temrin\u00f3 condenando fue un par de botas de talla 40. Mi hijo usa talla 43. <\/p>\n\n\n\n<p>Ahora, tildado de terrorista y agitador, Facundo pasa sus d\u00edas en una prisi\u00f3n chilena de Temuco. Todav\u00eda puedo sentir el dolor de cuando me lo arrebataron.<\/p>\n\n\n\n<p>Desde el d\u00eda de su encarcelamiento, comenzamos a realizar protestas pac\u00edficas pidiendo al gobierno su liberaci\u00f3n.<\/p>\n\n\n\n<p>Fuimos v\u00edctimas de represi\u00f3n y persecuci\u00f3n implacable en las calles de Bariloche.<\/p>\n\n\n\n<p>Quince fueron arrestados y ya no puedo recordar cu\u00e1ntos resultaron heridos. <\/p>\n\n\n\n<p>Fui afortunada al poder escapar. Pero no todos corrieron la misma suerte.<\/p>\n\n\n\n<h2 class=\"wp-block-heading\" id=\"h-vida-de-un-mapuche\">Vida de un mapuche<\/h2>\n\n\n\n<p>Como mapuches, necesitamos estar en contacto con la tierra, la naturaleza y nuestra espiritualidad. Con la llegada de la propiedad privada, todo eso se cort\u00f3.<\/p>\n\n\n\n<p>Vivimos donde podemos, no donde elegimos, y somos estigmatizados por personas que nos tachan de ocupantes ilegales y terroristas.<\/p>\n\n\n\n<p>Realizamos protestas pac\u00edficas y barricadas para que el gobierno nos escuche. Queremos que se nos devuelva lo que nos perteneci\u00f3 durante siglos. Queremos que la gente comprenda nuestros reclamos sobre la tierra.<\/p>\n\n\n\n<p>Pero no podemos recuperar los lugares que est\u00e1n ocupados por el cemento, el alcohol, las drogas y la iglesia.<\/p>\n\n\n\n<p>Nosotros no somos criminales.<\/p>\n\n\n\n<h2 class=\"wp-block-heading\" id=\"h-defendiendo-nuestras-ra-ces\">Defendiendo nuestras ra\u00edces<\/h2>\n\n\n\n<p>Nuestra historia est\u00e1 empa\u00f1ada por el sufrimiento.<\/p>\n\n\n\n<p>Hasta hace 50 a\u00f1os, si la polic\u00eda te escuchaba hablar mapudungun, nuestro idioma nativo, te dejaban colgado del techo en una celda de prisi\u00f3n.<\/p>\n\n\n\n<p>Mis abuelos, por ejemplo, eran esclavos. Ahora somos v\u00edctimas de persecuci\u00f3n, represi\u00f3n y encarcelamiento por reclamar lo que nos pertenece. <\/p>\n\n\n\n<p>Seguiremos estando en contra de la megaminer\u00eda, las plantas hidroel\u00e9ctricas, la silvicultura, los pesticidas y las papeleras que destruyen la tierra y contaminan nuestros r\u00edos.<\/p>\n\n\n\n<p>Tengo que resistir igual que lo hizo mi hijo.<\/p>\n\n\n\n<p>Esa es la \u00fanica forma de cambiar el mundo.<\/p>\n\n\n\n<div class=\"wp-block-getwid-toggle has-icon-left\"><\/div>\n\n\n\n<p><\/p>\n\n\n\n<p><\/p>\n","protected":false},"excerpt":{"rendered":"<p>Seguiremos luchando y reclamando nuestros derechos sobre la tierra.<\/p>\n","protected":false},"author":47,"featured_media":7823,"comment_status":"open","ping_status":"open","sticky":false,"template":"","format":"standard","meta":{"_acf_changed":false,"_uag_custom_page_level_css":"","_lmt_disableupdate":"no","_lmt_disable":"","footnotes":""},"categories":[260,523],"tags":[541,193,723,2214,722],"class_list":["post-7845","post","type-post","status-publish","format-standard","has-post-thumbnail","hentry","category-conflicto","category-racismo","tag-activism-es","tag-argentina-es","tag-indigenous-rights-es","tag-latinoamerica","tag-mapuche-es"],"acf":[],"yoast_head":"<!-- This site is optimized with the Yoast SEO Premium plugin v27.5 (Yoast SEO v27.5) - https:\/\/yoast.com\/product\/yoast-seo-premium-wordpress\/ -->\n<title>Luchando por la tierra: vida de una activista mapuche - Orato<\/title>\n<meta name=\"description\" content=\"Tildado agitador, Facundo pasa sus d\u00edas en una prisi\u00f3n chilena. La \u00fanica evidencia fue un par de botas de talla 40. Mi hijo usa talla 43.\" \/>\n<meta name=\"robots\" content=\"index, follow, max-snippet:-1, max-image-preview:large, max-video-preview:-1\" \/>\n<link rel=\"canonical\" href=\"https:\/\/orato.world\/es\/2021\/01\/22\/luchando-por-la-tierra-vida-de-una-activista-mapuche\/\" \/>\n<meta property=\"og:locale\" content=\"es_ES\" \/>\n<meta property=\"og:type\" content=\"article\" \/>\n<meta property=\"og:title\" content=\"Luchando por la tierra: vida de una activista mapuche\" \/>\n<meta property=\"og:description\" content=\"Tildado agitador, Facundo pasa sus d\u00edas en una prisi\u00f3n chilena. La \u00fanica evidencia fue un par de botas de talla 40. Mi hijo usa talla 43.\" \/>\n<meta property=\"og:url\" content=\"https:\/\/orato.world\/es\/2021\/01\/22\/luchando-por-la-tierra-vida-de-una-activista-mapuche\/\" \/>\n<meta property=\"og:site_name\" content=\"Orato\" \/>\n<meta property=\"article:publisher\" content=\"https:\/\/www.facebook.com\/OratoWorld\/\" \/>\n<meta property=\"article:published_time\" content=\"2021-01-22T19:08:31+00:00\" \/>\n<meta property=\"article:modified_time\" content=\"2022-04-19T16:24:20+00:00\" \/>\n<meta property=\"og:image\" content=\"https:\/\/orato.world\/wp-content\/uploads\/mapuche.jpg\" \/>\n\t<meta property=\"og:image:width\" content=\"1280\" \/>\n\t<meta property=\"og:image:height\" content=\"959\" \/>\n\t<meta property=\"og:image:type\" content=\"image\/jpeg\" \/>\n<meta name=\"author\" content=\"Ezequiel Buyatti\" \/>\n<meta name=\"twitter:card\" content=\"summary_large_image\" \/>\n<meta name=\"twitter:creator\" content=\"@oratoworld\" \/>\n<meta name=\"twitter:site\" content=\"@oratoworld\" \/>\n<meta name=\"twitter:label1\" content=\"Escrito por\" \/>\n\t<meta name=\"twitter:data1\" content=\"Ezequiel Buyatti\" \/>\n\t<meta name=\"twitter:label2\" content=\"Tiempo de lectura\" \/>\n\t<meta name=\"twitter:data2\" content=\"3 minutos\" \/>\n<script type=\"application\/ld+json\" class=\"yoast-schema-graph\">{\"@context\":\"https:\\\/\\\/schema.org\",\"@graph\":[{\"@type\":\"NewsArticle\",\"@id\":\"https:\\\/\\\/orato.world\\\/es\\\/2021\\\/01\\\/22\\\/luchando-por-la-tierra-vida-de-una-activista-mapuche\\\/#article\",\"isPartOf\":{\"@id\":\"https:\\\/\\\/orato.world\\\/es\\\/2021\\\/01\\\/22\\\/luchando-por-la-tierra-vida-de-una-activista-mapuche\\\/\"},\"author\":{\"name\":\"Ezequiel Buyatti\",\"@id\":\"https:\\\/\\\/orato.world\\\/es\\\/#\\\/schema\\\/person\\\/69ddee2335f279c16203551f70b47108\"},\"headline\":\"Luchando por la tierra: vida de una activista mapuche\",\"datePublished\":\"2021-01-22T19:08:31+00:00\",\"dateModified\":\"2022-04-19T16:24:20+00:00\",\"mainEntityOfPage\":{\"@id\":\"https:\\\/\\\/orato.world\\\/es\\\/2021\\\/01\\\/22\\\/luchando-por-la-tierra-vida-de-una-activista-mapuche\\\/\"},\"wordCount\":586,\"commentCount\":0,\"publisher\":{\"@id\":\"https:\\\/\\\/orato.world\\\/es\\\/#organization\"},\"image\":{\"@id\":\"https:\\\/\\\/orato.world\\\/es\\\/2021\\\/01\\\/22\\\/luchando-por-la-tierra-vida-de-una-activista-mapuche\\\/#primaryimage\"},\"thumbnailUrl\":\"https:\\\/\\\/orato.world\\\/wp-content\\\/uploads\\\/mapuche.jpg\",\"keywords\":[\"Activism\",\"Argentina\",\"Indigenous Rights\",\"Latinoam\u00e9rica\",\"Mapuche\"],\"articleSection\":[\"Conflicto\",\"Racismo\"],\"inLanguage\":\"es\",\"potentialAction\":[{\"@type\":\"CommentAction\",\"name\":\"Comment\",\"target\":[\"https:\\\/\\\/orato.world\\\/es\\\/2021\\\/01\\\/22\\\/luchando-por-la-tierra-vida-de-una-activista-mapuche\\\/#respond\"]}]},{\"@type\":\"WebPage\",\"@id\":\"https:\\\/\\\/orato.world\\\/es\\\/2021\\\/01\\\/22\\\/luchando-por-la-tierra-vida-de-una-activista-mapuche\\\/\",\"url\":\"https:\\\/\\\/orato.world\\\/es\\\/2021\\\/01\\\/22\\\/luchando-por-la-tierra-vida-de-una-activista-mapuche\\\/\",\"name\":\"Luchando por la tierra: vida de una activista mapuche - Orato\",\"isPartOf\":{\"@id\":\"https:\\\/\\\/orato.world\\\/es\\\/#website\"},\"primaryImageOfPage\":{\"@id\":\"https:\\\/\\\/orato.world\\\/es\\\/2021\\\/01\\\/22\\\/luchando-por-la-tierra-vida-de-una-activista-mapuche\\\/#primaryimage\"},\"image\":{\"@id\":\"https:\\\/\\\/orato.world\\\/es\\\/2021\\\/01\\\/22\\\/luchando-por-la-tierra-vida-de-una-activista-mapuche\\\/#primaryimage\"},\"thumbnailUrl\":\"https:\\\/\\\/orato.world\\\/wp-content\\\/uploads\\\/mapuche.jpg\",\"datePublished\":\"2021-01-22T19:08:31+00:00\",\"dateModified\":\"2022-04-19T16:24:20+00:00\",\"description\":\"Tildado agitador, Facundo pasa sus d\u00edas en una prisi\u00f3n chilena. La \u00fanica evidencia fue un par de botas de talla 40. Mi hijo usa talla 43.\",\"breadcrumb\":{\"@id\":\"https:\\\/\\\/orato.world\\\/es\\\/2021\\\/01\\\/22\\\/luchando-por-la-tierra-vida-de-una-activista-mapuche\\\/#breadcrumb\"},\"inLanguage\":\"es\",\"potentialAction\":[{\"@type\":\"ReadAction\",\"target\":[\"https:\\\/\\\/orato.world\\\/es\\\/2021\\\/01\\\/22\\\/luchando-por-la-tierra-vida-de-una-activista-mapuche\\\/\"]}]},{\"@type\":\"ImageObject\",\"inLanguage\":\"es\",\"@id\":\"https:\\\/\\\/orato.world\\\/es\\\/2021\\\/01\\\/22\\\/luchando-por-la-tierra-vida-de-una-activista-mapuche\\\/#primaryimage\",\"url\":\"https:\\\/\\\/orato.world\\\/wp-content\\\/uploads\\\/mapuche.jpg\",\"contentUrl\":\"https:\\\/\\\/orato.world\\\/wp-content\\\/uploads\\\/mapuche.jpg\",\"width\":1280,\"height\":959,\"caption\":\"En el territorio Puel Mapu, las comunidades mapuche conviven con la naturaleza.\"},{\"@type\":\"BreadcrumbList\",\"@id\":\"https:\\\/\\\/orato.world\\\/es\\\/2021\\\/01\\\/22\\\/luchando-por-la-tierra-vida-de-una-activista-mapuche\\\/#breadcrumb\",\"itemListElement\":[{\"@type\":\"ListItem\",\"position\":1,\"name\":\"Home\",\"item\":\"https:\\\/\\\/orato.world\\\/es\\\/\"},{\"@type\":\"ListItem\",\"position\":2,\"name\":\"Luchando por la tierra: vida de una activista mapuche\"}]},{\"@type\":\"WebSite\",\"@id\":\"https:\\\/\\\/orato.world\\\/es\\\/#website\",\"url\":\"https:\\\/\\\/orato.world\\\/es\\\/\",\"name\":\"Orato\",\"description\":\"True Stories. Real People\",\"publisher\":{\"@id\":\"https:\\\/\\\/orato.world\\\/es\\\/#organization\"},\"potentialAction\":[{\"@type\":\"SearchAction\",\"target\":{\"@type\":\"EntryPoint\",\"urlTemplate\":\"https:\\\/\\\/orato.world\\\/es\\\/?s={search_term_string}\"},\"query-input\":{\"@type\":\"PropertyValueSpecification\",\"valueRequired\":true,\"valueName\":\"search_term_string\"}}],\"inLanguage\":\"es\"},{\"@type\":\"Organization\",\"@id\":\"https:\\\/\\\/orato.world\\\/es\\\/#organization\",\"name\":\"Orato World Media Inc.\",\"url\":\"https:\\\/\\\/orato.world\\\/es\\\/\",\"logo\":{\"@type\":\"ImageObject\",\"inLanguage\":\"es\",\"@id\":\"https:\\\/\\\/orato.world\\\/es\\\/#\\\/schema\\\/logo\\\/image\\\/\",\"url\":\"https:\\\/\\\/orato.world\\\/wp-content\\\/uploads\\\/2020\\\/07\\\/orato-logo-transparent.png\",\"contentUrl\":\"https:\\\/\\\/orato.world\\\/wp-content\\\/uploads\\\/2020\\\/07\\\/orato-logo-transparent.png\",\"width\":78,\"height\":73,\"caption\":\"Orato World Media Inc.\"},\"image\":{\"@id\":\"https:\\\/\\\/orato.world\\\/es\\\/#\\\/schema\\\/logo\\\/image\\\/\"},\"sameAs\":[\"https:\\\/\\\/www.facebook.com\\\/OratoWorld\\\/\",\"https:\\\/\\\/x.com\\\/oratoworld\",\"https:\\\/\\\/www.instagram.com\\\/oratoworld\",\"https:\\\/\\\/www.linkedin.com\\\/company\\\/42308818\\\/\"]},{\"@type\":\"Person\",\"@id\":\"https:\\\/\\\/orato.world\\\/es\\\/#\\\/schema\\\/person\\\/69ddee2335f279c16203551f70b47108\",\"name\":\"Ezequiel Buyatti\",\"image\":{\"@type\":\"ImageObject\",\"inLanguage\":\"es\",\"@id\":\"https:\\\/\\\/secure.gravatar.com\\\/avatar\\\/99845fa52c159dbaf1d4f94ca1bd789776b0bf95ccec7aa64d1f6f4111ae81e2?s=96&d=mm&r=g\",\"url\":\"https:\\\/\\\/secure.gravatar.com\\\/avatar\\\/99845fa52c159dbaf1d4f94ca1bd789776b0bf95ccec7aa64d1f6f4111ae81e2?s=96&d=mm&r=g\",\"contentUrl\":\"https:\\\/\\\/secure.gravatar.com\\\/avatar\\\/99845fa52c159dbaf1d4f94ca1bd789776b0bf95ccec7aa64d1f6f4111ae81e2?s=96&d=mm&r=g\",\"caption\":\"Ezequiel Buyatti\"},\"description\":\"Writer, journalist, teacher and drummer trying to contribute to the removal of false needs to practice the ungovernability of life.\",\"url\":\"https:\\\/\\\/orato.world\\\/es\\\/author\\\/ezequiel-buyatti\\\/\"}]}<\/script>\n<!-- \/ Yoast SEO Premium plugin. -->","yoast_head_json":{"title":"Luchando por la tierra: vida de una activista mapuche - Orato","description":"Tildado agitador, Facundo pasa sus d\u00edas en una prisi\u00f3n chilena. La \u00fanica evidencia fue un par de botas de talla 40. Mi hijo usa talla 43.","robots":{"index":"index","follow":"follow","max-snippet":"max-snippet:-1","max-image-preview":"max-image-preview:large","max-video-preview":"max-video-preview:-1"},"canonical":"https:\/\/orato.world\/es\/2021\/01\/22\/luchando-por-la-tierra-vida-de-una-activista-mapuche\/","og_locale":"es_ES","og_type":"article","og_title":"Luchando por la tierra: vida de una activista mapuche","og_description":"Tildado agitador, Facundo pasa sus d\u00edas en una prisi\u00f3n chilena. La \u00fanica evidencia fue un par de botas de talla 40. Mi hijo usa talla 43.","og_url":"https:\/\/orato.world\/es\/2021\/01\/22\/luchando-por-la-tierra-vida-de-una-activista-mapuche\/","og_site_name":"Orato","article_publisher":"https:\/\/www.facebook.com\/OratoWorld\/","article_published_time":"2021-01-22T19:08:31+00:00","article_modified_time":"2022-04-19T16:24:20+00:00","og_image":[{"width":1280,"height":959,"url":"https:\/\/orato.world\/wp-content\/uploads\/mapuche.jpg","type":"image\/jpeg"}],"author":"Ezequiel Buyatti","twitter_card":"summary_large_image","twitter_creator":"@oratoworld","twitter_site":"@oratoworld","twitter_misc":{"Escrito por":"Ezequiel Buyatti","Tiempo de lectura":"3 minutos"},"schema":{"@context":"https:\/\/schema.org","@graph":[{"@type":"NewsArticle","@id":"https:\/\/orato.world\/es\/2021\/01\/22\/luchando-por-la-tierra-vida-de-una-activista-mapuche\/#article","isPartOf":{"@id":"https:\/\/orato.world\/es\/2021\/01\/22\/luchando-por-la-tierra-vida-de-una-activista-mapuche\/"},"author":{"name":"Ezequiel Buyatti","@id":"https:\/\/orato.world\/es\/#\/schema\/person\/69ddee2335f279c16203551f70b47108"},"headline":"Luchando por la tierra: vida de una activista mapuche","datePublished":"2021-01-22T19:08:31+00:00","dateModified":"2022-04-19T16:24:20+00:00","mainEntityOfPage":{"@id":"https:\/\/orato.world\/es\/2021\/01\/22\/luchando-por-la-tierra-vida-de-una-activista-mapuche\/"},"wordCount":586,"commentCount":0,"publisher":{"@id":"https:\/\/orato.world\/es\/#organization"},"image":{"@id":"https:\/\/orato.world\/es\/2021\/01\/22\/luchando-por-la-tierra-vida-de-una-activista-mapuche\/#primaryimage"},"thumbnailUrl":"https:\/\/orato.world\/wp-content\/uploads\/mapuche.jpg","keywords":["Activism","Argentina","Indigenous Rights","Latinoam\u00e9rica","Mapuche"],"articleSection":["Conflicto","Racismo"],"inLanguage":"es","potentialAction":[{"@type":"CommentAction","name":"Comment","target":["https:\/\/orato.world\/es\/2021\/01\/22\/luchando-por-la-tierra-vida-de-una-activista-mapuche\/#respond"]}]},{"@type":"WebPage","@id":"https:\/\/orato.world\/es\/2021\/01\/22\/luchando-por-la-tierra-vida-de-una-activista-mapuche\/","url":"https:\/\/orato.world\/es\/2021\/01\/22\/luchando-por-la-tierra-vida-de-una-activista-mapuche\/","name":"Luchando por la tierra: vida de una activista mapuche - Orato","isPartOf":{"@id":"https:\/\/orato.world\/es\/#website"},"primaryImageOfPage":{"@id":"https:\/\/orato.world\/es\/2021\/01\/22\/luchando-por-la-tierra-vida-de-una-activista-mapuche\/#primaryimage"},"image":{"@id":"https:\/\/orato.world\/es\/2021\/01\/22\/luchando-por-la-tierra-vida-de-una-activista-mapuche\/#primaryimage"},"thumbnailUrl":"https:\/\/orato.world\/wp-content\/uploads\/mapuche.jpg","datePublished":"2021-01-22T19:08:31+00:00","dateModified":"2022-04-19T16:24:20+00:00","description":"Tildado agitador, Facundo pasa sus d\u00edas en una prisi\u00f3n chilena. La \u00fanica evidencia fue un par de botas de talla 40. Mi hijo usa talla 43.","breadcrumb":{"@id":"https:\/\/orato.world\/es\/2021\/01\/22\/luchando-por-la-tierra-vida-de-una-activista-mapuche\/#breadcrumb"},"inLanguage":"es","potentialAction":[{"@type":"ReadAction","target":["https:\/\/orato.world\/es\/2021\/01\/22\/luchando-por-la-tierra-vida-de-una-activista-mapuche\/"]}]},{"@type":"ImageObject","inLanguage":"es","@id":"https:\/\/orato.world\/es\/2021\/01\/22\/luchando-por-la-tierra-vida-de-una-activista-mapuche\/#primaryimage","url":"https:\/\/orato.world\/wp-content\/uploads\/mapuche.jpg","contentUrl":"https:\/\/orato.world\/wp-content\/uploads\/mapuche.jpg","width":1280,"height":959,"caption":"En el territorio Puel Mapu, las comunidades mapuche conviven con la naturaleza."},{"@type":"BreadcrumbList","@id":"https:\/\/orato.world\/es\/2021\/01\/22\/luchando-por-la-tierra-vida-de-una-activista-mapuche\/#breadcrumb","itemListElement":[{"@type":"ListItem","position":1,"name":"Home","item":"https:\/\/orato.world\/es\/"},{"@type":"ListItem","position":2,"name":"Luchando por la tierra: vida de una activista mapuche"}]},{"@type":"WebSite","@id":"https:\/\/orato.world\/es\/#website","url":"https:\/\/orato.world\/es\/","name":"Orato","description":"True Stories. Real People","publisher":{"@id":"https:\/\/orato.world\/es\/#organization"},"potentialAction":[{"@type":"SearchAction","target":{"@type":"EntryPoint","urlTemplate":"https:\/\/orato.world\/es\/?s={search_term_string}"},"query-input":{"@type":"PropertyValueSpecification","valueRequired":true,"valueName":"search_term_string"}}],"inLanguage":"es"},{"@type":"Organization","@id":"https:\/\/orato.world\/es\/#organization","name":"Orato World Media Inc.","url":"https:\/\/orato.world\/es\/","logo":{"@type":"ImageObject","inLanguage":"es","@id":"https:\/\/orato.world\/es\/#\/schema\/logo\/image\/","url":"https:\/\/orato.world\/wp-content\/uploads\/2020\/07\/orato-logo-transparent.png","contentUrl":"https:\/\/orato.world\/wp-content\/uploads\/2020\/07\/orato-logo-transparent.png","width":78,"height":73,"caption":"Orato World Media Inc."},"image":{"@id":"https:\/\/orato.world\/es\/#\/schema\/logo\/image\/"},"sameAs":["https:\/\/www.facebook.com\/OratoWorld\/","https:\/\/x.com\/oratoworld","https:\/\/www.instagram.com\/oratoworld","https:\/\/www.linkedin.com\/company\/42308818\/"]},{"@type":"Person","@id":"https:\/\/orato.world\/es\/#\/schema\/person\/69ddee2335f279c16203551f70b47108","name":"Ezequiel Buyatti","image":{"@type":"ImageObject","inLanguage":"es","@id":"https:\/\/secure.gravatar.com\/avatar\/99845fa52c159dbaf1d4f94ca1bd789776b0bf95ccec7aa64d1f6f4111ae81e2?s=96&d=mm&r=g","url":"https:\/\/secure.gravatar.com\/avatar\/99845fa52c159dbaf1d4f94ca1bd789776b0bf95ccec7aa64d1f6f4111ae81e2?s=96&d=mm&r=g","contentUrl":"https:\/\/secure.gravatar.com\/avatar\/99845fa52c159dbaf1d4f94ca1bd789776b0bf95ccec7aa64d1f6f4111ae81e2?s=96&d=mm&r=g","caption":"Ezequiel Buyatti"},"description":"Writer, journalist, teacher and drummer trying to contribute to the removal of false needs to practice the ungovernability of life.","url":"https:\/\/orato.world\/es\/author\/ezequiel-buyatti\/"}]}},"modified_by":"Stephen","uagb_featured_image_src":{"full":["https:\/\/orato.world\/wp-content\/uploads\/mapuche.jpg",1280,959,false],"thumbnail":["https:\/\/orato.world\/wp-content\/uploads\/mapuche-100x100.jpg",100,100,true],"medium":["https:\/\/orato.world\/wp-content\/uploads\/mapuche-300x225.jpg",300,225,true],"medium_large":["https:\/\/orato.world\/wp-content\/uploads\/mapuche-770x577.jpg",640,480,true],"large":["https:\/\/orato.world\/wp-content\/uploads\/mapuche-1024x767.jpg",640,479,true],"1536x1536":["https:\/\/orato.world\/wp-content\/uploads\/mapuche.jpg",1280,959,false],"2048x2048":["https:\/\/orato.world\/wp-content\/uploads\/mapuche.jpg",1280,959,false],"gallery-size":["https:\/\/orato.world\/wp-content\/uploads\/mapuche.jpg",534,400,false],"lets-review-360-240":["https:\/\/orato.world\/wp-content\/uploads\/mapuche.jpg",320,240,false],"gform-image-choice-sm":["https:\/\/orato.world\/wp-content\/uploads\/mapuche.jpg",300,225,false],"gform-image-choice-md":["https:\/\/orato.world\/wp-content\/uploads\/mapuche.jpg",400,300,false],"gform-image-choice-lg":["https:\/\/orato.world\/wp-content\/uploads\/mapuche.jpg",600,450,false],"awsm_team":["https:\/\/orato.world\/wp-content\/uploads\/mapuche-500x500.jpg",500,500,true]},"uagb_author_info":{"display_name":"Ezequiel Buyatti","author_link":"https:\/\/orato.world\/es\/author\/ezequiel-buyatti\/"},"uagb_comment_info":0,"uagb_excerpt":"Seguiremos luchando y reclamando nuestros derechos sobre la tierra.","_links":{"self":[{"href":"https:\/\/orato.world\/es\/wp-json\/wp\/v2\/posts\/7845","targetHints":{"allow":["GET"]}}],"collection":[{"href":"https:\/\/orato.world\/es\/wp-json\/wp\/v2\/posts"}],"about":[{"href":"https:\/\/orato.world\/es\/wp-json\/wp\/v2\/types\/post"}],"author":[{"embeddable":true,"href":"https:\/\/orato.world\/es\/wp-json\/wp\/v2\/users\/47"}],"replies":[{"embeddable":true,"href":"https:\/\/orato.world\/es\/wp-json\/wp\/v2\/comments?post=7845"}],"version-history":[{"count":0,"href":"https:\/\/orato.world\/es\/wp-json\/wp\/v2\/posts\/7845\/revisions"}],"wp:featuredmedia":[{"embeddable":true,"href":"https:\/\/orato.world\/es\/wp-json\/wp\/v2\/media\/7823"}],"wp:attachment":[{"href":"https:\/\/orato.world\/es\/wp-json\/wp\/v2\/media?parent=7845"}],"wp:term":[{"taxonomy":"category","embeddable":true,"href":"https:\/\/orato.world\/es\/wp-json\/wp\/v2\/categories?post=7845"},{"taxonomy":"post_tag","embeddable":true,"href":"https:\/\/orato.world\/es\/wp-json\/wp\/v2\/tags?post=7845"}],"curies":[{"name":"wp","href":"https:\/\/api.w.org\/{rel}","templated":true}]}}