{"id":79493,"date":"2023-09-06T04:00:00","date_gmt":"2023-09-06T11:00:00","guid":{"rendered":"https:\/\/orato.world\/2023\/09\/06\/el-municipio-compro-vagones-de-tren-infectados-con-amianto-los-trabajadores-enfermaron-y-murieron-a-causa-de-la-contaminacion\/"},"modified":"2023-09-11T08:26:22","modified_gmt":"2023-09-11T15:26:22","slug":"el-municipio-compro-vagones-de-tren-infectados-con-amianto-los-trabajadores-enfermaron-y-murieron-a-causa-de-la-contaminacion","status":"publish","type":"post","link":"https:\/\/orato.world\/es\/2023\/09\/06\/el-municipio-compro-vagones-de-tren-infectados-con-amianto-los-trabajadores-enfermaron-y-murieron-a-causa-de-la-contaminacion\/","title":{"rendered":"El municipio compr\u00f3 vagones de tren infectados con amianto, los trabajadores enfermaron y murieron a causa de la contaminaci\u00f3n"},"content":{"rendered":"<div class=\"lets-info-up-wrap  lets-info-up--right lets-info-up--m-1 lets-info-up-skin-1 lets-info-up--side\">\t\t\t<div class=\"lets-info-up\">\r\n\t\t\t<div class=\"lets-info-up-fi\"><img loading=\"lazy\" decoding=\"async\" width=\"500\" height=\"500\" src=\"https:\/\/orato.world\/wp-content\/uploads\/subjec-500x500.jpg\" class=\"attachment-lets-info-up-d1 size-lets-info-up-d1\" alt=\"\" srcset=\"https:\/\/orato.world\/wp-content\/uploads\/\/subjec-500x500.jpg 500w, https:\/\/orato.world\/wp-content\/uploads\/\/subjec-300x300.jpg 300w, https:\/\/orato.world\/wp-content\/uploads\/\/subjec-100x100.jpg 100w, https:\/\/orato.world\/wp-content\/uploads\/\/subjec-770x770.jpg 770w, https:\/\/orato.world\/wp-content\/uploads\/\/subjec-400x400.jpg 400w, https:\/\/orato.world\/wp-content\/uploads\/\/subjec-150x150.jpg 150w, https:\/\/orato.world\/wp-content\/uploads\/\/subjec-70x70.jpg 70w, https:\/\/orato.world\/wp-content\/uploads\/\/subjec-293x293.jpg 293w, https:\/\/orato.world\/wp-content\/uploads\/\/subjec.jpg 800w\" sizes=\"auto, (max-width: 500px) 100vw, 500px\" \/><\/div>\t\t\t<div class=\"lets-info-up-block-wrap\">\r\n\t\t\t\t<div class=\"lets-info-up-block lets-info-up-meta-block\"><div class=\"lets-info-up-meta-title lets-info-up-pretitle font-h\">PROTAGONISTA<\/div><div class=\"lets-info-up-meta-content lets-info-up-title font-b\">Mart\u00edn Paredes es padre y esposo, adem\u00e1s de actual conductor de la L\u00ednea B del subte. En noviembre de 2019, tras varios a\u00f1os de lucha, la empresa Metrov\u00edas (hoy Emova) y el gobierno porte\u00f1o acordaron realizar estudios m\u00e9dicos a los trabajadores del sector. Un a\u00f1o despu\u00e9s, \u00e9l y decenas de compa\u00f1eros fueron notificados con enfermedades causadas por el amianto, un elemento potencialmente cancer\u00edgeno cuyo uso est\u00e1 prohibido en el pa\u00eds desde 2003. Actualmente est\u00e1 en tratamiento, aunque no es seguro que supere el a\u00f1o 2023.<\/div><\/div><div class=\"lets-info-up-block lets-info-up-meta-block\"><div class=\"lets-info-up-meta-title lets-info-up-pretitle font-h\">CONTEXTO<\/div><div class=\"lets-info-up-meta-content lets-info-up-title font-b\"><a href=\"https:\/\/www.batimes.com.ar\/news\/argentina\/buenos-aires-sues-madrids-metro-for-14-million-euros.phtml\" target=\"_blank\" rel=\"noreferrer noopener\">Asbesto<\/a> consiste en un grupo de minerales que se presentan de forma natural como un haz de fibras. Existen pruebas, tanto en humanos como en animales de laboratorio, de que el amianto puede aumentar el riesgo de desarrollar ciertos tipos de c\u00e1ncer. Los trabajadores del metro de Buenos Aires, que transportan a unos 1,3 millones de pasajeros diarios, han empezado en los \u00faltimos a\u00f1os a denunciar legalmente la presencia de amianto en los vagones y han exigido mediante huelgas y protestas que la empresa deje de utilizarlos. En total, Metro de Madrid vendi\u00f3 36 coches a Buenos Aires por unos cinco millones de euros. El amianto, un material de fibra microsc\u00f3pica que a\u00edsla del calor y el fuego, est\u00e1 prohibido en Argentina desde 2001 por su car\u00e1cter cancer\u00edgeno.<\/div><\/div>\t\t\t<\/div>\r\n\t\t\t<\/div>\r\n\t\t<\/div>\r\n\t\t\n\n\n<p>BUENOS AIRES, Argentina &#8211; Trabaj\u00e9 como operador de subte durante la \u00faltima d\u00e9cada. En 2019, empec\u00e9 a experimentar problemas con mi salud. Mi cuerpo se sent\u00eda cada d\u00eda m\u00e1s d\u00e9bil, como si algo lo estuviera destruyendo lentamente desde dentro. La empresa para la que trabajaba finalmente accedi\u00f3 a conseguirnos ayuda m\u00e9dica. Me somet\u00ed a algunas pruebas para estar seguro, suponiendo que no pasaba nada importante. Pas\u00f3 un a\u00f1o y por fin los m\u00e9dicos se pusieron en contacto conmigo para comunicarme los resultados. Me dijeron que ten\u00eda un c\u00e1ncer en fase avanzada en los pulmones. <\/p>\n\n\n\n<p>Al o\u00edr el diagn\u00f3stico, sent\u00ed que me temblaba el cuerpo y empec\u00e9 a llorar. Al o\u00edr el diagn\u00f3stico, sent\u00ed que me temblaba el cuerpo y empec\u00e9 a llorar. Mis pensamientos se desviaron hacia mi hija y los a\u00f1os que me quedaban con ella. Empec\u00e9 a pensar en todas las cosas que a\u00fan no hab\u00eda hecho en mi vida, todas las cosas que pospuse suponiendo que ten\u00eda m\u00e1s tiempo. Me pasaba noches enteras mirando al techo, paralizado por el miedo. Cada ma\u00f1ana me parec\u00eda la \u00faltima, y quer\u00eda aprovechar al m\u00e1ximo el tiempo con mi familia y mis amigos. <\/p>\n\n\n\n<p><a href=\"https:\/\/orato.world\/?s=buenos+aires\"><strong><em>Lee m\u00e1s reportajes sobre Buenos Aires en Orato World Media <\/em><\/strong><\/a><\/p>\n\n\n\n<h2 class=\"wp-block-heading\" id=\"h-la-ciudad-sabia-de-los-vagones-contaminados-pero-opto-por-dejarnos-morir\"><strong>La ciudad sab\u00eda de los vagones contaminados, pero opt\u00f3 por dejarnos morir <\/strong><\/h2>\n\n\n\n<p>Parec\u00eda dif\u00edcil entender c\u00f3mo hab\u00eda sucedido. Vi pocos s\u00edntomas antes de mi diagn\u00f3stico. Ahora siento que vivo una partida de ruleta rusa. Todas las noches me acuesto con la esperanza de despertarme al d\u00eda siguiente. Vivo con miedo constante, con una nube gris sobre mi cabeza. Una vez dije: \u00abEstoy deseando jubilarme y vivir mi vida con mis seres queridos\u00bb. Ahora ya no planifico el futuro. <\/p>\n\n\n\n<p>Pronto o\u00ed historias de personas de mi profesi\u00f3n que no pasaban de la edad de jubilaci\u00f3n. En 2017, compa\u00f1eros que trabajaban en el <a href=\"https:\/\/www.batimes.com.ar\/news\/argentina\/buenos-aires-sues-madrids-metro-for-14-million-euros.phtml\">Metro de Madrid<\/a> nos advirtieron de que los subterr\u00e1neos de Buenos Aires estaban llenos de amianto. Esos mismos metros contaminados hab\u00edan <a href=\"https:\/\/www.ramr.org\/articulos\/volumen_19_numero_4\/articulos_originales\/articulos_originales_asbestos_exposure_in_cases_of_pleural_mesothelioma_in_the_argentine_republic.pdf\">enfermado gravemente<\/a> a los trabajadores del Metro de Madrid antes de la venta. Tem\u00edamos por nuestra salud, pero sab\u00edamos que poco pod\u00edamos hacer. Exigimos que realizaran ex\u00e1menes exhaustivos y aplicaran medidas de seguridad, pero nos encontramos con el silencio.<\/p>\n\n\n\n<p>Los minerales de amianto vuelan por todas partes. Un material m\u00e1s fuerte que el acero, cuando se inhala se deposita en el pulm\u00f3n, incrust\u00e1ndose como una aguja en la pleura, la envoltura que rodea el pulm\u00f3n. Genera callosidades y engrosamientos pleurales, entre otros, en funci\u00f3n del periodo de exposici\u00f3n. Con nuestro miedo en aumento, tambi\u00e9n exigimos que cerraran los subterr\u00e1neos y trajeran a los trabajadores expuestos para an\u00e1lisis cl\u00ednicos.<\/p>\n\n\n\n<h2 class=\"wp-block-heading\" id=\"h-el-numero-de-victimas-aumenta-cada-dia-y-nos-aterroriza-morir\"><strong>El n\u00famero de v\u00edctimas aumenta cada d\u00eda, y nos aterroriza morir <\/strong><\/h2>\n\n\n\n<p>Me enferma saber la falta de cuidado que la ciudad ten\u00eda por sus trabajadores. Todos debemos someternos con frecuencia a revisiones anuales de los pulmones para asegurarnos de que no hay inflamaci\u00f3n ni signos de c\u00e1ncer. Mi amigo <a href=\"https:\/\/www.youtube.com\/watch?v=4DVzzT3H8ww\">Jorge Pacci<\/a> muri\u00f3 de c\u00e1ncer de pleura a los 55 a\u00f1os a causa de nuestro trabajo. Nunca fum\u00f3 ni nada parecido, pero cuando fue a su revisi\u00f3n, le dijeron que s\u00f3lo le quedaba un a\u00f1o de vida. Muri\u00f3 nueve meses despu\u00e9s del diagn\u00f3stico. Hoy tengo 53 a\u00f1os. Dos de mis tres colegas murieron antes de cumplir los 60 a\u00f1os. Me siento aterrorizado y desesperado. No quiero morir. <\/p>\n\n\n\n<p><\/p>\n\n\n<div class=\"wp-block-image\">\n<figure class=\"aligncenter size-large is-resized\"><img loading=\"lazy\" decoding=\"async\" src=\"https:\/\/orato.world\/wp-content\/uploads\/3-8-1024x768.jpg\" alt=\"\" class=\"wp-image-78926\" style=\"width:840px;height:630px\" width=\"840\" height=\"630\" srcset=\"https:\/\/orato.world\/wp-content\/uploads\/\/3-8-1024x768.jpg 1024w, https:\/\/orato.world\/wp-content\/uploads\/\/3-8-300x225.jpg 300w, https:\/\/orato.world\/wp-content\/uploads\/\/3-8-770x578.jpg 770w, https:\/\/orato.world\/wp-content\/uploads\/\/3-8-533x400.jpg 533w, https:\/\/orato.world\/wp-content\/uploads\/\/3-8.jpg 1280w\" sizes=\"auto, (max-width: 840px) 100vw, 840px\" \/><figcaption class=\"wp-element-caption\">Martin y sus colegas. <strong>| Foto cortes\u00eda de Mart\u00edn Paredes<\/strong><\/figcaption><\/figure>\n<\/div>\n\n\n<p><\/p>\n\n\n\n<p>Debido a la presencia de amianto en el metro, 2.150 trabajadores est\u00e1n actualmente bajo vigilancia m\u00e9dica. Ochenta y seis padecen enfermedades pulmonares, seis tienen c\u00e1ncer y tres han muerto hasta ahora. Recientemente se diagnostic\u00f3 <a href=\"https:\/\/my.clevelandclinic.org\/health\/diseases\/10959-pulmonary-fibrosis#:~:text=Pulmonary%20fibrosis%20is%20a%20serious,No%20cure%20exists.\">fibrosis pulmonar<\/a> a un trabajador de los locales comerciales de los andenes. Tambi\u00e9n hemos sabido de un caso confirmado de un pasajero gravemente afectado por la exposici\u00f3n. La empresa y la ciudad siguen siendo conscientes del problema, pero contin\u00faan negando las reclamaciones para evitar gastar m\u00e1s dinero. Atacan nuestras acusaciones y las esconden bajo la alfombra. Esta pelea parece incre\u00edblemente injusta. <\/p>\n\n\n\n<p>Nos superan en n\u00famero y tienen m\u00e1s poder del que podr\u00edamos tener unidos. La ciudad debe asumir su responsabilidad. La empresa quiere evitar el coste de los procedimientos de retirada. Hemos hecho todo lo humanamente posible para resolver este problema y proteger a los millones de usuarios y trabajadores del metro que est\u00e1n en peligro, pero a\u00fan no hemos recibido una respuesta digna. Ignoran nuestras s\u00faplicas y cierran cualquier posibilidad de conversaci\u00f3n. Seguimos firmes en nuestra lucha, pero necesitamos m\u00e1s poder de nuestro lado. <\/p>\n","protected":false},"excerpt":{"rendered":"<p>Pas\u00f3 un a\u00f1o y por fin los m\u00e9dicos se pusieron en contacto conmigo para comunicarme los resultados. Me dijeron que ten\u00eda un c\u00e1ncer en fase avanzada en los pulmones. Al o\u00edr el diagn\u00f3stico, sent\u00ed que me temblaba el cuerpo y empec\u00e9 a llorar. <\/p>\n","protected":false},"author":28,"featured_media":78921,"comment_status":"open","ping_status":"open","sticky":false,"template":"","format":"standard","meta":{"_acf_changed":false,"_uag_custom_page_level_css":"","_lmt_disableupdate":"","_lmt_disable":"","footnotes":""},"categories":[874,188],"tags":[193,7003,1976,349,3732,2874,7004,611,2214],"class_list":["post-79493","post","type-post","status-publish","format-standard","has-post-thumbnail","hentry","category-crimen-y-corrupcion-es","category-salud","tag-argentina-es","tag-asbestos-es","tag-buenos-aires-es","tag-cancer-es","tag-contaminacion","tag-corrupcion","tag-enfermedad-respiratoria","tag-health-care-es","tag-latinoamerica"],"acf":[],"yoast_head":"<!-- This site is optimized with the Yoast SEO Premium plugin v27.5 (Yoast SEO v27.5) - https:\/\/yoast.com\/product\/yoast-seo-premium-wordpress\/ -->\n<title>Los trabajadores contraen c\u00e1ncer a causa de los subterr\u00e1neos infectados con amianto en Argentina<\/title>\n<meta name=\"description\" content=\"Me dijeron que ten\u00eda un c\u00e1ncer en fase avanzada en los pulmones. Al o\u00edr su diagn\u00f3stico, sent\u00ed que mi cuerpo temblaba y empec\u00e9 a llorar.\" \/>\n<meta name=\"robots\" content=\"index, follow, max-snippet:-1, max-image-preview:large, max-video-preview:-1\" \/>\n<link rel=\"canonical\" href=\"https:\/\/orato.world\/es\/2023\/09\/06\/el-municipio-compro-vagones-de-tren-infectados-con-amianto-los-trabajadores-enfermaron-y-murieron-a-causa-de-la-contaminacion\/\" \/>\n<meta property=\"og:locale\" content=\"es_ES\" \/>\n<meta property=\"og:type\" content=\"article\" \/>\n<meta property=\"og:title\" content=\"El municipio compr\u00f3 vagones de tren infectados con amianto, los trabajadores enfermaron y murieron a causa de la contaminaci\u00f3n\" \/>\n<meta property=\"og:description\" content=\"Me dijeron que ten\u00eda un c\u00e1ncer en fase avanzada en los pulmones. Al o\u00edr su diagn\u00f3stico, sent\u00ed que mi cuerpo temblaba y empec\u00e9 a llorar.\" \/>\n<meta property=\"og:url\" content=\"https:\/\/orato.world\/es\/2023\/09\/06\/el-municipio-compro-vagones-de-tren-infectados-con-amianto-los-trabajadores-enfermaron-y-murieron-a-causa-de-la-contaminacion\/\" \/>\n<meta property=\"og:site_name\" content=\"Orato\" \/>\n<meta property=\"article:publisher\" content=\"https:\/\/www.facebook.com\/OratoWorld\/\" \/>\n<meta property=\"article:published_time\" content=\"2023-09-06T11:00:00+00:00\" \/>\n<meta property=\"article:modified_time\" content=\"2023-09-11T15:26:22+00:00\" \/>\n<meta property=\"og:image\" content=\"https:\/\/orato.world\/wp-content\/uploads\/feature-115.jpg\" \/>\n\t<meta property=\"og:image:width\" content=\"1280\" \/>\n\t<meta property=\"og:image:height\" content=\"960\" \/>\n\t<meta property=\"og:image:type\" content=\"image\/jpeg\" \/>\n<meta name=\"author\" content=\"Mariela Laksman\" \/>\n<meta name=\"twitter:card\" content=\"summary_large_image\" \/>\n<meta name=\"twitter:creator\" content=\"@oratoworld\" \/>\n<meta name=\"twitter:site\" content=\"@oratoworld\" \/>\n<meta name=\"twitter:label1\" content=\"Escrito por\" \/>\n\t<meta name=\"twitter:data1\" content=\"Mariela Laksman\" \/>\n\t<meta name=\"twitter:label2\" content=\"Tiempo de lectura\" \/>\n\t<meta name=\"twitter:data2\" content=\"4 minutos\" \/>\n<script type=\"application\/ld+json\" class=\"yoast-schema-graph\">{\"@context\":\"https:\\\/\\\/schema.org\",\"@graph\":[{\"@type\":\"NewsArticle\",\"@id\":\"https:\\\/\\\/orato.world\\\/es\\\/2023\\\/09\\\/06\\\/el-municipio-compro-vagones-de-tren-infectados-con-amianto-los-trabajadores-enfermaron-y-murieron-a-causa-de-la-contaminacion\\\/#article\",\"isPartOf\":{\"@id\":\"https:\\\/\\\/orato.world\\\/es\\\/2023\\\/09\\\/06\\\/el-municipio-compro-vagones-de-tren-infectados-con-amianto-los-trabajadores-enfermaron-y-murieron-a-causa-de-la-contaminacion\\\/\"},\"author\":{\"name\":\"Mariela Laksman\",\"@id\":\"https:\\\/\\\/orato.world\\\/es\\\/#\\\/schema\\\/person\\\/d4a4a9a63551641850068c20e93613a5\"},\"headline\":\"El municipio compr\u00f3 vagones de tren infectados con amianto, los trabajadores enfermaron y murieron a causa de la contaminaci\u00f3n\",\"datePublished\":\"2023-09-06T11:00:00+00:00\",\"dateModified\":\"2023-09-11T15:26:22+00:00\",\"mainEntityOfPage\":{\"@id\":\"https:\\\/\\\/orato.world\\\/es\\\/2023\\\/09\\\/06\\\/el-municipio-compro-vagones-de-tren-infectados-con-amianto-los-trabajadores-enfermaron-y-murieron-a-causa-de-la-contaminacion\\\/\"},\"wordCount\":834,\"commentCount\":0,\"publisher\":{\"@id\":\"https:\\\/\\\/orato.world\\\/es\\\/#organization\"},\"image\":{\"@id\":\"https:\\\/\\\/orato.world\\\/es\\\/2023\\\/09\\\/06\\\/el-municipio-compro-vagones-de-tren-infectados-con-amianto-los-trabajadores-enfermaron-y-murieron-a-causa-de-la-contaminacion\\\/#primaryimage\"},\"thumbnailUrl\":\"https:\\\/\\\/orato.world\\\/wp-content\\\/uploads\\\/feature-115.jpg\",\"keywords\":[\"Argentina\",\"asbestos\",\"Buenos Aires\",\"Cancer\",\"contaminaci\u00f3n\",\"Corrupci\u00f3n\",\"enfermedad respiratoria\",\"health care\",\"Latinoam\u00e9rica\"],\"articleSection\":[\"Crimen y corrupci\u00f3n\",\"Salud\"],\"inLanguage\":\"es\",\"potentialAction\":[{\"@type\":\"CommentAction\",\"name\":\"Comment\",\"target\":[\"https:\\\/\\\/orato.world\\\/es\\\/2023\\\/09\\\/06\\\/el-municipio-compro-vagones-de-tren-infectados-con-amianto-los-trabajadores-enfermaron-y-murieron-a-causa-de-la-contaminacion\\\/#respond\"]}]},{\"@type\":\"WebPage\",\"@id\":\"https:\\\/\\\/orato.world\\\/es\\\/2023\\\/09\\\/06\\\/el-municipio-compro-vagones-de-tren-infectados-con-amianto-los-trabajadores-enfermaron-y-murieron-a-causa-de-la-contaminacion\\\/\",\"url\":\"https:\\\/\\\/orato.world\\\/es\\\/2023\\\/09\\\/06\\\/el-municipio-compro-vagones-de-tren-infectados-con-amianto-los-trabajadores-enfermaron-y-murieron-a-causa-de-la-contaminacion\\\/\",\"name\":\"Los trabajadores contraen c\u00e1ncer a causa de los subterr\u00e1neos infectados con amianto en Argentina\",\"isPartOf\":{\"@id\":\"https:\\\/\\\/orato.world\\\/es\\\/#website\"},\"primaryImageOfPage\":{\"@id\":\"https:\\\/\\\/orato.world\\\/es\\\/2023\\\/09\\\/06\\\/el-municipio-compro-vagones-de-tren-infectados-con-amianto-los-trabajadores-enfermaron-y-murieron-a-causa-de-la-contaminacion\\\/#primaryimage\"},\"image\":{\"@id\":\"https:\\\/\\\/orato.world\\\/es\\\/2023\\\/09\\\/06\\\/el-municipio-compro-vagones-de-tren-infectados-con-amianto-los-trabajadores-enfermaron-y-murieron-a-causa-de-la-contaminacion\\\/#primaryimage\"},\"thumbnailUrl\":\"https:\\\/\\\/orato.world\\\/wp-content\\\/uploads\\\/feature-115.jpg\",\"datePublished\":\"2023-09-06T11:00:00+00:00\",\"dateModified\":\"2023-09-11T15:26:22+00:00\",\"description\":\"Me dijeron que ten\u00eda un c\u00e1ncer en fase avanzada en los pulmones. Al o\u00edr su diagn\u00f3stico, sent\u00ed que mi cuerpo temblaba y empec\u00e9 a llorar.\",\"breadcrumb\":{\"@id\":\"https:\\\/\\\/orato.world\\\/es\\\/2023\\\/09\\\/06\\\/el-municipio-compro-vagones-de-tren-infectados-con-amianto-los-trabajadores-enfermaron-y-murieron-a-causa-de-la-contaminacion\\\/#breadcrumb\"},\"inLanguage\":\"es\",\"potentialAction\":[{\"@type\":\"ReadAction\",\"target\":[\"https:\\\/\\\/orato.world\\\/es\\\/2023\\\/09\\\/06\\\/el-municipio-compro-vagones-de-tren-infectados-con-amianto-los-trabajadores-enfermaron-y-murieron-a-causa-de-la-contaminacion\\\/\"]}]},{\"@type\":\"ImageObject\",\"inLanguage\":\"es\",\"@id\":\"https:\\\/\\\/orato.world\\\/es\\\/2023\\\/09\\\/06\\\/el-municipio-compro-vagones-de-tren-infectados-con-amianto-los-trabajadores-enfermaron-y-murieron-a-causa-de-la-contaminacion\\\/#primaryimage\",\"url\":\"https:\\\/\\\/orato.world\\\/wp-content\\\/uploads\\\/feature-115.jpg\",\"contentUrl\":\"https:\\\/\\\/orato.world\\\/wp-content\\\/uploads\\\/feature-115.jpg\",\"width\":1280,\"height\":960,\"caption\":\"Martin Paredes, along with other colleagues working in the subways of Buenos Aires were recently diagnosed with respiratory issues due to the asbestos in the wagons. The city has refused to comment on the issue, denying the allegations that their subways are contaminated. Martin fears he will not last the year. | Photo courtesy of Martin Paredes\"},{\"@type\":\"BreadcrumbList\",\"@id\":\"https:\\\/\\\/orato.world\\\/es\\\/2023\\\/09\\\/06\\\/el-municipio-compro-vagones-de-tren-infectados-con-amianto-los-trabajadores-enfermaron-y-murieron-a-causa-de-la-contaminacion\\\/#breadcrumb\",\"itemListElement\":[{\"@type\":\"ListItem\",\"position\":1,\"name\":\"Home\",\"item\":\"https:\\\/\\\/orato.world\\\/es\\\/\"},{\"@type\":\"ListItem\",\"position\":2,\"name\":\"El municipio compr\u00f3 vagones de tren infectados con amianto, los trabajadores enfermaron y murieron a causa de la contaminaci\u00f3n\"}]},{\"@type\":\"WebSite\",\"@id\":\"https:\\\/\\\/orato.world\\\/es\\\/#website\",\"url\":\"https:\\\/\\\/orato.world\\\/es\\\/\",\"name\":\"Orato\",\"description\":\"True Stories. Real People\",\"publisher\":{\"@id\":\"https:\\\/\\\/orato.world\\\/es\\\/#organization\"},\"potentialAction\":[{\"@type\":\"SearchAction\",\"target\":{\"@type\":\"EntryPoint\",\"urlTemplate\":\"https:\\\/\\\/orato.world\\\/es\\\/?s={search_term_string}\"},\"query-input\":{\"@type\":\"PropertyValueSpecification\",\"valueRequired\":true,\"valueName\":\"search_term_string\"}}],\"inLanguage\":\"es\"},{\"@type\":\"Organization\",\"@id\":\"https:\\\/\\\/orato.world\\\/es\\\/#organization\",\"name\":\"Orato World Media Inc.\",\"url\":\"https:\\\/\\\/orato.world\\\/es\\\/\",\"logo\":{\"@type\":\"ImageObject\",\"inLanguage\":\"es\",\"@id\":\"https:\\\/\\\/orato.world\\\/es\\\/#\\\/schema\\\/logo\\\/image\\\/\",\"url\":\"https:\\\/\\\/orato.world\\\/wp-content\\\/uploads\\\/2020\\\/07\\\/orato-logo-transparent.png\",\"contentUrl\":\"https:\\\/\\\/orato.world\\\/wp-content\\\/uploads\\\/2020\\\/07\\\/orato-logo-transparent.png\",\"width\":78,\"height\":73,\"caption\":\"Orato World Media Inc.\"},\"image\":{\"@id\":\"https:\\\/\\\/orato.world\\\/es\\\/#\\\/schema\\\/logo\\\/image\\\/\"},\"sameAs\":[\"https:\\\/\\\/www.facebook.com\\\/OratoWorld\\\/\",\"https:\\\/\\\/x.com\\\/oratoworld\",\"https:\\\/\\\/www.instagram.com\\\/oratoworld\",\"https:\\\/\\\/www.linkedin.com\\\/company\\\/42308818\\\/\"]},{\"@type\":\"Person\",\"@id\":\"https:\\\/\\\/orato.world\\\/es\\\/#\\\/schema\\\/person\\\/d4a4a9a63551641850068c20e93613a5\",\"name\":\"Mariela Laksman\",\"image\":{\"@type\":\"ImageObject\",\"inLanguage\":\"es\",\"@id\":\"https:\\\/\\\/secure.gravatar.com\\\/avatar\\\/133ba1b69c2a2b7c782cce9999c26555b6bc9af9e382e5e8f8e3fc285015d1b7?s=96&d=mm&r=g\",\"url\":\"https:\\\/\\\/secure.gravatar.com\\\/avatar\\\/133ba1b69c2a2b7c782cce9999c26555b6bc9af9e382e5e8f8e3fc285015d1b7?s=96&d=mm&r=g\",\"contentUrl\":\"https:\\\/\\\/secure.gravatar.com\\\/avatar\\\/133ba1b69c2a2b7c782cce9999c26555b6bc9af9e382e5e8f8e3fc285015d1b7?s=96&d=mm&r=g\",\"caption\":\"Mariela Laksman\"},\"description\":\"Image and Sound Designer, Integral Audiovisual and Journalistic Producer, writer, and teacher. I started working when I was very young; Since 2001, I was a producer for different television programs, documentary films, radio, and generating creative content for different organizations and companies. I won the award: \\\"Nuevo Sudaca Border\\\" with the microfiction book \\\"Un Tigre con la Boca Abierta\\\", for Eloisa Cartonera Editorial. I am passionate about telling stories and writing.\",\"url\":\"https:\\\/\\\/orato.world\\\/es\\\/author\\\/mariela-laksman\\\/\"}]}<\/script>\n<!-- \/ Yoast SEO Premium plugin. -->","yoast_head_json":{"title":"Los trabajadores contraen c\u00e1ncer a causa de los subterr\u00e1neos infectados con amianto en Argentina","description":"Me dijeron que ten\u00eda un c\u00e1ncer en fase avanzada en los pulmones. Al o\u00edr su diagn\u00f3stico, sent\u00ed que mi cuerpo temblaba y empec\u00e9 a llorar.","robots":{"index":"index","follow":"follow","max-snippet":"max-snippet:-1","max-image-preview":"max-image-preview:large","max-video-preview":"max-video-preview:-1"},"canonical":"https:\/\/orato.world\/es\/2023\/09\/06\/el-municipio-compro-vagones-de-tren-infectados-con-amianto-los-trabajadores-enfermaron-y-murieron-a-causa-de-la-contaminacion\/","og_locale":"es_ES","og_type":"article","og_title":"El municipio compr\u00f3 vagones de tren infectados con amianto, los trabajadores enfermaron y murieron a causa de la contaminaci\u00f3n","og_description":"Me dijeron que ten\u00eda un c\u00e1ncer en fase avanzada en los pulmones. Al o\u00edr su diagn\u00f3stico, sent\u00ed que mi cuerpo temblaba y empec\u00e9 a llorar.","og_url":"https:\/\/orato.world\/es\/2023\/09\/06\/el-municipio-compro-vagones-de-tren-infectados-con-amianto-los-trabajadores-enfermaron-y-murieron-a-causa-de-la-contaminacion\/","og_site_name":"Orato","article_publisher":"https:\/\/www.facebook.com\/OratoWorld\/","article_published_time":"2023-09-06T11:00:00+00:00","article_modified_time":"2023-09-11T15:26:22+00:00","og_image":[{"width":1280,"height":960,"url":"https:\/\/orato.world\/wp-content\/uploads\/feature-115.jpg","type":"image\/jpeg"}],"author":"Mariela Laksman","twitter_card":"summary_large_image","twitter_creator":"@oratoworld","twitter_site":"@oratoworld","twitter_misc":{"Escrito por":"Mariela Laksman","Tiempo de lectura":"4 minutos"},"schema":{"@context":"https:\/\/schema.org","@graph":[{"@type":"NewsArticle","@id":"https:\/\/orato.world\/es\/2023\/09\/06\/el-municipio-compro-vagones-de-tren-infectados-con-amianto-los-trabajadores-enfermaron-y-murieron-a-causa-de-la-contaminacion\/#article","isPartOf":{"@id":"https:\/\/orato.world\/es\/2023\/09\/06\/el-municipio-compro-vagones-de-tren-infectados-con-amianto-los-trabajadores-enfermaron-y-murieron-a-causa-de-la-contaminacion\/"},"author":{"name":"Mariela Laksman","@id":"https:\/\/orato.world\/es\/#\/schema\/person\/d4a4a9a63551641850068c20e93613a5"},"headline":"El municipio compr\u00f3 vagones de tren infectados con amianto, los trabajadores enfermaron y murieron a causa de la contaminaci\u00f3n","datePublished":"2023-09-06T11:00:00+00:00","dateModified":"2023-09-11T15:26:22+00:00","mainEntityOfPage":{"@id":"https:\/\/orato.world\/es\/2023\/09\/06\/el-municipio-compro-vagones-de-tren-infectados-con-amianto-los-trabajadores-enfermaron-y-murieron-a-causa-de-la-contaminacion\/"},"wordCount":834,"commentCount":0,"publisher":{"@id":"https:\/\/orato.world\/es\/#organization"},"image":{"@id":"https:\/\/orato.world\/es\/2023\/09\/06\/el-municipio-compro-vagones-de-tren-infectados-con-amianto-los-trabajadores-enfermaron-y-murieron-a-causa-de-la-contaminacion\/#primaryimage"},"thumbnailUrl":"https:\/\/orato.world\/wp-content\/uploads\/feature-115.jpg","keywords":["Argentina","asbestos","Buenos Aires","Cancer","contaminaci\u00f3n","Corrupci\u00f3n","enfermedad respiratoria","health care","Latinoam\u00e9rica"],"articleSection":["Crimen y corrupci\u00f3n","Salud"],"inLanguage":"es","potentialAction":[{"@type":"CommentAction","name":"Comment","target":["https:\/\/orato.world\/es\/2023\/09\/06\/el-municipio-compro-vagones-de-tren-infectados-con-amianto-los-trabajadores-enfermaron-y-murieron-a-causa-de-la-contaminacion\/#respond"]}]},{"@type":"WebPage","@id":"https:\/\/orato.world\/es\/2023\/09\/06\/el-municipio-compro-vagones-de-tren-infectados-con-amianto-los-trabajadores-enfermaron-y-murieron-a-causa-de-la-contaminacion\/","url":"https:\/\/orato.world\/es\/2023\/09\/06\/el-municipio-compro-vagones-de-tren-infectados-con-amianto-los-trabajadores-enfermaron-y-murieron-a-causa-de-la-contaminacion\/","name":"Los trabajadores contraen c\u00e1ncer a causa de los subterr\u00e1neos infectados con amianto en Argentina","isPartOf":{"@id":"https:\/\/orato.world\/es\/#website"},"primaryImageOfPage":{"@id":"https:\/\/orato.world\/es\/2023\/09\/06\/el-municipio-compro-vagones-de-tren-infectados-con-amianto-los-trabajadores-enfermaron-y-murieron-a-causa-de-la-contaminacion\/#primaryimage"},"image":{"@id":"https:\/\/orato.world\/es\/2023\/09\/06\/el-municipio-compro-vagones-de-tren-infectados-con-amianto-los-trabajadores-enfermaron-y-murieron-a-causa-de-la-contaminacion\/#primaryimage"},"thumbnailUrl":"https:\/\/orato.world\/wp-content\/uploads\/feature-115.jpg","datePublished":"2023-09-06T11:00:00+00:00","dateModified":"2023-09-11T15:26:22+00:00","description":"Me dijeron que ten\u00eda un c\u00e1ncer en fase avanzada en los pulmones. Al o\u00edr su diagn\u00f3stico, sent\u00ed que mi cuerpo temblaba y empec\u00e9 a llorar.","breadcrumb":{"@id":"https:\/\/orato.world\/es\/2023\/09\/06\/el-municipio-compro-vagones-de-tren-infectados-con-amianto-los-trabajadores-enfermaron-y-murieron-a-causa-de-la-contaminacion\/#breadcrumb"},"inLanguage":"es","potentialAction":[{"@type":"ReadAction","target":["https:\/\/orato.world\/es\/2023\/09\/06\/el-municipio-compro-vagones-de-tren-infectados-con-amianto-los-trabajadores-enfermaron-y-murieron-a-causa-de-la-contaminacion\/"]}]},{"@type":"ImageObject","inLanguage":"es","@id":"https:\/\/orato.world\/es\/2023\/09\/06\/el-municipio-compro-vagones-de-tren-infectados-con-amianto-los-trabajadores-enfermaron-y-murieron-a-causa-de-la-contaminacion\/#primaryimage","url":"https:\/\/orato.world\/wp-content\/uploads\/feature-115.jpg","contentUrl":"https:\/\/orato.world\/wp-content\/uploads\/feature-115.jpg","width":1280,"height":960,"caption":"Martin Paredes, along with other colleagues working in the subways of Buenos Aires were recently diagnosed with respiratory issues due to the asbestos in the wagons. The city has refused to comment on the issue, denying the allegations that their subways are contaminated. Martin fears he will not last the year. | Photo courtesy of Martin Paredes"},{"@type":"BreadcrumbList","@id":"https:\/\/orato.world\/es\/2023\/09\/06\/el-municipio-compro-vagones-de-tren-infectados-con-amianto-los-trabajadores-enfermaron-y-murieron-a-causa-de-la-contaminacion\/#breadcrumb","itemListElement":[{"@type":"ListItem","position":1,"name":"Home","item":"https:\/\/orato.world\/es\/"},{"@type":"ListItem","position":2,"name":"El municipio compr\u00f3 vagones de tren infectados con amianto, los trabajadores enfermaron y murieron a causa de la contaminaci\u00f3n"}]},{"@type":"WebSite","@id":"https:\/\/orato.world\/es\/#website","url":"https:\/\/orato.world\/es\/","name":"Orato","description":"True Stories. Real People","publisher":{"@id":"https:\/\/orato.world\/es\/#organization"},"potentialAction":[{"@type":"SearchAction","target":{"@type":"EntryPoint","urlTemplate":"https:\/\/orato.world\/es\/?s={search_term_string}"},"query-input":{"@type":"PropertyValueSpecification","valueRequired":true,"valueName":"search_term_string"}}],"inLanguage":"es"},{"@type":"Organization","@id":"https:\/\/orato.world\/es\/#organization","name":"Orato World Media Inc.","url":"https:\/\/orato.world\/es\/","logo":{"@type":"ImageObject","inLanguage":"es","@id":"https:\/\/orato.world\/es\/#\/schema\/logo\/image\/","url":"https:\/\/orato.world\/wp-content\/uploads\/2020\/07\/orato-logo-transparent.png","contentUrl":"https:\/\/orato.world\/wp-content\/uploads\/2020\/07\/orato-logo-transparent.png","width":78,"height":73,"caption":"Orato World Media Inc."},"image":{"@id":"https:\/\/orato.world\/es\/#\/schema\/logo\/image\/"},"sameAs":["https:\/\/www.facebook.com\/OratoWorld\/","https:\/\/x.com\/oratoworld","https:\/\/www.instagram.com\/oratoworld","https:\/\/www.linkedin.com\/company\/42308818\/"]},{"@type":"Person","@id":"https:\/\/orato.world\/es\/#\/schema\/person\/d4a4a9a63551641850068c20e93613a5","name":"Mariela Laksman","image":{"@type":"ImageObject","inLanguage":"es","@id":"https:\/\/secure.gravatar.com\/avatar\/133ba1b69c2a2b7c782cce9999c26555b6bc9af9e382e5e8f8e3fc285015d1b7?s=96&d=mm&r=g","url":"https:\/\/secure.gravatar.com\/avatar\/133ba1b69c2a2b7c782cce9999c26555b6bc9af9e382e5e8f8e3fc285015d1b7?s=96&d=mm&r=g","contentUrl":"https:\/\/secure.gravatar.com\/avatar\/133ba1b69c2a2b7c782cce9999c26555b6bc9af9e382e5e8f8e3fc285015d1b7?s=96&d=mm&r=g","caption":"Mariela Laksman"},"description":"Image and Sound Designer, Integral Audiovisual and Journalistic Producer, writer, and teacher. I started working when I was very young; Since 2001, I was a producer for different television programs, documentary films, radio, and generating creative content for different organizations and companies. I won the award: \"Nuevo Sudaca Border\" with the microfiction book \"Un Tigre con la Boca Abierta\", for Eloisa Cartonera Editorial. I am passionate about telling stories and writing.","url":"https:\/\/orato.world\/es\/author\/mariela-laksman\/"}]}},"modified_by":"Stephen","uagb_featured_image_src":{"full":["https:\/\/orato.world\/wp-content\/uploads\/feature-115.jpg",1280,960,false],"thumbnail":["https:\/\/orato.world\/wp-content\/uploads\/feature-115-100x100.jpg",100,100,true],"medium":["https:\/\/orato.world\/wp-content\/uploads\/feature-115-300x225.jpg",300,225,true],"medium_large":["https:\/\/orato.world\/wp-content\/uploads\/feature-115-770x578.jpg",640,480,true],"large":["https:\/\/orato.world\/wp-content\/uploads\/feature-115-1024x768.jpg",640,480,true],"1536x1536":["https:\/\/orato.world\/wp-content\/uploads\/feature-115.jpg",1280,960,false],"2048x2048":["https:\/\/orato.world\/wp-content\/uploads\/feature-115.jpg",1280,960,false],"gallery-size":["https:\/\/orato.world\/wp-content\/uploads\/feature-115-533x400.jpg",533,400,true],"lets-review-360-240":["https:\/\/orato.world\/wp-content\/uploads\/feature-115-360x240.jpg",360,240,true],"gform-image-choice-sm":["https:\/\/orato.world\/wp-content\/uploads\/feature-115.jpg",300,225,false],"gform-image-choice-md":["https:\/\/orato.world\/wp-content\/uploads\/feature-115.jpg",400,300,false],"gform-image-choice-lg":["https:\/\/orato.world\/wp-content\/uploads\/feature-115.jpg",600,450,false],"awsm_team":["https:\/\/orato.world\/wp-content\/uploads\/feature-115-500x500.jpg",500,500,true]},"uagb_author_info":{"display_name":"Mariela Laksman","author_link":"https:\/\/orato.world\/es\/author\/mariela-laksman\/"},"uagb_comment_info":0,"uagb_excerpt":"Pas\u00f3 un a\u00f1o y por fin los m\u00e9dicos se pusieron en contacto conmigo para comunicarme los resultados. Me dijeron que ten\u00eda un c\u00e1ncer en fase avanzada en los pulmones. Al o\u00edr el diagn\u00f3stico, sent\u00ed que me temblaba el cuerpo y empec\u00e9 a llorar.","_links":{"self":[{"href":"https:\/\/orato.world\/es\/wp-json\/wp\/v2\/posts\/79493","targetHints":{"allow":["GET"]}}],"collection":[{"href":"https:\/\/orato.world\/es\/wp-json\/wp\/v2\/posts"}],"about":[{"href":"https:\/\/orato.world\/es\/wp-json\/wp\/v2\/types\/post"}],"author":[{"embeddable":true,"href":"https:\/\/orato.world\/es\/wp-json\/wp\/v2\/users\/28"}],"replies":[{"embeddable":true,"href":"https:\/\/orato.world\/es\/wp-json\/wp\/v2\/comments?post=79493"}],"version-history":[{"count":2,"href":"https:\/\/orato.world\/es\/wp-json\/wp\/v2\/posts\/79493\/revisions"}],"predecessor-version":[{"id":79555,"href":"https:\/\/orato.world\/es\/wp-json\/wp\/v2\/posts\/79493\/revisions\/79555"}],"wp:featuredmedia":[{"embeddable":true,"href":"https:\/\/orato.world\/es\/wp-json\/wp\/v2\/media\/78921"}],"wp:attachment":[{"href":"https:\/\/orato.world\/es\/wp-json\/wp\/v2\/media?parent=79493"}],"wp:term":[{"taxonomy":"category","embeddable":true,"href":"https:\/\/orato.world\/es\/wp-json\/wp\/v2\/categories?post=79493"},{"taxonomy":"post_tag","embeddable":true,"href":"https:\/\/orato.world\/es\/wp-json\/wp\/v2\/tags?post=79493"}],"curies":[{"name":"wp","href":"https:\/\/api.w.org\/{rel}","templated":true}]}}