{"id":79525,"date":"2023-09-09T04:00:00","date_gmt":"2023-09-09T11:00:00","guid":{"rendered":"https:\/\/orato.world\/2023\/09\/09\/mi-hijo-es-transexual-el-viaje-de-una-madre-para-apoyar-a-su-hijo\/"},"modified":"2023-09-09T09:26:38","modified_gmt":"2023-09-09T16:26:38","slug":"mi-hijo-es-transexual-el-viaje-de-una-madre-para-apoyar-a-su-hijo","status":"publish","type":"post","link":"https:\/\/orato.world\/es\/2023\/09\/09\/mi-hijo-es-transexual-el-viaje-de-una-madre-para-apoyar-a-su-hijo\/","title":{"rendered":"Mi hijo es transexual: el viaje de una madre para apoyar a su hijo"},"content":{"rendered":"<div class=\"lets-info-up-wrap  lets-info-up--right lets-info-up--m-1 lets-info-up-skin-1 lets-info-up--side\">\t\t\t<div class=\"lets-info-up\">\r\n\t\t\t<div class=\"lets-info-up-fi\"><img loading=\"lazy\" decoding=\"async\" width=\"500\" height=\"500\" src=\"https:\/\/orato.world\/wp-content\/uploads\/subject-57-500x500.jpg\" class=\"attachment-lets-info-up-d1 size-lets-info-up-d1\" alt=\"\" srcset=\"https:\/\/orato.world\/wp-content\/uploads\/\/subject-57-500x500.jpg 500w, https:\/\/orato.world\/wp-content\/uploads\/\/subject-57-300x300.jpg 300w, https:\/\/orato.world\/wp-content\/uploads\/\/subject-57-100x100.jpg 100w, https:\/\/orato.world\/wp-content\/uploads\/\/subject-57-770x770.jpg 770w, https:\/\/orato.world\/wp-content\/uploads\/\/subject-57-400x400.jpg 400w, https:\/\/orato.world\/wp-content\/uploads\/\/subject-57-150x150.jpg 150w, https:\/\/orato.world\/wp-content\/uploads\/\/subject-57-70x70.jpg 70w, https:\/\/orato.world\/wp-content\/uploads\/\/subject-57-293x293.jpg 293w, https:\/\/orato.world\/wp-content\/uploads\/\/subject-57.jpg 800w\" sizes=\"auto, (max-width: 500px) 100vw, 500px\" \/><\/div>\t\t\t<div class=\"lets-info-up-block-wrap\">\r\n\t\t\t\t<div class=\"lets-info-up-block lets-info-up-meta-block\"><div class=\"lets-info-up-meta-title lets-info-up-pretitle font-h\">PROTAGONISTA<\/div><div class=\"lets-info-up-meta-content lets-info-up-title font-b\">Laura Quintana es madre de tres hijos, entre ellos Guido, que es su hijo trans. Cuando Guido sali\u00f3 del armario, hizo todo lo posible para que su transici\u00f3n fuera lo m\u00e1s f\u00e1cil y fluida posible. Cree firmemente que el mundo deber\u00eda esforzarse m\u00e1s por proteger a las personas trans.<\/div><\/div><div class=\"lets-info-up-block lets-info-up-meta-block\"><div class=\"lets-info-up-meta-title lets-info-up-pretitle font-h\">CONTEXTO<\/div><div class=\"lets-info-up-meta-content lets-info-up-title font-b\"><a href=\"https:\/\/transformandofamilias.com.ar\/\">La Fundaci\u00f3n Familias Transformadoras <\/a>est\u00e1 integrada por un grupo de familias de personas trans orientadas por la Dra. Fabiana Reina, profesional de la salud referente en la atenci\u00f3n integral de personas trans.<br>En 2018 <a href=\"https:\/\/transformandofamilias.com.ar\/\">comenz\u00f3 a funcionar la Fundaci\u00f3n Transformando Familias.<\/a> El 9 de mayo de 2012 se sancion\u00f3 en Argentina la<a href=\"http:\/\/chrome-extension:\/\/efaidnbmnnnibpcajpcglclefindmkaj\/https:\/\/huesped.org.ar\/wp-content\/uploads\/2018\/03\/Ley-de-Identidad-de-Genero-y-acceso-a-la-salud-de-personas-trans-ING.pdf\"> Ley N\u00b0 26.743 de Identidad de G\u00e9nero,<\/a> medida pionera en el mundo que reconoce el derecho de las personas a ser inscriptas en su DNI de acuerdo a su identidad de g\u00e9nero.<\/div><\/div>\t\t\t<\/div>\r\n\t\t\t<\/div>\r\n\t\t<\/div>\r\n\t\t\n\n\n<p>TUCUM\u00c1N, Argentina &#8211; Cuando mi hijo me confi\u00f3 por primera vez que era transexual, me sent\u00ed agradecida de que confiara en m\u00ed. Vengo de una familia muy conservadora. Aunque su confesi\u00f3n no me sorprendi\u00f3, me impact\u00f3 emocionalmente. El miedo y el nerviosismo brillaban en su rostro mientras le temblaba la voz. Lo abrac\u00e9 y le dije: \u00abNo s\u00e9 mucho de esto, pero vamos a informarnos y a resolverlo juntos. No te preocupes, estar\u00e9 aqu\u00ed para todo\u00bb.<\/p>\n\n\n\n<p><a href=\"https:\/\/orato.world\/?s=lgbtq\">Lee m\u00e1s historias de la comunidad LGBTQ+ en Orato World Media <\/a><\/p>\n\n\n\n<h2 class=\"wp-block-heading\" id=\"h-las-normas-de-genero-y-el-miedo-supusieron-un-reto-pero-la-educacion-me-capacito-para-apoyar-a-mi-hijo-transexual\"><strong>Las normas de g\u00e9nero y el miedo supusieron un reto, pero la educaci\u00f3n me capacit\u00f3 para apoyar a mi hijo transexual.<\/strong><\/h2>\n\n\n\n<p>Despu\u00e9s de su confesi\u00f3n, mi hijo y yo tuvimos una larga conversaci\u00f3n. Dur\u00f3 casi toda la noche. Mientras hablaba en voz baja, me cont\u00f3 todas las cosas que le hab\u00edan estado rondando por la cabeza durante tanto tiempo. Sent\u00ed que mi coraz\u00f3n iba a estallar de todo el amor que sent\u00eda por \u00e9l en ese momento.<\/p>\n\n\n\n<p>Vi su vulnerabilidad y enseguida comprend\u00ed lo importante que era para \u00e9l. Cuando mi hijo se acost\u00f3 por fin esa noche, su humor era m\u00e1s alegre y feliz. Tras nuestra charla, buscamos informaci\u00f3n y apoyo. Cuando nos pusimos en contacto con la <a href=\"https:\/\/transformandofamilias.com.ar\/\">Fundaci\u00f3n Transformando Familias,<\/a> nos ofrecieron las herramientas que necesit\u00e1bamos para dar los primeros pasos. <\/p>\n\n\n\n<p>Llor\u00e9 al ver a mi hijo Guido expresar por fin su verdadero yo. Guido conoc\u00eda su identidad desde peque\u00f1o, y siempre percib\u00ed esas diferencias. Nunca conect\u00f3 con las normas sociales de g\u00e9nero que se le impon\u00edan. Guido tiene 14 a\u00f1os y dos hermanos a los que admira profundamente. En las fiestas de cumplea\u00f1os, corr\u00eda directamente al patio para jugar al f\u00fatbol con sus hermanos y los chicos.<\/p>\n\n\n\n<p>Desde el momento de su nacimiento, le vest\u00ed con pantalones y vestidos de flores, pero nunca parec\u00eda c\u00f3modo. Cuando empec\u00e9 a notar su malestar, pens\u00e9 que podr\u00eda estar confundido; que se le pasar\u00eda. Mi reacci\u00f3n inicial reflejaba mis propios prejuicios.<\/p>\n\n\n\n<p>Tem\u00eda los comentarios de la gente y me preocupaba que juzgaran a mi hijo. De hecho, nunca me hab\u00eda dado cuenta de la intensidad con que la sociedad impone las normas de g\u00e9nero a trav\u00e9s de los colores, la ropa y los juguetes. Sin embargo, Guido no se dejar\u00eda encajonar.<\/p>\n\n\n\n<h2 class=\"wp-block-heading\" id=\"h-las-personas-trans-se-enfrentan-a-peligros-y-obstaculos-increibles\"><strong>Las personas trans se enfrentan a peligros y obst\u00e1culos incre\u00edbles<\/strong><\/h2>\n\n\n\n<p>Con el tiempo, descubr\u00ed que muchos ni\u00f1os trans reprimen su identidad por miedo al rechazo. La falta de educaci\u00f3n lleva a la gente a malinterpretar las luchas a las que se enfrentan en la vida. Algunas personas trans lo saben a una edad temprana, mientras que otras tardan en darse cuenta. Ser trans no es algo que elijan; es algo que sienten muy dentro, en lo m\u00e1s profundo de su ser. Cuando una persona trans no puede expresar su identidad, a menudo empieza a sentirse diferente y alienada del mundo.<\/p>\n\n\n\n<p>El odio y la intolerancia que resultan de la ignorancia me rompen el coraz\u00f3n. \u00ab\u00bfPor qu\u00e9 otro ser humano se siente con derecho a determinar la identidad de otra persona?\u00bb, me pregunto. A pesar de mi desconocimiento inicial y mi miedo por Guido, trabajamos duro para informarnos y ayudar a Guido a sentirse c\u00f3modo durante su transici\u00f3n.<\/p>\n\n\n\n<p>Como padres, queremos hacer todo lo posible para que nuestros hijos est\u00e9n seguros. La mejor manera de que Guido estuviera seguro era aprender todo lo que pudiera sobre las personas transexuales y sus experiencias. Ojal\u00e1 todo el mundo emprendiera ese viaje, para que podamos crear un entorno positivo para los dem\u00e1s. Aunque no puedo ni imaginar lo que es para los ni\u00f1os trans, s\u00e9 que, como padre, no siempre es f\u00e1cil.<\/p>\n\n\n\n<p>Las dificultades a las que nos enfrentamos no provienen de la identidad de mi hijo; provienen de la sociedad, de tener que anticipar siempre las reacciones de la gente. Para proteger a Guido, me rodeo de gente que pueda apoyarnos.<\/p>\n\n\n\n<h2 class=\"wp-block-heading\" id=\"h-debemos-tomar-partido-para-educar-a-la-sociedad-y-amar-a-las-personas-trans-con-todo-nuestro-corazon\"><strong>Debemos tomar partido para educar a la sociedad y amar a las personas trans con todo nuestro coraz\u00f3n<\/strong><\/h2>\n\n\n\n<p>Recuerdo la primera vez que le cortamos el pelo a Guido. Sus ojos se iluminaron al instante y una expresi\u00f3n de felicidad se extendi\u00f3 por su rostro. Me sent\u00ed totalmente conmovida por su reacci\u00f3n. Cuando sali\u00f3 del cl\u00f3set ante sus compa\u00f1eros, le recibieron con los brazos abiertos. Le llaman por el nombre que ha elegido y nunca le han faltado al respeto. Estas experiencias siguen siendo fundamentales para el desarrollo de Guido.<\/p>\n\n\n\n<p>No todos los ni\u00f1os trans son tan afortunados. Me devast\u00f3 conocer la tasa de mortalidad de las personas transg\u00e9nero y la batalla constante a la que se enfrentan en el mundo. Desde el momento en que salen a la calle, sus vidas pueden verse amenazadas.<\/p>\n\n\n\n<p>Los padres echan a sus hijos y el mundo hace poco por protegerlos. Las personas trans acaban sin vivienda y sometidas a violencia a manos de personas peligrosas. Con demasiada frecuencia, navegan solos por la vida desprovistos de derechos humanos, apoyo m\u00e9dico y empat\u00eda com\u00fan. Nos sentimos bendecidos por haber encontrado la Fundaci\u00f3n Transformando Familias. Nos han acompa\u00f1ado en cada etapa de nuestro viaje.<\/p>\n\n\n\n<p><\/p>\n\n\n<div class=\"wp-block-image\">\n<figure class=\"aligncenter size-large\"><img loading=\"lazy\" decoding=\"async\" width=\"978\" height=\"1024\" src=\"https:\/\/orato.world\/wp-content\/uploads\/5-5-978x1024.jpg\" alt=\"\" class=\"wp-image-79105\" srcset=\"https:\/\/orato.world\/wp-content\/uploads\/\/5-5-978x1024.jpg 978w, https:\/\/orato.world\/wp-content\/uploads\/\/5-5-286x300.jpg 286w, https:\/\/orato.world\/wp-content\/uploads\/\/5-5-770x807.jpg 770w, https:\/\/orato.world\/wp-content\/uploads\/\/5-5-382x400.jpg 382w, https:\/\/orato.world\/wp-content\/uploads\/\/5-5.jpg 1222w\" sizes=\"auto, (max-width: 978px) 100vw, 978px\" \/><figcaption class=\"wp-element-caption\">Guido (en el medio) con sus dos hermanos mayores. <strong>| Foto cortes\u00eda de Laura Quintana<\/strong><\/figcaption><\/figure>\n<\/div>\n\n\n<p><\/p>\n\n\n\n<p>Hoy, Guido es el ni\u00f1o m\u00e1s feliz que he visto nunca. Es seguro de s\u00ed mismo y expresivo. Veo c\u00f3mo cada d\u00eda se abre m\u00e1s a la vida. Hace poco, Guido me dijo: \u00ab\u00a1Quiero ir a nadar a la pileta!\u00bb. Puede parecer poca cosa, pero tard\u00f3 mucho tiempo en sentirse c\u00f3modo haciendo una actividad que tantas otras familias dan por sentada. Su fuerza y su valor me hicieron llorar.<\/p>\n\n\n\n<p>A los padres de ni\u00f1os transexuales y a la sociedad: debemos hacer que los ni\u00f1os transexuales se sientan seguros. Empieza por nosotros. Una formaci\u00f3n clara y una educaci\u00f3n completa sobre la identidad de g\u00e9nero siguen siendo fundamentales para eliminar los prejuicios y abrazar la diversidad. We must give them all the love and support we can.<\/p>\n\n\n\n<p><\/p>\n","protected":false},"excerpt":{"rendered":"<p>Como padres, queremos hacer todo lo posible para que nuestros hijos est\u00e9n seguros. La mejor manera de que Guido estuviera seguro era aprender todo lo que pudiera sobre las personas transexuales y sus experiencias. Ojal\u00e1 todo el mundo emprendiera ese viaje, para que podamos crear un entorno positivo para los dem\u00e1s. <\/p>\n","protected":false},"author":28,"featured_media":79108,"comment_status":"open","ping_status":"open","sticky":false,"template":"","format":"standard","meta":{"_acf_changed":false,"_uag_custom_page_level_css":"","_lmt_disableupdate":"","_lmt_disable":"","footnotes":""},"categories":[261],"tags":[193,5342,7010,515,2214,1369,1105,3761,7011,7012,1655,1308],"class_list":["post-79525","post","type-post","status-publish","format-standard","has-post-thumbnail","hentry","category-sexo-y-genero","tag-argentina-es","tag-comunidad-trans-es","tag-derechos","tag-health-es","tag-latinoamerica","tag-lgbtq-es-2","tag-lgbtq-es","tag-ninos","tag-ninos-trans","tag-ninos-transexuales","tag-trans-es","tag-transgenero"],"acf":[],"yoast_head":"<!-- This site is optimized with the Yoast SEO Premium plugin v27.4 (Yoast SEO v27.4) - https:\/\/yoast.com\/product\/yoast-seo-premium-wordpress\/ -->\n<title>J\u00f3venes trans: La importancia de crear entornos seguros<\/title>\n<meta name=\"description\" content=\"Debido a la falta de educaci\u00f3n sobre la identidad de g\u00e9nero, muchos no comprenden las dificultades de las personas trans en su vida.\" \/>\n<meta name=\"robots\" content=\"index, follow, max-snippet:-1, max-image-preview:large, max-video-preview:-1\" \/>\n<link rel=\"canonical\" href=\"https:\/\/orato.world\/es\/2023\/09\/09\/mi-hijo-es-transexual-el-viaje-de-una-madre-para-apoyar-a-su-hijo\/\" \/>\n<meta property=\"og:locale\" content=\"es_ES\" \/>\n<meta property=\"og:type\" content=\"article\" \/>\n<meta property=\"og:title\" content=\"Mi hijo es transexual: el viaje de una madre para apoyar a su hijo\" \/>\n<meta property=\"og:description\" content=\"Debido a la falta de educaci\u00f3n sobre la identidad de g\u00e9nero, muchos no comprenden las dificultades de las personas trans en su vida.\" \/>\n<meta property=\"og:url\" content=\"https:\/\/orato.world\/es\/2023\/09\/09\/mi-hijo-es-transexual-el-viaje-de-una-madre-para-apoyar-a-su-hijo\/\" \/>\n<meta property=\"og:site_name\" content=\"Orato\" \/>\n<meta property=\"article:publisher\" content=\"https:\/\/www.facebook.com\/OratoWorld\/\" \/>\n<meta property=\"article:published_time\" content=\"2023-09-09T11:00:00+00:00\" \/>\n<meta property=\"article:modified_time\" content=\"2023-09-09T16:26:38+00:00\" \/>\n<meta property=\"og:image\" content=\"https:\/\/orato.world\/wp-content\/uploads\/feature-116.jpg\" \/>\n\t<meta property=\"og:image:width\" content=\"1280\" \/>\n\t<meta property=\"og:image:height\" content=\"960\" \/>\n\t<meta property=\"og:image:type\" content=\"image\/jpeg\" \/>\n<meta name=\"author\" content=\"Mariela Laksman\" \/>\n<meta name=\"twitter:card\" content=\"summary_large_image\" \/>\n<meta name=\"twitter:creator\" content=\"@oratoworld\" \/>\n<meta name=\"twitter:site\" content=\"@oratoworld\" \/>\n<meta name=\"twitter:label1\" content=\"Escrito por\" \/>\n\t<meta name=\"twitter:data1\" content=\"Mariela Laksman\" \/>\n\t<meta name=\"twitter:label2\" content=\"Tiempo de lectura\" \/>\n\t<meta name=\"twitter:data2\" content=\"5 minutos\" \/>\n<script type=\"application\/ld+json\" class=\"yoast-schema-graph\">{\"@context\":\"https:\\\/\\\/schema.org\",\"@graph\":[{\"@type\":\"NewsArticle\",\"@id\":\"https:\\\/\\\/orato.world\\\/es\\\/2023\\\/09\\\/09\\\/mi-hijo-es-transexual-el-viaje-de-una-madre-para-apoyar-a-su-hijo\\\/#article\",\"isPartOf\":{\"@id\":\"https:\\\/\\\/orato.world\\\/es\\\/2023\\\/09\\\/09\\\/mi-hijo-es-transexual-el-viaje-de-una-madre-para-apoyar-a-su-hijo\\\/\"},\"author\":{\"name\":\"Mariela Laksman\",\"@id\":\"https:\\\/\\\/orato.world\\\/es\\\/#\\\/schema\\\/person\\\/d4a4a9a63551641850068c20e93613a5\"},\"headline\":\"Mi hijo es transexual: el viaje de una madre para apoyar a su hijo\",\"datePublished\":\"2023-09-09T11:00:00+00:00\",\"dateModified\":\"2023-09-09T16:26:38+00:00\",\"mainEntityOfPage\":{\"@id\":\"https:\\\/\\\/orato.world\\\/es\\\/2023\\\/09\\\/09\\\/mi-hijo-es-transexual-el-viaje-de-una-madre-para-apoyar-a-su-hijo\\\/\"},\"wordCount\":1065,\"commentCount\":0,\"publisher\":{\"@id\":\"https:\\\/\\\/orato.world\\\/es\\\/#organization\"},\"image\":{\"@id\":\"https:\\\/\\\/orato.world\\\/es\\\/2023\\\/09\\\/09\\\/mi-hijo-es-transexual-el-viaje-de-una-madre-para-apoyar-a-su-hijo\\\/#primaryimage\"},\"thumbnailUrl\":\"https:\\\/\\\/orato.world\\\/wp-content\\\/uploads\\\/feature-116.jpg\",\"keywords\":[\"Argentina\",\"comunidad trans\",\"derechos\",\"Health\",\"Latinoam\u00e9rica\",\"LGBTQ\",\"LGBTQ+\",\"ni\u00f1os\",\"ni\u00f1os trans\",\"ni\u00f1os transexuales\",\"Trans\",\"transg\u00e9nero\"],\"articleSection\":[\"Sexo y g\u00e9nero\"],\"inLanguage\":\"es\",\"potentialAction\":[{\"@type\":\"CommentAction\",\"name\":\"Comment\",\"target\":[\"https:\\\/\\\/orato.world\\\/es\\\/2023\\\/09\\\/09\\\/mi-hijo-es-transexual-el-viaje-de-una-madre-para-apoyar-a-su-hijo\\\/#respond\"]}]},{\"@type\":\"WebPage\",\"@id\":\"https:\\\/\\\/orato.world\\\/es\\\/2023\\\/09\\\/09\\\/mi-hijo-es-transexual-el-viaje-de-una-madre-para-apoyar-a-su-hijo\\\/\",\"url\":\"https:\\\/\\\/orato.world\\\/es\\\/2023\\\/09\\\/09\\\/mi-hijo-es-transexual-el-viaje-de-una-madre-para-apoyar-a-su-hijo\\\/\",\"name\":\"J\u00f3venes trans: La importancia de crear entornos seguros\",\"isPartOf\":{\"@id\":\"https:\\\/\\\/orato.world\\\/es\\\/#website\"},\"primaryImageOfPage\":{\"@id\":\"https:\\\/\\\/orato.world\\\/es\\\/2023\\\/09\\\/09\\\/mi-hijo-es-transexual-el-viaje-de-una-madre-para-apoyar-a-su-hijo\\\/#primaryimage\"},\"image\":{\"@id\":\"https:\\\/\\\/orato.world\\\/es\\\/2023\\\/09\\\/09\\\/mi-hijo-es-transexual-el-viaje-de-una-madre-para-apoyar-a-su-hijo\\\/#primaryimage\"},\"thumbnailUrl\":\"https:\\\/\\\/orato.world\\\/wp-content\\\/uploads\\\/feature-116.jpg\",\"datePublished\":\"2023-09-09T11:00:00+00:00\",\"dateModified\":\"2023-09-09T16:26:38+00:00\",\"description\":\"Debido a la falta de educaci\u00f3n sobre la identidad de g\u00e9nero, muchos no comprenden las dificultades de las personas trans en su vida.\",\"breadcrumb\":{\"@id\":\"https:\\\/\\\/orato.world\\\/es\\\/2023\\\/09\\\/09\\\/mi-hijo-es-transexual-el-viaje-de-una-madre-para-apoyar-a-su-hijo\\\/#breadcrumb\"},\"inLanguage\":\"es\",\"potentialAction\":[{\"@type\":\"ReadAction\",\"target\":[\"https:\\\/\\\/orato.world\\\/es\\\/2023\\\/09\\\/09\\\/mi-hijo-es-transexual-el-viaje-de-una-madre-para-apoyar-a-su-hijo\\\/\"]}]},{\"@type\":\"ImageObject\",\"inLanguage\":\"es\",\"@id\":\"https:\\\/\\\/orato.world\\\/es\\\/2023\\\/09\\\/09\\\/mi-hijo-es-transexual-el-viaje-de-una-madre-para-apoyar-a-su-hijo\\\/#primaryimage\",\"url\":\"https:\\\/\\\/orato.world\\\/wp-content\\\/uploads\\\/feature-116.jpg\",\"contentUrl\":\"https:\\\/\\\/orato.world\\\/wp-content\\\/uploads\\\/feature-116.jpg\",\"width\":1280,\"height\":960,\"caption\":\"Argentina's Law 26.743, enacted in 2012, allows every inhabitant of the country, whether they are a native or not, to request the registration of sex rectification, and to change their first name and image, when they do not coincide with their self-perceived gender identity. However, Laura Quintana still believes there is so much more we can do to protect the trans community. | Photo courtesy of Laura Quintana\"},{\"@type\":\"BreadcrumbList\",\"@id\":\"https:\\\/\\\/orato.world\\\/es\\\/2023\\\/09\\\/09\\\/mi-hijo-es-transexual-el-viaje-de-una-madre-para-apoyar-a-su-hijo\\\/#breadcrumb\",\"itemListElement\":[{\"@type\":\"ListItem\",\"position\":1,\"name\":\"Home\",\"item\":\"https:\\\/\\\/orato.world\\\/es\\\/\"},{\"@type\":\"ListItem\",\"position\":2,\"name\":\"Mi hijo es transexual: el viaje de una madre para apoyar a su hijo\"}]},{\"@type\":\"WebSite\",\"@id\":\"https:\\\/\\\/orato.world\\\/es\\\/#website\",\"url\":\"https:\\\/\\\/orato.world\\\/es\\\/\",\"name\":\"Orato\",\"description\":\"True Stories. Real People\",\"publisher\":{\"@id\":\"https:\\\/\\\/orato.world\\\/es\\\/#organization\"},\"potentialAction\":[{\"@type\":\"SearchAction\",\"target\":{\"@type\":\"EntryPoint\",\"urlTemplate\":\"https:\\\/\\\/orato.world\\\/es\\\/?s={search_term_string}\"},\"query-input\":{\"@type\":\"PropertyValueSpecification\",\"valueRequired\":true,\"valueName\":\"search_term_string\"}}],\"inLanguage\":\"es\"},{\"@type\":\"Organization\",\"@id\":\"https:\\\/\\\/orato.world\\\/es\\\/#organization\",\"name\":\"Orato World Media Inc.\",\"url\":\"https:\\\/\\\/orato.world\\\/es\\\/\",\"logo\":{\"@type\":\"ImageObject\",\"inLanguage\":\"es\",\"@id\":\"https:\\\/\\\/orato.world\\\/es\\\/#\\\/schema\\\/logo\\\/image\\\/\",\"url\":\"https:\\\/\\\/orato.world\\\/wp-content\\\/uploads\\\/2020\\\/07\\\/orato-logo-transparent.png\",\"contentUrl\":\"https:\\\/\\\/orato.world\\\/wp-content\\\/uploads\\\/2020\\\/07\\\/orato-logo-transparent.png\",\"width\":78,\"height\":73,\"caption\":\"Orato World Media Inc.\"},\"image\":{\"@id\":\"https:\\\/\\\/orato.world\\\/es\\\/#\\\/schema\\\/logo\\\/image\\\/\"},\"sameAs\":[\"https:\\\/\\\/www.facebook.com\\\/OratoWorld\\\/\",\"https:\\\/\\\/x.com\\\/oratoworld\",\"https:\\\/\\\/www.instagram.com\\\/oratoworld\",\"https:\\\/\\\/www.linkedin.com\\\/company\\\/42308818\\\/\"]},{\"@type\":\"Person\",\"@id\":\"https:\\\/\\\/orato.world\\\/es\\\/#\\\/schema\\\/person\\\/d4a4a9a63551641850068c20e93613a5\",\"name\":\"Mariela Laksman\",\"image\":{\"@type\":\"ImageObject\",\"inLanguage\":\"es\",\"@id\":\"https:\\\/\\\/secure.gravatar.com\\\/avatar\\\/133ba1b69c2a2b7c782cce9999c26555b6bc9af9e382e5e8f8e3fc285015d1b7?s=96&d=mm&r=g\",\"url\":\"https:\\\/\\\/secure.gravatar.com\\\/avatar\\\/133ba1b69c2a2b7c782cce9999c26555b6bc9af9e382e5e8f8e3fc285015d1b7?s=96&d=mm&r=g\",\"contentUrl\":\"https:\\\/\\\/secure.gravatar.com\\\/avatar\\\/133ba1b69c2a2b7c782cce9999c26555b6bc9af9e382e5e8f8e3fc285015d1b7?s=96&d=mm&r=g\",\"caption\":\"Mariela Laksman\"},\"description\":\"Image and Sound Designer, Integral Audiovisual and Journalistic Producer, writer, and teacher. I started working when I was very young; Since 2001, I was a producer for different television programs, documentary films, radio, and generating creative content for different organizations and companies. I won the award: \\\"Nuevo Sudaca Border\\\" with the microfiction book \\\"Un Tigre con la Boca Abierta\\\", for Eloisa Cartonera Editorial. I am passionate about telling stories and writing.\",\"url\":\"https:\\\/\\\/orato.world\\\/es\\\/author\\\/mariela-laksman\\\/\"}]}<\/script>\n<!-- \/ Yoast SEO Premium plugin. -->","yoast_head_json":{"title":"J\u00f3venes trans: La importancia de crear entornos seguros","description":"Debido a la falta de educaci\u00f3n sobre la identidad de g\u00e9nero, muchos no comprenden las dificultades de las personas trans en su vida.","robots":{"index":"index","follow":"follow","max-snippet":"max-snippet:-1","max-image-preview":"max-image-preview:large","max-video-preview":"max-video-preview:-1"},"canonical":"https:\/\/orato.world\/es\/2023\/09\/09\/mi-hijo-es-transexual-el-viaje-de-una-madre-para-apoyar-a-su-hijo\/","og_locale":"es_ES","og_type":"article","og_title":"Mi hijo es transexual: el viaje de una madre para apoyar a su hijo","og_description":"Debido a la falta de educaci\u00f3n sobre la identidad de g\u00e9nero, muchos no comprenden las dificultades de las personas trans en su vida.","og_url":"https:\/\/orato.world\/es\/2023\/09\/09\/mi-hijo-es-transexual-el-viaje-de-una-madre-para-apoyar-a-su-hijo\/","og_site_name":"Orato","article_publisher":"https:\/\/www.facebook.com\/OratoWorld\/","article_published_time":"2023-09-09T11:00:00+00:00","article_modified_time":"2023-09-09T16:26:38+00:00","og_image":[{"width":1280,"height":960,"url":"https:\/\/orato.world\/wp-content\/uploads\/feature-116.jpg","type":"image\/jpeg"}],"author":"Mariela Laksman","twitter_card":"summary_large_image","twitter_creator":"@oratoworld","twitter_site":"@oratoworld","twitter_misc":{"Escrito por":"Mariela Laksman","Tiempo de lectura":"5 minutos"},"schema":{"@context":"https:\/\/schema.org","@graph":[{"@type":"NewsArticle","@id":"https:\/\/orato.world\/es\/2023\/09\/09\/mi-hijo-es-transexual-el-viaje-de-una-madre-para-apoyar-a-su-hijo\/#article","isPartOf":{"@id":"https:\/\/orato.world\/es\/2023\/09\/09\/mi-hijo-es-transexual-el-viaje-de-una-madre-para-apoyar-a-su-hijo\/"},"author":{"name":"Mariela Laksman","@id":"https:\/\/orato.world\/es\/#\/schema\/person\/d4a4a9a63551641850068c20e93613a5"},"headline":"Mi hijo es transexual: el viaje de una madre para apoyar a su hijo","datePublished":"2023-09-09T11:00:00+00:00","dateModified":"2023-09-09T16:26:38+00:00","mainEntityOfPage":{"@id":"https:\/\/orato.world\/es\/2023\/09\/09\/mi-hijo-es-transexual-el-viaje-de-una-madre-para-apoyar-a-su-hijo\/"},"wordCount":1065,"commentCount":0,"publisher":{"@id":"https:\/\/orato.world\/es\/#organization"},"image":{"@id":"https:\/\/orato.world\/es\/2023\/09\/09\/mi-hijo-es-transexual-el-viaje-de-una-madre-para-apoyar-a-su-hijo\/#primaryimage"},"thumbnailUrl":"https:\/\/orato.world\/wp-content\/uploads\/feature-116.jpg","keywords":["Argentina","comunidad trans","derechos","Health","Latinoam\u00e9rica","LGBTQ","LGBTQ+","ni\u00f1os","ni\u00f1os trans","ni\u00f1os transexuales","Trans","transg\u00e9nero"],"articleSection":["Sexo y g\u00e9nero"],"inLanguage":"es","potentialAction":[{"@type":"CommentAction","name":"Comment","target":["https:\/\/orato.world\/es\/2023\/09\/09\/mi-hijo-es-transexual-el-viaje-de-una-madre-para-apoyar-a-su-hijo\/#respond"]}]},{"@type":"WebPage","@id":"https:\/\/orato.world\/es\/2023\/09\/09\/mi-hijo-es-transexual-el-viaje-de-una-madre-para-apoyar-a-su-hijo\/","url":"https:\/\/orato.world\/es\/2023\/09\/09\/mi-hijo-es-transexual-el-viaje-de-una-madre-para-apoyar-a-su-hijo\/","name":"J\u00f3venes trans: La importancia de crear entornos seguros","isPartOf":{"@id":"https:\/\/orato.world\/es\/#website"},"primaryImageOfPage":{"@id":"https:\/\/orato.world\/es\/2023\/09\/09\/mi-hijo-es-transexual-el-viaje-de-una-madre-para-apoyar-a-su-hijo\/#primaryimage"},"image":{"@id":"https:\/\/orato.world\/es\/2023\/09\/09\/mi-hijo-es-transexual-el-viaje-de-una-madre-para-apoyar-a-su-hijo\/#primaryimage"},"thumbnailUrl":"https:\/\/orato.world\/wp-content\/uploads\/feature-116.jpg","datePublished":"2023-09-09T11:00:00+00:00","dateModified":"2023-09-09T16:26:38+00:00","description":"Debido a la falta de educaci\u00f3n sobre la identidad de g\u00e9nero, muchos no comprenden las dificultades de las personas trans en su vida.","breadcrumb":{"@id":"https:\/\/orato.world\/es\/2023\/09\/09\/mi-hijo-es-transexual-el-viaje-de-una-madre-para-apoyar-a-su-hijo\/#breadcrumb"},"inLanguage":"es","potentialAction":[{"@type":"ReadAction","target":["https:\/\/orato.world\/es\/2023\/09\/09\/mi-hijo-es-transexual-el-viaje-de-una-madre-para-apoyar-a-su-hijo\/"]}]},{"@type":"ImageObject","inLanguage":"es","@id":"https:\/\/orato.world\/es\/2023\/09\/09\/mi-hijo-es-transexual-el-viaje-de-una-madre-para-apoyar-a-su-hijo\/#primaryimage","url":"https:\/\/orato.world\/wp-content\/uploads\/feature-116.jpg","contentUrl":"https:\/\/orato.world\/wp-content\/uploads\/feature-116.jpg","width":1280,"height":960,"caption":"Argentina's Law 26.743, enacted in 2012, allows every inhabitant of the country, whether they are a native or not, to request the registration of sex rectification, and to change their first name and image, when they do not coincide with their self-perceived gender identity. However, Laura Quintana still believes there is so much more we can do to protect the trans community. | Photo courtesy of Laura Quintana"},{"@type":"BreadcrumbList","@id":"https:\/\/orato.world\/es\/2023\/09\/09\/mi-hijo-es-transexual-el-viaje-de-una-madre-para-apoyar-a-su-hijo\/#breadcrumb","itemListElement":[{"@type":"ListItem","position":1,"name":"Home","item":"https:\/\/orato.world\/es\/"},{"@type":"ListItem","position":2,"name":"Mi hijo es transexual: el viaje de una madre para apoyar a su hijo"}]},{"@type":"WebSite","@id":"https:\/\/orato.world\/es\/#website","url":"https:\/\/orato.world\/es\/","name":"Orato","description":"True Stories. Real People","publisher":{"@id":"https:\/\/orato.world\/es\/#organization"},"potentialAction":[{"@type":"SearchAction","target":{"@type":"EntryPoint","urlTemplate":"https:\/\/orato.world\/es\/?s={search_term_string}"},"query-input":{"@type":"PropertyValueSpecification","valueRequired":true,"valueName":"search_term_string"}}],"inLanguage":"es"},{"@type":"Organization","@id":"https:\/\/orato.world\/es\/#organization","name":"Orato World Media Inc.","url":"https:\/\/orato.world\/es\/","logo":{"@type":"ImageObject","inLanguage":"es","@id":"https:\/\/orato.world\/es\/#\/schema\/logo\/image\/","url":"https:\/\/orato.world\/wp-content\/uploads\/2020\/07\/orato-logo-transparent.png","contentUrl":"https:\/\/orato.world\/wp-content\/uploads\/2020\/07\/orato-logo-transparent.png","width":78,"height":73,"caption":"Orato World Media Inc."},"image":{"@id":"https:\/\/orato.world\/es\/#\/schema\/logo\/image\/"},"sameAs":["https:\/\/www.facebook.com\/OratoWorld\/","https:\/\/x.com\/oratoworld","https:\/\/www.instagram.com\/oratoworld","https:\/\/www.linkedin.com\/company\/42308818\/"]},{"@type":"Person","@id":"https:\/\/orato.world\/es\/#\/schema\/person\/d4a4a9a63551641850068c20e93613a5","name":"Mariela Laksman","image":{"@type":"ImageObject","inLanguage":"es","@id":"https:\/\/secure.gravatar.com\/avatar\/133ba1b69c2a2b7c782cce9999c26555b6bc9af9e382e5e8f8e3fc285015d1b7?s=96&d=mm&r=g","url":"https:\/\/secure.gravatar.com\/avatar\/133ba1b69c2a2b7c782cce9999c26555b6bc9af9e382e5e8f8e3fc285015d1b7?s=96&d=mm&r=g","contentUrl":"https:\/\/secure.gravatar.com\/avatar\/133ba1b69c2a2b7c782cce9999c26555b6bc9af9e382e5e8f8e3fc285015d1b7?s=96&d=mm&r=g","caption":"Mariela Laksman"},"description":"Image and Sound Designer, Integral Audiovisual and Journalistic Producer, writer, and teacher. I started working when I was very young; Since 2001, I was a producer for different television programs, documentary films, radio, and generating creative content for different organizations and companies. I won the award: \"Nuevo Sudaca Border\" with the microfiction book \"Un Tigre con la Boca Abierta\", for Eloisa Cartonera Editorial. I am passionate about telling stories and writing.","url":"https:\/\/orato.world\/es\/author\/mariela-laksman\/"}]}},"modified_by":"Stephen","uagb_featured_image_src":{"full":["https:\/\/orato.world\/wp-content\/uploads\/feature-116.jpg",1280,960,false],"thumbnail":["https:\/\/orato.world\/wp-content\/uploads\/feature-116-100x100.jpg",100,100,true],"medium":["https:\/\/orato.world\/wp-content\/uploads\/feature-116-300x225.jpg",300,225,true],"medium_large":["https:\/\/orato.world\/wp-content\/uploads\/feature-116-770x578.jpg",640,480,true],"large":["https:\/\/orato.world\/wp-content\/uploads\/feature-116-1024x768.jpg",640,480,true],"1536x1536":["https:\/\/orato.world\/wp-content\/uploads\/feature-116.jpg",1280,960,false],"2048x2048":["https:\/\/orato.world\/wp-content\/uploads\/feature-116.jpg",1280,960,false],"gallery-size":["https:\/\/orato.world\/wp-content\/uploads\/feature-116-533x400.jpg",533,400,true],"lets-review-360-240":["https:\/\/orato.world\/wp-content\/uploads\/feature-116-360x240.jpg",360,240,true],"gform-image-choice-sm":["https:\/\/orato.world\/wp-content\/uploads\/feature-116.jpg",300,225,false],"gform-image-choice-md":["https:\/\/orato.world\/wp-content\/uploads\/feature-116.jpg",400,300,false],"gform-image-choice-lg":["https:\/\/orato.world\/wp-content\/uploads\/feature-116.jpg",600,450,false],"awsm_team":["https:\/\/orato.world\/wp-content\/uploads\/feature-116-500x500.jpg",500,500,true]},"uagb_author_info":{"display_name":"Mariela Laksman","author_link":"https:\/\/orato.world\/es\/author\/mariela-laksman\/"},"uagb_comment_info":0,"uagb_excerpt":"Como padres, queremos hacer todo lo posible para que nuestros hijos est\u00e9n seguros. La mejor manera de que Guido estuviera seguro era aprender todo lo que pudiera sobre las personas transexuales y sus experiencias. Ojal\u00e1 todo el mundo emprendiera ese viaje, para que podamos crear un entorno positivo para los dem\u00e1s.","_links":{"self":[{"href":"https:\/\/orato.world\/es\/wp-json\/wp\/v2\/posts\/79525","targetHints":{"allow":["GET"]}}],"collection":[{"href":"https:\/\/orato.world\/es\/wp-json\/wp\/v2\/posts"}],"about":[{"href":"https:\/\/orato.world\/es\/wp-json\/wp\/v2\/types\/post"}],"author":[{"embeddable":true,"href":"https:\/\/orato.world\/es\/wp-json\/wp\/v2\/users\/28"}],"replies":[{"embeddable":true,"href":"https:\/\/orato.world\/es\/wp-json\/wp\/v2\/comments?post=79525"}],"version-history":[{"count":3,"href":"https:\/\/orato.world\/es\/wp-json\/wp\/v2\/posts\/79525\/revisions"}],"predecessor-version":[{"id":79528,"href":"https:\/\/orato.world\/es\/wp-json\/wp\/v2\/posts\/79525\/revisions\/79528"}],"wp:featuredmedia":[{"embeddable":true,"href":"https:\/\/orato.world\/es\/wp-json\/wp\/v2\/media\/79108"}],"wp:attachment":[{"href":"https:\/\/orato.world\/es\/wp-json\/wp\/v2\/media?parent=79525"}],"wp:term":[{"taxonomy":"category","embeddable":true,"href":"https:\/\/orato.world\/es\/wp-json\/wp\/v2\/categories?post=79525"},{"taxonomy":"post_tag","embeddable":true,"href":"https:\/\/orato.world\/es\/wp-json\/wp\/v2\/tags?post=79525"}],"curies":[{"name":"wp","href":"https:\/\/api.w.org\/{rel}","templated":true}]}}