{"id":84228,"date":"2023-11-11T05:56:33","date_gmt":"2023-11-11T13:56:33","guid":{"rendered":"https:\/\/orato.world\/2023\/11\/11\/tras-cuatro-anos-sin-hogar-una-anciana-de-101-anos-recibe-ayuda-y-vuelve-a-estudiar\/"},"modified":"2023-11-18T07:08:13","modified_gmt":"2023-11-18T15:08:13","slug":"tras-cuatro-anos-sin-hogar-una-anciana-de-101-anos-recibe-ayuda-y-vuelve-a-estudiar","status":"publish","type":"post","link":"https:\/\/orato.world\/es\/2023\/11\/11\/tras-cuatro-anos-sin-hogar-una-anciana-de-101-anos-recibe-ayuda-y-vuelve-a-estudiar\/","title":{"rendered":"Tras cuatro a\u00f1os sin hogar, una anciana de 101 a\u00f1os recibe ayuda y vuelve a estudiar"},"content":{"rendered":"<div class=\"lets-info-up-wrap  lets-info-up--right lets-info-up--m-1 lets-info-up-skin-1 lets-info-up--side\">\t\t\t<div class=\"lets-info-up\">\r\n\t\t\t<div class=\"lets-info-up-fi\"><img loading=\"lazy\" decoding=\"async\" width=\"500\" height=\"500\" src=\"https:\/\/orato.world\/wp-content\/uploads\/Untitled-design-2023-11-09T173819.449-500x500.png\" class=\"attachment-lets-info-up-d1 size-lets-info-up-d1\" alt=\"\" srcset=\"https:\/\/orato.world\/wp-content\/uploads\/Untitled-design-2023-11-09T173819.449-500x500.png 500w, https:\/\/orato.world\/wp-content\/uploads\/Untitled-design-2023-11-09T173819.449-300x300.png 300w, https:\/\/orato.world\/wp-content\/uploads\/Untitled-design-2023-11-09T173819.449-1024x1024.png 1024w, https:\/\/orato.world\/wp-content\/uploads\/Untitled-design-2023-11-09T173819.449-100x100.png 100w, https:\/\/orato.world\/wp-content\/uploads\/Untitled-design-2023-11-09T173819.449-770x770.png 770w, https:\/\/orato.world\/wp-content\/uploads\/Untitled-design-2023-11-09T173819.449-400x400.png 400w, https:\/\/orato.world\/wp-content\/uploads\/Untitled-design-2023-11-09T173819.449-150x150.png 150w, https:\/\/orato.world\/wp-content\/uploads\/Untitled-design-2023-11-09T173819.449-70x70.png 70w, https:\/\/orato.world\/wp-content\/uploads\/Untitled-design-2023-11-09T173819.449-293x293.png 293w, https:\/\/orato.world\/wp-content\/uploads\/Untitled-design-2023-11-09T173819.449.png 1080w\" sizes=\"auto, (max-width: 500px) 100vw, 500px\" \/><\/div>\t\t\t<div class=\"lets-info-up-block-wrap\">\r\n\t\t\t\t<div class=\"lets-info-up-block lets-info-up-meta-block\"><div class=\"lets-info-up-meta-title lets-info-up-pretitle font-h\">PROTAGONISTA<\/div><div class=\"lets-info-up-meta-content lets-info-up-title font-b\">\u00a0Mercedes Fern\u00e1ndez, nacida el 12 de enero de 1922 en Venado Tuerto, Argentina, reside en Escobar desde los cuatro a\u00f1os. Tras el fallecimiento de su marido, Mercedes se enfrent\u00f3 a tiempos dif\u00edciles que la llevaron a quedarse sin hogar. Su resiliencia brill\u00f3 cuando se embarc\u00f3 en un viaje para cumplir el sue\u00f1o de su vida: completar su educaci\u00f3n secundaria a los 101 a\u00f1os. Reside en una residencia de ancianos y asiste a clase de forma independiente, lo que demuestra su estilo de vida activo y su b\u00fasqueda de la autonom\u00eda personal.<\/div><\/div><div class=\"lets-info-up-block lets-info-up-meta-block\"><div class=\"lets-info-up-meta-title lets-info-up-pretitle font-h\">CONTEXTO<\/div><div class=\"lets-info-up-meta-content lets-info-up-title font-b\">El compromiso social activo y las actividades en grupo, como los deportes, los estudios o las artes, se han relacionado con una mayor longevidad y un envejecimiento m\u00e1s saludable. Esta relaci\u00f3n es especialmente importante a medida que cambia la demograf\u00eda mundial. Para 2030, se prev\u00e9 que una de cada seis personas en todo el mundo tendr\u00e1 m\u00e1s de 60 a\u00f1os, y que la poblaci\u00f3n anciana aumentar\u00e1 de 1.000 millones en 2020 a 1.400 millones. Esta tendencia subraya el creciente inter\u00e9s por las estrategias de envejecimiento saludable y bienestar en la poblaci\u00f3n de edad avanzada.<a href=\"https:\/\/www.nationalgeographic.es\/ciencia\/2023\/03\/la-vida-social-y-el-pensamiento-positivo-te-hara-vivir-mas-anos\">M\u00e1s informaci\u00f3n sobre este estudio.<\/a><\/div><\/div>\t\t\t<\/div>\r\n\t\t\t<\/div>\r\n\t\t<\/div>\r\n\t\t\n\n\n<p>BUENOS AIRES, Argentina &#8211; Durante tres d\u00e9cadas cuid\u00e9 de mi marido, cuya salud se fue deteriorando gradualmente a causa de la diabetes. Mi compromiso con \u00e9l nunca titube\u00f3, ni siquiera cuando perdi\u00f3 la capacidad de ver o hablar. Cuando muri\u00f3, sent\u00ed que hab\u00eda perdido una parte de m\u00ed misma y entr\u00e9 en crisis. Sumida en el dolor y la tristeza, mi peso disminuy\u00f3 dr\u00e1sticamente y me volv\u00ed fr\u00e1gil. El mundo se volvi\u00f3 oscuro y me sent\u00ed atrapada en la desesperaci\u00f3n. Pronto, ese dolor me dej\u00f3 sin hogar, y pas\u00e9 cuatro a\u00f1os a la deriva.<\/p>\n\n\n\n<p>Sin un hogar permanente, busqu\u00e9 refugio en rincones ocultos, en calles heladas e incluso en cementerios. Enfrent\u00e1ndome a un clima extremo y a una fatiga abrumadora, con frecuencia terminaba en el hospital. Mi vida diaria consist\u00eda en vagar hasta que el agotamiento me venc\u00eda. Con frecuencia buscaba consuelo en el Centro de Jubilados Ferroviarios, confiando en ellos para mi sustento diario. Finalmente, el personal del Centro intervino y me ayud\u00f3 a conseguir alojamiento en la Residencia de Ancianos Eva Per\u00f3n. De repente descubr\u00ed una comunidad que me nutr\u00eda para poder sanar. Fue como un renacimiento.<\/p>\n\n\n\n<p><a href=\"https:\/\/orato.world\/es\/category\/visionarios\/\">Lee m\u00e1s historias de visionarios en Orato World Media<\/a><\/p>\n\n\n\n<h2 class=\"wp-block-heading\" id=\"h-llore-durante-dias-cuando-por-fin-me-di-cuenta-de-lo-sola-que-me-habia-sentido-al-no-tener-hogar\"><strong>Llor\u00e9 durante d\u00edas cuando por fin me di cuenta de lo sola que me hab\u00eda sentido al no tener hogar.<\/strong><\/h2>\n\n\n\n<p>Cuando estaba en la calle, aquellos a\u00f1os de penurias me agotaron. A menudo perd\u00eda la noci\u00f3n del tiempo y me ve\u00eda inmersa en la desesperaci\u00f3n emocional. Cuando el personal del Centro de Jubilados Ferroviarios, donde com\u00eda, se fij\u00f3 en m\u00ed, sent\u00ed como si un rayo de luz atravesara las nubes.<\/p>\n\n\n\n<p>Se pusieron en contacto con el departamento de Desarrollo Social en mi nombre, y eso llev\u00f3 a mi ingreso en la Residencia de Ancianos Eva Per\u00f3n. Al principio, la adaptaci\u00f3n al nuevo entorno me result\u00f3 extra\u00f1a, pero enseguida me adapt\u00e9. De repente me di cuenta de lo sola que hab\u00eda estado y llor\u00e9 durante d\u00edas.<\/p>\n\n\n\n<p>Cuando mis l\u00e1grimas se secaron, empec\u00e9 a sentir alegr\u00eda y esperanza. Empec\u00e9 a participar en actividades que fomentaban mi independencia y abrac\u00e9 la vida con una nueva energ\u00eda. En este entorno de apoyo, me atrev\u00ed a so\u00f1ar de nuevo y surgi\u00f3 una idea audaz: completar por fin mis estudios secundarios.<\/p>\n\n\n\n<p>A pesar de los temores y las dudas propios de mi edad, acept\u00e9 el reto con determinaci\u00f3n. Los sue\u00f1os pueden parecer desalentadores cuando se tienen m\u00e1s de 100 a\u00f1os, pero tambi\u00e9n pueden ser inspiradores. La decisi\u00f3n de volver a estudiar marc\u00f3 un punto de inflexi\u00f3n importante en mi vida.<\/p>\n\n\n\n<h2 class=\"wp-block-heading\" id=\"h-volver-a-las-aulas-con-101-anos-me-devolvio-a-mi-infancia\"><strong>Volver a las aulas con 101 a\u00f1os me devolvi\u00f3 a mi infancia.<\/strong><\/h2>\n\n\n\n<p>La directora de la residencia, Noelia Alegre Pivar, y la trabajadora social, Elizabeth Villanueva, fueron fundamentales para hacer realidad mi sue\u00f1o. Se pusieron en contacto con el Centro de Educaci\u00f3n Secundaria para Adultos CENS 451 y me inscribieron en el programa para mayores.<\/p>\n\n\n\n<p>O\u00edr las palabras \u00abMercedes, est\u00e1s inscrita\u00bb me llen\u00f3 de una incre\u00edble sensaci\u00f3n de logro y l\u00e1grimas de alegr\u00eda corrieron por mis mejillas. Sent\u00ed un desbordamiento de amor por parte del personal, los dem\u00e1s residentes y las enfermeras. Sus \u00e1nimos se convirtieron en una celebraci\u00f3n de mi victoria personal y de mi esp\u00edritu resistente.<\/p>\n\n\n\n<p>Algunas personas tuvieron sentimientos encontrados ante mi decisi\u00f3n de volver a estudiar a los 101 a\u00f1os. Cuando alguien se sorprend\u00eda o incluso actuaba como si estuviera loca, yo segu\u00eda adelante y me manten\u00eda firme en mi compromiso. En mi primer d\u00eda de clase, me despert\u00e9 temprano, llena de emoci\u00f3n y nervios. Hab\u00eda dado vueltas en la cama la noche anterior, llena de expectaci\u00f3n.<\/p>\n\n\n\n<p>Tras un sencillo desayuno a base de leche y pan, prepar\u00e9 mis cosas y me puse en camino hacia la escuela. En la puerta, una fila de seguidores me recibi\u00f3 con aplausos y una ovaci\u00f3n en pie, gritando: \u00ab\u00a1Bravo, Mercedes!\u00bb. Al entrar en el aula, una oleada de nostalgia me golpe\u00f3. Los bancos, las mesas, la pizarra y los adornos de cart\u00f3n, junto con el familiar olor a libros y apuntes, me transportaron a mi infancia.<\/p>\n\n\n\n<p>El sol de la ma\u00f1ana brillaba a trav\u00e9s de la ventana, arrojando un resplandor m\u00e1gico sobre todo. Tom\u00e9 asiento junto a un compa\u00f1ero de clase mucho m\u00e1s joven que yo, sintiendo una sensaci\u00f3n de logro por m\u00ed misma. Era la realizaci\u00f3n de un sue\u00f1o que hab\u00eda albergado durante a\u00f1os.<\/p>\n\n\n\n<h2 class=\"wp-block-heading\" id=\"h-para-mi-tener-101-anos-simboliza-el-rico-viaje-de-mi-vida\"><strong>Para m\u00ed, tener 101 a\u00f1os simboliza el rico viaje de mi vida<\/strong><\/h2>\n\n\n\n<p>Cada d\u00eda, registro y reviso meticulosamente todo lo que aprendo. Mi memoria me ayuda; a veces no me deja dormir por la noche mientras repaso las lecciones del d\u00eda. Desde matem\u00e1ticas y lengua hasta las historias heroicas de Manuel Belgrano y San Mart\u00edn, mi mente sigue activa. Los pensamientos sobre lo que aprend\u00ed ese d\u00eda bailan por mi mente mientras el sue\u00f1o finalmente se apodera de m\u00ed.<\/p>\n\n\n\n<p>Este mes de diciembre marca un hito: Me graduar\u00e9 y recibir\u00e9 mi diploma. Espero con impaciencia la celebraci\u00f3n que se est\u00e1 planeando en mi honor. Mi pr\u00f3ximo objetivo es especializarme en asistencia gerontol\u00f3gica, con el fin de apoyar a mis compa\u00f1eros en casa. Aunque mi tiempo sea limitado, creo que luchar por este objetivo merece la pena.<\/p>\n\n\n\n<p>Mientras tanto, me mantengo activa en un centro para jubilados, donde cantar y bailar me proporcionan una inmensa alegr\u00eda. Tambi\u00e9n participo en un proyecto de huerta, deleit\u00e1ndome con el agradable olor de la tierra y la satisfacci\u00f3n de alimentar la vida. He ayudado a crear un jard\u00edn de mariposas, un remanso de serenidad que me ofrece paz.<\/p>\n\n\n\n<p>Mi avanzada edad no me pesa. Para m\u00ed, tener 101 a\u00f1os simboliza el rico viaje de mi vida. Mi actividad favorita es caminar. Me deleito a cada paso por mi barrio, inmersa en las experiencias sensoriales del sol, el viento, la lluvia y el cambio de las estaciones. Estos paseos son algo m\u00e1s que ejercicio: son una celebraci\u00f3n de la vida. <\/p>\n\n\n\n<p>Mientras camino, canto. Saludo a los transe\u00fantes y me recuerdo a m\u00ed misma las infinitas posibilidades de la vida. Con cada paso repito la afirmaci\u00f3n: \u00ab\u00a1S\u00ed, se puede!\u00bb. Aunque me enfrent\u00e9 a un periodo oscuro cuando me qued\u00e9 sin hogar, aprend\u00ed a resistir ante la adversidad. Mi trayectoria, desde cuidar de mi marido hasta obtener mi diploma a los 101 a\u00f1os, pasando por superar la indigencia, es un testimonio del esp\u00edritu perdurable de la esperanza.<\/p>\n\n\n\n<p><strong><em>Todas las fotos son cortes\u00eda del equipo del Hogar de Ancianos Eva Per\u00f3n.<\/em><\/strong><\/p>\n","protected":false},"excerpt":{"rendered":"<p>Sin un hogar permanente, busqu\u00e9 refugio en rincones ocultos, en calles heladas e incluso en cementerios. Enfrent\u00e1ndome a un clima extremo y a una fatiga abrumadora, con frecuencia terminaba en el hospital. Mi vida diaria consist\u00eda en vagar hasta que el agotamiento me venc\u00eda. <\/p>\n","protected":false},"author":28,"featured_media":84172,"comment_status":"open","ping_status":"open","sticky":false,"template":"","format":"standard","meta":{"_acf_changed":false,"_uag_custom_page_level_css":"","_lmt_disableupdate":"","_lmt_disable":"","footnotes":""},"categories":[188,417],"tags":[7497,7500,7499,193,1976,7501,7498,2214],"class_list":["post-84228","post","type-post","status-publish","format-standard","has-post-thumbnail","hentry","category-salud","category-visionarios","tag-101-es","tag-101-anos","tag-ancianos","tag-argentina-es","tag-buenos-aires-es","tag-centenaria","tag-hogar-de-ancianos","tag-latinoamerica"],"acf":[],"yoast_head":"<!-- This site is optimized with the Yoast SEO Premium plugin v27.4 (Yoast SEO v27.4) - https:\/\/yoast.com\/product\/yoast-seo-premium-wordpress\/ -->\n<title>Una estudiante centenaria: viaje educativo a los 101 a\u00f1os<\/title>\n<meta name=\"description\" content=\"Una estudiante centenaria: La extraordinaria trayectoria educativa de Mercedes a sus 101 a\u00f1os, diciembre marca un hito, se graduar\u00e1\" \/>\n<meta name=\"robots\" content=\"index, follow, max-snippet:-1, max-image-preview:large, max-video-preview:-1\" \/>\n<link rel=\"canonical\" href=\"https:\/\/orato.world\/es\/2023\/11\/11\/tras-cuatro-anos-sin-hogar-una-anciana-de-101-anos-recibe-ayuda-y-vuelve-a-estudiar\/\" \/>\n<meta property=\"og:locale\" content=\"es_ES\" \/>\n<meta property=\"og:type\" content=\"article\" \/>\n<meta property=\"og:title\" content=\"Tras cuatro a\u00f1os sin hogar, una anciana de 101 a\u00f1os recibe ayuda y vuelve a estudiar\" \/>\n<meta property=\"og:description\" content=\"Una estudiante centenaria: La extraordinaria trayectoria educativa de Mercedes a sus 101 a\u00f1os, diciembre marca un hito, se graduar\u00e1\" \/>\n<meta property=\"og:url\" content=\"https:\/\/orato.world\/es\/2023\/11\/11\/tras-cuatro-anos-sin-hogar-una-anciana-de-101-anos-recibe-ayuda-y-vuelve-a-estudiar\/\" \/>\n<meta property=\"og:site_name\" content=\"Orato\" \/>\n<meta property=\"article:publisher\" content=\"https:\/\/www.facebook.com\/OratoWorld\/\" \/>\n<meta property=\"article:published_time\" content=\"2023-11-11T13:56:33+00:00\" \/>\n<meta property=\"article:modified_time\" content=\"2023-11-18T15:08:13+00:00\" \/>\n<meta property=\"og:image\" content=\"https:\/\/orato.world\/wp-content\/uploads\/Untitled-design-2023-11-09T174023.990.png\" \/>\n\t<meta property=\"og:image:width\" content=\"1280\" \/>\n\t<meta property=\"og:image:height\" content=\"960\" \/>\n\t<meta property=\"og:image:type\" content=\"image\/png\" \/>\n<meta name=\"author\" content=\"Mariela Laksman\" \/>\n<meta name=\"twitter:card\" content=\"summary_large_image\" \/>\n<meta name=\"twitter:creator\" content=\"@oratoworld\" \/>\n<meta name=\"twitter:site\" content=\"@oratoworld\" \/>\n<meta name=\"twitter:label1\" content=\"Escrito por\" \/>\n\t<meta name=\"twitter:data1\" content=\"Mariela Laksman\" \/>\n\t<meta name=\"twitter:label2\" content=\"Tiempo de lectura\" \/>\n\t<meta name=\"twitter:data2\" content=\"5 minutos\" \/>\n<script type=\"application\/ld+json\" class=\"yoast-schema-graph\">{\"@context\":\"https:\\\/\\\/schema.org\",\"@graph\":[{\"@type\":\"NewsArticle\",\"@id\":\"https:\\\/\\\/orato.world\\\/es\\\/2023\\\/11\\\/11\\\/tras-cuatro-anos-sin-hogar-una-anciana-de-101-anos-recibe-ayuda-y-vuelve-a-estudiar\\\/#article\",\"isPartOf\":{\"@id\":\"https:\\\/\\\/orato.world\\\/es\\\/2023\\\/11\\\/11\\\/tras-cuatro-anos-sin-hogar-una-anciana-de-101-anos-recibe-ayuda-y-vuelve-a-estudiar\\\/\"},\"author\":{\"name\":\"Mariela Laksman\",\"@id\":\"https:\\\/\\\/orato.world\\\/es\\\/#\\\/schema\\\/person\\\/d4a4a9a63551641850068c20e93613a5\"},\"headline\":\"Tras cuatro a\u00f1os sin hogar, una anciana de 101 a\u00f1os recibe ayuda y vuelve a estudiar\",\"datePublished\":\"2023-11-11T13:56:33+00:00\",\"dateModified\":\"2023-11-18T15:08:13+00:00\",\"mainEntityOfPage\":{\"@id\":\"https:\\\/\\\/orato.world\\\/es\\\/2023\\\/11\\\/11\\\/tras-cuatro-anos-sin-hogar-una-anciana-de-101-anos-recibe-ayuda-y-vuelve-a-estudiar\\\/\"},\"wordCount\":1164,\"commentCount\":0,\"publisher\":{\"@id\":\"https:\\\/\\\/orato.world\\\/es\\\/#organization\"},\"image\":{\"@id\":\"https:\\\/\\\/orato.world\\\/es\\\/2023\\\/11\\\/11\\\/tras-cuatro-anos-sin-hogar-una-anciana-de-101-anos-recibe-ayuda-y-vuelve-a-estudiar\\\/#primaryimage\"},\"thumbnailUrl\":\"https:\\\/\\\/orato.world\\\/wp-content\\\/uploads\\\/Untitled-design-2023-11-09T174023.990.png\",\"keywords\":[\"101\",\"101 a\u00f1os\",\"Ancianos\",\"Argentina\",\"Buenos Aires\",\"Centenaria\",\"Hogar de ancianos\",\"Latinoam\u00e9rica\"],\"articleSection\":[\"Salud\",\"Visionarios\"],\"inLanguage\":\"es\",\"potentialAction\":[{\"@type\":\"CommentAction\",\"name\":\"Comment\",\"target\":[\"https:\\\/\\\/orato.world\\\/es\\\/2023\\\/11\\\/11\\\/tras-cuatro-anos-sin-hogar-una-anciana-de-101-anos-recibe-ayuda-y-vuelve-a-estudiar\\\/#respond\"]}]},{\"@type\":\"WebPage\",\"@id\":\"https:\\\/\\\/orato.world\\\/es\\\/2023\\\/11\\\/11\\\/tras-cuatro-anos-sin-hogar-una-anciana-de-101-anos-recibe-ayuda-y-vuelve-a-estudiar\\\/\",\"url\":\"https:\\\/\\\/orato.world\\\/es\\\/2023\\\/11\\\/11\\\/tras-cuatro-anos-sin-hogar-una-anciana-de-101-anos-recibe-ayuda-y-vuelve-a-estudiar\\\/\",\"name\":\"Una estudiante centenaria: viaje educativo a los 101 a\u00f1os\",\"isPartOf\":{\"@id\":\"https:\\\/\\\/orato.world\\\/es\\\/#website\"},\"primaryImageOfPage\":{\"@id\":\"https:\\\/\\\/orato.world\\\/es\\\/2023\\\/11\\\/11\\\/tras-cuatro-anos-sin-hogar-una-anciana-de-101-anos-recibe-ayuda-y-vuelve-a-estudiar\\\/#primaryimage\"},\"image\":{\"@id\":\"https:\\\/\\\/orato.world\\\/es\\\/2023\\\/11\\\/11\\\/tras-cuatro-anos-sin-hogar-una-anciana-de-101-anos-recibe-ayuda-y-vuelve-a-estudiar\\\/#primaryimage\"},\"thumbnailUrl\":\"https:\\\/\\\/orato.world\\\/wp-content\\\/uploads\\\/Untitled-design-2023-11-09T174023.990.png\",\"datePublished\":\"2023-11-11T13:56:33+00:00\",\"dateModified\":\"2023-11-18T15:08:13+00:00\",\"description\":\"Una estudiante centenaria: La extraordinaria trayectoria educativa de Mercedes a sus 101 a\u00f1os, diciembre marca un hito, se graduar\u00e1\",\"breadcrumb\":{\"@id\":\"https:\\\/\\\/orato.world\\\/es\\\/2023\\\/11\\\/11\\\/tras-cuatro-anos-sin-hogar-una-anciana-de-101-anos-recibe-ayuda-y-vuelve-a-estudiar\\\/#breadcrumb\"},\"inLanguage\":\"es\",\"potentialAction\":[{\"@type\":\"ReadAction\",\"target\":[\"https:\\\/\\\/orato.world\\\/es\\\/2023\\\/11\\\/11\\\/tras-cuatro-anos-sin-hogar-una-anciana-de-101-anos-recibe-ayuda-y-vuelve-a-estudiar\\\/\"]}]},{\"@type\":\"ImageObject\",\"inLanguage\":\"es\",\"@id\":\"https:\\\/\\\/orato.world\\\/es\\\/2023\\\/11\\\/11\\\/tras-cuatro-anos-sin-hogar-una-anciana-de-101-anos-recibe-ayuda-y-vuelve-a-estudiar\\\/#primaryimage\",\"url\":\"https:\\\/\\\/orato.world\\\/wp-content\\\/uploads\\\/Untitled-design-2023-11-09T174023.990.png\",\"contentUrl\":\"https:\\\/\\\/orato.world\\\/wp-content\\\/uploads\\\/Untitled-design-2023-11-09T174023.990.png\",\"width\":1280,\"height\":960,\"caption\":\"Mercedes Fernandez returned to high school at 101 after a stretch of homelessness that left her exhausted. | Photo courtesy of\"},{\"@type\":\"BreadcrumbList\",\"@id\":\"https:\\\/\\\/orato.world\\\/es\\\/2023\\\/11\\\/11\\\/tras-cuatro-anos-sin-hogar-una-anciana-de-101-anos-recibe-ayuda-y-vuelve-a-estudiar\\\/#breadcrumb\",\"itemListElement\":[{\"@type\":\"ListItem\",\"position\":1,\"name\":\"Home\",\"item\":\"https:\\\/\\\/orato.world\\\/es\\\/\"},{\"@type\":\"ListItem\",\"position\":2,\"name\":\"Tras cuatro a\u00f1os sin hogar, una anciana de 101 a\u00f1os recibe ayuda y vuelve a estudiar\"}]},{\"@type\":\"WebSite\",\"@id\":\"https:\\\/\\\/orato.world\\\/es\\\/#website\",\"url\":\"https:\\\/\\\/orato.world\\\/es\\\/\",\"name\":\"Orato\",\"description\":\"True Stories. Real People\",\"publisher\":{\"@id\":\"https:\\\/\\\/orato.world\\\/es\\\/#organization\"},\"potentialAction\":[{\"@type\":\"SearchAction\",\"target\":{\"@type\":\"EntryPoint\",\"urlTemplate\":\"https:\\\/\\\/orato.world\\\/es\\\/?s={search_term_string}\"},\"query-input\":{\"@type\":\"PropertyValueSpecification\",\"valueRequired\":true,\"valueName\":\"search_term_string\"}}],\"inLanguage\":\"es\"},{\"@type\":\"Organization\",\"@id\":\"https:\\\/\\\/orato.world\\\/es\\\/#organization\",\"name\":\"Orato World Media Inc.\",\"url\":\"https:\\\/\\\/orato.world\\\/es\\\/\",\"logo\":{\"@type\":\"ImageObject\",\"inLanguage\":\"es\",\"@id\":\"https:\\\/\\\/orato.world\\\/es\\\/#\\\/schema\\\/logo\\\/image\\\/\",\"url\":\"https:\\\/\\\/orato.world\\\/wp-content\\\/uploads\\\/2020\\\/07\\\/orato-logo-transparent.png\",\"contentUrl\":\"https:\\\/\\\/orato.world\\\/wp-content\\\/uploads\\\/2020\\\/07\\\/orato-logo-transparent.png\",\"width\":78,\"height\":73,\"caption\":\"Orato World Media Inc.\"},\"image\":{\"@id\":\"https:\\\/\\\/orato.world\\\/es\\\/#\\\/schema\\\/logo\\\/image\\\/\"},\"sameAs\":[\"https:\\\/\\\/www.facebook.com\\\/OratoWorld\\\/\",\"https:\\\/\\\/x.com\\\/oratoworld\",\"https:\\\/\\\/www.instagram.com\\\/oratoworld\",\"https:\\\/\\\/www.linkedin.com\\\/company\\\/42308818\\\/\"]},{\"@type\":\"Person\",\"@id\":\"https:\\\/\\\/orato.world\\\/es\\\/#\\\/schema\\\/person\\\/d4a4a9a63551641850068c20e93613a5\",\"name\":\"Mariela Laksman\",\"image\":{\"@type\":\"ImageObject\",\"inLanguage\":\"es\",\"@id\":\"https:\\\/\\\/secure.gravatar.com\\\/avatar\\\/133ba1b69c2a2b7c782cce9999c26555b6bc9af9e382e5e8f8e3fc285015d1b7?s=96&d=mm&r=g\",\"url\":\"https:\\\/\\\/secure.gravatar.com\\\/avatar\\\/133ba1b69c2a2b7c782cce9999c26555b6bc9af9e382e5e8f8e3fc285015d1b7?s=96&d=mm&r=g\",\"contentUrl\":\"https:\\\/\\\/secure.gravatar.com\\\/avatar\\\/133ba1b69c2a2b7c782cce9999c26555b6bc9af9e382e5e8f8e3fc285015d1b7?s=96&d=mm&r=g\",\"caption\":\"Mariela Laksman\"},\"description\":\"Image and Sound Designer, Integral Audiovisual and Journalistic Producer, writer, and teacher. I started working when I was very young; Since 2001, I was a producer for different television programs, documentary films, radio, and generating creative content for different organizations and companies. I won the award: \\\"Nuevo Sudaca Border\\\" with the microfiction book \\\"Un Tigre con la Boca Abierta\\\", for Eloisa Cartonera Editorial. I am passionate about telling stories and writing.\",\"url\":\"https:\\\/\\\/orato.world\\\/es\\\/author\\\/mariela-laksman\\\/\"}]}<\/script>\n<!-- \/ Yoast SEO Premium plugin. -->","yoast_head_json":{"title":"Una estudiante centenaria: viaje educativo a los 101 a\u00f1os","description":"Una estudiante centenaria: La extraordinaria trayectoria educativa de Mercedes a sus 101 a\u00f1os, diciembre marca un hito, se graduar\u00e1","robots":{"index":"index","follow":"follow","max-snippet":"max-snippet:-1","max-image-preview":"max-image-preview:large","max-video-preview":"max-video-preview:-1"},"canonical":"https:\/\/orato.world\/es\/2023\/11\/11\/tras-cuatro-anos-sin-hogar-una-anciana-de-101-anos-recibe-ayuda-y-vuelve-a-estudiar\/","og_locale":"es_ES","og_type":"article","og_title":"Tras cuatro a\u00f1os sin hogar, una anciana de 101 a\u00f1os recibe ayuda y vuelve a estudiar","og_description":"Una estudiante centenaria: La extraordinaria trayectoria educativa de Mercedes a sus 101 a\u00f1os, diciembre marca un hito, se graduar\u00e1","og_url":"https:\/\/orato.world\/es\/2023\/11\/11\/tras-cuatro-anos-sin-hogar-una-anciana-de-101-anos-recibe-ayuda-y-vuelve-a-estudiar\/","og_site_name":"Orato","article_publisher":"https:\/\/www.facebook.com\/OratoWorld\/","article_published_time":"2023-11-11T13:56:33+00:00","article_modified_time":"2023-11-18T15:08:13+00:00","og_image":[{"width":1280,"height":960,"url":"https:\/\/orato.world\/wp-content\/uploads\/Untitled-design-2023-11-09T174023.990.png","type":"image\/png"}],"author":"Mariela Laksman","twitter_card":"summary_large_image","twitter_creator":"@oratoworld","twitter_site":"@oratoworld","twitter_misc":{"Escrito por":"Mariela Laksman","Tiempo de lectura":"5 minutos"},"schema":{"@context":"https:\/\/schema.org","@graph":[{"@type":"NewsArticle","@id":"https:\/\/orato.world\/es\/2023\/11\/11\/tras-cuatro-anos-sin-hogar-una-anciana-de-101-anos-recibe-ayuda-y-vuelve-a-estudiar\/#article","isPartOf":{"@id":"https:\/\/orato.world\/es\/2023\/11\/11\/tras-cuatro-anos-sin-hogar-una-anciana-de-101-anos-recibe-ayuda-y-vuelve-a-estudiar\/"},"author":{"name":"Mariela Laksman","@id":"https:\/\/orato.world\/es\/#\/schema\/person\/d4a4a9a63551641850068c20e93613a5"},"headline":"Tras cuatro a\u00f1os sin hogar, una anciana de 101 a\u00f1os recibe ayuda y vuelve a estudiar","datePublished":"2023-11-11T13:56:33+00:00","dateModified":"2023-11-18T15:08:13+00:00","mainEntityOfPage":{"@id":"https:\/\/orato.world\/es\/2023\/11\/11\/tras-cuatro-anos-sin-hogar-una-anciana-de-101-anos-recibe-ayuda-y-vuelve-a-estudiar\/"},"wordCount":1164,"commentCount":0,"publisher":{"@id":"https:\/\/orato.world\/es\/#organization"},"image":{"@id":"https:\/\/orato.world\/es\/2023\/11\/11\/tras-cuatro-anos-sin-hogar-una-anciana-de-101-anos-recibe-ayuda-y-vuelve-a-estudiar\/#primaryimage"},"thumbnailUrl":"https:\/\/orato.world\/wp-content\/uploads\/Untitled-design-2023-11-09T174023.990.png","keywords":["101","101 a\u00f1os","Ancianos","Argentina","Buenos Aires","Centenaria","Hogar de ancianos","Latinoam\u00e9rica"],"articleSection":["Salud","Visionarios"],"inLanguage":"es","potentialAction":[{"@type":"CommentAction","name":"Comment","target":["https:\/\/orato.world\/es\/2023\/11\/11\/tras-cuatro-anos-sin-hogar-una-anciana-de-101-anos-recibe-ayuda-y-vuelve-a-estudiar\/#respond"]}]},{"@type":"WebPage","@id":"https:\/\/orato.world\/es\/2023\/11\/11\/tras-cuatro-anos-sin-hogar-una-anciana-de-101-anos-recibe-ayuda-y-vuelve-a-estudiar\/","url":"https:\/\/orato.world\/es\/2023\/11\/11\/tras-cuatro-anos-sin-hogar-una-anciana-de-101-anos-recibe-ayuda-y-vuelve-a-estudiar\/","name":"Una estudiante centenaria: viaje educativo a los 101 a\u00f1os","isPartOf":{"@id":"https:\/\/orato.world\/es\/#website"},"primaryImageOfPage":{"@id":"https:\/\/orato.world\/es\/2023\/11\/11\/tras-cuatro-anos-sin-hogar-una-anciana-de-101-anos-recibe-ayuda-y-vuelve-a-estudiar\/#primaryimage"},"image":{"@id":"https:\/\/orato.world\/es\/2023\/11\/11\/tras-cuatro-anos-sin-hogar-una-anciana-de-101-anos-recibe-ayuda-y-vuelve-a-estudiar\/#primaryimage"},"thumbnailUrl":"https:\/\/orato.world\/wp-content\/uploads\/Untitled-design-2023-11-09T174023.990.png","datePublished":"2023-11-11T13:56:33+00:00","dateModified":"2023-11-18T15:08:13+00:00","description":"Una estudiante centenaria: La extraordinaria trayectoria educativa de Mercedes a sus 101 a\u00f1os, diciembre marca un hito, se graduar\u00e1","breadcrumb":{"@id":"https:\/\/orato.world\/es\/2023\/11\/11\/tras-cuatro-anos-sin-hogar-una-anciana-de-101-anos-recibe-ayuda-y-vuelve-a-estudiar\/#breadcrumb"},"inLanguage":"es","potentialAction":[{"@type":"ReadAction","target":["https:\/\/orato.world\/es\/2023\/11\/11\/tras-cuatro-anos-sin-hogar-una-anciana-de-101-anos-recibe-ayuda-y-vuelve-a-estudiar\/"]}]},{"@type":"ImageObject","inLanguage":"es","@id":"https:\/\/orato.world\/es\/2023\/11\/11\/tras-cuatro-anos-sin-hogar-una-anciana-de-101-anos-recibe-ayuda-y-vuelve-a-estudiar\/#primaryimage","url":"https:\/\/orato.world\/wp-content\/uploads\/Untitled-design-2023-11-09T174023.990.png","contentUrl":"https:\/\/orato.world\/wp-content\/uploads\/Untitled-design-2023-11-09T174023.990.png","width":1280,"height":960,"caption":"Mercedes Fernandez returned to high school at 101 after a stretch of homelessness that left her exhausted. | Photo courtesy of"},{"@type":"BreadcrumbList","@id":"https:\/\/orato.world\/es\/2023\/11\/11\/tras-cuatro-anos-sin-hogar-una-anciana-de-101-anos-recibe-ayuda-y-vuelve-a-estudiar\/#breadcrumb","itemListElement":[{"@type":"ListItem","position":1,"name":"Home","item":"https:\/\/orato.world\/es\/"},{"@type":"ListItem","position":2,"name":"Tras cuatro a\u00f1os sin hogar, una anciana de 101 a\u00f1os recibe ayuda y vuelve a estudiar"}]},{"@type":"WebSite","@id":"https:\/\/orato.world\/es\/#website","url":"https:\/\/orato.world\/es\/","name":"Orato","description":"True Stories. Real People","publisher":{"@id":"https:\/\/orato.world\/es\/#organization"},"potentialAction":[{"@type":"SearchAction","target":{"@type":"EntryPoint","urlTemplate":"https:\/\/orato.world\/es\/?s={search_term_string}"},"query-input":{"@type":"PropertyValueSpecification","valueRequired":true,"valueName":"search_term_string"}}],"inLanguage":"es"},{"@type":"Organization","@id":"https:\/\/orato.world\/es\/#organization","name":"Orato World Media Inc.","url":"https:\/\/orato.world\/es\/","logo":{"@type":"ImageObject","inLanguage":"es","@id":"https:\/\/orato.world\/es\/#\/schema\/logo\/image\/","url":"https:\/\/orato.world\/wp-content\/uploads\/2020\/07\/orato-logo-transparent.png","contentUrl":"https:\/\/orato.world\/wp-content\/uploads\/2020\/07\/orato-logo-transparent.png","width":78,"height":73,"caption":"Orato World Media Inc."},"image":{"@id":"https:\/\/orato.world\/es\/#\/schema\/logo\/image\/"},"sameAs":["https:\/\/www.facebook.com\/OratoWorld\/","https:\/\/x.com\/oratoworld","https:\/\/www.instagram.com\/oratoworld","https:\/\/www.linkedin.com\/company\/42308818\/"]},{"@type":"Person","@id":"https:\/\/orato.world\/es\/#\/schema\/person\/d4a4a9a63551641850068c20e93613a5","name":"Mariela Laksman","image":{"@type":"ImageObject","inLanguage":"es","@id":"https:\/\/secure.gravatar.com\/avatar\/133ba1b69c2a2b7c782cce9999c26555b6bc9af9e382e5e8f8e3fc285015d1b7?s=96&d=mm&r=g","url":"https:\/\/secure.gravatar.com\/avatar\/133ba1b69c2a2b7c782cce9999c26555b6bc9af9e382e5e8f8e3fc285015d1b7?s=96&d=mm&r=g","contentUrl":"https:\/\/secure.gravatar.com\/avatar\/133ba1b69c2a2b7c782cce9999c26555b6bc9af9e382e5e8f8e3fc285015d1b7?s=96&d=mm&r=g","caption":"Mariela Laksman"},"description":"Image and Sound Designer, Integral Audiovisual and Journalistic Producer, writer, and teacher. I started working when I was very young; Since 2001, I was a producer for different television programs, documentary films, radio, and generating creative content for different organizations and companies. I won the award: \"Nuevo Sudaca Border\" with the microfiction book \"Un Tigre con la Boca Abierta\", for Eloisa Cartonera Editorial. I am passionate about telling stories and writing.","url":"https:\/\/orato.world\/es\/author\/mariela-laksman\/"}]}},"modified_by":"Stephen","uagb_featured_image_src":{"full":["https:\/\/orato.world\/wp-content\/uploads\/Untitled-design-2023-11-09T174023.990.png",1280,960,false],"thumbnail":["https:\/\/orato.world\/wp-content\/uploads\/Untitled-design-2023-11-09T174023.990-100x100.png",100,100,true],"medium":["https:\/\/orato.world\/wp-content\/uploads\/Untitled-design-2023-11-09T174023.990-300x225.png",300,225,true],"medium_large":["https:\/\/orato.world\/wp-content\/uploads\/Untitled-design-2023-11-09T174023.990-770x578.png",640,480,true],"large":["https:\/\/orato.world\/wp-content\/uploads\/Untitled-design-2023-11-09T174023.990-1024x768.png",640,480,true],"1536x1536":["https:\/\/orato.world\/wp-content\/uploads\/Untitled-design-2023-11-09T174023.990.png",1280,960,false],"2048x2048":["https:\/\/orato.world\/wp-content\/uploads\/Untitled-design-2023-11-09T174023.990.png",1280,960,false],"gallery-size":["https:\/\/orato.world\/wp-content\/uploads\/Untitled-design-2023-11-09T174023.990-533x400.png",533,400,true],"lets-review-360-240":["https:\/\/orato.world\/wp-content\/uploads\/Untitled-design-2023-11-09T174023.990-360x240.png",360,240,true],"gform-image-choice-sm":["https:\/\/orato.world\/wp-content\/uploads\/Untitled-design-2023-11-09T174023.990.png",300,225,false],"gform-image-choice-md":["https:\/\/orato.world\/wp-content\/uploads\/Untitled-design-2023-11-09T174023.990.png",400,300,false],"gform-image-choice-lg":["https:\/\/orato.world\/wp-content\/uploads\/Untitled-design-2023-11-09T174023.990.png",600,450,false],"awsm_team":["https:\/\/orato.world\/wp-content\/uploads\/Untitled-design-2023-11-09T174023.990-500x500.png",500,500,true]},"uagb_author_info":{"display_name":"Mariela Laksman","author_link":"https:\/\/orato.world\/es\/author\/mariela-laksman\/"},"uagb_comment_info":0,"uagb_excerpt":"Sin un hogar permanente, busqu\u00e9 refugio en rincones ocultos, en calles heladas e incluso en cementerios. Enfrent\u00e1ndome a un clima extremo y a una fatiga abrumadora, con frecuencia terminaba en el hospital. Mi vida diaria consist\u00eda en vagar hasta que el agotamiento me venc\u00eda.","_links":{"self":[{"href":"https:\/\/orato.world\/es\/wp-json\/wp\/v2\/posts\/84228","targetHints":{"allow":["GET"]}}],"collection":[{"href":"https:\/\/orato.world\/es\/wp-json\/wp\/v2\/posts"}],"about":[{"href":"https:\/\/orato.world\/es\/wp-json\/wp\/v2\/types\/post"}],"author":[{"embeddable":true,"href":"https:\/\/orato.world\/es\/wp-json\/wp\/v2\/users\/28"}],"replies":[{"embeddable":true,"href":"https:\/\/orato.world\/es\/wp-json\/wp\/v2\/comments?post=84228"}],"version-history":[{"count":2,"href":"https:\/\/orato.world\/es\/wp-json\/wp\/v2\/posts\/84228\/revisions"}],"predecessor-version":[{"id":84478,"href":"https:\/\/orato.world\/es\/wp-json\/wp\/v2\/posts\/84228\/revisions\/84478"}],"wp:featuredmedia":[{"embeddable":true,"href":"https:\/\/orato.world\/es\/wp-json\/wp\/v2\/media\/84172"}],"wp:attachment":[{"href":"https:\/\/orato.world\/es\/wp-json\/wp\/v2\/media?parent=84228"}],"wp:term":[{"taxonomy":"category","embeddable":true,"href":"https:\/\/orato.world\/es\/wp-json\/wp\/v2\/categories?post=84228"},{"taxonomy":"post_tag","embeddable":true,"href":"https:\/\/orato.world\/es\/wp-json\/wp\/v2\/tags?post=84228"}],"curies":[{"name":"wp","href":"https:\/\/api.w.org\/{rel}","templated":true}]}}