{"id":84565,"date":"2023-11-21T08:58:21","date_gmt":"2023-11-21T16:58:21","guid":{"rendered":"https:\/\/orato.world\/2023\/11\/21\/la-fundacion-jean-maggi-lleva-bicicletas-adaptadas-al-centro-de-superhumanos-de-ucrania-y-ofrece-a-los-heridos-de-guerra-una-nueva-oportunidad-de-vida\/"},"modified":"2023-11-26T16:39:21","modified_gmt":"2023-11-27T00:39:21","slug":"la-fundacion-jean-maggi-lleva-bicicletas-adaptadas-al-centro-de-superhumanos-de-ucrania-y-ofrece-a-los-heridos-de-guerra-una-nueva-oportunidad-de-vida","status":"publish","type":"post","link":"https:\/\/orato.world\/es\/2023\/11\/21\/la-fundacion-jean-maggi-lleva-bicicletas-adaptadas-al-centro-de-superhumanos-de-ucrania-y-ofrece-a-los-heridos-de-guerra-una-nueva-oportunidad-de-vida\/","title":{"rendered":"La Fundaci\u00f3n Jean Maggi lleva bicicletas adaptadas al Centro de Superhumanos de Ucrania y ofrece a los heridos de guerra una nueva oportunidad de vida"},"content":{"rendered":"<div class=\"lets-info-up-wrap  lets-info-up--right lets-info-up--m-1 lets-info-up-skin-1 lets-info-up--side\">\t\t\t<div class=\"lets-info-up\">\r\n\t\t\t<div class=\"lets-info-up-fi\"><img loading=\"lazy\" decoding=\"async\" width=\"500\" height=\"500\" src=\"https:\/\/orato.world\/wp-content\/uploads\/subject-6-500x500.png\" class=\"attachment-lets-info-up-d1 size-lets-info-up-d1\" alt=\"\" srcset=\"https:\/\/orato.world\/wp-content\/uploads\/subject-6-500x500.png 500w, https:\/\/orato.world\/wp-content\/uploads\/subject-6-300x300.png 300w, https:\/\/orato.world\/wp-content\/uploads\/subject-6-100x100.png 100w, https:\/\/orato.world\/wp-content\/uploads\/subject-6-770x770.png 770w, https:\/\/orato.world\/wp-content\/uploads\/subject-6-400x400.png 400w, https:\/\/orato.world\/wp-content\/uploads\/subject-6-150x150.png 150w, https:\/\/orato.world\/wp-content\/uploads\/subject-6-70x70.png 70w, https:\/\/orato.world\/wp-content\/uploads\/subject-6-293x293.png 293w, https:\/\/orato.world\/wp-content\/uploads\/subject-6.png 957w\" sizes=\"auto, (max-width: 500px) 100vw, 500px\" \/><\/div>\t\t\t<div class=\"lets-info-up-block-wrap\">\r\n\t\t\t\t<div class=\"lets-info-up-block lets-info-up-meta-block\"><div class=\"lets-info-up-meta-title lets-info-up-pretitle font-h\">protagonista<\/div><div class=\"lets-info-up-meta-content lets-info-up-title font-b\"><a href=\"https:\/\/www.instagram.com\/jeanmaggiok\/?hl=en\" target=\"_blank\" rel=\"noreferrer noopener\">Jean Maggi<\/a> contrajo polio poco despu\u00e9s de su nacimiento. Sin embargo, se mantuvo decidido a perseguir todos sus objetivos. Al argentino de 61 a\u00f1os le gusta romper los l\u00edmites que la sociedad impone a las personas con discapacidad. Ha cruzado los Andes, corrido maratones mundiales y subido al punto m\u00e1s alto al que se puede llegar en bicicleta adaptada en el Himalaya. Lanz\u00f3 la Fundaci\u00f3n Jean Maggi para inspirar a las personas con discapacidad y ofrecerles bicicletas adaptadas. Finalmente, tambi\u00e9n present\u00f3 Superadaptos, una f\u00e1brica dirigida por personas discapacitadas para producir bicicletas adaptadas para donaci\u00f3n.<\/div><\/div><div class=\"lets-info-up-block lets-info-up-meta-block\"><div class=\"lets-info-up-meta-title lets-info-up-pretitle font-h\">contexto<\/div><div class=\"lets-info-up-meta-content lets-info-up-title font-b\">En el Centro de Superhumanos de Le\u00f3polis, a los amputados militares y civiles heridos durante la invasi\u00f3n rusa de Ucrania se les ofrece recuperaci\u00f3n asistida m\u00e9dicamente, as\u00ed como la opci\u00f3n de recibir extremidades bi\u00f3nicas. Esta cl\u00ednica m\u00e9dica ha sido creada por importantes empresas occidentales como Virgin Galactic y Mastercard, entre otras, para ayudar al sufrido pueblo ucraniano.<\/div><\/div>\t\t\t<\/div>\r\n\t\t\t<\/div>\r\n\t\t<\/div>\r\n\t\t\n\n\n<p>Le\u00f3polis, Ucrania \u2014 El 15 de agosto de 2023, el decimocuarto env\u00edo de ayuda humanitaria de Argentina nos envi\u00f3 a m\u00ed y a un equipo a Polonia en una misi\u00f3n para llevar ayuda a Ucrania. Despu\u00e9s de que nuestro avi\u00f3n aterriz\u00f3, viajamos en coche a Ucrania, contemplando las calles devastadas por las bombas. Las escenas desgarradoras que se extend\u00edan ante nosotros parec\u00edan un terreno bald\u00edo. <\/p>\n\n\n\n<p>Atrapados por la gravedad de todo, decidimos quedarnos y ofrecer apoyo adicional. Hab\u00edamos desarrollado una idea: regalar bicicletas adaptadas para que las personas con movilidad reducida tuvieran mayor libertad de movimiento. Permitir a los ucranianos heridos en la guerra una mayor autonom\u00eda sobre sus cuerpos pareci\u00f3 un magn\u00edfico paso en la direcci\u00f3n correcta.<\/p>\n\n\n\n<p><a href=\"https:\/\/orato.world\/?s=ukraine\" target=\"_blank\" rel=\"noreferrer noopener\">Lea m\u00e1s historias de Ucrania en Orato World Media<\/a><\/p>\n\n\n\n<h2 class=\"wp-block-heading\" id=\"h-como-empezo-jean-maggi-regalando-bicicletas-adaptadas\"><strong>C\u00f3mo empez\u00f3 Jean Maggi regalando bicicletas adaptadas<\/strong><\/h2>\n\n\n\n<p>Cuando ten\u00eda un a\u00f1o, contraje polio. Perd\u00ed la movilidad de mis miembros inferiores y me sent\u00ed prisionero de mi propio cuerpo. A pesar de eso, me sent\u00ed decidido a hacer todo lo que so\u00f1aba, sin limitaciones. Cuando crec\u00ed, comenc\u00e9 a viajar alrededor del mundo. Cruc\u00e9 los Andes y particip\u00e9 en maratones en bicicleta adaptada. Finalmente lanc\u00e9 el proyecto Challenge Himalaya para inspirar y empoderar a j\u00f3venes con discapacidades. Viaj\u00e9 hasta el punto m\u00e1s alto al que se puede llegar en el Himalaya en bicicleta adaptada.<\/p>\n\n\n\n<p>Con el tiempo, decid\u00ed ayudar a otras personas en situaciones similares a lograr sus sue\u00f1os. Lanc\u00e9 la Fundaci\u00f3n Jean Maggi para regalar bicicletas adaptadas a personas con discapacidad. Al principio, interactu\u00e9 con empresas respaldadas por los medios, intercambiando discursos por donaciones vitales de bicicletas. Los esfuerzos florecieron r\u00e1pidamente y culminaron en eventos organizados de distribuci\u00f3n de bicicletas.<\/p>\n\n\n\n<p>Un punto crucial lleg\u00f3 durante la Gira de San Juan 2018 cuando el Gobierno Provincial solicit\u00f3 50 bicicletas y amplific\u00f3 nuestro impacto. Sin embargo, conseguir fondos y donantes fue s\u00f3lo el comienzo; encontrar un proveedor confiable plante\u00f3 un desaf\u00edo. Esto llev\u00f3 a la creaci\u00f3n de Superadaptos, mi f\u00e1brica para construir bicicletas adaptadas que podemos regalar a trav\u00e9s de la fundaci\u00f3n. Las inversiones llegaron y contratamos a un equipo de j\u00f3venes discapacitados.<\/p>\n\n\n\n<p>Al ser testigo de la profunda metamorfosis que se estaba produciendo en los ni\u00f1os y adultos que recibieron las bicicletas, me invadi\u00f3 una sensaci\u00f3n de profunda alegr\u00eda. Me inspiraron mientras recuperaban su independencia andando en bicicleta Al aprovechar mis propias limitaciones, les tend\u00ed una mano solidaria y ofrec\u00ed a las personas la oportunidad de ser due\u00f1os de su libertad.<\/p>\n\n\n\n<h2 class=\"wp-block-heading\" id=\"h-las-bicicletas-adaptadas-llegan-al-centro-superhumano-de-ucrania\"><strong>Las bicicletas adaptadas llegan al Centro Superhumano de Ucrania<\/strong><\/h2>\n\n\n\n<p>Un d\u00eda, en plena guerra entre Rusia y Ucrania, la banda Coldplay don\u00f3 generosamente una guitarra a la fundaci\u00f3n que finalmente financi\u00f3 el montaje de 20 bicicletas adaptadas. En coordinaci\u00f3n con la Uni\u00f3n Europea, el piloto Enrique Pi\u00f1eyro junto a los Cascos Blancos Argentinos volaron las bicicletas en un avi\u00f3n rumbo a Ucrania. Cuando un segundo env\u00edo estaba listo para salir, esta vez abord\u00e9 yo mismo el avi\u00f3n de ayuda humanitaria, firmemente decidido a presenciar el impacto de las bicicletas adaptadas en las vidas de las personas destrozadas por la guerra.<\/p>\n\n\n\n<p>Al salir del aeropuerto de Ezeiza, en Polonia, rumbo a Ucrania, las emociones me abrumaron. Las l\u00e1grimas brotaron de mis ojos mientras cada bicicleta, envuelta en papel de paquete, avanzaba por la cinta transportadora antes de ser cargada en los camiones. Se sinti\u00f3 como la realizaci\u00f3n de un sue\u00f1o largamente esperado. La gente aplaudi\u00f3 cuando llegaron las bicicletas para ser transportadas<\/p>\n\n\n\n<p>Una vez en Ucrania, esper\u00e9 ansiosamente que llegara el segundo lote de bicicletas retrasado. Una colosal fila de camiones que se extend\u00eda a lo largo de 18 kil\u00f3metros en la frontera revel\u00f3 la magnitud de la ayuda humanitaria que llegaba. Nos asociamos con el Centro Superhumanos para distribuir las bicicletas. [El Centro de Superhumanos es un moderno centro de rehabilitaci\u00f3n en Ucrania para adultos y ni\u00f1os que sufrieron lesiones que les cambiaron la vida en la batalla y en las calles. El Centro proporciona pr\u00f3tesis y rehabilitaci\u00f3n para darles a estos ucranianos la vida sobrehumana que merecen.]<\/p>\n\n\n\n<p>Mientras tanto, observ\u00e9 c\u00f3mo la gente hac\u00eda todo lo posible por lograr cierto sentido de normalidad en la vida cotidiana, a pesar de las constantes amenazas de guerra y la violencia que los rodeaba. Por la noche, cuando o\u00eda sirenas a todo volumen, mi cuerpo se despertaba sobresaltado. Tem\u00ed lo peor. Una sensaci\u00f3n de angustia permanente llen\u00f3 el aire. Por otro lado, el Centro de Superhumanos ofreci\u00f3 la esperanza de que cuando termine la guerra, las heridas puedan sanar.<\/p>\n\n\n\n<h2 class=\"wp-block-heading\" id=\"h-conociendo-a-los-soldados-ucranianos-heridos-y-siendo-testigos-del-impacto-de-la-guerra-en-los-ninos\"><strong>Conociendo a los soldados ucranianos heridos y siendo testigos del impacto de la guerra en los ni\u00f1os.<\/strong><\/h2>\n\n\n\n<p>Aunque mis permisos no me permit\u00edan quedarme en Ucrania por un per\u00edodo prolongado para ver la eventual llegada de las bicicletas adaptadas, pude reunirme con ucranianos discapacitados en el Centro de Superhumanos. Estas experiencias dejaron una profunda huella en m\u00ed. Un d\u00eda conoc\u00ed a un soldado que perdi\u00f3 ambas piernas y la mitad de su mano. Mientras contaba la historia del d\u00eda en que perdi\u00f3 sus extremidades, sus ojos se llenaron de l\u00e1grimas. Me mostr\u00f3 las medallas y los parches de su uniforme. Cada cent\u00edmetro de su campera contaba una historia.<\/p>\n\n\n\n<p>Mi coraz\u00f3n se llen\u00f3 de emoci\u00f3n cuando se quit\u00f3 uno de los parches de su chaqueta y me lo entreg\u00f3 para guardarlo como recuerdo de mi experiencia. Despu\u00e9s, mi coraz\u00f3n se sinti\u00f3 pesado. Quer\u00eda ayudar lo mejor que pudiera como persona discapacitada, pero el nivel de barbarie que encontr\u00e9 como resultado de la invasi\u00f3n rusa de Ucrania me dej\u00f3 at\u00f3nito. \u201c\u00bfAd\u00f3nde est\u00e1 llegando el mundo?\u201d, me pregunt\u00e9.<\/p>\n\n\n\n<p><\/p>\n\n\n<div class=\"wp-block-image\">\n<figure class=\"aligncenter size-large\"><img loading=\"lazy\" decoding=\"async\" width=\"1024\" height=\"1024\" src=\"https:\/\/orato.world\/wp-content\/uploads\/9-5-1024x1024.jpg\" alt=\"\" class=\"wp-image-84149\" srcset=\"https:\/\/orato.world\/wp-content\/uploads\/9-5-1024x1024.jpg 1024w, https:\/\/orato.world\/wp-content\/uploads\/9-5-300x300.jpg 300w, https:\/\/orato.world\/wp-content\/uploads\/9-5-100x100.jpg 100w, https:\/\/orato.world\/wp-content\/uploads\/9-5-770x770.jpg 770w, https:\/\/orato.world\/wp-content\/uploads\/9-5-1536x1536.jpg 1536w, https:\/\/orato.world\/wp-content\/uploads\/9-5-400x400.jpg 400w, https:\/\/orato.world\/wp-content\/uploads\/9-5-150x150.jpg 150w, https:\/\/orato.world\/wp-content\/uploads\/9-5-70x70.jpg 70w, https:\/\/orato.world\/wp-content\/uploads\/9-5-500x500.jpg 500w, https:\/\/orato.world\/wp-content\/uploads\/9-5.jpg 1700w\" sizes=\"auto, (max-width: 1024px) 100vw, 1024px\" \/><figcaption class=\"wp-element-caption\">Jean junto con miembros del equipo y pacientes en el Centro de Superhumanos en Ucrania. <strong>| Foto cortes\u00eda de Jean Maggi<\/strong><\/figcaption><\/figure>\n<\/div>\n\n\n<p><\/p>\n\n\n\n<p>Conoc\u00ed a muchos pacientes durante mis d\u00edas en Ucrania y not\u00e9 que, sin excepci\u00f3n, a pesar de sus graves lesiones, su fortaleza mental segu\u00eda siendo profunda. Tan pronto como a los soldados les colocaron pr\u00f3tesis, dijeron: \u201cRegresar\u00e9 al frente tan pronto como pueda volver a caminar\u201d. Un paciente del Centro de Superhumanos me invit\u00f3 a una exposici\u00f3n de arte. Mientras caminaba por la habitaci\u00f3n, vi dibujos preparados por ni\u00f1os colgados de cuerdas por todas partes. Cada dibujo contaba la desgarradora historia del sufrimiento que soportaron estos ni\u00f1os, como un grito de ayuda. Ellos tambi\u00e9n revelaron una profunda esperanza para el futuro.<\/p>\n\n\n\n<h2 class=\"wp-block-heading\" id=\"h-ver-la-determinacion-de-los-ucranianos-ante-el-horror\"><strong>Ver la determinaci\u00f3n de los ucranianos ante el horror<\/strong><\/h2>\n\n\n\n<p>En medio de este infierno en Ucrania, sent\u00ed alivio cuando fui testigo de la solidaridad del pueblo. Mi coraz\u00f3n se aceler\u00f3 con el deseo de que nuestras bicicletas adaptadas les dieran la sensaci\u00f3n de ser sobrehumanos. Quer\u00eda que vieran, a trav\u00e9s de mi historia, que ninguna discapacidad deber\u00eda frenarlos en la vida. Pude ver que si bien muchas personas parec\u00edan tener una vida normal, tambi\u00e9n se hab\u00edan disociado de la realidad.<\/p>\n\n\n\n<p>Aqu\u00ed supe que nuestras bicicletas adaptadas marcar\u00edan la diferencia. Les enfatic\u00e9 a los pacientes que conoc\u00ed que adoptar una mentalidad de v\u00edctima detendr\u00e1 su progreso en la superaci\u00f3n de sus nuevas discapacidades. Les transmit\u00ed la emoci\u00f3n de andar en mi bicicleta adaptada y encendi\u00f3 una anticipaci\u00f3n en sus ojos. No pod\u00edan esperar al proceso post-rehabilitaci\u00f3n, cuando podr\u00edan sumarse y ocupar su lugar en una bicicleta adaptada. Sus ojos se llenaron de ansias de que llegara ese momento. Sent\u00ed que les di esperanza para seguir siendo fuertes y mostrarle al mundo de lo qu\u00e9 estamos hechos.<\/p>\n\n\n\n<p>Ya sea que estuviera hablando con personas heridas en la guerra o cocinando comida por la noche para enviarla a la frontera, sent\u00ed la gravedad de la p\u00e9rdida en Ucrania. [<em>Seg\u00fan la <a href=\"https:\/\/www.statista.com\/statistics\/1293492\/ukraine-war-casualties\/\">Oficina del Alto Comisionado de las Naciones Unidas para los Derechos Humanos<\/a> o ACNUDH, casi 10.000 civiles han muerto durante la invasi\u00f3n rusa de Ucrania. M\u00e1s de 17.500 han resultado heridos. Seg\u00fan un art\u00edculo de <a href=\"https:\/\/www.usnews.com\/news\/world\/articles\/2023-11-15\/ukrainian-group-says-more-than-30-000-troops-have-died-in-russias-invasion\">U.S. News,<\/a> un informe de funcionarios estadounidenses an\u00f3nimos sit\u00faa el n\u00famero total de muertos ucranianos (civiles y no civiles) en cerca de 70.000. Varios informes citan cifras muy diferentes, pero est\u00e1 claro que miles de civiles y militares han muerto.<\/em>]<\/p>\n\n\n\n<p>En el Centro de Superhumanos, fui testigo de un contraste sorprendente que permanece conmigo. Por un lado, vi pacientes que luchaban desesperadamente con nuevas lesiones; y por otro lado, vi a quienes aprendieron a superar las supuestas limitaciones de su discapacidad para lograr cosas incre\u00edbles. Me siento profundamente honrado de haber sido testigo de su determinaci\u00f3n frente al horror.<\/p>\n\n\n\n<p><\/p>\n","protected":false},"excerpt":{"rendered":"<p>Un d\u00eda conoc\u00ed a un soldado que perdi\u00f3 ambas piernas y la mitad de su mano. Mientras contaba la historia del d\u00eda en que perdi\u00f3 sus extremidades, sus ojos se llenaron de l\u00e1grimas. Me mostr\u00f3 las medallas y los parches de su uniforme. Cada cent\u00edmetro de su campera contaba una historia.<\/p>\n","protected":false},"author":28,"featured_media":84548,"comment_status":"open","ping_status":"open","sticky":false,"template":"","format":"standard","meta":{"_acf_changed":false,"_uag_custom_page_level_css":"","_lmt_disableupdate":"","_lmt_disable":"","footnotes":""},"categories":[260,188],"tags":[1909,7552,7549,7551,3060,5484,7550,3161,7548,2458,2477],"class_list":["post-84565","post","type-post","status-publish","format-standard","has-post-thumbnail","hentry","category-conflicto","category-salud","tag-amputado","tag-bicicleta-adaptada","tag-bionica","tag-centro-de-superhumanos","tag-europa","tag-guerra-de-ucrania","tag-leopolis","tag-protesis","tag-soldado","tag-ucrania","tag-ucrania-rusia"],"acf":[],"yoast_head":"<!-- This site is optimized with the Yoast SEO Premium plugin v27.5 (Yoast SEO v27.5) - https:\/\/yoast.com\/product\/yoast-seo-premium-wordpress\/ -->\n<title>El Centro Ucraniano ofrece a las v\u00edctimas amputadas la oportunidad de una nueva vida<\/title>\n<meta name=\"description\" content=\"Quer\u00eda darles a las personas que usan nuestras bicicletas la sensaci\u00f3n de ser Superhumanos. Mi objetivo era mostrarles que ninguna discapacidad deber\u00eda detenerlos.\" \/>\n<meta name=\"robots\" content=\"index, follow, max-snippet:-1, max-image-preview:large, max-video-preview:-1\" \/>\n<link rel=\"canonical\" href=\"https:\/\/orato.world\/es\/2023\/11\/21\/la-fundacion-jean-maggi-lleva-bicicletas-adaptadas-al-centro-de-superhumanos-de-ucrania-y-ofrece-a-los-heridos-de-guerra-una-nueva-oportunidad-de-vida\/\" \/>\n<meta property=\"og:locale\" content=\"es_ES\" \/>\n<meta property=\"og:type\" content=\"article\" \/>\n<meta property=\"og:title\" content=\"La Fundaci\u00f3n Jean Maggi lleva bicicletas adaptadas al Centro de Superhumanos de Ucrania y ofrece a los heridos de guerra una nueva oportunidad de vida\" \/>\n<meta property=\"og:description\" content=\"Quer\u00eda darles a las personas que usan nuestras bicicletas la sensaci\u00f3n de ser Superhumanos. Mi objetivo era mostrarles que ninguna discapacidad deber\u00eda detenerlos.\" \/>\n<meta property=\"og:url\" content=\"https:\/\/orato.world\/es\/2023\/11\/21\/la-fundacion-jean-maggi-lleva-bicicletas-adaptadas-al-centro-de-superhumanos-de-ucrania-y-ofrece-a-los-heridos-de-guerra-una-nueva-oportunidad-de-vida\/\" \/>\n<meta property=\"og:site_name\" content=\"Orato\" \/>\n<meta property=\"article:publisher\" content=\"https:\/\/www.facebook.com\/OratoWorld\/\" \/>\n<meta property=\"article:published_time\" content=\"2023-11-21T16:58:21+00:00\" \/>\n<meta property=\"article:modified_time\" content=\"2023-11-27T00:39:21+00:00\" \/>\n<meta property=\"og:image\" content=\"https:\/\/orato.world\/wp-content\/uploads\/2-13.jpg\" \/>\n\t<meta property=\"og:image:width\" content=\"1280\" \/>\n\t<meta property=\"og:image:height\" content=\"960\" \/>\n\t<meta property=\"og:image:type\" content=\"image\/jpeg\" \/>\n<meta name=\"author\" content=\"Mariela Laksman\" \/>\n<meta name=\"twitter:card\" content=\"summary_large_image\" \/>\n<meta name=\"twitter:creator\" content=\"@oratoworld\" \/>\n<meta name=\"twitter:site\" content=\"@oratoworld\" \/>\n<meta name=\"twitter:label1\" content=\"Escrito por\" \/>\n\t<meta name=\"twitter:data1\" content=\"Mariela Laksman\" \/>\n\t<meta name=\"twitter:label2\" content=\"Tiempo de lectura\" \/>\n\t<meta name=\"twitter:data2\" content=\"7 minutos\" \/>\n<script type=\"application\/ld+json\" class=\"yoast-schema-graph\">{\"@context\":\"https:\\\/\\\/schema.org\",\"@graph\":[{\"@type\":\"NewsArticle\",\"@id\":\"https:\\\/\\\/orato.world\\\/es\\\/2023\\\/11\\\/21\\\/la-fundacion-jean-maggi-lleva-bicicletas-adaptadas-al-centro-de-superhumanos-de-ucrania-y-ofrece-a-los-heridos-de-guerra-una-nueva-oportunidad-de-vida\\\/#article\",\"isPartOf\":{\"@id\":\"https:\\\/\\\/orato.world\\\/es\\\/2023\\\/11\\\/21\\\/la-fundacion-jean-maggi-lleva-bicicletas-adaptadas-al-centro-de-superhumanos-de-ucrania-y-ofrece-a-los-heridos-de-guerra-una-nueva-oportunidad-de-vida\\\/\"},\"author\":{\"name\":\"Mariela Laksman\",\"@id\":\"https:\\\/\\\/orato.world\\\/es\\\/#\\\/schema\\\/person\\\/d4a4a9a63551641850068c20e93613a5\"},\"headline\":\"La Fundaci\u00f3n Jean Maggi lleva bicicletas adaptadas al Centro de Superhumanos de Ucrania y ofrece a los heridos de guerra una nueva oportunidad de vida\",\"datePublished\":\"2023-11-21T16:58:21+00:00\",\"dateModified\":\"2023-11-27T00:39:21+00:00\",\"mainEntityOfPage\":{\"@id\":\"https:\\\/\\\/orato.world\\\/es\\\/2023\\\/11\\\/21\\\/la-fundacion-jean-maggi-lleva-bicicletas-adaptadas-al-centro-de-superhumanos-de-ucrania-y-ofrece-a-los-heridos-de-guerra-una-nueva-oportunidad-de-vida\\\/\"},\"wordCount\":1505,\"commentCount\":0,\"publisher\":{\"@id\":\"https:\\\/\\\/orato.world\\\/es\\\/#organization\"},\"image\":{\"@id\":\"https:\\\/\\\/orato.world\\\/es\\\/2023\\\/11\\\/21\\\/la-fundacion-jean-maggi-lleva-bicicletas-adaptadas-al-centro-de-superhumanos-de-ucrania-y-ofrece-a-los-heridos-de-guerra-una-nueva-oportunidad-de-vida\\\/#primaryimage\"},\"thumbnailUrl\":\"https:\\\/\\\/orato.world\\\/wp-content\\\/uploads\\\/2-13.jpg\",\"keywords\":[\"Amputado\",\"bicicleta adaptada\",\"bi\u00f3nica\",\"Centro de Superhumanos\",\"Europa\",\"guerra de Ucrania\",\"Le\u00f3polis\",\"pr\u00f3tesis\",\"soldado\",\"Ucrania\",\"Ucrania-Rusia\"],\"articleSection\":[\"Conflicto\",\"Salud\"],\"inLanguage\":\"es\",\"potentialAction\":[{\"@type\":\"CommentAction\",\"name\":\"Comment\",\"target\":[\"https:\\\/\\\/orato.world\\\/es\\\/2023\\\/11\\\/21\\\/la-fundacion-jean-maggi-lleva-bicicletas-adaptadas-al-centro-de-superhumanos-de-ucrania-y-ofrece-a-los-heridos-de-guerra-una-nueva-oportunidad-de-vida\\\/#respond\"]}]},{\"@type\":\"WebPage\",\"@id\":\"https:\\\/\\\/orato.world\\\/es\\\/2023\\\/11\\\/21\\\/la-fundacion-jean-maggi-lleva-bicicletas-adaptadas-al-centro-de-superhumanos-de-ucrania-y-ofrece-a-los-heridos-de-guerra-una-nueva-oportunidad-de-vida\\\/\",\"url\":\"https:\\\/\\\/orato.world\\\/es\\\/2023\\\/11\\\/21\\\/la-fundacion-jean-maggi-lleva-bicicletas-adaptadas-al-centro-de-superhumanos-de-ucrania-y-ofrece-a-los-heridos-de-guerra-una-nueva-oportunidad-de-vida\\\/\",\"name\":\"El Centro Ucraniano ofrece a las v\u00edctimas amputadas la oportunidad de una nueva vida\",\"isPartOf\":{\"@id\":\"https:\\\/\\\/orato.world\\\/es\\\/#website\"},\"primaryImageOfPage\":{\"@id\":\"https:\\\/\\\/orato.world\\\/es\\\/2023\\\/11\\\/21\\\/la-fundacion-jean-maggi-lleva-bicicletas-adaptadas-al-centro-de-superhumanos-de-ucrania-y-ofrece-a-los-heridos-de-guerra-una-nueva-oportunidad-de-vida\\\/#primaryimage\"},\"image\":{\"@id\":\"https:\\\/\\\/orato.world\\\/es\\\/2023\\\/11\\\/21\\\/la-fundacion-jean-maggi-lleva-bicicletas-adaptadas-al-centro-de-superhumanos-de-ucrania-y-ofrece-a-los-heridos-de-guerra-una-nueva-oportunidad-de-vida\\\/#primaryimage\"},\"thumbnailUrl\":\"https:\\\/\\\/orato.world\\\/wp-content\\\/uploads\\\/2-13.jpg\",\"datePublished\":\"2023-11-21T16:58:21+00:00\",\"dateModified\":\"2023-11-27T00:39:21+00:00\",\"description\":\"Quer\u00eda darles a las personas que usan nuestras bicicletas la sensaci\u00f3n de ser Superhumanos. Mi objetivo era mostrarles que ninguna discapacidad deber\u00eda detenerlos.\",\"breadcrumb\":{\"@id\":\"https:\\\/\\\/orato.world\\\/es\\\/2023\\\/11\\\/21\\\/la-fundacion-jean-maggi-lleva-bicicletas-adaptadas-al-centro-de-superhumanos-de-ucrania-y-ofrece-a-los-heridos-de-guerra-una-nueva-oportunidad-de-vida\\\/#breadcrumb\"},\"inLanguage\":\"es\",\"potentialAction\":[{\"@type\":\"ReadAction\",\"target\":[\"https:\\\/\\\/orato.world\\\/es\\\/2023\\\/11\\\/21\\\/la-fundacion-jean-maggi-lleva-bicicletas-adaptadas-al-centro-de-superhumanos-de-ucrania-y-ofrece-a-los-heridos-de-guerra-una-nueva-oportunidad-de-vida\\\/\"]}]},{\"@type\":\"ImageObject\",\"inLanguage\":\"es\",\"@id\":\"https:\\\/\\\/orato.world\\\/es\\\/2023\\\/11\\\/21\\\/la-fundacion-jean-maggi-lleva-bicicletas-adaptadas-al-centro-de-superhumanos-de-ucrania-y-ofrece-a-los-heridos-de-guerra-una-nueva-oportunidad-de-vida\\\/#primaryimage\",\"url\":\"https:\\\/\\\/orato.world\\\/wp-content\\\/uploads\\\/2-13.jpg\",\"contentUrl\":\"https:\\\/\\\/orato.world\\\/wp-content\\\/uploads\\\/2-13.jpg\",\"width\":1280,\"height\":960,\"caption\":\"Jean Maggi (right) met with Ukranian soldiers and civilians (left) injured in the war at the Superhumans Centre in Ukraine, where he inspired them with his own story of overcome his disability. | Photo courtesy of\"},{\"@type\":\"BreadcrumbList\",\"@id\":\"https:\\\/\\\/orato.world\\\/es\\\/2023\\\/11\\\/21\\\/la-fundacion-jean-maggi-lleva-bicicletas-adaptadas-al-centro-de-superhumanos-de-ucrania-y-ofrece-a-los-heridos-de-guerra-una-nueva-oportunidad-de-vida\\\/#breadcrumb\",\"itemListElement\":[{\"@type\":\"ListItem\",\"position\":1,\"name\":\"Home\",\"item\":\"https:\\\/\\\/orato.world\\\/es\\\/\"},{\"@type\":\"ListItem\",\"position\":2,\"name\":\"La Fundaci\u00f3n Jean Maggi lleva bicicletas adaptadas al Centro de Superhumanos de Ucrania y ofrece a los heridos de guerra una nueva oportunidad de vida\"}]},{\"@type\":\"WebSite\",\"@id\":\"https:\\\/\\\/orato.world\\\/es\\\/#website\",\"url\":\"https:\\\/\\\/orato.world\\\/es\\\/\",\"name\":\"Orato\",\"description\":\"True Stories. Real People\",\"publisher\":{\"@id\":\"https:\\\/\\\/orato.world\\\/es\\\/#organization\"},\"potentialAction\":[{\"@type\":\"SearchAction\",\"target\":{\"@type\":\"EntryPoint\",\"urlTemplate\":\"https:\\\/\\\/orato.world\\\/es\\\/?s={search_term_string}\"},\"query-input\":{\"@type\":\"PropertyValueSpecification\",\"valueRequired\":true,\"valueName\":\"search_term_string\"}}],\"inLanguage\":\"es\"},{\"@type\":\"Organization\",\"@id\":\"https:\\\/\\\/orato.world\\\/es\\\/#organization\",\"name\":\"Orato World Media Inc.\",\"url\":\"https:\\\/\\\/orato.world\\\/es\\\/\",\"logo\":{\"@type\":\"ImageObject\",\"inLanguage\":\"es\",\"@id\":\"https:\\\/\\\/orato.world\\\/es\\\/#\\\/schema\\\/logo\\\/image\\\/\",\"url\":\"https:\\\/\\\/orato.world\\\/wp-content\\\/uploads\\\/2020\\\/07\\\/orato-logo-transparent.png\",\"contentUrl\":\"https:\\\/\\\/orato.world\\\/wp-content\\\/uploads\\\/2020\\\/07\\\/orato-logo-transparent.png\",\"width\":78,\"height\":73,\"caption\":\"Orato World Media Inc.\"},\"image\":{\"@id\":\"https:\\\/\\\/orato.world\\\/es\\\/#\\\/schema\\\/logo\\\/image\\\/\"},\"sameAs\":[\"https:\\\/\\\/www.facebook.com\\\/OratoWorld\\\/\",\"https:\\\/\\\/x.com\\\/oratoworld\",\"https:\\\/\\\/www.instagram.com\\\/oratoworld\",\"https:\\\/\\\/www.linkedin.com\\\/company\\\/42308818\\\/\"]},{\"@type\":\"Person\",\"@id\":\"https:\\\/\\\/orato.world\\\/es\\\/#\\\/schema\\\/person\\\/d4a4a9a63551641850068c20e93613a5\",\"name\":\"Mariela Laksman\",\"image\":{\"@type\":\"ImageObject\",\"inLanguage\":\"es\",\"@id\":\"https:\\\/\\\/secure.gravatar.com\\\/avatar\\\/133ba1b69c2a2b7c782cce9999c26555b6bc9af9e382e5e8f8e3fc285015d1b7?s=96&d=mm&r=g\",\"url\":\"https:\\\/\\\/secure.gravatar.com\\\/avatar\\\/133ba1b69c2a2b7c782cce9999c26555b6bc9af9e382e5e8f8e3fc285015d1b7?s=96&d=mm&r=g\",\"contentUrl\":\"https:\\\/\\\/secure.gravatar.com\\\/avatar\\\/133ba1b69c2a2b7c782cce9999c26555b6bc9af9e382e5e8f8e3fc285015d1b7?s=96&d=mm&r=g\",\"caption\":\"Mariela Laksman\"},\"description\":\"Image and Sound Designer, Integral Audiovisual and Journalistic Producer, writer, and teacher. I started working when I was very young; Since 2001, I was a producer for different television programs, documentary films, radio, and generating creative content for different organizations and companies. I won the award: \\\"Nuevo Sudaca Border\\\" with the microfiction book \\\"Un Tigre con la Boca Abierta\\\", for Eloisa Cartonera Editorial. I am passionate about telling stories and writing.\",\"url\":\"https:\\\/\\\/orato.world\\\/es\\\/author\\\/mariela-laksman\\\/\"}]}<\/script>\n<!-- \/ Yoast SEO Premium plugin. -->","yoast_head_json":{"title":"El Centro Ucraniano ofrece a las v\u00edctimas amputadas la oportunidad de una nueva vida","description":"Quer\u00eda darles a las personas que usan nuestras bicicletas la sensaci\u00f3n de ser Superhumanos. Mi objetivo era mostrarles que ninguna discapacidad deber\u00eda detenerlos.","robots":{"index":"index","follow":"follow","max-snippet":"max-snippet:-1","max-image-preview":"max-image-preview:large","max-video-preview":"max-video-preview:-1"},"canonical":"https:\/\/orato.world\/es\/2023\/11\/21\/la-fundacion-jean-maggi-lleva-bicicletas-adaptadas-al-centro-de-superhumanos-de-ucrania-y-ofrece-a-los-heridos-de-guerra-una-nueva-oportunidad-de-vida\/","og_locale":"es_ES","og_type":"article","og_title":"La Fundaci\u00f3n Jean Maggi lleva bicicletas adaptadas al Centro de Superhumanos de Ucrania y ofrece a los heridos de guerra una nueva oportunidad de vida","og_description":"Quer\u00eda darles a las personas que usan nuestras bicicletas la sensaci\u00f3n de ser Superhumanos. Mi objetivo era mostrarles que ninguna discapacidad deber\u00eda detenerlos.","og_url":"https:\/\/orato.world\/es\/2023\/11\/21\/la-fundacion-jean-maggi-lleva-bicicletas-adaptadas-al-centro-de-superhumanos-de-ucrania-y-ofrece-a-los-heridos-de-guerra-una-nueva-oportunidad-de-vida\/","og_site_name":"Orato","article_publisher":"https:\/\/www.facebook.com\/OratoWorld\/","article_published_time":"2023-11-21T16:58:21+00:00","article_modified_time":"2023-11-27T00:39:21+00:00","og_image":[{"width":1280,"height":960,"url":"https:\/\/orato.world\/wp-content\/uploads\/2-13.jpg","type":"image\/jpeg"}],"author":"Mariela Laksman","twitter_card":"summary_large_image","twitter_creator":"@oratoworld","twitter_site":"@oratoworld","twitter_misc":{"Escrito por":"Mariela Laksman","Tiempo de lectura":"7 minutos"},"schema":{"@context":"https:\/\/schema.org","@graph":[{"@type":"NewsArticle","@id":"https:\/\/orato.world\/es\/2023\/11\/21\/la-fundacion-jean-maggi-lleva-bicicletas-adaptadas-al-centro-de-superhumanos-de-ucrania-y-ofrece-a-los-heridos-de-guerra-una-nueva-oportunidad-de-vida\/#article","isPartOf":{"@id":"https:\/\/orato.world\/es\/2023\/11\/21\/la-fundacion-jean-maggi-lleva-bicicletas-adaptadas-al-centro-de-superhumanos-de-ucrania-y-ofrece-a-los-heridos-de-guerra-una-nueva-oportunidad-de-vida\/"},"author":{"name":"Mariela Laksman","@id":"https:\/\/orato.world\/es\/#\/schema\/person\/d4a4a9a63551641850068c20e93613a5"},"headline":"La Fundaci\u00f3n Jean Maggi lleva bicicletas adaptadas al Centro de Superhumanos de Ucrania y ofrece a los heridos de guerra una nueva oportunidad de vida","datePublished":"2023-11-21T16:58:21+00:00","dateModified":"2023-11-27T00:39:21+00:00","mainEntityOfPage":{"@id":"https:\/\/orato.world\/es\/2023\/11\/21\/la-fundacion-jean-maggi-lleva-bicicletas-adaptadas-al-centro-de-superhumanos-de-ucrania-y-ofrece-a-los-heridos-de-guerra-una-nueva-oportunidad-de-vida\/"},"wordCount":1505,"commentCount":0,"publisher":{"@id":"https:\/\/orato.world\/es\/#organization"},"image":{"@id":"https:\/\/orato.world\/es\/2023\/11\/21\/la-fundacion-jean-maggi-lleva-bicicletas-adaptadas-al-centro-de-superhumanos-de-ucrania-y-ofrece-a-los-heridos-de-guerra-una-nueva-oportunidad-de-vida\/#primaryimage"},"thumbnailUrl":"https:\/\/orato.world\/wp-content\/uploads\/2-13.jpg","keywords":["Amputado","bicicleta adaptada","bi\u00f3nica","Centro de Superhumanos","Europa","guerra de Ucrania","Le\u00f3polis","pr\u00f3tesis","soldado","Ucrania","Ucrania-Rusia"],"articleSection":["Conflicto","Salud"],"inLanguage":"es","potentialAction":[{"@type":"CommentAction","name":"Comment","target":["https:\/\/orato.world\/es\/2023\/11\/21\/la-fundacion-jean-maggi-lleva-bicicletas-adaptadas-al-centro-de-superhumanos-de-ucrania-y-ofrece-a-los-heridos-de-guerra-una-nueva-oportunidad-de-vida\/#respond"]}]},{"@type":"WebPage","@id":"https:\/\/orato.world\/es\/2023\/11\/21\/la-fundacion-jean-maggi-lleva-bicicletas-adaptadas-al-centro-de-superhumanos-de-ucrania-y-ofrece-a-los-heridos-de-guerra-una-nueva-oportunidad-de-vida\/","url":"https:\/\/orato.world\/es\/2023\/11\/21\/la-fundacion-jean-maggi-lleva-bicicletas-adaptadas-al-centro-de-superhumanos-de-ucrania-y-ofrece-a-los-heridos-de-guerra-una-nueva-oportunidad-de-vida\/","name":"El Centro Ucraniano ofrece a las v\u00edctimas amputadas la oportunidad de una nueva vida","isPartOf":{"@id":"https:\/\/orato.world\/es\/#website"},"primaryImageOfPage":{"@id":"https:\/\/orato.world\/es\/2023\/11\/21\/la-fundacion-jean-maggi-lleva-bicicletas-adaptadas-al-centro-de-superhumanos-de-ucrania-y-ofrece-a-los-heridos-de-guerra-una-nueva-oportunidad-de-vida\/#primaryimage"},"image":{"@id":"https:\/\/orato.world\/es\/2023\/11\/21\/la-fundacion-jean-maggi-lleva-bicicletas-adaptadas-al-centro-de-superhumanos-de-ucrania-y-ofrece-a-los-heridos-de-guerra-una-nueva-oportunidad-de-vida\/#primaryimage"},"thumbnailUrl":"https:\/\/orato.world\/wp-content\/uploads\/2-13.jpg","datePublished":"2023-11-21T16:58:21+00:00","dateModified":"2023-11-27T00:39:21+00:00","description":"Quer\u00eda darles a las personas que usan nuestras bicicletas la sensaci\u00f3n de ser Superhumanos. Mi objetivo era mostrarles que ninguna discapacidad deber\u00eda detenerlos.","breadcrumb":{"@id":"https:\/\/orato.world\/es\/2023\/11\/21\/la-fundacion-jean-maggi-lleva-bicicletas-adaptadas-al-centro-de-superhumanos-de-ucrania-y-ofrece-a-los-heridos-de-guerra-una-nueva-oportunidad-de-vida\/#breadcrumb"},"inLanguage":"es","potentialAction":[{"@type":"ReadAction","target":["https:\/\/orato.world\/es\/2023\/11\/21\/la-fundacion-jean-maggi-lleva-bicicletas-adaptadas-al-centro-de-superhumanos-de-ucrania-y-ofrece-a-los-heridos-de-guerra-una-nueva-oportunidad-de-vida\/"]}]},{"@type":"ImageObject","inLanguage":"es","@id":"https:\/\/orato.world\/es\/2023\/11\/21\/la-fundacion-jean-maggi-lleva-bicicletas-adaptadas-al-centro-de-superhumanos-de-ucrania-y-ofrece-a-los-heridos-de-guerra-una-nueva-oportunidad-de-vida\/#primaryimage","url":"https:\/\/orato.world\/wp-content\/uploads\/2-13.jpg","contentUrl":"https:\/\/orato.world\/wp-content\/uploads\/2-13.jpg","width":1280,"height":960,"caption":"Jean Maggi (right) met with Ukranian soldiers and civilians (left) injured in the war at the Superhumans Centre in Ukraine, where he inspired them with his own story of overcome his disability. | Photo courtesy of"},{"@type":"BreadcrumbList","@id":"https:\/\/orato.world\/es\/2023\/11\/21\/la-fundacion-jean-maggi-lleva-bicicletas-adaptadas-al-centro-de-superhumanos-de-ucrania-y-ofrece-a-los-heridos-de-guerra-una-nueva-oportunidad-de-vida\/#breadcrumb","itemListElement":[{"@type":"ListItem","position":1,"name":"Home","item":"https:\/\/orato.world\/es\/"},{"@type":"ListItem","position":2,"name":"La Fundaci\u00f3n Jean Maggi lleva bicicletas adaptadas al Centro de Superhumanos de Ucrania y ofrece a los heridos de guerra una nueva oportunidad de vida"}]},{"@type":"WebSite","@id":"https:\/\/orato.world\/es\/#website","url":"https:\/\/orato.world\/es\/","name":"Orato","description":"True Stories. Real People","publisher":{"@id":"https:\/\/orato.world\/es\/#organization"},"potentialAction":[{"@type":"SearchAction","target":{"@type":"EntryPoint","urlTemplate":"https:\/\/orato.world\/es\/?s={search_term_string}"},"query-input":{"@type":"PropertyValueSpecification","valueRequired":true,"valueName":"search_term_string"}}],"inLanguage":"es"},{"@type":"Organization","@id":"https:\/\/orato.world\/es\/#organization","name":"Orato World Media Inc.","url":"https:\/\/orato.world\/es\/","logo":{"@type":"ImageObject","inLanguage":"es","@id":"https:\/\/orato.world\/es\/#\/schema\/logo\/image\/","url":"https:\/\/orato.world\/wp-content\/uploads\/2020\/07\/orato-logo-transparent.png","contentUrl":"https:\/\/orato.world\/wp-content\/uploads\/2020\/07\/orato-logo-transparent.png","width":78,"height":73,"caption":"Orato World Media Inc."},"image":{"@id":"https:\/\/orato.world\/es\/#\/schema\/logo\/image\/"},"sameAs":["https:\/\/www.facebook.com\/OratoWorld\/","https:\/\/x.com\/oratoworld","https:\/\/www.instagram.com\/oratoworld","https:\/\/www.linkedin.com\/company\/42308818\/"]},{"@type":"Person","@id":"https:\/\/orato.world\/es\/#\/schema\/person\/d4a4a9a63551641850068c20e93613a5","name":"Mariela Laksman","image":{"@type":"ImageObject","inLanguage":"es","@id":"https:\/\/secure.gravatar.com\/avatar\/133ba1b69c2a2b7c782cce9999c26555b6bc9af9e382e5e8f8e3fc285015d1b7?s=96&d=mm&r=g","url":"https:\/\/secure.gravatar.com\/avatar\/133ba1b69c2a2b7c782cce9999c26555b6bc9af9e382e5e8f8e3fc285015d1b7?s=96&d=mm&r=g","contentUrl":"https:\/\/secure.gravatar.com\/avatar\/133ba1b69c2a2b7c782cce9999c26555b6bc9af9e382e5e8f8e3fc285015d1b7?s=96&d=mm&r=g","caption":"Mariela Laksman"},"description":"Image and Sound Designer, Integral Audiovisual and Journalistic Producer, writer, and teacher. I started working when I was very young; Since 2001, I was a producer for different television programs, documentary films, radio, and generating creative content for different organizations and companies. I won the award: \"Nuevo Sudaca Border\" with the microfiction book \"Un Tigre con la Boca Abierta\", for Eloisa Cartonera Editorial. I am passionate about telling stories and writing.","url":"https:\/\/orato.world\/es\/author\/mariela-laksman\/"}]}},"modified_by":"Stephen","uagb_featured_image_src":{"full":["https:\/\/orato.world\/wp-content\/uploads\/2-13.jpg",1280,960,false],"thumbnail":["https:\/\/orato.world\/wp-content\/uploads\/2-13-100x100.jpg",100,100,true],"medium":["https:\/\/orato.world\/wp-content\/uploads\/2-13-300x225.jpg",300,225,true],"medium_large":["https:\/\/orato.world\/wp-content\/uploads\/2-13-770x578.jpg",640,480,true],"large":["https:\/\/orato.world\/wp-content\/uploads\/2-13-1024x768.jpg",640,480,true],"1536x1536":["https:\/\/orato.world\/wp-content\/uploads\/2-13.jpg",1280,960,false],"2048x2048":["https:\/\/orato.world\/wp-content\/uploads\/2-13.jpg",1280,960,false],"gallery-size":["https:\/\/orato.world\/wp-content\/uploads\/2-13-533x400.jpg",533,400,true],"lets-review-360-240":["https:\/\/orato.world\/wp-content\/uploads\/2-13-360x240.jpg",360,240,true],"gform-image-choice-sm":["https:\/\/orato.world\/wp-content\/uploads\/2-13.jpg",300,225,false],"gform-image-choice-md":["https:\/\/orato.world\/wp-content\/uploads\/2-13.jpg",400,300,false],"gform-image-choice-lg":["https:\/\/orato.world\/wp-content\/uploads\/2-13.jpg",600,450,false],"awsm_team":["https:\/\/orato.world\/wp-content\/uploads\/2-13-500x500.jpg",500,500,true]},"uagb_author_info":{"display_name":"Mariela Laksman","author_link":"https:\/\/orato.world\/es\/author\/mariela-laksman\/"},"uagb_comment_info":0,"uagb_excerpt":"Un d\u00eda conoc\u00ed a un soldado que perdi\u00f3 ambas piernas y la mitad de su mano. Mientras contaba la historia del d\u00eda en que perdi\u00f3 sus extremidades, sus ojos se llenaron de l\u00e1grimas. Me mostr\u00f3 las medallas y los parches de su uniforme. Cada cent\u00edmetro de su campera contaba una historia.","_links":{"self":[{"href":"https:\/\/orato.world\/es\/wp-json\/wp\/v2\/posts\/84565","targetHints":{"allow":["GET"]}}],"collection":[{"href":"https:\/\/orato.world\/es\/wp-json\/wp\/v2\/posts"}],"about":[{"href":"https:\/\/orato.world\/es\/wp-json\/wp\/v2\/types\/post"}],"author":[{"embeddable":true,"href":"https:\/\/orato.world\/es\/wp-json\/wp\/v2\/users\/28"}],"replies":[{"embeddable":true,"href":"https:\/\/orato.world\/es\/wp-json\/wp\/v2\/comments?post=84565"}],"version-history":[{"count":4,"href":"https:\/\/orato.world\/es\/wp-json\/wp\/v2\/posts\/84565\/revisions"}],"predecessor-version":[{"id":84794,"href":"https:\/\/orato.world\/es\/wp-json\/wp\/v2\/posts\/84565\/revisions\/84794"}],"wp:featuredmedia":[{"embeddable":true,"href":"https:\/\/orato.world\/es\/wp-json\/wp\/v2\/media\/84548"}],"wp:attachment":[{"href":"https:\/\/orato.world\/es\/wp-json\/wp\/v2\/media?parent=84565"}],"wp:term":[{"taxonomy":"category","embeddable":true,"href":"https:\/\/orato.world\/es\/wp-json\/wp\/v2\/categories?post=84565"},{"taxonomy":"post_tag","embeddable":true,"href":"https:\/\/orato.world\/es\/wp-json\/wp\/v2\/tags?post=84565"}],"curies":[{"name":"wp","href":"https:\/\/api.w.org\/{rel}","templated":true}]}}