{"id":85248,"date":"2023-12-07T06:27:21","date_gmt":"2023-12-07T14:27:21","guid":{"rendered":"https:\/\/orato.world\/2023\/12\/07\/una-familia-de-cisjordania-vive-en-una-tienda-de-campana-despues-de-que-colonos-israelies-atacaran-una-aldea-palestina-al-sur-de-la-colina-de-hebron\/"},"modified":"2023-12-10T14:49:44","modified_gmt":"2023-12-10T22:49:44","slug":"una-familia-de-cisjordania-vive-en-una-tienda-de-campana-despues-de-que-colonos-israelies-atacaran-una-aldea-palestina-al-sur-de-la-colina-de-hebron","status":"publish","type":"post","link":"https:\/\/orato.world\/es\/2023\/12\/07\/una-familia-de-cisjordania-vive-en-una-tienda-de-campana-despues-de-que-colonos-israelies-atacaran-una-aldea-palestina-al-sur-de-la-colina-de-hebron\/","title":{"rendered":"Una familia de Cisjordania vive en una tienda de campa\u00f1a despu\u00e9s de que colonos israel\u00edes atacaran una aldea palestina al sur de la colina de Hebr\u00f3n."},"content":{"rendered":"<div class=\"lets-info-up-wrap  lets-info-up--right lets-info-up--m-1 lets-info-up-skin-1 lets-info-up--side\">\t\t\t<div class=\"lets-info-up\">\r\n\t\t\t<div class=\"lets-info-up-fi\"><img loading=\"lazy\" decoding=\"async\" width=\"500\" height=\"500\" src=\"https:\/\/orato.world\/wp-content\/uploads\/IMG-0771-500x500.jpg\" class=\"attachment-lets-info-up-d1 size-lets-info-up-d1\" alt=\"\" srcset=\"https:\/\/orato.world\/wp-content\/uploads\/IMG-0771-500x500.jpg 500w, https:\/\/orato.world\/wp-content\/uploads\/IMG-0771-300x300.jpg 300w, https:\/\/orato.world\/wp-content\/uploads\/IMG-0771-100x100.jpg 100w, https:\/\/orato.world\/wp-content\/uploads\/IMG-0771-770x770.jpg 770w, https:\/\/orato.world\/wp-content\/uploads\/IMG-0771-400x400.jpg 400w, https:\/\/orato.world\/wp-content\/uploads\/IMG-0771-150x150.jpg 150w, https:\/\/orato.world\/wp-content\/uploads\/IMG-0771-70x70.jpg 70w, https:\/\/orato.world\/wp-content\/uploads\/IMG-0771-293x293.jpg 293w, https:\/\/orato.world\/wp-content\/uploads\/IMG-0771.jpg 940w\" sizes=\"auto, (max-width: 500px) 100vw, 500px\" \/><\/div>\t\t\t<div class=\"lets-info-up-block-wrap\">\r\n\t\t\t\t<div class=\"lets-info-up-block lets-info-up-meta-block\"><div class=\"lets-info-up-meta-title lets-info-up-pretitle font-h\">Journalist&#8217;s notes<\/div><\/div><div class=\"lets-info-up-block lets-info-up-meta-block\"><div class=\"lets-info-up-meta-title lets-info-up-pretitle font-h\">PROTAGONISTA<\/div><div class=\"lets-info-up-meta-content lets-info-up-title font-b\">Mahmoud Ayad es un palestino de unos treinta a\u00f1os. El esta casado y tiene dos hijos. Mahmoud tiene discapacidad visual desde la infancia y sol\u00eda trabajar como pastor en su aldea, Khirbet Twameen, en Cisjordania. Recientemente, se vio obligado a abandonar su casa y su aldea despu\u00e9s de que fueran atacados por colonos israel\u00edes tras el ataque de Ham\u00e1s a Israel el 7 de octubre de 2023. Actualmente, vive en una tienda de campa\u00f1a al aire libre en otra aldea con su esposa, su madre y sus hijos.<\/div><\/div><div class=\"lets-info-up-block lets-info-up-meta-block\"><div class=\"lets-info-up-meta-title lets-info-up-pretitle font-h\">CONTEXTO<\/div><div class=\"lets-info-up-meta-content lets-info-up-title font-b\">El 5 de diciembre de 2023, ls <a href=\"https:\/\/www.bbc.com\/news\/world-middle-east-67617920\">BBC reported<\/a> tque Nadav Weiman \u2013 exsoldado de las fuerzas especiales israel\u00edes convertido en activista de Breaking the Silence \u2013 dijo: \u00ab[Los colonos extremistas] est\u00e1n demoliendo aldeas palestinas, golpeando a los agricultores palestinos, rob\u00e1ndoles sus aceitunas, intentando abrir un tercer frente&#8230;\u00bb <a href=\"https:\/\/www.vox.com\/world-politics\/2023\/11\/9\/23945651\/west-bank-israeli-settler-palestine-gaza-war-violence\">Vox <\/a>inform\u00f3 que desde el ataque de Ham\u00e1s a Israel el 7 de octubre de 2023, al menos 15 comunidades han sido completamente desplazadas en Cisjordania. <a href=\"https:\/\/www.aljazeera.com\/features\/2023\/11\/3\/unsafe-in-own-home-israeli-settlers-spread-terror-in-south-hebron-hills\">Al Jazeera<\/a>, reporta espec\u00edficamente sobre la regi\u00f3n al sur del Monte Hebr\u00f3n donde se desarrolla la historia de Orato. Dice que \u00abla tasa diaria de incidentes de violencia de los colonos en Cisjordania se ha m\u00e1s que duplicado\u00bb desde el 7 de octubre.<br><br><a href=\"https:\/\/translate.google.com\/?gs_lcrp=EgZjaHJvbWUqDggAEEUYJxg7GIAEGIoFMg4IABBFGCcYOxiABBiKBTIGCAEQRRg5MgwIAhAjGCcYgAQYigUyBggDEEUYOzINCAQQABiDARixAxiABDIGCAUQRRg8MgYIBhBFGDwyBggHEEUYPdIBCDE1NjlqMGoxqAIAsAIA&amp;um=1&amp;ie=UTF-8&amp;hl=es&amp;client=tw-ob#en\/es\/On%20December%205,%202023,%20BBC%20reported%20that%20Nadav%20Weiman%20-%20former%20Israeli%20special%20forces%20soldier%20turned%20activist%20with%20Breaking%20the%20Silence%20-%20said,%20%22%5BThe%20extremist%20settlers%5D%20are%20%0Ademolishing%20Palestinian%20villages,%20beating%20up%20Palestinian%20farmers,%20stealing%20their%20olives,%20trying%20to%20open%20a%20third%20front...%22%20Vox%20reported%20that%20since%20the%20October%207,%202023%20attack%20by%20Hamas%20on%20Israel,%20at%20least%2015%20communities%20have%20been%20fully%20displaced%20in%20the%20West%20Bank.%20Al%20Jazeera,%20reporting%20specifically%20on%20the%20region%20south%20of%20Hebron%20Hill%20where%20Orato's%20story%20takes%20place,%20says%20%22the%20daily%20rate%20of%20settler%20violence%20incidents%20in%20the%20West%20Bank%20has%20more%20than%20doubled%22%20since%20October%207.\">Abrir en Google Traduct<\/a><\/div><\/div>\t\t\t<\/div>\r\n\t\t\t<\/div>\r\n\t\t<\/div>\r\n\t\t\n\n\n<p>MUNEIZIL, Cisjordania \u2014 El 20 de octubre de 2023, colonos israel\u00edes atacaron brutalmente mi aldea de Khirbet Al-Tawamin en Cisjordania. En ese terrible d\u00eda, vi c\u00f3mo los colonos asaltaban a los residentes, sacrificaban ovejas y cruelmente incendiaban nuestros objetos de valor, desalojando por la fuerza a las familias de sus hogares. <\/p>\n\n\n\n<p>[<em>Seg\u00fan m\u00faltiples medios de comunicaci\u00f3n, incluidos BBC, Vox y Al Jazeera, desde el ataque de Ham\u00e1s contra Israel el 7 de octubre de 2023, la violencia de los colonos radicales contra los palestinos en Cisjordania se ha disparado. Enlaces disponibles en la secci\u00f3n de antecedentes.<\/em>]<\/p>\n\n\n\n<p>Mi familia y yo huimos de nuestra aldea al sur del Monte Hebr\u00f3n, el lugar donde crec\u00ed, conoc\u00ed a mi esposa y form\u00e9 mi familia; el lugar donde perd\u00ed la vista cuando era ni\u00f1o. Ahora mi esposa, mis hijos y yo vivimos en una tienda de campa\u00f1a en Muneizil.<\/p>\n\n\n\n<p><strong><em><a href=\"https:\/\/orato.world\/?s=gaza\">Lea m\u00e1s historias sobre el conflicto palestino-israel\u00ed en Orato World Media.<\/a><\/em><\/strong><\/p>\n\n\n\n<h2 class=\"wp-block-heading\" id=\"h-dejamos-todo-atras-en-nuestro-pueblo-de-cisjordania\"><strong>Dejamos todo atr\u00e1s en nuestro pueblo de Cisjordania.<\/strong><\/h2>\n\n\n\n<p>Despu\u00e9s del ataque del 7 de octubre de 2023 por parte de Ham\u00e1s a Israel, muchos colonos en Cisjordania quer\u00edan represalias. Como civiles inocentes que vivimos lejos de Gaza, no hicimos nada malo, pero los colonos decidieron vengarse de nosotros. <\/p>\n\n\n\n<p>He conocido toda mi vida la agresi\u00f3n de los colonos, pero la angustiosa escalada de violencia en Cisjordania despu\u00e9s del 7 de octubre magnific\u00f3 esa agresi\u00f3n. Cuando atacaron mi aldea, la sent\u00ed como una m\u00e1quina de guerra implacable que no reconoc\u00eda fronteras y no mostraba piedad.<\/p>\n\n\n\n<p>Huir de la violencia sigue siendo dif\u00edcil para cualquiera, pero como persona con discapacidad visual, resulta imposible hacerlo sin ayuda. La idea de proteger a mis hijos y recorrer rutas desconocidas me rondaba la mente. Depend\u00ed de mi familia y amigos para llegar al pueblo vecino de Muneizil. [<em>Nota: <a href=\"https:\/\/7amleh.org\/ms\/pal.html\">Google Maps no reconoce oficialmente<\/a> muchas aldeas palestinas en Cisjordania, incluidas Khirbet Al-Tawamin y Muneizil.<\/em>]<\/p>\n\n\n\n<p>Los residentes de Muneizil nos recibieron calurosamente a mi familia y a m\u00ed, proporcion\u00e1ndonos generosamente una tienda de campa\u00f1a para protegernos del ambiente. Este desplazamiento, sin embargo, destroz\u00f3 mis sue\u00f1os. Me imagin\u00e9 viviendo en Khirbet Al-Tawamin toda mi vida. All\u00ed no fue f\u00e1cil, pero ten\u00edamos un techo sobre nuestras cabezas. <\/p>\n\n\n\n<p>All\u00ed, en el lugar donde crec\u00ed, mi coraz\u00f3n y mi alma encontraron ritmo en la oscuridad del mundo. Conoc\u00eda de memoria cada rinc\u00f3n de mi pueblo; era parte integral de mi existencia. Encontr\u00e9 satisfacci\u00f3n dentro de las paredes de nuestra peque\u00f1a casa con mi esposa, mis hijos y nuestras tres ovejas. Cuando las temperaturas bajaron en invierno, sent\u00eda que el calor de nuestro hogar nos abrazaba. Ahora me pregunto y me preocupo: \u00ab\u00bfC\u00f3mo sobreviviremos al duro invierno en una tienda de campa\u00f1a?\u00bb <\/p>\n\n\n\n<h2 class=\"wp-block-heading\" id=\"h-refugiado-palestino-en-cisjordania-solo-quiere-ir-a-casa\"><strong>Refugiado palestino en Cisjordania solo quiere ir a casa<\/strong><\/h2>\n\n\n\n<p>Ahora, mientras mi familia y yo vivimos en esta tienda de campa\u00f1a al aire libre, cada minuto parece un a\u00f1o. La agonizante espera para el fin de una guerra desconocida me deja ansioso. Cada d\u00eda rezo fervientemente por la misericordia de Dios y la preservaci\u00f3n de cada vida. Escucho los ecos de la ira colectiva en las voces humanas y en la naturaleza; Ahora es m\u00e1s fuerte que cualquier otro sonido.<\/p>\n\n\n\n<p>Al enfrentar una situaci\u00f3n tr\u00e1gicamente terrible, la miseria me confronta a cada paso. Acurrucados en nuestra peque\u00f1a tienda, el viento a\u00falla y la lluvia cae a c\u00e1ntaros. Las temperaturas bajan y el fr\u00edo se instala. Escuchamos los sonidos amenazadores de los animales salvajes a lo lejos y la comida empieza a escasear. Las peque\u00f1as raciones con las que se topan los desplazados se destinan primero a los ni\u00f1os peque\u00f1os. Los ni\u00f1os mayores sobreviven en una mezcla de agua y cebollas. <\/p>\n\n\n\n<p><\/p>\n\n\n\n<figure class=\"wp-block-gallery aligncenter has-nested-images columns-default is-cropped wp-block-gallery-1 is-layout-flex wp-block-gallery-is-layout-flex\">\n<figure class=\"wp-block-image size-large\"><img loading=\"lazy\" decoding=\"async\" width=\"768\" height=\"1024\" data-id=\"85236\" src=\"https:\/\/orato.world\/wp-content\/uploads\/PHOTO-2023-11-26-11-12-01-1-768x1024.jpg\" alt=\"\" class=\"wp-image-85236\" srcset=\"https:\/\/orato.world\/wp-content\/uploads\/PHOTO-2023-11-26-11-12-01-1-768x1024.jpg 768w, https:\/\/orato.world\/wp-content\/uploads\/PHOTO-2023-11-26-11-12-01-1-225x300.jpg 225w, https:\/\/orato.world\/wp-content\/uploads\/PHOTO-2023-11-26-11-12-01-1-770x1027.jpg 770w, https:\/\/orato.world\/wp-content\/uploads\/PHOTO-2023-11-26-11-12-01-1-300x400.jpg 300w, https:\/\/orato.world\/wp-content\/uploads\/PHOTO-2023-11-26-11-12-01-1.jpg 960w\" sizes=\"auto, (max-width: 768px) 100vw, 768px\" \/><\/figure>\n\n\n\n<figure class=\"wp-block-image size-large\"><img loading=\"lazy\" decoding=\"async\" width=\"768\" height=\"1024\" data-id=\"85240\" src=\"https:\/\/orato.world\/wp-content\/uploads\/PHOTO-2023-11-26-11-12-11-1-768x1024.jpg\" alt=\"\" class=\"wp-image-85240\" srcset=\"https:\/\/orato.world\/wp-content\/uploads\/PHOTO-2023-11-26-11-12-11-1-768x1024.jpg 768w, https:\/\/orato.world\/wp-content\/uploads\/PHOTO-2023-11-26-11-12-11-1-225x300.jpg 225w, https:\/\/orato.world\/wp-content\/uploads\/PHOTO-2023-11-26-11-12-11-1-770x1027.jpg 770w, https:\/\/orato.world\/wp-content\/uploads\/PHOTO-2023-11-26-11-12-11-1-300x400.jpg 300w, https:\/\/orato.world\/wp-content\/uploads\/PHOTO-2023-11-26-11-12-11-1.jpg 960w\" sizes=\"auto, (max-width: 768px) 100vw, 768px\" \/><\/figure>\n\n\n\n<figure class=\"wp-block-image size-large\"><img loading=\"lazy\" decoding=\"async\" width=\"768\" height=\"1024\" data-id=\"85238\" src=\"https:\/\/orato.world\/wp-content\/uploads\/PHOTO-2023-11-27-14-41-44-768x1024.jpg\" alt=\"\" class=\"wp-image-85238\" srcset=\"https:\/\/orato.world\/wp-content\/uploads\/PHOTO-2023-11-27-14-41-44-768x1024.jpg 768w, https:\/\/orato.world\/wp-content\/uploads\/PHOTO-2023-11-27-14-41-44-225x300.jpg 225w, https:\/\/orato.world\/wp-content\/uploads\/PHOTO-2023-11-27-14-41-44-770x1027.jpg 770w, https:\/\/orato.world\/wp-content\/uploads\/PHOTO-2023-11-27-14-41-44-300x400.jpg 300w, https:\/\/orato.world\/wp-content\/uploads\/PHOTO-2023-11-27-14-41-44.jpg 900w\" sizes=\"auto, (max-width: 768px) 100vw, 768px\" \/><\/figure>\n<figcaption class=\"blocks-gallery-caption wp-element-caption\">Im\u00e1genes del campamento donde se alojan Mahmoud y su familia tras ser desplazados por colonos en Cisjordania. <strong>| Fotos cortes\u00eda de Mahmoud Ayed<\/strong><\/figcaption><\/figure>\n\n\n\n<p><\/p>\n\n\n\n<p>Sin electricidad, nos enfrentamos a la oscuridad con desesperaci\u00f3n. A diferencia de Gaza, parece que nuestra situaci\u00f3n en Cisjordania sigue siendo invisible. \u00ab\u00bfD\u00f3nde est\u00e1 nuestra ayuda?\u00bb, me pregunto. \u00ab\u00bfPor qu\u00e9 ninguna organizaci\u00f3n se ha acordado de nosotros?\u00bb A medida que pasan los d\u00edas, me siento olvidado. Mientras mi decepci\u00f3n crece, encuentro consuelo cuando escucho las voces de mis hijos. Encienden esperanza en m\u00ed y encienden mi determinaci\u00f3n de reconstruir nuestras vidas. <\/p>\n\n\n\n<p>Los recuerdos de mi querida aldea ocupan mi mente a diario. En mi imaginaci\u00f3n veo los campos donde pastaban las ovejas, el agua brillando en los pozos y los abundantes olivos. Me transporta a mi infancia, a una hermosa imagen de una vida sin guerra ni dolor. No quiero ser un refugiado para siempre. Quiero ir a casa. <\/p>\n","protected":false},"excerpt":{"rendered":"<p>Los recuerdos de mi querida aldea ocupan mi mente a diario. En mi imaginaci\u00f3n veo los campos donde pastaban las ovejas, el agua brillando en los pozos y los abundantes olivos. <\/p>\n","protected":false},"author":205,"featured_media":85234,"comment_status":"open","ping_status":"open","sticky":false,"template":"","format":"standard","meta":{"_acf_changed":false,"_uag_custom_page_level_css":"","_lmt_disableupdate":"","_lmt_disable":"","footnotes":""},"categories":[260],"tags":[3498,3637,7539,1321,7652,7395,7619,1283,7678,1322],"class_list":["post-85248","post","type-post","status-publish","format-standard","has-post-thumbnail","hentry","category-conflicto","tag-asia-es","tag-asia-russia-es","tag-conflicto-israeli-palestino","tag-gaza-es","tag-guerra-entre-israel-y-hamas","tag-guerra-israelo-palestina","tag-israel-es-2","tag-medio-oriente","tag-violencia-de-los-colonos","tag-west-bank-es"],"acf":[],"yoast_head":"<!-- This site is optimized with the Yoast SEO Premium plugin v27.5 (Yoast SEO v27.5) - https:\/\/yoast.com\/product\/yoast-seo-premium-wordpress\/ -->\n<title>Una familia de Cisjordania vive en una tienda de campa\u00f1a despu\u00e9s de que colonos israel\u00edes atacaran una aldea.<\/title>\n<meta name=\"description\" content=\"Una familia de Cisjordania vive en una tienda de campa\u00f1a despu\u00e9s de que los colonos israel\u00edes atacaran una aldea palestina al sur de la colina de Hebr\u00f3n: &quot;S\u00f3lo quiero volver a casa&quot;\" \/>\n<meta name=\"robots\" content=\"index, follow, max-snippet:-1, max-image-preview:large, max-video-preview:-1\" \/>\n<link rel=\"canonical\" href=\"https:\/\/orato.world\/es\/2023\/12\/07\/una-familia-de-cisjordania-vive-en-una-tienda-de-campana-despues-de-que-colonos-israelies-atacaran-una-aldea-palestina-al-sur-de-la-colina-de-hebron\/\" \/>\n<meta property=\"og:locale\" content=\"es_ES\" \/>\n<meta property=\"og:type\" content=\"article\" \/>\n<meta property=\"og:title\" content=\"Una familia de Cisjordania vive en una tienda de campa\u00f1a despu\u00e9s de que colonos israel\u00edes atacaran una aldea palestina al sur de la colina de Hebr\u00f3n.\" \/>\n<meta property=\"og:description\" content=\"Una familia de Cisjordania vive en una tienda de campa\u00f1a despu\u00e9s de que los colonos israel\u00edes atacaran una aldea palestina al sur de la colina de Hebr\u00f3n: &quot;S\u00f3lo quiero volver a casa&quot;\" \/>\n<meta property=\"og:url\" content=\"https:\/\/orato.world\/es\/2023\/12\/07\/una-familia-de-cisjordania-vive-en-una-tienda-de-campana-despues-de-que-colonos-israelies-atacaran-una-aldea-palestina-al-sur-de-la-colina-de-hebron\/\" \/>\n<meta property=\"og:site_name\" content=\"Orato\" \/>\n<meta property=\"article:publisher\" content=\"https:\/\/www.facebook.com\/OratoWorld\/\" \/>\n<meta property=\"article:published_time\" content=\"2023-12-07T14:27:21+00:00\" \/>\n<meta property=\"article:modified_time\" content=\"2023-12-10T22:49:44+00:00\" \/>\n<meta property=\"og:image\" content=\"https:\/\/orato.world\/wp-content\/uploads\/PHOTO-2023-11-26-11-16-24-1.jpg\" \/>\n\t<meta property=\"og:image:width\" content=\"1200\" \/>\n\t<meta property=\"og:image:height\" content=\"900\" \/>\n\t<meta property=\"og:image:type\" content=\"image\/jpeg\" \/>\n<meta name=\"author\" content=\"Mahasen Hawary\" \/>\n<meta name=\"twitter:card\" content=\"summary_large_image\" \/>\n<meta name=\"twitter:creator\" content=\"@oratoworld\" \/>\n<meta name=\"twitter:site\" content=\"@oratoworld\" \/>\n<meta name=\"twitter:label1\" content=\"Escrito por\" \/>\n\t<meta name=\"twitter:data1\" content=\"Mahasen Hawary\" \/>\n\t<meta name=\"twitter:label2\" content=\"Tiempo de lectura\" \/>\n\t<meta name=\"twitter:data2\" content=\"4 minutos\" \/>\n<script type=\"application\/ld+json\" class=\"yoast-schema-graph\">{\"@context\":\"https:\\\/\\\/schema.org\",\"@graph\":[{\"@type\":\"NewsArticle\",\"@id\":\"https:\\\/\\\/orato.world\\\/es\\\/2023\\\/12\\\/07\\\/una-familia-de-cisjordania-vive-en-una-tienda-de-campana-despues-de-que-colonos-israelies-atacaran-una-aldea-palestina-al-sur-de-la-colina-de-hebron\\\/#article\",\"isPartOf\":{\"@id\":\"https:\\\/\\\/orato.world\\\/es\\\/2023\\\/12\\\/07\\\/una-familia-de-cisjordania-vive-en-una-tienda-de-campana-despues-de-que-colonos-israelies-atacaran-una-aldea-palestina-al-sur-de-la-colina-de-hebron\\\/\"},\"author\":{\"name\":\"Mahasen Hawary\",\"@id\":\"https:\\\/\\\/orato.world\\\/es\\\/#\\\/schema\\\/person\\\/b9c248ce8c25d05ac3b0afae6dfe115a\"},\"headline\":\"Una familia de Cisjordania vive en una tienda de campa\u00f1a despu\u00e9s de que colonos israel\u00edes atacaran una aldea palestina al sur de la colina de Hebr\u00f3n.\",\"datePublished\":\"2023-12-07T14:27:21+00:00\",\"dateModified\":\"2023-12-10T22:49:44+00:00\",\"mainEntityOfPage\":{\"@id\":\"https:\\\/\\\/orato.world\\\/es\\\/2023\\\/12\\\/07\\\/una-familia-de-cisjordania-vive-en-una-tienda-de-campana-despues-de-que-colonos-israelies-atacaran-una-aldea-palestina-al-sur-de-la-colina-de-hebron\\\/\"},\"wordCount\":839,\"commentCount\":0,\"publisher\":{\"@id\":\"https:\\\/\\\/orato.world\\\/es\\\/#organization\"},\"image\":{\"@id\":\"https:\\\/\\\/orato.world\\\/es\\\/2023\\\/12\\\/07\\\/una-familia-de-cisjordania-vive-en-una-tienda-de-campana-despues-de-que-colonos-israelies-atacaran-una-aldea-palestina-al-sur-de-la-colina-de-hebron\\\/#primaryimage\"},\"thumbnailUrl\":\"https:\\\/\\\/orato.world\\\/wp-content\\\/uploads\\\/PHOTO-2023-11-26-11-16-24-1.jpg\",\"keywords\":[\"Asia\",\"Asia &amp; Russia\",\"Conflicto israel\u00ed-palestino\",\"Gaza\",\"Guerra entre Israel y Ham\u00e1s\",\"Guerra israelo-palestina\",\"Israel\",\"Medio Oriente\",\"violencia de los colonos\",\"West Bank\"],\"articleSection\":[\"Conflicto\"],\"inLanguage\":\"es\",\"potentialAction\":[{\"@type\":\"CommentAction\",\"name\":\"Comment\",\"target\":[\"https:\\\/\\\/orato.world\\\/es\\\/2023\\\/12\\\/07\\\/una-familia-de-cisjordania-vive-en-una-tienda-de-campana-despues-de-que-colonos-israelies-atacaran-una-aldea-palestina-al-sur-de-la-colina-de-hebron\\\/#respond\"]}]},{\"@type\":\"WebPage\",\"@id\":\"https:\\\/\\\/orato.world\\\/es\\\/2023\\\/12\\\/07\\\/una-familia-de-cisjordania-vive-en-una-tienda-de-campana-despues-de-que-colonos-israelies-atacaran-una-aldea-palestina-al-sur-de-la-colina-de-hebron\\\/\",\"url\":\"https:\\\/\\\/orato.world\\\/es\\\/2023\\\/12\\\/07\\\/una-familia-de-cisjordania-vive-en-una-tienda-de-campana-despues-de-que-colonos-israelies-atacaran-una-aldea-palestina-al-sur-de-la-colina-de-hebron\\\/\",\"name\":\"Una familia de Cisjordania vive en una tienda de campa\u00f1a despu\u00e9s de que colonos israel\u00edes atacaran una aldea.\",\"isPartOf\":{\"@id\":\"https:\\\/\\\/orato.world\\\/es\\\/#website\"},\"primaryImageOfPage\":{\"@id\":\"https:\\\/\\\/orato.world\\\/es\\\/2023\\\/12\\\/07\\\/una-familia-de-cisjordania-vive-en-una-tienda-de-campana-despues-de-que-colonos-israelies-atacaran-una-aldea-palestina-al-sur-de-la-colina-de-hebron\\\/#primaryimage\"},\"image\":{\"@id\":\"https:\\\/\\\/orato.world\\\/es\\\/2023\\\/12\\\/07\\\/una-familia-de-cisjordania-vive-en-una-tienda-de-campana-despues-de-que-colonos-israelies-atacaran-una-aldea-palestina-al-sur-de-la-colina-de-hebron\\\/#primaryimage\"},\"thumbnailUrl\":\"https:\\\/\\\/orato.world\\\/wp-content\\\/uploads\\\/PHOTO-2023-11-26-11-16-24-1.jpg\",\"datePublished\":\"2023-12-07T14:27:21+00:00\",\"dateModified\":\"2023-12-10T22:49:44+00:00\",\"description\":\"Una familia de Cisjordania vive en una tienda de campa\u00f1a despu\u00e9s de que los colonos israel\u00edes atacaran una aldea palestina al sur de la colina de Hebr\u00f3n: \\\"S\u00f3lo quiero volver a casa\\\"\",\"breadcrumb\":{\"@id\":\"https:\\\/\\\/orato.world\\\/es\\\/2023\\\/12\\\/07\\\/una-familia-de-cisjordania-vive-en-una-tienda-de-campana-despues-de-que-colonos-israelies-atacaran-una-aldea-palestina-al-sur-de-la-colina-de-hebron\\\/#breadcrumb\"},\"inLanguage\":\"es\",\"potentialAction\":[{\"@type\":\"ReadAction\",\"target\":[\"https:\\\/\\\/orato.world\\\/es\\\/2023\\\/12\\\/07\\\/una-familia-de-cisjordania-vive-en-una-tienda-de-campana-despues-de-que-colonos-israelies-atacaran-una-aldea-palestina-al-sur-de-la-colina-de-hebron\\\/\"]}]},{\"@type\":\"ImageObject\",\"inLanguage\":\"es\",\"@id\":\"https:\\\/\\\/orato.world\\\/es\\\/2023\\\/12\\\/07\\\/una-familia-de-cisjordania-vive-en-una-tienda-de-campana-despues-de-que-colonos-israelies-atacaran-una-aldea-palestina-al-sur-de-la-colina-de-hebron\\\/#primaryimage\",\"url\":\"https:\\\/\\\/orato.world\\\/wp-content\\\/uploads\\\/PHOTO-2023-11-26-11-16-24-1.jpg\",\"contentUrl\":\"https:\\\/\\\/orato.world\\\/wp-content\\\/uploads\\\/PHOTO-2023-11-26-11-16-24-1.jpg\",\"width\":1200,\"height\":900,\"caption\":\"Mahmoud's children stand in front of the tent where the family lives now, after being displaced from their West Bank home by Israeli settlers. | Photo courtesy of Mahmoud Ayed\"},{\"@type\":\"BreadcrumbList\",\"@id\":\"https:\\\/\\\/orato.world\\\/es\\\/2023\\\/12\\\/07\\\/una-familia-de-cisjordania-vive-en-una-tienda-de-campana-despues-de-que-colonos-israelies-atacaran-una-aldea-palestina-al-sur-de-la-colina-de-hebron\\\/#breadcrumb\",\"itemListElement\":[{\"@type\":\"ListItem\",\"position\":1,\"name\":\"Home\",\"item\":\"https:\\\/\\\/orato.world\\\/es\\\/\"},{\"@type\":\"ListItem\",\"position\":2,\"name\":\"Una familia de Cisjordania vive en una tienda de campa\u00f1a despu\u00e9s de que colonos israel\u00edes atacaran una aldea palestina al sur de la colina de Hebr\u00f3n.\"}]},{\"@type\":\"WebSite\",\"@id\":\"https:\\\/\\\/orato.world\\\/es\\\/#website\",\"url\":\"https:\\\/\\\/orato.world\\\/es\\\/\",\"name\":\"Orato\",\"description\":\"True Stories. Real People\",\"publisher\":{\"@id\":\"https:\\\/\\\/orato.world\\\/es\\\/#organization\"},\"potentialAction\":[{\"@type\":\"SearchAction\",\"target\":{\"@type\":\"EntryPoint\",\"urlTemplate\":\"https:\\\/\\\/orato.world\\\/es\\\/?s={search_term_string}\"},\"query-input\":{\"@type\":\"PropertyValueSpecification\",\"valueRequired\":true,\"valueName\":\"search_term_string\"}}],\"inLanguage\":\"es\"},{\"@type\":\"Organization\",\"@id\":\"https:\\\/\\\/orato.world\\\/es\\\/#organization\",\"name\":\"Orato World Media Inc.\",\"url\":\"https:\\\/\\\/orato.world\\\/es\\\/\",\"logo\":{\"@type\":\"ImageObject\",\"inLanguage\":\"es\",\"@id\":\"https:\\\/\\\/orato.world\\\/es\\\/#\\\/schema\\\/logo\\\/image\\\/\",\"url\":\"https:\\\/\\\/orato.world\\\/wp-content\\\/uploads\\\/2020\\\/07\\\/orato-logo-transparent.png\",\"contentUrl\":\"https:\\\/\\\/orato.world\\\/wp-content\\\/uploads\\\/2020\\\/07\\\/orato-logo-transparent.png\",\"width\":78,\"height\":73,\"caption\":\"Orato World Media Inc.\"},\"image\":{\"@id\":\"https:\\\/\\\/orato.world\\\/es\\\/#\\\/schema\\\/logo\\\/image\\\/\"},\"sameAs\":[\"https:\\\/\\\/www.facebook.com\\\/OratoWorld\\\/\",\"https:\\\/\\\/x.com\\\/oratoworld\",\"https:\\\/\\\/www.instagram.com\\\/oratoworld\",\"https:\\\/\\\/www.linkedin.com\\\/company\\\/42308818\\\/\"]},{\"@type\":\"Person\",\"@id\":\"https:\\\/\\\/orato.world\\\/es\\\/#\\\/schema\\\/person\\\/b9c248ce8c25d05ac3b0afae6dfe115a\",\"name\":\"Mahasen Hawary\",\"image\":{\"@type\":\"ImageObject\",\"inLanguage\":\"es\",\"@id\":\"https:\\\/\\\/secure.gravatar.com\\\/avatar\\\/f4699e50c4c6943fdcbdf6f195551255287921195084943cbccb4fc770cfcf45?s=96&d=mm&r=g\",\"url\":\"https:\\\/\\\/secure.gravatar.com\\\/avatar\\\/f4699e50c4c6943fdcbdf6f195551255287921195084943cbccb4fc770cfcf45?s=96&d=mm&r=g\",\"contentUrl\":\"https:\\\/\\\/secure.gravatar.com\\\/avatar\\\/f4699e50c4c6943fdcbdf6f195551255287921195084943cbccb4fc770cfcf45?s=96&d=mm&r=g\",\"caption\":\"Mahasen Hawary\"},\"description\":\"Mahasen Elhawary\u00a0is an Egyptian seasoned professional in mass communication and journalism, based in London, United Kingdom. With over a decade of experience, Mahasen has contributed significantly to the field, specializing in journalism, translation, and social media. Her career journey has seen her work as a Senior Journalist at Akhbar El Yom Foundation, where she covered international film festivals, interviewed movie stars and filmmakers, and offered valuable insights as a movie critic. Mahasen's expertise extends to content creation, investigative reporting, and documentary production. She is also a skilled translator, having translated news, articles, and current affairs from international press for Alakhbar daily newspaper.\",\"url\":\"https:\\\/\\\/orato.world\\\/es\\\/author\\\/mahasen-hawary\\\/\"}]}<\/script>\n<!-- \/ Yoast SEO Premium plugin. -->","yoast_head_json":{"title":"Una familia de Cisjordania vive en una tienda de campa\u00f1a despu\u00e9s de que colonos israel\u00edes atacaran una aldea.","description":"Una familia de Cisjordania vive en una tienda de campa\u00f1a despu\u00e9s de que los colonos israel\u00edes atacaran una aldea palestina al sur de la colina de Hebr\u00f3n: \"S\u00f3lo quiero volver a casa\"","robots":{"index":"index","follow":"follow","max-snippet":"max-snippet:-1","max-image-preview":"max-image-preview:large","max-video-preview":"max-video-preview:-1"},"canonical":"https:\/\/orato.world\/es\/2023\/12\/07\/una-familia-de-cisjordania-vive-en-una-tienda-de-campana-despues-de-que-colonos-israelies-atacaran-una-aldea-palestina-al-sur-de-la-colina-de-hebron\/","og_locale":"es_ES","og_type":"article","og_title":"Una familia de Cisjordania vive en una tienda de campa\u00f1a despu\u00e9s de que colonos israel\u00edes atacaran una aldea palestina al sur de la colina de Hebr\u00f3n.","og_description":"Una familia de Cisjordania vive en una tienda de campa\u00f1a despu\u00e9s de que los colonos israel\u00edes atacaran una aldea palestina al sur de la colina de Hebr\u00f3n: \"S\u00f3lo quiero volver a casa\"","og_url":"https:\/\/orato.world\/es\/2023\/12\/07\/una-familia-de-cisjordania-vive-en-una-tienda-de-campana-despues-de-que-colonos-israelies-atacaran-una-aldea-palestina-al-sur-de-la-colina-de-hebron\/","og_site_name":"Orato","article_publisher":"https:\/\/www.facebook.com\/OratoWorld\/","article_published_time":"2023-12-07T14:27:21+00:00","article_modified_time":"2023-12-10T22:49:44+00:00","og_image":[{"width":1200,"height":900,"url":"https:\/\/orato.world\/wp-content\/uploads\/PHOTO-2023-11-26-11-16-24-1.jpg","type":"image\/jpeg"}],"author":"Mahasen Hawary","twitter_card":"summary_large_image","twitter_creator":"@oratoworld","twitter_site":"@oratoworld","twitter_misc":{"Escrito por":"Mahasen Hawary","Tiempo de lectura":"4 minutos"},"schema":{"@context":"https:\/\/schema.org","@graph":[{"@type":"NewsArticle","@id":"https:\/\/orato.world\/es\/2023\/12\/07\/una-familia-de-cisjordania-vive-en-una-tienda-de-campana-despues-de-que-colonos-israelies-atacaran-una-aldea-palestina-al-sur-de-la-colina-de-hebron\/#article","isPartOf":{"@id":"https:\/\/orato.world\/es\/2023\/12\/07\/una-familia-de-cisjordania-vive-en-una-tienda-de-campana-despues-de-que-colonos-israelies-atacaran-una-aldea-palestina-al-sur-de-la-colina-de-hebron\/"},"author":{"name":"Mahasen Hawary","@id":"https:\/\/orato.world\/es\/#\/schema\/person\/b9c248ce8c25d05ac3b0afae6dfe115a"},"headline":"Una familia de Cisjordania vive en una tienda de campa\u00f1a despu\u00e9s de que colonos israel\u00edes atacaran una aldea palestina al sur de la colina de Hebr\u00f3n.","datePublished":"2023-12-07T14:27:21+00:00","dateModified":"2023-12-10T22:49:44+00:00","mainEntityOfPage":{"@id":"https:\/\/orato.world\/es\/2023\/12\/07\/una-familia-de-cisjordania-vive-en-una-tienda-de-campana-despues-de-que-colonos-israelies-atacaran-una-aldea-palestina-al-sur-de-la-colina-de-hebron\/"},"wordCount":839,"commentCount":0,"publisher":{"@id":"https:\/\/orato.world\/es\/#organization"},"image":{"@id":"https:\/\/orato.world\/es\/2023\/12\/07\/una-familia-de-cisjordania-vive-en-una-tienda-de-campana-despues-de-que-colonos-israelies-atacaran-una-aldea-palestina-al-sur-de-la-colina-de-hebron\/#primaryimage"},"thumbnailUrl":"https:\/\/orato.world\/wp-content\/uploads\/PHOTO-2023-11-26-11-16-24-1.jpg","keywords":["Asia","Asia &amp; Russia","Conflicto israel\u00ed-palestino","Gaza","Guerra entre Israel y Ham\u00e1s","Guerra israelo-palestina","Israel","Medio Oriente","violencia de los colonos","West Bank"],"articleSection":["Conflicto"],"inLanguage":"es","potentialAction":[{"@type":"CommentAction","name":"Comment","target":["https:\/\/orato.world\/es\/2023\/12\/07\/una-familia-de-cisjordania-vive-en-una-tienda-de-campana-despues-de-que-colonos-israelies-atacaran-una-aldea-palestina-al-sur-de-la-colina-de-hebron\/#respond"]}]},{"@type":"WebPage","@id":"https:\/\/orato.world\/es\/2023\/12\/07\/una-familia-de-cisjordania-vive-en-una-tienda-de-campana-despues-de-que-colonos-israelies-atacaran-una-aldea-palestina-al-sur-de-la-colina-de-hebron\/","url":"https:\/\/orato.world\/es\/2023\/12\/07\/una-familia-de-cisjordania-vive-en-una-tienda-de-campana-despues-de-que-colonos-israelies-atacaran-una-aldea-palestina-al-sur-de-la-colina-de-hebron\/","name":"Una familia de Cisjordania vive en una tienda de campa\u00f1a despu\u00e9s de que colonos israel\u00edes atacaran una aldea.","isPartOf":{"@id":"https:\/\/orato.world\/es\/#website"},"primaryImageOfPage":{"@id":"https:\/\/orato.world\/es\/2023\/12\/07\/una-familia-de-cisjordania-vive-en-una-tienda-de-campana-despues-de-que-colonos-israelies-atacaran-una-aldea-palestina-al-sur-de-la-colina-de-hebron\/#primaryimage"},"image":{"@id":"https:\/\/orato.world\/es\/2023\/12\/07\/una-familia-de-cisjordania-vive-en-una-tienda-de-campana-despues-de-que-colonos-israelies-atacaran-una-aldea-palestina-al-sur-de-la-colina-de-hebron\/#primaryimage"},"thumbnailUrl":"https:\/\/orato.world\/wp-content\/uploads\/PHOTO-2023-11-26-11-16-24-1.jpg","datePublished":"2023-12-07T14:27:21+00:00","dateModified":"2023-12-10T22:49:44+00:00","description":"Una familia de Cisjordania vive en una tienda de campa\u00f1a despu\u00e9s de que los colonos israel\u00edes atacaran una aldea palestina al sur de la colina de Hebr\u00f3n: \"S\u00f3lo quiero volver a casa\"","breadcrumb":{"@id":"https:\/\/orato.world\/es\/2023\/12\/07\/una-familia-de-cisjordania-vive-en-una-tienda-de-campana-despues-de-que-colonos-israelies-atacaran-una-aldea-palestina-al-sur-de-la-colina-de-hebron\/#breadcrumb"},"inLanguage":"es","potentialAction":[{"@type":"ReadAction","target":["https:\/\/orato.world\/es\/2023\/12\/07\/una-familia-de-cisjordania-vive-en-una-tienda-de-campana-despues-de-que-colonos-israelies-atacaran-una-aldea-palestina-al-sur-de-la-colina-de-hebron\/"]}]},{"@type":"ImageObject","inLanguage":"es","@id":"https:\/\/orato.world\/es\/2023\/12\/07\/una-familia-de-cisjordania-vive-en-una-tienda-de-campana-despues-de-que-colonos-israelies-atacaran-una-aldea-palestina-al-sur-de-la-colina-de-hebron\/#primaryimage","url":"https:\/\/orato.world\/wp-content\/uploads\/PHOTO-2023-11-26-11-16-24-1.jpg","contentUrl":"https:\/\/orato.world\/wp-content\/uploads\/PHOTO-2023-11-26-11-16-24-1.jpg","width":1200,"height":900,"caption":"Mahmoud's children stand in front of the tent where the family lives now, after being displaced from their West Bank home by Israeli settlers. | Photo courtesy of Mahmoud Ayed"},{"@type":"BreadcrumbList","@id":"https:\/\/orato.world\/es\/2023\/12\/07\/una-familia-de-cisjordania-vive-en-una-tienda-de-campana-despues-de-que-colonos-israelies-atacaran-una-aldea-palestina-al-sur-de-la-colina-de-hebron\/#breadcrumb","itemListElement":[{"@type":"ListItem","position":1,"name":"Home","item":"https:\/\/orato.world\/es\/"},{"@type":"ListItem","position":2,"name":"Una familia de Cisjordania vive en una tienda de campa\u00f1a despu\u00e9s de que colonos israel\u00edes atacaran una aldea palestina al sur de la colina de Hebr\u00f3n."}]},{"@type":"WebSite","@id":"https:\/\/orato.world\/es\/#website","url":"https:\/\/orato.world\/es\/","name":"Orato","description":"True Stories. Real People","publisher":{"@id":"https:\/\/orato.world\/es\/#organization"},"potentialAction":[{"@type":"SearchAction","target":{"@type":"EntryPoint","urlTemplate":"https:\/\/orato.world\/es\/?s={search_term_string}"},"query-input":{"@type":"PropertyValueSpecification","valueRequired":true,"valueName":"search_term_string"}}],"inLanguage":"es"},{"@type":"Organization","@id":"https:\/\/orato.world\/es\/#organization","name":"Orato World Media Inc.","url":"https:\/\/orato.world\/es\/","logo":{"@type":"ImageObject","inLanguage":"es","@id":"https:\/\/orato.world\/es\/#\/schema\/logo\/image\/","url":"https:\/\/orato.world\/wp-content\/uploads\/2020\/07\/orato-logo-transparent.png","contentUrl":"https:\/\/orato.world\/wp-content\/uploads\/2020\/07\/orato-logo-transparent.png","width":78,"height":73,"caption":"Orato World Media Inc."},"image":{"@id":"https:\/\/orato.world\/es\/#\/schema\/logo\/image\/"},"sameAs":["https:\/\/www.facebook.com\/OratoWorld\/","https:\/\/x.com\/oratoworld","https:\/\/www.instagram.com\/oratoworld","https:\/\/www.linkedin.com\/company\/42308818\/"]},{"@type":"Person","@id":"https:\/\/orato.world\/es\/#\/schema\/person\/b9c248ce8c25d05ac3b0afae6dfe115a","name":"Mahasen Hawary","image":{"@type":"ImageObject","inLanguage":"es","@id":"https:\/\/secure.gravatar.com\/avatar\/f4699e50c4c6943fdcbdf6f195551255287921195084943cbccb4fc770cfcf45?s=96&d=mm&r=g","url":"https:\/\/secure.gravatar.com\/avatar\/f4699e50c4c6943fdcbdf6f195551255287921195084943cbccb4fc770cfcf45?s=96&d=mm&r=g","contentUrl":"https:\/\/secure.gravatar.com\/avatar\/f4699e50c4c6943fdcbdf6f195551255287921195084943cbccb4fc770cfcf45?s=96&d=mm&r=g","caption":"Mahasen Hawary"},"description":"Mahasen Elhawary\u00a0is an Egyptian seasoned professional in mass communication and journalism, based in London, United Kingdom. With over a decade of experience, Mahasen has contributed significantly to the field, specializing in journalism, translation, and social media. Her career journey has seen her work as a Senior Journalist at Akhbar El Yom Foundation, where she covered international film festivals, interviewed movie stars and filmmakers, and offered valuable insights as a movie critic. Mahasen's expertise extends to content creation, investigative reporting, and documentary production. She is also a skilled translator, having translated news, articles, and current affairs from international press for Alakhbar daily newspaper.","url":"https:\/\/orato.world\/es\/author\/mahasen-hawary\/"}]}},"modified_by":"Stephen","uagb_featured_image_src":{"full":["https:\/\/orato.world\/wp-content\/uploads\/PHOTO-2023-11-26-11-16-24-1.jpg",1200,900,false],"thumbnail":["https:\/\/orato.world\/wp-content\/uploads\/PHOTO-2023-11-26-11-16-24-1-100x100.jpg",100,100,true],"medium":["https:\/\/orato.world\/wp-content\/uploads\/PHOTO-2023-11-26-11-16-24-1-300x225.jpg",300,225,true],"medium_large":["https:\/\/orato.world\/wp-content\/uploads\/PHOTO-2023-11-26-11-16-24-1-770x578.jpg",640,480,true],"large":["https:\/\/orato.world\/wp-content\/uploads\/PHOTO-2023-11-26-11-16-24-1-1024x768.jpg",640,480,true],"1536x1536":["https:\/\/orato.world\/wp-content\/uploads\/PHOTO-2023-11-26-11-16-24-1.jpg",1200,900,false],"2048x2048":["https:\/\/orato.world\/wp-content\/uploads\/PHOTO-2023-11-26-11-16-24-1.jpg",1200,900,false],"gallery-size":["https:\/\/orato.world\/wp-content\/uploads\/PHOTO-2023-11-26-11-16-24-1-533x400.jpg",533,400,true],"lets-review-360-240":["https:\/\/orato.world\/wp-content\/uploads\/PHOTO-2023-11-26-11-16-24-1-360x240.jpg",360,240,true],"gform-image-choice-sm":["https:\/\/orato.world\/wp-content\/uploads\/PHOTO-2023-11-26-11-16-24-1.jpg",300,225,false],"gform-image-choice-md":["https:\/\/orato.world\/wp-content\/uploads\/PHOTO-2023-11-26-11-16-24-1.jpg",400,300,false],"gform-image-choice-lg":["https:\/\/orato.world\/wp-content\/uploads\/PHOTO-2023-11-26-11-16-24-1.jpg",600,450,false],"awsm_team":["https:\/\/orato.world\/wp-content\/uploads\/PHOTO-2023-11-26-11-16-24-1-500x500.jpg",500,500,true]},"uagb_author_info":{"display_name":"Mahasen Hawary","author_link":"https:\/\/orato.world\/es\/author\/mahasen-hawary\/"},"uagb_comment_info":0,"uagb_excerpt":"Los recuerdos de mi querida aldea ocupan mi mente a diario. En mi imaginaci\u00f3n veo los campos donde pastaban las ovejas, el agua brillando en los pozos y los abundantes olivos.","_links":{"self":[{"href":"https:\/\/orato.world\/es\/wp-json\/wp\/v2\/posts\/85248","targetHints":{"allow":["GET"]}}],"collection":[{"href":"https:\/\/orato.world\/es\/wp-json\/wp\/v2\/posts"}],"about":[{"href":"https:\/\/orato.world\/es\/wp-json\/wp\/v2\/types\/post"}],"author":[{"embeddable":true,"href":"https:\/\/orato.world\/es\/wp-json\/wp\/v2\/users\/205"}],"replies":[{"embeddable":true,"href":"https:\/\/orato.world\/es\/wp-json\/wp\/v2\/comments?post=85248"}],"version-history":[{"count":4,"href":"https:\/\/orato.world\/es\/wp-json\/wp\/v2\/posts\/85248\/revisions"}],"predecessor-version":[{"id":85337,"href":"https:\/\/orato.world\/es\/wp-json\/wp\/v2\/posts\/85248\/revisions\/85337"}],"wp:featuredmedia":[{"embeddable":true,"href":"https:\/\/orato.world\/es\/wp-json\/wp\/v2\/media\/85234"}],"wp:attachment":[{"href":"https:\/\/orato.world\/es\/wp-json\/wp\/v2\/media?parent=85248"}],"wp:term":[{"taxonomy":"category","embeddable":true,"href":"https:\/\/orato.world\/es\/wp-json\/wp\/v2\/categories?post=85248"},{"taxonomy":"post_tag","embeddable":true,"href":"https:\/\/orato.world\/es\/wp-json\/wp\/v2\/tags?post=85248"}],"curies":[{"name":"wp","href":"https:\/\/api.w.org\/{rel}","templated":true}]}}