{"id":86244,"date":"2024-01-01T04:06:14","date_gmt":"2024-01-01T12:06:14","guid":{"rendered":"https:\/\/orato.world\/?p=86244"},"modified":"2024-01-04T04:53:57","modified_gmt":"2024-01-04T12:53:57","slug":"palestina-de-20-anos-encarcelada-por-una-publicacion-en-las-redes-sociales-relata-su-terrible-experiencia-en-una-prision-israeli","status":"publish","type":"post","link":"https:\/\/orato.world\/es\/2024\/01\/01\/palestina-de-20-anos-encarcelada-por-una-publicacion-en-las-redes-sociales-relata-su-terrible-experiencia-en-una-prision-israeli\/","title":{"rendered":"Palestina, de 20 a\u00f1os, encarcelada por una publicaci\u00f3n en las redes sociales, relata su terrible experiencia en una prisi\u00f3n israel\u00ed."},"content":{"rendered":"<div class=\"lets-info-up-wrap  lets-info-up--right lets-info-up--m-1 lets-info-up-skin-1 lets-info-up--side\">\t\t\t<div class=\"lets-info-up\">\r\n\t\t\t<div class=\"lets-info-up-fi\"><img loading=\"lazy\" decoding=\"async\" width=\"366\" height=\"366\" src=\"https:\/\/orato.world\/wp-content\/uploads\/2DA59D1E-EDB9-46EC-8F22-FEF37DA5881A_1_201_a.jpeg\" class=\"attachment-lets-info-up-d1 size-lets-info-up-d1\" alt=\"Hanin Al-Masaid\" srcset=\"https:\/\/orato.world\/wp-content\/uploads\/2DA59D1E-EDB9-46EC-8F22-FEF37DA5881A_1_201_a.jpeg 366w, https:\/\/orato.world\/wp-content\/uploads\/2DA59D1E-EDB9-46EC-8F22-FEF37DA5881A_1_201_a-300x300.jpeg 300w, https:\/\/orato.world\/wp-content\/uploads\/2DA59D1E-EDB9-46EC-8F22-FEF37DA5881A_1_201_a-100x100.jpeg 100w, https:\/\/orato.world\/wp-content\/uploads\/2DA59D1E-EDB9-46EC-8F22-FEF37DA5881A_1_201_a-150x150.jpeg 150w, https:\/\/orato.world\/wp-content\/uploads\/2DA59D1E-EDB9-46EC-8F22-FEF37DA5881A_1_201_a-70x70.jpeg 70w, https:\/\/orato.world\/wp-content\/uploads\/2DA59D1E-EDB9-46EC-8F22-FEF37DA5881A_1_201_a-293x293.jpeg 293w\" sizes=\"auto, (max-width: 366px) 100vw, 366px\" \/><\/div>\t\t\t<div class=\"lets-info-up-block-wrap\">\r\n\t\t\t\t<div class=\"lets-info-up-block lets-info-up-meta-block\"><div class=\"lets-info-up-meta-title lets-info-up-pretitle font-h\">JOURNALIST&#8217;S NOTES<\/div><\/div><div class=\"lets-info-up-block lets-info-up-meta-block\"><div class=\"lets-info-up-meta-title lets-info-up-pretitle font-h\">Protagonista<\/div><div class=\"lets-info-up-meta-content lets-info-up-title font-b\">Hanin Al-Masa&#8217;id es una estudiante universitaria palestina de unos veinte a\u00f1os que vive en Bel\u00e9n, en Cisjordania. A Hanane le encanta cantar y lo practica con regularidad. Ella cree que cantar trasciende todas las fronteras y acerca a las personas. Fue arrestada por las autoridades israel\u00edes el 10 de noviembre de 2023, luego de expresar su solidaridad con Gaza en las redes sociales. Fue liberada recientemente tras un acuerdo mediado por Qatar entre Israel y Ham\u00e1s, que implicaba el intercambio de prisioneros palestinos de c\u00e1rceles israel\u00edes por rehenes israel\u00edes tomados por Ham\u00e1s despu\u00e9s del ataque del 7 de octubre.<\/div><\/div><div class=\"lets-info-up-block lets-info-up-meta-block\"><div class=\"lets-info-up-meta-title lets-info-up-pretitle font-h\">contexto<\/div><div class=\"lets-info-up-meta-content lets-info-up-title font-b\">Israel y Ham\u00e1s llegaron a un acuerdo para intercambiar 50 rehenes retenidos en Gaza a cambio de una pausa en los combates, la liberaci\u00f3n de 150 palestinos retenidos en c\u00e1rceles israel\u00edes y un aumento significativo en la cantidad de ayuda humanitaria permitida a Gaza. Como mediador, Qatar ampli\u00f3 con \u00e9xito la pausa de cuatro a siete d\u00edas. El presidente de Estados Unidos dijo que el acuerdo pondr\u00e1 fin a la \u00absufrimiento indescriptible\u00bb de los rehenes y \u00abaliviar\u00e1 el sufrimiento de familias palestinas inocentes\u00bb. El gobierno israel\u00ed prometi\u00f3 completar su guerra para eliminar a Ham\u00e1s y devolver al resto de los m\u00e1s de 200 rehenes que hombres armados de Ham\u00e1s secuestraron durante un ataque transfronterizo al sur de Israel el 7 de octubre de 2023, en el que murieron 1.200 personas.<\/div><\/div>\t\t\t<\/div>\r\n\t\t\t<\/div>\r\n\t\t<\/div>\r\n\t\t\n\n\n<p>BEL\u00c9N, Cisjordania \u2014 Durante mucho tiempo escuch\u00e9 historias de personas detenidas por funcionarios israel\u00edes por cuestiones triviales. Algunos permanecieron indefinidamente, sin juicio. Nunca imagin\u00e9 que alg\u00fan d\u00eda esta ser\u00eda mi historia, ya que nunca hice nada que justificara un arresto. Viv\u00edamos en Cisjordania, donde la seguridad era relativamente estable en ese momento.<\/p>\n\n\n\n<p>Sin embargo, despu\u00e9s del ataque de Ham\u00e1s a Israel el 7 de octubre de 2023, que provoc\u00f3 la muerte de 1.200 israel\u00edes, toda mi vida dio un vuelco. Motivada por la muerte de miles de palestinos en Gaza, escrib\u00ed algunas palabras en las redes sociales indicando mi solidaridad con ellos. Cualquier muestra de apoyo a Gaza parec\u00eda prohibida y a los funcionarios israel\u00edes no les gustaba. Entonces, el 10 de octubre de 2023, a la edad de 20 a\u00f1os, comenz\u00f3 mi vida como prisionera.<\/p>\n\n\n\n<p><strong><em><a href=\"https:\/\/orato.world\/?s=gaza\">Lea m\u00e1s historias sobre la guerra entre Israel y Palestina en Orate World Media. <\/a><\/em><\/strong><\/p>\n\n\n\n<h2 class=\"wp-block-heading\" id=\"h-a-los-20-anos-pase-de-refugiada-palestina-a-prisionera\"><strong>A los 20 a\u00f1os pas\u00e9 de refugiada palestina a prisionera<\/strong><\/h2>\n\n\n\n<p>Esta guerra y mi arresto no son la primera experiencia tr\u00e1gica que mi familia enfrent\u00f3 a manos de las autoridades israel\u00edes. En 1967, mi familia perdi\u00f3 su historia y cultura en la guerra de seis a\u00f1os entre Israel y Palestina. Conocida como la primera Intifada, mi familia emigr\u00f3 por la fuerza fuera de la encantadora ciudad de Jerusal\u00e9n, donde trazamos nuestra rica historia. Nos refugiamos en el campamento de Aida, ubicado en Bel\u00e9n, en Cisjordania. Este campamento se convertir\u00eda en mi lugar de nacimiento d\u00e9cadas despu\u00e9s. <\/p>\n\n\n\n<p>A pesar de experimentar de primera mano las complejidades de la vida en un campo de refugiados, decid\u00ed vivir por encima de las adversidades. Nunca dej\u00e9 que la situaci\u00f3n de mi vida me definiera y me mantuve firme en seguir estudios en la estimada Universidad Abierta Al-Quds. All\u00ed descubr\u00ed una profunda pasi\u00f3n por el canto, una forma de arte que trasciende fronteras y conecta a las personas a un nivel m\u00e1s profundo. <\/p>\n\n\n\n<p>I never found myself entangled in any trouble or subjected to incarceration until October 10, 2023. After October 7th, Israel&#8217;s bloody response heightened tensions and disrupted the fragile peace I came to know. The frequency of raids skyrocketed, and they quickly silenced any voices in support of Gaza. Thoughts of my family and friends clouded my mind as they took me away. I thought I would never see my loved ones again, or at least for a very long time.<\/p>\n\n\n\n<p>Confinada en una celda estrecha con otras ocho reclusas, pas\u00e9 tiempo escuchando las historias de quienes hab\u00edan entrado antes que yo. En el pasado, se sab\u00eda que los prisioneros palestinos recib\u00edan un trato inhumano, pero supe que despu\u00e9s del 7 de octubre las condiciones hab\u00edan empeorado. Las celdas que alguna vez albergaron a tres prisioneros ahora albergaban a ocho reclusos. <\/p>\n\n\n\n<h2 class=\"wp-block-heading\" id=\"h-las-condiciones-carcelarias-de-los-palestinos-empeoraron-tras-el-ataque-del-7-de-octubre\"><strong>Las condiciones carcelarias de los palestinos empeoraron tras el ataque del 7 de octubre<\/strong><\/h2>\n\n\n\n<p>Este cambio dr\u00e1stico en la capacidad no solo plante\u00f3 limitaciones f\u00edsicas sino que tambi\u00e9n afect\u00f3 nuestra vida diaria y nuestras interacciones dentro de los muros de la prisi\u00f3n. Las condiciones que antes parec\u00edan soportables y que antes inclu\u00edan el acceso a la televisi\u00f3n y a Internet, se transformaron en una realidad de pesadilla caracterizada por una brutalidad implacable y palizas incesantes. <\/p>\n\n\n\n<p>Las valientes personas que me rodeaban no s\u00f3lo fueron sometidas a tormento f\u00edsico, sino que tambi\u00e9n enfrentaron un cruel desprecio por sus necesidades humanas b\u00e1sicas. Las autoridades repartieron vergonzosamente magras porciones de sustento, dejando a los prisioneros al borde de la inanici\u00f3n. Para colmo de males, el sistema redujo sin piedad su sue\u00f1o a unas pocas horas por noche. <\/p>\n\n\n\n<p>Las desgarradoras y terribles circunstancias no fueron incidentes aislados sino m\u00e1s bien un s\u00edmbolo de la dif\u00edcil situaci\u00f3n que soportan las prisioneras palestinas en las c\u00e1rceles israel\u00edes. Me entristeci\u00f3 profundamente y sirvi\u00f3 como un claro recordatorio de la urgente necesidad de justicia y compasi\u00f3n en nuestro mundo actual. <\/p>\n\n\n\n<h2 class=\"wp-block-heading\" id=\"h-puede-que-mi-vida-nunca-vuelva-a-ser-la-misma-estoy-traumatizada-por-mi-ordalia-penitenciaria\"><strong>Puede que mi vida nunca vuelva a ser la misma. Estoy traumatizada por mi ordal\u00eda penitenciaria<\/strong><\/h2>\n\n\n\n<p>Despu\u00e9s de dos meses, Israel y Ham\u00e1s finalmente llegaron a un acuerdo y se abrieron las puertas de mi prisi\u00f3n. El acuerdo implic\u00f3 el <a href=\"https:\/\/edition.cnn.com\/videos\/world\/2023\/11\/27\/palestinian-prisoners-released-celebrations-israel-official-ben-gvir-nima-elbagir-lead-dnt-vpx.cnn\" target=\"_blank\" rel=\"noreferrer noopener\">intercambio de 50 rehenes<\/a> retenidos en Gaza por una pausa temporal en los combates. Adem\u00e1s, el acuerdo inclu\u00eda la liberaci\u00f3n de 150 palestinos retenidos indefinidamente en c\u00e1rceles israel\u00edes, as\u00ed como un aumento significativo en la cantidad de ayuda humanitaria permitida a Gaza. Nunca olvidar\u00e9 ese largo camino hacia la libertad. <\/p>\n\n\n\n<p>A pesar de todas las circunstancias dif\u00edciles que atravesamos antes del 7 de octubre de 2023, mi optimismo sobre el futuro nunca disminuy\u00f3. Mi voz se elevaba con canto todos los d\u00edas, llena de alegr\u00eda y fe. En los ojos de los ni\u00f1os peque\u00f1os y en el canto de los p\u00e1jaros temprano en la ma\u00f1ana, el sonido de la esperanza y la libertad reson\u00f3 en mi coraz\u00f3n. Lo ol\u00ed en la fragancia de las flores. <\/p>\n\n\n\n<p>Sin embargo, cuando sal\u00ed de prisi\u00f3n me sent\u00ed como una persona completamente diferente. Ya no so\u00f1aba m\u00e1s y las canciones en mi garganta se asfixiaron y murieron por completo. <\/p>\n\n\n\n<p><\/p>\n\n\n<div class=\"wp-block-image\">\n<figure class=\"aligncenter size-full\"><img loading=\"lazy\" decoding=\"async\" width=\"640\" height=\"384\" src=\"https:\/\/orato.world\/wp-content\/uploads\/20CCEAAB-4B99-49E6-8FFB-1ECC46CFFAA9_1_201_a.jpeg\" alt=\"\" class=\"wp-image-86195\" srcset=\"https:\/\/orato.world\/wp-content\/uploads\/20CCEAAB-4B99-49E6-8FFB-1ECC46CFFAA9_1_201_a.jpeg 640w, https:\/\/orato.world\/wp-content\/uploads\/20CCEAAB-4B99-49E6-8FFB-1ECC46CFFAA9_1_201_a-300x180.jpeg 300w\" sizes=\"auto, (max-width: 640px) 100vw, 640px\" \/><figcaption class=\"wp-element-caption\">Desde su terrible experiencia en prisi\u00f3n, la belleza que Hanin ve\u00eda a su alrededor cambi\u00f3 para siempre.<strong>|<\/strong> <strong><em>Foto cortes\u00eda de Hanin Akram Al-Masaid<\/em><\/strong><\/figcaption><\/figure>\n<\/div>\n\n\n<p><\/p>\n\n\n\n<p>El, antes bullicioso, mercado del campo parec\u00eda un recuerdo lejano. Las risas de los ni\u00f1os jugando en las calles y el aroma de las especias flotando en el aire, experiencias sensoriales que alguna vez definieron mi vida diaria, ahora parec\u00edan fragmentos de otro mundo. <\/p>\n\n\n\n<p>Luch\u00e9 por reintegrarme a un lugar que me parec\u00eda familiar y extra\u00f1o al mismo tiempo. Las cicatrices de mi cuerpo comenzaron a sanar, pero las heridas de mi alma eran profundas. Los tonos, alguna vez vibrantes, de mis sue\u00f1os se desvanecieron en escala de grises, dejando tras de s\u00ed un vac\u00edo conmovedor. La vida en el campo de refugiados de Aida retom\u00f3 su ritmo err\u00e1tico, pero para m\u00ed, cada d\u00eda que pasaba cargaba con el peso de mi pasado traum\u00e1tico. <\/p>\n\n\n\n<h2 class=\"wp-block-heading\" id=\"h-anhelo-regresar-al-lugar-que-mis-antepasados-llamaron-hogar-anhelo-la-paz-mundial\"><strong>Anhelo regresar al lugar que mis antepasados \u200b\u200bllamaron hogar. Anhelo la paz mundial<\/strong><\/h2>\n\n\n\n<p>Most Palestinians I know live in a state of constant mourning, and they feel as I do. Every day, we witness the loss of lives. In Gaza, the bombardment is non-stop. Palestinian children have no faith&nbsp;in the future like other children around the&nbsp;world.<\/p>\n\n\n\n<p>Los palestinos en Gaza se han convertido en v\u00edctimas atrapadas entre el martillo de Israel y el yunque de Ham\u00e1s. La situaci\u00f3n parece ser una prueba interminable, con el gobierno israel\u00ed prometiendo erradicar a Ham\u00e1s y asegurar la liberaci\u00f3n de los 160 rehenes restantes. <\/p>\n\n\n\n<p>Con una resiliencia inquebrantable y un esp\u00edritu impulsado por la esperanza de un ma\u00f1ana mejor, creo que alg\u00fan d\u00eda abandonaremos los campos de refugiados. Regresaremos a Jerusal\u00e9n, nuestro hogar, cuyo legado est\u00e1 grabado en nuestros corazones. Hasta entonces, me recuperar\u00e9 de mi terrible experiencia, continuar\u00e9 con mis estudios, perfeccionar\u00e9 mis talentos vocales y compartir\u00e9 el poder de la m\u00fasica como catalizador para la curaci\u00f3n y la unidad en un mundo que la necesita tan desesperadamente. <\/p>\n","protected":false},"excerpt":{"rendered":"<p>Motivada por la muerte de miles de palestinos en Gaza, escrib\u00ed algunas palabras en las redes sociales indicando mi solidaridad con ellos. Cualquier muestra de apoyo a Gaza parec\u00eda prohibida y a los funcionarios israel\u00edes no les gustaba. Entonces, el 10 de octubre de 2023, a la edad de 20 a\u00f1os, comenz\u00f3 mi vida como prisionera.<\/p>\n","protected":false},"author":205,"featured_media":86194,"comment_status":"open","ping_status":"open","sticky":false,"template":"","format":"standard","meta":{"_acf_changed":false,"_uag_custom_page_level_css":"","_lmt_disableupdate":"","_lmt_disable":"","footnotes":""},"categories":[260],"tags":[3637,7539,1321,7395,7809,1263,7807,7808,1322],"class_list":["post-86244","post","type-post","status-publish","format-standard","has-post-thumbnail","hentry","category-conflicto","tag-asia-russia-es","tag-conflicto-israeli-palestino","tag-gaza-es","tag-guerra-israelo-palestina","tag-intercambio-de-rehenes","tag-israel-es","tag-prision-israeli","tag-prisioneros-palestinos","tag-west-bank-es"],"acf":[],"yoast_head":"<!-- This site is optimized with the Yoast SEO Premium plugin v27.4 (Yoast SEO v27.4) - https:\/\/yoast.com\/product\/yoast-seo-premium-wordpress\/ -->\n<title>Palestina arrestada por publicar en redes sociales recupera su libertad.<\/title>\n<meta name=\"description\" content=\"Palestina, de 20 a\u00f1os, encarcelada por una publicaci\u00f3n en las redes sociales, relata su terrible experiencia en una prisi\u00f3n israel\u00ed despu\u00e9s de ser liberada.\" \/>\n<meta name=\"robots\" content=\"index, follow, max-snippet:-1, max-image-preview:large, max-video-preview:-1\" \/>\n<link rel=\"canonical\" href=\"https:\/\/orato.world\/es\/2024\/01\/01\/palestina-de-20-anos-encarcelada-por-una-publicacion-en-las-redes-sociales-relata-su-terrible-experiencia-en-una-prision-israeli\/\" \/>\n<meta property=\"og:locale\" content=\"es_ES\" \/>\n<meta property=\"og:type\" content=\"article\" \/>\n<meta property=\"og:title\" content=\"Palestina, de 20 a\u00f1os, encarcelada por una publicaci\u00f3n en las redes sociales, relata su terrible experiencia en una prisi\u00f3n israel\u00ed.\" \/>\n<meta property=\"og:description\" content=\"Palestina, de 20 a\u00f1os, encarcelada por una publicaci\u00f3n en las redes sociales, relata su terrible experiencia en una prisi\u00f3n israel\u00ed despu\u00e9s de ser liberada.\" \/>\n<meta property=\"og:url\" content=\"https:\/\/orato.world\/es\/2024\/01\/01\/palestina-de-20-anos-encarcelada-por-una-publicacion-en-las-redes-sociales-relata-su-terrible-experiencia-en-una-prision-israeli\/\" \/>\n<meta property=\"og:site_name\" content=\"Orato\" \/>\n<meta property=\"article:publisher\" content=\"https:\/\/www.facebook.com\/OratoWorld\/\" \/>\n<meta property=\"article:published_time\" content=\"2024-01-01T12:06:14+00:00\" \/>\n<meta property=\"article:modified_time\" content=\"2024-01-04T12:53:57+00:00\" \/>\n<meta property=\"og:image\" content=\"https:\/\/orato.world\/wp-content\/uploads\/0DEF33B6-7A92-43DF-9591-C969B40A8F1F_1_201_a-scaled.jpeg\" \/>\n\t<meta property=\"og:image:width\" content=\"2560\" \/>\n\t<meta property=\"og:image:height\" content=\"1920\" \/>\n\t<meta property=\"og:image:type\" content=\"image\/jpeg\" \/>\n<meta name=\"author\" content=\"Mahasen Hawary\" \/>\n<meta name=\"twitter:card\" content=\"summary_large_image\" \/>\n<meta name=\"twitter:creator\" content=\"@oratoworld\" \/>\n<meta name=\"twitter:site\" content=\"@oratoworld\" \/>\n<meta name=\"twitter:label1\" content=\"Escrito por\" \/>\n\t<meta name=\"twitter:data1\" content=\"Mahasen Hawary\" \/>\n\t<meta name=\"twitter:label2\" content=\"Tiempo de lectura\" \/>\n\t<meta name=\"twitter:data2\" content=\"6 minutos\" \/>\n<script type=\"application\/ld+json\" class=\"yoast-schema-graph\">{\"@context\":\"https:\\\/\\\/schema.org\",\"@graph\":[{\"@type\":\"NewsArticle\",\"@id\":\"https:\\\/\\\/orato.world\\\/es\\\/2024\\\/01\\\/01\\\/palestina-de-20-anos-encarcelada-por-una-publicacion-en-las-redes-sociales-relata-su-terrible-experiencia-en-una-prision-israeli\\\/#article\",\"isPartOf\":{\"@id\":\"https:\\\/\\\/orato.world\\\/es\\\/2024\\\/01\\\/01\\\/palestina-de-20-anos-encarcelada-por-una-publicacion-en-las-redes-sociales-relata-su-terrible-experiencia-en-una-prision-israeli\\\/\"},\"author\":{\"name\":\"Mahasen Hawary\",\"@id\":\"https:\\\/\\\/orato.world\\\/es\\\/#\\\/schema\\\/person\\\/b9c248ce8c25d05ac3b0afae6dfe115a\"},\"headline\":\"Palestina, de 20 a\u00f1os, encarcelada por una publicaci\u00f3n en las redes sociales, relata su terrible experiencia en una prisi\u00f3n israel\u00ed.\",\"datePublished\":\"2024-01-01T12:06:14+00:00\",\"dateModified\":\"2024-01-04T12:53:57+00:00\",\"mainEntityOfPage\":{\"@id\":\"https:\\\/\\\/orato.world\\\/es\\\/2024\\\/01\\\/01\\\/palestina-de-20-anos-encarcelada-por-una-publicacion-en-las-redes-sociales-relata-su-terrible-experiencia-en-una-prision-israeli\\\/\"},\"wordCount\":1260,\"commentCount\":0,\"publisher\":{\"@id\":\"https:\\\/\\\/orato.world\\\/es\\\/#organization\"},\"image\":{\"@id\":\"https:\\\/\\\/orato.world\\\/es\\\/2024\\\/01\\\/01\\\/palestina-de-20-anos-encarcelada-por-una-publicacion-en-las-redes-sociales-relata-su-terrible-experiencia-en-una-prision-israeli\\\/#primaryimage\"},\"thumbnailUrl\":\"https:\\\/\\\/orato.world\\\/wp-content\\\/uploads\\\/0DEF33B6-7A92-43DF-9591-C969B40A8F1F_1_201_a-scaled.jpeg\",\"keywords\":[\"Asia &amp; Russia\",\"Conflicto israel\u00ed-palestino\",\"Gaza\",\"Guerra israelo-palestina\",\"Intercambio de rehenes\",\"Israel\",\"prisi\u00f3n israel\u00ed\",\"Prisioneros palestinos\",\"West Bank\"],\"articleSection\":[\"Conflicto\"],\"inLanguage\":\"es\",\"potentialAction\":[{\"@type\":\"CommentAction\",\"name\":\"Comment\",\"target\":[\"https:\\\/\\\/orato.world\\\/es\\\/2024\\\/01\\\/01\\\/palestina-de-20-anos-encarcelada-por-una-publicacion-en-las-redes-sociales-relata-su-terrible-experiencia-en-una-prision-israeli\\\/#respond\"]}]},{\"@type\":\"WebPage\",\"@id\":\"https:\\\/\\\/orato.world\\\/es\\\/2024\\\/01\\\/01\\\/palestina-de-20-anos-encarcelada-por-una-publicacion-en-las-redes-sociales-relata-su-terrible-experiencia-en-una-prision-israeli\\\/\",\"url\":\"https:\\\/\\\/orato.world\\\/es\\\/2024\\\/01\\\/01\\\/palestina-de-20-anos-encarcelada-por-una-publicacion-en-las-redes-sociales-relata-su-terrible-experiencia-en-una-prision-israeli\\\/\",\"name\":\"Palestina arrestada por publicar en redes sociales recupera su libertad.\",\"isPartOf\":{\"@id\":\"https:\\\/\\\/orato.world\\\/es\\\/#website\"},\"primaryImageOfPage\":{\"@id\":\"https:\\\/\\\/orato.world\\\/es\\\/2024\\\/01\\\/01\\\/palestina-de-20-anos-encarcelada-por-una-publicacion-en-las-redes-sociales-relata-su-terrible-experiencia-en-una-prision-israeli\\\/#primaryimage\"},\"image\":{\"@id\":\"https:\\\/\\\/orato.world\\\/es\\\/2024\\\/01\\\/01\\\/palestina-de-20-anos-encarcelada-por-una-publicacion-en-las-redes-sociales-relata-su-terrible-experiencia-en-una-prision-israeli\\\/#primaryimage\"},\"thumbnailUrl\":\"https:\\\/\\\/orato.world\\\/wp-content\\\/uploads\\\/0DEF33B6-7A92-43DF-9591-C969B40A8F1F_1_201_a-scaled.jpeg\",\"datePublished\":\"2024-01-01T12:06:14+00:00\",\"dateModified\":\"2024-01-04T12:53:57+00:00\",\"description\":\"Palestina, de 20 a\u00f1os, encarcelada por una publicaci\u00f3n en las redes sociales, relata su terrible experiencia en una prisi\u00f3n israel\u00ed despu\u00e9s de ser liberada.\",\"breadcrumb\":{\"@id\":\"https:\\\/\\\/orato.world\\\/es\\\/2024\\\/01\\\/01\\\/palestina-de-20-anos-encarcelada-por-una-publicacion-en-las-redes-sociales-relata-su-terrible-experiencia-en-una-prision-israeli\\\/#breadcrumb\"},\"inLanguage\":\"es\",\"potentialAction\":[{\"@type\":\"ReadAction\",\"target\":[\"https:\\\/\\\/orato.world\\\/es\\\/2024\\\/01\\\/01\\\/palestina-de-20-anos-encarcelada-por-una-publicacion-en-las-redes-sociales-relata-su-terrible-experiencia-en-una-prision-israeli\\\/\"]}]},{\"@type\":\"ImageObject\",\"inLanguage\":\"es\",\"@id\":\"https:\\\/\\\/orato.world\\\/es\\\/2024\\\/01\\\/01\\\/palestina-de-20-anos-encarcelada-por-una-publicacion-en-las-redes-sociales-relata-su-terrible-experiencia-en-una-prision-israeli\\\/#primaryimage\",\"url\":\"https:\\\/\\\/orato.world\\\/wp-content\\\/uploads\\\/0DEF33B6-7A92-43DF-9591-C969B40A8F1F_1_201_a-scaled.jpeg\",\"contentUrl\":\"https:\\\/\\\/orato.world\\\/wp-content\\\/uploads\\\/0DEF33B6-7A92-43DF-9591-C969B40A8F1F_1_201_a-scaled.jpeg\",\"width\":2560,\"height\":1920,\"caption\":\"Aida camp in the West Bank, where the Hanin family resides after being displaced from Jerusalem | Photos courtesy Facebook - Aide Camp\"},{\"@type\":\"BreadcrumbList\",\"@id\":\"https:\\\/\\\/orato.world\\\/es\\\/2024\\\/01\\\/01\\\/palestina-de-20-anos-encarcelada-por-una-publicacion-en-las-redes-sociales-relata-su-terrible-experiencia-en-una-prision-israeli\\\/#breadcrumb\",\"itemListElement\":[{\"@type\":\"ListItem\",\"position\":1,\"name\":\"Home\",\"item\":\"https:\\\/\\\/orato.world\\\/es\\\/\"},{\"@type\":\"ListItem\",\"position\":2,\"name\":\"Palestina, de 20 a\u00f1os, encarcelada por una publicaci\u00f3n en las redes sociales, relata su terrible experiencia en una prisi\u00f3n israel\u00ed.\"}]},{\"@type\":\"WebSite\",\"@id\":\"https:\\\/\\\/orato.world\\\/es\\\/#website\",\"url\":\"https:\\\/\\\/orato.world\\\/es\\\/\",\"name\":\"Orato\",\"description\":\"True Stories. Real People\",\"publisher\":{\"@id\":\"https:\\\/\\\/orato.world\\\/es\\\/#organization\"},\"potentialAction\":[{\"@type\":\"SearchAction\",\"target\":{\"@type\":\"EntryPoint\",\"urlTemplate\":\"https:\\\/\\\/orato.world\\\/es\\\/?s={search_term_string}\"},\"query-input\":{\"@type\":\"PropertyValueSpecification\",\"valueRequired\":true,\"valueName\":\"search_term_string\"}}],\"inLanguage\":\"es\"},{\"@type\":\"Organization\",\"@id\":\"https:\\\/\\\/orato.world\\\/es\\\/#organization\",\"name\":\"Orato World Media Inc.\",\"url\":\"https:\\\/\\\/orato.world\\\/es\\\/\",\"logo\":{\"@type\":\"ImageObject\",\"inLanguage\":\"es\",\"@id\":\"https:\\\/\\\/orato.world\\\/es\\\/#\\\/schema\\\/logo\\\/image\\\/\",\"url\":\"https:\\\/\\\/orato.world\\\/wp-content\\\/uploads\\\/2020\\\/07\\\/orato-logo-transparent.png\",\"contentUrl\":\"https:\\\/\\\/orato.world\\\/wp-content\\\/uploads\\\/2020\\\/07\\\/orato-logo-transparent.png\",\"width\":78,\"height\":73,\"caption\":\"Orato World Media Inc.\"},\"image\":{\"@id\":\"https:\\\/\\\/orato.world\\\/es\\\/#\\\/schema\\\/logo\\\/image\\\/\"},\"sameAs\":[\"https:\\\/\\\/www.facebook.com\\\/OratoWorld\\\/\",\"https:\\\/\\\/x.com\\\/oratoworld\",\"https:\\\/\\\/www.instagram.com\\\/oratoworld\",\"https:\\\/\\\/www.linkedin.com\\\/company\\\/42308818\\\/\"]},{\"@type\":\"Person\",\"@id\":\"https:\\\/\\\/orato.world\\\/es\\\/#\\\/schema\\\/person\\\/b9c248ce8c25d05ac3b0afae6dfe115a\",\"name\":\"Mahasen Hawary\",\"image\":{\"@type\":\"ImageObject\",\"inLanguage\":\"es\",\"@id\":\"https:\\\/\\\/secure.gravatar.com\\\/avatar\\\/f4699e50c4c6943fdcbdf6f195551255287921195084943cbccb4fc770cfcf45?s=96&d=mm&r=g\",\"url\":\"https:\\\/\\\/secure.gravatar.com\\\/avatar\\\/f4699e50c4c6943fdcbdf6f195551255287921195084943cbccb4fc770cfcf45?s=96&d=mm&r=g\",\"contentUrl\":\"https:\\\/\\\/secure.gravatar.com\\\/avatar\\\/f4699e50c4c6943fdcbdf6f195551255287921195084943cbccb4fc770cfcf45?s=96&d=mm&r=g\",\"caption\":\"Mahasen Hawary\"},\"description\":\"Mahasen Elhawary\u00a0is an Egyptian seasoned professional in mass communication and journalism, based in London, United Kingdom. With over a decade of experience, Mahasen has contributed significantly to the field, specializing in journalism, translation, and social media. Her career journey has seen her work as a Senior Journalist at Akhbar El Yom Foundation, where she covered international film festivals, interviewed movie stars and filmmakers, and offered valuable insights as a movie critic. Mahasen's expertise extends to content creation, investigative reporting, and documentary production. She is also a skilled translator, having translated news, articles, and current affairs from international press for Alakhbar daily newspaper.\",\"url\":\"https:\\\/\\\/orato.world\\\/es\\\/author\\\/mahasen-hawary\\\/\"}]}<\/script>\n<!-- \/ Yoast SEO Premium plugin. -->","yoast_head_json":{"title":"Palestina arrestada por publicar en redes sociales recupera su libertad.","description":"Palestina, de 20 a\u00f1os, encarcelada por una publicaci\u00f3n en las redes sociales, relata su terrible experiencia en una prisi\u00f3n israel\u00ed despu\u00e9s de ser liberada.","robots":{"index":"index","follow":"follow","max-snippet":"max-snippet:-1","max-image-preview":"max-image-preview:large","max-video-preview":"max-video-preview:-1"},"canonical":"https:\/\/orato.world\/es\/2024\/01\/01\/palestina-de-20-anos-encarcelada-por-una-publicacion-en-las-redes-sociales-relata-su-terrible-experiencia-en-una-prision-israeli\/","og_locale":"es_ES","og_type":"article","og_title":"Palestina, de 20 a\u00f1os, encarcelada por una publicaci\u00f3n en las redes sociales, relata su terrible experiencia en una prisi\u00f3n israel\u00ed.","og_description":"Palestina, de 20 a\u00f1os, encarcelada por una publicaci\u00f3n en las redes sociales, relata su terrible experiencia en una prisi\u00f3n israel\u00ed despu\u00e9s de ser liberada.","og_url":"https:\/\/orato.world\/es\/2024\/01\/01\/palestina-de-20-anos-encarcelada-por-una-publicacion-en-las-redes-sociales-relata-su-terrible-experiencia-en-una-prision-israeli\/","og_site_name":"Orato","article_publisher":"https:\/\/www.facebook.com\/OratoWorld\/","article_published_time":"2024-01-01T12:06:14+00:00","article_modified_time":"2024-01-04T12:53:57+00:00","og_image":[{"width":2560,"height":1920,"url":"https:\/\/orato.world\/wp-content\/uploads\/0DEF33B6-7A92-43DF-9591-C969B40A8F1F_1_201_a-scaled.jpeg","type":"image\/jpeg"}],"author":"Mahasen Hawary","twitter_card":"summary_large_image","twitter_creator":"@oratoworld","twitter_site":"@oratoworld","twitter_misc":{"Escrito por":"Mahasen Hawary","Tiempo de lectura":"6 minutos"},"schema":{"@context":"https:\/\/schema.org","@graph":[{"@type":"NewsArticle","@id":"https:\/\/orato.world\/es\/2024\/01\/01\/palestina-de-20-anos-encarcelada-por-una-publicacion-en-las-redes-sociales-relata-su-terrible-experiencia-en-una-prision-israeli\/#article","isPartOf":{"@id":"https:\/\/orato.world\/es\/2024\/01\/01\/palestina-de-20-anos-encarcelada-por-una-publicacion-en-las-redes-sociales-relata-su-terrible-experiencia-en-una-prision-israeli\/"},"author":{"name":"Mahasen Hawary","@id":"https:\/\/orato.world\/es\/#\/schema\/person\/b9c248ce8c25d05ac3b0afae6dfe115a"},"headline":"Palestina, de 20 a\u00f1os, encarcelada por una publicaci\u00f3n en las redes sociales, relata su terrible experiencia en una prisi\u00f3n israel\u00ed.","datePublished":"2024-01-01T12:06:14+00:00","dateModified":"2024-01-04T12:53:57+00:00","mainEntityOfPage":{"@id":"https:\/\/orato.world\/es\/2024\/01\/01\/palestina-de-20-anos-encarcelada-por-una-publicacion-en-las-redes-sociales-relata-su-terrible-experiencia-en-una-prision-israeli\/"},"wordCount":1260,"commentCount":0,"publisher":{"@id":"https:\/\/orato.world\/es\/#organization"},"image":{"@id":"https:\/\/orato.world\/es\/2024\/01\/01\/palestina-de-20-anos-encarcelada-por-una-publicacion-en-las-redes-sociales-relata-su-terrible-experiencia-en-una-prision-israeli\/#primaryimage"},"thumbnailUrl":"https:\/\/orato.world\/wp-content\/uploads\/0DEF33B6-7A92-43DF-9591-C969B40A8F1F_1_201_a-scaled.jpeg","keywords":["Asia &amp; Russia","Conflicto israel\u00ed-palestino","Gaza","Guerra israelo-palestina","Intercambio de rehenes","Israel","prisi\u00f3n israel\u00ed","Prisioneros palestinos","West Bank"],"articleSection":["Conflicto"],"inLanguage":"es","potentialAction":[{"@type":"CommentAction","name":"Comment","target":["https:\/\/orato.world\/es\/2024\/01\/01\/palestina-de-20-anos-encarcelada-por-una-publicacion-en-las-redes-sociales-relata-su-terrible-experiencia-en-una-prision-israeli\/#respond"]}]},{"@type":"WebPage","@id":"https:\/\/orato.world\/es\/2024\/01\/01\/palestina-de-20-anos-encarcelada-por-una-publicacion-en-las-redes-sociales-relata-su-terrible-experiencia-en-una-prision-israeli\/","url":"https:\/\/orato.world\/es\/2024\/01\/01\/palestina-de-20-anos-encarcelada-por-una-publicacion-en-las-redes-sociales-relata-su-terrible-experiencia-en-una-prision-israeli\/","name":"Palestina arrestada por publicar en redes sociales recupera su libertad.","isPartOf":{"@id":"https:\/\/orato.world\/es\/#website"},"primaryImageOfPage":{"@id":"https:\/\/orato.world\/es\/2024\/01\/01\/palestina-de-20-anos-encarcelada-por-una-publicacion-en-las-redes-sociales-relata-su-terrible-experiencia-en-una-prision-israeli\/#primaryimage"},"image":{"@id":"https:\/\/orato.world\/es\/2024\/01\/01\/palestina-de-20-anos-encarcelada-por-una-publicacion-en-las-redes-sociales-relata-su-terrible-experiencia-en-una-prision-israeli\/#primaryimage"},"thumbnailUrl":"https:\/\/orato.world\/wp-content\/uploads\/0DEF33B6-7A92-43DF-9591-C969B40A8F1F_1_201_a-scaled.jpeg","datePublished":"2024-01-01T12:06:14+00:00","dateModified":"2024-01-04T12:53:57+00:00","description":"Palestina, de 20 a\u00f1os, encarcelada por una publicaci\u00f3n en las redes sociales, relata su terrible experiencia en una prisi\u00f3n israel\u00ed despu\u00e9s de ser liberada.","breadcrumb":{"@id":"https:\/\/orato.world\/es\/2024\/01\/01\/palestina-de-20-anos-encarcelada-por-una-publicacion-en-las-redes-sociales-relata-su-terrible-experiencia-en-una-prision-israeli\/#breadcrumb"},"inLanguage":"es","potentialAction":[{"@type":"ReadAction","target":["https:\/\/orato.world\/es\/2024\/01\/01\/palestina-de-20-anos-encarcelada-por-una-publicacion-en-las-redes-sociales-relata-su-terrible-experiencia-en-una-prision-israeli\/"]}]},{"@type":"ImageObject","inLanguage":"es","@id":"https:\/\/orato.world\/es\/2024\/01\/01\/palestina-de-20-anos-encarcelada-por-una-publicacion-en-las-redes-sociales-relata-su-terrible-experiencia-en-una-prision-israeli\/#primaryimage","url":"https:\/\/orato.world\/wp-content\/uploads\/0DEF33B6-7A92-43DF-9591-C969B40A8F1F_1_201_a-scaled.jpeg","contentUrl":"https:\/\/orato.world\/wp-content\/uploads\/0DEF33B6-7A92-43DF-9591-C969B40A8F1F_1_201_a-scaled.jpeg","width":2560,"height":1920,"caption":"Aida camp in the West Bank, where the Hanin family resides after being displaced from Jerusalem | Photos courtesy Facebook - Aide Camp"},{"@type":"BreadcrumbList","@id":"https:\/\/orato.world\/es\/2024\/01\/01\/palestina-de-20-anos-encarcelada-por-una-publicacion-en-las-redes-sociales-relata-su-terrible-experiencia-en-una-prision-israeli\/#breadcrumb","itemListElement":[{"@type":"ListItem","position":1,"name":"Home","item":"https:\/\/orato.world\/es\/"},{"@type":"ListItem","position":2,"name":"Palestina, de 20 a\u00f1os, encarcelada por una publicaci\u00f3n en las redes sociales, relata su terrible experiencia en una prisi\u00f3n israel\u00ed."}]},{"@type":"WebSite","@id":"https:\/\/orato.world\/es\/#website","url":"https:\/\/orato.world\/es\/","name":"Orato","description":"True Stories. Real People","publisher":{"@id":"https:\/\/orato.world\/es\/#organization"},"potentialAction":[{"@type":"SearchAction","target":{"@type":"EntryPoint","urlTemplate":"https:\/\/orato.world\/es\/?s={search_term_string}"},"query-input":{"@type":"PropertyValueSpecification","valueRequired":true,"valueName":"search_term_string"}}],"inLanguage":"es"},{"@type":"Organization","@id":"https:\/\/orato.world\/es\/#organization","name":"Orato World Media Inc.","url":"https:\/\/orato.world\/es\/","logo":{"@type":"ImageObject","inLanguage":"es","@id":"https:\/\/orato.world\/es\/#\/schema\/logo\/image\/","url":"https:\/\/orato.world\/wp-content\/uploads\/2020\/07\/orato-logo-transparent.png","contentUrl":"https:\/\/orato.world\/wp-content\/uploads\/2020\/07\/orato-logo-transparent.png","width":78,"height":73,"caption":"Orato World Media Inc."},"image":{"@id":"https:\/\/orato.world\/es\/#\/schema\/logo\/image\/"},"sameAs":["https:\/\/www.facebook.com\/OratoWorld\/","https:\/\/x.com\/oratoworld","https:\/\/www.instagram.com\/oratoworld","https:\/\/www.linkedin.com\/company\/42308818\/"]},{"@type":"Person","@id":"https:\/\/orato.world\/es\/#\/schema\/person\/b9c248ce8c25d05ac3b0afae6dfe115a","name":"Mahasen Hawary","image":{"@type":"ImageObject","inLanguage":"es","@id":"https:\/\/secure.gravatar.com\/avatar\/f4699e50c4c6943fdcbdf6f195551255287921195084943cbccb4fc770cfcf45?s=96&d=mm&r=g","url":"https:\/\/secure.gravatar.com\/avatar\/f4699e50c4c6943fdcbdf6f195551255287921195084943cbccb4fc770cfcf45?s=96&d=mm&r=g","contentUrl":"https:\/\/secure.gravatar.com\/avatar\/f4699e50c4c6943fdcbdf6f195551255287921195084943cbccb4fc770cfcf45?s=96&d=mm&r=g","caption":"Mahasen Hawary"},"description":"Mahasen Elhawary\u00a0is an Egyptian seasoned professional in mass communication and journalism, based in London, United Kingdom. With over a decade of experience, Mahasen has contributed significantly to the field, specializing in journalism, translation, and social media. Her career journey has seen her work as a Senior Journalist at Akhbar El Yom Foundation, where she covered international film festivals, interviewed movie stars and filmmakers, and offered valuable insights as a movie critic. Mahasen's expertise extends to content creation, investigative reporting, and documentary production. She is also a skilled translator, having translated news, articles, and current affairs from international press for Alakhbar daily newspaper.","url":"https:\/\/orato.world\/es\/author\/mahasen-hawary\/"}]}},"modified_by":"Stephen","uagb_featured_image_src":{"full":["https:\/\/orato.world\/wp-content\/uploads\/0DEF33B6-7A92-43DF-9591-C969B40A8F1F_1_201_a-scaled.jpeg",2560,1920,false],"thumbnail":["https:\/\/orato.world\/wp-content\/uploads\/0DEF33B6-7A92-43DF-9591-C969B40A8F1F_1_201_a-100x100.jpeg",100,100,true],"medium":["https:\/\/orato.world\/wp-content\/uploads\/0DEF33B6-7A92-43DF-9591-C969B40A8F1F_1_201_a-300x225.jpeg",300,225,true],"medium_large":["https:\/\/orato.world\/wp-content\/uploads\/0DEF33B6-7A92-43DF-9591-C969B40A8F1F_1_201_a-770x577.jpeg",640,480,true],"large":["https:\/\/orato.world\/wp-content\/uploads\/0DEF33B6-7A92-43DF-9591-C969B40A8F1F_1_201_a-1024x768.jpeg",640,480,true],"1536x1536":["https:\/\/orato.world\/wp-content\/uploads\/0DEF33B6-7A92-43DF-9591-C969B40A8F1F_1_201_a-1536x1152.jpeg",1536,1152,true],"2048x2048":["https:\/\/orato.world\/wp-content\/uploads\/0DEF33B6-7A92-43DF-9591-C969B40A8F1F_1_201_a-2048x1536.jpeg",2048,1536,true],"gallery-size":["https:\/\/orato.world\/wp-content\/uploads\/0DEF33B6-7A92-43DF-9591-C969B40A8F1F_1_201_a-533x400.jpeg",533,400,true],"lets-review-360-240":["https:\/\/orato.world\/wp-content\/uploads\/0DEF33B6-7A92-43DF-9591-C969B40A8F1F_1_201_a-360x240.jpeg",360,240,true],"gform-image-choice-sm":["https:\/\/orato.world\/wp-content\/uploads\/0DEF33B6-7A92-43DF-9591-C969B40A8F1F_1_201_a-scaled.jpeg",300,225,false],"gform-image-choice-md":["https:\/\/orato.world\/wp-content\/uploads\/0DEF33B6-7A92-43DF-9591-C969B40A8F1F_1_201_a-scaled.jpeg",400,300,false],"gform-image-choice-lg":["https:\/\/orato.world\/wp-content\/uploads\/0DEF33B6-7A92-43DF-9591-C969B40A8F1F_1_201_a-scaled.jpeg",600,450,false],"awsm_team":["https:\/\/orato.world\/wp-content\/uploads\/0DEF33B6-7A92-43DF-9591-C969B40A8F1F_1_201_a-500x500.jpeg",500,500,true]},"uagb_author_info":{"display_name":"Mahasen Hawary","author_link":"https:\/\/orato.world\/es\/author\/mahasen-hawary\/"},"uagb_comment_info":0,"uagb_excerpt":"Motivada por la muerte de miles de palestinos en Gaza, escrib\u00ed algunas palabras en las redes sociales indicando mi solidaridad con ellos. Cualquier muestra de apoyo a Gaza parec\u00eda prohibida y a los funcionarios israel\u00edes no les gustaba. Entonces, el 10 de octubre de 2023, a la edad de 20 a\u00f1os, comenz\u00f3 mi vida como&hellip;","_links":{"self":[{"href":"https:\/\/orato.world\/es\/wp-json\/wp\/v2\/posts\/86244","targetHints":{"allow":["GET"]}}],"collection":[{"href":"https:\/\/orato.world\/es\/wp-json\/wp\/v2\/posts"}],"about":[{"href":"https:\/\/orato.world\/es\/wp-json\/wp\/v2\/types\/post"}],"author":[{"embeddable":true,"href":"https:\/\/orato.world\/es\/wp-json\/wp\/v2\/users\/205"}],"replies":[{"embeddable":true,"href":"https:\/\/orato.world\/es\/wp-json\/wp\/v2\/comments?post=86244"}],"version-history":[{"count":4,"href":"https:\/\/orato.world\/es\/wp-json\/wp\/v2\/posts\/86244\/revisions"}],"predecessor-version":[{"id":86442,"href":"https:\/\/orato.world\/es\/wp-json\/wp\/v2\/posts\/86244\/revisions\/86442"}],"wp:featuredmedia":[{"embeddable":true,"href":"https:\/\/orato.world\/es\/wp-json\/wp\/v2\/media\/86194"}],"wp:attachment":[{"href":"https:\/\/orato.world\/es\/wp-json\/wp\/v2\/media?parent=86244"}],"wp:term":[{"taxonomy":"category","embeddable":true,"href":"https:\/\/orato.world\/es\/wp-json\/wp\/v2\/categories?post=86244"},{"taxonomy":"post_tag","embeddable":true,"href":"https:\/\/orato.world\/es\/wp-json\/wp\/v2\/tags?post=86244"}],"curies":[{"name":"wp","href":"https:\/\/api.w.org\/{rel}","templated":true}]}}