{"id":90486,"date":"2024-04-16T03:00:00","date_gmt":"2024-04-16T10:00:00","guid":{"rendered":"https:\/\/orato.world\/2024\/04\/16\/amnistia-internacional-denuncia-el-encarcelamiento-de-un-profesor-universitario-por-publicar-en-x-un-chiste-sobre-un-funcionario-del-gobierno\/"},"modified":"2024-04-26T17:16:27","modified_gmt":"2024-04-27T00:16:27","slug":"amnistia-internacional-denuncia-el-encarcelamiento-de-un-profesor-universitario-por-publicar-en-x-un-chiste-sobre-un-funcionario-del-gobierno","status":"publish","type":"post","link":"https:\/\/orato.world\/es\/2024\/04\/16\/amnistia-internacional-denuncia-el-encarcelamiento-de-un-profesor-universitario-por-publicar-en-x-un-chiste-sobre-un-funcionario-del-gobierno\/","title":{"rendered":"Amnist\u00eda Internacional denuncia el encarcelamiento de un profesor universitario por publicar en X un chiste sobre un funcionario del gobierno"},"content":{"rendered":"<div class=\"lets-info-up-wrap  lets-info-up--right lets-info-up--m-1 lets-info-up-skin-1 lets-info-up--side\">\t\t\t<div class=\"lets-info-up\">\r\n\t\t\t<div class=\"lets-info-up-fi\"><img loading=\"lazy\" decoding=\"async\" width=\"500\" height=\"500\" src=\"https:\/\/orato.world\/wp-content\/uploads\/Untitled-design-2024-04-09T104319.347-500x500.png\" class=\"attachment-lets-info-up-d1 size-lets-info-up-d1\" alt=\"\" srcset=\"https:\/\/orato.world\/wp-content\/uploads\/Untitled-design-2024-04-09T104319.347-500x500.png 500w, https:\/\/orato.world\/wp-content\/uploads\/Untitled-design-2024-04-09T104319.347-300x300.png 300w, https:\/\/orato.world\/wp-content\/uploads\/Untitled-design-2024-04-09T104319.347-1024x1024.png 1024w, https:\/\/orato.world\/wp-content\/uploads\/Untitled-design-2024-04-09T104319.347-100x100.png 100w, https:\/\/orato.world\/wp-content\/uploads\/Untitled-design-2024-04-09T104319.347-770x770.png 770w, https:\/\/orato.world\/wp-content\/uploads\/Untitled-design-2024-04-09T104319.347-400x400.png 400w, https:\/\/orato.world\/wp-content\/uploads\/Untitled-design-2024-04-09T104319.347-150x150.png 150w, https:\/\/orato.world\/wp-content\/uploads\/Untitled-design-2024-04-09T104319.347-70x70.png 70w, https:\/\/orato.world\/wp-content\/uploads\/Untitled-design-2024-04-09T104319.347-293x293.png 293w, https:\/\/orato.world\/wp-content\/uploads\/Untitled-design-2024-04-09T104319.347.png 1080w\" sizes=\"auto, (max-width: 500px) 100vw, 500px\" \/><\/div>\t\t\t<div class=\"lets-info-up-block-wrap\">\r\n\t\t\t\t<div class=\"lets-info-up-block lets-info-up-meta-block\"><div class=\"lets-info-up-meta-title lets-info-up-pretitle font-h\">journalist&#8217;s notes<\/div><\/div><div class=\"lets-info-up-block lets-info-up-meta-block\"><div class=\"lets-info-up-meta-title lets-info-up-pretitle font-h\">protagonista<\/div><div class=\"lets-info-up-meta-content lets-info-up-title font-b\">Nahuel Morandini es un distinguido ingeniero ambiental, profesor e investigador radicado en San Salvador de Jujuy, Provincia de Jujuy, Argentina. Actualmente trabaja en la Universidad Nacional de Salta, donde contribuye al campo de la ingenier\u00eda ambiental a trav\u00e9s de su labor docente e investigadora.<\/div><\/div><div class=\"lets-info-up-block lets-info-up-meta-block\"><div class=\"lets-info-up-meta-title lets-info-up-pretitle font-h\">contexto<\/div><div class=\"lets-info-up-meta-content lets-info-up-title font-b\">El 4 de enero de 2024, el ingeniero ambiental y docente Nahuel Morandini fue detenido en la provincia de Jujuy, Argentina, a ra\u00edz de una <a href=\"https:\/\/www.amnesty.org\/es\/documents\/amr13\/7762\/2024\/es\/\">denuncia penal<\/a> de Tulia Snopek, esposa del ex gobernador Gerardo Morales. La denuncia se origin\u00f3 en una publicaci\u00f3n en las redes sociales de Morandini, de 45 a\u00f1os, en la que hac\u00eda referencia a una supuesta infidelidad de Snopek con un cantante. En el caso tambi\u00e9n se detuvo al ser\u00edgrafo Roque Villegas y se investig\u00f3 a Luc\u00eda Gonz\u00e1lez por comentarios en Internet relacionados. Se enfrentan a cargos de da\u00f1os psicol\u00f3gicos agravados por violencia de g\u00e9nero y \u00absupresi\u00f3n de la identidad\u00bb de un menor, con posibles penas de prisi\u00f3n de hasta ocho a\u00f1os. A pesar de la anulaci\u00f3n de la orden de detenci\u00f3n contra Gonz\u00e1lez, la investigaci\u00f3n contin\u00faa. La defensa argumenta que los cargos, basados \u00fanicamente en publicaciones en las redes sociales, no constituyen un delito seg\u00fan el art\u00edculo 139 del C\u00f3digo Penal Nacional. Morandini y Villegas tambi\u00e9n denunciaron tratos inhumanos durante su detenci\u00f3n, lo que motiv\u00f3 una queja del Comit\u00e9 Nacional contra la Tortura. Morandini pas\u00f3 53 d\u00edas en prisi\u00f3n y, junto con Villegas y Gonz\u00e1lez, sigue bajo procesamiento judicial.<\/div><\/div>\t\t\t<\/div>\r\n\t\t\t<\/div>\r\n\t\t<\/div>\r\n\t\t\n\n\n<p>JUJUY, Argentina &#8211; Durante casi dos meses, las autoridades argentinas me separaron de mi familia y me confinaron en prisi\u00f3n por hacer una broma en X, antes conocido como Twitter. Mi broma sobre un rumor de infidelidad que involucraba al ex gobernador Gerardo Morales fue todo lo que necesit\u00e9 para ser arrestado y enfrentarme a una persecuci\u00f3n judicial y pol\u00edtica. <\/p>\n\n\n\n<p>Tras mi encarcelamiento y el trato humillante e injusto que sufr\u00ed, me pusieron en libertad, pero me enfrento a cargos que podr\u00edan acarrearme una condena de ocho a\u00f1os de prisi\u00f3n. Es incomprensible y frustrante encontrarse en esta situaci\u00f3n. Por otro lado, el calvario me permiti\u00f3 alzar la voz para denunciar un angustioso abuso de poder en mi pa\u00eds.<\/p>\n\n\n\n<p><em><a href=\"https:\/\/www.amnesty.org\/en\/documents\/amr13\/7762\/2024\/en\/\">[Amnist\u00eda Internacional pide<\/a>, en nombre de Nahuel y de otro ciudadano argentino, que se retiren todos los cargos y que los tribunales argentinos respeten el derecho internacional de los derechos humanos que protege el derecho a la libertad de expresi\u00f3n. Amnist\u00eda Internacional cit\u00f3 la obligaci\u00f3n de Argentina de \u00abrespetar, proteger y garantizar los derechos humanos\u00bb].<\/em><\/p>\n\n\n\n<p><em><a href=\"https:\/\/orato.world\/es\/category\/crimen-y-corrupcion-es\/\"><strong>Lea m\u00e1s historias sobre crimen y corrupci\u00f3n en Orato World Media.<\/strong><\/a><\/em><\/p>\n\n\n\n<h2 class=\"wp-block-heading\" id=\"h-encarcelado-por-una-broma-en-x\"><strong>Encarcelado por una broma en X<\/strong><\/h2>\n\n\n\n<p>El 26 de diciembre de 2023, descansaba en el sof\u00e1 de mi casa mientras navegaba por las redes sociales. En mi provincia circulaba el rumor de que la mujer del ex gobernador le hab\u00eda enga\u00f1ado con un cantante famoso. Se me ocurri\u00f3 un comentario ingenioso, que me hizo gracia, y lo publiqu\u00e9 en mi cuenta X. Como usuario bastante inactivo de las redes sociales y pr\u00e1cticamente sin seguidores, nunca esper\u00e9 una reacci\u00f3n significativa a mi publicaci\u00f3n.<\/p>\n\n\n\n<p>En los d\u00edas siguientes, me olvid\u00e9 de todo y segu\u00ed con mi vida de siempre. Sin embargo, a principios de enero de 2024, empec\u00e9 a notar una actividad inusual en mi vecindario. Una noche, mientras volv\u00eda a casa, encontr\u00e9 a un joven que entraba en mi propiedad. Cuando me acerqu\u00e9, no supo decirme a qui\u00e9n buscaba. El encuentro result\u00f3 extra\u00f1o; la gente nunca merodeaba por esa zona. <\/p>\n\n\n\n<p>Al coment\u00e1rselo a mis vecinos, me informaron de que hab\u00edan estado haciendo fotos de mi casa. Alguien incluso pregunt\u00f3 por m\u00ed a un alba\u00f1il local. Entonces, el 4 de enero de 2024, mientras trabajaba en casa, son\u00f3 el timbre de mi puerta. Mi compa\u00f1era abri\u00f3 la puerta y dej\u00f3 entrar a una mujer vestida con ropa deportiva. Dijo que necesitaba cargar su tel\u00e9fono. <\/p>\n\n\n\n<p>Una vez en la casa, pregunt\u00f3 por m\u00ed. Se identific\u00f3 como agente de polic\u00eda y dijo que me estaban buscando. A continuaci\u00f3n, dos individuos salieron de un coche sin matr\u00edcula y, cuando se les pregunt\u00f3, se negaron a identificarse.<\/p>\n\n\n\n<p>Me mostraron una notificaci\u00f3n que me obligaba a presentarme en la unidad de delitos complejos. \u00abSi no ven\u00eds\u00bb, dijeron, \u00abte llevaremos por la fuerza\u00bb. Sent\u00ed que no ten\u00eda m\u00e1s remedio que ir. Sin embargo, insist\u00ed en conducir yo mismo.<\/p>\n\n\n\n<h2 class=\"wp-block-heading\" id=\"h-el-juez-considera-validas-las-acusaciones-y-ordena-una-detencion-de-60-dias\"><strong>El juez considera v\u00e1lidas las acusaciones y ordena una detenci\u00f3n de 60 d\u00edas<\/strong><\/h2>\n\n\n\n<p>A pesar de mis esfuerzos por darle sentido, no pod\u00eda comprender lo que estaba ocurriendo. Por un momento, pens\u00e9 que quiz\u00e1 alguien hab\u00eda cometido un fraude utilizando mi nombre. Cuando llegu\u00e9 a la estaci\u00f3n, me esperaba mi abogado, con el que me hab\u00eda puesto en contacto por el camino. Gracias a \u00e9l, mi mujer se mantuvo al corriente de lo que ocurr\u00eda despu\u00e9s.<\/p>\n\n\n\n<p>En cuanto cruc\u00e9 la puerta, las autoridades me exigieron que les entregara mi tel\u00e9fono m\u00f3vil. Desde ese momento, perd\u00ed toda comunicaci\u00f3n. Sin informaci\u00f3n sobre el motivo de mi detenci\u00f3n, me encerraron en una celda. Al d\u00eda siguiente me llevaron a juicio, donde escuch\u00e9 una serie de acusaciones inveros\u00edmiles y rid\u00edculas contra m\u00ed. Para mi asombro, el juez las consider\u00f3 v\u00e1lidas y orden\u00f3 mi detenci\u00f3n durante 60 d\u00edas. Me trasladaron al servicio penitenciario, junto a presos ya condenados.<\/p>\n\n\n\n<p>El miedo se apoder\u00f3 de m\u00ed. Como profesor universitario, esta detenci\u00f3n trastorn\u00f3 por completo mi vida cotidiana. Nunca antes hab\u00eda ido a la c\u00e1rcel, y de repente me encontr\u00e9 confinado en un ala de m\u00e1xima seguridad, encerrado en una habitaci\u00f3n sin ventanas con el suelo de cemento mojado para mantener el espacio h\u00famedo. En un extremo, las autoridades encend\u00edan un foco a discreci\u00f3n, a veces ceg\u00e1ndome o sumi\u00e9ndome en una profunda oscuridad durante largos ratos.<\/p>\n\n\n\n<p>Los guardias se negaron a dejarme las gafas que utilic\u00e9 durante a\u00f1os para ver bien. Me obligaban a desnudarme cada vez que aparec\u00eda el personal de la polic\u00eda. Me hac\u00edan desnudarme si quer\u00eda ir al pasillo a por agua o cuando ten\u00eda que lavar la palangana donde iba al ba\u00f1o. Viv\u00ed estas condiciones tortuosas.<\/p>\n\n\n\n<h2 class=\"wp-block-heading\" id=\"h-entendia-perfectamente-que-no-habia-hecho-nada-para-ser-arrestado\"><strong>Entend\u00eda perfectamente que no hab\u00eda hecho nada para ser arrestado&#8230;<\/strong><\/h2>\n\n\n\n<p>En la c\u00e1rcel, perd\u00ed la noci\u00f3n del tiempo. En la penumbra, sin mis gafas, la vista no me ofrec\u00eda ninguna informaci\u00f3n. Me basaba \u00fanicamente en los sonidos. Las puertas y las alarmas indicaban la presencia o ausencia de agentes de polic\u00eda. El horario de comidas inclu\u00eda desayuno, almuerzo, merienda y cena, lo que me dio alguna pista sobre la hora del d\u00eda. Practiqu\u00e9 ejercicios de respiraci\u00f3n y yoga, que me ayudaron a relajarme. <\/p>\n\n\n\n<p>Cuando encontr\u00e9 una vieja revista con crucigramas ya completados, intent\u00e9 leer las palabras escritas en letras grandes. Repetirlas en voz alta me ayudaba a evitar la oscuridad de mis pensamientos. Comprend\u00eda perfectamente que no hab\u00eda hecho nada para estar all\u00ed. Sin embargo, la idea de que mis dos hijas y mi esposa sufrieran por todo esto me pesaba mucho. La idea de su tristeza me llenaba de profunda angustia.<\/p>\n\n\n\n<p>El 6 de enero de 2024, por fin tuve la oportunidad de hablar con mi familia. Gracias a una trabajadora de los servicios sociales, tuve cinco minutos preciosos al tel\u00e9fono. Al o\u00edr mi voz, mi mujer no pudo contener las l\u00e1grimas. \u00abNo te preocupes, estoy bien\u00bb, le asegur\u00e9. Hasta que no me trasladaron a otro pabell\u00f3n no pude hablar con mis hijas. <\/p>\n\n\n\n<p>Preocupadas, me preguntaron si estaba triste y si hab\u00eda comido. Mi coraz\u00f3n se rompi\u00f3 en mil pedazos, oyendo sus voces, pero sin poder abrazarlos. Las historias de sus peque\u00f1as aventuras alegraban, aunque s\u00f3lo fuera un poco, aquellos d\u00edas llenos de sombras.<\/p>\n\n\n\n<h2 class=\"wp-block-heading\" id=\"h-un-padre-cuenta-a-sus-hijas-que-fue-detenido-por-una-broma-en-la-x\"><strong>Un padre cuenta a sus hijas que fue detenido por una broma en la X<\/strong><\/h2>\n\n\n\n<p>Semanas despu\u00e9s, por fin me permitieron recibir visitas. Mis hijas me acribillaron a preguntas en cuanto me vieron. \u00ab\u00bfLloras cuando est\u00e1s ah\u00ed dentro?\u00bb, me preguntaron. \u00ab\u00bfTe tratan bien?\u00bb Al verlas, me di cuenta de que este calvario no s\u00f3lo hab\u00eda cambiado mi vida, sino tambi\u00e9n la suya. A una edad temprana, fueron testigos de la detenci\u00f3n de su padre sin una explicaci\u00f3n clara de por qu\u00e9. Cuando les expliqu\u00e9 que hab\u00eda empezado con un chiste sobre X, me preguntaron: \u00ab\u00bfNo puedes hacer chistes? En casa hacemos bromas\u00bb. <\/p>\n\n\n\n<p>Desde el principio de esta pesadilla, tengo la sensaci\u00f3n de que los responsables de la justicia de mi provincia la ama\u00f1aron para condenarme; como una demostraci\u00f3n de poder para intimidar a quienes se oponen a determinados dirigentes pol\u00edticos. En 10 d\u00edas me trasladaron a seis lugares distintos sin avisar a mi familia ni a mi abogado. Creo que el objetivo era infundirme terror y p\u00e1nico. <\/p>\n\n\n\n<p>Su objetivo era quebrarme psicol\u00f3gicamente, empuj\u00e1ndome a aceptar la propuesta que el fiscal hizo a mi abogado: un acuerdo por el que se me ofrec\u00eda una pena reducida de cuatro a\u00f1os a cambio de que me declarara culpable. Decid\u00ed mantenerme firme, convenci\u00e9ndome de que, por mucho tiempo que pasara, saldr\u00eda con la cabeza bien alta y no aceptar\u00eda la culpa. Ha resultado ser una de las experiencias m\u00e1s feas de mi vida. <\/p>\n\n\n\n<p>En el confinamiento, sent\u00eda una opresi\u00f3n constante. Vigilado todo el tiempo en un recinto tipo cobertizo sin salida al exterior, privado de luz solar y de actividades recreativas, s\u00f3lo encontraba consuelo en los libros. M\u00e1s all\u00e1 de esas p\u00e1ginas, todo se sent\u00eda tenso.<\/p>\n\n\n\n<h2 class=\"wp-block-heading\" id=\"h-mi-caso-atrajo-la-atencion-publica-lo-que-llevo-a-mi-liberacion\"><strong>Mi caso atrajo la atenci\u00f3n p\u00fablica, lo que llev\u00f3 a mi liberaci\u00f3n<\/strong><\/h2>\n\n\n\n<p>El servicio penitenciario se comportaba a menudo de forma provocativa durante mi detenci\u00f3n, burl\u00e1ndose de los presos si necesitabas algo. Como resultado, los reclusos viv\u00edan en un estado de tensi\u00f3n. En el ambiente flotaba un ambiente general de des\u00e1nimo y derrota.<\/p>\n\n\n\n<p>A medida que mi caso fue ganando atenci\u00f3n p\u00fablica, mi perspectiva cambi\u00f3. Supe del creciente descontento de la sociedad al enterarme de lo que me hab\u00eda ocurrido. Mi familia, a pesar de las amenazas de la justicia juje\u00f1a, sigui\u00f3 luchando por mi libertad. Nuestro compromiso parec\u00eda una fortaleza, conmigo dentro y mi familia fuera.<\/p>\n\n\n\n<p><\/p>\n\n\n<div class=\"wp-block-image\">\n<figure class=\"aligncenter size-large\"><img loading=\"lazy\" decoding=\"async\" width=\"1024\" height=\"768\" src=\"https:\/\/orato.world\/wp-content\/uploads\/Untitled-design-2024-04-09T104608.664-1-1024x768.png\" alt=\"\" class=\"wp-image-90216\" srcset=\"https:\/\/orato.world\/wp-content\/uploads\/Untitled-design-2024-04-09T104608.664-1-1024x768.png 1024w, https:\/\/orato.world\/wp-content\/uploads\/Untitled-design-2024-04-09T104608.664-1-300x225.png 300w, https:\/\/orato.world\/wp-content\/uploads\/Untitled-design-2024-04-09T104608.664-1-770x578.png 770w, https:\/\/orato.world\/wp-content\/uploads\/Untitled-design-2024-04-09T104608.664-1-533x400.png 533w, https:\/\/orato.world\/wp-content\/uploads\/Untitled-design-2024-04-09T104608.664-1.png 1280w\" sizes=\"auto, (max-width: 1024px) 100vw, 1024px\" \/><figcaption class=\"wp-element-caption\">Dos mujeres sostienen una pancarta exigiendo la liberaci\u00f3n de Nahuel. <em><strong>| Foto cortes\u00eda de Nahuel Morandini<\/strong><\/em><\/figcaption><\/figure>\n<\/div>\n\n\n<p><\/p>\n\n\n\n<p>A medida que crec\u00eda la concienciaci\u00f3n exterior, mi situaci\u00f3n acapar\u00f3 de repente la atenci\u00f3n de los medios de comunicaci\u00f3n. La noticia apareci\u00f3 en medios de comunicaci\u00f3n nacionales de Argentina, as\u00ed como en algunos internacionales. Incluso el portavoz presidencial expres\u00f3 p\u00fablicamente su apoyo a mi liberaci\u00f3n. Mi estado de \u00e1nimo cambi\u00f3 radicalmente cuando empec\u00e9 a ver la posibilidad de la libertad.<\/p>\n\n\n\n<p>El 26 de febrero de 2024, las autoridades se acercaron a mi celda y me dijeron que me cambiara de ropa para una audiencia. Me fui con desconfianza, pero pronto me di cuenta de que me liberar\u00edan. Era una sensaci\u00f3n extra\u00f1a. Sent\u00ed alegr\u00eda, por supuesto, pero al mismo tiempo, s\u00f3lo pod\u00eda pensar: \u00abNada de esto deber\u00eda haber ocurrido en primer lugar\u00bb. Sal\u00ed de la c\u00e1rcel como un hombre cambiado, sin ser a\u00fan plenamente consciente de hasta qu\u00e9 punto afectaba a mi familia.<\/p>\n\n\n\n<p>Reanudar la vida normal result\u00f3 todo un reto. En todo lugar me preguntaban por mi detenci\u00f3n. Cont\u00e9 mi historia innumerables veces. Se hizo imposible borrar el recuerdo de mi cabeza. Antes del encarcelamiento, poca gente me conoc\u00eda. Ahora la gente reconoce mi nombre en todo el pa\u00eds. Creo que la visibilidad conlleva la responsabilidad de seguir luchando y sacando a la luz los fallos y abusos de nuestro sistema judicial. <\/p>\n","protected":false},"excerpt":{"rendered":"<p>En mi provincia circulaba el rumor de que la mujer del ex gobernador le hab\u00eda enga\u00f1ado con un cantante famoso. Se me ocurri\u00f3 un comentario ingenioso, que me hizo gracia, y lo publiqu\u00e9 en mi cuenta X. <\/p>\n","protected":false},"author":46,"featured_media":90212,"comment_status":"open","ping_status":"open","sticky":false,"template":"","format":"standard","meta":{"_acf_changed":false,"_uag_custom_page_level_css":"","_lmt_disableupdate":"","_lmt_disable":"","footnotes":""},"categories":[260,874],"tags":[7480,193,3449,6825,6115,2214,3474,8575,8576],"class_list":["post-90486","post","type-post","status-publish","format-standard","has-post-thumbnail","hentry","category-conflicto","category-crimen-y-corrupcion-es","tag-amnistia-internacional","tag-argentina-es","tag-encarcelamiento-injusto","tag-gerardo-morales-es","tag-jujuy-es","tag-latinoamerica","tag-preso-politico","tag-twitter-es","tag-x-es"],"acf":[],"yoast_head":"<!-- This site is optimized with the Yoast SEO Premium plugin v27.5 (Yoast SEO v27.5) - https:\/\/yoast.com\/product\/yoast-seo-premium-wordpress\/ -->\n<title>Profesor universitario encarcelado por una broma en X, antes conocido como Twitter<\/title>\n<meta name=\"description\" content=\"Encarcelado un profesor universitario por publicar un chiste sobre un funcionario del gobierno en X, antes conocido como Twitter, Amnist\u00eda Internacional pide su liberaci\u00f3n\" \/>\n<meta name=\"robots\" content=\"index, follow, max-snippet:-1, max-image-preview:large, max-video-preview:-1\" \/>\n<link rel=\"canonical\" href=\"https:\/\/orato.world\/es\/2024\/04\/16\/amnistia-internacional-denuncia-el-encarcelamiento-de-un-profesor-universitario-por-publicar-en-x-un-chiste-sobre-un-funcionario-del-gobierno\/\" \/>\n<meta property=\"og:locale\" content=\"es_ES\" \/>\n<meta property=\"og:type\" content=\"article\" \/>\n<meta property=\"og:title\" content=\"Amnist\u00eda Internacional denuncia el encarcelamiento de un profesor universitario por publicar en X un chiste sobre un funcionario del gobierno\" \/>\n<meta property=\"og:description\" content=\"Encarcelado un profesor universitario por publicar un chiste sobre un funcionario del gobierno en X, antes conocido como Twitter, Amnist\u00eda Internacional pide su liberaci\u00f3n\" \/>\n<meta property=\"og:url\" content=\"https:\/\/orato.world\/es\/2024\/04\/16\/amnistia-internacional-denuncia-el-encarcelamiento-de-un-profesor-universitario-por-publicar-en-x-un-chiste-sobre-un-funcionario-del-gobierno\/\" \/>\n<meta property=\"og:site_name\" content=\"Orato\" \/>\n<meta property=\"article:publisher\" content=\"https:\/\/www.facebook.com\/OratoWorld\/\" \/>\n<meta property=\"article:published_time\" content=\"2024-04-16T10:00:00+00:00\" \/>\n<meta property=\"article:modified_time\" content=\"2024-04-27T00:16:27+00:00\" \/>\n<meta property=\"og:image\" content=\"https:\/\/orato.world\/wp-content\/uploads\/Untitled-design-2024-04-09T104615.472.png\" \/>\n\t<meta property=\"og:image:width\" content=\"1280\" \/>\n\t<meta property=\"og:image:height\" content=\"960\" \/>\n\t<meta property=\"og:image:type\" content=\"image\/png\" \/>\n<meta name=\"author\" content=\"Juan Martinez\" \/>\n<meta name=\"twitter:card\" content=\"summary_large_image\" \/>\n<meta name=\"twitter:creator\" content=\"@oratoworld\" \/>\n<meta name=\"twitter:site\" content=\"@oratoworld\" \/>\n<meta name=\"twitter:label1\" content=\"Escrito por\" \/>\n\t<meta name=\"twitter:data1\" content=\"Juan Martinez\" \/>\n\t<meta name=\"twitter:label2\" content=\"Tiempo de lectura\" \/>\n\t<meta name=\"twitter:data2\" content=\"8 minutos\" \/>\n<script type=\"application\/ld+json\" class=\"yoast-schema-graph\">{\"@context\":\"https:\\\/\\\/schema.org\",\"@graph\":[{\"@type\":\"NewsArticle\",\"@id\":\"https:\\\/\\\/orato.world\\\/es\\\/2024\\\/04\\\/16\\\/amnistia-internacional-denuncia-el-encarcelamiento-de-un-profesor-universitario-por-publicar-en-x-un-chiste-sobre-un-funcionario-del-gobierno\\\/#article\",\"isPartOf\":{\"@id\":\"https:\\\/\\\/orato.world\\\/es\\\/2024\\\/04\\\/16\\\/amnistia-internacional-denuncia-el-encarcelamiento-de-un-profesor-universitario-por-publicar-en-x-un-chiste-sobre-un-funcionario-del-gobierno\\\/\"},\"author\":{\"name\":\"Juan Martinez\",\"@id\":\"https:\\\/\\\/orato.world\\\/es\\\/#\\\/schema\\\/person\\\/259e3eb53463114729a930bdc6b13718\"},\"headline\":\"Amnist\u00eda Internacional denuncia el encarcelamiento de un profesor universitario por publicar en X un chiste sobre un funcionario del gobierno\",\"datePublished\":\"2024-04-16T10:00:00+00:00\",\"dateModified\":\"2024-04-27T00:16:27+00:00\",\"mainEntityOfPage\":{\"@id\":\"https:\\\/\\\/orato.world\\\/es\\\/2024\\\/04\\\/16\\\/amnistia-internacional-denuncia-el-encarcelamiento-de-un-profesor-universitario-por-publicar-en-x-un-chiste-sobre-un-funcionario-del-gobierno\\\/\"},\"wordCount\":1792,\"commentCount\":0,\"publisher\":{\"@id\":\"https:\\\/\\\/orato.world\\\/es\\\/#organization\"},\"image\":{\"@id\":\"https:\\\/\\\/orato.world\\\/es\\\/2024\\\/04\\\/16\\\/amnistia-internacional-denuncia-el-encarcelamiento-de-un-profesor-universitario-por-publicar-en-x-un-chiste-sobre-un-funcionario-del-gobierno\\\/#primaryimage\"},\"thumbnailUrl\":\"https:\\\/\\\/orato.world\\\/wp-content\\\/uploads\\\/Untitled-design-2024-04-09T104615.472.png\",\"keywords\":[\"Amnist\u00eda Internacional\",\"Argentina\",\"encarcelamiento injusto\",\"Gerardo Morales\",\"JUJUY\",\"Latinoam\u00e9rica\",\"Preso pol\u00edtico\",\"Twitter\",\"X\"],\"articleSection\":[\"Conflicto\",\"Crimen y corrupci\u00f3n\"],\"inLanguage\":\"es\",\"potentialAction\":[{\"@type\":\"CommentAction\",\"name\":\"Comment\",\"target\":[\"https:\\\/\\\/orato.world\\\/es\\\/2024\\\/04\\\/16\\\/amnistia-internacional-denuncia-el-encarcelamiento-de-un-profesor-universitario-por-publicar-en-x-un-chiste-sobre-un-funcionario-del-gobierno\\\/#respond\"]}]},{\"@type\":\"WebPage\",\"@id\":\"https:\\\/\\\/orato.world\\\/es\\\/2024\\\/04\\\/16\\\/amnistia-internacional-denuncia-el-encarcelamiento-de-un-profesor-universitario-por-publicar-en-x-un-chiste-sobre-un-funcionario-del-gobierno\\\/\",\"url\":\"https:\\\/\\\/orato.world\\\/es\\\/2024\\\/04\\\/16\\\/amnistia-internacional-denuncia-el-encarcelamiento-de-un-profesor-universitario-por-publicar-en-x-un-chiste-sobre-un-funcionario-del-gobierno\\\/\",\"name\":\"Profesor universitario encarcelado por una broma en X, antes conocido como Twitter\",\"isPartOf\":{\"@id\":\"https:\\\/\\\/orato.world\\\/es\\\/#website\"},\"primaryImageOfPage\":{\"@id\":\"https:\\\/\\\/orato.world\\\/es\\\/2024\\\/04\\\/16\\\/amnistia-internacional-denuncia-el-encarcelamiento-de-un-profesor-universitario-por-publicar-en-x-un-chiste-sobre-un-funcionario-del-gobierno\\\/#primaryimage\"},\"image\":{\"@id\":\"https:\\\/\\\/orato.world\\\/es\\\/2024\\\/04\\\/16\\\/amnistia-internacional-denuncia-el-encarcelamiento-de-un-profesor-universitario-por-publicar-en-x-un-chiste-sobre-un-funcionario-del-gobierno\\\/#primaryimage\"},\"thumbnailUrl\":\"https:\\\/\\\/orato.world\\\/wp-content\\\/uploads\\\/Untitled-design-2024-04-09T104615.472.png\",\"datePublished\":\"2024-04-16T10:00:00+00:00\",\"dateModified\":\"2024-04-27T00:16:27+00:00\",\"description\":\"Encarcelado un profesor universitario por publicar un chiste sobre un funcionario del gobierno en X, antes conocido como Twitter, Amnist\u00eda Internacional pide su liberaci\u00f3n\",\"breadcrumb\":{\"@id\":\"https:\\\/\\\/orato.world\\\/es\\\/2024\\\/04\\\/16\\\/amnistia-internacional-denuncia-el-encarcelamiento-de-un-profesor-universitario-por-publicar-en-x-un-chiste-sobre-un-funcionario-del-gobierno\\\/#breadcrumb\"},\"inLanguage\":\"es\",\"potentialAction\":[{\"@type\":\"ReadAction\",\"target\":[\"https:\\\/\\\/orato.world\\\/es\\\/2024\\\/04\\\/16\\\/amnistia-internacional-denuncia-el-encarcelamiento-de-un-profesor-universitario-por-publicar-en-x-un-chiste-sobre-un-funcionario-del-gobierno\\\/\"]}]},{\"@type\":\"ImageObject\",\"inLanguage\":\"es\",\"@id\":\"https:\\\/\\\/orato.world\\\/es\\\/2024\\\/04\\\/16\\\/amnistia-internacional-denuncia-el-encarcelamiento-de-un-profesor-universitario-por-publicar-en-x-un-chiste-sobre-un-funcionario-del-gobierno\\\/#primaryimage\",\"url\":\"https:\\\/\\\/orato.world\\\/wp-content\\\/uploads\\\/Untitled-design-2024-04-09T104615.472.png\",\"contentUrl\":\"https:\\\/\\\/orato.world\\\/wp-content\\\/uploads\\\/Untitled-design-2024-04-09T104615.472.png\",\"width\":1280,\"height\":960,\"caption\":\"Jujuy residents demanding Nahuel's release | Photo courtesy of Nahuel Morandini\"},{\"@type\":\"BreadcrumbList\",\"@id\":\"https:\\\/\\\/orato.world\\\/es\\\/2024\\\/04\\\/16\\\/amnistia-internacional-denuncia-el-encarcelamiento-de-un-profesor-universitario-por-publicar-en-x-un-chiste-sobre-un-funcionario-del-gobierno\\\/#breadcrumb\",\"itemListElement\":[{\"@type\":\"ListItem\",\"position\":1,\"name\":\"Home\",\"item\":\"https:\\\/\\\/orato.world\\\/es\\\/\"},{\"@type\":\"ListItem\",\"position\":2,\"name\":\"Amnist\u00eda Internacional denuncia el encarcelamiento de un profesor universitario por publicar en X un chiste sobre un funcionario del gobierno\"}]},{\"@type\":\"WebSite\",\"@id\":\"https:\\\/\\\/orato.world\\\/es\\\/#website\",\"url\":\"https:\\\/\\\/orato.world\\\/es\\\/\",\"name\":\"Orato\",\"description\":\"True Stories. Real People\",\"publisher\":{\"@id\":\"https:\\\/\\\/orato.world\\\/es\\\/#organization\"},\"potentialAction\":[{\"@type\":\"SearchAction\",\"target\":{\"@type\":\"EntryPoint\",\"urlTemplate\":\"https:\\\/\\\/orato.world\\\/es\\\/?s={search_term_string}\"},\"query-input\":{\"@type\":\"PropertyValueSpecification\",\"valueRequired\":true,\"valueName\":\"search_term_string\"}}],\"inLanguage\":\"es\"},{\"@type\":\"Organization\",\"@id\":\"https:\\\/\\\/orato.world\\\/es\\\/#organization\",\"name\":\"Orato World Media Inc.\",\"url\":\"https:\\\/\\\/orato.world\\\/es\\\/\",\"logo\":{\"@type\":\"ImageObject\",\"inLanguage\":\"es\",\"@id\":\"https:\\\/\\\/orato.world\\\/es\\\/#\\\/schema\\\/logo\\\/image\\\/\",\"url\":\"https:\\\/\\\/orato.world\\\/wp-content\\\/uploads\\\/2020\\\/07\\\/orato-logo-transparent.png\",\"contentUrl\":\"https:\\\/\\\/orato.world\\\/wp-content\\\/uploads\\\/2020\\\/07\\\/orato-logo-transparent.png\",\"width\":78,\"height\":73,\"caption\":\"Orato World Media Inc.\"},\"image\":{\"@id\":\"https:\\\/\\\/orato.world\\\/es\\\/#\\\/schema\\\/logo\\\/image\\\/\"},\"sameAs\":[\"https:\\\/\\\/www.facebook.com\\\/OratoWorld\\\/\",\"https:\\\/\\\/x.com\\\/oratoworld\",\"https:\\\/\\\/www.instagram.com\\\/oratoworld\",\"https:\\\/\\\/www.linkedin.com\\\/company\\\/42308818\\\/\"]},{\"@type\":\"Person\",\"@id\":\"https:\\\/\\\/orato.world\\\/es\\\/#\\\/schema\\\/person\\\/259e3eb53463114729a930bdc6b13718\",\"name\":\"Juan Martinez\",\"image\":{\"@type\":\"ImageObject\",\"inLanguage\":\"es\",\"@id\":\"https:\\\/\\\/secure.gravatar.com\\\/avatar\\\/e389842ce19d988ed1bdecbf7a1c3267b7fb41fe5100af2b5ac31fc077336a14?s=96&d=mm&r=g\",\"url\":\"https:\\\/\\\/secure.gravatar.com\\\/avatar\\\/e389842ce19d988ed1bdecbf7a1c3267b7fb41fe5100af2b5ac31fc077336a14?s=96&d=mm&r=g\",\"contentUrl\":\"https:\\\/\\\/secure.gravatar.com\\\/avatar\\\/e389842ce19d988ed1bdecbf7a1c3267b7fb41fe5100af2b5ac31fc077336a14?s=96&d=mm&r=g\",\"caption\":\"Juan Martinez\"},\"description\":\"Journalist and broadcaster. He works in graphics and radio, and he is always looking for stories that deserve to be told. A devotee of Juan Rom\u00e1n Riquelme.\",\"url\":\"https:\\\/\\\/orato.world\\\/es\\\/author\\\/juan-martinez\\\/\"}]}<\/script>\n<!-- \/ Yoast SEO Premium plugin. -->","yoast_head_json":{"title":"Profesor universitario encarcelado por una broma en X, antes conocido como Twitter","description":"Encarcelado un profesor universitario por publicar un chiste sobre un funcionario del gobierno en X, antes conocido como Twitter, Amnist\u00eda Internacional pide su liberaci\u00f3n","robots":{"index":"index","follow":"follow","max-snippet":"max-snippet:-1","max-image-preview":"max-image-preview:large","max-video-preview":"max-video-preview:-1"},"canonical":"https:\/\/orato.world\/es\/2024\/04\/16\/amnistia-internacional-denuncia-el-encarcelamiento-de-un-profesor-universitario-por-publicar-en-x-un-chiste-sobre-un-funcionario-del-gobierno\/","og_locale":"es_ES","og_type":"article","og_title":"Amnist\u00eda Internacional denuncia el encarcelamiento de un profesor universitario por publicar en X un chiste sobre un funcionario del gobierno","og_description":"Encarcelado un profesor universitario por publicar un chiste sobre un funcionario del gobierno en X, antes conocido como Twitter, Amnist\u00eda Internacional pide su liberaci\u00f3n","og_url":"https:\/\/orato.world\/es\/2024\/04\/16\/amnistia-internacional-denuncia-el-encarcelamiento-de-un-profesor-universitario-por-publicar-en-x-un-chiste-sobre-un-funcionario-del-gobierno\/","og_site_name":"Orato","article_publisher":"https:\/\/www.facebook.com\/OratoWorld\/","article_published_time":"2024-04-16T10:00:00+00:00","article_modified_time":"2024-04-27T00:16:27+00:00","og_image":[{"width":1280,"height":960,"url":"https:\/\/orato.world\/wp-content\/uploads\/Untitled-design-2024-04-09T104615.472.png","type":"image\/png"}],"author":"Juan Martinez","twitter_card":"summary_large_image","twitter_creator":"@oratoworld","twitter_site":"@oratoworld","twitter_misc":{"Escrito por":"Juan Martinez","Tiempo de lectura":"8 minutos"},"schema":{"@context":"https:\/\/schema.org","@graph":[{"@type":"NewsArticle","@id":"https:\/\/orato.world\/es\/2024\/04\/16\/amnistia-internacional-denuncia-el-encarcelamiento-de-un-profesor-universitario-por-publicar-en-x-un-chiste-sobre-un-funcionario-del-gobierno\/#article","isPartOf":{"@id":"https:\/\/orato.world\/es\/2024\/04\/16\/amnistia-internacional-denuncia-el-encarcelamiento-de-un-profesor-universitario-por-publicar-en-x-un-chiste-sobre-un-funcionario-del-gobierno\/"},"author":{"name":"Juan Martinez","@id":"https:\/\/orato.world\/es\/#\/schema\/person\/259e3eb53463114729a930bdc6b13718"},"headline":"Amnist\u00eda Internacional denuncia el encarcelamiento de un profesor universitario por publicar en X un chiste sobre un funcionario del gobierno","datePublished":"2024-04-16T10:00:00+00:00","dateModified":"2024-04-27T00:16:27+00:00","mainEntityOfPage":{"@id":"https:\/\/orato.world\/es\/2024\/04\/16\/amnistia-internacional-denuncia-el-encarcelamiento-de-un-profesor-universitario-por-publicar-en-x-un-chiste-sobre-un-funcionario-del-gobierno\/"},"wordCount":1792,"commentCount":0,"publisher":{"@id":"https:\/\/orato.world\/es\/#organization"},"image":{"@id":"https:\/\/orato.world\/es\/2024\/04\/16\/amnistia-internacional-denuncia-el-encarcelamiento-de-un-profesor-universitario-por-publicar-en-x-un-chiste-sobre-un-funcionario-del-gobierno\/#primaryimage"},"thumbnailUrl":"https:\/\/orato.world\/wp-content\/uploads\/Untitled-design-2024-04-09T104615.472.png","keywords":["Amnist\u00eda Internacional","Argentina","encarcelamiento injusto","Gerardo Morales","JUJUY","Latinoam\u00e9rica","Preso pol\u00edtico","Twitter","X"],"articleSection":["Conflicto","Crimen y corrupci\u00f3n"],"inLanguage":"es","potentialAction":[{"@type":"CommentAction","name":"Comment","target":["https:\/\/orato.world\/es\/2024\/04\/16\/amnistia-internacional-denuncia-el-encarcelamiento-de-un-profesor-universitario-por-publicar-en-x-un-chiste-sobre-un-funcionario-del-gobierno\/#respond"]}]},{"@type":"WebPage","@id":"https:\/\/orato.world\/es\/2024\/04\/16\/amnistia-internacional-denuncia-el-encarcelamiento-de-un-profesor-universitario-por-publicar-en-x-un-chiste-sobre-un-funcionario-del-gobierno\/","url":"https:\/\/orato.world\/es\/2024\/04\/16\/amnistia-internacional-denuncia-el-encarcelamiento-de-un-profesor-universitario-por-publicar-en-x-un-chiste-sobre-un-funcionario-del-gobierno\/","name":"Profesor universitario encarcelado por una broma en X, antes conocido como Twitter","isPartOf":{"@id":"https:\/\/orato.world\/es\/#website"},"primaryImageOfPage":{"@id":"https:\/\/orato.world\/es\/2024\/04\/16\/amnistia-internacional-denuncia-el-encarcelamiento-de-un-profesor-universitario-por-publicar-en-x-un-chiste-sobre-un-funcionario-del-gobierno\/#primaryimage"},"image":{"@id":"https:\/\/orato.world\/es\/2024\/04\/16\/amnistia-internacional-denuncia-el-encarcelamiento-de-un-profesor-universitario-por-publicar-en-x-un-chiste-sobre-un-funcionario-del-gobierno\/#primaryimage"},"thumbnailUrl":"https:\/\/orato.world\/wp-content\/uploads\/Untitled-design-2024-04-09T104615.472.png","datePublished":"2024-04-16T10:00:00+00:00","dateModified":"2024-04-27T00:16:27+00:00","description":"Encarcelado un profesor universitario por publicar un chiste sobre un funcionario del gobierno en X, antes conocido como Twitter, Amnist\u00eda Internacional pide su liberaci\u00f3n","breadcrumb":{"@id":"https:\/\/orato.world\/es\/2024\/04\/16\/amnistia-internacional-denuncia-el-encarcelamiento-de-un-profesor-universitario-por-publicar-en-x-un-chiste-sobre-un-funcionario-del-gobierno\/#breadcrumb"},"inLanguage":"es","potentialAction":[{"@type":"ReadAction","target":["https:\/\/orato.world\/es\/2024\/04\/16\/amnistia-internacional-denuncia-el-encarcelamiento-de-un-profesor-universitario-por-publicar-en-x-un-chiste-sobre-un-funcionario-del-gobierno\/"]}]},{"@type":"ImageObject","inLanguage":"es","@id":"https:\/\/orato.world\/es\/2024\/04\/16\/amnistia-internacional-denuncia-el-encarcelamiento-de-un-profesor-universitario-por-publicar-en-x-un-chiste-sobre-un-funcionario-del-gobierno\/#primaryimage","url":"https:\/\/orato.world\/wp-content\/uploads\/Untitled-design-2024-04-09T104615.472.png","contentUrl":"https:\/\/orato.world\/wp-content\/uploads\/Untitled-design-2024-04-09T104615.472.png","width":1280,"height":960,"caption":"Jujuy residents demanding Nahuel's release | Photo courtesy of Nahuel Morandini"},{"@type":"BreadcrumbList","@id":"https:\/\/orato.world\/es\/2024\/04\/16\/amnistia-internacional-denuncia-el-encarcelamiento-de-un-profesor-universitario-por-publicar-en-x-un-chiste-sobre-un-funcionario-del-gobierno\/#breadcrumb","itemListElement":[{"@type":"ListItem","position":1,"name":"Home","item":"https:\/\/orato.world\/es\/"},{"@type":"ListItem","position":2,"name":"Amnist\u00eda Internacional denuncia el encarcelamiento de un profesor universitario por publicar en X un chiste sobre un funcionario del gobierno"}]},{"@type":"WebSite","@id":"https:\/\/orato.world\/es\/#website","url":"https:\/\/orato.world\/es\/","name":"Orato","description":"True Stories. Real People","publisher":{"@id":"https:\/\/orato.world\/es\/#organization"},"potentialAction":[{"@type":"SearchAction","target":{"@type":"EntryPoint","urlTemplate":"https:\/\/orato.world\/es\/?s={search_term_string}"},"query-input":{"@type":"PropertyValueSpecification","valueRequired":true,"valueName":"search_term_string"}}],"inLanguage":"es"},{"@type":"Organization","@id":"https:\/\/orato.world\/es\/#organization","name":"Orato World Media Inc.","url":"https:\/\/orato.world\/es\/","logo":{"@type":"ImageObject","inLanguage":"es","@id":"https:\/\/orato.world\/es\/#\/schema\/logo\/image\/","url":"https:\/\/orato.world\/wp-content\/uploads\/2020\/07\/orato-logo-transparent.png","contentUrl":"https:\/\/orato.world\/wp-content\/uploads\/2020\/07\/orato-logo-transparent.png","width":78,"height":73,"caption":"Orato World Media Inc."},"image":{"@id":"https:\/\/orato.world\/es\/#\/schema\/logo\/image\/"},"sameAs":["https:\/\/www.facebook.com\/OratoWorld\/","https:\/\/x.com\/oratoworld","https:\/\/www.instagram.com\/oratoworld","https:\/\/www.linkedin.com\/company\/42308818\/"]},{"@type":"Person","@id":"https:\/\/orato.world\/es\/#\/schema\/person\/259e3eb53463114729a930bdc6b13718","name":"Juan Martinez","image":{"@type":"ImageObject","inLanguage":"es","@id":"https:\/\/secure.gravatar.com\/avatar\/e389842ce19d988ed1bdecbf7a1c3267b7fb41fe5100af2b5ac31fc077336a14?s=96&d=mm&r=g","url":"https:\/\/secure.gravatar.com\/avatar\/e389842ce19d988ed1bdecbf7a1c3267b7fb41fe5100af2b5ac31fc077336a14?s=96&d=mm&r=g","contentUrl":"https:\/\/secure.gravatar.com\/avatar\/e389842ce19d988ed1bdecbf7a1c3267b7fb41fe5100af2b5ac31fc077336a14?s=96&d=mm&r=g","caption":"Juan Martinez"},"description":"Journalist and broadcaster. He works in graphics and radio, and he is always looking for stories that deserve to be told. A devotee of Juan Rom\u00e1n Riquelme.","url":"https:\/\/orato.world\/es\/author\/juan-martinez\/"}]}},"modified_by":"Stephen","uagb_featured_image_src":{"full":["https:\/\/orato.world\/wp-content\/uploads\/Untitled-design-2024-04-09T104615.472.png",1280,960,false],"thumbnail":["https:\/\/orato.world\/wp-content\/uploads\/Untitled-design-2024-04-09T104615.472-100x100.png",100,100,true],"medium":["https:\/\/orato.world\/wp-content\/uploads\/Untitled-design-2024-04-09T104615.472-300x225.png",300,225,true],"medium_large":["https:\/\/orato.world\/wp-content\/uploads\/Untitled-design-2024-04-09T104615.472-770x578.png",640,480,true],"large":["https:\/\/orato.world\/wp-content\/uploads\/Untitled-design-2024-04-09T104615.472-1024x768.png",640,480,true],"1536x1536":["https:\/\/orato.world\/wp-content\/uploads\/Untitled-design-2024-04-09T104615.472.png",1280,960,false],"2048x2048":["https:\/\/orato.world\/wp-content\/uploads\/Untitled-design-2024-04-09T104615.472.png",1280,960,false],"gallery-size":["https:\/\/orato.world\/wp-content\/uploads\/Untitled-design-2024-04-09T104615.472-533x400.png",533,400,true],"lets-review-360-240":["https:\/\/orato.world\/wp-content\/uploads\/Untitled-design-2024-04-09T104615.472-360x240.png",360,240,true],"gform-image-choice-sm":["https:\/\/orato.world\/wp-content\/uploads\/Untitled-design-2024-04-09T104615.472.png",300,225,false],"gform-image-choice-md":["https:\/\/orato.world\/wp-content\/uploads\/Untitled-design-2024-04-09T104615.472.png",400,300,false],"gform-image-choice-lg":["https:\/\/orato.world\/wp-content\/uploads\/Untitled-design-2024-04-09T104615.472.png",600,450,false],"awsm_team":["https:\/\/orato.world\/wp-content\/uploads\/Untitled-design-2024-04-09T104615.472-500x500.png",500,500,true]},"uagb_author_info":{"display_name":"Juan Martinez","author_link":"https:\/\/orato.world\/es\/author\/juan-martinez\/"},"uagb_comment_info":0,"uagb_excerpt":"En mi provincia circulaba el rumor de que la mujer del ex gobernador le hab\u00eda enga\u00f1ado con un cantante famoso. Se me ocurri\u00f3 un comentario ingenioso, que me hizo gracia, y lo publiqu\u00e9 en mi cuenta X.","_links":{"self":[{"href":"https:\/\/orato.world\/es\/wp-json\/wp\/v2\/posts\/90486","targetHints":{"allow":["GET"]}}],"collection":[{"href":"https:\/\/orato.world\/es\/wp-json\/wp\/v2\/posts"}],"about":[{"href":"https:\/\/orato.world\/es\/wp-json\/wp\/v2\/types\/post"}],"author":[{"embeddable":true,"href":"https:\/\/orato.world\/es\/wp-json\/wp\/v2\/users\/46"}],"replies":[{"embeddable":true,"href":"https:\/\/orato.world\/es\/wp-json\/wp\/v2\/comments?post=90486"}],"version-history":[{"count":2,"href":"https:\/\/orato.world\/es\/wp-json\/wp\/v2\/posts\/90486\/revisions"}],"predecessor-version":[{"id":91201,"href":"https:\/\/orato.world\/es\/wp-json\/wp\/v2\/posts\/90486\/revisions\/91201"}],"wp:featuredmedia":[{"embeddable":true,"href":"https:\/\/orato.world\/es\/wp-json\/wp\/v2\/media\/90212"}],"wp:attachment":[{"href":"https:\/\/orato.world\/es\/wp-json\/wp\/v2\/media?parent=90486"}],"wp:term":[{"taxonomy":"category","embeddable":true,"href":"https:\/\/orato.world\/es\/wp-json\/wp\/v2\/categories?post=90486"},{"taxonomy":"post_tag","embeddable":true,"href":"https:\/\/orato.world\/es\/wp-json\/wp\/v2\/tags?post=90486"}],"curies":[{"name":"wp","href":"https:\/\/api.w.org\/{rel}","templated":true}]}}