{"id":90564,"date":"2024-04-04T03:00:00","date_gmt":"2024-04-04T10:00:00","guid":{"rendered":"https:\/\/orato.world\/2024\/04\/04\/llamas-en-el-corazon-de-bogota-el-nino-provoca-incendios-catastroficos-en-el-cerro-el-cable\/"},"modified":"2024-04-17T15:33:46","modified_gmt":"2024-04-17T22:33:46","slug":"llamas-en-el-corazon-de-bogota-el-nino-provoca-incendios-catastroficos-en-el-cerro-el-cable","status":"publish","type":"post","link":"https:\/\/orato.world\/es\/2024\/04\/04\/llamas-en-el-corazon-de-bogota-el-nino-provoca-incendios-catastroficos-en-el-cerro-el-cable\/","title":{"rendered":"Llamas en el coraz\u00f3n de Bogot\u00e1: El Ni\u00f1o provoca incendios catastr\u00f3ficos en el cerro El Cable"},"content":{"rendered":"\n<div class=\"wp-block-uagb-blockquote uagb-block-0db116b1 uagb-blockquote__skin-border uagb-blockquote__with-tweet uagb-blockquote__tweet-style-classic uagb-blockquote__tweet-icon_text uagb-blockquote__stack-img-none\"><blockquote class=\"uagb-blockquote\"><div class=\"uagb-blockquote__content\"><strong><em>Bienvenido a la secci\u00f3n Galer\u00eda fotogr\u00e1fica de Orato World Media,<\/em><\/strong> <em>donde publicamos im\u00e1genes de fot\u00f3grafos y fotoperiodistas de todo el mundo.<\/em> Si desea m\u00e1s informaci\u00f3n sobre la <a href=\"https:\/\/orato.world\/es\/spanish-photos\/\">Secci\u00f3n de Galer\u00eda de Fotos<\/a> de Orato World Media, <strong><em>cont\u00e1ctese con editor@orato.world .<\/em><\/strong><\/div><footer><div class=\"uagb-blockquote__author-wrap uagb-blockquote__author-at-left\"><cite class=\"uagb-blockquote__author\">Para convertirse en <a href=\"https:\/\/orato.world\/es\/conviertete-en-nuestro-colaborador-2\/\">colaborador freelance autorizado<\/a> de Orato World Media, realice nuestra <a href=\"https:\/\/airtable.com\/appyJGParHdba6EUl\/shrwroWrdEB7bLuE5\">Evaluaci\u00f3n de colaboradores freelance.<\/a><\/cite><\/div><a href=\"\/\" class=\"uagb-blockquote__tweet-button\" target=\"_blank\" rel=\"noopener noreferrer\"><svg width=\"20\" height=\"20\" viewbox=\"0 0 512 512\"><path d=\"M459.37 151.716c.325 4.548.325 9.097.325 13.645 0 138.72-105.583 298.558-298.558 298.558-59.452 0-114.68-17.219-161.137-47.106 8.447.974 16.568 1.299 25.34 1.299 49.055 0 94.213-16.568 130.274-44.832-46.132-.975-84.792-31.188-98.112-72.772 6.498.974 12.995 1.624 19.818 1.624 9.421 0 18.843-1.3 27.614-3.573-48.081-9.747-84.143-51.98-84.143-102.985v-1.299c13.969 7.797 30.214 12.67 47.431 13.319-28.264-18.843-46.781-51.005-46.781-87.391 0-19.492 5.197-37.36 14.294-52.954 51.655 63.675 129.3 105.258 216.365 109.807-1.624-7.797-2.599-15.918-2.599-24.04 0-57.828 46.782-104.934 104.934-104.934 30.213 0 57.502 12.67 76.67 33.137 23.715-4.548 46.456-13.32 66.599-25.34-7.798 24.366-24.366 44.833-46.132 57.827 21.117-2.273 41.584-8.122 60.426-16.243-14.292 20.791-32.161 39.308-52.628 54.253z\"><\/path><\/svg>Tweet<\/a><\/footer><\/blockquote><\/div>\n\n<p><\/p>\n\n<p>BOGOT\u00c1, Colombia \ua7f7 Los devastadores incendios forestales en el cerro El Cable fueron emblem\u00e1ticos de la <a href=\"https:\/\/baynews9.com\/fl\/tampa\/ap-online\/2024\/01\/25\/colombia-declares-a-disaster-because-of-wildfires-and-asks-for-international-help\">crisis clim\u00e1tica m\u00e1s amplia de Colombia.<\/a> Como resultado, el pa\u00eds experiment\u00f3 su enero m\u00e1s caluroso en tres d\u00e9cadas debido al patr\u00f3n clim\u00e1tico de <a href=\"https:\/\/english.elpais.com\/climate\/2024-01-26\/the-el-nino-phenomenon-and-dry-season-join-forces-to-set-colombia-on-fire.html\">El Ni\u00f1o<\/a>. Este fen\u00f3meno, unido a las condiciones de sequ\u00eda, <a href=\"https:\/\/www.voanews.com\/a\/colombia-issues-disaster-declaration-requests-global-aid-\/7458011.html\">provoc\u00f3 extensos incendios<\/a>, lo que motiv\u00f3 la declaraci\u00f3n de cat\u00e1strofe nacional por parte del gobierno. La situaci\u00f3n requer\u00eda ayuda internacional para apoyar las labores de extinci\u00f3n de incendios en todo el pa\u00eds. M\u00e1s de 17.000 hect\u00e1reas hab\u00edan sido consumidas por el fuego.<\/p>\n\n<p><\/p>\n\n<figure class=\"wp-block-image size-large\"><img loading=\"lazy\" decoding=\"async\" width=\"1024\" height=\"784\" src=\"https:\/\/orato.world\/wp-content\/uploads\/cropped_17-1024x784.jpg\" alt=\"\" class=\"wp-image-89788\" srcset=\"https:\/\/orato.world\/wp-content\/uploads\/cropped_17-1024x784.jpg 1024w, https:\/\/orato.world\/wp-content\/uploads\/cropped_17-300x230.jpg 300w, https:\/\/orato.world\/wp-content\/uploads\/cropped_17-770x590.jpg 770w, https:\/\/orato.world\/wp-content\/uploads\/cropped_17-522x400.jpg 522w, https:\/\/orato.world\/wp-content\/uploads\/cropped_17.jpg 1280w\" sizes=\"auto, (max-width: 1024px) 100vw, 1024px\" \/><\/figure>\n\n<p>En Bogot\u00e1, la capital, el humo deterior\u00f3 gravemente la calidad del aire, afectando a la salud de los residentes, algunos de los cuales necesitaron atenci\u00f3n m\u00e9dica. Los incendios, alimentados por especies vegetales invasoras y altamente inflamables como el eucalipto y el pino, supusieron un importante reto para las 805 personas que trabajaron incansablemente para controlar las llamas. Estas especies, que contienen aceites y savias inflamables, ayudaron a que el fuego mantuviera su intensidad durante varios d\u00edas. <\/p>\n\n<p><\/p>\n\n<figure class=\"wp-block-image size-large\"><img loading=\"lazy\" decoding=\"async\" width=\"1024\" height=\"784\" src=\"https:\/\/orato.world\/wp-content\/uploads\/cropped_2-1-1024x784.jpg\" alt=\"\" class=\"wp-image-89773\" srcset=\"https:\/\/orato.world\/wp-content\/uploads\/cropped_2-1-1024x784.jpg 1024w, https:\/\/orato.world\/wp-content\/uploads\/cropped_2-1-300x230.jpg 300w, https:\/\/orato.world\/wp-content\/uploads\/cropped_2-1-770x590.jpg 770w, https:\/\/orato.world\/wp-content\/uploads\/cropped_2-1-522x400.jpg 522w, https:\/\/orato.world\/wp-content\/uploads\/cropped_2-1.jpg 1280w\" sizes=\"auto, (max-width: 1024px) 100vw, 1024px\" \/><\/figure>\n\n<p><\/p>\n\n<p>Arriba, foto que muestra a un bombero adentr\u00e1ndose en terreno accidentado en el cerro El Cable, con el tel\u00f3n de fondo de una monta\u00f1a oscurecida por la bruma de los incendios.<\/p>\n\n<p><\/p>\n\n<figure class=\"wp-block-image size-large\"><img loading=\"lazy\" decoding=\"async\" width=\"1024\" height=\"784\" src=\"https:\/\/orato.world\/wp-content\/uploads\/cropped_10-1-1024x784.jpg\" alt=\"\" class=\"wp-image-89775\" srcset=\"https:\/\/orato.world\/wp-content\/uploads\/cropped_10-1-1024x784.jpg 1024w, https:\/\/orato.world\/wp-content\/uploads\/cropped_10-1-300x230.jpg 300w, https:\/\/orato.world\/wp-content\/uploads\/cropped_10-1-770x590.jpg 770w, https:\/\/orato.world\/wp-content\/uploads\/cropped_10-1-522x400.jpg 522w, https:\/\/orato.world\/wp-content\/uploads\/cropped_10-1.jpg 1280w\" sizes=\"auto, (max-width: 1024px) 100vw, 1024px\" \/><\/figure>\n\n<p><\/p>\n\n<p>Los esfuerzos para gestionar la crisis incluyeron la suspensi\u00f3n temporal de los vuelos en el Aeropuerto Internacional El Dorado de Bogot\u00e1, lo que puso de manifiesto el impacto de los incendios en la vida urbana y las infraestructuras.<\/p>\n\n<p><\/p>\n\n<h2 class=\"wp-block-heading\" id=\"h-the-aftermath-of-the-blaze-captured-with-charred-forest-grounds-contrasting-the-untouched-greenery-in-the-distance\"><strong>Las secuelas del incendio capturadas con los terrenos forestales carbonizados<\/strong> <strong>contrastando<\/strong> <strong>con el verdor intacto en la distancia.<\/strong><\/h2>\n\n<p><\/p>\n\n<figure class=\"wp-block-image size-large\"><img loading=\"lazy\" decoding=\"async\" width=\"1024\" height=\"784\" src=\"https:\/\/orato.world\/wp-content\/uploads\/cropped_25-1-1024x784.jpg\" alt=\"\" class=\"wp-image-89777\" srcset=\"https:\/\/orato.world\/wp-content\/uploads\/cropped_25-1-1024x784.jpg 1024w, https:\/\/orato.world\/wp-content\/uploads\/cropped_25-1-300x230.jpg 300w, https:\/\/orato.world\/wp-content\/uploads\/cropped_25-1-770x590.jpg 770w, https:\/\/orato.world\/wp-content\/uploads\/cropped_25-1-522x400.jpg 522w, https:\/\/orato.world\/wp-content\/uploads\/cropped_25-1.jpg 1280w\" sizes=\"auto, (max-width: 1024px) 100vw, 1024px\" \/><\/figure>\n\n<p><\/p>\n\n<p>Dos bomberos recorren un paisaje calcinado en una pendiente pronunciada. La tierra ha quedado calcinada, con restos de vegetaci\u00f3n a\u00fan humeantes, pintando un cuadro de la devastaci\u00f3n del incendio forestal.<\/p>\n\n<p><\/p>\n\n<figure class=\"wp-block-image size-large\"><img loading=\"lazy\" decoding=\"async\" width=\"1024\" height=\"784\" src=\"https:\/\/orato.world\/wp-content\/uploads\/cropped_8-1024x784.jpg\" alt=\"\" class=\"wp-image-89779\" srcset=\"https:\/\/orato.world\/wp-content\/uploads\/cropped_8-1024x784.jpg 1024w, https:\/\/orato.world\/wp-content\/uploads\/cropped_8-300x230.jpg 300w, https:\/\/orato.world\/wp-content\/uploads\/cropped_8-770x590.jpg 770w, https:\/\/orato.world\/wp-content\/uploads\/cropped_8-522x400.jpg 522w, https:\/\/orato.world\/wp-content\/uploads\/cropped_8.jpg 1280w\" sizes=\"auto, (max-width: 1024px) 100vw, 1024px\" \/><\/figure>\n\n<p><\/p>\n\n<p>Un bombero solitario se encuentra en un paisaje humeante en la colina de El Cable, rodeado de \u00e1rboles quemados. <\/p>\n\n<p><\/p>\n\n<figure class=\"wp-block-image size-large\"><img loading=\"lazy\" decoding=\"async\" width=\"1024\" height=\"784\" src=\"https:\/\/orato.world\/wp-content\/uploads\/cropped_5-1024x784.jpg\" alt=\"\" class=\"wp-image-89782\" srcset=\"https:\/\/orato.world\/wp-content\/uploads\/cropped_5-1024x784.jpg 1024w, https:\/\/orato.world\/wp-content\/uploads\/cropped_5-300x230.jpg 300w, https:\/\/orato.world\/wp-content\/uploads\/cropped_5-770x590.jpg 770w, https:\/\/orato.world\/wp-content\/uploads\/cropped_5-522x400.jpg 522w, https:\/\/orato.world\/wp-content\/uploads\/cropped_5.jpg 1280w\" sizes=\"auto, (max-width: 1024px) 100vw, 1024px\" \/><\/figure>\n\n<p><\/p>\n\n<p>Una imagen impactante de los intervinientes trabajando en el coraz\u00f3n de los bosques da\u00f1ados por el incendio de El Cable Hill.<\/p>\n\n<p><\/p>\n\n<figure class=\"wp-block-image size-large\"><img loading=\"lazy\" decoding=\"async\" width=\"1024\" height=\"784\" src=\"https:\/\/orato.world\/wp-content\/uploads\/cropped_6-1024x784.jpg\" alt=\"\" class=\"wp-image-89784\" srcset=\"https:\/\/orato.world\/wp-content\/uploads\/cropped_6-1024x784.jpg 1024w, https:\/\/orato.world\/wp-content\/uploads\/cropped_6-300x230.jpg 300w, https:\/\/orato.world\/wp-content\/uploads\/cropped_6-770x590.jpg 770w, https:\/\/orato.world\/wp-content\/uploads\/cropped_6-522x400.jpg 522w, https:\/\/orato.world\/wp-content\/uploads\/cropped_6.jpg 1280w\" sizes=\"auto, (max-width: 1024px) 100vw, 1024px\" \/><\/figure>\n\n<p><\/p>\n\n<p>Bomberos trabajando en medio de la devastaci\u00f3n, con una se\u00f1al que indica que la zona es una reserva forestal. Sus esfuerzos hacen hincapi\u00e9 en la normativa medioambiental vigente para proteger estas tierras.<\/p>\n\n<p><\/p>\n\n<figure class=\"wp-block-image size-large\"><img loading=\"lazy\" decoding=\"async\" width=\"1024\" height=\"768\" src=\"https:\/\/orato.world\/wp-content\/uploads\/Untitled-design-2024-03-28T182840.691-1024x768.png\" alt=\"\" class=\"wp-image-89802\" srcset=\"https:\/\/orato.world\/wp-content\/uploads\/Untitled-design-2024-03-28T182840.691-1024x768.png 1024w, https:\/\/orato.world\/wp-content\/uploads\/Untitled-design-2024-03-28T182840.691-300x225.png 300w, https:\/\/orato.world\/wp-content\/uploads\/Untitled-design-2024-03-28T182840.691-770x578.png 770w, https:\/\/orato.world\/wp-content\/uploads\/Untitled-design-2024-03-28T182840.691-533x400.png 533w, https:\/\/orato.world\/wp-content\/uploads\/Untitled-design-2024-03-28T182840.691.png 1280w\" sizes=\"auto, (max-width: 1024px) 100vw, 1024px\" \/><\/figure>\n\n<p><\/p>\n\n<p>M\u00e1s adentrados en el incendio, los bomberos se enfrentan a mayores riesgos y contaminaci\u00f3n ambiental debido al humo y a los materiales peligrosos.<\/p>\n\n<p><\/p>\n\n<figure class=\"wp-block-image size-large\"><img loading=\"lazy\" decoding=\"async\" width=\"1024\" height=\"784\" src=\"https:\/\/orato.world\/wp-content\/uploads\/cropped_21-1024x784.jpg\" alt=\"\" class=\"wp-image-89792\" srcset=\"https:\/\/orato.world\/wp-content\/uploads\/cropped_21-1024x784.jpg 1024w, https:\/\/orato.world\/wp-content\/uploads\/cropped_21-300x230.jpg 300w, https:\/\/orato.world\/wp-content\/uploads\/cropped_21-770x590.jpg 770w, https:\/\/orato.world\/wp-content\/uploads\/cropped_21-522x400.jpg 522w, https:\/\/orato.world\/wp-content\/uploads\/cropped_21.jpg 1280w\" sizes=\"auto, (max-width: 1024px) 100vw, 1024px\" \/><\/figure>\n\n<p><\/p>\n\n<p>Bomberos manipulando mangueras y equipos cerca de un dep\u00f3sito de agua roja. Est\u00e1n coordinando los esfuerzos para combatir y extinguir los incendios en la colina de El Cable.<\/p>\n\n<p><em><strong>Todas las fotos son cortes\u00eda de David Camilo Plazas Vargas<\/strong><\/em><\/p>\n\n<p><\/p>\n","protected":false},"excerpt":{"rendered":"<p>Los incendios, alimentados por especies vegetales invasoras y altamente inflamables como el eucalipto y el pino, supusieron un importante reto para las 805 personas que trabajaron incansablemente para controlar las llamas.<\/p>\n","protected":false},"author":215,"featured_media":89858,"comment_status":"open","ping_status":"open","sticky":false,"template":"","format":"standard","meta":{"_acf_changed":false,"_uag_custom_page_level_css":"","_lmt_disableupdate":"","_lmt_disable":"","footnotes":""},"categories":[534,319],"tags":[3481,882,1471,8601,6823,6681,2214],"class_list":["post-90564","post","type-post","status-publish","format-standard","has-post-thumbnail","hentry","category-galeria-de-fotos","category-medio-ambiente","tag-bombero","tag-cambio-climatico","tag-colombia-es","tag-humo","tag-incendios","tag-incendios-forestales","tag-latinoamerica"],"acf":[],"yoast_head":"<!-- This site is optimized with the Yoast SEO Premium plugin v27.5 (Yoast SEO v27.5) - https:\/\/yoast.com\/product\/yoast-seo-premium-wordpress\/ -->\n<title>El Ni\u00f1o provoca incendios catastr\u00f3ficos en la colina de El Cable<\/title>\n<meta name=\"description\" content=\"Llamas en el coraz\u00f3n de Bogot\u00e1: El Ni\u00f1o provoca incendios catastr\u00f3ficos en el cerro del Cable, los bomberos pasan d\u00edas luchando contra la devastaci\u00f3n\" \/>\n<meta name=\"robots\" content=\"index, follow, max-snippet:-1, max-image-preview:large, max-video-preview:-1\" \/>\n<link rel=\"canonical\" href=\"https:\/\/orato.world\/es\/2024\/04\/04\/llamas-en-el-corazon-de-bogota-el-nino-provoca-incendios-catastroficos-en-el-cerro-el-cable\/\" \/>\n<meta property=\"og:locale\" content=\"es_ES\" \/>\n<meta property=\"og:type\" content=\"article\" \/>\n<meta property=\"og:title\" content=\"Llamas en el coraz\u00f3n de Bogot\u00e1: El Ni\u00f1o provoca incendios catastr\u00f3ficos en el cerro El Cable\" \/>\n<meta property=\"og:description\" content=\"Llamas en el coraz\u00f3n de Bogot\u00e1: El Ni\u00f1o provoca incendios catastr\u00f3ficos en el cerro del Cable, los bomberos pasan d\u00edas luchando contra la devastaci\u00f3n\" \/>\n<meta property=\"og:url\" content=\"https:\/\/orato.world\/es\/2024\/04\/04\/llamas-en-el-corazon-de-bogota-el-nino-provoca-incendios-catastroficos-en-el-cerro-el-cable\/\" \/>\n<meta property=\"og:site_name\" content=\"Orato\" \/>\n<meta property=\"article:publisher\" content=\"https:\/\/www.facebook.com\/OratoWorld\/\" \/>\n<meta property=\"article:published_time\" content=\"2024-04-04T10:00:00+00:00\" \/>\n<meta property=\"article:modified_time\" content=\"2024-04-17T22:33:46+00:00\" \/>\n<meta property=\"og:image\" content=\"https:\/\/orato.world\/wp-content\/uploads\/Untitled-design-2024-03-28T182840.691-1-1024x768.png\" \/>\n\t<meta property=\"og:image:width\" content=\"1024\" \/>\n\t<meta property=\"og:image:height\" content=\"768\" \/>\n\t<meta property=\"og:image:type\" content=\"image\/png\" \/>\n<meta name=\"author\" content=\"Camilo Vargas\" \/>\n<meta name=\"twitter:card\" content=\"summary_large_image\" \/>\n<meta name=\"twitter:creator\" content=\"@oratoworld\" \/>\n<meta name=\"twitter:site\" content=\"@oratoworld\" \/>\n<meta name=\"twitter:label1\" content=\"Escrito por\" \/>\n\t<meta name=\"twitter:data1\" content=\"Camilo Vargas\" \/>\n\t<meta name=\"twitter:label2\" content=\"Tiempo de lectura\" \/>\n\t<meta name=\"twitter:data2\" content=\"3 minutos\" \/>\n<script type=\"application\/ld+json\" class=\"yoast-schema-graph\">{\"@context\":\"https:\\\/\\\/schema.org\",\"@graph\":[{\"@type\":\"NewsArticle\",\"@id\":\"https:\\\/\\\/orato.world\\\/es\\\/2024\\\/04\\\/04\\\/llamas-en-el-corazon-de-bogota-el-nino-provoca-incendios-catastroficos-en-el-cerro-el-cable\\\/#article\",\"isPartOf\":{\"@id\":\"https:\\\/\\\/orato.world\\\/es\\\/2024\\\/04\\\/04\\\/llamas-en-el-corazon-de-bogota-el-nino-provoca-incendios-catastroficos-en-el-cerro-el-cable\\\/\"},\"author\":{\"name\":\"Camilo Vargas\",\"@id\":\"https:\\\/\\\/orato.world\\\/es\\\/#\\\/schema\\\/person\\\/a598d791faf0366ecd8531f52f9bf14b\"},\"headline\":\"Llamas en el coraz\u00f3n de Bogot\u00e1: El Ni\u00f1o provoca incendios catastr\u00f3ficos en el cerro El Cable\",\"datePublished\":\"2024-04-04T10:00:00+00:00\",\"dateModified\":\"2024-04-17T22:33:46+00:00\",\"mainEntityOfPage\":{\"@id\":\"https:\\\/\\\/orato.world\\\/es\\\/2024\\\/04\\\/04\\\/llamas-en-el-corazon-de-bogota-el-nino-provoca-incendios-catastroficos-en-el-cerro-el-cable\\\/\"},\"wordCount\":541,\"commentCount\":0,\"publisher\":{\"@id\":\"https:\\\/\\\/orato.world\\\/es\\\/#organization\"},\"image\":{\"@id\":\"https:\\\/\\\/orato.world\\\/es\\\/2024\\\/04\\\/04\\\/llamas-en-el-corazon-de-bogota-el-nino-provoca-incendios-catastroficos-en-el-cerro-el-cable\\\/#primaryimage\"},\"thumbnailUrl\":\"https:\\\/\\\/orato.world\\\/wp-content\\\/uploads\\\/Untitled-design-2024-03-28T182840.691-1.png\",\"keywords\":[\"Bombero\",\"cambio clim\u00e1tico\",\"Colombia\",\"humo\",\"Incendios\",\"Incendios forestales\",\"Latinoam\u00e9rica\"],\"articleSection\":[\"Galer\u00eda de fotos\",\"Medio ambiente\"],\"inLanguage\":\"es\",\"potentialAction\":[{\"@type\":\"CommentAction\",\"name\":\"Comment\",\"target\":[\"https:\\\/\\\/orato.world\\\/es\\\/2024\\\/04\\\/04\\\/llamas-en-el-corazon-de-bogota-el-nino-provoca-incendios-catastroficos-en-el-cerro-el-cable\\\/#respond\"]}]},{\"@type\":\"WebPage\",\"@id\":\"https:\\\/\\\/orato.world\\\/es\\\/2024\\\/04\\\/04\\\/llamas-en-el-corazon-de-bogota-el-nino-provoca-incendios-catastroficos-en-el-cerro-el-cable\\\/\",\"url\":\"https:\\\/\\\/orato.world\\\/es\\\/2024\\\/04\\\/04\\\/llamas-en-el-corazon-de-bogota-el-nino-provoca-incendios-catastroficos-en-el-cerro-el-cable\\\/\",\"name\":\"El Ni\u00f1o provoca incendios catastr\u00f3ficos en la colina de El Cable\",\"isPartOf\":{\"@id\":\"https:\\\/\\\/orato.world\\\/es\\\/#website\"},\"primaryImageOfPage\":{\"@id\":\"https:\\\/\\\/orato.world\\\/es\\\/2024\\\/04\\\/04\\\/llamas-en-el-corazon-de-bogota-el-nino-provoca-incendios-catastroficos-en-el-cerro-el-cable\\\/#primaryimage\"},\"image\":{\"@id\":\"https:\\\/\\\/orato.world\\\/es\\\/2024\\\/04\\\/04\\\/llamas-en-el-corazon-de-bogota-el-nino-provoca-incendios-catastroficos-en-el-cerro-el-cable\\\/#primaryimage\"},\"thumbnailUrl\":\"https:\\\/\\\/orato.world\\\/wp-content\\\/uploads\\\/Untitled-design-2024-03-28T182840.691-1.png\",\"datePublished\":\"2024-04-04T10:00:00+00:00\",\"dateModified\":\"2024-04-17T22:33:46+00:00\",\"description\":\"Llamas en el coraz\u00f3n de Bogot\u00e1: El Ni\u00f1o provoca incendios catastr\u00f3ficos en el cerro del Cable, los bomberos pasan d\u00edas luchando contra la devastaci\u00f3n\",\"breadcrumb\":{\"@id\":\"https:\\\/\\\/orato.world\\\/es\\\/2024\\\/04\\\/04\\\/llamas-en-el-corazon-de-bogota-el-nino-provoca-incendios-catastroficos-en-el-cerro-el-cable\\\/#breadcrumb\"},\"inLanguage\":\"es\",\"potentialAction\":[{\"@type\":\"ReadAction\",\"target\":[\"https:\\\/\\\/orato.world\\\/es\\\/2024\\\/04\\\/04\\\/llamas-en-el-corazon-de-bogota-el-nino-provoca-incendios-catastroficos-en-el-cerro-el-cable\\\/\"]}]},{\"@type\":\"ImageObject\",\"inLanguage\":\"es\",\"@id\":\"https:\\\/\\\/orato.world\\\/es\\\/2024\\\/04\\\/04\\\/llamas-en-el-corazon-de-bogota-el-nino-provoca-incendios-catastroficos-en-el-cerro-el-cable\\\/#primaryimage\",\"url\":\"https:\\\/\\\/orato.world\\\/wp-content\\\/uploads\\\/Untitled-design-2024-03-28T182840.691-1.png\",\"contentUrl\":\"https:\\\/\\\/orato.world\\\/wp-content\\\/uploads\\\/Untitled-design-2024-03-28T182840.691-1.png\",\"width\":1280,\"height\":960,\"caption\":\"Firefighter fighting against the wildfires in El Cable hill | Photo courtesy of David Camilo Plazas Vargas\"},{\"@type\":\"BreadcrumbList\",\"@id\":\"https:\\\/\\\/orato.world\\\/es\\\/2024\\\/04\\\/04\\\/llamas-en-el-corazon-de-bogota-el-nino-provoca-incendios-catastroficos-en-el-cerro-el-cable\\\/#breadcrumb\",\"itemListElement\":[{\"@type\":\"ListItem\",\"position\":1,\"name\":\"Home\",\"item\":\"https:\\\/\\\/orato.world\\\/es\\\/\"},{\"@type\":\"ListItem\",\"position\":2,\"name\":\"Llamas en el coraz\u00f3n de Bogot\u00e1: El Ni\u00f1o provoca incendios catastr\u00f3ficos en el cerro El Cable\"}]},{\"@type\":\"WebSite\",\"@id\":\"https:\\\/\\\/orato.world\\\/es\\\/#website\",\"url\":\"https:\\\/\\\/orato.world\\\/es\\\/\",\"name\":\"Orato\",\"description\":\"True Stories. Real People\",\"publisher\":{\"@id\":\"https:\\\/\\\/orato.world\\\/es\\\/#organization\"},\"potentialAction\":[{\"@type\":\"SearchAction\",\"target\":{\"@type\":\"EntryPoint\",\"urlTemplate\":\"https:\\\/\\\/orato.world\\\/es\\\/?s={search_term_string}\"},\"query-input\":{\"@type\":\"PropertyValueSpecification\",\"valueRequired\":true,\"valueName\":\"search_term_string\"}}],\"inLanguage\":\"es\"},{\"@type\":\"Organization\",\"@id\":\"https:\\\/\\\/orato.world\\\/es\\\/#organization\",\"name\":\"Orato World Media Inc.\",\"url\":\"https:\\\/\\\/orato.world\\\/es\\\/\",\"logo\":{\"@type\":\"ImageObject\",\"inLanguage\":\"es\",\"@id\":\"https:\\\/\\\/orato.world\\\/es\\\/#\\\/schema\\\/logo\\\/image\\\/\",\"url\":\"https:\\\/\\\/orato.world\\\/wp-content\\\/uploads\\\/2020\\\/07\\\/orato-logo-transparent.png\",\"contentUrl\":\"https:\\\/\\\/orato.world\\\/wp-content\\\/uploads\\\/2020\\\/07\\\/orato-logo-transparent.png\",\"width\":78,\"height\":73,\"caption\":\"Orato World Media Inc.\"},\"image\":{\"@id\":\"https:\\\/\\\/orato.world\\\/es\\\/#\\\/schema\\\/logo\\\/image\\\/\"},\"sameAs\":[\"https:\\\/\\\/www.facebook.com\\\/OratoWorld\\\/\",\"https:\\\/\\\/x.com\\\/oratoworld\",\"https:\\\/\\\/www.instagram.com\\\/oratoworld\",\"https:\\\/\\\/www.linkedin.com\\\/company\\\/42308818\\\/\"]},{\"@type\":\"Person\",\"@id\":\"https:\\\/\\\/orato.world\\\/es\\\/#\\\/schema\\\/person\\\/a598d791faf0366ecd8531f52f9bf14b\",\"name\":\"Camilo Vargas\",\"image\":{\"@type\":\"ImageObject\",\"inLanguage\":\"es\",\"@id\":\"https:\\\/\\\/secure.gravatar.com\\\/avatar\\\/c0563494b092a08032ab07c0de5ca3b6940d153ccdd23b437420485ea6a06fe1?s=96&d=mm&r=g\",\"url\":\"https:\\\/\\\/secure.gravatar.com\\\/avatar\\\/c0563494b092a08032ab07c0de5ca3b6940d153ccdd23b437420485ea6a06fe1?s=96&d=mm&r=g\",\"contentUrl\":\"https:\\\/\\\/secure.gravatar.com\\\/avatar\\\/c0563494b092a08032ab07c0de5ca3b6940d153ccdd23b437420485ea6a06fe1?s=96&d=mm&r=g\",\"caption\":\"Camilo Vargas\"},\"description\":\"Camilo Vargas is a Colombian journalist and photographer. He has covered issues around peace, reconciliation, politics, and conflict. As a photographer he has been selected to be part of exhibitions about Cuba, including its culture and idiosyncrasy. He currently collaborates with media such as El Uniandino and Prensa Libre.\",\"url\":\"https:\\\/\\\/orato.world\\\/es\\\/author\\\/camilo-vargas\\\/\"}]}<\/script>\n<!-- \/ Yoast SEO Premium plugin. -->","yoast_head_json":{"title":"El Ni\u00f1o provoca incendios catastr\u00f3ficos en la colina de El Cable","description":"Llamas en el coraz\u00f3n de Bogot\u00e1: El Ni\u00f1o provoca incendios catastr\u00f3ficos en el cerro del Cable, los bomberos pasan d\u00edas luchando contra la devastaci\u00f3n","robots":{"index":"index","follow":"follow","max-snippet":"max-snippet:-1","max-image-preview":"max-image-preview:large","max-video-preview":"max-video-preview:-1"},"canonical":"https:\/\/orato.world\/es\/2024\/04\/04\/llamas-en-el-corazon-de-bogota-el-nino-provoca-incendios-catastroficos-en-el-cerro-el-cable\/","og_locale":"es_ES","og_type":"article","og_title":"Llamas en el coraz\u00f3n de Bogot\u00e1: El Ni\u00f1o provoca incendios catastr\u00f3ficos en el cerro El Cable","og_description":"Llamas en el coraz\u00f3n de Bogot\u00e1: El Ni\u00f1o provoca incendios catastr\u00f3ficos en el cerro del Cable, los bomberos pasan d\u00edas luchando contra la devastaci\u00f3n","og_url":"https:\/\/orato.world\/es\/2024\/04\/04\/llamas-en-el-corazon-de-bogota-el-nino-provoca-incendios-catastroficos-en-el-cerro-el-cable\/","og_site_name":"Orato","article_publisher":"https:\/\/www.facebook.com\/OratoWorld\/","article_published_time":"2024-04-04T10:00:00+00:00","article_modified_time":"2024-04-17T22:33:46+00:00","og_image":[{"width":1024,"height":768,"url":"https:\/\/orato.world\/wp-content\/uploads\/Untitled-design-2024-03-28T182840.691-1-1024x768.png","type":"image\/png"}],"author":"Camilo Vargas","twitter_card":"summary_large_image","twitter_creator":"@oratoworld","twitter_site":"@oratoworld","twitter_misc":{"Escrito por":"Camilo Vargas","Tiempo de lectura":"3 minutos"},"schema":{"@context":"https:\/\/schema.org","@graph":[{"@type":"NewsArticle","@id":"https:\/\/orato.world\/es\/2024\/04\/04\/llamas-en-el-corazon-de-bogota-el-nino-provoca-incendios-catastroficos-en-el-cerro-el-cable\/#article","isPartOf":{"@id":"https:\/\/orato.world\/es\/2024\/04\/04\/llamas-en-el-corazon-de-bogota-el-nino-provoca-incendios-catastroficos-en-el-cerro-el-cable\/"},"author":{"name":"Camilo Vargas","@id":"https:\/\/orato.world\/es\/#\/schema\/person\/a598d791faf0366ecd8531f52f9bf14b"},"headline":"Llamas en el coraz\u00f3n de Bogot\u00e1: El Ni\u00f1o provoca incendios catastr\u00f3ficos en el cerro El Cable","datePublished":"2024-04-04T10:00:00+00:00","dateModified":"2024-04-17T22:33:46+00:00","mainEntityOfPage":{"@id":"https:\/\/orato.world\/es\/2024\/04\/04\/llamas-en-el-corazon-de-bogota-el-nino-provoca-incendios-catastroficos-en-el-cerro-el-cable\/"},"wordCount":541,"commentCount":0,"publisher":{"@id":"https:\/\/orato.world\/es\/#organization"},"image":{"@id":"https:\/\/orato.world\/es\/2024\/04\/04\/llamas-en-el-corazon-de-bogota-el-nino-provoca-incendios-catastroficos-en-el-cerro-el-cable\/#primaryimage"},"thumbnailUrl":"https:\/\/orato.world\/wp-content\/uploads\/Untitled-design-2024-03-28T182840.691-1.png","keywords":["Bombero","cambio clim\u00e1tico","Colombia","humo","Incendios","Incendios forestales","Latinoam\u00e9rica"],"articleSection":["Galer\u00eda de fotos","Medio ambiente"],"inLanguage":"es","potentialAction":[{"@type":"CommentAction","name":"Comment","target":["https:\/\/orato.world\/es\/2024\/04\/04\/llamas-en-el-corazon-de-bogota-el-nino-provoca-incendios-catastroficos-en-el-cerro-el-cable\/#respond"]}]},{"@type":"WebPage","@id":"https:\/\/orato.world\/es\/2024\/04\/04\/llamas-en-el-corazon-de-bogota-el-nino-provoca-incendios-catastroficos-en-el-cerro-el-cable\/","url":"https:\/\/orato.world\/es\/2024\/04\/04\/llamas-en-el-corazon-de-bogota-el-nino-provoca-incendios-catastroficos-en-el-cerro-el-cable\/","name":"El Ni\u00f1o provoca incendios catastr\u00f3ficos en la colina de El Cable","isPartOf":{"@id":"https:\/\/orato.world\/es\/#website"},"primaryImageOfPage":{"@id":"https:\/\/orato.world\/es\/2024\/04\/04\/llamas-en-el-corazon-de-bogota-el-nino-provoca-incendios-catastroficos-en-el-cerro-el-cable\/#primaryimage"},"image":{"@id":"https:\/\/orato.world\/es\/2024\/04\/04\/llamas-en-el-corazon-de-bogota-el-nino-provoca-incendios-catastroficos-en-el-cerro-el-cable\/#primaryimage"},"thumbnailUrl":"https:\/\/orato.world\/wp-content\/uploads\/Untitled-design-2024-03-28T182840.691-1.png","datePublished":"2024-04-04T10:00:00+00:00","dateModified":"2024-04-17T22:33:46+00:00","description":"Llamas en el coraz\u00f3n de Bogot\u00e1: El Ni\u00f1o provoca incendios catastr\u00f3ficos en el cerro del Cable, los bomberos pasan d\u00edas luchando contra la devastaci\u00f3n","breadcrumb":{"@id":"https:\/\/orato.world\/es\/2024\/04\/04\/llamas-en-el-corazon-de-bogota-el-nino-provoca-incendios-catastroficos-en-el-cerro-el-cable\/#breadcrumb"},"inLanguage":"es","potentialAction":[{"@type":"ReadAction","target":["https:\/\/orato.world\/es\/2024\/04\/04\/llamas-en-el-corazon-de-bogota-el-nino-provoca-incendios-catastroficos-en-el-cerro-el-cable\/"]}]},{"@type":"ImageObject","inLanguage":"es","@id":"https:\/\/orato.world\/es\/2024\/04\/04\/llamas-en-el-corazon-de-bogota-el-nino-provoca-incendios-catastroficos-en-el-cerro-el-cable\/#primaryimage","url":"https:\/\/orato.world\/wp-content\/uploads\/Untitled-design-2024-03-28T182840.691-1.png","contentUrl":"https:\/\/orato.world\/wp-content\/uploads\/Untitled-design-2024-03-28T182840.691-1.png","width":1280,"height":960,"caption":"Firefighter fighting against the wildfires in El Cable hill | Photo courtesy of David Camilo Plazas Vargas"},{"@type":"BreadcrumbList","@id":"https:\/\/orato.world\/es\/2024\/04\/04\/llamas-en-el-corazon-de-bogota-el-nino-provoca-incendios-catastroficos-en-el-cerro-el-cable\/#breadcrumb","itemListElement":[{"@type":"ListItem","position":1,"name":"Home","item":"https:\/\/orato.world\/es\/"},{"@type":"ListItem","position":2,"name":"Llamas en el coraz\u00f3n de Bogot\u00e1: El Ni\u00f1o provoca incendios catastr\u00f3ficos en el cerro El Cable"}]},{"@type":"WebSite","@id":"https:\/\/orato.world\/es\/#website","url":"https:\/\/orato.world\/es\/","name":"Orato","description":"True Stories. Real People","publisher":{"@id":"https:\/\/orato.world\/es\/#organization"},"potentialAction":[{"@type":"SearchAction","target":{"@type":"EntryPoint","urlTemplate":"https:\/\/orato.world\/es\/?s={search_term_string}"},"query-input":{"@type":"PropertyValueSpecification","valueRequired":true,"valueName":"search_term_string"}}],"inLanguage":"es"},{"@type":"Organization","@id":"https:\/\/orato.world\/es\/#organization","name":"Orato World Media Inc.","url":"https:\/\/orato.world\/es\/","logo":{"@type":"ImageObject","inLanguage":"es","@id":"https:\/\/orato.world\/es\/#\/schema\/logo\/image\/","url":"https:\/\/orato.world\/wp-content\/uploads\/2020\/07\/orato-logo-transparent.png","contentUrl":"https:\/\/orato.world\/wp-content\/uploads\/2020\/07\/orato-logo-transparent.png","width":78,"height":73,"caption":"Orato World Media Inc."},"image":{"@id":"https:\/\/orato.world\/es\/#\/schema\/logo\/image\/"},"sameAs":["https:\/\/www.facebook.com\/OratoWorld\/","https:\/\/x.com\/oratoworld","https:\/\/www.instagram.com\/oratoworld","https:\/\/www.linkedin.com\/company\/42308818\/"]},{"@type":"Person","@id":"https:\/\/orato.world\/es\/#\/schema\/person\/a598d791faf0366ecd8531f52f9bf14b","name":"Camilo Vargas","image":{"@type":"ImageObject","inLanguage":"es","@id":"https:\/\/secure.gravatar.com\/avatar\/c0563494b092a08032ab07c0de5ca3b6940d153ccdd23b437420485ea6a06fe1?s=96&d=mm&r=g","url":"https:\/\/secure.gravatar.com\/avatar\/c0563494b092a08032ab07c0de5ca3b6940d153ccdd23b437420485ea6a06fe1?s=96&d=mm&r=g","contentUrl":"https:\/\/secure.gravatar.com\/avatar\/c0563494b092a08032ab07c0de5ca3b6940d153ccdd23b437420485ea6a06fe1?s=96&d=mm&r=g","caption":"Camilo Vargas"},"description":"Camilo Vargas is a Colombian journalist and photographer. He has covered issues around peace, reconciliation, politics, and conflict. As a photographer he has been selected to be part of exhibitions about Cuba, including its culture and idiosyncrasy. He currently collaborates with media such as El Uniandino and Prensa Libre.","url":"https:\/\/orato.world\/es\/author\/camilo-vargas\/"}]}},"modified_by":null,"uagb_featured_image_src":{"full":["https:\/\/orato.world\/wp-content\/uploads\/Untitled-design-2024-03-28T182840.691-1.png",1280,960,false],"thumbnail":["https:\/\/orato.world\/wp-content\/uploads\/Untitled-design-2024-03-28T182840.691-1-100x100.png",100,100,true],"medium":["https:\/\/orato.world\/wp-content\/uploads\/Untitled-design-2024-03-28T182840.691-1-300x225.png",300,225,true],"medium_large":["https:\/\/orato.world\/wp-content\/uploads\/Untitled-design-2024-03-28T182840.691-1-770x578.png",640,480,true],"large":["https:\/\/orato.world\/wp-content\/uploads\/Untitled-design-2024-03-28T182840.691-1-1024x768.png",640,480,true],"1536x1536":["https:\/\/orato.world\/wp-content\/uploads\/Untitled-design-2024-03-28T182840.691-1.png",1280,960,false],"2048x2048":["https:\/\/orato.world\/wp-content\/uploads\/Untitled-design-2024-03-28T182840.691-1.png",1280,960,false],"gallery-size":["https:\/\/orato.world\/wp-content\/uploads\/Untitled-design-2024-03-28T182840.691-1-533x400.png",533,400,true],"lets-review-360-240":["https:\/\/orato.world\/wp-content\/uploads\/Untitled-design-2024-03-28T182840.691-1-360x240.png",360,240,true],"gform-image-choice-sm":["https:\/\/orato.world\/wp-content\/uploads\/Untitled-design-2024-03-28T182840.691-1.png",300,225,false],"gform-image-choice-md":["https:\/\/orato.world\/wp-content\/uploads\/Untitled-design-2024-03-28T182840.691-1.png",400,300,false],"gform-image-choice-lg":["https:\/\/orato.world\/wp-content\/uploads\/Untitled-design-2024-03-28T182840.691-1.png",600,450,false],"awsm_team":["https:\/\/orato.world\/wp-content\/uploads\/Untitled-design-2024-03-28T182840.691-1-500x500.png",500,500,true]},"uagb_author_info":{"display_name":"Camilo Vargas","author_link":"https:\/\/orato.world\/es\/author\/camilo-vargas\/"},"uagb_comment_info":0,"uagb_excerpt":"Los incendios, alimentados por especies vegetales invasoras y altamente inflamables como el eucalipto y el pino, supusieron un importante reto para las 805 personas que trabajaron incansablemente para controlar las llamas.","_links":{"self":[{"href":"https:\/\/orato.world\/es\/wp-json\/wp\/v2\/posts\/90564","targetHints":{"allow":["GET"]}}],"collection":[{"href":"https:\/\/orato.world\/es\/wp-json\/wp\/v2\/posts"}],"about":[{"href":"https:\/\/orato.world\/es\/wp-json\/wp\/v2\/types\/post"}],"author":[{"embeddable":true,"href":"https:\/\/orato.world\/es\/wp-json\/wp\/v2\/users\/215"}],"replies":[{"embeddable":true,"href":"https:\/\/orato.world\/es\/wp-json\/wp\/v2\/comments?post=90564"}],"version-history":[{"count":1,"href":"https:\/\/orato.world\/es\/wp-json\/wp\/v2\/posts\/90564\/revisions"}],"predecessor-version":[{"id":90565,"href":"https:\/\/orato.world\/es\/wp-json\/wp\/v2\/posts\/90564\/revisions\/90565"}],"wp:featuredmedia":[{"embeddable":true,"href":"https:\/\/orato.world\/es\/wp-json\/wp\/v2\/media\/89858"}],"wp:attachment":[{"href":"https:\/\/orato.world\/es\/wp-json\/wp\/v2\/media?parent=90564"}],"wp:term":[{"taxonomy":"category","embeddable":true,"href":"https:\/\/orato.world\/es\/wp-json\/wp\/v2\/categories?post=90564"},{"taxonomy":"post_tag","embeddable":true,"href":"https:\/\/orato.world\/es\/wp-json\/wp\/v2\/tags?post=90564"}],"curies":[{"name":"wp","href":"https:\/\/api.w.org\/{rel}","templated":true}]}}