{"id":90952,"date":"2024-04-23T03:00:00","date_gmt":"2024-04-23T10:00:00","guid":{"rendered":"https:\/\/orato.world\/2024\/04\/23\/absuelta-una-madre-francesa-separada-a-la-fuerza-de-sus-hijos-tras-huir-del-pais-para-protegerlos-de-una-presunta-violacion\/"},"modified":"2024-04-23T15:22:13","modified_gmt":"2024-04-23T22:22:13","slug":"absuelta-una-madre-francesa-separada-a-la-fuerza-de-sus-hijos-tras-huir-del-pais-para-protegerlos-de-una-presunta-violacion","status":"publish","type":"post","link":"https:\/\/orato.world\/es\/2024\/04\/23\/absuelta-una-madre-francesa-separada-a-la-fuerza-de-sus-hijos-tras-huir-del-pais-para-protegerlos-de-una-presunta-violacion\/","title":{"rendered":"Absuelta una madre francesa separada a la fuerza de sus hijos tras huir del pa\u00eds para protegerlos de una presunta violaci\u00f3n"},"content":{"rendered":"<div class=\"lets-info-up-wrap  lets-info-up--right lets-info-up--m-1 lets-info-up-skin-1 lets-info-up--side\">\t\t\t<div class=\"lets-info-up\">\r\n\t\t\t<div class=\"lets-info-up-fi\"><img loading=\"lazy\" decoding=\"async\" width=\"500\" height=\"500\" src=\"https:\/\/orato.world\/wp-content\/uploads\/Untitled-design-2024-04-18T182649.311-500x500.png\" class=\"attachment-lets-info-up-d1 size-lets-info-up-d1\" alt=\"\" srcset=\"https:\/\/orato.world\/wp-content\/uploads\/Untitled-design-2024-04-18T182649.311-500x500.png 500w, https:\/\/orato.world\/wp-content\/uploads\/Untitled-design-2024-04-18T182649.311-300x300.png 300w, https:\/\/orato.world\/wp-content\/uploads\/Untitled-design-2024-04-18T182649.311-1024x1024.png 1024w, https:\/\/orato.world\/wp-content\/uploads\/Untitled-design-2024-04-18T182649.311-100x100.png 100w, https:\/\/orato.world\/wp-content\/uploads\/Untitled-design-2024-04-18T182649.311-770x770.png 770w, https:\/\/orato.world\/wp-content\/uploads\/Untitled-design-2024-04-18T182649.311-400x400.png 400w, https:\/\/orato.world\/wp-content\/uploads\/Untitled-design-2024-04-18T182649.311-150x150.png 150w, https:\/\/orato.world\/wp-content\/uploads\/Untitled-design-2024-04-18T182649.311-70x70.png 70w, https:\/\/orato.world\/wp-content\/uploads\/Untitled-design-2024-04-18T182649.311-293x293.png 293w, https:\/\/orato.world\/wp-content\/uploads\/Untitled-design-2024-04-18T182649.311.png 1080w\" sizes=\"auto, (max-width: 500px) 100vw, 500px\" \/><\/div>\t\t\t<div class=\"lets-info-up-block-wrap\">\r\n\t\t\t\t<div class=\"lets-info-up-block lets-info-up-meta-block\"><div class=\"lets-info-up-meta-title lets-info-up-pretitle font-h\">journalist&#8217;s notes<\/div><\/div><div class=\"lets-info-up-block lets-info-up-meta-block\"><div class=\"lets-info-up-meta-title lets-info-up-pretitle font-h\">interview subject<\/div><div class=\"lets-info-up-meta-content lets-info-up-title font-b\">Michelle Youauou, a 45-year-old African woman holding French citizenship, endured a trial for allegedly kidnapping her children after fleeing to Argentina to escape gender violence from her ex-partner, who also allegedly sexually abused their children. Acquitted on March 6, 2024, Michelle now seeks to reunite with her children, aiming to secure their recognition as victims and to restore her rights as a mother.<\/div><\/div><div class=\"lets-info-up-block lets-info-up-meta-block\"><div class=\"lets-info-up-meta-title lets-info-up-pretitle font-h\">background information<\/div><div class=\"lets-info-up-meta-content lets-info-up-title font-b\"><a href=\"https:\/\/www.eldiarioar.com\/sociedad\/absolvieron-michelle-mujer-francesa-llego-pais-hijos-relatar-abusos-expareja_1_10990785.html\">According to El Dario AR<\/a>, <a href=\"https:\/\/somostelam.com.ar\/noticias\/sociedad\/absolucion-de-michelle-youauou-sin-la-cobertura-de-telam-y-el-apoyo-de-organizaciones-no-se-si-esta-resolucion-historica-hubiera-existido\/\">T\u00e9lam<\/a>, <a href=\"https:\/\/www.pagina12.com.ar\/720582-absolvieron-a-michelle-youayou-por-proteger-a-sus-hijos-de-a\">Pagina 12<\/a>, and other media outlets, Youauou fled to Argentina from France in 2016 with her children after she alleges the children revealed that their father was sexually abusing them. The father pursued the children and in 2019, after an international arrest warrant was issued, police in Argentina arrested Youauou and took her children, sending them back to France to their father. Youauou&#8217;s lawyer, Sara Barni, explained that Youauou was vindicated in Argentina and acquitted of all charges related to taking the children out of France due to a \u00abstate of justifying necessity\u00bb that led her \u00abto make a decision to protect her children, beyond the fact that she had tried by all means in France.\u00bb In other words, Argentinian courts determined that Youauou fleeing with her children was not criminal, having gone unprotected in France, and that Youauou was doing everything in her means to protect them. They based this decision on evidence from Youauou&#8217;s French court case which included the following evidence, per the news reports:<br>-The father refusing to carry out expert examinations on the children for court, so Youauou had to pay for it and didn&#8217;t have the resources<br>-Medical and psychological services under the Prosecutor&#8217;s Office in France issued two reports stating that the statements of the children evoke sexual abuse.<br>-A witness saying one of the children told her daughter about the situation<br>-In Argentina, the Council on the Rights of Children and Adolescents issued a report after interviewing the children before they were deported to France, in which it recommended that \u00abthe children&#8217;s willingness not to return to France should be taken into account and the evidence should be weighed together.\u00bb\u00a0<\/div><\/div>\t\t\t<\/div>\r\n\t\t\t<\/div>\r\n\t\t<\/div>\r\n\t\t\n<p>BUENOS AIRES, Argentina &#8211; En mayo de 2019, mientras disfrutaba de un d\u00eda con mis hijos en el Parque Lezama de Buenos Aires, la polic\u00eda me los arranc\u00f3 abruptamente de los brazos. El dolor de ese momento, presenciar el miedo en sus ojos, est\u00e1 m\u00e1s all\u00e1 de las palabras. Tras este traum\u00e1tico suceso, me encontr\u00e9 confinado en la c\u00e1rcel de Ezeiza durante aproximadamente un mes. Con un caso penal inminente y el tribunal confiscando mi pasaporte, no tuve ning\u00fan recurso para buscar justicia o reunirme con mis hijos. <\/p>\n\n<p>La angustia de saber que su maltratador, su padre, las llevaba de vuelta a Francia era insoportable. Tras a\u00f1os de lucha incesante junto a mi abogada, Sara Barni, por fin encontr\u00e9 algo de esperanza. El 6 de marzo de 2024, el tribunal finalmente me absolvi\u00f3. Este hito me acerca un paso m\u00e1s a reclamar a mis hijos y rescatarlos del maltrato.<\/p>\n\n<p><em>[The following story is Michelle Youauou&#8217;s account of events. In the interview with Orato journalist Mariela Laksman, Youauou asserted allegations she has made publicly and in court proceedings against her husband. Her husband has not been charged or convicted of a crime in France. See the background section for details about the official proceedings in France and their tie to the judgement in Argentina. Orato has not independently verified Youauou&#8217;s statements.]<\/em><\/p>\n\n<p><em><a href=\"https:\/\/orato.world\/es\/category\/crimen-y-corrupcion-es\/\">Lea m\u00e1s art\u00edculos sobre delincuencia y corrupci\u00f3n en Orato World Media.<\/a><\/em><\/p>\n\n<h2 class=\"wp-block-heading\" id=\"h-meeting-didier-tabouillot-marked-the-beginning-of-a-nightmare\"><strong>Conocer a Didier Tabouillot marc\u00f3 el comienzo de una pesadilla<\/strong><\/h2>\n\n<p>Crec\u00ed en Costa de Marfil, viviendo con mi madre en la extrema pobreza. Fue una educaci\u00f3n dura. A los 10 a\u00f1os, en 1989, me traslad\u00e9 a Francia para conocer a mi padre por primera vez, junto con su esposa. La vida no se hizo f\u00e1cil. Trabaj\u00e9 desde muy joven y siempre me esforc\u00e9 por encajar y ser aceptada en mi interminable b\u00fasqueda del amor.<\/p>\n\n<p>En 2008 conoc\u00ed a Didier Tabouillot, que m\u00e1s tarde se convertir\u00eda en el padre de mis hijos. Unirme a su familia tuvo sus retos; sufr\u00ed discriminaci\u00f3n por ser una mujer negra. A\u00fan recuerdo los momentos dolorosos en que ocurri\u00f3. Una noche, despu\u00e9s de cenar, su madre me insult\u00f3 abiertamente, reduciendo mi val\u00eda a la nada. Mientras tanto, Didier permanec\u00eda sentado con la cabeza gacha, sin decir una palabra.<\/p>\n\n<p>A pesar de todo, la vida sigui\u00f3 adelante. Di a luz a nuestro primer hijo el 24 de septiembre de 2009, y nuestro segundo hijo le sigui\u00f3 el 4 de noviembre de 2012. Didier, blanco, trabaja como ingeniero civil y pasa mucho tiempo en B\u00e9lgica. Tiene una buena situaci\u00f3n econ\u00f3mica, pero sus frecuentes viajes hicieron que muchas responsabilidades recayeran en m\u00ed.<\/p>\n\n<p>En retrospectiva, veo las se\u00f1ales de advertencia, pero en aquel momento me cost\u00f3 entender lo que realmente estaba pasando. En 2014, durante una de las fiestas de cumplea\u00f1os de mi hijo, Didier se lo llev\u00f3 arriba y ya no baj\u00f3. Sus amiguitos intentaron traerlo de vuelta a la fiesta, pero Didier los ech\u00f3 bruscamente. Una amiga que estaba en la fiesta expres\u00f3 su preocupaci\u00f3n y pregunt\u00f3: \u00ab\u00bfPor qu\u00e9 no est\u00e1 tu hijo con nosotros? \u00bfPor qu\u00e9 tardan tanto arriba?\u00bb. Esta pregunta me inquietaba y me preguntaba con ansiedad: \u00ab\u00bfQu\u00e9 est\u00e1 pasando ah\u00ed arriba?\u00bb.<\/p>\n\n<h2 class=\"wp-block-heading\" id=\"h-mother-discovers-her-children-are-victims-of-sexual-abuse-by-their-father\"><strong>Una madre descubre que sus hijos son v\u00edctimas de abusos sexuales por parte de su padre<\/strong><\/h2>\n\n<p>Esta no era la \u00fanica se\u00f1al de que algo iba mal. Hab\u00eda veces en que mis hijos se quedaban solos en casa con Didier o se iban fuera los fines de semana. Volv\u00edan de esos momentos mostrando comportamientos inusuales, como toser nerviosamente, morderse las u\u00f1as y besarme la mejilla de forma extra\u00f1a o pasarme la lengua por el cuello. A veces, tambi\u00e9n les tocaban los genitales. Nuestra vida familiar result\u00f3 ca\u00f3tica. Tambi\u00e9n me enfrent\u00e9 a mi propia angustia emocional y f\u00edsica a manos de Didier. Estas circunstancias problem\u00e1ticas me llevaron finalmente a separarme de \u00e9l.<\/p>\n\n<p>Un d\u00eda, durante un ba\u00f1o lleno de juegos y canciones, mi hijo de cinco a\u00f1os me cont\u00f3 algo desgarrador. En un susurro, me habl\u00f3 de las acciones inapropiadas que su padre hab\u00eda emprendido contra \u00e9l. Se aferr\u00f3 a m\u00ed con fuerza mientras hablaba, sus peque\u00f1as manos se agarraron a mi hombro para consolarme. M\u00e1s tarde revel\u00f3 c\u00f3mo su padre violaba a su hermano menor o ve\u00eda v\u00eddeos pornogr\u00e1ficos con ellos. En esos momentos incre\u00edblemente dolorosos, luch\u00e9 por contener las l\u00e1grimas al enfrentarme a la realidad por la que pasaron mis hijos. <\/p>\n\n<p>La claridad y el detalle de las palabras de mi hijo no me dejaron ninguna duda de que dec\u00eda la verdad y no se estaba inventando nada. Despu\u00e9s de haber insistido siempre a mis hijos en que sus cuerpos eran suyos y que nadie deb\u00eda violar su espacio personal, la noticia me dej\u00f3 desolada e impotente. Ocurri\u00f3 lo impensable, lo peor posible: alguien victimiz\u00f3 y abus\u00f3 de sus cuerpecitos. Me sent\u00ed est\u00fapido. Cuando present\u00e9 varias quejas, no me dieron ninguna respuesta. As\u00ed que, desesperada, le dije a Didier que me hiciera lo que quisiera, pero que dejara en paz a los ni\u00f1os.<\/p>\n\n<h2 class=\"wp-block-heading\" id=\"h-legal-system-in-france-offered-no-protection-mother-flees-to-argentina-with-her-children\"><strong>El sistema jur\u00eddico franc\u00e9s no ofrec\u00eda protecci\u00f3n, la madre huye a Argentina con sus hijos<\/strong><\/h2>\n\n<p>Pens\u00e9 que ofreci\u00e9ndome a las garras de la bestia, ya no tocar\u00eda a mis hijos, pero pagu\u00e9 un precio muy alto. Dej\u00e9 que Didier me golpeara y me violara. Un d\u00eda me dijo: \u00ab\u00bfNo te han dicho los ni\u00f1os que sigo haci\u00e9ndoles lo mismo?\u00bb. Cuando me di cuenta de la verdad de sus palabras mi cuerpo entr\u00f3 en shock. Ya no ten\u00eda ninguna sensaci\u00f3n.<\/p>\n\n<p>Present\u00e9 denuncias en Francia y durante el juicio somet\u00ed a mis hijos a evaluaciones psicol\u00f3gicas y psiqui\u00e1tricas que indicaban comportamientos angustiosos por abusos sexuales, pero el tribunal las excluy\u00f3 del expediente del caso. Consideraron que las pruebas que hab\u00edamos presentado eran insuficientes y, sin medios econ\u00f3micos para seguir adelante con el caso y recurrir la decisi\u00f3n, me sent\u00ed impotente. <\/p>\n\n<p>Convencida de que el sistema jur\u00eddico franc\u00e9s no nos ofrec\u00eda ninguna protecci\u00f3n, llegu\u00e9 a la conclusi\u00f3n de que ten\u00edamos que marcharnos. Era nuestra \u00fanica opci\u00f3n. A solas con mis pensamientos, a menudo me encontraba llorando y gritando de desesperaci\u00f3n. Cuando los tribunales franceses me concedieron la custodia compartida, me result\u00f3 imposible cumplirla. La idea de tener que entregar finalmente a mis hijos a su maltratador me llenaba de desesperaci\u00f3n. <\/p>\n\n<p>En consecuencia, debido a mi incumplimiento de la orden de custodia, se cern\u00eda sobre m\u00ed la posibilidad de que \u00e9l recibiera la custodia completa. As\u00ed que, en 2016, impulsada por la desesperada necesidad de mantenerlos a salvo, reun\u00ed r\u00e1pidamente nuestros art\u00edculos de primera necesidad y, utilizando los pocos ahorros que ten\u00eda, me apresur\u00e9 a viajar al aeropuerto. Parec\u00eda un movimiento instintivo, nacido de la necesidad de una madre de proteger a sus hijos. Mi abogado me recomend\u00f3 ir a Canad\u00e1 o Argentina como posible refugiado. Cogida de la mano de mis hijos e intentando disimular mi ansiedad, eleg\u00ed Argentina. Compr\u00e9 nuestros billetes con la esperanza de encontrar all\u00ed un futuro m\u00e1s seguro.<\/p>\n\n<h2 class=\"wp-block-heading\" id=\"h-may-2019-police-take-children-away-from-michelle-children-return-to-france-with-their-abuser\"><strong>Mayo de 2019: La polic\u00eda aparta a los ni\u00f1os de Michelle, los ni\u00f1os vuelven a Francia con su maltratador<\/strong><\/h2>\n\n<p>A nuestra llegada, visit\u00e9 inmediatamente el Consulado franc\u00e9s para explicar mis motivos para venir a Argentina. No lo hice para secuestrar a mis hijos, sino para salvaguardarlos. El consulado me desaconsej\u00f3 solicitar la restituci\u00f3n internacional debido a las numerosas irregularidades del procedimiento y a las claras violaciones de los derechos humanos. En mayo de 2019, mientras disfrutaba de un d\u00eda con mis hijos en el Parque Lezama de Buenos Aires, la polic\u00eda nos encar\u00f3 de repente. En una escena desgarradora, me quitaron a mis hijos de los brazos por la fuerza.<\/p>\n\n<p>En medio de nuestros llantos y gritos de protesta, me esposaron y me metieron en un coche de polic\u00eda, mientras se llevaban a mis hijos a un centro de menores en contra de su voluntad. El dolor de ese momento, ver el miedo en sus ojos, desafiaba cualquier descripci\u00f3n. Un agente de polic\u00eda que particip\u00f3 en la operaci\u00f3n expres\u00f3 lo desgarradora que le parec\u00eda la situaci\u00f3n. Aquel doloroso d\u00eda fue la \u00faltima vez que vi a mis hijos antes de que su padre asumiera oficialmente la custodia. Ahora viven en Francia con \u00e9l, la persona que dicen que las viol\u00f3 repetidamente.<\/p>\n\n<p>Despu\u00e9s de este incidente, me encontr\u00e9 preso durante aproximadamente un mes en la c\u00e1rcel de Ezeiza, pasando de una situaci\u00f3n terrible a otra. Durante este tiempo, una compa\u00f1era de prisi\u00f3n me puso en contacto con una amiga suya. No ten\u00eda ad\u00f3nde ir, as\u00ed que cuando me pusieron en libertad a la espera de juicio, me fui a vivir con este hombre. Al principio, parec\u00eda amable, pero pronto se convirti\u00f3 en otra pesadilla. Atrapada y vulnerable, sufr\u00ed m\u00e1s abusos y violencia a manos suyas Meses despu\u00e9s conoc\u00ed a mi abogada, Sara Barni, de <a href=\"https:\/\/redviva.org.ar\/\">Red Viva.<\/a> Rota, con la cara marcada por los moratones y la hinchaz\u00f3n, me reun\u00ed con ella por primera vez una ma\u00f1ana de noviembre.<\/p>\n\n<h2 class=\"wp-block-heading\" id=\"h-acquittal-brings-mother-one-stop-closer-to-seeing-her-children-again\"><strong>La absoluci\u00f3n sit\u00faa a una madre a un paso de volver a ver a sus hijos<\/strong><\/h2>\n\n<p>Sara se enter\u00f3 de mi caso y mi aspecto aquel d\u00eda hablaba por s\u00ed solo del calvario que sufr\u00eda. Sent\u00eda que mi propia identidad se desvanec\u00eda con estas experiencias. Entre sollozos y gritos ahogados, se lo cont\u00e9 todo a Sara. Desde aquel d\u00eda, nunca se separ\u00f3 de m\u00ed, apoy\u00e1ndome desde el principio, primero como activista y ahora como abogada, tras haber obtenido su t\u00edtulo a lo largo de mi calvario. <\/p>\n\n<p>Sinceramente, no s\u00e9 d\u00f3nde estar\u00eda sin ella. Con una causa penal pendiente y el pasaporte confiscado por el tribunal, mis oportunidades se vieron gravemente limitadas. No puedo conseguir un empleo y no pude recibir la vacuna COVID-19 durante la pandemia por falta de acceso a los servicios m\u00e9dicos. La situaci\u00f3n me llev\u00f3 al borde de la pobreza y la desesperaci\u00f3n.<\/p>\n\n<p><\/p>\n<div class=\"wp-block-image\">\n<figure class=\"aligncenter size-large\"><img loading=\"lazy\" decoding=\"async\" width=\"1024\" height=\"768\" src=\"https:\/\/orato.world\/wp-content\/uploads\/Untitled-design-2024-04-18T183700.667-1024x768.png\" alt=\"\" class=\"wp-image-90677\" srcset=\"https:\/\/orato.world\/wp-content\/uploads\/Untitled-design-2024-04-18T183700.667-1024x768.png 1024w, https:\/\/orato.world\/wp-content\/uploads\/Untitled-design-2024-04-18T183700.667-300x225.png 300w, https:\/\/orato.world\/wp-content\/uploads\/Untitled-design-2024-04-18T183700.667-770x578.png 770w, https:\/\/orato.world\/wp-content\/uploads\/Untitled-design-2024-04-18T183700.667-533x400.png 533w, https:\/\/orato.world\/wp-content\/uploads\/Untitled-design-2024-04-18T183700.667.png 1280w\" sizes=\"auto, (max-width: 1024px) 100vw, 1024px\" \/><figcaption class=\"wp-element-caption\">Sara Barni, Andr\u00e9s Bonicalzi y Michelle Youauou se abrazan tras una exitosa absoluci\u00f3n en Argentina. | <em><strong>Foto cortes\u00eda de Lucia Merle<\/strong><\/em><\/figcaption><\/figure>\n<\/div>\n<p><\/p>\n\n<p>Parece que estos pa\u00edses no se dan cuenta de la profundidad del agujero en el que me han metido. Me sent\u00eda completamente solo. Cuando lleg\u00f3 el d\u00eda del juicio en Argentina, empez\u00f3 con el fiscal pidiendo mi absoluci\u00f3n. A medida que se suced\u00edan las pruebas y los testimonios, la injusticia se hac\u00eda patente. Las pruebas y los relatos mostraban mi dedicaci\u00f3n a mis hijos y c\u00f3mo me preocupaba por ellos.<\/p>\n\n<p>Tras soportar cinco a\u00f1os de trato inhumano, en los que me sent\u00eda cada vez menos como un ser humano, el juicio concluy\u00f3 en siete minutos con un veredicto que me reivindicaba. Cuando anunciaron mi absoluci\u00f3n el 6 de marzo de 2024, Sara Barni y Andr\u00e9s Bonicalzi, el abogado que estuvo a mi lado durante el juicio, me envolvieron en un abrazo. No ten\u00edamos palabras y el alivio era abrumador. Este paso me acerc\u00f3 a la posibilidad de reunirme con mis hijos.<\/p>\n\n<h2 class=\"wp-block-heading\" id=\"h-every-day-is-a-struggle-for-mother-knowing-her-children-live-with-someone-who-hurt-them\"><strong>Cada d\u00eda es una lucha para la madre saber que sus hijos viven con alguien que les hizo da\u00f1o<\/strong><\/h2>\n\n<p>Actualmente, parece dif\u00edcil encontrar descanso. Este a\u00f1o me han hecho una transfusi\u00f3n por anemia. La abrumadora idea de que mis hijos puedan seguir sufriendo me atormenta a diario, me consume y me lleva a sentirme cada vez m\u00e1s aislada del mundo. Este a\u00f1o, mi hijo mayor cumplir\u00e1 15 a\u00f1os y el peque\u00f1o 12. M\u00e1s que nada, anhelo volver a estar con ellos.<\/p>\n\n<p>Cada d\u00eda se siente como una lucha, sabiendo que viven con alguien que les hizo da\u00f1o. No encuentro paz; es como si tuviera las manos atadas. A menudo estoy al borde de las l\u00e1grimas, y el agotamiento se convierte en mi compa\u00f1ero constante. Sin embargo, sigo decidido a perseverar hasta que pueda abrazarlos una vez m\u00e1s. Quiero que se reconozcan sus experiencias y reclamar desesperadamente mis derechos como madre.<\/p>\n\n<p>No pasa un d\u00eda sin que piense en ellos. Mi mente est\u00e1 perpetuamente llena de pensamientos sobre mis hijos; mis brazos se sienten tan vac\u00edos como mi alma, y mi coraz\u00f3n me duele insoportablemente. En momentos de a\u00f1oranza, aprieto contra mi pecho un peque\u00f1o oso y una camiseta. Estos objetos les sirven de recuerdo. Sin embargo, ni siquiera sus pertenencias pueden detener el flujo de mis l\u00e1grimas ni amortiguar los gritos que reprimo.<\/p>\n","protected":false},"excerpt":{"rendered":"<p>Un d\u00eda, durante un ba\u00f1o lleno de juegos y canciones, mi hijo de cinco a\u00f1os me cont\u00f3 algo desgarrador. En un susurro, me habl\u00f3 de las acciones inapropiadas que su padre hab\u00eda emprendido contra \u00e9l. Se aferr\u00f3 a m\u00ed con fuerza mientras hablaba, sus peque\u00f1as manos se agarraron a mi hombro para consolarme.<\/p>\n","protected":false},"author":28,"featured_media":90682,"comment_status":"open","ping_status":"open","sticky":false,"template":"","format":"standard","meta":{"_acf_changed":false,"_uag_custom_page_level_css":"","_lmt_disableupdate":"","_lmt_disable":"","footnotes":""},"categories":[260,874],"tags":[2892,193,1976,2214,8655,1055],"class_list":["post-90952","post","type-post","status-publish","format-standard","has-post-thumbnail","hentry","category-conflicto","category-crimen-y-corrupcion-es","tag-abuso","tag-argentina-es","tag-buenos-aires-es","tag-latinoamerica","tag-michelle-youayou-es","tag-violacion"],"acf":[],"yoast_head":"<!-- This site is optimized with the Yoast SEO Premium plugin v27.5 (Yoast SEO v27.5) - https:\/\/yoast.com\/product\/yoast-seo-premium-wordpress\/ -->\n<title>Michelle Youayou absuelta en su lucha por proteger a sus hijos<\/title>\n<meta name=\"description\" content=\"Michelle Youayou: Una madre francesa, absuelta en su lucha por proteger a sus hijos de los abusos sexuales, prosigue su batalla contra el agresor\" \/>\n<meta name=\"robots\" content=\"index, follow, max-snippet:-1, max-image-preview:large, max-video-preview:-1\" \/>\n<link rel=\"canonical\" href=\"https:\/\/orato.world\/es\/2024\/04\/23\/absuelta-una-madre-francesa-separada-a-la-fuerza-de-sus-hijos-tras-huir-del-pais-para-protegerlos-de-una-presunta-violacion\/\" \/>\n<meta property=\"og:locale\" content=\"es_ES\" \/>\n<meta property=\"og:type\" content=\"article\" \/>\n<meta property=\"og:title\" content=\"Absuelta una madre francesa separada a la fuerza de sus hijos tras huir del pa\u00eds para protegerlos de una presunta violaci\u00f3n\" \/>\n<meta property=\"og:description\" content=\"Michelle Youayou: Una madre francesa, absuelta en su lucha por proteger a sus hijos de los abusos sexuales, prosigue su batalla contra el agresor\" \/>\n<meta property=\"og:url\" content=\"https:\/\/orato.world\/es\/2024\/04\/23\/absuelta-una-madre-francesa-separada-a-la-fuerza-de-sus-hijos-tras-huir-del-pais-para-protegerlos-de-una-presunta-violacion\/\" \/>\n<meta property=\"og:site_name\" content=\"Orato\" \/>\n<meta property=\"article:publisher\" content=\"https:\/\/www.facebook.com\/OratoWorld\/\" \/>\n<meta property=\"article:published_time\" content=\"2024-04-23T10:00:00+00:00\" \/>\n<meta property=\"article:modified_time\" content=\"2024-04-23T22:22:13+00:00\" \/>\n<meta property=\"og:image\" content=\"https:\/\/orato.world\/wp-content\/uploads\/Untitled-design-2024-04-18T183651.539.png\" \/>\n\t<meta property=\"og:image:width\" content=\"1280\" \/>\n\t<meta property=\"og:image:height\" content=\"960\" \/>\n\t<meta property=\"og:image:type\" content=\"image\/png\" \/>\n<meta name=\"author\" content=\"Mariela Laksman\" \/>\n<meta name=\"twitter:card\" content=\"summary_large_image\" \/>\n<meta name=\"twitter:creator\" content=\"@oratoworld\" \/>\n<meta name=\"twitter:site\" content=\"@oratoworld\" \/>\n<meta name=\"twitter:label1\" content=\"Escrito por\" \/>\n\t<meta name=\"twitter:data1\" content=\"Mariela Laksman\" \/>\n\t<meta name=\"twitter:label2\" content=\"Tiempo de lectura\" \/>\n\t<meta name=\"twitter:data2\" content=\"11 minutos\" \/>\n<script type=\"application\/ld+json\" class=\"yoast-schema-graph\">{\"@context\":\"https:\\\/\\\/schema.org\",\"@graph\":[{\"@type\":\"NewsArticle\",\"@id\":\"https:\\\/\\\/orato.world\\\/es\\\/2024\\\/04\\\/23\\\/absuelta-una-madre-francesa-separada-a-la-fuerza-de-sus-hijos-tras-huir-del-pais-para-protegerlos-de-una-presunta-violacion\\\/#article\",\"isPartOf\":{\"@id\":\"https:\\\/\\\/orato.world\\\/es\\\/2024\\\/04\\\/23\\\/absuelta-una-madre-francesa-separada-a-la-fuerza-de-sus-hijos-tras-huir-del-pais-para-protegerlos-de-una-presunta-violacion\\\/\"},\"author\":{\"name\":\"Mariela Laksman\",\"@id\":\"https:\\\/\\\/orato.world\\\/es\\\/#\\\/schema\\\/person\\\/d4a4a9a63551641850068c20e93613a5\"},\"headline\":\"Absuelta una madre francesa separada a la fuerza de sus hijos tras huir del pa\u00eds para protegerlos de una presunta violaci\u00f3n\",\"datePublished\":\"2024-04-23T10:00:00+00:00\",\"dateModified\":\"2024-04-23T22:22:13+00:00\",\"mainEntityOfPage\":{\"@id\":\"https:\\\/\\\/orato.world\\\/es\\\/2024\\\/04\\\/23\\\/absuelta-una-madre-francesa-separada-a-la-fuerza-de-sus-hijos-tras-huir-del-pais-para-protegerlos-de-una-presunta-violacion\\\/\"},\"wordCount\":2188,\"commentCount\":0,\"publisher\":{\"@id\":\"https:\\\/\\\/orato.world\\\/es\\\/#organization\"},\"image\":{\"@id\":\"https:\\\/\\\/orato.world\\\/es\\\/2024\\\/04\\\/23\\\/absuelta-una-madre-francesa-separada-a-la-fuerza-de-sus-hijos-tras-huir-del-pais-para-protegerlos-de-una-presunta-violacion\\\/#primaryimage\"},\"thumbnailUrl\":\"https:\\\/\\\/orato.world\\\/wp-content\\\/uploads\\\/Untitled-design-2024-04-18T183651.539.png\",\"keywords\":[\"Abuso\",\"Argentina\",\"Buenos Aires\",\"Latinoam\u00e9rica\",\"Michelle Youayou\",\"violaci\u00f3n\"],\"articleSection\":[\"Conflicto\",\"Crimen y corrupci\u00f3n\"],\"inLanguage\":\"es\",\"potentialAction\":[{\"@type\":\"CommentAction\",\"name\":\"Comment\",\"target\":[\"https:\\\/\\\/orato.world\\\/es\\\/2024\\\/04\\\/23\\\/absuelta-una-madre-francesa-separada-a-la-fuerza-de-sus-hijos-tras-huir-del-pais-para-protegerlos-de-una-presunta-violacion\\\/#respond\"]}]},{\"@type\":\"WebPage\",\"@id\":\"https:\\\/\\\/orato.world\\\/es\\\/2024\\\/04\\\/23\\\/absuelta-una-madre-francesa-separada-a-la-fuerza-de-sus-hijos-tras-huir-del-pais-para-protegerlos-de-una-presunta-violacion\\\/\",\"url\":\"https:\\\/\\\/orato.world\\\/es\\\/2024\\\/04\\\/23\\\/absuelta-una-madre-francesa-separada-a-la-fuerza-de-sus-hijos-tras-huir-del-pais-para-protegerlos-de-una-presunta-violacion\\\/\",\"name\":\"Michelle Youayou absuelta en su lucha por proteger a sus hijos\",\"isPartOf\":{\"@id\":\"https:\\\/\\\/orato.world\\\/es\\\/#website\"},\"primaryImageOfPage\":{\"@id\":\"https:\\\/\\\/orato.world\\\/es\\\/2024\\\/04\\\/23\\\/absuelta-una-madre-francesa-separada-a-la-fuerza-de-sus-hijos-tras-huir-del-pais-para-protegerlos-de-una-presunta-violacion\\\/#primaryimage\"},\"image\":{\"@id\":\"https:\\\/\\\/orato.world\\\/es\\\/2024\\\/04\\\/23\\\/absuelta-una-madre-francesa-separada-a-la-fuerza-de-sus-hijos-tras-huir-del-pais-para-protegerlos-de-una-presunta-violacion\\\/#primaryimage\"},\"thumbnailUrl\":\"https:\\\/\\\/orato.world\\\/wp-content\\\/uploads\\\/Untitled-design-2024-04-18T183651.539.png\",\"datePublished\":\"2024-04-23T10:00:00+00:00\",\"dateModified\":\"2024-04-23T22:22:13+00:00\",\"description\":\"Michelle Youayou: Una madre francesa, absuelta en su lucha por proteger a sus hijos de los abusos sexuales, prosigue su batalla contra el agresor\",\"breadcrumb\":{\"@id\":\"https:\\\/\\\/orato.world\\\/es\\\/2024\\\/04\\\/23\\\/absuelta-una-madre-francesa-separada-a-la-fuerza-de-sus-hijos-tras-huir-del-pais-para-protegerlos-de-una-presunta-violacion\\\/#breadcrumb\"},\"inLanguage\":\"es\",\"potentialAction\":[{\"@type\":\"ReadAction\",\"target\":[\"https:\\\/\\\/orato.world\\\/es\\\/2024\\\/04\\\/23\\\/absuelta-una-madre-francesa-separada-a-la-fuerza-de-sus-hijos-tras-huir-del-pais-para-protegerlos-de-una-presunta-violacion\\\/\"]}]},{\"@type\":\"ImageObject\",\"inLanguage\":\"es\",\"@id\":\"https:\\\/\\\/orato.world\\\/es\\\/2024\\\/04\\\/23\\\/absuelta-una-madre-francesa-separada-a-la-fuerza-de-sus-hijos-tras-huir-del-pais-para-protegerlos-de-una-presunta-violacion\\\/#primaryimage\",\"url\":\"https:\\\/\\\/orato.world\\\/wp-content\\\/uploads\\\/Untitled-design-2024-04-18T183651.539.png\",\"contentUrl\":\"https:\\\/\\\/orato.world\\\/wp-content\\\/uploads\\\/Untitled-design-2024-04-18T183651.539.png\",\"width\":1280,\"height\":960,\"caption\":\"Sara Barni and Michelle Youauou embrace after successful acquittal | Photo courtesy of Lucia Merle\"},{\"@type\":\"BreadcrumbList\",\"@id\":\"https:\\\/\\\/orato.world\\\/es\\\/2024\\\/04\\\/23\\\/absuelta-una-madre-francesa-separada-a-la-fuerza-de-sus-hijos-tras-huir-del-pais-para-protegerlos-de-una-presunta-violacion\\\/#breadcrumb\",\"itemListElement\":[{\"@type\":\"ListItem\",\"position\":1,\"name\":\"Home\",\"item\":\"https:\\\/\\\/orato.world\\\/es\\\/\"},{\"@type\":\"ListItem\",\"position\":2,\"name\":\"Absuelta una madre francesa separada a la fuerza de sus hijos tras huir del pa\u00eds para protegerlos de una presunta violaci\u00f3n\"}]},{\"@type\":\"WebSite\",\"@id\":\"https:\\\/\\\/orato.world\\\/es\\\/#website\",\"url\":\"https:\\\/\\\/orato.world\\\/es\\\/\",\"name\":\"Orato\",\"description\":\"True Stories. Real People\",\"publisher\":{\"@id\":\"https:\\\/\\\/orato.world\\\/es\\\/#organization\"},\"potentialAction\":[{\"@type\":\"SearchAction\",\"target\":{\"@type\":\"EntryPoint\",\"urlTemplate\":\"https:\\\/\\\/orato.world\\\/es\\\/?s={search_term_string}\"},\"query-input\":{\"@type\":\"PropertyValueSpecification\",\"valueRequired\":true,\"valueName\":\"search_term_string\"}}],\"inLanguage\":\"es\"},{\"@type\":\"Organization\",\"@id\":\"https:\\\/\\\/orato.world\\\/es\\\/#organization\",\"name\":\"Orato World Media Inc.\",\"url\":\"https:\\\/\\\/orato.world\\\/es\\\/\",\"logo\":{\"@type\":\"ImageObject\",\"inLanguage\":\"es\",\"@id\":\"https:\\\/\\\/orato.world\\\/es\\\/#\\\/schema\\\/logo\\\/image\\\/\",\"url\":\"https:\\\/\\\/orato.world\\\/wp-content\\\/uploads\\\/2020\\\/07\\\/orato-logo-transparent.png\",\"contentUrl\":\"https:\\\/\\\/orato.world\\\/wp-content\\\/uploads\\\/2020\\\/07\\\/orato-logo-transparent.png\",\"width\":78,\"height\":73,\"caption\":\"Orato World Media Inc.\"},\"image\":{\"@id\":\"https:\\\/\\\/orato.world\\\/es\\\/#\\\/schema\\\/logo\\\/image\\\/\"},\"sameAs\":[\"https:\\\/\\\/www.facebook.com\\\/OratoWorld\\\/\",\"https:\\\/\\\/x.com\\\/oratoworld\",\"https:\\\/\\\/www.instagram.com\\\/oratoworld\",\"https:\\\/\\\/www.linkedin.com\\\/company\\\/42308818\\\/\"]},{\"@type\":\"Person\",\"@id\":\"https:\\\/\\\/orato.world\\\/es\\\/#\\\/schema\\\/person\\\/d4a4a9a63551641850068c20e93613a5\",\"name\":\"Mariela Laksman\",\"image\":{\"@type\":\"ImageObject\",\"inLanguage\":\"es\",\"@id\":\"https:\\\/\\\/secure.gravatar.com\\\/avatar\\\/133ba1b69c2a2b7c782cce9999c26555b6bc9af9e382e5e8f8e3fc285015d1b7?s=96&d=mm&r=g\",\"url\":\"https:\\\/\\\/secure.gravatar.com\\\/avatar\\\/133ba1b69c2a2b7c782cce9999c26555b6bc9af9e382e5e8f8e3fc285015d1b7?s=96&d=mm&r=g\",\"contentUrl\":\"https:\\\/\\\/secure.gravatar.com\\\/avatar\\\/133ba1b69c2a2b7c782cce9999c26555b6bc9af9e382e5e8f8e3fc285015d1b7?s=96&d=mm&r=g\",\"caption\":\"Mariela Laksman\"},\"description\":\"Image and Sound Designer, Integral Audiovisual and Journalistic Producer, writer, and teacher. I started working when I was very young; Since 2001, I was a producer for different television programs, documentary films, radio, and generating creative content for different organizations and companies. I won the award: \\\"Nuevo Sudaca Border\\\" with the microfiction book \\\"Un Tigre con la Boca Abierta\\\", for Eloisa Cartonera Editorial. I am passionate about telling stories and writing.\",\"url\":\"https:\\\/\\\/orato.world\\\/es\\\/author\\\/mariela-laksman\\\/\"}]}<\/script>\n<!-- \/ Yoast SEO Premium plugin. -->","yoast_head_json":{"title":"Michelle Youayou absuelta en su lucha por proteger a sus hijos","description":"Michelle Youayou: Una madre francesa, absuelta en su lucha por proteger a sus hijos de los abusos sexuales, prosigue su batalla contra el agresor","robots":{"index":"index","follow":"follow","max-snippet":"max-snippet:-1","max-image-preview":"max-image-preview:large","max-video-preview":"max-video-preview:-1"},"canonical":"https:\/\/orato.world\/es\/2024\/04\/23\/absuelta-una-madre-francesa-separada-a-la-fuerza-de-sus-hijos-tras-huir-del-pais-para-protegerlos-de-una-presunta-violacion\/","og_locale":"es_ES","og_type":"article","og_title":"Absuelta una madre francesa separada a la fuerza de sus hijos tras huir del pa\u00eds para protegerlos de una presunta violaci\u00f3n","og_description":"Michelle Youayou: Una madre francesa, absuelta en su lucha por proteger a sus hijos de los abusos sexuales, prosigue su batalla contra el agresor","og_url":"https:\/\/orato.world\/es\/2024\/04\/23\/absuelta-una-madre-francesa-separada-a-la-fuerza-de-sus-hijos-tras-huir-del-pais-para-protegerlos-de-una-presunta-violacion\/","og_site_name":"Orato","article_publisher":"https:\/\/www.facebook.com\/OratoWorld\/","article_published_time":"2024-04-23T10:00:00+00:00","article_modified_time":"2024-04-23T22:22:13+00:00","og_image":[{"width":1280,"height":960,"url":"https:\/\/orato.world\/wp-content\/uploads\/Untitled-design-2024-04-18T183651.539.png","type":"image\/png"}],"author":"Mariela Laksman","twitter_card":"summary_large_image","twitter_creator":"@oratoworld","twitter_site":"@oratoworld","twitter_misc":{"Escrito por":"Mariela Laksman","Tiempo de lectura":"11 minutos"},"schema":{"@context":"https:\/\/schema.org","@graph":[{"@type":"NewsArticle","@id":"https:\/\/orato.world\/es\/2024\/04\/23\/absuelta-una-madre-francesa-separada-a-la-fuerza-de-sus-hijos-tras-huir-del-pais-para-protegerlos-de-una-presunta-violacion\/#article","isPartOf":{"@id":"https:\/\/orato.world\/es\/2024\/04\/23\/absuelta-una-madre-francesa-separada-a-la-fuerza-de-sus-hijos-tras-huir-del-pais-para-protegerlos-de-una-presunta-violacion\/"},"author":{"name":"Mariela Laksman","@id":"https:\/\/orato.world\/es\/#\/schema\/person\/d4a4a9a63551641850068c20e93613a5"},"headline":"Absuelta una madre francesa separada a la fuerza de sus hijos tras huir del pa\u00eds para protegerlos de una presunta violaci\u00f3n","datePublished":"2024-04-23T10:00:00+00:00","dateModified":"2024-04-23T22:22:13+00:00","mainEntityOfPage":{"@id":"https:\/\/orato.world\/es\/2024\/04\/23\/absuelta-una-madre-francesa-separada-a-la-fuerza-de-sus-hijos-tras-huir-del-pais-para-protegerlos-de-una-presunta-violacion\/"},"wordCount":2188,"commentCount":0,"publisher":{"@id":"https:\/\/orato.world\/es\/#organization"},"image":{"@id":"https:\/\/orato.world\/es\/2024\/04\/23\/absuelta-una-madre-francesa-separada-a-la-fuerza-de-sus-hijos-tras-huir-del-pais-para-protegerlos-de-una-presunta-violacion\/#primaryimage"},"thumbnailUrl":"https:\/\/orato.world\/wp-content\/uploads\/Untitled-design-2024-04-18T183651.539.png","keywords":["Abuso","Argentina","Buenos Aires","Latinoam\u00e9rica","Michelle Youayou","violaci\u00f3n"],"articleSection":["Conflicto","Crimen y corrupci\u00f3n"],"inLanguage":"es","potentialAction":[{"@type":"CommentAction","name":"Comment","target":["https:\/\/orato.world\/es\/2024\/04\/23\/absuelta-una-madre-francesa-separada-a-la-fuerza-de-sus-hijos-tras-huir-del-pais-para-protegerlos-de-una-presunta-violacion\/#respond"]}]},{"@type":"WebPage","@id":"https:\/\/orato.world\/es\/2024\/04\/23\/absuelta-una-madre-francesa-separada-a-la-fuerza-de-sus-hijos-tras-huir-del-pais-para-protegerlos-de-una-presunta-violacion\/","url":"https:\/\/orato.world\/es\/2024\/04\/23\/absuelta-una-madre-francesa-separada-a-la-fuerza-de-sus-hijos-tras-huir-del-pais-para-protegerlos-de-una-presunta-violacion\/","name":"Michelle Youayou absuelta en su lucha por proteger a sus hijos","isPartOf":{"@id":"https:\/\/orato.world\/es\/#website"},"primaryImageOfPage":{"@id":"https:\/\/orato.world\/es\/2024\/04\/23\/absuelta-una-madre-francesa-separada-a-la-fuerza-de-sus-hijos-tras-huir-del-pais-para-protegerlos-de-una-presunta-violacion\/#primaryimage"},"image":{"@id":"https:\/\/orato.world\/es\/2024\/04\/23\/absuelta-una-madre-francesa-separada-a-la-fuerza-de-sus-hijos-tras-huir-del-pais-para-protegerlos-de-una-presunta-violacion\/#primaryimage"},"thumbnailUrl":"https:\/\/orato.world\/wp-content\/uploads\/Untitled-design-2024-04-18T183651.539.png","datePublished":"2024-04-23T10:00:00+00:00","dateModified":"2024-04-23T22:22:13+00:00","description":"Michelle Youayou: Una madre francesa, absuelta en su lucha por proteger a sus hijos de los abusos sexuales, prosigue su batalla contra el agresor","breadcrumb":{"@id":"https:\/\/orato.world\/es\/2024\/04\/23\/absuelta-una-madre-francesa-separada-a-la-fuerza-de-sus-hijos-tras-huir-del-pais-para-protegerlos-de-una-presunta-violacion\/#breadcrumb"},"inLanguage":"es","potentialAction":[{"@type":"ReadAction","target":["https:\/\/orato.world\/es\/2024\/04\/23\/absuelta-una-madre-francesa-separada-a-la-fuerza-de-sus-hijos-tras-huir-del-pais-para-protegerlos-de-una-presunta-violacion\/"]}]},{"@type":"ImageObject","inLanguage":"es","@id":"https:\/\/orato.world\/es\/2024\/04\/23\/absuelta-una-madre-francesa-separada-a-la-fuerza-de-sus-hijos-tras-huir-del-pais-para-protegerlos-de-una-presunta-violacion\/#primaryimage","url":"https:\/\/orato.world\/wp-content\/uploads\/Untitled-design-2024-04-18T183651.539.png","contentUrl":"https:\/\/orato.world\/wp-content\/uploads\/Untitled-design-2024-04-18T183651.539.png","width":1280,"height":960,"caption":"Sara Barni and Michelle Youauou embrace after successful acquittal | Photo courtesy of Lucia Merle"},{"@type":"BreadcrumbList","@id":"https:\/\/orato.world\/es\/2024\/04\/23\/absuelta-una-madre-francesa-separada-a-la-fuerza-de-sus-hijos-tras-huir-del-pais-para-protegerlos-de-una-presunta-violacion\/#breadcrumb","itemListElement":[{"@type":"ListItem","position":1,"name":"Home","item":"https:\/\/orato.world\/es\/"},{"@type":"ListItem","position":2,"name":"Absuelta una madre francesa separada a la fuerza de sus hijos tras huir del pa\u00eds para protegerlos de una presunta violaci\u00f3n"}]},{"@type":"WebSite","@id":"https:\/\/orato.world\/es\/#website","url":"https:\/\/orato.world\/es\/","name":"Orato","description":"True Stories. Real People","publisher":{"@id":"https:\/\/orato.world\/es\/#organization"},"potentialAction":[{"@type":"SearchAction","target":{"@type":"EntryPoint","urlTemplate":"https:\/\/orato.world\/es\/?s={search_term_string}"},"query-input":{"@type":"PropertyValueSpecification","valueRequired":true,"valueName":"search_term_string"}}],"inLanguage":"es"},{"@type":"Organization","@id":"https:\/\/orato.world\/es\/#organization","name":"Orato World Media Inc.","url":"https:\/\/orato.world\/es\/","logo":{"@type":"ImageObject","inLanguage":"es","@id":"https:\/\/orato.world\/es\/#\/schema\/logo\/image\/","url":"https:\/\/orato.world\/wp-content\/uploads\/2020\/07\/orato-logo-transparent.png","contentUrl":"https:\/\/orato.world\/wp-content\/uploads\/2020\/07\/orato-logo-transparent.png","width":78,"height":73,"caption":"Orato World Media Inc."},"image":{"@id":"https:\/\/orato.world\/es\/#\/schema\/logo\/image\/"},"sameAs":["https:\/\/www.facebook.com\/OratoWorld\/","https:\/\/x.com\/oratoworld","https:\/\/www.instagram.com\/oratoworld","https:\/\/www.linkedin.com\/company\/42308818\/"]},{"@type":"Person","@id":"https:\/\/orato.world\/es\/#\/schema\/person\/d4a4a9a63551641850068c20e93613a5","name":"Mariela Laksman","image":{"@type":"ImageObject","inLanguage":"es","@id":"https:\/\/secure.gravatar.com\/avatar\/133ba1b69c2a2b7c782cce9999c26555b6bc9af9e382e5e8f8e3fc285015d1b7?s=96&d=mm&r=g","url":"https:\/\/secure.gravatar.com\/avatar\/133ba1b69c2a2b7c782cce9999c26555b6bc9af9e382e5e8f8e3fc285015d1b7?s=96&d=mm&r=g","contentUrl":"https:\/\/secure.gravatar.com\/avatar\/133ba1b69c2a2b7c782cce9999c26555b6bc9af9e382e5e8f8e3fc285015d1b7?s=96&d=mm&r=g","caption":"Mariela Laksman"},"description":"Image and Sound Designer, Integral Audiovisual and Journalistic Producer, writer, and teacher. I started working when I was very young; Since 2001, I was a producer for different television programs, documentary films, radio, and generating creative content for different organizations and companies. I won the award: \"Nuevo Sudaca Border\" with the microfiction book \"Un Tigre con la Boca Abierta\", for Eloisa Cartonera Editorial. I am passionate about telling stories and writing.","url":"https:\/\/orato.world\/es\/author\/mariela-laksman\/"}]}},"modified_by":null,"uagb_featured_image_src":{"full":["https:\/\/orato.world\/wp-content\/uploads\/Untitled-design-2024-04-18T183651.539.png",1280,960,false],"thumbnail":["https:\/\/orato.world\/wp-content\/uploads\/Untitled-design-2024-04-18T183651.539-100x100.png",100,100,true],"medium":["https:\/\/orato.world\/wp-content\/uploads\/Untitled-design-2024-04-18T183651.539-300x225.png",300,225,true],"medium_large":["https:\/\/orato.world\/wp-content\/uploads\/Untitled-design-2024-04-18T183651.539-770x578.png",640,480,true],"large":["https:\/\/orato.world\/wp-content\/uploads\/Untitled-design-2024-04-18T183651.539-1024x768.png",640,480,true],"1536x1536":["https:\/\/orato.world\/wp-content\/uploads\/Untitled-design-2024-04-18T183651.539.png",1280,960,false],"2048x2048":["https:\/\/orato.world\/wp-content\/uploads\/Untitled-design-2024-04-18T183651.539.png",1280,960,false],"gallery-size":["https:\/\/orato.world\/wp-content\/uploads\/Untitled-design-2024-04-18T183651.539-533x400.png",533,400,true],"lets-review-360-240":["https:\/\/orato.world\/wp-content\/uploads\/Untitled-design-2024-04-18T183651.539-360x240.png",360,240,true],"gform-image-choice-sm":["https:\/\/orato.world\/wp-content\/uploads\/Untitled-design-2024-04-18T183651.539.png",300,225,false],"gform-image-choice-md":["https:\/\/orato.world\/wp-content\/uploads\/Untitled-design-2024-04-18T183651.539.png",400,300,false],"gform-image-choice-lg":["https:\/\/orato.world\/wp-content\/uploads\/Untitled-design-2024-04-18T183651.539.png",600,450,false],"awsm_team":["https:\/\/orato.world\/wp-content\/uploads\/Untitled-design-2024-04-18T183651.539-500x500.png",500,500,true]},"uagb_author_info":{"display_name":"Mariela Laksman","author_link":"https:\/\/orato.world\/es\/author\/mariela-laksman\/"},"uagb_comment_info":0,"uagb_excerpt":"Un d\u00eda, durante un ba\u00f1o lleno de juegos y canciones, mi hijo de cinco a\u00f1os me cont\u00f3 algo desgarrador. En un susurro, me habl\u00f3 de las acciones inapropiadas que su padre hab\u00eda emprendido contra \u00e9l. Se aferr\u00f3 a m\u00ed con fuerza mientras hablaba, sus peque\u00f1as manos se agarraron a mi hombro para consolarme.","_links":{"self":[{"href":"https:\/\/orato.world\/es\/wp-json\/wp\/v2\/posts\/90952","targetHints":{"allow":["GET"]}}],"collection":[{"href":"https:\/\/orato.world\/es\/wp-json\/wp\/v2\/posts"}],"about":[{"href":"https:\/\/orato.world\/es\/wp-json\/wp\/v2\/types\/post"}],"author":[{"embeddable":true,"href":"https:\/\/orato.world\/es\/wp-json\/wp\/v2\/users\/28"}],"replies":[{"embeddable":true,"href":"https:\/\/orato.world\/es\/wp-json\/wp\/v2\/comments?post=90952"}],"version-history":[{"count":1,"href":"https:\/\/orato.world\/es\/wp-json\/wp\/v2\/posts\/90952\/revisions"}],"predecessor-version":[{"id":90953,"href":"https:\/\/orato.world\/es\/wp-json\/wp\/v2\/posts\/90952\/revisions\/90953"}],"wp:featuredmedia":[{"embeddable":true,"href":"https:\/\/orato.world\/es\/wp-json\/wp\/v2\/media\/90682"}],"wp:attachment":[{"href":"https:\/\/orato.world\/es\/wp-json\/wp\/v2\/media?parent=90952"}],"wp:term":[{"taxonomy":"category","embeddable":true,"href":"https:\/\/orato.world\/es\/wp-json\/wp\/v2\/categories?post=90952"},{"taxonomy":"post_tag","embeddable":true,"href":"https:\/\/orato.world\/es\/wp-json\/wp\/v2\/tags?post=90952"}],"curies":[{"name":"wp","href":"https:\/\/api.w.org\/{rel}","templated":true}]}}