{"id":91354,"date":"2024-05-05T03:00:00","date_gmt":"2024-05-05T10:00:00","guid":{"rendered":"https:\/\/orato.world\/?p=91354"},"modified":"2024-05-01T09:34:08","modified_gmt":"2024-05-01T16:34:08","slug":"el-presidente-milei-anuncia-el-cierre-sorpresivo-de-telam-desatando-indignacion-y-solidaridad","status":"publish","type":"post","link":"https:\/\/orato.world\/es\/2024\/05\/05\/el-presidente-milei-anuncia-el-cierre-sorpresivo-de-telam-desatando-indignacion-y-solidaridad\/","title":{"rendered":"El Presidente Milei anuncia el cierre sorpresivo de T\u00e9lam, desatando indignaci\u00f3n y solidaridad"},"content":{"rendered":"<div class=\"lets-info-up-wrap  lets-info-up--right lets-info-up--m-1 lets-info-up-skin-1 lets-info-up--side\">\t\t\t<div class=\"lets-info-up\">\r\n\t\t\t<div class=\"lets-info-up-fi\"><img loading=\"lazy\" decoding=\"async\" width=\"500\" height=\"500\" src=\"https:\/\/orato.world\/wp-content\/uploads\/Untitled-design-2024-04-29T110129.649-500x500.png\" class=\"attachment-lets-info-up-d1 size-lets-info-up-d1\" alt=\"\" srcset=\"https:\/\/orato.world\/wp-content\/uploads\/Untitled-design-2024-04-29T110129.649-500x500.png 500w, https:\/\/orato.world\/wp-content\/uploads\/Untitled-design-2024-04-29T110129.649-300x300.png 300w, https:\/\/orato.world\/wp-content\/uploads\/Untitled-design-2024-04-29T110129.649-1024x1024.png 1024w, https:\/\/orato.world\/wp-content\/uploads\/Untitled-design-2024-04-29T110129.649-100x100.png 100w, https:\/\/orato.world\/wp-content\/uploads\/Untitled-design-2024-04-29T110129.649-770x770.png 770w, https:\/\/orato.world\/wp-content\/uploads\/Untitled-design-2024-04-29T110129.649-400x400.png 400w, https:\/\/orato.world\/wp-content\/uploads\/Untitled-design-2024-04-29T110129.649-150x150.png 150w, https:\/\/orato.world\/wp-content\/uploads\/Untitled-design-2024-04-29T110129.649-70x70.png 70w, https:\/\/orato.world\/wp-content\/uploads\/Untitled-design-2024-04-29T110129.649-293x293.png 293w, https:\/\/orato.world\/wp-content\/uploads\/Untitled-design-2024-04-29T110129.649.png 1080w\" sizes=\"auto, (max-width: 500px) 100vw, 500px\" \/><\/div>\t\t\t<div class=\"lets-info-up-block-wrap\">\r\n\t\t\t\t<div class=\"lets-info-up-block lets-info-up-meta-block\"><div class=\"lets-info-up-meta-title lets-info-up-pretitle font-h\">journalist&#8217;s notes<\/div><\/div><div class=\"lets-info-up-block lets-info-up-meta-block\"><div class=\"lets-info-up-meta-title lets-info-up-pretitle font-h\">interview subject<\/div><div class=\"lets-info-up-meta-content lets-info-up-title font-b\">Andrea Delfino is a seasoned journalist with over three decades of experience, currently serving as a delegate for the T\u00e9lam agency under the Press Union of Buenos Aires (Sipreba). Initially specializing in political journalism, Andrea&#8217;s versatile career has encompassed reporting across various sectors including society, law enforcement, economy, international news, and sports. Due to life and technological advancements, she gradually shifted her focus to specialize in technology and telecommunications. With 34 years of dedication at T\u00e9lam, Andrea&#8217;s breadth of knowledge and adaptive expertise underscore her distinguished tenure in the field of journalism.<\/div><\/div><div class=\"lets-info-up-block lets-info-up-meta-block\"><div class=\"lets-info-up-meta-title lets-info-up-pretitle font-h\">background information<\/div><div class=\"lets-info-up-meta-content lets-info-up-title font-b\">T\u00e9lam, Argentina&#8217;s national news agency, was founded on April 15, 1945, by Juan Domingo Per\u00f3n to challenge the dominance of foreign news agencies like the American Associated Press and United Press International during the early Cold War. Named after \u00abTelenoticiosa Americana,\u00bb T\u00e9lam has withstood seven attempts at closure, privatization, or downsizing, continuing its mission to uphold information sovereignty and prioritize public access to information as an inalienable human right, countering the commercial aims of the increasingly concentrated traditional media system. For more details on T\u00e9lam&#8217;s enduring legacy, visit<a href=\"https:\/\/www.pagina12.com.ar\/717821-la-historia-de-telam-la-agencia-creada-por-peron-que-privati\"> P\u00e1gina 12<\/a>.<\/div><\/div>\t\t\t<\/div>\r\n\t\t\t<\/div>\r\n\t\t<\/div>\r\n\t\t\n<p>BUENOS AIRES, Argentina &#8211; El 1 de marzo de 2024, durante la apertura de las sesiones legislativas ordinarias, transmitida por cadena nacional, el presidente Javier Milei anunci\u00f3 sorpresivamente el cierre de T\u00e9lam. Su declaraci\u00f3n caus\u00f3 sensaci\u00f3n durante todo el fin de semana, mientras intentaba consolar a mis colegas que informaban sobre la Asamblea Legislativa al tiempo que se enteraban del cierre. La noticia fue devastadora, ya que nos separ\u00f3 bruscamente de nuestros recursos. Nuestro sitio web y nuestros amplios archivos fotogr\u00e1ficos y de noticias quedaron repentinamente inaccesibles.<\/p>\n\n<p>El futuro inmediato de nuestros empleos y de T\u00e9lam segu\u00eda envuelto en la incertidumbre. Sin embargo, esta prueba revel\u00f3 la inmensa fuerza y solidaridad que hay entre nosotros. Nuestra conexi\u00f3n como periodistas no hizo sino profundizarse, acerc\u00e1ndonos y uni\u00e9ndonos en torno a una causa com\u00fan. Mientras acampamos frente al edificio en busca de justicia, nuestra determinaci\u00f3n para afrontar lo que venga es m\u00e1s fuerte que nunca.<\/p>\n\n<p><em><a href=\"https:\/\/orato.world\/?s=argentina\">Lea m\u00e1s reportajes de Argentina en Orato World Media.<\/a><\/em><\/p>\n\n<h2 class=\"wp-block-heading\" id=\"h-milei-shuts-telam-down-employees-grapple-with-devastation\"><strong>Milei cierra T\u00e9lam: los empleados se enfrentan a la devastaci\u00f3n<\/strong><\/h2>\n\n<p>En la noche del 3 de marzo de 2024, compa\u00f1eros del \u00faltimo turno de T\u00e9lam informaron que lleg\u00f3 una camioneta de la Polic\u00eda Federal y los agentes comenzaron a colocar barreras en la entrada del edificio. Afortunadamente, un grupo de representantes sindicales y autoridades consigui\u00f3 entrar justo antes de que los agentes completaran su tarea.<\/p>\n\n<p>A partir de ese momento, empezamos a denunciar p\u00fablicamente la actividad. Los trabajadores que se quedaron dentro enviaron el \u00faltimo despacho. Desde entonces, ning\u00fan periodista consigui\u00f3 entrar en la redacci\u00f3n. El impacto total del cierre se produjo el lunes, cuando mis colegas y yo recibimos un breve correo electr\u00f3nico de cuatro l\u00edneas en el que se nos relevaba de nuestras funciones. La noticia me golpe\u00f3 con fuerza; sent\u00ed un nudo en la garganta y se me quebr\u00f3 la voz al asimilar la noticia.<\/p>\n\n<p>Llegar al trabajo y encontrarme con imponentes vallas de m\u00e1s de dos metros de altura bloqueando la entrada me dej\u00f3 profundamente conmocionada. Los materiales de trabajo y los objetos personales que representan nuestra vida cotidiana en el trabajo se volvieron inaccesibles. Los escritorios atestados de vasos, cuadernos, bol\u00edgrafos, papeles, termos, marcos de fotos y dibujos permanec\u00edan en su interior, dejando tras de s\u00ed algo parecido a una ciudad fantasma.<\/p>\n\n<p>R\u00e1pidamente dise\u00f1amos un plan de acci\u00f3n centrado en la no violencia y en el compromiso de no responder a ninguna provocaci\u00f3n. Nuestra estrategia inclu\u00eda buscar v\u00edas legales, seguir cumpliendo nuestro horario de trabajo in situ e informar directamente desde la acera, fuera de la agencia. Aquella ma\u00f1ana, el panorama era sorprendente: un grupo variopinto de diversos sindicatos, facciones pol\u00edticas y grupos sociales reunidos en solidaridad con nosotros.<\/p>\n\n<h2 class=\"wp-block-heading\" id=\"h-telam-s-former-employees-camp-outside-the-building-and-launch-news-portal-somos-telam\"><strong>Ex empleados de T\u00e9lam acampan frente al edificio y lanzan el portal de noticias \u00abSomos T\u00e9lam\u00bb<\/strong><\/h2>\n\n<p>Sin embargo, el ambiente cambi\u00f3 cuando seis j\u00f3venes, partidarios de Javier Milei, celebraron abiertamente el cierre de la agencia a sus puertas. Los vecinos de enfrente, que nos vieron vigilando el lugar durante la noche, respondieron con indignaci\u00f3n. Aunque el enfrentamiento result\u00f3 breve, alguien lo grab\u00f3 en v\u00eddeo. Sigue circulando por las redes sociales, poniendo de relieve las tensiones del d\u00eda.<\/p>\n\n<p>El 4 de marzo de 2024, en respuesta al cierre, organizamos una acampada 24\/7 en las dos sedes de T\u00e9lam. Tambi\u00e9n lanzamos un portal de noticias llamado Somos Telam, con textos, fotos, podcasts y v\u00eddeos a libre disposici\u00f3n del p\u00fablico.<\/p>\n\n<p>Nos mantenemos unidos frente a ambas sedes, en representaci\u00f3n de 770 puestos de trabajo afectados, con cada puesto vinculado a una familia. En el campamento, el mate [<em>bebida tradicional argentina<\/em>] circula entre rostros cansados pero decididos. Algunos buscamos distracci\u00f3n, otros se enfrascan en improvisadas sesiones de terapia, especulando sobre futuros acontecimientos.<\/p>\n\n<p>La incertidumbre que nos envuelve desde que comenzaron las sesiones legislativas es un reflejo de la inquietud que sentimos durante la pandemia de Covid-19. Por las miradas de mis colegas, est\u00e1 claro que no soy la \u00fanica que lo siente. Sin embargo, seguimos reuni\u00e9ndonos cerca de T\u00e9lam para trabajar juntos, fomentando el sentido de comunidad.<\/p>\n\n<p>Nos animamos mutuamente a no aislarnos en casa. Nuestra rutina se ha adaptado: nos levantamos, nos ba\u00f1amos, desayunamos, nos lavamos los dientes, nos vestimos y nos dirigimos al campamento. Esta es nuestra nueva forma de ir a trabajar. Esta resistencia activa es nuestra estrategia para evitar la desesperaci\u00f3n. La solidaridad de la comunidad es palpable. A menudo, los vecinos preguntan si necesitamos algo. Grupos sociales y pol\u00edticos ofrecen comida mientras los coches que pasan tocan bocina en se\u00f1al de apoyo. Los amigos se unen a nosotros con sus guitarras para ofrecer consuelo a trav\u00e9s de la m\u00fasica. <\/p>\n\n<h2 class=\"wp-block-heading\" id=\"h-campsite-conditions-prove-challenging-workers-remain-determined-in-the-struggle\"><strong>Las condiciones del campamento son dif\u00edciles, pero los trabajadores siguen decididos a luchar<\/strong><\/h2>\n\n<p>Este reto al que nos enfrentamos se siente dif\u00edcil, pero persistimos juntos. Mientras unos juegan a las cartas para pasar el rato, otros escriben, leen, aguantan, resisten y descubren momentos de alegr\u00eda en medio de la lucha. Lo soportamos todo, incluida la lluvia, el fr\u00edo y el viento, e incluso trasladamos la celebraci\u00f3n de nuestro cumplea\u00f1os al camping. Ver el resplandor de las velas de cumplea\u00f1os parpadeando entre nosotros mientras cantamos el \u00abCumplea\u00f1os feliz\u00bb, provoca aplausos y sonrisas. Sin embargo, estos momentos suelen acabar en l\u00e1grimas.<\/p>\n\n<p>Dormimos en camas improvisadas en la calle, reconfortados por la resistencia de los dem\u00e1s. Durante las horas m\u00e1s tranquilas de la noche, envueltos en mantas y tomando bebidas calientes, no es raro que se detenga alg\u00fan coche. En una ocasi\u00f3n, una se\u00f1ora se acerc\u00f3 para pedirnos que firm\u00e1ramos una petici\u00f3n para que T\u00e9lam funcionara bajo control parlamentario. Cada d\u00eda, innumerables personas como ella muestran su apoyo, provoc\u00e1ndome escalofr\u00edos con su generosidad. <\/p>\n\n<p>Los vecinos se acercan con frecuencia a entregar termos llenos de caf\u00e9 o agua caliente, y algunos ofrecen el uso de sus cuartos de ba\u00f1o. Un vecino pregunt\u00f3 si segu\u00edamos decididos a continuar nuestra protesta. Cuando confirm\u00e9 nuestro compromiso, me entreg\u00f3 un saco de dormir, encarnando la solidaridad que resulta tan vital durante las crisis.<\/p>\n\n<p>Un momento especialmente conmovedor se produjo cuando el propio Papa envi\u00f3 un mensaje de v\u00eddeo. En \u00e9l, expresaba sus oraciones por nosotros en medio de estos tiempos dif\u00edciles. Sus palabras me conmovieron profundamente y pens\u00e9: \u00abSi \u00e9l reza por nosotros, seguro que nosotros no podemos fallar\u00bb. El pasado Jueves Santo, las emociones volvieron a aflorar en nuestro campamento. Entre l\u00e1grimas, asistimos a una conmovedora ceremonia presidida por un grupo de sacerdotes de la Opci\u00f3n por los Pobres.<\/p>\n\n<h2 class=\"wp-block-heading\" id=\"h-every-sunday-telam-workers-receive-emails-excusing-them-from-duties-in-return-they-proclaim-we-are-telam-and-telam-will-not-close\"><strong>Todos los domingos, los trabajadores de T\u00e9lam reciben correos electr\u00f3nicos excus\u00e1ndoles de sus obligaciones; a cambio, proclaman: \u00abSomos T\u00e9lam, y T\u00e9lam no cerrar\u00e1\u00bb.<\/strong><\/h2>\n\n<p>En una conmovedora recreaci\u00f3n del gesto de Jes\u00fas en la \u00daltima Cena, lavaron los pies a algunos de los trabajadores. Ver esta escena me llen\u00f3 de una fuerza y una emoci\u00f3n abrumadoras. El rasgueo de una guitarra criolla realzaba el momento. La canci\u00f3n resonaba con nuestra lucha: \u00abTenemos que seguir caminando, <em>nom\u00e1s<\/em>\u00ab.<\/p>\n\n<p>Durante estos momentos de reflexi\u00f3n, nuestro silencio se romp\u00eda a menudo, dando paso a una declaraci\u00f3n colectiva en voz alta: \u00abSomos T\u00e9lam y T\u00e9lam no se cierra\u00bb. A veces me un\u00eda a los gritos. Otras veces, simplemente absorb\u00eda los sonidos que parec\u00edan sincronizarse con mi respiraci\u00f3n. Sent\u00ed que un fuego se encend\u00eda dentro de m\u00ed, reforzando mi decisi\u00f3n de continuar la lucha.<\/p>\n\n<p>Cuando me preguntan qu\u00e9 necesitamos en estos tiempos dif\u00edciles, mi respuesta es siempre la misma: abrazos. El abrazo de otro ser humano nos mantiene unidos, ofreci\u00e9ndonos el apoyo emocional necesario para soportar esta prueba con nuestros cuerpos y corazones. A veces, me quedo paralizada ante las imponentes vallas. Mientras contemplo su imponente altura, siento el peso de lo que nos rodea.<\/p>\n\n<p>Hoy, el futuro sigue siendo incierto. Desde el 4 de marzo de 2024, y cada domingo posterior, los trabajadores recib\u00edamos un correo electr\u00f3nico rutinario en el que se nos dispensaba de nuestras obligaciones en la Agencia durante la semana siguiente. Ha pasado m\u00e1s de un mes desde el primer intento de cierre de T\u00e9lam. A pesar de ello, persistimos en nuestra lucha, afirmando que T\u00e9lam seguir\u00e1 abierta y subrayando que la democracia est\u00e1 incompleta sin los medios de comunicaci\u00f3n p\u00fablicos.<\/p>\n\n<p>Es una lucha dif\u00edcil, pero persistimos. Cada vez que alguien entre nosotros se siente olvidadizo, desanimado o pierde la esperanza, un recordatorio edificante nos rodea. Mires donde mires, hay carteles, literalmente cientos de miles de ellos, con un poderoso mensaje: Defendemos T\u00e9lam. Defendemos la democracia.<\/p>\n","protected":false},"excerpt":{"rendered":"<p>Desde el 4 de marzo de 2024, y cada domingo posterior, los trabajadores recib\u00edamos un correo electr\u00f3nico rutinario en el que se nos dispensaba de nuestras obligaciones en la Agencia durante la semana siguiente. Ha pasado m\u00e1s de un mes desde el primer intento de cierre de T\u00e9lam. <\/p>\n","protected":false},"author":28,"featured_media":91289,"comment_status":"open","ping_status":"open","sticky":false,"template":"","format":"standard","meta":{"_acf_changed":false,"_uag_custom_page_level_css":"","_lmt_disableupdate":"","_lmt_disable":"","footnotes":""},"categories":[874,725],"tags":[193,7543,7404,868,2214,1917,765,8730],"class_list":["post-91354","post","type-post","status-publish","format-standard","has-post-thumbnail","hentry","category-crimen-y-corrupcion-es","category-educacion","tag-argentina-es","tag-corrupcion-gubernamental","tag-javier-milei-es","tag-journalism-es","tag-latinoamerica","tag-media-es","tag-news-es","tag-telam-es"],"acf":[],"yoast_head":"<!-- This site is optimized with the Yoast SEO Premium plugin v27.4 (Yoast SEO v27.4) - https:\/\/yoast.com\/product\/yoast-seo-premium-wordpress\/ -->\n<title>El Presidente Milei anuncia, de forma sorpresiva, el cierre de T\u00e9lam<\/title>\n<meta name=\"description\" content=\"El presidente Milei anuncia el cierre sorpresivo de T\u00e9lam, desatando la indignaci\u00f3n y la solidaridad de los trabajadores, semanas despu\u00e9s los empleados siguen manifest\u00e1ndose\" \/>\n<meta name=\"robots\" content=\"index, follow, max-snippet:-1, max-image-preview:large, max-video-preview:-1\" \/>\n<link rel=\"canonical\" href=\"https:\/\/orato.world\/es\/2024\/05\/05\/el-presidente-milei-anuncia-el-cierre-sorpresivo-de-telam-desatando-indignacion-y-solidaridad\/\" \/>\n<meta property=\"og:locale\" content=\"es_ES\" \/>\n<meta property=\"og:type\" content=\"article\" \/>\n<meta property=\"og:title\" content=\"El Presidente Milei anuncia el cierre sorpresivo de T\u00e9lam, desatando indignaci\u00f3n y solidaridad\" \/>\n<meta property=\"og:description\" content=\"El presidente Milei anuncia el cierre sorpresivo de T\u00e9lam, desatando la indignaci\u00f3n y la solidaridad de los trabajadores, semanas despu\u00e9s los empleados siguen manifest\u00e1ndose\" \/>\n<meta property=\"og:url\" content=\"https:\/\/orato.world\/es\/2024\/05\/05\/el-presidente-milei-anuncia-el-cierre-sorpresivo-de-telam-desatando-indignacion-y-solidaridad\/\" \/>\n<meta property=\"og:site_name\" content=\"Orato\" \/>\n<meta property=\"article:publisher\" content=\"https:\/\/www.facebook.com\/OratoWorld\/\" \/>\n<meta property=\"article:published_time\" content=\"2024-05-05T10:00:00+00:00\" \/>\n<meta property=\"og:image\" content=\"https:\/\/orato.world\/wp-content\/uploads\/Untitled-design-2024-04-29T110146.214.png\" \/>\n\t<meta property=\"og:image:width\" content=\"1280\" \/>\n\t<meta property=\"og:image:height\" content=\"960\" \/>\n\t<meta property=\"og:image:type\" content=\"image\/png\" \/>\n<meta name=\"author\" content=\"Mariela Laksman\" \/>\n<meta name=\"twitter:card\" content=\"summary_large_image\" \/>\n<meta name=\"twitter:creator\" content=\"@oratoworld\" \/>\n<meta name=\"twitter:site\" content=\"@oratoworld\" \/>\n<meta name=\"twitter:label1\" content=\"Escrito por\" \/>\n\t<meta name=\"twitter:data1\" content=\"Mariela Laksman\" \/>\n\t<meta name=\"twitter:label2\" content=\"Tiempo de lectura\" \/>\n\t<meta name=\"twitter:data2\" content=\"7 minutos\" \/>\n<script type=\"application\/ld+json\" class=\"yoast-schema-graph\">{\"@context\":\"https:\\\/\\\/schema.org\",\"@graph\":[{\"@type\":\"NewsArticle\",\"@id\":\"https:\\\/\\\/orato.world\\\/es\\\/2024\\\/05\\\/05\\\/el-presidente-milei-anuncia-el-cierre-sorpresivo-de-telam-desatando-indignacion-y-solidaridad\\\/#article\",\"isPartOf\":{\"@id\":\"https:\\\/\\\/orato.world\\\/es\\\/2024\\\/05\\\/05\\\/el-presidente-milei-anuncia-el-cierre-sorpresivo-de-telam-desatando-indignacion-y-solidaridad\\\/\"},\"author\":{\"name\":\"Mariela Laksman\",\"@id\":\"https:\\\/\\\/orato.world\\\/es\\\/#\\\/schema\\\/person\\\/d4a4a9a63551641850068c20e93613a5\"},\"headline\":\"El Presidente Milei anuncia el cierre sorpresivo de T\u00e9lam, desatando indignaci\u00f3n y solidaridad\",\"datePublished\":\"2024-05-05T10:00:00+00:00\",\"mainEntityOfPage\":{\"@id\":\"https:\\\/\\\/orato.world\\\/es\\\/2024\\\/05\\\/05\\\/el-presidente-milei-anuncia-el-cierre-sorpresivo-de-telam-desatando-indignacion-y-solidaridad\\\/\"},\"wordCount\":1509,\"commentCount\":0,\"publisher\":{\"@id\":\"https:\\\/\\\/orato.world\\\/es\\\/#organization\"},\"image\":{\"@id\":\"https:\\\/\\\/orato.world\\\/es\\\/2024\\\/05\\\/05\\\/el-presidente-milei-anuncia-el-cierre-sorpresivo-de-telam-desatando-indignacion-y-solidaridad\\\/#primaryimage\"},\"thumbnailUrl\":\"https:\\\/\\\/orato.world\\\/wp-content\\\/uploads\\\/Untitled-design-2024-04-29T110146.214.png\",\"keywords\":[\"Argentina\",\"corrupci\u00f3n gubernamental\",\"Javier Milei\",\"Journalism\",\"Latinoam\u00e9rica\",\"Media\",\"News\",\"T\u00e9lam\"],\"articleSection\":[\"Crimen y corrupci\u00f3n\",\"Educaci\u00f3n\"],\"inLanguage\":\"es\",\"potentialAction\":[{\"@type\":\"CommentAction\",\"name\":\"Comment\",\"target\":[\"https:\\\/\\\/orato.world\\\/es\\\/2024\\\/05\\\/05\\\/el-presidente-milei-anuncia-el-cierre-sorpresivo-de-telam-desatando-indignacion-y-solidaridad\\\/#respond\"]}]},{\"@type\":\"WebPage\",\"@id\":\"https:\\\/\\\/orato.world\\\/es\\\/2024\\\/05\\\/05\\\/el-presidente-milei-anuncia-el-cierre-sorpresivo-de-telam-desatando-indignacion-y-solidaridad\\\/\",\"url\":\"https:\\\/\\\/orato.world\\\/es\\\/2024\\\/05\\\/05\\\/el-presidente-milei-anuncia-el-cierre-sorpresivo-de-telam-desatando-indignacion-y-solidaridad\\\/\",\"name\":\"El Presidente Milei anuncia, de forma sorpresiva, el cierre de T\u00e9lam\",\"isPartOf\":{\"@id\":\"https:\\\/\\\/orato.world\\\/es\\\/#website\"},\"primaryImageOfPage\":{\"@id\":\"https:\\\/\\\/orato.world\\\/es\\\/2024\\\/05\\\/05\\\/el-presidente-milei-anuncia-el-cierre-sorpresivo-de-telam-desatando-indignacion-y-solidaridad\\\/#primaryimage\"},\"image\":{\"@id\":\"https:\\\/\\\/orato.world\\\/es\\\/2024\\\/05\\\/05\\\/el-presidente-milei-anuncia-el-cierre-sorpresivo-de-telam-desatando-indignacion-y-solidaridad\\\/#primaryimage\"},\"thumbnailUrl\":\"https:\\\/\\\/orato.world\\\/wp-content\\\/uploads\\\/Untitled-design-2024-04-29T110146.214.png\",\"datePublished\":\"2024-05-05T10:00:00+00:00\",\"description\":\"El presidente Milei anuncia el cierre sorpresivo de T\u00e9lam, desatando la indignaci\u00f3n y la solidaridad de los trabajadores, semanas despu\u00e9s los empleados siguen manifest\u00e1ndose\",\"breadcrumb\":{\"@id\":\"https:\\\/\\\/orato.world\\\/es\\\/2024\\\/05\\\/05\\\/el-presidente-milei-anuncia-el-cierre-sorpresivo-de-telam-desatando-indignacion-y-solidaridad\\\/#breadcrumb\"},\"inLanguage\":\"es\",\"potentialAction\":[{\"@type\":\"ReadAction\",\"target\":[\"https:\\\/\\\/orato.world\\\/es\\\/2024\\\/05\\\/05\\\/el-presidente-milei-anuncia-el-cierre-sorpresivo-de-telam-desatando-indignacion-y-solidaridad\\\/\"]}]},{\"@type\":\"ImageObject\",\"inLanguage\":\"es\",\"@id\":\"https:\\\/\\\/orato.world\\\/es\\\/2024\\\/05\\\/05\\\/el-presidente-milei-anuncia-el-cierre-sorpresivo-de-telam-desatando-indignacion-y-solidaridad\\\/#primaryimage\",\"url\":\"https:\\\/\\\/orato.world\\\/wp-content\\\/uploads\\\/Untitled-design-2024-04-29T110146.214.png\",\"contentUrl\":\"https:\\\/\\\/orato.world\\\/wp-content\\\/uploads\\\/Untitled-design-2024-04-29T110146.214.png\",\"width\":1280,\"height\":960,\"caption\":\"When the T\u00e9lam is the largest public news agency in Latin America was shuttered by Argentina's new President Javier Javier Milei, employees created an encampment outside in protest. | Photo courtesy of Somos T\u00e9lam\"},{\"@type\":\"BreadcrumbList\",\"@id\":\"https:\\\/\\\/orato.world\\\/es\\\/2024\\\/05\\\/05\\\/el-presidente-milei-anuncia-el-cierre-sorpresivo-de-telam-desatando-indignacion-y-solidaridad\\\/#breadcrumb\",\"itemListElement\":[{\"@type\":\"ListItem\",\"position\":1,\"name\":\"Home\",\"item\":\"https:\\\/\\\/orato.world\\\/es\\\/\"},{\"@type\":\"ListItem\",\"position\":2,\"name\":\"El Presidente Milei anuncia el cierre sorpresivo de T\u00e9lam, desatando indignaci\u00f3n y solidaridad\"}]},{\"@type\":\"WebSite\",\"@id\":\"https:\\\/\\\/orato.world\\\/es\\\/#website\",\"url\":\"https:\\\/\\\/orato.world\\\/es\\\/\",\"name\":\"Orato\",\"description\":\"True Stories. Real People\",\"publisher\":{\"@id\":\"https:\\\/\\\/orato.world\\\/es\\\/#organization\"},\"potentialAction\":[{\"@type\":\"SearchAction\",\"target\":{\"@type\":\"EntryPoint\",\"urlTemplate\":\"https:\\\/\\\/orato.world\\\/es\\\/?s={search_term_string}\"},\"query-input\":{\"@type\":\"PropertyValueSpecification\",\"valueRequired\":true,\"valueName\":\"search_term_string\"}}],\"inLanguage\":\"es\"},{\"@type\":\"Organization\",\"@id\":\"https:\\\/\\\/orato.world\\\/es\\\/#organization\",\"name\":\"Orato World Media Inc.\",\"url\":\"https:\\\/\\\/orato.world\\\/es\\\/\",\"logo\":{\"@type\":\"ImageObject\",\"inLanguage\":\"es\",\"@id\":\"https:\\\/\\\/orato.world\\\/es\\\/#\\\/schema\\\/logo\\\/image\\\/\",\"url\":\"https:\\\/\\\/orato.world\\\/wp-content\\\/uploads\\\/2020\\\/07\\\/orato-logo-transparent.png\",\"contentUrl\":\"https:\\\/\\\/orato.world\\\/wp-content\\\/uploads\\\/2020\\\/07\\\/orato-logo-transparent.png\",\"width\":78,\"height\":73,\"caption\":\"Orato World Media Inc.\"},\"image\":{\"@id\":\"https:\\\/\\\/orato.world\\\/es\\\/#\\\/schema\\\/logo\\\/image\\\/\"},\"sameAs\":[\"https:\\\/\\\/www.facebook.com\\\/OratoWorld\\\/\",\"https:\\\/\\\/x.com\\\/oratoworld\",\"https:\\\/\\\/www.instagram.com\\\/oratoworld\",\"https:\\\/\\\/www.linkedin.com\\\/company\\\/42308818\\\/\"]},{\"@type\":\"Person\",\"@id\":\"https:\\\/\\\/orato.world\\\/es\\\/#\\\/schema\\\/person\\\/d4a4a9a63551641850068c20e93613a5\",\"name\":\"Mariela Laksman\",\"image\":{\"@type\":\"ImageObject\",\"inLanguage\":\"es\",\"@id\":\"https:\\\/\\\/secure.gravatar.com\\\/avatar\\\/133ba1b69c2a2b7c782cce9999c26555b6bc9af9e382e5e8f8e3fc285015d1b7?s=96&d=mm&r=g\",\"url\":\"https:\\\/\\\/secure.gravatar.com\\\/avatar\\\/133ba1b69c2a2b7c782cce9999c26555b6bc9af9e382e5e8f8e3fc285015d1b7?s=96&d=mm&r=g\",\"contentUrl\":\"https:\\\/\\\/secure.gravatar.com\\\/avatar\\\/133ba1b69c2a2b7c782cce9999c26555b6bc9af9e382e5e8f8e3fc285015d1b7?s=96&d=mm&r=g\",\"caption\":\"Mariela Laksman\"},\"description\":\"Image and Sound Designer, Integral Audiovisual and Journalistic Producer, writer, and teacher. I started working when I was very young; Since 2001, I was a producer for different television programs, documentary films, radio, and generating creative content for different organizations and companies. I won the award: \\\"Nuevo Sudaca Border\\\" with the microfiction book \\\"Un Tigre con la Boca Abierta\\\", for Eloisa Cartonera Editorial. I am passionate about telling stories and writing.\",\"url\":\"https:\\\/\\\/orato.world\\\/es\\\/author\\\/mariela-laksman\\\/\"}]}<\/script>\n<!-- \/ Yoast SEO Premium plugin. -->","yoast_head_json":{"title":"El Presidente Milei anuncia, de forma sorpresiva, el cierre de T\u00e9lam","description":"El presidente Milei anuncia el cierre sorpresivo de T\u00e9lam, desatando la indignaci\u00f3n y la solidaridad de los trabajadores, semanas despu\u00e9s los empleados siguen manifest\u00e1ndose","robots":{"index":"index","follow":"follow","max-snippet":"max-snippet:-1","max-image-preview":"max-image-preview:large","max-video-preview":"max-video-preview:-1"},"canonical":"https:\/\/orato.world\/es\/2024\/05\/05\/el-presidente-milei-anuncia-el-cierre-sorpresivo-de-telam-desatando-indignacion-y-solidaridad\/","og_locale":"es_ES","og_type":"article","og_title":"El Presidente Milei anuncia el cierre sorpresivo de T\u00e9lam, desatando indignaci\u00f3n y solidaridad","og_description":"El presidente Milei anuncia el cierre sorpresivo de T\u00e9lam, desatando la indignaci\u00f3n y la solidaridad de los trabajadores, semanas despu\u00e9s los empleados siguen manifest\u00e1ndose","og_url":"https:\/\/orato.world\/es\/2024\/05\/05\/el-presidente-milei-anuncia-el-cierre-sorpresivo-de-telam-desatando-indignacion-y-solidaridad\/","og_site_name":"Orato","article_publisher":"https:\/\/www.facebook.com\/OratoWorld\/","article_published_time":"2024-05-05T10:00:00+00:00","og_image":[{"width":1280,"height":960,"url":"https:\/\/orato.world\/wp-content\/uploads\/Untitled-design-2024-04-29T110146.214.png","type":"image\/png"}],"author":"Mariela Laksman","twitter_card":"summary_large_image","twitter_creator":"@oratoworld","twitter_site":"@oratoworld","twitter_misc":{"Escrito por":"Mariela Laksman","Tiempo de lectura":"7 minutos"},"schema":{"@context":"https:\/\/schema.org","@graph":[{"@type":"NewsArticle","@id":"https:\/\/orato.world\/es\/2024\/05\/05\/el-presidente-milei-anuncia-el-cierre-sorpresivo-de-telam-desatando-indignacion-y-solidaridad\/#article","isPartOf":{"@id":"https:\/\/orato.world\/es\/2024\/05\/05\/el-presidente-milei-anuncia-el-cierre-sorpresivo-de-telam-desatando-indignacion-y-solidaridad\/"},"author":{"name":"Mariela Laksman","@id":"https:\/\/orato.world\/es\/#\/schema\/person\/d4a4a9a63551641850068c20e93613a5"},"headline":"El Presidente Milei anuncia el cierre sorpresivo de T\u00e9lam, desatando indignaci\u00f3n y solidaridad","datePublished":"2024-05-05T10:00:00+00:00","mainEntityOfPage":{"@id":"https:\/\/orato.world\/es\/2024\/05\/05\/el-presidente-milei-anuncia-el-cierre-sorpresivo-de-telam-desatando-indignacion-y-solidaridad\/"},"wordCount":1509,"commentCount":0,"publisher":{"@id":"https:\/\/orato.world\/es\/#organization"},"image":{"@id":"https:\/\/orato.world\/es\/2024\/05\/05\/el-presidente-milei-anuncia-el-cierre-sorpresivo-de-telam-desatando-indignacion-y-solidaridad\/#primaryimage"},"thumbnailUrl":"https:\/\/orato.world\/wp-content\/uploads\/Untitled-design-2024-04-29T110146.214.png","keywords":["Argentina","corrupci\u00f3n gubernamental","Javier Milei","Journalism","Latinoam\u00e9rica","Media","News","T\u00e9lam"],"articleSection":["Crimen y corrupci\u00f3n","Educaci\u00f3n"],"inLanguage":"es","potentialAction":[{"@type":"CommentAction","name":"Comment","target":["https:\/\/orato.world\/es\/2024\/05\/05\/el-presidente-milei-anuncia-el-cierre-sorpresivo-de-telam-desatando-indignacion-y-solidaridad\/#respond"]}]},{"@type":"WebPage","@id":"https:\/\/orato.world\/es\/2024\/05\/05\/el-presidente-milei-anuncia-el-cierre-sorpresivo-de-telam-desatando-indignacion-y-solidaridad\/","url":"https:\/\/orato.world\/es\/2024\/05\/05\/el-presidente-milei-anuncia-el-cierre-sorpresivo-de-telam-desatando-indignacion-y-solidaridad\/","name":"El Presidente Milei anuncia, de forma sorpresiva, el cierre de T\u00e9lam","isPartOf":{"@id":"https:\/\/orato.world\/es\/#website"},"primaryImageOfPage":{"@id":"https:\/\/orato.world\/es\/2024\/05\/05\/el-presidente-milei-anuncia-el-cierre-sorpresivo-de-telam-desatando-indignacion-y-solidaridad\/#primaryimage"},"image":{"@id":"https:\/\/orato.world\/es\/2024\/05\/05\/el-presidente-milei-anuncia-el-cierre-sorpresivo-de-telam-desatando-indignacion-y-solidaridad\/#primaryimage"},"thumbnailUrl":"https:\/\/orato.world\/wp-content\/uploads\/Untitled-design-2024-04-29T110146.214.png","datePublished":"2024-05-05T10:00:00+00:00","description":"El presidente Milei anuncia el cierre sorpresivo de T\u00e9lam, desatando la indignaci\u00f3n y la solidaridad de los trabajadores, semanas despu\u00e9s los empleados siguen manifest\u00e1ndose","breadcrumb":{"@id":"https:\/\/orato.world\/es\/2024\/05\/05\/el-presidente-milei-anuncia-el-cierre-sorpresivo-de-telam-desatando-indignacion-y-solidaridad\/#breadcrumb"},"inLanguage":"es","potentialAction":[{"@type":"ReadAction","target":["https:\/\/orato.world\/es\/2024\/05\/05\/el-presidente-milei-anuncia-el-cierre-sorpresivo-de-telam-desatando-indignacion-y-solidaridad\/"]}]},{"@type":"ImageObject","inLanguage":"es","@id":"https:\/\/orato.world\/es\/2024\/05\/05\/el-presidente-milei-anuncia-el-cierre-sorpresivo-de-telam-desatando-indignacion-y-solidaridad\/#primaryimage","url":"https:\/\/orato.world\/wp-content\/uploads\/Untitled-design-2024-04-29T110146.214.png","contentUrl":"https:\/\/orato.world\/wp-content\/uploads\/Untitled-design-2024-04-29T110146.214.png","width":1280,"height":960,"caption":"When the T\u00e9lam is the largest public news agency in Latin America was shuttered by Argentina's new President Javier Javier Milei, employees created an encampment outside in protest. | Photo courtesy of Somos T\u00e9lam"},{"@type":"BreadcrumbList","@id":"https:\/\/orato.world\/es\/2024\/05\/05\/el-presidente-milei-anuncia-el-cierre-sorpresivo-de-telam-desatando-indignacion-y-solidaridad\/#breadcrumb","itemListElement":[{"@type":"ListItem","position":1,"name":"Home","item":"https:\/\/orato.world\/es\/"},{"@type":"ListItem","position":2,"name":"El Presidente Milei anuncia el cierre sorpresivo de T\u00e9lam, desatando indignaci\u00f3n y solidaridad"}]},{"@type":"WebSite","@id":"https:\/\/orato.world\/es\/#website","url":"https:\/\/orato.world\/es\/","name":"Orato","description":"True Stories. Real People","publisher":{"@id":"https:\/\/orato.world\/es\/#organization"},"potentialAction":[{"@type":"SearchAction","target":{"@type":"EntryPoint","urlTemplate":"https:\/\/orato.world\/es\/?s={search_term_string}"},"query-input":{"@type":"PropertyValueSpecification","valueRequired":true,"valueName":"search_term_string"}}],"inLanguage":"es"},{"@type":"Organization","@id":"https:\/\/orato.world\/es\/#organization","name":"Orato World Media Inc.","url":"https:\/\/orato.world\/es\/","logo":{"@type":"ImageObject","inLanguage":"es","@id":"https:\/\/orato.world\/es\/#\/schema\/logo\/image\/","url":"https:\/\/orato.world\/wp-content\/uploads\/2020\/07\/orato-logo-transparent.png","contentUrl":"https:\/\/orato.world\/wp-content\/uploads\/2020\/07\/orato-logo-transparent.png","width":78,"height":73,"caption":"Orato World Media Inc."},"image":{"@id":"https:\/\/orato.world\/es\/#\/schema\/logo\/image\/"},"sameAs":["https:\/\/www.facebook.com\/OratoWorld\/","https:\/\/x.com\/oratoworld","https:\/\/www.instagram.com\/oratoworld","https:\/\/www.linkedin.com\/company\/42308818\/"]},{"@type":"Person","@id":"https:\/\/orato.world\/es\/#\/schema\/person\/d4a4a9a63551641850068c20e93613a5","name":"Mariela Laksman","image":{"@type":"ImageObject","inLanguage":"es","@id":"https:\/\/secure.gravatar.com\/avatar\/133ba1b69c2a2b7c782cce9999c26555b6bc9af9e382e5e8f8e3fc285015d1b7?s=96&d=mm&r=g","url":"https:\/\/secure.gravatar.com\/avatar\/133ba1b69c2a2b7c782cce9999c26555b6bc9af9e382e5e8f8e3fc285015d1b7?s=96&d=mm&r=g","contentUrl":"https:\/\/secure.gravatar.com\/avatar\/133ba1b69c2a2b7c782cce9999c26555b6bc9af9e382e5e8f8e3fc285015d1b7?s=96&d=mm&r=g","caption":"Mariela Laksman"},"description":"Image and Sound Designer, Integral Audiovisual and Journalistic Producer, writer, and teacher. I started working when I was very young; Since 2001, I was a producer for different television programs, documentary films, radio, and generating creative content for different organizations and companies. I won the award: \"Nuevo Sudaca Border\" with the microfiction book \"Un Tigre con la Boca Abierta\", for Eloisa Cartonera Editorial. I am passionate about telling stories and writing.","url":"https:\/\/orato.world\/es\/author\/mariela-laksman\/"}]}},"modified_by":null,"uagb_featured_image_src":{"full":["https:\/\/orato.world\/wp-content\/uploads\/Untitled-design-2024-04-29T110146.214.png",1280,960,false],"thumbnail":["https:\/\/orato.world\/wp-content\/uploads\/Untitled-design-2024-04-29T110146.214-100x100.png",100,100,true],"medium":["https:\/\/orato.world\/wp-content\/uploads\/Untitled-design-2024-04-29T110146.214-300x225.png",300,225,true],"medium_large":["https:\/\/orato.world\/wp-content\/uploads\/Untitled-design-2024-04-29T110146.214-770x578.png",640,480,true],"large":["https:\/\/orato.world\/wp-content\/uploads\/Untitled-design-2024-04-29T110146.214-1024x768.png",640,480,true],"1536x1536":["https:\/\/orato.world\/wp-content\/uploads\/Untitled-design-2024-04-29T110146.214.png",1280,960,false],"2048x2048":["https:\/\/orato.world\/wp-content\/uploads\/Untitled-design-2024-04-29T110146.214.png",1280,960,false],"gallery-size":["https:\/\/orato.world\/wp-content\/uploads\/Untitled-design-2024-04-29T110146.214-533x400.png",533,400,true],"lets-review-360-240":["https:\/\/orato.world\/wp-content\/uploads\/Untitled-design-2024-04-29T110146.214-360x240.png",360,240,true],"gform-image-choice-sm":["https:\/\/orato.world\/wp-content\/uploads\/Untitled-design-2024-04-29T110146.214.png",300,225,false],"gform-image-choice-md":["https:\/\/orato.world\/wp-content\/uploads\/Untitled-design-2024-04-29T110146.214.png",400,300,false],"gform-image-choice-lg":["https:\/\/orato.world\/wp-content\/uploads\/Untitled-design-2024-04-29T110146.214.png",600,450,false],"awsm_team":["https:\/\/orato.world\/wp-content\/uploads\/Untitled-design-2024-04-29T110146.214-500x500.png",500,500,true]},"uagb_author_info":{"display_name":"Mariela Laksman","author_link":"https:\/\/orato.world\/es\/author\/mariela-laksman\/"},"uagb_comment_info":0,"uagb_excerpt":"Desde el 4 de marzo de 2024, y cada domingo posterior, los trabajadores recib\u00edamos un correo electr\u00f3nico rutinario en el que se nos dispensaba de nuestras obligaciones en la Agencia durante la semana siguiente. Ha pasado m\u00e1s de un mes desde el primer intento de cierre de T\u00e9lam.","_links":{"self":[{"href":"https:\/\/orato.world\/es\/wp-json\/wp\/v2\/posts\/91354","targetHints":{"allow":["GET"]}}],"collection":[{"href":"https:\/\/orato.world\/es\/wp-json\/wp\/v2\/posts"}],"about":[{"href":"https:\/\/orato.world\/es\/wp-json\/wp\/v2\/types\/post"}],"author":[{"embeddable":true,"href":"https:\/\/orato.world\/es\/wp-json\/wp\/v2\/users\/28"}],"replies":[{"embeddable":true,"href":"https:\/\/orato.world\/es\/wp-json\/wp\/v2\/comments?post=91354"}],"version-history":[{"count":1,"href":"https:\/\/orato.world\/es\/wp-json\/wp\/v2\/posts\/91354\/revisions"}],"predecessor-version":[{"id":91355,"href":"https:\/\/orato.world\/es\/wp-json\/wp\/v2\/posts\/91354\/revisions\/91355"}],"wp:featuredmedia":[{"embeddable":true,"href":"https:\/\/orato.world\/es\/wp-json\/wp\/v2\/media\/91289"}],"wp:attachment":[{"href":"https:\/\/orato.world\/es\/wp-json\/wp\/v2\/media?parent=91354"}],"wp:term":[{"taxonomy":"category","embeddable":true,"href":"https:\/\/orato.world\/es\/wp-json\/wp\/v2\/categories?post=91354"},{"taxonomy":"post_tag","embeddable":true,"href":"https:\/\/orato.world\/es\/wp-json\/wp\/v2\/tags?post=91354"}],"curies":[{"name":"wp","href":"https:\/\/api.w.org\/{rel}","templated":true}]}}