{"id":92120,"date":"2024-05-25T03:00:00","date_gmt":"2024-05-25T10:00:00","guid":{"rendered":"https:\/\/orato.world\/?p=92120"},"modified":"2024-05-25T03:00:11","modified_gmt":"2024-05-25T10:00:11","slug":"afganistan-2024-un-extranjero-cruza-la-frontera-a-pie-y-se-adentra-en-los-pueblos","status":"publish","type":"post","link":"https:\/\/orato.world\/es\/2024\/05\/25\/afganistan-2024-un-extranjero-cruza-la-frontera-a-pie-y-se-adentra-en-los-pueblos\/","title":{"rendered":"Afganist\u00e1n 2024: un extranjero cruza la frontera a pie y se adentra en los pueblos"},"content":{"rendered":"<div class=\"lets-info-up-wrap  lets-info-up--right lets-info-up--m-1 lets-info-up-skin-1 lets-info-up--side\">\t\t\t<div class=\"lets-info-up\">\r\n\t\t\t<div class=\"lets-info-up-fi\"><img loading=\"lazy\" decoding=\"async\" width=\"500\" height=\"500\" src=\"https:\/\/orato.world\/wp-content\/uploads\/11-4-500x500.jpg\" class=\"attachment-lets-info-up-d1 size-lets-info-up-d1\" alt=\"36-year-old foreigner Maximiliano Bagilet traveled into Afghanistan in 2024 and shares his experiences.\" srcset=\"https:\/\/orato.world\/wp-content\/uploads\/11-4-500x500.jpg 500w, https:\/\/orato.world\/wp-content\/uploads\/11-4-300x300.jpg 300w, https:\/\/orato.world\/wp-content\/uploads\/11-4-1024x1024.jpg 1024w, https:\/\/orato.world\/wp-content\/uploads\/11-4-100x100.jpg 100w, https:\/\/orato.world\/wp-content\/uploads\/11-4-770x770.jpg 770w, https:\/\/orato.world\/wp-content\/uploads\/11-4-400x400.jpg 400w, https:\/\/orato.world\/wp-content\/uploads\/11-4-150x150.jpg 150w, https:\/\/orato.world\/wp-content\/uploads\/11-4-70x70.jpg 70w, https:\/\/orato.world\/wp-content\/uploads\/11-4-293x293.jpg 293w, https:\/\/orato.world\/wp-content\/uploads\/11-4.jpg 1280w\" sizes=\"auto, (max-width: 500px) 100vw, 500px\" \/><\/div>\t\t\t<div class=\"lets-info-up-block-wrap\">\r\n\t\t\t\t<div class=\"lets-info-up-block lets-info-up-meta-block\"><div class=\"lets-info-up-meta-title lets-info-up-pretitle font-h\">Notas del periodista<\/div><\/div><div class=\"lets-info-up-block lets-info-up-meta-block\"><div class=\"lets-info-up-meta-title lets-info-up-pretitle font-h\">Protagonista<\/div><div class=\"lets-info-up-meta-content lets-info-up-title font-b\">Maximiliano Bagilet, 36, was born in Buenos Aires, Argentina. Es licenciado en Administraci\u00f3n de Empresas y tiene un m\u00e1ster en Finanzas. Maximiliano ha trabajado en los sectores financiero, de mercados de capitales y agr\u00edcola durante 15 a\u00f1os. Durante siete a\u00f1os trabaj\u00f3 para Louis Dreyfus Company como trader en Argentina, M\u00e9xico, Suiza y Colombia. Fund\u00f3 una empresa familiar de soluciones digitales y en 2017 regres\u00f3 a Argentina, donde se incorpor\u00f3 al Grupo Transatl\u00e1ntica. Desde 2020, ha desempe\u00f1ado el cargo de Jefe de Equipo Comercial. Anteriormente ocup\u00f3 cargos en investigaci\u00f3n y como asesor financiero. Se dedica a la pol\u00edtica y es miembro del Departamento de Estado de Estados Unidos. En su tiempo libre se dedica a la fotograf\u00eda y su mayor pasi\u00f3n es viajar y recorrer algunos de los pa\u00edses m\u00e1s peligrosos del mundo.<\/div><\/div><div class=\"lets-info-up-block lets-info-up-meta-block\"><div class=\"lets-info-up-meta-title lets-info-up-pretitle font-h\">Contexto<\/div><div class=\"lets-info-up-meta-content lets-info-up-title font-b\">Los derechos humanos en Afganist\u00e1n siguen en un estado de colapso que afecta gravemente a la vida de millones de mujeres, hombres, ni\u00f1as y ni\u00f1os. El dram\u00e1tico nivel de opresi\u00f3n de las mujeres y ni\u00f1as afganas es de una crueldad inconmensurable. Afganist\u00e1n ha sentado un precedente devastador, negando a mujeres y ni\u00f1as la educaci\u00f3n secundaria y superior. Las restricciones siguen siendo cada vez m\u00e1s severas y anulan sus libertades fundamentales, manteni\u00e9ndolas confinados a las cuatro paredes de sus casas, esencialmente invisibles. La din\u00e1mica impuesta por los talibanes desde que tomaron el poder hace tres a\u00f1os se ha convertido en un asalto sistem\u00e1tico a los derechos y libertades de la poblaci\u00f3n, con las mujeres y las ni\u00f1as como blanco especial y excluidas de la mayor\u00eda de los aspectos de la vida p\u00fablica y cotidiana. El pa\u00eds tambi\u00e9n se ha sumido en una grave crisis humanitaria y econ\u00f3mica, con dos tercios de la poblaci\u00f3n actualmente necesitados de ayuda. <a href=\"https:\/\/www.hrw.org\/es\/news\/2023\/07\/26\/la-crisis-de-derechos-humanos-de-las-mujeres-mas-grave-del-mundo\" target=\"_blank\" rel=\"noreferrer noopener\">M\u00e1s informaci\u00f3n.<\/a><\/div><\/div>\t\t\t<\/div>\r\n\t\t\t<\/div>\r\n\t\t<\/div>\r\n\t\t\n<p>KABUL, Afganist\u00e1n \ua7f7 Mientras todo el mundo intenta salir de Afganist\u00e1n, decid\u00ed preparar un viaje a uno de los destinos m\u00e1s peligrosos del mundo. Sab\u00eda que necesitaba una orientaci\u00f3n adecuada y una larga preparaci\u00f3n; de lo contrario, corr\u00eda grandes riesgos. Afganist\u00e1n puede parecer una zona de guerra, controlada por el represivo gobierno talib\u00e1n. Hasta hace dos a\u00f1os, parec\u00eda un pa\u00eds en el que era imposible entrar y las posibilidades de salir con vida eran escasas. <\/p>\n\n<p>Cuando Estados Unidos se retir\u00f3 de Afganist\u00e1n, tras a\u00f1os de planificaci\u00f3n, empec\u00e9 a preparar mi viaje y este a\u00f1o emprend\u00ed la aventura de mi vida. Tras 16 horas de vuelo de Buenos Aires a Etiop\u00eda, aterric\u00e9 en la capital, Addis Abeba. A continuaci\u00f3n, me dirig\u00ed a Arabia Saud\u00ed y luego a Pakist\u00e1n, donde necesitaba obtener mi visado para Afganist\u00e1n. Me dirig\u00ed hacia el sur, a Lahore y luego a Islamabad, y decid\u00ed hacer autostop el resto del camino.<\/p>\n\n<p><strong><em><a href=\"https:\/\/orato.world\/?s=Taliban\">Lea m\u00e1s reportajes de Orato World Media desde Afganist\u00e1n.<\/a><\/em><\/strong><\/p>\n\n<h2 class=\"wp-block-heading\" id=\"h-how-my-journey-to-dangerous-destinations-began\"><strong>C\u00f3mo empez\u00f3 mi viaje a destinos peligrosos<\/strong><\/h2>\n\n<p>Desde muy joven, el trabajo de mi padre en las Naciones Unidas me llev\u00f3 a pa\u00edses de todo el mundo, lugares at\u00edpicos a menudo en medio de zonas de conflicto. Mis padres tambi\u00e9n viajaban con frecuencia sin m\u00ed y me enviaban cartas por correo todas las semanas. Cuando abr\u00ed los sobres con entusiasmo, me sumerg\u00ed en sus descripciones de lugares inh\u00f3spitos plagados de conflictos. A trav\u00e9s de mi imaginaci\u00f3n, esas cartas me transportaron all\u00ed. Empec\u00e9 a comprar libros, mapas y revistas para recrear sus historias.<\/p>\n\n<p>Enamorado de la geograf\u00eda, la cultura y la religi\u00f3n, me apasionaban especialmente las zonas de conflicto. El drama que tej\u00edan estas historias me cautiv\u00f3 y, poco a poco, Oriente Pr\u00f3ximo se convirti\u00f3 en mi regi\u00f3n favorita del mundo. A los 22 a\u00f1os emprend\u00ed mi primera gran aventura, planeando cada detalle. Aunque la decisi\u00f3n me pareci\u00f3 una locura y me dej\u00f3 a la deriva, vol\u00e9 a Croacia y luego a los antiguos pa\u00edses balc\u00e1nicos. Camin\u00e9 tras las huellas de la guerra, el \u00fanico turista en mi entorno.<\/p>\n\n<p>La experiencia me sent\u00f3 como un alimento, saciando mi apetito por viajar. A partir de ese momento, decid\u00ed seleccionar destinos cada vez m\u00e1s picantes, viajando a Kosovo, Siria, Ir\u00e1n y la Franja de Gaza. Visit\u00e9 Osetia del Sur, estado anexionado a Rusia y en litigio, y Nagorno, territorio reclamado por Armenia y Azerbaiy\u00e1n. Mis viajes me llevaron a pa\u00edses de \u00c1frica absolutamente fuera de mi zona de confort.<\/p>\n\n<p>En \u00c1frica, nada funcion\u00f3 como me esperaba. Las comodidades no exist\u00edan y los sentimientos de inseguridad se presentaban a cada paso que daba. Me encontr\u00e9 en lugares donde te pueden robar en la calle, apu\u00f1alar, secuestrar, golpear con palos y ser atrapado por bandas.<\/p>\n\n<h2 class=\"wp-block-heading\" id=\"h-detained-and-questioned-at-the-border-to-afghanistan\"><strong>Detenido e interrogado en la frontera con Afganist\u00e1n<\/strong><\/h2>\n\n<p>Mientras hac\u00eda autostop de Pakist\u00e1n a Afganist\u00e1n, me encontr\u00e9 sentado con un conductor curioso que me hac\u00eda preguntas insistentes. Durante el trayecto de 200 kil\u00f3metros, cuando lleg\u00e1bamos a las paradas de camiones, la adrenalina recorr\u00eda mi cuerpo. El miedo surgi\u00f3 a medida que nos acerc\u00e1bamos a Peshawar, en la frontera con Afganist\u00e1n, una zona muy complicada controlada por los talibanes. Ten\u00eda entendido que Peshawar segu\u00eda siendo una zona de conflicto por dos razones.<\/p>\n\n<p>La presencia del terrorismo es omnipresente, incluidos los fuertes v\u00ednculos con ISIS y Al Qaeda. Vi una crisis humanitaria cuando el gobierno pakistan\u00ed ech\u00f3 a los refugiados. Cruzar este espacio, marcado por el tr\u00e1fico de armas, drogas y personas, exig\u00eda extremar las precauciones. A medida que avanz\u00e1bamos por la frontera, a pesar de los desaf\u00edos, sent\u00eda que estaba a punto de abrir la puerta de mi mayor sue\u00f1o. Decid\u00ed cruzar a pie.<\/p>\n\n<p>El marem\u00e1gnum de gente movi\u00e9ndose y el volumen de camiones y coches parec\u00edan impresionantes. Representaba la frontera m\u00e1s poblada que jam\u00e1s hab\u00eda cruzado. Mientras caminaba, personal de los servicios de inteligencia me detuvo. La intensa actividad militar dio lugar a varios controles e interrogatorios. Las autoridades me llevaron a una peque\u00f1a sala, llena de tensi\u00f3n, donde respond\u00ed a preguntas.<\/p>\n\n<p>Sinti\u00e9ndome alerta, sostuve mi tel\u00e9fono m\u00f3vil en la mano, con el dedo preparado para llamar a mi contacto en la embajada de Argentina en Pakist\u00e1n si las cosas se intensificaban. De repente, me quitaron el pasaporte, lo que me enfureci\u00f3. Aunque agitada y agotada f\u00edsica y mentalmente, necesitaba mantener la calma. Mientras reten\u00edan ilegalmente mis documentos, empec\u00e9 a sentirme asfixiado.<\/p>\n\n<h2 class=\"wp-block-heading\" id=\"h-encountering-taliban-soldiers-at-checkpoints-on-the-road-to-kabul\"><strong>Encuentro con soldados talibanes en los puestos de control de la carretera a Kabul<\/strong><\/h2>\n\n<p>Los minutos pasaron lentamente y personal civil entr\u00f3 en la sala, explicando que estaban en alerta roja y deb\u00edan extremar las precauciones. Al ser el \u00fanico extranjero que entraba de esta manera, parec\u00eda que toda la actividad sospechosa reca\u00eda sobre m\u00ed. Respir\u00e9 hondo, recuper\u00e9 mi pasaporte y poco a poco empec\u00e9 a tranquilizarme.<\/p>\n\n<p>When I finally crossed the border, I contemplated the landscape between mountains. Por un lado, vi soldados paquistan\u00edes, perfectamente reconocibles. Llevaban el pelo corto y bigote. Al otro lado, vi hombres talibanes con pelo largo, barba larga y ojos pintados, portando armas de gran calibre. All\u00ed de pie, apenas pod\u00eda creerlo. Llegu\u00e9 a lo que yo consideraba el pa\u00eds m\u00e1s peligroso del mundo.<\/p>\n\n<p>A mitad de camino hacia Kabul, nos detuvimos entre los campos de refugiados. Aunque UNICEF estaba presente all\u00ed, vi a gente que viv\u00eda en condiciones muy tristes. Parec\u00eda muy alejado de las condiciones humanitarias t\u00edpicas que hab\u00eda visto antes. El campo de refugiados estaba anclado en medio del desierto, en una zona de gran amplitud t\u00e9rmica. El calor del d\u00eda resultaba sofocante y por la noche hac\u00eda mucho fr\u00edo.<\/p>\n\n<p>Para entonces, me un\u00ed a un hombre que contrat\u00e9: un guardia armado e int\u00e9rprete que hablaba ingl\u00e9s. Las tensiones en Afganist\u00e1n pueden pasar de cero a cien en cuesti\u00f3n de segundos por peque\u00f1os malentendidos, por lo que su presencia segu\u00eda siendo fundamental para m\u00ed. Al avanzar, nos encontramos con constantes puntos de control. En 100 kil\u00f3metros, nos bajamos del coche unas 30 veces. En todas las ocasiones vi a talibanes armados hasta los dientes con granadas atadas al cuerpo. Nos apuntaban con ametralladoras y sosten\u00edan lanzamisiles.<\/p>\n\n<h2 class=\"wp-block-heading\" id=\"h-afghanistan-today-a-landscape-marked-by-war\"><strong>Afganist\u00e1n hoy: un paisaje marcado por la guerra<\/strong><\/h2>\n\n<p>Con frecuencia, los talibanes nos hac\u00edan poner los brazos sobre la capucha, nos revisaban los bolsillos y examinaban nuestros documentos. La tensi\u00f3n se apoder\u00f3 de m\u00ed mientras mis manos empezaban a sudar. Me sent\u00eda como si fuera a mil por hora, sin saber qu\u00e9 hacer. Incapaz de entender nada, me preocupaba que me malinterpretaran y me dispararan. El miedo me acechaba en cada parada y la vida y la muerte se sent\u00edan a cent\u00edmetros de distancia.<\/p>\n\n<p>A medida que nos acerc\u00e1bamos a Kabul, la rodeaba la majestuosa cordillera nevada del Hindu Kush. Sin embargo, pasear por la capital resultaba desconcertante. B\u00e1sicamente, Google Maps no existe. Introduje un destino y nada de lo que dec\u00eda era cierto. Me encontr\u00e9 con calles derruidas, un puente destruido y muros militares. Los veh\u00edculos y equipos militares abandonados por los estadounidenses y el armamento en toda la ciudad parec\u00edan llamativos.<\/p>\n\n<p>Completamente rodeada de hormig\u00f3n armado y muros defensivos, la ciudad de Kabul revelaba una presencia militar extrema. Al mismo tiempo, la ciudad se sent\u00eda muy cosmopolita. Pude ver la anterior presencia internacional en las redes de hoteles, restaurantes y centros comerciales que una vez prosperaron. La cultura musulmana se mezcl\u00f3 de forma interesante con la arquitectura sovi\u00e9tica.<\/p>\n\n<p>Pronto inici\u00e9 un viaje de 488 kil\u00f3metros y 20 horas hacia el sur, a trav\u00e9s de la zona que separa Kabul de Kandahar, por una carretera infernal, desierta y destruida. Pasamos junto a cementerios con banderas isl\u00e1micas verdes que marcan el entierro de los m\u00e1rtires de la yihad. Cr\u00e1teres, cascos de coches y pueblos de barro destruidos salpicaban el paisaje. Resultaba imposible discernir la causa: las fuerzas sovi\u00e9ticas que se marcharon en los a\u00f1os 80, los combates fratricidas de la guerra civil, las luchas entre la Alianza del Norte y los talibanes, o los bombardeos aliados.<\/p>\n\n<h2 class=\"wp-block-heading\" id=\"h-the-afghan-people-display-hospitality-and-a-rich-culture\"><strong>El pueblo afgano hace gala de hospitalidad y una rica cultura<\/strong><\/h2>\n\n<p>Restos de guerra y miseria rodeaban las monta\u00f1as y cubr\u00edan el \u00e1rido y a veces frondoso paisaje. Durante el d\u00eda, fui a los mercados a pesar de la advertencia del gu\u00eda de que pod\u00eda ser un objetivo potencial de atentados terroristas. De todos modos, me arriesgu\u00e9. Los mercados reflejaban lo que se ve en los medios de comunicaci\u00f3n: multitudes de gente gritando y vendiendo. Algunos te siguen y te ofrecen cosas mientras rodeas pollos vivos y ganado. Encontr\u00e9 peque\u00f1os puestos de t\u00e9 y sitios para comer.<\/p>\n\n<p>Mi visita coincidi\u00f3 con el Ramad\u00e1n, y vi a gente socializando y comprando por las ma\u00f1anas. La gente trabaja menos y descansa m\u00e1s durante el Ramad\u00e1n. Los negocios que venden comida, como bares y cafeter\u00edas, permanec\u00edan cerrados durante el d\u00eda. Desde las 4 de la ma\u00f1ana hasta las 6 de la tarde, la gente ayunaba completamente, sin comer ni beber. Sin embargo, a partir de las 18:00, vi lo mejor de lo mejor. Las celebraciones comenzaron al ponerse el sol, escondido entre las monta\u00f1as.<\/p>\n\n<p>La puesta de sol lo ti\u00f1\u00f3 todo de un resplandor anaranjado. O\u00ed a los oradores en las mezquitas llamando al im\u00e1n a rezar e invitando a la gente a romper el ayuno. La emoci\u00f3n de esos momentos me puso la piel de gallina. La gente se tendi\u00f3 sobre alfombras en las calles y se puso a comer. En varias ocasiones me invitaron a compartir un delicioso t\u00e9.<\/p>\n\n<p>En contraste con esta hermosa escena, vi gente armada en las calles en un alarde de intimidaci\u00f3n. En una ocasi\u00f3n, en un restaurante donde vend\u00edan carne, los talibanes apoyaron sus ametralladoras sobre la mesa y las descargaron. Un clima permanente de tensi\u00f3n llenaba el aire, manteni\u00e9ndote constantemente alerta. Sobre todo, consult\u00e9 con frecuencia internet para obtener informaci\u00f3n sobre la zona, porque todo puede cambiar de un segundo a otro. Pueden cerrar la frontera, atrap\u00e1ndote est\u00e9s donde est\u00e9s.<\/p>\n\n<h2 class=\"wp-block-heading\" id=\"h-inequality-and-the-nullification-of-women-s-rights-in-afghanistan-remains-shocking\"><strong>La desigualdad y la anulaci\u00f3n de los derechos de la mujer en Afganist\u00e1n siguen siendo escandalosas<\/strong><\/h2>\n\n<p>A pesar de ello, mis interacciones con los talibanes transcurrieron sin contratiempos. Me trataron bien. Esto contrastaba con las experiencias de los dem\u00e1s. Un d\u00eda, paseando por la calle, vi a una mujer. Prohibido salir sin compa\u00f1\u00eda o despu\u00e9s de las 6 de la tarde, me encontr\u00e9 con muy pocas mujeres en Afganist\u00e1n. Al ver sus ojos asomando t\u00edmidamente a trav\u00e9s del burka, supe que era una chica joven. I tried talking to her, but immediately a man stepped in, speaking in a loud tone that startled me. R\u00e1pidamente baj\u00f3 la cabeza y sigui\u00f3 caminando con los ojos fijos en el suelo.<\/p>\n\n<p>Cuando ve\u00eda chicas por la calle, la ausencia de chicos era total. Como las ni\u00f1as carecen del derecho a estudiar despu\u00e9s de los seis a\u00f1os, se paseaban mientras los ni\u00f1os iban a la escuela. Las personas de bajos ingresos sol\u00edan vagar por las calles. Con la ayuda de mi int\u00e9rprete, habl\u00e9 con una de ellas y me explic\u00f3: \u00abNo tengo nada que hacer en casa\u00bb. Los que pertenecen a familias de clase media alta que pueden permitirse una educaci\u00f3n privada la pagan ilegalmente y estudian en la clandestinidad.<\/p>\n\n<p>Incluso me di cuenta de que los hombres tambi\u00e9n carec\u00edan de derechos. No pueden fumar ni beber alcohol bajo pena de muerte. Sucedi\u00f3 que entr\u00e9 en un bar a comer y me llevaron a otra planta donde, en una habitaci\u00f3n a oscuras, fumaban shisha a escondidas. Me qued\u00e9 y en unos 15 minutos o\u00ed gritos y golpes. Los talibanes irrumpieron, avanzando entre las sombras, llev\u00e1ndoselo todo. Con la ayuda de los lugare\u00f1os, sal\u00ed corriendo por detr\u00e1s, salvado de milagro.<\/p>\n\n<h2 class=\"wp-block-heading\" id=\"h-afghanistan-forever-marked-his-soul\"><strong>Afganist\u00e1n marc\u00f3 para siempre su alma<\/strong><\/h2>\n\n<p> Lamentablemente, tambi\u00e9n fui testigo de grandes problemas de adicci\u00f3n al opio, que no est\u00e1 prohibido. Cientos de personas se acuclillaron junto a las paredes manchadas de humo para inyect\u00e1rselo o inhalarlo. Otros yac\u00edan en el suelo, acurrucados de espaldas entre inmundicias. Viven s\u00f3lo para drogarse, me explic\u00f3 mi int\u00e9rprete. Roban, mendigan y lo venden todo, a menudo muriendo de hambre.<\/p>\n\n<p>Mientras reflexiono sobre todo lo que he vivido en el pa\u00eds de los talibanes, sigo planeando mi pr\u00f3ximo viaje a Irak. Hoy sigue siendo una zona de conflicto extremo, por lo que evaluar\u00e9 el mejor momento para entrar. Una vez que visite Irak, volver\u00e9 a \u00c1frica para ver los pa\u00edses que a\u00fan no he visitado. Mi objetivo es conocer todo el continente, lo que me llevar\u00e1 varios a\u00f1os. Lo que venga despu\u00e9s, no lo s\u00e9. Seguramente ser\u00e1 peligroso y desconocido. Son aventuras que no quiero perderme nunca.<\/p>\n\n<p>Durante el tiempo que pas\u00e9 inmerso en las maravillosas monta\u00f1as, mi viaje a Afganist\u00e1n se convirti\u00f3 en una experiencia verdaderamente \u00fanica. Conoc\u00ed y habl\u00e9 con mucha gente. Muchos afganos nunca hab\u00edan visto o conocido a un ciudadano argentino. Al ser el turista solitario en muchas zonas, a menudo me rodeaban, como una atracci\u00f3n. Cuando fui a comer, quer\u00edan sentarse a mi lado.<\/p>\n\n<p>Al visitar Afganist\u00e1n, encontr\u00e9 un mundo muy distinto del que esperaba. Algunos aspectos resultaron mucho peores, pero la vibrante cultura y la hospitalidad seguir\u00e1n siendo recuerdos tatuados en m\u00ed para siempre.<\/p>\n","protected":false},"excerpt":{"rendered":"<p>Cuando por fin cruc\u00e9 la frontera, contempl\u00e9 el paisaje entre monta\u00f1as. Por un lado, vi soldados paquistan\u00edes, perfectamente reconocibles. Llevaban el pelo corto y bigote. Al otro lado, vi hombres talibanes con pelo largo, barba larga y ojos pintados, portando armas de gran calibre. All\u00ed de pie, apenas pod\u00eda creerlo. Llegu\u00e9 a lo que yo consideraba el pa\u00eds m\u00e1s peligroso del mundo.<\/p>\n","protected":false},"author":28,"featured_media":92118,"comment_status":"open","ping_status":"open","sticky":false,"template":"","format":"standard","meta":{"_acf_changed":false,"_uag_custom_page_level_css":"","_lmt_disableupdate":"","_lmt_disable":"","footnotes":""},"categories":[260,260,416,416],"tags":[1789,8814,3498,715,1790,8812,8813],"class_list":{"0":"post-92120","1":"post","2":"type-post","3":"status-publish","4":"format-standard","5":"has-post-thumbnail","6":"hentry","7":"category-conflicto","9":"category-viajes-y-aventuras","11":"tag-afghanistan-es","12":"tag-afgnistan-2024","13":"tag-asia-es","14":"tag-pakistan-es","15":"tag-taliban-es","16":"tag-viajes-conflictivos","17":"tag-zonas-de-conflicto"},"acf":[],"yoast_head":"<!-- This site is optimized with the Yoast SEO Premium plugin v27.4 (Yoast SEO v27.4) - https:\/\/yoast.com\/product\/yoast-seo-premium-wordpress\/ -->\n<title>Afganist\u00e1n 2024: un extranjero cruza la frontera y se adentra en los pueblos<\/title>\n<meta name=\"description\" content=\"Afganist\u00e1n en 2024: un joven extranjero cruza la frontera a pie desde Pakist\u00e1n y se adentra en las aldeas del territorio talib\u00e1n\" \/>\n<meta name=\"robots\" content=\"index, follow, max-snippet:-1, max-image-preview:large, max-video-preview:-1\" \/>\n<link rel=\"canonical\" href=\"https:\/\/orato.world\/es\/2024\/05\/25\/afganistan-2024-un-extranjero-cruza-la-frontera-a-pie-y-se-adentra-en-los-pueblos\/\" \/>\n<meta property=\"og:locale\" content=\"es_ES\" \/>\n<meta property=\"og:type\" content=\"article\" \/>\n<meta property=\"og:title\" content=\"Afganist\u00e1n 2024: un extranjero cruza la frontera a pie y se adentra en los pueblos\" \/>\n<meta property=\"og:description\" content=\"Afganist\u00e1n en 2024: un joven extranjero cruza la frontera a pie desde Pakist\u00e1n y se adentra en las aldeas del territorio talib\u00e1n\" \/>\n<meta property=\"og:url\" content=\"https:\/\/orato.world\/es\/2024\/05\/25\/afganistan-2024-un-extranjero-cruza-la-frontera-a-pie-y-se-adentra-en-los-pueblos\/\" \/>\n<meta property=\"og:site_name\" content=\"Orato\" \/>\n<meta property=\"article:publisher\" content=\"https:\/\/www.facebook.com\/OratoWorld\/\" \/>\n<meta property=\"article:published_time\" content=\"2024-05-25T10:00:00+00:00\" \/>\n<meta property=\"article:modified_time\" content=\"2024-05-25T10:00:11+00:00\" \/>\n<meta property=\"og:image\" content=\"https:\/\/orato.world\/wp-content\/uploads\/1-23.jpg\" \/>\n\t<meta property=\"og:image:width\" content=\"1280\" \/>\n\t<meta property=\"og:image:height\" content=\"960\" \/>\n\t<meta property=\"og:image:type\" content=\"image\/jpeg\" \/>\n<meta name=\"author\" content=\"Mariela Laksman\" \/>\n<meta name=\"twitter:card\" content=\"summary_large_image\" \/>\n<meta name=\"twitter:creator\" content=\"@oratoworld\" \/>\n<meta name=\"twitter:site\" content=\"@oratoworld\" \/>\n<meta name=\"twitter:label1\" content=\"Escrito por\" \/>\n\t<meta name=\"twitter:data1\" content=\"Mariela Laksman\" \/>\n\t<meta name=\"twitter:label2\" content=\"Tiempo de lectura\" \/>\n\t<meta name=\"twitter:data2\" content=\"12 minutos\" \/>\n<script type=\"application\/ld+json\" class=\"yoast-schema-graph\">{\"@context\":\"https:\\\/\\\/schema.org\",\"@graph\":[{\"@type\":\"NewsArticle\",\"@id\":\"https:\\\/\\\/orato.world\\\/es\\\/2024\\\/05\\\/25\\\/afganistan-2024-un-extranjero-cruza-la-frontera-a-pie-y-se-adentra-en-los-pueblos\\\/#article\",\"isPartOf\":{\"@id\":\"https:\\\/\\\/orato.world\\\/es\\\/2024\\\/05\\\/25\\\/afganistan-2024-un-extranjero-cruza-la-frontera-a-pie-y-se-adentra-en-los-pueblos\\\/\"},\"author\":{\"name\":\"Mariela Laksman\",\"@id\":\"https:\\\/\\\/orato.world\\\/es\\\/#\\\/schema\\\/person\\\/d4a4a9a63551641850068c20e93613a5\"},\"headline\":\"Afganist\u00e1n 2024: un extranjero cruza la frontera a pie y se adentra en los pueblos\",\"datePublished\":\"2024-05-25T10:00:00+00:00\",\"dateModified\":\"2024-05-25T10:00:11+00:00\",\"mainEntityOfPage\":{\"@id\":\"https:\\\/\\\/orato.world\\\/es\\\/2024\\\/05\\\/25\\\/afganistan-2024-un-extranjero-cruza-la-frontera-a-pie-y-se-adentra-en-los-pueblos\\\/\"},\"wordCount\":2364,\"commentCount\":0,\"publisher\":{\"@id\":\"https:\\\/\\\/orato.world\\\/es\\\/#organization\"},\"image\":{\"@id\":\"https:\\\/\\\/orato.world\\\/es\\\/2024\\\/05\\\/25\\\/afganistan-2024-un-extranjero-cruza-la-frontera-a-pie-y-se-adentra-en-los-pueblos\\\/#primaryimage\"},\"thumbnailUrl\":\"https:\\\/\\\/orato.world\\\/wp-content\\\/uploads\\\/1-23.jpg\",\"keywords\":[\"Afghanistan\",\"Afgnist\u00e1n 2024\",\"Asia\",\"Pakistan\",\"Taliban\",\"Viajes conflictivos\",\"zonas de conflicto\"],\"articleSection\":[\"Conflicto\",\"Conflicto\",\"Viajes y aventuras\",\"Viajes y aventuras\"],\"inLanguage\":\"es\",\"potentialAction\":[{\"@type\":\"CommentAction\",\"name\":\"Comment\",\"target\":[\"https:\\\/\\\/orato.world\\\/es\\\/2024\\\/05\\\/25\\\/afganistan-2024-un-extranjero-cruza-la-frontera-a-pie-y-se-adentra-en-los-pueblos\\\/#respond\"]}]},{\"@type\":\"WebPage\",\"@id\":\"https:\\\/\\\/orato.world\\\/es\\\/2024\\\/05\\\/25\\\/afganistan-2024-un-extranjero-cruza-la-frontera-a-pie-y-se-adentra-en-los-pueblos\\\/\",\"url\":\"https:\\\/\\\/orato.world\\\/es\\\/2024\\\/05\\\/25\\\/afganistan-2024-un-extranjero-cruza-la-frontera-a-pie-y-se-adentra-en-los-pueblos\\\/\",\"name\":\"Afganist\u00e1n 2024: un extranjero cruza la frontera y se adentra en los pueblos\",\"isPartOf\":{\"@id\":\"https:\\\/\\\/orato.world\\\/es\\\/#website\"},\"primaryImageOfPage\":{\"@id\":\"https:\\\/\\\/orato.world\\\/es\\\/2024\\\/05\\\/25\\\/afganistan-2024-un-extranjero-cruza-la-frontera-a-pie-y-se-adentra-en-los-pueblos\\\/#primaryimage\"},\"image\":{\"@id\":\"https:\\\/\\\/orato.world\\\/es\\\/2024\\\/05\\\/25\\\/afganistan-2024-un-extranjero-cruza-la-frontera-a-pie-y-se-adentra-en-los-pueblos\\\/#primaryimage\"},\"thumbnailUrl\":\"https:\\\/\\\/orato.world\\\/wp-content\\\/uploads\\\/1-23.jpg\",\"datePublished\":\"2024-05-25T10:00:00+00:00\",\"dateModified\":\"2024-05-25T10:00:11+00:00\",\"description\":\"Afganist\u00e1n en 2024: un joven extranjero cruza la frontera a pie desde Pakist\u00e1n y se adentra en las aldeas del territorio talib\u00e1n\",\"breadcrumb\":{\"@id\":\"https:\\\/\\\/orato.world\\\/es\\\/2024\\\/05\\\/25\\\/afganistan-2024-un-extranjero-cruza-la-frontera-a-pie-y-se-adentra-en-los-pueblos\\\/#breadcrumb\"},\"inLanguage\":\"es\",\"potentialAction\":[{\"@type\":\"ReadAction\",\"target\":[\"https:\\\/\\\/orato.world\\\/es\\\/2024\\\/05\\\/25\\\/afganistan-2024-un-extranjero-cruza-la-frontera-a-pie-y-se-adentra-en-los-pueblos\\\/\"]}]},{\"@type\":\"ImageObject\",\"inLanguage\":\"es\",\"@id\":\"https:\\\/\\\/orato.world\\\/es\\\/2024\\\/05\\\/25\\\/afganistan-2024-un-extranjero-cruza-la-frontera-a-pie-y-se-adentra-en-los-pueblos\\\/#primaryimage\",\"url\":\"https:\\\/\\\/orato.world\\\/wp-content\\\/uploads\\\/1-23.jpg\",\"contentUrl\":\"https:\\\/\\\/orato.world\\\/wp-content\\\/uploads\\\/1-23.jpg\",\"width\":1280,\"height\":960,\"caption\":\"When Maximiliano walked by foot from Pakistan into Afghanistan this year, he encountered a border unlike anything he'd seen before. | Photo courtesy of Maximiliano Bagilet\"},{\"@type\":\"BreadcrumbList\",\"@id\":\"https:\\\/\\\/orato.world\\\/es\\\/2024\\\/05\\\/25\\\/afganistan-2024-un-extranjero-cruza-la-frontera-a-pie-y-se-adentra-en-los-pueblos\\\/#breadcrumb\",\"itemListElement\":[{\"@type\":\"ListItem\",\"position\":1,\"name\":\"Home\",\"item\":\"https:\\\/\\\/orato.world\\\/es\\\/\"},{\"@type\":\"ListItem\",\"position\":2,\"name\":\"Afganist\u00e1n 2024: un extranjero cruza la frontera a pie y se adentra en los pueblos\"}]},{\"@type\":\"WebSite\",\"@id\":\"https:\\\/\\\/orato.world\\\/es\\\/#website\",\"url\":\"https:\\\/\\\/orato.world\\\/es\\\/\",\"name\":\"Orato\",\"description\":\"True Stories. Real People\",\"publisher\":{\"@id\":\"https:\\\/\\\/orato.world\\\/es\\\/#organization\"},\"potentialAction\":[{\"@type\":\"SearchAction\",\"target\":{\"@type\":\"EntryPoint\",\"urlTemplate\":\"https:\\\/\\\/orato.world\\\/es\\\/?s={search_term_string}\"},\"query-input\":{\"@type\":\"PropertyValueSpecification\",\"valueRequired\":true,\"valueName\":\"search_term_string\"}}],\"inLanguage\":\"es\"},{\"@type\":\"Organization\",\"@id\":\"https:\\\/\\\/orato.world\\\/es\\\/#organization\",\"name\":\"Orato World Media Inc.\",\"url\":\"https:\\\/\\\/orato.world\\\/es\\\/\",\"logo\":{\"@type\":\"ImageObject\",\"inLanguage\":\"es\",\"@id\":\"https:\\\/\\\/orato.world\\\/es\\\/#\\\/schema\\\/logo\\\/image\\\/\",\"url\":\"https:\\\/\\\/orato.world\\\/wp-content\\\/uploads\\\/2020\\\/07\\\/orato-logo-transparent.png\",\"contentUrl\":\"https:\\\/\\\/orato.world\\\/wp-content\\\/uploads\\\/2020\\\/07\\\/orato-logo-transparent.png\",\"width\":78,\"height\":73,\"caption\":\"Orato World Media Inc.\"},\"image\":{\"@id\":\"https:\\\/\\\/orato.world\\\/es\\\/#\\\/schema\\\/logo\\\/image\\\/\"},\"sameAs\":[\"https:\\\/\\\/www.facebook.com\\\/OratoWorld\\\/\",\"https:\\\/\\\/x.com\\\/oratoworld\",\"https:\\\/\\\/www.instagram.com\\\/oratoworld\",\"https:\\\/\\\/www.linkedin.com\\\/company\\\/42308818\\\/\"]},{\"@type\":\"Person\",\"@id\":\"https:\\\/\\\/orato.world\\\/es\\\/#\\\/schema\\\/person\\\/d4a4a9a63551641850068c20e93613a5\",\"name\":\"Mariela Laksman\",\"image\":{\"@type\":\"ImageObject\",\"inLanguage\":\"es\",\"@id\":\"https:\\\/\\\/secure.gravatar.com\\\/avatar\\\/133ba1b69c2a2b7c782cce9999c26555b6bc9af9e382e5e8f8e3fc285015d1b7?s=96&d=mm&r=g\",\"url\":\"https:\\\/\\\/secure.gravatar.com\\\/avatar\\\/133ba1b69c2a2b7c782cce9999c26555b6bc9af9e382e5e8f8e3fc285015d1b7?s=96&d=mm&r=g\",\"contentUrl\":\"https:\\\/\\\/secure.gravatar.com\\\/avatar\\\/133ba1b69c2a2b7c782cce9999c26555b6bc9af9e382e5e8f8e3fc285015d1b7?s=96&d=mm&r=g\",\"caption\":\"Mariela Laksman\"},\"description\":\"Image and Sound Designer, Integral Audiovisual and Journalistic Producer, writer, and teacher. I started working when I was very young; Since 2001, I was a producer for different television programs, documentary films, radio, and generating creative content for different organizations and companies. I won the award: \\\"Nuevo Sudaca Border\\\" with the microfiction book \\\"Un Tigre con la Boca Abierta\\\", for Eloisa Cartonera Editorial. I am passionate about telling stories and writing.\",\"url\":\"https:\\\/\\\/orato.world\\\/es\\\/author\\\/mariela-laksman\\\/\"}]}<\/script>\n<!-- \/ Yoast SEO Premium plugin. -->","yoast_head_json":{"title":"Afganist\u00e1n 2024: un extranjero cruza la frontera y se adentra en los pueblos","description":"Afganist\u00e1n en 2024: un joven extranjero cruza la frontera a pie desde Pakist\u00e1n y se adentra en las aldeas del territorio talib\u00e1n","robots":{"index":"index","follow":"follow","max-snippet":"max-snippet:-1","max-image-preview":"max-image-preview:large","max-video-preview":"max-video-preview:-1"},"canonical":"https:\/\/orato.world\/es\/2024\/05\/25\/afganistan-2024-un-extranjero-cruza-la-frontera-a-pie-y-se-adentra-en-los-pueblos\/","og_locale":"es_ES","og_type":"article","og_title":"Afganist\u00e1n 2024: un extranjero cruza la frontera a pie y se adentra en los pueblos","og_description":"Afganist\u00e1n en 2024: un joven extranjero cruza la frontera a pie desde Pakist\u00e1n y se adentra en las aldeas del territorio talib\u00e1n","og_url":"https:\/\/orato.world\/es\/2024\/05\/25\/afganistan-2024-un-extranjero-cruza-la-frontera-a-pie-y-se-adentra-en-los-pueblos\/","og_site_name":"Orato","article_publisher":"https:\/\/www.facebook.com\/OratoWorld\/","article_published_time":"2024-05-25T10:00:00+00:00","article_modified_time":"2024-05-25T10:00:11+00:00","og_image":[{"width":1280,"height":960,"url":"https:\/\/orato.world\/wp-content\/uploads\/1-23.jpg","type":"image\/jpeg"}],"author":"Mariela Laksman","twitter_card":"summary_large_image","twitter_creator":"@oratoworld","twitter_site":"@oratoworld","twitter_misc":{"Escrito por":"Mariela Laksman","Tiempo de lectura":"12 minutos"},"schema":{"@context":"https:\/\/schema.org","@graph":[{"@type":"NewsArticle","@id":"https:\/\/orato.world\/es\/2024\/05\/25\/afganistan-2024-un-extranjero-cruza-la-frontera-a-pie-y-se-adentra-en-los-pueblos\/#article","isPartOf":{"@id":"https:\/\/orato.world\/es\/2024\/05\/25\/afganistan-2024-un-extranjero-cruza-la-frontera-a-pie-y-se-adentra-en-los-pueblos\/"},"author":{"name":"Mariela Laksman","@id":"https:\/\/orato.world\/es\/#\/schema\/person\/d4a4a9a63551641850068c20e93613a5"},"headline":"Afganist\u00e1n 2024: un extranjero cruza la frontera a pie y se adentra en los pueblos","datePublished":"2024-05-25T10:00:00+00:00","dateModified":"2024-05-25T10:00:11+00:00","mainEntityOfPage":{"@id":"https:\/\/orato.world\/es\/2024\/05\/25\/afganistan-2024-un-extranjero-cruza-la-frontera-a-pie-y-se-adentra-en-los-pueblos\/"},"wordCount":2364,"commentCount":0,"publisher":{"@id":"https:\/\/orato.world\/es\/#organization"},"image":{"@id":"https:\/\/orato.world\/es\/2024\/05\/25\/afganistan-2024-un-extranjero-cruza-la-frontera-a-pie-y-se-adentra-en-los-pueblos\/#primaryimage"},"thumbnailUrl":"https:\/\/orato.world\/wp-content\/uploads\/1-23.jpg","keywords":["Afghanistan","Afgnist\u00e1n 2024","Asia","Pakistan","Taliban","Viajes conflictivos","zonas de conflicto"],"articleSection":["Conflicto","Conflicto","Viajes y aventuras","Viajes y aventuras"],"inLanguage":"es","potentialAction":[{"@type":"CommentAction","name":"Comment","target":["https:\/\/orato.world\/es\/2024\/05\/25\/afganistan-2024-un-extranjero-cruza-la-frontera-a-pie-y-se-adentra-en-los-pueblos\/#respond"]}]},{"@type":"WebPage","@id":"https:\/\/orato.world\/es\/2024\/05\/25\/afganistan-2024-un-extranjero-cruza-la-frontera-a-pie-y-se-adentra-en-los-pueblos\/","url":"https:\/\/orato.world\/es\/2024\/05\/25\/afganistan-2024-un-extranjero-cruza-la-frontera-a-pie-y-se-adentra-en-los-pueblos\/","name":"Afganist\u00e1n 2024: un extranjero cruza la frontera y se adentra en los pueblos","isPartOf":{"@id":"https:\/\/orato.world\/es\/#website"},"primaryImageOfPage":{"@id":"https:\/\/orato.world\/es\/2024\/05\/25\/afganistan-2024-un-extranjero-cruza-la-frontera-a-pie-y-se-adentra-en-los-pueblos\/#primaryimage"},"image":{"@id":"https:\/\/orato.world\/es\/2024\/05\/25\/afganistan-2024-un-extranjero-cruza-la-frontera-a-pie-y-se-adentra-en-los-pueblos\/#primaryimage"},"thumbnailUrl":"https:\/\/orato.world\/wp-content\/uploads\/1-23.jpg","datePublished":"2024-05-25T10:00:00+00:00","dateModified":"2024-05-25T10:00:11+00:00","description":"Afganist\u00e1n en 2024: un joven extranjero cruza la frontera a pie desde Pakist\u00e1n y se adentra en las aldeas del territorio talib\u00e1n","breadcrumb":{"@id":"https:\/\/orato.world\/es\/2024\/05\/25\/afganistan-2024-un-extranjero-cruza-la-frontera-a-pie-y-se-adentra-en-los-pueblos\/#breadcrumb"},"inLanguage":"es","potentialAction":[{"@type":"ReadAction","target":["https:\/\/orato.world\/es\/2024\/05\/25\/afganistan-2024-un-extranjero-cruza-la-frontera-a-pie-y-se-adentra-en-los-pueblos\/"]}]},{"@type":"ImageObject","inLanguage":"es","@id":"https:\/\/orato.world\/es\/2024\/05\/25\/afganistan-2024-un-extranjero-cruza-la-frontera-a-pie-y-se-adentra-en-los-pueblos\/#primaryimage","url":"https:\/\/orato.world\/wp-content\/uploads\/1-23.jpg","contentUrl":"https:\/\/orato.world\/wp-content\/uploads\/1-23.jpg","width":1280,"height":960,"caption":"When Maximiliano walked by foot from Pakistan into Afghanistan this year, he encountered a border unlike anything he'd seen before. | Photo courtesy of Maximiliano Bagilet"},{"@type":"BreadcrumbList","@id":"https:\/\/orato.world\/es\/2024\/05\/25\/afganistan-2024-un-extranjero-cruza-la-frontera-a-pie-y-se-adentra-en-los-pueblos\/#breadcrumb","itemListElement":[{"@type":"ListItem","position":1,"name":"Home","item":"https:\/\/orato.world\/es\/"},{"@type":"ListItem","position":2,"name":"Afganist\u00e1n 2024: un extranjero cruza la frontera a pie y se adentra en los pueblos"}]},{"@type":"WebSite","@id":"https:\/\/orato.world\/es\/#website","url":"https:\/\/orato.world\/es\/","name":"Orato","description":"True Stories. Real People","publisher":{"@id":"https:\/\/orato.world\/es\/#organization"},"potentialAction":[{"@type":"SearchAction","target":{"@type":"EntryPoint","urlTemplate":"https:\/\/orato.world\/es\/?s={search_term_string}"},"query-input":{"@type":"PropertyValueSpecification","valueRequired":true,"valueName":"search_term_string"}}],"inLanguage":"es"},{"@type":"Organization","@id":"https:\/\/orato.world\/es\/#organization","name":"Orato World Media Inc.","url":"https:\/\/orato.world\/es\/","logo":{"@type":"ImageObject","inLanguage":"es","@id":"https:\/\/orato.world\/es\/#\/schema\/logo\/image\/","url":"https:\/\/orato.world\/wp-content\/uploads\/2020\/07\/orato-logo-transparent.png","contentUrl":"https:\/\/orato.world\/wp-content\/uploads\/2020\/07\/orato-logo-transparent.png","width":78,"height":73,"caption":"Orato World Media Inc."},"image":{"@id":"https:\/\/orato.world\/es\/#\/schema\/logo\/image\/"},"sameAs":["https:\/\/www.facebook.com\/OratoWorld\/","https:\/\/x.com\/oratoworld","https:\/\/www.instagram.com\/oratoworld","https:\/\/www.linkedin.com\/company\/42308818\/"]},{"@type":"Person","@id":"https:\/\/orato.world\/es\/#\/schema\/person\/d4a4a9a63551641850068c20e93613a5","name":"Mariela Laksman","image":{"@type":"ImageObject","inLanguage":"es","@id":"https:\/\/secure.gravatar.com\/avatar\/133ba1b69c2a2b7c782cce9999c26555b6bc9af9e382e5e8f8e3fc285015d1b7?s=96&d=mm&r=g","url":"https:\/\/secure.gravatar.com\/avatar\/133ba1b69c2a2b7c782cce9999c26555b6bc9af9e382e5e8f8e3fc285015d1b7?s=96&d=mm&r=g","contentUrl":"https:\/\/secure.gravatar.com\/avatar\/133ba1b69c2a2b7c782cce9999c26555b6bc9af9e382e5e8f8e3fc285015d1b7?s=96&d=mm&r=g","caption":"Mariela Laksman"},"description":"Image and Sound Designer, Integral Audiovisual and Journalistic Producer, writer, and teacher. I started working when I was very young; Since 2001, I was a producer for different television programs, documentary films, radio, and generating creative content for different organizations and companies. I won the award: \"Nuevo Sudaca Border\" with the microfiction book \"Un Tigre con la Boca Abierta\", for Eloisa Cartonera Editorial. I am passionate about telling stories and writing.","url":"https:\/\/orato.world\/es\/author\/mariela-laksman\/"}]}},"modified_by":null,"uagb_featured_image_src":{"full":["https:\/\/orato.world\/wp-content\/uploads\/1-23.jpg",1280,960,false],"thumbnail":["https:\/\/orato.world\/wp-content\/uploads\/1-23-100x100.jpg",100,100,true],"medium":["https:\/\/orato.world\/wp-content\/uploads\/1-23-300x225.jpg",300,225,true],"medium_large":["https:\/\/orato.world\/wp-content\/uploads\/1-23-770x578.jpg",640,480,true],"large":["https:\/\/orato.world\/wp-content\/uploads\/1-23-1024x768.jpg",640,480,true],"1536x1536":["https:\/\/orato.world\/wp-content\/uploads\/1-23.jpg",1280,960,false],"2048x2048":["https:\/\/orato.world\/wp-content\/uploads\/1-23.jpg",1280,960,false],"gallery-size":["https:\/\/orato.world\/wp-content\/uploads\/1-23-533x400.jpg",533,400,true],"lets-review-360-240":["https:\/\/orato.world\/wp-content\/uploads\/1-23-360x240.jpg",360,240,true],"gform-image-choice-sm":["https:\/\/orato.world\/wp-content\/uploads\/1-23.jpg",300,225,false],"gform-image-choice-md":["https:\/\/orato.world\/wp-content\/uploads\/1-23.jpg",400,300,false],"gform-image-choice-lg":["https:\/\/orato.world\/wp-content\/uploads\/1-23.jpg",600,450,false],"awsm_team":["https:\/\/orato.world\/wp-content\/uploads\/1-23-500x500.jpg",500,500,true]},"uagb_author_info":{"display_name":"Mariela Laksman","author_link":"https:\/\/orato.world\/es\/author\/mariela-laksman\/"},"uagb_comment_info":0,"uagb_excerpt":"Cuando por fin cruc\u00e9 la frontera, contempl\u00e9 el paisaje entre monta\u00f1as. Por un lado, vi soldados paquistan\u00edes, perfectamente reconocibles. Llevaban el pelo corto y bigote. Al otro lado, vi hombres talibanes con pelo largo, barba larga y ojos pintados, portando armas de gran calibre. All\u00ed de pie, apenas pod\u00eda creerlo. Llegu\u00e9 a lo que yo&hellip;","_links":{"self":[{"href":"https:\/\/orato.world\/es\/wp-json\/wp\/v2\/posts\/92120","targetHints":{"allow":["GET"]}}],"collection":[{"href":"https:\/\/orato.world\/es\/wp-json\/wp\/v2\/posts"}],"about":[{"href":"https:\/\/orato.world\/es\/wp-json\/wp\/v2\/types\/post"}],"author":[{"embeddable":true,"href":"https:\/\/orato.world\/es\/wp-json\/wp\/v2\/users\/28"}],"replies":[{"embeddable":true,"href":"https:\/\/orato.world\/es\/wp-json\/wp\/v2\/comments?post=92120"}],"version-history":[{"count":2,"href":"https:\/\/orato.world\/es\/wp-json\/wp\/v2\/posts\/92120\/revisions"}],"predecessor-version":[{"id":92188,"href":"https:\/\/orato.world\/es\/wp-json\/wp\/v2\/posts\/92120\/revisions\/92188"}],"wp:featuredmedia":[{"embeddable":true,"href":"https:\/\/orato.world\/es\/wp-json\/wp\/v2\/media\/92118"}],"wp:attachment":[{"href":"https:\/\/orato.world\/es\/wp-json\/wp\/v2\/media?parent=92120"}],"wp:term":[{"taxonomy":"category","embeddable":true,"href":"https:\/\/orato.world\/es\/wp-json\/wp\/v2\/categories?post=92120"},{"taxonomy":"post_tag","embeddable":true,"href":"https:\/\/orato.world\/es\/wp-json\/wp\/v2\/tags?post=92120"}],"curies":[{"name":"wp","href":"https:\/\/api.w.org\/{rel}","templated":true}]}}