{"id":92139,"date":"2024-05-22T03:00:00","date_gmt":"2024-05-22T10:00:00","guid":{"rendered":"https:\/\/orato.world\/2024\/05\/22\/de-la-atencion-a-discapacitados-a-la-ayuda-de-guerra-un-terapeuta-ayuda-a-las-victimas-de-la-guerra-en-ucrania\/"},"modified":"2024-05-25T14:36:40","modified_gmt":"2024-05-25T21:36:40","slug":"de-la-atencion-a-discapacitados-a-la-ayuda-de-guerra-un-terapeuta-ayuda-a-las-victimas-de-la-guerra-en-ucrania","status":"publish","type":"post","link":"https:\/\/orato.world\/es\/2024\/05\/22\/de-la-atencion-a-discapacitados-a-la-ayuda-de-guerra-un-terapeuta-ayuda-a-las-victimas-de-la-guerra-en-ucrania\/","title":{"rendered":"De la atenci\u00f3n a discapacitados a la ayuda de guerra: Un terapeuta ayuda a las v\u00edctimas de la guerra en Ucrania"},"content":{"rendered":"<div class=\"lets-info-up-wrap  lets-info-up--right lets-info-up--m-1 lets-info-up-skin-1 lets-info-up--side\">\t\t\t<div class=\"lets-info-up\">\r\n\t\t\t<div class=\"lets-info-up-fi\"><img loading=\"lazy\" decoding=\"async\" width=\"500\" height=\"500\" src=\"https:\/\/orato.world\/wp-content\/uploads\/Therapist-500x500.jpg\" class=\"attachment-lets-info-up-d1 size-lets-info-up-d1\" alt=\"Jorge Aranda Beltran founded the NGO Hands with Heart to provide free care to underprivileged individuals with disabilities and war injuries, extending aid to war-torn Ukraine.\" srcset=\"https:\/\/orato.world\/wp-content\/uploads\/Therapist-500x500.jpg 500w, https:\/\/orato.world\/wp-content\/uploads\/Therapist-300x300.jpg 300w, https:\/\/orato.world\/wp-content\/uploads\/Therapist-1024x1024.jpg 1024w, https:\/\/orato.world\/wp-content\/uploads\/Therapist-100x100.jpg 100w, https:\/\/orato.world\/wp-content\/uploads\/Therapist-770x770.jpg 770w, https:\/\/orato.world\/wp-content\/uploads\/Therapist-400x400.jpg 400w, https:\/\/orato.world\/wp-content\/uploads\/Therapist-150x150.jpg 150w, https:\/\/orato.world\/wp-content\/uploads\/Therapist-70x70.jpg 70w, https:\/\/orato.world\/wp-content\/uploads\/Therapist-293x293.jpg 293w, https:\/\/orato.world\/wp-content\/uploads\/Therapist.jpg 1170w\" sizes=\"auto, (max-width: 500px) 100vw, 500px\" \/><\/div>\t\t\t<div class=\"lets-info-up-block-wrap\">\r\n\t\t\t\t<div class=\"lets-info-up-block lets-info-up-meta-block\"><div class=\"lets-info-up-meta-title lets-info-up-pretitle font-h\">NOTAS DEL PERIODISTA<\/div><\/div><div class=\"lets-info-up-block lets-info-up-meta-block\"><div class=\"lets-info-up-meta-title lets-info-up-pretitle font-h\">PROTAGONISTA<\/div><div class=\"lets-info-up-meta-content lets-info-up-title font-b\">Jorge Aranda Beltr\u00e1n, de 42 a\u00f1os, es licenciado en medicina osteop\u00e1tica por el British College of Osteopathic Medicine de Londres, m\u00e1ster en pediatr\u00eda osteop\u00e1tica y anatom\u00eda cl\u00ednica y doctor en osteopat\u00eda. Es fundador de la ONG Hands With Heart (Manos con Coraz\u00f3n), una fundaci\u00f3n internacional dedicada a atender gratuitamente a ni\u00f1os y personas con discapacidad desatendidos en Latinoam\u00e9rica, \u00c1frica, Europa del Este, Espa\u00f1a, Reino Unido y Estados Unidos. Jorge tambi\u00e9n ha tratado a v\u00edctimas de la guerra en Ucrania.<\/div><\/div><div class=\"lets-info-up-block lets-info-up-meta-block\"><div class=\"lets-info-up-meta-title lets-info-up-pretitle font-h\">CONTEXTO <\/div><div class=\"lets-info-up-meta-content lets-info-up-title font-b\">La Fundaci\u00f3n Manos con Coraz\u00f3n es un programa internacional de voluntariado que re\u00fane a oste\u00f3patas, fisioterapeutas y optometristas. Su misi\u00f3n es proporcionar asistencia sanitaria y asesoramiento sobre bienestar a ni\u00f1os y j\u00f3venes con discapacidad, necesidades especiales y econ\u00f3micamente desfavorecidos. Se est\u00e1 ampliando para incluir a todos los profesionales sanitarios deseosos de tratar a los pacientes y ayudar a desarrollar una amplia gama de servicios en sus centros.<br><br>M\u00e1s informaci\u00f3n sobre la labor de la ONG: <a href=\"https:\/\/handswithheartfoundation.org\/what-we-do\/\">Qu\u00e9 hacemos &#8211; Fundaci\u00f3n Hands With Heart<\/a><\/div><\/div>\t\t\t<\/div>\r\n\t\t\t<\/div>\r\n\t\t<\/div>\r\n\t\t\n<p>LVIV, Ucrania &#8211; En 2023, dos a\u00f1os despu\u00e9s de mi llegada a Ruman\u00eda, estall\u00f3 la guerra en Ucrania. Impulsado por un sentimiento de obligaci\u00f3n moral, viaj\u00e9 a Lviv. All\u00ed fui testigo de la cruda realidad de las heridas de guerra, que no se parec\u00edan en nada a las condiciones m\u00e9dicas que hab\u00eda conocido hasta entonces.<\/p>\n\n<p>El inter\u00e9s de mi fundaci\u00f3n por los menores me llev\u00f3 al \u00e1rea pedi\u00e1trica del Hospital de Rehabilitaci\u00f3n Halychyna. La capacidad de recuperaci\u00f3n de los ni\u00f1os en el hospital fue conmovedora. Sus sonrisas y gestos juguetones durante el tratamiento mostraban su gratitud y comodidad conmigo. Cuidar a estos ni\u00f1os se convirti\u00f3 en algo emocionante, ya que expresaban su agradecimiento intentando tocarme la cara o jugando conmigo a medida que se sent\u00edan m\u00e1s c\u00f3modos. <\/p>\n\n<p>A continuaci\u00f3n, los directores del hospital me presentaron a los militares atendidos. Ver las salas abarrotadas y las colas de soldados a la espera de tratamiento me dej\u00f3 sin palabras. Tratar heridas de guerra era nuevo para m\u00ed, y enseguida me di cuenta de la diferencia entre \u00e9stas y otros tipos de amputaciones. Las heridas de los soldados no eran s\u00f3lo f\u00edsicas, sino que tambi\u00e9n arrastraban el peso de recuerdos traum\u00e1ticos, exacerbados por el conflicto en curso. <\/p>\n\n<p><a href=\"https:\/\/orato.world\/?s=ukraine\"><strong><em>Lee m\u00e1s historias de la guerra en Ucrania en Orato World Media<\/em><\/strong><\/a><\/p>\n\n<h2 class=\"wp-block-heading\" id=\"h-from-barcelona-to-bali-a-journey-of-compassion-for-children-with-disabilities-nbsp\">De Barcelona a Bali: un viaje de compasi\u00f3n por los ni\u00f1os discapacitados <\/h2>\n\n<p>Viajo con frecuencia para trabajar con un grupo \u00fanico de pacientes: ni\u00f1os discapacitados y adultos que han sufrido amputaciones por accidentes o ataques de tibur\u00f3n. Mi trabajo sigue repartido por todo el mundo. En 2016, tuve el privilegio de trabajar con ni\u00f1os discapacitados en una cl\u00ednica de Barcelona (Espa\u00f1a). Durante los primeros a\u00f1os de mi profesi\u00f3n, conoc\u00ed el inmenso sufrimiento al que se enfrentan los ni\u00f1os con enfermedades cr\u00f3nicas.<\/p>\n\n<p>Fui testigo directo de los retos que ellos y sus familias tuvieron que soportar. Algunos padres luchaban por soportar el peso de cuidar a un hijo con discapacidad, lo que les lleva a desenlaces tr\u00e1gicos como el suicidio. Otros, agobiados por la verg\u00fcenza o la presi\u00f3n social, optan por aislar a sus hijos, manteni\u00e9ndolos ocultos. <\/p>\n\n<p>En un centro privado, ofrec\u00eda excelentes servicios a ni\u00f1os discapacitados, pero estos servicios ten\u00edan un coste elevado, accesible s\u00f3lo a familias con medios econ\u00f3micos considerables. Algunas familias tuvieron que ahorrar durante todo un a\u00f1o s\u00f3lo para permitirse unas pocas sesiones, que por s\u00ed solas no pod\u00edan alterar significativamente la vida de los afectados. <\/p>\n\n<p>De vacaciones en Bali (Indonesia), me encontr\u00e9 con un centro para hu\u00e9rfanos discapacitados que result\u00f3 ser una revelaci\u00f3n. Sent\u00ed curiosidad por saber c\u00f3mo se percib\u00eda la discapacidad en la isla e hice un descubrimiento descorazonador. La creencia imperante en la reencarnaci\u00f3n y el karma llev\u00f3 a la gente a considerar las discapacidades como un castigo divino. En consecuencia, a menudo relegaban a los ni\u00f1os a orfanatos o los ocultaban de la sociedad desde una tierna edad. Obligado por las terribles condiciones, dediqu\u00e9 el resto de mi estancia a trabajar junto al centro. Me sumerg\u00ed en la cultura local, muy diferente de la occidental. <\/p>\n\n<p><\/p>\n<div class=\"wp-block-image\">\n<figure class=\"aligncenter size-large\"><img loading=\"lazy\" decoding=\"async\" width=\"1024\" height=\"768\" src=\"https:\/\/orato.world\/wp-content\/uploads\/Disabled-1-1024x768.jpg\" alt=\"\" class=\"wp-image-92010\" srcset=\"https:\/\/orato.world\/wp-content\/uploads\/Disabled-1-1024x768.jpg 1024w, https:\/\/orato.world\/wp-content\/uploads\/Disabled-1-300x225.jpg 300w, https:\/\/orato.world\/wp-content\/uploads\/Disabled-1-770x578.jpg 770w, https:\/\/orato.world\/wp-content\/uploads\/Disabled-1-533x400.jpg 533w, https:\/\/orato.world\/wp-content\/uploads\/Disabled-1.jpg 1280w\" sizes=\"auto, (max-width: 1024px) 100vw, 1024px\" \/><figcaption class=\"wp-element-caption\">Jorge trabaja con ni\u00f1os con necesidades especiales en todo el mundo. | <strong>Foto cortes\u00eda del equipo de Jorge Aranda<\/strong><\/figcaption><\/figure>\n<\/div>\n<p><\/p>\n\n<h2 class=\"wp-block-heading\" id=\"h-hands-with-heart-providing-free-disability-care\">Manos con Coraz\u00f3n: atenci\u00f3n gratuita a discapacitados<\/h2>\n\n<p>Mi compasi\u00f3n y mi deseo de marcar la diferencia me impulsaron a ofrecer mis servicios gratuitamente a los necesitados. De ah\u00ed que, al regresar a Espa\u00f1a, propusiera a mis colegas la idea de volver a Bali y ofrecer nuestros servicios profesionales gratuitamente. Sin embargo, mis superiores rechazaron de plano esta sugerencia, alegando su preocupaci\u00f3n por la posible percepci\u00f3n negativa que podr\u00eda arrojar sobre los profesionales de nuestra cl\u00ednica. Sin embargo, este rev\u00e9s sembr\u00f3 la semilla de algo mayor. Sin desanimarme, aspir\u00e9 a ayudar a los m\u00e1s necesitados, lo que finalmente se tradujo en la creaci\u00f3n de la ONG Hands with Heart en 2016. <\/p>\n\n<p>Mi compromiso me llev\u00f3 a Ruman\u00eda, donde conoc\u00ed a Dimitrie, un joven paciente con par\u00e1lisis cerebral. Su estado le imped\u00eda sentarse, andar o hablar. Hace ocho a\u00f1os, su madre busc\u00f3 atenci\u00f3n para \u00e9l en Espa\u00f1a y, a pesar de la distancia, formamos un v\u00ednculo inmediato. M\u00e1s tarde, la pandemia supuso un obst\u00e1culo, pero no disuadi\u00f3 mi compromiso. Viaj\u00e9 a Ruman\u00eda para ofrecer a Dimitrie sesiones osteop\u00e1ticas mensuales gratuitas. <\/p>\n\n<p>Durante mi estancia en Ruman\u00eda, surgi\u00f3 una nueva oportunidad. Empec\u00e9 a colaborar con centros dedicados a ni\u00f1os desfavorecidos, muchos de los cuales nunca hab\u00edan recibido terapia ni hab\u00edan sido informados de sus derechos humanos. Esta experiencia fue la puerta de entrada a una misi\u00f3n m\u00e1s amplia. <\/p>\n\n<p><\/p>\n\n<figure class=\"wp-block-gallery has-nested-images columns-default is-cropped wp-block-gallery-1 is-layout-flex wp-block-gallery-is-layout-flex\">\n<figure class=\"wp-block-image size-large\"><img loading=\"lazy\" decoding=\"async\" width=\"720\" height=\"960\" data-id=\"92016\" src=\"https:\/\/orato.world\/wp-content\/uploads\/disabled-2-1.jpg\" alt=\"\" class=\"wp-image-92016\" srcset=\"https:\/\/orato.world\/wp-content\/uploads\/disabled-2-1.jpg 720w, https:\/\/orato.world\/wp-content\/uploads\/disabled-2-1-225x300.jpg 225w, https:\/\/orato.world\/wp-content\/uploads\/disabled-2-1-300x400.jpg 300w\" sizes=\"auto, (max-width: 720px) 100vw, 720px\" \/><\/figure>\n\n\n\n<figure class=\"wp-block-image size-large\"><img loading=\"lazy\" decoding=\"async\" width=\"720\" height=\"960\" data-id=\"92018\" src=\"https:\/\/orato.world\/wp-content\/uploads\/disabled-3.jpg\" alt=\"\" class=\"wp-image-92018\" srcset=\"https:\/\/orato.world\/wp-content\/uploads\/disabled-3.jpg 720w, https:\/\/orato.world\/wp-content\/uploads\/disabled-3-225x300.jpg 225w, https:\/\/orato.world\/wp-content\/uploads\/disabled-3-300x400.jpg 300w\" sizes=\"auto, (max-width: 720px) 100vw, 720px\" \/><\/figure>\n<figcaption class=\"blocks-gallery-caption wp-element-caption\">Jorge Aranda atiende gratuitamente a ni\u00f1os discapacitados sin recursos. | <strong>Foto cortes\u00eda del equipo de Jorge Aranda<\/strong><\/figcaption><\/figure>\n\n<p><\/p>\n\n<p>Hoy en d\u00eda, nuestra organizaci\u00f3n ha ampliado su alcance a rincones remotos del mundo, como la selva de Talamanca en Costa Rica y las zonas impenetrables del Chaco en Argentina. En estos entornos dif\u00edciles, trabajamos con pacientes gravemente desatendidos y que viven en condiciones de extrema pobreza. Muchos de ellos nunca antes hab\u00edan recibido ayuda alguna. <\/p>\n\n<h2 class=\"wp-block-heading\" id=\"h-amidst-ukraine-s-war-air-raid-alarms-pierce-the-silence-civilians-sprint-to-bunkers-within-minutes-nbsp\">En medio de la guerra de Ucrania, las alarmas antia\u00e9reas perforan el silencio, los civiles corren a los b\u00fankeres en cuesti\u00f3n de minutos <\/h2>\n\n<p>Durante la guerra de Ucrania, la intensidad emocional se sinti\u00f3 grave. Las alarmas antia\u00e9reas surcan con frecuencia el aire, paraliz\u00e1ndonos. Cada rugido significa la amenaza inminente del descenso de un misil en cualquier momento. Los ni\u00f1os tambi\u00e9n sienten el miedo. Su respiraci\u00f3n se acelera y sus padres echan mano instintivamente de sus tel\u00e9fonos. A trav\u00e9s de una aplicaci\u00f3n, verifican si el objeto volador es un caza, un avi\u00f3n de guerra o un misil que podr\u00eda atacar en cuesti\u00f3n de minutos.<\/p>\n\n<p>La situaci\u00f3n me asust\u00f3, convirti\u00e9ndose en una de las experiencias m\u00e1s aterradoras que he vivido. La urgencia de la supervivencia se apoder\u00f3 de nosotros. Ten\u00edamos pocos minutos para correr al b\u00fanker m\u00e1s cercano antes de un posible impacto. La ira, el p\u00e1nico, la decepci\u00f3n y la frustraci\u00f3n flotaban en el aire, creando una fr\u00eda tensi\u00f3n que impregnaba nuestros seres. <\/p>\n\n<p>Dentro del pabell\u00f3n de adultos, el personal militar dominaba la poblaci\u00f3n. Sus historias se desplegaron en un tapiz de amputaciones, heridas de combate y lesiones por explosiones, granadas, artiller\u00eda y disparos. Cada causa se vincul\u00f3 a la tr\u00e1gica guerra pintando un v\u00edvido cuadro de sufrimiento. Mientras recorr\u00eda las instalaciones, profundic\u00e9 en sus relatos.<\/p>\n\n<p><\/p>\n\n<figure class=\"wp-block-gallery has-nested-images columns-default is-cropped wp-block-gallery-2 is-layout-flex wp-block-gallery-is-layout-flex\">\n<figure class=\"wp-block-image size-large\"><img loading=\"lazy\" decoding=\"async\" width=\"644\" height=\"1024\" data-id=\"92001\" src=\"https:\/\/orato.world\/wp-content\/uploads\/WhatsApp-Image-2024-05-03-at-12.53.35-644x1024.jpg\" alt=\"Jorge con militares en el centro de rehabilitaci&#xF3;n de Halychyna.\" class=\"wp-image-92001\" srcset=\"https:\/\/orato.world\/wp-content\/uploads\/WhatsApp-Image-2024-05-03-at-12.53.35-644x1024.jpg 644w, https:\/\/orato.world\/wp-content\/uploads\/WhatsApp-Image-2024-05-03-at-12.53.35-189x300.jpg 189w, https:\/\/orato.world\/wp-content\/uploads\/WhatsApp-Image-2024-05-03-at-12.53.35-770x1224.jpg 770w, https:\/\/orato.world\/wp-content\/uploads\/WhatsApp-Image-2024-05-03-at-12.53.35-966x1536.jpg 966w, https:\/\/orato.world\/wp-content\/uploads\/WhatsApp-Image-2024-05-03-at-12.53.35-1288x2048.jpg 1288w, https:\/\/orato.world\/wp-content\/uploads\/WhatsApp-Image-2024-05-03-at-12.53.35-252x400.jpg 252w, https:\/\/orato.world\/wp-content\/uploads\/WhatsApp-Image-2024-05-03-at-12.53.35-500x795.jpg 500w, https:\/\/orato.world\/wp-content\/uploads\/WhatsApp-Image-2024-05-03-at-12.53.35.jpg 1300w\" sizes=\"auto, (max-width: 644px) 100vw, 644px\" \/><\/figure>\n\n\n\n<figure class=\"wp-block-image size-large\"><img loading=\"lazy\" decoding=\"async\" width=\"821\" height=\"1024\" data-id=\"92003\" src=\"https:\/\/orato.world\/wp-content\/uploads\/WhatsApp-Image-2024-05-03-at-12.50.55-821x1024.jpg\" alt=\"Jorge con militares en el centro de rehabilitaci&#xF3;n de Halychyna.\" class=\"wp-image-92003\" srcset=\"https:\/\/orato.world\/wp-content\/uploads\/WhatsApp-Image-2024-05-03-at-12.50.55-821x1024.jpg 821w, https:\/\/orato.world\/wp-content\/uploads\/WhatsApp-Image-2024-05-03-at-12.50.55-240x300.jpg 240w, https:\/\/orato.world\/wp-content\/uploads\/WhatsApp-Image-2024-05-03-at-12.50.55-770x961.jpg 770w, https:\/\/orato.world\/wp-content\/uploads\/WhatsApp-Image-2024-05-03-at-12.50.55-1231x1536.jpg 1231w, https:\/\/orato.world\/wp-content\/uploads\/WhatsApp-Image-2024-05-03-at-12.50.55-321x400.jpg 321w, https:\/\/orato.world\/wp-content\/uploads\/WhatsApp-Image-2024-05-03-at-12.50.55-500x624.jpg 500w, https:\/\/orato.world\/wp-content\/uploads\/WhatsApp-Image-2024-05-03-at-12.50.55.jpg 1300w\" sizes=\"auto, (max-width: 821px) 100vw, 821px\" \/><\/figure>\n<figcaption class=\"blocks-gallery-caption wp-element-caption\">Jorge Aranda con militares heridos en la guerra de Ucrania. | <strong>Foto cortes\u00eda del equipo de Jorge Aranda<\/strong><\/figcaption><\/figure>\n\n<p><\/p>\n\n<p>Sus relatos me produc\u00edan escalofr\u00edos. Lo que m\u00e1s me impresion\u00f3, sin embargo, fueron los relatos de quienes ten\u00edan experiencia de primera mano en el frente. Hablaban de crudeza: la agresividad y el odio que impregnaban esta guerra no se parec\u00edan a nada que hubieran presenciado antes. La brutalidad se grab\u00f3 en sus almas, dejando cicatrices m\u00e1s profundas que cualquier herida f\u00edsica. <\/p>\n\n<h2 class=\"wp-block-heading\" id=\"h-healing-wounded-bodies-and-shattered-souls-amidst-the-horrors-of-war-nbsp\">Curar cuerpos heridos y almas destrozadas en medio de los horrores de la guerra <\/h2>\n\n<p>En mi papel en Ucrania, he escuchado los desgarradores detalles de la guerra de boca de quienes soportaron sus crueldades. Un soldado cont\u00f3 c\u00f3mo vio c\u00f3mo los tanques emboscaban a su camarada. Atrapado y solo, su camarada soport\u00f3 una descarga de fuego, con el cuerpo acribillado y destrozado, mientras el soldado s\u00f3lo pod\u00eda esconderse y temblar de horror. Otro encuentro fue el de un soldado que, antes de la guerra, trabajaba como camionero. Mientras lo trataba, al principio no era consciente del alcance de sus lesiones. Entonces revel\u00f3 que una granada le hab\u00eda explotado en la mano, abri\u00e9ndole el abdomen, derramando sus intestinos y seccion\u00e1ndole la mano. <\/p>\n\n<p>Tambi\u00e9n trat\u00e9 a un soldado que los rusos mantuvieron cautivo durante cuatro meses. Durante todo su cautiverio, lo obligaron a permanecer de pie, con los brazos atados a la espalda, sin permitirle nunca sentarse. Soport\u00f3 palizas diarias que le dejaron lesiones sin precedentes: un cuerpo traumatizado repetidamente, v\u00edctima de una tortura implacable. <\/p>\n\n<p>Ante tales historias, me vi incapaz de reconstruir sus cuerpos destrozados. Todo lo que pude ofrecerles fue alivio y un hombro para sus l\u00e1grimas, mientras lloraban por el inmenso dolor que sufr\u00edan. Tratar a estas personas se antojaba una tarea ardua. Mi trabajo consist\u00eda a menudo en aliviar el dolor de forma casi imperceptible, pero crucial para su recuperaci\u00f3n. <\/p>\n\n<p><\/p>\n<div class=\"wp-block-image\">\n<figure class=\"aligncenter size-large\"><img loading=\"lazy\" decoding=\"async\" width=\"1024\" height=\"768\" src=\"https:\/\/orato.world\/wp-content\/uploads\/featured-12-1024x768.jpg\" alt=\"\" class=\"wp-image-92020\" srcset=\"https:\/\/orato.world\/wp-content\/uploads\/featured-12-1024x768.jpg 1024w, https:\/\/orato.world\/wp-content\/uploads\/featured-12-300x225.jpg 300w, https:\/\/orato.world\/wp-content\/uploads\/featured-12-770x578.jpg 770w, https:\/\/orato.world\/wp-content\/uploads\/featured-12-533x400.jpg 533w, https:\/\/orato.world\/wp-content\/uploads\/featured-12.jpg 1280w\" sizes=\"auto, (max-width: 1024px) 100vw, 1024px\" \/><figcaption class=\"wp-element-caption\">Jorge Aranda atendi\u00f3 a varios soldados heridos durante la guerra en curso en Ucrania. <strong>Foto cortes\u00eda del equipo de Jorge Aranda<\/strong><\/figcaption><\/figure>\n<\/div>\n<p><\/p>\n\n<p>A pesar de mantener la compostura mientras estaba con ellos, en el momento en que conclu\u00ed la misi\u00f3n y me encontr\u00e9 en el vuelo de regreso a casa, me sent\u00ed abrumado. El peso de sus historias golpe\u00f3 con fuerza. Llor\u00e9 desconsoladamente, incapaz de detener el flujo de l\u00e1grimas. Sus historias a\u00fan inundan mis pensamientos con las heridas que han soportado, tanto f\u00edsicas como emocionales. <\/p>\n\n<h2 class=\"wp-block-heading\" id=\"h-empowering-lives-hands-with-heart-s-global-nbsp-vision-for-the-future-nbsp\">Fortalecer vidas: La visi\u00f3n global de futuro de Manos con Coraz\u00f3n <\/h2>\n\n<p>Mi profundo compromiso con la labor social que realizo a trav\u00e9s de Manos con Coraz\u00f3n nace de la pasi\u00f3n y la creencia en el poder transformador de mejorar vidas. Nuestros planes de futuro, tan ambiciosos como compasivos, incluyen establecer una cl\u00ednica permanente en Bali, seguir prestando apoyo peri\u00f3dico en Ucrania y atender a nuestros pacientes en Costa Rica y Argentina. <\/p>\n\n<p>En Costa Rica, tenemos previsto poner en marcha una cl\u00ednica m\u00f3vil alojada en un autob\u00fas que recorrer\u00e1 la selva, transform\u00e1ndose en un quir\u00f3fano para las comunidades ind\u00edgenas aisladas de los hospitales. Esta iniciativa es crucial porque, sin los cuidados adecuados, incluso un simple esguince de rodilla puede convertirse en un problema grave para ellos. <\/p>\n\n<p>Nuestra colaboraci\u00f3n con la Copa del Mundo de Surf Adaptado representa otra pr\u00f3xima aventura. Ver a personas que han perdido un brazo en Irak o han sobrevivido al ataque de un tibur\u00f3n y siguen surfeando me inspira profundamente. Me impulsa a contribuir y apoyar su esp\u00edritu indomable. <\/p>\n\n<p>Las recompensas intangibles de este trabajo son inmensas. El amor que recibo supera todo lo que puedo imaginar. Aunque muchos no expresen su gratitud f\u00edsicamente, yo la siento profundamente. Es una sensaci\u00f3n delicada e invisible que resuena en mis manos y hace que mi coraz\u00f3n lata con determinaci\u00f3n y fuerza. <\/p>\n","protected":false},"excerpt":{"rendered":"<p>Ante tales historias, me vi incapaz de reconstruir sus cuerpos destrozados. Todo lo que pude ofrecerles fue alivio y un hombro para sus l\u00e1grimas, mientras lloraban por el inmenso dolor que sufr\u00edan.<\/p>\n","protected":false},"author":28,"featured_media":91998,"comment_status":"open","ping_status":"open","sticky":false,"template":"","format":"standard","meta":{"_acf_changed":false,"_uag_custom_page_level_css":"","_lmt_disableupdate":"","_lmt_disable":"","footnotes":""},"categories":[260,188,417],"tags":[3498,3637,2479,1469,3060,2459,8822,4232,6292],"class_list":["post-92139","post","type-post","status-publish","format-standard","has-post-thumbnail","hentry","category-conflicto","category-salud","category-visionarios","tag-asia-es","tag-asia-russia-es","tag-conflicto-rusia-ucrania","tag-discapacidad-es-2","tag-europa","tag-guerra-ruso-ucraniana","tag-hands-with-heart-manos-con-corazon","tag-ninos-con-discapacidades","tag-profesionales-de-la-salud"],"acf":[],"yoast_head":"<!-- This site is optimized with the Yoast SEO Premium plugin v27.4 (Yoast SEO v27.4) - https:\/\/yoast.com\/product\/yoast-seo-premium-wordpress\/ -->\n<title>Un terapeuta presta ayuda a las v\u00edctimas de la guerra en Ucrania<\/title>\n<meta name=\"description\" content=\"Un terapeuta atiende gratuitamente a ni\u00f1os desfavorecidos con discapacidades y heridas de guerra, ampliando la ayuda a la Ucrania devastada por la guerra.\" \/>\n<meta name=\"robots\" content=\"index, follow, max-snippet:-1, max-image-preview:large, max-video-preview:-1\" \/>\n<link rel=\"canonical\" href=\"https:\/\/orato.world\/es\/2024\/05\/22\/de-la-atencion-a-discapacitados-a-la-ayuda-de-guerra-un-terapeuta-ayuda-a-las-victimas-de-la-guerra-en-ucrania\/\" \/>\n<meta property=\"og:locale\" content=\"es_ES\" \/>\n<meta property=\"og:type\" content=\"article\" \/>\n<meta property=\"og:title\" content=\"De la atenci\u00f3n a discapacitados a la ayuda de guerra: Un terapeuta ayuda a las v\u00edctimas de la guerra en Ucrania\" \/>\n<meta property=\"og:description\" content=\"Un terapeuta atiende gratuitamente a ni\u00f1os desfavorecidos con discapacidades y heridas de guerra, ampliando la ayuda a la Ucrania devastada por la guerra.\" \/>\n<meta property=\"og:url\" content=\"https:\/\/orato.world\/es\/2024\/05\/22\/de-la-atencion-a-discapacitados-a-la-ayuda-de-guerra-un-terapeuta-ayuda-a-las-victimas-de-la-guerra-en-ucrania\/\" \/>\n<meta property=\"og:site_name\" content=\"Orato\" \/>\n<meta property=\"article:publisher\" content=\"https:\/\/www.facebook.com\/OratoWorld\/\" \/>\n<meta property=\"article:published_time\" content=\"2024-05-22T10:00:00+00:00\" \/>\n<meta property=\"article:modified_time\" content=\"2024-05-25T21:36:40+00:00\" \/>\n<meta property=\"og:image\" content=\"https:\/\/orato.world\/wp-content\/uploads\/Therapist-featured.jpg\" \/>\n\t<meta property=\"og:image:width\" content=\"1280\" \/>\n\t<meta property=\"og:image:height\" content=\"960\" \/>\n\t<meta property=\"og:image:type\" content=\"image\/jpeg\" \/>\n<meta name=\"author\" content=\"Mariela Laksman\" \/>\n<meta name=\"twitter:card\" content=\"summary_large_image\" \/>\n<meta name=\"twitter:creator\" content=\"@oratoworld\" \/>\n<meta name=\"twitter:site\" content=\"@oratoworld\" \/>\n<meta name=\"twitter:label1\" content=\"Escrito por\" \/>\n\t<meta name=\"twitter:data1\" content=\"Mariela Laksman\" \/>\n\t<meta name=\"twitter:label2\" content=\"Tiempo de lectura\" \/>\n\t<meta name=\"twitter:data2\" content=\"9 minutos\" \/>\n<script type=\"application\/ld+json\" class=\"yoast-schema-graph\">{\"@context\":\"https:\\\/\\\/schema.org\",\"@graph\":[{\"@type\":\"NewsArticle\",\"@id\":\"https:\\\/\\\/orato.world\\\/es\\\/2024\\\/05\\\/22\\\/de-la-atencion-a-discapacitados-a-la-ayuda-de-guerra-un-terapeuta-ayuda-a-las-victimas-de-la-guerra-en-ucrania\\\/#article\",\"isPartOf\":{\"@id\":\"https:\\\/\\\/orato.world\\\/es\\\/2024\\\/05\\\/22\\\/de-la-atencion-a-discapacitados-a-la-ayuda-de-guerra-un-terapeuta-ayuda-a-las-victimas-de-la-guerra-en-ucrania\\\/\"},\"author\":{\"name\":\"Mariela Laksman\",\"@id\":\"https:\\\/\\\/orato.world\\\/es\\\/#\\\/schema\\\/person\\\/d4a4a9a63551641850068c20e93613a5\"},\"headline\":\"De la atenci\u00f3n a discapacitados a la ayuda de guerra: Un terapeuta ayuda a las v\u00edctimas de la guerra en Ucrania\",\"datePublished\":\"2024-05-22T10:00:00+00:00\",\"dateModified\":\"2024-05-25T21:36:40+00:00\",\"mainEntityOfPage\":{\"@id\":\"https:\\\/\\\/orato.world\\\/es\\\/2024\\\/05\\\/22\\\/de-la-atencion-a-discapacitados-a-la-ayuda-de-guerra-un-terapeuta-ayuda-a-las-victimas-de-la-guerra-en-ucrania\\\/\"},\"wordCount\":1840,\"commentCount\":0,\"publisher\":{\"@id\":\"https:\\\/\\\/orato.world\\\/es\\\/#organization\"},\"image\":{\"@id\":\"https:\\\/\\\/orato.world\\\/es\\\/2024\\\/05\\\/22\\\/de-la-atencion-a-discapacitados-a-la-ayuda-de-guerra-un-terapeuta-ayuda-a-las-victimas-de-la-guerra-en-ucrania\\\/#primaryimage\"},\"thumbnailUrl\":\"https:\\\/\\\/orato.world\\\/wp-content\\\/uploads\\\/Therapist-featured.jpg\",\"keywords\":[\"Asia\",\"Asia &amp; Russia\",\"Conflicto Rusia-Ucrania\",\"Discapacidad\",\"Europa\",\"Guerra Ruso-Ucraniana\",\"Hands with Heart (Manos con Coraz\u00f3n)\",\"Ni\u00f1os con discapacidades\",\"profesionales de la salud\"],\"articleSection\":[\"Conflicto\",\"Salud\",\"Visionarios\"],\"inLanguage\":\"es\",\"potentialAction\":[{\"@type\":\"CommentAction\",\"name\":\"Comment\",\"target\":[\"https:\\\/\\\/orato.world\\\/es\\\/2024\\\/05\\\/22\\\/de-la-atencion-a-discapacitados-a-la-ayuda-de-guerra-un-terapeuta-ayuda-a-las-victimas-de-la-guerra-en-ucrania\\\/#respond\"]}]},{\"@type\":\"WebPage\",\"@id\":\"https:\\\/\\\/orato.world\\\/es\\\/2024\\\/05\\\/22\\\/de-la-atencion-a-discapacitados-a-la-ayuda-de-guerra-un-terapeuta-ayuda-a-las-victimas-de-la-guerra-en-ucrania\\\/\",\"url\":\"https:\\\/\\\/orato.world\\\/es\\\/2024\\\/05\\\/22\\\/de-la-atencion-a-discapacitados-a-la-ayuda-de-guerra-un-terapeuta-ayuda-a-las-victimas-de-la-guerra-en-ucrania\\\/\",\"name\":\"Un terapeuta presta ayuda a las v\u00edctimas de la guerra en Ucrania\",\"isPartOf\":{\"@id\":\"https:\\\/\\\/orato.world\\\/es\\\/#website\"},\"primaryImageOfPage\":{\"@id\":\"https:\\\/\\\/orato.world\\\/es\\\/2024\\\/05\\\/22\\\/de-la-atencion-a-discapacitados-a-la-ayuda-de-guerra-un-terapeuta-ayuda-a-las-victimas-de-la-guerra-en-ucrania\\\/#primaryimage\"},\"image\":{\"@id\":\"https:\\\/\\\/orato.world\\\/es\\\/2024\\\/05\\\/22\\\/de-la-atencion-a-discapacitados-a-la-ayuda-de-guerra-un-terapeuta-ayuda-a-las-victimas-de-la-guerra-en-ucrania\\\/#primaryimage\"},\"thumbnailUrl\":\"https:\\\/\\\/orato.world\\\/wp-content\\\/uploads\\\/Therapist-featured.jpg\",\"datePublished\":\"2024-05-22T10:00:00+00:00\",\"dateModified\":\"2024-05-25T21:36:40+00:00\",\"description\":\"Un terapeuta atiende gratuitamente a ni\u00f1os desfavorecidos con discapacidades y heridas de guerra, ampliando la ayuda a la Ucrania devastada por la guerra.\",\"breadcrumb\":{\"@id\":\"https:\\\/\\\/orato.world\\\/es\\\/2024\\\/05\\\/22\\\/de-la-atencion-a-discapacitados-a-la-ayuda-de-guerra-un-terapeuta-ayuda-a-las-victimas-de-la-guerra-en-ucrania\\\/#breadcrumb\"},\"inLanguage\":\"es\",\"potentialAction\":[{\"@type\":\"ReadAction\",\"target\":[\"https:\\\/\\\/orato.world\\\/es\\\/2024\\\/05\\\/22\\\/de-la-atencion-a-discapacitados-a-la-ayuda-de-guerra-un-terapeuta-ayuda-a-las-victimas-de-la-guerra-en-ucrania\\\/\"]}]},{\"@type\":\"ImageObject\",\"inLanguage\":\"es\",\"@id\":\"https:\\\/\\\/orato.world\\\/es\\\/2024\\\/05\\\/22\\\/de-la-atencion-a-discapacitados-a-la-ayuda-de-guerra-un-terapeuta-ayuda-a-las-victimas-de-la-guerra-en-ucrania\\\/#primaryimage\",\"url\":\"https:\\\/\\\/orato.world\\\/wp-content\\\/uploads\\\/Therapist-featured.jpg\",\"contentUrl\":\"https:\\\/\\\/orato.world\\\/wp-content\\\/uploads\\\/Therapist-featured.jpg\",\"width\":1280,\"height\":960,\"caption\":\"Jorge Aranda with military personnel at the Halychyna rehabilitation center. | Photo courtesy of Jorge Aranda's Team\"},{\"@type\":\"BreadcrumbList\",\"@id\":\"https:\\\/\\\/orato.world\\\/es\\\/2024\\\/05\\\/22\\\/de-la-atencion-a-discapacitados-a-la-ayuda-de-guerra-un-terapeuta-ayuda-a-las-victimas-de-la-guerra-en-ucrania\\\/#breadcrumb\",\"itemListElement\":[{\"@type\":\"ListItem\",\"position\":1,\"name\":\"Home\",\"item\":\"https:\\\/\\\/orato.world\\\/es\\\/\"},{\"@type\":\"ListItem\",\"position\":2,\"name\":\"De la atenci\u00f3n a discapacitados a la ayuda de guerra: Un terapeuta ayuda a las v\u00edctimas de la guerra en Ucrania\"}]},{\"@type\":\"WebSite\",\"@id\":\"https:\\\/\\\/orato.world\\\/es\\\/#website\",\"url\":\"https:\\\/\\\/orato.world\\\/es\\\/\",\"name\":\"Orato\",\"description\":\"True Stories. Real People\",\"publisher\":{\"@id\":\"https:\\\/\\\/orato.world\\\/es\\\/#organization\"},\"potentialAction\":[{\"@type\":\"SearchAction\",\"target\":{\"@type\":\"EntryPoint\",\"urlTemplate\":\"https:\\\/\\\/orato.world\\\/es\\\/?s={search_term_string}\"},\"query-input\":{\"@type\":\"PropertyValueSpecification\",\"valueRequired\":true,\"valueName\":\"search_term_string\"}}],\"inLanguage\":\"es\"},{\"@type\":\"Organization\",\"@id\":\"https:\\\/\\\/orato.world\\\/es\\\/#organization\",\"name\":\"Orato World Media Inc.\",\"url\":\"https:\\\/\\\/orato.world\\\/es\\\/\",\"logo\":{\"@type\":\"ImageObject\",\"inLanguage\":\"es\",\"@id\":\"https:\\\/\\\/orato.world\\\/es\\\/#\\\/schema\\\/logo\\\/image\\\/\",\"url\":\"https:\\\/\\\/orato.world\\\/wp-content\\\/uploads\\\/2020\\\/07\\\/orato-logo-transparent.png\",\"contentUrl\":\"https:\\\/\\\/orato.world\\\/wp-content\\\/uploads\\\/2020\\\/07\\\/orato-logo-transparent.png\",\"width\":78,\"height\":73,\"caption\":\"Orato World Media Inc.\"},\"image\":{\"@id\":\"https:\\\/\\\/orato.world\\\/es\\\/#\\\/schema\\\/logo\\\/image\\\/\"},\"sameAs\":[\"https:\\\/\\\/www.facebook.com\\\/OratoWorld\\\/\",\"https:\\\/\\\/x.com\\\/oratoworld\",\"https:\\\/\\\/www.instagram.com\\\/oratoworld\",\"https:\\\/\\\/www.linkedin.com\\\/company\\\/42308818\\\/\"]},{\"@type\":\"Person\",\"@id\":\"https:\\\/\\\/orato.world\\\/es\\\/#\\\/schema\\\/person\\\/d4a4a9a63551641850068c20e93613a5\",\"name\":\"Mariela Laksman\",\"image\":{\"@type\":\"ImageObject\",\"inLanguage\":\"es\",\"@id\":\"https:\\\/\\\/secure.gravatar.com\\\/avatar\\\/133ba1b69c2a2b7c782cce9999c26555b6bc9af9e382e5e8f8e3fc285015d1b7?s=96&d=mm&r=g\",\"url\":\"https:\\\/\\\/secure.gravatar.com\\\/avatar\\\/133ba1b69c2a2b7c782cce9999c26555b6bc9af9e382e5e8f8e3fc285015d1b7?s=96&d=mm&r=g\",\"contentUrl\":\"https:\\\/\\\/secure.gravatar.com\\\/avatar\\\/133ba1b69c2a2b7c782cce9999c26555b6bc9af9e382e5e8f8e3fc285015d1b7?s=96&d=mm&r=g\",\"caption\":\"Mariela Laksman\"},\"description\":\"Image and Sound Designer, Integral Audiovisual and Journalistic Producer, writer, and teacher. I started working when I was very young; Since 2001, I was a producer for different television programs, documentary films, radio, and generating creative content for different organizations and companies. I won the award: \\\"Nuevo Sudaca Border\\\" with the microfiction book \\\"Un Tigre con la Boca Abierta\\\", for Eloisa Cartonera Editorial. I am passionate about telling stories and writing.\",\"url\":\"https:\\\/\\\/orato.world\\\/es\\\/author\\\/mariela-laksman\\\/\"}]}<\/script>\n<!-- \/ Yoast SEO Premium plugin. -->","yoast_head_json":{"title":"Un terapeuta presta ayuda a las v\u00edctimas de la guerra en Ucrania","description":"Un terapeuta atiende gratuitamente a ni\u00f1os desfavorecidos con discapacidades y heridas de guerra, ampliando la ayuda a la Ucrania devastada por la guerra.","robots":{"index":"index","follow":"follow","max-snippet":"max-snippet:-1","max-image-preview":"max-image-preview:large","max-video-preview":"max-video-preview:-1"},"canonical":"https:\/\/orato.world\/es\/2024\/05\/22\/de-la-atencion-a-discapacitados-a-la-ayuda-de-guerra-un-terapeuta-ayuda-a-las-victimas-de-la-guerra-en-ucrania\/","og_locale":"es_ES","og_type":"article","og_title":"De la atenci\u00f3n a discapacitados a la ayuda de guerra: Un terapeuta ayuda a las v\u00edctimas de la guerra en Ucrania","og_description":"Un terapeuta atiende gratuitamente a ni\u00f1os desfavorecidos con discapacidades y heridas de guerra, ampliando la ayuda a la Ucrania devastada por la guerra.","og_url":"https:\/\/orato.world\/es\/2024\/05\/22\/de-la-atencion-a-discapacitados-a-la-ayuda-de-guerra-un-terapeuta-ayuda-a-las-victimas-de-la-guerra-en-ucrania\/","og_site_name":"Orato","article_publisher":"https:\/\/www.facebook.com\/OratoWorld\/","article_published_time":"2024-05-22T10:00:00+00:00","article_modified_time":"2024-05-25T21:36:40+00:00","og_image":[{"width":1280,"height":960,"url":"https:\/\/orato.world\/wp-content\/uploads\/Therapist-featured.jpg","type":"image\/jpeg"}],"author":"Mariela Laksman","twitter_card":"summary_large_image","twitter_creator":"@oratoworld","twitter_site":"@oratoworld","twitter_misc":{"Escrito por":"Mariela Laksman","Tiempo de lectura":"9 minutos"},"schema":{"@context":"https:\/\/schema.org","@graph":[{"@type":"NewsArticle","@id":"https:\/\/orato.world\/es\/2024\/05\/22\/de-la-atencion-a-discapacitados-a-la-ayuda-de-guerra-un-terapeuta-ayuda-a-las-victimas-de-la-guerra-en-ucrania\/#article","isPartOf":{"@id":"https:\/\/orato.world\/es\/2024\/05\/22\/de-la-atencion-a-discapacitados-a-la-ayuda-de-guerra-un-terapeuta-ayuda-a-las-victimas-de-la-guerra-en-ucrania\/"},"author":{"name":"Mariela Laksman","@id":"https:\/\/orato.world\/es\/#\/schema\/person\/d4a4a9a63551641850068c20e93613a5"},"headline":"De la atenci\u00f3n a discapacitados a la ayuda de guerra: Un terapeuta ayuda a las v\u00edctimas de la guerra en Ucrania","datePublished":"2024-05-22T10:00:00+00:00","dateModified":"2024-05-25T21:36:40+00:00","mainEntityOfPage":{"@id":"https:\/\/orato.world\/es\/2024\/05\/22\/de-la-atencion-a-discapacitados-a-la-ayuda-de-guerra-un-terapeuta-ayuda-a-las-victimas-de-la-guerra-en-ucrania\/"},"wordCount":1840,"commentCount":0,"publisher":{"@id":"https:\/\/orato.world\/es\/#organization"},"image":{"@id":"https:\/\/orato.world\/es\/2024\/05\/22\/de-la-atencion-a-discapacitados-a-la-ayuda-de-guerra-un-terapeuta-ayuda-a-las-victimas-de-la-guerra-en-ucrania\/#primaryimage"},"thumbnailUrl":"https:\/\/orato.world\/wp-content\/uploads\/Therapist-featured.jpg","keywords":["Asia","Asia &amp; Russia","Conflicto Rusia-Ucrania","Discapacidad","Europa","Guerra Ruso-Ucraniana","Hands with Heart (Manos con Coraz\u00f3n)","Ni\u00f1os con discapacidades","profesionales de la salud"],"articleSection":["Conflicto","Salud","Visionarios"],"inLanguage":"es","potentialAction":[{"@type":"CommentAction","name":"Comment","target":["https:\/\/orato.world\/es\/2024\/05\/22\/de-la-atencion-a-discapacitados-a-la-ayuda-de-guerra-un-terapeuta-ayuda-a-las-victimas-de-la-guerra-en-ucrania\/#respond"]}]},{"@type":"WebPage","@id":"https:\/\/orato.world\/es\/2024\/05\/22\/de-la-atencion-a-discapacitados-a-la-ayuda-de-guerra-un-terapeuta-ayuda-a-las-victimas-de-la-guerra-en-ucrania\/","url":"https:\/\/orato.world\/es\/2024\/05\/22\/de-la-atencion-a-discapacitados-a-la-ayuda-de-guerra-un-terapeuta-ayuda-a-las-victimas-de-la-guerra-en-ucrania\/","name":"Un terapeuta presta ayuda a las v\u00edctimas de la guerra en Ucrania","isPartOf":{"@id":"https:\/\/orato.world\/es\/#website"},"primaryImageOfPage":{"@id":"https:\/\/orato.world\/es\/2024\/05\/22\/de-la-atencion-a-discapacitados-a-la-ayuda-de-guerra-un-terapeuta-ayuda-a-las-victimas-de-la-guerra-en-ucrania\/#primaryimage"},"image":{"@id":"https:\/\/orato.world\/es\/2024\/05\/22\/de-la-atencion-a-discapacitados-a-la-ayuda-de-guerra-un-terapeuta-ayuda-a-las-victimas-de-la-guerra-en-ucrania\/#primaryimage"},"thumbnailUrl":"https:\/\/orato.world\/wp-content\/uploads\/Therapist-featured.jpg","datePublished":"2024-05-22T10:00:00+00:00","dateModified":"2024-05-25T21:36:40+00:00","description":"Un terapeuta atiende gratuitamente a ni\u00f1os desfavorecidos con discapacidades y heridas de guerra, ampliando la ayuda a la Ucrania devastada por la guerra.","breadcrumb":{"@id":"https:\/\/orato.world\/es\/2024\/05\/22\/de-la-atencion-a-discapacitados-a-la-ayuda-de-guerra-un-terapeuta-ayuda-a-las-victimas-de-la-guerra-en-ucrania\/#breadcrumb"},"inLanguage":"es","potentialAction":[{"@type":"ReadAction","target":["https:\/\/orato.world\/es\/2024\/05\/22\/de-la-atencion-a-discapacitados-a-la-ayuda-de-guerra-un-terapeuta-ayuda-a-las-victimas-de-la-guerra-en-ucrania\/"]}]},{"@type":"ImageObject","inLanguage":"es","@id":"https:\/\/orato.world\/es\/2024\/05\/22\/de-la-atencion-a-discapacitados-a-la-ayuda-de-guerra-un-terapeuta-ayuda-a-las-victimas-de-la-guerra-en-ucrania\/#primaryimage","url":"https:\/\/orato.world\/wp-content\/uploads\/Therapist-featured.jpg","contentUrl":"https:\/\/orato.world\/wp-content\/uploads\/Therapist-featured.jpg","width":1280,"height":960,"caption":"Jorge Aranda with military personnel at the Halychyna rehabilitation center. | Photo courtesy of Jorge Aranda's Team"},{"@type":"BreadcrumbList","@id":"https:\/\/orato.world\/es\/2024\/05\/22\/de-la-atencion-a-discapacitados-a-la-ayuda-de-guerra-un-terapeuta-ayuda-a-las-victimas-de-la-guerra-en-ucrania\/#breadcrumb","itemListElement":[{"@type":"ListItem","position":1,"name":"Home","item":"https:\/\/orato.world\/es\/"},{"@type":"ListItem","position":2,"name":"De la atenci\u00f3n a discapacitados a la ayuda de guerra: Un terapeuta ayuda a las v\u00edctimas de la guerra en Ucrania"}]},{"@type":"WebSite","@id":"https:\/\/orato.world\/es\/#website","url":"https:\/\/orato.world\/es\/","name":"Orato","description":"True Stories. Real People","publisher":{"@id":"https:\/\/orato.world\/es\/#organization"},"potentialAction":[{"@type":"SearchAction","target":{"@type":"EntryPoint","urlTemplate":"https:\/\/orato.world\/es\/?s={search_term_string}"},"query-input":{"@type":"PropertyValueSpecification","valueRequired":true,"valueName":"search_term_string"}}],"inLanguage":"es"},{"@type":"Organization","@id":"https:\/\/orato.world\/es\/#organization","name":"Orato World Media Inc.","url":"https:\/\/orato.world\/es\/","logo":{"@type":"ImageObject","inLanguage":"es","@id":"https:\/\/orato.world\/es\/#\/schema\/logo\/image\/","url":"https:\/\/orato.world\/wp-content\/uploads\/2020\/07\/orato-logo-transparent.png","contentUrl":"https:\/\/orato.world\/wp-content\/uploads\/2020\/07\/orato-logo-transparent.png","width":78,"height":73,"caption":"Orato World Media Inc."},"image":{"@id":"https:\/\/orato.world\/es\/#\/schema\/logo\/image\/"},"sameAs":["https:\/\/www.facebook.com\/OratoWorld\/","https:\/\/x.com\/oratoworld","https:\/\/www.instagram.com\/oratoworld","https:\/\/www.linkedin.com\/company\/42308818\/"]},{"@type":"Person","@id":"https:\/\/orato.world\/es\/#\/schema\/person\/d4a4a9a63551641850068c20e93613a5","name":"Mariela Laksman","image":{"@type":"ImageObject","inLanguage":"es","@id":"https:\/\/secure.gravatar.com\/avatar\/133ba1b69c2a2b7c782cce9999c26555b6bc9af9e382e5e8f8e3fc285015d1b7?s=96&d=mm&r=g","url":"https:\/\/secure.gravatar.com\/avatar\/133ba1b69c2a2b7c782cce9999c26555b6bc9af9e382e5e8f8e3fc285015d1b7?s=96&d=mm&r=g","contentUrl":"https:\/\/secure.gravatar.com\/avatar\/133ba1b69c2a2b7c782cce9999c26555b6bc9af9e382e5e8f8e3fc285015d1b7?s=96&d=mm&r=g","caption":"Mariela Laksman"},"description":"Image and Sound Designer, Integral Audiovisual and Journalistic Producer, writer, and teacher. I started working when I was very young; Since 2001, I was a producer for different television programs, documentary films, radio, and generating creative content for different organizations and companies. I won the award: \"Nuevo Sudaca Border\" with the microfiction book \"Un Tigre con la Boca Abierta\", for Eloisa Cartonera Editorial. I am passionate about telling stories and writing.","url":"https:\/\/orato.world\/es\/author\/mariela-laksman\/"}]}},"modified_by":null,"uagb_featured_image_src":{"full":["https:\/\/orato.world\/wp-content\/uploads\/Therapist-featured.jpg",1280,960,false],"thumbnail":["https:\/\/orato.world\/wp-content\/uploads\/Therapist-featured-100x100.jpg",100,100,true],"medium":["https:\/\/orato.world\/wp-content\/uploads\/Therapist-featured-300x225.jpg",300,225,true],"medium_large":["https:\/\/orato.world\/wp-content\/uploads\/Therapist-featured-770x578.jpg",640,480,true],"large":["https:\/\/orato.world\/wp-content\/uploads\/Therapist-featured-1024x768.jpg",640,480,true],"1536x1536":["https:\/\/orato.world\/wp-content\/uploads\/Therapist-featured.jpg",1280,960,false],"2048x2048":["https:\/\/orato.world\/wp-content\/uploads\/Therapist-featured.jpg",1280,960,false],"gallery-size":["https:\/\/orato.world\/wp-content\/uploads\/Therapist-featured-533x400.jpg",533,400,true],"lets-review-360-240":["https:\/\/orato.world\/wp-content\/uploads\/Therapist-featured-360x240.jpg",360,240,true],"gform-image-choice-sm":["https:\/\/orato.world\/wp-content\/uploads\/Therapist-featured.jpg",300,225,false],"gform-image-choice-md":["https:\/\/orato.world\/wp-content\/uploads\/Therapist-featured.jpg",400,300,false],"gform-image-choice-lg":["https:\/\/orato.world\/wp-content\/uploads\/Therapist-featured.jpg",600,450,false],"awsm_team":["https:\/\/orato.world\/wp-content\/uploads\/Therapist-featured-500x500.jpg",500,500,true]},"uagb_author_info":{"display_name":"Mariela Laksman","author_link":"https:\/\/orato.world\/es\/author\/mariela-laksman\/"},"uagb_comment_info":0,"uagb_excerpt":"Ante tales historias, me vi incapaz de reconstruir sus cuerpos destrozados. Todo lo que pude ofrecerles fue alivio y un hombro para sus l\u00e1grimas, mientras lloraban por el inmenso dolor que sufr\u00edan.","_links":{"self":[{"href":"https:\/\/orato.world\/es\/wp-json\/wp\/v2\/posts\/92139","targetHints":{"allow":["GET"]}}],"collection":[{"href":"https:\/\/orato.world\/es\/wp-json\/wp\/v2\/posts"}],"about":[{"href":"https:\/\/orato.world\/es\/wp-json\/wp\/v2\/types\/post"}],"author":[{"embeddable":true,"href":"https:\/\/orato.world\/es\/wp-json\/wp\/v2\/users\/28"}],"replies":[{"embeddable":true,"href":"https:\/\/orato.world\/es\/wp-json\/wp\/v2\/comments?post=92139"}],"version-history":[{"count":2,"href":"https:\/\/orato.world\/es\/wp-json\/wp\/v2\/posts\/92139\/revisions"}],"predecessor-version":[{"id":92200,"href":"https:\/\/orato.world\/es\/wp-json\/wp\/v2\/posts\/92139\/revisions\/92200"}],"wp:featuredmedia":[{"embeddable":true,"href":"https:\/\/orato.world\/es\/wp-json\/wp\/v2\/media\/91998"}],"wp:attachment":[{"href":"https:\/\/orato.world\/es\/wp-json\/wp\/v2\/media?parent=92139"}],"wp:term":[{"taxonomy":"category","embeddable":true,"href":"https:\/\/orato.world\/es\/wp-json\/wp\/v2\/categories?post=92139"},{"taxonomy":"post_tag","embeddable":true,"href":"https:\/\/orato.world\/es\/wp-json\/wp\/v2\/tags?post=92139"}],"curies":[{"name":"wp","href":"https:\/\/api.w.org\/{rel}","templated":true}]}}