{"id":92171,"date":"2024-05-22T03:00:00","date_gmt":"2024-05-22T10:00:00","guid":{"rendered":"https:\/\/orato.world\/2024\/05\/22\/esto-es-la-guerra-un-lider-en-haiti-arroja-luz-sobre-la-violencia-y-las-violaciones-y-aboga-por-una-solucion-liderada-por-los-haitianos\/"},"modified":"2024-05-23T15:55:24","modified_gmt":"2024-05-23T22:55:24","slug":"esto-es-la-guerra-un-lider-en-haiti-arroja-luz-sobre-la-violencia-y-las-violaciones-y-aboga-por-una-solucion-liderada-por-los-haitianos","status":"publish","type":"post","link":"https:\/\/orato.world\/es\/2024\/05\/22\/esto-es-la-guerra-un-lider-en-haiti-arroja-luz-sobre-la-violencia-y-las-violaciones-y-aboga-por-una-solucion-liderada-por-los-haitianos\/","title":{"rendered":"Esto es la guerra: un l\u00edder en Hait\u00ed arroja luz sobre la violencia y las violaciones, y aboga por una soluci\u00f3n liderada por los haitianos"},"content":{"rendered":"<div class=\"lets-info-up-wrap  lets-info-up--right lets-info-up--m-1 lets-info-up-skin-1 lets-info-up--side\">\t\t\t<div class=\"lets-info-up\">\r\n\t\t\t<div class=\"lets-info-up-fi\"><img loading=\"lazy\" decoding=\"async\" width=\"500\" height=\"500\" src=\"https:\/\/orato.world\/wp-content\/uploads\/1-21-500x500.jpg\" class=\"attachment-lets-info-up-d1 size-lets-info-up-d1\" alt=\"Peasant leader Islanda Micherline Aduel of Haiti advocates for a Haitian-led solution to social collapse.\" srcset=\"https:\/\/orato.world\/wp-content\/uploads\/1-21-500x500.jpg 500w, https:\/\/orato.world\/wp-content\/uploads\/1-21-300x300.jpg 300w, https:\/\/orato.world\/wp-content\/uploads\/1-21-1024x1024.jpg 1024w, https:\/\/orato.world\/wp-content\/uploads\/1-21-100x100.jpg 100w, https:\/\/orato.world\/wp-content\/uploads\/1-21-770x770.jpg 770w, https:\/\/orato.world\/wp-content\/uploads\/1-21-400x400.jpg 400w, https:\/\/orato.world\/wp-content\/uploads\/1-21-150x150.jpg 150w, https:\/\/orato.world\/wp-content\/uploads\/1-21-70x70.jpg 70w, https:\/\/orato.world\/wp-content\/uploads\/1-21-293x293.jpg 293w, https:\/\/orato.world\/wp-content\/uploads\/1-21.jpg 1280w\" sizes=\"auto, (max-width: 500px) 100vw, 500px\" \/><\/div>\t\t\t<div class=\"lets-info-up-block-wrap\">\r\n\t\t\t\t<div class=\"lets-info-up-block lets-info-up-meta-block\"><div class=\"lets-info-up-meta-title lets-info-up-pretitle font-h\">Notas del periodista<\/div><\/div><div class=\"lets-info-up-block lets-info-up-meta-block\"><div class=\"lets-info-up-meta-title lets-info-up-pretitle font-h\">PROTAGONISTA<\/div><div class=\"lets-info-up-meta-content lets-info-up-title font-b\">Siguiendo los pasos de su madre, <a href=\"https:\/\/www.facebook.com\/zegrgregtgt3233\/\" target=\"_blank\" rel=\"noreferrer noopener\">Islanda Micherline Aduel<\/a>, l\u00edder campesina, aboga y defiende los derechos humanos de los miembros de la comunidad rural haitiana. Con Hait\u00ed atravesando profundas crisis pol\u00edticas, econ\u00f3micas y sociales, esta joven haitiana lidera la organizaci\u00f3n campesina T\u00eat Kol\u00e9. Fundada en 1986, T\u00eat Kol\u00e9 moviliz\u00f3 a los campesinos para luchar contra el r\u00e9gimen dictatorial de Duvalier. Desde entonces, los objetivos se han desplazado hacia la defensa de los derechos de los productores locales y la lucha por mejorar sus condiciones de vida. Estas comunidades han sido abandonadas por un <a href=\"https:\/\/www.instagram.com\/aljazeeraenglish\/p\/C6QQsevNAao\/\" target=\"_blank\" rel=\"noreferrer noopener\">Estado fallido<\/a> que no aplica ninguna pol\u00edtica p\u00fablica de apoyo al sector agr\u00edcola.<\/div><\/div><div class=\"lets-info-up-block lets-info-up-meta-block\"><div class=\"lets-info-up-meta-title lets-info-up-pretitle font-h\">Contexto<\/div><div class=\"lets-info-up-meta-content lets-info-up-title font-b\">Hait\u00ed es el pa\u00eds m\u00e1s pobre de Am\u00e9rica y la violencia paramilitar sigue siendo una constante entre d\u00e9cadas de liderazgo. Entre 1957 y 1986, los dictadores Fran\u00e7ois y Jean-Claude Duvalier promovieron la milicia Tonton Macoute para reprimir a la poblaci\u00f3n. En 1995, el Presidente Jean-Bertrand Aristide prohibi\u00f3 las organizaciones paramilitares y disolvi\u00f3 el ej\u00e9rcito, pero no se desarmaron. Adem\u00e1s, Aristide foment\u00f3 la creaci\u00f3n de grupos armados para contener la insurgencia de ex militares contra su gobierno. Como resultado, nuevas bandas siguieron operando en nombre de los partidos, intimidando a los opositores o influyendo en las elecciones. Sin embargo, ganaron autonom\u00eda, empezaron a centrarse en actividades il\u00edcitas, la extorsi\u00f3n y el secuestro, y pr\u00e1cticamente se han apoderado del pa\u00eds. El origen de la actual crisis pol\u00edtica y de seguridad se remonta a julio de 2021, con el asesinato del Presidente Jovenel Mo\u00efse a manos de mercenarios colombianos. Las bandas aprovecharon la inestabilidad pol\u00edtica para ampliar su control territorial. Hoy reinan la violencia extrema, el control de las bandas y las cat\u00e1strofes humanitarias. El presidente de facto Ariel Henry -que sucedi\u00f3 a Jovenel Mo\u00efse, asesinado en 2021- dimiti\u00f3 finalmente el lunes 11 de marzo. A corto plazo, las intervenciones armadas y humanitarias externas parecen inevitables, mientras se celebran debates en Hait\u00ed con la facilitaci\u00f3n de la Comunidad del Caribe (CARICOM) y bajo la presi\u00f3n de Estados Unidos. <a href=\"https:\/\/www.reuters.com\/world\/americas\/haiti-pm-henry-steps-down-transitional-government-takes-power-2024-04-25\/\" target=\"_blank\" rel=\"noreferrer noopener\">M\u00e1s informaci\u00f3n.<\/a><\/div><\/div>\t\t\t<\/div>\r\n\t\t\t<\/div>\r\n\t\t<\/div>\r\n\t\t\n<p>PUERTO PR\u00cdNCIPE, Hait\u00ed \ua7f7 Como haitiano, veo a mi pueblo sumido en la desesperaci\u00f3n, pendiendo de un delgado hilo ante la violencia implacable. A medida que esta violencia nos subyuga, las comunidades se hacen a\u00f1icos. En medio de una grave crisis pol\u00edtica y econ\u00f3mica, luchamos contra la pobreza y el hambre. Se siente como un lento genocidio. Las bandas criminales controlan la capital, Puerto Pr\u00edncipe, y los municipios circundantes, dominando m\u00e1s del 90% del territorio.<\/p>\n\n<p>Act\u00faan con descarada impunidad, aterrorizando a la poblaci\u00f3n mediante secuestros, violaciones, asesinatos y saqueos. En los \u00faltimos meses, vemos que la situaci\u00f3n empeora con el aumento del acaparamiento de tierras. Las bandas han empezado a apoderarse por la fuerza de tierras campesinas, vendi\u00e9ndolas ilegalmente a partes interesadas, lo que agrava la dif\u00edcil situaci\u00f3n de las comunidades rurales a las que represento.<\/p>\n\n<h2 class=\"wp-block-heading\" id=\"h-neighborhoods-are-being-massacred\"><strong>Los barrios est\u00e1n siendo masacrados<\/strong><\/h2>\n\n<p>Cada d\u00eda que pasa, la masacre que tiene lugar en Hait\u00ed duele m\u00e1s. Para huir de la violencia, la gente duerme en las calles y plazas de las ciudades, o se refugia en escuelas, universidades y centros comunitarios, a menudo compartiendo un solo retrete. Mientras algunos permanecen en sus casas como forma de resistencia, otros son brutalmente desalojados por bandas criminales. Por la noche, se puede ver a la gente de pie y durmiendo bajo la lluvia, con el cuerpo temblando de fr\u00edo.<\/p>\n\n<p>Este entorno se ha vuelto asfixiante, como una enorme prisi\u00f3n civil. [As a peasant leader in Haiti] Me encuentro con personas que no pueden trabajar, estudiar u obtener atenci\u00f3n m\u00e9dica. En los campamentos improvisados, algunos llevan una semana sin comer. Desde que la cadena de suministro se colaps\u00f3 por completo, cuando una familia se queda sin harina, az\u00facar, sal y arroz, ya no puede conseguir m\u00e1s. La poblaci\u00f3n pasa a depender de la lluvia para obtener agua y de las organizaciones para distribuir alimentos.<\/p>\n\n<p>Frente a ellos, intento ser fuerte, contener las l\u00e1grimas, pero a menudo no puedo. Cuando empiezo a llorar, nos fundimos en un abrazo interminable: nuestros cuerpos golpean el uno contra el otro mientras sollozamos. Luego, uno a uno, se desvanecen para siempre por muerte o desaparici\u00f3n. A veces, una lluvia de balas inunda el ambiente, y nos ponemos a cubierto mientras la gente corre desesperada, cargada con todas sus pertenencias en maletas y mochilas. Llevan a sus hijos de la mano o en brazos.<\/p>\n\n<h2 class=\"wp-block-heading\" id=\"h-haiti-becomes-a-postcard-from-hell\"><strong>Hait\u00ed se convierte en una postal del infierno<\/strong><\/h2>\n\n<p>Tras esta cat\u00e1strofe, los restos de la violencia se hacen claramente visibles: casas quemadas, comisar\u00edas de polic\u00eda, hospitales y edificios gubernamentales. Vemos coches incinerados, tiendas destrozadas y farolas tiradas por el suelo. Neum\u00e1ticos apilados arden en medio de las calles desprendiendo un humo que sofoca y enturbia el aire. Hombres armados, algunos con la cara medio cubierta, merodean por todas partes.<\/p>\n\n<p>Un d\u00eda, de madrugada, o\u00ed un atronador tiroteo. Sonaron gritos y llantos desesperados, y hu\u00ed a pie. Me encontr\u00e9 en una zona de Puerto Pr\u00edncipe donde el asfalto estaba manchado de sangre. Los cad\u00e1veres yac\u00edan a mi alrededor entre casquillos de bala. La presencia de las fuerzas del orden y de algunos veh\u00edculos blindados sigui\u00f3 siendo escasa. Las calles estaban pr\u00e1cticamente desiertas, salvo los que hu\u00edan para salvar su vida y los medios de comunicaci\u00f3n que intentaban cubrir lo que estaba ocurriendo.<\/p>\n\n<p>Se trata de la peor crisis humanitaria que ha sufrido Hait\u00ed desde el terremoto de 2010, del que a\u00fan no nos hab\u00edamos recuperado del todo. Los que depend\u00edan de la venta ambulante se ven radicalmente afectados. Llamadas Madansaras, palabra criolla que designa a un ave n\u00f3mada, estas campesinas sol\u00edan llevar sobre la cabeza coloridas cestas llenas de frutas y verduras. Trabajaban todo el d\u00eda para vender sus productos en la capital. Ahora no pueden sobrevivir.<\/p>\n\n<p>A medida que Puerto Pr\u00edncipe se a\u00edsla del resto del mundo, sus recursos disminuyen. Las bandas bloquean las carreteras de entrada y salida de la ciudad, y el aeropuerto internacional y el puerto mar\u00edtimo permanecen cerrados. En las \u00faltimas semanas se han cometido actos de vandalismo en hospitales y se han asaltado almacenes y contenedores que almacenaban alimentos y suministros esenciales. El tejido social se desintegra.<\/p>\n\n<h2 class=\"wp-block-heading\" id=\"h-sexual-violence-against-women-and-girls-rises-in-haiti\"><strong>Aumenta la violencia sexual contra mujeres y ni\u00f1as en Hait\u00ed<\/strong><\/h2>\n\n<p>En los barrios de Puerto Pr\u00edncipe y en las periferias, comprendemos que las bandas no protejan a la gente. Se alzan contra nosotros mientras viven con nosotros; nos acechan como presas. La violaci\u00f3n se convierte en un arma de guerra, ya que las bandas luchan contra sus rivales para controlar las comunidades y el territorio. Al escuchar los testimonios de las supervivientes, soy testigo de sus dificultades para recuperarse f\u00edsica y mentalmente en la desolaci\u00f3n, algunas violadas dos o tres veces.<\/p>\n\n<p>Una joven madre treinta\u00f1era, afligida por la muerte de su marido y su beb\u00e9, se vio arrastrada por la violencia de las bandas. La violaron y luego la secuestraron, junto con otras muchas mujeres. Estos campesinos haitianos hab\u00edan viajado en autob\u00fas para comercializar sus productos en un barrio al norte de la capital cuando los hombres se acercaron, amenazando con matarlos.<\/p>\n\n<p>Durante los tres d\u00edas de cautiverio, los hombres las golpearon y violaron repetidamente, haciendo todo lo impensable. Los hombres violaron en grupo a las mujeres mientras las agred\u00edan e incluso abusaron de ellas despu\u00e9s de que se desmayaran. Una mujer record\u00f3 que recuper\u00f3 el conocimiento mientras segu\u00edan viol\u00e1ndola y suplicaba a los hombres que la mataran. Al final, los hombres las echaron desnudas. Denunciar el incidente a la polic\u00eda le pareci\u00f3 in\u00fatil, as\u00ed que la joven madre luch\u00f3 por curarse sola, combatiendo una infecci\u00f3n causada por la violencia sexual. Al escuchar sus historias y recordarlas despu\u00e9s, se me salen las l\u00e1grimas.<\/p>\n\n<p>Un n\u00famero incalculable de mujeres haitianas se enfrentan cada d\u00eda a dificultades y peligros extremos s\u00f3lo para sobrevivir y mantener con vida a sus hijos. El aumento de la inseguridad en Hait\u00ed pone en peligro la vida de miles de mujeres embarazadas, ya que los cortes de carretera y las violentas erupciones las dejan sin acceso a atenci\u00f3n m\u00e9dica. A menudo dan a luz en casa e incluso mueren en avanzado estado de gestaci\u00f3n junto con sus hijos no nacidos. Las bandas no tienen piedad.<\/p>\n\n<h2 class=\"wp-block-heading\" id=\"h-the-faces-of-people-in-haiti-remain-marked-by-deep-sadness\"><strong>Los rostros de los haitianos siguen marcados por una profunda tristeza<\/strong><\/h2>\n\n<p>Hoy en Hait\u00ed, la incertidumbre y el miedo se extienden como p\u00f3lvora. La violencia alcanza m\u00e1ximos hist\u00f3ricos mientras las bandas se apoderan de la capital, Puerto Pr\u00edncipe, y sus alrededores. En las \u00faltimas semanas, han atacado y arrollado comunidades hasta entonces pac\u00edficas, matando e hiriendo a civiles inocentes a su paso.<\/p>\n\n<p>Aumenta el temor de que pronto puedan hacerse con el control de todo Puerto Pr\u00edncipe. A trav\u00e9s de mi organizaci\u00f3n T\u00eat Kol\u00e9, que representa al pueblo campesino de Hait\u00ed, lucho por defender los derechos humanos de los campesinos [agricultores, productores agr\u00edcolas y miembros de comunidades rurales]. Durante mucho tiempo, el movimiento campesino ha buscado mejorar sus condiciones de vida, pero ahora resulta especialmente cr\u00edtico en el contexto de Hait\u00ed.<\/p>\n\n<p>En las trincheras resisto y lucho. Esta es mi gente. Su sangre es mi sangre. Esta es nuestra tierra. Tom\u00e9 la decisi\u00f3n de quedarme en Hait\u00ed para contribuir a un futuro mejor. [Como l\u00edder nacional de la comunidad campesina y de los derechos de la mujer, Islanda Micherline Aduel escribi\u00f3 recientemente un art\u00edculo de opini\u00f3n para <a href=\"https:\/\/www.aljazeera.com\/opinions\/2024\/4\/22\/another-foreign-intervention-will-not-solve-the-crisis-in-haiti\">Al Jazeera<\/a>, abogando por una soluci\u00f3n haitiana a la actual crisis del pa\u00eds, en lugar de una soluci\u00f3n imperialista dirigida por entidades extranjeras. A finales de abril de 2024, <a href=\"https:\/\/www.reuters.com\/world\/americas\/haiti-pm-henry-steps-down-transitional-government-takes-power-2024-04-25\/\">Hait\u00ed nombr\u00f3 un nuevo consejo de transici\u00f3n<\/a> para empezar a abordar los problemas y reconstruir el gobierno].<\/p>\n","protected":false},"excerpt":{"rendered":"<p>Frente a ellos, intento ser fuerte, contener las l\u00e1grimas, pero a menudo no puedo. Cuando empiezo a llorar, nos fundimos en un abrazo interminable: nuestros cuerpos golpean el uno contra el otro mientras sollozamos. Luego, uno a uno, se desvanecen para siempre por muerte o desaparici\u00f3n. <\/p>\n","protected":false},"author":28,"featured_media":91954,"comment_status":"open","ping_status":"open","sticky":false,"template":"","format":"standard","meta":{"_acf_changed":false,"_uag_custom_page_level_css":"","_lmt_disableupdate":"","_lmt_disable":"","footnotes":""},"categories":[260,874],"tags":[8825,8824,8495,3023,2704],"class_list":["post-92171","post","type-post","status-publish","format-standard","has-post-thumbnail","hentry","category-conflicto","category-crimen-y-corrupcion-es","tag-crisis-en-haiti","tag-crisis-humanitaria","tag-haiti-es","tag-norteamerica","tag-violencia-de-pandillas"],"acf":[],"yoast_head":"<!-- This site is optimized with the Yoast SEO Premium plugin v27.5 (Yoast SEO v27.5) - https:\/\/yoast.com\/product\/yoast-seo-premium-wordpress\/ -->\n<title>Una l\u00edder en Hait\u00ed arroja luz sobre la violencia y las violaciones<\/title>\n<meta name=\"description\" content=\"Esto es la guerra: una l\u00edder rural de Hait\u00ed arroja luz sobre la violencia y las violaciones que se est\u00e1n produciendo, y aboga por una soluci\u00f3n liderada por los haitianos\" \/>\n<meta name=\"robots\" content=\"index, follow, max-snippet:-1, max-image-preview:large, max-video-preview:-1\" \/>\n<link rel=\"canonical\" href=\"https:\/\/orato.world\/es\/2024\/05\/22\/esto-es-la-guerra-un-lider-en-haiti-arroja-luz-sobre-la-violencia-y-las-violaciones-y-aboga-por-una-solucion-liderada-por-los-haitianos\/\" \/>\n<meta property=\"og:locale\" content=\"es_ES\" \/>\n<meta property=\"og:type\" content=\"article\" \/>\n<meta property=\"og:title\" content=\"Esto es la guerra: un l\u00edder en Hait\u00ed arroja luz sobre la violencia y las violaciones, y aboga por una soluci\u00f3n liderada por los haitianos\" \/>\n<meta property=\"og:description\" content=\"Esto es la guerra: una l\u00edder rural de Hait\u00ed arroja luz sobre la violencia y las violaciones que se est\u00e1n produciendo, y aboga por una soluci\u00f3n liderada por los haitianos\" \/>\n<meta property=\"og:url\" content=\"https:\/\/orato.world\/es\/2024\/05\/22\/esto-es-la-guerra-un-lider-en-haiti-arroja-luz-sobre-la-violencia-y-las-violaciones-y-aboga-por-una-solucion-liderada-por-los-haitianos\/\" \/>\n<meta property=\"og:site_name\" content=\"Orato\" \/>\n<meta property=\"article:publisher\" content=\"https:\/\/www.facebook.com\/OratoWorld\/\" \/>\n<meta property=\"article:published_time\" content=\"2024-05-22T10:00:00+00:00\" \/>\n<meta property=\"article:modified_time\" content=\"2024-05-23T22:55:24+00:00\" \/>\n<meta property=\"og:image\" content=\"https:\/\/orato.world\/wp-content\/uploads\/9-6.jpg\" \/>\n\t<meta property=\"og:image:width\" content=\"1280\" \/>\n\t<meta property=\"og:image:height\" content=\"960\" \/>\n\t<meta property=\"og:image:type\" content=\"image\/jpeg\" \/>\n<meta name=\"author\" content=\"Mariela Laksman\" \/>\n<meta name=\"twitter:card\" content=\"summary_large_image\" \/>\n<meta name=\"twitter:creator\" content=\"@oratoworld\" \/>\n<meta name=\"twitter:site\" content=\"@oratoworld\" \/>\n<meta name=\"twitter:label1\" content=\"Escrito por\" \/>\n\t<meta name=\"twitter:data1\" content=\"Mariela Laksman\" \/>\n\t<meta name=\"twitter:label2\" content=\"Tiempo de lectura\" \/>\n\t<meta name=\"twitter:data2\" content=\"7 minutos\" \/>\n<script type=\"application\/ld+json\" class=\"yoast-schema-graph\">{\"@context\":\"https:\\\/\\\/schema.org\",\"@graph\":[{\"@type\":\"NewsArticle\",\"@id\":\"https:\\\/\\\/orato.world\\\/es\\\/2024\\\/05\\\/22\\\/esto-es-la-guerra-un-lider-en-haiti-arroja-luz-sobre-la-violencia-y-las-violaciones-y-aboga-por-una-solucion-liderada-por-los-haitianos\\\/#article\",\"isPartOf\":{\"@id\":\"https:\\\/\\\/orato.world\\\/es\\\/2024\\\/05\\\/22\\\/esto-es-la-guerra-un-lider-en-haiti-arroja-luz-sobre-la-violencia-y-las-violaciones-y-aboga-por-una-solucion-liderada-por-los-haitianos\\\/\"},\"author\":{\"name\":\"Mariela Laksman\",\"@id\":\"https:\\\/\\\/orato.world\\\/es\\\/#\\\/schema\\\/person\\\/d4a4a9a63551641850068c20e93613a5\"},\"headline\":\"Esto es la guerra: un l\u00edder en Hait\u00ed arroja luz sobre la violencia y las violaciones, y aboga por una soluci\u00f3n liderada por los haitianos\",\"datePublished\":\"2024-05-22T10:00:00+00:00\",\"dateModified\":\"2024-05-23T22:55:24+00:00\",\"mainEntityOfPage\":{\"@id\":\"https:\\\/\\\/orato.world\\\/es\\\/2024\\\/05\\\/22\\\/esto-es-la-guerra-un-lider-en-haiti-arroja-luz-sobre-la-violencia-y-las-violaciones-y-aboga-por-una-solucion-liderada-por-los-haitianos\\\/\"},\"wordCount\":1367,\"commentCount\":0,\"publisher\":{\"@id\":\"https:\\\/\\\/orato.world\\\/es\\\/#organization\"},\"image\":{\"@id\":\"https:\\\/\\\/orato.world\\\/es\\\/2024\\\/05\\\/22\\\/esto-es-la-guerra-un-lider-en-haiti-arroja-luz-sobre-la-violencia-y-las-violaciones-y-aboga-por-una-solucion-liderada-por-los-haitianos\\\/#primaryimage\"},\"thumbnailUrl\":\"https:\\\/\\\/orato.world\\\/wp-content\\\/uploads\\\/9-6.jpg\",\"keywords\":[\"Crisis en Hait\u00ed\",\"Crisis humanitaria\",\"Hait\u00ed\",\"Norteam\u00e9rica\",\"Violencia de pandillas\"],\"articleSection\":[\"Conflicto\",\"Crimen y corrupci\u00f3n\"],\"inLanguage\":\"es\",\"potentialAction\":[{\"@type\":\"CommentAction\",\"name\":\"Comment\",\"target\":[\"https:\\\/\\\/orato.world\\\/es\\\/2024\\\/05\\\/22\\\/esto-es-la-guerra-un-lider-en-haiti-arroja-luz-sobre-la-violencia-y-las-violaciones-y-aboga-por-una-solucion-liderada-por-los-haitianos\\\/#respond\"]}]},{\"@type\":\"WebPage\",\"@id\":\"https:\\\/\\\/orato.world\\\/es\\\/2024\\\/05\\\/22\\\/esto-es-la-guerra-un-lider-en-haiti-arroja-luz-sobre-la-violencia-y-las-violaciones-y-aboga-por-una-solucion-liderada-por-los-haitianos\\\/\",\"url\":\"https:\\\/\\\/orato.world\\\/es\\\/2024\\\/05\\\/22\\\/esto-es-la-guerra-un-lider-en-haiti-arroja-luz-sobre-la-violencia-y-las-violaciones-y-aboga-por-una-solucion-liderada-por-los-haitianos\\\/\",\"name\":\"Una l\u00edder en Hait\u00ed arroja luz sobre la violencia y las violaciones\",\"isPartOf\":{\"@id\":\"https:\\\/\\\/orato.world\\\/es\\\/#website\"},\"primaryImageOfPage\":{\"@id\":\"https:\\\/\\\/orato.world\\\/es\\\/2024\\\/05\\\/22\\\/esto-es-la-guerra-un-lider-en-haiti-arroja-luz-sobre-la-violencia-y-las-violaciones-y-aboga-por-una-solucion-liderada-por-los-haitianos\\\/#primaryimage\"},\"image\":{\"@id\":\"https:\\\/\\\/orato.world\\\/es\\\/2024\\\/05\\\/22\\\/esto-es-la-guerra-un-lider-en-haiti-arroja-luz-sobre-la-violencia-y-las-violaciones-y-aboga-por-una-solucion-liderada-por-los-haitianos\\\/#primaryimage\"},\"thumbnailUrl\":\"https:\\\/\\\/orato.world\\\/wp-content\\\/uploads\\\/9-6.jpg\",\"datePublished\":\"2024-05-22T10:00:00+00:00\",\"dateModified\":\"2024-05-23T22:55:24+00:00\",\"description\":\"Esto es la guerra: una l\u00edder rural de Hait\u00ed arroja luz sobre la violencia y las violaciones que se est\u00e1n produciendo, y aboga por una soluci\u00f3n liderada por los haitianos\",\"breadcrumb\":{\"@id\":\"https:\\\/\\\/orato.world\\\/es\\\/2024\\\/05\\\/22\\\/esto-es-la-guerra-un-lider-en-haiti-arroja-luz-sobre-la-violencia-y-las-violaciones-y-aboga-por-una-solucion-liderada-por-los-haitianos\\\/#breadcrumb\"},\"inLanguage\":\"es\",\"potentialAction\":[{\"@type\":\"ReadAction\",\"target\":[\"https:\\\/\\\/orato.world\\\/es\\\/2024\\\/05\\\/22\\\/esto-es-la-guerra-un-lider-en-haiti-arroja-luz-sobre-la-violencia-y-las-violaciones-y-aboga-por-una-solucion-liderada-por-los-haitianos\\\/\"]}]},{\"@type\":\"ImageObject\",\"inLanguage\":\"es\",\"@id\":\"https:\\\/\\\/orato.world\\\/es\\\/2024\\\/05\\\/22\\\/esto-es-la-guerra-un-lider-en-haiti-arroja-luz-sobre-la-violencia-y-las-violaciones-y-aboga-por-una-solucion-liderada-por-los-haitianos\\\/#primaryimage\",\"url\":\"https:\\\/\\\/orato.world\\\/wp-content\\\/uploads\\\/9-6.jpg\",\"contentUrl\":\"https:\\\/\\\/orato.world\\\/wp-content\\\/uploads\\\/9-6.jpg\",\"width\":1280,\"height\":960,\"caption\":\"Life in Haiti has become a struggle for survival amid gang violence and lawlessness. | Photo courtesy of Islanda Micherline Aduel\"},{\"@type\":\"BreadcrumbList\",\"@id\":\"https:\\\/\\\/orato.world\\\/es\\\/2024\\\/05\\\/22\\\/esto-es-la-guerra-un-lider-en-haiti-arroja-luz-sobre-la-violencia-y-las-violaciones-y-aboga-por-una-solucion-liderada-por-los-haitianos\\\/#breadcrumb\",\"itemListElement\":[{\"@type\":\"ListItem\",\"position\":1,\"name\":\"Home\",\"item\":\"https:\\\/\\\/orato.world\\\/es\\\/\"},{\"@type\":\"ListItem\",\"position\":2,\"name\":\"Esto es la guerra: un l\u00edder en Hait\u00ed arroja luz sobre la violencia y las violaciones, y aboga por una soluci\u00f3n liderada por los haitianos\"}]},{\"@type\":\"WebSite\",\"@id\":\"https:\\\/\\\/orato.world\\\/es\\\/#website\",\"url\":\"https:\\\/\\\/orato.world\\\/es\\\/\",\"name\":\"Orato\",\"description\":\"True Stories. Real People\",\"publisher\":{\"@id\":\"https:\\\/\\\/orato.world\\\/es\\\/#organization\"},\"potentialAction\":[{\"@type\":\"SearchAction\",\"target\":{\"@type\":\"EntryPoint\",\"urlTemplate\":\"https:\\\/\\\/orato.world\\\/es\\\/?s={search_term_string}\"},\"query-input\":{\"@type\":\"PropertyValueSpecification\",\"valueRequired\":true,\"valueName\":\"search_term_string\"}}],\"inLanguage\":\"es\"},{\"@type\":\"Organization\",\"@id\":\"https:\\\/\\\/orato.world\\\/es\\\/#organization\",\"name\":\"Orato World Media Inc.\",\"url\":\"https:\\\/\\\/orato.world\\\/es\\\/\",\"logo\":{\"@type\":\"ImageObject\",\"inLanguage\":\"es\",\"@id\":\"https:\\\/\\\/orato.world\\\/es\\\/#\\\/schema\\\/logo\\\/image\\\/\",\"url\":\"https:\\\/\\\/orato.world\\\/wp-content\\\/uploads\\\/2020\\\/07\\\/orato-logo-transparent.png\",\"contentUrl\":\"https:\\\/\\\/orato.world\\\/wp-content\\\/uploads\\\/2020\\\/07\\\/orato-logo-transparent.png\",\"width\":78,\"height\":73,\"caption\":\"Orato World Media Inc.\"},\"image\":{\"@id\":\"https:\\\/\\\/orato.world\\\/es\\\/#\\\/schema\\\/logo\\\/image\\\/\"},\"sameAs\":[\"https:\\\/\\\/www.facebook.com\\\/OratoWorld\\\/\",\"https:\\\/\\\/x.com\\\/oratoworld\",\"https:\\\/\\\/www.instagram.com\\\/oratoworld\",\"https:\\\/\\\/www.linkedin.com\\\/company\\\/42308818\\\/\"]},{\"@type\":\"Person\",\"@id\":\"https:\\\/\\\/orato.world\\\/es\\\/#\\\/schema\\\/person\\\/d4a4a9a63551641850068c20e93613a5\",\"name\":\"Mariela Laksman\",\"image\":{\"@type\":\"ImageObject\",\"inLanguage\":\"es\",\"@id\":\"https:\\\/\\\/secure.gravatar.com\\\/avatar\\\/133ba1b69c2a2b7c782cce9999c26555b6bc9af9e382e5e8f8e3fc285015d1b7?s=96&d=mm&r=g\",\"url\":\"https:\\\/\\\/secure.gravatar.com\\\/avatar\\\/133ba1b69c2a2b7c782cce9999c26555b6bc9af9e382e5e8f8e3fc285015d1b7?s=96&d=mm&r=g\",\"contentUrl\":\"https:\\\/\\\/secure.gravatar.com\\\/avatar\\\/133ba1b69c2a2b7c782cce9999c26555b6bc9af9e382e5e8f8e3fc285015d1b7?s=96&d=mm&r=g\",\"caption\":\"Mariela Laksman\"},\"description\":\"Image and Sound Designer, Integral Audiovisual and Journalistic Producer, writer, and teacher. I started working when I was very young; Since 2001, I was a producer for different television programs, documentary films, radio, and generating creative content for different organizations and companies. I won the award: \\\"Nuevo Sudaca Border\\\" with the microfiction book \\\"Un Tigre con la Boca Abierta\\\", for Eloisa Cartonera Editorial. I am passionate about telling stories and writing.\",\"url\":\"https:\\\/\\\/orato.world\\\/es\\\/author\\\/mariela-laksman\\\/\"}]}<\/script>\n<!-- \/ Yoast SEO Premium plugin. -->","yoast_head_json":{"title":"Una l\u00edder en Hait\u00ed arroja luz sobre la violencia y las violaciones","description":"Esto es la guerra: una l\u00edder rural de Hait\u00ed arroja luz sobre la violencia y las violaciones que se est\u00e1n produciendo, y aboga por una soluci\u00f3n liderada por los haitianos","robots":{"index":"index","follow":"follow","max-snippet":"max-snippet:-1","max-image-preview":"max-image-preview:large","max-video-preview":"max-video-preview:-1"},"canonical":"https:\/\/orato.world\/es\/2024\/05\/22\/esto-es-la-guerra-un-lider-en-haiti-arroja-luz-sobre-la-violencia-y-las-violaciones-y-aboga-por-una-solucion-liderada-por-los-haitianos\/","og_locale":"es_ES","og_type":"article","og_title":"Esto es la guerra: un l\u00edder en Hait\u00ed arroja luz sobre la violencia y las violaciones, y aboga por una soluci\u00f3n liderada por los haitianos","og_description":"Esto es la guerra: una l\u00edder rural de Hait\u00ed arroja luz sobre la violencia y las violaciones que se est\u00e1n produciendo, y aboga por una soluci\u00f3n liderada por los haitianos","og_url":"https:\/\/orato.world\/es\/2024\/05\/22\/esto-es-la-guerra-un-lider-en-haiti-arroja-luz-sobre-la-violencia-y-las-violaciones-y-aboga-por-una-solucion-liderada-por-los-haitianos\/","og_site_name":"Orato","article_publisher":"https:\/\/www.facebook.com\/OratoWorld\/","article_published_time":"2024-05-22T10:00:00+00:00","article_modified_time":"2024-05-23T22:55:24+00:00","og_image":[{"width":1280,"height":960,"url":"https:\/\/orato.world\/wp-content\/uploads\/9-6.jpg","type":"image\/jpeg"}],"author":"Mariela Laksman","twitter_card":"summary_large_image","twitter_creator":"@oratoworld","twitter_site":"@oratoworld","twitter_misc":{"Escrito por":"Mariela Laksman","Tiempo de lectura":"7 minutos"},"schema":{"@context":"https:\/\/schema.org","@graph":[{"@type":"NewsArticle","@id":"https:\/\/orato.world\/es\/2024\/05\/22\/esto-es-la-guerra-un-lider-en-haiti-arroja-luz-sobre-la-violencia-y-las-violaciones-y-aboga-por-una-solucion-liderada-por-los-haitianos\/#article","isPartOf":{"@id":"https:\/\/orato.world\/es\/2024\/05\/22\/esto-es-la-guerra-un-lider-en-haiti-arroja-luz-sobre-la-violencia-y-las-violaciones-y-aboga-por-una-solucion-liderada-por-los-haitianos\/"},"author":{"name":"Mariela Laksman","@id":"https:\/\/orato.world\/es\/#\/schema\/person\/d4a4a9a63551641850068c20e93613a5"},"headline":"Esto es la guerra: un l\u00edder en Hait\u00ed arroja luz sobre la violencia y las violaciones, y aboga por una soluci\u00f3n liderada por los haitianos","datePublished":"2024-05-22T10:00:00+00:00","dateModified":"2024-05-23T22:55:24+00:00","mainEntityOfPage":{"@id":"https:\/\/orato.world\/es\/2024\/05\/22\/esto-es-la-guerra-un-lider-en-haiti-arroja-luz-sobre-la-violencia-y-las-violaciones-y-aboga-por-una-solucion-liderada-por-los-haitianos\/"},"wordCount":1367,"commentCount":0,"publisher":{"@id":"https:\/\/orato.world\/es\/#organization"},"image":{"@id":"https:\/\/orato.world\/es\/2024\/05\/22\/esto-es-la-guerra-un-lider-en-haiti-arroja-luz-sobre-la-violencia-y-las-violaciones-y-aboga-por-una-solucion-liderada-por-los-haitianos\/#primaryimage"},"thumbnailUrl":"https:\/\/orato.world\/wp-content\/uploads\/9-6.jpg","keywords":["Crisis en Hait\u00ed","Crisis humanitaria","Hait\u00ed","Norteam\u00e9rica","Violencia de pandillas"],"articleSection":["Conflicto","Crimen y corrupci\u00f3n"],"inLanguage":"es","potentialAction":[{"@type":"CommentAction","name":"Comment","target":["https:\/\/orato.world\/es\/2024\/05\/22\/esto-es-la-guerra-un-lider-en-haiti-arroja-luz-sobre-la-violencia-y-las-violaciones-y-aboga-por-una-solucion-liderada-por-los-haitianos\/#respond"]}]},{"@type":"WebPage","@id":"https:\/\/orato.world\/es\/2024\/05\/22\/esto-es-la-guerra-un-lider-en-haiti-arroja-luz-sobre-la-violencia-y-las-violaciones-y-aboga-por-una-solucion-liderada-por-los-haitianos\/","url":"https:\/\/orato.world\/es\/2024\/05\/22\/esto-es-la-guerra-un-lider-en-haiti-arroja-luz-sobre-la-violencia-y-las-violaciones-y-aboga-por-una-solucion-liderada-por-los-haitianos\/","name":"Una l\u00edder en Hait\u00ed arroja luz sobre la violencia y las violaciones","isPartOf":{"@id":"https:\/\/orato.world\/es\/#website"},"primaryImageOfPage":{"@id":"https:\/\/orato.world\/es\/2024\/05\/22\/esto-es-la-guerra-un-lider-en-haiti-arroja-luz-sobre-la-violencia-y-las-violaciones-y-aboga-por-una-solucion-liderada-por-los-haitianos\/#primaryimage"},"image":{"@id":"https:\/\/orato.world\/es\/2024\/05\/22\/esto-es-la-guerra-un-lider-en-haiti-arroja-luz-sobre-la-violencia-y-las-violaciones-y-aboga-por-una-solucion-liderada-por-los-haitianos\/#primaryimage"},"thumbnailUrl":"https:\/\/orato.world\/wp-content\/uploads\/9-6.jpg","datePublished":"2024-05-22T10:00:00+00:00","dateModified":"2024-05-23T22:55:24+00:00","description":"Esto es la guerra: una l\u00edder rural de Hait\u00ed arroja luz sobre la violencia y las violaciones que se est\u00e1n produciendo, y aboga por una soluci\u00f3n liderada por los haitianos","breadcrumb":{"@id":"https:\/\/orato.world\/es\/2024\/05\/22\/esto-es-la-guerra-un-lider-en-haiti-arroja-luz-sobre-la-violencia-y-las-violaciones-y-aboga-por-una-solucion-liderada-por-los-haitianos\/#breadcrumb"},"inLanguage":"es","potentialAction":[{"@type":"ReadAction","target":["https:\/\/orato.world\/es\/2024\/05\/22\/esto-es-la-guerra-un-lider-en-haiti-arroja-luz-sobre-la-violencia-y-las-violaciones-y-aboga-por-una-solucion-liderada-por-los-haitianos\/"]}]},{"@type":"ImageObject","inLanguage":"es","@id":"https:\/\/orato.world\/es\/2024\/05\/22\/esto-es-la-guerra-un-lider-en-haiti-arroja-luz-sobre-la-violencia-y-las-violaciones-y-aboga-por-una-solucion-liderada-por-los-haitianos\/#primaryimage","url":"https:\/\/orato.world\/wp-content\/uploads\/9-6.jpg","contentUrl":"https:\/\/orato.world\/wp-content\/uploads\/9-6.jpg","width":1280,"height":960,"caption":"Life in Haiti has become a struggle for survival amid gang violence and lawlessness. | Photo courtesy of Islanda Micherline Aduel"},{"@type":"BreadcrumbList","@id":"https:\/\/orato.world\/es\/2024\/05\/22\/esto-es-la-guerra-un-lider-en-haiti-arroja-luz-sobre-la-violencia-y-las-violaciones-y-aboga-por-una-solucion-liderada-por-los-haitianos\/#breadcrumb","itemListElement":[{"@type":"ListItem","position":1,"name":"Home","item":"https:\/\/orato.world\/es\/"},{"@type":"ListItem","position":2,"name":"Esto es la guerra: un l\u00edder en Hait\u00ed arroja luz sobre la violencia y las violaciones, y aboga por una soluci\u00f3n liderada por los haitianos"}]},{"@type":"WebSite","@id":"https:\/\/orato.world\/es\/#website","url":"https:\/\/orato.world\/es\/","name":"Orato","description":"True Stories. Real People","publisher":{"@id":"https:\/\/orato.world\/es\/#organization"},"potentialAction":[{"@type":"SearchAction","target":{"@type":"EntryPoint","urlTemplate":"https:\/\/orato.world\/es\/?s={search_term_string}"},"query-input":{"@type":"PropertyValueSpecification","valueRequired":true,"valueName":"search_term_string"}}],"inLanguage":"es"},{"@type":"Organization","@id":"https:\/\/orato.world\/es\/#organization","name":"Orato World Media Inc.","url":"https:\/\/orato.world\/es\/","logo":{"@type":"ImageObject","inLanguage":"es","@id":"https:\/\/orato.world\/es\/#\/schema\/logo\/image\/","url":"https:\/\/orato.world\/wp-content\/uploads\/2020\/07\/orato-logo-transparent.png","contentUrl":"https:\/\/orato.world\/wp-content\/uploads\/2020\/07\/orato-logo-transparent.png","width":78,"height":73,"caption":"Orato World Media Inc."},"image":{"@id":"https:\/\/orato.world\/es\/#\/schema\/logo\/image\/"},"sameAs":["https:\/\/www.facebook.com\/OratoWorld\/","https:\/\/x.com\/oratoworld","https:\/\/www.instagram.com\/oratoworld","https:\/\/www.linkedin.com\/company\/42308818\/"]},{"@type":"Person","@id":"https:\/\/orato.world\/es\/#\/schema\/person\/d4a4a9a63551641850068c20e93613a5","name":"Mariela Laksman","image":{"@type":"ImageObject","inLanguage":"es","@id":"https:\/\/secure.gravatar.com\/avatar\/133ba1b69c2a2b7c782cce9999c26555b6bc9af9e382e5e8f8e3fc285015d1b7?s=96&d=mm&r=g","url":"https:\/\/secure.gravatar.com\/avatar\/133ba1b69c2a2b7c782cce9999c26555b6bc9af9e382e5e8f8e3fc285015d1b7?s=96&d=mm&r=g","contentUrl":"https:\/\/secure.gravatar.com\/avatar\/133ba1b69c2a2b7c782cce9999c26555b6bc9af9e382e5e8f8e3fc285015d1b7?s=96&d=mm&r=g","caption":"Mariela Laksman"},"description":"Image and Sound Designer, Integral Audiovisual and Journalistic Producer, writer, and teacher. I started working when I was very young; Since 2001, I was a producer for different television programs, documentary films, radio, and generating creative content for different organizations and companies. I won the award: \"Nuevo Sudaca Border\" with the microfiction book \"Un Tigre con la Boca Abierta\", for Eloisa Cartonera Editorial. I am passionate about telling stories and writing.","url":"https:\/\/orato.world\/es\/author\/mariela-laksman\/"}]}},"modified_by":null,"uagb_featured_image_src":{"full":["https:\/\/orato.world\/wp-content\/uploads\/9-6.jpg",1280,960,false],"thumbnail":["https:\/\/orato.world\/wp-content\/uploads\/9-6-100x100.jpg",100,100,true],"medium":["https:\/\/orato.world\/wp-content\/uploads\/9-6-300x225.jpg",300,225,true],"medium_large":["https:\/\/orato.world\/wp-content\/uploads\/9-6-770x578.jpg",640,480,true],"large":["https:\/\/orato.world\/wp-content\/uploads\/9-6-1024x768.jpg",640,480,true],"1536x1536":["https:\/\/orato.world\/wp-content\/uploads\/9-6.jpg",1280,960,false],"2048x2048":["https:\/\/orato.world\/wp-content\/uploads\/9-6.jpg",1280,960,false],"gallery-size":["https:\/\/orato.world\/wp-content\/uploads\/9-6-533x400.jpg",533,400,true],"lets-review-360-240":["https:\/\/orato.world\/wp-content\/uploads\/9-6-360x240.jpg",360,240,true],"gform-image-choice-sm":["https:\/\/orato.world\/wp-content\/uploads\/9-6.jpg",300,225,false],"gform-image-choice-md":["https:\/\/orato.world\/wp-content\/uploads\/9-6.jpg",400,300,false],"gform-image-choice-lg":["https:\/\/orato.world\/wp-content\/uploads\/9-6.jpg",600,450,false],"awsm_team":["https:\/\/orato.world\/wp-content\/uploads\/9-6-500x500.jpg",500,500,true]},"uagb_author_info":{"display_name":"Mariela Laksman","author_link":"https:\/\/orato.world\/es\/author\/mariela-laksman\/"},"uagb_comment_info":0,"uagb_excerpt":"Frente a ellos, intento ser fuerte, contener las l\u00e1grimas, pero a menudo no puedo. Cuando empiezo a llorar, nos fundimos en un abrazo interminable: nuestros cuerpos golpean el uno contra el otro mientras sollozamos. Luego, uno a uno, se desvanecen para siempre por muerte o desaparici\u00f3n.","_links":{"self":[{"href":"https:\/\/orato.world\/es\/wp-json\/wp\/v2\/posts\/92171","targetHints":{"allow":["GET"]}}],"collection":[{"href":"https:\/\/orato.world\/es\/wp-json\/wp\/v2\/posts"}],"about":[{"href":"https:\/\/orato.world\/es\/wp-json\/wp\/v2\/types\/post"}],"author":[{"embeddable":true,"href":"https:\/\/orato.world\/es\/wp-json\/wp\/v2\/users\/28"}],"replies":[{"embeddable":true,"href":"https:\/\/orato.world\/es\/wp-json\/wp\/v2\/comments?post=92171"}],"version-history":[{"count":1,"href":"https:\/\/orato.world\/es\/wp-json\/wp\/v2\/posts\/92171\/revisions"}],"predecessor-version":[{"id":92172,"href":"https:\/\/orato.world\/es\/wp-json\/wp\/v2\/posts\/92171\/revisions\/92172"}],"wp:featuredmedia":[{"embeddable":true,"href":"https:\/\/orato.world\/es\/wp-json\/wp\/v2\/media\/91954"}],"wp:attachment":[{"href":"https:\/\/orato.world\/es\/wp-json\/wp\/v2\/media?parent=92171"}],"wp:term":[{"taxonomy":"category","embeddable":true,"href":"https:\/\/orato.world\/es\/wp-json\/wp\/v2\/categories?post=92171"},{"taxonomy":"post_tag","embeddable":true,"href":"https:\/\/orato.world\/es\/wp-json\/wp\/v2\/tags?post=92171"}],"curies":[{"name":"wp","href":"https:\/\/api.w.org\/{rel}","templated":true}]}}