{"id":92768,"date":"2024-06-06T03:00:00","date_gmt":"2024-06-06T10:00:00","guid":{"rendered":"https:\/\/orato.world\/2024\/06\/06\/una-atleta-francesa-bate-un-nuevo-record-al-escalar-la-torre-eiffel-con-una-sola-cuerda-y-alcanzar-los-110-metros\/"},"modified":"2024-06-11T14:21:19","modified_gmt":"2024-06-11T21:21:19","slug":"una-atleta-francesa-bate-un-nuevo-record-al-escalar-la-torre-eiffel-con-una-sola-cuerda-y-alcanzar-los-110-metros","status":"publish","type":"post","link":"https:\/\/orato.world\/es\/2024\/06\/06\/una-atleta-francesa-bate-un-nuevo-record-al-escalar-la-torre-eiffel-con-una-sola-cuerda-y-alcanzar-los-110-metros\/","title":{"rendered":"Una atleta francesa bate un nuevo r\u00e9cord al escalar la Torre Eiffel con una sola cuerda y alcanzar los 110 metros"},"content":{"rendered":"<div class=\"lets-info-up-wrap  lets-info-up--right lets-info-up--m-1 lets-info-up-skin-1 lets-info-up--side\">\t\t\t<div class=\"lets-info-up\">\r\n\t\t\t<div class=\"lets-info-up-fi\"><img loading=\"lazy\" decoding=\"async\" width=\"500\" height=\"500\" src=\"https:\/\/orato.world\/wp-content\/uploads\/interview-subject-1-1-500x500.jpg\" class=\"attachment-lets-info-up-d1 size-lets-info-up-d1\" alt=\"France&#039;s Anouk Garnier celebrates the new world record set by climbing 110 meters of the Eiffel Tower on a rope in Paris on April 10, 2024.\" srcset=\"https:\/\/orato.world\/wp-content\/uploads\/interview-subject-1-1-500x500.jpg 500w, https:\/\/orato.world\/wp-content\/uploads\/interview-subject-1-1-300x300.jpg 300w, https:\/\/orato.world\/wp-content\/uploads\/interview-subject-1-1-100x100.jpg 100w, https:\/\/orato.world\/wp-content\/uploads\/interview-subject-1-1-770x770.jpg 770w, https:\/\/orato.world\/wp-content\/uploads\/interview-subject-1-1-400x400.jpg 400w, https:\/\/orato.world\/wp-content\/uploads\/interview-subject-1-1-150x150.jpg 150w, https:\/\/orato.world\/wp-content\/uploads\/interview-subject-1-1-70x70.jpg 70w, https:\/\/orato.world\/wp-content\/uploads\/interview-subject-1-1-293x293.jpg 293w, https:\/\/orato.world\/wp-content\/uploads\/interview-subject-1-1.jpg 864w\" sizes=\"auto, (max-width: 500px) 100vw, 500px\" \/><\/div>\t\t\t<div class=\"lets-info-up-block-wrap\">\r\n\t\t\t\t<div class=\"lets-info-up-block lets-info-up-meta-block\"><div class=\"lets-info-up-meta-title lets-info-up-pretitle font-h\">NOTAS DEL PERIODISTA<\/div><\/div><div class=\"lets-info-up-block lets-info-up-meta-block\"><div class=\"lets-info-up-meta-title lets-info-up-pretitle font-h\">PROTAGONISTA<\/div><div class=\"lets-info-up-meta-content lets-info-up-title font-b\">Anouk Garnier es atleta de \u00e9lite de obst\u00e1culos y entrenadora deportiva. Es bicampeona del mundo de obst\u00e1culos y consigui\u00f3 escalar la Torre Eiffel con una cuerda libre, batiendo el r\u00e9cord mundial al subir 110 metros. Es incansable; seg\u00fan sus propias palabras, siempre que se propone algo, da el 150%. Hace malabarismos a diario con las distintas manifestaciones de una misma pasi\u00f3n: superarse a trav\u00e9s de la actividad f\u00edsica. Garnier ha sido seleccionada para llevar la antorcha ol\u00edmpica, en representaci\u00f3n de Francia, en la ceremonia de los Juegos Ol\u00edmpicos de Par\u00eds.<\/div><\/div><div class=\"lets-info-up-block lets-info-up-meta-block\"><div class=\"lets-info-up-meta-title lets-info-up-pretitle font-h\">CONTEXTO<\/div><div class=\"lets-info-up-meta-content lets-info-up-title font-b\">El buildering, o escalada urbana, es el acto de escalar edificios, puentes, monumentos y otras estructuras artificiales diseminadas por las ciudades. El t\u00e9rmino \u00abbuildering\u00bb procede de la combinaci\u00f3n de \u00abboulder\u00bb y \u00abbuilding\u00bb. Este tipo de escalada tambi\u00e9n se conoce como edificaci\u00f3n, estructuraci\u00f3n, skywalking o, simplemente, escalada urbana. Algunas ascensiones est\u00e1n asociadas a la escalada en solitario o libre, en la que los escaladores escalan edificios de alturas considerables sin cuerdas ni protecci\u00f3n. Tambi\u00e9n est\u00e1 relacionado con el b\u00falder; en la mayor\u00eda de los casos, los escaladores intentan realizar movimientos complejos y secuencias dif\u00edciles cerca del suelo, utilizando unas colchonetas para protegerse.<br>M\u00e1s informaci\u00f3n: <a href=\"https:\/\/woguclimbing.com\/buildering-escalada-urbana-sobre-edificios-estructuras-artificiales\/\">\u00bfQu\u00e9 es Buildering? | WOGU | Cultura de escalada (woguclimbing.com)<\/a><\/div><\/div>\t\t\t<\/div>\r\n\t\t\t<\/div>\r\n\t\t<\/div>\r\n\t\t\n<p>PAR\u00cdS, Francia &#8211; En 2022, consegu\u00ed el prestigioso t\u00edtulo de doble campe\u00f3n del mundo de obst\u00e1culos. <em>[Seg\u00fan los <a href=\"https:\/\/olympics.com\/en\/news\/steeplechase-rules-regulations-and-all-you-need-to-know\">Juegos Ol\u00edmpicos,<\/a> la carrera de obst\u00e1culos es una \u00abprueba de pista en la que los participantes superan diversos obst\u00e1culos -barreras fijas y saltos de agua- durante el transcurso de una carrera de 3.000 metros\u00bb]<\/em>.<\/p>\n\n<p>Con la medalla en la mano, ansiaba un nuevo reto. Entonces supe de Mathilde Steensgaard y Thomas Van Tonder, que ostentan r\u00e9cords de escalada con cuerda a 26 y 90 metros en la \u00d3pera de Copenhague, respectivamente. Al o\u00edr hablar de sus haza\u00f1as, pens\u00e9: \u00ab\u00a1Eso no es mucho! \u00bfQu\u00e9 monumento podr\u00eda escalar yo?\u00bb. <\/p>\n\n<p>La respuesta no se hizo esperar: la Torre Eiffel, el monumento m\u00e1s emblem\u00e1tico de Francia. Empec\u00e9 a so\u00f1ar con conquistarla, no s\u00f3lo por gloria personal, sino por una causa muy querida para m\u00ed. Fui testigo de la incre\u00edble lucha de mi madre, que luchaba cada d\u00eda contra el c\u00e1ncer. Inspirada por su fuerza, decid\u00ed escalar la Torre Eiffel para recaudar fondos para la Liga Contra el C\u00e1ncer <em>[una asociaci\u00f3n de inter\u00e9s p\u00fablico dedicada a ayudar a enfermos de c\u00e1ncer].<\/em> <\/p>\n\n<p><em><a href=\"https:\/\/orato.world\/es\/category\/arte-y-cultura-es\/\"><strong>Leer m\u00e1s art\u00edculos sobre Arte y Cultura en Orato World Media. <\/strong><\/a><\/em><\/p>\n\n<h2 class=\"wp-block-heading\" id=\"h-from-dreams-to-reality-climbing-the-eiffel-tower-nbsp\"><strong>De los sue\u00f1os a la realidad: subir a la Torre Eiffel <\/strong><\/h2>\n\n<p>Desde muy joven me aficion\u00e9 a las aventuras al aire libre y a la gimnasia, trepando a los \u00e1rboles y dominando giros, saltos y piruetas. Mi esp\u00edritu competitivo me impulsaba a luchar por lo mejor, y me esforzaba por conseguirlo. As\u00ed pues, fij\u00e9 mi vista en la Torre Eiffel, un sue\u00f1o largamente acariciado.<\/p>\n\n<p>Me embarqu\u00e9 en un entrenamiento riguroso, centrado en la resistencia. Durante un a\u00f1o, dediqu\u00e9 mi vida a comer, entrenar y dormir. Ning\u00fan tiempo me disuadi\u00f3. Corr\u00ed al amanecer, bajo la lluvia o la nieve, y trep\u00e9 por cuerdas durante kil\u00f3metros, sintiendo c\u00f3mo mi cuerpo se fortalec\u00eda cada d\u00eda. <\/p>\n\n<p>El 10 de abril de 2024, una radiante ma\u00f1ana de mi\u00e9rcoles, se me llenaron los ojos de l\u00e1grimas ante la Torre Eiffel. Mi madre, de pie ante m\u00ed, me agarr\u00f3 las manos, me mir\u00f3 a los ojos e hizo un gesto hacia mi sue\u00f1o. El peso del momento me abrumaba y la emoci\u00f3n me recorr\u00eda las venas. <\/p>\n\n<p>Respir\u00e9 hondo, abrac\u00e9 a mi madre y me puse un salvavidas y un arn\u00e9s, lista para embarcarme en mi aventura ante cientos de personas. Despu\u00e9s de calentar y asegurar la configuraci\u00f3n t\u00e9cnica con mi equipo, me puse los auriculares y me dej\u00e9 envolver por \u00abTime\u00bb de Hans Zimmer. La m\u00fasica me infundi\u00f3 una energ\u00eda y una emoci\u00f3n incre\u00edbles, impuls\u00e1ndome hacia delante mientras daba el primer paso y comenzaba mi ascenso. Sub\u00ed con la respiraci\u00f3n sincronizada con la m\u00fasica \u00e9pica y los latidos de mi coraz\u00f3n. Mis extremidades se mov\u00edan en armon\u00eda, convergiendo todas en una \u00fanica danza r\u00edtmica. <\/p>\n\n<h2 class=\"wp-block-heading\" id=\"h-the-breathtaking-view-from-the-eiffel-tower-took-the-woman-back-to-her-childhood-nbsp\"><strong>Las impresionantes vistas desde la Torre Eiffel la transportaron a su infancia. <\/strong><\/h2>\n\n<p>Al comenzar el ascenso, sub\u00ed sin problemas los primeros 10 metros hasta que me di cuenta de que la cuerda de seguridad se enredaba con la de escalada. Preocupada pero decidida a no dejarme llevar por el p\u00e1nico, detuve mi ascenso. Suspendida en el aire, busqu\u00e9 la seguridad de mi equipo. Lo comprobaron todo meticulosamente, como un equipo de boxes de F\u00f3rmula 1, y me indicaron que procediera. <\/p>\n\n<p>Con cada movimiento hacia arriba, mi equipo recog\u00eda la cuerda floja de abajo, lo que me permit\u00eda enganchar los pies y aliviar la carga de su peso de 70 kilos. Este trabajo en equipo result\u00f3 crucial a medida que aumentaba la intensidad de la subida. Al acercarme al segundo piso de la Torre Eiffel, mis m\u00fasculos se fatigaron a un ritmo alarmante, mi coraz\u00f3n se aceler\u00f3 y me sent\u00ed entorpecido. <\/p>\n\n<p><\/p>\n<div class=\"wp-block-image\">\n<figure class=\"aligncenter size-large\"><img loading=\"lazy\" decoding=\"async\" width=\"1024\" height=\"768\" src=\"https:\/\/orato.world\/wp-content\/uploads\/france-1-1024x768.jpg\" alt=\"\" class=\"wp-image-92452\" srcset=\"https:\/\/orato.world\/wp-content\/uploads\/france-1-1024x768.jpg 1024w, https:\/\/orato.world\/wp-content\/uploads\/france-1-300x225.jpg 300w, https:\/\/orato.world\/wp-content\/uploads\/france-1-770x578.jpg 770w, https:\/\/orato.world\/wp-content\/uploads\/france-1-533x400.jpg 533w, https:\/\/orato.world\/wp-content\/uploads\/france-1.jpg 1280w\" sizes=\"auto, (max-width: 1024px) 100vw, 1024px\" \/><figcaption class=\"wp-element-caption\">Desde muy peque\u00f1a, Anouk Garnier se dedic\u00f3 con entusiasmo a las aventuras al aire libre y a la gimnasia. <strong>| Foto cortes\u00eda del equipo de Anouk Garnier<\/strong><\/figcaption><\/figure>\n<\/div>\n<p><\/p>\n\n<p>El fr\u00edo penetrante del d\u00eda exacerb\u00f3 mi congesti\u00f3n muscular y mi fatiga, infligi\u00e9ndome dolor y miedo. Hice una pausa, pendiendo de un hilo, para reunir fuerzas y valor. En medio de la inmensidad, me sorprendi\u00f3 la belleza que me rodeaba. Las impresionantes vistas, la suave caricia del viento, el cielo azul sin nubes, la ciudad que se extend\u00eda bajo la grandeza de la torre&#8230; todo me transport\u00f3 a mi infancia. En lo alto de un \u00e1rbol, me sent\u00ed en la cima del mundo.<\/p>\n\n<p>En ese momento de asombro, los pensamientos sobre el perdurable viaje de mi madre, sus luchas y el calor de su abrazo cuando salt\u00e9 a sus brazos me llenaron de determinaci\u00f3n. Record\u00e9 la importancia de llegar a la meta, no s\u00f3lo para m\u00ed, sino tambi\u00e9n para ella. Esta escalada fue algo m\u00e1s que un reto f\u00edsico: fue una prueba de mi fortaleza mental y mi resistencia. <\/p>\n\n<h2 class=\"wp-block-heading\" id=\"h-maintaining-composure-battling-panic-amid-the-eiffel-tower-ascent-nbsp\"><strong>Mantener la compostura: luchar contra el p\u00e1nico en la subida a la Torre Eiffel <\/strong><\/h2>\n\n<p>Al embarcarme en el reto \u00fanico de trepar por la cuerda de la Torre Eiffel, me compromet\u00ed a hacer breves pausas cada 10 movimientos para controlar las molestias que me imped\u00edan avanzar. Estos momentos de reflexi\u00f3n me permitieron encontrar un ritmo y mantener la concentraci\u00f3n en el presente. Me recordaron la singular oportunidad que ten\u00eda ante m\u00ed: una escalada que nadie m\u00e1s hab\u00eda intentado. Abrazando mi fortuna, segu\u00ed adelante con determinaci\u00f3n. <\/p>\n\n<p>El tiempo pasaba y el ascenso se hac\u00eda m\u00e1s intenso. Me esforc\u00e9 por agarrar la cuerda y comunicarme con mi equipo; la emoci\u00f3n ahogaba mi voz. Empez\u00f3 a cundir el p\u00e1nico, pero sab\u00eda que ten\u00eda que mantener la compostura en esos momentos cruciales. Con una sensaci\u00f3n de urgencia, grit\u00e9: \u00ab\u00a1Dame m\u00e1s cuerda!\u00bb. Mi equipo respondi\u00f3 de inmediato, sus voces se mezclaban con el clamor de la subida, llen\u00e1ndome de adrenalina. <\/p>\n\n<p><\/p>\n<div class=\"wp-block-image\">\n<figure class=\"aligncenter size-large\"><img loading=\"lazy\" decoding=\"async\" width=\"1024\" height=\"768\" src=\"https:\/\/orato.world\/wp-content\/uploads\/france-3-1024x768.jpg\" alt=\"\" class=\"wp-image-92454\" srcset=\"https:\/\/orato.world\/wp-content\/uploads\/france-3-1024x768.jpg 1024w, https:\/\/orato.world\/wp-content\/uploads\/france-3-300x225.jpg 300w, https:\/\/orato.world\/wp-content\/uploads\/france-3-770x578.jpg 770w, https:\/\/orato.world\/wp-content\/uploads\/france-3-533x400.jpg 533w, https:\/\/orato.world\/wp-content\/uploads\/france-3.jpg 1280w\" sizes=\"auto, (max-width: 1024px) 100vw, 1024px\" \/><figcaption class=\"wp-element-caption\">Anouk Garnier ha sido dos veces campeona del mundo de obst\u00e1culos. <strong>| Foto cortes\u00eda del equipo de Anouk Garnier<\/strong><\/figcaption><\/figure>\n<\/div>\n<p><\/p>\n\n<p>| Foto cortes\u00eda del equipo de Anouk Garnier El tiempo parec\u00eda ralentizarse a medida que me acercaba a la \u00faltima planta, la culminaci\u00f3n de innumerables visualizaciones ahora al alcance de la mano. Toqu\u00e9 el suelo del monumento y se desat\u00f3 la alegr\u00eda. El momento parec\u00eda irreal, un sue\u00f1o convertido en realidad. <\/p>\n\n<p>Lo celebr\u00e9 con mi equipo, nuestros gritos de alegr\u00eda atravesaron el aire y levant\u00e9 un brazo en se\u00f1al de triunfo. Brotaron l\u00e1grimas imparables, testimonio del poder de los sue\u00f1os y de la incesante persecuci\u00f3n de los mismos. De pie en la l\u00ednea de meta, experiment\u00e9 la sensaci\u00f3n de logro m\u00e1s profunda que jam\u00e1s hab\u00eda conocido.<\/p>\n\n<h2 class=\"wp-block-heading\" id=\"h-tears-cheers-and-embraces-await-as-woman-conquers-challenge-in-18-minutes\"><strong>L\u00e1grimas, aplausos y abrazos para una mujer que supera un reto en 18 minutos<\/strong><\/h2>\n\n<p>El cable de seguridad me baj\u00f3, equipada y lista para el descenso. A medida que descend\u00eda, los aplausos y los gritos se hac\u00edan m\u00e1s fuertes. Observ\u00e9 a la multitud y vi a mi hermano con l\u00e1grimas en los ojos, a mis abuelos radiantes de orgullo, a mis amigos anim\u00e1ndome y al p\u00fablico: un mar de caras. Y all\u00ed, en el centro de todo, estaba mi madre con los brazos abiertos, esper\u00e1ndome.<\/p>\n\n<p>Nos fundimos en un abrazo interminable, mezcla de alivio, alegr\u00eda y logro. Lo hab\u00eda conseguido, hab\u00eda superado el reto y lo hab\u00eda hecho todo por mi madre. A pesar de no apuntar al cron\u00f3metro, ascend\u00ed en s\u00f3lo 18 minutos, que me parecieron una eternidad.<\/p>\n\n<p><\/p>\n<div class=\"wp-block-image\">\n<figure class=\"aligncenter size-large\"><img loading=\"lazy\" decoding=\"async\" width=\"1024\" height=\"768\" src=\"https:\/\/orato.world\/wp-content\/uploads\/france-2-1024x768.jpg\" alt=\"\" class=\"wp-image-92456\" srcset=\"https:\/\/orato.world\/wp-content\/uploads\/france-2-1024x768.jpg 1024w, https:\/\/orato.world\/wp-content\/uploads\/france-2-300x225.jpg 300w, https:\/\/orato.world\/wp-content\/uploads\/france-2-770x578.jpg 770w, https:\/\/orato.world\/wp-content\/uploads\/france-2-533x400.jpg 533w, https:\/\/orato.world\/wp-content\/uploads\/france-2.jpg 1280w\" sizes=\"auto, (max-width: 1024px) 100vw, 1024px\" \/><figcaption class=\"wp-element-caption\">Garnier es seleccionada para llevar la antorcha ol\u00edmpica, en representaci\u00f3n de Francia, en la ceremonia de los Juegos Ol\u00edmpicos de Par\u00eds. <strong>| Foto cortes\u00eda del equipo de Anouk Garnier<\/strong><\/figcaption><\/figure>\n<\/div>\n<p><\/p>\n\n<p>Esa escalada me transform\u00f3. No se trataba s\u00f3lo de resistir f\u00edsicamente, sino de desarrollar la fortaleza mental. Recorrer ese camino me fortaleci\u00f3 y aument\u00f3 mi confianza. Ahora, de pie frente a la Torre Eiffel, la percibo de otro modo. Cada vez que contemplo esa emblem\u00e1tica estructura, recuerdo cuando colgaba de la cuerda, sent\u00eda el viento en la cara y experimentaba la emoci\u00f3n de desafiar a la gravedad. Me pregunto: \u00ab\u00bfDe verdad lo he hecho?\u00bb. Entonces sonr\u00edo, sintiendo una mezcla de incredulidad y orgullo.<\/p>\n\n<p>Aunque me gustar\u00eda tomarme un descanso, no tengo tiempo en mi agenda. Vuelvo a sumergirme en las carreras de obst\u00e1culos, una pasi\u00f3n que hab\u00eda abandonado brevemente. Adem\u00e1s, ya estoy planeando mis pr\u00f3ximos desaf\u00edos. Quiero escalar otro monumento, aunque a\u00fan no he decidido cu\u00e1l ni d\u00f3nde. Mi objetivo es escalar algo alto. El evento en el que participo suele llamarse Monumental 100, pero tengo previsto llegar a 200. <\/p>\n","protected":false},"excerpt":{"rendered":"<p>A medida que descend\u00eda, los aplausos y los gritos se hac\u00edan m\u00e1s fuertes. Observ\u00e9 a la multitud y vi a mi hermano con l\u00e1grimas en los ojos, a mis abuelos radiantes de orgullo, a mis amigos anim\u00e1ndome y al p\u00fablico: un mar de caras. Y all\u00ed, en el centro de todo, estaba mi madre con los brazos abiertos, esper\u00e1ndome.<\/p>\n","protected":false},"author":28,"featured_media":92451,"comment_status":"open","ping_status":"open","sticky":false,"template":"","format":"standard","meta":{"_acf_changed":false,"_uag_custom_page_level_css":"","_lmt_disableupdate":"","_lmt_disable":"","footnotes":""},"categories":[334,261,416],"tags":[349,8906,8862,3060,6554,4347,8908,3734,5335,8907],"class_list":["post-92768","post","type-post","status-publish","format-standard","has-post-thumbnail","hentry","category-deportes","category-sexo-y-genero","category-viajes-y-aventuras","tag-cancer-es","tag-carrera-de-obstaculos","tag-empoderamiento-de-la-mujer","tag-europa","tag-formula-uno","tag-francia","tag-gimnasia","tag-mujer-atleta","tag-paris-es-2","tag-torre-eiffel"],"acf":[],"yoast_head":"<!-- This site is optimized with the Yoast SEO Premium plugin v27.4 (Yoast SEO v27.4) - https:\/\/yoast.com\/product\/yoast-seo-premium-wordpress\/ -->\n<title>Una atleta francesa bate un nuevo r\u00e9cord al escalar la Torre Eiffel con una sola cuerda<\/title>\n<meta name=\"description\" content=\"La atleta francesa Anouk Garnier bate el r\u00e9cord mundial al escalar la Torre Eiffel con una sola cuerda, alcanzando los 110 metros.\" \/>\n<meta name=\"robots\" content=\"index, follow, max-snippet:-1, max-image-preview:large, max-video-preview:-1\" \/>\n<link rel=\"canonical\" href=\"https:\/\/orato.world\/es\/2024\/06\/06\/una-atleta-francesa-bate-un-nuevo-record-al-escalar-la-torre-eiffel-con-una-sola-cuerda-y-alcanzar-los-110-metros\/\" \/>\n<meta property=\"og:locale\" content=\"es_ES\" \/>\n<meta property=\"og:type\" content=\"article\" \/>\n<meta property=\"og:title\" content=\"Una atleta francesa bate un nuevo r\u00e9cord al escalar la Torre Eiffel con una sola cuerda y alcanzar los 110 metros\" \/>\n<meta property=\"og:description\" content=\"La atleta francesa Anouk Garnier bate el r\u00e9cord mundial al escalar la Torre Eiffel con una sola cuerda, alcanzando los 110 metros.\" \/>\n<meta property=\"og:url\" content=\"https:\/\/orato.world\/es\/2024\/06\/06\/una-atleta-francesa-bate-un-nuevo-record-al-escalar-la-torre-eiffel-con-una-sola-cuerda-y-alcanzar-los-110-metros\/\" \/>\n<meta property=\"og:site_name\" content=\"Orato\" \/>\n<meta property=\"article:publisher\" content=\"https:\/\/www.facebook.com\/OratoWorld\/\" \/>\n<meta property=\"article:published_time\" content=\"2024-06-06T10:00:00+00:00\" \/>\n<meta property=\"article:modified_time\" content=\"2024-06-11T21:21:19+00:00\" \/>\n<meta property=\"og:image\" content=\"https:\/\/orato.world\/wp-content\/uploads\/featured-france.jpg\" \/>\n\t<meta property=\"og:image:width\" content=\"1280\" \/>\n\t<meta property=\"og:image:height\" content=\"960\" \/>\n\t<meta property=\"og:image:type\" content=\"image\/jpeg\" \/>\n<meta name=\"author\" content=\"Mariela Laksman\" \/>\n<meta name=\"twitter:card\" content=\"summary_large_image\" \/>\n<meta name=\"twitter:creator\" content=\"@oratoworld\" \/>\n<meta name=\"twitter:site\" content=\"@oratoworld\" \/>\n<meta name=\"twitter:label1\" content=\"Escrito por\" \/>\n\t<meta name=\"twitter:data1\" content=\"Mariela Laksman\" \/>\n\t<meta name=\"twitter:label2\" content=\"Tiempo de lectura\" \/>\n\t<meta name=\"twitter:data2\" content=\"8 minutos\" \/>\n<script type=\"application\/ld+json\" class=\"yoast-schema-graph\">{\"@context\":\"https:\\\/\\\/schema.org\",\"@graph\":[{\"@type\":\"NewsArticle\",\"@id\":\"https:\\\/\\\/orato.world\\\/es\\\/2024\\\/06\\\/06\\\/una-atleta-francesa-bate-un-nuevo-record-al-escalar-la-torre-eiffel-con-una-sola-cuerda-y-alcanzar-los-110-metros\\\/#article\",\"isPartOf\":{\"@id\":\"https:\\\/\\\/orato.world\\\/es\\\/2024\\\/06\\\/06\\\/una-atleta-francesa-bate-un-nuevo-record-al-escalar-la-torre-eiffel-con-una-sola-cuerda-y-alcanzar-los-110-metros\\\/\"},\"author\":{\"name\":\"Mariela Laksman\",\"@id\":\"https:\\\/\\\/orato.world\\\/es\\\/#\\\/schema\\\/person\\\/d4a4a9a63551641850068c20e93613a5\"},\"headline\":\"Una atleta francesa bate un nuevo r\u00e9cord al escalar la Torre Eiffel con una sola cuerda y alcanzar los 110 metros\",\"datePublished\":\"2024-06-06T10:00:00+00:00\",\"dateModified\":\"2024-06-11T21:21:19+00:00\",\"mainEntityOfPage\":{\"@id\":\"https:\\\/\\\/orato.world\\\/es\\\/2024\\\/06\\\/06\\\/una-atleta-francesa-bate-un-nuevo-record-al-escalar-la-torre-eiffel-con-una-sola-cuerda-y-alcanzar-los-110-metros\\\/\"},\"wordCount\":1523,\"commentCount\":0,\"publisher\":{\"@id\":\"https:\\\/\\\/orato.world\\\/es\\\/#organization\"},\"image\":{\"@id\":\"https:\\\/\\\/orato.world\\\/es\\\/2024\\\/06\\\/06\\\/una-atleta-francesa-bate-un-nuevo-record-al-escalar-la-torre-eiffel-con-una-sola-cuerda-y-alcanzar-los-110-metros\\\/#primaryimage\"},\"thumbnailUrl\":\"https:\\\/\\\/orato.world\\\/wp-content\\\/uploads\\\/featured-france.jpg\",\"keywords\":[\"Cancer\",\"carrera de obst\u00e1culos\",\"empoderamiento de la mujer\",\"Europa\",\"formula uno\",\"Francia\",\"gimnasia\",\"Mujer atleta\",\"Paris\",\"Torre Eiffel\"],\"articleSection\":[\"Deportes\",\"Sexo y g\u00e9nero\",\"Viajes y aventuras\"],\"inLanguage\":\"es\",\"potentialAction\":[{\"@type\":\"CommentAction\",\"name\":\"Comment\",\"target\":[\"https:\\\/\\\/orato.world\\\/es\\\/2024\\\/06\\\/06\\\/una-atleta-francesa-bate-un-nuevo-record-al-escalar-la-torre-eiffel-con-una-sola-cuerda-y-alcanzar-los-110-metros\\\/#respond\"]}]},{\"@type\":\"WebPage\",\"@id\":\"https:\\\/\\\/orato.world\\\/es\\\/2024\\\/06\\\/06\\\/una-atleta-francesa-bate-un-nuevo-record-al-escalar-la-torre-eiffel-con-una-sola-cuerda-y-alcanzar-los-110-metros\\\/\",\"url\":\"https:\\\/\\\/orato.world\\\/es\\\/2024\\\/06\\\/06\\\/una-atleta-francesa-bate-un-nuevo-record-al-escalar-la-torre-eiffel-con-una-sola-cuerda-y-alcanzar-los-110-metros\\\/\",\"name\":\"Una atleta francesa bate un nuevo r\u00e9cord al escalar la Torre Eiffel con una sola cuerda\",\"isPartOf\":{\"@id\":\"https:\\\/\\\/orato.world\\\/es\\\/#website\"},\"primaryImageOfPage\":{\"@id\":\"https:\\\/\\\/orato.world\\\/es\\\/2024\\\/06\\\/06\\\/una-atleta-francesa-bate-un-nuevo-record-al-escalar-la-torre-eiffel-con-una-sola-cuerda-y-alcanzar-los-110-metros\\\/#primaryimage\"},\"image\":{\"@id\":\"https:\\\/\\\/orato.world\\\/es\\\/2024\\\/06\\\/06\\\/una-atleta-francesa-bate-un-nuevo-record-al-escalar-la-torre-eiffel-con-una-sola-cuerda-y-alcanzar-los-110-metros\\\/#primaryimage\"},\"thumbnailUrl\":\"https:\\\/\\\/orato.world\\\/wp-content\\\/uploads\\\/featured-france.jpg\",\"datePublished\":\"2024-06-06T10:00:00+00:00\",\"dateModified\":\"2024-06-11T21:21:19+00:00\",\"description\":\"La atleta francesa Anouk Garnier bate el r\u00e9cord mundial al escalar la Torre Eiffel con una sola cuerda, alcanzando los 110 metros.\",\"breadcrumb\":{\"@id\":\"https:\\\/\\\/orato.world\\\/es\\\/2024\\\/06\\\/06\\\/una-atleta-francesa-bate-un-nuevo-record-al-escalar-la-torre-eiffel-con-una-sola-cuerda-y-alcanzar-los-110-metros\\\/#breadcrumb\"},\"inLanguage\":\"es\",\"potentialAction\":[{\"@type\":\"ReadAction\",\"target\":[\"https:\\\/\\\/orato.world\\\/es\\\/2024\\\/06\\\/06\\\/una-atleta-francesa-bate-un-nuevo-record-al-escalar-la-torre-eiffel-con-una-sola-cuerda-y-alcanzar-los-110-metros\\\/\"]}]},{\"@type\":\"ImageObject\",\"inLanguage\":\"es\",\"@id\":\"https:\\\/\\\/orato.world\\\/es\\\/2024\\\/06\\\/06\\\/una-atleta-francesa-bate-un-nuevo-record-al-escalar-la-torre-eiffel-con-una-sola-cuerda-y-alcanzar-los-110-metros\\\/#primaryimage\",\"url\":\"https:\\\/\\\/orato.world\\\/wp-content\\\/uploads\\\/featured-france.jpg\",\"contentUrl\":\"https:\\\/\\\/orato.world\\\/wp-content\\\/uploads\\\/featured-france.jpg\",\"width\":1280,\"height\":960,\"caption\":\"Anouk Garnier of France set a new world record by climbing 110 meters of the Eiffel Tower on a rope in Paris. | Photo courtesy of Anouk Garnier's Team\"},{\"@type\":\"BreadcrumbList\",\"@id\":\"https:\\\/\\\/orato.world\\\/es\\\/2024\\\/06\\\/06\\\/una-atleta-francesa-bate-un-nuevo-record-al-escalar-la-torre-eiffel-con-una-sola-cuerda-y-alcanzar-los-110-metros\\\/#breadcrumb\",\"itemListElement\":[{\"@type\":\"ListItem\",\"position\":1,\"name\":\"Home\",\"item\":\"https:\\\/\\\/orato.world\\\/es\\\/\"},{\"@type\":\"ListItem\",\"position\":2,\"name\":\"Una atleta francesa bate un nuevo r\u00e9cord al escalar la Torre Eiffel con una sola cuerda y alcanzar los 110 metros\"}]},{\"@type\":\"WebSite\",\"@id\":\"https:\\\/\\\/orato.world\\\/es\\\/#website\",\"url\":\"https:\\\/\\\/orato.world\\\/es\\\/\",\"name\":\"Orato\",\"description\":\"True Stories. Real People\",\"publisher\":{\"@id\":\"https:\\\/\\\/orato.world\\\/es\\\/#organization\"},\"potentialAction\":[{\"@type\":\"SearchAction\",\"target\":{\"@type\":\"EntryPoint\",\"urlTemplate\":\"https:\\\/\\\/orato.world\\\/es\\\/?s={search_term_string}\"},\"query-input\":{\"@type\":\"PropertyValueSpecification\",\"valueRequired\":true,\"valueName\":\"search_term_string\"}}],\"inLanguage\":\"es\"},{\"@type\":\"Organization\",\"@id\":\"https:\\\/\\\/orato.world\\\/es\\\/#organization\",\"name\":\"Orato World Media Inc.\",\"url\":\"https:\\\/\\\/orato.world\\\/es\\\/\",\"logo\":{\"@type\":\"ImageObject\",\"inLanguage\":\"es\",\"@id\":\"https:\\\/\\\/orato.world\\\/es\\\/#\\\/schema\\\/logo\\\/image\\\/\",\"url\":\"https:\\\/\\\/orato.world\\\/wp-content\\\/uploads\\\/2020\\\/07\\\/orato-logo-transparent.png\",\"contentUrl\":\"https:\\\/\\\/orato.world\\\/wp-content\\\/uploads\\\/2020\\\/07\\\/orato-logo-transparent.png\",\"width\":78,\"height\":73,\"caption\":\"Orato World Media Inc.\"},\"image\":{\"@id\":\"https:\\\/\\\/orato.world\\\/es\\\/#\\\/schema\\\/logo\\\/image\\\/\"},\"sameAs\":[\"https:\\\/\\\/www.facebook.com\\\/OratoWorld\\\/\",\"https:\\\/\\\/x.com\\\/oratoworld\",\"https:\\\/\\\/www.instagram.com\\\/oratoworld\",\"https:\\\/\\\/www.linkedin.com\\\/company\\\/42308818\\\/\"]},{\"@type\":\"Person\",\"@id\":\"https:\\\/\\\/orato.world\\\/es\\\/#\\\/schema\\\/person\\\/d4a4a9a63551641850068c20e93613a5\",\"name\":\"Mariela Laksman\",\"image\":{\"@type\":\"ImageObject\",\"inLanguage\":\"es\",\"@id\":\"https:\\\/\\\/secure.gravatar.com\\\/avatar\\\/133ba1b69c2a2b7c782cce9999c26555b6bc9af9e382e5e8f8e3fc285015d1b7?s=96&d=mm&r=g\",\"url\":\"https:\\\/\\\/secure.gravatar.com\\\/avatar\\\/133ba1b69c2a2b7c782cce9999c26555b6bc9af9e382e5e8f8e3fc285015d1b7?s=96&d=mm&r=g\",\"contentUrl\":\"https:\\\/\\\/secure.gravatar.com\\\/avatar\\\/133ba1b69c2a2b7c782cce9999c26555b6bc9af9e382e5e8f8e3fc285015d1b7?s=96&d=mm&r=g\",\"caption\":\"Mariela Laksman\"},\"description\":\"Image and Sound Designer, Integral Audiovisual and Journalistic Producer, writer, and teacher. I started working when I was very young; Since 2001, I was a producer for different television programs, documentary films, radio, and generating creative content for different organizations and companies. I won the award: \\\"Nuevo Sudaca Border\\\" with the microfiction book \\\"Un Tigre con la Boca Abierta\\\", for Eloisa Cartonera Editorial. I am passionate about telling stories and writing.\",\"url\":\"https:\\\/\\\/orato.world\\\/es\\\/author\\\/mariela-laksman\\\/\"}]}<\/script>\n<!-- \/ Yoast SEO Premium plugin. -->","yoast_head_json":{"title":"Una atleta francesa bate un nuevo r\u00e9cord al escalar la Torre Eiffel con una sola cuerda","description":"La atleta francesa Anouk Garnier bate el r\u00e9cord mundial al escalar la Torre Eiffel con una sola cuerda, alcanzando los 110 metros.","robots":{"index":"index","follow":"follow","max-snippet":"max-snippet:-1","max-image-preview":"max-image-preview:large","max-video-preview":"max-video-preview:-1"},"canonical":"https:\/\/orato.world\/es\/2024\/06\/06\/una-atleta-francesa-bate-un-nuevo-record-al-escalar-la-torre-eiffel-con-una-sola-cuerda-y-alcanzar-los-110-metros\/","og_locale":"es_ES","og_type":"article","og_title":"Una atleta francesa bate un nuevo r\u00e9cord al escalar la Torre Eiffel con una sola cuerda y alcanzar los 110 metros","og_description":"La atleta francesa Anouk Garnier bate el r\u00e9cord mundial al escalar la Torre Eiffel con una sola cuerda, alcanzando los 110 metros.","og_url":"https:\/\/orato.world\/es\/2024\/06\/06\/una-atleta-francesa-bate-un-nuevo-record-al-escalar-la-torre-eiffel-con-una-sola-cuerda-y-alcanzar-los-110-metros\/","og_site_name":"Orato","article_publisher":"https:\/\/www.facebook.com\/OratoWorld\/","article_published_time":"2024-06-06T10:00:00+00:00","article_modified_time":"2024-06-11T21:21:19+00:00","og_image":[{"width":1280,"height":960,"url":"https:\/\/orato.world\/wp-content\/uploads\/featured-france.jpg","type":"image\/jpeg"}],"author":"Mariela Laksman","twitter_card":"summary_large_image","twitter_creator":"@oratoworld","twitter_site":"@oratoworld","twitter_misc":{"Escrito por":"Mariela Laksman","Tiempo de lectura":"8 minutos"},"schema":{"@context":"https:\/\/schema.org","@graph":[{"@type":"NewsArticle","@id":"https:\/\/orato.world\/es\/2024\/06\/06\/una-atleta-francesa-bate-un-nuevo-record-al-escalar-la-torre-eiffel-con-una-sola-cuerda-y-alcanzar-los-110-metros\/#article","isPartOf":{"@id":"https:\/\/orato.world\/es\/2024\/06\/06\/una-atleta-francesa-bate-un-nuevo-record-al-escalar-la-torre-eiffel-con-una-sola-cuerda-y-alcanzar-los-110-metros\/"},"author":{"name":"Mariela Laksman","@id":"https:\/\/orato.world\/es\/#\/schema\/person\/d4a4a9a63551641850068c20e93613a5"},"headline":"Una atleta francesa bate un nuevo r\u00e9cord al escalar la Torre Eiffel con una sola cuerda y alcanzar los 110 metros","datePublished":"2024-06-06T10:00:00+00:00","dateModified":"2024-06-11T21:21:19+00:00","mainEntityOfPage":{"@id":"https:\/\/orato.world\/es\/2024\/06\/06\/una-atleta-francesa-bate-un-nuevo-record-al-escalar-la-torre-eiffel-con-una-sola-cuerda-y-alcanzar-los-110-metros\/"},"wordCount":1523,"commentCount":0,"publisher":{"@id":"https:\/\/orato.world\/es\/#organization"},"image":{"@id":"https:\/\/orato.world\/es\/2024\/06\/06\/una-atleta-francesa-bate-un-nuevo-record-al-escalar-la-torre-eiffel-con-una-sola-cuerda-y-alcanzar-los-110-metros\/#primaryimage"},"thumbnailUrl":"https:\/\/orato.world\/wp-content\/uploads\/featured-france.jpg","keywords":["Cancer","carrera de obst\u00e1culos","empoderamiento de la mujer","Europa","formula uno","Francia","gimnasia","Mujer atleta","Paris","Torre Eiffel"],"articleSection":["Deportes","Sexo y g\u00e9nero","Viajes y aventuras"],"inLanguage":"es","potentialAction":[{"@type":"CommentAction","name":"Comment","target":["https:\/\/orato.world\/es\/2024\/06\/06\/una-atleta-francesa-bate-un-nuevo-record-al-escalar-la-torre-eiffel-con-una-sola-cuerda-y-alcanzar-los-110-metros\/#respond"]}]},{"@type":"WebPage","@id":"https:\/\/orato.world\/es\/2024\/06\/06\/una-atleta-francesa-bate-un-nuevo-record-al-escalar-la-torre-eiffel-con-una-sola-cuerda-y-alcanzar-los-110-metros\/","url":"https:\/\/orato.world\/es\/2024\/06\/06\/una-atleta-francesa-bate-un-nuevo-record-al-escalar-la-torre-eiffel-con-una-sola-cuerda-y-alcanzar-los-110-metros\/","name":"Una atleta francesa bate un nuevo r\u00e9cord al escalar la Torre Eiffel con una sola cuerda","isPartOf":{"@id":"https:\/\/orato.world\/es\/#website"},"primaryImageOfPage":{"@id":"https:\/\/orato.world\/es\/2024\/06\/06\/una-atleta-francesa-bate-un-nuevo-record-al-escalar-la-torre-eiffel-con-una-sola-cuerda-y-alcanzar-los-110-metros\/#primaryimage"},"image":{"@id":"https:\/\/orato.world\/es\/2024\/06\/06\/una-atleta-francesa-bate-un-nuevo-record-al-escalar-la-torre-eiffel-con-una-sola-cuerda-y-alcanzar-los-110-metros\/#primaryimage"},"thumbnailUrl":"https:\/\/orato.world\/wp-content\/uploads\/featured-france.jpg","datePublished":"2024-06-06T10:00:00+00:00","dateModified":"2024-06-11T21:21:19+00:00","description":"La atleta francesa Anouk Garnier bate el r\u00e9cord mundial al escalar la Torre Eiffel con una sola cuerda, alcanzando los 110 metros.","breadcrumb":{"@id":"https:\/\/orato.world\/es\/2024\/06\/06\/una-atleta-francesa-bate-un-nuevo-record-al-escalar-la-torre-eiffel-con-una-sola-cuerda-y-alcanzar-los-110-metros\/#breadcrumb"},"inLanguage":"es","potentialAction":[{"@type":"ReadAction","target":["https:\/\/orato.world\/es\/2024\/06\/06\/una-atleta-francesa-bate-un-nuevo-record-al-escalar-la-torre-eiffel-con-una-sola-cuerda-y-alcanzar-los-110-metros\/"]}]},{"@type":"ImageObject","inLanguage":"es","@id":"https:\/\/orato.world\/es\/2024\/06\/06\/una-atleta-francesa-bate-un-nuevo-record-al-escalar-la-torre-eiffel-con-una-sola-cuerda-y-alcanzar-los-110-metros\/#primaryimage","url":"https:\/\/orato.world\/wp-content\/uploads\/featured-france.jpg","contentUrl":"https:\/\/orato.world\/wp-content\/uploads\/featured-france.jpg","width":1280,"height":960,"caption":"Anouk Garnier of France set a new world record by climbing 110 meters of the Eiffel Tower on a rope in Paris. | Photo courtesy of Anouk Garnier's Team"},{"@type":"BreadcrumbList","@id":"https:\/\/orato.world\/es\/2024\/06\/06\/una-atleta-francesa-bate-un-nuevo-record-al-escalar-la-torre-eiffel-con-una-sola-cuerda-y-alcanzar-los-110-metros\/#breadcrumb","itemListElement":[{"@type":"ListItem","position":1,"name":"Home","item":"https:\/\/orato.world\/es\/"},{"@type":"ListItem","position":2,"name":"Una atleta francesa bate un nuevo r\u00e9cord al escalar la Torre Eiffel con una sola cuerda y alcanzar los 110 metros"}]},{"@type":"WebSite","@id":"https:\/\/orato.world\/es\/#website","url":"https:\/\/orato.world\/es\/","name":"Orato","description":"True Stories. Real People","publisher":{"@id":"https:\/\/orato.world\/es\/#organization"},"potentialAction":[{"@type":"SearchAction","target":{"@type":"EntryPoint","urlTemplate":"https:\/\/orato.world\/es\/?s={search_term_string}"},"query-input":{"@type":"PropertyValueSpecification","valueRequired":true,"valueName":"search_term_string"}}],"inLanguage":"es"},{"@type":"Organization","@id":"https:\/\/orato.world\/es\/#organization","name":"Orato World Media Inc.","url":"https:\/\/orato.world\/es\/","logo":{"@type":"ImageObject","inLanguage":"es","@id":"https:\/\/orato.world\/es\/#\/schema\/logo\/image\/","url":"https:\/\/orato.world\/wp-content\/uploads\/2020\/07\/orato-logo-transparent.png","contentUrl":"https:\/\/orato.world\/wp-content\/uploads\/2020\/07\/orato-logo-transparent.png","width":78,"height":73,"caption":"Orato World Media Inc."},"image":{"@id":"https:\/\/orato.world\/es\/#\/schema\/logo\/image\/"},"sameAs":["https:\/\/www.facebook.com\/OratoWorld\/","https:\/\/x.com\/oratoworld","https:\/\/www.instagram.com\/oratoworld","https:\/\/www.linkedin.com\/company\/42308818\/"]},{"@type":"Person","@id":"https:\/\/orato.world\/es\/#\/schema\/person\/d4a4a9a63551641850068c20e93613a5","name":"Mariela Laksman","image":{"@type":"ImageObject","inLanguage":"es","@id":"https:\/\/secure.gravatar.com\/avatar\/133ba1b69c2a2b7c782cce9999c26555b6bc9af9e382e5e8f8e3fc285015d1b7?s=96&d=mm&r=g","url":"https:\/\/secure.gravatar.com\/avatar\/133ba1b69c2a2b7c782cce9999c26555b6bc9af9e382e5e8f8e3fc285015d1b7?s=96&d=mm&r=g","contentUrl":"https:\/\/secure.gravatar.com\/avatar\/133ba1b69c2a2b7c782cce9999c26555b6bc9af9e382e5e8f8e3fc285015d1b7?s=96&d=mm&r=g","caption":"Mariela Laksman"},"description":"Image and Sound Designer, Integral Audiovisual and Journalistic Producer, writer, and teacher. I started working when I was very young; Since 2001, I was a producer for different television programs, documentary films, radio, and generating creative content for different organizations and companies. I won the award: \"Nuevo Sudaca Border\" with the microfiction book \"Un Tigre con la Boca Abierta\", for Eloisa Cartonera Editorial. I am passionate about telling stories and writing.","url":"https:\/\/orato.world\/es\/author\/mariela-laksman\/"}]}},"modified_by":null,"uagb_featured_image_src":{"full":["https:\/\/orato.world\/wp-content\/uploads\/featured-france.jpg",1280,960,false],"thumbnail":["https:\/\/orato.world\/wp-content\/uploads\/featured-france-100x100.jpg",100,100,true],"medium":["https:\/\/orato.world\/wp-content\/uploads\/featured-france-300x225.jpg",300,225,true],"medium_large":["https:\/\/orato.world\/wp-content\/uploads\/featured-france-770x578.jpg",640,480,true],"large":["https:\/\/orato.world\/wp-content\/uploads\/featured-france-1024x768.jpg",640,480,true],"1536x1536":["https:\/\/orato.world\/wp-content\/uploads\/featured-france.jpg",1280,960,false],"2048x2048":["https:\/\/orato.world\/wp-content\/uploads\/featured-france.jpg",1280,960,false],"gallery-size":["https:\/\/orato.world\/wp-content\/uploads\/featured-france-533x400.jpg",533,400,true],"lets-review-360-240":["https:\/\/orato.world\/wp-content\/uploads\/featured-france-360x240.jpg",360,240,true],"gform-image-choice-sm":["https:\/\/orato.world\/wp-content\/uploads\/featured-france.jpg",300,225,false],"gform-image-choice-md":["https:\/\/orato.world\/wp-content\/uploads\/featured-france.jpg",400,300,false],"gform-image-choice-lg":["https:\/\/orato.world\/wp-content\/uploads\/featured-france.jpg",600,450,false],"awsm_team":["https:\/\/orato.world\/wp-content\/uploads\/featured-france-500x500.jpg",500,500,true]},"uagb_author_info":{"display_name":"Mariela Laksman","author_link":"https:\/\/orato.world\/es\/author\/mariela-laksman\/"},"uagb_comment_info":0,"uagb_excerpt":"A medida que descend\u00eda, los aplausos y los gritos se hac\u00edan m\u00e1s fuertes. Observ\u00e9 a la multitud y vi a mi hermano con l\u00e1grimas en los ojos, a mis abuelos radiantes de orgullo, a mis amigos anim\u00e1ndome y al p\u00fablico: un mar de caras. Y all\u00ed, en el centro de todo, estaba mi madre con&hellip;","_links":{"self":[{"href":"https:\/\/orato.world\/es\/wp-json\/wp\/v2\/posts\/92768","targetHints":{"allow":["GET"]}}],"collection":[{"href":"https:\/\/orato.world\/es\/wp-json\/wp\/v2\/posts"}],"about":[{"href":"https:\/\/orato.world\/es\/wp-json\/wp\/v2\/types\/post"}],"author":[{"embeddable":true,"href":"https:\/\/orato.world\/es\/wp-json\/wp\/v2\/users\/28"}],"replies":[{"embeddable":true,"href":"https:\/\/orato.world\/es\/wp-json\/wp\/v2\/comments?post=92768"}],"version-history":[{"count":1,"href":"https:\/\/orato.world\/es\/wp-json\/wp\/v2\/posts\/92768\/revisions"}],"predecessor-version":[{"id":92769,"href":"https:\/\/orato.world\/es\/wp-json\/wp\/v2\/posts\/92768\/revisions\/92769"}],"wp:featuredmedia":[{"embeddable":true,"href":"https:\/\/orato.world\/es\/wp-json\/wp\/v2\/media\/92451"}],"wp:attachment":[{"href":"https:\/\/orato.world\/es\/wp-json\/wp\/v2\/media?parent=92768"}],"wp:term":[{"taxonomy":"category","embeddable":true,"href":"https:\/\/orato.world\/es\/wp-json\/wp\/v2\/categories?post=92768"},{"taxonomy":"post_tag","embeddable":true,"href":"https:\/\/orato.world\/es\/wp-json\/wp\/v2\/tags?post=92768"}],"curies":[{"name":"wp","href":"https:\/\/api.w.org\/{rel}","templated":true}]}}