{"id":93094,"date":"2024-06-16T03:00:00","date_gmt":"2024-06-16T10:00:00","guid":{"rendered":"https:\/\/orato.world\/2024\/06\/16\/camila-mercado-estrella-emergente-y-fenomeno-de-las-redes-sociales-habla-sobre-el-acoso-escolar-y-la-depresion-encontre-mi-voz-a-traves-de-la-musica\/"},"modified":"2024-06-21T16:36:12","modified_gmt":"2024-06-21T23:36:12","slug":"camila-mercado-estrella-emergente-y-fenomeno-de-las-redes-sociales-habla-sobre-el-acoso-escolar-y-la-depresion-encontre-mi-voz-a-traves-de-la-musica","status":"publish","type":"post","link":"https:\/\/orato.world\/es\/2024\/06\/16\/camila-mercado-estrella-emergente-y-fenomeno-de-las-redes-sociales-habla-sobre-el-acoso-escolar-y-la-depresion-encontre-mi-voz-a-traves-de-la-musica\/","title":{"rendered":"Camila Mercado, estrella emergente y fen\u00f3meno de las redes sociales, habla sobre el acoso escolar y la depresi\u00f3n: \u00abEncontr\u00e9 mi voz a trav\u00e9s de la m\u00fasica\u00bb"},"content":{"rendered":"<div class=\"lets-info-up-wrap  lets-info-up--right lets-info-up--m-1 lets-info-up-skin-1 lets-info-up--side\">\t\t\t<div class=\"lets-info-up\">\r\n\t\t\t<div class=\"lets-info-up-fi\"><img loading=\"lazy\" decoding=\"async\" width=\"500\" height=\"500\" src=\"https:\/\/orato.world\/wp-content\/uploads\/Argentine-singer-500x500.jpg\" class=\"attachment-lets-info-up-d1 size-lets-info-up-d1\" alt=\"Camila Mercado, at just 18, emerges as a tropical music revelation in Argentina, gracing national stages.\" srcset=\"https:\/\/orato.world\/wp-content\/uploads\/Argentine-singer-500x500.jpg 500w, https:\/\/orato.world\/wp-content\/uploads\/Argentine-singer-300x300.jpg 300w, https:\/\/orato.world\/wp-content\/uploads\/Argentine-singer-100x100.jpg 100w, https:\/\/orato.world\/wp-content\/uploads\/Argentine-singer-770x770.jpg 770w, https:\/\/orato.world\/wp-content\/uploads\/Argentine-singer-400x400.jpg 400w, https:\/\/orato.world\/wp-content\/uploads\/Argentine-singer-150x150.jpg 150w, https:\/\/orato.world\/wp-content\/uploads\/Argentine-singer-70x70.jpg 70w, https:\/\/orato.world\/wp-content\/uploads\/Argentine-singer-293x293.jpg 293w, https:\/\/orato.world\/wp-content\/uploads\/Argentine-singer.jpg 960w\" sizes=\"auto, (max-width: 500px) 100vw, 500px\" \/><\/div>\t\t\t<div class=\"lets-info-up-block-wrap\">\r\n\t\t\t\t<div class=\"lets-info-up-block lets-info-up-meta-block\"><div class=\"lets-info-up-meta-title lets-info-up-pretitle font-h\">NOTAS DEL PERIODISTA<\/div><\/div><div class=\"lets-info-up-block lets-info-up-meta-block\"><div class=\"lets-info-up-meta-title lets-info-up-pretitle font-h\">PROTAGONISTA<\/div><div class=\"lets-info-up-meta-content lets-info-up-title font-b\">Camila Mercado est\u00e1 considerada la gran revelaci\u00f3n de la m\u00fasica tropical en la Argentina actual. Con s\u00f3lo 20 a\u00f1os, ya ha actuado en los escenarios nacionales m\u00e1s importantes junto a artistas de primer nivel. A pesar del bullying por sus problemas de aumento de peso, a los 11 a\u00f1os gan\u00f3 su primer premio \u00abGran Futuro\u00bb en un concurso de talentos de televisi\u00f3n, que volvi\u00f3 a recibir en 2016. En 2018, grab\u00f3 su primer CD de canciones folcl\u00f3ricas in\u00e9ditas, y en 2019, form\u00f3 su primera banda llamada Doble Identidad Alma Joven, pero dentro del g\u00e9nero tropical, con m\u00fasicos de su misma edad. Sue\u00f1a con seguir prosperando en el mundo de la cumbia rom\u00e1ntica.<\/div><\/div><div class=\"lets-info-up-block lets-info-up-meta-block\"><div class=\"lets-info-up-meta-title lets-info-up-pretitle font-h\">CONTEXTO<\/div><div class=\"lets-info-up-meta-content lets-info-up-title font-b\">Camila Mercado se embarc\u00f3 en su carrera con s\u00f3lo 10 a\u00f1os, superando la timidez para mostrar su talento como cantante a sus abuelos con una canci\u00f3n de Valeria Lynch. Luchando contra la obesidad infantil y el acoso escolar debido a una enfermedad no diagnosticada, se enfrent\u00f3 a retos hasta la <a href=\"https:\/\/www.a24.com\/primiciasya\/camila-la-cantante-que-rompe-barreras-sufria-mucho-bullying-y-la-musica-fue-lo-que-me-salvo-n1075337\">intolerancia al gluten.<\/a> A los 11 a\u00f1os le diagnosticaron celiaqu\u00eda. Sus h\u00e1bitos alimentarios se transformaron y su estado de \u00e1nimo mejor\u00f3. Con el apoyo de su abuelo, que tambi\u00e9n es cantante y compositor, debut\u00f3 en un escenario cerca de R\u00edo Cuarto.<br><\/div><\/div>\t\t\t<\/div>\r\n\t\t\t<\/div>\r\n\t\t<\/div>\r\n\t\t\n<p>BUENOS AIRES, Argentina &#8211; Durante mi adolescencia, el acoso escolar ensombreci\u00f3 mi experiencia escolar. A los 15 a\u00f1os, un compa\u00f1ero de clase especialmente cruel dibuj\u00f3 vacas en la pizarra y las etiquet\u00f3 con mi nombre. La intimidaci\u00f3n no hizo m\u00e1s que aumentar. Un d\u00eda me esper\u00f3 en la puerta del colegio con un cuchillo, arrastrando su filo por las paredes para asustarme. Llam\u00e9 a mi madre para que viniera a protegerme.<\/p>\n\n<p>After that, I began secluding myself in my bedroom. Unwilling to face the world, I cried every day. The shame I carried kept me from talking to my family; I didn&#8217;t want to burden them with my troubles. From a young age I also grappled with an unknown illness and weight issues. This, combined with the bullying, plunged me into a state of depression. I struggled to form relationships or connect with others at all.<\/p>\n\n<p>En medio de numerosos intentos fallidos de perder peso, descubr\u00ed mi pasi\u00f3n por el canto. Se convirti\u00f3 en una fuente de alivio y expresividad. Cantar me ayud\u00f3 a superar mis dificultades y aport\u00f3 alegr\u00eda y sentido a mi vida. Entonces, a los 16 a\u00f1os, descubr\u00ed que era cel\u00edaca y pude abordar el problema con eficacia.<\/p>\n\n<p><strong><em><a href=\"https:\/\/orato.world\/es\/category\/arte-y-cultura-es\/\">Lea m\u00e1s historias de la categor\u00eda Arte y Cultura en Orato World Media.<\/a><\/em><\/strong><\/p>\n\n<h2 class=\"wp-block-heading\" id=\"h-from-silent-observer-to-a-star-on-the-stage\"><strong>De observadora silenciosa a estrella del escenario<\/strong><\/h2>\n\n<p>Nacidos en el seno de una familia humilde en R\u00edo Cuarto, C\u00f3rdoba, el 29 de junio de 2004, pronto nos trasladamos a la tranquila localidad de Villa Reducci\u00f3n. Mi padre Rom\u00e1n trabajaba en una f\u00e1brica de man\u00edes, mientras que mi madre Valeria era empleada dom\u00e9stica. A pesar de nuestras limitaciones econ\u00f3micas, perseveramos. A los 14 a\u00f1os, empec\u00e9 a ayudar a mi madre a limpiar casas despu\u00e9s del colegio para contribuir a poner comida en la mesa. <\/p>\n\n<p>Entre el acoso escolar y los retos de la vida, a la tierna edad de 11 a\u00f1os, encontr\u00e9 consuelo en el canto. Descubr\u00ed un salvavidas en la m\u00fasica. Se convirti\u00f3 en un medio para curarme y expresarme cuando las palabras me fallaban. A veces me costaba compartir mi dolor, pero encontr\u00e9 mi voz a trav\u00e9s de la m\u00fasica. Mientras cantaba canciones en pistas de karaoke, me di cuenta de que cantaba bien, pero para revelar ese talento hac\u00eda falta valor. <\/p>\n\n<p>La m\u00fasica transform\u00f3 mis penas en algo positivo, me dio fuerzas y se convirti\u00f3 en mi santuario. En la Navidad de 2015, alcanc\u00e9 un punto de inflexi\u00f3n en mi vida cuando declar\u00e9 valientemente a mi familia: \u00abQuiero cantar\u00bb. Yo sol\u00eda permanecer callada y poco participativa, por lo que mi anuncio suscitaba la sorpresa y las miradas de mis padres, mi hermano y mis abuelos. Cuando cant\u00e9 <em>\u00abSe\u00f1or amante\u00bb<\/em> de Valeria Lynch, los sorprend\u00ed con mi voz. Preguntaron: \u00ab\u00bfDe d\u00f3nde sac\u00f3 la voz?\u00bb. Mi abuelo \u00d3scar Puig, cantautor de folklore, parec\u00eda especialmente impresionado y me dijo: \u00abTen\u00e9s que dedicarte a esto. Te voy a presentar en el escenario\u00bb. <\/p>\n\n<h2 class=\"wp-block-heading\" id=\"h-young-singer-finds-opportunity-and-faces-criticism\"><strong>Una joven cantante encuentra una oportunidad y se enfrenta a las cr\u00edticas<\/strong><\/h2>\n\n<p>El aliento de mi abuelo me embarc\u00f3 en un viaje de autodescubrimiento y sanaci\u00f3n. A los 12 a\u00f1os sub\u00ed al escenario por primera vez. La reacci\u00f3n fue tan positiva que no se parece a nada que haya experimentado antes. Me di cuenta de que pertenec\u00eda al escenario, un refugio donde me sent\u00eda a salvo. El diagn\u00f3stico de celiaqu\u00eda aclar\u00f3 mis problemas de peso y me permiti\u00f3 iniciar el tratamiento.<\/p>\n\n<p>A medida que me transformaba f\u00edsicamente, tambi\u00e9n experimentaba un cambio interior. Empec\u00e9 a creer en m\u00ed misma y en mis sue\u00f1os, no por mis cambios f\u00edsicos, sino por una nueva fuerza interior. Adaptarme a una dieta sin gluten fue todo un reto, pero segu\u00ed decidida a ganar la batalla. Cada d\u00eda que pasaba, notaba c\u00f3mo mejoraba mi estado de \u00e1nimo y mis ganas de vivir. <\/p>\n\n<p><\/p>\n<div class=\"wp-block-image\">\n<figure class=\"aligncenter size-large\"><img decoding=\"async\" src=\"https:\/\/orato.world\/wp-content\/uploads\/Argentine-singer-4-1024x768.jpg\" alt=\"\"\/><figcaption class=\"wp-element-caption\">Camila Mercado subi\u00f3 al escenario por primera vez a los 12 a\u00f1os y recibi\u00f3 una respuesta abrumadora. <strong>| Foto cortes\u00eda de Camila Mercado<\/strong><\/figcaption><\/figure>\n<\/div>\n<p><\/p>\n\n<p>Por aquel entonces, los sacrificios de mis padres me vistieron con un traje de artista. Recuerdo v\u00edvidamente el \u00fanico par de zapatos que adorn\u00f3 innumerables escenarios. Un d\u00eda, antes de una actuaci\u00f3n, le dije a mi madre: \u00abMam\u00e1, me puse estos zapatos tantas veces\u00bb, pero no ten\u00edamos otra opci\u00f3n. Cuando surgi\u00f3 la preocupaci\u00f3n por la percepci\u00f3n p\u00fablica, mi madre transform\u00f3 ingeniosamente esos zapatos desgastados con una pincelada de pintura, renov\u00e1ndolos para el centro de atenci\u00f3n. <\/p>\n\n<p>Reflexionando sobre mi viaje, ahora aprecio el autocuidado y la aceptaci\u00f3n. Acepto mi reflexi\u00f3n con satisfacci\u00f3n, un paso reciente pero profundo en mi crecimiento personal. Poco a poco voy derribando las barreras que antes me confinaban.<\/p>\n\n<p><\/p>\n<div class=\"wp-block-image\">\n<figure class=\"aligncenter size-full\"><img loading=\"lazy\" decoding=\"async\" width=\"1280\" height=\"961\" src=\"https:\/\/orato.world\/wp-content\/uploads\/Argentine-singer-6-1.jpg\" alt=\"\" class=\"wp-image-92801\" srcset=\"https:\/\/orato.world\/wp-content\/uploads\/Argentine-singer-6-1.jpg 1280w, https:\/\/orato.world\/wp-content\/uploads\/Argentine-singer-6-1-300x225.jpg 300w, https:\/\/orato.world\/wp-content\/uploads\/Argentine-singer-6-1-1024x769.jpg 1024w, https:\/\/orato.world\/wp-content\/uploads\/Argentine-singer-6-1-770x578.jpg 770w, https:\/\/orato.world\/wp-content\/uploads\/Argentine-singer-6-1-533x400.jpg 533w\" sizes=\"auto, (max-width: 1280px) 100vw, 1280px\" \/><figcaption class=\"wp-element-caption\">Camila Mercado canta ahora en la televisi\u00f3n y en escenarios de toda Argentina. <strong>| Foto cortes\u00eda de Camila Mercado <\/strong><\/figcaption><\/figure>\n<\/div>\n<p><\/p>\n\n<p>Mientras crec\u00eda, cantaba por toda la provincia de C\u00f3rdoba, armonizando con mi grupo familiar \u00abDoble Identidad\u00bb, junto a mi padre y mi hermano. Alimentamos nuestra pasi\u00f3n por la m\u00fasica con la riqueza de nuestro v\u00ednculo, a pesar de las dificultades econ\u00f3micas. Hoy recibo generosas ofertas de atuendos para mis actuaciones, un marcado contraste con aquellos d\u00edas.<\/p>\n\n<h2 class=\"wp-block-heading\" id=\"h-pandemic-paved-the-way-for-her-musical-career-nbsp\"><strong>La pandemia allan\u00f3 el camino de su carrera musical <\/strong><\/h2>\n\n<p>Durante la pandemia COVID-19, conoc\u00ed a un productor llamado Pablo Serantoni. Me descubri\u00f3 a trav\u00e9s de un v\u00eddeo en mis redes sociales tras apuntarse a una lista de actuaciones en directo. Este afortunado acontecimiento me abri\u00f3 oportunidades. Cuando terminaron los cierres de pandemia, los hermanos Serantoni me convocaron a Buenos Aires, marcando el comienzo de un viaje triunfal. <\/p>\n\n<p>Escucharon mi canto a trav\u00e9s de las redes sociales y, tras experimentarlo en directo, me ofrecieron mi primer contrato con su productora. Este sue\u00f1o no se materializ\u00f3 de la noche a la ma\u00f1ana; llev\u00f3 tiempo y perseverancia, y debut\u00e9 como cantante profesional hace s\u00f3lo un a\u00f1o. <\/p>\n\n<p><\/p>\n<div class=\"wp-block-image\">\n<figure class=\"aligncenter size-large\"><img decoding=\"async\" src=\"https:\/\/orato.world\/wp-content\/uploads\/Argentine-singer-3-1024x768.jpg\" alt=\"\"\/><figcaption class=\"wp-element-caption\">Tras descubrir el talento de Camila Mercado, varios directores musicales se acercaron a ella y le ofrecieron oportunidades de colaboraci\u00f3n. <strong>| Foto cortes\u00eda de Camila Mercado <\/strong><\/figcaption><\/figure>\n<\/div>\n<p><\/p>\n\n<p>Hoy vivo en una casa que compraron mis productores, junto al estudio de Pasi\u00f3n de S\u00e1bado. <em>[an Argentine television program]<\/em>El mismo programa que crec\u00ed viendo con mi familia. Esta proximidad me permite recorrer a diario el estudio de Pasi\u00f3n, una experiencia que me parece absolutamente surrealista. Viniendo de un entorno humilde, nunca imagin\u00e9 disfrutar de los lujos que disfruto ahora, ni siquiera de algo tan simple como el aire acondicionado. <\/p>\n\n<p>Mi vida se transform\u00f3 de un modo inimaginable, permiti\u00e9ndome ganarme la vida cantando. Las sombras del pasado a\u00fan perduran. Hace poco, mientras actuaba en \u00abPasi\u00f3n de S\u00e1bado\u00bb, una plataforma que celebra la m\u00fasica tropical, volv\u00ed a sentirme ridiculizada. Esta vez, mi vestuario provoc\u00f3 un desprecio injustificado en las redes sociales. Las razones de tanta hostilidad por parte de desconocidos siguen siendo un misterio para m\u00ed. \u00ab\u00bfPor qu\u00e9 sienten rencor hacia alguien a quien apenas conocen?\u00bb, pens\u00e9. Estas preguntas persisten, aunque las respuestas se nos escapan. Estas preguntas persisten, aunque las respuestas se nos escapan.<\/p>\n\n<p>Sin embargo, a los 20 a\u00f1os, tengo la tremenda oportunidad de cantar en la televisi\u00f3n y en escenarios de toda Argentina haciendo lo mismo que me salv\u00f3. Este viaje me ense\u00f1\u00f3 una valiosa lecci\u00f3n: nunca dejes que nadie apague tu luz. Es esencial seguir adelante, adoptando tu estilo y tus preferencias. Recuerdo que evitaba vestir de blanco por los comentarios de los dem\u00e1s, pero desde entonces me he dado cuenta de la importancia de ser fiel a m\u00ed misma. Ahora me pongo lo que me hace feliz, y si mi brillo es demasiado para algunos, que miren para otro lado. <\/p>\n\n<p><\/p>\n","protected":false},"excerpt":{"rendered":"<p>A los 20 a\u00f1os, tengo la tremenda oportunidad de cantar en la televisi\u00f3n y en escenarios de toda Argentina haciendo lo mismo que me salv\u00f3. Este viaje me ense\u00f1\u00f3 una valiosa lecci\u00f3n: nunca dejes que nadie apague tu luz. Es esencial seguir adelante, adoptando tu estilo y tus preferencias.<\/p>\n","protected":false},"author":216,"featured_media":92800,"comment_status":"open","ping_status":"open","sticky":false,"template":"","format":"standard","meta":{"_acf_changed":false,"_uag_custom_page_level_css":"","_lmt_disableupdate":"","_lmt_disable":"","footnotes":""},"categories":[1617,188,261],"tags":[3921,193,8974,8862,2214,8975,3484,3854],"class_list":["post-93094","post","type-post","status-publish","format-standard","has-post-thumbnail","hentry","category-arte-y-cultura-es","category-salud","category-sexo-y-genero","tag-acoso","tag-argentina-es","tag-celiaquia","tag-empoderamiento-de-la-mujer","tag-latinoamerica","tag-musica-tropical","tag-sobreviviente","tag-sudamerica"],"acf":[],"yoast_head":"<!-- This site is optimized with the Yoast SEO Premium plugin v27.5 (Yoast SEO v27.5) - https:\/\/yoast.com\/product\/yoast-seo-premium-wordpress\/ -->\n<title>Una argentina supera el acoso escolar y se convierte en estrella de la m\u00fasica<\/title>\n<meta name=\"description\" content=\"Una mujer argentina sufri\u00f3 acoso escolar y problemas de peso, pero persever\u00f3 y se convirti\u00f3 en una estrella musical de \u00e9xito gracias a su resistencia y talento.\" \/>\n<meta name=\"robots\" content=\"index, follow, max-snippet:-1, max-image-preview:large, max-video-preview:-1\" \/>\n<link rel=\"canonical\" href=\"https:\/\/orato.world\/es\/2024\/06\/16\/camila-mercado-estrella-emergente-y-fenomeno-de-las-redes-sociales-habla-sobre-el-acoso-escolar-y-la-depresion-encontre-mi-voz-a-traves-de-la-musica\/\" \/>\n<meta property=\"og:locale\" content=\"es_ES\" \/>\n<meta property=\"og:type\" content=\"article\" \/>\n<meta property=\"og:title\" content=\"Camila Mercado, estrella emergente y fen\u00f3meno de las redes sociales, habla sobre el acoso escolar y la depresi\u00f3n: &quot;Encontr\u00e9 mi voz a trav\u00e9s de la m\u00fasica&quot;\" \/>\n<meta property=\"og:description\" content=\"Una mujer argentina sufri\u00f3 acoso escolar y problemas de peso, pero persever\u00f3 y se convirti\u00f3 en una estrella musical de \u00e9xito gracias a su resistencia y talento.\" \/>\n<meta property=\"og:url\" content=\"https:\/\/orato.world\/es\/2024\/06\/16\/camila-mercado-estrella-emergente-y-fenomeno-de-las-redes-sociales-habla-sobre-el-acoso-escolar-y-la-depresion-encontre-mi-voz-a-traves-de-la-musica\/\" \/>\n<meta property=\"og:site_name\" content=\"Orato\" \/>\n<meta property=\"article:publisher\" content=\"https:\/\/www.facebook.com\/OratoWorld\/\" \/>\n<meta property=\"article:published_time\" content=\"2024-06-16T10:00:00+00:00\" \/>\n<meta property=\"article:modified_time\" content=\"2024-06-21T23:36:12+00:00\" \/>\n<meta property=\"og:image\" content=\"https:\/\/orato.world\/wp-content\/uploads\/Argentine-singer-5.jpg\" \/>\n\t<meta property=\"og:image:width\" content=\"1125\" \/>\n\t<meta property=\"og:image:height\" content=\"844\" \/>\n\t<meta property=\"og:image:type\" content=\"image\/jpeg\" \/>\n<meta name=\"author\" content=\"Cynthia Serebrinsky\" \/>\n<meta name=\"twitter:card\" content=\"summary_large_image\" \/>\n<meta name=\"twitter:creator\" content=\"@oratoworld\" \/>\n<meta name=\"twitter:site\" content=\"@oratoworld\" \/>\n<meta name=\"twitter:label1\" content=\"Escrito por\" \/>\n\t<meta name=\"twitter:data1\" content=\"Cynthia Serebrinsky\" \/>\n\t<meta name=\"twitter:label2\" content=\"Tiempo de lectura\" \/>\n\t<meta name=\"twitter:data2\" content=\"7 minutos\" \/>\n<script type=\"application\/ld+json\" class=\"yoast-schema-graph\">{\"@context\":\"https:\\\/\\\/schema.org\",\"@graph\":[{\"@type\":\"NewsArticle\",\"@id\":\"https:\\\/\\\/orato.world\\\/es\\\/2024\\\/06\\\/16\\\/camila-mercado-estrella-emergente-y-fenomeno-de-las-redes-sociales-habla-sobre-el-acoso-escolar-y-la-depresion-encontre-mi-voz-a-traves-de-la-musica\\\/#article\",\"isPartOf\":{\"@id\":\"https:\\\/\\\/orato.world\\\/es\\\/2024\\\/06\\\/16\\\/camila-mercado-estrella-emergente-y-fenomeno-de-las-redes-sociales-habla-sobre-el-acoso-escolar-y-la-depresion-encontre-mi-voz-a-traves-de-la-musica\\\/\"},\"author\":{\"name\":\"Cynthia Serebrinsky\",\"@id\":\"https:\\\/\\\/orato.world\\\/es\\\/#\\\/schema\\\/person\\\/163b8f70ae71f42c04750f466194d047\"},\"headline\":\"Camila Mercado, estrella emergente y fen\u00f3meno de las redes sociales, habla sobre el acoso escolar y la depresi\u00f3n: \u00abEncontr\u00e9 mi voz a trav\u00e9s de la m\u00fasica\u00bb\",\"datePublished\":\"2024-06-16T10:00:00+00:00\",\"dateModified\":\"2024-06-21T23:36:12+00:00\",\"mainEntityOfPage\":{\"@id\":\"https:\\\/\\\/orato.world\\\/es\\\/2024\\\/06\\\/16\\\/camila-mercado-estrella-emergente-y-fenomeno-de-las-redes-sociales-habla-sobre-el-acoso-escolar-y-la-depresion-encontre-mi-voz-a-traves-de-la-musica\\\/\"},\"wordCount\":1353,\"commentCount\":0,\"publisher\":{\"@id\":\"https:\\\/\\\/orato.world\\\/es\\\/#organization\"},\"image\":{\"@id\":\"https:\\\/\\\/orato.world\\\/es\\\/2024\\\/06\\\/16\\\/camila-mercado-estrella-emergente-y-fenomeno-de-las-redes-sociales-habla-sobre-el-acoso-escolar-y-la-depresion-encontre-mi-voz-a-traves-de-la-musica\\\/#primaryimage\"},\"thumbnailUrl\":\"https:\\\/\\\/orato.world\\\/wp-content\\\/uploads\\\/Argentine-singer-5.jpg\",\"keywords\":[\"Acoso\",\"Argentina\",\"celiaqu\u00eda\",\"empoderamiento de la mujer\",\"Latinoam\u00e9rica\",\"m\u00fasica tropical\",\"Sobreviviente\",\"Sudamerica\"],\"articleSection\":[\"Arte y Cultura\",\"Salud\",\"Sexo y g\u00e9nero\"],\"inLanguage\":\"es\",\"potentialAction\":[{\"@type\":\"CommentAction\",\"name\":\"Comment\",\"target\":[\"https:\\\/\\\/orato.world\\\/es\\\/2024\\\/06\\\/16\\\/camila-mercado-estrella-emergente-y-fenomeno-de-las-redes-sociales-habla-sobre-el-acoso-escolar-y-la-depresion-encontre-mi-voz-a-traves-de-la-musica\\\/#respond\"]}]},{\"@type\":\"WebPage\",\"@id\":\"https:\\\/\\\/orato.world\\\/es\\\/2024\\\/06\\\/16\\\/camila-mercado-estrella-emergente-y-fenomeno-de-las-redes-sociales-habla-sobre-el-acoso-escolar-y-la-depresion-encontre-mi-voz-a-traves-de-la-musica\\\/\",\"url\":\"https:\\\/\\\/orato.world\\\/es\\\/2024\\\/06\\\/16\\\/camila-mercado-estrella-emergente-y-fenomeno-de-las-redes-sociales-habla-sobre-el-acoso-escolar-y-la-depresion-encontre-mi-voz-a-traves-de-la-musica\\\/\",\"name\":\"Una argentina supera el acoso escolar y se convierte en estrella de la m\u00fasica\",\"isPartOf\":{\"@id\":\"https:\\\/\\\/orato.world\\\/es\\\/#website\"},\"primaryImageOfPage\":{\"@id\":\"https:\\\/\\\/orato.world\\\/es\\\/2024\\\/06\\\/16\\\/camila-mercado-estrella-emergente-y-fenomeno-de-las-redes-sociales-habla-sobre-el-acoso-escolar-y-la-depresion-encontre-mi-voz-a-traves-de-la-musica\\\/#primaryimage\"},\"image\":{\"@id\":\"https:\\\/\\\/orato.world\\\/es\\\/2024\\\/06\\\/16\\\/camila-mercado-estrella-emergente-y-fenomeno-de-las-redes-sociales-habla-sobre-el-acoso-escolar-y-la-depresion-encontre-mi-voz-a-traves-de-la-musica\\\/#primaryimage\"},\"thumbnailUrl\":\"https:\\\/\\\/orato.world\\\/wp-content\\\/uploads\\\/Argentine-singer-5.jpg\",\"datePublished\":\"2024-06-16T10:00:00+00:00\",\"dateModified\":\"2024-06-21T23:36:12+00:00\",\"description\":\"Una mujer argentina sufri\u00f3 acoso escolar y problemas de peso, pero persever\u00f3 y se convirti\u00f3 en una estrella musical de \u00e9xito gracias a su resistencia y talento.\",\"breadcrumb\":{\"@id\":\"https:\\\/\\\/orato.world\\\/es\\\/2024\\\/06\\\/16\\\/camila-mercado-estrella-emergente-y-fenomeno-de-las-redes-sociales-habla-sobre-el-acoso-escolar-y-la-depresion-encontre-mi-voz-a-traves-de-la-musica\\\/#breadcrumb\"},\"inLanguage\":\"es\",\"potentialAction\":[{\"@type\":\"ReadAction\",\"target\":[\"https:\\\/\\\/orato.world\\\/es\\\/2024\\\/06\\\/16\\\/camila-mercado-estrella-emergente-y-fenomeno-de-las-redes-sociales-habla-sobre-el-acoso-escolar-y-la-depresion-encontre-mi-voz-a-traves-de-la-musica\\\/\"]}]},{\"@type\":\"ImageObject\",\"inLanguage\":\"es\",\"@id\":\"https:\\\/\\\/orato.world\\\/es\\\/2024\\\/06\\\/16\\\/camila-mercado-estrella-emergente-y-fenomeno-de-las-redes-sociales-habla-sobre-el-acoso-escolar-y-la-depresion-encontre-mi-voz-a-traves-de-la-musica\\\/#primaryimage\",\"url\":\"https:\\\/\\\/orato.world\\\/wp-content\\\/uploads\\\/Argentine-singer-5.jpg\",\"contentUrl\":\"https:\\\/\\\/orato.world\\\/wp-content\\\/uploads\\\/Argentine-singer-5.jpg\",\"width\":1125,\"height\":844,\"caption\":\"Camila Mercado in one of her live performances on Pasi\u00f3n de S\u00e1bado. | Photo courtesy of Camila Mercado\"},{\"@type\":\"BreadcrumbList\",\"@id\":\"https:\\\/\\\/orato.world\\\/es\\\/2024\\\/06\\\/16\\\/camila-mercado-estrella-emergente-y-fenomeno-de-las-redes-sociales-habla-sobre-el-acoso-escolar-y-la-depresion-encontre-mi-voz-a-traves-de-la-musica\\\/#breadcrumb\",\"itemListElement\":[{\"@type\":\"ListItem\",\"position\":1,\"name\":\"Home\",\"item\":\"https:\\\/\\\/orato.world\\\/es\\\/\"},{\"@type\":\"ListItem\",\"position\":2,\"name\":\"Camila Mercado, estrella emergente y fen\u00f3meno de las redes sociales, habla sobre el acoso escolar y la depresi\u00f3n: \u00abEncontr\u00e9 mi voz a trav\u00e9s de la m\u00fasica\u00bb\"}]},{\"@type\":\"WebSite\",\"@id\":\"https:\\\/\\\/orato.world\\\/es\\\/#website\",\"url\":\"https:\\\/\\\/orato.world\\\/es\\\/\",\"name\":\"Orato\",\"description\":\"True Stories. Real People\",\"publisher\":{\"@id\":\"https:\\\/\\\/orato.world\\\/es\\\/#organization\"},\"potentialAction\":[{\"@type\":\"SearchAction\",\"target\":{\"@type\":\"EntryPoint\",\"urlTemplate\":\"https:\\\/\\\/orato.world\\\/es\\\/?s={search_term_string}\"},\"query-input\":{\"@type\":\"PropertyValueSpecification\",\"valueRequired\":true,\"valueName\":\"search_term_string\"}}],\"inLanguage\":\"es\"},{\"@type\":\"Organization\",\"@id\":\"https:\\\/\\\/orato.world\\\/es\\\/#organization\",\"name\":\"Orato World Media Inc.\",\"url\":\"https:\\\/\\\/orato.world\\\/es\\\/\",\"logo\":{\"@type\":\"ImageObject\",\"inLanguage\":\"es\",\"@id\":\"https:\\\/\\\/orato.world\\\/es\\\/#\\\/schema\\\/logo\\\/image\\\/\",\"url\":\"https:\\\/\\\/orato.world\\\/wp-content\\\/uploads\\\/2020\\\/07\\\/orato-logo-transparent.png\",\"contentUrl\":\"https:\\\/\\\/orato.world\\\/wp-content\\\/uploads\\\/2020\\\/07\\\/orato-logo-transparent.png\",\"width\":78,\"height\":73,\"caption\":\"Orato World Media Inc.\"},\"image\":{\"@id\":\"https:\\\/\\\/orato.world\\\/es\\\/#\\\/schema\\\/logo\\\/image\\\/\"},\"sameAs\":[\"https:\\\/\\\/www.facebook.com\\\/OratoWorld\\\/\",\"https:\\\/\\\/x.com\\\/oratoworld\",\"https:\\\/\\\/www.instagram.com\\\/oratoworld\",\"https:\\\/\\\/www.linkedin.com\\\/company\\\/42308818\\\/\"]},{\"@type\":\"Person\",\"@id\":\"https:\\\/\\\/orato.world\\\/es\\\/#\\\/schema\\\/person\\\/163b8f70ae71f42c04750f466194d047\",\"name\":\"Cynthia Serebrinsky\",\"image\":{\"@type\":\"ImageObject\",\"inLanguage\":\"es\",\"@id\":\"https:\\\/\\\/secure.gravatar.com\\\/avatar\\\/f12ac5ffb18de592de70c124d1508570671762801a7d77b551d3d75919d4e87e?s=96&d=mm&r=g\",\"url\":\"https:\\\/\\\/secure.gravatar.com\\\/avatar\\\/f12ac5ffb18de592de70c124d1508570671762801a7d77b551d3d75919d4e87e?s=96&d=mm&r=g\",\"contentUrl\":\"https:\\\/\\\/secure.gravatar.com\\\/avatar\\\/f12ac5ffb18de592de70c124d1508570671762801a7d77b551d3d75919d4e87e?s=96&d=mm&r=g\",\"caption\":\"Cynthia Serebrinsky\"},\"description\":\"Cynthia studied Communication at Virginia Tech. She was an Editor, Cosmopolitan; Editorial Secretary, Women's Health; and Director of Ser Padres Hoy. She currently writes for Infobae and Orato World Media. She plays tennis and sings in choirs.\",\"url\":\"https:\\\/\\\/orato.world\\\/es\\\/author\\\/cynthia-serebrinsky\\\/\"}]}<\/script>\n<!-- \/ Yoast SEO Premium plugin. -->","yoast_head_json":{"title":"Una argentina supera el acoso escolar y se convierte en estrella de la m\u00fasica","description":"Una mujer argentina sufri\u00f3 acoso escolar y problemas de peso, pero persever\u00f3 y se convirti\u00f3 en una estrella musical de \u00e9xito gracias a su resistencia y talento.","robots":{"index":"index","follow":"follow","max-snippet":"max-snippet:-1","max-image-preview":"max-image-preview:large","max-video-preview":"max-video-preview:-1"},"canonical":"https:\/\/orato.world\/es\/2024\/06\/16\/camila-mercado-estrella-emergente-y-fenomeno-de-las-redes-sociales-habla-sobre-el-acoso-escolar-y-la-depresion-encontre-mi-voz-a-traves-de-la-musica\/","og_locale":"es_ES","og_type":"article","og_title":"Camila Mercado, estrella emergente y fen\u00f3meno de las redes sociales, habla sobre el acoso escolar y la depresi\u00f3n: \"Encontr\u00e9 mi voz a trav\u00e9s de la m\u00fasica\"","og_description":"Una mujer argentina sufri\u00f3 acoso escolar y problemas de peso, pero persever\u00f3 y se convirti\u00f3 en una estrella musical de \u00e9xito gracias a su resistencia y talento.","og_url":"https:\/\/orato.world\/es\/2024\/06\/16\/camila-mercado-estrella-emergente-y-fenomeno-de-las-redes-sociales-habla-sobre-el-acoso-escolar-y-la-depresion-encontre-mi-voz-a-traves-de-la-musica\/","og_site_name":"Orato","article_publisher":"https:\/\/www.facebook.com\/OratoWorld\/","article_published_time":"2024-06-16T10:00:00+00:00","article_modified_time":"2024-06-21T23:36:12+00:00","og_image":[{"width":1125,"height":844,"url":"https:\/\/orato.world\/wp-content\/uploads\/Argentine-singer-5.jpg","type":"image\/jpeg"}],"author":"Cynthia Serebrinsky","twitter_card":"summary_large_image","twitter_creator":"@oratoworld","twitter_site":"@oratoworld","twitter_misc":{"Escrito por":"Cynthia Serebrinsky","Tiempo de lectura":"7 minutos"},"schema":{"@context":"https:\/\/schema.org","@graph":[{"@type":"NewsArticle","@id":"https:\/\/orato.world\/es\/2024\/06\/16\/camila-mercado-estrella-emergente-y-fenomeno-de-las-redes-sociales-habla-sobre-el-acoso-escolar-y-la-depresion-encontre-mi-voz-a-traves-de-la-musica\/#article","isPartOf":{"@id":"https:\/\/orato.world\/es\/2024\/06\/16\/camila-mercado-estrella-emergente-y-fenomeno-de-las-redes-sociales-habla-sobre-el-acoso-escolar-y-la-depresion-encontre-mi-voz-a-traves-de-la-musica\/"},"author":{"name":"Cynthia Serebrinsky","@id":"https:\/\/orato.world\/es\/#\/schema\/person\/163b8f70ae71f42c04750f466194d047"},"headline":"Camila Mercado, estrella emergente y fen\u00f3meno de las redes sociales, habla sobre el acoso escolar y la depresi\u00f3n: \u00abEncontr\u00e9 mi voz a trav\u00e9s de la m\u00fasica\u00bb","datePublished":"2024-06-16T10:00:00+00:00","dateModified":"2024-06-21T23:36:12+00:00","mainEntityOfPage":{"@id":"https:\/\/orato.world\/es\/2024\/06\/16\/camila-mercado-estrella-emergente-y-fenomeno-de-las-redes-sociales-habla-sobre-el-acoso-escolar-y-la-depresion-encontre-mi-voz-a-traves-de-la-musica\/"},"wordCount":1353,"commentCount":0,"publisher":{"@id":"https:\/\/orato.world\/es\/#organization"},"image":{"@id":"https:\/\/orato.world\/es\/2024\/06\/16\/camila-mercado-estrella-emergente-y-fenomeno-de-las-redes-sociales-habla-sobre-el-acoso-escolar-y-la-depresion-encontre-mi-voz-a-traves-de-la-musica\/#primaryimage"},"thumbnailUrl":"https:\/\/orato.world\/wp-content\/uploads\/Argentine-singer-5.jpg","keywords":["Acoso","Argentina","celiaqu\u00eda","empoderamiento de la mujer","Latinoam\u00e9rica","m\u00fasica tropical","Sobreviviente","Sudamerica"],"articleSection":["Arte y Cultura","Salud","Sexo y g\u00e9nero"],"inLanguage":"es","potentialAction":[{"@type":"CommentAction","name":"Comment","target":["https:\/\/orato.world\/es\/2024\/06\/16\/camila-mercado-estrella-emergente-y-fenomeno-de-las-redes-sociales-habla-sobre-el-acoso-escolar-y-la-depresion-encontre-mi-voz-a-traves-de-la-musica\/#respond"]}]},{"@type":"WebPage","@id":"https:\/\/orato.world\/es\/2024\/06\/16\/camila-mercado-estrella-emergente-y-fenomeno-de-las-redes-sociales-habla-sobre-el-acoso-escolar-y-la-depresion-encontre-mi-voz-a-traves-de-la-musica\/","url":"https:\/\/orato.world\/es\/2024\/06\/16\/camila-mercado-estrella-emergente-y-fenomeno-de-las-redes-sociales-habla-sobre-el-acoso-escolar-y-la-depresion-encontre-mi-voz-a-traves-de-la-musica\/","name":"Una argentina supera el acoso escolar y se convierte en estrella de la m\u00fasica","isPartOf":{"@id":"https:\/\/orato.world\/es\/#website"},"primaryImageOfPage":{"@id":"https:\/\/orato.world\/es\/2024\/06\/16\/camila-mercado-estrella-emergente-y-fenomeno-de-las-redes-sociales-habla-sobre-el-acoso-escolar-y-la-depresion-encontre-mi-voz-a-traves-de-la-musica\/#primaryimage"},"image":{"@id":"https:\/\/orato.world\/es\/2024\/06\/16\/camila-mercado-estrella-emergente-y-fenomeno-de-las-redes-sociales-habla-sobre-el-acoso-escolar-y-la-depresion-encontre-mi-voz-a-traves-de-la-musica\/#primaryimage"},"thumbnailUrl":"https:\/\/orato.world\/wp-content\/uploads\/Argentine-singer-5.jpg","datePublished":"2024-06-16T10:00:00+00:00","dateModified":"2024-06-21T23:36:12+00:00","description":"Una mujer argentina sufri\u00f3 acoso escolar y problemas de peso, pero persever\u00f3 y se convirti\u00f3 en una estrella musical de \u00e9xito gracias a su resistencia y talento.","breadcrumb":{"@id":"https:\/\/orato.world\/es\/2024\/06\/16\/camila-mercado-estrella-emergente-y-fenomeno-de-las-redes-sociales-habla-sobre-el-acoso-escolar-y-la-depresion-encontre-mi-voz-a-traves-de-la-musica\/#breadcrumb"},"inLanguage":"es","potentialAction":[{"@type":"ReadAction","target":["https:\/\/orato.world\/es\/2024\/06\/16\/camila-mercado-estrella-emergente-y-fenomeno-de-las-redes-sociales-habla-sobre-el-acoso-escolar-y-la-depresion-encontre-mi-voz-a-traves-de-la-musica\/"]}]},{"@type":"ImageObject","inLanguage":"es","@id":"https:\/\/orato.world\/es\/2024\/06\/16\/camila-mercado-estrella-emergente-y-fenomeno-de-las-redes-sociales-habla-sobre-el-acoso-escolar-y-la-depresion-encontre-mi-voz-a-traves-de-la-musica\/#primaryimage","url":"https:\/\/orato.world\/wp-content\/uploads\/Argentine-singer-5.jpg","contentUrl":"https:\/\/orato.world\/wp-content\/uploads\/Argentine-singer-5.jpg","width":1125,"height":844,"caption":"Camila Mercado in one of her live performances on Pasi\u00f3n de S\u00e1bado. | Photo courtesy of Camila Mercado"},{"@type":"BreadcrumbList","@id":"https:\/\/orato.world\/es\/2024\/06\/16\/camila-mercado-estrella-emergente-y-fenomeno-de-las-redes-sociales-habla-sobre-el-acoso-escolar-y-la-depresion-encontre-mi-voz-a-traves-de-la-musica\/#breadcrumb","itemListElement":[{"@type":"ListItem","position":1,"name":"Home","item":"https:\/\/orato.world\/es\/"},{"@type":"ListItem","position":2,"name":"Camila Mercado, estrella emergente y fen\u00f3meno de las redes sociales, habla sobre el acoso escolar y la depresi\u00f3n: \u00abEncontr\u00e9 mi voz a trav\u00e9s de la m\u00fasica\u00bb"}]},{"@type":"WebSite","@id":"https:\/\/orato.world\/es\/#website","url":"https:\/\/orato.world\/es\/","name":"Orato","description":"True Stories. Real People","publisher":{"@id":"https:\/\/orato.world\/es\/#organization"},"potentialAction":[{"@type":"SearchAction","target":{"@type":"EntryPoint","urlTemplate":"https:\/\/orato.world\/es\/?s={search_term_string}"},"query-input":{"@type":"PropertyValueSpecification","valueRequired":true,"valueName":"search_term_string"}}],"inLanguage":"es"},{"@type":"Organization","@id":"https:\/\/orato.world\/es\/#organization","name":"Orato World Media Inc.","url":"https:\/\/orato.world\/es\/","logo":{"@type":"ImageObject","inLanguage":"es","@id":"https:\/\/orato.world\/es\/#\/schema\/logo\/image\/","url":"https:\/\/orato.world\/wp-content\/uploads\/2020\/07\/orato-logo-transparent.png","contentUrl":"https:\/\/orato.world\/wp-content\/uploads\/2020\/07\/orato-logo-transparent.png","width":78,"height":73,"caption":"Orato World Media Inc."},"image":{"@id":"https:\/\/orato.world\/es\/#\/schema\/logo\/image\/"},"sameAs":["https:\/\/www.facebook.com\/OratoWorld\/","https:\/\/x.com\/oratoworld","https:\/\/www.instagram.com\/oratoworld","https:\/\/www.linkedin.com\/company\/42308818\/"]},{"@type":"Person","@id":"https:\/\/orato.world\/es\/#\/schema\/person\/163b8f70ae71f42c04750f466194d047","name":"Cynthia Serebrinsky","image":{"@type":"ImageObject","inLanguage":"es","@id":"https:\/\/secure.gravatar.com\/avatar\/f12ac5ffb18de592de70c124d1508570671762801a7d77b551d3d75919d4e87e?s=96&d=mm&r=g","url":"https:\/\/secure.gravatar.com\/avatar\/f12ac5ffb18de592de70c124d1508570671762801a7d77b551d3d75919d4e87e?s=96&d=mm&r=g","contentUrl":"https:\/\/secure.gravatar.com\/avatar\/f12ac5ffb18de592de70c124d1508570671762801a7d77b551d3d75919d4e87e?s=96&d=mm&r=g","caption":"Cynthia Serebrinsky"},"description":"Cynthia studied Communication at Virginia Tech. She was an Editor, Cosmopolitan; Editorial Secretary, Women's Health; and Director of Ser Padres Hoy. She currently writes for Infobae and Orato World Media. She plays tennis and sings in choirs.","url":"https:\/\/orato.world\/es\/author\/cynthia-serebrinsky\/"}]}},"modified_by":null,"uagb_featured_image_src":{"full":["https:\/\/orato.world\/wp-content\/uploads\/Argentine-singer-5.jpg",1125,844,false],"thumbnail":["https:\/\/orato.world\/wp-content\/uploads\/Argentine-singer-5-100x100.jpg",100,100,true],"medium":["https:\/\/orato.world\/wp-content\/uploads\/Argentine-singer-5-300x225.jpg",300,225,true],"medium_large":["https:\/\/orato.world\/wp-content\/uploads\/Argentine-singer-5-770x578.jpg",640,480,true],"large":["https:\/\/orato.world\/wp-content\/uploads\/Argentine-singer-5-1024x768.jpg",640,480,true],"1536x1536":["https:\/\/orato.world\/wp-content\/uploads\/Argentine-singer-5.jpg",1125,844,false],"2048x2048":["https:\/\/orato.world\/wp-content\/uploads\/Argentine-singer-5.jpg",1125,844,false],"gallery-size":["https:\/\/orato.world\/wp-content\/uploads\/Argentine-singer-5-533x400.jpg",533,400,true],"lets-review-360-240":["https:\/\/orato.world\/wp-content\/uploads\/Argentine-singer-5-360x240.jpg",360,240,true],"gform-image-choice-sm":["https:\/\/orato.world\/wp-content\/uploads\/Argentine-singer-5.jpg",300,225,false],"gform-image-choice-md":["https:\/\/orato.world\/wp-content\/uploads\/Argentine-singer-5.jpg",400,300,false],"gform-image-choice-lg":["https:\/\/orato.world\/wp-content\/uploads\/Argentine-singer-5.jpg",600,450,false],"awsm_team":["https:\/\/orato.world\/wp-content\/uploads\/Argentine-singer-5-500x500.jpg",500,500,true]},"uagb_author_info":{"display_name":"Cynthia Serebrinsky","author_link":"https:\/\/orato.world\/es\/author\/cynthia-serebrinsky\/"},"uagb_comment_info":0,"uagb_excerpt":"A los 20 a\u00f1os, tengo la tremenda oportunidad de cantar en la televisi\u00f3n y en escenarios de toda Argentina haciendo lo mismo que me salv\u00f3. Este viaje me ense\u00f1\u00f3 una valiosa lecci\u00f3n: nunca dejes que nadie apague tu luz. Es esencial seguir adelante, adoptando tu estilo y tus preferencias.","_links":{"self":[{"href":"https:\/\/orato.world\/es\/wp-json\/wp\/v2\/posts\/93094","targetHints":{"allow":["GET"]}}],"collection":[{"href":"https:\/\/orato.world\/es\/wp-json\/wp\/v2\/posts"}],"about":[{"href":"https:\/\/orato.world\/es\/wp-json\/wp\/v2\/types\/post"}],"author":[{"embeddable":true,"href":"https:\/\/orato.world\/es\/wp-json\/wp\/v2\/users\/216"}],"replies":[{"embeddable":true,"href":"https:\/\/orato.world\/es\/wp-json\/wp\/v2\/comments?post=93094"}],"version-history":[{"count":1,"href":"https:\/\/orato.world\/es\/wp-json\/wp\/v2\/posts\/93094\/revisions"}],"predecessor-version":[{"id":93095,"href":"https:\/\/orato.world\/es\/wp-json\/wp\/v2\/posts\/93094\/revisions\/93095"}],"wp:featuredmedia":[{"embeddable":true,"href":"https:\/\/orato.world\/es\/wp-json\/wp\/v2\/media\/92800"}],"wp:attachment":[{"href":"https:\/\/orato.world\/es\/wp-json\/wp\/v2\/media?parent=93094"}],"wp:term":[{"taxonomy":"category","embeddable":true,"href":"https:\/\/orato.world\/es\/wp-json\/wp\/v2\/categories?post=93094"},{"taxonomy":"post_tag","embeddable":true,"href":"https:\/\/orato.world\/es\/wp-json\/wp\/v2\/tags?post=93094"}],"curies":[{"name":"wp","href":"https:\/\/api.w.org\/{rel}","templated":true}]}}