{"id":96467,"date":"2024-09-11T03:00:00","date_gmt":"2024-09-11T10:00:00","guid":{"rendered":"https:\/\/orato.world\/?p=96467"},"modified":"2024-09-06T14:25:27","modified_gmt":"2024-09-06T21:25:27","slug":"una-actriz-albina-supera-la-discriminacion-y-los-abusos-y-defiende-los-derechos-de-las-personas-con-albinismo","status":"publish","type":"post","link":"https:\/\/orato.world\/es\/2024\/09\/11\/una-actriz-albina-supera-la-discriminacion-y-los-abusos-y-defiende-los-derechos-de-las-personas-con-albinismo\/","title":{"rendered":"Una actriz albina supera la discriminaci\u00f3n y los abusos, y defiende los derechos de las personas con albinismo"},"content":{"rendered":"<div class=\"lets-info-up-wrap  lets-info-up--right lets-info-up--m-1 lets-info-up-skin-1 lets-info-up--side\">\t\t\t<div class=\"lets-info-up\">\r\n\t\t\t<div class=\"lets-info-up-fi\"><img loading=\"lazy\" decoding=\"async\" width=\"500\" height=\"500\" src=\"https:\/\/orato.world\/wp-content\/uploads\/Albino-person-1-500x500.jpg\" class=\"attachment-lets-info-up-d1 size-lets-info-up-d1\" alt=\"Regina Mary Ndlovu is an actress and activist. An alumna of USAID&#039;s Young African Leaders Initiative (YALI) Regional Leadership Center and founder of My Voice:\" srcset=\"https:\/\/orato.world\/wp-content\/uploads\/Albino-person-1-500x500.jpg 500w, https:\/\/orato.world\/wp-content\/uploads\/Albino-person-1-300x300.jpg 300w, https:\/\/orato.world\/wp-content\/uploads\/Albino-person-1-100x100.jpg 100w, https:\/\/orato.world\/wp-content\/uploads\/Albino-person-1-770x770.jpg 770w, https:\/\/orato.world\/wp-content\/uploads\/Albino-person-1-400x400.jpg 400w, https:\/\/orato.world\/wp-content\/uploads\/Albino-person-1-150x150.jpg 150w, https:\/\/orato.world\/wp-content\/uploads\/Albino-person-1-70x70.jpg 70w, https:\/\/orato.world\/wp-content\/uploads\/Albino-person-1-293x293.jpg 293w, https:\/\/orato.world\/wp-content\/uploads\/Albino-person-1.jpg 960w\" sizes=\"auto, (max-width: 500px) 100vw, 500px\" \/><\/div>\t\t\t<div class=\"lets-info-up-block-wrap\">\r\n\t\t\t\t<div class=\"lets-info-up-block lets-info-up-meta-block\"><div class=\"lets-info-up-meta-title lets-info-up-pretitle font-h\">NOTAS DEL PERIODISTA<\/div><\/div><div class=\"lets-info-up-block lets-info-up-meta-block\"><div class=\"lets-info-up-meta-title lets-info-up-pretitle font-h\">PROTAGONISTA<\/div><div class=\"lets-info-up-meta-content lets-info-up-title font-b\"><a href=\"https:\/\/medium.com\/usaid-2030\/shining-a-light-on-lack-of-representation-of-people-with-albinism-605aea205514\">Regina Mary Ndlovu<\/a> es actriz y activista. Es ex alumna del Centro Regional de Liderazgo de la Iniciativa de J\u00f3venes L\u00edderes Africanos (YALI) de USAID y fundadora de My Voice: Albinism The New Era, una plataforma que defiende a las personas con albinismo a trav\u00e9s de narraciones, podcasts, asesoramiento, cortometrajes y documentales. Su documental \u00abI, Mary\u00bb, que narra los peligros y la discriminaci\u00f3n a los que se ha enfrentado como mujer con albinismo, gan\u00f3 el Premio Durban de Derechos Humanos de Amnist\u00eda Internacional en 2021.  <\/div><\/div><div class=\"lets-info-up-block lets-info-up-meta-block\"><div class=\"lets-info-up-meta-title lets-info-up-pretitle font-h\">Contexto<\/div><div class=\"lets-info-up-meta-content lets-info-up-title font-b\">El <a href=\"https:\/\/www.ohchr.org\/es\/special-procedures\/ie-albinism\/albinism-africa\">albinismo<\/a> es un trastorno gen\u00e9tico caracterizado por la ausencia total o parcial de pigmento melanina en la piel, el pelo y los ojos. Mientras que la tasa de personas con albinismo en Europa es de aproximadamente 1 de cada 20.000, en algunas partes de \u00c1frica puede llegar a ser de 1 de cada 5.000. Muchas personas con albinismo son v\u00edctimas de la ignorancia, la discriminaci\u00f3n y el estigma. En \u00c1frica, las personas con albinismo son perseguidas, asesinadas, desmembradas o violadas debido a la creencia err\u00f3nea de que las partes del cuerpo, cuando se utilizan como ingredientes en rituales y pociones, traer\u00e1n prosperidad.   <\/div><\/div>\t\t\t<\/div>\r\n\t\t\t<\/div>\r\n\t\t<\/div>\r\n\t\t\n<p>JOHANNESBURGO, Sud\u00e1frica &#8211; Al crecer en Zambia con albinismo, sufr\u00ed mucha discriminaci\u00f3n. Desde muy peque\u00f1a, la gente me escup\u00eda debido a creencias profundamente arraigadas en mitos paganos y miedos irracionales. Al verme, los ni\u00f1os gritaban y lloraban de miedo.  <\/p>\n\n<p><\/p>\n\n<p>[<em>El albinismo es una enfermedad gen\u00e9tica caracterizada por la falta de melanina, que se traduce en un pelo muy claro, piel p\u00e1lida y, a menudo, problemas de visi\u00f3n<\/em>.]<\/p>\n\n<p><\/p>\n\n<p>En la cultura africana, la gente cree que las partes del cuerpo de los albinos tienen poderes m\u00e1gicos. En concreto, creen que cortarle el pelo a un albino trae riqueza y que mantener relaciones sexuales con un albino cura enfermedades. Tr\u00e1gicamente, estas ideas err\u00f3neas llevan a algunos padres a abandonar o da\u00f1ar a sus hijos albinos, agravando el estigma al que se enfrentan.  <\/p>\n\n<p><em><a href=\"https:\/\/orato.world\/?s=South+Africa\"><strong>Lea m\u00e1s reportajes sobre Sur\u00e1frica en Orato World Media.<\/strong><\/a><\/em><\/p>\n\n<h2 class=\"wp-block-heading\" id=\"h-growing-up-with-albinism-woman-confronts-abuse-prejudice-and-loneliness\"><strong>Crecer con albinismo: una mujer se enfrenta a abusos, prejuicios y soledad<\/strong><\/h2>\n\n<p>Como ni\u00f1a albina, me acostumbr\u00e9 al silencio, donde los monstruos acechaban en las sombras. Estos monstruos adoptaron muchas formas, ya que me enfrent\u00e9 a innumerables situaciones sin comprender sus implicancias. En una comunidad donde la ignorancia alimentaba el miedo y los prejuicios, mi albinismo me diferenciaba.  <\/p>\n\n<p>Cuando ten\u00eda ocho a\u00f1os, sufr\u00ed abusos sexuales por primera vez. Por ese entonces, carec\u00eda de la conciencia necesaria para reconocer ciertos comportamientos como violaci\u00f3n. En la escuela, mi profesor, aparentemente inofensivo, me hizo se\u00f1as para que me acercara a su escritorio. Manten\u00eda una mano en el escritorio, mientras que la otra permanec\u00eda oculta bajo mi vestido. Repiti\u00f3 la agresi\u00f3n continuamente. Sin embargo, yo lo enterraba en mi interior, convenci\u00e9ndome de que me merec\u00eda ese trato.     <\/p>\n\n<p>En total, sufr\u00ed 15 violaciones. La verg\u00fcenza y el miedo me silenciaban. Cre\u00eda que mi discapacidad visual, mi percepci\u00f3n de falta de inteligencia y mi piel -todo ello consecuencia de mi albinismo- me hac\u00edan sentir menos que humana. Llevaba la soledad conmigo como compa\u00f1era constante.  <\/p>\n\n<p>Debido a mi aspecto, mi hermano mayor y yo manten\u00edamos relaciones tensas. Cuando \u00edbamos de compras, me instaba a alejarme, distanci\u00e1ndose de m\u00ed por ser su hermana \u00abdiferente\u00bb. Mientras tanto, nuestra comunidad especulaba con que mi madre hab\u00eda tenido una aventura con un hombre blanco, lo que finalmente llev\u00f3 a mi padre a abandonarnos.  <\/p>\n\n<h2 class=\"wp-block-heading\" id=\"h-woman-endures-severe-discrimination-at-school-due-to-skin-color-and-vision-problems\"><strong>Una mujer soporta una grave discriminaci\u00f3n en la escuela por el color de su piel y sus problemas de visi\u00f3n<\/strong><\/h2>\n\n<p>Crecer en Zambia y luego trasladarme a Sud\u00e1frica me expuso a experiencias muy diferentes. En Zambia sufr\u00ed una grave discriminaci\u00f3n por el color de mi piel. Nadie se hac\u00eda amigo m\u00edo en la escuela. En cambio, los ni\u00f1os me escup\u00edan, me ridiculizaban y me insultaban con nombres hirientes. Al mismo tiempo, los profesores me encerraban en el ba\u00f1o para impedirme leer y escribir. Evitaban comunicarse conmigo. Un profesor de primaria lleg\u00f3 a decir que yo no pertenec\u00eda a la clase debido a mis problemas de visi\u00f3n. Este problema persisti\u00f3 hasta la secundaria, donde maestros y profesores me pasaban de curso a pesar de mi incapacidad para leer o escribir.       <\/p>\n\n<p>Imag\u00ednate sentarte al fondo de una clase, sintiendo que se te hace un nudo en la garganta por el miedo cuando el profesor empieza a escribir en la pizarra. Todos a tu alrededor empiezan a tomar notas fren\u00e9ticamente, pero t\u00fa s\u00f3lo ves l\u00edneas borrosas. Cuando levantas la mano indecisa para preguntar qu\u00e9 est\u00e1 escribiendo el profesor y le explicas tus problemas de visi\u00f3n, el profesor responde con exasperaci\u00f3n y hostilidad: \u00abNo puedo ense\u00f1ar a alguien como t\u00fa: \u00abNo puedo ense\u00f1ar a alguien como t\u00fa. No te quiero en esta clase. No perteneces aqu\u00ed\u00bb.  <\/p>\n\n<p>A una edad temprana, la angustiosa experiencia de la escuela destruy\u00f3 los cimientos de mi educaci\u00f3n. En mi comunidad y en mi entorno educativo, la gente me discriminaba por el color de mi piel. Me ve\u00edan como a un bicho raro. Sus miradas y comentarios me hac\u00edan sentir in\u00fatil, destruyendo la personalidad y la identidad de una chica joven. A mis 35 a\u00f1os, sigo mejorando mi capacidad de lectura y escritura.     <\/p>\n\n<h2 class=\"wp-block-heading\" id=\"h-eleven-suicide-attempts-lead-young-woman-to-psychiatric-care\"><strong>Once intentos de suicidio llevan a una joven a recibir atenci\u00f3n psiqui\u00e1trica<\/strong><\/h2>\n\n<p>Al crecer, no tuve acceso a informaci\u00f3n sobre el albinismo. Mi familia no entend\u00eda las dificultades que ten\u00eda en la escuela, as\u00ed que tuve que enfrentarme a ellas sola. Me sent\u00eda aislada, sin nadie con quien hablar o compartir mis experiencias. Sin una comunidad que me apoyara ni un di\u00e1logo abierto, permanec\u00ed en silencio. Me sent\u00ed ignorada porque la sociedad no estaba dispuesta a abordar mi sufrimiento. Nadie estaba dispuesto a hablar del albinismo ni de la violencia y la discriminaci\u00f3n que conlleva.     <\/p>\n\n<p><\/p>\n\n<figure class=\"wp-block-gallery aligncenter has-nested-images columns-default is-cropped wp-block-gallery-1 is-layout-flex wp-block-gallery-is-layout-flex\">\n<figure class=\"wp-block-image size-large\"><img loading=\"lazy\" decoding=\"async\" width=\"682\" height=\"1024\" data-id=\"96192\" src=\"https:\/\/orato.world\/wp-content\/uploads\/albino-1-682x1024.jpg\" alt=\"\" class=\"wp-image-96192\" srcset=\"https:\/\/orato.world\/wp-content\/uploads\/albino-1-682x1024.jpg 682w, https:\/\/orato.world\/wp-content\/uploads\/albino-1-200x300.jpg 200w, https:\/\/orato.world\/wp-content\/uploads\/albino-1-770x1155.jpg 770w, https:\/\/orato.world\/wp-content\/uploads\/albino-1-1024x1536.jpg 1024w, https:\/\/orato.world\/wp-content\/uploads\/albino-1-267x400.jpg 267w, https:\/\/orato.world\/wp-content\/uploads\/albino-1.jpg 1333w\" sizes=\"auto, (max-width: 682px) 100vw, 682px\" \/><\/figure>\n\n\n\n<figure class=\"wp-block-image size-large\"><img loading=\"lazy\" decoding=\"async\" width=\"682\" height=\"1024\" data-id=\"96194\" src=\"https:\/\/orato.world\/wp-content\/uploads\/albino-682x1024.jpg\" alt=\"\" class=\"wp-image-96194\" srcset=\"https:\/\/orato.world\/wp-content\/uploads\/albino-682x1024.jpg 682w, https:\/\/orato.world\/wp-content\/uploads\/albino-200x300.jpg 200w, https:\/\/orato.world\/wp-content\/uploads\/albino-770x1156.jpg 770w, https:\/\/orato.world\/wp-content\/uploads\/albino-1023x1536.jpg 1023w, https:\/\/orato.world\/wp-content\/uploads\/albino-267x400.jpg 267w, https:\/\/orato.world\/wp-content\/uploads\/albino.jpg 1300w\" sizes=\"auto, (max-width: 682px) 100vw, 682px\" \/><\/figure>\n<figcaption class=\"blocks-gallery-caption wp-element-caption\">Regina Mary Ndlovu soport\u00f3 graves discriminaciones, abusos sexuales y analfabetismo debido a su albinismo. <strong>| Foto cortes\u00eda de Regina Mary Ndlovu<\/strong><\/figcaption><\/figure>\n\n<p><\/p>\n\n<p>Con el tiempo, fui tomando conciencia de las consecuencias de ser albina. Una vez sufr\u00ed quemaduras graves y llagas por todo el cuerpo por no utilizar bien la protecci\u00f3n solar. Esto ocurri\u00f3 por falta de orientaci\u00f3n sobre el cuidado adecuado de la piel, en particular sobre la importancia de la protecci\u00f3n solar. En 2023 me operaron dos veces de c\u00e1ncer de piel y me extirparon un trozo de oreja y uno de los pechos. Cada segundo que paso al aire libre supone un riesgo para mi vida. Como otras personas albinas, mi piel es sensible y delicada bajo el sol.      <\/p>\n\n<p>Mirando atr\u00e1s, reconozco que la escuela primaria sienta las bases esenciales de la vida de todo ni\u00f1o. Sembrar las semillas adecuadas garantiza un buen desarrollo y oportunidades. De ni\u00f1a, el rechazo aliment\u00f3 mis inseguridades y min\u00f3 mi confianza. Como resultado, me sent\u00eda indigna e incapaz de conseguir nada.   <\/p>\n\n<p>Leer y escribir son derechos humanos b\u00e1sicos, esenciales vayas donde vayas. Mientras observaba a otros leer y escribir sin esfuerzo, me sent\u00eda avergonzada por mis dificultades con estas destrezas. A los 17 a\u00f1os, abrumada por cargas emocionales, intent\u00e9 suicidarme once veces. Posteriormente, me internaron en un hospital psiqui\u00e1trico.   <\/p>\n\n<h2 class=\"wp-block-heading\" id=\"h-audio-bible-transforms-woman-s-life-teaching-her-to-read-and-write\"><strong>La Biblia en audio transforma la vida de una mujer y le ense\u00f1a a leer y escribir<\/strong><\/h2>\n\n<p>La parte m\u00e1s significativa de mi viaje comenz\u00f3 cuando aprend\u00ed a leer y escribir. Eleg\u00ed la Biblia como primer libro, lo que marc\u00f3 el inicio de un periodo transformador en mi vida. Algunas personas afirmaban que Dios la cre\u00f3 como una maldici\u00f3n, mientras que otras la ve\u00edan como una bendici\u00f3n. Como todo el mundo, yo ten\u00eda percepciones tanto positivas como negativas.   <\/p>\n\n<p><\/p>\n<div class=\"wp-block-image\">\n<figure class=\"aligncenter size-large\"><img loading=\"lazy\" decoding=\"async\" width=\"1024\" height=\"768\" src=\"https:\/\/orato.world\/wp-content\/uploads\/albinism-1-1024x768.jpg\" alt=\"\" class=\"wp-image-96189\" srcset=\"https:\/\/orato.world\/wp-content\/uploads\/albinism-1-1024x768.jpg 1024w, https:\/\/orato.world\/wp-content\/uploads\/albinism-1-300x225.jpg 300w, https:\/\/orato.world\/wp-content\/uploads\/albinism-1-770x578.jpg 770w, https:\/\/orato.world\/wp-content\/uploads\/albinism-1-533x400.jpg 533w, https:\/\/orato.world\/wp-content\/uploads\/albinism-1.jpg 1280w\" sizes=\"auto, (max-width: 1024px) 100vw, 1024px\" \/><figcaption class=\"wp-element-caption\">Regina es la fundadora de My Voice: Albinism The New Era, una plataforma que defiende a las personas con albinismo a trav\u00e9s de relatos, podcasts, asesoramiento, cortometrajes y documentales. <strong>| Foto cortes\u00eda de Regina Mary Ndlovu<\/strong><\/figcaption><\/figure>\n<\/div>\n<p><\/p>\n\n<p>Durante mucho tiempo, dirig\u00ed mi ira hacia Dios y el universo por haber nacido como soy. En la casa de mi infancia siempre hab\u00eda una Biblia cerca. Un d\u00eda, la cog\u00ed y empec\u00e9 a observarla. El peque\u00f1o tama\u00f1o de las letras me sorprendi\u00f3. La mir\u00e9 con rabia, cuestionando tanto a la Biblia como a Dios. Grit\u00e9: \u00abDios, te odio, eres malvado\u00bb. En consecuencia, romp\u00ed la Biblia y vi c\u00f3mo sus pedazos ca\u00edan al suelo.     <\/p>\n\n<p>Despu\u00e9s de destruir la Biblia, me pregunt\u00e9 c\u00f3mo pod\u00eda conocer a Dios si no sab\u00eda leer. Curiosa, pens\u00e9 por qu\u00e9 fui hecha de una manera que el mundo repudiaba. Dos d\u00edas despu\u00e9s, mi primo me visit\u00f3 con un CD que ya no quer\u00eda. Inmediatamente, fui a mi habitaci\u00f3n para averiguar qu\u00e9 era y descubr\u00ed una Biblia en audio. Todo lo que parec\u00eda imposible ahora estaba a mi alcance. Aunque no pod\u00eda leer a Dios, pod\u00eda escucharle. En ese momento, me di cuenta de que pod\u00eda aprender a leer y escribir, ya que pod\u00eda entender todo lo que estaba escrito en la Biblia.      <\/p>\n\n<p>Entusiasmada, empec\u00e9 a ver pel\u00edculas con subt\u00edtulos y prest\u00e9 m\u00e1s atenci\u00f3n a las palabras. Cuando quer\u00eda saber c\u00f3mo se deletreaba az\u00facar, iba a la cocina, cog\u00eda el paquete de az\u00facar y examinaba las letras que formaban la palabra. <\/p>\n\n<h2 class=\"wp-block-heading\" id=\"h-woman-finds-self-acceptance-after-overcoming-self-hate\"><strong>Una mujer se acepta tras superar el odio a s\u00ed misma<\/strong><\/h2>\n\n<p>La primera frase que escrib\u00ed fue: \u00abMe odio a m\u00ed misma, te odio a ti, Dios\u00bb. Equivocadamente, cre\u00eda que no hab\u00eda lugar en este mundo para alguien como yo. Todo en mi vida parec\u00eda negativo, y me sent\u00eda incapaz de hacer nada. Aprovechaba cualquier momento para escribir. Mientras los dem\u00e1s hac\u00edan los deberes, yo garabateaba \u00abMe odio\u00bb en cada p\u00e1gina.    <\/p>\n\n<p>Durante mucho tiempo, di prioridad a los dem\u00e1s, perdi\u00e9ndome a m\u00ed misma. Luch\u00e9 por descubrir el prop\u00f3sito de mi vida y lo que realmente quer\u00eda hacer. Mi b\u00fasqueda de aceptaci\u00f3n me llev\u00f3 a tomar malas decisiones. Beb\u00eda mucho, fumaba y me relacionaba con personas da\u00f1inas. Aunque pretend\u00edan hacerme da\u00f1o o abusar de m\u00ed, buscaba su amor. Esperaba que el amor de los dem\u00e1s me hiciera sentir normal. Sin embargo, aprend\u00ed que ten\u00eda que encontrar la autoaceptaci\u00f3n.      <\/p>\n\n<p>Enfrent\u00e1ndome a mis l\u00e1grimas, dej\u00e9 de ocultar mi verdadera yo al mundo. Poco despu\u00e9s, las clases de teatro marcaron un punto de inflexi\u00f3n, impuls\u00e1ndome a enfrentarme a la vida de frente. Una compa\u00f1era de clase me ret\u00f3 a decir la verdad, revelando que llevaba 25 a\u00f1os fingiendo estar bien y ser analfabeta, viviendo una vida ficticia. Me ofreci\u00f3 su ayuda y, a pesar de mis dificultades para leer y escribir, se dedic\u00f3 a documentar la historia de mi vida. Revivir cada momento doloroso fue muy duro, pero me pareci\u00f3 la mejor decisi\u00f3n que he tomado nunca.    <\/p>\n\n<h2 class=\"wp-block-heading\" id=\"h-revealing-illiteracy-on-stage-marks-the-beginning-of-healing-journey\"><strong>Revelar el analfabetismo en el escenario marca el inicio de un viaje de sanaci\u00f3n<\/strong><\/h2>\n\n<p>Recibir la Biblia en audio de manos de mi primo fue el momento m\u00e1s feliz. Me ayud\u00f3 a dejar de verme como un error y a darme cuenta de que hab\u00eda una raz\u00f3n para mi existencia. Dios me hizo valiente, maravillosa y espont\u00e1nea. Emocionalmente, me permiti\u00f3 dejar a un lado mi ira y centrarme en aspectos m\u00e1s positivos de la vida.   <\/p>\n\n<p>Un d\u00eda, con ganas de actuar ante un p\u00fablico numeroso. Al final de la primera actuaci\u00f3n, me coloqu\u00e9 en medio del escenario. Por fin, solt\u00e9 el secreto que me hab\u00eda perseguido toda la vida. Ante un p\u00fablico desconocido, grit\u00e9 a pleno pulm\u00f3n que no sab\u00eda leer ni escribir. Afortunadamente, aquel d\u00eda marc\u00f3 el inicio de un profundo proceso de curaci\u00f3n.    <\/p>\n\n<p>Decirlo en voz alta era muy importante para m\u00ed. El p\u00fablico prorrumpi\u00f3 en aplausos y yo me qued\u00e9 sorprendida al ver c\u00f3mo me elogiaban. Recuerdo c\u00f3mo mis profesores asum\u00edan que sab\u00eda leer y escribir por mi forma de comunicarme. Me pon\u00edan un libro delante en medio de la clase y me ped\u00edan que lo leyera. Sintiendo verg\u00fcenza, ten\u00eda que correr al ba\u00f1o a llorar y esconderme. Sin embargo, al contarle al mundo gran parte de mi vida, me sent\u00eda aliviada.    <\/p>\n\n<p>Con mi familia, el proceso fue m\u00e1s lento. Durante mucho tiempo guardamos silencio, pero al final les cont\u00e9 lo que hab\u00eda pasado. Ahora est\u00e1n muy orgullosos de mi carrera como actriz, de las decisiones que tom\u00e9 y de la vida que estoy construyendo. Las reacciones a mis obras me conmueven profundamente. La gente a menudo comparte sus experiencias y me da las gracias, diciendo que mi trabajo ha cambiado sus vidas.    <\/p>\n\n<h2 class=\"wp-block-heading\" id=\"h-woman-advocates-for-people-with-albinism-empowers-children\"><strong>Una mujer defiende a las personas con albinismo y empodera a los ni\u00f1os<\/strong><\/h2>\n\n<p>Ser madre me proporciona las experiencias m\u00e1s gratificantes de mi vida. Veo crecer a mi hija y aprecio cada momento que paso con ella. Hoy quiero protegerla de las dificultades a las que yo me enfrent\u00e9. Me esfuerzo por ofrecerle una vida llena de amor y respeto. Adem\u00e1s, quiero crear un espacio seguro en el que siempre pueda encontrar apoyo y orientaci\u00f3n.     <\/p>\n\n<p>Al mismo tiempo, continu\u00e9 con el programa de entrevistas que lanc\u00e9 en 2019. Para interactuar con nosotros, di a la gente la oportunidad de compartir las historias de quienes padecen albinismo. A pesar de los retos de gestionar el papeleo y redactar propuestas, segu\u00ed decidida. Este proyecto merece todo mi esfuerzo, ya que pretendo llegar a un p\u00fablico mundial. Transform\u00e9 mi rabia y tristeza pasadas en esfuerzos para ayudar a los dem\u00e1s y defender los derechos de las personas albinas y de las que viven con VIH. Marcar la diferencia en sus vidas me produce una inmensa alegr\u00eda y orgullo.     <\/p>\n\n<p>A trav\u00e9s de mi programa, Dynamite Dynamic Explosion, empodero a otros para que transformen sus luchas en fortalezas. Cuando trabajo con ni\u00f1os, veo reflejos de mi dolor y mi pasado, lo que me impulsa a ense\u00f1arles su potencial interior. Yo misma me perd\u00ed una infancia, as\u00ed que ahora me esfuerzo por ofrecer a los dem\u00e1s lo que yo necesit\u00e9 una vez.  <\/p>\n\n<p>La libertad me inspir\u00f3. Me liber\u00e9 del silencio y la verg\u00fcenza, descubriendo lo que era posible. Compartir mi historia me hizo sentirme liberada, viva y humana por primera vez. <\/p>\n","protected":false},"excerpt":{"rendered":"<p>Nadie se hizo amigo m\u00edo en la escuela. En cambio, los ni\u00f1os me escup\u00edan, me ridiculizaban y me insultaban con nombres hirientes.  <\/p>\n","protected":false},"author":28,"featured_media":96187,"comment_status":"open","ping_status":"open","sticky":false,"template":"","format":"standard","meta":{"_acf_changed":false,"_uag_custom_page_level_css":"","_lmt_disableupdate":"","_lmt_disable":"","footnotes":""},"categories":[523,261],"tags":[2892,3921,6785,613,526,609,1469,9464,767,8711],"class_list":["post-96467","post","type-post","status-publish","format-standard","has-post-thumbnail","hentry","category-racismo","category-sexo-y-genero","tag-abuso","tag-acoso","tag-actriz-albina","tag-africa-es","tag-albinism-es","tag-albino-es","tag-discapacidad-es-2","tag-discriminacion-por-color","tag-south-africa-es","tag-zambia-es"],"acf":[],"yoast_head":"<!-- This site is optimized with the Yoast SEO Premium plugin v27.5 (Yoast SEO v27.5) - https:\/\/yoast.com\/product\/yoast-seo-premium-wordpress\/ -->\n<title>Una actriz albina supera los malos tratos y defiende los derechos del albinismo<\/title>\n<meta name=\"description\" content=\"Tras sufrir discriminaci\u00f3n, una actriz albina encontr\u00f3 sanaci\u00f3n gracias a una Biblia en audio, aboga por los albinos y anima a los dem\u00e1s.\" \/>\n<meta name=\"robots\" content=\"index, follow, max-snippet:-1, max-image-preview:large, max-video-preview:-1\" \/>\n<link rel=\"canonical\" href=\"https:\/\/orato.world\/es\/2024\/09\/11\/una-actriz-albina-supera-la-discriminacion-y-los-abusos-y-defiende-los-derechos-de-las-personas-con-albinismo\/\" \/>\n<meta property=\"og:locale\" content=\"es_ES\" \/>\n<meta property=\"og:type\" content=\"article\" \/>\n<meta property=\"og:title\" content=\"Una actriz albina supera la discriminaci\u00f3n y los abusos, y defiende los derechos de las personas con albinismo\" \/>\n<meta property=\"og:description\" content=\"Tras sufrir discriminaci\u00f3n, una actriz albina encontr\u00f3 sanaci\u00f3n gracias a una Biblia en audio, aboga por los albinos y anima a los dem\u00e1s.\" \/>\n<meta property=\"og:url\" content=\"https:\/\/orato.world\/es\/2024\/09\/11\/una-actriz-albina-supera-la-discriminacion-y-los-abusos-y-defiende-los-derechos-de-las-personas-con-albinismo\/\" \/>\n<meta property=\"og:site_name\" content=\"Orato\" \/>\n<meta property=\"article:publisher\" content=\"https:\/\/www.facebook.com\/OratoWorld\/\" \/>\n<meta property=\"article:published_time\" content=\"2024-09-11T10:00:00+00:00\" \/>\n<meta property=\"og:image\" content=\"https:\/\/orato.world\/wp-content\/uploads\/albino-person-2-1.jpg\" \/>\n\t<meta property=\"og:image:width\" content=\"1280\" \/>\n\t<meta property=\"og:image:height\" content=\"960\" \/>\n\t<meta property=\"og:image:type\" content=\"image\/jpeg\" \/>\n<meta name=\"author\" content=\"Mariela Laksman\" \/>\n<meta name=\"twitter:card\" content=\"summary_large_image\" \/>\n<meta name=\"twitter:creator\" content=\"@oratoworld\" \/>\n<meta name=\"twitter:site\" content=\"@oratoworld\" \/>\n<meta name=\"twitter:label1\" content=\"Escrito por\" \/>\n\t<meta name=\"twitter:data1\" content=\"Mariela Laksman\" \/>\n\t<meta name=\"twitter:label2\" content=\"Tiempo de lectura\" \/>\n\t<meta name=\"twitter:data2\" content=\"11 minutos\" \/>\n<script type=\"application\/ld+json\" class=\"yoast-schema-graph\">{\"@context\":\"https:\\\/\\\/schema.org\",\"@graph\":[{\"@type\":\"NewsArticle\",\"@id\":\"https:\\\/\\\/orato.world\\\/es\\\/2024\\\/09\\\/11\\\/una-actriz-albina-supera-la-discriminacion-y-los-abusos-y-defiende-los-derechos-de-las-personas-con-albinismo\\\/#article\",\"isPartOf\":{\"@id\":\"https:\\\/\\\/orato.world\\\/es\\\/2024\\\/09\\\/11\\\/una-actriz-albina-supera-la-discriminacion-y-los-abusos-y-defiende-los-derechos-de-las-personas-con-albinismo\\\/\"},\"author\":{\"name\":\"Mariela Laksman\",\"@id\":\"https:\\\/\\\/orato.world\\\/es\\\/#\\\/schema\\\/person\\\/d4a4a9a63551641850068c20e93613a5\"},\"headline\":\"Una actriz albina supera la discriminaci\u00f3n y los abusos, y defiende los derechos de las personas con albinismo\",\"datePublished\":\"2024-09-11T10:00:00+00:00\",\"mainEntityOfPage\":{\"@id\":\"https:\\\/\\\/orato.world\\\/es\\\/2024\\\/09\\\/11\\\/una-actriz-albina-supera-la-discriminacion-y-los-abusos-y-defiende-los-derechos-de-las-personas-con-albinismo\\\/\"},\"wordCount\":2292,\"commentCount\":0,\"publisher\":{\"@id\":\"https:\\\/\\\/orato.world\\\/es\\\/#organization\"},\"image\":{\"@id\":\"https:\\\/\\\/orato.world\\\/es\\\/2024\\\/09\\\/11\\\/una-actriz-albina-supera-la-discriminacion-y-los-abusos-y-defiende-los-derechos-de-las-personas-con-albinismo\\\/#primaryimage\"},\"thumbnailUrl\":\"https:\\\/\\\/orato.world\\\/wp-content\\\/uploads\\\/albino-person-2-1.jpg\",\"keywords\":[\"Abuso\",\"Acoso\",\"actriz albina\",\"Africa\",\"Albinism\",\"albino\",\"Discapacidad\",\"discriminaci\u00f3n por color\",\"South Africa\",\"Zambia\"],\"articleSection\":[\"Racismo\",\"Sexo y g\u00e9nero\"],\"inLanguage\":\"es\",\"potentialAction\":[{\"@type\":\"CommentAction\",\"name\":\"Comment\",\"target\":[\"https:\\\/\\\/orato.world\\\/es\\\/2024\\\/09\\\/11\\\/una-actriz-albina-supera-la-discriminacion-y-los-abusos-y-defiende-los-derechos-de-las-personas-con-albinismo\\\/#respond\"]}]},{\"@type\":\"WebPage\",\"@id\":\"https:\\\/\\\/orato.world\\\/es\\\/2024\\\/09\\\/11\\\/una-actriz-albina-supera-la-discriminacion-y-los-abusos-y-defiende-los-derechos-de-las-personas-con-albinismo\\\/\",\"url\":\"https:\\\/\\\/orato.world\\\/es\\\/2024\\\/09\\\/11\\\/una-actriz-albina-supera-la-discriminacion-y-los-abusos-y-defiende-los-derechos-de-las-personas-con-albinismo\\\/\",\"name\":\"Una actriz albina supera los malos tratos y defiende los derechos del albinismo\",\"isPartOf\":{\"@id\":\"https:\\\/\\\/orato.world\\\/es\\\/#website\"},\"primaryImageOfPage\":{\"@id\":\"https:\\\/\\\/orato.world\\\/es\\\/2024\\\/09\\\/11\\\/una-actriz-albina-supera-la-discriminacion-y-los-abusos-y-defiende-los-derechos-de-las-personas-con-albinismo\\\/#primaryimage\"},\"image\":{\"@id\":\"https:\\\/\\\/orato.world\\\/es\\\/2024\\\/09\\\/11\\\/una-actriz-albina-supera-la-discriminacion-y-los-abusos-y-defiende-los-derechos-de-las-personas-con-albinismo\\\/#primaryimage\"},\"thumbnailUrl\":\"https:\\\/\\\/orato.world\\\/wp-content\\\/uploads\\\/albino-person-2-1.jpg\",\"datePublished\":\"2024-09-11T10:00:00+00:00\",\"description\":\"Tras sufrir discriminaci\u00f3n, una actriz albina encontr\u00f3 sanaci\u00f3n gracias a una Biblia en audio, aboga por los albinos y anima a los dem\u00e1s.\",\"breadcrumb\":{\"@id\":\"https:\\\/\\\/orato.world\\\/es\\\/2024\\\/09\\\/11\\\/una-actriz-albina-supera-la-discriminacion-y-los-abusos-y-defiende-los-derechos-de-las-personas-con-albinismo\\\/#breadcrumb\"},\"inLanguage\":\"es\",\"potentialAction\":[{\"@type\":\"ReadAction\",\"target\":[\"https:\\\/\\\/orato.world\\\/es\\\/2024\\\/09\\\/11\\\/una-actriz-albina-supera-la-discriminacion-y-los-abusos-y-defiende-los-derechos-de-las-personas-con-albinismo\\\/\"]}]},{\"@type\":\"ImageObject\",\"inLanguage\":\"es\",\"@id\":\"https:\\\/\\\/orato.world\\\/es\\\/2024\\\/09\\\/11\\\/una-actriz-albina-supera-la-discriminacion-y-los-abusos-y-defiende-los-derechos-de-las-personas-con-albinismo\\\/#primaryimage\",\"url\":\"https:\\\/\\\/orato.world\\\/wp-content\\\/uploads\\\/albino-person-2-1.jpg\",\"contentUrl\":\"https:\\\/\\\/orato.world\\\/wp-content\\\/uploads\\\/albino-person-2-1.jpg\",\"width\":1280,\"height\":960,\"caption\":\"Regina Mary Ndlovu, who suffered from severe discrimination, sexual abuse, and illiteracy due to her albinism, now uses her voice to advocate for the rights of albino individuals and empower children. | Photo courtesy of Regina Mary Ndlovu\"},{\"@type\":\"BreadcrumbList\",\"@id\":\"https:\\\/\\\/orato.world\\\/es\\\/2024\\\/09\\\/11\\\/una-actriz-albina-supera-la-discriminacion-y-los-abusos-y-defiende-los-derechos-de-las-personas-con-albinismo\\\/#breadcrumb\",\"itemListElement\":[{\"@type\":\"ListItem\",\"position\":1,\"name\":\"Home\",\"item\":\"https:\\\/\\\/orato.world\\\/es\\\/\"},{\"@type\":\"ListItem\",\"position\":2,\"name\":\"Una actriz albina supera la discriminaci\u00f3n y los abusos, y defiende los derechos de las personas con albinismo\"}]},{\"@type\":\"WebSite\",\"@id\":\"https:\\\/\\\/orato.world\\\/es\\\/#website\",\"url\":\"https:\\\/\\\/orato.world\\\/es\\\/\",\"name\":\"Orato\",\"description\":\"True Stories. Real People\",\"publisher\":{\"@id\":\"https:\\\/\\\/orato.world\\\/es\\\/#organization\"},\"potentialAction\":[{\"@type\":\"SearchAction\",\"target\":{\"@type\":\"EntryPoint\",\"urlTemplate\":\"https:\\\/\\\/orato.world\\\/es\\\/?s={search_term_string}\"},\"query-input\":{\"@type\":\"PropertyValueSpecification\",\"valueRequired\":true,\"valueName\":\"search_term_string\"}}],\"inLanguage\":\"es\"},{\"@type\":\"Organization\",\"@id\":\"https:\\\/\\\/orato.world\\\/es\\\/#organization\",\"name\":\"Orato World Media Inc.\",\"url\":\"https:\\\/\\\/orato.world\\\/es\\\/\",\"logo\":{\"@type\":\"ImageObject\",\"inLanguage\":\"es\",\"@id\":\"https:\\\/\\\/orato.world\\\/es\\\/#\\\/schema\\\/logo\\\/image\\\/\",\"url\":\"https:\\\/\\\/orato.world\\\/wp-content\\\/uploads\\\/2020\\\/07\\\/orato-logo-transparent.png\",\"contentUrl\":\"https:\\\/\\\/orato.world\\\/wp-content\\\/uploads\\\/2020\\\/07\\\/orato-logo-transparent.png\",\"width\":78,\"height\":73,\"caption\":\"Orato World Media Inc.\"},\"image\":{\"@id\":\"https:\\\/\\\/orato.world\\\/es\\\/#\\\/schema\\\/logo\\\/image\\\/\"},\"sameAs\":[\"https:\\\/\\\/www.facebook.com\\\/OratoWorld\\\/\",\"https:\\\/\\\/x.com\\\/oratoworld\",\"https:\\\/\\\/www.instagram.com\\\/oratoworld\",\"https:\\\/\\\/www.linkedin.com\\\/company\\\/42308818\\\/\"]},{\"@type\":\"Person\",\"@id\":\"https:\\\/\\\/orato.world\\\/es\\\/#\\\/schema\\\/person\\\/d4a4a9a63551641850068c20e93613a5\",\"name\":\"Mariela Laksman\",\"image\":{\"@type\":\"ImageObject\",\"inLanguage\":\"es\",\"@id\":\"https:\\\/\\\/secure.gravatar.com\\\/avatar\\\/133ba1b69c2a2b7c782cce9999c26555b6bc9af9e382e5e8f8e3fc285015d1b7?s=96&d=mm&r=g\",\"url\":\"https:\\\/\\\/secure.gravatar.com\\\/avatar\\\/133ba1b69c2a2b7c782cce9999c26555b6bc9af9e382e5e8f8e3fc285015d1b7?s=96&d=mm&r=g\",\"contentUrl\":\"https:\\\/\\\/secure.gravatar.com\\\/avatar\\\/133ba1b69c2a2b7c782cce9999c26555b6bc9af9e382e5e8f8e3fc285015d1b7?s=96&d=mm&r=g\",\"caption\":\"Mariela Laksman\"},\"description\":\"Image and Sound Designer, Integral Audiovisual and Journalistic Producer, writer, and teacher. I started working when I was very young; Since 2001, I was a producer for different television programs, documentary films, radio, and generating creative content for different organizations and companies. I won the award: \\\"Nuevo Sudaca Border\\\" with the microfiction book \\\"Un Tigre con la Boca Abierta\\\", for Eloisa Cartonera Editorial. I am passionate about telling stories and writing.\",\"url\":\"https:\\\/\\\/orato.world\\\/es\\\/author\\\/mariela-laksman\\\/\"}]}<\/script>\n<!-- \/ Yoast SEO Premium plugin. -->","yoast_head_json":{"title":"Una actriz albina supera los malos tratos y defiende los derechos del albinismo","description":"Tras sufrir discriminaci\u00f3n, una actriz albina encontr\u00f3 sanaci\u00f3n gracias a una Biblia en audio, aboga por los albinos y anima a los dem\u00e1s.","robots":{"index":"index","follow":"follow","max-snippet":"max-snippet:-1","max-image-preview":"max-image-preview:large","max-video-preview":"max-video-preview:-1"},"canonical":"https:\/\/orato.world\/es\/2024\/09\/11\/una-actriz-albina-supera-la-discriminacion-y-los-abusos-y-defiende-los-derechos-de-las-personas-con-albinismo\/","og_locale":"es_ES","og_type":"article","og_title":"Una actriz albina supera la discriminaci\u00f3n y los abusos, y defiende los derechos de las personas con albinismo","og_description":"Tras sufrir discriminaci\u00f3n, una actriz albina encontr\u00f3 sanaci\u00f3n gracias a una Biblia en audio, aboga por los albinos y anima a los dem\u00e1s.","og_url":"https:\/\/orato.world\/es\/2024\/09\/11\/una-actriz-albina-supera-la-discriminacion-y-los-abusos-y-defiende-los-derechos-de-las-personas-con-albinismo\/","og_site_name":"Orato","article_publisher":"https:\/\/www.facebook.com\/OratoWorld\/","article_published_time":"2024-09-11T10:00:00+00:00","og_image":[{"width":1280,"height":960,"url":"https:\/\/orato.world\/wp-content\/uploads\/albino-person-2-1.jpg","type":"image\/jpeg"}],"author":"Mariela Laksman","twitter_card":"summary_large_image","twitter_creator":"@oratoworld","twitter_site":"@oratoworld","twitter_misc":{"Escrito por":"Mariela Laksman","Tiempo de lectura":"11 minutos"},"schema":{"@context":"https:\/\/schema.org","@graph":[{"@type":"NewsArticle","@id":"https:\/\/orato.world\/es\/2024\/09\/11\/una-actriz-albina-supera-la-discriminacion-y-los-abusos-y-defiende-los-derechos-de-las-personas-con-albinismo\/#article","isPartOf":{"@id":"https:\/\/orato.world\/es\/2024\/09\/11\/una-actriz-albina-supera-la-discriminacion-y-los-abusos-y-defiende-los-derechos-de-las-personas-con-albinismo\/"},"author":{"name":"Mariela Laksman","@id":"https:\/\/orato.world\/es\/#\/schema\/person\/d4a4a9a63551641850068c20e93613a5"},"headline":"Una actriz albina supera la discriminaci\u00f3n y los abusos, y defiende los derechos de las personas con albinismo","datePublished":"2024-09-11T10:00:00+00:00","mainEntityOfPage":{"@id":"https:\/\/orato.world\/es\/2024\/09\/11\/una-actriz-albina-supera-la-discriminacion-y-los-abusos-y-defiende-los-derechos-de-las-personas-con-albinismo\/"},"wordCount":2292,"commentCount":0,"publisher":{"@id":"https:\/\/orato.world\/es\/#organization"},"image":{"@id":"https:\/\/orato.world\/es\/2024\/09\/11\/una-actriz-albina-supera-la-discriminacion-y-los-abusos-y-defiende-los-derechos-de-las-personas-con-albinismo\/#primaryimage"},"thumbnailUrl":"https:\/\/orato.world\/wp-content\/uploads\/albino-person-2-1.jpg","keywords":["Abuso","Acoso","actriz albina","Africa","Albinism","albino","Discapacidad","discriminaci\u00f3n por color","South Africa","Zambia"],"articleSection":["Racismo","Sexo y g\u00e9nero"],"inLanguage":"es","potentialAction":[{"@type":"CommentAction","name":"Comment","target":["https:\/\/orato.world\/es\/2024\/09\/11\/una-actriz-albina-supera-la-discriminacion-y-los-abusos-y-defiende-los-derechos-de-las-personas-con-albinismo\/#respond"]}]},{"@type":"WebPage","@id":"https:\/\/orato.world\/es\/2024\/09\/11\/una-actriz-albina-supera-la-discriminacion-y-los-abusos-y-defiende-los-derechos-de-las-personas-con-albinismo\/","url":"https:\/\/orato.world\/es\/2024\/09\/11\/una-actriz-albina-supera-la-discriminacion-y-los-abusos-y-defiende-los-derechos-de-las-personas-con-albinismo\/","name":"Una actriz albina supera los malos tratos y defiende los derechos del albinismo","isPartOf":{"@id":"https:\/\/orato.world\/es\/#website"},"primaryImageOfPage":{"@id":"https:\/\/orato.world\/es\/2024\/09\/11\/una-actriz-albina-supera-la-discriminacion-y-los-abusos-y-defiende-los-derechos-de-las-personas-con-albinismo\/#primaryimage"},"image":{"@id":"https:\/\/orato.world\/es\/2024\/09\/11\/una-actriz-albina-supera-la-discriminacion-y-los-abusos-y-defiende-los-derechos-de-las-personas-con-albinismo\/#primaryimage"},"thumbnailUrl":"https:\/\/orato.world\/wp-content\/uploads\/albino-person-2-1.jpg","datePublished":"2024-09-11T10:00:00+00:00","description":"Tras sufrir discriminaci\u00f3n, una actriz albina encontr\u00f3 sanaci\u00f3n gracias a una Biblia en audio, aboga por los albinos y anima a los dem\u00e1s.","breadcrumb":{"@id":"https:\/\/orato.world\/es\/2024\/09\/11\/una-actriz-albina-supera-la-discriminacion-y-los-abusos-y-defiende-los-derechos-de-las-personas-con-albinismo\/#breadcrumb"},"inLanguage":"es","potentialAction":[{"@type":"ReadAction","target":["https:\/\/orato.world\/es\/2024\/09\/11\/una-actriz-albina-supera-la-discriminacion-y-los-abusos-y-defiende-los-derechos-de-las-personas-con-albinismo\/"]}]},{"@type":"ImageObject","inLanguage":"es","@id":"https:\/\/orato.world\/es\/2024\/09\/11\/una-actriz-albina-supera-la-discriminacion-y-los-abusos-y-defiende-los-derechos-de-las-personas-con-albinismo\/#primaryimage","url":"https:\/\/orato.world\/wp-content\/uploads\/albino-person-2-1.jpg","contentUrl":"https:\/\/orato.world\/wp-content\/uploads\/albino-person-2-1.jpg","width":1280,"height":960,"caption":"Regina Mary Ndlovu, who suffered from severe discrimination, sexual abuse, and illiteracy due to her albinism, now uses her voice to advocate for the rights of albino individuals and empower children. | Photo courtesy of Regina Mary Ndlovu"},{"@type":"BreadcrumbList","@id":"https:\/\/orato.world\/es\/2024\/09\/11\/una-actriz-albina-supera-la-discriminacion-y-los-abusos-y-defiende-los-derechos-de-las-personas-con-albinismo\/#breadcrumb","itemListElement":[{"@type":"ListItem","position":1,"name":"Home","item":"https:\/\/orato.world\/es\/"},{"@type":"ListItem","position":2,"name":"Una actriz albina supera la discriminaci\u00f3n y los abusos, y defiende los derechos de las personas con albinismo"}]},{"@type":"WebSite","@id":"https:\/\/orato.world\/es\/#website","url":"https:\/\/orato.world\/es\/","name":"Orato","description":"True Stories. Real People","publisher":{"@id":"https:\/\/orato.world\/es\/#organization"},"potentialAction":[{"@type":"SearchAction","target":{"@type":"EntryPoint","urlTemplate":"https:\/\/orato.world\/es\/?s={search_term_string}"},"query-input":{"@type":"PropertyValueSpecification","valueRequired":true,"valueName":"search_term_string"}}],"inLanguage":"es"},{"@type":"Organization","@id":"https:\/\/orato.world\/es\/#organization","name":"Orato World Media Inc.","url":"https:\/\/orato.world\/es\/","logo":{"@type":"ImageObject","inLanguage":"es","@id":"https:\/\/orato.world\/es\/#\/schema\/logo\/image\/","url":"https:\/\/orato.world\/wp-content\/uploads\/2020\/07\/orato-logo-transparent.png","contentUrl":"https:\/\/orato.world\/wp-content\/uploads\/2020\/07\/orato-logo-transparent.png","width":78,"height":73,"caption":"Orato World Media Inc."},"image":{"@id":"https:\/\/orato.world\/es\/#\/schema\/logo\/image\/"},"sameAs":["https:\/\/www.facebook.com\/OratoWorld\/","https:\/\/x.com\/oratoworld","https:\/\/www.instagram.com\/oratoworld","https:\/\/www.linkedin.com\/company\/42308818\/"]},{"@type":"Person","@id":"https:\/\/orato.world\/es\/#\/schema\/person\/d4a4a9a63551641850068c20e93613a5","name":"Mariela Laksman","image":{"@type":"ImageObject","inLanguage":"es","@id":"https:\/\/secure.gravatar.com\/avatar\/133ba1b69c2a2b7c782cce9999c26555b6bc9af9e382e5e8f8e3fc285015d1b7?s=96&d=mm&r=g","url":"https:\/\/secure.gravatar.com\/avatar\/133ba1b69c2a2b7c782cce9999c26555b6bc9af9e382e5e8f8e3fc285015d1b7?s=96&d=mm&r=g","contentUrl":"https:\/\/secure.gravatar.com\/avatar\/133ba1b69c2a2b7c782cce9999c26555b6bc9af9e382e5e8f8e3fc285015d1b7?s=96&d=mm&r=g","caption":"Mariela Laksman"},"description":"Image and Sound Designer, Integral Audiovisual and Journalistic Producer, writer, and teacher. I started working when I was very young; Since 2001, I was a producer for different television programs, documentary films, radio, and generating creative content for different organizations and companies. I won the award: \"Nuevo Sudaca Border\" with the microfiction book \"Un Tigre con la Boca Abierta\", for Eloisa Cartonera Editorial. I am passionate about telling stories and writing.","url":"https:\/\/orato.world\/es\/author\/mariela-laksman\/"}]}},"modified_by":null,"uagb_featured_image_src":{"full":["https:\/\/orato.world\/wp-content\/uploads\/albino-person-2-1.jpg",1280,960,false],"thumbnail":["https:\/\/orato.world\/wp-content\/uploads\/albino-person-2-1-100x100.jpg",100,100,true],"medium":["https:\/\/orato.world\/wp-content\/uploads\/albino-person-2-1-300x225.jpg",300,225,true],"medium_large":["https:\/\/orato.world\/wp-content\/uploads\/albino-person-2-1-770x578.jpg",640,480,true],"large":["https:\/\/orato.world\/wp-content\/uploads\/albino-person-2-1-1024x768.jpg",640,480,true],"1536x1536":["https:\/\/orato.world\/wp-content\/uploads\/albino-person-2-1.jpg",1280,960,false],"2048x2048":["https:\/\/orato.world\/wp-content\/uploads\/albino-person-2-1.jpg",1280,960,false],"gallery-size":["https:\/\/orato.world\/wp-content\/uploads\/albino-person-2-1-533x400.jpg",533,400,true],"lets-review-360-240":["https:\/\/orato.world\/wp-content\/uploads\/albino-person-2-1-360x240.jpg",360,240,true],"gform-image-choice-sm":["https:\/\/orato.world\/wp-content\/uploads\/albino-person-2-1.jpg",300,225,false],"gform-image-choice-md":["https:\/\/orato.world\/wp-content\/uploads\/albino-person-2-1.jpg",400,300,false],"gform-image-choice-lg":["https:\/\/orato.world\/wp-content\/uploads\/albino-person-2-1.jpg",600,450,false],"awsm_team":["https:\/\/orato.world\/wp-content\/uploads\/albino-person-2-1-500x500.jpg",500,500,true]},"uagb_author_info":{"display_name":"Mariela Laksman","author_link":"https:\/\/orato.world\/es\/author\/mariela-laksman\/"},"uagb_comment_info":0,"uagb_excerpt":"Nadie se hizo amigo m\u00edo en la escuela. En cambio, los ni\u00f1os me escup\u00edan, me ridiculizaban y me insultaban con nombres hirientes.","_links":{"self":[{"href":"https:\/\/orato.world\/es\/wp-json\/wp\/v2\/posts\/96467","targetHints":{"allow":["GET"]}}],"collection":[{"href":"https:\/\/orato.world\/es\/wp-json\/wp\/v2\/posts"}],"about":[{"href":"https:\/\/orato.world\/es\/wp-json\/wp\/v2\/types\/post"}],"author":[{"embeddable":true,"href":"https:\/\/orato.world\/es\/wp-json\/wp\/v2\/users\/28"}],"replies":[{"embeddable":true,"href":"https:\/\/orato.world\/es\/wp-json\/wp\/v2\/comments?post=96467"}],"version-history":[{"count":1,"href":"https:\/\/orato.world\/es\/wp-json\/wp\/v2\/posts\/96467\/revisions"}],"predecessor-version":[{"id":96468,"href":"https:\/\/orato.world\/es\/wp-json\/wp\/v2\/posts\/96467\/revisions\/96468"}],"wp:featuredmedia":[{"embeddable":true,"href":"https:\/\/orato.world\/es\/wp-json\/wp\/v2\/media\/96187"}],"wp:attachment":[{"href":"https:\/\/orato.world\/es\/wp-json\/wp\/v2\/media?parent=96467"}],"wp:term":[{"taxonomy":"category","embeddable":true,"href":"https:\/\/orato.world\/es\/wp-json\/wp\/v2\/categories?post=96467"},{"taxonomy":"post_tag","embeddable":true,"href":"https:\/\/orato.world\/es\/wp-json\/wp\/v2\/tags?post=96467"}],"curies":[{"name":"wp","href":"https:\/\/api.w.org\/{rel}","templated":true}]}}