{"id":98787,"date":"2024-10-21T03:00:00","date_gmt":"2024-10-21T10:00:00","guid":{"rendered":"https:\/\/orato.world\/2024\/10\/21\/tres-anos-despues-de-huir-de-kabul-una-fotografa-afgana-rehace-su-vida-en-paris-y-sigue-documentando-la-fuerza-de-las-mujeres\/"},"modified":"2024-11-07T09:29:34","modified_gmt":"2024-11-07T17:29:34","slug":"tres-anos-despues-de-huir-de-kabul-una-fotografa-afgana-rehace-su-vida-en-paris-y-sigue-documentando-la-fuerza-de-las-mujeres","status":"publish","type":"post","link":"https:\/\/orato.world\/es\/2024\/10\/21\/tres-anos-despues-de-huir-de-kabul-una-fotografa-afgana-rehace-su-vida-en-paris-y-sigue-documentando-la-fuerza-de-las-mujeres\/","title":{"rendered":"Tres a\u00f1os despu\u00e9s de huir de Kabul, una fot\u00f3grafa afgana rehace su vida en Par\u00eds y sigue documentando la fuerza de las mujeres"},"content":{"rendered":"<div class=\"lets-info-up-wrap  lets-info-up--right lets-info-up--m-1 lets-info-up-skin-1 lets-info-up--side\">\t\t\t<div class=\"lets-info-up\">\r\n\t\t\t<div class=\"lets-info-up-fi\"><img loading=\"lazy\" decoding=\"async\" width=\"500\" height=\"500\" src=\"https:\/\/orato.world\/wp-content\/uploads\/Fatimah-500x500.png\" class=\"attachment-lets-info-up-d1 size-lets-info-up-d1\" alt=\"Acclaimed Afghan artist. | Photo courtesy of Fatimah Hossaini\" srcset=\"https:\/\/orato.world\/wp-content\/uploads\/Fatimah-500x500.png 500w, https:\/\/orato.world\/wp-content\/uploads\/Fatimah-300x300.png 300w, https:\/\/orato.world\/wp-content\/uploads\/Fatimah-1024x1024.png 1024w, https:\/\/orato.world\/wp-content\/uploads\/Fatimah-100x100.png 100w, https:\/\/orato.world\/wp-content\/uploads\/Fatimah-770x770.png 770w, https:\/\/orato.world\/wp-content\/uploads\/Fatimah-400x400.png 400w, https:\/\/orato.world\/wp-content\/uploads\/Fatimah-150x150.png 150w, https:\/\/orato.world\/wp-content\/uploads\/Fatimah-70x70.png 70w, https:\/\/orato.world\/wp-content\/uploads\/Fatimah-293x293.png 293w, https:\/\/orato.world\/wp-content\/uploads\/Fatimah.png 1080w\" sizes=\"auto, (max-width: 500px) 100vw, 500px\" \/><\/div>\t\t\t<div class=\"lets-info-up-block-wrap\">\r\n\t\t\t\t<div class=\"lets-info-up-block lets-info-up-meta-block\"><div class=\"lets-info-up-meta-title lets-info-up-pretitle font-h\">notas del periodista<\/div><\/div><div class=\"lets-info-up-block lets-info-up-meta-block\"><div class=\"lets-info-up-meta-title lets-info-up-pretitle font-h\">Protagonista<\/div><div class=\"lets-info-up-meta-content lets-info-up-title font-b\">Fatimah Hossaini, de 31 a\u00f1os, es una aclamada artista afgana, fot\u00f3grafa galardonada y fundadora de la Organizaci\u00f3n Mastooraat. Galardonada con el prestigioso Premio Internacional Hypatia, es reconocida mundialmente por sus contribuciones al arte y la investigaci\u00f3n. En 2022, el Foro de Mujeres Francesas la nombr\u00f3 embajadora de talentos emergentes y de la juventud.  <br><br>Fatimah es licenciada en Fotograf\u00eda por la Universidad de Teher\u00e1n, tras licenciarse en Ingenier\u00eda Industrial. Es becaria 2024-2025 en la New School de Nueva York y artista residente en la Elizabeth Foundation for the Arts. Antigua profesora de la Universidad de Kabul, aboga por los derechos de las mujeres y los refugiados a trav\u00e9s de su arte, que explora la identidad y la feminidad, en particular la experiencia afgana. Su obra se ha expuesto internacionalmente en Europa, Asia y Estados Unidos.   <\/div><\/div><div class=\"lets-info-up-block lets-info-up-meta-block\"><div class=\"lets-info-up-meta-title lets-info-up-pretitle font-h\">Contexto<\/div><div class=\"lets-info-up-meta-content lets-info-up-title font-b\">Tras los atentados de 2001 contra las Torres Gemelas, Estados Unidos invadi\u00f3 Afganist\u00e1n para derrocar al r\u00e9gimen talib\u00e1n, en el poder desde 1996 con el apoyo inicial de Estados Unidos para combatir a la URSS. La invasi\u00f3n dio lugar a un conflicto de 20 a\u00f1os que se cobr\u00f3 unas 241.000 vidas, tanto por los combates como por el hambre y las enfermedades resultantes. <br><br>En 2021, tras la retirada de las tropas internacionales, los talibanes recuperaron el control de Afganist\u00e1n. Desde entonces, las condiciones han empeorado, especialmente para las mujeres y los grupos que se oponen al r\u00e9gimen, que se enfrentan a detenciones arbitrarias, torturas y ejecuciones. Los medios de comunicaci\u00f3n han cesado su actividad, y las ONG internacionales se han visto obligadas a abandonar el pa\u00eds. <a href=\"https:\/\/www.ondacero.es\/noticias\/mundo\/tres-anos-gobierno-taliban-afganistan-mujeres-son-principales-victimas_2024081566bdab751dd44000014e1274.html\">M\u00e1s informaci\u00f3n<\/a>.  <\/div><\/div>\t\t\t<\/div>\r\n\t\t\t<\/div>\r\n\t\t<\/div>\r\n\t\t\n<p>PAR\u00cdS, Francia &#8211; Mis abuelos huyeron de Afganist\u00e1n durante la guerra sovi\u00e9tica. Nac\u00ed en Ir\u00e1n, donde sufr\u00ed discriminaci\u00f3n por mi identidad afgana a pesar de destacar en la escuela. Esta experiencia despert\u00f3 en m\u00ed el deseo de reencontrarme con mis ra\u00edces. Aunque mis padres quer\u00edan que fuera ingeniero, estudi\u00e9 fotograf\u00eda en la Universidad de Teher\u00e1n.   <\/p>\n\n<p>Hace tres a\u00f1os, despu\u00e9s de que los talibanes tomaran el poder en Afganist\u00e1n, ped\u00ed asilo en Francia. Ahora trabajo en un proyecto que documenta la resistencia de las mujeres a lo largo de la Ruta de la Seda, empezando por Afganist\u00e1n y Am\u00e9rica Central. <\/p>\n\n<p><em><strong><a href=\"https:\/\/orato.world\/category\/conflict\/\">Lea m\u00e1s historias de conflictos en Orato World Media.<\/a><\/strong><\/em><\/p>\n\n<h2 class=\"wp-block-heading\" id=\"h-reconnecting-with-my-homeland-and-determined-to-return\"><strong>Reconectando con mi tierra natal y decidida a volver<\/strong><\/h2>\n\n<p>De adolescente me encantaba pintar, pero nunca imagin\u00e9 que podr\u00eda hacer carrera con el arte. Estudi\u00e9 ingenier\u00eda industrial para cumplir el sue\u00f1o de mis padres. Aunque destacaba en matem\u00e1ticas, solicit\u00e9 y obtuve una beca para estudiar fotograf\u00eda en la Universidad de Teher\u00e1n. Al principio encontr\u00e9 oposici\u00f3n, pero persever\u00e9 y desarroll\u00e9 mi pasi\u00f3n. A trav\u00e9s de la fotograf\u00eda, me convert\u00ed en un narrador de historias, capturando momentos fugaces.    <\/p>\n\n<p>En 2015, mientras estudiaba en la Universidad de Teher\u00e1n, visit\u00e9 Afganist\u00e1n por primera vez. All\u00ed volv\u00ed a conectar con mi tierra natal y decid\u00ed regresar. Mientras crec\u00eda, mis padres y abuelos me contaban historias sobre el Afganist\u00e1n que ellos conoc\u00edan, pero ver la resistencia y la belleza de las mujeres afganas de primera mano me impact\u00f3 profundamente. Me sent\u00ed obligada a cuestionar la oscura imagen de las mujeres afganas en los medios de comunicaci\u00f3n, lo que me llev\u00f3 a crear mi proyecto Belleza en medio de la guerra, que celebra su fuerza, resistencia y belleza.   <\/p>\n\n<p>Llevar a cabo el proyecto entre Afganist\u00e1n e Ir\u00e1n supuso todo un reto. A pesar de su proximidad, la condici\u00f3n de la mujer en Kabul, incluso durante la Rep\u00fablica, difer\u00eda enormemente de la de la mujer iran\u00ed. A menudo ten\u00eda que pedir la aprobaci\u00f3n de maridos, t\u00edos o hermanos, ya que algunas fotograf\u00edas se consideraban inapropiadas. La mayor\u00eda de las mujeres cuyas im\u00e1genes pod\u00eda publicar eran artistas, actrices o m\u00fasicas. Estaban m\u00e1s abiertas a la exposici\u00f3n p\u00fablica. Tras completar mis estudios de fotograf\u00eda en la Universidad de Teher\u00e1n, recib\u00ed una oferta para un puesto en la Universidad de Kabul y me traslad\u00e9 all\u00ed en 2018.     <\/p>\n\n<h2 class=\"wp-block-heading\" id=\"h-capturing-the-true-afghanistan-woman\"><strong>Capturando a la verdadera mujer afgana<\/strong><\/h2>\n\n<p>En 2015, cuando visit\u00e9 por primera vez el departamento de arte de la Universidad de Kabul, vi pocas mujeres en el campus. Sin embargo, en 2018, cuando empec\u00e9 a dar clases all\u00ed, las estudiantes a menudo superaban en n\u00famero a los hombres, y muchas mujeres regentaban cafeter\u00edas en los alrededores de la universidad. El recuerdo de aquella \u00e9poca me parece especialmente tr\u00e1gico ahora, dada la represi\u00f3n de los talibanes contra las mujeres. La vida no era perfecta, pero hab\u00eda esperanza. En Kabul hab\u00eda animados espacios para debates pol\u00edticos, y en mis clases nadie llevaba velo. Experiment\u00e1bamos una sensaci\u00f3n de libertad, a pesar de los problemas de seguridad.     <\/p>\n\n<p>Durante este tiempo, tambi\u00e9n fund\u00e9 mi organizaci\u00f3n Mastoorat, que promueve la participaci\u00f3n de las mujeres en el arte dentro de Afganist\u00e1n. Cre\u00e9 la asociaci\u00f3n para animar a las mujeres a realizarse a trav\u00e9s del arte, ya que las mujeres, el arte y la m\u00fasica suelen ser las primeras v\u00edctimas de la guerra. Hoy, aunque intentamos continuar con nuestras actividades, hemos tenido que cerrar nuestras oficinas en Kabul.  <\/p>\n\n<p>Mi objetivo era captar a las mujeres afganas m\u00e1s all\u00e1 de los clich\u00e9s habituales de los medios de comunicaci\u00f3n, mostr\u00e1ndolas tal y como son en realidad. La nueva generaci\u00f3n afgana estaba impulsando un movimiento de arte, creatividad y esperanza. A pesar de las amenazas ocasionales a la seguridad, la vida parec\u00eda relativamente normal y disfrut\u00e1bamos de una sensaci\u00f3n de libertad.  <\/p>\n\n<p>Al fotografiar a estas mujeres, surgi\u00f3 una hermandad en la que me vi reflejada en sus historias, historias que a menudo reflejaban las m\u00edas. A pesar de las enormes dificultades, mantuvieron su fuerza, sus valores y su feminidad. Bajo la Rep\u00fablica, siguieron estudiando y rompieron las normas patriarcales, pero tras el ascenso de los talibanes, muchas tuvieron que dejarlo todo. Mi propia vida estaba al borde del cambio.    <\/p>\n\n<h2 class=\"wp-block-heading\" id=\"h-taliban-s-rise-unable-to-accept-that-it-was-truly-happening\"><strong>Ascenso de los talibanes: \u00abincapaces de aceptar que estaba ocurriendo de verdad\u00bb<\/strong><\/h2>\n\n<p>En abril de 2021, cuando Joe Biden confirm\u00f3 la retirada de las tropas estadounidenses, los insurgentes talibanes intensificaron sus ataques. En mayo, un coche bomba frente a una escuela de Kabul mat\u00f3 a m\u00e1s de 60 personas, en su mayor\u00eda colegialas, marcando un punto de inflexi\u00f3n en la seguridad. Durante esos meses, perd\u00ed a dos amigos periodistas, y mi madre me llamaba a diario, inst\u00e1ndome a tomar diferentes rutas para volver a casa por mi seguridad. Hab\u00eda vivido los d\u00edas m\u00e1s brillantes y me sent\u00eda obligada a permanecer en los m\u00e1s oscuros.   <\/p>\n\n<p>Ten\u00eda un visado estadounidense, que me serv\u00eda de red de seguridad. Antes de mi exposici\u00f3n en Estados Unidos, pens\u00e9: \u00abSi pasa lo peor, puedo irme\u00bb. En agosto de 2021, cuando los talibanes tomaron ciudades como Herat, Kandahar y Mazar-i-Sharif, un amigo me inst\u00f3 a reservar mi vuelo a Estados Unidos de inmediato, advirti\u00e9ndome de que pronto no habr\u00eda vuelos comerciales.  <\/p>\n\n<p>Me sent\u00eda paralizada, incapaz de aceptar que realmente estaba ocurriendo. Mis abuelos me hab\u00edan contado historias de personas atrapadas en Afganist\u00e1n durante los a\u00f1os del comunismo, incluso las que ten\u00edan visado. Ahora era incapaz de comprender que yo pudiera correr la misma suerte.  <\/p>\n\n<p>La noche antes de la ca\u00edda de Kabul en agosto, dije con confianza a la CNN que los talibanes nunca recuperar\u00edan la ciudad, animada por la esperanza que llevaban las mujeres afganas. Aquella tarde compart\u00ed un t\u00e9 con unos amigos, sin saber que ser\u00eda la \u00faltima vez que estar\u00edamos juntos. A la ma\u00f1ana siguiente, me apresur\u00e9 a reservar un vuelo a Estados Unidos, pero mientras recorr\u00eda las calles, mi taxista me advirti\u00f3: \u00abLos talibanes est\u00e1n a las puertas de Kabul\u00bb. Sus palabras me hicieron darme cuenta de que la situaci\u00f3n era innegable.   <\/p>\n\n<h2 class=\"wp-block-heading\" id=\"h-the-fall-of-kabul-two-days-i-isolated-myself-paralyzed-with-fear\"><strong>La ca\u00edda de Kabul: \u00abdos d\u00edas aislada, paralizada por el miedo\u00bb<\/strong><\/h2>\n\n<p>Cuando volv\u00ed a casa, vi a combatientes talibanes en moto, ondeando banderas, d\u00e1ndome cuenta de que se estaba produciendo el colapso. A las pocas horas, empec\u00e9 a recibir amenazas de los talibanes, exigi\u00e9ndome que dejara mi trabajo y criticando todo lo que defend\u00eda. Inmediatamente me encerr\u00e9 en mi piso, llam\u00e9 a embajadas para pedir ayuda e intent\u00e9 averiguar c\u00f3mo pod\u00eda escapar.  <\/p>\n\n<p>Durante dos d\u00edas me aisl\u00e9, paralizada por el miedo. Cuando por fin llegu\u00e9 al aeropuerto, el caos que se desat\u00f3 no se parec\u00eda a nada que pudiera haber imaginado. Un conocido de la PBS me ayud\u00f3 a desenvolverme, pero todo parec\u00eda una pesadilla apocal\u00edptica mientras el p\u00e1nico y la confusi\u00f3n se extend\u00edan entre la multitud.  <\/p>\n\n<p>Al d\u00eda siguiente, me enter\u00e9 de que los talibanes estaban cazando activamente a periodistas y activistas. Un amigo me advirti\u00f3 que borrara mis redes sociales y me escondiera. Recog\u00ed mis cosas esenciales, prepar\u00e9 una peque\u00f1a bolsa y me escond\u00ed en casa de un amigo. Tras varios d\u00edas aterradores de incertidumbre, regres\u00e9 al aeropuerto de Kabul con otros miles de afganos desesperados. El caos era insoportable: madres que abandonaban a sus hijos, amantes que se separaban, todos dispuestos a arriesgarlo todo para escapar.    <\/p>\n\n<p>Tras pasar por siete controles talibanes, llegu\u00e9 a la secci\u00f3n comercial del aeropuerto. All\u00ed, la gente hac\u00eda cola, esperando desesperadamente asilo. Entre el caos, vi incluso a varios pol\u00edticos y artistas afganos conocidos. La escena me pareci\u00f3 totalmente surrealista, ver c\u00f3mo tantos sue\u00f1os se convert\u00edan en pura desesperaci\u00f3n mientras yo me un\u00eda a la fila que buscaba asilo en Estados Unidos.   <\/p>\n\n<p>De repente, me di cuenta de hasta qu\u00e9 punto la sociedad francesa valora a los artistas. As\u00ed que grit\u00e9: \u00ab\u00a1Ll\u00e9venme! Soy un artista\u00bb, y entonces me trasladaron de la fila americana a la francesa. El embajador franc\u00e9s, que hab\u00eda visto mis exposiciones en Kabul, me salud\u00f3 calurosamente, prometi\u00e9ndome: \u00abSer\u00e1 bienvenida en Par\u00eds\u00bb.  <\/p>\n\n<h2 class=\"wp-block-heading\" id=\"h-leaving-kabul-behind-feeling-a-mix-of-relief-and-heartbreak\"><strong>Dejando atr\u00e1s Kabul, sintiendo una mezcla de alivio y angustia<\/strong><\/h2>\n\n<p>Horas m\u00e1s tarde, vol\u00e9 a Francia, sintiendo una mezcla de alivio y angustia. Desprenderme de mi identidad afgana me dej\u00f3 desorientada, despert\u00e1ndome en Par\u00eds con una profunda sensaci\u00f3n de p\u00e9rdida. Dejar Afganist\u00e1n fue angustioso. Hac\u00eda tiempo que so\u00f1aba con visitar la patria de mis abuelos, y en 2015 por fin lo hice, enamor\u00e1ndome del pa\u00eds y volviendo a conectar con mis ra\u00edces.    <\/p>\n\n<p>Durante a\u00f1os, captur\u00e9 im\u00e1genes de las mujeres \u00abinvisibles\u00bb, con sus rostros al descubierto y envueltas en vibrantes telas, un proyecto que pens\u00e9 que quedar\u00eda incompleto. En Par\u00eds, replante\u00e9 la serie: \u00bfpor qu\u00e9 no terminarla con retratos de mujeres como yo? El exilio no borra la identidad, y vi esto como una forma de honrar la cultura afgana ahora silenciada por los talibanes.  <\/p>\n\n<p>Ampli\u00e9 el proyecto incluyendo a mujeres que huyeron de Afganist\u00e1n en 2021, como Aqila Rezai, antigua estrella de cine que ahora se siente como un \u00abalma muerta\u00bb en Burdeos, y Shegofa Ibrahimi, actriz de teatro que huy\u00f3 con tan s\u00f3lo un vestido hecho por su madre. Otras son Anarkali Kaur Honaryar, m\u00e9dica y parlamentaria sij, y Atefeh Amini, artista que escap\u00f3 con sus lienzos y ahora pinta en Lille para procesar su trauma. <\/p>\n\n<p>He dedicado mi trabajo a captar la rica diversidad de Afganist\u00e1n, desde las distintas etnias hasta los distintos atuendos tradicionales de cada provincia. Este proyecto se centra en el rostro, resaltando su individualidad y su fuerza. Desde el regreso de los talibanes, la serie ha adquirido un nuevo significado, preservando expresiones culturales que ahora corren el riesgo de desaparecer. El rostro de una mujer cuenta una historia, incluso en silencio. Sigue siendo surrealista.    <\/p>\n\n<h2 class=\"wp-block-heading\" id=\"h-new-beginnings-in-paris-focusing-on-women-in-conflict-zones\"><strong>Nuevos comienzos en Par\u00eds: atenci\u00f3n a las mujeres en zonas de conflicto<\/strong><\/h2>\n\n<p>Cuando llegu\u00e9 a Par\u00eds, reaccion\u00e9 en estado de shock. Tard\u00e9 meses en asimilarlo. No conoc\u00eda a nadie ni hablaba franc\u00e9s, pero encontr\u00e9 una comunidad acogedora. Par\u00eds me ofreci\u00f3 una plataforma para continuar mi trabajo art\u00edstico, especialmente destacando las historias de las mujeres afganas. Me encanta Par\u00eds, un lugar que podr\u00eda convertirse f\u00e1cilmente en mi hogar.    <\/p>\n\n<p>A\u00fan as\u00ed, echo mucho de menos Afganist\u00e1n: cocinar con amigos, las monta\u00f1as del Hindu Kush y lugares hist\u00f3ricos como Bamiy\u00e1n y la ciudadela de Herat. Echo de menos los tonos anaranjados, los peces de r\u00edo y cada rinc\u00f3n de mi patria. S\u00e9 que alg\u00fan d\u00eda volver\u00e9: no es s\u00f3lo un sue\u00f1o, sino una cuesti\u00f3n de circunstancias. Cuando llegue el momento, estar\u00e9 preparada.   <\/p>\n\n<p>Hace poco empec\u00e9 un nuevo proyecto en Nueva York, centrado en las mujeres a lo largo de la Ruta de la Seda. Empec\u00e9 con historias de las fronteras de Afganist\u00e1n y Centroam\u00e9rica y viajar\u00e9 por Sudam\u00e9rica, los pa\u00edses \u00e1rabes y el norte de \u00c1frica. Mi objetivo es documentar la resistencia y la capacidad de recuperaci\u00f3n de las mujeres de estas regiones. Las mujeres siempre han ocupado un lugar central en mi trabajo. En las zonas de conflicto, la gente suele pasarlas por alto. Al destacarlas, pretendo mostrar su belleza, su fuerza y sus historias.     <\/p>\n","protected":false},"excerpt":{"rendered":"<p>Durante dos d\u00edas me aisl\u00e9, paralizada por el miedo. Cuando por fin llegu\u00e9 al aeropuerto, el caos que se desat\u00f3 no se parec\u00eda a nada que pudiera haber imaginado. Un conocido de la PBS me ayud\u00f3 a desenvolverme en la escena, pero todo parec\u00eda una pesadilla apocal\u00edptica mientras el p\u00e1nico y la confusi\u00f3n se extend\u00edan entre la multitud. Al d\u00eda siguiente, me enter\u00e9 de que los talibanes estaban cazando activamente a periodistas y activistas.   <\/p>\n","protected":false},"author":28,"featured_media":98342,"comment_status":"open","ping_status":"open","sticky":false,"template":"","format":"standard","meta":{"_acf_changed":false,"_uag_custom_page_level_css":"","_lmt_disableupdate":"","_lmt_disable":"","footnotes":""},"categories":[1617,260,874],"tags":[1789,3637,866,8862,4347,1689,9605,5335,1790],"class_list":["post-98787","post","type-post","status-publish","format-standard","has-post-thumbnail","hentry","category-arte-y-cultura-es","category-conflicto","category-crimen-y-corrupcion-es","tag-afghanistan-es","tag-asia-russia-es","tag-derechos-de-la-mujer","tag-empoderamiento-de-la-mujer","tag-francia","tag-mujeres","tag-mujeres-afganas","tag-paris-es-2","tag-taliban-es"],"acf":[],"yoast_head":"<!-- This site is optimized with the Yoast SEO Premium plugin v27.5 (Yoast SEO v27.5) - https:\/\/yoast.com\/product\/yoast-seo-premium-wordpress\/ -->\n<title>Tres a\u00f1os despu\u00e9s de huir de Kabul, una afgana reconstruye su vida<\/title>\n<meta name=\"description\" content=\"Tres a\u00f1os despu\u00e9s de huir de Kabul, una fot\u00f3grafa afgana rehace su vida en Par\u00eds y sigue documentando la fuerza de las mujeres\" \/>\n<meta name=\"robots\" content=\"index, follow, max-snippet:-1, max-image-preview:large, max-video-preview:-1\" \/>\n<link rel=\"canonical\" href=\"https:\/\/orato.world\/es\/2024\/10\/21\/tres-anos-despues-de-huir-de-kabul-una-fotografa-afgana-rehace-su-vida-en-paris-y-sigue-documentando-la-fuerza-de-las-mujeres\/\" \/>\n<meta property=\"og:locale\" content=\"es_ES\" \/>\n<meta property=\"og:type\" content=\"article\" \/>\n<meta property=\"og:title\" content=\"Tres a\u00f1os despu\u00e9s de huir de Kabul, una fot\u00f3grafa afgana rehace su vida en Par\u00eds y sigue documentando la fuerza de las mujeres\" \/>\n<meta property=\"og:description\" content=\"Tres a\u00f1os despu\u00e9s de huir de Kabul, una fot\u00f3grafa afgana rehace su vida en Par\u00eds y sigue documentando la fuerza de las mujeres\" \/>\n<meta property=\"og:url\" content=\"https:\/\/orato.world\/es\/2024\/10\/21\/tres-anos-despues-de-huir-de-kabul-una-fotografa-afgana-rehace-su-vida-en-paris-y-sigue-documentando-la-fuerza-de-las-mujeres\/\" \/>\n<meta property=\"og:site_name\" content=\"Orato\" \/>\n<meta property=\"article:publisher\" content=\"https:\/\/www.facebook.com\/OratoWorld\/\" \/>\n<meta property=\"article:published_time\" content=\"2024-10-21T10:00:00+00:00\" \/>\n<meta property=\"article:modified_time\" content=\"2024-11-07T17:29:34+00:00\" \/>\n<meta property=\"og:image\" content=\"https:\/\/orato.world\/wp-content\/uploads\/Fatimah-Hosaini.png\" \/>\n\t<meta property=\"og:image:width\" content=\"1280\" \/>\n\t<meta property=\"og:image:height\" content=\"960\" \/>\n\t<meta property=\"og:image:type\" content=\"image\/png\" \/>\n<meta name=\"author\" content=\"Mariela Laksman\" \/>\n<meta name=\"twitter:card\" content=\"summary_large_image\" \/>\n<meta name=\"twitter:creator\" content=\"@oratoworld\" \/>\n<meta name=\"twitter:site\" content=\"@oratoworld\" \/>\n<meta name=\"twitter:label1\" content=\"Escrito por\" \/>\n\t<meta name=\"twitter:data1\" content=\"Mariela Laksman\" \/>\n\t<meta name=\"twitter:label2\" content=\"Tiempo de lectura\" \/>\n\t<meta name=\"twitter:data2\" content=\"10 minutos\" \/>\n<script type=\"application\/ld+json\" class=\"yoast-schema-graph\">{\"@context\":\"https:\\\/\\\/schema.org\",\"@graph\":[{\"@type\":\"NewsArticle\",\"@id\":\"https:\\\/\\\/orato.world\\\/es\\\/2024\\\/10\\\/21\\\/tres-anos-despues-de-huir-de-kabul-una-fotografa-afgana-rehace-su-vida-en-paris-y-sigue-documentando-la-fuerza-de-las-mujeres\\\/#article\",\"isPartOf\":{\"@id\":\"https:\\\/\\\/orato.world\\\/es\\\/2024\\\/10\\\/21\\\/tres-anos-despues-de-huir-de-kabul-una-fotografa-afgana-rehace-su-vida-en-paris-y-sigue-documentando-la-fuerza-de-las-mujeres\\\/\"},\"author\":{\"name\":\"Mariela Laksman\",\"@id\":\"https:\\\/\\\/orato.world\\\/es\\\/#\\\/schema\\\/person\\\/d4a4a9a63551641850068c20e93613a5\"},\"headline\":\"Tres a\u00f1os despu\u00e9s de huir de Kabul, una fot\u00f3grafa afgana rehace su vida en Par\u00eds y sigue documentando la fuerza de las mujeres\",\"datePublished\":\"2024-10-21T10:00:00+00:00\",\"dateModified\":\"2024-11-07T17:29:34+00:00\",\"mainEntityOfPage\":{\"@id\":\"https:\\\/\\\/orato.world\\\/es\\\/2024\\\/10\\\/21\\\/tres-anos-despues-de-huir-de-kabul-una-fotografa-afgana-rehace-su-vida-en-paris-y-sigue-documentando-la-fuerza-de-las-mujeres\\\/\"},\"wordCount\":2014,\"commentCount\":0,\"publisher\":{\"@id\":\"https:\\\/\\\/orato.world\\\/es\\\/#organization\"},\"image\":{\"@id\":\"https:\\\/\\\/orato.world\\\/es\\\/2024\\\/10\\\/21\\\/tres-anos-despues-de-huir-de-kabul-una-fotografa-afgana-rehace-su-vida-en-paris-y-sigue-documentando-la-fuerza-de-las-mujeres\\\/#primaryimage\"},\"thumbnailUrl\":\"https:\\\/\\\/orato.world\\\/wp-content\\\/uploads\\\/Fatimah-Hosaini.png\",\"keywords\":[\"Afghanistan\",\"Asia &amp; Russia\",\"Derechos de la mujer\",\"empoderamiento de la mujer\",\"Francia\",\"Mujeres\",\"Mujeres afganas\",\"Paris\",\"Taliban\"],\"articleSection\":[\"Arte y Cultura\",\"Conflicto\",\"Crimen y corrupci\u00f3n\"],\"inLanguage\":\"es\",\"potentialAction\":[{\"@type\":\"CommentAction\",\"name\":\"Comment\",\"target\":[\"https:\\\/\\\/orato.world\\\/es\\\/2024\\\/10\\\/21\\\/tres-anos-despues-de-huir-de-kabul-una-fotografa-afgana-rehace-su-vida-en-paris-y-sigue-documentando-la-fuerza-de-las-mujeres\\\/#respond\"]}]},{\"@type\":\"WebPage\",\"@id\":\"https:\\\/\\\/orato.world\\\/es\\\/2024\\\/10\\\/21\\\/tres-anos-despues-de-huir-de-kabul-una-fotografa-afgana-rehace-su-vida-en-paris-y-sigue-documentando-la-fuerza-de-las-mujeres\\\/\",\"url\":\"https:\\\/\\\/orato.world\\\/es\\\/2024\\\/10\\\/21\\\/tres-anos-despues-de-huir-de-kabul-una-fotografa-afgana-rehace-su-vida-en-paris-y-sigue-documentando-la-fuerza-de-las-mujeres\\\/\",\"name\":\"Tres a\u00f1os despu\u00e9s de huir de Kabul, una afgana reconstruye su vida\",\"isPartOf\":{\"@id\":\"https:\\\/\\\/orato.world\\\/es\\\/#website\"},\"primaryImageOfPage\":{\"@id\":\"https:\\\/\\\/orato.world\\\/es\\\/2024\\\/10\\\/21\\\/tres-anos-despues-de-huir-de-kabul-una-fotografa-afgana-rehace-su-vida-en-paris-y-sigue-documentando-la-fuerza-de-las-mujeres\\\/#primaryimage\"},\"image\":{\"@id\":\"https:\\\/\\\/orato.world\\\/es\\\/2024\\\/10\\\/21\\\/tres-anos-despues-de-huir-de-kabul-una-fotografa-afgana-rehace-su-vida-en-paris-y-sigue-documentando-la-fuerza-de-las-mujeres\\\/#primaryimage\"},\"thumbnailUrl\":\"https:\\\/\\\/orato.world\\\/wp-content\\\/uploads\\\/Fatimah-Hosaini.png\",\"datePublished\":\"2024-10-21T10:00:00+00:00\",\"dateModified\":\"2024-11-07T17:29:34+00:00\",\"description\":\"Tres a\u00f1os despu\u00e9s de huir de Kabul, una fot\u00f3grafa afgana rehace su vida en Par\u00eds y sigue documentando la fuerza de las mujeres\",\"breadcrumb\":{\"@id\":\"https:\\\/\\\/orato.world\\\/es\\\/2024\\\/10\\\/21\\\/tres-anos-despues-de-huir-de-kabul-una-fotografa-afgana-rehace-su-vida-en-paris-y-sigue-documentando-la-fuerza-de-las-mujeres\\\/#breadcrumb\"},\"inLanguage\":\"es\",\"potentialAction\":[{\"@type\":\"ReadAction\",\"target\":[\"https:\\\/\\\/orato.world\\\/es\\\/2024\\\/10\\\/21\\\/tres-anos-despues-de-huir-de-kabul-una-fotografa-afgana-rehace-su-vida-en-paris-y-sigue-documentando-la-fuerza-de-las-mujeres\\\/\"]}]},{\"@type\":\"ImageObject\",\"inLanguage\":\"es\",\"@id\":\"https:\\\/\\\/orato.world\\\/es\\\/2024\\\/10\\\/21\\\/tres-anos-despues-de-huir-de-kabul-una-fotografa-afgana-rehace-su-vida-en-paris-y-sigue-documentando-la-fuerza-de-las-mujeres\\\/#primaryimage\",\"url\":\"https:\\\/\\\/orato.world\\\/wp-content\\\/uploads\\\/Fatimah-Hosaini.png\",\"contentUrl\":\"https:\\\/\\\/orato.world\\\/wp-content\\\/uploads\\\/Fatimah-Hosaini.png\",\"width\":1280,\"height\":960,\"caption\":\"Fatimah Hossaini in white, her profile emphasizing her. | Photo courtesy of Fatimah Hossaini.\"},{\"@type\":\"BreadcrumbList\",\"@id\":\"https:\\\/\\\/orato.world\\\/es\\\/2024\\\/10\\\/21\\\/tres-anos-despues-de-huir-de-kabul-una-fotografa-afgana-rehace-su-vida-en-paris-y-sigue-documentando-la-fuerza-de-las-mujeres\\\/#breadcrumb\",\"itemListElement\":[{\"@type\":\"ListItem\",\"position\":1,\"name\":\"Home\",\"item\":\"https:\\\/\\\/orato.world\\\/es\\\/\"},{\"@type\":\"ListItem\",\"position\":2,\"name\":\"Tres a\u00f1os despu\u00e9s de huir de Kabul, una fot\u00f3grafa afgana rehace su vida en Par\u00eds y sigue documentando la fuerza de las mujeres\"}]},{\"@type\":\"WebSite\",\"@id\":\"https:\\\/\\\/orato.world\\\/es\\\/#website\",\"url\":\"https:\\\/\\\/orato.world\\\/es\\\/\",\"name\":\"Orato\",\"description\":\"True Stories. Real People\",\"publisher\":{\"@id\":\"https:\\\/\\\/orato.world\\\/es\\\/#organization\"},\"potentialAction\":[{\"@type\":\"SearchAction\",\"target\":{\"@type\":\"EntryPoint\",\"urlTemplate\":\"https:\\\/\\\/orato.world\\\/es\\\/?s={search_term_string}\"},\"query-input\":{\"@type\":\"PropertyValueSpecification\",\"valueRequired\":true,\"valueName\":\"search_term_string\"}}],\"inLanguage\":\"es\"},{\"@type\":\"Organization\",\"@id\":\"https:\\\/\\\/orato.world\\\/es\\\/#organization\",\"name\":\"Orato World Media Inc.\",\"url\":\"https:\\\/\\\/orato.world\\\/es\\\/\",\"logo\":{\"@type\":\"ImageObject\",\"inLanguage\":\"es\",\"@id\":\"https:\\\/\\\/orato.world\\\/es\\\/#\\\/schema\\\/logo\\\/image\\\/\",\"url\":\"https:\\\/\\\/orato.world\\\/wp-content\\\/uploads\\\/2020\\\/07\\\/orato-logo-transparent.png\",\"contentUrl\":\"https:\\\/\\\/orato.world\\\/wp-content\\\/uploads\\\/2020\\\/07\\\/orato-logo-transparent.png\",\"width\":78,\"height\":73,\"caption\":\"Orato World Media Inc.\"},\"image\":{\"@id\":\"https:\\\/\\\/orato.world\\\/es\\\/#\\\/schema\\\/logo\\\/image\\\/\"},\"sameAs\":[\"https:\\\/\\\/www.facebook.com\\\/OratoWorld\\\/\",\"https:\\\/\\\/x.com\\\/oratoworld\",\"https:\\\/\\\/www.instagram.com\\\/oratoworld\",\"https:\\\/\\\/www.linkedin.com\\\/company\\\/42308818\\\/\"]},{\"@type\":\"Person\",\"@id\":\"https:\\\/\\\/orato.world\\\/es\\\/#\\\/schema\\\/person\\\/d4a4a9a63551641850068c20e93613a5\",\"name\":\"Mariela Laksman\",\"image\":{\"@type\":\"ImageObject\",\"inLanguage\":\"es\",\"@id\":\"https:\\\/\\\/secure.gravatar.com\\\/avatar\\\/133ba1b69c2a2b7c782cce9999c26555b6bc9af9e382e5e8f8e3fc285015d1b7?s=96&d=mm&r=g\",\"url\":\"https:\\\/\\\/secure.gravatar.com\\\/avatar\\\/133ba1b69c2a2b7c782cce9999c26555b6bc9af9e382e5e8f8e3fc285015d1b7?s=96&d=mm&r=g\",\"contentUrl\":\"https:\\\/\\\/secure.gravatar.com\\\/avatar\\\/133ba1b69c2a2b7c782cce9999c26555b6bc9af9e382e5e8f8e3fc285015d1b7?s=96&d=mm&r=g\",\"caption\":\"Mariela Laksman\"},\"description\":\"Image and Sound Designer, Integral Audiovisual and Journalistic Producer, writer, and teacher. I started working when I was very young; Since 2001, I was a producer for different television programs, documentary films, radio, and generating creative content for different organizations and companies. I won the award: \\\"Nuevo Sudaca Border\\\" with the microfiction book \\\"Un Tigre con la Boca Abierta\\\", for Eloisa Cartonera Editorial. I am passionate about telling stories and writing.\",\"url\":\"https:\\\/\\\/orato.world\\\/es\\\/author\\\/mariela-laksman\\\/\"}]}<\/script>\n<!-- \/ Yoast SEO Premium plugin. -->","yoast_head_json":{"title":"Tres a\u00f1os despu\u00e9s de huir de Kabul, una afgana reconstruye su vida","description":"Tres a\u00f1os despu\u00e9s de huir de Kabul, una fot\u00f3grafa afgana rehace su vida en Par\u00eds y sigue documentando la fuerza de las mujeres","robots":{"index":"index","follow":"follow","max-snippet":"max-snippet:-1","max-image-preview":"max-image-preview:large","max-video-preview":"max-video-preview:-1"},"canonical":"https:\/\/orato.world\/es\/2024\/10\/21\/tres-anos-despues-de-huir-de-kabul-una-fotografa-afgana-rehace-su-vida-en-paris-y-sigue-documentando-la-fuerza-de-las-mujeres\/","og_locale":"es_ES","og_type":"article","og_title":"Tres a\u00f1os despu\u00e9s de huir de Kabul, una fot\u00f3grafa afgana rehace su vida en Par\u00eds y sigue documentando la fuerza de las mujeres","og_description":"Tres a\u00f1os despu\u00e9s de huir de Kabul, una fot\u00f3grafa afgana rehace su vida en Par\u00eds y sigue documentando la fuerza de las mujeres","og_url":"https:\/\/orato.world\/es\/2024\/10\/21\/tres-anos-despues-de-huir-de-kabul-una-fotografa-afgana-rehace-su-vida-en-paris-y-sigue-documentando-la-fuerza-de-las-mujeres\/","og_site_name":"Orato","article_publisher":"https:\/\/www.facebook.com\/OratoWorld\/","article_published_time":"2024-10-21T10:00:00+00:00","article_modified_time":"2024-11-07T17:29:34+00:00","og_image":[{"width":1280,"height":960,"url":"https:\/\/orato.world\/wp-content\/uploads\/Fatimah-Hosaini.png","type":"image\/png"}],"author":"Mariela Laksman","twitter_card":"summary_large_image","twitter_creator":"@oratoworld","twitter_site":"@oratoworld","twitter_misc":{"Escrito por":"Mariela Laksman","Tiempo de lectura":"10 minutos"},"schema":{"@context":"https:\/\/schema.org","@graph":[{"@type":"NewsArticle","@id":"https:\/\/orato.world\/es\/2024\/10\/21\/tres-anos-despues-de-huir-de-kabul-una-fotografa-afgana-rehace-su-vida-en-paris-y-sigue-documentando-la-fuerza-de-las-mujeres\/#article","isPartOf":{"@id":"https:\/\/orato.world\/es\/2024\/10\/21\/tres-anos-despues-de-huir-de-kabul-una-fotografa-afgana-rehace-su-vida-en-paris-y-sigue-documentando-la-fuerza-de-las-mujeres\/"},"author":{"name":"Mariela Laksman","@id":"https:\/\/orato.world\/es\/#\/schema\/person\/d4a4a9a63551641850068c20e93613a5"},"headline":"Tres a\u00f1os despu\u00e9s de huir de Kabul, una fot\u00f3grafa afgana rehace su vida en Par\u00eds y sigue documentando la fuerza de las mujeres","datePublished":"2024-10-21T10:00:00+00:00","dateModified":"2024-11-07T17:29:34+00:00","mainEntityOfPage":{"@id":"https:\/\/orato.world\/es\/2024\/10\/21\/tres-anos-despues-de-huir-de-kabul-una-fotografa-afgana-rehace-su-vida-en-paris-y-sigue-documentando-la-fuerza-de-las-mujeres\/"},"wordCount":2014,"commentCount":0,"publisher":{"@id":"https:\/\/orato.world\/es\/#organization"},"image":{"@id":"https:\/\/orato.world\/es\/2024\/10\/21\/tres-anos-despues-de-huir-de-kabul-una-fotografa-afgana-rehace-su-vida-en-paris-y-sigue-documentando-la-fuerza-de-las-mujeres\/#primaryimage"},"thumbnailUrl":"https:\/\/orato.world\/wp-content\/uploads\/Fatimah-Hosaini.png","keywords":["Afghanistan","Asia &amp; Russia","Derechos de la mujer","empoderamiento de la mujer","Francia","Mujeres","Mujeres afganas","Paris","Taliban"],"articleSection":["Arte y Cultura","Conflicto","Crimen y corrupci\u00f3n"],"inLanguage":"es","potentialAction":[{"@type":"CommentAction","name":"Comment","target":["https:\/\/orato.world\/es\/2024\/10\/21\/tres-anos-despues-de-huir-de-kabul-una-fotografa-afgana-rehace-su-vida-en-paris-y-sigue-documentando-la-fuerza-de-las-mujeres\/#respond"]}]},{"@type":"WebPage","@id":"https:\/\/orato.world\/es\/2024\/10\/21\/tres-anos-despues-de-huir-de-kabul-una-fotografa-afgana-rehace-su-vida-en-paris-y-sigue-documentando-la-fuerza-de-las-mujeres\/","url":"https:\/\/orato.world\/es\/2024\/10\/21\/tres-anos-despues-de-huir-de-kabul-una-fotografa-afgana-rehace-su-vida-en-paris-y-sigue-documentando-la-fuerza-de-las-mujeres\/","name":"Tres a\u00f1os despu\u00e9s de huir de Kabul, una afgana reconstruye su vida","isPartOf":{"@id":"https:\/\/orato.world\/es\/#website"},"primaryImageOfPage":{"@id":"https:\/\/orato.world\/es\/2024\/10\/21\/tres-anos-despues-de-huir-de-kabul-una-fotografa-afgana-rehace-su-vida-en-paris-y-sigue-documentando-la-fuerza-de-las-mujeres\/#primaryimage"},"image":{"@id":"https:\/\/orato.world\/es\/2024\/10\/21\/tres-anos-despues-de-huir-de-kabul-una-fotografa-afgana-rehace-su-vida-en-paris-y-sigue-documentando-la-fuerza-de-las-mujeres\/#primaryimage"},"thumbnailUrl":"https:\/\/orato.world\/wp-content\/uploads\/Fatimah-Hosaini.png","datePublished":"2024-10-21T10:00:00+00:00","dateModified":"2024-11-07T17:29:34+00:00","description":"Tres a\u00f1os despu\u00e9s de huir de Kabul, una fot\u00f3grafa afgana rehace su vida en Par\u00eds y sigue documentando la fuerza de las mujeres","breadcrumb":{"@id":"https:\/\/orato.world\/es\/2024\/10\/21\/tres-anos-despues-de-huir-de-kabul-una-fotografa-afgana-rehace-su-vida-en-paris-y-sigue-documentando-la-fuerza-de-las-mujeres\/#breadcrumb"},"inLanguage":"es","potentialAction":[{"@type":"ReadAction","target":["https:\/\/orato.world\/es\/2024\/10\/21\/tres-anos-despues-de-huir-de-kabul-una-fotografa-afgana-rehace-su-vida-en-paris-y-sigue-documentando-la-fuerza-de-las-mujeres\/"]}]},{"@type":"ImageObject","inLanguage":"es","@id":"https:\/\/orato.world\/es\/2024\/10\/21\/tres-anos-despues-de-huir-de-kabul-una-fotografa-afgana-rehace-su-vida-en-paris-y-sigue-documentando-la-fuerza-de-las-mujeres\/#primaryimage","url":"https:\/\/orato.world\/wp-content\/uploads\/Fatimah-Hosaini.png","contentUrl":"https:\/\/orato.world\/wp-content\/uploads\/Fatimah-Hosaini.png","width":1280,"height":960,"caption":"Fatimah Hossaini in white, her profile emphasizing her. | Photo courtesy of Fatimah Hossaini."},{"@type":"BreadcrumbList","@id":"https:\/\/orato.world\/es\/2024\/10\/21\/tres-anos-despues-de-huir-de-kabul-una-fotografa-afgana-rehace-su-vida-en-paris-y-sigue-documentando-la-fuerza-de-las-mujeres\/#breadcrumb","itemListElement":[{"@type":"ListItem","position":1,"name":"Home","item":"https:\/\/orato.world\/es\/"},{"@type":"ListItem","position":2,"name":"Tres a\u00f1os despu\u00e9s de huir de Kabul, una fot\u00f3grafa afgana rehace su vida en Par\u00eds y sigue documentando la fuerza de las mujeres"}]},{"@type":"WebSite","@id":"https:\/\/orato.world\/es\/#website","url":"https:\/\/orato.world\/es\/","name":"Orato","description":"True Stories. Real People","publisher":{"@id":"https:\/\/orato.world\/es\/#organization"},"potentialAction":[{"@type":"SearchAction","target":{"@type":"EntryPoint","urlTemplate":"https:\/\/orato.world\/es\/?s={search_term_string}"},"query-input":{"@type":"PropertyValueSpecification","valueRequired":true,"valueName":"search_term_string"}}],"inLanguage":"es"},{"@type":"Organization","@id":"https:\/\/orato.world\/es\/#organization","name":"Orato World Media Inc.","url":"https:\/\/orato.world\/es\/","logo":{"@type":"ImageObject","inLanguage":"es","@id":"https:\/\/orato.world\/es\/#\/schema\/logo\/image\/","url":"https:\/\/orato.world\/wp-content\/uploads\/2020\/07\/orato-logo-transparent.png","contentUrl":"https:\/\/orato.world\/wp-content\/uploads\/2020\/07\/orato-logo-transparent.png","width":78,"height":73,"caption":"Orato World Media Inc."},"image":{"@id":"https:\/\/orato.world\/es\/#\/schema\/logo\/image\/"},"sameAs":["https:\/\/www.facebook.com\/OratoWorld\/","https:\/\/x.com\/oratoworld","https:\/\/www.instagram.com\/oratoworld","https:\/\/www.linkedin.com\/company\/42308818\/"]},{"@type":"Person","@id":"https:\/\/orato.world\/es\/#\/schema\/person\/d4a4a9a63551641850068c20e93613a5","name":"Mariela Laksman","image":{"@type":"ImageObject","inLanguage":"es","@id":"https:\/\/secure.gravatar.com\/avatar\/133ba1b69c2a2b7c782cce9999c26555b6bc9af9e382e5e8f8e3fc285015d1b7?s=96&d=mm&r=g","url":"https:\/\/secure.gravatar.com\/avatar\/133ba1b69c2a2b7c782cce9999c26555b6bc9af9e382e5e8f8e3fc285015d1b7?s=96&d=mm&r=g","contentUrl":"https:\/\/secure.gravatar.com\/avatar\/133ba1b69c2a2b7c782cce9999c26555b6bc9af9e382e5e8f8e3fc285015d1b7?s=96&d=mm&r=g","caption":"Mariela Laksman"},"description":"Image and Sound Designer, Integral Audiovisual and Journalistic Producer, writer, and teacher. I started working when I was very young; Since 2001, I was a producer for different television programs, documentary films, radio, and generating creative content for different organizations and companies. I won the award: \"Nuevo Sudaca Border\" with the microfiction book \"Un Tigre con la Boca Abierta\", for Eloisa Cartonera Editorial. I am passionate about telling stories and writing.","url":"https:\/\/orato.world\/es\/author\/mariela-laksman\/"}]}},"modified_by":null,"uagb_featured_image_src":{"full":["https:\/\/orato.world\/wp-content\/uploads\/Fatimah-Hosaini.png",1280,960,false],"thumbnail":["https:\/\/orato.world\/wp-content\/uploads\/Fatimah-Hosaini-100x100.png",100,100,true],"medium":["https:\/\/orato.world\/wp-content\/uploads\/Fatimah-Hosaini-300x225.png",300,225,true],"medium_large":["https:\/\/orato.world\/wp-content\/uploads\/Fatimah-Hosaini-770x578.png",640,480,true],"large":["https:\/\/orato.world\/wp-content\/uploads\/Fatimah-Hosaini-1024x768.png",640,480,true],"1536x1536":["https:\/\/orato.world\/wp-content\/uploads\/Fatimah-Hosaini.png",1280,960,false],"2048x2048":["https:\/\/orato.world\/wp-content\/uploads\/Fatimah-Hosaini.png",1280,960,false],"gallery-size":["https:\/\/orato.world\/wp-content\/uploads\/Fatimah-Hosaini-533x400.png",533,400,true],"lets-review-360-240":["https:\/\/orato.world\/wp-content\/uploads\/Fatimah-Hosaini-360x240.png",360,240,true],"gform-image-choice-sm":["https:\/\/orato.world\/wp-content\/uploads\/Fatimah-Hosaini.png",300,225,false],"gform-image-choice-md":["https:\/\/orato.world\/wp-content\/uploads\/Fatimah-Hosaini.png",400,300,false],"gform-image-choice-lg":["https:\/\/orato.world\/wp-content\/uploads\/Fatimah-Hosaini.png",600,450,false],"awsm_team":["https:\/\/orato.world\/wp-content\/uploads\/Fatimah-Hosaini-500x500.png",500,500,true]},"uagb_author_info":{"display_name":"Mariela Laksman","author_link":"https:\/\/orato.world\/es\/author\/mariela-laksman\/"},"uagb_comment_info":0,"uagb_excerpt":"Durante dos d\u00edas me aisl\u00e9, paralizada por el miedo. Cuando por fin llegu\u00e9 al aeropuerto, el caos que se desat\u00f3 no se parec\u00eda a nada que pudiera haber imaginado. Un conocido de la PBS me ayud\u00f3 a desenvolverme en la escena, pero todo parec\u00eda una pesadilla apocal\u00edptica mientras el p\u00e1nico y la confusi\u00f3n se extend\u00edan&hellip;","_links":{"self":[{"href":"https:\/\/orato.world\/es\/wp-json\/wp\/v2\/posts\/98787","targetHints":{"allow":["GET"]}}],"collection":[{"href":"https:\/\/orato.world\/es\/wp-json\/wp\/v2\/posts"}],"about":[{"href":"https:\/\/orato.world\/es\/wp-json\/wp\/v2\/types\/post"}],"author":[{"embeddable":true,"href":"https:\/\/orato.world\/es\/wp-json\/wp\/v2\/users\/28"}],"replies":[{"embeddable":true,"href":"https:\/\/orato.world\/es\/wp-json\/wp\/v2\/comments?post=98787"}],"version-history":[{"count":3,"href":"https:\/\/orato.world\/es\/wp-json\/wp\/v2\/posts\/98787\/revisions"}],"predecessor-version":[{"id":99777,"href":"https:\/\/orato.world\/es\/wp-json\/wp\/v2\/posts\/98787\/revisions\/99777"}],"wp:featuredmedia":[{"embeddable":true,"href":"https:\/\/orato.world\/es\/wp-json\/wp\/v2\/media\/98342"}],"wp:attachment":[{"href":"https:\/\/orato.world\/es\/wp-json\/wp\/v2\/media?parent=98787"}],"wp:term":[{"taxonomy":"category","embeddable":true,"href":"https:\/\/orato.world\/es\/wp-json\/wp\/v2\/categories?post=98787"},{"taxonomy":"post_tag","embeddable":true,"href":"https:\/\/orato.world\/es\/wp-json\/wp\/v2\/tags?post=98787"}],"curies":[{"name":"wp","href":"https:\/\/api.w.org\/{rel}","templated":true}]}}